{"id":83514,"date":"2025-05-10T10:47:34","date_gmt":"2025-05-10T08:47:34","guid":{"rendered":"https:\/\/now-news.de\/de\/deutschland\/pakistan-beginnt-militaeroperation-gegen-indien\/"},"modified":"2025-05-10T10:47:34","modified_gmt":"2025-05-10T08:47:34","slug":"pakistan-beginnt-militaeroperation-gegen-indien","status":"publish","type":"post","link":"https:\/\/now-news.de\/de\/deutschland\/pakistan-beginnt-militaeroperation-gegen-indien\/","title":{"rendered":"Pakistan beginnt Milit\u00e4roperation gegen Indien"},"content":{"rendered":"<p><img decoding=\"async\" src=\"https:\/\/now-news.de\/de\/wp-content\/uploads\/sites\/3\/2025\/05\/681f0a4cb480cc130d471fac.jpg\" \/><\/p>\n<div class=\"Text-root Text-type_1 \">\n                Der Konflikt zwischen Indien und Pakistan spitzt sich weiter zu. Als Reaktion auf Angriffe der indischen Streitkr\u00e4fte hat Islamabad am Samstagmorgen den Beginn einer Milit\u00e4roperation gegen das Nachbarland verk\u00fcndet. Neu-Delhi beobachtet, wie der Gegner seine Truppen verlegt.\n            <\/div>\n<p><\/p>\n<div class=\"Text-root Text-type_5 ArticleView-text ViewText-root \">\n<p>Pakistan hat am fr\u00fchen Samstagmorgen verlautbart, eine Milit\u00e4roperation gegen Indien gestartet zu haben. Islamabad rechtfertigte den Schritt damit, dass Neu-Delhi zuvor Raketen auf pakistanische Milit\u00e4rst\u00fctzpunkte abgefeuert habe. Der Gro\u00dfteil der Flugk\u00f6rper sei abgefangen worden. Durch herabfallende Wrackteile seien nur geringf\u00fcgige Sch\u00e4den entstanden. Als Reaktion auf die Aggression seien mehrere milit\u00e4rische Einrichtungen in Indien getroffen worden.<\/p>\n<p>Die pakistanischen Streitkr\u00e4fte gaben ihrem Kampfeinsatz den Namen Bunyan-ul Marsoos. Auf der Plattform X verbreiteten sie mehrere Aufnahmen, die den Start von Raketen zeigten.<\/p>\n<div class=\"EmbedBlock-root EmbedBlock-twitter\">\n<div class=\"TwitterEmbed\">\n<blockquote class=\"twitter-tweet lazyload\" data-twitter=\"twitter-tweet\">\n<p lang=\"ca\" dir=\"ltr\">\ud83d\udea8OPERATION BUNYAN UN MARSOOS UPDATE\u0622\u067e\u0631\u06cc\u0634\u0646 \u0628\u064f\u0646\u0652\u064a\u064e\u0627\u0646\u064c \u0645\u064e\u0651\u0631\u0652\u0635\u064f\u0648\u0652\u0635 (\u0622\u06c1\u0646\u06cc \u062f\u06cc\u0648\u0627\u0631)\u0627\u067e\u0688\u06cc\u0679In the early hours of the morning India&#8217;s Bathinda air base was destroyed <a rel=\"nofollow noopener\" target=\"_blank\" href=\"https:\/\/t.co\/rFeGxXa10o\">pic.twitter.com\/rFeGxXa10o<\/a><\/p>\n<p>\u2014 Pakistan Armed Forces News \ud83c\uddf5\ud83c\uddf0 (@PakistanFauj) <a rel=\"nofollow noopener\" target=\"_blank\" href=\"https:\/\/twitter.com\/PakistanFauj\/status\/1921050942243258537?ref_src=twsrc%5Etfw\">May 10, 2025<\/a><\/p><\/blockquote>\n<\/div>\n<\/div>\n<p>Mit anderen Videos veranschaulichte das pakistanische Milit\u00e4r angebliche Folgen seiner Attacken auf Ziele im Nachbarland.<\/p>\n<div class=\"EmbedBlock-root EmbedBlock-twitter\">\n<div class=\"TwitterEmbed\">\n<blockquote class=\"twitter-tweet lazyload\" data-twitter=\"twitter-tweet\">\n<p lang=\"ca\" dir=\"ltr\">\ud83d\udea8OPERATION BUNYAN UN MARSOOS UPDATE\u0622\u067e\u0631\u06cc\u0634\u0646 \u0628\u064f\u0646\u0652\u064a\u064e\u0627\u0646\u064c \u0645\u064e\u0651\u0631\u0652\u0635\u064f\u0648\u0652\u0635 (\u0622\u06c1\u0646\u06cc \u062f\u06cc\u0648\u0627\u0631)\u0627\u067e\u0688\u06cc\u0679<a rel=\"nofollow noopener\" target=\"_blank\" href=\"https:\/\/twitter.com\/hashtag\/Pakistan?src=hash&amp;ref_src=twsrc%5Etfw\">#Pakistan<\/a>&#8216;s retaliatory response to India\/ Several Indian posts completely destroyed<a rel=\"nofollow noopener\" target=\"_blank\" href=\"https:\/\/twitter.com\/hashtag\/PakistanIndianWar?src=hash&amp;ref_src=twsrc%5Etfw\">#PakistanIndianWar<\/a><a rel=\"nofollow noopener\" target=\"_blank\" href=\"https:\/\/twitter.com\/hashtag\/PakistanArmy?src=hash&amp;ref_src=twsrc%5Etfw\">#PakistanArmy<\/a>Pakistan Army completely destroyed Rabtanwali Post, Dinha Post, Khawaja\u2026 <a rel=\"nofollow noopener\" target=\"_blank\" href=\"https:\/\/t.co\/BECAQBBNzv\">pic.twitter.com\/BECAQBBNzv<\/a><\/p>\n<p>\u2014 Pakistan Armed Forces News \ud83c\uddf5\ud83c\uddf0 (@PakistanFauj) <a rel=\"nofollow noopener\" target=\"_blank\" href=\"https:\/\/twitter.com\/PakistanFauj\/status\/1921063794467377367?ref_src=twsrc%5Etfw\">May 10, 2025<\/a><\/p><\/blockquote>\n<\/div>\n<\/div>\n<p>Seinerseits best\u00e4tigte Indien neue pakistanische Angriffe auf seine Grenzregionen. Die einheimischen Streitkr\u00e4fte sprachen von einer &#8220;eklatanten Eskalation&#8221;. Man beobachte, wie die pakistanische Armee ihre Einheiten in vorgelagerte Gebiete verlege. Dies deute auf eine offensive Absicht hin. Die \u00f6rtliche Polizei sprach von mindestens f\u00fcnf Todesopfern infolge der pakistanischen Attacken.<\/p>\n<p>Die Spannungen zwischen den beiden asiatischen Atomm\u00e4chten hatten sich gef\u00e4hrlich zugespitzt, als bewaffnete Angreifer am 22. April auf einer Bergwiese in einem Urlaubsgebiet der indischen Region Kaschmir 26 Menschen get\u00f6tet hatten. Die Regierung in Neu-Delhi warf dem Nachbarstaat eine Beteiligung vor. Am Dienstag gew\u00e4hrte der indische Premierminister Narendra Modi seiner Armee &#8220;vollkommene operative Freiheit&#8221;, um auf den Terrorangriff zu reagieren. Die Regierung in Islamabad wies jegliche Verantwortung f\u00fcr das Attentat zur\u00fcck. Am Mittwoch bombardierte Indien mehrere Ziele in Pakistan. Das Nachbarland antwortete mit Artilleriefeuer. Seitdem wurden mindestens 50 Menschen get\u00f6tet.\u00a0<\/p>\n<p>Wegen der Kampfhandlungen forderte die Weltgemeinschaft die beiden L\u00e4nder zur Deeskalation auf. So riefen die Au\u00dfenminister der G7-Staaten Indien und Pakistan zur &#8220;h\u00f6chsten Zur\u00fcckhaltung&#8221; auf. Sie appellierten an beide Seiten, im Sinne einer friedlichen L\u00f6sung in einen direkten Dialog zu treten. US-Au\u00dfenminister Marco Rubio bot die Unterst\u00fctzung der USA bei der Aufnahme von Gespr\u00e4chen an, um k\u00fcnftige Konflikte zu vermeiden.<\/p>\n<p><strong>Mehr zum Thema<\/strong>\u00a0\u2012 <a rel=\"nofollow noopener\" target=\"_blank\" href=\"https:\/\/freedert.online\/international\/244500-us-beamte-pakistans-jet-aus\/\">US-Beamte: Pakistans Jet aus chinesischer Produktion schie\u00dft zwei indische Kampfflugzeuge ab<\/a><\/p>\n<\/p>\n<\/div>\n<p><script async src=\"https:\/\/platform.twitter.com\/widgets.js\" charset=\"utf-8\"><\/script><br \/>\n<br \/><br \/>\n<br \/><a href=\"https:\/\/de.rt.com\/asien\/244572-pakistan-beginnt-militaeroperation-gegen-indien\/\">Source link <\/a><\/p>\n","protected":false},"excerpt":{"rendered":"<p>Der Konflikt zwischen Indien und Pakistan spitzt sich weiter zu. Als Reaktion auf Angriffe der indischen Streitkr\u00e4fte hat Islamabad am Samstagmorgen den Beginn einer Milit\u00e4roperation gegen das Nachbarland verk\u00fcndet. Neu-Delhi beobachtet, wie der Gegner seine Truppen verlegt. Pakistan hat am fr\u00fchen Samstagmorgen verlautbart, eine Milit\u00e4roperation gegen Indien gestartet zu haben. Islamabad rechtfertigte den Schritt damit, [&hellip;]<\/p>\n","protected":false},"author":3,"featured_media":83515,"comment_status":"open","ping_status":"open","sticky":false,"template":"","format":"standard","meta":{"_yoast_indexnow_last_ping":["1746867186"],"wp_automatic_camp":["217"],"10dfb06709e8150042c49a9095020359":["Pakistan beginnt Milit\u00e4roperation gegen Indien"],"original_link":["https:\/\/de.rt.com\/asien\/244572-pakistan-beginnt-militaeroperation-gegen-indien\/"],"_thumbnail_id":["83515"],"jnews_social_counter_last_update":["1777360610"],"_wptgpro_p2tg_sent2tg":["a:1:{i:23737;s:19:\"2025-05-10 10:54:06\";}"]},"categories":[19,23],"tags":[490,278,356,277,1787],"yoast_head":"<!-- This site is optimized with the Yoast SEO Premium plugin v22.7 (Yoast SEO v22.7) - https:\/\/yoast.com\/wordpress\/plugins\/seo\/ -->\n<title>Pakistan beginnt Milit\u00e4roperation gegen Indien - just-now.NEWS Deutschland<\/title>\n<meta name=\"robots\" content=\"index, follow, max-snippet:-1, max-image-preview:large, max-video-preview:-1\" \/>\n<link rel=\"canonical\" href=\"https:\/\/now-news.de\/de\/deutschland\/pakistan-beginnt-militaeroperation-gegen-indien\/\" \/>\n<meta property=\"og:locale\" content=\"de_DE\" \/>\n<meta property=\"og:type\" content=\"article\" \/>\n<meta property=\"og:title\" content=\"Pakistan beginnt Milit\u00e4roperation gegen Indien\" \/>\n<meta property=\"og:description\" content=\"Der Konflikt zwischen Indien und Pakistan spitzt sich weiter zu. Als Reaktion auf Angriffe der indischen Streitkr\u00e4fte hat Islamabad am Samstagmorgen den Beginn einer Milit\u00e4roperation gegen das Nachbarland verk\u00fcndet. Neu-Delhi beobachtet, wie der Gegner seine Truppen verlegt. Pakistan hat am fr\u00fchen Samstagmorgen verlautbart, eine Milit\u00e4roperation gegen Indien gestartet zu haben. Islamabad rechtfertigte den Schritt damit, [&hellip;]\" \/>\n<meta property=\"og:url\" content=\"https:\/\/now-news.de\/de\/deutschland\/pakistan-beginnt-militaeroperation-gegen-indien\/\" \/>\n<meta property=\"og:site_name\" content=\"just-now.NEWS Deutschland\" \/>\n<meta property=\"article:publisher\" content=\"https:\/\/www.facebook.com\/wirmachenauf\" \/>\n<meta property=\"article:published_time\" content=\"2025-05-10T08:47:34+00:00\" \/>\n<meta property=\"og:image\" content=\"https:\/\/now-news.de\/de\/wp-content\/uploads\/sites\/3\/2025\/05\/681f0a4cb480cc130d471fac.jpg\" \/>\n<meta name=\"author\" content=\"rtnews\" \/>\n<meta name=\"twitter:card\" content=\"summary_large_image\" \/>\n<meta name=\"twitter:creator\" content=\"@WirMachenAuf_de\" \/>\n<meta name=\"twitter:site\" content=\"@WirMachenAuf_de\" \/>\n<meta name=\"twitter:label1\" content=\"Verfasst von\" \/>\n\t<meta name=\"twitter:data1\" content=\"rtnews\" \/>\n\t<meta name=\"twitter:label2\" content=\"Gesch\u00e4tzte Lesezeit\" \/>\n\t<meta name=\"twitter:data2\" content=\"2\u00a0Minuten\" \/>\n<script type=\"application\/ld+json\" class=\"yoast-schema-graph\">{\"@context\":\"https:\/\/schema.org\",\"@graph\":[{\"@type\":\"Article\",\"@id\":\"https:\/\/now-news.de\/de\/deutschland\/pakistan-beginnt-militaeroperation-gegen-indien\/#article\",\"isPartOf\":{\"@id\":\"https:\/\/now-news.de\/de\/deutschland\/pakistan-beginnt-militaeroperation-gegen-indien\/\"},\"author\":{\"name\":\"rtnews\",\"@id\":\"https:\/\/now-news.de\/de\/#\/schema\/person\/fb534a4e865501d8b3285208df34a9b5\"},\"headline\":\"Pakistan beginnt Milit\u00e4roperation gegen Indien\",\"datePublished\":\"2025-05-10T08:47:34+00:00\",\"dateModified\":\"2025-05-10T08:47:34+00:00\",\"mainEntityOfPage\":{\"@id\":\"https:\/\/now-news.de\/de\/deutschland\/pakistan-beginnt-militaeroperation-gegen-indien\/\"},\"wordCount\":450,\"commentCount\":0,\"publisher\":{\"@id\":\"https:\/\/now-news.de\/de\/#organization\"},\"image\":{\"@id\":\"https:\/\/now-news.de\/de\/deutschland\/pakistan-beginnt-militaeroperation-gegen-indien\/#primaryimage\"},\"thumbnailUrl\":\"https:\/\/now-news.de\/de\/wp-content\/uploads\/sites\/3\/2025\/05\/Pakistan-beginnt-Militaeroperation-gegen-Indien.jpg\",\"keywords\":[\"beginnt\",\"gegen\",\"Indien\",\"Milit\u00e4roperation\",\"Pakistan\"],\"articleSection\":[\"Deutschland\",\"Russland\"],\"inLanguage\":\"de\",\"potentialAction\":[{\"@type\":\"CommentAction\",\"name\":\"Comment\",\"target\":[\"https:\/\/now-news.de\/de\/deutschland\/pakistan-beginnt-militaeroperation-gegen-indien\/#respond\"]}]},{\"@type\":\"WebPage\",\"@id\":\"https:\/\/now-news.de\/de\/deutschland\/pakistan-beginnt-militaeroperation-gegen-indien\/\",\"url\":\"https:\/\/now-news.de\/de\/deutschland\/pakistan-beginnt-militaeroperation-gegen-indien\/\",\"name\":\"Pakistan beginnt Milit\u00e4roperation gegen Indien - just-now.NEWS Deutschland\",\"isPartOf\":{\"@id\":\"https:\/\/now-news.de\/de\/#website\"},\"primaryImageOfPage\":{\"@id\":\"https:\/\/now-news.de\/de\/deutschland\/pakistan-beginnt-militaeroperation-gegen-indien\/#primaryimage\"},\"image\":{\"@id\":\"https:\/\/now-news.de\/de\/deutschland\/pakistan-beginnt-militaeroperation-gegen-indien\/#primaryimage\"},\"thumbnailUrl\":\"https:\/\/now-news.de\/de\/wp-content\/uploads\/sites\/3\/2025\/05\/Pakistan-beginnt-Militaeroperation-gegen-Indien.jpg\",\"datePublished\":\"2025-05-10T08:47:34+00:00\",\"dateModified\":\"2025-05-10T08:47:34+00:00\",\"breadcrumb\":{\"@id\":\"https:\/\/now-news.de\/de\/deutschland\/pakistan-beginnt-militaeroperation-gegen-indien\/#breadcrumb\"},\"inLanguage\":\"de\",\"potentialAction\":[{\"@type\":\"ReadAction\",\"target\":[\"https:\/\/now-news.de\/de\/deutschland\/pakistan-beginnt-militaeroperation-gegen-indien\/\"]}]},{\"@type\":\"ImageObject\",\"inLanguage\":\"de\",\"@id\":\"https:\/\/now-news.de\/de\/deutschland\/pakistan-beginnt-militaeroperation-gegen-indien\/#primaryimage\",\"url\":\"https:\/\/now-news.de\/de\/wp-content\/uploads\/sites\/3\/2025\/05\/Pakistan-beginnt-Militaeroperation-gegen-Indien.jpg\",\"contentUrl\":\"https:\/\/now-news.de\/de\/wp-content\/uploads\/sites\/3\/2025\/05\/Pakistan-beginnt-Militaeroperation-gegen-Indien.jpg\",\"width\":460,\"height\":259,\"caption\":\"Pakistan beginnt Milit\u00e4roperation gegen Indien\"},{\"@type\":\"BreadcrumbList\",\"@id\":\"https:\/\/now-news.de\/de\/deutschland\/pakistan-beginnt-militaeroperation-gegen-indien\/#breadcrumb\",\"itemListElement\":[{\"@type\":\"ListItem\",\"position\":1,\"name\":\"Home\",\"item\":\"https:\/\/now-news.de\/de\/\"},{\"@type\":\"ListItem\",\"position\":2,\"name\":\"Pakistan beginnt Milit\u00e4roperation gegen Indien\"}]},{\"@type\":\"WebSite\",\"@id\":\"https:\/\/now-news.de\/de\/#website\",\"url\":\"https:\/\/now-news.de\/de\/\",\"name\":\"just-now.NEWS Deutschland\",\"description\":\"Das Portal f\u00fcr unzensierte Nachrichten aus der Welt\",\"publisher\":{\"@id\":\"https:\/\/now-news.de\/de\/#organization\"},\"potentialAction\":[{\"@type\":\"SearchAction\",\"target\":{\"@type\":\"EntryPoint\",\"urlTemplate\":\"https:\/\/now-news.de\/de\/?s={search_term_string}\"},\"query-input\":\"required name=search_term_string\"}],\"inLanguage\":\"de\"},{\"@type\":\"Organization\",\"@id\":\"https:\/\/now-news.de\/de\/#organization\",\"name\":\"Just Now News\",\"url\":\"https:\/\/now-news.de\/de\/\",\"logo\":{\"@type\":\"ImageObject\",\"inLanguage\":\"de\",\"@id\":\"https:\/\/now-news.de\/de\/#\/schema\/logo\/image\/\",\"url\":\"http:\/\/just-now.news\/de\/wp-content\/uploads\/sites\/3\/2022\/04\/logo500x500.jpg\",\"contentUrl\":\"http:\/\/just-now.news\/de\/wp-content\/uploads\/sites\/3\/2022\/04\/logo500x500.jpg\",\"width\":500,\"height\":500,\"caption\":\"Just Now News\"},\"image\":{\"@id\":\"https:\/\/now-news.de\/de\/#\/schema\/logo\/image\/\"},\"sameAs\":[\"https:\/\/www.facebook.com\/wirmachenauf\",\"https:\/\/x.com\/WirMachenAuf_de\"]},{\"@type\":\"Person\",\"@id\":\"https:\/\/now-news.de\/de\/#\/schema\/person\/fb534a4e865501d8b3285208df34a9b5\",\"name\":\"rtnews\",\"image\":{\"@type\":\"ImageObject\",\"inLanguage\":\"de\",\"@id\":\"https:\/\/now-news.de\/de\/#\/schema\/person\/image\/\",\"url\":\"https:\/\/secure.gravatar.com\/avatar\/82aafea7d8127119dd649515f56e2117?s=96&d=mm&r=g\",\"contentUrl\":\"https:\/\/secure.gravatar.com\/avatar\/82aafea7d8127119dd649515f56e2117?s=96&d=mm&r=g\",\"caption\":\"rtnews\"},\"url\":\"https:\/\/now-news.de\/de\/author\/rnews\/\"}]}<\/script>\n<!-- \/ Yoast SEO Premium plugin. -->","yoast_head_json":{"title":"Pakistan beginnt Milit\u00e4roperation gegen Indien - just-now.NEWS Deutschland","robots":{"index":"index","follow":"follow","max-snippet":"max-snippet:-1","max-image-preview":"max-image-preview:large","max-video-preview":"max-video-preview:-1"},"canonical":"https:\/\/now-news.de\/de\/deutschland\/pakistan-beginnt-militaeroperation-gegen-indien\/","og_locale":"de_DE","og_type":"article","og_title":"Pakistan beginnt Milit\u00e4roperation gegen Indien","og_description":"Der Konflikt zwischen Indien und Pakistan spitzt sich weiter zu. Als Reaktion auf Angriffe der indischen Streitkr\u00e4fte hat Islamabad am Samstagmorgen den Beginn einer Milit\u00e4roperation gegen das Nachbarland verk\u00fcndet. Neu-Delhi beobachtet, wie der Gegner seine Truppen verlegt. Pakistan hat am fr\u00fchen Samstagmorgen verlautbart, eine Milit\u00e4roperation gegen Indien gestartet zu haben. Islamabad rechtfertigte den Schritt damit, [&hellip;]","og_url":"https:\/\/now-news.de\/de\/deutschland\/pakistan-beginnt-militaeroperation-gegen-indien\/","og_site_name":"just-now.NEWS Deutschland","article_publisher":"https:\/\/www.facebook.com\/wirmachenauf","article_published_time":"2025-05-10T08:47:34+00:00","og_image":[{"url":"https:\/\/now-news.de\/de\/wp-content\/uploads\/sites\/3\/2025\/05\/681f0a4cb480cc130d471fac.jpg"}],"author":"rtnews","twitter_card":"summary_large_image","twitter_creator":"@WirMachenAuf_de","twitter_site":"@WirMachenAuf_de","twitter_misc":{"Verfasst von":"rtnews","Gesch\u00e4tzte Lesezeit":"2\u00a0Minuten"},"schema":{"@context":"https:\/\/schema.org","@graph":[{"@type":"Article","@id":"https:\/\/now-news.de\/de\/deutschland\/pakistan-beginnt-militaeroperation-gegen-indien\/#article","isPartOf":{"@id":"https:\/\/now-news.de\/de\/deutschland\/pakistan-beginnt-militaeroperation-gegen-indien\/"},"author":{"name":"rtnews","@id":"https:\/\/now-news.de\/de\/#\/schema\/person\/fb534a4e865501d8b3285208df34a9b5"},"headline":"Pakistan beginnt Milit\u00e4roperation gegen Indien","datePublished":"2025-05-10T08:47:34+00:00","dateModified":"2025-05-10T08:47:34+00:00","mainEntityOfPage":{"@id":"https:\/\/now-news.de\/de\/deutschland\/pakistan-beginnt-militaeroperation-gegen-indien\/"},"wordCount":450,"commentCount":0,"publisher":{"@id":"https:\/\/now-news.de\/de\/#organization"},"image":{"@id":"https:\/\/now-news.de\/de\/deutschland\/pakistan-beginnt-militaeroperation-gegen-indien\/#primaryimage"},"thumbnailUrl":"https:\/\/now-news.de\/de\/wp-content\/uploads\/sites\/3\/2025\/05\/Pakistan-beginnt-Militaeroperation-gegen-Indien.jpg","keywords":["beginnt","gegen","Indien","Milit\u00e4roperation","Pakistan"],"articleSection":["Deutschland","Russland"],"inLanguage":"de","potentialAction":[{"@type":"CommentAction","name":"Comment","target":["https:\/\/now-news.de\/de\/deutschland\/pakistan-beginnt-militaeroperation-gegen-indien\/#respond"]}]},{"@type":"WebPage","@id":"https:\/\/now-news.de\/de\/deutschland\/pakistan-beginnt-militaeroperation-gegen-indien\/","url":"https:\/\/now-news.de\/de\/deutschland\/pakistan-beginnt-militaeroperation-gegen-indien\/","name":"Pakistan beginnt Milit\u00e4roperation gegen Indien - just-now.NEWS Deutschland","isPartOf":{"@id":"https:\/\/now-news.de\/de\/#website"},"primaryImageOfPage":{"@id":"https:\/\/now-news.de\/de\/deutschland\/pakistan-beginnt-militaeroperation-gegen-indien\/#primaryimage"},"image":{"@id":"https:\/\/now-news.de\/de\/deutschland\/pakistan-beginnt-militaeroperation-gegen-indien\/#primaryimage"},"thumbnailUrl":"https:\/\/now-news.de\/de\/wp-content\/uploads\/sites\/3\/2025\/05\/Pakistan-beginnt-Militaeroperation-gegen-Indien.jpg","datePublished":"2025-05-10T08:47:34+00:00","dateModified":"2025-05-10T08:47:34+00:00","breadcrumb":{"@id":"https:\/\/now-news.de\/de\/deutschland\/pakistan-beginnt-militaeroperation-gegen-indien\/#breadcrumb"},"inLanguage":"de","potentialAction":[{"@type":"ReadAction","target":["https:\/\/now-news.de\/de\/deutschland\/pakistan-beginnt-militaeroperation-gegen-indien\/"]}]},{"@type":"ImageObject","inLanguage":"de","@id":"https:\/\/now-news.de\/de\/deutschland\/pakistan-beginnt-militaeroperation-gegen-indien\/#primaryimage","url":"https:\/\/now-news.de\/de\/wp-content\/uploads\/sites\/3\/2025\/05\/Pakistan-beginnt-Militaeroperation-gegen-Indien.jpg","contentUrl":"https:\/\/now-news.de\/de\/wp-content\/uploads\/sites\/3\/2025\/05\/Pakistan-beginnt-Militaeroperation-gegen-Indien.jpg","width":460,"height":259,"caption":"Pakistan beginnt Milit\u00e4roperation gegen Indien"},{"@type":"BreadcrumbList","@id":"https:\/\/now-news.de\/de\/deutschland\/pakistan-beginnt-militaeroperation-gegen-indien\/#breadcrumb","itemListElement":[{"@type":"ListItem","position":1,"name":"Home","item":"https:\/\/now-news.de\/de\/"},{"@type":"ListItem","position":2,"name":"Pakistan beginnt Milit\u00e4roperation gegen Indien"}]},{"@type":"WebSite","@id":"https:\/\/now-news.de\/de\/#website","url":"https:\/\/now-news.de\/de\/","name":"just-now.NEWS Deutschland","description":"Das Portal f\u00fcr unzensierte Nachrichten aus der Welt","publisher":{"@id":"https:\/\/now-news.de\/de\/#organization"},"potentialAction":[{"@type":"SearchAction","target":{"@type":"EntryPoint","urlTemplate":"https:\/\/now-news.de\/de\/?s={search_term_string}"},"query-input":"required name=search_term_string"}],"inLanguage":"de"},{"@type":"Organization","@id":"https:\/\/now-news.de\/de\/#organization","name":"Just Now News","url":"https:\/\/now-news.de\/de\/","logo":{"@type":"ImageObject","inLanguage":"de","@id":"https:\/\/now-news.de\/de\/#\/schema\/logo\/image\/","url":"http:\/\/just-now.news\/de\/wp-content\/uploads\/sites\/3\/2022\/04\/logo500x500.jpg","contentUrl":"http:\/\/just-now.news\/de\/wp-content\/uploads\/sites\/3\/2022\/04\/logo500x500.jpg","width":500,"height":500,"caption":"Just Now News"},"image":{"@id":"https:\/\/now-news.de\/de\/#\/schema\/logo\/image\/"},"sameAs":["https:\/\/www.facebook.com\/wirmachenauf","https:\/\/x.com\/WirMachenAuf_de"]},{"@type":"Person","@id":"https:\/\/now-news.de\/de\/#\/schema\/person\/fb534a4e865501d8b3285208df34a9b5","name":"rtnews","image":{"@type":"ImageObject","inLanguage":"de","@id":"https:\/\/now-news.de\/de\/#\/schema\/person\/image\/","url":"https:\/\/secure.gravatar.com\/avatar\/82aafea7d8127119dd649515f56e2117?s=96&d=mm&r=g","contentUrl":"https:\/\/secure.gravatar.com\/avatar\/82aafea7d8127119dd649515f56e2117?s=96&d=mm&r=g","caption":"rtnews"},"url":"https:\/\/now-news.de\/de\/author\/rnews\/"}]}},"_links":{"self":[{"href":"https:\/\/now-news.de\/de\/wp-json\/wp\/v2\/posts\/83514"}],"collection":[{"href":"https:\/\/now-news.de\/de\/wp-json\/wp\/v2\/posts"}],"about":[{"href":"https:\/\/now-news.de\/de\/wp-json\/wp\/v2\/types\/post"}],"author":[{"embeddable":true,"href":"https:\/\/now-news.de\/de\/wp-json\/wp\/v2\/users\/3"}],"replies":[{"embeddable":true,"href":"https:\/\/now-news.de\/de\/wp-json\/wp\/v2\/comments?post=83514"}],"version-history":[{"count":0,"href":"https:\/\/now-news.de\/de\/wp-json\/wp\/v2\/posts\/83514\/revisions"}],"wp:featuredmedia":[{"embeddable":true,"href":"https:\/\/now-news.de\/de\/wp-json\/wp\/v2\/media\/83515"}],"wp:attachment":[{"href":"https:\/\/now-news.de\/de\/wp-json\/wp\/v2\/media?parent=83514"}],"wp:term":[{"taxonomy":"category","embeddable":true,"href":"https:\/\/now-news.de\/de\/wp-json\/wp\/v2\/categories?post=83514"},{"taxonomy":"post_tag","embeddable":true,"href":"https:\/\/now-news.de\/de\/wp-json\/wp\/v2\/tags?post=83514"}],"curies":[{"name":"wp","href":"https:\/\/api.w.org\/{rel}","templated":true}]}}