{"id":83512,"date":"2025-05-10T09:58:43","date_gmt":"2025-05-10T07:58:43","guid":{"rendered":"https:\/\/now-news.de\/de\/deutschland\/rumaenien-vor-der-zweiten-runde-praesidentschaftswahlen-zwischen-unterwerfung-und-rebellion\/"},"modified":"2025-05-10T09:58:43","modified_gmt":"2025-05-10T07:58:43","slug":"rumaenien-vor-der-zweiten-runde-praesidentschaftswahlen-zwischen-unterwerfung-und-rebellion","status":"publish","type":"post","link":"https:\/\/now-news.de\/de\/deutschland\/rumaenien-vor-der-zweiten-runde-praesidentschaftswahlen-zwischen-unterwerfung-und-rebellion\/","title":{"rendered":"Rum\u00e4nien vor der zweiten Runde: Pr\u00e4sidentschaftswahlen zwischen Unterwerfung und Rebellion"},"content":{"rendered":"<p><img decoding=\"async\" src=\"https:\/\/now-news.de\/de\/wp-content\/uploads\/sites\/3\/2025\/05\/681e013548fbef19a7694787.jpg\" \/><\/p>\n<div class=\"Text-root Text-type_1 \">\n                Die rabiate Einmischung der EU in die rum\u00e4nischen Pr\u00e4sidentschaftswahlen hat nicht den Effekt gehabt, den man sich in Br\u00fcssel erhofft hatte. Die Manipulation von au\u00dfen \u2013 auch im Interesse der NATO \u2013 st\u00e4rkte das nationalkonservative Lage enorm, wenn auch nicht unerwartet.\n            <\/div>\n<p><\/p>\n<div class=\"Text-root Text-type_5 ArticleView-text ViewText-root \">\n<p><em>Von Pierre L\u00e9vy<\/em><\/p>\n<p>Sein Erfolg war vorhersehbar. Aber das Ausma\u00df seines Triumphs hat die politische Klasse Rum\u00e4niens destabilisiert und Br\u00fcssel in Aufruhr versetzt. Bei der ersten Runde der Pr\u00e4sidentschaftswahlen in Rum\u00e4nien (19 Millionen Einwohner) am 4. Mai, an der 53,2 Prozent der Wahlberechtigten teilnahmen, erhielt George Simion 41 Prozent der Stimmen. Er lag nicht nur deutlich in F\u00fchrung, sondern \u00fcbertraf auch die Anzahl Stimmen, die am 24. November 2024 f\u00fcr ihn und Calin Georgescu abgegeben worden waren.<\/p>\n<p>Beide M\u00e4nner werden als &#8220;prorussisch&#8221; und rechtsextrem eingestuft, zwei Bezeichnungen, die Simion vehement zur\u00fcckweist. Georgescu, der noch vor wenigen Monaten ein Unbekannter war, hatte sich am 24. November 2024 zur allgemeinen \u00dcberraschung mit 22,9 Prozent der Stimmen an die Spitze gesetzt. Dieser &#8220;erste&#8221; Wahlgang wurde dann vom Verfassungsgericht annulliert, und Georgescu wurde eine erneute Kandidatur untersagt.<\/p>\n<p>Das Gericht, unterst\u00fctzt vom scheidenden Pr\u00e4sidenten Klaus Iohannis, hatte einen &#8220;Verdacht auf Manipulationen&#8221; \u00fcber das soziale Netzwerk Tiktok geltend gemacht, die angeblich von russischen Diensten gesteuert worden seien. Bei der Wahl am 4. Mai spricht niemand mehr von Manipulationen, die die Wahl verf\u00e4lscht h\u00e4tten. Und das Ergebnis ist aus Sicht der scheidenden Regierung noch schlechter.<\/p>\n<p>Unabh\u00e4ngig davon, wie begr\u00fcndet die Vorw\u00fcrfe sind, wurde diese beispiellose Entscheidung, mit der die Stimmen von Millionen von W\u00e4hlern mit einem Federstrich f\u00fcr ung\u00fcltig erkl\u00e4rt wurden, von einem gro\u00dfen Teil der W\u00e4hlerschaft als verzweifelter Versuch der Regierungskoalition verstanden, das Abrutschen des Landes ins &#8220;antiwestliche&#8221; Lager zu verhindern. Ein Man\u00f6ver, das sich offensichtlich gegen sie gewendet hat.<\/p>\n<p>Der 38-j\u00e4hrige George Simion, der im Jahr 2019 die Allianz f\u00fcr die Einheit der Rum\u00e4nen (AUR) gegr\u00fcndet hatte und im November letzten Jahres 13,9 Prozent der Stimmen erhielt, bekennt sich zwar zum Verbleib Rum\u00e4niens in der NATO und der EU \u2013 eine weniger &#8220;radikale&#8221; Position als die von Calin Georgescu \u2013, bekr\u00e4ftigt jedoch immer wieder seine Abneigung gegen\u00fcber Br\u00fcssel und will &#8220;Rum\u00e4nien Vorrang einr\u00e4umen&#8221;. Vor allem hat er sich f\u00fcr die Einstellung der Waffenlieferungen an die Ukraine ausgesprochen.<\/p>\n<p>Seine spektakul\u00e4rsten Ergebnisse erzielte er in den Grenzregionen mit diesem Land. Dies deutet darauf hin, dass die Bev\u00f6lkerung dort neben einer starken antiukrainischen Stimmung (und zum Teil einer gewissen Nostalgie f\u00fcr die sozialistische Zeit vor 1989) ihren Wunsch nach einer R\u00fcckkehr zum Frieden oder zumindest nach einem R\u00fcckzug Rum\u00e4niens aus seiner Unterst\u00fctzung f\u00fcr Kiew zum Ausdruck bringen will.<\/p>\n<p>George Simion hat sich entschlossen als Anh\u00e4nger und J\u00fcnger von Donald Trump positioniert. Diese Haltung war aber wahrscheinlich nicht ausschlaggebend, da sie von den meisten Kandidaten vertreten wurde, darunter auch von den Sozialdemokraten \u2013 eine f\u00fcr Politiker aus dem Westen der EU undenkbare Entscheidung.<\/p>\n<p>Dagegen scheint der Wunsch der B\u00fcrger, mit der in Bukarest regierenden politischen Klasse Schluss zu machen, eine wichtige Rolle gespielt zu haben, da diese als korrupt und unf\u00e4hig angesehen wird, angemessene \u00f6ffentliche Dienste aufrechtzuerhalten. Diese Ablehnung ist umso offensichtlicher, als das Land seit 2021 von einer &#8220;Gro\u00dfen Koalition&#8221; aus der Sozialdemokratischen Partei (PSD) und der Nationalen Liberalen Partei (PNL) regiert wird.<\/p>\n<p>Beide Parteien waren schon bei den Parlamentswahlen am 1. Dezember letzten Jahres mit 22 (-11,5) beziehungsweise 13,2 Prozent (-12) und somit historisch niedrigen Ergebnissen schwer abgestraft worden. Doch diese herbe Niederlage hatte die politischen F\u00fchrer keineswegs davon abgehalten, ihr B\u00fcndnis fortzusetzen und den Vorsitzenden der PSD, Marcel Ciolacu, im Amt des Ministerpr\u00e4sidenten zu belassen.<\/p>\n<p>Crin Antonescu, der aus der PNL stammt, und als gemeinsamer Kandidat von dieser Partei, der PSD und der Partei der Ungarn in Rum\u00e4nien unterst\u00fctzt wurde, musste daf\u00fcr am 4. Mai bezahlen: Mit 20,07\u00a0Prozent der Stimmen landete er nur auf dem dritten Platz und verpasste damit die Qualifikation f\u00fcr den zweiten Wahlgang \u2013 eine bittere Dem\u00fctigung f\u00fcr die scheidende Koalition. Antonescu verk\u00f6rpert genau die verhasste politische Kaste (und ist zudem mit einer ehemaligen EU-Kommissarin verheiratet).<\/p>\n<p>Der ehemalige sozialdemokratische Ministerpr\u00e4sident Victor Ponta, der einst wegen Korruptionsvorw\u00fcrfen zum R\u00fccktritt gezwungen worden war, hatte beschlossen, sein Gl\u00fcck als Unabh\u00e4ngiger zu versuchen und setzte dabei auf eine nationalistische und &#8220;populistische&#8221; Rhetorik. Mit 13\u00a0Prozent der Stimmen landete er auf dem vierten Platz.<\/p>\n<p>Damit qualifizierte sich der B\u00fcrgermeister von Bukarest, Nicusor Dan, mit 21\u00a0Prozent der Stimmen knapp f\u00fcr die Stichwahl gegen George Simion, die am 18. Mai stattfinden wird. Da er die Stimmung der Mehrheit der B\u00fcrger verstanden hat, erkl\u00e4rte auch er sich zum &#8220;Anti-System-Kandidaten&#8221;. Dennoch hat er als Hauptthema seiner Kampagne den Weg, &#8220;Rum\u00e4nien im westlichen Lager zu halten&#8221;, gew\u00e4hlt.<\/p>\n<p>Er ist zwar weniger als Antonescu durch die Ablehnung der politischen Kaste, die das Land seit einem Vierteljahrhundert regiert, belastet, leidet jedoch unter mehreren Nachteilen. Zun\u00e4chst wurde er von der eigenen Partei (der Union zur Rettung Rum\u00e4niens, USR, &#8220;liberale Mitte&#8221;) seiner Gegenkandidatin Elena Lasconi vorgezogen, die mit 19,2\u00a0Prozent der Stimmen bei den annullierten Wahlen im November 2024 den zweiten Platz belegt hatte. Letztere kandidierte schlie\u00dflich im Mai als Unabh\u00e4ngige, erzielte 2,7\u00a0Prozent und sorgte damit f\u00fcr einige Verbitterung innerhalb der Partei.<\/p>\n<p>Es mangelt Dan zudem offensichtlich an Charisma, und vor allem kann er kaum W\u00e4hler au\u00dferhalb der Gro\u00dfst\u00e4dte ansprechen. Auch wenn er gesellschaftliche Themen, die der liberalen Bourgeoisie der Hauptstadt gefallen, vorsichtig vermieden hat, gilt die USR im l\u00e4ndlichen Raum Rum\u00e4niens, der als sehr konservativ und religi\u00f6s gilt, als zu &#8220;liberal&#8221;.<\/p>\n<p>In diesem Rum\u00e4nien der Kleinst\u00e4dte und des l\u00e4ndlichen Raums hat die PSD ihre traditionell st\u00e4rkste W\u00e4hlerschaft. Und der Vorsitzende dieser Partei und scheidende Ministerpr\u00e4sident hat jedoch entgegen allen Erwartungen angek\u00fcndigt, keine Wahlempfehlung abzugeben. Diese Entscheidung erschwert den Wahlkampf von Nicusor Dan, der sich auf die &#8220;Abwehr der extremen Rechten&#8221; konzentriert, eine &#8220;Brandmauer&#8221;, die als Rechtfertigung f\u00fcr die &#8220;Gro\u00dfe Koalition&#8221; von 2021 diente.<\/p>\n<p>Unter diesen Umst\u00e4nden ist es verst\u00e4ndlich, dass Br\u00fcssel den zweiten Wahlgang mit gro\u00dfer Sorge beobachtet, und zwar aus mindestens zwei Gr\u00fcnden.<\/p>\n<p>Der erste Grund h\u00e4ngt mit der entscheidenden Rolle Rum\u00e4niens im Transitverkehr mit der Ukraine zusammen: Wie Polen ist Rum\u00e4nien ein strategisch wichtiges Land an der &#8220;Frontlinie&#8221; f\u00fcr Exporte aus Kiew, aber auch und vor allem f\u00fcr Lieferungen von Waffen und milit\u00e4rischer Ausr\u00fcstung aus dem Westen. Es beherbergt ein starkes NATO-Kontingent, das insbesondere aus franz\u00f6sischen Soldaten besteht, die dort eine Basis haben. Die Rolle von Paris bei der Unterst\u00fctzung der Ukraine, aber auch bei der Absage der Wahlen im November, wurde \u00fcbrigens von Calin Georgescu und George Simion kritisiert. Sollte Simion gew\u00e4hlt werden, k\u00f6nnte dies die Strategie der EU zur milit\u00e4rischen Unterst\u00fctzung Kiews erheblich beeintr\u00e4chtigen.<\/p>\n<p>Die zweite Quelle der Besorgnis der europ\u00e4ischen Spitzenpolitiker betrifft die Entwicklung der rum\u00e4nischen Innenpolitik. Zwar hat der Staatschef einige au\u00dfenpolitische Befugnisse (und er vertritt sein Land im Europ\u00e4ischen Rat), doch liegt die Macht haupts\u00e4chlich in den H\u00e4nden der Regierung. Diese ist jedoch aus dem Wirbelsturm vom 4. Mai nicht unbeschadet hervorgegangen.<\/p>\n<p>Ohne die zweite Wahlrunde abzuwarten, k\u00fcndigte der scheidende sozialdemokratische Ministerpr\u00e4sident Marcel Ciolacu seinen R\u00fccktritt an und r\u00e4umte \u2013 versp\u00e4tet \u2013 ein: &#8220;Das Votum der Rum\u00e4nen zeigt, dass die Regierungskoalition keine Legitimit\u00e4t hat.&#8221; Dies bedeutet wahrscheinlich das Ende der &#8220;Gro\u00dfen Koalition&#8221;. Einige Beobachter sprechen sogar von einer m\u00f6glichen Kehrtwende der PSD, die eine parlamentarische Allianz mit den Freunden Simions bilden k\u00f6nnte.<\/p>\n<p>Dieser hat allerdings seinerseits versprochen, im Falle seiner Wahl Calin Georgescu an die Spitze des Landes zu stellen, was eine unglaubliche Revanche gegen\u00fcber denjenigen w\u00e4re, die die vorherigen Wahlen annulliert haben. W\u00fcrde er ihn zum Regierungschef ernennen? Dank eines Referendums? Oder durch Neuwahlen? Die Beziehungen zwischen den beiden M\u00e4nnern waren nicht immer einfach, aber sie zeigten sich w\u00e4hrend des Wahlkampfs und bis zum Tag der Wahl gerne gemeinsam in der \u00d6ffentlichkeit.<\/p>\n<p>Es ist noch zu fr\u00fch, um die verschiedenen Szenarien zu bewerten, da der zweite Wahlgang, der f\u00fcr George Simion g\u00fcnstig aussieht, noch nicht stattgefunden hat. Aber auch wenn es keine Gewissheit gibt, ist das Risiko f\u00fcr Br\u00fcssel gro\u00df, dass ein weiteres Land in das Lager der &#8220;Rebellen&#8221; wechselt, zu dem bereits das Ungarn des &#8220;Feindbildes&#8221; Viktor Orb\u00e1n, die Slowakei von Robert Fico, der am 9. Mai in Moskau war, und vielleicht morgen die Tschechische Republik geh\u00f6ren, die im Herbst w\u00e4hlt.<\/p>\n<p>Ganz zu schweigen von Italien unter Giorgia Meloni. Sie ist zwar keine Rebellin, aber ihre Sympathien f\u00fcr Donald Trump sind bekannt. Und ihre Partei geh\u00f6rt derselben europ\u00e4ischen Fraktion wie die AUR von George Simion an.<\/p>\n<p><strong>Mehr zum Thema<\/strong> &#8211;\u00a0<a rel=\"nofollow noopener\" target=\"_blank\" href=\"https:\/\/freedert.online\/meinung\/244476-who-leyen-eu-hat-grosses\/\">&#8220;Who&#8221; der Leyen: Die EU hat ein gro\u00dfes, unl\u00f6sbares Problem mit ihrer Au\u00dfenpolitik<\/a><\/p>\n<div class=\"EmbedBlock-root EmbedBlock-externalVideo EmbedBlock-rumble\">\n<div class=\"VkEmbed\"><iframe class=\"lazyload\" data-src=\"https:\/\/rumble.com\/embed\/v6qz61j\" frameborder=\"0\" width=\"853\" height=\"480\" allowfullscreen><\/iframe><\/div>\n<\/div>\n<\/div>\n<p><br \/>\n<br \/><a href=\"https:\/\/de.rt.com\/europa\/244512-rumaenien-vor-zweiten-runde-praesidentschaftswahlen\/\">Source link <\/a><\/p>\n","protected":false},"excerpt":{"rendered":"<p>Die rabiate Einmischung der EU in die rum\u00e4nischen Pr\u00e4sidentschaftswahlen hat nicht den Effekt gehabt, den man sich in Br\u00fcssel erhofft hatte. Die Manipulation von au\u00dfen \u2013 auch im Interesse der NATO \u2013 st\u00e4rkte das nationalkonservative Lage enorm, wenn auch nicht unerwartet. Von Pierre L\u00e9vy Sein Erfolg war vorhersehbar. Aber das Ausma\u00df seines Triumphs hat die [&hellip;]<\/p>\n","protected":false},"author":3,"featured_media":83513,"comment_status":"open","ping_status":"open","sticky":false,"template":"","format":"standard","meta":{"_yoast_indexnow_last_ping":["1746864304"],"wp_automatic_camp":["217"],"8cedfe42e8935bcbb751802dfd41aa69":["Rum\u00e4nien vor der zweiten Runde: Pr\u00e4sidentschaftswahlen zwischen Unterwerfung und Rebellion"],"original_link":["https:\/\/de.rt.com\/europa\/244512-rumaenien-vor-zweiten-runde-praesidentschaftswahlen\/"],"_thumbnail_id":["83513"],"jnews_social_counter_last_update":["1777109916"],"_wptgpro_p2tg_sent2tg":["a:1:{i:23737;s:19:\"2025-05-10 10:06:12\";}"]},"categories":[19,23],"tags":[82,27236,31431,24443,8761,140,29240,320,19962,436],"yoast_head":"<!-- This site is optimized with the Yoast SEO Premium plugin v22.7 (Yoast SEO v22.7) - https:\/\/yoast.com\/wordpress\/plugins\/seo\/ -->\n<title>Rum\u00e4nien vor der zweiten Runde: Pr\u00e4sidentschaftswahlen zwischen Unterwerfung und Rebellion - just-now.NEWS Deutschland<\/title>\n<meta name=\"robots\" content=\"index, follow, max-snippet:-1, max-image-preview:large, max-video-preview:-1\" \/>\n<link rel=\"canonical\" href=\"https:\/\/now-news.de\/de\/deutschland\/rumaenien-vor-der-zweiten-runde-praesidentschaftswahlen-zwischen-unterwerfung-und-rebellion\/\" \/>\n<meta property=\"og:locale\" content=\"de_DE\" \/>\n<meta property=\"og:type\" content=\"article\" \/>\n<meta property=\"og:title\" content=\"Rum\u00e4nien vor der zweiten Runde: Pr\u00e4sidentschaftswahlen zwischen Unterwerfung und Rebellion\" \/>\n<meta property=\"og:description\" content=\"Die rabiate Einmischung der EU in die rum\u00e4nischen Pr\u00e4sidentschaftswahlen hat nicht den Effekt gehabt, den man sich in Br\u00fcssel erhofft hatte. Die Manipulation von au\u00dfen \u2013 auch im Interesse der NATO \u2013 st\u00e4rkte das nationalkonservative Lage enorm, wenn auch nicht unerwartet. Von Pierre L\u00e9vy Sein Erfolg war vorhersehbar. Aber das Ausma\u00df seines Triumphs hat die [&hellip;]\" \/>\n<meta property=\"og:url\" content=\"https:\/\/now-news.de\/de\/deutschland\/rumaenien-vor-der-zweiten-runde-praesidentschaftswahlen-zwischen-unterwerfung-und-rebellion\/\" \/>\n<meta property=\"og:site_name\" content=\"just-now.NEWS Deutschland\" \/>\n<meta property=\"article:publisher\" content=\"https:\/\/www.facebook.com\/wirmachenauf\" \/>\n<meta property=\"article:published_time\" content=\"2025-05-10T07:58:43+00:00\" \/>\n<meta property=\"og:image\" content=\"https:\/\/now-news.de\/de\/wp-content\/uploads\/sites\/3\/2025\/05\/681e013548fbef19a7694787.jpg\" \/>\n<meta name=\"author\" content=\"rtnews\" \/>\n<meta name=\"twitter:card\" content=\"summary_large_image\" \/>\n<meta name=\"twitter:creator\" content=\"@WirMachenAuf_de\" \/>\n<meta name=\"twitter:site\" content=\"@WirMachenAuf_de\" \/>\n<meta name=\"twitter:label1\" content=\"Verfasst von\" \/>\n\t<meta name=\"twitter:data1\" content=\"rtnews\" \/>\n\t<meta name=\"twitter:label2\" content=\"Gesch\u00e4tzte Lesezeit\" \/>\n\t<meta name=\"twitter:data2\" content=\"8\u00a0Minuten\" \/>\n<script type=\"application\/ld+json\" class=\"yoast-schema-graph\">{\"@context\":\"https:\/\/schema.org\",\"@graph\":[{\"@type\":\"Article\",\"@id\":\"https:\/\/now-news.de\/de\/deutschland\/rumaenien-vor-der-zweiten-runde-praesidentschaftswahlen-zwischen-unterwerfung-und-rebellion\/#article\",\"isPartOf\":{\"@id\":\"https:\/\/now-news.de\/de\/deutschland\/rumaenien-vor-der-zweiten-runde-praesidentschaftswahlen-zwischen-unterwerfung-und-rebellion\/\"},\"author\":{\"name\":\"rtnews\",\"@id\":\"https:\/\/now-news.de\/de\/#\/schema\/person\/fb534a4e865501d8b3285208df34a9b5\"},\"headline\":\"Rum\u00e4nien vor der zweiten Runde: Pr\u00e4sidentschaftswahlen zwischen Unterwerfung und Rebellion\",\"datePublished\":\"2025-05-10T07:58:43+00:00\",\"dateModified\":\"2025-05-10T07:58:43+00:00\",\"mainEntityOfPage\":{\"@id\":\"https:\/\/now-news.de\/de\/deutschland\/rumaenien-vor-der-zweiten-runde-praesidentschaftswahlen-zwischen-unterwerfung-und-rebellion\/\"},\"wordCount\":1518,\"commentCount\":0,\"publisher\":{\"@id\":\"https:\/\/now-news.de\/de\/#organization\"},\"image\":{\"@id\":\"https:\/\/now-news.de\/de\/deutschland\/rumaenien-vor-der-zweiten-runde-praesidentschaftswahlen-zwischen-unterwerfung-und-rebellion\/#primaryimage\"},\"thumbnailUrl\":\"https:\/\/now-news.de\/de\/wp-content\/uploads\/sites\/3\/2025\/05\/Rumaenien-vor-der-zweiten-Runde-Praesidentschaftswahlen-zwischen-Unterwerfung-und-Rebellion.jpg\",\"keywords\":[\"der\",\"Pr\u00e4sidentschaftswahlen\",\"Rebellion\",\"Rum\u00e4nien\",\"Runde\",\"und\",\"Unterwerfung\",\"vor\",\"Zweiten\",\"zwischen\"],\"articleSection\":[\"Deutschland\",\"Russland\"],\"inLanguage\":\"de\",\"potentialAction\":[{\"@type\":\"CommentAction\",\"name\":\"Comment\",\"target\":[\"https:\/\/now-news.de\/de\/deutschland\/rumaenien-vor-der-zweiten-runde-praesidentschaftswahlen-zwischen-unterwerfung-und-rebellion\/#respond\"]}]},{\"@type\":\"WebPage\",\"@id\":\"https:\/\/now-news.de\/de\/deutschland\/rumaenien-vor-der-zweiten-runde-praesidentschaftswahlen-zwischen-unterwerfung-und-rebellion\/\",\"url\":\"https:\/\/now-news.de\/de\/deutschland\/rumaenien-vor-der-zweiten-runde-praesidentschaftswahlen-zwischen-unterwerfung-und-rebellion\/\",\"name\":\"Rum\u00e4nien vor der zweiten Runde: Pr\u00e4sidentschaftswahlen zwischen Unterwerfung und Rebellion - just-now.NEWS Deutschland\",\"isPartOf\":{\"@id\":\"https:\/\/now-news.de\/de\/#website\"},\"primaryImageOfPage\":{\"@id\":\"https:\/\/now-news.de\/de\/deutschland\/rumaenien-vor-der-zweiten-runde-praesidentschaftswahlen-zwischen-unterwerfung-und-rebellion\/#primaryimage\"},\"image\":{\"@id\":\"https:\/\/now-news.de\/de\/deutschland\/rumaenien-vor-der-zweiten-runde-praesidentschaftswahlen-zwischen-unterwerfung-und-rebellion\/#primaryimage\"},\"thumbnailUrl\":\"https:\/\/now-news.de\/de\/wp-content\/uploads\/sites\/3\/2025\/05\/Rumaenien-vor-der-zweiten-Runde-Praesidentschaftswahlen-zwischen-Unterwerfung-und-Rebellion.jpg\",\"datePublished\":\"2025-05-10T07:58:43+00:00\",\"dateModified\":\"2025-05-10T07:58:43+00:00\",\"breadcrumb\":{\"@id\":\"https:\/\/now-news.de\/de\/deutschland\/rumaenien-vor-der-zweiten-runde-praesidentschaftswahlen-zwischen-unterwerfung-und-rebellion\/#breadcrumb\"},\"inLanguage\":\"de\",\"potentialAction\":[{\"@type\":\"ReadAction\",\"target\":[\"https:\/\/now-news.de\/de\/deutschland\/rumaenien-vor-der-zweiten-runde-praesidentschaftswahlen-zwischen-unterwerfung-und-rebellion\/\"]}]},{\"@type\":\"ImageObject\",\"inLanguage\":\"de\",\"@id\":\"https:\/\/now-news.de\/de\/deutschland\/rumaenien-vor-der-zweiten-runde-praesidentschaftswahlen-zwischen-unterwerfung-und-rebellion\/#primaryimage\",\"url\":\"https:\/\/now-news.de\/de\/wp-content\/uploads\/sites\/3\/2025\/05\/Rumaenien-vor-der-zweiten-Runde-Praesidentschaftswahlen-zwischen-Unterwerfung-und-Rebellion.jpg\",\"contentUrl\":\"https:\/\/now-news.de\/de\/wp-content\/uploads\/sites\/3\/2025\/05\/Rumaenien-vor-der-zweiten-Runde-Praesidentschaftswahlen-zwischen-Unterwerfung-und-Rebellion.jpg\",\"width\":460,\"height\":259,\"caption\":\"Rum\u00e4nien vor der zweiten Runde: Pr\u00e4sidentschaftswahlen zwischen Unterwerfung und Rebellion\"},{\"@type\":\"BreadcrumbList\",\"@id\":\"https:\/\/now-news.de\/de\/deutschland\/rumaenien-vor-der-zweiten-runde-praesidentschaftswahlen-zwischen-unterwerfung-und-rebellion\/#breadcrumb\",\"itemListElement\":[{\"@type\":\"ListItem\",\"position\":1,\"name\":\"Home\",\"item\":\"https:\/\/now-news.de\/de\/\"},{\"@type\":\"ListItem\",\"position\":2,\"name\":\"Rum\u00e4nien vor der zweiten Runde: Pr\u00e4sidentschaftswahlen zwischen Unterwerfung und Rebellion\"}]},{\"@type\":\"WebSite\",\"@id\":\"https:\/\/now-news.de\/de\/#website\",\"url\":\"https:\/\/now-news.de\/de\/\",\"name\":\"just-now.NEWS Deutschland\",\"description\":\"Das Portal f\u00fcr unzensierte Nachrichten aus der Welt\",\"publisher\":{\"@id\":\"https:\/\/now-news.de\/de\/#organization\"},\"potentialAction\":[{\"@type\":\"SearchAction\",\"target\":{\"@type\":\"EntryPoint\",\"urlTemplate\":\"https:\/\/now-news.de\/de\/?s={search_term_string}\"},\"query-input\":\"required name=search_term_string\"}],\"inLanguage\":\"de\"},{\"@type\":\"Organization\",\"@id\":\"https:\/\/now-news.de\/de\/#organization\",\"name\":\"Just Now News\",\"url\":\"https:\/\/now-news.de\/de\/\",\"logo\":{\"@type\":\"ImageObject\",\"inLanguage\":\"de\",\"@id\":\"https:\/\/now-news.de\/de\/#\/schema\/logo\/image\/\",\"url\":\"http:\/\/just-now.news\/de\/wp-content\/uploads\/sites\/3\/2022\/04\/logo500x500.jpg\",\"contentUrl\":\"http:\/\/just-now.news\/de\/wp-content\/uploads\/sites\/3\/2022\/04\/logo500x500.jpg\",\"width\":500,\"height\":500,\"caption\":\"Just Now News\"},\"image\":{\"@id\":\"https:\/\/now-news.de\/de\/#\/schema\/logo\/image\/\"},\"sameAs\":[\"https:\/\/www.facebook.com\/wirmachenauf\",\"https:\/\/x.com\/WirMachenAuf_de\"]},{\"@type\":\"Person\",\"@id\":\"https:\/\/now-news.de\/de\/#\/schema\/person\/fb534a4e865501d8b3285208df34a9b5\",\"name\":\"rtnews\",\"image\":{\"@type\":\"ImageObject\",\"inLanguage\":\"de\",\"@id\":\"https:\/\/now-news.de\/de\/#\/schema\/person\/image\/\",\"url\":\"https:\/\/secure.gravatar.com\/avatar\/82aafea7d8127119dd649515f56e2117?s=96&d=mm&r=g\",\"contentUrl\":\"https:\/\/secure.gravatar.com\/avatar\/82aafea7d8127119dd649515f56e2117?s=96&d=mm&r=g\",\"caption\":\"rtnews\"},\"url\":\"https:\/\/now-news.de\/de\/author\/rnews\/\"}]}<\/script>\n<!-- \/ Yoast SEO Premium plugin. -->","yoast_head_json":{"title":"Rum\u00e4nien vor der zweiten Runde: Pr\u00e4sidentschaftswahlen zwischen Unterwerfung und Rebellion - just-now.NEWS Deutschland","robots":{"index":"index","follow":"follow","max-snippet":"max-snippet:-1","max-image-preview":"max-image-preview:large","max-video-preview":"max-video-preview:-1"},"canonical":"https:\/\/now-news.de\/de\/deutschland\/rumaenien-vor-der-zweiten-runde-praesidentschaftswahlen-zwischen-unterwerfung-und-rebellion\/","og_locale":"de_DE","og_type":"article","og_title":"Rum\u00e4nien vor der zweiten Runde: Pr\u00e4sidentschaftswahlen zwischen Unterwerfung und Rebellion","og_description":"Die rabiate Einmischung der EU in die rum\u00e4nischen Pr\u00e4sidentschaftswahlen hat nicht den Effekt gehabt, den man sich in Br\u00fcssel erhofft hatte. Die Manipulation von au\u00dfen \u2013 auch im Interesse der NATO \u2013 st\u00e4rkte das nationalkonservative Lage enorm, wenn auch nicht unerwartet. Von Pierre L\u00e9vy Sein Erfolg war vorhersehbar. Aber das Ausma\u00df seines Triumphs hat die [&hellip;]","og_url":"https:\/\/now-news.de\/de\/deutschland\/rumaenien-vor-der-zweiten-runde-praesidentschaftswahlen-zwischen-unterwerfung-und-rebellion\/","og_site_name":"just-now.NEWS Deutschland","article_publisher":"https:\/\/www.facebook.com\/wirmachenauf","article_published_time":"2025-05-10T07:58:43+00:00","og_image":[{"url":"https:\/\/now-news.de\/de\/wp-content\/uploads\/sites\/3\/2025\/05\/681e013548fbef19a7694787.jpg"}],"author":"rtnews","twitter_card":"summary_large_image","twitter_creator":"@WirMachenAuf_de","twitter_site":"@WirMachenAuf_de","twitter_misc":{"Verfasst von":"rtnews","Gesch\u00e4tzte Lesezeit":"8\u00a0Minuten"},"schema":{"@context":"https:\/\/schema.org","@graph":[{"@type":"Article","@id":"https:\/\/now-news.de\/de\/deutschland\/rumaenien-vor-der-zweiten-runde-praesidentschaftswahlen-zwischen-unterwerfung-und-rebellion\/#article","isPartOf":{"@id":"https:\/\/now-news.de\/de\/deutschland\/rumaenien-vor-der-zweiten-runde-praesidentschaftswahlen-zwischen-unterwerfung-und-rebellion\/"},"author":{"name":"rtnews","@id":"https:\/\/now-news.de\/de\/#\/schema\/person\/fb534a4e865501d8b3285208df34a9b5"},"headline":"Rum\u00e4nien vor der zweiten Runde: Pr\u00e4sidentschaftswahlen zwischen Unterwerfung und Rebellion","datePublished":"2025-05-10T07:58:43+00:00","dateModified":"2025-05-10T07:58:43+00:00","mainEntityOfPage":{"@id":"https:\/\/now-news.de\/de\/deutschland\/rumaenien-vor-der-zweiten-runde-praesidentschaftswahlen-zwischen-unterwerfung-und-rebellion\/"},"wordCount":1518,"commentCount":0,"publisher":{"@id":"https:\/\/now-news.de\/de\/#organization"},"image":{"@id":"https:\/\/now-news.de\/de\/deutschland\/rumaenien-vor-der-zweiten-runde-praesidentschaftswahlen-zwischen-unterwerfung-und-rebellion\/#primaryimage"},"thumbnailUrl":"https:\/\/now-news.de\/de\/wp-content\/uploads\/sites\/3\/2025\/05\/Rumaenien-vor-der-zweiten-Runde-Praesidentschaftswahlen-zwischen-Unterwerfung-und-Rebellion.jpg","keywords":["der","Pr\u00e4sidentschaftswahlen","Rebellion","Rum\u00e4nien","Runde","und","Unterwerfung","vor","Zweiten","zwischen"],"articleSection":["Deutschland","Russland"],"inLanguage":"de","potentialAction":[{"@type":"CommentAction","name":"Comment","target":["https:\/\/now-news.de\/de\/deutschland\/rumaenien-vor-der-zweiten-runde-praesidentschaftswahlen-zwischen-unterwerfung-und-rebellion\/#respond"]}]},{"@type":"WebPage","@id":"https:\/\/now-news.de\/de\/deutschland\/rumaenien-vor-der-zweiten-runde-praesidentschaftswahlen-zwischen-unterwerfung-und-rebellion\/","url":"https:\/\/now-news.de\/de\/deutschland\/rumaenien-vor-der-zweiten-runde-praesidentschaftswahlen-zwischen-unterwerfung-und-rebellion\/","name":"Rum\u00e4nien vor der zweiten Runde: Pr\u00e4sidentschaftswahlen zwischen Unterwerfung und Rebellion - just-now.NEWS Deutschland","isPartOf":{"@id":"https:\/\/now-news.de\/de\/#website"},"primaryImageOfPage":{"@id":"https:\/\/now-news.de\/de\/deutschland\/rumaenien-vor-der-zweiten-runde-praesidentschaftswahlen-zwischen-unterwerfung-und-rebellion\/#primaryimage"},"image":{"@id":"https:\/\/now-news.de\/de\/deutschland\/rumaenien-vor-der-zweiten-runde-praesidentschaftswahlen-zwischen-unterwerfung-und-rebellion\/#primaryimage"},"thumbnailUrl":"https:\/\/now-news.de\/de\/wp-content\/uploads\/sites\/3\/2025\/05\/Rumaenien-vor-der-zweiten-Runde-Praesidentschaftswahlen-zwischen-Unterwerfung-und-Rebellion.jpg","datePublished":"2025-05-10T07:58:43+00:00","dateModified":"2025-05-10T07:58:43+00:00","breadcrumb":{"@id":"https:\/\/now-news.de\/de\/deutschland\/rumaenien-vor-der-zweiten-runde-praesidentschaftswahlen-zwischen-unterwerfung-und-rebellion\/#breadcrumb"},"inLanguage":"de","potentialAction":[{"@type":"ReadAction","target":["https:\/\/now-news.de\/de\/deutschland\/rumaenien-vor-der-zweiten-runde-praesidentschaftswahlen-zwischen-unterwerfung-und-rebellion\/"]}]},{"@type":"ImageObject","inLanguage":"de","@id":"https:\/\/now-news.de\/de\/deutschland\/rumaenien-vor-der-zweiten-runde-praesidentschaftswahlen-zwischen-unterwerfung-und-rebellion\/#primaryimage","url":"https:\/\/now-news.de\/de\/wp-content\/uploads\/sites\/3\/2025\/05\/Rumaenien-vor-der-zweiten-Runde-Praesidentschaftswahlen-zwischen-Unterwerfung-und-Rebellion.jpg","contentUrl":"https:\/\/now-news.de\/de\/wp-content\/uploads\/sites\/3\/2025\/05\/Rumaenien-vor-der-zweiten-Runde-Praesidentschaftswahlen-zwischen-Unterwerfung-und-Rebellion.jpg","width":460,"height":259,"caption":"Rum\u00e4nien vor der zweiten Runde: Pr\u00e4sidentschaftswahlen zwischen Unterwerfung und Rebellion"},{"@type":"BreadcrumbList","@id":"https:\/\/now-news.de\/de\/deutschland\/rumaenien-vor-der-zweiten-runde-praesidentschaftswahlen-zwischen-unterwerfung-und-rebellion\/#breadcrumb","itemListElement":[{"@type":"ListItem","position":1,"name":"Home","item":"https:\/\/now-news.de\/de\/"},{"@type":"ListItem","position":2,"name":"Rum\u00e4nien vor der zweiten Runde: Pr\u00e4sidentschaftswahlen zwischen Unterwerfung und Rebellion"}]},{"@type":"WebSite","@id":"https:\/\/now-news.de\/de\/#website","url":"https:\/\/now-news.de\/de\/","name":"just-now.NEWS Deutschland","description":"Das Portal f\u00fcr unzensierte Nachrichten aus der Welt","publisher":{"@id":"https:\/\/now-news.de\/de\/#organization"},"potentialAction":[{"@type":"SearchAction","target":{"@type":"EntryPoint","urlTemplate":"https:\/\/now-news.de\/de\/?s={search_term_string}"},"query-input":"required name=search_term_string"}],"inLanguage":"de"},{"@type":"Organization","@id":"https:\/\/now-news.de\/de\/#organization","name":"Just Now News","url":"https:\/\/now-news.de\/de\/","logo":{"@type":"ImageObject","inLanguage":"de","@id":"https:\/\/now-news.de\/de\/#\/schema\/logo\/image\/","url":"http:\/\/just-now.news\/de\/wp-content\/uploads\/sites\/3\/2022\/04\/logo500x500.jpg","contentUrl":"http:\/\/just-now.news\/de\/wp-content\/uploads\/sites\/3\/2022\/04\/logo500x500.jpg","width":500,"height":500,"caption":"Just Now News"},"image":{"@id":"https:\/\/now-news.de\/de\/#\/schema\/logo\/image\/"},"sameAs":["https:\/\/www.facebook.com\/wirmachenauf","https:\/\/x.com\/WirMachenAuf_de"]},{"@type":"Person","@id":"https:\/\/now-news.de\/de\/#\/schema\/person\/fb534a4e865501d8b3285208df34a9b5","name":"rtnews","image":{"@type":"ImageObject","inLanguage":"de","@id":"https:\/\/now-news.de\/de\/#\/schema\/person\/image\/","url":"https:\/\/secure.gravatar.com\/avatar\/82aafea7d8127119dd649515f56e2117?s=96&d=mm&r=g","contentUrl":"https:\/\/secure.gravatar.com\/avatar\/82aafea7d8127119dd649515f56e2117?s=96&d=mm&r=g","caption":"rtnews"},"url":"https:\/\/now-news.de\/de\/author\/rnews\/"}]}},"_links":{"self":[{"href":"https:\/\/now-news.de\/de\/wp-json\/wp\/v2\/posts\/83512"}],"collection":[{"href":"https:\/\/now-news.de\/de\/wp-json\/wp\/v2\/posts"}],"about":[{"href":"https:\/\/now-news.de\/de\/wp-json\/wp\/v2\/types\/post"}],"author":[{"embeddable":true,"href":"https:\/\/now-news.de\/de\/wp-json\/wp\/v2\/users\/3"}],"replies":[{"embeddable":true,"href":"https:\/\/now-news.de\/de\/wp-json\/wp\/v2\/comments?post=83512"}],"version-history":[{"count":0,"href":"https:\/\/now-news.de\/de\/wp-json\/wp\/v2\/posts\/83512\/revisions"}],"wp:featuredmedia":[{"embeddable":true,"href":"https:\/\/now-news.de\/de\/wp-json\/wp\/v2\/media\/83513"}],"wp:attachment":[{"href":"https:\/\/now-news.de\/de\/wp-json\/wp\/v2\/media?parent=83512"}],"wp:term":[{"taxonomy":"category","embeddable":true,"href":"https:\/\/now-news.de\/de\/wp-json\/wp\/v2\/categories?post=83512"},{"taxonomy":"post_tag","embeddable":true,"href":"https:\/\/now-news.de\/de\/wp-json\/wp\/v2\/tags?post=83512"}],"curies":[{"name":"wp","href":"https:\/\/api.w.org\/{rel}","templated":true}]}}