{"id":83455,"date":"2025-05-08T22:19:36","date_gmt":"2025-05-08T20:19:36","guid":{"rendered":"https:\/\/now-news.de\/de\/deutschland\/nur-noch-peinlich-episoden-am-gedenktag-zum-8-mai-in-berlin\/"},"modified":"2025-05-08T22:19:36","modified_gmt":"2025-05-08T20:19:36","slug":"nur-noch-peinlich-episoden-am-gedenktag-zum-8-mai-in-berlin","status":"publish","type":"post","link":"https:\/\/now-news.de\/de\/deutschland\/nur-noch-peinlich-episoden-am-gedenktag-zum-8-mai-in-berlin\/","title":{"rendered":"Nur noch peinlich:  Episoden am Gedenktag zum 8. Mai in Berlin"},"content":{"rendered":"<p><img decoding=\"async\" src=\"https:\/\/now-news.de\/de\/wp-content\/uploads\/sites\/3\/2025\/05\/681d114448fbef19a7694732.jpg\" \/><\/p>\n<div class=\"Text-root Text-type_1 \">\n                W\u00e4hrend das Tragen von russischen oder sowjetischen Flaggen w\u00e4hrend der Gedenkfeiern zum 80. Jahrestag der Befreiung vom Nationalsozialismus streng verboten sind, tummeln sich pro-ukrainische Aktivisten mit blau-gelben Fahnen und NATO-Flaggen an den sowjetischen Ehrenm\u00e4lern in Berlin.\n            <\/div>\n<p><\/p>\n<div class=\"Text-root Text-type_5 ArticleView-text ViewText-root \">\n<p>Am mehreren Gedenkst\u00e4tten fanden am 8. Mai des 80. Jahrestag des Weltkriegsendes und der Befreiung vom Nationalsozialismus in Berlin Gedenkveranstaltungen statt. Zuvor hatten die Beh\u00f6rden das Tragen von russischen und sowjetischen Flaggen verboten. Entsprechend wurde am sowjetischen Ehrenmal im Berliner Tiergarten der Opfer des Nationalsozialismus und der Befreiung durch die Rote Armee gedacht.<\/p>\n<p>Dort h\u00e4tten aber auch 300 Demonstranten &#8220;ein deutliches Zeichen gesetzt&#8221; <a rel=\"nofollow noopener\" target=\"_blank\" href=\"https:\/\/www.morgenpost.de\/berlin\/article408968817\/von-deutschem-boden-nur-frieden-gedenkkundgebung-im-tiergarten.html\">hie\u00df es<\/a> in der <em>Berliner Morgenpost<\/em> am Donnerstag. Pro-ukrainische Aktivisten h\u00e4tten den Tag genutzt, um vor dem sowjetischen Ehrenmal um ein Zeichen gegen den Krieg in der Ukraine zu setzen. W\u00e4hrend also alle russischen und sowjetischen Fahnen bei allen Gedenkveranstaltungen in Berlin verboten wurden, durften die pro-ukrainischen Demonstranten ihre Fahnen an den sowjetischen Ehrenm\u00e4lern anstandslos schwenken.<\/p>\n<p>Gegen\u00fcber der <em>Berliner Morgenpost<\/em> erkl\u00e4rte eine Teilnehmerin namens Marianne, dass sie bereits seit 8 Uhr morgens mit ukrainischen Flaggen vor Ort gewesen sei. Man wolle den Gedenktag schlie\u00dflich &#8220;mit etwas f\u00fcllen&#8221;. Die Zeitung zitierte sie mit den Worten: &#8220;Wir sind heute hier, um dieses Gedenken tats\u00e4chlich mit etwas zu f\u00fcllen. Nicht nur mit hohlen Phrasen. &#8216;We remember&#8217; und &#8216;nie wieder&#8217; ist jetzt&#8221;. Denn schlie\u00dflich w\u00fcrden der Faschismus &#8220;ja gerade von den Russen gegen\u00fcber der Ukraine ausge\u00fcbt&#8221;. Ihr zufolge m\u00fcsse man jetzt gegen den &#8220;aktuellen Faschismus seitens der Russen&#8221; demonstrieren. Die Zeitung zitierte Marianne weiter:<\/p>\n<blockquote>\n<p><em>&#8220;Das muss f\u00fcr das Jetzt eine Bedeutung haben. Und die Bedeutung ist ganz klar, dass man nicht vergessen darf, wo heute Faschismus passiert. Und der passiert ganz klar in Russland gegen\u00fcber der Ukraine, die \u00fcberfallen wird.&#8221;<\/em><\/p>\n<\/blockquote>\n<p>Auch eine NATO-Flagge sei punktgenau zum Einsatz gekommen. N\u00e4mlich &#8220;als die <a rel=\"nofollow noopener\" target=\"_blank\" href=\"https:\/\/www.berliner-zeitung.de\/topics\/buendnis-sahra-wagenknecht\">BSW<\/a>-Politikerin Amira Mohamed Ali einen Kranz niederlegt, halten mehrere Ukraine-Aktivisten eine Nato-Flagge in die H\u00f6he&#8221;, so ein <a rel=\"nofollow noopener\" target=\"_blank\" href=\"https:\/\/www.berliner-zeitung.de\/mensch-metropole\/was-sich-an-den-ehrenmalen-in-treptow-und-pankow-abspielte-li.2323203\">Artike<\/a>l in der <em>Berliner Zeitung.<\/em><\/p>\n<p>Immerhin kommentiert der <em>Deutschlandfunk<\/em> dieses Auftreten der pro-ukrainischen Aktivisten kritisch, obwohl NATO-Flaggen ja offenbar mitgebracht werden durften. Beim DFL hie\u00df es: &#8220;Am sowjetischen Ehrenmal im Tiergarten st\u00f6rten Aktivisten mit NATO- und Ukraine-Flaggen das Gedenken, als die BSW-Vorsitzende Ali einen Kranz niederlegen wollte.&#8221;<\/p>\n<p>Der <em>DFL<\/em> berichtete auch \u00fcber eine pro-ukrainische Aktion vor dem sowjetischen Ehrenmal in Berlin-Treptow. Dort legten die Aktivisten einen \u00a0Kranz in den Farben der Ukraine mit der Aufschrift &#8220;Gegen Invasoren&#8221; nieder. Hingegen h\u00e4tte die Polizei angeblich erfolgreich verhindert, dass am Brandenburger Tor eine Russland-Fahne aufgeh\u00e4ngt wurde. Nach Informationen der <em>Berliner Zeitung<\/em> h\u00e4tten das ein paar Menschen vorgehabt, obwohl das Zeigen von Flaggen und Fahnen mit russischem Bezug an den sowjetischen Ehrenmalen derzeit verboten sei.<\/p>\n<div class=\"EmbedBlock-root EmbedBlock-twitter\">\n<div class=\"TwitterEmbed\">\n<blockquote class=\"twitter-tweet lazyload\" data-twitter=\"twitter-tweet\">\n<p lang=\"de\" dir=\"ltr\">Provokation am Ehrenmal im Treptower Park: Pro-ukrainische \u00bbAktivisten\u00ab, die bereits zuvor am Sowjetischen Ehrenmal im Tiergarten negativ aufgefallen waren, st\u00f6rten das Gedenken an Millionen Rotarmisten, die bei der Befreiung Europas vom Faschismus ihr Leben lie\u00dfen, indem sie\u2026 <a rel=\"nofollow noopener\" target=\"_blank\" href=\"https:\/\/t.co\/2ZHoMO9C1s\">pic.twitter.com\/2ZHoMO9C1s<\/a><\/p>\n<p>\u2014 junge Welt (@jungewelt) <a rel=\"nofollow noopener\" target=\"_blank\" href=\"https:\/\/twitter.com\/jungewelt\/status\/1920453895811137784?ref_src=twsrc%5Etfw\">May 8, 2025<\/a><\/p><\/blockquote>\n<\/div>\n<\/div>\n<p>In der N\u00e4he des Mausoleums habe eine Frau ein wei\u00dfes Laken ausgebreitet. Darauf stand: &#8220;Danke an die Soldaten der Roten Armee.&#8221; Zwar handelte es sich offensichtlich nicht um eine russische Flagge. Dennoch wurde sie sofort von der Polizei belehrt. Bei Zeigen ihres Tuches w\u00fcrde es sich eine &#8220;unangemeldete Versammlung&#8221; handeln, sobald sich eine zweite Person dazu stelle.<\/p>\n<p>Die <em>Berliner Zeitung<\/em>\u00a0<a rel=\"nofollow noopener\" target=\"_blank\" href=\"https:\/\/www.berliner-zeitung.de\/mensch-metropole\/was-sich-an-den-ehrenmalen-in-treptow-und-pankow-abspielte-li.2323203\">berichtete<\/a> auch \u00fcber die Gedenkveranstaltung in der Sch\u00f6nholzer Heide in Pankow. Dort warteten die Besucher am Absperrgitter auf den russischen Botschafter Sergej Netschajew. Er nehme am 8. Mai am Gedenken in Pankow deshalb teil, weil er bei den offiziellen Gedenkveranstaltungen der Bundesrepublik und des Berliner Senats nicht eingeladen worden sei, so die Zeitung.<\/p>\n<p><strong>Mehr zum Thema<\/strong> &#8211; <a rel=\"nofollow noopener\" target=\"_blank\" href=\"https:\/\/dert.online\/kurzclips\/video\/243855-unertraeglicher-umstand-bsw-politiker-kritisiert\/\">&#8220;Unertr\u00e4glicher Umstand&#8221; \u2013 BSW-Politiker kritisiert Ausgrenzung Russlands zum Weltkriegsgedenken <\/a><\/p>\n<div class=\"EmbedBlock-root EmbedBlock-externalVideo EmbedBlock-rumble\">\n<div class=\"VkEmbed\"><iframe class=\"lazyload\" data-src=\"https:\/\/rumble.com\/embed\/v6qxqh5\" frameborder=\"0\" width=\"853\" height=\"480\" allowfullscreen><\/iframe><\/div>\n<\/div>\n<\/div>\n<p><script async src=\"https:\/\/platform.twitter.com\/widgets.js\" charset=\"utf-8\"><\/script><br \/>\n<br \/><br \/>\n<br \/><a href=\"https:\/\/de.rt.com\/inland\/244480-zum-schaemen-episoden-vom-gedenken\/\">Source link <\/a><\/p>\n","protected":false},"excerpt":{"rendered":"<p>W\u00e4hrend das Tragen von russischen oder sowjetischen Flaggen w\u00e4hrend der Gedenkfeiern zum 80. Jahrestag der Befreiung vom Nationalsozialismus streng verboten sind, tummeln sich pro-ukrainische Aktivisten mit blau-gelben Fahnen und NATO-Flaggen an den sowjetischen Ehrenm\u00e4lern in Berlin. Am mehreren Gedenkst\u00e4tten fanden am 8. Mai des 80. Jahrestag des Weltkriegsendes und der Befreiung vom Nationalsozialismus in Berlin [&hellip;]<\/p>\n","protected":false},"author":3,"featured_media":83456,"comment_status":"open","ping_status":"open","sticky":false,"template":"","format":"standard","meta":{"_yoast_indexnow_last_ping":["1746736139"],"wp_automatic_camp":["217"],"820c42938b298c9995fc6564eaaf08b9":["Nur noch peinlich:  Episoden am Gedenktag zum 8. Mai in Berlin"],"original_link":["https:\/\/de.rt.com\/inland\/244480-zum-schaemen-episoden-vom-gedenken\/"],"_thumbnail_id":["83456"],"_wptgpro_p2tg_sent2tg":["a:1:{i:23737;s:19:\"2025-05-08 22:30:00\";}"],"jnews_social_counter_last_update":["1777660460"]},"categories":[19,23],"tags":[943,64819,28634,9933,1674,4230,18934,565],"yoast_head":"<!-- This site is optimized with the Yoast SEO Premium plugin v22.7 (Yoast SEO v22.7) - https:\/\/yoast.com\/wordpress\/plugins\/seo\/ -->\n<title>Nur noch peinlich: Episoden am Gedenktag zum 8. Mai in Berlin - just-now.NEWS Deutschland<\/title>\n<meta name=\"robots\" content=\"index, follow, max-snippet:-1, max-image-preview:large, max-video-preview:-1\" \/>\n<link rel=\"canonical\" href=\"https:\/\/now-news.de\/de\/deutschland\/nur-noch-peinlich-episoden-am-gedenktag-zum-8-mai-in-berlin\/\" \/>\n<meta property=\"og:locale\" content=\"de_DE\" \/>\n<meta property=\"og:type\" content=\"article\" \/>\n<meta property=\"og:title\" content=\"Nur noch peinlich: Episoden am Gedenktag zum 8. Mai in Berlin\" \/>\n<meta property=\"og:description\" content=\"W\u00e4hrend das Tragen von russischen oder sowjetischen Flaggen w\u00e4hrend der Gedenkfeiern zum 80. Jahrestag der Befreiung vom Nationalsozialismus streng verboten sind, tummeln sich pro-ukrainische Aktivisten mit blau-gelben Fahnen und NATO-Flaggen an den sowjetischen Ehrenm\u00e4lern in Berlin. Am mehreren Gedenkst\u00e4tten fanden am 8. Mai des 80. Jahrestag des Weltkriegsendes und der Befreiung vom Nationalsozialismus in Berlin [&hellip;]\" \/>\n<meta property=\"og:url\" content=\"https:\/\/now-news.de\/de\/deutschland\/nur-noch-peinlich-episoden-am-gedenktag-zum-8-mai-in-berlin\/\" \/>\n<meta property=\"og:site_name\" content=\"just-now.NEWS Deutschland\" \/>\n<meta property=\"article:publisher\" content=\"https:\/\/www.facebook.com\/wirmachenauf\" \/>\n<meta property=\"article:published_time\" content=\"2025-05-08T20:19:36+00:00\" \/>\n<meta property=\"og:image\" content=\"https:\/\/now-news.de\/de\/wp-content\/uploads\/sites\/3\/2025\/05\/681d114448fbef19a7694732.jpg\" \/>\n<meta name=\"author\" content=\"rtnews\" \/>\n<meta name=\"twitter:card\" content=\"summary_large_image\" \/>\n<meta name=\"twitter:creator\" content=\"@WirMachenAuf_de\" \/>\n<meta name=\"twitter:site\" content=\"@WirMachenAuf_de\" \/>\n<meta name=\"twitter:label1\" content=\"Verfasst von\" \/>\n\t<meta name=\"twitter:data1\" content=\"rtnews\" \/>\n\t<meta name=\"twitter:label2\" content=\"Gesch\u00e4tzte Lesezeit\" \/>\n\t<meta name=\"twitter:data2\" content=\"3\u00a0Minuten\" \/>\n<script type=\"application\/ld+json\" class=\"yoast-schema-graph\">{\"@context\":\"https:\/\/schema.org\",\"@graph\":[{\"@type\":\"Article\",\"@id\":\"https:\/\/now-news.de\/de\/deutschland\/nur-noch-peinlich-episoden-am-gedenktag-zum-8-mai-in-berlin\/#article\",\"isPartOf\":{\"@id\":\"https:\/\/now-news.de\/de\/deutschland\/nur-noch-peinlich-episoden-am-gedenktag-zum-8-mai-in-berlin\/\"},\"author\":{\"name\":\"rtnews\",\"@id\":\"https:\/\/now-news.de\/de\/#\/schema\/person\/fb534a4e865501d8b3285208df34a9b5\"},\"headline\":\"Nur noch peinlich: Episoden am Gedenktag zum 8. Mai in Berlin\",\"datePublished\":\"2025-05-08T20:19:36+00:00\",\"dateModified\":\"2025-05-08T20:19:36+00:00\",\"mainEntityOfPage\":{\"@id\":\"https:\/\/now-news.de\/de\/deutschland\/nur-noch-peinlich-episoden-am-gedenktag-zum-8-mai-in-berlin\/\"},\"wordCount\":648,\"commentCount\":0,\"publisher\":{\"@id\":\"https:\/\/now-news.de\/de\/#organization\"},\"image\":{\"@id\":\"https:\/\/now-news.de\/de\/deutschland\/nur-noch-peinlich-episoden-am-gedenktag-zum-8-mai-in-berlin\/#primaryimage\"},\"thumbnailUrl\":\"https:\/\/now-news.de\/de\/wp-content\/uploads\/sites\/3\/2025\/05\/Nur-noch-peinlich-Episoden-am-Gedenktag-zum-8-Mai-in.jpg\",\"keywords\":[\"Berlin\",\"Episoden\",\"Gedenktag\",\"Mai\",\"noch\",\"NUR\",\"Peinlich\",\"zum\"],\"articleSection\":[\"Deutschland\",\"Russland\"],\"inLanguage\":\"de\",\"potentialAction\":[{\"@type\":\"CommentAction\",\"name\":\"Comment\",\"target\":[\"https:\/\/now-news.de\/de\/deutschland\/nur-noch-peinlich-episoden-am-gedenktag-zum-8-mai-in-berlin\/#respond\"]}]},{\"@type\":\"WebPage\",\"@id\":\"https:\/\/now-news.de\/de\/deutschland\/nur-noch-peinlich-episoden-am-gedenktag-zum-8-mai-in-berlin\/\",\"url\":\"https:\/\/now-news.de\/de\/deutschland\/nur-noch-peinlich-episoden-am-gedenktag-zum-8-mai-in-berlin\/\",\"name\":\"Nur noch peinlich: Episoden am Gedenktag zum 8. Mai in Berlin - just-now.NEWS Deutschland\",\"isPartOf\":{\"@id\":\"https:\/\/now-news.de\/de\/#website\"},\"primaryImageOfPage\":{\"@id\":\"https:\/\/now-news.de\/de\/deutschland\/nur-noch-peinlich-episoden-am-gedenktag-zum-8-mai-in-berlin\/#primaryimage\"},\"image\":{\"@id\":\"https:\/\/now-news.de\/de\/deutschland\/nur-noch-peinlich-episoden-am-gedenktag-zum-8-mai-in-berlin\/#primaryimage\"},\"thumbnailUrl\":\"https:\/\/now-news.de\/de\/wp-content\/uploads\/sites\/3\/2025\/05\/Nur-noch-peinlich-Episoden-am-Gedenktag-zum-8-Mai-in.jpg\",\"datePublished\":\"2025-05-08T20:19:36+00:00\",\"dateModified\":\"2025-05-08T20:19:36+00:00\",\"breadcrumb\":{\"@id\":\"https:\/\/now-news.de\/de\/deutschland\/nur-noch-peinlich-episoden-am-gedenktag-zum-8-mai-in-berlin\/#breadcrumb\"},\"inLanguage\":\"de\",\"potentialAction\":[{\"@type\":\"ReadAction\",\"target\":[\"https:\/\/now-news.de\/de\/deutschland\/nur-noch-peinlich-episoden-am-gedenktag-zum-8-mai-in-berlin\/\"]}]},{\"@type\":\"ImageObject\",\"inLanguage\":\"de\",\"@id\":\"https:\/\/now-news.de\/de\/deutschland\/nur-noch-peinlich-episoden-am-gedenktag-zum-8-mai-in-berlin\/#primaryimage\",\"url\":\"https:\/\/now-news.de\/de\/wp-content\/uploads\/sites\/3\/2025\/05\/Nur-noch-peinlich-Episoden-am-Gedenktag-zum-8-Mai-in.jpg\",\"contentUrl\":\"https:\/\/now-news.de\/de\/wp-content\/uploads\/sites\/3\/2025\/05\/Nur-noch-peinlich-Episoden-am-Gedenktag-zum-8-Mai-in.jpg\",\"width\":460,\"height\":259,\"caption\":\"Nur noch peinlich: Episoden am Gedenktag zum 8. Mai in Berlin\"},{\"@type\":\"BreadcrumbList\",\"@id\":\"https:\/\/now-news.de\/de\/deutschland\/nur-noch-peinlich-episoden-am-gedenktag-zum-8-mai-in-berlin\/#breadcrumb\",\"itemListElement\":[{\"@type\":\"ListItem\",\"position\":1,\"name\":\"Home\",\"item\":\"https:\/\/now-news.de\/de\/\"},{\"@type\":\"ListItem\",\"position\":2,\"name\":\"Nur noch peinlich: Episoden am Gedenktag zum 8. Mai in Berlin\"}]},{\"@type\":\"WebSite\",\"@id\":\"https:\/\/now-news.de\/de\/#website\",\"url\":\"https:\/\/now-news.de\/de\/\",\"name\":\"just-now.NEWS Deutschland\",\"description\":\"Das Portal f\u00fcr unzensierte Nachrichten aus der Welt\",\"publisher\":{\"@id\":\"https:\/\/now-news.de\/de\/#organization\"},\"potentialAction\":[{\"@type\":\"SearchAction\",\"target\":{\"@type\":\"EntryPoint\",\"urlTemplate\":\"https:\/\/now-news.de\/de\/?s={search_term_string}\"},\"query-input\":\"required name=search_term_string\"}],\"inLanguage\":\"de\"},{\"@type\":\"Organization\",\"@id\":\"https:\/\/now-news.de\/de\/#organization\",\"name\":\"Just Now News\",\"url\":\"https:\/\/now-news.de\/de\/\",\"logo\":{\"@type\":\"ImageObject\",\"inLanguage\":\"de\",\"@id\":\"https:\/\/now-news.de\/de\/#\/schema\/logo\/image\/\",\"url\":\"http:\/\/just-now.news\/de\/wp-content\/uploads\/sites\/3\/2022\/04\/logo500x500.jpg\",\"contentUrl\":\"http:\/\/just-now.news\/de\/wp-content\/uploads\/sites\/3\/2022\/04\/logo500x500.jpg\",\"width\":500,\"height\":500,\"caption\":\"Just Now News\"},\"image\":{\"@id\":\"https:\/\/now-news.de\/de\/#\/schema\/logo\/image\/\"},\"sameAs\":[\"https:\/\/www.facebook.com\/wirmachenauf\",\"https:\/\/x.com\/WirMachenAuf_de\"]},{\"@type\":\"Person\",\"@id\":\"https:\/\/now-news.de\/de\/#\/schema\/person\/fb534a4e865501d8b3285208df34a9b5\",\"name\":\"rtnews\",\"image\":{\"@type\":\"ImageObject\",\"inLanguage\":\"de\",\"@id\":\"https:\/\/now-news.de\/de\/#\/schema\/person\/image\/\",\"url\":\"https:\/\/secure.gravatar.com\/avatar\/82aafea7d8127119dd649515f56e2117?s=96&d=mm&r=g\",\"contentUrl\":\"https:\/\/secure.gravatar.com\/avatar\/82aafea7d8127119dd649515f56e2117?s=96&d=mm&r=g\",\"caption\":\"rtnews\"},\"url\":\"https:\/\/now-news.de\/de\/author\/rnews\/\"}]}<\/script>\n<!-- \/ Yoast SEO Premium plugin. -->","yoast_head_json":{"title":"Nur noch peinlich: Episoden am Gedenktag zum 8. Mai in Berlin - just-now.NEWS Deutschland","robots":{"index":"index","follow":"follow","max-snippet":"max-snippet:-1","max-image-preview":"max-image-preview:large","max-video-preview":"max-video-preview:-1"},"canonical":"https:\/\/now-news.de\/de\/deutschland\/nur-noch-peinlich-episoden-am-gedenktag-zum-8-mai-in-berlin\/","og_locale":"de_DE","og_type":"article","og_title":"Nur noch peinlich: Episoden am Gedenktag zum 8. Mai in Berlin","og_description":"W\u00e4hrend das Tragen von russischen oder sowjetischen Flaggen w\u00e4hrend der Gedenkfeiern zum 80. Jahrestag der Befreiung vom Nationalsozialismus streng verboten sind, tummeln sich pro-ukrainische Aktivisten mit blau-gelben Fahnen und NATO-Flaggen an den sowjetischen Ehrenm\u00e4lern in Berlin. Am mehreren Gedenkst\u00e4tten fanden am 8. Mai des 80. Jahrestag des Weltkriegsendes und der Befreiung vom Nationalsozialismus in Berlin [&hellip;]","og_url":"https:\/\/now-news.de\/de\/deutschland\/nur-noch-peinlich-episoden-am-gedenktag-zum-8-mai-in-berlin\/","og_site_name":"just-now.NEWS Deutschland","article_publisher":"https:\/\/www.facebook.com\/wirmachenauf","article_published_time":"2025-05-08T20:19:36+00:00","og_image":[{"url":"https:\/\/now-news.de\/de\/wp-content\/uploads\/sites\/3\/2025\/05\/681d114448fbef19a7694732.jpg"}],"author":"rtnews","twitter_card":"summary_large_image","twitter_creator":"@WirMachenAuf_de","twitter_site":"@WirMachenAuf_de","twitter_misc":{"Verfasst von":"rtnews","Gesch\u00e4tzte Lesezeit":"3\u00a0Minuten"},"schema":{"@context":"https:\/\/schema.org","@graph":[{"@type":"Article","@id":"https:\/\/now-news.de\/de\/deutschland\/nur-noch-peinlich-episoden-am-gedenktag-zum-8-mai-in-berlin\/#article","isPartOf":{"@id":"https:\/\/now-news.de\/de\/deutschland\/nur-noch-peinlich-episoden-am-gedenktag-zum-8-mai-in-berlin\/"},"author":{"name":"rtnews","@id":"https:\/\/now-news.de\/de\/#\/schema\/person\/fb534a4e865501d8b3285208df34a9b5"},"headline":"Nur noch peinlich: Episoden am Gedenktag zum 8. Mai in Berlin","datePublished":"2025-05-08T20:19:36+00:00","dateModified":"2025-05-08T20:19:36+00:00","mainEntityOfPage":{"@id":"https:\/\/now-news.de\/de\/deutschland\/nur-noch-peinlich-episoden-am-gedenktag-zum-8-mai-in-berlin\/"},"wordCount":648,"commentCount":0,"publisher":{"@id":"https:\/\/now-news.de\/de\/#organization"},"image":{"@id":"https:\/\/now-news.de\/de\/deutschland\/nur-noch-peinlich-episoden-am-gedenktag-zum-8-mai-in-berlin\/#primaryimage"},"thumbnailUrl":"https:\/\/now-news.de\/de\/wp-content\/uploads\/sites\/3\/2025\/05\/Nur-noch-peinlich-Episoden-am-Gedenktag-zum-8-Mai-in.jpg","keywords":["Berlin","Episoden","Gedenktag","Mai","noch","NUR","Peinlich","zum"],"articleSection":["Deutschland","Russland"],"inLanguage":"de","potentialAction":[{"@type":"CommentAction","name":"Comment","target":["https:\/\/now-news.de\/de\/deutschland\/nur-noch-peinlich-episoden-am-gedenktag-zum-8-mai-in-berlin\/#respond"]}]},{"@type":"WebPage","@id":"https:\/\/now-news.de\/de\/deutschland\/nur-noch-peinlich-episoden-am-gedenktag-zum-8-mai-in-berlin\/","url":"https:\/\/now-news.de\/de\/deutschland\/nur-noch-peinlich-episoden-am-gedenktag-zum-8-mai-in-berlin\/","name":"Nur noch peinlich: Episoden am Gedenktag zum 8. Mai in Berlin - just-now.NEWS Deutschland","isPartOf":{"@id":"https:\/\/now-news.de\/de\/#website"},"primaryImageOfPage":{"@id":"https:\/\/now-news.de\/de\/deutschland\/nur-noch-peinlich-episoden-am-gedenktag-zum-8-mai-in-berlin\/#primaryimage"},"image":{"@id":"https:\/\/now-news.de\/de\/deutschland\/nur-noch-peinlich-episoden-am-gedenktag-zum-8-mai-in-berlin\/#primaryimage"},"thumbnailUrl":"https:\/\/now-news.de\/de\/wp-content\/uploads\/sites\/3\/2025\/05\/Nur-noch-peinlich-Episoden-am-Gedenktag-zum-8-Mai-in.jpg","datePublished":"2025-05-08T20:19:36+00:00","dateModified":"2025-05-08T20:19:36+00:00","breadcrumb":{"@id":"https:\/\/now-news.de\/de\/deutschland\/nur-noch-peinlich-episoden-am-gedenktag-zum-8-mai-in-berlin\/#breadcrumb"},"inLanguage":"de","potentialAction":[{"@type":"ReadAction","target":["https:\/\/now-news.de\/de\/deutschland\/nur-noch-peinlich-episoden-am-gedenktag-zum-8-mai-in-berlin\/"]}]},{"@type":"ImageObject","inLanguage":"de","@id":"https:\/\/now-news.de\/de\/deutschland\/nur-noch-peinlich-episoden-am-gedenktag-zum-8-mai-in-berlin\/#primaryimage","url":"https:\/\/now-news.de\/de\/wp-content\/uploads\/sites\/3\/2025\/05\/Nur-noch-peinlich-Episoden-am-Gedenktag-zum-8-Mai-in.jpg","contentUrl":"https:\/\/now-news.de\/de\/wp-content\/uploads\/sites\/3\/2025\/05\/Nur-noch-peinlich-Episoden-am-Gedenktag-zum-8-Mai-in.jpg","width":460,"height":259,"caption":"Nur noch peinlich: Episoden am Gedenktag zum 8. Mai in Berlin"},{"@type":"BreadcrumbList","@id":"https:\/\/now-news.de\/de\/deutschland\/nur-noch-peinlich-episoden-am-gedenktag-zum-8-mai-in-berlin\/#breadcrumb","itemListElement":[{"@type":"ListItem","position":1,"name":"Home","item":"https:\/\/now-news.de\/de\/"},{"@type":"ListItem","position":2,"name":"Nur noch peinlich: Episoden am Gedenktag zum 8. Mai in Berlin"}]},{"@type":"WebSite","@id":"https:\/\/now-news.de\/de\/#website","url":"https:\/\/now-news.de\/de\/","name":"just-now.NEWS Deutschland","description":"Das Portal f\u00fcr unzensierte Nachrichten aus der Welt","publisher":{"@id":"https:\/\/now-news.de\/de\/#organization"},"potentialAction":[{"@type":"SearchAction","target":{"@type":"EntryPoint","urlTemplate":"https:\/\/now-news.de\/de\/?s={search_term_string}"},"query-input":"required name=search_term_string"}],"inLanguage":"de"},{"@type":"Organization","@id":"https:\/\/now-news.de\/de\/#organization","name":"Just Now News","url":"https:\/\/now-news.de\/de\/","logo":{"@type":"ImageObject","inLanguage":"de","@id":"https:\/\/now-news.de\/de\/#\/schema\/logo\/image\/","url":"http:\/\/just-now.news\/de\/wp-content\/uploads\/sites\/3\/2022\/04\/logo500x500.jpg","contentUrl":"http:\/\/just-now.news\/de\/wp-content\/uploads\/sites\/3\/2022\/04\/logo500x500.jpg","width":500,"height":500,"caption":"Just Now News"},"image":{"@id":"https:\/\/now-news.de\/de\/#\/schema\/logo\/image\/"},"sameAs":["https:\/\/www.facebook.com\/wirmachenauf","https:\/\/x.com\/WirMachenAuf_de"]},{"@type":"Person","@id":"https:\/\/now-news.de\/de\/#\/schema\/person\/fb534a4e865501d8b3285208df34a9b5","name":"rtnews","image":{"@type":"ImageObject","inLanguage":"de","@id":"https:\/\/now-news.de\/de\/#\/schema\/person\/image\/","url":"https:\/\/secure.gravatar.com\/avatar\/82aafea7d8127119dd649515f56e2117?s=96&d=mm&r=g","contentUrl":"https:\/\/secure.gravatar.com\/avatar\/82aafea7d8127119dd649515f56e2117?s=96&d=mm&r=g","caption":"rtnews"},"url":"https:\/\/now-news.de\/de\/author\/rnews\/"}]}},"_links":{"self":[{"href":"https:\/\/now-news.de\/de\/wp-json\/wp\/v2\/posts\/83455"}],"collection":[{"href":"https:\/\/now-news.de\/de\/wp-json\/wp\/v2\/posts"}],"about":[{"href":"https:\/\/now-news.de\/de\/wp-json\/wp\/v2\/types\/post"}],"author":[{"embeddable":true,"href":"https:\/\/now-news.de\/de\/wp-json\/wp\/v2\/users\/3"}],"replies":[{"embeddable":true,"href":"https:\/\/now-news.de\/de\/wp-json\/wp\/v2\/comments?post=83455"}],"version-history":[{"count":0,"href":"https:\/\/now-news.de\/de\/wp-json\/wp\/v2\/posts\/83455\/revisions"}],"wp:featuredmedia":[{"embeddable":true,"href":"https:\/\/now-news.de\/de\/wp-json\/wp\/v2\/media\/83456"}],"wp:attachment":[{"href":"https:\/\/now-news.de\/de\/wp-json\/wp\/v2\/media?parent=83455"}],"wp:term":[{"taxonomy":"category","embeddable":true,"href":"https:\/\/now-news.de\/de\/wp-json\/wp\/v2\/categories?post=83455"},{"taxonomy":"post_tag","embeddable":true,"href":"https:\/\/now-news.de\/de\/wp-json\/wp\/v2\/tags?post=83455"}],"curies":[{"name":"wp","href":"https:\/\/api.w.org\/{rel}","templated":true}]}}