{"id":83453,"date":"2025-05-08T21:58:29","date_gmt":"2025-05-08T19:58:29","guid":{"rendered":"https:\/\/now-news.de\/de\/deutschland\/fuenf-tage-auf-der-flucht-zielfahndung-spuert-mutmasslichen-moerder-auf\/"},"modified":"2025-05-08T21:58:29","modified_gmt":"2025-05-08T19:58:29","slug":"fuenf-tage-auf-der-flucht-zielfahndung-spuert-mutmasslichen-moerder-auf","status":"publish","type":"post","link":"https:\/\/now-news.de\/de\/deutschland\/fuenf-tage-auf-der-flucht-zielfahndung-spuert-mutmasslichen-moerder-auf\/","title":{"rendered":"F\u00fcnf Tage auf der Flucht \u2013 Zielfahndung sp\u00fcrt mutma\u00dflichen M\u00f6rder auf"},"content":{"rendered":"<p><img decoding=\"async\" src=\"https:\/\/now-news.de\/de\/wp-content\/uploads\/sites\/3\/2025\/05\/681cc11f48fbef199824fe9e.jpg\" \/><\/p>\n<div class=\"Text-root Text-type_1 \">\n                Nach der t\u00f6dlichen Schussattacke auf eine Frau in Maria Alm wurde der Verd\u00e4chtige Krisztian P. in den Niederlanden gefasst.\n            <\/div>\n<p><\/p>\n<div class=\"Text-root Text-type_5 ArticleView-text ViewText-root \">\n<p data-start=\"4075\" data-end=\"4269\">Ein Mord, eine Flucht quer durch Europa und eine Festnahme in einem Supermarkt: Der Fall Jenny Z. ersch\u00fcttert Salzburg \u2013 und l\u00e4sst Zweifel an der Wirksamkeit fr\u00fcherer Schutzma\u00dfnahmen aufkommen.<\/p>\n<p>In der Nacht zum Samstag traf sich die 34-J\u00e4hrige mit ihrem Ex-Freund Krisztian P. in Maria Alm. Es war ein letztes Gespr\u00e4ch, bei dem pers\u00f6nliche Dinge gekl\u00e4rt werden sollten. Stattdessen wurde es zum t\u00f6dlichen Finale einer Beziehung, die offenbar schon zuvor von Gewalt gepr\u00e4gt war.<\/p>\n<p>Kurz nach Mitternacht fiel ein Schuss. Die Begleiterin des Opfers beobachtete die Szene aus dem Auto. Der T\u00e4ter entkam mit einem Mietwagen. Noch am Wochenende wurde ein internationaler Haftbefehl erlassen. Am Donnerstag schlug die Polizei in Utrecht zu: Zielfahnder nahmen den Mann beim Verlassen eines Gesch\u00e4fts fest.<\/p>\n<p>Innenminister Karner lobte die &#8220;hervorragende Arbeit&#8221; der Ermittler. Doch der Fall hinterl\u00e4sst Spuren: Schon Monate vor der Tat hatte die Frau Anzeige wegen Drohung und Sachbesch\u00e4digung erstattet. Die Ermittlungen wurden eingestellt. Nun wird neu gepr\u00fcft, ob dabei Fehler gemacht wurden.<\/p>\n<p data-start=\"4876\" data-end=\"5163\"><strong>Mehr zum Thema<\/strong>\u00a0\u2013\u00a0<a rel=\"nofollow noopener\" target=\"_blank\" href=\"https:\/\/freedert.online\/oesterreich\/239242-auswirkungen-ramadan-auf-schulen-fpoe\/\">Auswirkungen des Ramadan auf Schulen: FP\u00d6 kritisiert Migrationspolitik<\/a><\/p>\n<div class=\"EmbedBlock-root EmbedBlock-externalVideo EmbedBlock-rumble\">\n<div class=\"VkEmbed\"><iframe class=\"lazyload\" data-src=\"https:\/\/rumble.com\/embed\/v6bnw27\" frameborder=\"0\" width=\"853\" height=\"480\" allowfullscreen><\/iframe><\/div>\n<\/div>\n<\/div>\n<p><br \/>\n<br \/><a href=\"https:\/\/de.rt.com\/oesterreich\/244465-fuenf-tage-auf-flucht-zielfahndung\/\">Source link <\/a><\/p>\n","protected":false},"excerpt":{"rendered":"<p>Nach der t\u00f6dlichen Schussattacke auf eine Frau in Maria Alm wurde der Verd\u00e4chtige Krisztian P. in den Niederlanden gefasst. Ein Mord, eine Flucht quer durch Europa und eine Festnahme in einem Supermarkt: Der Fall Jenny Z. ersch\u00fcttert Salzburg \u2013 und l\u00e4sst Zweifel an der Wirksamkeit fr\u00fcherer Schutzma\u00dfnahmen aufkommen. In der Nacht zum Samstag traf sich [&hellip;]<\/p>\n","protected":false},"author":3,"featured_media":83454,"comment_status":"open","ping_status":"open","sticky":false,"template":"","format":"standard","meta":{"_yoast_indexnow_last_ping":["1746735180"],"wp_automatic_camp":["217"],"4c6567b54507391499a201e2678525ec":["F\u00fcnf Tage auf der Flucht \u2013 Zielfahndung sp\u00fcrt mutma\u00dflichen M\u00f6rder auf"],"original_link":["https:\/\/de.rt.com\/oesterreich\/244465-fuenf-tage-auf-flucht-zielfahndung\/"],"_thumbnail_id":["83454"],"_wptgpro_p2tg_sent2tg":["a:1:{i:23737;s:19:\"2025-05-08 22:13:57\";}"],"jnews_social_counter_last_update":["1777222042"]},"categories":[19,23],"tags":[133,82,2729,4905,23531,20689,26591,3654,64818],"yoast_head":"<!-- This site is optimized with the Yoast SEO Premium plugin v22.7 (Yoast SEO v22.7) - https:\/\/yoast.com\/wordpress\/plugins\/seo\/ -->\n<title>F\u00fcnf Tage auf der Flucht \u2013 Zielfahndung sp\u00fcrt mutma\u00dflichen M\u00f6rder auf - just-now.NEWS Deutschland<\/title>\n<meta name=\"robots\" content=\"index, follow, max-snippet:-1, max-image-preview:large, max-video-preview:-1\" \/>\n<link rel=\"canonical\" href=\"https:\/\/now-news.de\/de\/deutschland\/fuenf-tage-auf-der-flucht-zielfahndung-spuert-mutmasslichen-moerder-auf\/\" \/>\n<meta property=\"og:locale\" content=\"de_DE\" \/>\n<meta property=\"og:type\" content=\"article\" \/>\n<meta property=\"og:title\" content=\"F\u00fcnf Tage auf der Flucht \u2013 Zielfahndung sp\u00fcrt mutma\u00dflichen M\u00f6rder auf\" \/>\n<meta property=\"og:description\" content=\"Nach der t\u00f6dlichen Schussattacke auf eine Frau in Maria Alm wurde der Verd\u00e4chtige Krisztian P. in den Niederlanden gefasst. Ein Mord, eine Flucht quer durch Europa und eine Festnahme in einem Supermarkt: Der Fall Jenny Z. ersch\u00fcttert Salzburg \u2013 und l\u00e4sst Zweifel an der Wirksamkeit fr\u00fcherer Schutzma\u00dfnahmen aufkommen. In der Nacht zum Samstag traf sich [&hellip;]\" \/>\n<meta property=\"og:url\" content=\"https:\/\/now-news.de\/de\/deutschland\/fuenf-tage-auf-der-flucht-zielfahndung-spuert-mutmasslichen-moerder-auf\/\" \/>\n<meta property=\"og:site_name\" content=\"just-now.NEWS Deutschland\" \/>\n<meta property=\"article:publisher\" content=\"https:\/\/www.facebook.com\/wirmachenauf\" \/>\n<meta property=\"article:published_time\" content=\"2025-05-08T19:58:29+00:00\" \/>\n<meta property=\"og:image\" content=\"https:\/\/now-news.de\/de\/wp-content\/uploads\/sites\/3\/2025\/05\/681cc11f48fbef199824fe9e.jpg\" \/>\n<meta name=\"author\" content=\"rtnews\" \/>\n<meta name=\"twitter:card\" content=\"summary_large_image\" \/>\n<meta name=\"twitter:creator\" content=\"@WirMachenAuf_de\" \/>\n<meta name=\"twitter:site\" content=\"@WirMachenAuf_de\" \/>\n<meta name=\"twitter:label1\" content=\"Verfasst von\" \/>\n\t<meta name=\"twitter:data1\" content=\"rtnews\" \/>\n\t<meta name=\"twitter:label2\" content=\"Gesch\u00e4tzte Lesezeit\" \/>\n\t<meta name=\"twitter:data2\" content=\"1\u00a0Minute\" \/>\n<script type=\"application\/ld+json\" class=\"yoast-schema-graph\">{\"@context\":\"https:\/\/schema.org\",\"@graph\":[{\"@type\":\"Article\",\"@id\":\"https:\/\/now-news.de\/de\/deutschland\/fuenf-tage-auf-der-flucht-zielfahndung-spuert-mutmasslichen-moerder-auf\/#article\",\"isPartOf\":{\"@id\":\"https:\/\/now-news.de\/de\/deutschland\/fuenf-tage-auf-der-flucht-zielfahndung-spuert-mutmasslichen-moerder-auf\/\"},\"author\":{\"name\":\"rtnews\",\"@id\":\"https:\/\/now-news.de\/de\/#\/schema\/person\/fb534a4e865501d8b3285208df34a9b5\"},\"headline\":\"F\u00fcnf Tage auf der Flucht \u2013 Zielfahndung sp\u00fcrt mutma\u00dflichen M\u00f6rder auf\",\"datePublished\":\"2025-05-08T19:58:29+00:00\",\"dateModified\":\"2025-05-08T19:58:29+00:00\",\"mainEntityOfPage\":{\"@id\":\"https:\/\/now-news.de\/de\/deutschland\/fuenf-tage-auf-der-flucht-zielfahndung-spuert-mutmasslichen-moerder-auf\/\"},\"wordCount\":224,\"commentCount\":0,\"publisher\":{\"@id\":\"https:\/\/now-news.de\/de\/#organization\"},\"image\":{\"@id\":\"https:\/\/now-news.de\/de\/deutschland\/fuenf-tage-auf-der-flucht-zielfahndung-spuert-mutmasslichen-moerder-auf\/#primaryimage\"},\"thumbnailUrl\":\"https:\/\/now-news.de\/de\/wp-content\/uploads\/sites\/3\/2025\/05\/Fuenf-Tage-auf-der-Flucht-\u2013-Zielfahndung-spuert-mutmasslichen-Moerder.jpg\",\"keywords\":[\"AUF\",\"der\",\"Flucht\",\"f\u00fcnf\",\"M\u00f6rder\",\"mutma\u00dflichen\",\"sp\u00fcrt\",\"Tage\",\"Zielfahndung\"],\"articleSection\":[\"Deutschland\",\"Russland\"],\"inLanguage\":\"de\",\"potentialAction\":[{\"@type\":\"CommentAction\",\"name\":\"Comment\",\"target\":[\"https:\/\/now-news.de\/de\/deutschland\/fuenf-tage-auf-der-flucht-zielfahndung-spuert-mutmasslichen-moerder-auf\/#respond\"]}]},{\"@type\":\"WebPage\",\"@id\":\"https:\/\/now-news.de\/de\/deutschland\/fuenf-tage-auf-der-flucht-zielfahndung-spuert-mutmasslichen-moerder-auf\/\",\"url\":\"https:\/\/now-news.de\/de\/deutschland\/fuenf-tage-auf-der-flucht-zielfahndung-spuert-mutmasslichen-moerder-auf\/\",\"name\":\"F\u00fcnf Tage auf der Flucht \u2013 Zielfahndung sp\u00fcrt mutma\u00dflichen M\u00f6rder auf - just-now.NEWS Deutschland\",\"isPartOf\":{\"@id\":\"https:\/\/now-news.de\/de\/#website\"},\"primaryImageOfPage\":{\"@id\":\"https:\/\/now-news.de\/de\/deutschland\/fuenf-tage-auf-der-flucht-zielfahndung-spuert-mutmasslichen-moerder-auf\/#primaryimage\"},\"image\":{\"@id\":\"https:\/\/now-news.de\/de\/deutschland\/fuenf-tage-auf-der-flucht-zielfahndung-spuert-mutmasslichen-moerder-auf\/#primaryimage\"},\"thumbnailUrl\":\"https:\/\/now-news.de\/de\/wp-content\/uploads\/sites\/3\/2025\/05\/Fuenf-Tage-auf-der-Flucht-\u2013-Zielfahndung-spuert-mutmasslichen-Moerder.jpg\",\"datePublished\":\"2025-05-08T19:58:29+00:00\",\"dateModified\":\"2025-05-08T19:58:29+00:00\",\"breadcrumb\":{\"@id\":\"https:\/\/now-news.de\/de\/deutschland\/fuenf-tage-auf-der-flucht-zielfahndung-spuert-mutmasslichen-moerder-auf\/#breadcrumb\"},\"inLanguage\":\"de\",\"potentialAction\":[{\"@type\":\"ReadAction\",\"target\":[\"https:\/\/now-news.de\/de\/deutschland\/fuenf-tage-auf-der-flucht-zielfahndung-spuert-mutmasslichen-moerder-auf\/\"]}]},{\"@type\":\"ImageObject\",\"inLanguage\":\"de\",\"@id\":\"https:\/\/now-news.de\/de\/deutschland\/fuenf-tage-auf-der-flucht-zielfahndung-spuert-mutmasslichen-moerder-auf\/#primaryimage\",\"url\":\"https:\/\/now-news.de\/de\/wp-content\/uploads\/sites\/3\/2025\/05\/Fuenf-Tage-auf-der-Flucht-\u2013-Zielfahndung-spuert-mutmasslichen-Moerder.jpg\",\"contentUrl\":\"https:\/\/now-news.de\/de\/wp-content\/uploads\/sites\/3\/2025\/05\/Fuenf-Tage-auf-der-Flucht-\u2013-Zielfahndung-spuert-mutmasslichen-Moerder.jpg\",\"width\":460,\"height\":259,\"caption\":\"F\u00fcnf Tage auf der Flucht \u2013 Zielfahndung sp\u00fcrt mutma\u00dflichen M\u00f6rder auf\"},{\"@type\":\"BreadcrumbList\",\"@id\":\"https:\/\/now-news.de\/de\/deutschland\/fuenf-tage-auf-der-flucht-zielfahndung-spuert-mutmasslichen-moerder-auf\/#breadcrumb\",\"itemListElement\":[{\"@type\":\"ListItem\",\"position\":1,\"name\":\"Home\",\"item\":\"https:\/\/now-news.de\/de\/\"},{\"@type\":\"ListItem\",\"position\":2,\"name\":\"F\u00fcnf Tage auf der Flucht \u2013 Zielfahndung sp\u00fcrt mutma\u00dflichen M\u00f6rder auf\"}]},{\"@type\":\"WebSite\",\"@id\":\"https:\/\/now-news.de\/de\/#website\",\"url\":\"https:\/\/now-news.de\/de\/\",\"name\":\"just-now.NEWS Deutschland\",\"description\":\"Das Portal f\u00fcr unzensierte Nachrichten aus der Welt\",\"publisher\":{\"@id\":\"https:\/\/now-news.de\/de\/#organization\"},\"potentialAction\":[{\"@type\":\"SearchAction\",\"target\":{\"@type\":\"EntryPoint\",\"urlTemplate\":\"https:\/\/now-news.de\/de\/?s={search_term_string}\"},\"query-input\":\"required name=search_term_string\"}],\"inLanguage\":\"de\"},{\"@type\":\"Organization\",\"@id\":\"https:\/\/now-news.de\/de\/#organization\",\"name\":\"Just Now News\",\"url\":\"https:\/\/now-news.de\/de\/\",\"logo\":{\"@type\":\"ImageObject\",\"inLanguage\":\"de\",\"@id\":\"https:\/\/now-news.de\/de\/#\/schema\/logo\/image\/\",\"url\":\"http:\/\/just-now.news\/de\/wp-content\/uploads\/sites\/3\/2022\/04\/logo500x500.jpg\",\"contentUrl\":\"http:\/\/just-now.news\/de\/wp-content\/uploads\/sites\/3\/2022\/04\/logo500x500.jpg\",\"width\":500,\"height\":500,\"caption\":\"Just Now News\"},\"image\":{\"@id\":\"https:\/\/now-news.de\/de\/#\/schema\/logo\/image\/\"},\"sameAs\":[\"https:\/\/www.facebook.com\/wirmachenauf\",\"https:\/\/x.com\/WirMachenAuf_de\"]},{\"@type\":\"Person\",\"@id\":\"https:\/\/now-news.de\/de\/#\/schema\/person\/fb534a4e865501d8b3285208df34a9b5\",\"name\":\"rtnews\",\"image\":{\"@type\":\"ImageObject\",\"inLanguage\":\"de\",\"@id\":\"https:\/\/now-news.de\/de\/#\/schema\/person\/image\/\",\"url\":\"https:\/\/secure.gravatar.com\/avatar\/82aafea7d8127119dd649515f56e2117?s=96&d=mm&r=g\",\"contentUrl\":\"https:\/\/secure.gravatar.com\/avatar\/82aafea7d8127119dd649515f56e2117?s=96&d=mm&r=g\",\"caption\":\"rtnews\"},\"url\":\"https:\/\/now-news.de\/de\/author\/rnews\/\"}]}<\/script>\n<!-- \/ Yoast SEO Premium plugin. -->","yoast_head_json":{"title":"F\u00fcnf Tage auf der Flucht \u2013 Zielfahndung sp\u00fcrt mutma\u00dflichen M\u00f6rder auf - just-now.NEWS Deutschland","robots":{"index":"index","follow":"follow","max-snippet":"max-snippet:-1","max-image-preview":"max-image-preview:large","max-video-preview":"max-video-preview:-1"},"canonical":"https:\/\/now-news.de\/de\/deutschland\/fuenf-tage-auf-der-flucht-zielfahndung-spuert-mutmasslichen-moerder-auf\/","og_locale":"de_DE","og_type":"article","og_title":"F\u00fcnf Tage auf der Flucht \u2013 Zielfahndung sp\u00fcrt mutma\u00dflichen M\u00f6rder auf","og_description":"Nach der t\u00f6dlichen Schussattacke auf eine Frau in Maria Alm wurde der Verd\u00e4chtige Krisztian P. in den Niederlanden gefasst. Ein Mord, eine Flucht quer durch Europa und eine Festnahme in einem Supermarkt: Der Fall Jenny Z. ersch\u00fcttert Salzburg \u2013 und l\u00e4sst Zweifel an der Wirksamkeit fr\u00fcherer Schutzma\u00dfnahmen aufkommen. In der Nacht zum Samstag traf sich [&hellip;]","og_url":"https:\/\/now-news.de\/de\/deutschland\/fuenf-tage-auf-der-flucht-zielfahndung-spuert-mutmasslichen-moerder-auf\/","og_site_name":"just-now.NEWS Deutschland","article_publisher":"https:\/\/www.facebook.com\/wirmachenauf","article_published_time":"2025-05-08T19:58:29+00:00","og_image":[{"url":"https:\/\/now-news.de\/de\/wp-content\/uploads\/sites\/3\/2025\/05\/681cc11f48fbef199824fe9e.jpg"}],"author":"rtnews","twitter_card":"summary_large_image","twitter_creator":"@WirMachenAuf_de","twitter_site":"@WirMachenAuf_de","twitter_misc":{"Verfasst von":"rtnews","Gesch\u00e4tzte Lesezeit":"1\u00a0Minute"},"schema":{"@context":"https:\/\/schema.org","@graph":[{"@type":"Article","@id":"https:\/\/now-news.de\/de\/deutschland\/fuenf-tage-auf-der-flucht-zielfahndung-spuert-mutmasslichen-moerder-auf\/#article","isPartOf":{"@id":"https:\/\/now-news.de\/de\/deutschland\/fuenf-tage-auf-der-flucht-zielfahndung-spuert-mutmasslichen-moerder-auf\/"},"author":{"name":"rtnews","@id":"https:\/\/now-news.de\/de\/#\/schema\/person\/fb534a4e865501d8b3285208df34a9b5"},"headline":"F\u00fcnf Tage auf der Flucht \u2013 Zielfahndung sp\u00fcrt mutma\u00dflichen M\u00f6rder auf","datePublished":"2025-05-08T19:58:29+00:00","dateModified":"2025-05-08T19:58:29+00:00","mainEntityOfPage":{"@id":"https:\/\/now-news.de\/de\/deutschland\/fuenf-tage-auf-der-flucht-zielfahndung-spuert-mutmasslichen-moerder-auf\/"},"wordCount":224,"commentCount":0,"publisher":{"@id":"https:\/\/now-news.de\/de\/#organization"},"image":{"@id":"https:\/\/now-news.de\/de\/deutschland\/fuenf-tage-auf-der-flucht-zielfahndung-spuert-mutmasslichen-moerder-auf\/#primaryimage"},"thumbnailUrl":"https:\/\/now-news.de\/de\/wp-content\/uploads\/sites\/3\/2025\/05\/Fuenf-Tage-auf-der-Flucht-\u2013-Zielfahndung-spuert-mutmasslichen-Moerder.jpg","keywords":["AUF","der","Flucht","f\u00fcnf","M\u00f6rder","mutma\u00dflichen","sp\u00fcrt","Tage","Zielfahndung"],"articleSection":["Deutschland","Russland"],"inLanguage":"de","potentialAction":[{"@type":"CommentAction","name":"Comment","target":["https:\/\/now-news.de\/de\/deutschland\/fuenf-tage-auf-der-flucht-zielfahndung-spuert-mutmasslichen-moerder-auf\/#respond"]}]},{"@type":"WebPage","@id":"https:\/\/now-news.de\/de\/deutschland\/fuenf-tage-auf-der-flucht-zielfahndung-spuert-mutmasslichen-moerder-auf\/","url":"https:\/\/now-news.de\/de\/deutschland\/fuenf-tage-auf-der-flucht-zielfahndung-spuert-mutmasslichen-moerder-auf\/","name":"F\u00fcnf Tage auf der Flucht \u2013 Zielfahndung sp\u00fcrt mutma\u00dflichen M\u00f6rder auf - just-now.NEWS Deutschland","isPartOf":{"@id":"https:\/\/now-news.de\/de\/#website"},"primaryImageOfPage":{"@id":"https:\/\/now-news.de\/de\/deutschland\/fuenf-tage-auf-der-flucht-zielfahndung-spuert-mutmasslichen-moerder-auf\/#primaryimage"},"image":{"@id":"https:\/\/now-news.de\/de\/deutschland\/fuenf-tage-auf-der-flucht-zielfahndung-spuert-mutmasslichen-moerder-auf\/#primaryimage"},"thumbnailUrl":"https:\/\/now-news.de\/de\/wp-content\/uploads\/sites\/3\/2025\/05\/Fuenf-Tage-auf-der-Flucht-\u2013-Zielfahndung-spuert-mutmasslichen-Moerder.jpg","datePublished":"2025-05-08T19:58:29+00:00","dateModified":"2025-05-08T19:58:29+00:00","breadcrumb":{"@id":"https:\/\/now-news.de\/de\/deutschland\/fuenf-tage-auf-der-flucht-zielfahndung-spuert-mutmasslichen-moerder-auf\/#breadcrumb"},"inLanguage":"de","potentialAction":[{"@type":"ReadAction","target":["https:\/\/now-news.de\/de\/deutschland\/fuenf-tage-auf-der-flucht-zielfahndung-spuert-mutmasslichen-moerder-auf\/"]}]},{"@type":"ImageObject","inLanguage":"de","@id":"https:\/\/now-news.de\/de\/deutschland\/fuenf-tage-auf-der-flucht-zielfahndung-spuert-mutmasslichen-moerder-auf\/#primaryimage","url":"https:\/\/now-news.de\/de\/wp-content\/uploads\/sites\/3\/2025\/05\/Fuenf-Tage-auf-der-Flucht-\u2013-Zielfahndung-spuert-mutmasslichen-Moerder.jpg","contentUrl":"https:\/\/now-news.de\/de\/wp-content\/uploads\/sites\/3\/2025\/05\/Fuenf-Tage-auf-der-Flucht-\u2013-Zielfahndung-spuert-mutmasslichen-Moerder.jpg","width":460,"height":259,"caption":"F\u00fcnf Tage auf der Flucht \u2013 Zielfahndung sp\u00fcrt mutma\u00dflichen M\u00f6rder auf"},{"@type":"BreadcrumbList","@id":"https:\/\/now-news.de\/de\/deutschland\/fuenf-tage-auf-der-flucht-zielfahndung-spuert-mutmasslichen-moerder-auf\/#breadcrumb","itemListElement":[{"@type":"ListItem","position":1,"name":"Home","item":"https:\/\/now-news.de\/de\/"},{"@type":"ListItem","position":2,"name":"F\u00fcnf Tage auf der Flucht \u2013 Zielfahndung sp\u00fcrt mutma\u00dflichen M\u00f6rder auf"}]},{"@type":"WebSite","@id":"https:\/\/now-news.de\/de\/#website","url":"https:\/\/now-news.de\/de\/","name":"just-now.NEWS Deutschland","description":"Das Portal f\u00fcr unzensierte Nachrichten aus der Welt","publisher":{"@id":"https:\/\/now-news.de\/de\/#organization"},"potentialAction":[{"@type":"SearchAction","target":{"@type":"EntryPoint","urlTemplate":"https:\/\/now-news.de\/de\/?s={search_term_string}"},"query-input":"required name=search_term_string"}],"inLanguage":"de"},{"@type":"Organization","@id":"https:\/\/now-news.de\/de\/#organization","name":"Just Now News","url":"https:\/\/now-news.de\/de\/","logo":{"@type":"ImageObject","inLanguage":"de","@id":"https:\/\/now-news.de\/de\/#\/schema\/logo\/image\/","url":"http:\/\/just-now.news\/de\/wp-content\/uploads\/sites\/3\/2022\/04\/logo500x500.jpg","contentUrl":"http:\/\/just-now.news\/de\/wp-content\/uploads\/sites\/3\/2022\/04\/logo500x500.jpg","width":500,"height":500,"caption":"Just Now News"},"image":{"@id":"https:\/\/now-news.de\/de\/#\/schema\/logo\/image\/"},"sameAs":["https:\/\/www.facebook.com\/wirmachenauf","https:\/\/x.com\/WirMachenAuf_de"]},{"@type":"Person","@id":"https:\/\/now-news.de\/de\/#\/schema\/person\/fb534a4e865501d8b3285208df34a9b5","name":"rtnews","image":{"@type":"ImageObject","inLanguage":"de","@id":"https:\/\/now-news.de\/de\/#\/schema\/person\/image\/","url":"https:\/\/secure.gravatar.com\/avatar\/82aafea7d8127119dd649515f56e2117?s=96&d=mm&r=g","contentUrl":"https:\/\/secure.gravatar.com\/avatar\/82aafea7d8127119dd649515f56e2117?s=96&d=mm&r=g","caption":"rtnews"},"url":"https:\/\/now-news.de\/de\/author\/rnews\/"}]}},"_links":{"self":[{"href":"https:\/\/now-news.de\/de\/wp-json\/wp\/v2\/posts\/83453"}],"collection":[{"href":"https:\/\/now-news.de\/de\/wp-json\/wp\/v2\/posts"}],"about":[{"href":"https:\/\/now-news.de\/de\/wp-json\/wp\/v2\/types\/post"}],"author":[{"embeddable":true,"href":"https:\/\/now-news.de\/de\/wp-json\/wp\/v2\/users\/3"}],"replies":[{"embeddable":true,"href":"https:\/\/now-news.de\/de\/wp-json\/wp\/v2\/comments?post=83453"}],"version-history":[{"count":0,"href":"https:\/\/now-news.de\/de\/wp-json\/wp\/v2\/posts\/83453\/revisions"}],"wp:featuredmedia":[{"embeddable":true,"href":"https:\/\/now-news.de\/de\/wp-json\/wp\/v2\/media\/83454"}],"wp:attachment":[{"href":"https:\/\/now-news.de\/de\/wp-json\/wp\/v2\/media?parent=83453"}],"wp:term":[{"taxonomy":"category","embeddable":true,"href":"https:\/\/now-news.de\/de\/wp-json\/wp\/v2\/categories?post=83453"},{"taxonomy":"post_tag","embeddable":true,"href":"https:\/\/now-news.de\/de\/wp-json\/wp\/v2\/tags?post=83453"}],"curies":[{"name":"wp","href":"https:\/\/api.w.org\/{rel}","templated":true}]}}