{"id":83449,"date":"2025-05-08T20:53:17","date_gmt":"2025-05-08T18:53:17","guid":{"rendered":"https:\/\/now-news.de\/de\/deutschland\/nach-dem-einmarsch-der-roten-armee-in-berlin-die-deutschen-haben-zu-leben\/"},"modified":"2025-05-08T20:53:17","modified_gmt":"2025-05-08T18:53:17","slug":"nach-dem-einmarsch-der-roten-armee-in-berlin-die-deutschen-haben-zu-leben","status":"publish","type":"post","link":"https:\/\/now-news.de\/de\/deutschland\/nach-dem-einmarsch-der-roten-armee-in-berlin-die-deutschen-haben-zu-leben\/","title":{"rendered":"Nach dem Einmarsch der Roten Armee in Berlin \u2013 die Deutschen haben zu leben!"},"content":{"rendered":"<div class=\"Text-root Text-type_1 \">\n                Rose-Marie Heyer war neun Jahre alt, als die Rote Armee an ihrem Wohnort in Berlin-Friedrichsfelde eintraf. Sie berichtet dar\u00fcber, dass nachdem die Bev\u00f6lkerung mit Nahrung aus der Feldk\u00fcche versorgt war, L\u00e4den ge\u00f6ffnet wurden, und auch Kinos. In denen schauten die Kinder russische M\u00e4rchenfilme in deutscher \u00dcbersetzung.\n            <\/div>\n<p><\/p>\n<div class=\"Text-root Text-type_5 ArticleView-text ViewText-root \">\n<p><em><a rel=\"nofollow noopener\" target=\"_blank\" href=\"https:\/\/freedert.online\/meinung\/242720-nach-9-mai-1945-erinnerungen\/\">Folge 1<\/a>\u00a0<a rel=\"nofollow noopener\" target=\"_blank\" href=\"https:\/\/freedert.online\/meinung\/242729-nach-9-mai-1945-erinnerungen\/\">Folge 2<\/a>\u00a0<a rel=\"nofollow noopener\" target=\"_blank\" href=\"https:\/\/freedert.online\/meinung\/243171-nach-9-mai-1945-vom\/\">Folge 3<\/a>\u00a0<a rel=\"nofollow noopener\" target=\"_blank\" href=\"https:\/\/freedert.online\/meinung\/243193-nach-9-mai-kriegswirren-und\/\">Folge 4<\/a>\u00a0<a rel=\"nofollow noopener\" target=\"_blank\" href=\"https:\/\/freedert.online\/meinung\/243197-nach-9-mai-befreiung-in\/\">Folge 5<\/a>\u00a0<a rel=\"nofollow noopener\" target=\"_blank\" href=\"https:\/\/freedert.online\/meinung\/243194-nach-9-mai-1945-erinnerung\/\">Folge 6<\/a>\u00a0<a rel=\"nofollow noopener\" target=\"_blank\" href=\"https:\/\/freedert.online\/meinung\/243310-nach-9-mai-1945-ueber-nachkriegs-berlin-russisch-lernen-und-freundschaften-in-der-udssr\/\">Folge 7<\/a>\u00a0<a rel=\"nofollow noopener\" target=\"_blank\" href=\"https:\/\/freedert.online\/meinung\/243418-nach-9-mai-1945-bayern\/\">Folge 8<\/a>\u00a0<a rel=\"nofollow noopener\" target=\"_blank\" href=\"https:\/\/freedert.online\/meinung\/243315-nach-dem-9-mai-1945-dresden-2025-mein-leben-mit-meinen-freunden\/\">Folge 9<\/a>\u00a0<a rel=\"nofollow noopener\" target=\"_blank\" href=\"https:\/\/freedert.online\/meinung\/243321-nach-9-mai-1945\/\">Folge 10<\/a>\u00a0<a rel=\"nofollow noopener\" target=\"_blank\" href=\"https:\/\/freedert.online\/meinung\/243391-nach-9-mai-1945-thueringen\/\">Folge 11<\/a>\u00a0<a rel=\"nofollow noopener\" target=\"_blank\" href=\"https:\/\/freedert.online\/meinung\/243403-nach-9-mai-1945\/\">Folge 12<\/a>\u00a0<a rel=\"nofollow noopener\" target=\"_blank\" href=\"https:\/\/freedert.online\/meinung\/243405-nach-9-mai-1945-eindruecke\/\">Folge 13<\/a>\u00a0<a rel=\"nofollow noopener\" target=\"_blank\" href=\"https:\/\/freedert.online\/meinung\/243416-nach-9-mai-1945-praegende\/\">Folge 14<\/a>\u00a0<a rel=\"nofollow noopener\" target=\"_blank\" href=\"https:\/\/freedert.online\/meinung\/243313-nach-dem-9-mai-1945-stuttgart-die-nachkriegsjahre-im-westen-deutschlands\/\">Folge 15<\/a>\u00a0<a rel=\"nofollow noopener\" target=\"_blank\" href=\"https:\/\/freedert.online\/meinung\/243419-nach-9-mai-1945-perspektive\/\">Folge 16<\/a><\/em><\/p>\n<p><em>Von Rose-Marie Heyer, Berlin<\/em><\/p>\n<p>Ich bin eine geborene Berlinerin. Und meine Eltern wohnten als arme Leute in einem Haus mit f\u00fcnf Hinterh\u00f6fen in der Ackerstra\u00dfe. Und als dann drei Kinder geboren wurden, hatten wir das Gl\u00fcck, eine eigene Wohnung \u2013 dort wohnten wir bei der Oma \u2013 zu bekommen. Die bestand dann auch in einem zweiten Hinterhof, auch in der Ackerstra\u00dfe. Schr\u00e4g gegen\u00fcber befand sich die AEG und eine Kirche. Als wir dort in der Ackerstra\u00dfe dann in einem Zimmer und einer K\u00fcche mit einer Au\u00dfentoilette zubrachten, als arme Leute, erlebte ich den Krieg.<\/p>\n<p>Und am 23. November 1942 sind wir ausgebombt worden. Den Tag habe ich mir deshalb gemerkt, weil es zwei Tage vor dem f\u00fcnften Geburtstag meiner Schwester war. Meiner j\u00fcngeren Schwester. Das Ausbomben empfand ich so wie\u00a0\u2026: Wir waren im Luftschutzkeller, durften den Luftschutzkeller nicht verlassen. So, wir haben (es) dann geschafft, aus diesem Haus in den vorderen Eingang zu kommen, und ich habe in Erinnerung, das Haus, die T\u00fcr muss hinter uns zusammengebrochen worden sein.<\/p>\n<p>Auf meinem Pelzkragen befanden sich noch Funken von den Bomben. Ich sah tote Menschen, ich sah zerst\u00f6rte H\u00e4user. Und wenn man dann 1942 dann sechsj\u00e4hrig schon ist, hat man schon ein bisschen in seinem Gedankengut sich da manches gemerkt. Meine Schwester, die fast zwei Jahre j\u00fcnger ist, hatte da nicht so viel empfunden. Die Mutti war also mit drei Kindern alleine. Wir zogen dann in die Marzahner Chaussee. Schr\u00e4g gegen\u00fcber befand sich der G\u00fcterbahnhof Friedrichsfelde-Ost. Da ist auch die S-Bahn Friedrichsfelde-Ost. Und dort erlebten wir auch den Einmarsch der ersten belarussischen Front.<\/p>\n<p>Als die Rote Armee im April 1945 am Einmarsch war,\u00a0versuchten die Faschisten auch, in dieses Haus zu kommen \u2013 es muss ein Zweifamilienhaus gewesen sein, also zwei Etagen \u2013, versuchten die SS-Leute, sich da einzunisten, um von dort aus den Einmarsch der sowjetischen Armee zu verhindern. Was wir alle aber schafften, dass sie uns nicht mit vereinnahmten. Und in unserer Gegend fanden keine K\u00e4mpfe statt.\u00a0Ich habe \u00fcberhaupt kein Schie\u00dfen erlebt. Ich habe lediglich den Einmarsch der Roten Armee erlebt, die Sch\u00fcsse und die vielen Bomben. Die kamen von den Amerikanern, von oben. Die Rote Armee hat keine Bomben geschossen.<\/p>\n<figure class=\"RTImage-root\">\n<div class=\"RTImage-image RTImage-original\"><picture class=\"Picture-root Picture-original\"><!--[if IE 9]><video style=\"display: none;\"><![endif]--><source media=\"(-webkit-min-device-pixel-ratio: 2) and (min-resolution: 120dpi)\" data-srcset=\" \nhttps:\/\/now-news.de\/de\/wp-content\/uploads\/sites\/3\/2025\/05\/681c5149b480cc462e7d8ea9.JPG 850w,\n                https:\/\/now-news.de\/de\/wp-content\/uploads\/sites\/3\/2025\/05\/681c5149b480cc462e7d8ea9.JPG 1960w,            \" ><source data-srcset=\" \nhttps:\/\/now-news.de\/de\/wp-content\/uploads\/sites\/3\/2025\/05\/681c5149b480cc462e7d8ea9.JPG 460w,\n              https:\/\/now-news.de\/de\/wp-content\/uploads\/sites\/3\/2025\/05\/681c5149b480cc462e7d8ea9.JPG 980w,\n            \" ><!--[if IE 9]><\/video><![endif]--><img decoding=\"async\" data- src=\"data:image\/png;base64,iVBORw0KGgoAAAANSUhEUgAAABAAAAAJCAQAAACRI2S5AAAAEElEQVR42mNkIAAYRxWAAQAG9gAKqv6+AwAAAABJRU5ErkJggg==\" class=\"Picture-root Picture-original lazyload\" data-src=\"https:\/\/now-news.de\/de\/wp-content\/uploads\/sites\/3\/2025\/05\/681c5149b480cc462e7d8ea9.JPG\" alt=\"\"><\/source><\/source><\/picture><!-- noscript pattern --><noscript><img decoding=\"async\" src=\"https:\/\/now-news.de\/de\/wp-content\/uploads\/sites\/3\/2025\/05\/681c5149b480cc462e7d8ea9.JPG\" alt=\"\"><\/noscript><\/div><figcaption class=\"RTImage-footer\"><span class=\"RTImage-caption\"><span class=\"RTImage-captionItem\">&#8220;Ich bin eine geborene Berlinerin&#8221; \u2013 Rosemarie Heyer erz\u00e4hlt RT ihre Geschichte.<\/span><\/span><span class=\"RTImage-source\"><span class=\"RTImage-captionItem\">RT<\/span><\/span><\/figcaption><\/figure>\n<p>In dem Nebenhaus hatte sich dann die russische Kommandantur einquartiert, und da muss auch sofort die Versorgungsstelle der Armeeangeh\u00f6rigen gewesen sein, denn ich habe in Erinnerung, dass sie regelm\u00e4\u00dfig vor diesem Haus marschierten, um Essen zu fassen, mit ihren Metallkanistern. Und diese Kanister wurden nicht nur f\u00fcr die Soldaten gef\u00fcllt, sondern auch f\u00fcr die anliegenden Anwohner. Und das war meine erste Begegnung mit den Soldaten, dass wir sofort mit Essen versorgt wurden.<\/p>\n<p>Ein Negativerlebnis, was aber positiv endete, hatte ich auch. Meine Mutter hatte drei Kinder, und Stalin hatte verk\u00fcndet, und in gro\u00dfen Plakaten stand\u2019s auch dran: Frauen mit drei Kindern m\u00fcssen nicht arbeiten. Es gab keine Schule, Mutter musste uns ja beaufsichtigen. Wir konnten ja nicht alleine (zurechtkommen). Und der Adjutant von diesem Kommandanten kam zu meiner Mutter und sagte, sie muss arbeiten gehen. Daraufhin sagte sie: &#8220;Stalin hat gesagt, nein, mit drei Kindern muss ich nicht.&#8221; \u2013 &#8220;Na, wenn du nicht willst, dann erschie\u00df ich dich!&#8221; Auch erlebt. Meine Mutter reagierte so, und ich bin ihr sehr dankbar dar\u00fcber, denn sie hat wahrscheinlich meine Einstellung gepr\u00e4gt, zu widersprechen, egal wer es ist: &#8220;Erschie\u00df mich!&#8221; Und wir drei Kinder stellten uns zur Mutter, und er erschoss sie nicht. Ich vermute, es war eine Drohung. Er wollte sich vielleicht als Wichtiger herausstellen, und Mutter hat mutig reagiert. Daraufhin ging sie zu dem Kommandanten und beschwerte sich. Einer, der perfekt Deutsch sprach.<\/p>\n<p>Und der hat diese Beschwerde sofort begriffen und hat diesen Adjutanten bestraft.\u00a0Hinterher las man, es wurden ja viele dieser Leute erschossen, von den eigenen Kommandanten \u2013 wurde er nicht. Ich habe noch in Erinnerung, beim Essenfassen, dass dieser Mensch immer als allerletzter ausgeschlossen von seinem Kollektiv war und musste ganz am Ende das Essen einfassen. Und damit war das gekl\u00e4rt. Der Kommandant versorgte uns mit Essen. Mutter konnte uns versorgen und betreuen und uns helfen, dass wir diese Nachkriegszeit sehr gut \u00fcberstehen. Das war die erste Begegnung, die positiv endete, sodass ein Vertrauen zu dem Kommandanten und zu der F\u00fchrung der Roten Armee logischerweise sich weiter auch erhielt.<\/p>\n<p>Dann hatte ich ein Erlebnis, wo mir von Mutter gesagt wurde: &#8220;Das war der erste Kommandant, oder das ist Bersarin.&#8221; Da tauchte der Name &#8220;Nikolai Bersarin&#8221; (der erste Kommandant von Berlin &#8211; <em>Anm. der Red.<\/em>) das erste Mal auf. 1945 muss es schon zum September herum die Schul\u00f6ffnung gewesen sein. Das hei\u00dft, ich war dann mit 9 Jahren nun endlich wieder mal Schulkind geworden. Wir haben zu Mittag bekommen dort, und da habe ich das erste Mal erlebt, dass die Rote Armee, die Sowjetunion, wollte, dass wir deutschen Menschen weiterleben. Es hat Stalin \u2013 obwohl ich vieles, was hinterher mit ihm geschah, nat\u00fcrlich nicht in Ordnung fand \u2013 dennoch veranlasst: Die deutschen Menschen haben zu leben!<\/p>\n<p>Das Erste, was die sowjetische Besatzungsmacht hier tat, war, dass die L\u00e4den er\u00f6ffnet wurden. In meiner Stra\u00dfe gab\u2019s B\u00e4cker, Fleischer, richtige B\u00e4cker noch! Also die unter Hitler-Zeiten wahrscheinlich eben auch nicht mehr gebacken haben. Durch die Bombardierungen war ja die Ern\u00e4hrung auch gar nicht mehr gesichert. Deshalb waren wir ja froh, dass wir da diese Versorgung bekommen haben. Da gab\u2019s ja keine Gesch\u00e4fte. Und ich erinnere mich, als Kind, neunj\u00e4hrig, dass in meiner Stra\u00dfe ein Gesch\u00e4ft nach dem anderen war. Und wer heute durch die Neue Bahnhofsstra\u00dfe geht, da ist eine Kneipe neben der anderen, ein Biergesch\u00e4ft nach dem anderen.<\/p>\n<p>Nikolai Bersarin, das erfuhr ich auch erst im Nachhinein, war derjenige, der daf\u00fcr gesorgt hat, dass die Kultur zuallererst in Berlin stattfand. Und um die Ecke, in der Boxhagener Stra\u00dfe, befand sich ein kleines Kino, Kino Avoli. Und das wurde sofort wieder ge\u00f6ffnet. Wir sahen die wundersch\u00f6nen russischen M\u00e4rchenfilme und gingen f\u00fcr \u2013 was wei\u00df ich \u2013 f\u00fcr 20 oder 30 oder 50 Pfennig ins Kino und hatten eine gl\u00fcckliche Kindheit unter der sowjetischen Besatzungszone.<\/p>\n<p>Wer den Krieg erlebt hat und wei\u00df, die AEG \u2013 wo amerikanisches Kapital drinsteckte \u2013 wurde nicht bombardiert. Und dann tun die Amerikaner so, als w\u00e4ren sie die Oberbefreier. Und ich habe immer, die ganzen Jahrzehnte, dagegengehalten, und habe immer vertreten, \u00f6ffentlich, laut, und wo es m\u00f6glich war, bis zu solchen Gespr\u00e4chen, FDP und auch CDU: Das war die Rote Armee! Und dazu stehe ich heute noch. Und ich bin ihnen sehr dankbar, dass sie Anteil hatten und die Faschisten hier wegjagten, und ganz deutlich ausdr\u00fccken. Und das tue ich heute immer noch.<\/p>\n<p><strong>Mehr zum Thema<\/strong> \u2013 <a rel=\"nofollow noopener\" target=\"_blank\" href=\"https:\/\/freedert.online\/inland\/242629-seelow-buergermeister-gutes-zeichen-fuer-frieden-europa-dass-russischer-botschafter-dabei-war\/\">Seelow-B\u00fcrgermeister: Gutes Zeichen f\u00fcr Frieden in Europa, dass russischer Botschafter dabei war<\/a><\/p>\n<div class=\"EmbedBlock-root EmbedBlock-externalVideo EmbedBlock-rumble\">\n<div class=\"VkEmbed\"><iframe class=\"lazyload\" data-src=\"https:\/\/rumble.com\/embed\/v6qx8yd\" frameborder=\"0\" width=\"853\" height=\"480\" allowfullscreen><\/iframe><\/div>\n<\/div>\n<\/div>\n<p><br \/>\n<br \/><a href=\"https:\/\/de.rt.com\/inland\/244314-nach-einmarsch-roten-armee-in-armee-die-deutschen-haben-leben\/\">Source link <\/a><\/p>\n","protected":false},"excerpt":{"rendered":"<p>Rose-Marie Heyer war neun Jahre alt, als die Rote Armee an ihrem Wohnort in Berlin-Friedrichsfelde eintraf. Sie berichtet dar\u00fcber, dass nachdem die Bev\u00f6lkerung mit Nahrung aus der Feldk\u00fcche versorgt war, L\u00e4den ge\u00f6ffnet wurden, und auch Kinos. In denen schauten die Kinder russische M\u00e4rchenfilme in deutscher \u00dcbersetzung. Folge 1\u00a0Folge 2\u00a0Folge 3\u00a0Folge 4\u00a0Folge 5\u00a0Folge 6\u00a0Folge 7\u00a0Folge 8\u00a0Folge [&hellip;]<\/p>\n","protected":false},"author":3,"featured_media":83450,"comment_status":"open","ping_status":"open","sticky":false,"template":"","format":"standard","meta":{"_yoast_indexnow_last_ping":["1746731337"],"wp_automatic_camp":["217"],"b16b46d702012212a3b4849616ee810b":["Nach dem Einmarsch der Roten Armee in Berlin \u2013 die Deutschen haben zu leben!"],"original_link":["https:\/\/de.rt.com\/inland\/244314-nach-einmarsch-roten-armee-in-armee-die-deutschen-haben-leben\/"],"_thumbnail_id":["83450"],"_wptgpro_p2tg_sent2tg":["a:1:{i:23737;s:19:\"2025-05-08 21:10:07\";}"],"jnews_social_counter_last_update":["1777348680"]},"categories":[19,23],"tags":[2398,943,134,82,577,45,11440,771,5886,979,135],"yoast_head":"<!-- This site is optimized with the Yoast SEO Premium plugin v22.7 (Yoast SEO v22.7) - https:\/\/yoast.com\/wordpress\/plugins\/seo\/ -->\n<title>Nach dem Einmarsch der Roten Armee in Berlin \u2013 die Deutschen haben zu leben! - just-now.NEWS Deutschland<\/title>\n<meta name=\"robots\" content=\"index, follow, max-snippet:-1, max-image-preview:large, max-video-preview:-1\" \/>\n<link rel=\"canonical\" href=\"https:\/\/now-news.de\/de\/deutschland\/nach-dem-einmarsch-der-roten-armee-in-berlin-die-deutschen-haben-zu-leben\/\" \/>\n<meta property=\"og:locale\" content=\"de_DE\" \/>\n<meta property=\"og:type\" content=\"article\" \/>\n<meta property=\"og:title\" content=\"Nach dem Einmarsch der Roten Armee in Berlin \u2013 die Deutschen haben zu leben!\" \/>\n<meta property=\"og:description\" content=\"Rose-Marie Heyer war neun Jahre alt, als die Rote Armee an ihrem Wohnort in Berlin-Friedrichsfelde eintraf. Sie berichtet dar\u00fcber, dass nachdem die Bev\u00f6lkerung mit Nahrung aus der Feldk\u00fcche versorgt war, L\u00e4den ge\u00f6ffnet wurden, und auch Kinos. In denen schauten die Kinder russische M\u00e4rchenfilme in deutscher \u00dcbersetzung. Folge 1\u00a0Folge 2\u00a0Folge 3\u00a0Folge 4\u00a0Folge 5\u00a0Folge 6\u00a0Folge 7\u00a0Folge 8\u00a0Folge [&hellip;]\" \/>\n<meta property=\"og:url\" content=\"https:\/\/now-news.de\/de\/deutschland\/nach-dem-einmarsch-der-roten-armee-in-berlin-die-deutschen-haben-zu-leben\/\" \/>\n<meta property=\"og:site_name\" content=\"just-now.NEWS Deutschland\" \/>\n<meta property=\"article:publisher\" content=\"https:\/\/www.facebook.com\/wirmachenauf\" \/>\n<meta property=\"article:published_time\" content=\"2025-05-08T18:53:17+00:00\" \/>\n<meta property=\"og:image\" content=\"https:\/\/now-news.de\/de\/wp-content\/uploads\/sites\/3\/2025\/05\/681c5149b480cc462e7d8ea9.JPG\" \/>\n<meta name=\"author\" content=\"rtnews\" \/>\n<meta name=\"twitter:card\" content=\"summary_large_image\" \/>\n<meta name=\"twitter:creator\" content=\"@WirMachenAuf_de\" \/>\n<meta name=\"twitter:site\" content=\"@WirMachenAuf_de\" \/>\n<meta name=\"twitter:label1\" content=\"Verfasst von\" \/>\n\t<meta name=\"twitter:data1\" content=\"rtnews\" \/>\n\t<meta name=\"twitter:label2\" content=\"Gesch\u00e4tzte Lesezeit\" \/>\n\t<meta name=\"twitter:data2\" content=\"6\u00a0Minuten\" \/>\n<script type=\"application\/ld+json\" class=\"yoast-schema-graph\">{\"@context\":\"https:\/\/schema.org\",\"@graph\":[{\"@type\":\"Article\",\"@id\":\"https:\/\/now-news.de\/de\/deutschland\/nach-dem-einmarsch-der-roten-armee-in-berlin-die-deutschen-haben-zu-leben\/#article\",\"isPartOf\":{\"@id\":\"https:\/\/now-news.de\/de\/deutschland\/nach-dem-einmarsch-der-roten-armee-in-berlin-die-deutschen-haben-zu-leben\/\"},\"author\":{\"name\":\"rtnews\",\"@id\":\"https:\/\/now-news.de\/de\/#\/schema\/person\/fb534a4e865501d8b3285208df34a9b5\"},\"headline\":\"Nach dem Einmarsch der Roten Armee in Berlin \u2013 die Deutschen haben zu leben!\",\"datePublished\":\"2025-05-08T18:53:17+00:00\",\"dateModified\":\"2025-05-08T18:53:17+00:00\",\"mainEntityOfPage\":{\"@id\":\"https:\/\/now-news.de\/de\/deutschland\/nach-dem-einmarsch-der-roten-armee-in-berlin-die-deutschen-haben-zu-leben\/\"},\"wordCount\":1244,\"commentCount\":0,\"publisher\":{\"@id\":\"https:\/\/now-news.de\/de\/#organization\"},\"image\":{\"@id\":\"https:\/\/now-news.de\/de\/deutschland\/nach-dem-einmarsch-der-roten-armee-in-berlin-die-deutschen-haben-zu-leben\/#primaryimage\"},\"thumbnailUrl\":\"https:\/\/now-news.de\/de\/wp-content\/uploads\/sites\/3\/2025\/05\/Nach-dem-Einmarsch-der-Roten-Armee-in-Berlin-\u2013-die.JPG\",\"keywords\":[\"Armee\",\"Berlin\",\"DEM\",\"der\",\"Deutschen\",\"die\",\"einmarsch\",\"haben\",\"leben\",\"nach\",\"ROTEN\"],\"articleSection\":[\"Deutschland\",\"Russland\"],\"inLanguage\":\"de\",\"potentialAction\":[{\"@type\":\"CommentAction\",\"name\":\"Comment\",\"target\":[\"https:\/\/now-news.de\/de\/deutschland\/nach-dem-einmarsch-der-roten-armee-in-berlin-die-deutschen-haben-zu-leben\/#respond\"]}]},{\"@type\":\"WebPage\",\"@id\":\"https:\/\/now-news.de\/de\/deutschland\/nach-dem-einmarsch-der-roten-armee-in-berlin-die-deutschen-haben-zu-leben\/\",\"url\":\"https:\/\/now-news.de\/de\/deutschland\/nach-dem-einmarsch-der-roten-armee-in-berlin-die-deutschen-haben-zu-leben\/\",\"name\":\"Nach dem Einmarsch der Roten Armee in Berlin \u2013 die Deutschen haben zu leben! - just-now.NEWS Deutschland\",\"isPartOf\":{\"@id\":\"https:\/\/now-news.de\/de\/#website\"},\"primaryImageOfPage\":{\"@id\":\"https:\/\/now-news.de\/de\/deutschland\/nach-dem-einmarsch-der-roten-armee-in-berlin-die-deutschen-haben-zu-leben\/#primaryimage\"},\"image\":{\"@id\":\"https:\/\/now-news.de\/de\/deutschland\/nach-dem-einmarsch-der-roten-armee-in-berlin-die-deutschen-haben-zu-leben\/#primaryimage\"},\"thumbnailUrl\":\"https:\/\/now-news.de\/de\/wp-content\/uploads\/sites\/3\/2025\/05\/Nach-dem-Einmarsch-der-Roten-Armee-in-Berlin-\u2013-die.JPG\",\"datePublished\":\"2025-05-08T18:53:17+00:00\",\"dateModified\":\"2025-05-08T18:53:17+00:00\",\"breadcrumb\":{\"@id\":\"https:\/\/now-news.de\/de\/deutschland\/nach-dem-einmarsch-der-roten-armee-in-berlin-die-deutschen-haben-zu-leben\/#breadcrumb\"},\"inLanguage\":\"de\",\"potentialAction\":[{\"@type\":\"ReadAction\",\"target\":[\"https:\/\/now-news.de\/de\/deutschland\/nach-dem-einmarsch-der-roten-armee-in-berlin-die-deutschen-haben-zu-leben\/\"]}]},{\"@type\":\"ImageObject\",\"inLanguage\":\"de\",\"@id\":\"https:\/\/now-news.de\/de\/deutschland\/nach-dem-einmarsch-der-roten-armee-in-berlin-die-deutschen-haben-zu-leben\/#primaryimage\",\"url\":\"https:\/\/now-news.de\/de\/wp-content\/uploads\/sites\/3\/2025\/05\/Nach-dem-Einmarsch-der-Roten-Armee-in-Berlin-\u2013-die.JPG\",\"contentUrl\":\"https:\/\/now-news.de\/de\/wp-content\/uploads\/sites\/3\/2025\/05\/Nach-dem-Einmarsch-der-Roten-Armee-in-Berlin-\u2013-die.JPG\",\"width\":1332,\"height\":747,\"caption\":\"Nach dem Einmarsch der Roten Armee in Berlin \u2013 die Deutschen haben zu leben!\"},{\"@type\":\"BreadcrumbList\",\"@id\":\"https:\/\/now-news.de\/de\/deutschland\/nach-dem-einmarsch-der-roten-armee-in-berlin-die-deutschen-haben-zu-leben\/#breadcrumb\",\"itemListElement\":[{\"@type\":\"ListItem\",\"position\":1,\"name\":\"Home\",\"item\":\"https:\/\/now-news.de\/de\/\"},{\"@type\":\"ListItem\",\"position\":2,\"name\":\"Nach dem Einmarsch der Roten Armee in Berlin \u2013 die Deutschen haben zu leben!\"}]},{\"@type\":\"WebSite\",\"@id\":\"https:\/\/now-news.de\/de\/#website\",\"url\":\"https:\/\/now-news.de\/de\/\",\"name\":\"just-now.NEWS Deutschland\",\"description\":\"Das Portal f\u00fcr unzensierte Nachrichten aus der Welt\",\"publisher\":{\"@id\":\"https:\/\/now-news.de\/de\/#organization\"},\"potentialAction\":[{\"@type\":\"SearchAction\",\"target\":{\"@type\":\"EntryPoint\",\"urlTemplate\":\"https:\/\/now-news.de\/de\/?s={search_term_string}\"},\"query-input\":\"required name=search_term_string\"}],\"inLanguage\":\"de\"},{\"@type\":\"Organization\",\"@id\":\"https:\/\/now-news.de\/de\/#organization\",\"name\":\"Just Now News\",\"url\":\"https:\/\/now-news.de\/de\/\",\"logo\":{\"@type\":\"ImageObject\",\"inLanguage\":\"de\",\"@id\":\"https:\/\/now-news.de\/de\/#\/schema\/logo\/image\/\",\"url\":\"http:\/\/just-now.news\/de\/wp-content\/uploads\/sites\/3\/2022\/04\/logo500x500.jpg\",\"contentUrl\":\"http:\/\/just-now.news\/de\/wp-content\/uploads\/sites\/3\/2022\/04\/logo500x500.jpg\",\"width\":500,\"height\":500,\"caption\":\"Just Now News\"},\"image\":{\"@id\":\"https:\/\/now-news.de\/de\/#\/schema\/logo\/image\/\"},\"sameAs\":[\"https:\/\/www.facebook.com\/wirmachenauf\",\"https:\/\/x.com\/WirMachenAuf_de\"]},{\"@type\":\"Person\",\"@id\":\"https:\/\/now-news.de\/de\/#\/schema\/person\/fb534a4e865501d8b3285208df34a9b5\",\"name\":\"rtnews\",\"image\":{\"@type\":\"ImageObject\",\"inLanguage\":\"de\",\"@id\":\"https:\/\/now-news.de\/de\/#\/schema\/person\/image\/\",\"url\":\"https:\/\/secure.gravatar.com\/avatar\/82aafea7d8127119dd649515f56e2117?s=96&d=mm&r=g\",\"contentUrl\":\"https:\/\/secure.gravatar.com\/avatar\/82aafea7d8127119dd649515f56e2117?s=96&d=mm&r=g\",\"caption\":\"rtnews\"},\"url\":\"https:\/\/now-news.de\/de\/author\/rnews\/\"}]}<\/script>\n<!-- \/ Yoast SEO Premium plugin. -->","yoast_head_json":{"title":"Nach dem Einmarsch der Roten Armee in Berlin \u2013 die Deutschen haben zu leben! - just-now.NEWS Deutschland","robots":{"index":"index","follow":"follow","max-snippet":"max-snippet:-1","max-image-preview":"max-image-preview:large","max-video-preview":"max-video-preview:-1"},"canonical":"https:\/\/now-news.de\/de\/deutschland\/nach-dem-einmarsch-der-roten-armee-in-berlin-die-deutschen-haben-zu-leben\/","og_locale":"de_DE","og_type":"article","og_title":"Nach dem Einmarsch der Roten Armee in Berlin \u2013 die Deutschen haben zu leben!","og_description":"Rose-Marie Heyer war neun Jahre alt, als die Rote Armee an ihrem Wohnort in Berlin-Friedrichsfelde eintraf. Sie berichtet dar\u00fcber, dass nachdem die Bev\u00f6lkerung mit Nahrung aus der Feldk\u00fcche versorgt war, L\u00e4den ge\u00f6ffnet wurden, und auch Kinos. In denen schauten die Kinder russische M\u00e4rchenfilme in deutscher \u00dcbersetzung. Folge 1\u00a0Folge 2\u00a0Folge 3\u00a0Folge 4\u00a0Folge 5\u00a0Folge 6\u00a0Folge 7\u00a0Folge 8\u00a0Folge [&hellip;]","og_url":"https:\/\/now-news.de\/de\/deutschland\/nach-dem-einmarsch-der-roten-armee-in-berlin-die-deutschen-haben-zu-leben\/","og_site_name":"just-now.NEWS Deutschland","article_publisher":"https:\/\/www.facebook.com\/wirmachenauf","article_published_time":"2025-05-08T18:53:17+00:00","og_image":[{"url":"https:\/\/now-news.de\/de\/wp-content\/uploads\/sites\/3\/2025\/05\/681c5149b480cc462e7d8ea9.JPG"}],"author":"rtnews","twitter_card":"summary_large_image","twitter_creator":"@WirMachenAuf_de","twitter_site":"@WirMachenAuf_de","twitter_misc":{"Verfasst von":"rtnews","Gesch\u00e4tzte Lesezeit":"6\u00a0Minuten"},"schema":{"@context":"https:\/\/schema.org","@graph":[{"@type":"Article","@id":"https:\/\/now-news.de\/de\/deutschland\/nach-dem-einmarsch-der-roten-armee-in-berlin-die-deutschen-haben-zu-leben\/#article","isPartOf":{"@id":"https:\/\/now-news.de\/de\/deutschland\/nach-dem-einmarsch-der-roten-armee-in-berlin-die-deutschen-haben-zu-leben\/"},"author":{"name":"rtnews","@id":"https:\/\/now-news.de\/de\/#\/schema\/person\/fb534a4e865501d8b3285208df34a9b5"},"headline":"Nach dem Einmarsch der Roten Armee in Berlin \u2013 die Deutschen haben zu leben!","datePublished":"2025-05-08T18:53:17+00:00","dateModified":"2025-05-08T18:53:17+00:00","mainEntityOfPage":{"@id":"https:\/\/now-news.de\/de\/deutschland\/nach-dem-einmarsch-der-roten-armee-in-berlin-die-deutschen-haben-zu-leben\/"},"wordCount":1244,"commentCount":0,"publisher":{"@id":"https:\/\/now-news.de\/de\/#organization"},"image":{"@id":"https:\/\/now-news.de\/de\/deutschland\/nach-dem-einmarsch-der-roten-armee-in-berlin-die-deutschen-haben-zu-leben\/#primaryimage"},"thumbnailUrl":"https:\/\/now-news.de\/de\/wp-content\/uploads\/sites\/3\/2025\/05\/Nach-dem-Einmarsch-der-Roten-Armee-in-Berlin-\u2013-die.JPG","keywords":["Armee","Berlin","DEM","der","Deutschen","die","einmarsch","haben","leben","nach","ROTEN"],"articleSection":["Deutschland","Russland"],"inLanguage":"de","potentialAction":[{"@type":"CommentAction","name":"Comment","target":["https:\/\/now-news.de\/de\/deutschland\/nach-dem-einmarsch-der-roten-armee-in-berlin-die-deutschen-haben-zu-leben\/#respond"]}]},{"@type":"WebPage","@id":"https:\/\/now-news.de\/de\/deutschland\/nach-dem-einmarsch-der-roten-armee-in-berlin-die-deutschen-haben-zu-leben\/","url":"https:\/\/now-news.de\/de\/deutschland\/nach-dem-einmarsch-der-roten-armee-in-berlin-die-deutschen-haben-zu-leben\/","name":"Nach dem Einmarsch der Roten Armee in Berlin \u2013 die Deutschen haben zu leben! - just-now.NEWS Deutschland","isPartOf":{"@id":"https:\/\/now-news.de\/de\/#website"},"primaryImageOfPage":{"@id":"https:\/\/now-news.de\/de\/deutschland\/nach-dem-einmarsch-der-roten-armee-in-berlin-die-deutschen-haben-zu-leben\/#primaryimage"},"image":{"@id":"https:\/\/now-news.de\/de\/deutschland\/nach-dem-einmarsch-der-roten-armee-in-berlin-die-deutschen-haben-zu-leben\/#primaryimage"},"thumbnailUrl":"https:\/\/now-news.de\/de\/wp-content\/uploads\/sites\/3\/2025\/05\/Nach-dem-Einmarsch-der-Roten-Armee-in-Berlin-\u2013-die.JPG","datePublished":"2025-05-08T18:53:17+00:00","dateModified":"2025-05-08T18:53:17+00:00","breadcrumb":{"@id":"https:\/\/now-news.de\/de\/deutschland\/nach-dem-einmarsch-der-roten-armee-in-berlin-die-deutschen-haben-zu-leben\/#breadcrumb"},"inLanguage":"de","potentialAction":[{"@type":"ReadAction","target":["https:\/\/now-news.de\/de\/deutschland\/nach-dem-einmarsch-der-roten-armee-in-berlin-die-deutschen-haben-zu-leben\/"]}]},{"@type":"ImageObject","inLanguage":"de","@id":"https:\/\/now-news.de\/de\/deutschland\/nach-dem-einmarsch-der-roten-armee-in-berlin-die-deutschen-haben-zu-leben\/#primaryimage","url":"https:\/\/now-news.de\/de\/wp-content\/uploads\/sites\/3\/2025\/05\/Nach-dem-Einmarsch-der-Roten-Armee-in-Berlin-\u2013-die.JPG","contentUrl":"https:\/\/now-news.de\/de\/wp-content\/uploads\/sites\/3\/2025\/05\/Nach-dem-Einmarsch-der-Roten-Armee-in-Berlin-\u2013-die.JPG","width":1332,"height":747,"caption":"Nach dem Einmarsch der Roten Armee in Berlin \u2013 die Deutschen haben zu leben!"},{"@type":"BreadcrumbList","@id":"https:\/\/now-news.de\/de\/deutschland\/nach-dem-einmarsch-der-roten-armee-in-berlin-die-deutschen-haben-zu-leben\/#breadcrumb","itemListElement":[{"@type":"ListItem","position":1,"name":"Home","item":"https:\/\/now-news.de\/de\/"},{"@type":"ListItem","position":2,"name":"Nach dem Einmarsch der Roten Armee in Berlin \u2013 die Deutschen haben zu leben!"}]},{"@type":"WebSite","@id":"https:\/\/now-news.de\/de\/#website","url":"https:\/\/now-news.de\/de\/","name":"just-now.NEWS Deutschland","description":"Das Portal f\u00fcr unzensierte Nachrichten aus der Welt","publisher":{"@id":"https:\/\/now-news.de\/de\/#organization"},"potentialAction":[{"@type":"SearchAction","target":{"@type":"EntryPoint","urlTemplate":"https:\/\/now-news.de\/de\/?s={search_term_string}"},"query-input":"required name=search_term_string"}],"inLanguage":"de"},{"@type":"Organization","@id":"https:\/\/now-news.de\/de\/#organization","name":"Just Now News","url":"https:\/\/now-news.de\/de\/","logo":{"@type":"ImageObject","inLanguage":"de","@id":"https:\/\/now-news.de\/de\/#\/schema\/logo\/image\/","url":"http:\/\/just-now.news\/de\/wp-content\/uploads\/sites\/3\/2022\/04\/logo500x500.jpg","contentUrl":"http:\/\/just-now.news\/de\/wp-content\/uploads\/sites\/3\/2022\/04\/logo500x500.jpg","width":500,"height":500,"caption":"Just Now News"},"image":{"@id":"https:\/\/now-news.de\/de\/#\/schema\/logo\/image\/"},"sameAs":["https:\/\/www.facebook.com\/wirmachenauf","https:\/\/x.com\/WirMachenAuf_de"]},{"@type":"Person","@id":"https:\/\/now-news.de\/de\/#\/schema\/person\/fb534a4e865501d8b3285208df34a9b5","name":"rtnews","image":{"@type":"ImageObject","inLanguage":"de","@id":"https:\/\/now-news.de\/de\/#\/schema\/person\/image\/","url":"https:\/\/secure.gravatar.com\/avatar\/82aafea7d8127119dd649515f56e2117?s=96&d=mm&r=g","contentUrl":"https:\/\/secure.gravatar.com\/avatar\/82aafea7d8127119dd649515f56e2117?s=96&d=mm&r=g","caption":"rtnews"},"url":"https:\/\/now-news.de\/de\/author\/rnews\/"}]}},"_links":{"self":[{"href":"https:\/\/now-news.de\/de\/wp-json\/wp\/v2\/posts\/83449"}],"collection":[{"href":"https:\/\/now-news.de\/de\/wp-json\/wp\/v2\/posts"}],"about":[{"href":"https:\/\/now-news.de\/de\/wp-json\/wp\/v2\/types\/post"}],"author":[{"embeddable":true,"href":"https:\/\/now-news.de\/de\/wp-json\/wp\/v2\/users\/3"}],"replies":[{"embeddable":true,"href":"https:\/\/now-news.de\/de\/wp-json\/wp\/v2\/comments?post=83449"}],"version-history":[{"count":0,"href":"https:\/\/now-news.de\/de\/wp-json\/wp\/v2\/posts\/83449\/revisions"}],"wp:featuredmedia":[{"embeddable":true,"href":"https:\/\/now-news.de\/de\/wp-json\/wp\/v2\/media\/83450"}],"wp:attachment":[{"href":"https:\/\/now-news.de\/de\/wp-json\/wp\/v2\/media?parent=83449"}],"wp:term":[{"taxonomy":"category","embeddable":true,"href":"https:\/\/now-news.de\/de\/wp-json\/wp\/v2\/categories?post=83449"},{"taxonomy":"post_tag","embeddable":true,"href":"https:\/\/now-news.de\/de\/wp-json\/wp\/v2\/tags?post=83449"}],"curies":[{"name":"wp","href":"https:\/\/api.w.org\/{rel}","templated":true}]}}