{"id":83379,"date":"2025-05-07T17:11:56","date_gmt":"2025-05-07T15:11:56","guid":{"rendered":"https:\/\/now-news.de\/de\/deutschland\/kanzler-merz-in-polen-und-frankreich-ermahnung-in-richtung-usa\/"},"modified":"2025-05-07T17:11:56","modified_gmt":"2025-05-07T15:11:56","slug":"kanzler-merz-in-polen-und-frankreich-ermahnung-in-richtung-usa","status":"publish","type":"post","link":"https:\/\/now-news.de\/de\/deutschland\/kanzler-merz-in-polen-und-frankreich-ermahnung-in-richtung-usa\/","title":{"rendered":"Kanzler Merz in Polen und Frankreich \u2013 Ermahnung in Richtung USA"},"content":{"rendered":"<p><img decoding=\"async\" src=\"https:\/\/now-news.de\/de\/wp-content\/uploads\/sites\/3\/2025\/05\/681b6e7048fbef1b4d25d812.jpg\" \/><\/p>\n<div class=\"Text-root Text-type_1 \">\n                An seinem ersten Arbeitstag besucht Kanzler Merz Polen und Frankreich. Seine Botschaft: Berlin werde die Ukraine weiter unterst\u00fctzen und sei bereit, Truppen zu entsenden. Trump warnt er vor Einmischung in die inneren Angelegenheiten Deutschlands. In den USA sieht man den Umgang mit der AfD kritisch.\n            <\/div>\n<p><\/p>\n<div class=\"Text-root Text-type_5 ArticleView-text ViewText-root \">\n<p>Gleich am ersten Tag seiner Amtszeit besucht Merz zwei deutsche Nachbarstaaten. Der Bundeskanzler reist heute nach Paris und Warschau. Mit US-Pr\u00e4sident Trump will er telefonieren. Merz k\u00fcndigt an, Trump die Meinungs\u00e4u\u00dferung zum Verfahren der Einstufung der AfD als &#8220;gesichert rechtsextremistisch&#8221; zu untersagen.\u00a0<\/p>\n<p>Unter anderem in den USA, aber auch in anderen L\u00e4ndern wird die Einstufung der gr\u00f6\u00dften Oppositionspartei Deutschlands, der AfD, kritisch kommentiert. Verstanden hat man international dar\u00fcber hinaus, dass es sich bei der Einstufung um einen Schritt in Richtung Parteienverbot handelt. W\u00e4hrend man sich in den USA um die Meinungsfreiheit und die Demokratie in Deutschland sorgt, sind die Kommentare in Russland eher belustigt. Dort ist man mit deutschen Doppelstandards seit langem vertraut. Man sieht in dem Vorgang eine Selbstentlarvung deutscher Politik.\u00a0<\/p>\n<p><em>&#8220;Ich w\u00fcrde gerne die amerikanische Regierung ermutigen und ermuntern, die Innenpolitik in Deutschland Innenpolitik sein zu lassen und sich aus diesen parteipolitischen Betrachtungen weitgehend herauszuhalten&#8221;, sagte Merz in einem Interview mit dem ZDF. <\/em><\/p>\n<p>Er habe sich nicht in den US-Wahlkampf eingemischt. Daher sollen sich nun die USA mit ihren Meinungs\u00e4u\u00dferungen zum Umgang mit der AfD zur\u00fcckhalten.\u00a0<\/p>\n<p>Das ist freilich nur die halbe Wahrheit. Deutsche Medien und deutsche Politik haben sich klar und vollkommen einseitig aufseiten der US-Demokraten positioniert, Donald Trumps Herausforderin Kamala Harris unterst\u00fctzt sowie Trump diskreditiert. Angesichts der Dichte der Berichterstattung \u00fcber den US-Wahlkampf konnte zudem der Eindruck entstehen, die Deutschen seien ebenfalls zur Wahl des US-Pr\u00e4sidenten aufgerufen und w\u00fcrden letztlich den Ausschlag geben.\u00a0<\/p>\n<p>Merz hat sich vorgenommen, den US-Pr\u00e4sidenten \u00fcber den extremistischen Charakter der AfD zu belehren.\u00a0<\/p>\n<p><em>&#8220;Ich hatte von Amerika bisher immer den Eindruck, dass sie unterscheiden k\u00f6nnen zwischen extremistischen Parteien und Parteien der politischen Mitte.&#8221;<\/em><\/p>\n<p>In Paris\u00a0traf der Bundeskanzler auf einen Pr\u00e4sidenten, der politisch ebenso geschw\u00e4cht ist wie der neue deutsche Regierungschef, dem im ersten Wahlgang die notwendige Anzahl der Stimmen der Bundestagsabgeordneten versagt blieb. Macron gelang es allerdings, au\u00dfenpolitisch zu punkten: Frankreich f\u00fchrt gemeinsam mit Gro\u00dfbritannien die Unterst\u00fctzerl\u00e4nder der Ukraine an und gibt dort den Takt vor.<\/p>\n<p>Eigentlich beansprucht Merz die F\u00fchrung in Europa. Er behauptete wiederholt, die L\u00e4nder Europas w\u00fcrden von Deutschland F\u00fchrung erwarten, was allerdings kaum glaubhaft ist.<\/p>\n<p>Das Verh\u00e4ltnis zwischen Frankreich und Deutschland ist inzwischen durch zahlreiche deutsche Alleing\u00e4nge belastet. Zuletzt hat die Bundesrepublik Frankreich bei geplanten R\u00fcstungsvorhaben ausgebootet. So hat Deutschland beim Projekt f\u00fcr den europ\u00e4ischen Raketenabwehrschild, European Sky Shield Initiative ESSI, das franz\u00f6sisch-italienische Abwehrsystem herausgedr\u00e4ngt.<\/p>\n<p>Das ESSI-Projekt sieht die Beschaffung des deutschen Flugabwehrsystems IRIS-T, des israelischen Systems Arrow 3 und des in die Jahre gekommenen US-Systems Patriot vor. Faktisch laufen schon seit Beginn des Jahrhunderts die deutschen und franz\u00f6sischen Interessen auseinander. Mit der Agenda 2010 hat sich Deutschland unter anderem auf Kosten Frankreichs durch Lohnsenkung einen Wettbewerbsvorteil f\u00fcr seine Industrieunternehmen erschlichen.\u00a0<\/p>\n<p>In einer Pressekonferenz bei seinem Besuch in Paris sagte Merz, man werde gemeinsam mit Frankreich die Ukraine weiter unterst\u00fctzen. Der Kanzler will deutsche Soldaten zur \u00dcberwachung eines Waffenstillstands in die Ukraine entsenden und gemeinsam mit westlichen L\u00e4ndern f\u00fcr deren Sicherheit garantieren.<\/p>\n<p>In diesem Zusammenhang wiederholte der CDU-Chef auch die Forderung nach einer Beteiligung der USA an sogenannten &#8220;Friedenstruppen&#8221; in der Ukraine. So w\u00e4re eine faktische NATO-Pr\u00e4senz in dem osteurop\u00e4ischen Land doch noch erreicht. Der Plan ist daher auch unrealistisch, da er den Kriegsgrund nicht eliminiert, sondern ihn dauerhaft zementiert. Russland wird einer Pr\u00e4senz von NATO-Soldaten in der Ukraine kaum zustimmen.\u00a0<\/p>\n<p>Auch das deutsch-polnische Verh\u00e4ltnis ist nicht frei von Schatten. In Warschau sieht man die deutschen F\u00fchrungsanspr\u00fcche mehr als nur kritisch. Vor allem die konservative PIS f\u00fcrchtet die Gefahr der R\u00fcckkehr deutschen Gro\u00dfmachtstrebens.<\/p>\n<p>Nach dem Terroranschlag auf Nord Stream durch mutma\u00dflich die USA twitterte der polnische Au\u00dfenminister Rados\u0142aw Sikorski &#8220;Thank you USA&#8221; mit einem Bild, dass die Stelle des Anschlags in der Ostsee zeigt.\u00a0\u00a0<\/p>\n<p>Insgesamt haben auch die &#8220;europ\u00e4ischen Partner&#8221; mit Deutschland noch eine Vielzahl von Rechnungen offen. Nach dem gestrigen Wahldebakel im Bundestag ist Merz ein erkennbar schwacher Kanzler. Die &#8220;Partnerl\u00e4nder&#8221; werden versuchen, daraus f\u00fcr die Interessen ihrer L\u00e4nder Gewinn zu schlagen.\u00a0<\/p>\n<p><strong>Mehr zum Thema<\/strong>\u00a0&#8211;\u00a0<a rel=\"nofollow noopener\" target=\"_blank\" href=\"https:\/\/freedert.online\/meinung\/244303-kanzlerwahl-eine-nutzlose-stabilitaet\/\">Kanzlerwahl: Eine nutzlose Stabilit\u00e4t<\/a><\/p>\n<div class=\"EmbedBlock-root EmbedBlock-externalVideo EmbedBlock-rumble\">\n<div class=\"VkEmbed\"><iframe class=\"lazyload\" data-src=\"https:\/\/rumble.com\/embed\/v6qvp1n\" frameborder=\"0\" width=\"853\" height=\"480\" allowfullscreen><\/iframe><\/div>\n<\/div>\n<\/div>\n<p><br \/>\n<br \/><a href=\"https:\/\/de.rt.com\/inland\/244384-kanzler-merz-in-polen-und\/\">Source link <\/a><\/p>\n","protected":false},"excerpt":{"rendered":"<p>An seinem ersten Arbeitstag besucht Kanzler Merz Polen und Frankreich. Seine Botschaft: Berlin werde die Ukraine weiter unterst\u00fctzen und sei bereit, Truppen zu entsenden. Trump warnt er vor Einmischung in die inneren Angelegenheiten Deutschlands. In den USA sieht man den Umgang mit der AfD kritisch. Gleich am ersten Tag seiner Amtszeit besucht Merz zwei deutsche [&hellip;]<\/p>\n","protected":false},"author":3,"featured_media":83380,"comment_status":"open","ping_status":"open","sticky":false,"template":"","format":"standard","meta":{"_yoast_indexnow_last_ping":["1746630768"],"wp_automatic_camp":["217"],"2aaf4983f288cfa6daa686878b991429":["Kanzler Merz in Polen und Frankreich \u2013 Ermahnung in Richtung USA"],"original_link":["https:\/\/de.rt.com\/inland\/244384-kanzler-merz-in-polen-und\/"],"_thumbnail_id":["83380"],"_wptgpro_p2tg_sent2tg":["a:1:{i:23737;s:19:\"2025-05-07 17:13:57\";}"],"jnews_social_counter_last_update":["1777360886"]},"categories":[19,23],"tags":[42961,3320,4907,18728,5850,18802,140,193],"yoast_head":"<!-- This site is optimized with the Yoast SEO Premium plugin v22.7 (Yoast SEO v22.7) - https:\/\/yoast.com\/wordpress\/plugins\/seo\/ -->\n<title>Kanzler Merz in Polen und Frankreich \u2013 Ermahnung in Richtung USA - just-now.NEWS Deutschland<\/title>\n<meta name=\"robots\" content=\"index, follow, max-snippet:-1, max-image-preview:large, max-video-preview:-1\" \/>\n<link rel=\"canonical\" href=\"https:\/\/now-news.de\/de\/deutschland\/kanzler-merz-in-polen-und-frankreich-ermahnung-in-richtung-usa\/\" \/>\n<meta property=\"og:locale\" content=\"de_DE\" \/>\n<meta property=\"og:type\" content=\"article\" \/>\n<meta property=\"og:title\" content=\"Kanzler Merz in Polen und Frankreich \u2013 Ermahnung in Richtung USA\" \/>\n<meta property=\"og:description\" content=\"An seinem ersten Arbeitstag besucht Kanzler Merz Polen und Frankreich. Seine Botschaft: Berlin werde die Ukraine weiter unterst\u00fctzen und sei bereit, Truppen zu entsenden. Trump warnt er vor Einmischung in die inneren Angelegenheiten Deutschlands. In den USA sieht man den Umgang mit der AfD kritisch. Gleich am ersten Tag seiner Amtszeit besucht Merz zwei deutsche [&hellip;]\" \/>\n<meta property=\"og:url\" content=\"https:\/\/now-news.de\/de\/deutschland\/kanzler-merz-in-polen-und-frankreich-ermahnung-in-richtung-usa\/\" \/>\n<meta property=\"og:site_name\" content=\"just-now.NEWS Deutschland\" \/>\n<meta property=\"article:publisher\" content=\"https:\/\/www.facebook.com\/wirmachenauf\" \/>\n<meta property=\"article:published_time\" content=\"2025-05-07T15:11:56+00:00\" \/>\n<meta property=\"og:image\" content=\"https:\/\/now-news.de\/de\/wp-content\/uploads\/sites\/3\/2025\/05\/681b6e7048fbef1b4d25d812.jpg\" \/>\n<meta name=\"author\" content=\"rtnews\" \/>\n<meta name=\"twitter:card\" content=\"summary_large_image\" \/>\n<meta name=\"twitter:creator\" content=\"@WirMachenAuf_de\" \/>\n<meta name=\"twitter:site\" content=\"@WirMachenAuf_de\" \/>\n<meta name=\"twitter:label1\" content=\"Verfasst von\" \/>\n\t<meta name=\"twitter:data1\" content=\"rtnews\" \/>\n\t<meta name=\"twitter:label2\" content=\"Gesch\u00e4tzte Lesezeit\" \/>\n\t<meta name=\"twitter:data2\" content=\"4\u00a0Minuten\" \/>\n<script type=\"application\/ld+json\" class=\"yoast-schema-graph\">{\"@context\":\"https:\/\/schema.org\",\"@graph\":[{\"@type\":\"Article\",\"@id\":\"https:\/\/now-news.de\/de\/deutschland\/kanzler-merz-in-polen-und-frankreich-ermahnung-in-richtung-usa\/#article\",\"isPartOf\":{\"@id\":\"https:\/\/now-news.de\/de\/deutschland\/kanzler-merz-in-polen-und-frankreich-ermahnung-in-richtung-usa\/\"},\"author\":{\"name\":\"rtnews\",\"@id\":\"https:\/\/now-news.de\/de\/#\/schema\/person\/fb534a4e865501d8b3285208df34a9b5\"},\"headline\":\"Kanzler Merz in Polen und Frankreich \u2013 Ermahnung in Richtung USA\",\"datePublished\":\"2025-05-07T15:11:56+00:00\",\"dateModified\":\"2025-05-07T15:11:56+00:00\",\"mainEntityOfPage\":{\"@id\":\"https:\/\/now-news.de\/de\/deutschland\/kanzler-merz-in-polen-und-frankreich-ermahnung-in-richtung-usa\/\"},\"wordCount\":769,\"commentCount\":0,\"publisher\":{\"@id\":\"https:\/\/now-news.de\/de\/#organization\"},\"image\":{\"@id\":\"https:\/\/now-news.de\/de\/deutschland\/kanzler-merz-in-polen-und-frankreich-ermahnung-in-richtung-usa\/#primaryimage\"},\"thumbnailUrl\":\"https:\/\/now-news.de\/de\/wp-content\/uploads\/sites\/3\/2025\/05\/Kanzler-Merz-in-Polen-und-Frankreich-\u2013-Ermahnung-in-Richtung.jpg\",\"keywords\":[\"Ermahnung\",\"Frankreich\",\"Kanzler\",\"Merz\",\"Polen\",\"Richtung\",\"und\",\"USA\"],\"articleSection\":[\"Deutschland\",\"Russland\"],\"inLanguage\":\"de\",\"potentialAction\":[{\"@type\":\"CommentAction\",\"name\":\"Comment\",\"target\":[\"https:\/\/now-news.de\/de\/deutschland\/kanzler-merz-in-polen-und-frankreich-ermahnung-in-richtung-usa\/#respond\"]}]},{\"@type\":\"WebPage\",\"@id\":\"https:\/\/now-news.de\/de\/deutschland\/kanzler-merz-in-polen-und-frankreich-ermahnung-in-richtung-usa\/\",\"url\":\"https:\/\/now-news.de\/de\/deutschland\/kanzler-merz-in-polen-und-frankreich-ermahnung-in-richtung-usa\/\",\"name\":\"Kanzler Merz in Polen und Frankreich \u2013 Ermahnung in Richtung USA - just-now.NEWS Deutschland\",\"isPartOf\":{\"@id\":\"https:\/\/now-news.de\/de\/#website\"},\"primaryImageOfPage\":{\"@id\":\"https:\/\/now-news.de\/de\/deutschland\/kanzler-merz-in-polen-und-frankreich-ermahnung-in-richtung-usa\/#primaryimage\"},\"image\":{\"@id\":\"https:\/\/now-news.de\/de\/deutschland\/kanzler-merz-in-polen-und-frankreich-ermahnung-in-richtung-usa\/#primaryimage\"},\"thumbnailUrl\":\"https:\/\/now-news.de\/de\/wp-content\/uploads\/sites\/3\/2025\/05\/Kanzler-Merz-in-Polen-und-Frankreich-\u2013-Ermahnung-in-Richtung.jpg\",\"datePublished\":\"2025-05-07T15:11:56+00:00\",\"dateModified\":\"2025-05-07T15:11:56+00:00\",\"breadcrumb\":{\"@id\":\"https:\/\/now-news.de\/de\/deutschland\/kanzler-merz-in-polen-und-frankreich-ermahnung-in-richtung-usa\/#breadcrumb\"},\"inLanguage\":\"de\",\"potentialAction\":[{\"@type\":\"ReadAction\",\"target\":[\"https:\/\/now-news.de\/de\/deutschland\/kanzler-merz-in-polen-und-frankreich-ermahnung-in-richtung-usa\/\"]}]},{\"@type\":\"ImageObject\",\"inLanguage\":\"de\",\"@id\":\"https:\/\/now-news.de\/de\/deutschland\/kanzler-merz-in-polen-und-frankreich-ermahnung-in-richtung-usa\/#primaryimage\",\"url\":\"https:\/\/now-news.de\/de\/wp-content\/uploads\/sites\/3\/2025\/05\/Kanzler-Merz-in-Polen-und-Frankreich-\u2013-Ermahnung-in-Richtung.jpg\",\"contentUrl\":\"https:\/\/now-news.de\/de\/wp-content\/uploads\/sites\/3\/2025\/05\/Kanzler-Merz-in-Polen-und-Frankreich-\u2013-Ermahnung-in-Richtung.jpg\",\"width\":460,\"height\":259,\"caption\":\"Kanzler Merz in Polen und Frankreich \u2013 Ermahnung in Richtung USA\"},{\"@type\":\"BreadcrumbList\",\"@id\":\"https:\/\/now-news.de\/de\/deutschland\/kanzler-merz-in-polen-und-frankreich-ermahnung-in-richtung-usa\/#breadcrumb\",\"itemListElement\":[{\"@type\":\"ListItem\",\"position\":1,\"name\":\"Home\",\"item\":\"https:\/\/now-news.de\/de\/\"},{\"@type\":\"ListItem\",\"position\":2,\"name\":\"Kanzler Merz in Polen und Frankreich \u2013 Ermahnung in Richtung USA\"}]},{\"@type\":\"WebSite\",\"@id\":\"https:\/\/now-news.de\/de\/#website\",\"url\":\"https:\/\/now-news.de\/de\/\",\"name\":\"just-now.NEWS Deutschland\",\"description\":\"Das Portal f\u00fcr unzensierte Nachrichten aus der Welt\",\"publisher\":{\"@id\":\"https:\/\/now-news.de\/de\/#organization\"},\"potentialAction\":[{\"@type\":\"SearchAction\",\"target\":{\"@type\":\"EntryPoint\",\"urlTemplate\":\"https:\/\/now-news.de\/de\/?s={search_term_string}\"},\"query-input\":\"required name=search_term_string\"}],\"inLanguage\":\"de\"},{\"@type\":\"Organization\",\"@id\":\"https:\/\/now-news.de\/de\/#organization\",\"name\":\"Just Now News\",\"url\":\"https:\/\/now-news.de\/de\/\",\"logo\":{\"@type\":\"ImageObject\",\"inLanguage\":\"de\",\"@id\":\"https:\/\/now-news.de\/de\/#\/schema\/logo\/image\/\",\"url\":\"http:\/\/just-now.news\/de\/wp-content\/uploads\/sites\/3\/2022\/04\/logo500x500.jpg\",\"contentUrl\":\"http:\/\/just-now.news\/de\/wp-content\/uploads\/sites\/3\/2022\/04\/logo500x500.jpg\",\"width\":500,\"height\":500,\"caption\":\"Just Now News\"},\"image\":{\"@id\":\"https:\/\/now-news.de\/de\/#\/schema\/logo\/image\/\"},\"sameAs\":[\"https:\/\/www.facebook.com\/wirmachenauf\",\"https:\/\/x.com\/WirMachenAuf_de\"]},{\"@type\":\"Person\",\"@id\":\"https:\/\/now-news.de\/de\/#\/schema\/person\/fb534a4e865501d8b3285208df34a9b5\",\"name\":\"rtnews\",\"image\":{\"@type\":\"ImageObject\",\"inLanguage\":\"de\",\"@id\":\"https:\/\/now-news.de\/de\/#\/schema\/person\/image\/\",\"url\":\"https:\/\/secure.gravatar.com\/avatar\/82aafea7d8127119dd649515f56e2117?s=96&d=mm&r=g\",\"contentUrl\":\"https:\/\/secure.gravatar.com\/avatar\/82aafea7d8127119dd649515f56e2117?s=96&d=mm&r=g\",\"caption\":\"rtnews\"},\"url\":\"https:\/\/now-news.de\/de\/author\/rnews\/\"}]}<\/script>\n<!-- \/ Yoast SEO Premium plugin. -->","yoast_head_json":{"title":"Kanzler Merz in Polen und Frankreich \u2013 Ermahnung in Richtung USA - just-now.NEWS Deutschland","robots":{"index":"index","follow":"follow","max-snippet":"max-snippet:-1","max-image-preview":"max-image-preview:large","max-video-preview":"max-video-preview:-1"},"canonical":"https:\/\/now-news.de\/de\/deutschland\/kanzler-merz-in-polen-und-frankreich-ermahnung-in-richtung-usa\/","og_locale":"de_DE","og_type":"article","og_title":"Kanzler Merz in Polen und Frankreich \u2013 Ermahnung in Richtung USA","og_description":"An seinem ersten Arbeitstag besucht Kanzler Merz Polen und Frankreich. Seine Botschaft: Berlin werde die Ukraine weiter unterst\u00fctzen und sei bereit, Truppen zu entsenden. Trump warnt er vor Einmischung in die inneren Angelegenheiten Deutschlands. In den USA sieht man den Umgang mit der AfD kritisch. Gleich am ersten Tag seiner Amtszeit besucht Merz zwei deutsche [&hellip;]","og_url":"https:\/\/now-news.de\/de\/deutschland\/kanzler-merz-in-polen-und-frankreich-ermahnung-in-richtung-usa\/","og_site_name":"just-now.NEWS Deutschland","article_publisher":"https:\/\/www.facebook.com\/wirmachenauf","article_published_time":"2025-05-07T15:11:56+00:00","og_image":[{"url":"https:\/\/now-news.de\/de\/wp-content\/uploads\/sites\/3\/2025\/05\/681b6e7048fbef1b4d25d812.jpg"}],"author":"rtnews","twitter_card":"summary_large_image","twitter_creator":"@WirMachenAuf_de","twitter_site":"@WirMachenAuf_de","twitter_misc":{"Verfasst von":"rtnews","Gesch\u00e4tzte Lesezeit":"4\u00a0Minuten"},"schema":{"@context":"https:\/\/schema.org","@graph":[{"@type":"Article","@id":"https:\/\/now-news.de\/de\/deutschland\/kanzler-merz-in-polen-und-frankreich-ermahnung-in-richtung-usa\/#article","isPartOf":{"@id":"https:\/\/now-news.de\/de\/deutschland\/kanzler-merz-in-polen-und-frankreich-ermahnung-in-richtung-usa\/"},"author":{"name":"rtnews","@id":"https:\/\/now-news.de\/de\/#\/schema\/person\/fb534a4e865501d8b3285208df34a9b5"},"headline":"Kanzler Merz in Polen und Frankreich \u2013 Ermahnung in Richtung USA","datePublished":"2025-05-07T15:11:56+00:00","dateModified":"2025-05-07T15:11:56+00:00","mainEntityOfPage":{"@id":"https:\/\/now-news.de\/de\/deutschland\/kanzler-merz-in-polen-und-frankreich-ermahnung-in-richtung-usa\/"},"wordCount":769,"commentCount":0,"publisher":{"@id":"https:\/\/now-news.de\/de\/#organization"},"image":{"@id":"https:\/\/now-news.de\/de\/deutschland\/kanzler-merz-in-polen-und-frankreich-ermahnung-in-richtung-usa\/#primaryimage"},"thumbnailUrl":"https:\/\/now-news.de\/de\/wp-content\/uploads\/sites\/3\/2025\/05\/Kanzler-Merz-in-Polen-und-Frankreich-\u2013-Ermahnung-in-Richtung.jpg","keywords":["Ermahnung","Frankreich","Kanzler","Merz","Polen","Richtung","und","USA"],"articleSection":["Deutschland","Russland"],"inLanguage":"de","potentialAction":[{"@type":"CommentAction","name":"Comment","target":["https:\/\/now-news.de\/de\/deutschland\/kanzler-merz-in-polen-und-frankreich-ermahnung-in-richtung-usa\/#respond"]}]},{"@type":"WebPage","@id":"https:\/\/now-news.de\/de\/deutschland\/kanzler-merz-in-polen-und-frankreich-ermahnung-in-richtung-usa\/","url":"https:\/\/now-news.de\/de\/deutschland\/kanzler-merz-in-polen-und-frankreich-ermahnung-in-richtung-usa\/","name":"Kanzler Merz in Polen und Frankreich \u2013 Ermahnung in Richtung USA - just-now.NEWS Deutschland","isPartOf":{"@id":"https:\/\/now-news.de\/de\/#website"},"primaryImageOfPage":{"@id":"https:\/\/now-news.de\/de\/deutschland\/kanzler-merz-in-polen-und-frankreich-ermahnung-in-richtung-usa\/#primaryimage"},"image":{"@id":"https:\/\/now-news.de\/de\/deutschland\/kanzler-merz-in-polen-und-frankreich-ermahnung-in-richtung-usa\/#primaryimage"},"thumbnailUrl":"https:\/\/now-news.de\/de\/wp-content\/uploads\/sites\/3\/2025\/05\/Kanzler-Merz-in-Polen-und-Frankreich-\u2013-Ermahnung-in-Richtung.jpg","datePublished":"2025-05-07T15:11:56+00:00","dateModified":"2025-05-07T15:11:56+00:00","breadcrumb":{"@id":"https:\/\/now-news.de\/de\/deutschland\/kanzler-merz-in-polen-und-frankreich-ermahnung-in-richtung-usa\/#breadcrumb"},"inLanguage":"de","potentialAction":[{"@type":"ReadAction","target":["https:\/\/now-news.de\/de\/deutschland\/kanzler-merz-in-polen-und-frankreich-ermahnung-in-richtung-usa\/"]}]},{"@type":"ImageObject","inLanguage":"de","@id":"https:\/\/now-news.de\/de\/deutschland\/kanzler-merz-in-polen-und-frankreich-ermahnung-in-richtung-usa\/#primaryimage","url":"https:\/\/now-news.de\/de\/wp-content\/uploads\/sites\/3\/2025\/05\/Kanzler-Merz-in-Polen-und-Frankreich-\u2013-Ermahnung-in-Richtung.jpg","contentUrl":"https:\/\/now-news.de\/de\/wp-content\/uploads\/sites\/3\/2025\/05\/Kanzler-Merz-in-Polen-und-Frankreich-\u2013-Ermahnung-in-Richtung.jpg","width":460,"height":259,"caption":"Kanzler Merz in Polen und Frankreich \u2013 Ermahnung in Richtung USA"},{"@type":"BreadcrumbList","@id":"https:\/\/now-news.de\/de\/deutschland\/kanzler-merz-in-polen-und-frankreich-ermahnung-in-richtung-usa\/#breadcrumb","itemListElement":[{"@type":"ListItem","position":1,"name":"Home","item":"https:\/\/now-news.de\/de\/"},{"@type":"ListItem","position":2,"name":"Kanzler Merz in Polen und Frankreich \u2013 Ermahnung in Richtung USA"}]},{"@type":"WebSite","@id":"https:\/\/now-news.de\/de\/#website","url":"https:\/\/now-news.de\/de\/","name":"just-now.NEWS Deutschland","description":"Das Portal f\u00fcr unzensierte Nachrichten aus der Welt","publisher":{"@id":"https:\/\/now-news.de\/de\/#organization"},"potentialAction":[{"@type":"SearchAction","target":{"@type":"EntryPoint","urlTemplate":"https:\/\/now-news.de\/de\/?s={search_term_string}"},"query-input":"required name=search_term_string"}],"inLanguage":"de"},{"@type":"Organization","@id":"https:\/\/now-news.de\/de\/#organization","name":"Just Now News","url":"https:\/\/now-news.de\/de\/","logo":{"@type":"ImageObject","inLanguage":"de","@id":"https:\/\/now-news.de\/de\/#\/schema\/logo\/image\/","url":"http:\/\/just-now.news\/de\/wp-content\/uploads\/sites\/3\/2022\/04\/logo500x500.jpg","contentUrl":"http:\/\/just-now.news\/de\/wp-content\/uploads\/sites\/3\/2022\/04\/logo500x500.jpg","width":500,"height":500,"caption":"Just Now News"},"image":{"@id":"https:\/\/now-news.de\/de\/#\/schema\/logo\/image\/"},"sameAs":["https:\/\/www.facebook.com\/wirmachenauf","https:\/\/x.com\/WirMachenAuf_de"]},{"@type":"Person","@id":"https:\/\/now-news.de\/de\/#\/schema\/person\/fb534a4e865501d8b3285208df34a9b5","name":"rtnews","image":{"@type":"ImageObject","inLanguage":"de","@id":"https:\/\/now-news.de\/de\/#\/schema\/person\/image\/","url":"https:\/\/secure.gravatar.com\/avatar\/82aafea7d8127119dd649515f56e2117?s=96&d=mm&r=g","contentUrl":"https:\/\/secure.gravatar.com\/avatar\/82aafea7d8127119dd649515f56e2117?s=96&d=mm&r=g","caption":"rtnews"},"url":"https:\/\/now-news.de\/de\/author\/rnews\/"}]}},"_links":{"self":[{"href":"https:\/\/now-news.de\/de\/wp-json\/wp\/v2\/posts\/83379"}],"collection":[{"href":"https:\/\/now-news.de\/de\/wp-json\/wp\/v2\/posts"}],"about":[{"href":"https:\/\/now-news.de\/de\/wp-json\/wp\/v2\/types\/post"}],"author":[{"embeddable":true,"href":"https:\/\/now-news.de\/de\/wp-json\/wp\/v2\/users\/3"}],"replies":[{"embeddable":true,"href":"https:\/\/now-news.de\/de\/wp-json\/wp\/v2\/comments?post=83379"}],"version-history":[{"count":0,"href":"https:\/\/now-news.de\/de\/wp-json\/wp\/v2\/posts\/83379\/revisions"}],"wp:featuredmedia":[{"embeddable":true,"href":"https:\/\/now-news.de\/de\/wp-json\/wp\/v2\/media\/83380"}],"wp:attachment":[{"href":"https:\/\/now-news.de\/de\/wp-json\/wp\/v2\/media?parent=83379"}],"wp:term":[{"taxonomy":"category","embeddable":true,"href":"https:\/\/now-news.de\/de\/wp-json\/wp\/v2\/categories?post=83379"},{"taxonomy":"post_tag","embeddable":true,"href":"https:\/\/now-news.de\/de\/wp-json\/wp\/v2\/tags?post=83379"}],"curies":[{"name":"wp","href":"https:\/\/api.w.org\/{rel}","templated":true}]}}