{"id":83341,"date":"2025-05-06T21:36:02","date_gmt":"2025-05-06T19:36:02","guid":{"rendered":"https:\/\/now-news.de\/de\/deutschland\/funkausfall-bei-deutschen-sicherheitsbehoerden\/"},"modified":"2025-05-06T21:36:02","modified_gmt":"2025-05-06T19:36:02","slug":"funkausfall-bei-deutschen-sicherheitsbehoerden","status":"publish","type":"post","link":"https:\/\/now-news.de\/de\/deutschland\/funkausfall-bei-deutschen-sicherheitsbehoerden\/","title":{"rendered":"Funkausfall bei deutschen Sicherheitsbeh\u00f6rden"},"content":{"rendered":"<p><img decoding=\"async\" src=\"https:\/\/now-news.de\/de\/wp-content\/uploads\/sites\/3\/2025\/05\/681a5d6848fbef1963683b37.jpg\" \/><\/p>\n<div class=\"Text-root Text-type_1 \">\n                Die Sicherheitsbeh\u00f6rden haben ein eigenes Digitalfunknetz; es hat die fr\u00fcher verbreiteten, \u00f6rtlichen Funknetze abgel\u00f6st. Nun aber kam es zu einer gro\u00dffl\u00e4chigen St\u00f6rung in diesem Netz, fast auf dem gesamten Bundesgebiet.\n            <\/div>\n<p><\/p>\n<div class=\"Text-root Text-type_5 ArticleView-text ViewText-root \">\n<p>In ganz Deutschland mit Ausnahme von Nordrhein-Westfalen und Bayern, meldete die <em>Berliner Zeitung<\/em>, sei der Digitalfunk der Sicherheitsbeh\u00f6rden ausgefallen; in Berlin sei dies von 17:34\u00a0Uhr bis kurz nach 18\u00a0Uhr der Fall gewesen, andernorts ist die St\u00f6rung wohl bereits fr\u00fcher aufgetreten. Nun wird \u00fcber die Ursache ger\u00e4tselt.<\/p>\n<p>Die Bundesanstalt f\u00fcr den Digitalfunk der Beh\u00f6rden und Organisationen mit Sicherheitsaufgaben (BDBOS), die das Netz betreibt, \u00fcber das Bundes- und L\u00e4nderpolizei, aber auch Feuerwehren und Rettungsdienste kommunizieren, soll mitgeteilt haben: &#8220;Die BDBOS und alle Partner befinden sich mit h\u00f6chster Priorit\u00e4t in der Ursachenanalyse, um die St\u00f6rung schnellstm\u00f6glich zu beheben.&#8221;<\/p>\n<p>Das Netz, das dem Standard TETRA folgt, wurde urspr\u00fcnglich bereits 1996 auf der Innenministerkonferenz beschlossen, aber nach einem Probebetrieb im Jahr 2011 erst 2016 endg\u00fcltig eingef\u00fchrt. \u00dcber mehr als 5.000 Basisstationen sind k\u00f6nnen alle angeschlossenen Dienste in unterschiedlichen Verschl\u00fcsselungsstufen miteinander kommunizieren. Das Netz existiert vollkommen parallel zu den gew\u00f6hnlichen Mobilfunknetzen; unter den Herstellern der spezifischen Endger\u00e4te wie der technischen Ausstattung insgesamt finden sich Firmen wie Airbus oder Rohde\u00a0&amp; Schwarz, die man eher aus der R\u00fcstungsindustrie kennt.<\/p>\n<p>Der TETRA-Standard wurde 1995 vom Europ\u00e4ischen Institut f\u00fcr Telekommunikationsnormen (ETSI) festgelegt und ist weltweit bei Sicherheitsbeh\u00f6rden im Einsatz. Allerdings wurde 2023 <a rel=\"nofollow noopener\" target=\"_blank\" href=\"https:\/\/www.heise.de\/news\/Digitaler-Behoerdenfunk-Massive-Schwachstellen-bei-TETRA-entdeckt-9226620.html\">bekannt,<\/a> dass das ETSI Schwachstellen in die Verschl\u00fcsselung eingebaut hat, um ein Abh\u00f6ren zu erleichtern. Bestimmte Verschl\u00fcsselungen sollen auch genutzt werden k\u00f6nnen, um \u00fcber Befehle an die Funkger\u00e4te sogar Stromausf\u00e4lle auszul\u00f6sen, ermittelte damals das US-Magazin <em>Wired<\/em>. Angeblich sollen diese Sicherheitsl\u00fccken gezielt in Verschl\u00fcsselungsversionen eingebaut worden sein, die an von den USA als &#8220;unfreundlich&#8221; betrachtete L\u00e4nder gingen, und andere L\u00fccken in Europa sollen mittlerweile behoben worden sein. Allerdings wurden in der Recherche 2023 Hinweise darauf gefunden, dass die NSA TETRA-Netze in Malaysia und Argentinien abgeh\u00f6rt habe.<\/p>\n<p>Beim heutigen Ausfall ist noch unklar, ob die Ursache ein Defekt oder m\u00f6glicherweise ein Hackerangriff ist. Der Berliner Landesvorsitzende der Gewerkschaft der Polizei Stephan Weh sah in diesem Ausfall jedoch eine Warnung: &#8220;Der weitreichende Zusammenbruch des Digitalfunks ist der Super-GAU f\u00fcr unsere Sicherheitsbeh\u00f6rden und zeigt uns, wie anf\u00e4llig unsere digitale Infrastruktur ist und wie fahrl\u00e4ssig es ist, sich auf Monopoll\u00f6sungen zu verlassen.&#8221;<\/p>\n<p><strong>Mehr zum Thema \u2013\u00a0<\/strong><a rel=\"nofollow noopener\" target=\"_blank\" href=\"https:\/\/freedert.online\/inland\/143427-bundesinnenministerin-faeser-will-grundgesetzanderung-fur\/\">Bundesinnenministerin Faeser will Grundgesetz\u00e4nderung f\u00fcr Cybersicherheit <\/a><\/p>\n<div class=\"EmbedBlock-root EmbedBlock-externalVideo EmbedBlock-rumble\">\n<div class=\"VkEmbed\"><iframe class=\"lazyload\" data-src=\"https:\/\/rumble.com\/embed\/v5d8usp\" frameborder=\"0\" width=\"853\" height=\"480\" allowfullscreen><\/iframe><\/div>\n<\/div>\n<\/div>\n<p><br \/>\n<br \/><a href=\"https:\/\/de.rt.com\/inland\/244322-funkausfall-bei-deutschen-sicherheitsbehoerden\/\">Source link <\/a><\/p>\n","protected":false},"excerpt":{"rendered":"<p>Die Sicherheitsbeh\u00f6rden haben ein eigenes Digitalfunknetz; es hat die fr\u00fcher verbreiteten, \u00f6rtlichen Funknetze abgel\u00f6st. Nun aber kam es zu einer gro\u00dffl\u00e4chigen St\u00f6rung in diesem Netz, fast auf dem gesamten Bundesgebiet. In ganz Deutschland mit Ausnahme von Nordrhein-Westfalen und Bayern, meldete die Berliner Zeitung, sei der Digitalfunk der Sicherheitsbeh\u00f6rden ausgefallen; in Berlin sei dies von 17:34\u00a0Uhr [&hellip;]<\/p>\n","protected":false},"author":3,"featured_media":83342,"comment_status":"open","ping_status":"open","sticky":false,"template":"","format":"standard","meta":{"_yoast_indexnow_last_ping":["1746560201"],"wp_automatic_camp":["217"],"81d4e32d96dafc997e05229cffe2bc31":["Funkausfall bei deutschen Sicherheitsbeh\u00f6rden"],"original_link":["https:\/\/de.rt.com\/inland\/244322-funkausfall-bei-deutschen-sicherheitsbehoerden\/"],"_thumbnail_id":["83342"],"jnews_social_counter_last_update":["1777388402"],"_wptgpro_p2tg_sent2tg":["a:1:{i:23737;s:19:\"2025-05-06 21:37:50\";}"]},"categories":[19,23],"tags":[363,577,64776,30559],"yoast_head":"<!-- This site is optimized with the Yoast SEO Premium plugin v22.7 (Yoast SEO v22.7) - https:\/\/yoast.com\/wordpress\/plugins\/seo\/ -->\n<title>Funkausfall bei deutschen Sicherheitsbeh\u00f6rden - just-now.NEWS Deutschland<\/title>\n<meta name=\"robots\" content=\"index, follow, max-snippet:-1, max-image-preview:large, max-video-preview:-1\" \/>\n<link rel=\"canonical\" href=\"https:\/\/now-news.de\/de\/deutschland\/funkausfall-bei-deutschen-sicherheitsbehoerden\/\" \/>\n<meta property=\"og:locale\" content=\"de_DE\" \/>\n<meta property=\"og:type\" content=\"article\" \/>\n<meta property=\"og:title\" content=\"Funkausfall bei deutschen Sicherheitsbeh\u00f6rden\" \/>\n<meta property=\"og:description\" content=\"Die Sicherheitsbeh\u00f6rden haben ein eigenes Digitalfunknetz; es hat die fr\u00fcher verbreiteten, \u00f6rtlichen Funknetze abgel\u00f6st. Nun aber kam es zu einer gro\u00dffl\u00e4chigen St\u00f6rung in diesem Netz, fast auf dem gesamten Bundesgebiet. In ganz Deutschland mit Ausnahme von Nordrhein-Westfalen und Bayern, meldete die Berliner Zeitung, sei der Digitalfunk der Sicherheitsbeh\u00f6rden ausgefallen; in Berlin sei dies von 17:34\u00a0Uhr [&hellip;]\" \/>\n<meta property=\"og:url\" content=\"https:\/\/now-news.de\/de\/deutschland\/funkausfall-bei-deutschen-sicherheitsbehoerden\/\" \/>\n<meta property=\"og:site_name\" content=\"just-now.NEWS Deutschland\" \/>\n<meta property=\"article:publisher\" content=\"https:\/\/www.facebook.com\/wirmachenauf\" \/>\n<meta property=\"article:published_time\" content=\"2025-05-06T19:36:02+00:00\" \/>\n<meta property=\"og:image\" content=\"https:\/\/now-news.de\/de\/wp-content\/uploads\/sites\/3\/2025\/05\/681a5d6848fbef1963683b37.jpg\" \/>\n<meta name=\"author\" content=\"rtnews\" \/>\n<meta name=\"twitter:card\" content=\"summary_large_image\" \/>\n<meta name=\"twitter:creator\" content=\"@WirMachenAuf_de\" \/>\n<meta name=\"twitter:site\" content=\"@WirMachenAuf_de\" \/>\n<meta name=\"twitter:label1\" content=\"Verfasst von\" \/>\n\t<meta name=\"twitter:data1\" content=\"rtnews\" \/>\n\t<meta name=\"twitter:label2\" content=\"Gesch\u00e4tzte Lesezeit\" \/>\n\t<meta name=\"twitter:data2\" content=\"2\u00a0Minuten\" \/>\n<script type=\"application\/ld+json\" class=\"yoast-schema-graph\">{\"@context\":\"https:\/\/schema.org\",\"@graph\":[{\"@type\":\"Article\",\"@id\":\"https:\/\/now-news.de\/de\/deutschland\/funkausfall-bei-deutschen-sicherheitsbehoerden\/#article\",\"isPartOf\":{\"@id\":\"https:\/\/now-news.de\/de\/deutschland\/funkausfall-bei-deutschen-sicherheitsbehoerden\/\"},\"author\":{\"name\":\"rtnews\",\"@id\":\"https:\/\/now-news.de\/de\/#\/schema\/person\/fb534a4e865501d8b3285208df34a9b5\"},\"headline\":\"Funkausfall bei deutschen Sicherheitsbeh\u00f6rden\",\"datePublished\":\"2025-05-06T19:36:02+00:00\",\"dateModified\":\"2025-05-06T19:36:02+00:00\",\"mainEntityOfPage\":{\"@id\":\"https:\/\/now-news.de\/de\/deutschland\/funkausfall-bei-deutschen-sicherheitsbehoerden\/\"},\"wordCount\":428,\"commentCount\":0,\"publisher\":{\"@id\":\"https:\/\/now-news.de\/de\/#organization\"},\"image\":{\"@id\":\"https:\/\/now-news.de\/de\/deutschland\/funkausfall-bei-deutschen-sicherheitsbehoerden\/#primaryimage\"},\"thumbnailUrl\":\"https:\/\/now-news.de\/de\/wp-content\/uploads\/sites\/3\/2025\/05\/Funkausfall-bei-deutschen-Sicherheitsbehoerden.jpg\",\"keywords\":[\"bei\",\"Deutschen\",\"Funkausfall\",\"Sicherheitsbeh\u00f6rden\"],\"articleSection\":[\"Deutschland\",\"Russland\"],\"inLanguage\":\"de\",\"potentialAction\":[{\"@type\":\"CommentAction\",\"name\":\"Comment\",\"target\":[\"https:\/\/now-news.de\/de\/deutschland\/funkausfall-bei-deutschen-sicherheitsbehoerden\/#respond\"]}]},{\"@type\":\"WebPage\",\"@id\":\"https:\/\/now-news.de\/de\/deutschland\/funkausfall-bei-deutschen-sicherheitsbehoerden\/\",\"url\":\"https:\/\/now-news.de\/de\/deutschland\/funkausfall-bei-deutschen-sicherheitsbehoerden\/\",\"name\":\"Funkausfall bei deutschen Sicherheitsbeh\u00f6rden - just-now.NEWS Deutschland\",\"isPartOf\":{\"@id\":\"https:\/\/now-news.de\/de\/#website\"},\"primaryImageOfPage\":{\"@id\":\"https:\/\/now-news.de\/de\/deutschland\/funkausfall-bei-deutschen-sicherheitsbehoerden\/#primaryimage\"},\"image\":{\"@id\":\"https:\/\/now-news.de\/de\/deutschland\/funkausfall-bei-deutschen-sicherheitsbehoerden\/#primaryimage\"},\"thumbnailUrl\":\"https:\/\/now-news.de\/de\/wp-content\/uploads\/sites\/3\/2025\/05\/Funkausfall-bei-deutschen-Sicherheitsbehoerden.jpg\",\"datePublished\":\"2025-05-06T19:36:02+00:00\",\"dateModified\":\"2025-05-06T19:36:02+00:00\",\"breadcrumb\":{\"@id\":\"https:\/\/now-news.de\/de\/deutschland\/funkausfall-bei-deutschen-sicherheitsbehoerden\/#breadcrumb\"},\"inLanguage\":\"de\",\"potentialAction\":[{\"@type\":\"ReadAction\",\"target\":[\"https:\/\/now-news.de\/de\/deutschland\/funkausfall-bei-deutschen-sicherheitsbehoerden\/\"]}]},{\"@type\":\"ImageObject\",\"inLanguage\":\"de\",\"@id\":\"https:\/\/now-news.de\/de\/deutschland\/funkausfall-bei-deutschen-sicherheitsbehoerden\/#primaryimage\",\"url\":\"https:\/\/now-news.de\/de\/wp-content\/uploads\/sites\/3\/2025\/05\/Funkausfall-bei-deutschen-Sicherheitsbehoerden.jpg\",\"contentUrl\":\"https:\/\/now-news.de\/de\/wp-content\/uploads\/sites\/3\/2025\/05\/Funkausfall-bei-deutschen-Sicherheitsbehoerden.jpg\",\"width\":460,\"height\":259,\"caption\":\"Funkausfall bei deutschen Sicherheitsbeh\u00f6rden\"},{\"@type\":\"BreadcrumbList\",\"@id\":\"https:\/\/now-news.de\/de\/deutschland\/funkausfall-bei-deutschen-sicherheitsbehoerden\/#breadcrumb\",\"itemListElement\":[{\"@type\":\"ListItem\",\"position\":1,\"name\":\"Home\",\"item\":\"https:\/\/now-news.de\/de\/\"},{\"@type\":\"ListItem\",\"position\":2,\"name\":\"Funkausfall bei deutschen Sicherheitsbeh\u00f6rden\"}]},{\"@type\":\"WebSite\",\"@id\":\"https:\/\/now-news.de\/de\/#website\",\"url\":\"https:\/\/now-news.de\/de\/\",\"name\":\"just-now.NEWS Deutschland\",\"description\":\"Das Portal f\u00fcr unzensierte Nachrichten aus der Welt\",\"publisher\":{\"@id\":\"https:\/\/now-news.de\/de\/#organization\"},\"potentialAction\":[{\"@type\":\"SearchAction\",\"target\":{\"@type\":\"EntryPoint\",\"urlTemplate\":\"https:\/\/now-news.de\/de\/?s={search_term_string}\"},\"query-input\":\"required name=search_term_string\"}],\"inLanguage\":\"de\"},{\"@type\":\"Organization\",\"@id\":\"https:\/\/now-news.de\/de\/#organization\",\"name\":\"Just Now News\",\"url\":\"https:\/\/now-news.de\/de\/\",\"logo\":{\"@type\":\"ImageObject\",\"inLanguage\":\"de\",\"@id\":\"https:\/\/now-news.de\/de\/#\/schema\/logo\/image\/\",\"url\":\"http:\/\/just-now.news\/de\/wp-content\/uploads\/sites\/3\/2022\/04\/logo500x500.jpg\",\"contentUrl\":\"http:\/\/just-now.news\/de\/wp-content\/uploads\/sites\/3\/2022\/04\/logo500x500.jpg\",\"width\":500,\"height\":500,\"caption\":\"Just Now News\"},\"image\":{\"@id\":\"https:\/\/now-news.de\/de\/#\/schema\/logo\/image\/\"},\"sameAs\":[\"https:\/\/www.facebook.com\/wirmachenauf\",\"https:\/\/x.com\/WirMachenAuf_de\"]},{\"@type\":\"Person\",\"@id\":\"https:\/\/now-news.de\/de\/#\/schema\/person\/fb534a4e865501d8b3285208df34a9b5\",\"name\":\"rtnews\",\"image\":{\"@type\":\"ImageObject\",\"inLanguage\":\"de\",\"@id\":\"https:\/\/now-news.de\/de\/#\/schema\/person\/image\/\",\"url\":\"https:\/\/secure.gravatar.com\/avatar\/82aafea7d8127119dd649515f56e2117?s=96&d=mm&r=g\",\"contentUrl\":\"https:\/\/secure.gravatar.com\/avatar\/82aafea7d8127119dd649515f56e2117?s=96&d=mm&r=g\",\"caption\":\"rtnews\"},\"url\":\"https:\/\/now-news.de\/de\/author\/rnews\/\"}]}<\/script>\n<!-- \/ Yoast SEO Premium plugin. -->","yoast_head_json":{"title":"Funkausfall bei deutschen Sicherheitsbeh\u00f6rden - just-now.NEWS Deutschland","robots":{"index":"index","follow":"follow","max-snippet":"max-snippet:-1","max-image-preview":"max-image-preview:large","max-video-preview":"max-video-preview:-1"},"canonical":"https:\/\/now-news.de\/de\/deutschland\/funkausfall-bei-deutschen-sicherheitsbehoerden\/","og_locale":"de_DE","og_type":"article","og_title":"Funkausfall bei deutschen Sicherheitsbeh\u00f6rden","og_description":"Die Sicherheitsbeh\u00f6rden haben ein eigenes Digitalfunknetz; es hat die fr\u00fcher verbreiteten, \u00f6rtlichen Funknetze abgel\u00f6st. Nun aber kam es zu einer gro\u00dffl\u00e4chigen St\u00f6rung in diesem Netz, fast auf dem gesamten Bundesgebiet. In ganz Deutschland mit Ausnahme von Nordrhein-Westfalen und Bayern, meldete die Berliner Zeitung, sei der Digitalfunk der Sicherheitsbeh\u00f6rden ausgefallen; in Berlin sei dies von 17:34\u00a0Uhr [&hellip;]","og_url":"https:\/\/now-news.de\/de\/deutschland\/funkausfall-bei-deutschen-sicherheitsbehoerden\/","og_site_name":"just-now.NEWS Deutschland","article_publisher":"https:\/\/www.facebook.com\/wirmachenauf","article_published_time":"2025-05-06T19:36:02+00:00","og_image":[{"url":"https:\/\/now-news.de\/de\/wp-content\/uploads\/sites\/3\/2025\/05\/681a5d6848fbef1963683b37.jpg"}],"author":"rtnews","twitter_card":"summary_large_image","twitter_creator":"@WirMachenAuf_de","twitter_site":"@WirMachenAuf_de","twitter_misc":{"Verfasst von":"rtnews","Gesch\u00e4tzte Lesezeit":"2\u00a0Minuten"},"schema":{"@context":"https:\/\/schema.org","@graph":[{"@type":"Article","@id":"https:\/\/now-news.de\/de\/deutschland\/funkausfall-bei-deutschen-sicherheitsbehoerden\/#article","isPartOf":{"@id":"https:\/\/now-news.de\/de\/deutschland\/funkausfall-bei-deutschen-sicherheitsbehoerden\/"},"author":{"name":"rtnews","@id":"https:\/\/now-news.de\/de\/#\/schema\/person\/fb534a4e865501d8b3285208df34a9b5"},"headline":"Funkausfall bei deutschen Sicherheitsbeh\u00f6rden","datePublished":"2025-05-06T19:36:02+00:00","dateModified":"2025-05-06T19:36:02+00:00","mainEntityOfPage":{"@id":"https:\/\/now-news.de\/de\/deutschland\/funkausfall-bei-deutschen-sicherheitsbehoerden\/"},"wordCount":428,"commentCount":0,"publisher":{"@id":"https:\/\/now-news.de\/de\/#organization"},"image":{"@id":"https:\/\/now-news.de\/de\/deutschland\/funkausfall-bei-deutschen-sicherheitsbehoerden\/#primaryimage"},"thumbnailUrl":"https:\/\/now-news.de\/de\/wp-content\/uploads\/sites\/3\/2025\/05\/Funkausfall-bei-deutschen-Sicherheitsbehoerden.jpg","keywords":["bei","Deutschen","Funkausfall","Sicherheitsbeh\u00f6rden"],"articleSection":["Deutschland","Russland"],"inLanguage":"de","potentialAction":[{"@type":"CommentAction","name":"Comment","target":["https:\/\/now-news.de\/de\/deutschland\/funkausfall-bei-deutschen-sicherheitsbehoerden\/#respond"]}]},{"@type":"WebPage","@id":"https:\/\/now-news.de\/de\/deutschland\/funkausfall-bei-deutschen-sicherheitsbehoerden\/","url":"https:\/\/now-news.de\/de\/deutschland\/funkausfall-bei-deutschen-sicherheitsbehoerden\/","name":"Funkausfall bei deutschen Sicherheitsbeh\u00f6rden - just-now.NEWS Deutschland","isPartOf":{"@id":"https:\/\/now-news.de\/de\/#website"},"primaryImageOfPage":{"@id":"https:\/\/now-news.de\/de\/deutschland\/funkausfall-bei-deutschen-sicherheitsbehoerden\/#primaryimage"},"image":{"@id":"https:\/\/now-news.de\/de\/deutschland\/funkausfall-bei-deutschen-sicherheitsbehoerden\/#primaryimage"},"thumbnailUrl":"https:\/\/now-news.de\/de\/wp-content\/uploads\/sites\/3\/2025\/05\/Funkausfall-bei-deutschen-Sicherheitsbehoerden.jpg","datePublished":"2025-05-06T19:36:02+00:00","dateModified":"2025-05-06T19:36:02+00:00","breadcrumb":{"@id":"https:\/\/now-news.de\/de\/deutschland\/funkausfall-bei-deutschen-sicherheitsbehoerden\/#breadcrumb"},"inLanguage":"de","potentialAction":[{"@type":"ReadAction","target":["https:\/\/now-news.de\/de\/deutschland\/funkausfall-bei-deutschen-sicherheitsbehoerden\/"]}]},{"@type":"ImageObject","inLanguage":"de","@id":"https:\/\/now-news.de\/de\/deutschland\/funkausfall-bei-deutschen-sicherheitsbehoerden\/#primaryimage","url":"https:\/\/now-news.de\/de\/wp-content\/uploads\/sites\/3\/2025\/05\/Funkausfall-bei-deutschen-Sicherheitsbehoerden.jpg","contentUrl":"https:\/\/now-news.de\/de\/wp-content\/uploads\/sites\/3\/2025\/05\/Funkausfall-bei-deutschen-Sicherheitsbehoerden.jpg","width":460,"height":259,"caption":"Funkausfall bei deutschen Sicherheitsbeh\u00f6rden"},{"@type":"BreadcrumbList","@id":"https:\/\/now-news.de\/de\/deutschland\/funkausfall-bei-deutschen-sicherheitsbehoerden\/#breadcrumb","itemListElement":[{"@type":"ListItem","position":1,"name":"Home","item":"https:\/\/now-news.de\/de\/"},{"@type":"ListItem","position":2,"name":"Funkausfall bei deutschen Sicherheitsbeh\u00f6rden"}]},{"@type":"WebSite","@id":"https:\/\/now-news.de\/de\/#website","url":"https:\/\/now-news.de\/de\/","name":"just-now.NEWS Deutschland","description":"Das Portal f\u00fcr unzensierte Nachrichten aus der Welt","publisher":{"@id":"https:\/\/now-news.de\/de\/#organization"},"potentialAction":[{"@type":"SearchAction","target":{"@type":"EntryPoint","urlTemplate":"https:\/\/now-news.de\/de\/?s={search_term_string}"},"query-input":"required name=search_term_string"}],"inLanguage":"de"},{"@type":"Organization","@id":"https:\/\/now-news.de\/de\/#organization","name":"Just Now News","url":"https:\/\/now-news.de\/de\/","logo":{"@type":"ImageObject","inLanguage":"de","@id":"https:\/\/now-news.de\/de\/#\/schema\/logo\/image\/","url":"http:\/\/just-now.news\/de\/wp-content\/uploads\/sites\/3\/2022\/04\/logo500x500.jpg","contentUrl":"http:\/\/just-now.news\/de\/wp-content\/uploads\/sites\/3\/2022\/04\/logo500x500.jpg","width":500,"height":500,"caption":"Just Now News"},"image":{"@id":"https:\/\/now-news.de\/de\/#\/schema\/logo\/image\/"},"sameAs":["https:\/\/www.facebook.com\/wirmachenauf","https:\/\/x.com\/WirMachenAuf_de"]},{"@type":"Person","@id":"https:\/\/now-news.de\/de\/#\/schema\/person\/fb534a4e865501d8b3285208df34a9b5","name":"rtnews","image":{"@type":"ImageObject","inLanguage":"de","@id":"https:\/\/now-news.de\/de\/#\/schema\/person\/image\/","url":"https:\/\/secure.gravatar.com\/avatar\/82aafea7d8127119dd649515f56e2117?s=96&d=mm&r=g","contentUrl":"https:\/\/secure.gravatar.com\/avatar\/82aafea7d8127119dd649515f56e2117?s=96&d=mm&r=g","caption":"rtnews"},"url":"https:\/\/now-news.de\/de\/author\/rnews\/"}]}},"_links":{"self":[{"href":"https:\/\/now-news.de\/de\/wp-json\/wp\/v2\/posts\/83341"}],"collection":[{"href":"https:\/\/now-news.de\/de\/wp-json\/wp\/v2\/posts"}],"about":[{"href":"https:\/\/now-news.de\/de\/wp-json\/wp\/v2\/types\/post"}],"author":[{"embeddable":true,"href":"https:\/\/now-news.de\/de\/wp-json\/wp\/v2\/users\/3"}],"replies":[{"embeddable":true,"href":"https:\/\/now-news.de\/de\/wp-json\/wp\/v2\/comments?post=83341"}],"version-history":[{"count":0,"href":"https:\/\/now-news.de\/de\/wp-json\/wp\/v2\/posts\/83341\/revisions"}],"wp:featuredmedia":[{"embeddable":true,"href":"https:\/\/now-news.de\/de\/wp-json\/wp\/v2\/media\/83342"}],"wp:attachment":[{"href":"https:\/\/now-news.de\/de\/wp-json\/wp\/v2\/media?parent=83341"}],"wp:term":[{"taxonomy":"category","embeddable":true,"href":"https:\/\/now-news.de\/de\/wp-json\/wp\/v2\/categories?post=83341"},{"taxonomy":"post_tag","embeddable":true,"href":"https:\/\/now-news.de\/de\/wp-json\/wp\/v2\/tags?post=83341"}],"curies":[{"name":"wp","href":"https:\/\/api.w.org\/{rel}","templated":true}]}}