{"id":83322,"date":"2025-05-06T16:00:11","date_gmt":"2025-05-06T14:00:11","guid":{"rendered":"https:\/\/now-news.de\/de\/deutschland\/wegen-gesichert-rechtsextrem-afd-abgeordneter-verlaesst-partei\/"},"modified":"2025-05-06T16:00:11","modified_gmt":"2025-05-06T14:00:11","slug":"wegen-gesichert-rechtsextrem-afd-abgeordneter-verlaesst-partei","status":"publish","type":"post","link":"https:\/\/now-news.de\/de\/deutschland\/wegen-gesichert-rechtsextrem-afd-abgeordneter-verlaesst-partei\/","title":{"rendered":"Wegen &quot;gesichert rechtsextrem&quot;: AfD-Abgeordneter verl\u00e4sst Partei"},"content":{"rendered":"<p><img decoding=\"async\" src=\"https:\/\/now-news.de\/de\/wp-content\/uploads\/sites\/3\/2025\/05\/681a01beb480cc09d5565045.jpg\" \/><\/p>\n<div class=\"Text-root Text-type_1 \">\n                Nur noch 151 AfD-Abgeordnete im Bundestag statt 152 \u2013 sicher ein Ergebnis, das die politischen Gegner freuen wird. Ein neu gew\u00e4hlter Abgeordneter trat bereits aus, weil er sein &#8220;privates und gesch\u00e4ftliches Umfeld&#8221; sch\u00fctzen wolle.\n            <\/div>\n<p><\/p>\n<div class=\"Text-root Text-type_5 ArticleView-text ViewText-root \">\n<p>Sieghard Knodel wurde erst bei der letzten Bundestagswahl f\u00fcr die AfD in den Bundestag gew\u00e4hlt; am 5.\u00a0Mai hat er seinen Austritt aus Fraktion wie Partei erkl\u00e4rt. Der 64-J\u00e4hrige war \u00fcber Platz\u00a018 der Landesliste Baden-W\u00fcrttemberg in den Bundestag eingezogen.<\/p>\n<p>Seine Mail an die Partei wurde vom <em>Spiegel<\/em> ausf\u00fchrlich zitiert. &#8220;Angesichts der Einstufung der Partei als gesichert rechtsextrem durch das Bundesamt f\u00fcr Verfassungsschutz, muss ich mein privates und gesch\u00e4ftliches Umfeld sch\u00fctzen und erachte diesen Schritt daher als unvermeidlich, auch wenn ich ihn sehr ungern gehe&#8221;, soll Knodel geschrieben haben. &#8220;Gleichzeitig informiere ich in diesem Schreiben das Pr\u00e4sidium des Deutschen Bundestages dar\u00fcber, dass ich mein Mandat k\u00fcnftig als Fraktionsloser Abgeordneter fortf\u00fchren werde.&#8221; Die Partei hat dem <em>Spiegel<\/em>\u00a0den Austritt best\u00e4tigt; inzwischen wird Knodel auf der Website der AfD im Bundestag auch nicht mehr gef\u00fchrt.<\/p>\n<p>Interne Auseinandersetzungen innerhalb der AfD d\u00fcrften als Grund f\u00fcr Knodels Entscheidung kaum eine Rolle gespielt haben\u00a0\u2013 es gab auf dem Parteitag in Ulm am 6.10.2024 zwar heftige Auseinandersetzungen, insbesondere um den Listenplatz\u00a01 f\u00fcr die Co-Bundesvorsitzende Alice Weidel, aber bei der Wahl 2021 hatte die AfD in diesem Bundesland erst zehn Mandate erzielt. Platz\u00a018 galt vor der Wahl als h\u00f6chst unsicher, was in der Regel bedeutet, dass er nicht mehr Gegenstand interner Konflikte war. Insgesamt hatte die AfD in Baden-W\u00fcrttemberg 25 Kandidaten aufgestellt und dank des guten Wahlergebnisses 19 Abgeordnete in den Bundestag entsenden k\u00f6nnen.<\/p>\n<p>Knodel geh\u00f6rt dem Kreisverband Reutlingen an und stammt aus Trochtelfingen, einer Kleinstadt mit etwa 6.500\u00a0Einwohnern, die zum Landkreis Reutlingen geh\u00f6rt. Dort besitzen er oder seine Familie eine Reihe von Unternehmen in Metallbau und Maschinenverleih. In einem Ort dieser Gr\u00f6\u00dfe d\u00fcrfte schon seine Kandidatur f\u00fcr die AfD allgemein bekannt gewesen sein; die Bewertung durch das Bundesamt f\u00fcr Verfassungsschutz d\u00fcrfte an den Reaktionen darauf allerdings nichts \u00e4ndern.<\/p>\n<p>Was letztlich nahelegt, dass sein Austritt durch Bef\u00fcrchtungen ausgel\u00f6st wurde, diese Bewertung k\u00f6nne Einfluss auf die Vergabe \u00f6ffentlicher Auftr\u00e4ge haben.<\/p>\n<p><strong>Mehr zum Thema \u2013\u00a0<\/strong><a rel=\"nofollow noopener\" target=\"_blank\" href=\"https:\/\/freedert.online\/inland\/244042-rechtsextrem-war-und-ist-wer-in-einen-krieg-gegen-russland-ziehen-will\/\">Rechtsextrem war und ist, wer in einen Krieg gegen Russland ziehen will \u2013 und das ist nicht die AfD<\/a><\/p>\n<div class=\"EmbedBlock-root EmbedBlock-externalVideo EmbedBlock-rumble\">\n<div class=\"VkEmbed\"><iframe class=\"lazyload\" data-src=\"https:\/\/rumble.com\/embed\/v6qu2wt\" frameborder=\"0\" width=\"853\" height=\"480\" allowfullscreen><\/iframe><\/div>\n<\/div>\n<\/div>\n<p><br \/>\n<br \/><a href=\"https:\/\/de.rt.com\/inland\/244276-wegen-gesichert-rechtsextrem-afd-abgeordneter-verlaesst-partei\/\">Source link <\/a><\/p>\n","protected":false},"excerpt":{"rendered":"<p>Nur noch 151 AfD-Abgeordnete im Bundestag statt 152 \u2013 sicher ein Ergebnis, das die politischen Gegner freuen wird. Ein neu gew\u00e4hlter Abgeordneter trat bereits aus, weil er sein &#8220;privates und gesch\u00e4ftliches Umfeld&#8221; sch\u00fctzen wolle. Sieghard Knodel wurde erst bei der letzten Bundestagswahl f\u00fcr die AfD in den Bundestag gew\u00e4hlt; am 5.\u00a0Mai hat er seinen Austritt [&hellip;]<\/p>\n","protected":false},"author":3,"featured_media":83323,"comment_status":"open","ping_status":"open","sticky":false,"template":"","format":"standard","meta":{"_yoast_indexnow_last_ping":["1746540815"],"wp_automatic_camp":["217"],"8ded6d9945beec798600a23b59e50faa":["Wegen &quot;gesichert rechtsextrem&quot;: AfD-Abgeordneter verl\u00e4sst Partei"],"original_link":["https:\/\/de.rt.com\/inland\/244276-wegen-gesichert-rechtsextrem-afd-abgeordneter-verlaesst-partei\/"],"_thumbnail_id":["83323"],"jnews_social_counter_last_update":["1776915925"],"_wptgpro_p2tg_sent2tg":["a:1:{i:23737;s:19:\"2025-05-06 16:14:54\";}"]},"categories":[19,23],"tags":[48571,2504,43517,51400,1444,145],"yoast_head":"<!-- This site is optimized with the Yoast SEO Premium plugin v22.7 (Yoast SEO v22.7) - https:\/\/yoast.com\/wordpress\/plugins\/seo\/ -->\n<title>Wegen &quot;gesichert rechtsextrem&quot;: AfD-Abgeordneter verl\u00e4sst Partei - just-now.NEWS Deutschland<\/title>\n<meta name=\"robots\" content=\"index, follow, max-snippet:-1, max-image-preview:large, max-video-preview:-1\" \/>\n<link rel=\"canonical\" href=\"https:\/\/now-news.de\/de\/deutschland\/wegen-gesichert-rechtsextrem-afd-abgeordneter-verlaesst-partei\/\" \/>\n<meta property=\"og:locale\" content=\"de_DE\" \/>\n<meta property=\"og:type\" content=\"article\" \/>\n<meta property=\"og:title\" content=\"Wegen &quot;gesichert rechtsextrem&quot;: AfD-Abgeordneter verl\u00e4sst Partei\" \/>\n<meta property=\"og:description\" content=\"Nur noch 151 AfD-Abgeordnete im Bundestag statt 152 \u2013 sicher ein Ergebnis, das die politischen Gegner freuen wird. Ein neu gew\u00e4hlter Abgeordneter trat bereits aus, weil er sein &#8220;privates und gesch\u00e4ftliches Umfeld&#8221; sch\u00fctzen wolle. Sieghard Knodel wurde erst bei der letzten Bundestagswahl f\u00fcr die AfD in den Bundestag gew\u00e4hlt; am 5.\u00a0Mai hat er seinen Austritt [&hellip;]\" \/>\n<meta property=\"og:url\" content=\"https:\/\/now-news.de\/de\/deutschland\/wegen-gesichert-rechtsextrem-afd-abgeordneter-verlaesst-partei\/\" \/>\n<meta property=\"og:site_name\" content=\"just-now.NEWS Deutschland\" \/>\n<meta property=\"article:publisher\" content=\"https:\/\/www.facebook.com\/wirmachenauf\" \/>\n<meta property=\"article:published_time\" content=\"2025-05-06T14:00:11+00:00\" \/>\n<meta property=\"og:image\" content=\"https:\/\/now-news.de\/de\/wp-content\/uploads\/sites\/3\/2025\/05\/681a01beb480cc09d5565045.jpg\" \/>\n<meta name=\"author\" content=\"rtnews\" \/>\n<meta name=\"twitter:card\" content=\"summary_large_image\" \/>\n<meta name=\"twitter:creator\" content=\"@WirMachenAuf_de\" \/>\n<meta name=\"twitter:site\" content=\"@WirMachenAuf_de\" \/>\n<meta name=\"twitter:label1\" content=\"Verfasst von\" \/>\n\t<meta name=\"twitter:data1\" content=\"rtnews\" \/>\n\t<meta name=\"twitter:label2\" content=\"Gesch\u00e4tzte Lesezeit\" \/>\n\t<meta name=\"twitter:data2\" content=\"2\u00a0Minuten\" \/>\n<script type=\"application\/ld+json\" class=\"yoast-schema-graph\">{\"@context\":\"https:\/\/schema.org\",\"@graph\":[{\"@type\":\"Article\",\"@id\":\"https:\/\/now-news.de\/de\/deutschland\/wegen-gesichert-rechtsextrem-afd-abgeordneter-verlaesst-partei\/#article\",\"isPartOf\":{\"@id\":\"https:\/\/now-news.de\/de\/deutschland\/wegen-gesichert-rechtsextrem-afd-abgeordneter-verlaesst-partei\/\"},\"author\":{\"name\":\"rtnews\",\"@id\":\"https:\/\/now-news.de\/de\/#\/schema\/person\/fb534a4e865501d8b3285208df34a9b5\"},\"headline\":\"Wegen &quot;gesichert rechtsextrem&quot;: AfD-Abgeordneter verl\u00e4sst Partei\",\"datePublished\":\"2025-05-06T14:00:11+00:00\",\"dateModified\":\"2025-05-06T14:00:11+00:00\",\"mainEntityOfPage\":{\"@id\":\"https:\/\/now-news.de\/de\/deutschland\/wegen-gesichert-rechtsextrem-afd-abgeordneter-verlaesst-partei\/\"},\"wordCount\":405,\"commentCount\":0,\"publisher\":{\"@id\":\"https:\/\/now-news.de\/de\/#organization\"},\"image\":{\"@id\":\"https:\/\/now-news.de\/de\/deutschland\/wegen-gesichert-rechtsextrem-afd-abgeordneter-verlaesst-partei\/#primaryimage\"},\"thumbnailUrl\":\"https:\/\/now-news.de\/de\/wp-content\/uploads\/sites\/3\/2025\/05\/Wegen-quotgesichert-rechtsextremquot-AfD-Abgeordneter-verlaesst-Partei.jpg\",\"keywords\":[\"AfDAbgeordneter\",\"Partei\",\"quotGesichert\",\"rechtsextremquot\",\"verl\u00e4sst\",\"wegen\"],\"articleSection\":[\"Deutschland\",\"Russland\"],\"inLanguage\":\"de\",\"potentialAction\":[{\"@type\":\"CommentAction\",\"name\":\"Comment\",\"target\":[\"https:\/\/now-news.de\/de\/deutschland\/wegen-gesichert-rechtsextrem-afd-abgeordneter-verlaesst-partei\/#respond\"]}]},{\"@type\":\"WebPage\",\"@id\":\"https:\/\/now-news.de\/de\/deutschland\/wegen-gesichert-rechtsextrem-afd-abgeordneter-verlaesst-partei\/\",\"url\":\"https:\/\/now-news.de\/de\/deutschland\/wegen-gesichert-rechtsextrem-afd-abgeordneter-verlaesst-partei\/\",\"name\":\"Wegen &quot;gesichert rechtsextrem&quot;: AfD-Abgeordneter verl\u00e4sst Partei - just-now.NEWS Deutschland\",\"isPartOf\":{\"@id\":\"https:\/\/now-news.de\/de\/#website\"},\"primaryImageOfPage\":{\"@id\":\"https:\/\/now-news.de\/de\/deutschland\/wegen-gesichert-rechtsextrem-afd-abgeordneter-verlaesst-partei\/#primaryimage\"},\"image\":{\"@id\":\"https:\/\/now-news.de\/de\/deutschland\/wegen-gesichert-rechtsextrem-afd-abgeordneter-verlaesst-partei\/#primaryimage\"},\"thumbnailUrl\":\"https:\/\/now-news.de\/de\/wp-content\/uploads\/sites\/3\/2025\/05\/Wegen-quotgesichert-rechtsextremquot-AfD-Abgeordneter-verlaesst-Partei.jpg\",\"datePublished\":\"2025-05-06T14:00:11+00:00\",\"dateModified\":\"2025-05-06T14:00:11+00:00\",\"breadcrumb\":{\"@id\":\"https:\/\/now-news.de\/de\/deutschland\/wegen-gesichert-rechtsextrem-afd-abgeordneter-verlaesst-partei\/#breadcrumb\"},\"inLanguage\":\"de\",\"potentialAction\":[{\"@type\":\"ReadAction\",\"target\":[\"https:\/\/now-news.de\/de\/deutschland\/wegen-gesichert-rechtsextrem-afd-abgeordneter-verlaesst-partei\/\"]}]},{\"@type\":\"ImageObject\",\"inLanguage\":\"de\",\"@id\":\"https:\/\/now-news.de\/de\/deutschland\/wegen-gesichert-rechtsextrem-afd-abgeordneter-verlaesst-partei\/#primaryimage\",\"url\":\"https:\/\/now-news.de\/de\/wp-content\/uploads\/sites\/3\/2025\/05\/Wegen-quotgesichert-rechtsextremquot-AfD-Abgeordneter-verlaesst-Partei.jpg\",\"contentUrl\":\"https:\/\/now-news.de\/de\/wp-content\/uploads\/sites\/3\/2025\/05\/Wegen-quotgesichert-rechtsextremquot-AfD-Abgeordneter-verlaesst-Partei.jpg\",\"width\":460,\"height\":259,\"caption\":\"Wegen &quot;gesichert rechtsextrem&quot;: AfD-Abgeordneter verl\u00e4sst Partei\"},{\"@type\":\"BreadcrumbList\",\"@id\":\"https:\/\/now-news.de\/de\/deutschland\/wegen-gesichert-rechtsextrem-afd-abgeordneter-verlaesst-partei\/#breadcrumb\",\"itemListElement\":[{\"@type\":\"ListItem\",\"position\":1,\"name\":\"Home\",\"item\":\"https:\/\/now-news.de\/de\/\"},{\"@type\":\"ListItem\",\"position\":2,\"name\":\"Wegen &quot;gesichert rechtsextrem&quot;: AfD-Abgeordneter verl\u00e4sst Partei\"}]},{\"@type\":\"WebSite\",\"@id\":\"https:\/\/now-news.de\/de\/#website\",\"url\":\"https:\/\/now-news.de\/de\/\",\"name\":\"just-now.NEWS Deutschland\",\"description\":\"Das Portal f\u00fcr unzensierte Nachrichten aus der Welt\",\"publisher\":{\"@id\":\"https:\/\/now-news.de\/de\/#organization\"},\"potentialAction\":[{\"@type\":\"SearchAction\",\"target\":{\"@type\":\"EntryPoint\",\"urlTemplate\":\"https:\/\/now-news.de\/de\/?s={search_term_string}\"},\"query-input\":\"required name=search_term_string\"}],\"inLanguage\":\"de\"},{\"@type\":\"Organization\",\"@id\":\"https:\/\/now-news.de\/de\/#organization\",\"name\":\"Just Now News\",\"url\":\"https:\/\/now-news.de\/de\/\",\"logo\":{\"@type\":\"ImageObject\",\"inLanguage\":\"de\",\"@id\":\"https:\/\/now-news.de\/de\/#\/schema\/logo\/image\/\",\"url\":\"http:\/\/just-now.news\/de\/wp-content\/uploads\/sites\/3\/2022\/04\/logo500x500.jpg\",\"contentUrl\":\"http:\/\/just-now.news\/de\/wp-content\/uploads\/sites\/3\/2022\/04\/logo500x500.jpg\",\"width\":500,\"height\":500,\"caption\":\"Just Now News\"},\"image\":{\"@id\":\"https:\/\/now-news.de\/de\/#\/schema\/logo\/image\/\"},\"sameAs\":[\"https:\/\/www.facebook.com\/wirmachenauf\",\"https:\/\/x.com\/WirMachenAuf_de\"]},{\"@type\":\"Person\",\"@id\":\"https:\/\/now-news.de\/de\/#\/schema\/person\/fb534a4e865501d8b3285208df34a9b5\",\"name\":\"rtnews\",\"image\":{\"@type\":\"ImageObject\",\"inLanguage\":\"de\",\"@id\":\"https:\/\/now-news.de\/de\/#\/schema\/person\/image\/\",\"url\":\"https:\/\/secure.gravatar.com\/avatar\/82aafea7d8127119dd649515f56e2117?s=96&d=mm&r=g\",\"contentUrl\":\"https:\/\/secure.gravatar.com\/avatar\/82aafea7d8127119dd649515f56e2117?s=96&d=mm&r=g\",\"caption\":\"rtnews\"},\"url\":\"https:\/\/now-news.de\/de\/author\/rnews\/\"}]}<\/script>\n<!-- \/ Yoast SEO Premium plugin. -->","yoast_head_json":{"title":"Wegen &quot;gesichert rechtsextrem&quot;: AfD-Abgeordneter verl\u00e4sst Partei - just-now.NEWS Deutschland","robots":{"index":"index","follow":"follow","max-snippet":"max-snippet:-1","max-image-preview":"max-image-preview:large","max-video-preview":"max-video-preview:-1"},"canonical":"https:\/\/now-news.de\/de\/deutschland\/wegen-gesichert-rechtsextrem-afd-abgeordneter-verlaesst-partei\/","og_locale":"de_DE","og_type":"article","og_title":"Wegen &quot;gesichert rechtsextrem&quot;: AfD-Abgeordneter verl\u00e4sst Partei","og_description":"Nur noch 151 AfD-Abgeordnete im Bundestag statt 152 \u2013 sicher ein Ergebnis, das die politischen Gegner freuen wird. Ein neu gew\u00e4hlter Abgeordneter trat bereits aus, weil er sein &#8220;privates und gesch\u00e4ftliches Umfeld&#8221; sch\u00fctzen wolle. Sieghard Knodel wurde erst bei der letzten Bundestagswahl f\u00fcr die AfD in den Bundestag gew\u00e4hlt; am 5.\u00a0Mai hat er seinen Austritt [&hellip;]","og_url":"https:\/\/now-news.de\/de\/deutschland\/wegen-gesichert-rechtsextrem-afd-abgeordneter-verlaesst-partei\/","og_site_name":"just-now.NEWS Deutschland","article_publisher":"https:\/\/www.facebook.com\/wirmachenauf","article_published_time":"2025-05-06T14:00:11+00:00","og_image":[{"url":"https:\/\/now-news.de\/de\/wp-content\/uploads\/sites\/3\/2025\/05\/681a01beb480cc09d5565045.jpg"}],"author":"rtnews","twitter_card":"summary_large_image","twitter_creator":"@WirMachenAuf_de","twitter_site":"@WirMachenAuf_de","twitter_misc":{"Verfasst von":"rtnews","Gesch\u00e4tzte Lesezeit":"2\u00a0Minuten"},"schema":{"@context":"https:\/\/schema.org","@graph":[{"@type":"Article","@id":"https:\/\/now-news.de\/de\/deutschland\/wegen-gesichert-rechtsextrem-afd-abgeordneter-verlaesst-partei\/#article","isPartOf":{"@id":"https:\/\/now-news.de\/de\/deutschland\/wegen-gesichert-rechtsextrem-afd-abgeordneter-verlaesst-partei\/"},"author":{"name":"rtnews","@id":"https:\/\/now-news.de\/de\/#\/schema\/person\/fb534a4e865501d8b3285208df34a9b5"},"headline":"Wegen &quot;gesichert rechtsextrem&quot;: AfD-Abgeordneter verl\u00e4sst Partei","datePublished":"2025-05-06T14:00:11+00:00","dateModified":"2025-05-06T14:00:11+00:00","mainEntityOfPage":{"@id":"https:\/\/now-news.de\/de\/deutschland\/wegen-gesichert-rechtsextrem-afd-abgeordneter-verlaesst-partei\/"},"wordCount":405,"commentCount":0,"publisher":{"@id":"https:\/\/now-news.de\/de\/#organization"},"image":{"@id":"https:\/\/now-news.de\/de\/deutschland\/wegen-gesichert-rechtsextrem-afd-abgeordneter-verlaesst-partei\/#primaryimage"},"thumbnailUrl":"https:\/\/now-news.de\/de\/wp-content\/uploads\/sites\/3\/2025\/05\/Wegen-quotgesichert-rechtsextremquot-AfD-Abgeordneter-verlaesst-Partei.jpg","keywords":["AfDAbgeordneter","Partei","quotGesichert","rechtsextremquot","verl\u00e4sst","wegen"],"articleSection":["Deutschland","Russland"],"inLanguage":"de","potentialAction":[{"@type":"CommentAction","name":"Comment","target":["https:\/\/now-news.de\/de\/deutschland\/wegen-gesichert-rechtsextrem-afd-abgeordneter-verlaesst-partei\/#respond"]}]},{"@type":"WebPage","@id":"https:\/\/now-news.de\/de\/deutschland\/wegen-gesichert-rechtsextrem-afd-abgeordneter-verlaesst-partei\/","url":"https:\/\/now-news.de\/de\/deutschland\/wegen-gesichert-rechtsextrem-afd-abgeordneter-verlaesst-partei\/","name":"Wegen &quot;gesichert rechtsextrem&quot;: AfD-Abgeordneter verl\u00e4sst Partei - just-now.NEWS Deutschland","isPartOf":{"@id":"https:\/\/now-news.de\/de\/#website"},"primaryImageOfPage":{"@id":"https:\/\/now-news.de\/de\/deutschland\/wegen-gesichert-rechtsextrem-afd-abgeordneter-verlaesst-partei\/#primaryimage"},"image":{"@id":"https:\/\/now-news.de\/de\/deutschland\/wegen-gesichert-rechtsextrem-afd-abgeordneter-verlaesst-partei\/#primaryimage"},"thumbnailUrl":"https:\/\/now-news.de\/de\/wp-content\/uploads\/sites\/3\/2025\/05\/Wegen-quotgesichert-rechtsextremquot-AfD-Abgeordneter-verlaesst-Partei.jpg","datePublished":"2025-05-06T14:00:11+00:00","dateModified":"2025-05-06T14:00:11+00:00","breadcrumb":{"@id":"https:\/\/now-news.de\/de\/deutschland\/wegen-gesichert-rechtsextrem-afd-abgeordneter-verlaesst-partei\/#breadcrumb"},"inLanguage":"de","potentialAction":[{"@type":"ReadAction","target":["https:\/\/now-news.de\/de\/deutschland\/wegen-gesichert-rechtsextrem-afd-abgeordneter-verlaesst-partei\/"]}]},{"@type":"ImageObject","inLanguage":"de","@id":"https:\/\/now-news.de\/de\/deutschland\/wegen-gesichert-rechtsextrem-afd-abgeordneter-verlaesst-partei\/#primaryimage","url":"https:\/\/now-news.de\/de\/wp-content\/uploads\/sites\/3\/2025\/05\/Wegen-quotgesichert-rechtsextremquot-AfD-Abgeordneter-verlaesst-Partei.jpg","contentUrl":"https:\/\/now-news.de\/de\/wp-content\/uploads\/sites\/3\/2025\/05\/Wegen-quotgesichert-rechtsextremquot-AfD-Abgeordneter-verlaesst-Partei.jpg","width":460,"height":259,"caption":"Wegen &quot;gesichert rechtsextrem&quot;: AfD-Abgeordneter verl\u00e4sst Partei"},{"@type":"BreadcrumbList","@id":"https:\/\/now-news.de\/de\/deutschland\/wegen-gesichert-rechtsextrem-afd-abgeordneter-verlaesst-partei\/#breadcrumb","itemListElement":[{"@type":"ListItem","position":1,"name":"Home","item":"https:\/\/now-news.de\/de\/"},{"@type":"ListItem","position":2,"name":"Wegen &quot;gesichert rechtsextrem&quot;: AfD-Abgeordneter verl\u00e4sst Partei"}]},{"@type":"WebSite","@id":"https:\/\/now-news.de\/de\/#website","url":"https:\/\/now-news.de\/de\/","name":"just-now.NEWS Deutschland","description":"Das Portal f\u00fcr unzensierte Nachrichten aus der Welt","publisher":{"@id":"https:\/\/now-news.de\/de\/#organization"},"potentialAction":[{"@type":"SearchAction","target":{"@type":"EntryPoint","urlTemplate":"https:\/\/now-news.de\/de\/?s={search_term_string}"},"query-input":"required name=search_term_string"}],"inLanguage":"de"},{"@type":"Organization","@id":"https:\/\/now-news.de\/de\/#organization","name":"Just Now News","url":"https:\/\/now-news.de\/de\/","logo":{"@type":"ImageObject","inLanguage":"de","@id":"https:\/\/now-news.de\/de\/#\/schema\/logo\/image\/","url":"http:\/\/just-now.news\/de\/wp-content\/uploads\/sites\/3\/2022\/04\/logo500x500.jpg","contentUrl":"http:\/\/just-now.news\/de\/wp-content\/uploads\/sites\/3\/2022\/04\/logo500x500.jpg","width":500,"height":500,"caption":"Just Now News"},"image":{"@id":"https:\/\/now-news.de\/de\/#\/schema\/logo\/image\/"},"sameAs":["https:\/\/www.facebook.com\/wirmachenauf","https:\/\/x.com\/WirMachenAuf_de"]},{"@type":"Person","@id":"https:\/\/now-news.de\/de\/#\/schema\/person\/fb534a4e865501d8b3285208df34a9b5","name":"rtnews","image":{"@type":"ImageObject","inLanguage":"de","@id":"https:\/\/now-news.de\/de\/#\/schema\/person\/image\/","url":"https:\/\/secure.gravatar.com\/avatar\/82aafea7d8127119dd649515f56e2117?s=96&d=mm&r=g","contentUrl":"https:\/\/secure.gravatar.com\/avatar\/82aafea7d8127119dd649515f56e2117?s=96&d=mm&r=g","caption":"rtnews"},"url":"https:\/\/now-news.de\/de\/author\/rnews\/"}]}},"_links":{"self":[{"href":"https:\/\/now-news.de\/de\/wp-json\/wp\/v2\/posts\/83322"}],"collection":[{"href":"https:\/\/now-news.de\/de\/wp-json\/wp\/v2\/posts"}],"about":[{"href":"https:\/\/now-news.de\/de\/wp-json\/wp\/v2\/types\/post"}],"author":[{"embeddable":true,"href":"https:\/\/now-news.de\/de\/wp-json\/wp\/v2\/users\/3"}],"replies":[{"embeddable":true,"href":"https:\/\/now-news.de\/de\/wp-json\/wp\/v2\/comments?post=83322"}],"version-history":[{"count":0,"href":"https:\/\/now-news.de\/de\/wp-json\/wp\/v2\/posts\/83322\/revisions"}],"wp:featuredmedia":[{"embeddable":true,"href":"https:\/\/now-news.de\/de\/wp-json\/wp\/v2\/media\/83323"}],"wp:attachment":[{"href":"https:\/\/now-news.de\/de\/wp-json\/wp\/v2\/media?parent=83322"}],"wp:term":[{"taxonomy":"category","embeddable":true,"href":"https:\/\/now-news.de\/de\/wp-json\/wp\/v2\/categories?post=83322"},{"taxonomy":"post_tag","embeddable":true,"href":"https:\/\/now-news.de\/de\/wp-json\/wp\/v2\/tags?post=83322"}],"curies":[{"name":"wp","href":"https:\/\/api.w.org\/{rel}","templated":true}]}}