{"id":83318,"date":"2025-05-06T13:46:27","date_gmt":"2025-05-06T11:46:27","guid":{"rendered":"https:\/\/now-news.de\/de\/deutschland\/wahl-eklat-friedrich-merz-als-symptom-der-politischen-krise\/"},"modified":"2025-05-06T13:46:27","modified_gmt":"2025-05-06T11:46:27","slug":"wahl-eklat-friedrich-merz-als-symptom-der-politischen-krise","status":"publish","type":"post","link":"https:\/\/now-news.de\/de\/deutschland\/wahl-eklat-friedrich-merz-als-symptom-der-politischen-krise\/","title":{"rendered":"Wahl-Eklat: Friedrich Merz als Symptom der politischen Krise"},"content":{"rendered":"<p><img decoding=\"async\" src=\"https:\/\/now-news.de\/de\/wp-content\/uploads\/sites\/3\/2025\/05\/6819ec42b480cc08c23ef4c8.jpg\" \/><\/p>\n<div class=\"Text-root Text-type_1 \">\n                Friedrich Merz ist bei der Wahl zum Kanzler durchgefallen. Die politische Instabilit\u00e4t in Deutschland geht damit in die Verl\u00e4ngerung und erreicht ein neues Niveau. Die kommende Regierung ist schon vor Amtsantritt unbeliebt. Merz erm\u00f6glicht nicht die L\u00f6sung der Krise, sondern ist ihr Symptom.\n            <\/div>\n<p><\/p>\n<div class=\"Text-root Text-type_5 ArticleView-text ViewText-root \">\n<p><em>Von Gert Ewen Ungar<\/em><\/p>\n<p>Das hat es in der Geschichte der Bundesrepublik noch nicht gegeben. Zum ersten Mal scheitert ein Kanzlerkandidat im ersten Wahlgang. Trotz festgezurrtem Koalitionsvertrag, obwohl die Minister\u00e4mter schon verteilt waren, trotz der Anbiederung an die Gr\u00fcnen, scheiterte Merz. Nicht knapp, es fehlten ganze sechs Stimmen zur notwendigen Stimmenzahl von 316 Stimmen. Und das, obwohl Union und SPD zusammen \u00fcber 328 Sitze im Bundestag verf\u00fcgen. Merz ist nicht nur ein wenig, sondern grandios gescheitert!<\/p>\n<p>Das Scheitern von Merz hat gleich mehrere Gr\u00fcnde. Merz ist kein Sympathietr\u00e4ger. Er ist unsympathisch und wirkt wenig vertrauensw\u00fcrdig. Sein pers\u00f6nliches Karriereziel ist die Kanzlerschaft um jeden Preis. Diesem Ziel ordnet er alles unter. Das l\u00e4sst Zweifel an seiner charakterlichen Eignung aufkommen.\u00a0<\/p>\n<p>Aber nat\u00fcrlich ist das Scheitern von Merz nicht nur seinem Pers\u00f6nlichkeitsprofil geschuldet. Merz hat die W\u00e4hler im Wahlkampf in einer Weise get\u00e4uscht, die beispiellos ist. Die T\u00e4uschung war so umfassend, dass er nicht nur unter den W\u00e4hlern, sondern auch in der eigenen Partei an Ansehen und R\u00fcckhalt verloren hat.\u00a0<\/p>\n<p>In Talkshows und Interviews hat Merz nach der Bundestagswahl versucht, seinen Wortbruch wortgewandt wegzuschwurbeln. Gelungen ist ihm das nicht. Merz hat zentrale, im Wahlkampf gemachte Versprechen gebrochen \u2013 seine W\u00e4hler f\u00fchlen sich zu Recht von ihm betrogen.<\/p>\n<p>Dass der von Merz und Klingbeil angek\u00fcndigte Neustart, der fundamentale Wandel, gelingen kann, steht ebenfalls mehr als infrage. Im Koalitionsvertrag deutet nichts darauf hin, dass die k\u00fcnftige Bundesregierung fundamentale Stellschrauben neu justieren wird. Trotz der mantraartigen Beschw\u00f6rens eines Neuanfangs deutet alles auf ein grunds\u00e4tzliches Weiter-so hin. Im Gegenteil hat Merz angek\u00fcndigt, dass er trotz umfassender Neuverschuldung in H\u00f6he von mehreren hundert Milliarden Euro umfassend k\u00fcrzen wird: B\u00fcrgergeld senken, harte Einschnitte im Sozialen, den B\u00fcrgern durch gezielte Verteuerung fossiler Energietr\u00e4ger neue Lasten aufb\u00fcrden.\u00a0<\/p>\n<p>Noch vor Amtsantritt der neuen Regierung bekommt sie daher von den W\u00e4hlern ein schlechtes Zeugnis ausgestellt. Eine Umfrage des Meinungsforschungsinstituts YouGov ermittelte, dass eine satte Mehrheit von 57 Prozent der Befragten davon ausgeht, dass die k\u00fcnftige Bundesregierung so schlecht oder noch schlechter arbeiten wird als die Ampel.<\/p>\n<p>Auch das hat es in der Geschichte der Bundesrepublik noch nicht gegeben. Eine Bundesregierung, die noch vor Amtsantritt jeden R\u00fcckhalt beim W\u00e4hler komplett verspielt hat. Das Ergebnis erlaubt zudem den Schluss, dass die Deutschen in der Mehrzahl nicht mehr glauben, sie k\u00f6nnten bei Wahlen Einfluss auf den politischen Kurs nehmen. Das ist eine niederschmetternde Diagnose f\u00fcr eine Demokratie. Merz hat noch vor Amtsantritt umfassenden und schweren Schaden verursacht.\u00a0<\/p>\n<p>Daher l\u00e4sst sich aus heutiger Sicht \u00fcber Friedrich Merz bereits sagen, dass er die politische Krise, in der Deutschland steckt, weiter vertieft und ausgeweitet hat.\u00a0<\/p>\n<p>Selbst in den eigenen Reihen, bei Union und SPD, gibt es Zweifel an der Eignung von Merz zum Kanzler. Der heutige Tag hat Merz massiv besch\u00e4digt. Auch wenn er im zweiten oder dritten Wahlgang noch zum Kanzler gew\u00e4hlt wird, dieses Manko bleibt und wird seine Kanzlerschaft dauerhaft \u00fcberschatten \u2013 sowohl im Inland als auch im Ausland. Merz wird, wenn er denn Kanzler wird, ein schwacher, vor allem aber ein unbeliebter Kanzler.\u00a0<\/p>\n<p>Was aber au\u00dferdem bedacht werden muss, ist, dass Deutschland nicht allein im Krisenmodus verharrt. Mit der Verl\u00e4ngerung der Regierungskrise, die von der Ampel \u00fcbernommen wurde, reiht sich Deutschland in die Liste der L\u00e4nder Westeuropas ein, die politisch instabil sind.\u00a0<\/p>\n<p>Die Ursache daf\u00fcr ist in allen L\u00e4ndern die Gleiche. Eine vom W\u00e4hler abgestrafte und de facto abgew\u00e4hlte Politik soll gegen die Interessen der W\u00e4hler und des Landes fortgef\u00fchrt werden. Das passiert in Frankreich, in Gro\u00dfbritannien, in \u00d6sterreich, auf EU-Ebene und eben auch in Deutschland. Die politische Krise in Westeuropa und Deutschland l\u00e4sst sich daher nur \u00fcberwinden, wenn dem Souver\u00e4n wieder Respekt gezeugt wird. Sie ist dann \u00fcberwunden, wenn sich Politiker wieder dem Wohl der B\u00fcrger und den Interessen des eigenen Landes und nicht Narrativen und dem politischen Mitl\u00e4ufertum verpflichtet f\u00fchlen.<\/p>\n<p>Daf\u00fcr ist Merz aber der falsche Mann. Merz interessiert sich nicht f\u00fcr das Wohl der Menschen im Land, will ihren Wohlstand nicht mehren. Merz interessiert sich vor allem f\u00fcr sich und seine Karriere. Die will er durch Konformit\u00e4t gegen\u00fcber dem Establishment und durch Seilschaften f\u00f6rdern. Die B\u00fcrger sind Merz gleichg\u00fcltig. Merz repr\u00e4sentiert damit einen Typ Politiker, den der W\u00e4hler verachtet. Merz ist daher nicht die L\u00f6sung f\u00fcr die politische Krise in Deutschland. Ganz im Gegenteil, dass Merz es zum Kanzlerkandidaten gebracht hat, ist ein Symptom der Krise.\u00a0<\/p>\n<p><strong>Mehr zum Thema<\/strong>\u00a0\u2013 <a rel=\"nofollow noopener\" target=\"_blank\" href=\"https:\/\/freedert.online\/inland\/244222-liveticker-zur-kanzlerwahl\/\">Liveticker zur Kanzlerwahl \u2013 Keine Mehrheit: Merz wird heute nicht mehr Kanzler<\/a><\/p>\n<div class=\"EmbedBlock-root EmbedBlock-externalVideo EmbedBlock-rumble\">\n<div class=\"VkEmbed\"><iframe class=\"lazyload\" data-src=\"https:\/\/rumble.com\/embed\/v6qu08j\" frameborder=\"0\" width=\"853\" height=\"480\" allowfullscreen><\/iframe><\/div>\n<\/div>\n<\/div>\n<p><br \/>\n<br \/><a href=\"https:\/\/de.rt.com\/meinung\/244259-wahl-eklat-friedrich-merz-als\/\">Source link <\/a><\/p>\n","protected":false},"excerpt":{"rendered":"<p>Friedrich Merz ist bei der Wahl zum Kanzler durchgefallen. Die politische Instabilit\u00e4t in Deutschland geht damit in die Verl\u00e4ngerung und erreicht ein neues Niveau. Die kommende Regierung ist schon vor Amtsantritt unbeliebt. Merz erm\u00f6glicht nicht die L\u00f6sung der Krise, sondern ist ihr Symptom. Von Gert Ewen Ungar Das hat es in der Geschichte der Bundesrepublik [&hellip;]<\/p>\n","protected":false},"author":3,"featured_media":83319,"comment_status":"open","ping_status":"open","sticky":false,"template":"","format":"standard","meta":{"_yoast_indexnow_last_ping":["1746532174"],"wp_automatic_camp":["217"],"d1e9dd828486591b1255d83827234950":["Wahl-Eklat: Friedrich Merz als Symptom der politischen Krise"],"original_link":["https:\/\/de.rt.com\/meinung\/244259-wahl-eklat-friedrich-merz-als\/"],"_thumbnail_id":["83319"],"jnews_social_counter_last_update":["1777123543"],"_wptgpro_p2tg_sent2tg":["a:1:{i:23737;s:19:\"2025-05-06 13:50:36\";}"]},"categories":[19,23],"tags":[273,82,18727,861,18728,21446,34445,64769],"yoast_head":"<!-- This site is optimized with the Yoast SEO Premium plugin v22.7 (Yoast SEO v22.7) - https:\/\/yoast.com\/wordpress\/plugins\/seo\/ -->\n<title>Wahl-Eklat: Friedrich Merz als Symptom der politischen Krise - just-now.NEWS Deutschland<\/title>\n<meta name=\"robots\" content=\"index, follow, max-snippet:-1, max-image-preview:large, max-video-preview:-1\" \/>\n<link rel=\"canonical\" href=\"https:\/\/now-news.de\/de\/deutschland\/wahl-eklat-friedrich-merz-als-symptom-der-politischen-krise\/\" \/>\n<meta property=\"og:locale\" content=\"de_DE\" \/>\n<meta property=\"og:type\" content=\"article\" \/>\n<meta property=\"og:title\" content=\"Wahl-Eklat: Friedrich Merz als Symptom der politischen Krise\" \/>\n<meta property=\"og:description\" content=\"Friedrich Merz ist bei der Wahl zum Kanzler durchgefallen. Die politische Instabilit\u00e4t in Deutschland geht damit in die Verl\u00e4ngerung und erreicht ein neues Niveau. Die kommende Regierung ist schon vor Amtsantritt unbeliebt. Merz erm\u00f6glicht nicht die L\u00f6sung der Krise, sondern ist ihr Symptom. Von Gert Ewen Ungar Das hat es in der Geschichte der Bundesrepublik [&hellip;]\" \/>\n<meta property=\"og:url\" content=\"https:\/\/now-news.de\/de\/deutschland\/wahl-eklat-friedrich-merz-als-symptom-der-politischen-krise\/\" \/>\n<meta property=\"og:site_name\" content=\"just-now.NEWS Deutschland\" \/>\n<meta property=\"article:publisher\" content=\"https:\/\/www.facebook.com\/wirmachenauf\" \/>\n<meta property=\"article:published_time\" content=\"2025-05-06T11:46:27+00:00\" \/>\n<meta property=\"og:image\" content=\"https:\/\/now-news.de\/de\/wp-content\/uploads\/sites\/3\/2025\/05\/6819ec42b480cc08c23ef4c8.jpg\" \/>\n<meta name=\"author\" content=\"rtnews\" \/>\n<meta name=\"twitter:card\" content=\"summary_large_image\" \/>\n<meta name=\"twitter:creator\" content=\"@WirMachenAuf_de\" \/>\n<meta name=\"twitter:site\" content=\"@WirMachenAuf_de\" \/>\n<meta name=\"twitter:label1\" content=\"Verfasst von\" \/>\n\t<meta name=\"twitter:data1\" content=\"rtnews\" \/>\n\t<meta name=\"twitter:label2\" content=\"Gesch\u00e4tzte Lesezeit\" \/>\n\t<meta name=\"twitter:data2\" content=\"4\u00a0Minuten\" \/>\n<script type=\"application\/ld+json\" class=\"yoast-schema-graph\">{\"@context\":\"https:\/\/schema.org\",\"@graph\":[{\"@type\":\"Article\",\"@id\":\"https:\/\/now-news.de\/de\/deutschland\/wahl-eklat-friedrich-merz-als-symptom-der-politischen-krise\/#article\",\"isPartOf\":{\"@id\":\"https:\/\/now-news.de\/de\/deutschland\/wahl-eklat-friedrich-merz-als-symptom-der-politischen-krise\/\"},\"author\":{\"name\":\"rtnews\",\"@id\":\"https:\/\/now-news.de\/de\/#\/schema\/person\/fb534a4e865501d8b3285208df34a9b5\"},\"headline\":\"Wahl-Eklat: Friedrich Merz als Symptom der politischen Krise\",\"datePublished\":\"2025-05-06T11:46:27+00:00\",\"dateModified\":\"2025-05-06T11:46:27+00:00\",\"mainEntityOfPage\":{\"@id\":\"https:\/\/now-news.de\/de\/deutschland\/wahl-eklat-friedrich-merz-als-symptom-der-politischen-krise\/\"},\"wordCount\":844,\"commentCount\":0,\"publisher\":{\"@id\":\"https:\/\/now-news.de\/de\/#organization\"},\"image\":{\"@id\":\"https:\/\/now-news.de\/de\/deutschland\/wahl-eklat-friedrich-merz-als-symptom-der-politischen-krise\/#primaryimage\"},\"thumbnailUrl\":\"https:\/\/now-news.de\/de\/wp-content\/uploads\/sites\/3\/2025\/05\/Wahl-Eklat-Friedrich-Merz-als-Symptom-der-politischen-Krise.jpg\",\"keywords\":[\"als\",\"der\",\"Friedrich\",\"krise\",\"Merz\",\"politischen\",\"Symptom\",\"WahlEklat\"],\"articleSection\":[\"Deutschland\",\"Russland\"],\"inLanguage\":\"de\",\"potentialAction\":[{\"@type\":\"CommentAction\",\"name\":\"Comment\",\"target\":[\"https:\/\/now-news.de\/de\/deutschland\/wahl-eklat-friedrich-merz-als-symptom-der-politischen-krise\/#respond\"]}]},{\"@type\":\"WebPage\",\"@id\":\"https:\/\/now-news.de\/de\/deutschland\/wahl-eklat-friedrich-merz-als-symptom-der-politischen-krise\/\",\"url\":\"https:\/\/now-news.de\/de\/deutschland\/wahl-eklat-friedrich-merz-als-symptom-der-politischen-krise\/\",\"name\":\"Wahl-Eklat: Friedrich Merz als Symptom der politischen Krise - just-now.NEWS Deutschland\",\"isPartOf\":{\"@id\":\"https:\/\/now-news.de\/de\/#website\"},\"primaryImageOfPage\":{\"@id\":\"https:\/\/now-news.de\/de\/deutschland\/wahl-eklat-friedrich-merz-als-symptom-der-politischen-krise\/#primaryimage\"},\"image\":{\"@id\":\"https:\/\/now-news.de\/de\/deutschland\/wahl-eklat-friedrich-merz-als-symptom-der-politischen-krise\/#primaryimage\"},\"thumbnailUrl\":\"https:\/\/now-news.de\/de\/wp-content\/uploads\/sites\/3\/2025\/05\/Wahl-Eklat-Friedrich-Merz-als-Symptom-der-politischen-Krise.jpg\",\"datePublished\":\"2025-05-06T11:46:27+00:00\",\"dateModified\":\"2025-05-06T11:46:27+00:00\",\"breadcrumb\":{\"@id\":\"https:\/\/now-news.de\/de\/deutschland\/wahl-eklat-friedrich-merz-als-symptom-der-politischen-krise\/#breadcrumb\"},\"inLanguage\":\"de\",\"potentialAction\":[{\"@type\":\"ReadAction\",\"target\":[\"https:\/\/now-news.de\/de\/deutschland\/wahl-eklat-friedrich-merz-als-symptom-der-politischen-krise\/\"]}]},{\"@type\":\"ImageObject\",\"inLanguage\":\"de\",\"@id\":\"https:\/\/now-news.de\/de\/deutschland\/wahl-eklat-friedrich-merz-als-symptom-der-politischen-krise\/#primaryimage\",\"url\":\"https:\/\/now-news.de\/de\/wp-content\/uploads\/sites\/3\/2025\/05\/Wahl-Eklat-Friedrich-Merz-als-Symptom-der-politischen-Krise.jpg\",\"contentUrl\":\"https:\/\/now-news.de\/de\/wp-content\/uploads\/sites\/3\/2025\/05\/Wahl-Eklat-Friedrich-Merz-als-Symptom-der-politischen-Krise.jpg\",\"width\":460,\"height\":259,\"caption\":\"Wahl-Eklat: Friedrich Merz als Symptom der politischen Krise\"},{\"@type\":\"BreadcrumbList\",\"@id\":\"https:\/\/now-news.de\/de\/deutschland\/wahl-eklat-friedrich-merz-als-symptom-der-politischen-krise\/#breadcrumb\",\"itemListElement\":[{\"@type\":\"ListItem\",\"position\":1,\"name\":\"Home\",\"item\":\"https:\/\/now-news.de\/de\/\"},{\"@type\":\"ListItem\",\"position\":2,\"name\":\"Wahl-Eklat: Friedrich Merz als Symptom der politischen Krise\"}]},{\"@type\":\"WebSite\",\"@id\":\"https:\/\/now-news.de\/de\/#website\",\"url\":\"https:\/\/now-news.de\/de\/\",\"name\":\"just-now.NEWS Deutschland\",\"description\":\"Das Portal f\u00fcr unzensierte Nachrichten aus der Welt\",\"publisher\":{\"@id\":\"https:\/\/now-news.de\/de\/#organization\"},\"potentialAction\":[{\"@type\":\"SearchAction\",\"target\":{\"@type\":\"EntryPoint\",\"urlTemplate\":\"https:\/\/now-news.de\/de\/?s={search_term_string}\"},\"query-input\":\"required name=search_term_string\"}],\"inLanguage\":\"de\"},{\"@type\":\"Organization\",\"@id\":\"https:\/\/now-news.de\/de\/#organization\",\"name\":\"Just Now News\",\"url\":\"https:\/\/now-news.de\/de\/\",\"logo\":{\"@type\":\"ImageObject\",\"inLanguage\":\"de\",\"@id\":\"https:\/\/now-news.de\/de\/#\/schema\/logo\/image\/\",\"url\":\"http:\/\/just-now.news\/de\/wp-content\/uploads\/sites\/3\/2022\/04\/logo500x500.jpg\",\"contentUrl\":\"http:\/\/just-now.news\/de\/wp-content\/uploads\/sites\/3\/2022\/04\/logo500x500.jpg\",\"width\":500,\"height\":500,\"caption\":\"Just Now News\"},\"image\":{\"@id\":\"https:\/\/now-news.de\/de\/#\/schema\/logo\/image\/\"},\"sameAs\":[\"https:\/\/www.facebook.com\/wirmachenauf\",\"https:\/\/x.com\/WirMachenAuf_de\"]},{\"@type\":\"Person\",\"@id\":\"https:\/\/now-news.de\/de\/#\/schema\/person\/fb534a4e865501d8b3285208df34a9b5\",\"name\":\"rtnews\",\"image\":{\"@type\":\"ImageObject\",\"inLanguage\":\"de\",\"@id\":\"https:\/\/now-news.de\/de\/#\/schema\/person\/image\/\",\"url\":\"https:\/\/secure.gravatar.com\/avatar\/82aafea7d8127119dd649515f56e2117?s=96&d=mm&r=g\",\"contentUrl\":\"https:\/\/secure.gravatar.com\/avatar\/82aafea7d8127119dd649515f56e2117?s=96&d=mm&r=g\",\"caption\":\"rtnews\"},\"url\":\"https:\/\/now-news.de\/de\/author\/rnews\/\"}]}<\/script>\n<!-- \/ Yoast SEO Premium plugin. -->","yoast_head_json":{"title":"Wahl-Eklat: Friedrich Merz als Symptom der politischen Krise - just-now.NEWS Deutschland","robots":{"index":"index","follow":"follow","max-snippet":"max-snippet:-1","max-image-preview":"max-image-preview:large","max-video-preview":"max-video-preview:-1"},"canonical":"https:\/\/now-news.de\/de\/deutschland\/wahl-eklat-friedrich-merz-als-symptom-der-politischen-krise\/","og_locale":"de_DE","og_type":"article","og_title":"Wahl-Eklat: Friedrich Merz als Symptom der politischen Krise","og_description":"Friedrich Merz ist bei der Wahl zum Kanzler durchgefallen. Die politische Instabilit\u00e4t in Deutschland geht damit in die Verl\u00e4ngerung und erreicht ein neues Niveau. Die kommende Regierung ist schon vor Amtsantritt unbeliebt. Merz erm\u00f6glicht nicht die L\u00f6sung der Krise, sondern ist ihr Symptom. Von Gert Ewen Ungar Das hat es in der Geschichte der Bundesrepublik [&hellip;]","og_url":"https:\/\/now-news.de\/de\/deutschland\/wahl-eklat-friedrich-merz-als-symptom-der-politischen-krise\/","og_site_name":"just-now.NEWS Deutschland","article_publisher":"https:\/\/www.facebook.com\/wirmachenauf","article_published_time":"2025-05-06T11:46:27+00:00","og_image":[{"url":"https:\/\/now-news.de\/de\/wp-content\/uploads\/sites\/3\/2025\/05\/6819ec42b480cc08c23ef4c8.jpg"}],"author":"rtnews","twitter_card":"summary_large_image","twitter_creator":"@WirMachenAuf_de","twitter_site":"@WirMachenAuf_de","twitter_misc":{"Verfasst von":"rtnews","Gesch\u00e4tzte Lesezeit":"4\u00a0Minuten"},"schema":{"@context":"https:\/\/schema.org","@graph":[{"@type":"Article","@id":"https:\/\/now-news.de\/de\/deutschland\/wahl-eklat-friedrich-merz-als-symptom-der-politischen-krise\/#article","isPartOf":{"@id":"https:\/\/now-news.de\/de\/deutschland\/wahl-eklat-friedrich-merz-als-symptom-der-politischen-krise\/"},"author":{"name":"rtnews","@id":"https:\/\/now-news.de\/de\/#\/schema\/person\/fb534a4e865501d8b3285208df34a9b5"},"headline":"Wahl-Eklat: Friedrich Merz als Symptom der politischen Krise","datePublished":"2025-05-06T11:46:27+00:00","dateModified":"2025-05-06T11:46:27+00:00","mainEntityOfPage":{"@id":"https:\/\/now-news.de\/de\/deutschland\/wahl-eklat-friedrich-merz-als-symptom-der-politischen-krise\/"},"wordCount":844,"commentCount":0,"publisher":{"@id":"https:\/\/now-news.de\/de\/#organization"},"image":{"@id":"https:\/\/now-news.de\/de\/deutschland\/wahl-eklat-friedrich-merz-als-symptom-der-politischen-krise\/#primaryimage"},"thumbnailUrl":"https:\/\/now-news.de\/de\/wp-content\/uploads\/sites\/3\/2025\/05\/Wahl-Eklat-Friedrich-Merz-als-Symptom-der-politischen-Krise.jpg","keywords":["als","der","Friedrich","krise","Merz","politischen","Symptom","WahlEklat"],"articleSection":["Deutschland","Russland"],"inLanguage":"de","potentialAction":[{"@type":"CommentAction","name":"Comment","target":["https:\/\/now-news.de\/de\/deutschland\/wahl-eklat-friedrich-merz-als-symptom-der-politischen-krise\/#respond"]}]},{"@type":"WebPage","@id":"https:\/\/now-news.de\/de\/deutschland\/wahl-eklat-friedrich-merz-als-symptom-der-politischen-krise\/","url":"https:\/\/now-news.de\/de\/deutschland\/wahl-eklat-friedrich-merz-als-symptom-der-politischen-krise\/","name":"Wahl-Eklat: Friedrich Merz als Symptom der politischen Krise - just-now.NEWS Deutschland","isPartOf":{"@id":"https:\/\/now-news.de\/de\/#website"},"primaryImageOfPage":{"@id":"https:\/\/now-news.de\/de\/deutschland\/wahl-eklat-friedrich-merz-als-symptom-der-politischen-krise\/#primaryimage"},"image":{"@id":"https:\/\/now-news.de\/de\/deutschland\/wahl-eklat-friedrich-merz-als-symptom-der-politischen-krise\/#primaryimage"},"thumbnailUrl":"https:\/\/now-news.de\/de\/wp-content\/uploads\/sites\/3\/2025\/05\/Wahl-Eklat-Friedrich-Merz-als-Symptom-der-politischen-Krise.jpg","datePublished":"2025-05-06T11:46:27+00:00","dateModified":"2025-05-06T11:46:27+00:00","breadcrumb":{"@id":"https:\/\/now-news.de\/de\/deutschland\/wahl-eklat-friedrich-merz-als-symptom-der-politischen-krise\/#breadcrumb"},"inLanguage":"de","potentialAction":[{"@type":"ReadAction","target":["https:\/\/now-news.de\/de\/deutschland\/wahl-eklat-friedrich-merz-als-symptom-der-politischen-krise\/"]}]},{"@type":"ImageObject","inLanguage":"de","@id":"https:\/\/now-news.de\/de\/deutschland\/wahl-eklat-friedrich-merz-als-symptom-der-politischen-krise\/#primaryimage","url":"https:\/\/now-news.de\/de\/wp-content\/uploads\/sites\/3\/2025\/05\/Wahl-Eklat-Friedrich-Merz-als-Symptom-der-politischen-Krise.jpg","contentUrl":"https:\/\/now-news.de\/de\/wp-content\/uploads\/sites\/3\/2025\/05\/Wahl-Eklat-Friedrich-Merz-als-Symptom-der-politischen-Krise.jpg","width":460,"height":259,"caption":"Wahl-Eklat: Friedrich Merz als Symptom der politischen Krise"},{"@type":"BreadcrumbList","@id":"https:\/\/now-news.de\/de\/deutschland\/wahl-eklat-friedrich-merz-als-symptom-der-politischen-krise\/#breadcrumb","itemListElement":[{"@type":"ListItem","position":1,"name":"Home","item":"https:\/\/now-news.de\/de\/"},{"@type":"ListItem","position":2,"name":"Wahl-Eklat: Friedrich Merz als Symptom der politischen Krise"}]},{"@type":"WebSite","@id":"https:\/\/now-news.de\/de\/#website","url":"https:\/\/now-news.de\/de\/","name":"just-now.NEWS Deutschland","description":"Das Portal f\u00fcr unzensierte Nachrichten aus der Welt","publisher":{"@id":"https:\/\/now-news.de\/de\/#organization"},"potentialAction":[{"@type":"SearchAction","target":{"@type":"EntryPoint","urlTemplate":"https:\/\/now-news.de\/de\/?s={search_term_string}"},"query-input":"required name=search_term_string"}],"inLanguage":"de"},{"@type":"Organization","@id":"https:\/\/now-news.de\/de\/#organization","name":"Just Now News","url":"https:\/\/now-news.de\/de\/","logo":{"@type":"ImageObject","inLanguage":"de","@id":"https:\/\/now-news.de\/de\/#\/schema\/logo\/image\/","url":"http:\/\/just-now.news\/de\/wp-content\/uploads\/sites\/3\/2022\/04\/logo500x500.jpg","contentUrl":"http:\/\/just-now.news\/de\/wp-content\/uploads\/sites\/3\/2022\/04\/logo500x500.jpg","width":500,"height":500,"caption":"Just Now News"},"image":{"@id":"https:\/\/now-news.de\/de\/#\/schema\/logo\/image\/"},"sameAs":["https:\/\/www.facebook.com\/wirmachenauf","https:\/\/x.com\/WirMachenAuf_de"]},{"@type":"Person","@id":"https:\/\/now-news.de\/de\/#\/schema\/person\/fb534a4e865501d8b3285208df34a9b5","name":"rtnews","image":{"@type":"ImageObject","inLanguage":"de","@id":"https:\/\/now-news.de\/de\/#\/schema\/person\/image\/","url":"https:\/\/secure.gravatar.com\/avatar\/82aafea7d8127119dd649515f56e2117?s=96&d=mm&r=g","contentUrl":"https:\/\/secure.gravatar.com\/avatar\/82aafea7d8127119dd649515f56e2117?s=96&d=mm&r=g","caption":"rtnews"},"url":"https:\/\/now-news.de\/de\/author\/rnews\/"}]}},"_links":{"self":[{"href":"https:\/\/now-news.de\/de\/wp-json\/wp\/v2\/posts\/83318"}],"collection":[{"href":"https:\/\/now-news.de\/de\/wp-json\/wp\/v2\/posts"}],"about":[{"href":"https:\/\/now-news.de\/de\/wp-json\/wp\/v2\/types\/post"}],"author":[{"embeddable":true,"href":"https:\/\/now-news.de\/de\/wp-json\/wp\/v2\/users\/3"}],"replies":[{"embeddable":true,"href":"https:\/\/now-news.de\/de\/wp-json\/wp\/v2\/comments?post=83318"}],"version-history":[{"count":0,"href":"https:\/\/now-news.de\/de\/wp-json\/wp\/v2\/posts\/83318\/revisions"}],"wp:featuredmedia":[{"embeddable":true,"href":"https:\/\/now-news.de\/de\/wp-json\/wp\/v2\/media\/83319"}],"wp:attachment":[{"href":"https:\/\/now-news.de\/de\/wp-json\/wp\/v2\/media?parent=83318"}],"wp:term":[{"taxonomy":"category","embeddable":true,"href":"https:\/\/now-news.de\/de\/wp-json\/wp\/v2\/categories?post=83318"},{"taxonomy":"post_tag","embeddable":true,"href":"https:\/\/now-news.de\/de\/wp-json\/wp\/v2\/tags?post=83318"}],"curies":[{"name":"wp","href":"https:\/\/api.w.org\/{rel}","templated":true}]}}