{"id":83260,"date":"2025-05-05T14:45:56","date_gmt":"2025-05-05T12:45:56","guid":{"rendered":"https:\/\/now-news.de\/de\/deutschland\/ueber-zwei-drittel-der-deutschen-mit-scholz-als-kanzler-unzufrieden\/"},"modified":"2025-05-05T14:45:56","modified_gmt":"2025-05-05T12:45:56","slug":"ueber-zwei-drittel-der-deutschen-mit-scholz-als-kanzler-unzufrieden","status":"publish","type":"post","link":"https:\/\/now-news.de\/de\/deutschland\/ueber-zwei-drittel-der-deutschen-mit-scholz-als-kanzler-unzufrieden\/","title":{"rendered":"\u00dcber zwei Drittel der Deutschen mit Scholz als Kanzler unzufrieden"},"content":{"rendered":"<p><img decoding=\"async\" src=\"https:\/\/now-news.de\/de\/wp-content\/uploads\/sites\/3\/2025\/05\/68189c9cb480cc494d02b0b4.jpg\" \/><\/p>\n<div class=\"Text-root Text-type_1 \">\n                Die Arbeit von Olaf Scholz im Amt des Bundeskanzlers wird von einer \u00fcberwiegenden Mehrheit der Deutschen negativ bewertet, geht aus Ergebnissen einer Umfrage hervor. Auch von Friedrich Merz erwarten die meisten der Befragten kaum Besserung.\n            <\/div>\n<p><\/p>\n<div class=\"Text-root Text-type_5 ArticleView-text ViewText-root \">\n<p>Mehr als zwei Drittel der Deutschen sind mit der Arbeit von Olaf Scholz (SPD) auf dem Posten des Bundeskanzlers nicht zufrieden. Wie die Zeitung <em>Bild<\/em> am 5. Mai unter Verweis auf eine Umfrage des Meinungsforschungsinstituts INSA <a rel=\"nofollow noopener\" target=\"_blank\" href=\"https:\/\/www.bild.de\/politik\/olaf-scholz-nur-jeder-5-zufrieden-letztes-umfrage-debakel-fuer-ampel-68150bd9de873d21037e9d45\">berichtet<\/a>, bewerteten 67 Prozent der Befragten die Arbeit des scheidenden Kanzlers negativ. Dagegen waren nur 26 Prozent mit Scholz zufrieden, w\u00e4hrend sieben Prozent keine Angaben machten.<\/p>\n<p>Noch schlechter fiel der Umfrage zufolge die Bewertung der Arbeit der Bundesregierung aus SPD, den Gr\u00fcnen und der FDP aus. Nur noch ein F\u00fcnftel der Befragten bewerteten diese positiv, w\u00e4hrend 72 Prozent mit dem Anfang November 2024 zerfallenen Kabinett unzufrieden waren.<\/p>\n<p>Auch im Hinblick auf den neuen Bundeskanzler Friedrich Merz (CDU) sind die Befragten skeptisch. Mit 29 Prozent rechnen weniger als ein Drittel von ihnen damit, dass der neue Kanzler eine bessere Arbeit als Scholz leistet. Die relative Mehrheit von 40 Prozent erwartet keine \u00c4nderungen, w\u00e4hrend 23 Prozent denken, dass Merz sich noch schlechter als Scholz bew\u00e4hren werde.<\/p>\n<p>Die Umfrage war zwischen 30. April und 2. Mai unter 1.001 Personen durchgef\u00fchrt worden.<\/p>\n<p>Am Abend des 5. Mai wird Olaf Scholz vom Posten des Bundeskanzlers mit einer feierlichen Zeremonie verabschiedet. Am Tag darauf wird der Bundestag erwartungsgem\u00e4\u00df Friedrich Merz zum neuen Regierungschef w\u00e4hlen und das neue Ministerkabinett vereidigt werden.<\/p>\n<p><strong>Mehr zum Thema <\/strong>\u2013 <a rel=\"nofollow noopener\" target=\"_blank\" href=\"https:\/\/freedert.online\/meinung\/243930-auf-kosten-arbeitenden-konzernlenker-werden\/\">Konzernchefs kassieren, Arbeiter verlieren: Merz wird die Umverteilung beschleunigen<\/a><\/p>\n<div class=\"EmbedBlock-root EmbedBlock-externalVideo EmbedBlock-rumble\">\n<div class=\"VkEmbed\"><iframe class=\"lazyload\" data-src=\"https:\/\/rumble.com\/embed\/v6qrakf\" frameborder=\"0\" width=\"853\" height=\"480\" allowfullscreen><\/iframe><\/div>\n<\/div>\n<\/div>\n<p><br \/>\n<br \/><a href=\"https:\/\/de.rt.com\/inland\/244160-ueber-zwei-drittel-deutschen-mit\/\">Source link <\/a><\/p>\n","protected":false},"excerpt":{"rendered":"<p>Die Arbeit von Olaf Scholz im Amt des Bundeskanzlers wird von einer \u00fcberwiegenden Mehrheit der Deutschen negativ bewertet, geht aus Ergebnissen einer Umfrage hervor. Auch von Friedrich Merz erwarten die meisten der Befragten kaum Besserung. Mehr als zwei Drittel der Deutschen sind mit der Arbeit von Olaf Scholz (SPD) auf dem Posten des Bundeskanzlers nicht [&hellip;]<\/p>\n","protected":false},"author":3,"featured_media":83261,"comment_status":"open","ping_status":"open","sticky":false,"template":"","format":"standard","meta":{"_yoast_indexnow_last_ping":["1746449979"],"wp_automatic_camp":["217"],"7137b0048d889ac554d8488d307d54d3":["\u00dcber zwei Drittel der Deutschen mit Scholz als Kanzler unzufrieden"],"original_link":["https:\/\/de.rt.com\/inland\/244160-ueber-zwei-drittel-deutschen-mit\/"],"_thumbnail_id":["83261"],"jnews_social_counter_last_update":["1777118033"],"_wptgpro_p2tg_sent2tg":["a:1:{i:23737;s:19:\"2025-05-05 15:00:57\";}"]},"categories":[19,23],"tags":[273,82,577,21204,4907,419,1001,139,11564,1003],"yoast_head":"<!-- This site is optimized with the Yoast SEO Premium plugin v22.7 (Yoast SEO v22.7) - https:\/\/yoast.com\/wordpress\/plugins\/seo\/ -->\n<title>\u00dcber zwei Drittel der Deutschen mit Scholz als Kanzler unzufrieden - just-now.NEWS Deutschland<\/title>\n<meta name=\"robots\" content=\"index, follow, max-snippet:-1, max-image-preview:large, max-video-preview:-1\" \/>\n<link rel=\"canonical\" href=\"https:\/\/now-news.de\/de\/deutschland\/ueber-zwei-drittel-der-deutschen-mit-scholz-als-kanzler-unzufrieden\/\" \/>\n<meta property=\"og:locale\" content=\"de_DE\" \/>\n<meta property=\"og:type\" content=\"article\" \/>\n<meta property=\"og:title\" content=\"\u00dcber zwei Drittel der Deutschen mit Scholz als Kanzler unzufrieden\" \/>\n<meta property=\"og:description\" content=\"Die Arbeit von Olaf Scholz im Amt des Bundeskanzlers wird von einer \u00fcberwiegenden Mehrheit der Deutschen negativ bewertet, geht aus Ergebnissen einer Umfrage hervor. Auch von Friedrich Merz erwarten die meisten der Befragten kaum Besserung. Mehr als zwei Drittel der Deutschen sind mit der Arbeit von Olaf Scholz (SPD) auf dem Posten des Bundeskanzlers nicht [&hellip;]\" \/>\n<meta property=\"og:url\" content=\"https:\/\/now-news.de\/de\/deutschland\/ueber-zwei-drittel-der-deutschen-mit-scholz-als-kanzler-unzufrieden\/\" \/>\n<meta property=\"og:site_name\" content=\"just-now.NEWS Deutschland\" \/>\n<meta property=\"article:publisher\" content=\"https:\/\/www.facebook.com\/wirmachenauf\" \/>\n<meta property=\"article:published_time\" content=\"2025-05-05T12:45:56+00:00\" \/>\n<meta property=\"og:image\" content=\"https:\/\/now-news.de\/de\/wp-content\/uploads\/sites\/3\/2025\/05\/68189c9cb480cc494d02b0b4.jpg\" \/>\n<meta name=\"author\" content=\"rtnews\" \/>\n<meta name=\"twitter:card\" content=\"summary_large_image\" \/>\n<meta name=\"twitter:creator\" content=\"@WirMachenAuf_de\" \/>\n<meta name=\"twitter:site\" content=\"@WirMachenAuf_de\" \/>\n<meta name=\"twitter:label1\" content=\"Verfasst von\" \/>\n\t<meta name=\"twitter:data1\" content=\"rtnews\" \/>\n\t<meta name=\"twitter:label2\" content=\"Gesch\u00e4tzte Lesezeit\" \/>\n\t<meta name=\"twitter:data2\" content=\"1\u00a0Minute\" \/>\n<script type=\"application\/ld+json\" class=\"yoast-schema-graph\">{\"@context\":\"https:\/\/schema.org\",\"@graph\":[{\"@type\":\"Article\",\"@id\":\"https:\/\/now-news.de\/de\/deutschland\/ueber-zwei-drittel-der-deutschen-mit-scholz-als-kanzler-unzufrieden\/#article\",\"isPartOf\":{\"@id\":\"https:\/\/now-news.de\/de\/deutschland\/ueber-zwei-drittel-der-deutschen-mit-scholz-als-kanzler-unzufrieden\/\"},\"author\":{\"name\":\"rtnews\",\"@id\":\"https:\/\/now-news.de\/de\/#\/schema\/person\/fb534a4e865501d8b3285208df34a9b5\"},\"headline\":\"\u00dcber zwei Drittel der Deutschen mit Scholz als Kanzler unzufrieden\",\"datePublished\":\"2025-05-05T12:45:56+00:00\",\"dateModified\":\"2025-05-05T12:45:56+00:00\",\"mainEntityOfPage\":{\"@id\":\"https:\/\/now-news.de\/de\/deutschland\/ueber-zwei-drittel-der-deutschen-mit-scholz-als-kanzler-unzufrieden\/\"},\"wordCount\":266,\"commentCount\":0,\"publisher\":{\"@id\":\"https:\/\/now-news.de\/de\/#organization\"},\"image\":{\"@id\":\"https:\/\/now-news.de\/de\/deutschland\/ueber-zwei-drittel-der-deutschen-mit-scholz-als-kanzler-unzufrieden\/#primaryimage\"},\"thumbnailUrl\":\"https:\/\/now-news.de\/de\/wp-content\/uploads\/sites\/3\/2025\/05\/Ueber-zwei-Drittel-der-Deutschen-mit-Scholz-als-Kanzler-unzufrieden.jpg\",\"keywords\":[\"als\",\"der\",\"Deutschen\",\"Drittel\",\"Kanzler\",\"mit\",\"Scholz\",\"\u00fcber\",\"unzufrieden\",\"zwei\"],\"articleSection\":[\"Deutschland\",\"Russland\"],\"inLanguage\":\"de\",\"potentialAction\":[{\"@type\":\"CommentAction\",\"name\":\"Comment\",\"target\":[\"https:\/\/now-news.de\/de\/deutschland\/ueber-zwei-drittel-der-deutschen-mit-scholz-als-kanzler-unzufrieden\/#respond\"]}]},{\"@type\":\"WebPage\",\"@id\":\"https:\/\/now-news.de\/de\/deutschland\/ueber-zwei-drittel-der-deutschen-mit-scholz-als-kanzler-unzufrieden\/\",\"url\":\"https:\/\/now-news.de\/de\/deutschland\/ueber-zwei-drittel-der-deutschen-mit-scholz-als-kanzler-unzufrieden\/\",\"name\":\"\u00dcber zwei Drittel der Deutschen mit Scholz als Kanzler unzufrieden - just-now.NEWS Deutschland\",\"isPartOf\":{\"@id\":\"https:\/\/now-news.de\/de\/#website\"},\"primaryImageOfPage\":{\"@id\":\"https:\/\/now-news.de\/de\/deutschland\/ueber-zwei-drittel-der-deutschen-mit-scholz-als-kanzler-unzufrieden\/#primaryimage\"},\"image\":{\"@id\":\"https:\/\/now-news.de\/de\/deutschland\/ueber-zwei-drittel-der-deutschen-mit-scholz-als-kanzler-unzufrieden\/#primaryimage\"},\"thumbnailUrl\":\"https:\/\/now-news.de\/de\/wp-content\/uploads\/sites\/3\/2025\/05\/Ueber-zwei-Drittel-der-Deutschen-mit-Scholz-als-Kanzler-unzufrieden.jpg\",\"datePublished\":\"2025-05-05T12:45:56+00:00\",\"dateModified\":\"2025-05-05T12:45:56+00:00\",\"breadcrumb\":{\"@id\":\"https:\/\/now-news.de\/de\/deutschland\/ueber-zwei-drittel-der-deutschen-mit-scholz-als-kanzler-unzufrieden\/#breadcrumb\"},\"inLanguage\":\"de\",\"potentialAction\":[{\"@type\":\"ReadAction\",\"target\":[\"https:\/\/now-news.de\/de\/deutschland\/ueber-zwei-drittel-der-deutschen-mit-scholz-als-kanzler-unzufrieden\/\"]}]},{\"@type\":\"ImageObject\",\"inLanguage\":\"de\",\"@id\":\"https:\/\/now-news.de\/de\/deutschland\/ueber-zwei-drittel-der-deutschen-mit-scholz-als-kanzler-unzufrieden\/#primaryimage\",\"url\":\"https:\/\/now-news.de\/de\/wp-content\/uploads\/sites\/3\/2025\/05\/Ueber-zwei-Drittel-der-Deutschen-mit-Scholz-als-Kanzler-unzufrieden.jpg\",\"contentUrl\":\"https:\/\/now-news.de\/de\/wp-content\/uploads\/sites\/3\/2025\/05\/Ueber-zwei-Drittel-der-Deutschen-mit-Scholz-als-Kanzler-unzufrieden.jpg\",\"width\":460,\"height\":259,\"caption\":\"\u00dcber zwei Drittel der Deutschen mit Scholz als Kanzler unzufrieden\"},{\"@type\":\"BreadcrumbList\",\"@id\":\"https:\/\/now-news.de\/de\/deutschland\/ueber-zwei-drittel-der-deutschen-mit-scholz-als-kanzler-unzufrieden\/#breadcrumb\",\"itemListElement\":[{\"@type\":\"ListItem\",\"position\":1,\"name\":\"Home\",\"item\":\"https:\/\/now-news.de\/de\/\"},{\"@type\":\"ListItem\",\"position\":2,\"name\":\"\u00dcber zwei Drittel der Deutschen mit Scholz als Kanzler unzufrieden\"}]},{\"@type\":\"WebSite\",\"@id\":\"https:\/\/now-news.de\/de\/#website\",\"url\":\"https:\/\/now-news.de\/de\/\",\"name\":\"just-now.NEWS Deutschland\",\"description\":\"Das Portal f\u00fcr unzensierte Nachrichten aus der Welt\",\"publisher\":{\"@id\":\"https:\/\/now-news.de\/de\/#organization\"},\"potentialAction\":[{\"@type\":\"SearchAction\",\"target\":{\"@type\":\"EntryPoint\",\"urlTemplate\":\"https:\/\/now-news.de\/de\/?s={search_term_string}\"},\"query-input\":\"required name=search_term_string\"}],\"inLanguage\":\"de\"},{\"@type\":\"Organization\",\"@id\":\"https:\/\/now-news.de\/de\/#organization\",\"name\":\"Just Now News\",\"url\":\"https:\/\/now-news.de\/de\/\",\"logo\":{\"@type\":\"ImageObject\",\"inLanguage\":\"de\",\"@id\":\"https:\/\/now-news.de\/de\/#\/schema\/logo\/image\/\",\"url\":\"http:\/\/just-now.news\/de\/wp-content\/uploads\/sites\/3\/2022\/04\/logo500x500.jpg\",\"contentUrl\":\"http:\/\/just-now.news\/de\/wp-content\/uploads\/sites\/3\/2022\/04\/logo500x500.jpg\",\"width\":500,\"height\":500,\"caption\":\"Just Now News\"},\"image\":{\"@id\":\"https:\/\/now-news.de\/de\/#\/schema\/logo\/image\/\"},\"sameAs\":[\"https:\/\/www.facebook.com\/wirmachenauf\",\"https:\/\/x.com\/WirMachenAuf_de\"]},{\"@type\":\"Person\",\"@id\":\"https:\/\/now-news.de\/de\/#\/schema\/person\/fb534a4e865501d8b3285208df34a9b5\",\"name\":\"rtnews\",\"image\":{\"@type\":\"ImageObject\",\"inLanguage\":\"de\",\"@id\":\"https:\/\/now-news.de\/de\/#\/schema\/person\/image\/\",\"url\":\"https:\/\/secure.gravatar.com\/avatar\/82aafea7d8127119dd649515f56e2117?s=96&d=mm&r=g\",\"contentUrl\":\"https:\/\/secure.gravatar.com\/avatar\/82aafea7d8127119dd649515f56e2117?s=96&d=mm&r=g\",\"caption\":\"rtnews\"},\"url\":\"https:\/\/now-news.de\/de\/author\/rnews\/\"}]}<\/script>\n<!-- \/ Yoast SEO Premium plugin. -->","yoast_head_json":{"title":"\u00dcber zwei Drittel der Deutschen mit Scholz als Kanzler unzufrieden - just-now.NEWS Deutschland","robots":{"index":"index","follow":"follow","max-snippet":"max-snippet:-1","max-image-preview":"max-image-preview:large","max-video-preview":"max-video-preview:-1"},"canonical":"https:\/\/now-news.de\/de\/deutschland\/ueber-zwei-drittel-der-deutschen-mit-scholz-als-kanzler-unzufrieden\/","og_locale":"de_DE","og_type":"article","og_title":"\u00dcber zwei Drittel der Deutschen mit Scholz als Kanzler unzufrieden","og_description":"Die Arbeit von Olaf Scholz im Amt des Bundeskanzlers wird von einer \u00fcberwiegenden Mehrheit der Deutschen negativ bewertet, geht aus Ergebnissen einer Umfrage hervor. Auch von Friedrich Merz erwarten die meisten der Befragten kaum Besserung. Mehr als zwei Drittel der Deutschen sind mit der Arbeit von Olaf Scholz (SPD) auf dem Posten des Bundeskanzlers nicht [&hellip;]","og_url":"https:\/\/now-news.de\/de\/deutschland\/ueber-zwei-drittel-der-deutschen-mit-scholz-als-kanzler-unzufrieden\/","og_site_name":"just-now.NEWS Deutschland","article_publisher":"https:\/\/www.facebook.com\/wirmachenauf","article_published_time":"2025-05-05T12:45:56+00:00","og_image":[{"url":"https:\/\/now-news.de\/de\/wp-content\/uploads\/sites\/3\/2025\/05\/68189c9cb480cc494d02b0b4.jpg"}],"author":"rtnews","twitter_card":"summary_large_image","twitter_creator":"@WirMachenAuf_de","twitter_site":"@WirMachenAuf_de","twitter_misc":{"Verfasst von":"rtnews","Gesch\u00e4tzte Lesezeit":"1\u00a0Minute"},"schema":{"@context":"https:\/\/schema.org","@graph":[{"@type":"Article","@id":"https:\/\/now-news.de\/de\/deutschland\/ueber-zwei-drittel-der-deutschen-mit-scholz-als-kanzler-unzufrieden\/#article","isPartOf":{"@id":"https:\/\/now-news.de\/de\/deutschland\/ueber-zwei-drittel-der-deutschen-mit-scholz-als-kanzler-unzufrieden\/"},"author":{"name":"rtnews","@id":"https:\/\/now-news.de\/de\/#\/schema\/person\/fb534a4e865501d8b3285208df34a9b5"},"headline":"\u00dcber zwei Drittel der Deutschen mit Scholz als Kanzler unzufrieden","datePublished":"2025-05-05T12:45:56+00:00","dateModified":"2025-05-05T12:45:56+00:00","mainEntityOfPage":{"@id":"https:\/\/now-news.de\/de\/deutschland\/ueber-zwei-drittel-der-deutschen-mit-scholz-als-kanzler-unzufrieden\/"},"wordCount":266,"commentCount":0,"publisher":{"@id":"https:\/\/now-news.de\/de\/#organization"},"image":{"@id":"https:\/\/now-news.de\/de\/deutschland\/ueber-zwei-drittel-der-deutschen-mit-scholz-als-kanzler-unzufrieden\/#primaryimage"},"thumbnailUrl":"https:\/\/now-news.de\/de\/wp-content\/uploads\/sites\/3\/2025\/05\/Ueber-zwei-Drittel-der-Deutschen-mit-Scholz-als-Kanzler-unzufrieden.jpg","keywords":["als","der","Deutschen","Drittel","Kanzler","mit","Scholz","\u00fcber","unzufrieden","zwei"],"articleSection":["Deutschland","Russland"],"inLanguage":"de","potentialAction":[{"@type":"CommentAction","name":"Comment","target":["https:\/\/now-news.de\/de\/deutschland\/ueber-zwei-drittel-der-deutschen-mit-scholz-als-kanzler-unzufrieden\/#respond"]}]},{"@type":"WebPage","@id":"https:\/\/now-news.de\/de\/deutschland\/ueber-zwei-drittel-der-deutschen-mit-scholz-als-kanzler-unzufrieden\/","url":"https:\/\/now-news.de\/de\/deutschland\/ueber-zwei-drittel-der-deutschen-mit-scholz-als-kanzler-unzufrieden\/","name":"\u00dcber zwei Drittel der Deutschen mit Scholz als Kanzler unzufrieden - just-now.NEWS Deutschland","isPartOf":{"@id":"https:\/\/now-news.de\/de\/#website"},"primaryImageOfPage":{"@id":"https:\/\/now-news.de\/de\/deutschland\/ueber-zwei-drittel-der-deutschen-mit-scholz-als-kanzler-unzufrieden\/#primaryimage"},"image":{"@id":"https:\/\/now-news.de\/de\/deutschland\/ueber-zwei-drittel-der-deutschen-mit-scholz-als-kanzler-unzufrieden\/#primaryimage"},"thumbnailUrl":"https:\/\/now-news.de\/de\/wp-content\/uploads\/sites\/3\/2025\/05\/Ueber-zwei-Drittel-der-Deutschen-mit-Scholz-als-Kanzler-unzufrieden.jpg","datePublished":"2025-05-05T12:45:56+00:00","dateModified":"2025-05-05T12:45:56+00:00","breadcrumb":{"@id":"https:\/\/now-news.de\/de\/deutschland\/ueber-zwei-drittel-der-deutschen-mit-scholz-als-kanzler-unzufrieden\/#breadcrumb"},"inLanguage":"de","potentialAction":[{"@type":"ReadAction","target":["https:\/\/now-news.de\/de\/deutschland\/ueber-zwei-drittel-der-deutschen-mit-scholz-als-kanzler-unzufrieden\/"]}]},{"@type":"ImageObject","inLanguage":"de","@id":"https:\/\/now-news.de\/de\/deutschland\/ueber-zwei-drittel-der-deutschen-mit-scholz-als-kanzler-unzufrieden\/#primaryimage","url":"https:\/\/now-news.de\/de\/wp-content\/uploads\/sites\/3\/2025\/05\/Ueber-zwei-Drittel-der-Deutschen-mit-Scholz-als-Kanzler-unzufrieden.jpg","contentUrl":"https:\/\/now-news.de\/de\/wp-content\/uploads\/sites\/3\/2025\/05\/Ueber-zwei-Drittel-der-Deutschen-mit-Scholz-als-Kanzler-unzufrieden.jpg","width":460,"height":259,"caption":"\u00dcber zwei Drittel der Deutschen mit Scholz als Kanzler unzufrieden"},{"@type":"BreadcrumbList","@id":"https:\/\/now-news.de\/de\/deutschland\/ueber-zwei-drittel-der-deutschen-mit-scholz-als-kanzler-unzufrieden\/#breadcrumb","itemListElement":[{"@type":"ListItem","position":1,"name":"Home","item":"https:\/\/now-news.de\/de\/"},{"@type":"ListItem","position":2,"name":"\u00dcber zwei Drittel der Deutschen mit Scholz als Kanzler unzufrieden"}]},{"@type":"WebSite","@id":"https:\/\/now-news.de\/de\/#website","url":"https:\/\/now-news.de\/de\/","name":"just-now.NEWS Deutschland","description":"Das Portal f\u00fcr unzensierte Nachrichten aus der Welt","publisher":{"@id":"https:\/\/now-news.de\/de\/#organization"},"potentialAction":[{"@type":"SearchAction","target":{"@type":"EntryPoint","urlTemplate":"https:\/\/now-news.de\/de\/?s={search_term_string}"},"query-input":"required name=search_term_string"}],"inLanguage":"de"},{"@type":"Organization","@id":"https:\/\/now-news.de\/de\/#organization","name":"Just Now News","url":"https:\/\/now-news.de\/de\/","logo":{"@type":"ImageObject","inLanguage":"de","@id":"https:\/\/now-news.de\/de\/#\/schema\/logo\/image\/","url":"http:\/\/just-now.news\/de\/wp-content\/uploads\/sites\/3\/2022\/04\/logo500x500.jpg","contentUrl":"http:\/\/just-now.news\/de\/wp-content\/uploads\/sites\/3\/2022\/04\/logo500x500.jpg","width":500,"height":500,"caption":"Just Now News"},"image":{"@id":"https:\/\/now-news.de\/de\/#\/schema\/logo\/image\/"},"sameAs":["https:\/\/www.facebook.com\/wirmachenauf","https:\/\/x.com\/WirMachenAuf_de"]},{"@type":"Person","@id":"https:\/\/now-news.de\/de\/#\/schema\/person\/fb534a4e865501d8b3285208df34a9b5","name":"rtnews","image":{"@type":"ImageObject","inLanguage":"de","@id":"https:\/\/now-news.de\/de\/#\/schema\/person\/image\/","url":"https:\/\/secure.gravatar.com\/avatar\/82aafea7d8127119dd649515f56e2117?s=96&d=mm&r=g","contentUrl":"https:\/\/secure.gravatar.com\/avatar\/82aafea7d8127119dd649515f56e2117?s=96&d=mm&r=g","caption":"rtnews"},"url":"https:\/\/now-news.de\/de\/author\/rnews\/"}]}},"_links":{"self":[{"href":"https:\/\/now-news.de\/de\/wp-json\/wp\/v2\/posts\/83260"}],"collection":[{"href":"https:\/\/now-news.de\/de\/wp-json\/wp\/v2\/posts"}],"about":[{"href":"https:\/\/now-news.de\/de\/wp-json\/wp\/v2\/types\/post"}],"author":[{"embeddable":true,"href":"https:\/\/now-news.de\/de\/wp-json\/wp\/v2\/users\/3"}],"replies":[{"embeddable":true,"href":"https:\/\/now-news.de\/de\/wp-json\/wp\/v2\/comments?post=83260"}],"version-history":[{"count":0,"href":"https:\/\/now-news.de\/de\/wp-json\/wp\/v2\/posts\/83260\/revisions"}],"wp:featuredmedia":[{"embeddable":true,"href":"https:\/\/now-news.de\/de\/wp-json\/wp\/v2\/media\/83261"}],"wp:attachment":[{"href":"https:\/\/now-news.de\/de\/wp-json\/wp\/v2\/media?parent=83260"}],"wp:term":[{"taxonomy":"category","embeddable":true,"href":"https:\/\/now-news.de\/de\/wp-json\/wp\/v2\/categories?post=83260"},{"taxonomy":"post_tag","embeddable":true,"href":"https:\/\/now-news.de\/de\/wp-json\/wp\/v2\/tags?post=83260"}],"curies":[{"name":"wp","href":"https:\/\/api.w.org\/{rel}","templated":true}]}}