{"id":83220,"date":"2025-05-04T19:07:25","date_gmt":"2025-05-04T17:07:25","guid":{"rendered":"https:\/\/now-news.de\/de\/deutschland\/das-ende-der-freien-presse-wie-gendersprache-und-wokeness-den-journalismus-laehmen\/"},"modified":"2025-05-04T19:07:25","modified_gmt":"2025-05-04T17:07:25","slug":"das-ende-der-freien-presse-wie-gendersprache-und-wokeness-den-journalismus-laehmen","status":"publish","type":"post","link":"https:\/\/now-news.de\/de\/deutschland\/das-ende-der-freien-presse-wie-gendersprache-und-wokeness-den-journalismus-laehmen\/","title":{"rendered":"Das Ende der freien Presse: Wie Gendersprache und Wokeness den Journalismus l\u00e4hmen"},"content":{"rendered":"<div class=\"Text-root Text-type_1 \">\n                Die Pressefreiheit br\u00f6ckelt \u2013 global, aber auch in Europa. Die Schweiz bleibt stabil, \u00d6sterreich klettert leicht. Doch politische Maulk\u00f6rbe und wirtschaftlicher Kahlschlag bedrohen den unabh\u00e4ngigen Journalismus.\n            <\/div>\n<p><\/p>\n<div class=\"Text-root Text-type_5 ArticleView-text ViewText-root \">\n<p data-start=\"2855\" data-end=\"3130\"><em>Von Hans-Ueli L\u00e4ppli<\/em><\/p>\n<p data-start=\"2855\" data-end=\"3130\">Die Weltkarte der Pressefreiheit wird immer d\u00fcsterer. Was einst als Grundpfeiler demokratischer Systeme galt, ist heute immer mehr Angriffen ausgesetzt\u00a0\u2013 von Konzernen und zunehmend auch von den Demokratien selbst.<\/p>\n<p data-start=\"2855\" data-end=\"3130\">Eine &#8220;woke&#8221; Agenda, gr\u00fcne Ideologien und \u00fcberzogener Genderwahn scheinen den Raum f\u00fcr echten Journalismus zunehmend zu verengen.<\/p>\n<p>Wer kennt sie nicht, diese absurden Begr\u00fc\u00dfungen, mit denen die Schweizer <em>Tagesschau<\/em> heute startet:<\/p>\n<blockquote>\n<p><em>&#8220;Guten Abend, liebe Zuschauer! Unsere Korrespondenten haben die Studenten befragt, und bald werden unsere Mitarbeiter Ihnen, liebe Zuschauer, eine Reportage pr\u00e4sentieren, die sogar Ihre Nachbarn pl\u00f6tzlich f\u00fcr ein interessantes Thema halten l\u00e4sst. Ja, und falls Sie sich fragen, ob Ihre Katze auch zu den &#8216;Haustierinnen&#8217; geh\u00f6rt\u00a0\u2013 keine Sorge, das wird selbstverst\u00e4ndlich auch thematisiert!&#8221;<\/em><\/p>\n<\/blockquote>\n<p>Am Ende hat der Zuschauer l\u00e4ngst vergessen, worum es in der Reportage eigentlich ging und warum er \u00fcberhaupt den Fernseher eingeschaltet hat\u00a0\u2013 so sehr wird er von dieser \u00fcberladenen Gender-Sprache abgelenkt, die mehr wie Hypnose wirkt und statt zu informieren nur verwirrt.<\/p>\n<p data-start=\"2855\" data-end=\"3130\">Was in gro\u00dfen deutschen Bl\u00e4ttern wie dem <em>Spiegel<\/em>\u00a0steht, wird vielfach wortw\u00f6rtlich in \u00f6sterreichischen und Schweizer Zeitungen \u00fcbernommen. Kein Wunder, wenn viele Schweizer Zeitungen wie der <em>Tages-Anzeiger<\/em>\u00a0von denselben deutschen &#8220;Agenten&#8221;\u00a0betreut werden, die zwischen <a rel=\"nofollow noopener\" target=\"_blank\" href=\"https:\/\/www.tagesanzeiger.ch\/author\/93170179\/silke-bigalke\/2023\/06\/26\">Moskau<\/a> und <a rel=\"nofollow noopener\" target=\"_blank\" href=\"https:\/\/www.persoenlich.com\/medien\/ich-schaue-nur-noch-nach-vorne\">Hannover<\/a> hin- und herpendeln und die &#8220;Agenda&#8221; vorgeben, was geschrieben werden darf.<\/p>\n<p data-start=\"2855\" data-end=\"3130\">Die Qualit\u00e4t des Journalismus leidet immer st\u00e4rker unter dieser neuen Form der Zensur\u00a0\u2013 die nicht mehr nur von Regierungen, sondern auch von gesellschaftlichen Bewegungen und wirtschaftlichen Interessen ausgeht.<\/p>\n<p data-start=\"2855\" data-end=\"3130\">Die Schweiz bleibt stabil \u2013 vorerst, dank der <em>Weltwoche<\/em> und <em>Inside Paradeplatz<\/em>.\u00a0Doch auch hier zeigen sich Risse.<\/p>\n<p data-start=\"3132\" data-end=\"3433\">Ein Gesetz, das <s>Journalistinnen<\/s> Journalisten bei der Ver\u00f6ffentlichung gestohlener Bankdaten mit Gef\u00e4ngnis bedroht, ist Ausdruck einer restriktiven Haltung, die Vertrauen verspielt.\u00a0<\/p>\n<p data-start=\"3132\" data-end=\"3433\">Sprachpolizei und Zensur beobachten immer genau, was gesagt wird. So wurde ein Medium wie k\u00fcrzlich die <em data-start=\"107\" data-end=\"118\">Weltwoche<\/em> f\u00fcr seine abweichende Meinung angegriffen \u2013 eine Meinung, die nicht in die propagandistische, linkslastige Welt des <em data-start=\"235\" data-end=\"250\">Tages-Anzeiger<\/em> passt.\u00a0<\/p>\n<p data-start=\"3132\" data-end=\"3433\">So wurde die <em data-start=\"279\" data-end=\"290\">Weltwoche<\/em> beschuldigt, <em>RT<\/em>-Artikel aufzugreifen \u2013 als ob der <em><a rel=\"nofollow noopener\" target=\"_blank\" href=\"https:\/\/www.tagesanzeiger.ch\/weltwoche-verbreitet-russische-luegenpropaganda-ueber-butscha-749572244365\">Tages-Anzeiger<\/a>\u00a0<\/em>das Komsomol der modernen Medienwelt w\u00e4re. Sofort wurde das Magazin attackiert. Es ist kaum zu fassen, dass ein Medium es wagt, anders zu denken, und daf\u00fcr \u00f6ffentlich an den Pranger gestellt wird. Und kaum sp\u00e4ter \u00fcbernimmt die <em><a rel=\"nofollow noopener\" target=\"_blank\" href=\"https:\/\/www.deutschlandfunk.de\/vorwuerfe-gegen-weltwoche-chefredakteur-roger-koeppel-russische-staatspropaganda-zu-butscha-massaker-100.html\">FAZ<\/a>\u00a0<\/em>dieselbe Schmutzkampagne, fast wie im Einklang, eins zu eins. Wer heute gegen den Mainstream schwimmt, wird sofort zum Ziel\u00a0\u2013 selbst wenn es nur darum geht, eine Einsicht aus einer anderen Perspektive zu betrachten.<\/p>\n<figure class=\"RTImage-root\">\n<div class=\"RTImage-image RTImage-original\"><picture class=\"Picture-root Picture-original\"><!--[if IE 9]><video style=\"display: none;\"><![endif]--><source media=\"(-webkit-min-device-pixel-ratio: 2) and (min-resolution: 120dpi)\" data-srcset=\" \nhttps:\/\/now-news.de\/de\/wp-content\/uploads\/sites\/3\/2025\/05\/6814ae2eb480cc418c000b32.png 850w,\n                https:\/\/now-news.de\/de\/wp-content\/uploads\/sites\/3\/2025\/05\/6814ae2eb480cc418c000b32.png 1960w,            \" ><source data-srcset=\" \nhttps:\/\/now-news.de\/de\/wp-content\/uploads\/sites\/3\/2025\/05\/6814ae2eb480cc418c000b32.png 460w,\n              https:\/\/now-news.de\/de\/wp-content\/uploads\/sites\/3\/2025\/05\/6814ae2eb480cc418c000b32.png 980w,\n            \" ><!--[if IE 9]><\/video><![endif]--><img decoding=\"async\" data- src=\"data:image\/png;base64,iVBORw0KGgoAAAANSUhEUgAAABAAAAAJCAQAAACRI2S5AAAAEElEQVR42mNkIAAYRxWAAQAG9gAKqv6+AwAAAABJRU5ErkJggg==\" class=\"Picture-root Picture-original lazyload\" data-src=\"https:\/\/now-news.de\/de\/wp-content\/uploads\/sites\/3\/2025\/05\/6814ae2eb480cc418c000b32.png\" alt=\"\"><\/source><\/source><\/picture><!-- noscript pattern --><noscript><img decoding=\"async\" src=\"https:\/\/now-news.de\/de\/wp-content\/uploads\/sites\/3\/2025\/05\/6814ae2eb480cc418c000b32.png\" alt=\"\"><\/noscript><\/div><figcaption class=\"RTImage-footer\"><span class=\"RTImage-caption\"><\/span><span class=\"RTImage-source\"><a rel=\"nofollow noopener\" target=\"_blank\" class=\"RTImage-captionItem Link-root\" href=\"https:\/\/www.deutschlandfunk.de\/vorwuerfe-gegen-weltwoche-chefredakteur-roger-koeppel-russische-staatspropaganda-zu-butscha-massaker-100.html\">Printscreen Deutschlandfunk<\/a><\/span><\/figcaption><\/figure>\n<p data-start=\"3435\" data-end=\"3719\">In \u00d6sterreich l\u00e4sst man sich feiern f\u00fcr ein paar Punkte mehr im Ranking. Dabei ist die strukturelle Medienkrise l\u00e4ngst da: Boulevardbl\u00e4tter werden mit Steuergeld gest\u00fctzt, Qualit\u00e4tsjournalismus h\u00e4ngt am Tropf.\u00a0<\/p>\n<p data-start=\"3721\" data-end=\"3888\">Der globale Trend? Be\u00e4ngstigend \u2013 Mediensterben, Nachrichtenw\u00fcsten, politischer Druck. Was bleibt, sind Schlagzeilen\u00a0\u2013 und immer weniger, die sie noch schreiben d\u00fcrfen.<\/p>\n<p data-start=\"3721\" data-end=\"3888\"><strong data-start=\"59\" data-end=\"119\">Die deutsche Printbranche steckt weiterhin in der Krise<\/strong><\/p>\n<p data-start=\"3721\" data-end=\"3888\">Im vierten Quartal\u00a02024 gingen die Verkaufszahlen der Tageszeitungen weiter bergab:<\/p>\n<p data-start=\"3721\" data-end=\"3888\">Statt 11,4\u00a0Millionen Exemplaren wie noch im Jahr zuvor wurden nur noch 10,7\u00a0Millionen verkauft.<\/p>\n<p data-start=\"3721\" data-end=\"3888\">Besonders schlecht lief es f\u00fcr die <em>Bild<\/em>, die jetzt sogar unter der Millionengrenze landet\u00a0\u2013 mit 989.933 Exemplaren. Auch der <em>Stern<\/em>\u00a0konnte 23.000 Hefte weniger absetzen.<\/p>\n<p data-start=\"3721\" data-end=\"3888\">Der wahre Gewinner bleibt aber das ePaper, das einen kr\u00e4ftigen Zuwachs von rund 23\u00a0Prozent im Vergleich zum Vorjahr verzeichnet. Klarer Trend: Print verliert, digital gewinnt.<\/p>\n<p data-start=\"3721\" data-end=\"3888\">International dominiert die wirtschaftliche Erosion der Medienlandschaft das Bild. In \u00fcber 160 Staaten k\u00e4mpfen Redaktionen ums \u00dcberleben. Nachrichtenw\u00fcsten breiten sich selbst in westlichen Demokratien aus.\u00a0<\/p>\n<p>Vielleicht ist es sogar besser so, dass die Mainstream-Medien immer mehr ignoriert werden. Denn der aufmerksame Leser hat l\u00e4ngst selbst entschieden, wie er seine Informationen konsumiert\u00a0\u2013 und l\u00e4sst sich nicht mehr von der t\u00e4glichen Beeinflussung vereinnahmen.<\/p>\n<p data-start=\"3721\" data-end=\"3888\"><strong>Mehr zum Thema \u2013<\/strong>\u00a0<a rel=\"nofollow noopener\" target=\"_blank\" href=\"https:\/\/freedert.online\/kurzclips\/video\/239355-rumaenien-muessen-unser-land-zurueckerobern\/\">Rum\u00e4nien: &#8220;M\u00fcssen unser Land zur\u00fcckerobern&#8221; \u2013 Endg\u00fcltiges Wahlverbot f\u00fcr Georgescu<\/a><\/p>\n<div class=\"EmbedBlock-root EmbedBlock-externalVideo EmbedBlock-rumble\">\n<div class=\"VkEmbed\"><iframe class=\"lazyload\" data-src=\"https:\/\/rumble.com\/embed\/v5adi1x\" frameborder=\"0\" width=\"853\" height=\"480\" allowfullscreen><\/iframe><\/div>\n<\/div>\n<\/div>\n<p><br \/>\n<br \/><a href=\"https:\/\/de.rt.com\/meinung\/243939-ende-der-freien-presse-wie-gendersprache-und-wokeness-den-journalismus-gefaehrden\/\">Source link <\/a><\/p>\n","protected":false},"excerpt":{"rendered":"<p>Die Pressefreiheit br\u00f6ckelt \u2013 global, aber auch in Europa. Die Schweiz bleibt stabil, \u00d6sterreich klettert leicht. Doch politische Maulk\u00f6rbe und wirtschaftlicher Kahlschlag bedrohen den unabh\u00e4ngigen Journalismus. Von Hans-Ueli L\u00e4ppli Die Weltkarte der Pressefreiheit wird immer d\u00fcsterer. Was einst als Grundpfeiler demokratischer Systeme galt, ist heute immer mehr Angriffen ausgesetzt\u00a0\u2013 von Konzernen und zunehmend auch von [&hellip;]<\/p>\n","protected":false},"author":3,"featured_media":83221,"comment_status":"open","ping_status":"open","sticky":false,"template":"","format":"standard","meta":{"_yoast_indexnow_last_ping":["1746378514"],"wp_automatic_camp":["217"],"5a6be031909fa03e8a74a202bcf59d00":["Das Ende der freien Presse: Wie Gendersprache und Wokeness den Journalismus l\u00e4hmen"],"original_link":["https:\/\/de.rt.com\/meinung\/243939-ende-der-freien-presse-wie-gendersprache-und-wokeness-den-journalismus-gefaehrden\/"],"_thumbnail_id":["83221"],"jnews_social_counter_last_update":["1777380001"],"_wptgpro_p2tg_sent2tg":["a:1:{i:23737;s:19:\"2025-05-04 19:09:39\";}"]},"categories":[19,23],"tags":[427,48,82,5375,11265,38705,701,29145,3359,140,579,1830],"yoast_head":"<!-- This site is optimized with the Yoast SEO Premium plugin v22.7 (Yoast SEO v22.7) - https:\/\/yoast.com\/wordpress\/plugins\/seo\/ -->\n<title>Das Ende der freien Presse: Wie Gendersprache und Wokeness den Journalismus l\u00e4hmen - just-now.NEWS Deutschland<\/title>\n<meta name=\"robots\" content=\"index, follow, max-snippet:-1, max-image-preview:large, max-video-preview:-1\" \/>\n<link rel=\"canonical\" href=\"https:\/\/now-news.de\/de\/deutschland\/das-ende-der-freien-presse-wie-gendersprache-und-wokeness-den-journalismus-laehmen\/\" \/>\n<meta property=\"og:locale\" content=\"de_DE\" \/>\n<meta property=\"og:type\" content=\"article\" \/>\n<meta property=\"og:title\" content=\"Das Ende der freien Presse: Wie Gendersprache und Wokeness den Journalismus l\u00e4hmen\" \/>\n<meta property=\"og:description\" content=\"Die Pressefreiheit br\u00f6ckelt \u2013 global, aber auch in Europa. Die Schweiz bleibt stabil, \u00d6sterreich klettert leicht. Doch politische Maulk\u00f6rbe und wirtschaftlicher Kahlschlag bedrohen den unabh\u00e4ngigen Journalismus. Von Hans-Ueli L\u00e4ppli Die Weltkarte der Pressefreiheit wird immer d\u00fcsterer. Was einst als Grundpfeiler demokratischer Systeme galt, ist heute immer mehr Angriffen ausgesetzt\u00a0\u2013 von Konzernen und zunehmend auch von [&hellip;]\" \/>\n<meta property=\"og:url\" content=\"https:\/\/now-news.de\/de\/deutschland\/das-ende-der-freien-presse-wie-gendersprache-und-wokeness-den-journalismus-laehmen\/\" \/>\n<meta property=\"og:site_name\" content=\"just-now.NEWS Deutschland\" \/>\n<meta property=\"article:publisher\" content=\"https:\/\/www.facebook.com\/wirmachenauf\" \/>\n<meta property=\"article:published_time\" content=\"2025-05-04T17:07:25+00:00\" \/>\n<meta property=\"og:image\" content=\"https:\/\/now-news.de\/de\/wp-content\/uploads\/sites\/3\/2025\/05\/6814ae2eb480cc418c000b32.png\" \/>\n<meta name=\"author\" content=\"rtnews\" \/>\n<meta name=\"twitter:card\" content=\"summary_large_image\" \/>\n<meta name=\"twitter:creator\" content=\"@WirMachenAuf_de\" \/>\n<meta name=\"twitter:site\" content=\"@WirMachenAuf_de\" \/>\n<meta name=\"twitter:label1\" content=\"Verfasst von\" \/>\n\t<meta name=\"twitter:data1\" content=\"rtnews\" \/>\n\t<meta name=\"twitter:label2\" content=\"Gesch\u00e4tzte Lesezeit\" \/>\n\t<meta name=\"twitter:data2\" content=\"3\u00a0Minuten\" \/>\n<script type=\"application\/ld+json\" class=\"yoast-schema-graph\">{\"@context\":\"https:\/\/schema.org\",\"@graph\":[{\"@type\":\"Article\",\"@id\":\"https:\/\/now-news.de\/de\/deutschland\/das-ende-der-freien-presse-wie-gendersprache-und-wokeness-den-journalismus-laehmen\/#article\",\"isPartOf\":{\"@id\":\"https:\/\/now-news.de\/de\/deutschland\/das-ende-der-freien-presse-wie-gendersprache-und-wokeness-den-journalismus-laehmen\/\"},\"author\":{\"name\":\"rtnews\",\"@id\":\"https:\/\/now-news.de\/de\/#\/schema\/person\/fb534a4e865501d8b3285208df34a9b5\"},\"headline\":\"Das Ende der freien Presse: Wie Gendersprache und Wokeness den Journalismus l\u00e4hmen\",\"datePublished\":\"2025-05-04T17:07:25+00:00\",\"dateModified\":\"2025-05-04T17:07:25+00:00\",\"mainEntityOfPage\":{\"@id\":\"https:\/\/now-news.de\/de\/deutschland\/das-ende-der-freien-presse-wie-gendersprache-und-wokeness-den-journalismus-laehmen\/\"},\"wordCount\":681,\"commentCount\":0,\"publisher\":{\"@id\":\"https:\/\/now-news.de\/de\/#organization\"},\"image\":{\"@id\":\"https:\/\/now-news.de\/de\/deutschland\/das-ende-der-freien-presse-wie-gendersprache-und-wokeness-den-journalismus-laehmen\/#primaryimage\"},\"thumbnailUrl\":\"https:\/\/now-news.de\/de\/wp-content\/uploads\/sites\/3\/2025\/05\/Das-Ende-der-freien-Presse-Wie-Gendersprache-und-Wokeness-den.png\",\"keywords\":[\"das\",\"den\",\"der\",\"Ende\",\"Freien\",\"Gendersprache\",\"journalismus\",\"l\u00e4hmen\",\"Presse\",\"und\",\"Wie\",\"wokeness\"],\"articleSection\":[\"Deutschland\",\"Russland\"],\"inLanguage\":\"de\",\"potentialAction\":[{\"@type\":\"CommentAction\",\"name\":\"Comment\",\"target\":[\"https:\/\/now-news.de\/de\/deutschland\/das-ende-der-freien-presse-wie-gendersprache-und-wokeness-den-journalismus-laehmen\/#respond\"]}]},{\"@type\":\"WebPage\",\"@id\":\"https:\/\/now-news.de\/de\/deutschland\/das-ende-der-freien-presse-wie-gendersprache-und-wokeness-den-journalismus-laehmen\/\",\"url\":\"https:\/\/now-news.de\/de\/deutschland\/das-ende-der-freien-presse-wie-gendersprache-und-wokeness-den-journalismus-laehmen\/\",\"name\":\"Das Ende der freien Presse: Wie Gendersprache und Wokeness den Journalismus l\u00e4hmen - just-now.NEWS Deutschland\",\"isPartOf\":{\"@id\":\"https:\/\/now-news.de\/de\/#website\"},\"primaryImageOfPage\":{\"@id\":\"https:\/\/now-news.de\/de\/deutschland\/das-ende-der-freien-presse-wie-gendersprache-und-wokeness-den-journalismus-laehmen\/#primaryimage\"},\"image\":{\"@id\":\"https:\/\/now-news.de\/de\/deutschland\/das-ende-der-freien-presse-wie-gendersprache-und-wokeness-den-journalismus-laehmen\/#primaryimage\"},\"thumbnailUrl\":\"https:\/\/now-news.de\/de\/wp-content\/uploads\/sites\/3\/2025\/05\/Das-Ende-der-freien-Presse-Wie-Gendersprache-und-Wokeness-den.png\",\"datePublished\":\"2025-05-04T17:07:25+00:00\",\"dateModified\":\"2025-05-04T17:07:25+00:00\",\"breadcrumb\":{\"@id\":\"https:\/\/now-news.de\/de\/deutschland\/das-ende-der-freien-presse-wie-gendersprache-und-wokeness-den-journalismus-laehmen\/#breadcrumb\"},\"inLanguage\":\"de\",\"potentialAction\":[{\"@type\":\"ReadAction\",\"target\":[\"https:\/\/now-news.de\/de\/deutschland\/das-ende-der-freien-presse-wie-gendersprache-und-wokeness-den-journalismus-laehmen\/\"]}]},{\"@type\":\"ImageObject\",\"inLanguage\":\"de\",\"@id\":\"https:\/\/now-news.de\/de\/deutschland\/das-ende-der-freien-presse-wie-gendersprache-und-wokeness-den-journalismus-laehmen\/#primaryimage\",\"url\":\"https:\/\/now-news.de\/de\/wp-content\/uploads\/sites\/3\/2025\/05\/Das-Ende-der-freien-Presse-Wie-Gendersprache-und-Wokeness-den.png\",\"contentUrl\":\"https:\/\/now-news.de\/de\/wp-content\/uploads\/sites\/3\/2025\/05\/Das-Ende-der-freien-Presse-Wie-Gendersprache-und-Wokeness-den.png\",\"width\":1195,\"height\":1080,\"caption\":\"Das Ende der freien Presse: Wie Gendersprache und Wokeness den Journalismus l\u00e4hmen\"},{\"@type\":\"BreadcrumbList\",\"@id\":\"https:\/\/now-news.de\/de\/deutschland\/das-ende-der-freien-presse-wie-gendersprache-und-wokeness-den-journalismus-laehmen\/#breadcrumb\",\"itemListElement\":[{\"@type\":\"ListItem\",\"position\":1,\"name\":\"Home\",\"item\":\"https:\/\/now-news.de\/de\/\"},{\"@type\":\"ListItem\",\"position\":2,\"name\":\"Das Ende der freien Presse: Wie Gendersprache und Wokeness den Journalismus l\u00e4hmen\"}]},{\"@type\":\"WebSite\",\"@id\":\"https:\/\/now-news.de\/de\/#website\",\"url\":\"https:\/\/now-news.de\/de\/\",\"name\":\"just-now.NEWS Deutschland\",\"description\":\"Das Portal f\u00fcr unzensierte Nachrichten aus der Welt\",\"publisher\":{\"@id\":\"https:\/\/now-news.de\/de\/#organization\"},\"potentialAction\":[{\"@type\":\"SearchAction\",\"target\":{\"@type\":\"EntryPoint\",\"urlTemplate\":\"https:\/\/now-news.de\/de\/?s={search_term_string}\"},\"query-input\":\"required name=search_term_string\"}],\"inLanguage\":\"de\"},{\"@type\":\"Organization\",\"@id\":\"https:\/\/now-news.de\/de\/#organization\",\"name\":\"Just Now News\",\"url\":\"https:\/\/now-news.de\/de\/\",\"logo\":{\"@type\":\"ImageObject\",\"inLanguage\":\"de\",\"@id\":\"https:\/\/now-news.de\/de\/#\/schema\/logo\/image\/\",\"url\":\"http:\/\/just-now.news\/de\/wp-content\/uploads\/sites\/3\/2022\/04\/logo500x500.jpg\",\"contentUrl\":\"http:\/\/just-now.news\/de\/wp-content\/uploads\/sites\/3\/2022\/04\/logo500x500.jpg\",\"width\":500,\"height\":500,\"caption\":\"Just Now News\"},\"image\":{\"@id\":\"https:\/\/now-news.de\/de\/#\/schema\/logo\/image\/\"},\"sameAs\":[\"https:\/\/www.facebook.com\/wirmachenauf\",\"https:\/\/x.com\/WirMachenAuf_de\"]},{\"@type\":\"Person\",\"@id\":\"https:\/\/now-news.de\/de\/#\/schema\/person\/fb534a4e865501d8b3285208df34a9b5\",\"name\":\"rtnews\",\"image\":{\"@type\":\"ImageObject\",\"inLanguage\":\"de\",\"@id\":\"https:\/\/now-news.de\/de\/#\/schema\/person\/image\/\",\"url\":\"https:\/\/secure.gravatar.com\/avatar\/82aafea7d8127119dd649515f56e2117?s=96&d=mm&r=g\",\"contentUrl\":\"https:\/\/secure.gravatar.com\/avatar\/82aafea7d8127119dd649515f56e2117?s=96&d=mm&r=g\",\"caption\":\"rtnews\"},\"url\":\"https:\/\/now-news.de\/de\/author\/rnews\/\"}]}<\/script>\n<!-- \/ Yoast SEO Premium plugin. -->","yoast_head_json":{"title":"Das Ende der freien Presse: Wie Gendersprache und Wokeness den Journalismus l\u00e4hmen - just-now.NEWS Deutschland","robots":{"index":"index","follow":"follow","max-snippet":"max-snippet:-1","max-image-preview":"max-image-preview:large","max-video-preview":"max-video-preview:-1"},"canonical":"https:\/\/now-news.de\/de\/deutschland\/das-ende-der-freien-presse-wie-gendersprache-und-wokeness-den-journalismus-laehmen\/","og_locale":"de_DE","og_type":"article","og_title":"Das Ende der freien Presse: Wie Gendersprache und Wokeness den Journalismus l\u00e4hmen","og_description":"Die Pressefreiheit br\u00f6ckelt \u2013 global, aber auch in Europa. Die Schweiz bleibt stabil, \u00d6sterreich klettert leicht. Doch politische Maulk\u00f6rbe und wirtschaftlicher Kahlschlag bedrohen den unabh\u00e4ngigen Journalismus. Von Hans-Ueli L\u00e4ppli Die Weltkarte der Pressefreiheit wird immer d\u00fcsterer. Was einst als Grundpfeiler demokratischer Systeme galt, ist heute immer mehr Angriffen ausgesetzt\u00a0\u2013 von Konzernen und zunehmend auch von [&hellip;]","og_url":"https:\/\/now-news.de\/de\/deutschland\/das-ende-der-freien-presse-wie-gendersprache-und-wokeness-den-journalismus-laehmen\/","og_site_name":"just-now.NEWS Deutschland","article_publisher":"https:\/\/www.facebook.com\/wirmachenauf","article_published_time":"2025-05-04T17:07:25+00:00","og_image":[{"url":"https:\/\/now-news.de\/de\/wp-content\/uploads\/sites\/3\/2025\/05\/6814ae2eb480cc418c000b32.png"}],"author":"rtnews","twitter_card":"summary_large_image","twitter_creator":"@WirMachenAuf_de","twitter_site":"@WirMachenAuf_de","twitter_misc":{"Verfasst von":"rtnews","Gesch\u00e4tzte Lesezeit":"3\u00a0Minuten"},"schema":{"@context":"https:\/\/schema.org","@graph":[{"@type":"Article","@id":"https:\/\/now-news.de\/de\/deutschland\/das-ende-der-freien-presse-wie-gendersprache-und-wokeness-den-journalismus-laehmen\/#article","isPartOf":{"@id":"https:\/\/now-news.de\/de\/deutschland\/das-ende-der-freien-presse-wie-gendersprache-und-wokeness-den-journalismus-laehmen\/"},"author":{"name":"rtnews","@id":"https:\/\/now-news.de\/de\/#\/schema\/person\/fb534a4e865501d8b3285208df34a9b5"},"headline":"Das Ende der freien Presse: Wie Gendersprache und Wokeness den Journalismus l\u00e4hmen","datePublished":"2025-05-04T17:07:25+00:00","dateModified":"2025-05-04T17:07:25+00:00","mainEntityOfPage":{"@id":"https:\/\/now-news.de\/de\/deutschland\/das-ende-der-freien-presse-wie-gendersprache-und-wokeness-den-journalismus-laehmen\/"},"wordCount":681,"commentCount":0,"publisher":{"@id":"https:\/\/now-news.de\/de\/#organization"},"image":{"@id":"https:\/\/now-news.de\/de\/deutschland\/das-ende-der-freien-presse-wie-gendersprache-und-wokeness-den-journalismus-laehmen\/#primaryimage"},"thumbnailUrl":"https:\/\/now-news.de\/de\/wp-content\/uploads\/sites\/3\/2025\/05\/Das-Ende-der-freien-Presse-Wie-Gendersprache-und-Wokeness-den.png","keywords":["das","den","der","Ende","Freien","Gendersprache","journalismus","l\u00e4hmen","Presse","und","Wie","wokeness"],"articleSection":["Deutschland","Russland"],"inLanguage":"de","potentialAction":[{"@type":"CommentAction","name":"Comment","target":["https:\/\/now-news.de\/de\/deutschland\/das-ende-der-freien-presse-wie-gendersprache-und-wokeness-den-journalismus-laehmen\/#respond"]}]},{"@type":"WebPage","@id":"https:\/\/now-news.de\/de\/deutschland\/das-ende-der-freien-presse-wie-gendersprache-und-wokeness-den-journalismus-laehmen\/","url":"https:\/\/now-news.de\/de\/deutschland\/das-ende-der-freien-presse-wie-gendersprache-und-wokeness-den-journalismus-laehmen\/","name":"Das Ende der freien Presse: Wie Gendersprache und Wokeness den Journalismus l\u00e4hmen - just-now.NEWS Deutschland","isPartOf":{"@id":"https:\/\/now-news.de\/de\/#website"},"primaryImageOfPage":{"@id":"https:\/\/now-news.de\/de\/deutschland\/das-ende-der-freien-presse-wie-gendersprache-und-wokeness-den-journalismus-laehmen\/#primaryimage"},"image":{"@id":"https:\/\/now-news.de\/de\/deutschland\/das-ende-der-freien-presse-wie-gendersprache-und-wokeness-den-journalismus-laehmen\/#primaryimage"},"thumbnailUrl":"https:\/\/now-news.de\/de\/wp-content\/uploads\/sites\/3\/2025\/05\/Das-Ende-der-freien-Presse-Wie-Gendersprache-und-Wokeness-den.png","datePublished":"2025-05-04T17:07:25+00:00","dateModified":"2025-05-04T17:07:25+00:00","breadcrumb":{"@id":"https:\/\/now-news.de\/de\/deutschland\/das-ende-der-freien-presse-wie-gendersprache-und-wokeness-den-journalismus-laehmen\/#breadcrumb"},"inLanguage":"de","potentialAction":[{"@type":"ReadAction","target":["https:\/\/now-news.de\/de\/deutschland\/das-ende-der-freien-presse-wie-gendersprache-und-wokeness-den-journalismus-laehmen\/"]}]},{"@type":"ImageObject","inLanguage":"de","@id":"https:\/\/now-news.de\/de\/deutschland\/das-ende-der-freien-presse-wie-gendersprache-und-wokeness-den-journalismus-laehmen\/#primaryimage","url":"https:\/\/now-news.de\/de\/wp-content\/uploads\/sites\/3\/2025\/05\/Das-Ende-der-freien-Presse-Wie-Gendersprache-und-Wokeness-den.png","contentUrl":"https:\/\/now-news.de\/de\/wp-content\/uploads\/sites\/3\/2025\/05\/Das-Ende-der-freien-Presse-Wie-Gendersprache-und-Wokeness-den.png","width":1195,"height":1080,"caption":"Das Ende der freien Presse: Wie Gendersprache und Wokeness den Journalismus l\u00e4hmen"},{"@type":"BreadcrumbList","@id":"https:\/\/now-news.de\/de\/deutschland\/das-ende-der-freien-presse-wie-gendersprache-und-wokeness-den-journalismus-laehmen\/#breadcrumb","itemListElement":[{"@type":"ListItem","position":1,"name":"Home","item":"https:\/\/now-news.de\/de\/"},{"@type":"ListItem","position":2,"name":"Das Ende der freien Presse: Wie Gendersprache und Wokeness den Journalismus l\u00e4hmen"}]},{"@type":"WebSite","@id":"https:\/\/now-news.de\/de\/#website","url":"https:\/\/now-news.de\/de\/","name":"just-now.NEWS Deutschland","description":"Das Portal f\u00fcr unzensierte Nachrichten aus der Welt","publisher":{"@id":"https:\/\/now-news.de\/de\/#organization"},"potentialAction":[{"@type":"SearchAction","target":{"@type":"EntryPoint","urlTemplate":"https:\/\/now-news.de\/de\/?s={search_term_string}"},"query-input":"required name=search_term_string"}],"inLanguage":"de"},{"@type":"Organization","@id":"https:\/\/now-news.de\/de\/#organization","name":"Just Now News","url":"https:\/\/now-news.de\/de\/","logo":{"@type":"ImageObject","inLanguage":"de","@id":"https:\/\/now-news.de\/de\/#\/schema\/logo\/image\/","url":"http:\/\/just-now.news\/de\/wp-content\/uploads\/sites\/3\/2022\/04\/logo500x500.jpg","contentUrl":"http:\/\/just-now.news\/de\/wp-content\/uploads\/sites\/3\/2022\/04\/logo500x500.jpg","width":500,"height":500,"caption":"Just Now News"},"image":{"@id":"https:\/\/now-news.de\/de\/#\/schema\/logo\/image\/"},"sameAs":["https:\/\/www.facebook.com\/wirmachenauf","https:\/\/x.com\/WirMachenAuf_de"]},{"@type":"Person","@id":"https:\/\/now-news.de\/de\/#\/schema\/person\/fb534a4e865501d8b3285208df34a9b5","name":"rtnews","image":{"@type":"ImageObject","inLanguage":"de","@id":"https:\/\/now-news.de\/de\/#\/schema\/person\/image\/","url":"https:\/\/secure.gravatar.com\/avatar\/82aafea7d8127119dd649515f56e2117?s=96&d=mm&r=g","contentUrl":"https:\/\/secure.gravatar.com\/avatar\/82aafea7d8127119dd649515f56e2117?s=96&d=mm&r=g","caption":"rtnews"},"url":"https:\/\/now-news.de\/de\/author\/rnews\/"}]}},"_links":{"self":[{"href":"https:\/\/now-news.de\/de\/wp-json\/wp\/v2\/posts\/83220"}],"collection":[{"href":"https:\/\/now-news.de\/de\/wp-json\/wp\/v2\/posts"}],"about":[{"href":"https:\/\/now-news.de\/de\/wp-json\/wp\/v2\/types\/post"}],"author":[{"embeddable":true,"href":"https:\/\/now-news.de\/de\/wp-json\/wp\/v2\/users\/3"}],"replies":[{"embeddable":true,"href":"https:\/\/now-news.de\/de\/wp-json\/wp\/v2\/comments?post=83220"}],"version-history":[{"count":0,"href":"https:\/\/now-news.de\/de\/wp-json\/wp\/v2\/posts\/83220\/revisions"}],"wp:featuredmedia":[{"embeddable":true,"href":"https:\/\/now-news.de\/de\/wp-json\/wp\/v2\/media\/83221"}],"wp:attachment":[{"href":"https:\/\/now-news.de\/de\/wp-json\/wp\/v2\/media?parent=83220"}],"wp:term":[{"taxonomy":"category","embeddable":true,"href":"https:\/\/now-news.de\/de\/wp-json\/wp\/v2\/categories?post=83220"},{"taxonomy":"post_tag","embeddable":true,"href":"https:\/\/now-news.de\/de\/wp-json\/wp\/v2\/tags?post=83220"}],"curies":[{"name":"wp","href":"https:\/\/api.w.org\/{rel}","templated":true}]}}