{"id":83197,"date":"2025-05-04T13:19:21","date_gmt":"2025-05-04T11:19:21","guid":{"rendered":"https:\/\/now-news.de\/de\/deutschland\/oesterreich-fahndung-nach-mutmasslichem-moerder-tatverdaechtiger-flieht-nach-kopfschuss-auf-ex-frau\/"},"modified":"2025-05-04T13:19:21","modified_gmt":"2025-05-04T11:19:21","slug":"oesterreich-fahndung-nach-mutmasslichem-moerder-tatverdaechtiger-flieht-nach-kopfschuss-auf-ex-frau","status":"publish","type":"post","link":"https:\/\/now-news.de\/de\/deutschland\/oesterreich-fahndung-nach-mutmasslichem-moerder-tatverdaechtiger-flieht-nach-kopfschuss-auf-ex-frau\/","title":{"rendered":"\u00d6sterreich: Fahndung nach mutma\u00dflichem M\u00f6rder \u2013 Tatverd\u00e4chtiger flieht nach Kopfschuss auf Ex-Frau"},"content":{"rendered":"<p><img decoding=\"async\" src=\"https:\/\/now-news.de\/de\/wp-content\/uploads\/sites\/3\/2025\/05\/681748ba48fbef53ca4063d1.png\" \/><\/p>\n<div class=\"Text-root Text-type_1 \">\n                Im Salzburger Pinzgau wird ein 32-j\u00e4hriger Ungar gesucht, der seine Ex-Freundin mit einem Kopfschuss get\u00f6tet haben soll. Die Polizei bittet um Hinweise zum Fluchtauto und warnt: Der T\u00e4ter k\u00f6nnte bewaffnet sein. Eine europaweite Fahndung l\u00e4uft.\n            <\/div>\n<p><\/p>\n<div class=\"Text-root Text-type_5 ArticleView-text ViewText-root \">\n<p data-start=\"3665\" data-end=\"3939\">Eine t\u00f6dliche Beziehungstat ersch\u00fcttert den Pinzgau: Auf dem Parkplatz eines Supermarkts in Maria Alm soll ein 32-j\u00e4hriger Mann in der Nacht auf Samstag seine fr\u00fchere Lebensgef\u00e4hrtin erschossen haben. Die Ermittlungen deuten auf eine gezielte Tat hin.<\/p>\n<p data-start=\"3941\" data-end=\"4285\">Bei dem Verd\u00e4chtigen handelt es sich um den ungarischen Staatsb\u00fcrger Krisztian Papp. Das Treffen mit der 34-j\u00e4hrigen Deutschen fand kurz nach Mitternacht statt, offenbar zur \u00dcbergabe privater Gegenst\u00e4nde nach einer Trennung. Laut Polizei kam es pl\u00f6tzlich zur Eskalation, in deren Folge der Mann eine Pistole zog und der Frau ins Gesicht schoss.<\/p>\n<p data-start=\"4287\" data-end=\"4673\">Papp fl\u00fcchtete unmittelbar nach der Tat mit einem in Salzburg gemieteten Skoda Octavia. Das Fahrzeug wurde mittlerweile als unterschlagen gemeldet. Der Aufenthaltsort des Verd\u00e4chtigen ist unbekannt. Er wird europaweit gesucht, die Polizei stuft ihn als bewaffnet und gef\u00e4hrlich ein. Die Ermittlungen f\u00fchrt das Landeskriminalamt Salzburg. <\/p>\n<p data-start=\"4287\" data-end=\"4673\"><em>Hinweise zu Papp oder dem von ihm benutzten Fahrzeug nimmt das Landeskriminalamt Salzburg unter der Telefonnummer 059133 50 3333 oder jede andere Polizeidienststelle entgegen.<\/em><\/p>\n<p data-start=\"4287\" data-end=\"4673\"><strong>Mehr zum Thema<\/strong>\u00a0\u2013\u00a0<a rel=\"nofollow noopener\" target=\"_blank\" href=\"https:\/\/freedert.online\/oesterreich\/239242-auswirkungen-ramadan-auf-schulen-fpoe\/\">Auswirkungen des Ramadan auf Schulen: FP\u00d6 kritisiert Migrationspolitik<\/a><\/p>\n<div class=\"EmbedBlock-root EmbedBlock-externalVideo EmbedBlock-rumble\">\n<div class=\"VkEmbed\"><iframe class=\"lazyload\" data-src=\"https:\/\/rumble.com\/embed\/v6bnw27\" frameborder=\"0\" width=\"853\" height=\"480\" allowfullscreen><\/iframe><\/div>\n<\/div>\n<\/div>\n<p><br \/>\n<br \/><a href=\"https:\/\/de.rt.com\/oesterreich\/244089-oesterreich-fahndung-nach-mutmasslichem-moerder\/\">Source link <\/a><\/p>\n","protected":false},"excerpt":{"rendered":"<p>Im Salzburger Pinzgau wird ein 32-j\u00e4hriger Ungar gesucht, der seine Ex-Freundin mit einem Kopfschuss get\u00f6tet haben soll. Die Polizei bittet um Hinweise zum Fluchtauto und warnt: Der T\u00e4ter k\u00f6nnte bewaffnet sein. Eine europaweite Fahndung l\u00e4uft. Eine t\u00f6dliche Beziehungstat ersch\u00fcttert den Pinzgau: Auf dem Parkplatz eines Supermarkts in Maria Alm soll ein 32-j\u00e4hriger Mann in der [&hellip;]<\/p>\n","protected":false},"author":3,"featured_media":83198,"comment_status":"open","ping_status":"open","sticky":false,"template":"","format":"standard","meta":{"_yoast_indexnow_last_ping":["1746358294"],"wp_automatic_camp":["217"],"32674fc9ffeff8971ea05d71b5029891":["\u00d6sterreich: Fahndung nach mutma\u00dflichem M\u00f6rder \u2013 Tatverd\u00e4chtiger flieht nach Kopfschuss auf Ex-Frau"],"original_link":["https:\/\/de.rt.com\/oesterreich\/244089-oesterreich-fahndung-nach-mutmasslichem-moerder\/"],"_thumbnail_id":["83198"],"jnews_social_counter_last_update":["1777189504"],"_wptgpro_p2tg_sent2tg":["a:1:{i:23737;s:19:\"2025-05-04 13:32:35\";}"]},"categories":[19,23],"tags":[133,22835,38155,27856,49105,23531,26179,979,7290,1863],"yoast_head":"<!-- This site is optimized with the Yoast SEO Premium plugin v22.7 (Yoast SEO v22.7) - https:\/\/yoast.com\/wordpress\/plugins\/seo\/ -->\n<title>\u00d6sterreich: Fahndung nach mutma\u00dflichem M\u00f6rder \u2013 Tatverd\u00e4chtiger flieht nach Kopfschuss auf Ex-Frau - just-now.NEWS Deutschland<\/title>\n<meta name=\"robots\" content=\"index, follow, max-snippet:-1, max-image-preview:large, max-video-preview:-1\" \/>\n<link rel=\"canonical\" href=\"https:\/\/now-news.de\/de\/deutschland\/oesterreich-fahndung-nach-mutmasslichem-moerder-tatverdaechtiger-flieht-nach-kopfschuss-auf-ex-frau\/\" \/>\n<meta property=\"og:locale\" content=\"de_DE\" \/>\n<meta property=\"og:type\" content=\"article\" \/>\n<meta property=\"og:title\" content=\"\u00d6sterreich: Fahndung nach mutma\u00dflichem M\u00f6rder \u2013 Tatverd\u00e4chtiger flieht nach Kopfschuss auf Ex-Frau\" \/>\n<meta property=\"og:description\" content=\"Im Salzburger Pinzgau wird ein 32-j\u00e4hriger Ungar gesucht, der seine Ex-Freundin mit einem Kopfschuss get\u00f6tet haben soll. Die Polizei bittet um Hinweise zum Fluchtauto und warnt: Der T\u00e4ter k\u00f6nnte bewaffnet sein. Eine europaweite Fahndung l\u00e4uft. Eine t\u00f6dliche Beziehungstat ersch\u00fcttert den Pinzgau: Auf dem Parkplatz eines Supermarkts in Maria Alm soll ein 32-j\u00e4hriger Mann in der [&hellip;]\" \/>\n<meta property=\"og:url\" content=\"https:\/\/now-news.de\/de\/deutschland\/oesterreich-fahndung-nach-mutmasslichem-moerder-tatverdaechtiger-flieht-nach-kopfschuss-auf-ex-frau\/\" \/>\n<meta property=\"og:site_name\" content=\"just-now.NEWS Deutschland\" \/>\n<meta property=\"article:publisher\" content=\"https:\/\/www.facebook.com\/wirmachenauf\" \/>\n<meta property=\"article:published_time\" content=\"2025-05-04T11:19:21+00:00\" \/>\n<meta property=\"og:image\" content=\"https:\/\/now-news.de\/de\/wp-content\/uploads\/sites\/3\/2025\/05\/681748ba48fbef53ca4063d1.png\" \/>\n<meta name=\"author\" content=\"rtnews\" \/>\n<meta name=\"twitter:card\" content=\"summary_large_image\" \/>\n<meta name=\"twitter:creator\" content=\"@WirMachenAuf_de\" \/>\n<meta name=\"twitter:site\" content=\"@WirMachenAuf_de\" \/>\n<meta name=\"twitter:label1\" content=\"Verfasst von\" \/>\n\t<meta name=\"twitter:data1\" content=\"rtnews\" \/>\n\t<meta name=\"twitter:label2\" content=\"Gesch\u00e4tzte Lesezeit\" \/>\n\t<meta name=\"twitter:data2\" content=\"1\u00a0Minute\" \/>\n<script type=\"application\/ld+json\" class=\"yoast-schema-graph\">{\"@context\":\"https:\/\/schema.org\",\"@graph\":[{\"@type\":\"Article\",\"@id\":\"https:\/\/now-news.de\/de\/deutschland\/oesterreich-fahndung-nach-mutmasslichem-moerder-tatverdaechtiger-flieht-nach-kopfschuss-auf-ex-frau\/#article\",\"isPartOf\":{\"@id\":\"https:\/\/now-news.de\/de\/deutschland\/oesterreich-fahndung-nach-mutmasslichem-moerder-tatverdaechtiger-flieht-nach-kopfschuss-auf-ex-frau\/\"},\"author\":{\"name\":\"rtnews\",\"@id\":\"https:\/\/now-news.de\/de\/#\/schema\/person\/fb534a4e865501d8b3285208df34a9b5\"},\"headline\":\"\u00d6sterreich: Fahndung nach mutma\u00dflichem M\u00f6rder \u2013 Tatverd\u00e4chtiger flieht nach Kopfschuss auf Ex-Frau\",\"datePublished\":\"2025-05-04T11:19:21+00:00\",\"dateModified\":\"2025-05-04T11:19:21+00:00\",\"mainEntityOfPage\":{\"@id\":\"https:\/\/now-news.de\/de\/deutschland\/oesterreich-fahndung-nach-mutmasslichem-moerder-tatverdaechtiger-flieht-nach-kopfschuss-auf-ex-frau\/\"},\"wordCount\":236,\"commentCount\":0,\"publisher\":{\"@id\":\"https:\/\/now-news.de\/de\/#organization\"},\"image\":{\"@id\":\"https:\/\/now-news.de\/de\/deutschland\/oesterreich-fahndung-nach-mutmasslichem-moerder-tatverdaechtiger-flieht-nach-kopfschuss-auf-ex-frau\/#primaryimage\"},\"thumbnailUrl\":\"https:\/\/now-news.de\/de\/wp-content\/uploads\/sites\/3\/2025\/05\/Oesterreich-Fahndung-nach-mutmasslichem-Moerder-\u2013-Tatverdaechtiger-flieht-nach-Kopfschuss.png\",\"keywords\":[\"AUF\",\"ExFrau\",\"Fahndung\",\"flieht\",\"Kopfschuss\",\"M\u00f6rder\",\"mutma\u00dflichem\",\"nach\",\"\u00d6sterreich\",\"Tatverd\u00e4chtiger\"],\"articleSection\":[\"Deutschland\",\"Russland\"],\"inLanguage\":\"de\",\"potentialAction\":[{\"@type\":\"CommentAction\",\"name\":\"Comment\",\"target\":[\"https:\/\/now-news.de\/de\/deutschland\/oesterreich-fahndung-nach-mutmasslichem-moerder-tatverdaechtiger-flieht-nach-kopfschuss-auf-ex-frau\/#respond\"]}]},{\"@type\":\"WebPage\",\"@id\":\"https:\/\/now-news.de\/de\/deutschland\/oesterreich-fahndung-nach-mutmasslichem-moerder-tatverdaechtiger-flieht-nach-kopfschuss-auf-ex-frau\/\",\"url\":\"https:\/\/now-news.de\/de\/deutschland\/oesterreich-fahndung-nach-mutmasslichem-moerder-tatverdaechtiger-flieht-nach-kopfschuss-auf-ex-frau\/\",\"name\":\"\u00d6sterreich: Fahndung nach mutma\u00dflichem M\u00f6rder \u2013 Tatverd\u00e4chtiger flieht nach Kopfschuss auf Ex-Frau - just-now.NEWS Deutschland\",\"isPartOf\":{\"@id\":\"https:\/\/now-news.de\/de\/#website\"},\"primaryImageOfPage\":{\"@id\":\"https:\/\/now-news.de\/de\/deutschland\/oesterreich-fahndung-nach-mutmasslichem-moerder-tatverdaechtiger-flieht-nach-kopfschuss-auf-ex-frau\/#primaryimage\"},\"image\":{\"@id\":\"https:\/\/now-news.de\/de\/deutschland\/oesterreich-fahndung-nach-mutmasslichem-moerder-tatverdaechtiger-flieht-nach-kopfschuss-auf-ex-frau\/#primaryimage\"},\"thumbnailUrl\":\"https:\/\/now-news.de\/de\/wp-content\/uploads\/sites\/3\/2025\/05\/Oesterreich-Fahndung-nach-mutmasslichem-Moerder-\u2013-Tatverdaechtiger-flieht-nach-Kopfschuss.png\",\"datePublished\":\"2025-05-04T11:19:21+00:00\",\"dateModified\":\"2025-05-04T11:19:21+00:00\",\"breadcrumb\":{\"@id\":\"https:\/\/now-news.de\/de\/deutschland\/oesterreich-fahndung-nach-mutmasslichem-moerder-tatverdaechtiger-flieht-nach-kopfschuss-auf-ex-frau\/#breadcrumb\"},\"inLanguage\":\"de\",\"potentialAction\":[{\"@type\":\"ReadAction\",\"target\":[\"https:\/\/now-news.de\/de\/deutschland\/oesterreich-fahndung-nach-mutmasslichem-moerder-tatverdaechtiger-flieht-nach-kopfschuss-auf-ex-frau\/\"]}]},{\"@type\":\"ImageObject\",\"inLanguage\":\"de\",\"@id\":\"https:\/\/now-news.de\/de\/deutschland\/oesterreich-fahndung-nach-mutmasslichem-moerder-tatverdaechtiger-flieht-nach-kopfschuss-auf-ex-frau\/#primaryimage\",\"url\":\"https:\/\/now-news.de\/de\/wp-content\/uploads\/sites\/3\/2025\/05\/Oesterreich-Fahndung-nach-mutmasslichem-Moerder-\u2013-Tatverdaechtiger-flieht-nach-Kopfschuss.png\",\"contentUrl\":\"https:\/\/now-news.de\/de\/wp-content\/uploads\/sites\/3\/2025\/05\/Oesterreich-Fahndung-nach-mutmasslichem-Moerder-\u2013-Tatverdaechtiger-flieht-nach-Kopfschuss.png\",\"width\":460,\"height\":259,\"caption\":\"\u00d6sterreich: Fahndung nach mutma\u00dflichem M\u00f6rder \u2013 Tatverd\u00e4chtiger flieht nach Kopfschuss auf Ex-Frau\"},{\"@type\":\"BreadcrumbList\",\"@id\":\"https:\/\/now-news.de\/de\/deutschland\/oesterreich-fahndung-nach-mutmasslichem-moerder-tatverdaechtiger-flieht-nach-kopfschuss-auf-ex-frau\/#breadcrumb\",\"itemListElement\":[{\"@type\":\"ListItem\",\"position\":1,\"name\":\"Home\",\"item\":\"https:\/\/now-news.de\/de\/\"},{\"@type\":\"ListItem\",\"position\":2,\"name\":\"\u00d6sterreich: Fahndung nach mutma\u00dflichem M\u00f6rder \u2013 Tatverd\u00e4chtiger flieht nach Kopfschuss auf Ex-Frau\"}]},{\"@type\":\"WebSite\",\"@id\":\"https:\/\/now-news.de\/de\/#website\",\"url\":\"https:\/\/now-news.de\/de\/\",\"name\":\"just-now.NEWS Deutschland\",\"description\":\"Das Portal f\u00fcr unzensierte Nachrichten aus der Welt\",\"publisher\":{\"@id\":\"https:\/\/now-news.de\/de\/#organization\"},\"potentialAction\":[{\"@type\":\"SearchAction\",\"target\":{\"@type\":\"EntryPoint\",\"urlTemplate\":\"https:\/\/now-news.de\/de\/?s={search_term_string}\"},\"query-input\":\"required name=search_term_string\"}],\"inLanguage\":\"de\"},{\"@type\":\"Organization\",\"@id\":\"https:\/\/now-news.de\/de\/#organization\",\"name\":\"Just Now News\",\"url\":\"https:\/\/now-news.de\/de\/\",\"logo\":{\"@type\":\"ImageObject\",\"inLanguage\":\"de\",\"@id\":\"https:\/\/now-news.de\/de\/#\/schema\/logo\/image\/\",\"url\":\"http:\/\/just-now.news\/de\/wp-content\/uploads\/sites\/3\/2022\/04\/logo500x500.jpg\",\"contentUrl\":\"http:\/\/just-now.news\/de\/wp-content\/uploads\/sites\/3\/2022\/04\/logo500x500.jpg\",\"width\":500,\"height\":500,\"caption\":\"Just Now News\"},\"image\":{\"@id\":\"https:\/\/now-news.de\/de\/#\/schema\/logo\/image\/\"},\"sameAs\":[\"https:\/\/www.facebook.com\/wirmachenauf\",\"https:\/\/x.com\/WirMachenAuf_de\"]},{\"@type\":\"Person\",\"@id\":\"https:\/\/now-news.de\/de\/#\/schema\/person\/fb534a4e865501d8b3285208df34a9b5\",\"name\":\"rtnews\",\"image\":{\"@type\":\"ImageObject\",\"inLanguage\":\"de\",\"@id\":\"https:\/\/now-news.de\/de\/#\/schema\/person\/image\/\",\"url\":\"https:\/\/secure.gravatar.com\/avatar\/82aafea7d8127119dd649515f56e2117?s=96&d=mm&r=g\",\"contentUrl\":\"https:\/\/secure.gravatar.com\/avatar\/82aafea7d8127119dd649515f56e2117?s=96&d=mm&r=g\",\"caption\":\"rtnews\"},\"url\":\"https:\/\/now-news.de\/de\/author\/rnews\/\"}]}<\/script>\n<!-- \/ Yoast SEO Premium plugin. -->","yoast_head_json":{"title":"\u00d6sterreich: Fahndung nach mutma\u00dflichem M\u00f6rder \u2013 Tatverd\u00e4chtiger flieht nach Kopfschuss auf Ex-Frau - just-now.NEWS Deutschland","robots":{"index":"index","follow":"follow","max-snippet":"max-snippet:-1","max-image-preview":"max-image-preview:large","max-video-preview":"max-video-preview:-1"},"canonical":"https:\/\/now-news.de\/de\/deutschland\/oesterreich-fahndung-nach-mutmasslichem-moerder-tatverdaechtiger-flieht-nach-kopfschuss-auf-ex-frau\/","og_locale":"de_DE","og_type":"article","og_title":"\u00d6sterreich: Fahndung nach mutma\u00dflichem M\u00f6rder \u2013 Tatverd\u00e4chtiger flieht nach Kopfschuss auf Ex-Frau","og_description":"Im Salzburger Pinzgau wird ein 32-j\u00e4hriger Ungar gesucht, der seine Ex-Freundin mit einem Kopfschuss get\u00f6tet haben soll. Die Polizei bittet um Hinweise zum Fluchtauto und warnt: Der T\u00e4ter k\u00f6nnte bewaffnet sein. Eine europaweite Fahndung l\u00e4uft. Eine t\u00f6dliche Beziehungstat ersch\u00fcttert den Pinzgau: Auf dem Parkplatz eines Supermarkts in Maria Alm soll ein 32-j\u00e4hriger Mann in der [&hellip;]","og_url":"https:\/\/now-news.de\/de\/deutschland\/oesterreich-fahndung-nach-mutmasslichem-moerder-tatverdaechtiger-flieht-nach-kopfschuss-auf-ex-frau\/","og_site_name":"just-now.NEWS Deutschland","article_publisher":"https:\/\/www.facebook.com\/wirmachenauf","article_published_time":"2025-05-04T11:19:21+00:00","og_image":[{"url":"https:\/\/now-news.de\/de\/wp-content\/uploads\/sites\/3\/2025\/05\/681748ba48fbef53ca4063d1.png"}],"author":"rtnews","twitter_card":"summary_large_image","twitter_creator":"@WirMachenAuf_de","twitter_site":"@WirMachenAuf_de","twitter_misc":{"Verfasst von":"rtnews","Gesch\u00e4tzte Lesezeit":"1\u00a0Minute"},"schema":{"@context":"https:\/\/schema.org","@graph":[{"@type":"Article","@id":"https:\/\/now-news.de\/de\/deutschland\/oesterreich-fahndung-nach-mutmasslichem-moerder-tatverdaechtiger-flieht-nach-kopfschuss-auf-ex-frau\/#article","isPartOf":{"@id":"https:\/\/now-news.de\/de\/deutschland\/oesterreich-fahndung-nach-mutmasslichem-moerder-tatverdaechtiger-flieht-nach-kopfschuss-auf-ex-frau\/"},"author":{"name":"rtnews","@id":"https:\/\/now-news.de\/de\/#\/schema\/person\/fb534a4e865501d8b3285208df34a9b5"},"headline":"\u00d6sterreich: Fahndung nach mutma\u00dflichem M\u00f6rder \u2013 Tatverd\u00e4chtiger flieht nach Kopfschuss auf Ex-Frau","datePublished":"2025-05-04T11:19:21+00:00","dateModified":"2025-05-04T11:19:21+00:00","mainEntityOfPage":{"@id":"https:\/\/now-news.de\/de\/deutschland\/oesterreich-fahndung-nach-mutmasslichem-moerder-tatverdaechtiger-flieht-nach-kopfschuss-auf-ex-frau\/"},"wordCount":236,"commentCount":0,"publisher":{"@id":"https:\/\/now-news.de\/de\/#organization"},"image":{"@id":"https:\/\/now-news.de\/de\/deutschland\/oesterreich-fahndung-nach-mutmasslichem-moerder-tatverdaechtiger-flieht-nach-kopfschuss-auf-ex-frau\/#primaryimage"},"thumbnailUrl":"https:\/\/now-news.de\/de\/wp-content\/uploads\/sites\/3\/2025\/05\/Oesterreich-Fahndung-nach-mutmasslichem-Moerder-\u2013-Tatverdaechtiger-flieht-nach-Kopfschuss.png","keywords":["AUF","ExFrau","Fahndung","flieht","Kopfschuss","M\u00f6rder","mutma\u00dflichem","nach","\u00d6sterreich","Tatverd\u00e4chtiger"],"articleSection":["Deutschland","Russland"],"inLanguage":"de","potentialAction":[{"@type":"CommentAction","name":"Comment","target":["https:\/\/now-news.de\/de\/deutschland\/oesterreich-fahndung-nach-mutmasslichem-moerder-tatverdaechtiger-flieht-nach-kopfschuss-auf-ex-frau\/#respond"]}]},{"@type":"WebPage","@id":"https:\/\/now-news.de\/de\/deutschland\/oesterreich-fahndung-nach-mutmasslichem-moerder-tatverdaechtiger-flieht-nach-kopfschuss-auf-ex-frau\/","url":"https:\/\/now-news.de\/de\/deutschland\/oesterreich-fahndung-nach-mutmasslichem-moerder-tatverdaechtiger-flieht-nach-kopfschuss-auf-ex-frau\/","name":"\u00d6sterreich: Fahndung nach mutma\u00dflichem M\u00f6rder \u2013 Tatverd\u00e4chtiger flieht nach Kopfschuss auf Ex-Frau - just-now.NEWS Deutschland","isPartOf":{"@id":"https:\/\/now-news.de\/de\/#website"},"primaryImageOfPage":{"@id":"https:\/\/now-news.de\/de\/deutschland\/oesterreich-fahndung-nach-mutmasslichem-moerder-tatverdaechtiger-flieht-nach-kopfschuss-auf-ex-frau\/#primaryimage"},"image":{"@id":"https:\/\/now-news.de\/de\/deutschland\/oesterreich-fahndung-nach-mutmasslichem-moerder-tatverdaechtiger-flieht-nach-kopfschuss-auf-ex-frau\/#primaryimage"},"thumbnailUrl":"https:\/\/now-news.de\/de\/wp-content\/uploads\/sites\/3\/2025\/05\/Oesterreich-Fahndung-nach-mutmasslichem-Moerder-\u2013-Tatverdaechtiger-flieht-nach-Kopfschuss.png","datePublished":"2025-05-04T11:19:21+00:00","dateModified":"2025-05-04T11:19:21+00:00","breadcrumb":{"@id":"https:\/\/now-news.de\/de\/deutschland\/oesterreich-fahndung-nach-mutmasslichem-moerder-tatverdaechtiger-flieht-nach-kopfschuss-auf-ex-frau\/#breadcrumb"},"inLanguage":"de","potentialAction":[{"@type":"ReadAction","target":["https:\/\/now-news.de\/de\/deutschland\/oesterreich-fahndung-nach-mutmasslichem-moerder-tatverdaechtiger-flieht-nach-kopfschuss-auf-ex-frau\/"]}]},{"@type":"ImageObject","inLanguage":"de","@id":"https:\/\/now-news.de\/de\/deutschland\/oesterreich-fahndung-nach-mutmasslichem-moerder-tatverdaechtiger-flieht-nach-kopfschuss-auf-ex-frau\/#primaryimage","url":"https:\/\/now-news.de\/de\/wp-content\/uploads\/sites\/3\/2025\/05\/Oesterreich-Fahndung-nach-mutmasslichem-Moerder-\u2013-Tatverdaechtiger-flieht-nach-Kopfschuss.png","contentUrl":"https:\/\/now-news.de\/de\/wp-content\/uploads\/sites\/3\/2025\/05\/Oesterreich-Fahndung-nach-mutmasslichem-Moerder-\u2013-Tatverdaechtiger-flieht-nach-Kopfschuss.png","width":460,"height":259,"caption":"\u00d6sterreich: Fahndung nach mutma\u00dflichem M\u00f6rder \u2013 Tatverd\u00e4chtiger flieht nach Kopfschuss auf Ex-Frau"},{"@type":"BreadcrumbList","@id":"https:\/\/now-news.de\/de\/deutschland\/oesterreich-fahndung-nach-mutmasslichem-moerder-tatverdaechtiger-flieht-nach-kopfschuss-auf-ex-frau\/#breadcrumb","itemListElement":[{"@type":"ListItem","position":1,"name":"Home","item":"https:\/\/now-news.de\/de\/"},{"@type":"ListItem","position":2,"name":"\u00d6sterreich: Fahndung nach mutma\u00dflichem M\u00f6rder \u2013 Tatverd\u00e4chtiger flieht nach Kopfschuss auf Ex-Frau"}]},{"@type":"WebSite","@id":"https:\/\/now-news.de\/de\/#website","url":"https:\/\/now-news.de\/de\/","name":"just-now.NEWS Deutschland","description":"Das Portal f\u00fcr unzensierte Nachrichten aus der Welt","publisher":{"@id":"https:\/\/now-news.de\/de\/#organization"},"potentialAction":[{"@type":"SearchAction","target":{"@type":"EntryPoint","urlTemplate":"https:\/\/now-news.de\/de\/?s={search_term_string}"},"query-input":"required name=search_term_string"}],"inLanguage":"de"},{"@type":"Organization","@id":"https:\/\/now-news.de\/de\/#organization","name":"Just Now News","url":"https:\/\/now-news.de\/de\/","logo":{"@type":"ImageObject","inLanguage":"de","@id":"https:\/\/now-news.de\/de\/#\/schema\/logo\/image\/","url":"http:\/\/just-now.news\/de\/wp-content\/uploads\/sites\/3\/2022\/04\/logo500x500.jpg","contentUrl":"http:\/\/just-now.news\/de\/wp-content\/uploads\/sites\/3\/2022\/04\/logo500x500.jpg","width":500,"height":500,"caption":"Just Now News"},"image":{"@id":"https:\/\/now-news.de\/de\/#\/schema\/logo\/image\/"},"sameAs":["https:\/\/www.facebook.com\/wirmachenauf","https:\/\/x.com\/WirMachenAuf_de"]},{"@type":"Person","@id":"https:\/\/now-news.de\/de\/#\/schema\/person\/fb534a4e865501d8b3285208df34a9b5","name":"rtnews","image":{"@type":"ImageObject","inLanguage":"de","@id":"https:\/\/now-news.de\/de\/#\/schema\/person\/image\/","url":"https:\/\/secure.gravatar.com\/avatar\/82aafea7d8127119dd649515f56e2117?s=96&d=mm&r=g","contentUrl":"https:\/\/secure.gravatar.com\/avatar\/82aafea7d8127119dd649515f56e2117?s=96&d=mm&r=g","caption":"rtnews"},"url":"https:\/\/now-news.de\/de\/author\/rnews\/"}]}},"_links":{"self":[{"href":"https:\/\/now-news.de\/de\/wp-json\/wp\/v2\/posts\/83197"}],"collection":[{"href":"https:\/\/now-news.de\/de\/wp-json\/wp\/v2\/posts"}],"about":[{"href":"https:\/\/now-news.de\/de\/wp-json\/wp\/v2\/types\/post"}],"author":[{"embeddable":true,"href":"https:\/\/now-news.de\/de\/wp-json\/wp\/v2\/users\/3"}],"replies":[{"embeddable":true,"href":"https:\/\/now-news.de\/de\/wp-json\/wp\/v2\/comments?post=83197"}],"version-history":[{"count":0,"href":"https:\/\/now-news.de\/de\/wp-json\/wp\/v2\/posts\/83197\/revisions"}],"wp:featuredmedia":[{"embeddable":true,"href":"https:\/\/now-news.de\/de\/wp-json\/wp\/v2\/media\/83198"}],"wp:attachment":[{"href":"https:\/\/now-news.de\/de\/wp-json\/wp\/v2\/media?parent=83197"}],"wp:term":[{"taxonomy":"category","embeddable":true,"href":"https:\/\/now-news.de\/de\/wp-json\/wp\/v2\/categories?post=83197"},{"taxonomy":"post_tag","embeddable":true,"href":"https:\/\/now-news.de\/de\/wp-json\/wp\/v2\/tags?post=83197"}],"curies":[{"name":"wp","href":"https:\/\/api.w.org\/{rel}","templated":true}]}}