{"id":83108,"date":"2025-05-02T18:15:30","date_gmt":"2025-05-02T16:15:30","guid":{"rendered":"https:\/\/now-news.de\/de\/deutschland\/bfv-gutachten-zur-afd-verfassungsfeinde-herrschaften-schaut-in-den-spiegel\/"},"modified":"2025-05-02T18:15:30","modified_gmt":"2025-05-02T16:15:30","slug":"bfv-gutachten-zur-afd-verfassungsfeinde-herrschaften-schaut-in-den-spiegel","status":"publish","type":"post","link":"https:\/\/now-news.de\/de\/deutschland\/bfv-gutachten-zur-afd-verfassungsfeinde-herrschaften-schaut-in-den-spiegel\/","title":{"rendered":"BfV-Gutachten zur AfD: Verfassungsfeinde? Herrschaften, schaut in den Spiegel!"},"content":{"rendered":"<p><img decoding=\"async\" src=\"https:\/\/now-news.de\/de\/wp-content\/uploads\/sites\/3\/2025\/05\/6814ce7d48fbef4dd044d676.jpg\" \/><\/p>\n<div class=\"Text-root Text-type_1 \">\n                Man hat der deutschen Juristerei den Hegel gr\u00fcndlich ausgetrieben. Da rutschen alle Begriffe durcheinander: Wort und Tat, Gedanke und Handlung, Bev\u00f6lkerung und Staatsvolk, \u00fcberall, wo es knifflig wird, wo man klare Begriffe braucht, gibt es nur noch Pampe.\n            <\/div>\n<p><\/p>\n<div class=\"Text-root Text-type_5 ArticleView-text ViewText-root \">\n<p><em>Von Dagmar Henn<\/em><\/p>\n<p>Das ist wirklich keine \u00dcberraschung, insbesondere nicht, nachdem die AfD in einer Reihe von Umfragen zur st\u00e4rksten Partei in Deutschland wurde: Das Bundesamt f\u00fcr Verfassungsschutz (BfV) erkl\u00e4rt die gesamte Partei f\u00fcr &#8220;gesichert rechtsextremistisch&#8221;.<\/p>\n<p>Nein, nat\u00fcrlich gab es keine politische Beeinflussung; das ist nicht n\u00f6tig, wenn eine Beh\u00f6rde, die dem Innenministerium untersteht, ein Gutachten ausarbeiten l\u00e4sst. Jeder leitende Beamte wei\u00df, wie man daf\u00fcr sorgt, dass ein Gutachten dem entspricht, was man haben will. Man muss eben die Gutachter entsprechend ausw\u00e4hlen. Bei einem Gutachten, das dann auch noch geheimgehalten wird, geht das besonders gut, da der erste Schritt der \u00dcberpr\u00fcfung, n\u00e4mlich der Blick auf die Liste der daran Mitwirkenden, von vorneherein verhindert wird. Wenn man eine scharfe Verurteilung des Fleischkonsums will, muss man nur den Hersteller von Kunstfleischprodukten als Gutachter engagieren.<\/p>\n<p>Im Februar wurde ja bereits ein Gutachten geleakt, das vermutlich in gro\u00dfen Teilen mit dem identisch sein d\u00fcrfte, das jetzt die Grundlage dieses Verdikts sein soll. Und es erwies sich als methodisch ausgesprochen fragw\u00fcrdig. Aber allein die Gedankenkette, die jetzt als Begr\u00fcndung durch die Presse geistert, und f\u00fcr die die <a rel=\"nofollow noopener\" target=\"_blank\" href=\"https:\/\/www.verfassungsschutz.de\/SharedDocs\/pressemitteilungen\/DE\/2025\/pressemitteilung-2025-05-02.html\">Presseerkl\u00e4rung<\/a> des Bundesamts f\u00fcr Verfassugungsschutz die Vorlage liefert, hat es in sich.<\/p>\n<p>Wobei man sich, ganz nebenbei, fragen muss, was an der Universit\u00e4t K\u00f6ln in den Rechtswissenschaften so schief gelaufen ist, dass zwei dort ausgebildete Volljuristen, Sinan Selen und Silke Willems, die als Vizepr\u00e4sidenten des BfV diese Presseerkl\u00e4rung zu verantworten haben, nicht merken, welche groben logischen Spr\u00fcnge sie allein in dieser kurzen Argumentation hinterlassen, und wie sehr insbesondere die Komplexe Menschenrechte und Staatsb\u00fcrgerrechte verschwimmen.<\/p>\n<p>Also nehmen wir einmal diese Erkl\u00e4rung als Teil f\u00fcrs Ganze. Der Hauptvorwurf gegen die AfD lautet:<\/p>\n<p><em>&#8220;Das in der Partei vorherrschende ethnisch-abstammungsm\u00e4\u00dfige Volksverst\u00e4ndnis ist nicht mit der freiheitlichen demokratischen Grundordnung vereinbar.&#8221;<\/em><\/p>\n<p>Dreist, ahistorisch, und juristisch v\u00f6lliger Unfug. Es gibt eine ganz einfache Kontrollfrage. Bis zum Jahr 2000 besa\u00df Deutschland eines der rigidesten Staatsangeh\u00f6rigkeitsrechte weltweit; die Voraussetzung f\u00fcr die deutsche Staatsangeh\u00f6rigkeit war das &#8220;deutsche Blut&#8221;. Wie ist dann die Zeit bis 2000 zu bewerten?<\/p>\n<p>Ein Begriff, der \u00fcbrigens im Vorlauf des ersten Weltkriegs im Jahr 1913 hineingeraten war, als der Reichstag aus den zuvor noch immer bestehenden Staatsb\u00fcrgerschaften der deutschen L\u00e4nder eine gesamtdeutsche Staatsb\u00fcrgerschaft machte (davor musste man erst Bayer oder Hamburger sein, um abgeleitet davon als Deutscher gesehen zu werden). Die damalige Reichstagsdebatte ist sehr aufschlussreich, aber man t\u00e4uscht sich \u00fcber ihre soziale Wirkung \u2013 die damaligen Arbeitsmigranten, Polen im Ruhrgebiet, z\u00e4hlten automatisch als Deutsche, weil eben die H\u00e4lfte des heutigen Polen damals Teil des deutschen Staatsgebiets war. Dieses magische Blut entstand also auf mysteri\u00f6se Weise exakt an dem Tag, an dem dieses neue Gesetz in Kraft trat.<\/p>\n<p>Im Jahr 1977, im Zusammenhang mit der Reform des Familienrechts, wurde dann zumindest der Begriff dieses deutschen Bluts insofern gelockert, als dass auch Kinder einer deutschen Mutter mit einem ausl\u00e4ndischen Vater einen Anspruch auf die deutsche Staatsb\u00fcrgerschaft erhielten. Bis dahin war das &#8220;deutsche Blut&#8221; streng an das Y-Chromosom gebunden. Aber der Begriff selbst hielt sich bis ins Jahr 2000.<\/p>\n<p>Dass damals Einb\u00fcrgerungen deutlich erleichtert und auch doppelte Staatsangeh\u00f6rigkeiten zumindest begrenzt zugelassen wurden, war eine Reaktion auf ein massives Demokratieproblem, die mehrere Millionen Menschen umfassende Gruppe t\u00fcrkischst\u00e4mmiger Einwanderer, die zum Teil bereits in der dritten Generation in Deutschland lebten, ohne die vollen politischen Rechte von Staatsb\u00fcrgern zu haben. Das ist tats\u00e4chlich eine Demokratie-, keine Menschenrechtsfrage. Kern dabei ist eben jener Gedanke, der einmal die amerikanische Revolution ausl\u00f6ste: no taxation without representation; es ist nur \u00fcber einen begrenzten Zeitraum m\u00f6glich, Menschen zwar zur Zahlung von Steuern zu verpflichten, ihnen aber die politische Mitwirkung zu verweigern, wenn man den Anspruch erhebt, ein demokratischer Staat zu sein.<\/p>\n<p>Nur, in diesem Zusammenhang gibt es eine Grenze. Kann ein Staat demokratisch funktionieren, wenn man beispielsweise allen zuf\u00e4llig an einem Wahltag Anwesenden das Wahlrecht erteilte? Wo bleibt da die n\u00f6tige informierte Zustimmung? Wo bleibt der Zusammenhang zwischen den auferlegten Pflichten und den Rechten?<\/p>\n<p>Ich hatte damals in meinem Kommentar zu jenem ver\u00f6ffentlichten Gutachten angemerkt, dass das alles v\u00f6llig absurd wird, sobald man eine Vorstellung wie Wehrpflicht ins Spiel bringt. Denn wenn es keine explizit den Staatsb\u00fcrgern vorbehaltenen Rechte mehr gibt, kann es auch keine explizit ihnen auferlegten Pflichten mehr geben.<\/p>\n<p>Aber zur\u00fcck zum obigen Satz. Die ganzen Ausf\u00fchrungen zur Entwicklung des deutschen Staatsb\u00fcrgerschaftsrechts sollten vor allem einem dienen: in Erinnerung zu rufen, dass das, was die Erkl\u00e4rung des BfV wie auch Innenministerin Faeser als verfassungsfeindlich verdammt, bis ins Jahr 2000 der (bundes)deutsche Rechtszustand war.<\/p>\n<p>Nun ist es eine Sache, an diesem Punkt herzlich anderer Meinung zu sein, und ich w\u00fcrde jederzeit dazu stehen, dass diese \u00c4nderung damals ein n\u00f6tiger Fortschritt war. Aber es ist etwas ganz anderes, die Position, die all die Jahrzehnte davor geltendes Recht war, nicht einfach f\u00fcr falsch, sondern f\u00fcr verfassungswidrig zu halten. Strenggenommen w\u00e4re dann das Rechtshandeln der Bundesrepublik \u00fcber Jahrzehnte v\u00f6llig im Gegensatz zum Grundgesetz gestanden, denn die Definition der Gruppe der Staatsb\u00fcrger ist der Ausgangspunkt jeder demokratischen Legitimation.<\/p>\n<p>Interessant ist auch, wie diese Erkl\u00e4rung weitergeht:<\/p>\n<p><em>&#8220;Es zielt darauf ab, bestimmte Bev\u00f6lkerungsgruppen von einer gleichberechtigten gesellschaftlichen Teilhabe auszuschlie\u00dfen, sie einer nicht verfassungskonformen Ungleichbehandlung auszusetzen und ihnen damit einen rechtlich abgewerteten Status zuzuweisen. Konkret betrachtet die AfD zum Beispiel deutsche Staatsangeh\u00f6rige mit Migrationsgeschichte aus muslimisch gepr\u00e4gten L\u00e4ndern nicht als gleichwertige Angeh\u00f6rige des durch die Partei ethnisch definierten deutschen Volkes.&#8221;<\/em><\/p>\n<p>Schwupp, schon hat der Begriffstausch stattgefunden. Bev\u00f6lkerung umfasst alle zum gegebenen Zeitpunkt innerhalb definierter geografischer Grenzen lebenden Menschen. Es geht aber um die Frage, wer B\u00fcrger ist. Und jetzt kommt der gro\u00dfe Witz: die aktuelle Version des Staatsangeh\u00f6rigkeitsgesetzes macht genau das, was hier der AfD vorgeworfen wird. Es gibt n\u00e4mlich eine ganze Liste von Einschr\u00e4nkungen, nach denen Einb\u00fcrgerungen verweigert oder gar bereits ausgesprochene Einb\u00fcrgerungen wieder widerrufen werden k\u00f6nnen. Die entsprechenden Paragrafen finden sich in \u00a732b StAG, unter ihnen viele gute Freunde wie \u00a7130 und \u00a7140 StGB.<\/p>\n<p>Wenn etwas einen grundlegenden Ausschluss einer &#8220;bestimmten Minderheitsgruppe von einer gleichberechtigten gesellschaftlichen Teilhabe&#8221; darstellt, dann, jemandem aufgrund einer missliebigen Meinungs\u00e4u\u00dferung die Einb\u00fcrgerung zu verweigern oder sie r\u00fcckg\u00e4ngig zu machen. Aber alles kein Problem. Es ist ja nur die AfD, die da b\u00f6se diskrimiert. Deutsche pal\u00e4stinensischer Abstammung auszub\u00fcrgern, sofern dies m\u00f6glich ist, ist v\u00f6llig in Ordnung, wenn sie einmal zu laut &#8220;from the river to the sea&#8221; gesagt haben.<\/p>\n<p>Der entscheidende Punkt ist jedoch, das Staatsangeh\u00f6rigkeitsrecht macht genau dies, selbst wenn es nicht vom aktuellen politischen Irrsinn durchsetzt w\u00e4re. Es ist seine Funktion. Es teilt die Bev\u00f6lkerung in Menschen mit Staatsb\u00fcrgerschaft und solche ohne, und die Gruppe der Staatsb\u00fcrger hat zus\u00e4tzliche Rechte, wie Wahlrecht oder die M\u00f6glichkeit einer Beamtenkarriere, die die Gruppe der Nichtb\u00fcrger nicht hat. Staatsangeh\u00f6rigkeit leitet sich eben nicht unmittelbar aus dem Menschenrecht ab, sondern bestenfalls vermittelt.<\/p>\n<p>Wie man nun die Grenze zwischen Staatsb\u00fcrgern und Nichtb\u00fcrgern ziehen will, ist ein legitimer Gegenstand der politischen Debatte unter den Staatsb\u00fcrgern. In dem Augenblick, in dem dieser Debatte grunds\u00e4tzlich die Legitimation abgesprochen wird (und das ist der Fall, sobald eine denkbare Position f\u00fcr &#8220;verfassungswidrig&#8221; erkl\u00e4rt wird), wird der Rahmen der Rechte, der die Staatsb\u00fcrger vor den Nichtb\u00fcrgern auszeichnet, beschr\u00e4nkt, was andererseits logischerweise bedeutet, dass auch die Pflichten nicht mehr eingefordert werden k\u00f6nnen. Noch viel Spa\u00df mit der Wehrpflicht, nebenbei!<\/p>\n<p>Der Knackpunkt in diesem Satz ist also, dass es durchaus Bereiche gesellschaftlicher Teilhabe gibt, von der &#8220;bestimmte Bev\u00f6lkerungsgruppen&#8221; ausgeschlossen werden. Kinder haben kein Wahlrecht und es wird ihnen kein Schnaps verkauft; das Stichwort zum Wahlrecht lautet hier wieder &#8220;informierte Entscheidung&#8221;. Dass die US-Demokraten sogar Tote w\u00e4hlen lie\u00dfen, ist da nicht wirklich vorbildhaft. Und, das ist der entscheidende Punkt, die Teilung der Bev\u00f6lkerung in Staatsb\u00fcrger und Nichtb\u00fcrger ist absolut verfassungskonform und in jedem, schlicht jedem einzelnen Land der Welt \u00fcblich.<\/p>\n<p>Aber die Presseerkl\u00e4rung geht noch einen Schritt weiter:<\/p>\n<p><em>&#8220;Insbesondere die fortlaufende Agitation gegen Gefl\u00fcchtete beziehungsweise Migrantinnen und Migranten bef\u00f6rdert die Verbreitung und Vertiefung von Vorurteilen, Ressentiments und \u00c4ngsten gegen\u00fcber diesem Personenkreis.&#8221;<\/em><\/p>\n<p>Selbst das Wort &#8220;Gefl\u00fcchtete&#8221; (der Konformit\u00e4tsbegriff, durch den man das Wort Fl\u00fcchtling ersetzen muss, um Folgsamkeit zu beweisen) beinhaltet noch die Idee eines vor\u00fcbergehenden Aufenthalts. Ein Aufenthalt, dessen Zweck der Schutz vor Gefahr ist, ein Zweck, der in sich bereits beinhaltet, zu entfallen, sobald die Gefahr entfallen ist.<\/p>\n<p>Wenn man zur\u00fcckgeht ins Jahr 2015, als Merkel die Tore \u00f6ffnete, begann zu diesem Zeitpunkt bereits eine starke \u00dcberzeichnung der politischen Konfrontation. N\u00fcchtern betrachtet ist der Kern des humanit\u00e4ren Gebots, Schutz zu gew\u00e4hren, aber nicht, den Gesch\u00fctzten zu lieben oder unkritisch zu betrachten. Und es war von vorneherein einer der wunden Punkte der ganzen Willkommenskultur, dass weit \u00fcberwiegend junge M\u00e4nner kamen und kommen. Und junge M\u00e4nner sind von allen denkbaren Personengruppen innerhalb einer Bev\u00f6lkerung nun einmal eher diejenigen, vor denen man gesch\u00fctzt werden will oder, im guten Fall, jene, die Schutz bieten, aber nicht jene, denen Schutz gew\u00e4hrt werden muss.<\/p>\n<p>Auch Herr Sinan Selen kennt die Kriminalstatistik. Und vielleicht auch ein wenig die psychologischen Hintergr\u00fcnde, warum junge M\u00e4nner in allen Kulturen durch sogenanntes &#8220;risikosuchendes Verhalten&#8221; bekannt sind und im Grunde \u00fcberall darauf geachtet wird, sie durch die \u00c4lteren unter Kontrolle zu halten, bis sich dieses Verhalten &#8220;ausw\u00e4chst&#8221;. Was es bei den meisten tut, wenn sie in die Familienphase kommen und Verantwortung tragen m\u00fcssen. Was aber bei jungen M\u00e4nnern, die keinerlei materielle Perspektive haben, in einer v\u00f6llig fremden Umgebung leben und \u00e4u\u00dferst geringe Aussichten haben, in diese Familienphase einzutreten, in deren Umgebung vor allem auch die von ihnen respektierten \u00c4lteren v\u00f6llig fehlen, eben nicht funktioniert und am Ende f\u00fcr alle Beteiligten zu h\u00f6chst unangenehmen Entwicklungen f\u00fchrt.<\/p>\n<p>Was sich auf verschiedene Weise bearbeiten l\u00e4sst. Durch die Schaffung einer materiellen Perspektive, beispielsweise. Grade schwierig, wenn Wohnungsnot herrscht und die deutsche Industrie langsam kollabiert. Oder durch rigide Kontrolle. Was ebenfalls nicht funktioniert, wenn die Gerichte allzu sehr mit Eiteitei besch\u00e4ftigt sind und \u00fcbersehen, dass bei genauer Betrachtung sich auch bei einheimischen T\u00e4tern Traumata entdecken lie\u00dfen, die nicht ohne sind, und es kaum eine Gewalttat gibt, die nicht in einer langen Vorgeschichte wurzelt. Und was weniger Probleme hinterlie\u00dfe, w\u00e4re das Bewusstsein \u00fcber die komplizierte Beziehung zwischen Recht und Gerechtigkeit, zwischen Schutzanspruch der Gesamtheit und dem Anspruch des Einzelnen auf W\u00fcrdigung der Umst\u00e4nde klarer ausgepr\u00e4gt. Aber das mit der Gesamtheit, das geht gerade unter.<\/p>\n<p>Nur, es ist wie mit der eigenartigen Vorstellung, das L\u00fcgen verbieten zu wollen, und dieser ganzen bizarren Verwischung der Grenze zwischen Wort und Tat: Das Menschenrecht schreibt mir nicht vor, mein Gegen\u00fcber zu lieben. Es verbietet mir auch nicht, es zu hassen. In dem Moment, in dem es, und dieser Ton schwingt mit in dieser Erkl\u00e4rung, zur Pflicht erkl\u00e4rt wird, bestimmte Gruppen von Menschen nicht abzulehnen, gehen alle gleicherma\u00dfen ihrer Menschenw\u00fcrde verloren. Denn es ist ein essenzieller Teil meiner W\u00fcrde, zu f\u00fchlen was ich f\u00fchle; die Gesellschaft und damit das Recht haben erst etwas damit zu tun, wenn ich handle.<\/p>\n<p>Aber selbst die vehemente \u00c4u\u00dferung eines Vorurteils ist keine Handlung, sondern eine Aussage. So, wie die \u00fcbertriebene Reaktion vieler Politiker auf negative Reaktionen eine Folge eines \u00fcberh\u00f6hten Bed\u00fcrfnisses ist, geliebt zu werden, und dann gekr\u00e4nkt zu reagieren, wenn diese Liebe nicht zu haben ist. Diese Mischung aus Narzissmus und Minderwertigkeitskomplex hat in Deutschland inzwischen die Gestalt strafrechtlicher Verfolgung angenommen.<\/p>\n<p>In der w\u00f6rtlichen Aussage der beiden Helden vom Verfassungsschutz findet sich diese v\u00f6llige Begriffsdurchmischung noch einmal:<\/p>\n<p><em>&#8220;Ma\u00dfgeblich f\u00fcr unsere Bewertung ist das die AfD pr\u00e4gende ethnisch-abstammungsm\u00e4\u00dfige Volksverst\u00e4ndnis, das ganze Bev\u00f6lkerungsgruppen in Deutschland abwertet und in ihrer Menschenw\u00fcrde verletzt.&#8221;<\/em><\/p>\n<p>Das Volksverst\u00e4ndnis \u2013 da reden wir von Staatsb\u00fcrgerschaft und staatsb\u00fcrgerlichen Rechten. &#8220;Bev\u00f6lkerungsgruppen in Deutschland&#8221;, das bezieht sich auf die Gesamtheit, B\u00fcrger und Nichtb\u00fcrger. Eine Diskussion dar\u00fcber, wo die Grenze zwischen beiden verl\u00e4uft, ist legitimer Teil der politischen Auseinandersetzung, und daraus eine Verfassungswidrigkeit zu konstruieren, tangiert die Demokratie in Deutschland weit \u00fcber die unmittelbar Betroffenen hinaus.<\/p>\n<p>Weil die grundlegende Definition, wer zur Gruppe jener Menschen geh\u00f6rt, denen die deutschen Politiker ihrem Amtseid nach verpflichtet sind, jener Menschen, von denen nach dem Grundgesetz die Staatsgewalt ausgeht (n\u00e4mlich vom Volk, nicht der Bev\u00f6lkerung), Gegenstand einer offenen Debatte sein muss. Gleich, welche Position man selbst in dieser Frage vertritt, weil es auf keinen Fall die jeweilige Koalition oder gar die Verwaltung sein darf, die dar\u00fcber befinden.<\/p>\n<p>\u00dcber die Zusammensetzung des Souver\u00e4ns kann nur der Souver\u00e4n entscheiden, oder er ist nicht mehr der Souver\u00e4n. Schwierig genug, dass das Grundgesetz selbst an diesem Punkt \u00c4nderungen ohne Volksentscheid zul\u00e4sst. Aber genau in dieser Frage darf es keinesfalls geschehen, dass vorab bereits bestimmte Positionen verboten werden; das genau ist es aber, was diese Begr\u00fcndung einer Verfassungsfeindlichkeit (die ohnehin funktional nur als Vorspiel zu einem Verbot gedacht ist) tut. Hier stellt sich die dem Innenministerium untergeordnete Beh\u00f6rde Verfassungsschutz \u00fcber den Souver\u00e4n selbst, indem sie ihn in seinem urspr\u00fcnglichsten Recht zu beschneiden sucht. Die K\u00f6lner Herrschaften m\u00fcssen nicht weit laufen, um Verfassungsfeinde zu sehen. Ein Spiegel gen\u00fcgt.<\/p>\n<p><strong>Mehr zum Thema<\/strong> &#8211;\u00a0<a rel=\"nofollow noopener\" target=\"_blank\" href=\"https:\/\/freedert.online\/inland\/243921-verfassungsschutz-mitteilung-partei-afd-ist\/\">Verfassungsschutz-Mitteilung: AfD ist gesichert rechtsextremistisch<\/a><\/p>\n<\/div>\n<p><br \/>\n<br \/><a href=\"https:\/\/de.rt.com\/meinung\/243955-bfv-gutachten-zur-afd-verfassungsfeinde\/\">Source link <\/a><\/p>\n","protected":false},"excerpt":{"rendered":"<p>Man hat der deutschen Juristerei den Hegel gr\u00fcndlich ausgetrieben. Da rutschen alle Begriffe durcheinander: Wort und Tat, Gedanke und Handlung, Bev\u00f6lkerung und Staatsvolk, \u00fcberall, wo es knifflig wird, wo man klare Begriffe braucht, gibt es nur noch Pampe. Von Dagmar Henn Das ist wirklich keine \u00dcberraschung, insbesondere nicht, nachdem die AfD in einer Reihe von [&hellip;]<\/p>\n","protected":false},"author":3,"featured_media":83109,"comment_status":"open","ping_status":"open","sticky":false,"template":"","format":"standard","meta":{"_yoast_indexnow_last_ping":["1746204323"],"wp_automatic_camp":["217"],"3ab796ab4216f2c02534f459c0bcdf2a":["BfV-Gutachten zur AfD: Verfassungsfeinde? Herrschaften, schaut in den Spiegel!"],"original_link":["https:\/\/de.rt.com\/meinung\/243955-bfv-gutachten-zur-afd-verfassungsfeinde\/"],"_thumbnail_id":["83109"],"jnews_social_counter_last_update":["1777156140"],"_wptgpro_p2tg_sent2tg":["a:1:{i:23737;s:19:\"2025-05-02 18:46:21\";}"]},"categories":[19,23],"tags":[3815,64680,48,64681,29123,13131,33002,581],"yoast_head":"<!-- This site is optimized with the Yoast SEO Premium plugin v22.7 (Yoast SEO v22.7) - https:\/\/yoast.com\/wordpress\/plugins\/seo\/ -->\n<title>BfV-Gutachten zur AfD: Verfassungsfeinde? Herrschaften, schaut in den Spiegel! - just-now.NEWS Deutschland<\/title>\n<meta name=\"robots\" content=\"index, follow, max-snippet:-1, max-image-preview:large, max-video-preview:-1\" \/>\n<link rel=\"canonical\" href=\"https:\/\/now-news.de\/de\/deutschland\/bfv-gutachten-zur-afd-verfassungsfeinde-herrschaften-schaut-in-den-spiegel\/\" \/>\n<meta property=\"og:locale\" content=\"de_DE\" \/>\n<meta property=\"og:type\" content=\"article\" \/>\n<meta property=\"og:title\" content=\"BfV-Gutachten zur AfD: Verfassungsfeinde? Herrschaften, schaut in den Spiegel!\" \/>\n<meta property=\"og:description\" content=\"Man hat der deutschen Juristerei den Hegel gr\u00fcndlich ausgetrieben. Da rutschen alle Begriffe durcheinander: Wort und Tat, Gedanke und Handlung, Bev\u00f6lkerung und Staatsvolk, \u00fcberall, wo es knifflig wird, wo man klare Begriffe braucht, gibt es nur noch Pampe. Von Dagmar Henn Das ist wirklich keine \u00dcberraschung, insbesondere nicht, nachdem die AfD in einer Reihe von [&hellip;]\" \/>\n<meta property=\"og:url\" content=\"https:\/\/now-news.de\/de\/deutschland\/bfv-gutachten-zur-afd-verfassungsfeinde-herrschaften-schaut-in-den-spiegel\/\" \/>\n<meta property=\"og:site_name\" content=\"just-now.NEWS Deutschland\" \/>\n<meta property=\"article:publisher\" content=\"https:\/\/www.facebook.com\/wirmachenauf\" \/>\n<meta property=\"article:published_time\" content=\"2025-05-02T16:15:30+00:00\" \/>\n<meta property=\"og:image\" content=\"https:\/\/now-news.de\/de\/wp-content\/uploads\/sites\/3\/2025\/05\/6814ce7d48fbef4dd044d676.jpg\" \/>\n<meta name=\"author\" content=\"rtnews\" \/>\n<meta name=\"twitter:card\" content=\"summary_large_image\" \/>\n<meta name=\"twitter:creator\" content=\"@WirMachenAuf_de\" \/>\n<meta name=\"twitter:site\" content=\"@WirMachenAuf_de\" \/>\n<meta name=\"twitter:label1\" content=\"Verfasst von\" \/>\n\t<meta name=\"twitter:data1\" content=\"rtnews\" \/>\n\t<meta name=\"twitter:label2\" content=\"Gesch\u00e4tzte Lesezeit\" \/>\n\t<meta name=\"twitter:data2\" content=\"12\u00a0Minuten\" \/>\n<script type=\"application\/ld+json\" class=\"yoast-schema-graph\">{\"@context\":\"https:\/\/schema.org\",\"@graph\":[{\"@type\":\"Article\",\"@id\":\"https:\/\/now-news.de\/de\/deutschland\/bfv-gutachten-zur-afd-verfassungsfeinde-herrschaften-schaut-in-den-spiegel\/#article\",\"isPartOf\":{\"@id\":\"https:\/\/now-news.de\/de\/deutschland\/bfv-gutachten-zur-afd-verfassungsfeinde-herrschaften-schaut-in-den-spiegel\/\"},\"author\":{\"name\":\"rtnews\",\"@id\":\"https:\/\/now-news.de\/de\/#\/schema\/person\/fb534a4e865501d8b3285208df34a9b5\"},\"headline\":\"BfV-Gutachten zur AfD: Verfassungsfeinde? Herrschaften, schaut in den Spiegel!\",\"datePublished\":\"2025-05-02T16:15:30+00:00\",\"dateModified\":\"2025-05-02T16:15:30+00:00\",\"mainEntityOfPage\":{\"@id\":\"https:\/\/now-news.de\/de\/deutschland\/bfv-gutachten-zur-afd-verfassungsfeinde-herrschaften-schaut-in-den-spiegel\/\"},\"wordCount\":2334,\"commentCount\":0,\"publisher\":{\"@id\":\"https:\/\/now-news.de\/de\/#organization\"},\"image\":{\"@id\":\"https:\/\/now-news.de\/de\/deutschland\/bfv-gutachten-zur-afd-verfassungsfeinde-herrschaften-schaut-in-den-spiegel\/#primaryimage\"},\"thumbnailUrl\":\"https:\/\/now-news.de\/de\/wp-content\/uploads\/sites\/3\/2025\/05\/BfV-Gutachten-zur-AfD-Verfassungsfeinde-Herrschaften-schaut-in-den-Spiegel.jpg\",\"keywords\":[\"AfD\",\"BfVGutachten\",\"den\",\"Herrschaften\",\"Schaut\",\"spiegel\",\"Verfassungsfeinde\",\"zur\"],\"articleSection\":[\"Deutschland\",\"Russland\"],\"inLanguage\":\"de\",\"potentialAction\":[{\"@type\":\"CommentAction\",\"name\":\"Comment\",\"target\":[\"https:\/\/now-news.de\/de\/deutschland\/bfv-gutachten-zur-afd-verfassungsfeinde-herrschaften-schaut-in-den-spiegel\/#respond\"]}]},{\"@type\":\"WebPage\",\"@id\":\"https:\/\/now-news.de\/de\/deutschland\/bfv-gutachten-zur-afd-verfassungsfeinde-herrschaften-schaut-in-den-spiegel\/\",\"url\":\"https:\/\/now-news.de\/de\/deutschland\/bfv-gutachten-zur-afd-verfassungsfeinde-herrschaften-schaut-in-den-spiegel\/\",\"name\":\"BfV-Gutachten zur AfD: Verfassungsfeinde? Herrschaften, schaut in den Spiegel! - just-now.NEWS Deutschland\",\"isPartOf\":{\"@id\":\"https:\/\/now-news.de\/de\/#website\"},\"primaryImageOfPage\":{\"@id\":\"https:\/\/now-news.de\/de\/deutschland\/bfv-gutachten-zur-afd-verfassungsfeinde-herrschaften-schaut-in-den-spiegel\/#primaryimage\"},\"image\":{\"@id\":\"https:\/\/now-news.de\/de\/deutschland\/bfv-gutachten-zur-afd-verfassungsfeinde-herrschaften-schaut-in-den-spiegel\/#primaryimage\"},\"thumbnailUrl\":\"https:\/\/now-news.de\/de\/wp-content\/uploads\/sites\/3\/2025\/05\/BfV-Gutachten-zur-AfD-Verfassungsfeinde-Herrschaften-schaut-in-den-Spiegel.jpg\",\"datePublished\":\"2025-05-02T16:15:30+00:00\",\"dateModified\":\"2025-05-02T16:15:30+00:00\",\"breadcrumb\":{\"@id\":\"https:\/\/now-news.de\/de\/deutschland\/bfv-gutachten-zur-afd-verfassungsfeinde-herrschaften-schaut-in-den-spiegel\/#breadcrumb\"},\"inLanguage\":\"de\",\"potentialAction\":[{\"@type\":\"ReadAction\",\"target\":[\"https:\/\/now-news.de\/de\/deutschland\/bfv-gutachten-zur-afd-verfassungsfeinde-herrschaften-schaut-in-den-spiegel\/\"]}]},{\"@type\":\"ImageObject\",\"inLanguage\":\"de\",\"@id\":\"https:\/\/now-news.de\/de\/deutschland\/bfv-gutachten-zur-afd-verfassungsfeinde-herrschaften-schaut-in-den-spiegel\/#primaryimage\",\"url\":\"https:\/\/now-news.de\/de\/wp-content\/uploads\/sites\/3\/2025\/05\/BfV-Gutachten-zur-AfD-Verfassungsfeinde-Herrschaften-schaut-in-den-Spiegel.jpg\",\"contentUrl\":\"https:\/\/now-news.de\/de\/wp-content\/uploads\/sites\/3\/2025\/05\/BfV-Gutachten-zur-AfD-Verfassungsfeinde-Herrschaften-schaut-in-den-Spiegel.jpg\",\"width\":460,\"height\":259,\"caption\":\"BfV-Gutachten zur AfD: Verfassungsfeinde? Herrschaften, schaut in den Spiegel!\"},{\"@type\":\"BreadcrumbList\",\"@id\":\"https:\/\/now-news.de\/de\/deutschland\/bfv-gutachten-zur-afd-verfassungsfeinde-herrschaften-schaut-in-den-spiegel\/#breadcrumb\",\"itemListElement\":[{\"@type\":\"ListItem\",\"position\":1,\"name\":\"Home\",\"item\":\"https:\/\/now-news.de\/de\/\"},{\"@type\":\"ListItem\",\"position\":2,\"name\":\"BfV-Gutachten zur AfD: Verfassungsfeinde? Herrschaften, schaut in den Spiegel!\"}]},{\"@type\":\"WebSite\",\"@id\":\"https:\/\/now-news.de\/de\/#website\",\"url\":\"https:\/\/now-news.de\/de\/\",\"name\":\"just-now.NEWS Deutschland\",\"description\":\"Das Portal f\u00fcr unzensierte Nachrichten aus der Welt\",\"publisher\":{\"@id\":\"https:\/\/now-news.de\/de\/#organization\"},\"potentialAction\":[{\"@type\":\"SearchAction\",\"target\":{\"@type\":\"EntryPoint\",\"urlTemplate\":\"https:\/\/now-news.de\/de\/?s={search_term_string}\"},\"query-input\":\"required name=search_term_string\"}],\"inLanguage\":\"de\"},{\"@type\":\"Organization\",\"@id\":\"https:\/\/now-news.de\/de\/#organization\",\"name\":\"Just Now News\",\"url\":\"https:\/\/now-news.de\/de\/\",\"logo\":{\"@type\":\"ImageObject\",\"inLanguage\":\"de\",\"@id\":\"https:\/\/now-news.de\/de\/#\/schema\/logo\/image\/\",\"url\":\"http:\/\/just-now.news\/de\/wp-content\/uploads\/sites\/3\/2022\/04\/logo500x500.jpg\",\"contentUrl\":\"http:\/\/just-now.news\/de\/wp-content\/uploads\/sites\/3\/2022\/04\/logo500x500.jpg\",\"width\":500,\"height\":500,\"caption\":\"Just Now News\"},\"image\":{\"@id\":\"https:\/\/now-news.de\/de\/#\/schema\/logo\/image\/\"},\"sameAs\":[\"https:\/\/www.facebook.com\/wirmachenauf\",\"https:\/\/x.com\/WirMachenAuf_de\"]},{\"@type\":\"Person\",\"@id\":\"https:\/\/now-news.de\/de\/#\/schema\/person\/fb534a4e865501d8b3285208df34a9b5\",\"name\":\"rtnews\",\"image\":{\"@type\":\"ImageObject\",\"inLanguage\":\"de\",\"@id\":\"https:\/\/now-news.de\/de\/#\/schema\/person\/image\/\",\"url\":\"https:\/\/secure.gravatar.com\/avatar\/82aafea7d8127119dd649515f56e2117?s=96&d=mm&r=g\",\"contentUrl\":\"https:\/\/secure.gravatar.com\/avatar\/82aafea7d8127119dd649515f56e2117?s=96&d=mm&r=g\",\"caption\":\"rtnews\"},\"url\":\"https:\/\/now-news.de\/de\/author\/rnews\/\"}]}<\/script>\n<!-- \/ Yoast SEO Premium plugin. -->","yoast_head_json":{"title":"BfV-Gutachten zur AfD: Verfassungsfeinde? Herrschaften, schaut in den Spiegel! - just-now.NEWS Deutschland","robots":{"index":"index","follow":"follow","max-snippet":"max-snippet:-1","max-image-preview":"max-image-preview:large","max-video-preview":"max-video-preview:-1"},"canonical":"https:\/\/now-news.de\/de\/deutschland\/bfv-gutachten-zur-afd-verfassungsfeinde-herrschaften-schaut-in-den-spiegel\/","og_locale":"de_DE","og_type":"article","og_title":"BfV-Gutachten zur AfD: Verfassungsfeinde? Herrschaften, schaut in den Spiegel!","og_description":"Man hat der deutschen Juristerei den Hegel gr\u00fcndlich ausgetrieben. Da rutschen alle Begriffe durcheinander: Wort und Tat, Gedanke und Handlung, Bev\u00f6lkerung und Staatsvolk, \u00fcberall, wo es knifflig wird, wo man klare Begriffe braucht, gibt es nur noch Pampe. Von Dagmar Henn Das ist wirklich keine \u00dcberraschung, insbesondere nicht, nachdem die AfD in einer Reihe von [&hellip;]","og_url":"https:\/\/now-news.de\/de\/deutschland\/bfv-gutachten-zur-afd-verfassungsfeinde-herrschaften-schaut-in-den-spiegel\/","og_site_name":"just-now.NEWS Deutschland","article_publisher":"https:\/\/www.facebook.com\/wirmachenauf","article_published_time":"2025-05-02T16:15:30+00:00","og_image":[{"url":"https:\/\/now-news.de\/de\/wp-content\/uploads\/sites\/3\/2025\/05\/6814ce7d48fbef4dd044d676.jpg"}],"author":"rtnews","twitter_card":"summary_large_image","twitter_creator":"@WirMachenAuf_de","twitter_site":"@WirMachenAuf_de","twitter_misc":{"Verfasst von":"rtnews","Gesch\u00e4tzte Lesezeit":"12\u00a0Minuten"},"schema":{"@context":"https:\/\/schema.org","@graph":[{"@type":"Article","@id":"https:\/\/now-news.de\/de\/deutschland\/bfv-gutachten-zur-afd-verfassungsfeinde-herrschaften-schaut-in-den-spiegel\/#article","isPartOf":{"@id":"https:\/\/now-news.de\/de\/deutschland\/bfv-gutachten-zur-afd-verfassungsfeinde-herrschaften-schaut-in-den-spiegel\/"},"author":{"name":"rtnews","@id":"https:\/\/now-news.de\/de\/#\/schema\/person\/fb534a4e865501d8b3285208df34a9b5"},"headline":"BfV-Gutachten zur AfD: Verfassungsfeinde? Herrschaften, schaut in den Spiegel!","datePublished":"2025-05-02T16:15:30+00:00","dateModified":"2025-05-02T16:15:30+00:00","mainEntityOfPage":{"@id":"https:\/\/now-news.de\/de\/deutschland\/bfv-gutachten-zur-afd-verfassungsfeinde-herrschaften-schaut-in-den-spiegel\/"},"wordCount":2334,"commentCount":0,"publisher":{"@id":"https:\/\/now-news.de\/de\/#organization"},"image":{"@id":"https:\/\/now-news.de\/de\/deutschland\/bfv-gutachten-zur-afd-verfassungsfeinde-herrschaften-schaut-in-den-spiegel\/#primaryimage"},"thumbnailUrl":"https:\/\/now-news.de\/de\/wp-content\/uploads\/sites\/3\/2025\/05\/BfV-Gutachten-zur-AfD-Verfassungsfeinde-Herrschaften-schaut-in-den-Spiegel.jpg","keywords":["AfD","BfVGutachten","den","Herrschaften","Schaut","spiegel","Verfassungsfeinde","zur"],"articleSection":["Deutschland","Russland"],"inLanguage":"de","potentialAction":[{"@type":"CommentAction","name":"Comment","target":["https:\/\/now-news.de\/de\/deutschland\/bfv-gutachten-zur-afd-verfassungsfeinde-herrschaften-schaut-in-den-spiegel\/#respond"]}]},{"@type":"WebPage","@id":"https:\/\/now-news.de\/de\/deutschland\/bfv-gutachten-zur-afd-verfassungsfeinde-herrschaften-schaut-in-den-spiegel\/","url":"https:\/\/now-news.de\/de\/deutschland\/bfv-gutachten-zur-afd-verfassungsfeinde-herrschaften-schaut-in-den-spiegel\/","name":"BfV-Gutachten zur AfD: Verfassungsfeinde? Herrschaften, schaut in den Spiegel! - just-now.NEWS Deutschland","isPartOf":{"@id":"https:\/\/now-news.de\/de\/#website"},"primaryImageOfPage":{"@id":"https:\/\/now-news.de\/de\/deutschland\/bfv-gutachten-zur-afd-verfassungsfeinde-herrschaften-schaut-in-den-spiegel\/#primaryimage"},"image":{"@id":"https:\/\/now-news.de\/de\/deutschland\/bfv-gutachten-zur-afd-verfassungsfeinde-herrschaften-schaut-in-den-spiegel\/#primaryimage"},"thumbnailUrl":"https:\/\/now-news.de\/de\/wp-content\/uploads\/sites\/3\/2025\/05\/BfV-Gutachten-zur-AfD-Verfassungsfeinde-Herrschaften-schaut-in-den-Spiegel.jpg","datePublished":"2025-05-02T16:15:30+00:00","dateModified":"2025-05-02T16:15:30+00:00","breadcrumb":{"@id":"https:\/\/now-news.de\/de\/deutschland\/bfv-gutachten-zur-afd-verfassungsfeinde-herrschaften-schaut-in-den-spiegel\/#breadcrumb"},"inLanguage":"de","potentialAction":[{"@type":"ReadAction","target":["https:\/\/now-news.de\/de\/deutschland\/bfv-gutachten-zur-afd-verfassungsfeinde-herrschaften-schaut-in-den-spiegel\/"]}]},{"@type":"ImageObject","inLanguage":"de","@id":"https:\/\/now-news.de\/de\/deutschland\/bfv-gutachten-zur-afd-verfassungsfeinde-herrschaften-schaut-in-den-spiegel\/#primaryimage","url":"https:\/\/now-news.de\/de\/wp-content\/uploads\/sites\/3\/2025\/05\/BfV-Gutachten-zur-AfD-Verfassungsfeinde-Herrschaften-schaut-in-den-Spiegel.jpg","contentUrl":"https:\/\/now-news.de\/de\/wp-content\/uploads\/sites\/3\/2025\/05\/BfV-Gutachten-zur-AfD-Verfassungsfeinde-Herrschaften-schaut-in-den-Spiegel.jpg","width":460,"height":259,"caption":"BfV-Gutachten zur AfD: Verfassungsfeinde? Herrschaften, schaut in den Spiegel!"},{"@type":"BreadcrumbList","@id":"https:\/\/now-news.de\/de\/deutschland\/bfv-gutachten-zur-afd-verfassungsfeinde-herrschaften-schaut-in-den-spiegel\/#breadcrumb","itemListElement":[{"@type":"ListItem","position":1,"name":"Home","item":"https:\/\/now-news.de\/de\/"},{"@type":"ListItem","position":2,"name":"BfV-Gutachten zur AfD: Verfassungsfeinde? Herrschaften, schaut in den Spiegel!"}]},{"@type":"WebSite","@id":"https:\/\/now-news.de\/de\/#website","url":"https:\/\/now-news.de\/de\/","name":"just-now.NEWS Deutschland","description":"Das Portal f\u00fcr unzensierte Nachrichten aus der Welt","publisher":{"@id":"https:\/\/now-news.de\/de\/#organization"},"potentialAction":[{"@type":"SearchAction","target":{"@type":"EntryPoint","urlTemplate":"https:\/\/now-news.de\/de\/?s={search_term_string}"},"query-input":"required name=search_term_string"}],"inLanguage":"de"},{"@type":"Organization","@id":"https:\/\/now-news.de\/de\/#organization","name":"Just Now News","url":"https:\/\/now-news.de\/de\/","logo":{"@type":"ImageObject","inLanguage":"de","@id":"https:\/\/now-news.de\/de\/#\/schema\/logo\/image\/","url":"http:\/\/just-now.news\/de\/wp-content\/uploads\/sites\/3\/2022\/04\/logo500x500.jpg","contentUrl":"http:\/\/just-now.news\/de\/wp-content\/uploads\/sites\/3\/2022\/04\/logo500x500.jpg","width":500,"height":500,"caption":"Just Now News"},"image":{"@id":"https:\/\/now-news.de\/de\/#\/schema\/logo\/image\/"},"sameAs":["https:\/\/www.facebook.com\/wirmachenauf","https:\/\/x.com\/WirMachenAuf_de"]},{"@type":"Person","@id":"https:\/\/now-news.de\/de\/#\/schema\/person\/fb534a4e865501d8b3285208df34a9b5","name":"rtnews","image":{"@type":"ImageObject","inLanguage":"de","@id":"https:\/\/now-news.de\/de\/#\/schema\/person\/image\/","url":"https:\/\/secure.gravatar.com\/avatar\/82aafea7d8127119dd649515f56e2117?s=96&d=mm&r=g","contentUrl":"https:\/\/secure.gravatar.com\/avatar\/82aafea7d8127119dd649515f56e2117?s=96&d=mm&r=g","caption":"rtnews"},"url":"https:\/\/now-news.de\/de\/author\/rnews\/"}]}},"_links":{"self":[{"href":"https:\/\/now-news.de\/de\/wp-json\/wp\/v2\/posts\/83108"}],"collection":[{"href":"https:\/\/now-news.de\/de\/wp-json\/wp\/v2\/posts"}],"about":[{"href":"https:\/\/now-news.de\/de\/wp-json\/wp\/v2\/types\/post"}],"author":[{"embeddable":true,"href":"https:\/\/now-news.de\/de\/wp-json\/wp\/v2\/users\/3"}],"replies":[{"embeddable":true,"href":"https:\/\/now-news.de\/de\/wp-json\/wp\/v2\/comments?post=83108"}],"version-history":[{"count":0,"href":"https:\/\/now-news.de\/de\/wp-json\/wp\/v2\/posts\/83108\/revisions"}],"wp:featuredmedia":[{"embeddable":true,"href":"https:\/\/now-news.de\/de\/wp-json\/wp\/v2\/media\/83109"}],"wp:attachment":[{"href":"https:\/\/now-news.de\/de\/wp-json\/wp\/v2\/media?parent=83108"}],"wp:term":[{"taxonomy":"category","embeddable":true,"href":"https:\/\/now-news.de\/de\/wp-json\/wp\/v2\/categories?post=83108"},{"taxonomy":"post_tag","embeddable":true,"href":"https:\/\/now-news.de\/de\/wp-json\/wp\/v2\/tags?post=83108"}],"curies":[{"name":"wp","href":"https:\/\/api.w.org\/{rel}","templated":true}]}}