{"id":83102,"date":"2025-05-02T17:22:23","date_gmt":"2025-05-02T15:22:23","guid":{"rendered":"https:\/\/now-news.de\/de\/deutschland\/afd-kuendigt-juristische-schritte-gegen-einstufung-als-gesichert-rechtsextremistisch-an\/"},"modified":"2025-05-02T17:22:23","modified_gmt":"2025-05-02T15:22:23","slug":"afd-kuendigt-juristische-schritte-gegen-einstufung-als-gesichert-rechtsextremistisch-an","status":"publish","type":"post","link":"https:\/\/now-news.de\/de\/deutschland\/afd-kuendigt-juristische-schritte-gegen-einstufung-als-gesichert-rechtsextremistisch-an\/","title":{"rendered":"AfD k\u00fcndigt juristische Schritte gegen Einstufung als &quot;gesichert rechtsextremistisch&quot; an"},"content":{"rendered":"<p><img decoding=\"async\" src=\"https:\/\/now-news.de\/de\/wp-content\/uploads\/sites\/3\/2025\/05\/6814ddd4b480cc3ee6756b4b.jpg\" \/><\/p>\n<div class=\"Text-root Text-type_1 \">\n                In einer ersten Reaktion auf die Erkl\u00e4rung des Bundesamtes f\u00fcr Verfassungsschutz lie\u00df das F\u00fchrungsduo der AfD, Tino Chrupalla und Alice Weidel, mitteilen, dass man sich gegen die Diffamierungen weiter juristisch zur Wehr setzen werde.\n            <\/div>\n<p><\/p>\n<div class=\"Text-root Text-type_5 ArticleView-text ViewText-root \">\n<p>Zu der Erkl\u00e4rung des Bundesamtes f\u00fcr Verfassungsschutz vom 2. Mai 2025, in der die Einstufung der AfD als &#8220;gesichert rechtsextremistisch&#8221; mitgeteilt wird, ist inzwischen eine erste offizielle Reaktion der gr\u00f6\u00dften Oppositionspartei auf deren Homepage erschienen. Darin lassen sich die AfD-Bundessprecher Alice Weidel und Tino Chrupalla wie folgt zitieren:<\/p>\n<p><em>&#8220;Die heutige Entscheidung des Verfassungsschutzes ist ein schwerer Schlag gegen die bundesdeutsche Demokratie: In aktuellen Umfragen f\u00fchrt die AfD als st\u00e4rkste Kraft. Die Bundesregierung ist nur noch vier Tage im Amt. Der Geheimdienst verf\u00fcgt noch nicht einmal mehr \u00fcber einen Pr\u00e4sidenten. Und die Einstufung als sog. &#8216;Verdachtsfall&#8217; ist nicht rechtskr\u00e4ftig abgeschlossen.\u00a0<\/em><em>Trotzdem wird die AfD als Oppositionspartei nun kurz vor dem Regierungswechsel \u00f6ffentlich diskreditiert und kriminalisiert. Der damit verbundene, zielgerichtete Eingriff in den demokratischen Willensbildungsprozess ist daher erkennbar politisch motiviert. Die AfD wird sich gegen diese demokratiegef\u00e4hrdenden Diffamierungen weiter juristisch zur Wehr setzen.&#8221;<\/em><\/p>\n<p>Der Inlandsgeheimdienst hatte am Freitag mitgeteilt, der Verdacht, dass die Partei &#8220;gegen die freiheitliche demokratische Grundordnung gerichtete Bestrebungen verfolge, habe sich best\u00e4tigt und in wesentlichen Teilen zur Gewissheit verdichtet&#8221;.\u00a0Ma\u00dfgeblich f\u00fcr die aktuell getroffene Einsch\u00e4tzung sei laut Sinan Selen und Silke Willems, den\u00a0Vizepr\u00e4sidenten der Beh\u00f6rde, dass &#8220;die \u00c4u\u00dferungen und Positionen der Partei und f\u00fchrender AfD-Vertreter gegen das Prinzip der Menschenw\u00fcrde versto\u00dfen&#8221;.\u00a0<\/p>\n<p>Die AfD war vom Bundesamt f\u00fcr Verfassungsschutz im Jahr 2019 auf Bundesebene zun\u00e4chst als sogenannter &#8220;Pr\u00fcffall&#8221; eingestuft worden. In diesem Stadium darf der Verfassungsschutz lediglich \u00f6ffentliche \u00c4u\u00dferungen von AfD-Funktion\u00e4ren sammeln und bewerten. Nach<em>\u00a0Spiegel-<\/em>Informationen hatte die Faeser-Beh\u00f6rde die seit L\u00e4ngerem angek\u00fcndigte Neubewertung der Partei in dieser Woche fertiggestellt und dem Bundesinnenministerium (BMI)\u00a0vorgelegt. Das Gutachten soll demnach &#8220;mehr als 1.100 Seiten umfassen und zahlreiche Belege enthalten, die den verfassungsfeindlichen Charakter der Partei untermauern&#8221;.<\/p>\n<p><strong>Mehr zum Thema<\/strong> \u2013 <a rel=\"nofollow noopener\" target=\"_blank\" href=\"https:\/\/freedert.online\/inland\/243921-verfassungsschutz-mitteilung-partei-afd-ist\/\">Verfassungsschutz-Mitteilung: AfD ist gesichert rechtsextremistisch<\/a><\/p>\n<div class=\"EmbedBlock-root EmbedBlock-externalVideo EmbedBlock-rumble\">\n<div class=\"VkEmbed\"><iframe class=\"lazyload\" data-src=\"https:\/\/rumble.com\/embed\/v6qobr7\" frameborder=\"0\" width=\"853\" height=\"480\" allowfullscreen><\/iframe><\/div>\n<\/div>\n<\/div>\n<p><br \/>\n<br \/><a href=\"https:\/\/de.rt.com\/inland\/243961-afd-kuendigt-juristischen-kampf-gegen-einstufung-an\/\">Source link <\/a><\/p>\n","protected":false},"excerpt":{"rendered":"<p>In einer ersten Reaktion auf die Erkl\u00e4rung des Bundesamtes f\u00fcr Verfassungsschutz lie\u00df das F\u00fchrungsduo der AfD, Tino Chrupalla und Alice Weidel, mitteilen, dass man sich gegen die Diffamierungen weiter juristisch zur Wehr setzen werde. Zu der Erkl\u00e4rung des Bundesamtes f\u00fcr Verfassungsschutz vom 2. Mai 2025, in der die Einstufung der AfD als &#8220;gesichert rechtsextremistisch&#8221; mitgeteilt [&hellip;]<\/p>\n","protected":false},"author":3,"featured_media":83103,"comment_status":"open","ping_status":"open","sticky":false,"template":"","format":"standard","meta":{"_yoast_indexnow_last_ping":["1746199519"],"wp_automatic_camp":["217"],"941f27a4cab86217ad053cc0ae0c7e9f":["AfD k\u00fcndigt juristische Schritte gegen Einstufung als &quot;gesichert rechtsextremistisch&quot; an"],"original_link":["https:\/\/de.rt.com\/inland\/243961-afd-kuendigt-juristischen-kampf-gegen-einstufung-an\/"],"_thumbnail_id":["83103"],"jnews_social_counter_last_update":["1777455934"],"_wptgpro_p2tg_sent2tg":["a:1:{i:23737;s:19:\"2025-05-02 17:26:18\";}"]},"categories":[19,23],"tags":[3815,273,10891,278,28156,4224,43517,43518,5345],"yoast_head":"<!-- This site is optimized with the Yoast SEO Premium plugin v22.7 (Yoast SEO v22.7) - https:\/\/yoast.com\/wordpress\/plugins\/seo\/ -->\n<title>AfD k\u00fcndigt juristische Schritte gegen Einstufung als &quot;gesichert rechtsextremistisch&quot; an - just-now.NEWS Deutschland<\/title>\n<meta name=\"robots\" content=\"index, follow, max-snippet:-1, max-image-preview:large, max-video-preview:-1\" \/>\n<link rel=\"canonical\" href=\"https:\/\/now-news.de\/de\/deutschland\/afd-kuendigt-juristische-schritte-gegen-einstufung-als-gesichert-rechtsextremistisch-an\/\" \/>\n<meta property=\"og:locale\" content=\"de_DE\" \/>\n<meta property=\"og:type\" content=\"article\" \/>\n<meta property=\"og:title\" content=\"AfD k\u00fcndigt juristische Schritte gegen Einstufung als &quot;gesichert rechtsextremistisch&quot; an\" \/>\n<meta property=\"og:description\" content=\"In einer ersten Reaktion auf die Erkl\u00e4rung des Bundesamtes f\u00fcr Verfassungsschutz lie\u00df das F\u00fchrungsduo der AfD, Tino Chrupalla und Alice Weidel, mitteilen, dass man sich gegen die Diffamierungen weiter juristisch zur Wehr setzen werde. Zu der Erkl\u00e4rung des Bundesamtes f\u00fcr Verfassungsschutz vom 2. Mai 2025, in der die Einstufung der AfD als &#8220;gesichert rechtsextremistisch&#8221; mitgeteilt [&hellip;]\" \/>\n<meta property=\"og:url\" content=\"https:\/\/now-news.de\/de\/deutschland\/afd-kuendigt-juristische-schritte-gegen-einstufung-als-gesichert-rechtsextremistisch-an\/\" \/>\n<meta property=\"og:site_name\" content=\"just-now.NEWS Deutschland\" \/>\n<meta property=\"article:publisher\" content=\"https:\/\/www.facebook.com\/wirmachenauf\" \/>\n<meta property=\"article:published_time\" content=\"2025-05-02T15:22:23+00:00\" \/>\n<meta property=\"og:image\" content=\"https:\/\/now-news.de\/de\/wp-content\/uploads\/sites\/3\/2025\/05\/6814ddd4b480cc3ee6756b4b.jpg\" \/>\n<meta name=\"author\" content=\"rtnews\" \/>\n<meta name=\"twitter:card\" content=\"summary_large_image\" \/>\n<meta name=\"twitter:creator\" content=\"@WirMachenAuf_de\" \/>\n<meta name=\"twitter:site\" content=\"@WirMachenAuf_de\" \/>\n<meta name=\"twitter:label1\" content=\"Verfasst von\" \/>\n\t<meta name=\"twitter:data1\" content=\"rtnews\" \/>\n\t<meta name=\"twitter:label2\" content=\"Gesch\u00e4tzte Lesezeit\" \/>\n\t<meta name=\"twitter:data2\" content=\"2\u00a0Minuten\" \/>\n<script type=\"application\/ld+json\" class=\"yoast-schema-graph\">{\"@context\":\"https:\/\/schema.org\",\"@graph\":[{\"@type\":\"Article\",\"@id\":\"https:\/\/now-news.de\/de\/deutschland\/afd-kuendigt-juristische-schritte-gegen-einstufung-als-gesichert-rechtsextremistisch-an\/#article\",\"isPartOf\":{\"@id\":\"https:\/\/now-news.de\/de\/deutschland\/afd-kuendigt-juristische-schritte-gegen-einstufung-als-gesichert-rechtsextremistisch-an\/\"},\"author\":{\"name\":\"rtnews\",\"@id\":\"https:\/\/now-news.de\/de\/#\/schema\/person\/fb534a4e865501d8b3285208df34a9b5\"},\"headline\":\"AfD k\u00fcndigt juristische Schritte gegen Einstufung als &quot;gesichert rechtsextremistisch&quot; an\",\"datePublished\":\"2025-05-02T15:22:23+00:00\",\"dateModified\":\"2025-05-02T15:22:23+00:00\",\"mainEntityOfPage\":{\"@id\":\"https:\/\/now-news.de\/de\/deutschland\/afd-kuendigt-juristische-schritte-gegen-einstufung-als-gesichert-rechtsextremistisch-an\/\"},\"wordCount\":360,\"commentCount\":0,\"publisher\":{\"@id\":\"https:\/\/now-news.de\/de\/#organization\"},\"image\":{\"@id\":\"https:\/\/now-news.de\/de\/deutschland\/afd-kuendigt-juristische-schritte-gegen-einstufung-als-gesichert-rechtsextremistisch-an\/#primaryimage\"},\"thumbnailUrl\":\"https:\/\/now-news.de\/de\/wp-content\/uploads\/sites\/3\/2025\/05\/AfD-kuendigt-juristische-Schritte-gegen-Einstufung-als-quotgesichert-rechtsextremistischquot-an.jpg\",\"keywords\":[\"AfD\",\"als\",\"Einstufung\",\"gegen\",\"juristische\",\"k\u00fcndigt\",\"quotGesichert\",\"rechtsextremistischquot\",\"Schritte\"],\"articleSection\":[\"Deutschland\",\"Russland\"],\"inLanguage\":\"de\",\"potentialAction\":[{\"@type\":\"CommentAction\",\"name\":\"Comment\",\"target\":[\"https:\/\/now-news.de\/de\/deutschland\/afd-kuendigt-juristische-schritte-gegen-einstufung-als-gesichert-rechtsextremistisch-an\/#respond\"]}]},{\"@type\":\"WebPage\",\"@id\":\"https:\/\/now-news.de\/de\/deutschland\/afd-kuendigt-juristische-schritte-gegen-einstufung-als-gesichert-rechtsextremistisch-an\/\",\"url\":\"https:\/\/now-news.de\/de\/deutschland\/afd-kuendigt-juristische-schritte-gegen-einstufung-als-gesichert-rechtsextremistisch-an\/\",\"name\":\"AfD k\u00fcndigt juristische Schritte gegen Einstufung als &quot;gesichert rechtsextremistisch&quot; an - just-now.NEWS Deutschland\",\"isPartOf\":{\"@id\":\"https:\/\/now-news.de\/de\/#website\"},\"primaryImageOfPage\":{\"@id\":\"https:\/\/now-news.de\/de\/deutschland\/afd-kuendigt-juristische-schritte-gegen-einstufung-als-gesichert-rechtsextremistisch-an\/#primaryimage\"},\"image\":{\"@id\":\"https:\/\/now-news.de\/de\/deutschland\/afd-kuendigt-juristische-schritte-gegen-einstufung-als-gesichert-rechtsextremistisch-an\/#primaryimage\"},\"thumbnailUrl\":\"https:\/\/now-news.de\/de\/wp-content\/uploads\/sites\/3\/2025\/05\/AfD-kuendigt-juristische-Schritte-gegen-Einstufung-als-quotgesichert-rechtsextremistischquot-an.jpg\",\"datePublished\":\"2025-05-02T15:22:23+00:00\",\"dateModified\":\"2025-05-02T15:22:23+00:00\",\"breadcrumb\":{\"@id\":\"https:\/\/now-news.de\/de\/deutschland\/afd-kuendigt-juristische-schritte-gegen-einstufung-als-gesichert-rechtsextremistisch-an\/#breadcrumb\"},\"inLanguage\":\"de\",\"potentialAction\":[{\"@type\":\"ReadAction\",\"target\":[\"https:\/\/now-news.de\/de\/deutschland\/afd-kuendigt-juristische-schritte-gegen-einstufung-als-gesichert-rechtsextremistisch-an\/\"]}]},{\"@type\":\"ImageObject\",\"inLanguage\":\"de\",\"@id\":\"https:\/\/now-news.de\/de\/deutschland\/afd-kuendigt-juristische-schritte-gegen-einstufung-als-gesichert-rechtsextremistisch-an\/#primaryimage\",\"url\":\"https:\/\/now-news.de\/de\/wp-content\/uploads\/sites\/3\/2025\/05\/AfD-kuendigt-juristische-Schritte-gegen-Einstufung-als-quotgesichert-rechtsextremistischquot-an.jpg\",\"contentUrl\":\"https:\/\/now-news.de\/de\/wp-content\/uploads\/sites\/3\/2025\/05\/AfD-kuendigt-juristische-Schritte-gegen-Einstufung-als-quotgesichert-rechtsextremistischquot-an.jpg\",\"width\":460,\"height\":259,\"caption\":\"AfD k\u00fcndigt juristische Schritte gegen Einstufung als &quot;gesichert rechtsextremistisch&quot; an\"},{\"@type\":\"BreadcrumbList\",\"@id\":\"https:\/\/now-news.de\/de\/deutschland\/afd-kuendigt-juristische-schritte-gegen-einstufung-als-gesichert-rechtsextremistisch-an\/#breadcrumb\",\"itemListElement\":[{\"@type\":\"ListItem\",\"position\":1,\"name\":\"Home\",\"item\":\"https:\/\/now-news.de\/de\/\"},{\"@type\":\"ListItem\",\"position\":2,\"name\":\"AfD k\u00fcndigt juristische Schritte gegen Einstufung als &quot;gesichert rechtsextremistisch&quot; an\"}]},{\"@type\":\"WebSite\",\"@id\":\"https:\/\/now-news.de\/de\/#website\",\"url\":\"https:\/\/now-news.de\/de\/\",\"name\":\"just-now.NEWS Deutschland\",\"description\":\"Das Portal f\u00fcr unzensierte Nachrichten aus der Welt\",\"publisher\":{\"@id\":\"https:\/\/now-news.de\/de\/#organization\"},\"potentialAction\":[{\"@type\":\"SearchAction\",\"target\":{\"@type\":\"EntryPoint\",\"urlTemplate\":\"https:\/\/now-news.de\/de\/?s={search_term_string}\"},\"query-input\":\"required name=search_term_string\"}],\"inLanguage\":\"de\"},{\"@type\":\"Organization\",\"@id\":\"https:\/\/now-news.de\/de\/#organization\",\"name\":\"Just Now News\",\"url\":\"https:\/\/now-news.de\/de\/\",\"logo\":{\"@type\":\"ImageObject\",\"inLanguage\":\"de\",\"@id\":\"https:\/\/now-news.de\/de\/#\/schema\/logo\/image\/\",\"url\":\"http:\/\/just-now.news\/de\/wp-content\/uploads\/sites\/3\/2022\/04\/logo500x500.jpg\",\"contentUrl\":\"http:\/\/just-now.news\/de\/wp-content\/uploads\/sites\/3\/2022\/04\/logo500x500.jpg\",\"width\":500,\"height\":500,\"caption\":\"Just Now News\"},\"image\":{\"@id\":\"https:\/\/now-news.de\/de\/#\/schema\/logo\/image\/\"},\"sameAs\":[\"https:\/\/www.facebook.com\/wirmachenauf\",\"https:\/\/x.com\/WirMachenAuf_de\"]},{\"@type\":\"Person\",\"@id\":\"https:\/\/now-news.de\/de\/#\/schema\/person\/fb534a4e865501d8b3285208df34a9b5\",\"name\":\"rtnews\",\"image\":{\"@type\":\"ImageObject\",\"inLanguage\":\"de\",\"@id\":\"https:\/\/now-news.de\/de\/#\/schema\/person\/image\/\",\"url\":\"https:\/\/secure.gravatar.com\/avatar\/82aafea7d8127119dd649515f56e2117?s=96&d=mm&r=g\",\"contentUrl\":\"https:\/\/secure.gravatar.com\/avatar\/82aafea7d8127119dd649515f56e2117?s=96&d=mm&r=g\",\"caption\":\"rtnews\"},\"url\":\"https:\/\/now-news.de\/de\/author\/rnews\/\"}]}<\/script>\n<!-- \/ Yoast SEO Premium plugin. -->","yoast_head_json":{"title":"AfD k\u00fcndigt juristische Schritte gegen Einstufung als &quot;gesichert rechtsextremistisch&quot; an - just-now.NEWS Deutschland","robots":{"index":"index","follow":"follow","max-snippet":"max-snippet:-1","max-image-preview":"max-image-preview:large","max-video-preview":"max-video-preview:-1"},"canonical":"https:\/\/now-news.de\/de\/deutschland\/afd-kuendigt-juristische-schritte-gegen-einstufung-als-gesichert-rechtsextremistisch-an\/","og_locale":"de_DE","og_type":"article","og_title":"AfD k\u00fcndigt juristische Schritte gegen Einstufung als &quot;gesichert rechtsextremistisch&quot; an","og_description":"In einer ersten Reaktion auf die Erkl\u00e4rung des Bundesamtes f\u00fcr Verfassungsschutz lie\u00df das F\u00fchrungsduo der AfD, Tino Chrupalla und Alice Weidel, mitteilen, dass man sich gegen die Diffamierungen weiter juristisch zur Wehr setzen werde. Zu der Erkl\u00e4rung des Bundesamtes f\u00fcr Verfassungsschutz vom 2. Mai 2025, in der die Einstufung der AfD als &#8220;gesichert rechtsextremistisch&#8221; mitgeteilt [&hellip;]","og_url":"https:\/\/now-news.de\/de\/deutschland\/afd-kuendigt-juristische-schritte-gegen-einstufung-als-gesichert-rechtsextremistisch-an\/","og_site_name":"just-now.NEWS Deutschland","article_publisher":"https:\/\/www.facebook.com\/wirmachenauf","article_published_time":"2025-05-02T15:22:23+00:00","og_image":[{"url":"https:\/\/now-news.de\/de\/wp-content\/uploads\/sites\/3\/2025\/05\/6814ddd4b480cc3ee6756b4b.jpg"}],"author":"rtnews","twitter_card":"summary_large_image","twitter_creator":"@WirMachenAuf_de","twitter_site":"@WirMachenAuf_de","twitter_misc":{"Verfasst von":"rtnews","Gesch\u00e4tzte Lesezeit":"2\u00a0Minuten"},"schema":{"@context":"https:\/\/schema.org","@graph":[{"@type":"Article","@id":"https:\/\/now-news.de\/de\/deutschland\/afd-kuendigt-juristische-schritte-gegen-einstufung-als-gesichert-rechtsextremistisch-an\/#article","isPartOf":{"@id":"https:\/\/now-news.de\/de\/deutschland\/afd-kuendigt-juristische-schritte-gegen-einstufung-als-gesichert-rechtsextremistisch-an\/"},"author":{"name":"rtnews","@id":"https:\/\/now-news.de\/de\/#\/schema\/person\/fb534a4e865501d8b3285208df34a9b5"},"headline":"AfD k\u00fcndigt juristische Schritte gegen Einstufung als &quot;gesichert rechtsextremistisch&quot; an","datePublished":"2025-05-02T15:22:23+00:00","dateModified":"2025-05-02T15:22:23+00:00","mainEntityOfPage":{"@id":"https:\/\/now-news.de\/de\/deutschland\/afd-kuendigt-juristische-schritte-gegen-einstufung-als-gesichert-rechtsextremistisch-an\/"},"wordCount":360,"commentCount":0,"publisher":{"@id":"https:\/\/now-news.de\/de\/#organization"},"image":{"@id":"https:\/\/now-news.de\/de\/deutschland\/afd-kuendigt-juristische-schritte-gegen-einstufung-als-gesichert-rechtsextremistisch-an\/#primaryimage"},"thumbnailUrl":"https:\/\/now-news.de\/de\/wp-content\/uploads\/sites\/3\/2025\/05\/AfD-kuendigt-juristische-Schritte-gegen-Einstufung-als-quotgesichert-rechtsextremistischquot-an.jpg","keywords":["AfD","als","Einstufung","gegen","juristische","k\u00fcndigt","quotGesichert","rechtsextremistischquot","Schritte"],"articleSection":["Deutschland","Russland"],"inLanguage":"de","potentialAction":[{"@type":"CommentAction","name":"Comment","target":["https:\/\/now-news.de\/de\/deutschland\/afd-kuendigt-juristische-schritte-gegen-einstufung-als-gesichert-rechtsextremistisch-an\/#respond"]}]},{"@type":"WebPage","@id":"https:\/\/now-news.de\/de\/deutschland\/afd-kuendigt-juristische-schritte-gegen-einstufung-als-gesichert-rechtsextremistisch-an\/","url":"https:\/\/now-news.de\/de\/deutschland\/afd-kuendigt-juristische-schritte-gegen-einstufung-als-gesichert-rechtsextremistisch-an\/","name":"AfD k\u00fcndigt juristische Schritte gegen Einstufung als &quot;gesichert rechtsextremistisch&quot; an - just-now.NEWS Deutschland","isPartOf":{"@id":"https:\/\/now-news.de\/de\/#website"},"primaryImageOfPage":{"@id":"https:\/\/now-news.de\/de\/deutschland\/afd-kuendigt-juristische-schritte-gegen-einstufung-als-gesichert-rechtsextremistisch-an\/#primaryimage"},"image":{"@id":"https:\/\/now-news.de\/de\/deutschland\/afd-kuendigt-juristische-schritte-gegen-einstufung-als-gesichert-rechtsextremistisch-an\/#primaryimage"},"thumbnailUrl":"https:\/\/now-news.de\/de\/wp-content\/uploads\/sites\/3\/2025\/05\/AfD-kuendigt-juristische-Schritte-gegen-Einstufung-als-quotgesichert-rechtsextremistischquot-an.jpg","datePublished":"2025-05-02T15:22:23+00:00","dateModified":"2025-05-02T15:22:23+00:00","breadcrumb":{"@id":"https:\/\/now-news.de\/de\/deutschland\/afd-kuendigt-juristische-schritte-gegen-einstufung-als-gesichert-rechtsextremistisch-an\/#breadcrumb"},"inLanguage":"de","potentialAction":[{"@type":"ReadAction","target":["https:\/\/now-news.de\/de\/deutschland\/afd-kuendigt-juristische-schritte-gegen-einstufung-als-gesichert-rechtsextremistisch-an\/"]}]},{"@type":"ImageObject","inLanguage":"de","@id":"https:\/\/now-news.de\/de\/deutschland\/afd-kuendigt-juristische-schritte-gegen-einstufung-als-gesichert-rechtsextremistisch-an\/#primaryimage","url":"https:\/\/now-news.de\/de\/wp-content\/uploads\/sites\/3\/2025\/05\/AfD-kuendigt-juristische-Schritte-gegen-Einstufung-als-quotgesichert-rechtsextremistischquot-an.jpg","contentUrl":"https:\/\/now-news.de\/de\/wp-content\/uploads\/sites\/3\/2025\/05\/AfD-kuendigt-juristische-Schritte-gegen-Einstufung-als-quotgesichert-rechtsextremistischquot-an.jpg","width":460,"height":259,"caption":"AfD k\u00fcndigt juristische Schritte gegen Einstufung als &quot;gesichert rechtsextremistisch&quot; an"},{"@type":"BreadcrumbList","@id":"https:\/\/now-news.de\/de\/deutschland\/afd-kuendigt-juristische-schritte-gegen-einstufung-als-gesichert-rechtsextremistisch-an\/#breadcrumb","itemListElement":[{"@type":"ListItem","position":1,"name":"Home","item":"https:\/\/now-news.de\/de\/"},{"@type":"ListItem","position":2,"name":"AfD k\u00fcndigt juristische Schritte gegen Einstufung als &quot;gesichert rechtsextremistisch&quot; an"}]},{"@type":"WebSite","@id":"https:\/\/now-news.de\/de\/#website","url":"https:\/\/now-news.de\/de\/","name":"just-now.NEWS Deutschland","description":"Das Portal f\u00fcr unzensierte Nachrichten aus der Welt","publisher":{"@id":"https:\/\/now-news.de\/de\/#organization"},"potentialAction":[{"@type":"SearchAction","target":{"@type":"EntryPoint","urlTemplate":"https:\/\/now-news.de\/de\/?s={search_term_string}"},"query-input":"required name=search_term_string"}],"inLanguage":"de"},{"@type":"Organization","@id":"https:\/\/now-news.de\/de\/#organization","name":"Just Now News","url":"https:\/\/now-news.de\/de\/","logo":{"@type":"ImageObject","inLanguage":"de","@id":"https:\/\/now-news.de\/de\/#\/schema\/logo\/image\/","url":"http:\/\/just-now.news\/de\/wp-content\/uploads\/sites\/3\/2022\/04\/logo500x500.jpg","contentUrl":"http:\/\/just-now.news\/de\/wp-content\/uploads\/sites\/3\/2022\/04\/logo500x500.jpg","width":500,"height":500,"caption":"Just Now News"},"image":{"@id":"https:\/\/now-news.de\/de\/#\/schema\/logo\/image\/"},"sameAs":["https:\/\/www.facebook.com\/wirmachenauf","https:\/\/x.com\/WirMachenAuf_de"]},{"@type":"Person","@id":"https:\/\/now-news.de\/de\/#\/schema\/person\/fb534a4e865501d8b3285208df34a9b5","name":"rtnews","image":{"@type":"ImageObject","inLanguage":"de","@id":"https:\/\/now-news.de\/de\/#\/schema\/person\/image\/","url":"https:\/\/secure.gravatar.com\/avatar\/82aafea7d8127119dd649515f56e2117?s=96&d=mm&r=g","contentUrl":"https:\/\/secure.gravatar.com\/avatar\/82aafea7d8127119dd649515f56e2117?s=96&d=mm&r=g","caption":"rtnews"},"url":"https:\/\/now-news.de\/de\/author\/rnews\/"}]}},"_links":{"self":[{"href":"https:\/\/now-news.de\/de\/wp-json\/wp\/v2\/posts\/83102"}],"collection":[{"href":"https:\/\/now-news.de\/de\/wp-json\/wp\/v2\/posts"}],"about":[{"href":"https:\/\/now-news.de\/de\/wp-json\/wp\/v2\/types\/post"}],"author":[{"embeddable":true,"href":"https:\/\/now-news.de\/de\/wp-json\/wp\/v2\/users\/3"}],"replies":[{"embeddable":true,"href":"https:\/\/now-news.de\/de\/wp-json\/wp\/v2\/comments?post=83102"}],"version-history":[{"count":0,"href":"https:\/\/now-news.de\/de\/wp-json\/wp\/v2\/posts\/83102\/revisions"}],"wp:featuredmedia":[{"embeddable":true,"href":"https:\/\/now-news.de\/de\/wp-json\/wp\/v2\/media\/83103"}],"wp:attachment":[{"href":"https:\/\/now-news.de\/de\/wp-json\/wp\/v2\/media?parent=83102"}],"wp:term":[{"taxonomy":"category","embeddable":true,"href":"https:\/\/now-news.de\/de\/wp-json\/wp\/v2\/categories?post=83102"},{"taxonomy":"post_tag","embeddable":true,"href":"https:\/\/now-news.de\/de\/wp-json\/wp\/v2\/tags?post=83102"}],"curies":[{"name":"wp","href":"https:\/\/api.w.org\/{rel}","templated":true}]}}