{"id":83086,"date":"2025-05-02T11:00:58","date_gmt":"2025-05-02T09:00:58","guid":{"rendered":"https:\/\/now-news.de\/de\/deutschland\/freie-presse-soll-ausgeschaltet-werden-%e2%80%92-britischer-moderator-ueber-rt-journalistenverbot\/"},"modified":"2025-05-02T11:00:58","modified_gmt":"2025-05-02T09:00:58","slug":"freie-presse-soll-ausgeschaltet-werden-%e2%80%92-britischer-moderator-ueber-rt-journalistenverbot","status":"publish","type":"post","link":"https:\/\/now-news.de\/de\/deutschland\/freie-presse-soll-ausgeschaltet-werden-%e2%80%92-britischer-moderator-ueber-rt-journalistenverbot\/","title":{"rendered":"Freie Presse soll ausgeschaltet werden \u2012 Britischer Moderator \u00fcber RT-Journalistenverbot"},"content":{"rendered":"<p><img decoding=\"async\" src=\"https:\/\/now-news.de\/de\/wp-content\/uploads\/sites\/3\/2025\/05\/681481c9b480cc7f48135692.JPG\" \/><\/p>\n<div class=\"Text-root Text-type_1 \">\n                Der britische Journalist und &#8220;Going Underground&#8221;-Moderator Afshin Rattansi wurde von RT zur Abschiebung des RT-Korrespondenten Chay Bowes befragt. Im RT-Interview erkl\u00e4rte er: In europ\u00e4ischen NATO-Staaten gibt es weder Demokratie noch eine freie Presse. Es herrscht dort Totalitarismus.\n            <\/div>\n<p><\/p>\n<div class=\"Text-root Text-type_5 ArticleView-text ViewText-root \">\n<p>In einem Interview wurde der britische Journalist und <em>Going Underground<\/em>-Moderator Afshin Rattansi am Donnerstag von <em>RT<\/em> gebeten, sich zur Abschiebung des irischen\u00a0<em>RT<\/em>-Korrespondenten Chay Bowes aus Rum\u00e4nien zu \u00e4u\u00dfern. Chay Bowes war bei seiner Ankunft in Bukarest festgenommen worden, nachdem er dorthin gereist war, um \u00fcber die rum\u00e4nischen Pr\u00e4sidentschaftswahlen zu berichten.<\/p>\n<p>Bei der bevorstehenden Wahl handelt es sich um eine Wahlwiederholung. Die letztj\u00e4hrige Wahl wurde nach einem \u00dcberraschungssieg des rechtspopulistischen NATO-Skeptikers Calin Georgescu, der als unabh\u00e4ngiger Kandidat antrat, f\u00fcr ung\u00fcltig erkl\u00e4rt. Im Interview mit <em>RT<\/em> erkl\u00e4rte der britische Journalist: &#8220;Bowes&#8217; Verhaftung und Abschiebung werfen ein Schlaglicht auf den Totalitarismus in Westeuropa.&#8221;<\/p>\n<blockquote>\n<p><em>&#8220;Tatsache ist: Es gibt keine Demokratie in diesen NATO-Staaten, weil es keine freie Presse gibt. Es gibt keinen freien Journalismus.&#8221;<\/em><\/p>\n<\/blockquote>\n<p>Die Angriffe auf die Presse dienten dazu, den Zugang der W\u00e4hler zu Informationen zu kontrollieren. Rattansi erl\u00e4uterte: &#8220;Die Bedeutung der Europ\u00e4ischen Union und Gro\u00dfbritanniens bei der Unterdr\u00fcckung des Journalismus liegt darin, zu verhindern, dass ihre B\u00fcrger die Themen verstehen, damit sie nicht mit einer aufgekl\u00e4rten Meinung ihre Stimme abgeben k\u00f6nnen.&#8221;<\/p>\n<p>In Russland seien westliche Medienunternehmen wie die <em>BBC<\/em> und <em>Sky News<\/em> erlaubt, so der britische Journalist weiter. Dagegen wolle man freie Journalisten im Westen ausschalten. Wortw\u00f6rtlich sagte Rattansi: &#8220;Sie wollen Leute wie Chay Bowes festnehmen, der f\u00fcr <em>RT<\/em> berichtet und eine Sendung auf <em>RT<\/em> hat. Sie wollen ihn festnehmen, weil sie die freie Presse ausschalten wollen.&#8221;<\/p>\n<p><strong>Mehr zum Thema<\/strong>\u00a0\u2012 <a rel=\"nofollow noopener\" target=\"_blank\" href=\"https:\/\/dert.online\/inland\/243867-redakteur-schreibt-brandbrief-ans-zdf\/\">Redakteur schreibt Brandbrief ans ZDF: ein System von arroganten Technokraten<\/a><\/p>\n<div class=\"EmbedBlock-root EmbedBlock-externalVideo EmbedBlock-rumble\">\n<div class=\"VkEmbed\"><iframe class=\"lazyload\" data-src=\"https:\/\/rumble.com\/embed\/v6qn8eb\" frameborder=\"0\" width=\"853\" height=\"480\" allowfullscreen><\/iframe><\/div>\n<\/div>\n<\/div>\n<p><br \/>\n<br \/><a href=\"https:\/\/de.rt.com\/europa\/243919-freie-presse-soll-ausgeschaltet-werden\/\">Source link <\/a><\/p>\n","protected":false},"excerpt":{"rendered":"<p>Der britische Journalist und &#8220;Going Underground&#8221;-Moderator Afshin Rattansi wurde von RT zur Abschiebung des RT-Korrespondenten Chay Bowes befragt. Im RT-Interview erkl\u00e4rte er: In europ\u00e4ischen NATO-Staaten gibt es weder Demokratie noch eine freie Presse. Es herrscht dort Totalitarismus. In einem Interview wurde der britische Journalist und Going Underground-Moderator Afshin Rattansi am Donnerstag von RT gebeten, sich [&hellip;]<\/p>\n","protected":false},"author":3,"featured_media":83087,"comment_status":"open","ping_status":"open","sticky":false,"template":"","format":"standard","meta":{"_yoast_indexnow_last_ping":["1746177382"],"wp_automatic_camp":["217"],"8987bff4d055e7890ed805662d7b10c5":["Freie Presse soll ausgeschaltet werden \u2012 Britischer Moderator \u00fcber RT-Journalistenverbot"],"original_link":["https:\/\/de.rt.com\/europa\/243919-freie-presse-soll-ausgeschaltet-werden\/"],"_thumbnail_id":["83087"],"jnews_social_counter_last_update":["1777403187"],"_wptgpro_p2tg_sent2tg":["a:1:{i:23737;s:19:\"2025-05-02 11:17:23\";}"]},"categories":[19,23],"tags":[64668,1085,20482,25385,3359,64669,766,139,1040],"yoast_head":"<!-- This site is optimized with the Yoast SEO Premium plugin v22.7 (Yoast SEO v22.7) - https:\/\/yoast.com\/wordpress\/plugins\/seo\/ -->\n<title>Freie Presse soll ausgeschaltet werden \u2012 Britischer Moderator \u00fcber RT-Journalistenverbot - just-now.NEWS Deutschland<\/title>\n<meta name=\"robots\" content=\"index, follow, max-snippet:-1, max-image-preview:large, max-video-preview:-1\" \/>\n<link rel=\"canonical\" href=\"https:\/\/now-news.de\/de\/deutschland\/freie-presse-soll-ausgeschaltet-werden-\u2012-britischer-moderator-ueber-rt-journalistenverbot\/\" \/>\n<meta property=\"og:locale\" content=\"de_DE\" \/>\n<meta property=\"og:type\" content=\"article\" \/>\n<meta property=\"og:title\" content=\"Freie Presse soll ausgeschaltet werden \u2012 Britischer Moderator \u00fcber RT-Journalistenverbot\" \/>\n<meta property=\"og:description\" content=\"Der britische Journalist und &#8220;Going Underground&#8221;-Moderator Afshin Rattansi wurde von RT zur Abschiebung des RT-Korrespondenten Chay Bowes befragt. Im RT-Interview erkl\u00e4rte er: In europ\u00e4ischen NATO-Staaten gibt es weder Demokratie noch eine freie Presse. Es herrscht dort Totalitarismus. In einem Interview wurde der britische Journalist und Going Underground-Moderator Afshin Rattansi am Donnerstag von RT gebeten, sich [&hellip;]\" \/>\n<meta property=\"og:url\" content=\"https:\/\/now-news.de\/de\/deutschland\/freie-presse-soll-ausgeschaltet-werden-\u2012-britischer-moderator-ueber-rt-journalistenverbot\/\" \/>\n<meta property=\"og:site_name\" content=\"just-now.NEWS Deutschland\" \/>\n<meta property=\"article:publisher\" content=\"https:\/\/www.facebook.com\/wirmachenauf\" \/>\n<meta property=\"article:published_time\" content=\"2025-05-02T09:00:58+00:00\" \/>\n<meta property=\"og:image\" content=\"https:\/\/now-news.de\/de\/wp-content\/uploads\/sites\/3\/2025\/05\/681481c9b480cc7f48135692.JPG\" \/>\n<meta name=\"author\" content=\"rtnews\" \/>\n<meta name=\"twitter:card\" content=\"summary_large_image\" \/>\n<meta name=\"twitter:creator\" content=\"@WirMachenAuf_de\" \/>\n<meta name=\"twitter:site\" content=\"@WirMachenAuf_de\" \/>\n<meta name=\"twitter:label1\" content=\"Verfasst von\" \/>\n\t<meta name=\"twitter:data1\" content=\"rtnews\" \/>\n\t<meta name=\"twitter:label2\" content=\"Gesch\u00e4tzte Lesezeit\" \/>\n\t<meta name=\"twitter:data2\" content=\"2\u00a0Minuten\" \/>\n<script type=\"application\/ld+json\" class=\"yoast-schema-graph\">{\"@context\":\"https:\/\/schema.org\",\"@graph\":[{\"@type\":\"Article\",\"@id\":\"https:\/\/now-news.de\/de\/deutschland\/freie-presse-soll-ausgeschaltet-werden-%e2%80%92-britischer-moderator-ueber-rt-journalistenverbot\/#article\",\"isPartOf\":{\"@id\":\"https:\/\/now-news.de\/de\/deutschland\/freie-presse-soll-ausgeschaltet-werden-%e2%80%92-britischer-moderator-ueber-rt-journalistenverbot\/\"},\"author\":{\"name\":\"rtnews\",\"@id\":\"https:\/\/now-news.de\/de\/#\/schema\/person\/fb534a4e865501d8b3285208df34a9b5\"},\"headline\":\"Freie Presse soll ausgeschaltet werden \u2012 Britischer Moderator \u00fcber RT-Journalistenverbot\",\"datePublished\":\"2025-05-02T09:00:58+00:00\",\"dateModified\":\"2025-05-02T09:00:58+00:00\",\"mainEntityOfPage\":{\"@id\":\"https:\/\/now-news.de\/de\/deutschland\/freie-presse-soll-ausgeschaltet-werden-%e2%80%92-britischer-moderator-ueber-rt-journalistenverbot\/\"},\"wordCount\":312,\"commentCount\":0,\"publisher\":{\"@id\":\"https:\/\/now-news.de\/de\/#organization\"},\"image\":{\"@id\":\"https:\/\/now-news.de\/de\/deutschland\/freie-presse-soll-ausgeschaltet-werden-%e2%80%92-britischer-moderator-ueber-rt-journalistenverbot\/#primaryimage\"},\"thumbnailUrl\":\"https:\/\/now-news.de\/de\/wp-content\/uploads\/sites\/3\/2025\/05\/Freie-Presse-soll-ausgeschaltet-werden-\u2012-Britischer-Moderator-ueber-RT-Journalistenverbot.JPG\",\"keywords\":[\"ausgeschaltet\",\"Britischer\",\"freie\",\"Moderator\",\"Presse\",\"RTJournalistenverbot\",\"soll\",\"\u00fcber\",\"Werden\"],\"articleSection\":[\"Deutschland\",\"Russland\"],\"inLanguage\":\"de\",\"potentialAction\":[{\"@type\":\"CommentAction\",\"name\":\"Comment\",\"target\":[\"https:\/\/now-news.de\/de\/deutschland\/freie-presse-soll-ausgeschaltet-werden-%e2%80%92-britischer-moderator-ueber-rt-journalistenverbot\/#respond\"]}]},{\"@type\":\"WebPage\",\"@id\":\"https:\/\/now-news.de\/de\/deutschland\/freie-presse-soll-ausgeschaltet-werden-%e2%80%92-britischer-moderator-ueber-rt-journalistenverbot\/\",\"url\":\"https:\/\/now-news.de\/de\/deutschland\/freie-presse-soll-ausgeschaltet-werden-%e2%80%92-britischer-moderator-ueber-rt-journalistenverbot\/\",\"name\":\"Freie Presse soll ausgeschaltet werden \u2012 Britischer Moderator \u00fcber RT-Journalistenverbot - just-now.NEWS Deutschland\",\"isPartOf\":{\"@id\":\"https:\/\/now-news.de\/de\/#website\"},\"primaryImageOfPage\":{\"@id\":\"https:\/\/now-news.de\/de\/deutschland\/freie-presse-soll-ausgeschaltet-werden-%e2%80%92-britischer-moderator-ueber-rt-journalistenverbot\/#primaryimage\"},\"image\":{\"@id\":\"https:\/\/now-news.de\/de\/deutschland\/freie-presse-soll-ausgeschaltet-werden-%e2%80%92-britischer-moderator-ueber-rt-journalistenverbot\/#primaryimage\"},\"thumbnailUrl\":\"https:\/\/now-news.de\/de\/wp-content\/uploads\/sites\/3\/2025\/05\/Freie-Presse-soll-ausgeschaltet-werden-\u2012-Britischer-Moderator-ueber-RT-Journalistenverbot.JPG\",\"datePublished\":\"2025-05-02T09:00:58+00:00\",\"dateModified\":\"2025-05-02T09:00:58+00:00\",\"breadcrumb\":{\"@id\":\"https:\/\/now-news.de\/de\/deutschland\/freie-presse-soll-ausgeschaltet-werden-%e2%80%92-britischer-moderator-ueber-rt-journalistenverbot\/#breadcrumb\"},\"inLanguage\":\"de\",\"potentialAction\":[{\"@type\":\"ReadAction\",\"target\":[\"https:\/\/now-news.de\/de\/deutschland\/freie-presse-soll-ausgeschaltet-werden-%e2%80%92-britischer-moderator-ueber-rt-journalistenverbot\/\"]}]},{\"@type\":\"ImageObject\",\"inLanguage\":\"de\",\"@id\":\"https:\/\/now-news.de\/de\/deutschland\/freie-presse-soll-ausgeschaltet-werden-%e2%80%92-britischer-moderator-ueber-rt-journalistenverbot\/#primaryimage\",\"url\":\"https:\/\/now-news.de\/de\/wp-content\/uploads\/sites\/3\/2025\/05\/Freie-Presse-soll-ausgeschaltet-werden-\u2012-Britischer-Moderator-ueber-RT-Journalistenverbot.JPG\",\"contentUrl\":\"https:\/\/now-news.de\/de\/wp-content\/uploads\/sites\/3\/2025\/05\/Freie-Presse-soll-ausgeschaltet-werden-\u2012-Britischer-Moderator-ueber-RT-Journalistenverbot.JPG\",\"width\":460,\"height\":259,\"caption\":\"Freie Presse soll ausgeschaltet werden \u2012 Britischer Moderator \u00fcber RT-Journalistenverbot\"},{\"@type\":\"BreadcrumbList\",\"@id\":\"https:\/\/now-news.de\/de\/deutschland\/freie-presse-soll-ausgeschaltet-werden-%e2%80%92-britischer-moderator-ueber-rt-journalistenverbot\/#breadcrumb\",\"itemListElement\":[{\"@type\":\"ListItem\",\"position\":1,\"name\":\"Home\",\"item\":\"https:\/\/now-news.de\/de\/\"},{\"@type\":\"ListItem\",\"position\":2,\"name\":\"Freie Presse soll ausgeschaltet werden \u2012 Britischer Moderator \u00fcber RT-Journalistenverbot\"}]},{\"@type\":\"WebSite\",\"@id\":\"https:\/\/now-news.de\/de\/#website\",\"url\":\"https:\/\/now-news.de\/de\/\",\"name\":\"just-now.NEWS Deutschland\",\"description\":\"Das Portal f\u00fcr unzensierte Nachrichten aus der Welt\",\"publisher\":{\"@id\":\"https:\/\/now-news.de\/de\/#organization\"},\"potentialAction\":[{\"@type\":\"SearchAction\",\"target\":{\"@type\":\"EntryPoint\",\"urlTemplate\":\"https:\/\/now-news.de\/de\/?s={search_term_string}\"},\"query-input\":\"required name=search_term_string\"}],\"inLanguage\":\"de\"},{\"@type\":\"Organization\",\"@id\":\"https:\/\/now-news.de\/de\/#organization\",\"name\":\"Just Now News\",\"url\":\"https:\/\/now-news.de\/de\/\",\"logo\":{\"@type\":\"ImageObject\",\"inLanguage\":\"de\",\"@id\":\"https:\/\/now-news.de\/de\/#\/schema\/logo\/image\/\",\"url\":\"http:\/\/just-now.news\/de\/wp-content\/uploads\/sites\/3\/2022\/04\/logo500x500.jpg\",\"contentUrl\":\"http:\/\/just-now.news\/de\/wp-content\/uploads\/sites\/3\/2022\/04\/logo500x500.jpg\",\"width\":500,\"height\":500,\"caption\":\"Just Now News\"},\"image\":{\"@id\":\"https:\/\/now-news.de\/de\/#\/schema\/logo\/image\/\"},\"sameAs\":[\"https:\/\/www.facebook.com\/wirmachenauf\",\"https:\/\/x.com\/WirMachenAuf_de\"]},{\"@type\":\"Person\",\"@id\":\"https:\/\/now-news.de\/de\/#\/schema\/person\/fb534a4e865501d8b3285208df34a9b5\",\"name\":\"rtnews\",\"image\":{\"@type\":\"ImageObject\",\"inLanguage\":\"de\",\"@id\":\"https:\/\/now-news.de\/de\/#\/schema\/person\/image\/\",\"url\":\"https:\/\/secure.gravatar.com\/avatar\/82aafea7d8127119dd649515f56e2117?s=96&d=mm&r=g\",\"contentUrl\":\"https:\/\/secure.gravatar.com\/avatar\/82aafea7d8127119dd649515f56e2117?s=96&d=mm&r=g\",\"caption\":\"rtnews\"},\"url\":\"https:\/\/now-news.de\/de\/author\/rnews\/\"}]}<\/script>\n<!-- \/ Yoast SEO Premium plugin. -->","yoast_head_json":{"title":"Freie Presse soll ausgeschaltet werden \u2012 Britischer Moderator \u00fcber RT-Journalistenverbot - just-now.NEWS Deutschland","robots":{"index":"index","follow":"follow","max-snippet":"max-snippet:-1","max-image-preview":"max-image-preview:large","max-video-preview":"max-video-preview:-1"},"canonical":"https:\/\/now-news.de\/de\/deutschland\/freie-presse-soll-ausgeschaltet-werden-\u2012-britischer-moderator-ueber-rt-journalistenverbot\/","og_locale":"de_DE","og_type":"article","og_title":"Freie Presse soll ausgeschaltet werden \u2012 Britischer Moderator \u00fcber RT-Journalistenverbot","og_description":"Der britische Journalist und &#8220;Going Underground&#8221;-Moderator Afshin Rattansi wurde von RT zur Abschiebung des RT-Korrespondenten Chay Bowes befragt. Im RT-Interview erkl\u00e4rte er: In europ\u00e4ischen NATO-Staaten gibt es weder Demokratie noch eine freie Presse. Es herrscht dort Totalitarismus. In einem Interview wurde der britische Journalist und Going Underground-Moderator Afshin Rattansi am Donnerstag von RT gebeten, sich [&hellip;]","og_url":"https:\/\/now-news.de\/de\/deutschland\/freie-presse-soll-ausgeschaltet-werden-\u2012-britischer-moderator-ueber-rt-journalistenverbot\/","og_site_name":"just-now.NEWS Deutschland","article_publisher":"https:\/\/www.facebook.com\/wirmachenauf","article_published_time":"2025-05-02T09:00:58+00:00","og_image":[{"url":"https:\/\/now-news.de\/de\/wp-content\/uploads\/sites\/3\/2025\/05\/681481c9b480cc7f48135692.JPG"}],"author":"rtnews","twitter_card":"summary_large_image","twitter_creator":"@WirMachenAuf_de","twitter_site":"@WirMachenAuf_de","twitter_misc":{"Verfasst von":"rtnews","Gesch\u00e4tzte Lesezeit":"2\u00a0Minuten"},"schema":{"@context":"https:\/\/schema.org","@graph":[{"@type":"Article","@id":"https:\/\/now-news.de\/de\/deutschland\/freie-presse-soll-ausgeschaltet-werden-%e2%80%92-britischer-moderator-ueber-rt-journalistenverbot\/#article","isPartOf":{"@id":"https:\/\/now-news.de\/de\/deutschland\/freie-presse-soll-ausgeschaltet-werden-%e2%80%92-britischer-moderator-ueber-rt-journalistenverbot\/"},"author":{"name":"rtnews","@id":"https:\/\/now-news.de\/de\/#\/schema\/person\/fb534a4e865501d8b3285208df34a9b5"},"headline":"Freie Presse soll ausgeschaltet werden \u2012 Britischer Moderator \u00fcber RT-Journalistenverbot","datePublished":"2025-05-02T09:00:58+00:00","dateModified":"2025-05-02T09:00:58+00:00","mainEntityOfPage":{"@id":"https:\/\/now-news.de\/de\/deutschland\/freie-presse-soll-ausgeschaltet-werden-%e2%80%92-britischer-moderator-ueber-rt-journalistenverbot\/"},"wordCount":312,"commentCount":0,"publisher":{"@id":"https:\/\/now-news.de\/de\/#organization"},"image":{"@id":"https:\/\/now-news.de\/de\/deutschland\/freie-presse-soll-ausgeschaltet-werden-%e2%80%92-britischer-moderator-ueber-rt-journalistenverbot\/#primaryimage"},"thumbnailUrl":"https:\/\/now-news.de\/de\/wp-content\/uploads\/sites\/3\/2025\/05\/Freie-Presse-soll-ausgeschaltet-werden-\u2012-Britischer-Moderator-ueber-RT-Journalistenverbot.JPG","keywords":["ausgeschaltet","Britischer","freie","Moderator","Presse","RTJournalistenverbot","soll","\u00fcber","Werden"],"articleSection":["Deutschland","Russland"],"inLanguage":"de","potentialAction":[{"@type":"CommentAction","name":"Comment","target":["https:\/\/now-news.de\/de\/deutschland\/freie-presse-soll-ausgeschaltet-werden-%e2%80%92-britischer-moderator-ueber-rt-journalistenverbot\/#respond"]}]},{"@type":"WebPage","@id":"https:\/\/now-news.de\/de\/deutschland\/freie-presse-soll-ausgeschaltet-werden-%e2%80%92-britischer-moderator-ueber-rt-journalistenverbot\/","url":"https:\/\/now-news.de\/de\/deutschland\/freie-presse-soll-ausgeschaltet-werden-%e2%80%92-britischer-moderator-ueber-rt-journalistenverbot\/","name":"Freie Presse soll ausgeschaltet werden \u2012 Britischer Moderator \u00fcber RT-Journalistenverbot - just-now.NEWS Deutschland","isPartOf":{"@id":"https:\/\/now-news.de\/de\/#website"},"primaryImageOfPage":{"@id":"https:\/\/now-news.de\/de\/deutschland\/freie-presse-soll-ausgeschaltet-werden-%e2%80%92-britischer-moderator-ueber-rt-journalistenverbot\/#primaryimage"},"image":{"@id":"https:\/\/now-news.de\/de\/deutschland\/freie-presse-soll-ausgeschaltet-werden-%e2%80%92-britischer-moderator-ueber-rt-journalistenverbot\/#primaryimage"},"thumbnailUrl":"https:\/\/now-news.de\/de\/wp-content\/uploads\/sites\/3\/2025\/05\/Freie-Presse-soll-ausgeschaltet-werden-\u2012-Britischer-Moderator-ueber-RT-Journalistenverbot.JPG","datePublished":"2025-05-02T09:00:58+00:00","dateModified":"2025-05-02T09:00:58+00:00","breadcrumb":{"@id":"https:\/\/now-news.de\/de\/deutschland\/freie-presse-soll-ausgeschaltet-werden-%e2%80%92-britischer-moderator-ueber-rt-journalistenverbot\/#breadcrumb"},"inLanguage":"de","potentialAction":[{"@type":"ReadAction","target":["https:\/\/now-news.de\/de\/deutschland\/freie-presse-soll-ausgeschaltet-werden-%e2%80%92-britischer-moderator-ueber-rt-journalistenverbot\/"]}]},{"@type":"ImageObject","inLanguage":"de","@id":"https:\/\/now-news.de\/de\/deutschland\/freie-presse-soll-ausgeschaltet-werden-%e2%80%92-britischer-moderator-ueber-rt-journalistenverbot\/#primaryimage","url":"https:\/\/now-news.de\/de\/wp-content\/uploads\/sites\/3\/2025\/05\/Freie-Presse-soll-ausgeschaltet-werden-\u2012-Britischer-Moderator-ueber-RT-Journalistenverbot.JPG","contentUrl":"https:\/\/now-news.de\/de\/wp-content\/uploads\/sites\/3\/2025\/05\/Freie-Presse-soll-ausgeschaltet-werden-\u2012-Britischer-Moderator-ueber-RT-Journalistenverbot.JPG","width":460,"height":259,"caption":"Freie Presse soll ausgeschaltet werden \u2012 Britischer Moderator \u00fcber RT-Journalistenverbot"},{"@type":"BreadcrumbList","@id":"https:\/\/now-news.de\/de\/deutschland\/freie-presse-soll-ausgeschaltet-werden-%e2%80%92-britischer-moderator-ueber-rt-journalistenverbot\/#breadcrumb","itemListElement":[{"@type":"ListItem","position":1,"name":"Home","item":"https:\/\/now-news.de\/de\/"},{"@type":"ListItem","position":2,"name":"Freie Presse soll ausgeschaltet werden \u2012 Britischer Moderator \u00fcber RT-Journalistenverbot"}]},{"@type":"WebSite","@id":"https:\/\/now-news.de\/de\/#website","url":"https:\/\/now-news.de\/de\/","name":"just-now.NEWS Deutschland","description":"Das Portal f\u00fcr unzensierte Nachrichten aus der Welt","publisher":{"@id":"https:\/\/now-news.de\/de\/#organization"},"potentialAction":[{"@type":"SearchAction","target":{"@type":"EntryPoint","urlTemplate":"https:\/\/now-news.de\/de\/?s={search_term_string}"},"query-input":"required name=search_term_string"}],"inLanguage":"de"},{"@type":"Organization","@id":"https:\/\/now-news.de\/de\/#organization","name":"Just Now News","url":"https:\/\/now-news.de\/de\/","logo":{"@type":"ImageObject","inLanguage":"de","@id":"https:\/\/now-news.de\/de\/#\/schema\/logo\/image\/","url":"http:\/\/just-now.news\/de\/wp-content\/uploads\/sites\/3\/2022\/04\/logo500x500.jpg","contentUrl":"http:\/\/just-now.news\/de\/wp-content\/uploads\/sites\/3\/2022\/04\/logo500x500.jpg","width":500,"height":500,"caption":"Just Now News"},"image":{"@id":"https:\/\/now-news.de\/de\/#\/schema\/logo\/image\/"},"sameAs":["https:\/\/www.facebook.com\/wirmachenauf","https:\/\/x.com\/WirMachenAuf_de"]},{"@type":"Person","@id":"https:\/\/now-news.de\/de\/#\/schema\/person\/fb534a4e865501d8b3285208df34a9b5","name":"rtnews","image":{"@type":"ImageObject","inLanguage":"de","@id":"https:\/\/now-news.de\/de\/#\/schema\/person\/image\/","url":"https:\/\/secure.gravatar.com\/avatar\/82aafea7d8127119dd649515f56e2117?s=96&d=mm&r=g","contentUrl":"https:\/\/secure.gravatar.com\/avatar\/82aafea7d8127119dd649515f56e2117?s=96&d=mm&r=g","caption":"rtnews"},"url":"https:\/\/now-news.de\/de\/author\/rnews\/"}]}},"_links":{"self":[{"href":"https:\/\/now-news.de\/de\/wp-json\/wp\/v2\/posts\/83086"}],"collection":[{"href":"https:\/\/now-news.de\/de\/wp-json\/wp\/v2\/posts"}],"about":[{"href":"https:\/\/now-news.de\/de\/wp-json\/wp\/v2\/types\/post"}],"author":[{"embeddable":true,"href":"https:\/\/now-news.de\/de\/wp-json\/wp\/v2\/users\/3"}],"replies":[{"embeddable":true,"href":"https:\/\/now-news.de\/de\/wp-json\/wp\/v2\/comments?post=83086"}],"version-history":[{"count":0,"href":"https:\/\/now-news.de\/de\/wp-json\/wp\/v2\/posts\/83086\/revisions"}],"wp:featuredmedia":[{"embeddable":true,"href":"https:\/\/now-news.de\/de\/wp-json\/wp\/v2\/media\/83087"}],"wp:attachment":[{"href":"https:\/\/now-news.de\/de\/wp-json\/wp\/v2\/media?parent=83086"}],"wp:term":[{"taxonomy":"category","embeddable":true,"href":"https:\/\/now-news.de\/de\/wp-json\/wp\/v2\/categories?post=83086"},{"taxonomy":"post_tag","embeddable":true,"href":"https:\/\/now-news.de\/de\/wp-json\/wp\/v2\/tags?post=83086"}],"curies":[{"name":"wp","href":"https:\/\/api.w.org\/{rel}","templated":true}]}}