{"id":8308,"date":"2022-05-19T21:58:16","date_gmt":"2022-05-19T19:58:16","guid":{"rendered":"http:\/\/just-now.news\/de\/deutschland\/russlands-us-botschafter-globale-lebensmittelkrise-folge-der-inkompetenz-des-westens\/"},"modified":"2022-05-19T21:58:16","modified_gmt":"2022-05-19T19:58:16","slug":"russlands-us-botschafter-globale-lebensmittelkrise-folge-der-inkompetenz-des-westens","status":"publish","type":"post","link":"https:\/\/now-news.de\/de\/deutschland\/russlands-us-botschafter-globale-lebensmittelkrise-folge-der-inkompetenz-des-westens\/","title":{"rendered":"Russlands US-Botschafter: Globale Lebensmittelkrise Folge der Inkompetenz des Westens"},"content":{"rendered":"<div class=\"Text-root Text-type_5 ArticleView-text ViewText-root \">\n<p>Anatoli Antonow, Russlands Botschafter in den USA, hat den j\u00fcngsten Vorwurf des US-Au\u00dfenministeriums kommentiert, wonach Moskau mit seinen Handlungen die weltweite Lebensmittelkrise versch\u00e4rfe. Der russische Diplomat wies jede Verantwortung seines Landes zur\u00fcck und erkl\u00e4rte, dass Probleme in diesem Bereich noch lange vor der milit\u00e4rischen Sonderoperation Russlands in der Ukraine begonnen h\u00e4tten. Als eine der Ursachen nannte Antonow die Inkompetenz des Westens.<\/p>\n<blockquote>\n<p><em>&#8220;Im Laufe mehrerer Jahre untergruben inkompetente makro\u00f6konomische Schritte des kollektiven Westens die Lebensmittelsicherheit. Die Situation wurde durch die Folgen der COVID-19-Pandemie versch\u00e4rft.&#8221;<\/em><\/p>\n<\/blockquote>\n<p>Als weitere Ursache nannte der Diplomat &#8220;einseitige und illegale antirussische Sanktionen&#8221;. Diese h\u00e4tten das Vertrauen in die westlichen Regierungen ersch\u00fcttert sowie Liefer- und Finanzketten weltweit gest\u00f6rt. Andauernde Sanktionsdrohungen w\u00fcrden noch mehr Panik und Instabilit\u00e4t s\u00e4en.<\/p>\n<p>Antonow lie\u00df die Behauptungen nicht gelten, wonach D\u00fcnger und Lebensmittel von den gegen Russland verh\u00e4ngten Sanktionen nicht betroffen seien:<\/p>\n<blockquote>\n<p><em>&#8220;Die Sanktionen in den Bereichen Finanzen und Transport wirken sich auf die Situation auf den globalen Lebensmittelm\u00e4rkten direkt aus.&#8221; <\/em><\/p>\n<\/blockquote>\n<div class=\"ReadMore-root Section-root Section-is1to3-xs_is1to1\" data-widgets=\"ReadMore\" data-has-alias>\n<div class=\"Section-container Section-isRow-isTop-isWrap\">\n<article class=\"Card-root Card-is1to1 \">\n<div class=\"Card-imageWrap\">\n<div class=\"Card-picture\">\n<picture class=\"Picture-root Picture-default\"><!--[if IE 9]><video style=\"display: none;\"><![endif]--><source media=\"(-webkit-min-device-pixel-ratio: 2) and (min-resolution: 120dpi)\" data-srcset=\" \nhttp:\/\/just-now.news\/de\/wp-content\/uploads\/sites\/3\/2022\/05\/627f94feb480cc3dd8059fbc.jpg 850w,\n                http:\/\/just-now.news\/de\/wp-content\/uploads\/sites\/3\/2022\/05\/Indien-verbietet-Weizenexporte-\u2013-Lebensmittelsicherheit-gefaehrdet.jpg 1960w,\n            \" ><source data-srcset=\" \nhttp:\/\/just-now.news\/de\/wp-content\/uploads\/sites\/3\/2022\/05\/627f94feb480cc3dd8059fbc.jpg 460w,\n              http:\/\/just-now.news\/de\/wp-content\/uploads\/sites\/3\/2022\/05\/Indien-verbietet-Weizenexporte-\u2013-Lebensmittelsicherheit-gefaehrdet.jpg 980w,\n            \" ><!--[if IE 9]><\/video><![endif]--><img decoding=\"async\" data- src=\"data:image\/png;base64,iVBORw0KGgoAAAANSUhEUgAAABAAAAAJCAQAAACRI2S5AAAAEElEQVR42mNkIAAYRxWAAQAG9gAKqv6+AwAAAABJRU5ErkJggg==\" class=\"Picture-root Picture-default lazyload\" data-src=\"http:\/\/just-now.news\/de\/wp-content\/uploads\/sites\/3\/2022\/05\/627f94feb480cc3dd8059fbc.jpg\" alt=\"Indien verbietet Weizenexporte \u2013 Lebensmittelsicherheit gef\u00e4hrdet\"><\/source><\/source><\/picture><!-- noscript pattern --><noscript><img decoding=\"async\" src=\"http:\/\/just-now.news\/de\/wp-content\/uploads\/sites\/3\/2022\/05\/Indien-verbietet-Weizenexporte-\u2013-Lebensmittelsicherheit-gefaehrdet.jpg\" alt=\"Indien verbietet Weizenexporte \u2013 Lebensmittelsicherheit gef\u00e4hrdet\"><\/noscript>    <\/div><\/div>\n<div class=\"Card-contentWrap\">\n<div class=\"Card-content\">\n<div class=\"Card-title\">\n<div class=\"HeaderNews-root HeaderNews-type_6 \">\n<p>            <a rel=\"nofollow noopener\" target=\"_blank\" href=\"https:\/\/de.rt.com\/asien\/138441-indien-verbietet-weizenexporte-lebensmittelsicherheit-gefaehrdet\/\" class=\"Link-root Link-isFullCard \"><br \/>\n                Indien verbietet Weizenexporte \u2013 Lebensmittelsicherheit gef\u00e4hrdet<br \/>\n            <\/a><\/p><\/div><\/div><\/div><\/div>\n<\/article>\n<\/div><\/div>\n<p>Gleichzeitig betonte der Botschafter, dass Russland seinen Verpflichtungen bei den Exporten von Landwirtschaftserzeugnissen, D\u00fcngern, Brennstoffen und anderen wichtigen Waren weiterhin nachkomme.<\/p>\n<p>Am Mittwoch hatte der UN-Generalsekret\u00e4r Ant\u00f3nio Guterres erkl\u00e4rt, dass die internationale Gemeinschaft die Lebensmittelkrise ohne D\u00fcnger aus Russland und Wei\u00dfrussland sowie ohne Weizen aus der Ukraine nicht l\u00f6sen k\u00f6nne. Ihm zufolge sollten Landwirtschaftserzeugnisse und D\u00fcnger aus Russland einen uneingeschr\u00e4nkten Zugang zu den globalen M\u00e4rkten haben.<\/p>\n<p>Angesichts des Ukraine-Krieges <a rel=\"nofollow noopener\" target=\"_blank\" href=\"https:\/\/twitter.com\/OCHA_Ukraine\/status\/1516048786933653510\">warnen<\/a> die Vereinten Nationen bereits vor einer globalen Lebensmittelkatastrophe, weil ungef\u00e4hr 30 Prozent der ukrainischen Agrarfl\u00e4chen nicht bestellt werden k\u00f6nnen. Das US-Landwirtschaftsministerium geht bei Weizen von kriegsbedingten Ernteeinbu\u00dfen in H\u00f6he von ungef\u00e4hr einem Drittel aus. Nach Zahlen aus der Ukraine selbst sind die bestellten Fl\u00e4chen um mehr als 40 Prozent zur\u00fcckgegangen.<\/p>\n<p><strong>Mehr zum Thema<\/strong> &#8211;\u00a0<a rel=\"nofollow noopener\" target=\"_blank\" href=\"https:\/\/de.rt.com\/russland\/138318-russland-grosste-weizenernte-aller-zeiten\/\">Putin: Russland erwartet die gr\u00f6\u00dfte Weizenernte aller Zeiten<\/a><\/p>\n<\/div>\n<p><script async src=\"https:\/\/platform.twitter.com\/widgets.js\" charset=\"utf-8\"><\/script><br \/>\n<br \/><br \/>\n<br \/><a href=\"https:\/\/de.rt.com\/international\/138853-russlands-botschafter-in-usa-fuehrt-lebensmittelkrise-auf-inkompetenz-des-westens-zurueck\/\">Source link <\/a><\/p>\n","protected":false},"excerpt":{"rendered":"<p>Anatoli Antonow, Russlands Botschafter in den USA, hat den j\u00fcngsten Vorwurf des US-Au\u00dfenministeriums kommentiert, wonach Moskau mit seinen Handlungen die weltweite Lebensmittelkrise versch\u00e4rfe. Der russische Diplomat wies jede Verantwortung seines Landes zur\u00fcck und erkl\u00e4rte, dass Probleme in diesem Bereich noch lange vor der milit\u00e4rischen Sonderoperation Russlands in der Ukraine begonnen h\u00e4tten. Als eine der Ursachen [&hellip;]<\/p>\n","protected":false},"author":3,"featured_media":8017,"comment_status":"open","ping_status":"open","sticky":false,"template":"","format":"standard","meta":{"wp_automatic_camp":["217"],"a8fc36b09cd29863f69537d36614c559":["Russlands US-Botschafter: Globale Lebensmittelkrise Folge der Inkompetenz des Westens"],"original_link":["https:\/\/de.rt.com\/international\/138853-russlands-botschafter-in-usa-fuehrt-lebensmittelkrise-auf-inkompetenz-des-westens-zurueck\/"],"_thumbnail_id":["8017"],"_wptg_p2tg_sent2tg":["2022-05-19 22:13:13"],"jnews_social_counter_last_update":["1777370785"]},"categories":[19,23],"tags":[82,583,4959,2025,20999,6039,142,13789,3117],"yoast_head":"<!-- This site is optimized with the Yoast SEO Premium plugin v22.7 (Yoast SEO v22.7) - https:\/\/yoast.com\/wordpress\/plugins\/seo\/ -->\n<title>Russlands US-Botschafter: Globale Lebensmittelkrise Folge der Inkompetenz des Westens - just-now.NEWS Deutschland<\/title>\n<meta name=\"robots\" content=\"index, follow, max-snippet:-1, max-image-preview:large, max-video-preview:-1\" \/>\n<link rel=\"canonical\" href=\"https:\/\/now-news.de\/de\/deutschland\/russlands-us-botschafter-globale-lebensmittelkrise-folge-der-inkompetenz-des-westens\/\" \/>\n<meta property=\"og:locale\" content=\"de_DE\" \/>\n<meta property=\"og:type\" content=\"article\" \/>\n<meta property=\"og:title\" content=\"Russlands US-Botschafter: Globale Lebensmittelkrise Folge der Inkompetenz des Westens\" \/>\n<meta property=\"og:description\" content=\"Anatoli Antonow, Russlands Botschafter in den USA, hat den j\u00fcngsten Vorwurf des US-Au\u00dfenministeriums kommentiert, wonach Moskau mit seinen Handlungen die weltweite Lebensmittelkrise versch\u00e4rfe. Der russische Diplomat wies jede Verantwortung seines Landes zur\u00fcck und erkl\u00e4rte, dass Probleme in diesem Bereich noch lange vor der milit\u00e4rischen Sonderoperation Russlands in der Ukraine begonnen h\u00e4tten. Als eine der Ursachen [&hellip;]\" \/>\n<meta property=\"og:url\" content=\"https:\/\/now-news.de\/de\/deutschland\/russlands-us-botschafter-globale-lebensmittelkrise-folge-der-inkompetenz-des-westens\/\" \/>\n<meta property=\"og:site_name\" content=\"just-now.NEWS Deutschland\" \/>\n<meta property=\"article:publisher\" content=\"https:\/\/www.facebook.com\/wirmachenauf\" \/>\n<meta property=\"article:published_time\" content=\"2022-05-19T19:58:16+00:00\" \/>\n<meta property=\"og:image\" content=\"https:\/\/now-news.de\/de\/wp-content\/uploads\/sites\/3\/2022\/05\/Weizenpreise-erreichen-weltweit-Rekordhoch.jpg\" \/>\n\t<meta property=\"og:image:width\" content=\"460\" \/>\n\t<meta property=\"og:image:height\" content=\"259\" \/>\n\t<meta property=\"og:image:type\" content=\"image\/jpeg\" \/>\n<meta name=\"author\" content=\"rtnews\" \/>\n<meta name=\"twitter:card\" content=\"summary_large_image\" \/>\n<meta name=\"twitter:creator\" content=\"@WirMachenAuf_de\" \/>\n<meta name=\"twitter:site\" content=\"@WirMachenAuf_de\" \/>\n<meta name=\"twitter:label1\" content=\"Verfasst von\" \/>\n\t<meta name=\"twitter:data1\" content=\"rtnews\" \/>\n\t<meta name=\"twitter:label2\" content=\"Gesch\u00e4tzte Lesezeit\" \/>\n\t<meta name=\"twitter:data2\" content=\"2\u00a0Minuten\" \/>\n<script type=\"application\/ld+json\" class=\"yoast-schema-graph\">{\"@context\":\"https:\/\/schema.org\",\"@graph\":[{\"@type\":\"Article\",\"@id\":\"https:\/\/now-news.de\/de\/deutschland\/russlands-us-botschafter-globale-lebensmittelkrise-folge-der-inkompetenz-des-westens\/#article\",\"isPartOf\":{\"@id\":\"https:\/\/now-news.de\/de\/deutschland\/russlands-us-botschafter-globale-lebensmittelkrise-folge-der-inkompetenz-des-westens\/\"},\"author\":{\"name\":\"rtnews\",\"@id\":\"https:\/\/now-news.de\/de\/#\/schema\/person\/fb534a4e865501d8b3285208df34a9b5\"},\"headline\":\"Russlands US-Botschafter: Globale Lebensmittelkrise Folge der Inkompetenz des Westens\",\"datePublished\":\"2022-05-19T19:58:16+00:00\",\"dateModified\":\"2022-05-19T19:58:16+00:00\",\"mainEntityOfPage\":{\"@id\":\"https:\/\/now-news.de\/de\/deutschland\/russlands-us-botschafter-globale-lebensmittelkrise-folge-der-inkompetenz-des-westens\/\"},\"wordCount\":343,\"commentCount\":0,\"publisher\":{\"@id\":\"https:\/\/now-news.de\/de\/#organization\"},\"image\":{\"@id\":\"https:\/\/now-news.de\/de\/deutschland\/russlands-us-botschafter-globale-lebensmittelkrise-folge-der-inkompetenz-des-westens\/#primaryimage\"},\"thumbnailUrl\":\"https:\/\/now-news.de\/de\/wp-content\/uploads\/sites\/3\/2022\/05\/Weizenpreise-erreichen-weltweit-Rekordhoch.jpg\",\"keywords\":[\"der\",\"des\",\"Folge\",\"globale\",\"Inkompetenz\",\"Lebensmittelkrise\",\"Russlands\",\"USBotschafter\",\"Westens\"],\"articleSection\":[\"Deutschland\",\"Russland\"],\"inLanguage\":\"de\",\"potentialAction\":[{\"@type\":\"CommentAction\",\"name\":\"Comment\",\"target\":[\"https:\/\/now-news.de\/de\/deutschland\/russlands-us-botschafter-globale-lebensmittelkrise-folge-der-inkompetenz-des-westens\/#respond\"]}]},{\"@type\":\"WebPage\",\"@id\":\"https:\/\/now-news.de\/de\/deutschland\/russlands-us-botschafter-globale-lebensmittelkrise-folge-der-inkompetenz-des-westens\/\",\"url\":\"https:\/\/now-news.de\/de\/deutschland\/russlands-us-botschafter-globale-lebensmittelkrise-folge-der-inkompetenz-des-westens\/\",\"name\":\"Russlands US-Botschafter: Globale Lebensmittelkrise Folge der Inkompetenz des Westens - just-now.NEWS Deutschland\",\"isPartOf\":{\"@id\":\"https:\/\/now-news.de\/de\/#website\"},\"primaryImageOfPage\":{\"@id\":\"https:\/\/now-news.de\/de\/deutschland\/russlands-us-botschafter-globale-lebensmittelkrise-folge-der-inkompetenz-des-westens\/#primaryimage\"},\"image\":{\"@id\":\"https:\/\/now-news.de\/de\/deutschland\/russlands-us-botschafter-globale-lebensmittelkrise-folge-der-inkompetenz-des-westens\/#primaryimage\"},\"thumbnailUrl\":\"https:\/\/now-news.de\/de\/wp-content\/uploads\/sites\/3\/2022\/05\/Weizenpreise-erreichen-weltweit-Rekordhoch.jpg\",\"datePublished\":\"2022-05-19T19:58:16+00:00\",\"dateModified\":\"2022-05-19T19:58:16+00:00\",\"breadcrumb\":{\"@id\":\"https:\/\/now-news.de\/de\/deutschland\/russlands-us-botschafter-globale-lebensmittelkrise-folge-der-inkompetenz-des-westens\/#breadcrumb\"},\"inLanguage\":\"de\",\"potentialAction\":[{\"@type\":\"ReadAction\",\"target\":[\"https:\/\/now-news.de\/de\/deutschland\/russlands-us-botschafter-globale-lebensmittelkrise-folge-der-inkompetenz-des-westens\/\"]}]},{\"@type\":\"ImageObject\",\"inLanguage\":\"de\",\"@id\":\"https:\/\/now-news.de\/de\/deutschland\/russlands-us-botschafter-globale-lebensmittelkrise-folge-der-inkompetenz-des-westens\/#primaryimage\",\"url\":\"https:\/\/now-news.de\/de\/wp-content\/uploads\/sites\/3\/2022\/05\/Weizenpreise-erreichen-weltweit-Rekordhoch.jpg\",\"contentUrl\":\"https:\/\/now-news.de\/de\/wp-content\/uploads\/sites\/3\/2022\/05\/Weizenpreise-erreichen-weltweit-Rekordhoch.jpg\",\"width\":460,\"height\":259,\"caption\":\"Indien verbietet Weizenexporte \u2013 Lebensmittelsicherheit gef\u00e4hrdet\"},{\"@type\":\"BreadcrumbList\",\"@id\":\"https:\/\/now-news.de\/de\/deutschland\/russlands-us-botschafter-globale-lebensmittelkrise-folge-der-inkompetenz-des-westens\/#breadcrumb\",\"itemListElement\":[{\"@type\":\"ListItem\",\"position\":1,\"name\":\"Home\",\"item\":\"https:\/\/now-news.de\/de\/\"},{\"@type\":\"ListItem\",\"position\":2,\"name\":\"Russlands US-Botschafter: Globale Lebensmittelkrise Folge der Inkompetenz des Westens\"}]},{\"@type\":\"WebSite\",\"@id\":\"https:\/\/now-news.de\/de\/#website\",\"url\":\"https:\/\/now-news.de\/de\/\",\"name\":\"just-now.NEWS Deutschland\",\"description\":\"Das Portal f\u00fcr unzensierte Nachrichten aus der Welt\",\"publisher\":{\"@id\":\"https:\/\/now-news.de\/de\/#organization\"},\"potentialAction\":[{\"@type\":\"SearchAction\",\"target\":{\"@type\":\"EntryPoint\",\"urlTemplate\":\"https:\/\/now-news.de\/de\/?s={search_term_string}\"},\"query-input\":\"required name=search_term_string\"}],\"inLanguage\":\"de\"},{\"@type\":\"Organization\",\"@id\":\"https:\/\/now-news.de\/de\/#organization\",\"name\":\"Just Now News\",\"url\":\"https:\/\/now-news.de\/de\/\",\"logo\":{\"@type\":\"ImageObject\",\"inLanguage\":\"de\",\"@id\":\"https:\/\/now-news.de\/de\/#\/schema\/logo\/image\/\",\"url\":\"http:\/\/just-now.news\/de\/wp-content\/uploads\/sites\/3\/2022\/04\/logo500x500.jpg\",\"contentUrl\":\"http:\/\/just-now.news\/de\/wp-content\/uploads\/sites\/3\/2022\/04\/logo500x500.jpg\",\"width\":500,\"height\":500,\"caption\":\"Just Now News\"},\"image\":{\"@id\":\"https:\/\/now-news.de\/de\/#\/schema\/logo\/image\/\"},\"sameAs\":[\"https:\/\/www.facebook.com\/wirmachenauf\",\"https:\/\/x.com\/WirMachenAuf_de\"]},{\"@type\":\"Person\",\"@id\":\"https:\/\/now-news.de\/de\/#\/schema\/person\/fb534a4e865501d8b3285208df34a9b5\",\"name\":\"rtnews\",\"image\":{\"@type\":\"ImageObject\",\"inLanguage\":\"de\",\"@id\":\"https:\/\/now-news.de\/de\/#\/schema\/person\/image\/\",\"url\":\"https:\/\/secure.gravatar.com\/avatar\/82aafea7d8127119dd649515f56e2117?s=96&d=mm&r=g\",\"contentUrl\":\"https:\/\/secure.gravatar.com\/avatar\/82aafea7d8127119dd649515f56e2117?s=96&d=mm&r=g\",\"caption\":\"rtnews\"},\"url\":\"https:\/\/now-news.de\/de\/author\/rnews\/\"}]}<\/script>\n<!-- \/ Yoast SEO Premium plugin. -->","yoast_head_json":{"title":"Russlands US-Botschafter: Globale Lebensmittelkrise Folge der Inkompetenz des Westens - just-now.NEWS Deutschland","robots":{"index":"index","follow":"follow","max-snippet":"max-snippet:-1","max-image-preview":"max-image-preview:large","max-video-preview":"max-video-preview:-1"},"canonical":"https:\/\/now-news.de\/de\/deutschland\/russlands-us-botschafter-globale-lebensmittelkrise-folge-der-inkompetenz-des-westens\/","og_locale":"de_DE","og_type":"article","og_title":"Russlands US-Botschafter: Globale Lebensmittelkrise Folge der Inkompetenz des Westens","og_description":"Anatoli Antonow, Russlands Botschafter in den USA, hat den j\u00fcngsten Vorwurf des US-Au\u00dfenministeriums kommentiert, wonach Moskau mit seinen Handlungen die weltweite Lebensmittelkrise versch\u00e4rfe. Der russische Diplomat wies jede Verantwortung seines Landes zur\u00fcck und erkl\u00e4rte, dass Probleme in diesem Bereich noch lange vor der milit\u00e4rischen Sonderoperation Russlands in der Ukraine begonnen h\u00e4tten. Als eine der Ursachen [&hellip;]","og_url":"https:\/\/now-news.de\/de\/deutschland\/russlands-us-botschafter-globale-lebensmittelkrise-folge-der-inkompetenz-des-westens\/","og_site_name":"just-now.NEWS Deutschland","article_publisher":"https:\/\/www.facebook.com\/wirmachenauf","article_published_time":"2022-05-19T19:58:16+00:00","og_image":[{"width":460,"height":259,"url":"https:\/\/now-news.de\/de\/wp-content\/uploads\/sites\/3\/2022\/05\/Weizenpreise-erreichen-weltweit-Rekordhoch.jpg","type":"image\/jpeg"}],"author":"rtnews","twitter_card":"summary_large_image","twitter_creator":"@WirMachenAuf_de","twitter_site":"@WirMachenAuf_de","twitter_misc":{"Verfasst von":"rtnews","Gesch\u00e4tzte Lesezeit":"2\u00a0Minuten"},"schema":{"@context":"https:\/\/schema.org","@graph":[{"@type":"Article","@id":"https:\/\/now-news.de\/de\/deutschland\/russlands-us-botschafter-globale-lebensmittelkrise-folge-der-inkompetenz-des-westens\/#article","isPartOf":{"@id":"https:\/\/now-news.de\/de\/deutschland\/russlands-us-botschafter-globale-lebensmittelkrise-folge-der-inkompetenz-des-westens\/"},"author":{"name":"rtnews","@id":"https:\/\/now-news.de\/de\/#\/schema\/person\/fb534a4e865501d8b3285208df34a9b5"},"headline":"Russlands US-Botschafter: Globale Lebensmittelkrise Folge der Inkompetenz des Westens","datePublished":"2022-05-19T19:58:16+00:00","dateModified":"2022-05-19T19:58:16+00:00","mainEntityOfPage":{"@id":"https:\/\/now-news.de\/de\/deutschland\/russlands-us-botschafter-globale-lebensmittelkrise-folge-der-inkompetenz-des-westens\/"},"wordCount":343,"commentCount":0,"publisher":{"@id":"https:\/\/now-news.de\/de\/#organization"},"image":{"@id":"https:\/\/now-news.de\/de\/deutschland\/russlands-us-botschafter-globale-lebensmittelkrise-folge-der-inkompetenz-des-westens\/#primaryimage"},"thumbnailUrl":"https:\/\/now-news.de\/de\/wp-content\/uploads\/sites\/3\/2022\/05\/Weizenpreise-erreichen-weltweit-Rekordhoch.jpg","keywords":["der","des","Folge","globale","Inkompetenz","Lebensmittelkrise","Russlands","USBotschafter","Westens"],"articleSection":["Deutschland","Russland"],"inLanguage":"de","potentialAction":[{"@type":"CommentAction","name":"Comment","target":["https:\/\/now-news.de\/de\/deutschland\/russlands-us-botschafter-globale-lebensmittelkrise-folge-der-inkompetenz-des-westens\/#respond"]}]},{"@type":"WebPage","@id":"https:\/\/now-news.de\/de\/deutschland\/russlands-us-botschafter-globale-lebensmittelkrise-folge-der-inkompetenz-des-westens\/","url":"https:\/\/now-news.de\/de\/deutschland\/russlands-us-botschafter-globale-lebensmittelkrise-folge-der-inkompetenz-des-westens\/","name":"Russlands US-Botschafter: Globale Lebensmittelkrise Folge der Inkompetenz des Westens - just-now.NEWS Deutschland","isPartOf":{"@id":"https:\/\/now-news.de\/de\/#website"},"primaryImageOfPage":{"@id":"https:\/\/now-news.de\/de\/deutschland\/russlands-us-botschafter-globale-lebensmittelkrise-folge-der-inkompetenz-des-westens\/#primaryimage"},"image":{"@id":"https:\/\/now-news.de\/de\/deutschland\/russlands-us-botschafter-globale-lebensmittelkrise-folge-der-inkompetenz-des-westens\/#primaryimage"},"thumbnailUrl":"https:\/\/now-news.de\/de\/wp-content\/uploads\/sites\/3\/2022\/05\/Weizenpreise-erreichen-weltweit-Rekordhoch.jpg","datePublished":"2022-05-19T19:58:16+00:00","dateModified":"2022-05-19T19:58:16+00:00","breadcrumb":{"@id":"https:\/\/now-news.de\/de\/deutschland\/russlands-us-botschafter-globale-lebensmittelkrise-folge-der-inkompetenz-des-westens\/#breadcrumb"},"inLanguage":"de","potentialAction":[{"@type":"ReadAction","target":["https:\/\/now-news.de\/de\/deutschland\/russlands-us-botschafter-globale-lebensmittelkrise-folge-der-inkompetenz-des-westens\/"]}]},{"@type":"ImageObject","inLanguage":"de","@id":"https:\/\/now-news.de\/de\/deutschland\/russlands-us-botschafter-globale-lebensmittelkrise-folge-der-inkompetenz-des-westens\/#primaryimage","url":"https:\/\/now-news.de\/de\/wp-content\/uploads\/sites\/3\/2022\/05\/Weizenpreise-erreichen-weltweit-Rekordhoch.jpg","contentUrl":"https:\/\/now-news.de\/de\/wp-content\/uploads\/sites\/3\/2022\/05\/Weizenpreise-erreichen-weltweit-Rekordhoch.jpg","width":460,"height":259,"caption":"Indien verbietet Weizenexporte \u2013 Lebensmittelsicherheit gef\u00e4hrdet"},{"@type":"BreadcrumbList","@id":"https:\/\/now-news.de\/de\/deutschland\/russlands-us-botschafter-globale-lebensmittelkrise-folge-der-inkompetenz-des-westens\/#breadcrumb","itemListElement":[{"@type":"ListItem","position":1,"name":"Home","item":"https:\/\/now-news.de\/de\/"},{"@type":"ListItem","position":2,"name":"Russlands US-Botschafter: Globale Lebensmittelkrise Folge der Inkompetenz des Westens"}]},{"@type":"WebSite","@id":"https:\/\/now-news.de\/de\/#website","url":"https:\/\/now-news.de\/de\/","name":"just-now.NEWS Deutschland","description":"Das Portal f\u00fcr unzensierte Nachrichten aus der Welt","publisher":{"@id":"https:\/\/now-news.de\/de\/#organization"},"potentialAction":[{"@type":"SearchAction","target":{"@type":"EntryPoint","urlTemplate":"https:\/\/now-news.de\/de\/?s={search_term_string}"},"query-input":"required name=search_term_string"}],"inLanguage":"de"},{"@type":"Organization","@id":"https:\/\/now-news.de\/de\/#organization","name":"Just Now News","url":"https:\/\/now-news.de\/de\/","logo":{"@type":"ImageObject","inLanguage":"de","@id":"https:\/\/now-news.de\/de\/#\/schema\/logo\/image\/","url":"http:\/\/just-now.news\/de\/wp-content\/uploads\/sites\/3\/2022\/04\/logo500x500.jpg","contentUrl":"http:\/\/just-now.news\/de\/wp-content\/uploads\/sites\/3\/2022\/04\/logo500x500.jpg","width":500,"height":500,"caption":"Just Now News"},"image":{"@id":"https:\/\/now-news.de\/de\/#\/schema\/logo\/image\/"},"sameAs":["https:\/\/www.facebook.com\/wirmachenauf","https:\/\/x.com\/WirMachenAuf_de"]},{"@type":"Person","@id":"https:\/\/now-news.de\/de\/#\/schema\/person\/fb534a4e865501d8b3285208df34a9b5","name":"rtnews","image":{"@type":"ImageObject","inLanguage":"de","@id":"https:\/\/now-news.de\/de\/#\/schema\/person\/image\/","url":"https:\/\/secure.gravatar.com\/avatar\/82aafea7d8127119dd649515f56e2117?s=96&d=mm&r=g","contentUrl":"https:\/\/secure.gravatar.com\/avatar\/82aafea7d8127119dd649515f56e2117?s=96&d=mm&r=g","caption":"rtnews"},"url":"https:\/\/now-news.de\/de\/author\/rnews\/"}]}},"_links":{"self":[{"href":"https:\/\/now-news.de\/de\/wp-json\/wp\/v2\/posts\/8308"}],"collection":[{"href":"https:\/\/now-news.de\/de\/wp-json\/wp\/v2\/posts"}],"about":[{"href":"https:\/\/now-news.de\/de\/wp-json\/wp\/v2\/types\/post"}],"author":[{"embeddable":true,"href":"https:\/\/now-news.de\/de\/wp-json\/wp\/v2\/users\/3"}],"replies":[{"embeddable":true,"href":"https:\/\/now-news.de\/de\/wp-json\/wp\/v2\/comments?post=8308"}],"version-history":[{"count":0,"href":"https:\/\/now-news.de\/de\/wp-json\/wp\/v2\/posts\/8308\/revisions"}],"wp:featuredmedia":[{"embeddable":true,"href":"https:\/\/now-news.de\/de\/wp-json\/wp\/v2\/media\/8017"}],"wp:attachment":[{"href":"https:\/\/now-news.de\/de\/wp-json\/wp\/v2\/media?parent=8308"}],"wp:term":[{"taxonomy":"category","embeddable":true,"href":"https:\/\/now-news.de\/de\/wp-json\/wp\/v2\/categories?post=8308"},{"taxonomy":"post_tag","embeddable":true,"href":"https:\/\/now-news.de\/de\/wp-json\/wp\/v2\/tags?post=8308"}],"curies":[{"name":"wp","href":"https:\/\/api.w.org\/{rel}","templated":true}]}}