{"id":83016,"date":"2025-04-30T18:16:52","date_gmt":"2025-04-30T16:16:52","guid":{"rendered":"https:\/\/now-news.de\/de\/deutschland\/kreml-bestaetigt-xi-jinping-kommt-zum-tag-des-sieges-nach-moskau\/"},"modified":"2025-04-30T18:16:52","modified_gmt":"2025-04-30T16:16:52","slug":"kreml-bestaetigt-xi-jinping-kommt-zum-tag-des-sieges-nach-moskau","status":"publish","type":"post","link":"https:\/\/now-news.de\/de\/deutschland\/kreml-bestaetigt-xi-jinping-kommt-zum-tag-des-sieges-nach-moskau\/","title":{"rendered":"Kreml best\u00e4tigt: Xi Jinping kommt zum Tag des Sieges nach Moskau"},"content":{"rendered":"<p><img decoding=\"async\" src=\"https:\/\/now-news.de\/de\/wp-content\/uploads\/sites\/3\/2025\/04\/68123a2148fbef42592159b1.jpg\" \/><\/p>\n<div class=\"Text-root Text-type_1 \">\n                Mehr als 20 ausl\u00e4ndische Staatsoberh\u00e4upter werden zu den Feierlichkeiten anl\u00e4sslich des 80. Jahrestages des Sieges im Zweiten Weltkrieg in Moskau erwartet. Die Chefin der EU-Au\u00dfenpolitik, Kaja Kallas, warnte die Staatschefs der EU-Beitrittskandidaten vor der Teilnahme an der Feier.\n            <\/div>\n<p><\/p>\n<div class=\"Text-root Text-type_5 ArticleView-text ViewText-root \">\n<p>Der chinesische Pr\u00e4sident Xi Jinping wird an den Moskauer Feierlichkeiten zum 80. Jahrestag des Sieges im Zweiten Weltkrieg teilnehmen. Gegen\u00fcber Reportern sagte der Kremlsprecher Dmitri Peskow am Mittwoch: &#8220;Wir erwarten den chinesischen Staatschef.&#8221;\u00a0Der Kreml\u00a0messe\u00a0dem erwarteten Besuch gro\u00dfe Bedeutung bei. Wie der russische Pr\u00e4sident Wladimir Putin bereits Anfang des Monats erkl\u00e4rte, wird sein chinesischer Amtskollege Russlands Hauptgast bei den diesj\u00e4hrigen Feierlichkeiten sein. Laut Putin wird sich Xis Reiseplan nicht auf die Feierlichkeiten zum Tag des Sieges beschr\u00e4nken.<\/p>\n<p>Moskau betrachtet den Sieg \u00fcber Nazi-Deutschland im Jahr 1945 als ein tiefgreifendes Symbol der nationalen Widerstandsf\u00e4higkeit, da die UdSSR im Zweiten Weltkrieg sch\u00e4tzungsweise 26,6 Millionen Menschen verloren hat. F\u00fcr die diesj\u00e4hrigen Feierlichkeiten am 9. Mai in Moskau haben die russischen Beh\u00f6rden zahlreiche Einladungen ausgesprochen, unter anderem an die Staats- und Regierungschefs Chinas, Indiens und Brasiliens sowie an zahlreiche andere internationale Pers\u00f6nlichkeiten.<\/p>\n<p>Russland wird den Jahrestag des Sieges der Sowjetunion \u00fcber den Nationalsozialismus am 9. Mai mit der allj\u00e4hrlichen Parade zum Tag des Sieges auf dem Roten Platz feiern. Mehr als 20 ausl\u00e4ndische Staats- und Regierungschefs werden zu den Feierlichkeiten in der russischen Hauptstadt erwartet, darunter der wei\u00dfrussische Pr\u00e4sident Alexander Lukaschenko, der slowakische Premierminister Robert Fico, der serbische Pr\u00e4sident Aleksandar<strong>\u00a0<\/strong>Vu\u010di\u0107, der armenische Premierminister Nikol Paschinjan, der kasachische Pr\u00e4sident Kassym-Schomart Tokajew und der usbekische Pr\u00e4sident Schawkat Mirsijojew.<\/p>\n<p>Anfang des Monats erkl\u00e4rte der russische Botschafter in Brasilien, Alexei Labezki, dass der brasilianische Pr\u00e4sident Luiz In\u00e1cio Lula da Silva die Einladung Moskaus zu der Gro\u00dfveranstaltung ebenfalls angenommen habe. Zu den weiteren Staatsoberh\u00e4uptern, die an den diesj\u00e4hrigen Jubil\u00e4umsfeierlichkeiten in Moskau teilnehmen wollen, geh\u00f6ren der vietnamesische Pr\u00e4sident T\u00f4 L\u00e2m, der kubanische Pr\u00e4sident Miguel D\u00edaz-Canel, der pal\u00e4stinensische Pr\u00e4sident Mahmud Abbas, der aserbaidschanische Pr\u00e4sident Ilham Alijew, der Pr\u00e4sident der Republika Srpska, Milorad Dodik, und der Interimschef von Burkina Faso, Hauptmann Ibrahim Traor\u00e9.<\/p>\n<p>Die Chefin der EU-Au\u00dfenpolitik, Kaja Kallas, hat die Staats- und Regierungschefs der Beitrittskandidaten vor der Teilnahme an den russischen Feierlichkeiten gewarnt. Die Sprecherin des russischen Au\u00dfenministeriums, Maria Sacharowa, verurteilte die \u00c4u\u00dferungen von Kallas als eine Wiederbelebung des Nazismus.<\/p>\n<p><strong>Mehr zum Thema<\/strong>\u00a0\u2012 <a rel=\"nofollow noopener\" target=\"_blank\" href=\"https:\/\/dert.online\/meinung\/243310-nach-9-mai-1945-ueber-nachkriegs-berlin-russisch-lernen-und-freundschaften-in-der-udssr\/\">Nach dem 9. Mai 1945: \u00dcber Nachkriegs-Berlin, Russisch-Lernen und Freundschaften in der UdSSR<\/a><\/p>\n<div class=\"EmbedBlock-root EmbedBlock-externalVideo EmbedBlock-rumble\">\n<div class=\"VkEmbed\"><iframe class=\"lazyload\" data-src=\"https:\/\/rumble.com\/embed\/v6qiynb\" frameborder=\"0\" width=\"853\" height=\"480\" allowfullscreen><\/iframe><\/div>\n<\/div>\n<\/div>\n<p><br \/>\n<br \/><a href=\"https:\/\/de.rt.com\/russland\/243810-kreml-bestaetigt-teilnahme-von-xi\/\">Source link <\/a><\/p>\n","protected":false},"excerpt":{"rendered":"<p>Mehr als 20 ausl\u00e4ndische Staatsoberh\u00e4upter werden zu den Feierlichkeiten anl\u00e4sslich des 80. Jahrestages des Sieges im Zweiten Weltkrieg in Moskau erwartet. Die Chefin der EU-Au\u00dfenpolitik, Kaja Kallas, warnte die Staatschefs der EU-Beitrittskandidaten vor der Teilnahme an der Feier. Der chinesische Pr\u00e4sident Xi Jinping wird an den Moskauer Feierlichkeiten zum 80. Jahrestag des Sieges im Zweiten [&hellip;]<\/p>\n","protected":false},"author":3,"featured_media":83017,"comment_status":"open","ping_status":"open","sticky":false,"template":"","format":"standard","meta":{"_yoast_indexnow_last_ping":["1746030069"],"wp_automatic_camp":["217"],"8a64be05b9efdd5267d817a8d5621ec5":["Kreml best\u00e4tigt: Xi Jinping kommt zum Tag des Sieges nach Moskau"],"original_link":["https:\/\/de.rt.com\/russland\/243810-kreml-bestaetigt-teilnahme-von-xi\/"],"_thumbnail_id":["83017"],"jnews_social_counter_last_update":["1777187787"],"_wptgpro_p2tg_sent2tg":["a:1:{i:23737;s:19:\"2025-04-30 18:22:34\";}"]},"categories":[19,23],"tags":[1438,583,5975,310,6312,946,979,19276,7552,565],"yoast_head":"<!-- This site is optimized with the Yoast SEO Premium plugin v22.7 (Yoast SEO v22.7) - https:\/\/yoast.com\/wordpress\/plugins\/seo\/ -->\n<title>Kreml best\u00e4tigt: Xi Jinping kommt zum Tag des Sieges nach Moskau - just-now.NEWS Deutschland<\/title>\n<meta name=\"robots\" content=\"index, follow, max-snippet:-1, max-image-preview:large, max-video-preview:-1\" \/>\n<link rel=\"canonical\" href=\"https:\/\/now-news.de\/de\/deutschland\/kreml-bestaetigt-xi-jinping-kommt-zum-tag-des-sieges-nach-moskau\/\" \/>\n<meta property=\"og:locale\" content=\"de_DE\" \/>\n<meta property=\"og:type\" content=\"article\" \/>\n<meta property=\"og:title\" content=\"Kreml best\u00e4tigt: Xi Jinping kommt zum Tag des Sieges nach Moskau\" \/>\n<meta property=\"og:description\" content=\"Mehr als 20 ausl\u00e4ndische Staatsoberh\u00e4upter werden zu den Feierlichkeiten anl\u00e4sslich des 80. Jahrestages des Sieges im Zweiten Weltkrieg in Moskau erwartet. Die Chefin der EU-Au\u00dfenpolitik, Kaja Kallas, warnte die Staatschefs der EU-Beitrittskandidaten vor der Teilnahme an der Feier. Der chinesische Pr\u00e4sident Xi Jinping wird an den Moskauer Feierlichkeiten zum 80. Jahrestag des Sieges im Zweiten [&hellip;]\" \/>\n<meta property=\"og:url\" content=\"https:\/\/now-news.de\/de\/deutschland\/kreml-bestaetigt-xi-jinping-kommt-zum-tag-des-sieges-nach-moskau\/\" \/>\n<meta property=\"og:site_name\" content=\"just-now.NEWS Deutschland\" \/>\n<meta property=\"article:publisher\" content=\"https:\/\/www.facebook.com\/wirmachenauf\" \/>\n<meta property=\"article:published_time\" content=\"2025-04-30T16:16:52+00:00\" \/>\n<meta property=\"og:image\" content=\"https:\/\/now-news.de\/de\/wp-content\/uploads\/sites\/3\/2025\/04\/68123a2148fbef42592159b1.jpg\" \/>\n<meta name=\"author\" content=\"rtnews\" \/>\n<meta name=\"twitter:card\" content=\"summary_large_image\" \/>\n<meta name=\"twitter:creator\" content=\"@WirMachenAuf_de\" \/>\n<meta name=\"twitter:site\" content=\"@WirMachenAuf_de\" \/>\n<meta name=\"twitter:label1\" content=\"Verfasst von\" \/>\n\t<meta name=\"twitter:data1\" content=\"rtnews\" \/>\n\t<meta name=\"twitter:label2\" content=\"Gesch\u00e4tzte Lesezeit\" \/>\n\t<meta name=\"twitter:data2\" content=\"2\u00a0Minuten\" \/>\n<script type=\"application\/ld+json\" class=\"yoast-schema-graph\">{\"@context\":\"https:\/\/schema.org\",\"@graph\":[{\"@type\":\"Article\",\"@id\":\"https:\/\/now-news.de\/de\/deutschland\/kreml-bestaetigt-xi-jinping-kommt-zum-tag-des-sieges-nach-moskau\/#article\",\"isPartOf\":{\"@id\":\"https:\/\/now-news.de\/de\/deutschland\/kreml-bestaetigt-xi-jinping-kommt-zum-tag-des-sieges-nach-moskau\/\"},\"author\":{\"name\":\"rtnews\",\"@id\":\"https:\/\/now-news.de\/de\/#\/schema\/person\/fb534a4e865501d8b3285208df34a9b5\"},\"headline\":\"Kreml best\u00e4tigt: Xi Jinping kommt zum Tag des Sieges nach Moskau\",\"datePublished\":\"2025-04-30T16:16:52+00:00\",\"dateModified\":\"2025-04-30T16:16:52+00:00\",\"mainEntityOfPage\":{\"@id\":\"https:\/\/now-news.de\/de\/deutschland\/kreml-bestaetigt-xi-jinping-kommt-zum-tag-des-sieges-nach-moskau\/\"},\"wordCount\":435,\"commentCount\":0,\"publisher\":{\"@id\":\"https:\/\/now-news.de\/de\/#organization\"},\"image\":{\"@id\":\"https:\/\/now-news.de\/de\/deutschland\/kreml-bestaetigt-xi-jinping-kommt-zum-tag-des-sieges-nach-moskau\/#primaryimage\"},\"thumbnailUrl\":\"https:\/\/now-news.de\/de\/wp-content\/uploads\/sites\/3\/2025\/04\/Kreml-bestaetigt-Xi-Jinping-kommt-zum-Tag-des-Sieges-nach.jpg\",\"keywords\":[\"best\u00e4tigt\",\"des\",\"Jinping\",\"kommt\",\"Kreml\",\"Moskau\",\"nach\",\"Sieges\",\"Tag\",\"zum\"],\"articleSection\":[\"Deutschland\",\"Russland\"],\"inLanguage\":\"de\",\"potentialAction\":[{\"@type\":\"CommentAction\",\"name\":\"Comment\",\"target\":[\"https:\/\/now-news.de\/de\/deutschland\/kreml-bestaetigt-xi-jinping-kommt-zum-tag-des-sieges-nach-moskau\/#respond\"]}]},{\"@type\":\"WebPage\",\"@id\":\"https:\/\/now-news.de\/de\/deutschland\/kreml-bestaetigt-xi-jinping-kommt-zum-tag-des-sieges-nach-moskau\/\",\"url\":\"https:\/\/now-news.de\/de\/deutschland\/kreml-bestaetigt-xi-jinping-kommt-zum-tag-des-sieges-nach-moskau\/\",\"name\":\"Kreml best\u00e4tigt: Xi Jinping kommt zum Tag des Sieges nach Moskau - just-now.NEWS Deutschland\",\"isPartOf\":{\"@id\":\"https:\/\/now-news.de\/de\/#website\"},\"primaryImageOfPage\":{\"@id\":\"https:\/\/now-news.de\/de\/deutschland\/kreml-bestaetigt-xi-jinping-kommt-zum-tag-des-sieges-nach-moskau\/#primaryimage\"},\"image\":{\"@id\":\"https:\/\/now-news.de\/de\/deutschland\/kreml-bestaetigt-xi-jinping-kommt-zum-tag-des-sieges-nach-moskau\/#primaryimage\"},\"thumbnailUrl\":\"https:\/\/now-news.de\/de\/wp-content\/uploads\/sites\/3\/2025\/04\/Kreml-bestaetigt-Xi-Jinping-kommt-zum-Tag-des-Sieges-nach.jpg\",\"datePublished\":\"2025-04-30T16:16:52+00:00\",\"dateModified\":\"2025-04-30T16:16:52+00:00\",\"breadcrumb\":{\"@id\":\"https:\/\/now-news.de\/de\/deutschland\/kreml-bestaetigt-xi-jinping-kommt-zum-tag-des-sieges-nach-moskau\/#breadcrumb\"},\"inLanguage\":\"de\",\"potentialAction\":[{\"@type\":\"ReadAction\",\"target\":[\"https:\/\/now-news.de\/de\/deutschland\/kreml-bestaetigt-xi-jinping-kommt-zum-tag-des-sieges-nach-moskau\/\"]}]},{\"@type\":\"ImageObject\",\"inLanguage\":\"de\",\"@id\":\"https:\/\/now-news.de\/de\/deutschland\/kreml-bestaetigt-xi-jinping-kommt-zum-tag-des-sieges-nach-moskau\/#primaryimage\",\"url\":\"https:\/\/now-news.de\/de\/wp-content\/uploads\/sites\/3\/2025\/04\/Kreml-bestaetigt-Xi-Jinping-kommt-zum-Tag-des-Sieges-nach.jpg\",\"contentUrl\":\"https:\/\/now-news.de\/de\/wp-content\/uploads\/sites\/3\/2025\/04\/Kreml-bestaetigt-Xi-Jinping-kommt-zum-Tag-des-Sieges-nach.jpg\",\"width\":460,\"height\":259,\"caption\":\"Kreml best\u00e4tigt: Xi Jinping kommt zum Tag des Sieges nach Moskau\"},{\"@type\":\"BreadcrumbList\",\"@id\":\"https:\/\/now-news.de\/de\/deutschland\/kreml-bestaetigt-xi-jinping-kommt-zum-tag-des-sieges-nach-moskau\/#breadcrumb\",\"itemListElement\":[{\"@type\":\"ListItem\",\"position\":1,\"name\":\"Home\",\"item\":\"https:\/\/now-news.de\/de\/\"},{\"@type\":\"ListItem\",\"position\":2,\"name\":\"Kreml best\u00e4tigt: Xi Jinping kommt zum Tag des Sieges nach Moskau\"}]},{\"@type\":\"WebSite\",\"@id\":\"https:\/\/now-news.de\/de\/#website\",\"url\":\"https:\/\/now-news.de\/de\/\",\"name\":\"just-now.NEWS Deutschland\",\"description\":\"Das Portal f\u00fcr unzensierte Nachrichten aus der Welt\",\"publisher\":{\"@id\":\"https:\/\/now-news.de\/de\/#organization\"},\"potentialAction\":[{\"@type\":\"SearchAction\",\"target\":{\"@type\":\"EntryPoint\",\"urlTemplate\":\"https:\/\/now-news.de\/de\/?s={search_term_string}\"},\"query-input\":\"required name=search_term_string\"}],\"inLanguage\":\"de\"},{\"@type\":\"Organization\",\"@id\":\"https:\/\/now-news.de\/de\/#organization\",\"name\":\"Just Now News\",\"url\":\"https:\/\/now-news.de\/de\/\",\"logo\":{\"@type\":\"ImageObject\",\"inLanguage\":\"de\",\"@id\":\"https:\/\/now-news.de\/de\/#\/schema\/logo\/image\/\",\"url\":\"http:\/\/just-now.news\/de\/wp-content\/uploads\/sites\/3\/2022\/04\/logo500x500.jpg\",\"contentUrl\":\"http:\/\/just-now.news\/de\/wp-content\/uploads\/sites\/3\/2022\/04\/logo500x500.jpg\",\"width\":500,\"height\":500,\"caption\":\"Just Now News\"},\"image\":{\"@id\":\"https:\/\/now-news.de\/de\/#\/schema\/logo\/image\/\"},\"sameAs\":[\"https:\/\/www.facebook.com\/wirmachenauf\",\"https:\/\/x.com\/WirMachenAuf_de\"]},{\"@type\":\"Person\",\"@id\":\"https:\/\/now-news.de\/de\/#\/schema\/person\/fb534a4e865501d8b3285208df34a9b5\",\"name\":\"rtnews\",\"image\":{\"@type\":\"ImageObject\",\"inLanguage\":\"de\",\"@id\":\"https:\/\/now-news.de\/de\/#\/schema\/person\/image\/\",\"url\":\"https:\/\/secure.gravatar.com\/avatar\/82aafea7d8127119dd649515f56e2117?s=96&d=mm&r=g\",\"contentUrl\":\"https:\/\/secure.gravatar.com\/avatar\/82aafea7d8127119dd649515f56e2117?s=96&d=mm&r=g\",\"caption\":\"rtnews\"},\"url\":\"https:\/\/now-news.de\/de\/author\/rnews\/\"}]}<\/script>\n<!-- \/ Yoast SEO Premium plugin. -->","yoast_head_json":{"title":"Kreml best\u00e4tigt: Xi Jinping kommt zum Tag des Sieges nach Moskau - just-now.NEWS Deutschland","robots":{"index":"index","follow":"follow","max-snippet":"max-snippet:-1","max-image-preview":"max-image-preview:large","max-video-preview":"max-video-preview:-1"},"canonical":"https:\/\/now-news.de\/de\/deutschland\/kreml-bestaetigt-xi-jinping-kommt-zum-tag-des-sieges-nach-moskau\/","og_locale":"de_DE","og_type":"article","og_title":"Kreml best\u00e4tigt: Xi Jinping kommt zum Tag des Sieges nach Moskau","og_description":"Mehr als 20 ausl\u00e4ndische Staatsoberh\u00e4upter werden zu den Feierlichkeiten anl\u00e4sslich des 80. Jahrestages des Sieges im Zweiten Weltkrieg in Moskau erwartet. Die Chefin der EU-Au\u00dfenpolitik, Kaja Kallas, warnte die Staatschefs der EU-Beitrittskandidaten vor der Teilnahme an der Feier. Der chinesische Pr\u00e4sident Xi Jinping wird an den Moskauer Feierlichkeiten zum 80. Jahrestag des Sieges im Zweiten [&hellip;]","og_url":"https:\/\/now-news.de\/de\/deutschland\/kreml-bestaetigt-xi-jinping-kommt-zum-tag-des-sieges-nach-moskau\/","og_site_name":"just-now.NEWS Deutschland","article_publisher":"https:\/\/www.facebook.com\/wirmachenauf","article_published_time":"2025-04-30T16:16:52+00:00","og_image":[{"url":"https:\/\/now-news.de\/de\/wp-content\/uploads\/sites\/3\/2025\/04\/68123a2148fbef42592159b1.jpg"}],"author":"rtnews","twitter_card":"summary_large_image","twitter_creator":"@WirMachenAuf_de","twitter_site":"@WirMachenAuf_de","twitter_misc":{"Verfasst von":"rtnews","Gesch\u00e4tzte Lesezeit":"2\u00a0Minuten"},"schema":{"@context":"https:\/\/schema.org","@graph":[{"@type":"Article","@id":"https:\/\/now-news.de\/de\/deutschland\/kreml-bestaetigt-xi-jinping-kommt-zum-tag-des-sieges-nach-moskau\/#article","isPartOf":{"@id":"https:\/\/now-news.de\/de\/deutschland\/kreml-bestaetigt-xi-jinping-kommt-zum-tag-des-sieges-nach-moskau\/"},"author":{"name":"rtnews","@id":"https:\/\/now-news.de\/de\/#\/schema\/person\/fb534a4e865501d8b3285208df34a9b5"},"headline":"Kreml best\u00e4tigt: Xi Jinping kommt zum Tag des Sieges nach Moskau","datePublished":"2025-04-30T16:16:52+00:00","dateModified":"2025-04-30T16:16:52+00:00","mainEntityOfPage":{"@id":"https:\/\/now-news.de\/de\/deutschland\/kreml-bestaetigt-xi-jinping-kommt-zum-tag-des-sieges-nach-moskau\/"},"wordCount":435,"commentCount":0,"publisher":{"@id":"https:\/\/now-news.de\/de\/#organization"},"image":{"@id":"https:\/\/now-news.de\/de\/deutschland\/kreml-bestaetigt-xi-jinping-kommt-zum-tag-des-sieges-nach-moskau\/#primaryimage"},"thumbnailUrl":"https:\/\/now-news.de\/de\/wp-content\/uploads\/sites\/3\/2025\/04\/Kreml-bestaetigt-Xi-Jinping-kommt-zum-Tag-des-Sieges-nach.jpg","keywords":["best\u00e4tigt","des","Jinping","kommt","Kreml","Moskau","nach","Sieges","Tag","zum"],"articleSection":["Deutschland","Russland"],"inLanguage":"de","potentialAction":[{"@type":"CommentAction","name":"Comment","target":["https:\/\/now-news.de\/de\/deutschland\/kreml-bestaetigt-xi-jinping-kommt-zum-tag-des-sieges-nach-moskau\/#respond"]}]},{"@type":"WebPage","@id":"https:\/\/now-news.de\/de\/deutschland\/kreml-bestaetigt-xi-jinping-kommt-zum-tag-des-sieges-nach-moskau\/","url":"https:\/\/now-news.de\/de\/deutschland\/kreml-bestaetigt-xi-jinping-kommt-zum-tag-des-sieges-nach-moskau\/","name":"Kreml best\u00e4tigt: Xi Jinping kommt zum Tag des Sieges nach Moskau - just-now.NEWS Deutschland","isPartOf":{"@id":"https:\/\/now-news.de\/de\/#website"},"primaryImageOfPage":{"@id":"https:\/\/now-news.de\/de\/deutschland\/kreml-bestaetigt-xi-jinping-kommt-zum-tag-des-sieges-nach-moskau\/#primaryimage"},"image":{"@id":"https:\/\/now-news.de\/de\/deutschland\/kreml-bestaetigt-xi-jinping-kommt-zum-tag-des-sieges-nach-moskau\/#primaryimage"},"thumbnailUrl":"https:\/\/now-news.de\/de\/wp-content\/uploads\/sites\/3\/2025\/04\/Kreml-bestaetigt-Xi-Jinping-kommt-zum-Tag-des-Sieges-nach.jpg","datePublished":"2025-04-30T16:16:52+00:00","dateModified":"2025-04-30T16:16:52+00:00","breadcrumb":{"@id":"https:\/\/now-news.de\/de\/deutschland\/kreml-bestaetigt-xi-jinping-kommt-zum-tag-des-sieges-nach-moskau\/#breadcrumb"},"inLanguage":"de","potentialAction":[{"@type":"ReadAction","target":["https:\/\/now-news.de\/de\/deutschland\/kreml-bestaetigt-xi-jinping-kommt-zum-tag-des-sieges-nach-moskau\/"]}]},{"@type":"ImageObject","inLanguage":"de","@id":"https:\/\/now-news.de\/de\/deutschland\/kreml-bestaetigt-xi-jinping-kommt-zum-tag-des-sieges-nach-moskau\/#primaryimage","url":"https:\/\/now-news.de\/de\/wp-content\/uploads\/sites\/3\/2025\/04\/Kreml-bestaetigt-Xi-Jinping-kommt-zum-Tag-des-Sieges-nach.jpg","contentUrl":"https:\/\/now-news.de\/de\/wp-content\/uploads\/sites\/3\/2025\/04\/Kreml-bestaetigt-Xi-Jinping-kommt-zum-Tag-des-Sieges-nach.jpg","width":460,"height":259,"caption":"Kreml best\u00e4tigt: Xi Jinping kommt zum Tag des Sieges nach Moskau"},{"@type":"BreadcrumbList","@id":"https:\/\/now-news.de\/de\/deutschland\/kreml-bestaetigt-xi-jinping-kommt-zum-tag-des-sieges-nach-moskau\/#breadcrumb","itemListElement":[{"@type":"ListItem","position":1,"name":"Home","item":"https:\/\/now-news.de\/de\/"},{"@type":"ListItem","position":2,"name":"Kreml best\u00e4tigt: Xi Jinping kommt zum Tag des Sieges nach Moskau"}]},{"@type":"WebSite","@id":"https:\/\/now-news.de\/de\/#website","url":"https:\/\/now-news.de\/de\/","name":"just-now.NEWS Deutschland","description":"Das Portal f\u00fcr unzensierte Nachrichten aus der Welt","publisher":{"@id":"https:\/\/now-news.de\/de\/#organization"},"potentialAction":[{"@type":"SearchAction","target":{"@type":"EntryPoint","urlTemplate":"https:\/\/now-news.de\/de\/?s={search_term_string}"},"query-input":"required name=search_term_string"}],"inLanguage":"de"},{"@type":"Organization","@id":"https:\/\/now-news.de\/de\/#organization","name":"Just Now News","url":"https:\/\/now-news.de\/de\/","logo":{"@type":"ImageObject","inLanguage":"de","@id":"https:\/\/now-news.de\/de\/#\/schema\/logo\/image\/","url":"http:\/\/just-now.news\/de\/wp-content\/uploads\/sites\/3\/2022\/04\/logo500x500.jpg","contentUrl":"http:\/\/just-now.news\/de\/wp-content\/uploads\/sites\/3\/2022\/04\/logo500x500.jpg","width":500,"height":500,"caption":"Just Now News"},"image":{"@id":"https:\/\/now-news.de\/de\/#\/schema\/logo\/image\/"},"sameAs":["https:\/\/www.facebook.com\/wirmachenauf","https:\/\/x.com\/WirMachenAuf_de"]},{"@type":"Person","@id":"https:\/\/now-news.de\/de\/#\/schema\/person\/fb534a4e865501d8b3285208df34a9b5","name":"rtnews","image":{"@type":"ImageObject","inLanguage":"de","@id":"https:\/\/now-news.de\/de\/#\/schema\/person\/image\/","url":"https:\/\/secure.gravatar.com\/avatar\/82aafea7d8127119dd649515f56e2117?s=96&d=mm&r=g","contentUrl":"https:\/\/secure.gravatar.com\/avatar\/82aafea7d8127119dd649515f56e2117?s=96&d=mm&r=g","caption":"rtnews"},"url":"https:\/\/now-news.de\/de\/author\/rnews\/"}]}},"_links":{"self":[{"href":"https:\/\/now-news.de\/de\/wp-json\/wp\/v2\/posts\/83016"}],"collection":[{"href":"https:\/\/now-news.de\/de\/wp-json\/wp\/v2\/posts"}],"about":[{"href":"https:\/\/now-news.de\/de\/wp-json\/wp\/v2\/types\/post"}],"author":[{"embeddable":true,"href":"https:\/\/now-news.de\/de\/wp-json\/wp\/v2\/users\/3"}],"replies":[{"embeddable":true,"href":"https:\/\/now-news.de\/de\/wp-json\/wp\/v2\/comments?post=83016"}],"version-history":[{"count":0,"href":"https:\/\/now-news.de\/de\/wp-json\/wp\/v2\/posts\/83016\/revisions"}],"wp:featuredmedia":[{"embeddable":true,"href":"https:\/\/now-news.de\/de\/wp-json\/wp\/v2\/media\/83017"}],"wp:attachment":[{"href":"https:\/\/now-news.de\/de\/wp-json\/wp\/v2\/media?parent=83016"}],"wp:term":[{"taxonomy":"category","embeddable":true,"href":"https:\/\/now-news.de\/de\/wp-json\/wp\/v2\/categories?post=83016"},{"taxonomy":"post_tag","embeddable":true,"href":"https:\/\/now-news.de\/de\/wp-json\/wp\/v2\/tags?post=83016"}],"curies":[{"name":"wp","href":"https:\/\/api.w.org\/{rel}","templated":true}]}}