{"id":82971,"date":"2025-04-29T19:09:39","date_gmt":"2025-04-29T17:09:39","guid":{"rendered":"https:\/\/now-news.de\/de\/deutschland\/zu-frueh-gefeiert-spaniens-umstellung-auf-gruene-energie-und-der-blackout\/"},"modified":"2025-04-29T19:09:39","modified_gmt":"2025-04-29T17:09:39","slug":"zu-frueh-gefeiert-spaniens-umstellung-auf-gruene-energie-und-der-blackout","status":"publish","type":"post","link":"https:\/\/now-news.de\/de\/deutschland\/zu-frueh-gefeiert-spaniens-umstellung-auf-gruene-energie-und-der-blackout\/","title":{"rendered":"Zu fr\u00fch gefeiert: Spaniens Umstellung auf Gr\u00fcne Energie und der Blackout"},"content":{"rendered":"<p><img decoding=\"async\" src=\"https:\/\/now-news.de\/de\/wp-content\/uploads\/sites\/3\/2025\/04\/6810feee48fbef42092b1c9b.jpg\" \/><\/p>\n<div class=\"Text-root Text-type_1 \">\n                Vor knapp zwei Wochen feierte Spanien seine &#8220;hundertprozentige Nutzung erneuerbarer Energien&#8221;. Dann erlebte die gesamte Iberische Halbinsel den gr\u00f6\u00dften und nachhaltigsten Stromausfall der Geschichte. Nicht der gr\u00fcne Wahn, sondern ein &#8220;seltenes atmosph\u00e4risches Ph\u00e4nomen&#8221; wird daf\u00fcr verantwortlich gemacht.\n            <\/div>\n<p><\/p>\n<div class=\"Text-root Text-type_5 ArticleView-text ViewText-root \">\n<p><em>Von Rainer Rupp<\/em><strong><\/strong><\/p>\n<p>Am 16.\u00a0April 2025 erreichte\u00a0Spanien einen historischen Meilenstein, als das nationale Stromnetz an einem Wochentag erstmals vollst\u00e4ndig mit erneuerbaren Energien betrieben wurde. Dieses Ereignis wurde weithin als bedeutender Schritt hin zu nachhaltiger Energie gefeiert, wobei Wind-, Solar- und Wasserkraft 100\u00a0Prozent des Strombedarfs auf der Halbinsel deckten. Konkret trugen Windkraft 45,8\u00a0Prozent, Solarenergie 27\u00a0Prozent und Wasserkraft 23,1\u00a0Prozent zum Energiemix bei.<\/p>\n<p>Um 11:15\u00a0Uhr an jenem 16. April erzeugten Wind- und Solarphotovoltaik (PV) zusammen 100,63\u00a0Prozent des Gesamtbedarfs, was einen historischen Moment in Spaniens Energiegeschichte markierte. F\u00fcnf Tage sp\u00e4ter, am 21.\u00a0April, stellte die Solarenergie einen weiteren Rekord auf, indem sie 20.120\u00a0MW sofortige Leistung erzeugte und damit 78,6\u00a0Prozent des Bedarfs und 61,5\u00a0Prozent des Strommixes abdeckte.<\/p>\n<p>Die Feier wurde jedoch von einem massiven Stromausfall am 28.\u00a0April 2025 \u00fcberschattet, der Spanien und Teile Portugals betraf. Das hat europaweit die wohlbegr\u00fcndete Skepsis hinsichtlich der Zuverl\u00e4ssigkeit eines vollst\u00e4ndig auf erneuerbaren Energien betrieben Stromnetzes erneut unterstrichen. In etlichen Berichten wird darauf hingewiesen, dass Spaniens zunehmende Abh\u00e4ngigkeit von erneuerbaren Energien die Systemtr\u00e4gheit des Netzes verringert hat. Das habe das Netz anf\u00e4lliger f\u00fcr St\u00f6rungen gemacht, die zuvor durch bereitstehende AKWs und erdgasbetriebe Kraftwerke verhindert wurden. Diese Stabilit\u00e4t ist von den gr\u00fcnen Sektierern auch in Spanien schrittweise abgeschafft worden.<\/p>\n<p><strong>Ursache des pl\u00f6tzlichen Frequenzabfalls<\/strong><\/p>\n<p>Von offizieller spanischer Seite hei\u00dft es, die Nachforschungen nach den Ursachen dieses gigantischen Blackouts h\u00e4tten ergeben, dass dieser durch einen pl\u00f6tzlichen Frequenzabfall um 0,15\u00a0Hz unter dem Standard von 50\u00a0Hz verursacht wurde. In Fachkreisen wei\u00df jeder, dass schon geringste Abweichungen von der Standardfrequenz zu einem Netzzusammenbruch f\u00fchren k\u00f6nnen. Im aktuellen Fall in Spanien betrug der Abfall von 0,15\u00a0Hz gerade mal 0,3\u00a0Prozent, also drei Tausendstel des 50-Hz-Standards.<\/p>\n<p>Offiziell wird die Ursache f\u00fcr den Frequenzabfall an extremen Temperaturschwankungen festgemacht, die zu &#8220;induzierten atmosph\u00e4rischen Oszillationen (Vibrationen)&#8221; in den Hochspannungsleitungen gef\u00fchrt h\u00e4tten. Glaubt man dieser Aussage, dann stehen Spanien in Zukunft alle naselang neue Blackouts bevor.<\/p>\n<p>Die Frage, ob der Zusammenbruch der landesweiten Elektrizit\u00e4tsversorgung wom\u00f6glich mit der in Spanien exzessiv vorangetrieben Gr\u00fcnen Energie zu tun haben k\u00f6nnte, wird weder von offiziellen Stellen noch von den gr\u00fcn-versifften Qualit\u00e4tsmedien gestellt, weder in der spanischen noch in der deutschen Berichterstattung. Die hohe Abh\u00e4ngigkeit von erneuerbaren Energien, die weniger Tr\u00e4gheit bieten als traditionelle Kraftwerke, erh\u00f6ht jedoch die Anf\u00e4lligkeit des Netzes durch Frequenzschwankungen.<\/p>\n<p>Die Bedeutung der Tr\u00e4gheit der verschiedenen Einspeiser ins Elektrizit\u00e4tsnetz l\u00e4sst sich an einem einfachen Beispiel verdeutlichen. Angenommen, wir haben einen gro\u00dfen Wasserbeh\u00e4lter von 1.000\u00a0Litern, dessen Zu- und Ablauf so geregelt ist, dass der vorgeschriebene Normalstand immer m\u00f6glichst genau bei 750\u00a0Litern liegt und nur allergeringste Abweichungen toleriert werden. Daneben haben wir einen anderen Beh\u00e4lter mit 100\u00a0Litern, bei dem als Normalstand 75\u00a0Liter gehalten werden soll. Wenn nun aus unvorhergesehenen Gr\u00fcnden aus jedem dieser Beh\u00e4lter ein Liter entweicht, dann liegt die Abweichung vom vorgeschrieben Standardniveau beim gro\u00dfen Beh\u00e4lter bei 0,13\u00a0Prozent und beim kleinen Beh\u00e4lter bei 1,33\u00a0Prozent.<\/p>\n<p>Auf das Elektrizit\u00e4tsnetz \u00fcbertragen bedeutet dieses Beispiel:<\/p>\n<ul>\n<li>\n<p>Erstens, dass derartige Schwankungen nur dann ausgeglichen werden k\u00f6nnen, wenn parallel zur Einspeisung der alternativen Energien in das Netz ausreichend stabile &#8220;klassische&#8221; Einspeiser laufen, die in Sekundenschnelle als Reserven zugeschaltet werden k\u00f6nnen, damit die Schwankungen nicht in den gef\u00e4hrlichen Bereich steigen.<\/p>\n<\/li>\n<li>\n<p>Zweitens: Das Ausma\u00df der als Reserven laufenden Einspeiser richtet sich nach der Gr\u00f6\u00dfe der zu erwartenden Schwankungen der alternativen Netz-Einspeiser.<\/p>\n<\/li>\n<\/ul>\n<p>Das hei\u00dft also, verl\u00e4ssliche Stromerzeuger, die schnell auf Hochtouren kommen k\u00f6nnen, m\u00fcssen jederzeit bereitstehen, d.\u00a0h. sie m\u00fcssen st\u00e4ndig laufen, um im Ernstfall schnell hochfahren zu k\u00f6nnen. Diese Bedingungen erf\u00fcllen nur Gasturbinen-Kraftwerke und AKWs. Auch die gr\u00fcnen Wasserkraftwerke erf\u00fcllen die geforderten Eigenschaften, aber sie spielen in den meisten L\u00e4ndern nur eine marginale Rolle.<\/p>\n<p>Auch Portugal und die an Spanien grenzenden Regionen Frankreichs waren vom Blackout betroffen, weil ihre Stromnetze direkt mit Spanien verbunden sind. Als das spanische Netz zusammenbrach, breitete sich die Instabilit\u00e4t \u00fcber diese Verbindungen aus, was zu Ausf\u00e4llen in den verbundenen Regionen f\u00fchrte. Die vernetzte Natur des europ\u00e4ischen Netzes, obwohl vorteilhaft f\u00fcr den Energieaustausch, bedeutet auch, dass St\u00f6rungen in einer Region auf andere \u00fcbergehen k\u00f6nnen, wie bei diesem Vorfall gesehen.<\/p>\n<p>Dieser Vorfall unterstreicht die Verwundbarkeiten moderner Netze, insbesondere mit zunehmender Integration erneuerbarer Energien und extremen Wetterereignissen. Vor allem die Risiken einer reduzierten Systemtr\u00e4gheit bei Stromeinspeisung durch Wind- und Solarenergie wurde durch den Vorfall erneut in den Fokus ger\u00fcckt. Massive Investitionen in netzbildende Konverter und verbesserte Speicherl\u00f6sungen zur Stabilisierung der Frequenz k\u00f6nnten helfen. Aber ohne ausreichende Gas- und Atomkraftwerke wird auf absehbare Zeit eine Stabilisierung der Netzschwankungen bei alternativen Energieeinspeisungen nicht zu garantieren sein.<\/p>\n<p>Die in diesem Artikel angesprochene Problematik wurde weder in spanischen noch in den deutschen selbst ernannten Qualit\u00e4tsmedien angesprochen, w\u00fcrde dadurch doch die exzessive, von der EU geforderte Vergr\u00fcnung der Energieerzeugung hinterfragt, die die Strompreise und die Versorgung unsicherer macht. Stattdessen durfte in der <em>ARD<\/em>&#8211;<em>Tagesschau<\/em> am Montagabend ein vom Bund angestellter und bezahlter Experte zur besten Sendezeit den Zuschauern versichern, dass so was wie in Spanien &#8220;in Deutschland nie passieren&#8221; k\u00f6nnte.<\/p>\n<p>Nat\u00fcrlich wollten auch in Deutschland einschl\u00e4gige Kriegstreiberkreise die Krise in Spanien nicht ungenutzt verstreichen lassen. Umgehend brachten sie den omin\u00f6sen Verdacht eines Cyberangriffs in die Diskussion. Auch wenn von offizieller spanischer Seite kein entsprechender Verdacht ge\u00e4u\u00dfert wurde, wird es wahrscheinlich nur eine Frage der Zeit sein, bis westliche Geheimnisse absolut zuverl\u00e4ssige, aber streng geheime Beweise daf\u00fcr gefunden haben, dass es die Russen waren.<\/p>\n<p><strong>Mehr zum Thema<\/strong> &#8211; <a rel=\"nofollow noopener\" target=\"_blank\" href=\"https:\/\/freedert.online\/inland\/229544-ganz-dynamisch-in-ruin-habeck-plaene-haben-unabsehbare-folgen\/\">Ganz dynamisch in den Ruin \u2013 Habeck-Pl\u00e4ne haben unabsehbare Folgen f\u00fcr deutsche Energieversorgung<\/a><\/p>\n<\/p>\n<\/div>\n<p><br \/>\n<br \/><a href=\"https:\/\/de.rt.com\/meinung\/243730-spanien-hat-seine-umstellung-auf-gruene-energie-zu-frueh-gefeiert\/\">Source link <\/a><\/p>\n","protected":false},"excerpt":{"rendered":"<p>Vor knapp zwei Wochen feierte Spanien seine &#8220;hundertprozentige Nutzung erneuerbarer Energien&#8221;. Dann erlebte die gesamte Iberische Halbinsel den gr\u00f6\u00dften und nachhaltigsten Stromausfall der Geschichte. Nicht der gr\u00fcne Wahn, sondern ein &#8220;seltenes atmosph\u00e4risches Ph\u00e4nomen&#8221; wird daf\u00fcr verantwortlich gemacht. Von Rainer Rupp Am 16.\u00a0April 2025 erreichte\u00a0Spanien einen historischen Meilenstein, als das nationale Stromnetz an einem Wochentag erstmals [&hellip;]<\/p>\n","protected":false},"author":3,"featured_media":82972,"comment_status":"open","ping_status":"open","sticky":false,"template":"","format":"standard","meta":{"_yoast_indexnow_last_ping":["1745947264"],"wp_automatic_camp":["217"],"49d32d80cb6c93dedcefd9f95fbf9155":["Zu fr\u00fch gefeiert: Spaniens Umstellung auf Gr\u00fcne Energie und der Blackout"],"original_link":["https:\/\/de.rt.com\/meinung\/243730-spanien-hat-seine-umstellung-auf-gruene-energie-zu-frueh-gefeiert\/"],"_thumbnail_id":["82972"],"jnews_social_counter_last_update":["1777099017"],"_wptgpro_p2tg_sent2tg":["a:1:{i:23737;s:19:\"2025-04-29 19:22:05\";}"]},"categories":[19,23],"tags":[133,13717,82,20756,8105,25236,1434,31360,49239,140],"yoast_head":"<!-- This site is optimized with the Yoast SEO Premium plugin v22.7 (Yoast SEO v22.7) - https:\/\/yoast.com\/wordpress\/plugins\/seo\/ -->\n<title>Zu fr\u00fch gefeiert: Spaniens Umstellung auf Gr\u00fcne Energie und der Blackout - just-now.NEWS Deutschland<\/title>\n<meta name=\"robots\" content=\"index, follow, max-snippet:-1, max-image-preview:large, max-video-preview:-1\" \/>\n<link rel=\"canonical\" href=\"https:\/\/now-news.de\/de\/deutschland\/zu-frueh-gefeiert-spaniens-umstellung-auf-gruene-energie-und-der-blackout\/\" \/>\n<meta property=\"og:locale\" content=\"de_DE\" \/>\n<meta property=\"og:type\" content=\"article\" \/>\n<meta property=\"og:title\" content=\"Zu fr\u00fch gefeiert: Spaniens Umstellung auf Gr\u00fcne Energie und der Blackout\" \/>\n<meta property=\"og:description\" content=\"Vor knapp zwei Wochen feierte Spanien seine &#8220;hundertprozentige Nutzung erneuerbarer Energien&#8221;. Dann erlebte die gesamte Iberische Halbinsel den gr\u00f6\u00dften und nachhaltigsten Stromausfall der Geschichte. Nicht der gr\u00fcne Wahn, sondern ein &#8220;seltenes atmosph\u00e4risches Ph\u00e4nomen&#8221; wird daf\u00fcr verantwortlich gemacht. Von Rainer Rupp Am 16.\u00a0April 2025 erreichte\u00a0Spanien einen historischen Meilenstein, als das nationale Stromnetz an einem Wochentag erstmals [&hellip;]\" \/>\n<meta property=\"og:url\" content=\"https:\/\/now-news.de\/de\/deutschland\/zu-frueh-gefeiert-spaniens-umstellung-auf-gruene-energie-und-der-blackout\/\" \/>\n<meta property=\"og:site_name\" content=\"just-now.NEWS Deutschland\" \/>\n<meta property=\"article:publisher\" content=\"https:\/\/www.facebook.com\/wirmachenauf\" \/>\n<meta property=\"article:published_time\" content=\"2025-04-29T17:09:39+00:00\" \/>\n<meta property=\"og:image\" content=\"https:\/\/now-news.de\/de\/wp-content\/uploads\/sites\/3\/2025\/04\/6810feee48fbef42092b1c9b.jpg\" \/>\n<meta name=\"author\" content=\"rtnews\" \/>\n<meta name=\"twitter:card\" content=\"summary_large_image\" \/>\n<meta name=\"twitter:creator\" content=\"@WirMachenAuf_de\" \/>\n<meta name=\"twitter:site\" content=\"@WirMachenAuf_de\" \/>\n<meta name=\"twitter:label1\" content=\"Verfasst von\" \/>\n\t<meta name=\"twitter:data1\" content=\"rtnews\" \/>\n\t<meta name=\"twitter:label2\" content=\"Gesch\u00e4tzte Lesezeit\" \/>\n\t<meta name=\"twitter:data2\" content=\"5\u00a0Minuten\" \/>\n<script type=\"application\/ld+json\" class=\"yoast-schema-graph\">{\"@context\":\"https:\/\/schema.org\",\"@graph\":[{\"@type\":\"Article\",\"@id\":\"https:\/\/now-news.de\/de\/deutschland\/zu-frueh-gefeiert-spaniens-umstellung-auf-gruene-energie-und-der-blackout\/#article\",\"isPartOf\":{\"@id\":\"https:\/\/now-news.de\/de\/deutschland\/zu-frueh-gefeiert-spaniens-umstellung-auf-gruene-energie-und-der-blackout\/\"},\"author\":{\"name\":\"rtnews\",\"@id\":\"https:\/\/now-news.de\/de\/#\/schema\/person\/fb534a4e865501d8b3285208df34a9b5\"},\"headline\":\"Zu fr\u00fch gefeiert: Spaniens Umstellung auf Gr\u00fcne Energie und der Blackout\",\"datePublished\":\"2025-04-29T17:09:39+00:00\",\"dateModified\":\"2025-04-29T17:09:39+00:00\",\"mainEntityOfPage\":{\"@id\":\"https:\/\/now-news.de\/de\/deutschland\/zu-frueh-gefeiert-spaniens-umstellung-auf-gruene-energie-und-der-blackout\/\"},\"wordCount\":1010,\"commentCount\":0,\"publisher\":{\"@id\":\"https:\/\/now-news.de\/de\/#organization\"},\"image\":{\"@id\":\"https:\/\/now-news.de\/de\/deutschland\/zu-frueh-gefeiert-spaniens-umstellung-auf-gruene-energie-und-der-blackout\/#primaryimage\"},\"thumbnailUrl\":\"https:\/\/now-news.de\/de\/wp-content\/uploads\/sites\/3\/2025\/04\/Zu-frueh-gefeiert-Spaniens-Umstellung-auf-Gruene-Energie-und-der.jpg\",\"keywords\":[\"AUF\",\"Blackout\",\"der\",\"Energie\",\"fr\u00fch\",\"gefeiert\",\"Gr\u00fcne\",\"Spaniens\",\"Umstellung\",\"und\"],\"articleSection\":[\"Deutschland\",\"Russland\"],\"inLanguage\":\"de\",\"potentialAction\":[{\"@type\":\"CommentAction\",\"name\":\"Comment\",\"target\":[\"https:\/\/now-news.de\/de\/deutschland\/zu-frueh-gefeiert-spaniens-umstellung-auf-gruene-energie-und-der-blackout\/#respond\"]}]},{\"@type\":\"WebPage\",\"@id\":\"https:\/\/now-news.de\/de\/deutschland\/zu-frueh-gefeiert-spaniens-umstellung-auf-gruene-energie-und-der-blackout\/\",\"url\":\"https:\/\/now-news.de\/de\/deutschland\/zu-frueh-gefeiert-spaniens-umstellung-auf-gruene-energie-und-der-blackout\/\",\"name\":\"Zu fr\u00fch gefeiert: Spaniens Umstellung auf Gr\u00fcne Energie und der Blackout - just-now.NEWS Deutschland\",\"isPartOf\":{\"@id\":\"https:\/\/now-news.de\/de\/#website\"},\"primaryImageOfPage\":{\"@id\":\"https:\/\/now-news.de\/de\/deutschland\/zu-frueh-gefeiert-spaniens-umstellung-auf-gruene-energie-und-der-blackout\/#primaryimage\"},\"image\":{\"@id\":\"https:\/\/now-news.de\/de\/deutschland\/zu-frueh-gefeiert-spaniens-umstellung-auf-gruene-energie-und-der-blackout\/#primaryimage\"},\"thumbnailUrl\":\"https:\/\/now-news.de\/de\/wp-content\/uploads\/sites\/3\/2025\/04\/Zu-frueh-gefeiert-Spaniens-Umstellung-auf-Gruene-Energie-und-der.jpg\",\"datePublished\":\"2025-04-29T17:09:39+00:00\",\"dateModified\":\"2025-04-29T17:09:39+00:00\",\"breadcrumb\":{\"@id\":\"https:\/\/now-news.de\/de\/deutschland\/zu-frueh-gefeiert-spaniens-umstellung-auf-gruene-energie-und-der-blackout\/#breadcrumb\"},\"inLanguage\":\"de\",\"potentialAction\":[{\"@type\":\"ReadAction\",\"target\":[\"https:\/\/now-news.de\/de\/deutschland\/zu-frueh-gefeiert-spaniens-umstellung-auf-gruene-energie-und-der-blackout\/\"]}]},{\"@type\":\"ImageObject\",\"inLanguage\":\"de\",\"@id\":\"https:\/\/now-news.de\/de\/deutschland\/zu-frueh-gefeiert-spaniens-umstellung-auf-gruene-energie-und-der-blackout\/#primaryimage\",\"url\":\"https:\/\/now-news.de\/de\/wp-content\/uploads\/sites\/3\/2025\/04\/Zu-frueh-gefeiert-Spaniens-Umstellung-auf-Gruene-Energie-und-der.jpg\",\"contentUrl\":\"https:\/\/now-news.de\/de\/wp-content\/uploads\/sites\/3\/2025\/04\/Zu-frueh-gefeiert-Spaniens-Umstellung-auf-Gruene-Energie-und-der.jpg\",\"width\":460,\"height\":259,\"caption\":\"Zu fr\u00fch gefeiert: Spaniens Umstellung auf Gr\u00fcne Energie und der Blackout\"},{\"@type\":\"BreadcrumbList\",\"@id\":\"https:\/\/now-news.de\/de\/deutschland\/zu-frueh-gefeiert-spaniens-umstellung-auf-gruene-energie-und-der-blackout\/#breadcrumb\",\"itemListElement\":[{\"@type\":\"ListItem\",\"position\":1,\"name\":\"Home\",\"item\":\"https:\/\/now-news.de\/de\/\"},{\"@type\":\"ListItem\",\"position\":2,\"name\":\"Zu fr\u00fch gefeiert: Spaniens Umstellung auf Gr\u00fcne Energie und der Blackout\"}]},{\"@type\":\"WebSite\",\"@id\":\"https:\/\/now-news.de\/de\/#website\",\"url\":\"https:\/\/now-news.de\/de\/\",\"name\":\"just-now.NEWS Deutschland\",\"description\":\"Das Portal f\u00fcr unzensierte Nachrichten aus der Welt\",\"publisher\":{\"@id\":\"https:\/\/now-news.de\/de\/#organization\"},\"potentialAction\":[{\"@type\":\"SearchAction\",\"target\":{\"@type\":\"EntryPoint\",\"urlTemplate\":\"https:\/\/now-news.de\/de\/?s={search_term_string}\"},\"query-input\":\"required name=search_term_string\"}],\"inLanguage\":\"de\"},{\"@type\":\"Organization\",\"@id\":\"https:\/\/now-news.de\/de\/#organization\",\"name\":\"Just Now News\",\"url\":\"https:\/\/now-news.de\/de\/\",\"logo\":{\"@type\":\"ImageObject\",\"inLanguage\":\"de\",\"@id\":\"https:\/\/now-news.de\/de\/#\/schema\/logo\/image\/\",\"url\":\"http:\/\/just-now.news\/de\/wp-content\/uploads\/sites\/3\/2022\/04\/logo500x500.jpg\",\"contentUrl\":\"http:\/\/just-now.news\/de\/wp-content\/uploads\/sites\/3\/2022\/04\/logo500x500.jpg\",\"width\":500,\"height\":500,\"caption\":\"Just Now News\"},\"image\":{\"@id\":\"https:\/\/now-news.de\/de\/#\/schema\/logo\/image\/\"},\"sameAs\":[\"https:\/\/www.facebook.com\/wirmachenauf\",\"https:\/\/x.com\/WirMachenAuf_de\"]},{\"@type\":\"Person\",\"@id\":\"https:\/\/now-news.de\/de\/#\/schema\/person\/fb534a4e865501d8b3285208df34a9b5\",\"name\":\"rtnews\",\"image\":{\"@type\":\"ImageObject\",\"inLanguage\":\"de\",\"@id\":\"https:\/\/now-news.de\/de\/#\/schema\/person\/image\/\",\"url\":\"https:\/\/secure.gravatar.com\/avatar\/82aafea7d8127119dd649515f56e2117?s=96&d=mm&r=g\",\"contentUrl\":\"https:\/\/secure.gravatar.com\/avatar\/82aafea7d8127119dd649515f56e2117?s=96&d=mm&r=g\",\"caption\":\"rtnews\"},\"url\":\"https:\/\/now-news.de\/de\/author\/rnews\/\"}]}<\/script>\n<!-- \/ Yoast SEO Premium plugin. -->","yoast_head_json":{"title":"Zu fr\u00fch gefeiert: Spaniens Umstellung auf Gr\u00fcne Energie und der Blackout - just-now.NEWS Deutschland","robots":{"index":"index","follow":"follow","max-snippet":"max-snippet:-1","max-image-preview":"max-image-preview:large","max-video-preview":"max-video-preview:-1"},"canonical":"https:\/\/now-news.de\/de\/deutschland\/zu-frueh-gefeiert-spaniens-umstellung-auf-gruene-energie-und-der-blackout\/","og_locale":"de_DE","og_type":"article","og_title":"Zu fr\u00fch gefeiert: Spaniens Umstellung auf Gr\u00fcne Energie und der Blackout","og_description":"Vor knapp zwei Wochen feierte Spanien seine &#8220;hundertprozentige Nutzung erneuerbarer Energien&#8221;. Dann erlebte die gesamte Iberische Halbinsel den gr\u00f6\u00dften und nachhaltigsten Stromausfall der Geschichte. Nicht der gr\u00fcne Wahn, sondern ein &#8220;seltenes atmosph\u00e4risches Ph\u00e4nomen&#8221; wird daf\u00fcr verantwortlich gemacht. Von Rainer Rupp Am 16.\u00a0April 2025 erreichte\u00a0Spanien einen historischen Meilenstein, als das nationale Stromnetz an einem Wochentag erstmals [&hellip;]","og_url":"https:\/\/now-news.de\/de\/deutschland\/zu-frueh-gefeiert-spaniens-umstellung-auf-gruene-energie-und-der-blackout\/","og_site_name":"just-now.NEWS Deutschland","article_publisher":"https:\/\/www.facebook.com\/wirmachenauf","article_published_time":"2025-04-29T17:09:39+00:00","og_image":[{"url":"https:\/\/now-news.de\/de\/wp-content\/uploads\/sites\/3\/2025\/04\/6810feee48fbef42092b1c9b.jpg"}],"author":"rtnews","twitter_card":"summary_large_image","twitter_creator":"@WirMachenAuf_de","twitter_site":"@WirMachenAuf_de","twitter_misc":{"Verfasst von":"rtnews","Gesch\u00e4tzte Lesezeit":"5\u00a0Minuten"},"schema":{"@context":"https:\/\/schema.org","@graph":[{"@type":"Article","@id":"https:\/\/now-news.de\/de\/deutschland\/zu-frueh-gefeiert-spaniens-umstellung-auf-gruene-energie-und-der-blackout\/#article","isPartOf":{"@id":"https:\/\/now-news.de\/de\/deutschland\/zu-frueh-gefeiert-spaniens-umstellung-auf-gruene-energie-und-der-blackout\/"},"author":{"name":"rtnews","@id":"https:\/\/now-news.de\/de\/#\/schema\/person\/fb534a4e865501d8b3285208df34a9b5"},"headline":"Zu fr\u00fch gefeiert: Spaniens Umstellung auf Gr\u00fcne Energie und der Blackout","datePublished":"2025-04-29T17:09:39+00:00","dateModified":"2025-04-29T17:09:39+00:00","mainEntityOfPage":{"@id":"https:\/\/now-news.de\/de\/deutschland\/zu-frueh-gefeiert-spaniens-umstellung-auf-gruene-energie-und-der-blackout\/"},"wordCount":1010,"commentCount":0,"publisher":{"@id":"https:\/\/now-news.de\/de\/#organization"},"image":{"@id":"https:\/\/now-news.de\/de\/deutschland\/zu-frueh-gefeiert-spaniens-umstellung-auf-gruene-energie-und-der-blackout\/#primaryimage"},"thumbnailUrl":"https:\/\/now-news.de\/de\/wp-content\/uploads\/sites\/3\/2025\/04\/Zu-frueh-gefeiert-Spaniens-Umstellung-auf-Gruene-Energie-und-der.jpg","keywords":["AUF","Blackout","der","Energie","fr\u00fch","gefeiert","Gr\u00fcne","Spaniens","Umstellung","und"],"articleSection":["Deutschland","Russland"],"inLanguage":"de","potentialAction":[{"@type":"CommentAction","name":"Comment","target":["https:\/\/now-news.de\/de\/deutschland\/zu-frueh-gefeiert-spaniens-umstellung-auf-gruene-energie-und-der-blackout\/#respond"]}]},{"@type":"WebPage","@id":"https:\/\/now-news.de\/de\/deutschland\/zu-frueh-gefeiert-spaniens-umstellung-auf-gruene-energie-und-der-blackout\/","url":"https:\/\/now-news.de\/de\/deutschland\/zu-frueh-gefeiert-spaniens-umstellung-auf-gruene-energie-und-der-blackout\/","name":"Zu fr\u00fch gefeiert: Spaniens Umstellung auf Gr\u00fcne Energie und der Blackout - just-now.NEWS Deutschland","isPartOf":{"@id":"https:\/\/now-news.de\/de\/#website"},"primaryImageOfPage":{"@id":"https:\/\/now-news.de\/de\/deutschland\/zu-frueh-gefeiert-spaniens-umstellung-auf-gruene-energie-und-der-blackout\/#primaryimage"},"image":{"@id":"https:\/\/now-news.de\/de\/deutschland\/zu-frueh-gefeiert-spaniens-umstellung-auf-gruene-energie-und-der-blackout\/#primaryimage"},"thumbnailUrl":"https:\/\/now-news.de\/de\/wp-content\/uploads\/sites\/3\/2025\/04\/Zu-frueh-gefeiert-Spaniens-Umstellung-auf-Gruene-Energie-und-der.jpg","datePublished":"2025-04-29T17:09:39+00:00","dateModified":"2025-04-29T17:09:39+00:00","breadcrumb":{"@id":"https:\/\/now-news.de\/de\/deutschland\/zu-frueh-gefeiert-spaniens-umstellung-auf-gruene-energie-und-der-blackout\/#breadcrumb"},"inLanguage":"de","potentialAction":[{"@type":"ReadAction","target":["https:\/\/now-news.de\/de\/deutschland\/zu-frueh-gefeiert-spaniens-umstellung-auf-gruene-energie-und-der-blackout\/"]}]},{"@type":"ImageObject","inLanguage":"de","@id":"https:\/\/now-news.de\/de\/deutschland\/zu-frueh-gefeiert-spaniens-umstellung-auf-gruene-energie-und-der-blackout\/#primaryimage","url":"https:\/\/now-news.de\/de\/wp-content\/uploads\/sites\/3\/2025\/04\/Zu-frueh-gefeiert-Spaniens-Umstellung-auf-Gruene-Energie-und-der.jpg","contentUrl":"https:\/\/now-news.de\/de\/wp-content\/uploads\/sites\/3\/2025\/04\/Zu-frueh-gefeiert-Spaniens-Umstellung-auf-Gruene-Energie-und-der.jpg","width":460,"height":259,"caption":"Zu fr\u00fch gefeiert: Spaniens Umstellung auf Gr\u00fcne Energie und der Blackout"},{"@type":"BreadcrumbList","@id":"https:\/\/now-news.de\/de\/deutschland\/zu-frueh-gefeiert-spaniens-umstellung-auf-gruene-energie-und-der-blackout\/#breadcrumb","itemListElement":[{"@type":"ListItem","position":1,"name":"Home","item":"https:\/\/now-news.de\/de\/"},{"@type":"ListItem","position":2,"name":"Zu fr\u00fch gefeiert: Spaniens Umstellung auf Gr\u00fcne Energie und der Blackout"}]},{"@type":"WebSite","@id":"https:\/\/now-news.de\/de\/#website","url":"https:\/\/now-news.de\/de\/","name":"just-now.NEWS Deutschland","description":"Das Portal f\u00fcr unzensierte Nachrichten aus der Welt","publisher":{"@id":"https:\/\/now-news.de\/de\/#organization"},"potentialAction":[{"@type":"SearchAction","target":{"@type":"EntryPoint","urlTemplate":"https:\/\/now-news.de\/de\/?s={search_term_string}"},"query-input":"required name=search_term_string"}],"inLanguage":"de"},{"@type":"Organization","@id":"https:\/\/now-news.de\/de\/#organization","name":"Just Now News","url":"https:\/\/now-news.de\/de\/","logo":{"@type":"ImageObject","inLanguage":"de","@id":"https:\/\/now-news.de\/de\/#\/schema\/logo\/image\/","url":"http:\/\/just-now.news\/de\/wp-content\/uploads\/sites\/3\/2022\/04\/logo500x500.jpg","contentUrl":"http:\/\/just-now.news\/de\/wp-content\/uploads\/sites\/3\/2022\/04\/logo500x500.jpg","width":500,"height":500,"caption":"Just Now News"},"image":{"@id":"https:\/\/now-news.de\/de\/#\/schema\/logo\/image\/"},"sameAs":["https:\/\/www.facebook.com\/wirmachenauf","https:\/\/x.com\/WirMachenAuf_de"]},{"@type":"Person","@id":"https:\/\/now-news.de\/de\/#\/schema\/person\/fb534a4e865501d8b3285208df34a9b5","name":"rtnews","image":{"@type":"ImageObject","inLanguage":"de","@id":"https:\/\/now-news.de\/de\/#\/schema\/person\/image\/","url":"https:\/\/secure.gravatar.com\/avatar\/82aafea7d8127119dd649515f56e2117?s=96&d=mm&r=g","contentUrl":"https:\/\/secure.gravatar.com\/avatar\/82aafea7d8127119dd649515f56e2117?s=96&d=mm&r=g","caption":"rtnews"},"url":"https:\/\/now-news.de\/de\/author\/rnews\/"}]}},"_links":{"self":[{"href":"https:\/\/now-news.de\/de\/wp-json\/wp\/v2\/posts\/82971"}],"collection":[{"href":"https:\/\/now-news.de\/de\/wp-json\/wp\/v2\/posts"}],"about":[{"href":"https:\/\/now-news.de\/de\/wp-json\/wp\/v2\/types\/post"}],"author":[{"embeddable":true,"href":"https:\/\/now-news.de\/de\/wp-json\/wp\/v2\/users\/3"}],"replies":[{"embeddable":true,"href":"https:\/\/now-news.de\/de\/wp-json\/wp\/v2\/comments?post=82971"}],"version-history":[{"count":0,"href":"https:\/\/now-news.de\/de\/wp-json\/wp\/v2\/posts\/82971\/revisions"}],"wp:featuredmedia":[{"embeddable":true,"href":"https:\/\/now-news.de\/de\/wp-json\/wp\/v2\/media\/82972"}],"wp:attachment":[{"href":"https:\/\/now-news.de\/de\/wp-json\/wp\/v2\/media?parent=82971"}],"wp:term":[{"taxonomy":"category","embeddable":true,"href":"https:\/\/now-news.de\/de\/wp-json\/wp\/v2\/categories?post=82971"},{"taxonomy":"post_tag","embeddable":true,"href":"https:\/\/now-news.de\/de\/wp-json\/wp\/v2\/tags?post=82971"}],"curies":[{"name":"wp","href":"https:\/\/api.w.org\/{rel}","templated":true}]}}