{"id":82929,"date":"2025-04-28T20:50:43","date_gmt":"2025-04-28T18:50:43","guid":{"rendered":"https:\/\/now-news.de\/de\/deutschland\/polen-vor-der-energiekrise-zwischen-realitaet-und-wahn\/"},"modified":"2025-04-28T20:50:43","modified_gmt":"2025-04-28T18:50:43","slug":"polen-vor-der-energiekrise-zwischen-realitaet-und-wahn","status":"publish","type":"post","link":"https:\/\/now-news.de\/de\/deutschland\/polen-vor-der-energiekrise-zwischen-realitaet-und-wahn\/","title":{"rendered":"Polen vor der Energiekrise? Zwischen Realit\u00e4t und Wahn"},"content":{"rendered":"<p><img decoding=\"async\" src=\"https:\/\/now-news.de\/de\/wp-content\/uploads\/sites\/3\/2025\/04\/680fb948b480cc3abc747437.jpg\" \/><\/p>\n<div class=\"Text-root Text-type_1 \">\n                &#8220;Krise&#8221; ist mittlerweile ein abgenutzter Begriff, der heute eher einen Dauerzustand bezeichnet. So sitzt Warschau zwischen zwei St\u00fchlen: Man sagt Polen voraus, die dominierende Macht in Europa zu werden. Zugleich fragt man sich, woher die ganze Energie kommen soll.\n            <\/div>\n<p><\/p>\n<div class=\"Text-root Text-type_5 ArticleView-text ViewText-root \">\n<p><em>Von Elem Chintsky<\/em><\/p>\n<p>H\u00f6rt man den staatlichen Medien in der EU zu, so wird der Eindruck erweckt, dass die polnische Republik in den vergangenen 20 Jahren einen Wandel vollzogen hat, der dem deutschen Wirtschaftswunder gleichkommt, welches vor 80 Jahren begann. Wie damals die Wirtschaft der nach dem Zweiten Weltkrieg neu gegr\u00fcndeten Bundesrepublik Deutschland von den USA mit Geldhilfen und Investitionen stimuliert wurde, so stand Polen seit seinem EU-Beitritt im Jahr 2004 Br\u00fcssels geldpolitischer Sammelkrug zur Verf\u00fcgung, um sich zu modernisieren und sogar zur sechstgr\u00f6\u00dften Volkswirtschaft der EU zu werden. Ein wirtschaftlicher Fortschritt ist demnach zum Teil erkennbar. Wie viel davon jedoch eigene Innovation ist, wird an der Oberfl\u00e4che kaum ersichtlich.<\/p>\n<p>Dabei sind es n\u00e4mlich westliche Konzerne, die den Standort Polen als billiges Montagewerk nutzen, in dem billige Arbeitskr\u00e4fte zur Stelle sind. Die eigentlichen Technologien und ihre Entwicklung sowie die Gewinne verbleiben au\u00dferhalb des Landes. Anschauliche Beispiele sind der viertgr\u00f6\u00dfte Automobilhersteller der Welt Stellantis, der im s\u00fcdpolnischen Tychy aktiv ist, oder die Volkswagen-Werke in Pozna\u0144. In solchen F\u00e4llen wird f\u00fcr den Export produziert. Die eigentlichen Entscheider sitzen im holl\u00e4ndischen Hoofddorp, in Paris oder Wolfsburg. Mit einfachen Worten: Warschau exportiert g\u00fcnstige Arbeitskraft, importiert aber teure, anderswo entwickelte Technologie.<\/p>\n<p>Wirft man einen fl\u00fcchtigen Blick in andere innovationsbedingte, neue Industriezweige, zum Beispiel den gesamten Blockchain-Sektor oder k\u00fcnstliche Intelligenz, so ist Polen nirgends in signifikanten Projekten mit gro\u00dfem intellektuellem Kapital vertreten. Anzumerken ist, dass dies auch f\u00fcr die unternehmerfeindliche EU als Ganzes gilt und somit selbstverst\u00e4ndlich auch f\u00fcr die Bundesrepublik. Dahingehend liegt die Innovation ziemlich einseitig in Nordamerika und Asien. Es gibt weder ein polnisches &#8220;Ethereum&#8221;, einen polnischen &#8220;Audi&#8221;, ein polnisches &#8220;Huawei&#8221;, noch ein polnisches &#8220;DeepSeek&#8221; oder ein polnisches &#8220;Boston Robotics&#8221;.<\/p>\n<p>Mit der parallel verlaufenden Deindustrialisierung Deutschlands wird aber dennoch vermehrt prognostiziert und suggeriert, dass es Polen sein wird, welches bald zur &#8220;<a rel=\"nofollow noopener\" target=\"_blank\" href=\"https:\/\/youtu.be\/FHNLASIpEp4?si=78cJxzVI411Xg6Zh\">neuen F\u00fchrungsmacht in Europa<\/a>&#8221; und zum &#8220;<a rel=\"nofollow noopener\" target=\"_blank\" href=\"https:\/\/youtu.be\/LZpckMy6mNE?si=PRiaBEgjSB4TU9EI\">neuen wirtschaftlichen Herz Europas<\/a>&#8221; aufsteigen soll. Damit wird oft auch seine rasant wachsende milit\u00e4rische Pr\u00e4senz in Osteuropa verkn\u00fcpft, welche \u2013 bei der im Westen bald erwarteten Konfrontation mit Russland \u2013 eine Schl\u00fcsselrolle spielen soll. Bis 2030 will Polen auf 300.000 kampff\u00e4hige Soldaten aufstocken \u2013 derzeit sind es knapp \u00fcber 202.000 Mann. Berlin hat circa 183.000, wobei Paris \u00fcber glatte 200.000 verf\u00fcgt. Die Zahlen sind zwar nah beieinander, aber die Bundesrepublik hat 83,5 Millionen, Frankreich 68,5 Millionen, Polen jedoch nur 37,5 Millionen Einwohner. Daher kann prozentual von einer h\u00f6heren Bereitschaft und Dringlichkeit gesprochen werden als bei Paris oder Berlin.<\/p>\n<p>Um jedoch diese singul\u00e4re F\u00fchrungsmacht der EU zu werden, bedarf es, wenn nicht \u00fcber eine autarke, so zumindest \u00fcber eine souver\u00e4ne Verf\u00fcgung dessen, was jede zur Wirtschafts- und Milit\u00e4rmacht aufstrebende Nation braucht: billige Energie. Wie steht es um Polens Energiegewinnung und Energiebeschaffung?<\/p>\n<p><strong>Die AKWs Polens \u2013 warum bisher nur ein Armutszeugnis?<\/strong><\/p>\n<p>Es gibt eine bemerkenswerte Pendel-Dynamik zwischen dem, was in Polen und was in Deutschland geschieht. W\u00e4hrend in Deutschland die langj\u00e4hrigen, historisch erwiesenen AKWs im Jahr 2023 ausgeschaltet wurden und nur noch die AfD politisch interessiert ist, diese Art der Stromerzeugung im Land wiederzubeleben und beizubehalten, plant Polen (wo es nie vorher, auch nicht zur Sowjetzeit) solche Stromerzeugung gegeben hat, den Bau neuer AKWs. Eines dieser Projekte wird an der polnischen Ostseek\u00fcste von der Aktiengesellschaft Polskie Elektrownie J\u0105drowe <a rel=\"nofollow noopener\" target=\"_blank\" href=\"https:\/\/pej.pl\/\">entwickelt<\/a>. Man &#8220;plane in zehn Jahren bereits das erste AKW in Betrieb zu nehmen&#8221; \u2013 was so viel bedeutet, wie, dass das Projekt gerade erst begonnen hat. Der Bau eines westlich konzipierten AKWs dauert n\u00e4mlich ungef\u00e4hr ein Jahrzehnt \u2013 die Chinesen und Russen machen es mittlerweile doppelt so schnell.<\/p>\n<p>Die vielen missgl\u00fcckten Versuche in Polens j\u00fcngerer Geschichte sollten jedoch nicht au\u00dfer Acht gelassen werden. Die drei wichtigsten sind die AKWs &#8220;Kujawy&#8221;, &#8220;Warta&#8221; und &#8220;\u017barnowiec&#8221;. Die ersten beiden wurden noch vor dem Berliner Mauerfall entweder in ihrem Bau verworfen oder zum Bau gar nicht erst zugelassen. &#8220;\u017barnowiec&#8221; war das AKW, um das man am l\u00e4ngsten k\u00e4mpfte. Ende der 1990er Jahre hatte der zur Wendezeit amtierende Handelsminister Polens, Tadeusz Syryjczyk, die Abkehr von der Atomkraft damit begr\u00fcndet, dass es &#8220;nicht notwendig f\u00fcr die interne Energiebilanz&#8221; sei, eine &#8220;fragw\u00fcrdige Rentabilit\u00e4t im Vergleich zu konventionellen Kraftwerken&#8221; vorlag und allgemeine &#8220;Unklarheit \u00fcber die Sicherheit&#8221; bestand. Letzteres war selbstverst\u00e4ndlich an das Desaster wenige Jahre zuvor in Tschernobyl gekn\u00fcpft, durch die auch die \u00f6ffentliche Meinung Polens gegen\u00fcber der Kernkraft weniger wohlwollend war. Ein gewichtiges Beispiel f\u00fcr eine missgl\u00fcckte energiepolitische Prognose war das Fazit des Ministers:<\/p>\n<blockquote>\n<p><em>&#8220;Das AKW \u017barnowiec ist eine unn\u00f6tige Investition f\u00fcr das polnische Energiesystem im Horizont von zehn bis 20 Jahren. Und danach ist \u00fcberhaupt nicht sicher, dass die Kernenergie ben\u00f6tigt wird.&#8221; <\/em><\/p>\n<\/blockquote>\n<p>Immer wieder tauchte das Stichwort &#8220;\u017barnowiec&#8221; auf, sobald die Politik versuchte, neue Baupl\u00e4ne in \u00e4hnlichen Orten umzusetzen. Zuletzt im M\u00e4rz 2010, als man auch die generellen &#8220;zehn Jahre Bauzeit bis zur Inbetriebnahme&#8221; in Aussicht stellte \u2013 im Jahr 2020, wie so oft zuvor, gab es nichts vorzuweisen au\u00dfer verschollene Haushaltsgelder.<\/p>\n<p>Warschau betreibt aber auch Energieprojekte, die in die westliche Klimarettungs-, Erneuerbarkeits- und Nachhaltigkeitsnarrative der Europ\u00e4ischen Union eingebettet sind. Hier sei besonders das bilaterale Projekt &#8220;Baltica 2&#8221; zwischen der staatlichen PGE Polska Grupa Energetyczna und der gr\u00f6\u00dften d\u00e4nischen Energiefirma \u00d8rsted zu nennen. Im Januar <a rel=\"nofollow noopener\" target=\"_blank\" href=\"https:\/\/www.reuters.com\/business\/energy\/orsted-pge-finalise-decision-invest-wind-farm-off-poland-2025-01-29\/\">wurde bekannt<\/a>, dass das Unterfangen in der finalen Phase der Umsetzung angekommen ist. Demnach sei das Ziel, 40 Prozent der gesamten polnischen Stromerzeugung bis ins Jahr 2040 aus Windenergie zu beziehen, die in diesen neuen Ostsee-Windparks generiert werden soll. &#8220;Baltica 2&#8221; allein soll 1,5 Gigawatt j\u00e4hrlich an Strom generieren. Die Inbetriebnahme ist f\u00fcr das Jahr 2027 geplant. Um diese langfristigen Ziele der Energiewende zu erzielen, m\u00fcsste jedoch mindestens ein Dutzend solcher Anlagen in den n\u00e4chsten Jahren entstehen. Zum Vergleich: Die gesamte Windenergie-Infrastruktur der USA <a rel=\"nofollow noopener\" target=\"_blank\" href=\"https:\/\/www.energy.gov\/eere\/wind\/land-based-wind-market-report\">erzeugt<\/a> mit 150 Gigawatt im Jahr das Hundertfache. Deutschland erzeugt (Stand 2023) 61 Gigawatt an Windkraft auf dem Land und 8,5 Gigawatt auf See \u2013 das ist rund ein Viertel der deutschen Stromerzeugung.<\/p>\n<p>Polen hat sich aus ideologischen Gr\u00fcnden im Jahr 2023 von Erdgas- und Kohlelieferungen aus Russland losgesagt. Eine eigene Erdgas-F\u00f6rderung gibt es zwar, diese konnte aber nur ein Drittel des nationalen Jahresbedarfs decken \u2013 zwei Drittel kamen bis Februar 2022 aus Russland. An dieser Stelle sind die Alternativen mit dem \u00fcberteuerten LNG aus den USA \u2013 \u00e4hnlich wie f\u00fcr die Bundesrepublik \u2013 eher unnachgiebig.<\/p>\n<p>Lange Zeit war Polens energetisches Steckenpferd die Kohle. Dabei ist ein innerer Energiekonflikt Warschaus besonders zu erw\u00e4hnen: die Zwischenf\u00e4lle in der Tur\u00f3w-Kohlemine seit dem letzten Jahr. Noch Anfang April 2025 verschafften sich Greenpeace-Aktivisten Zugang zum Gel\u00e4nde, machten \u00f6ffentlichkeitswirksam Druck und <a rel=\"nofollow noopener\" target=\"_blank\" href=\"https:\/\/www.wnp.pl\/energia\/energetyka\/aktywisci-greenpeace-zostaja-na-noc-na-terenie-kopalni-turow,932039.html\">riefen Ministerpr\u00e4sident Tusk auf<\/a>, alle polnischen Bergwerke im Einklang mit der EU-Politik zu schlie\u00dfen. Dabei soll Tur\u00f3w schon laut einem Gerichtsbeschluss <a rel=\"nofollow noopener\" target=\"_blank\" href=\"https:\/\/businessinsider.com.pl\/biznes\/jest-wyrok-w-sprawie-odkrywki-wegla-turow-greenpeace-ta-kopalnia-nie-ma-przyszlosci\/096s24f#:~:text=Greenpeace%3A%20ta%20kopalnia%20nie%20ma%20przysz%C5%82o%C5%9Bci,-PAP&amp;text=13%20marca%202024%2C%2013%3A01.&amp;text=Wojew%C3%B3dzki%20S%C4%85d%20Administracyjny%20w%20Warszawie,funkcjonowanie%20odkrywki%20po%202026%20r.\">vom letzten Jahr<\/a> \u2013 auch motiviert von Greenpeace Polska \u2013 bereits ab 2026 nicht mehr zur Kohlef\u00f6rderung berechtigt sein. Dies ist eine heikle Tendenz, da die polnische Kohleverbrennung f\u00fcr die Republik fast 70 Prozent der Energieerzeugung ausmacht. Schlie\u00dft man den Bergbau allzu abrupt, um das gr\u00fcne Br\u00fcssel zu beschwichtigen, beschw\u00f6rt man chronische Energieknappheit und Massenarbeitslosigkeit herauf; setzt man die Kohlef\u00f6rderung weiter fort, folgen Strafen von der EU-Kommission. Ein Kohleausstieg auf Raten birgt auch nicht notgedrungen die Garantie daf\u00fcr, klimaneutraler zu werden. Dabei w\u00e4re es wohl f\u00fcr Warschau dienlich, <a rel=\"nofollow noopener\" target=\"_blank\" href=\"https:\/\/www.handelsblatt.com\/politik\/deutschland\/energiewende-kohleausstieg-hat-offenbar-keine-messbare-klimawirkung\/100108299.html\">aus den deutschen Fehlern zu lernen<\/a>.<\/p>\n<p>Mehrere Vektoren der Energiewende \u2013 oft in umgekehrter Richtung wie in der Bundesrepublik \u2013 entscheiden \u00fcber Polens weitere Entwicklung. Schaut man, inwieweit Warschau russische Energie in der Form deutsch-russischer Projekte wie Nord Stream I und II als geopolitische Manipulationsversuche Moskaus stets abgewiesen haben, ist kaum davon auszugehen, dass die Polen in den n\u00e4chsten Jahren sich auf Energieprojekte mit Moskau direkt einlassen w\u00fcrden. Dabei scheint sich niemand in Polen daran zu st\u00f6ren, dass Donald Trump angek\u00fcndigt hat, die US-amerikanische Erd\u00f6l- und -Erdgas-F\u00f6rderung sichtlich zu erh\u00f6hen, w\u00e4hrend er Europa regelm\u00e4\u00dfig mit energierelevanten Z\u00f6llen droht und sein LNG-Fl\u00fcssiggas als geopolitischen Hebel einsetzt.<\/p>\n<p>Jedenfalls sind die polnisch-russischen H\u00fcrden ideologischer, diplomatischer und machtpolitischer Natur derzeit un\u00fcberwindbar. Die gemeinsame Geschichte beider L\u00e4nder seit 1989 erlebte diesbez\u00fcglich eine Niederlage nach der anderen \u2013 der Absturz der Smolensk-Maschine im April 2010 mit Pr\u00e4sident Lech Kaczy\u0144ski an Bord gilt symbolisch als der v\u00f6llige Tiefpunkt. Dabei w\u00e4re das bilaterale Potenzial gro\u00df: Andernorts wird regelm\u00e4\u00dfig <a rel=\"nofollow noopener\" target=\"_blank\" href=\"https:\/\/rtde.expert\/meinung\/176694-nukleares-zeitalter-20-moskau-und\/\">argumentiert<\/a>, wie viele Atomkraft-Projekte der den weltweiten Markt beherrschende, innovationsgetriebene russische Staatskonzern Rosatom auf staatlicher Ebene langfristig realisiert. Davon profitieren afrikanische, asiatische und s\u00fcdamerikanische Staaten, aber (widerwillig) auch die USA. Auch China ist oftmals involviert. AKWs werden von den Russen und Chinesen in Rekordzeit erbaut. Die Struktur der politischen Machtelite in Polen und ihre tiefen Verbindlichkeiten innerhalb der NATO und EU verhindern diese Art Partnerschaften jedoch.<\/p>\n<p>Da aber der Fortbestand beider Organisationen mit den heutigen Kriegen und Konflikten in der Ukraine und dem Nahen Osten \u2013 nicht sicher ist, gebe es hier im Falle einer dramatischen Neuordnung Osteuropas in Richtung BRICS \u2013 wom\u00f6glich durch die Vermittlerrolle Pekings \u2013 eine Chance f\u00fcr die polnische Republik. Auch wenn dort derzeit kein relevanter Politiker davon h\u00f6ren m\u00f6chte. Ob also Polen tats\u00e4chlich F\u00fchrungsmacht in einem Europa wird, das gegen\u00fcber der kommenden multipolaren Weltordnung ebenb\u00fcrtig steht, muss stark bezweifelt werden. Der dem Westen nicht genehme Ausklang des Ukrainekrieges ist hierf\u00fcr ein wichtiger Indikator. Denn es gibt kein realistisches Szenario, in dem die EU \u2013 oder ganz Europa \u2013 wirtschaftlich gest\u00e4rkt, politisch selbstbestimmt und in zivilisatorischer Bl\u00fcte aus dieser Zeitenwende hervorgeht.<\/p>\n<p><em><strong>Elem Chintsky<\/strong> ist ein deutsch-polnischer Journalist, der zu geopolitischen, historischen, finanziellen und kulturellen Themen schreibt. Die fruchtbare Zusammenarbeit mit RT DE besteht seit 2017. Seit Anfang 2020 lebt und arbeitet der freischaffende Autor im russischen Sankt Petersburg. Der urspr\u00fcnglich als Filmregisseur und Drehbuchautor ausgebildete Chintsky betreibt au\u00dferdem einen eigenen <a rel=\"nofollow noopener\" target=\"_blank\" href=\"https:\/\/t.me\/elemread\">Kanal auf Telegram<\/a>, auf dem man noch mehr von ihm lesen kann.<\/em><\/p>\n<p><strong>Mehr zum Thema &#8211;<\/strong>\u00a0<a rel=\"nofollow noopener\" target=\"_blank\" href=\"https:\/\/freedert.online\/europa\/217196-polens-industrie-geht-an-energiemangel\/\">Polens Industrie geht an Energiemangel zu Grunde<\/a><em><a rel=\"nofollow noopener\" target=\"_blank\" href=\"https:\/\/freedert.online\/europa\/217196-polens-industrie-geht-an-energiemangel\/\"><\/a><br \/><\/em><\/p>\n<div class=\"EmbedBlock-root EmbedBlock-externalVideo EmbedBlock-rumble\">\n<div class=\"VkEmbed\"><iframe class=\"lazyload\" data-src=\"https:\/\/rumble.com\/embed\/v6qhr13\" frameborder=\"0\" width=\"853\" height=\"480\" allowfullscreen><\/iframe><\/div>\n<\/div>\n<\/div>\n<p><br \/>\n<br \/><a href=\"https:\/\/de.rt.com\/europa\/243557-polen-vor-energiekrise-zwischen-realitaet\/\">Source link <\/a><\/p>\n","protected":false},"excerpt":{"rendered":"<p>&#8220;Krise&#8221; ist mittlerweile ein abgenutzter Begriff, der heute eher einen Dauerzustand bezeichnet. So sitzt Warschau zwischen zwei St\u00fchlen: Man sagt Polen voraus, die dominierende Macht in Europa zu werden. Zugleich fragt man sich, woher die ganze Energie kommen soll. Von Elem Chintsky H\u00f6rt man den staatlichen Medien in der EU zu, so wird der Eindruck [&hellip;]<\/p>\n","protected":false},"author":3,"featured_media":82930,"comment_status":"open","ping_status":"open","sticky":false,"template":"","format":"standard","meta":{"_yoast_indexnow_last_ping":["1745867156"],"wp_automatic_camp":["217"],"ddad1056f9b8098a7f2c062a7a3ba551":["Polen vor der Energiekrise? Zwischen Realit\u00e4t und Wahn"],"original_link":["https:\/\/de.rt.com\/europa\/243557-polen-vor-energiekrise-zwischen-realitaet\/"],"_thumbnail_id":["82930"],"jnews_social_counter_last_update":["1777346605"],"_wptgpro_p2tg_sent2tg":["a:1:{i:23737;s:19:\"2025-04-28 21:07:08\";}"]},"categories":[19,23],"tags":[82,3788,5850,8910,140,320,24971,436],"yoast_head":"<!-- This site is optimized with the Yoast SEO Premium plugin v22.7 (Yoast SEO v22.7) - https:\/\/yoast.com\/wordpress\/plugins\/seo\/ -->\n<title>Polen vor der Energiekrise? Zwischen Realit\u00e4t und Wahn - just-now.NEWS Deutschland<\/title>\n<meta name=\"robots\" content=\"index, follow, max-snippet:-1, max-image-preview:large, max-video-preview:-1\" \/>\n<link rel=\"canonical\" href=\"https:\/\/now-news.de\/de\/deutschland\/polen-vor-der-energiekrise-zwischen-realitaet-und-wahn\/\" \/>\n<meta property=\"og:locale\" content=\"de_DE\" \/>\n<meta property=\"og:type\" content=\"article\" \/>\n<meta property=\"og:title\" content=\"Polen vor der Energiekrise? Zwischen Realit\u00e4t und Wahn\" \/>\n<meta property=\"og:description\" content=\"&#8220;Krise&#8221; ist mittlerweile ein abgenutzter Begriff, der heute eher einen Dauerzustand bezeichnet. So sitzt Warschau zwischen zwei St\u00fchlen: Man sagt Polen voraus, die dominierende Macht in Europa zu werden. Zugleich fragt man sich, woher die ganze Energie kommen soll. Von Elem Chintsky H\u00f6rt man den staatlichen Medien in der EU zu, so wird der Eindruck [&hellip;]\" \/>\n<meta property=\"og:url\" content=\"https:\/\/now-news.de\/de\/deutschland\/polen-vor-der-energiekrise-zwischen-realitaet-und-wahn\/\" \/>\n<meta property=\"og:site_name\" content=\"just-now.NEWS Deutschland\" \/>\n<meta property=\"article:publisher\" content=\"https:\/\/www.facebook.com\/wirmachenauf\" \/>\n<meta property=\"article:published_time\" content=\"2025-04-28T18:50:43+00:00\" \/>\n<meta property=\"og:image\" content=\"https:\/\/now-news.de\/de\/wp-content\/uploads\/sites\/3\/2025\/04\/680fb948b480cc3abc747437.jpg\" \/>\n<meta name=\"author\" content=\"rtnews\" \/>\n<meta name=\"twitter:card\" content=\"summary_large_image\" \/>\n<meta name=\"twitter:creator\" content=\"@WirMachenAuf_de\" \/>\n<meta name=\"twitter:site\" content=\"@WirMachenAuf_de\" \/>\n<meta name=\"twitter:label1\" content=\"Verfasst von\" \/>\n\t<meta name=\"twitter:data1\" content=\"rtnews\" \/>\n\t<meta name=\"twitter:label2\" content=\"Gesch\u00e4tzte Lesezeit\" \/>\n\t<meta name=\"twitter:data2\" content=\"8\u00a0Minuten\" \/>\n<script type=\"application\/ld+json\" class=\"yoast-schema-graph\">{\"@context\":\"https:\/\/schema.org\",\"@graph\":[{\"@type\":\"Article\",\"@id\":\"https:\/\/now-news.de\/de\/deutschland\/polen-vor-der-energiekrise-zwischen-realitaet-und-wahn\/#article\",\"isPartOf\":{\"@id\":\"https:\/\/now-news.de\/de\/deutschland\/polen-vor-der-energiekrise-zwischen-realitaet-und-wahn\/\"},\"author\":{\"name\":\"rtnews\",\"@id\":\"https:\/\/now-news.de\/de\/#\/schema\/person\/fb534a4e865501d8b3285208df34a9b5\"},\"headline\":\"Polen vor der Energiekrise? Zwischen Realit\u00e4t und Wahn\",\"datePublished\":\"2025-04-28T18:50:43+00:00\",\"dateModified\":\"2025-04-28T18:50:43+00:00\",\"mainEntityOfPage\":{\"@id\":\"https:\/\/now-news.de\/de\/deutschland\/polen-vor-der-energiekrise-zwischen-realitaet-und-wahn\/\"},\"wordCount\":1703,\"commentCount\":0,\"publisher\":{\"@id\":\"https:\/\/now-news.de\/de\/#organization\"},\"image\":{\"@id\":\"https:\/\/now-news.de\/de\/deutschland\/polen-vor-der-energiekrise-zwischen-realitaet-und-wahn\/#primaryimage\"},\"thumbnailUrl\":\"https:\/\/now-news.de\/de\/wp-content\/uploads\/sites\/3\/2025\/04\/Polen-vor-der-Energiekrise-Zwischen-Realitaet-und-Wahn.jpg\",\"keywords\":[\"der\",\"Energiekrise\",\"Polen\",\"Realit\u00e4t\",\"und\",\"vor\",\"Wahn\",\"zwischen\"],\"articleSection\":[\"Deutschland\",\"Russland\"],\"inLanguage\":\"de\",\"potentialAction\":[{\"@type\":\"CommentAction\",\"name\":\"Comment\",\"target\":[\"https:\/\/now-news.de\/de\/deutschland\/polen-vor-der-energiekrise-zwischen-realitaet-und-wahn\/#respond\"]}]},{\"@type\":\"WebPage\",\"@id\":\"https:\/\/now-news.de\/de\/deutschland\/polen-vor-der-energiekrise-zwischen-realitaet-und-wahn\/\",\"url\":\"https:\/\/now-news.de\/de\/deutschland\/polen-vor-der-energiekrise-zwischen-realitaet-und-wahn\/\",\"name\":\"Polen vor der Energiekrise? Zwischen Realit\u00e4t und Wahn - just-now.NEWS Deutschland\",\"isPartOf\":{\"@id\":\"https:\/\/now-news.de\/de\/#website\"},\"primaryImageOfPage\":{\"@id\":\"https:\/\/now-news.de\/de\/deutschland\/polen-vor-der-energiekrise-zwischen-realitaet-und-wahn\/#primaryimage\"},\"image\":{\"@id\":\"https:\/\/now-news.de\/de\/deutschland\/polen-vor-der-energiekrise-zwischen-realitaet-und-wahn\/#primaryimage\"},\"thumbnailUrl\":\"https:\/\/now-news.de\/de\/wp-content\/uploads\/sites\/3\/2025\/04\/Polen-vor-der-Energiekrise-Zwischen-Realitaet-und-Wahn.jpg\",\"datePublished\":\"2025-04-28T18:50:43+00:00\",\"dateModified\":\"2025-04-28T18:50:43+00:00\",\"breadcrumb\":{\"@id\":\"https:\/\/now-news.de\/de\/deutschland\/polen-vor-der-energiekrise-zwischen-realitaet-und-wahn\/#breadcrumb\"},\"inLanguage\":\"de\",\"potentialAction\":[{\"@type\":\"ReadAction\",\"target\":[\"https:\/\/now-news.de\/de\/deutschland\/polen-vor-der-energiekrise-zwischen-realitaet-und-wahn\/\"]}]},{\"@type\":\"ImageObject\",\"inLanguage\":\"de\",\"@id\":\"https:\/\/now-news.de\/de\/deutschland\/polen-vor-der-energiekrise-zwischen-realitaet-und-wahn\/#primaryimage\",\"url\":\"https:\/\/now-news.de\/de\/wp-content\/uploads\/sites\/3\/2025\/04\/Polen-vor-der-Energiekrise-Zwischen-Realitaet-und-Wahn.jpg\",\"contentUrl\":\"https:\/\/now-news.de\/de\/wp-content\/uploads\/sites\/3\/2025\/04\/Polen-vor-der-Energiekrise-Zwischen-Realitaet-und-Wahn.jpg\",\"width\":460,\"height\":259,\"caption\":\"Polen vor der Energiekrise? Zwischen Realit\u00e4t und Wahn\"},{\"@type\":\"BreadcrumbList\",\"@id\":\"https:\/\/now-news.de\/de\/deutschland\/polen-vor-der-energiekrise-zwischen-realitaet-und-wahn\/#breadcrumb\",\"itemListElement\":[{\"@type\":\"ListItem\",\"position\":1,\"name\":\"Home\",\"item\":\"https:\/\/now-news.de\/de\/\"},{\"@type\":\"ListItem\",\"position\":2,\"name\":\"Polen vor der Energiekrise? Zwischen Realit\u00e4t und Wahn\"}]},{\"@type\":\"WebSite\",\"@id\":\"https:\/\/now-news.de\/de\/#website\",\"url\":\"https:\/\/now-news.de\/de\/\",\"name\":\"just-now.NEWS Deutschland\",\"description\":\"Das Portal f\u00fcr unzensierte Nachrichten aus der Welt\",\"publisher\":{\"@id\":\"https:\/\/now-news.de\/de\/#organization\"},\"potentialAction\":[{\"@type\":\"SearchAction\",\"target\":{\"@type\":\"EntryPoint\",\"urlTemplate\":\"https:\/\/now-news.de\/de\/?s={search_term_string}\"},\"query-input\":\"required name=search_term_string\"}],\"inLanguage\":\"de\"},{\"@type\":\"Organization\",\"@id\":\"https:\/\/now-news.de\/de\/#organization\",\"name\":\"Just Now News\",\"url\":\"https:\/\/now-news.de\/de\/\",\"logo\":{\"@type\":\"ImageObject\",\"inLanguage\":\"de\",\"@id\":\"https:\/\/now-news.de\/de\/#\/schema\/logo\/image\/\",\"url\":\"http:\/\/just-now.news\/de\/wp-content\/uploads\/sites\/3\/2022\/04\/logo500x500.jpg\",\"contentUrl\":\"http:\/\/just-now.news\/de\/wp-content\/uploads\/sites\/3\/2022\/04\/logo500x500.jpg\",\"width\":500,\"height\":500,\"caption\":\"Just Now News\"},\"image\":{\"@id\":\"https:\/\/now-news.de\/de\/#\/schema\/logo\/image\/\"},\"sameAs\":[\"https:\/\/www.facebook.com\/wirmachenauf\",\"https:\/\/x.com\/WirMachenAuf_de\"]},{\"@type\":\"Person\",\"@id\":\"https:\/\/now-news.de\/de\/#\/schema\/person\/fb534a4e865501d8b3285208df34a9b5\",\"name\":\"rtnews\",\"image\":{\"@type\":\"ImageObject\",\"inLanguage\":\"de\",\"@id\":\"https:\/\/now-news.de\/de\/#\/schema\/person\/image\/\",\"url\":\"https:\/\/secure.gravatar.com\/avatar\/82aafea7d8127119dd649515f56e2117?s=96&d=mm&r=g\",\"contentUrl\":\"https:\/\/secure.gravatar.com\/avatar\/82aafea7d8127119dd649515f56e2117?s=96&d=mm&r=g\",\"caption\":\"rtnews\"},\"url\":\"https:\/\/now-news.de\/de\/author\/rnews\/\"}]}<\/script>\n<!-- \/ Yoast SEO Premium plugin. -->","yoast_head_json":{"title":"Polen vor der Energiekrise? Zwischen Realit\u00e4t und Wahn - just-now.NEWS Deutschland","robots":{"index":"index","follow":"follow","max-snippet":"max-snippet:-1","max-image-preview":"max-image-preview:large","max-video-preview":"max-video-preview:-1"},"canonical":"https:\/\/now-news.de\/de\/deutschland\/polen-vor-der-energiekrise-zwischen-realitaet-und-wahn\/","og_locale":"de_DE","og_type":"article","og_title":"Polen vor der Energiekrise? Zwischen Realit\u00e4t und Wahn","og_description":"&#8220;Krise&#8221; ist mittlerweile ein abgenutzter Begriff, der heute eher einen Dauerzustand bezeichnet. So sitzt Warschau zwischen zwei St\u00fchlen: Man sagt Polen voraus, die dominierende Macht in Europa zu werden. Zugleich fragt man sich, woher die ganze Energie kommen soll. Von Elem Chintsky H\u00f6rt man den staatlichen Medien in der EU zu, so wird der Eindruck [&hellip;]","og_url":"https:\/\/now-news.de\/de\/deutschland\/polen-vor-der-energiekrise-zwischen-realitaet-und-wahn\/","og_site_name":"just-now.NEWS Deutschland","article_publisher":"https:\/\/www.facebook.com\/wirmachenauf","article_published_time":"2025-04-28T18:50:43+00:00","og_image":[{"url":"https:\/\/now-news.de\/de\/wp-content\/uploads\/sites\/3\/2025\/04\/680fb948b480cc3abc747437.jpg"}],"author":"rtnews","twitter_card":"summary_large_image","twitter_creator":"@WirMachenAuf_de","twitter_site":"@WirMachenAuf_de","twitter_misc":{"Verfasst von":"rtnews","Gesch\u00e4tzte Lesezeit":"8\u00a0Minuten"},"schema":{"@context":"https:\/\/schema.org","@graph":[{"@type":"Article","@id":"https:\/\/now-news.de\/de\/deutschland\/polen-vor-der-energiekrise-zwischen-realitaet-und-wahn\/#article","isPartOf":{"@id":"https:\/\/now-news.de\/de\/deutschland\/polen-vor-der-energiekrise-zwischen-realitaet-und-wahn\/"},"author":{"name":"rtnews","@id":"https:\/\/now-news.de\/de\/#\/schema\/person\/fb534a4e865501d8b3285208df34a9b5"},"headline":"Polen vor der Energiekrise? Zwischen Realit\u00e4t und Wahn","datePublished":"2025-04-28T18:50:43+00:00","dateModified":"2025-04-28T18:50:43+00:00","mainEntityOfPage":{"@id":"https:\/\/now-news.de\/de\/deutschland\/polen-vor-der-energiekrise-zwischen-realitaet-und-wahn\/"},"wordCount":1703,"commentCount":0,"publisher":{"@id":"https:\/\/now-news.de\/de\/#organization"},"image":{"@id":"https:\/\/now-news.de\/de\/deutschland\/polen-vor-der-energiekrise-zwischen-realitaet-und-wahn\/#primaryimage"},"thumbnailUrl":"https:\/\/now-news.de\/de\/wp-content\/uploads\/sites\/3\/2025\/04\/Polen-vor-der-Energiekrise-Zwischen-Realitaet-und-Wahn.jpg","keywords":["der","Energiekrise","Polen","Realit\u00e4t","und","vor","Wahn","zwischen"],"articleSection":["Deutschland","Russland"],"inLanguage":"de","potentialAction":[{"@type":"CommentAction","name":"Comment","target":["https:\/\/now-news.de\/de\/deutschland\/polen-vor-der-energiekrise-zwischen-realitaet-und-wahn\/#respond"]}]},{"@type":"WebPage","@id":"https:\/\/now-news.de\/de\/deutschland\/polen-vor-der-energiekrise-zwischen-realitaet-und-wahn\/","url":"https:\/\/now-news.de\/de\/deutschland\/polen-vor-der-energiekrise-zwischen-realitaet-und-wahn\/","name":"Polen vor der Energiekrise? Zwischen Realit\u00e4t und Wahn - just-now.NEWS Deutschland","isPartOf":{"@id":"https:\/\/now-news.de\/de\/#website"},"primaryImageOfPage":{"@id":"https:\/\/now-news.de\/de\/deutschland\/polen-vor-der-energiekrise-zwischen-realitaet-und-wahn\/#primaryimage"},"image":{"@id":"https:\/\/now-news.de\/de\/deutschland\/polen-vor-der-energiekrise-zwischen-realitaet-und-wahn\/#primaryimage"},"thumbnailUrl":"https:\/\/now-news.de\/de\/wp-content\/uploads\/sites\/3\/2025\/04\/Polen-vor-der-Energiekrise-Zwischen-Realitaet-und-Wahn.jpg","datePublished":"2025-04-28T18:50:43+00:00","dateModified":"2025-04-28T18:50:43+00:00","breadcrumb":{"@id":"https:\/\/now-news.de\/de\/deutschland\/polen-vor-der-energiekrise-zwischen-realitaet-und-wahn\/#breadcrumb"},"inLanguage":"de","potentialAction":[{"@type":"ReadAction","target":["https:\/\/now-news.de\/de\/deutschland\/polen-vor-der-energiekrise-zwischen-realitaet-und-wahn\/"]}]},{"@type":"ImageObject","inLanguage":"de","@id":"https:\/\/now-news.de\/de\/deutschland\/polen-vor-der-energiekrise-zwischen-realitaet-und-wahn\/#primaryimage","url":"https:\/\/now-news.de\/de\/wp-content\/uploads\/sites\/3\/2025\/04\/Polen-vor-der-Energiekrise-Zwischen-Realitaet-und-Wahn.jpg","contentUrl":"https:\/\/now-news.de\/de\/wp-content\/uploads\/sites\/3\/2025\/04\/Polen-vor-der-Energiekrise-Zwischen-Realitaet-und-Wahn.jpg","width":460,"height":259,"caption":"Polen vor der Energiekrise? Zwischen Realit\u00e4t und Wahn"},{"@type":"BreadcrumbList","@id":"https:\/\/now-news.de\/de\/deutschland\/polen-vor-der-energiekrise-zwischen-realitaet-und-wahn\/#breadcrumb","itemListElement":[{"@type":"ListItem","position":1,"name":"Home","item":"https:\/\/now-news.de\/de\/"},{"@type":"ListItem","position":2,"name":"Polen vor der Energiekrise? Zwischen Realit\u00e4t und Wahn"}]},{"@type":"WebSite","@id":"https:\/\/now-news.de\/de\/#website","url":"https:\/\/now-news.de\/de\/","name":"just-now.NEWS Deutschland","description":"Das Portal f\u00fcr unzensierte Nachrichten aus der Welt","publisher":{"@id":"https:\/\/now-news.de\/de\/#organization"},"potentialAction":[{"@type":"SearchAction","target":{"@type":"EntryPoint","urlTemplate":"https:\/\/now-news.de\/de\/?s={search_term_string}"},"query-input":"required name=search_term_string"}],"inLanguage":"de"},{"@type":"Organization","@id":"https:\/\/now-news.de\/de\/#organization","name":"Just Now News","url":"https:\/\/now-news.de\/de\/","logo":{"@type":"ImageObject","inLanguage":"de","@id":"https:\/\/now-news.de\/de\/#\/schema\/logo\/image\/","url":"http:\/\/just-now.news\/de\/wp-content\/uploads\/sites\/3\/2022\/04\/logo500x500.jpg","contentUrl":"http:\/\/just-now.news\/de\/wp-content\/uploads\/sites\/3\/2022\/04\/logo500x500.jpg","width":500,"height":500,"caption":"Just Now News"},"image":{"@id":"https:\/\/now-news.de\/de\/#\/schema\/logo\/image\/"},"sameAs":["https:\/\/www.facebook.com\/wirmachenauf","https:\/\/x.com\/WirMachenAuf_de"]},{"@type":"Person","@id":"https:\/\/now-news.de\/de\/#\/schema\/person\/fb534a4e865501d8b3285208df34a9b5","name":"rtnews","image":{"@type":"ImageObject","inLanguage":"de","@id":"https:\/\/now-news.de\/de\/#\/schema\/person\/image\/","url":"https:\/\/secure.gravatar.com\/avatar\/82aafea7d8127119dd649515f56e2117?s=96&d=mm&r=g","contentUrl":"https:\/\/secure.gravatar.com\/avatar\/82aafea7d8127119dd649515f56e2117?s=96&d=mm&r=g","caption":"rtnews"},"url":"https:\/\/now-news.de\/de\/author\/rnews\/"}]}},"_links":{"self":[{"href":"https:\/\/now-news.de\/de\/wp-json\/wp\/v2\/posts\/82929"}],"collection":[{"href":"https:\/\/now-news.de\/de\/wp-json\/wp\/v2\/posts"}],"about":[{"href":"https:\/\/now-news.de\/de\/wp-json\/wp\/v2\/types\/post"}],"author":[{"embeddable":true,"href":"https:\/\/now-news.de\/de\/wp-json\/wp\/v2\/users\/3"}],"replies":[{"embeddable":true,"href":"https:\/\/now-news.de\/de\/wp-json\/wp\/v2\/comments?post=82929"}],"version-history":[{"count":0,"href":"https:\/\/now-news.de\/de\/wp-json\/wp\/v2\/posts\/82929\/revisions"}],"wp:featuredmedia":[{"embeddable":true,"href":"https:\/\/now-news.de\/de\/wp-json\/wp\/v2\/media\/82930"}],"wp:attachment":[{"href":"https:\/\/now-news.de\/de\/wp-json\/wp\/v2\/media?parent=82929"}],"wp:term":[{"taxonomy":"category","embeddable":true,"href":"https:\/\/now-news.de\/de\/wp-json\/wp\/v2\/categories?post=82929"},{"taxonomy":"post_tag","embeddable":true,"href":"https:\/\/now-news.de\/de\/wp-json\/wp\/v2\/tags?post=82929"}],"curies":[{"name":"wp","href":"https:\/\/api.w.org\/{rel}","templated":true}]}}