{"id":82901,"date":"2025-04-28T14:46:05","date_gmt":"2025-04-28T12:46:05","guid":{"rendered":"https:\/\/now-news.de\/de\/deutschland\/ende-der-ermittlungen-in-der-causa-doep-doedoe-doep-es-war-doch-keine-volksverhetzung\/"},"modified":"2025-04-28T14:46:05","modified_gmt":"2025-04-28T12:46:05","slug":"ende-der-ermittlungen-in-der-causa-doep-doedoe-doep-es-war-doch-keine-volksverhetzung","status":"publish","type":"post","link":"https:\/\/now-news.de\/de\/deutschland\/ende-der-ermittlungen-in-der-causa-doep-doedoe-doep-es-war-doch-keine-volksverhetzung\/","title":{"rendered":"Ende der Ermittlungen in der Causa &quot;d\u00f6p d\u00f6d\u00f6 d\u00f6p&quot;: Es war doch keine Volksverhetzung"},"content":{"rendered":"<p><img decoding=\"async\" src=\"https:\/\/now-news.de\/de\/wp-content\/uploads\/sites\/3\/2025\/04\/680f560f48fbef2dd247bb51.jpeg\" \/><\/p>\n<div class=\"Text-root Text-type_1 \">\n                Im Mai 2024 sorgte das &#8220;Gr\u00f6len&#8221; eines fraglichen Satzes junger Partyg\u00e4ste auf Sylt f\u00fcr Schnappatmung bei den Medien und der Politik. Rund ein Jahr sp\u00e4ter stellt das Gericht die Ermittlungen zu den &#8220;rechtsextremen Ges\u00e4ngen&#8221; ohne Verurteilung ein. Der angedeutete &#8220;Hitlergru\u00df&#8221; eines Partygastes f\u00fchrt zur Geldstrafe.\n            <\/div>\n<p><\/p>\n<div class=\"Text-root Text-type_5 ArticleView-text ViewText-root \">\n<p>Am 24. Mai 2024 berichtete die\u00a0<em>Bild<\/em>-Zeitung \u00fcber einen von der Springer-Redaktion erkannten &#8220;Nazi-Skandal&#8221;. Anlass war ein wenige Sekunden langer Videomitschnitt von einer gut besuchten Feier in der Sylter Promi-Bar &#8220;Pony&#8221;, das sich zuvor rasant in den sozialen Medien verbreitet hatte. Es entwickelte sich ein landesweites Echo, bezogen auf die mediale Unterstellung, dass &#8220;rechte Jugendliche&#8221; bewusst volksverhetzende S\u00e4tze zu einer\u00a0&#8220;Ohrwurm&#8221;-Melodie skandierten. Die zust\u00e4ndige\u00a0Staatsanwaltschaft Flensburg\u00a0hat nun die Urteile in zwei eingeleiteten\u00a0Ermittlungsverfahren verk\u00fcndet.<\/p>\n<p>Der beeindruckend forcierte Medienskandal, mit erw\u00fcnschten Auswirkungen bis in die leitende Bundespolitik, besch\u00e4ftigte sich im Mai des Vorjahres mit einer spontanen Gesangseinlage einer Gruppe mehrheitlich Jugendlicher in einer Bar auf der Insel Sylt.\u00a0Die Erg\u00e4nzung einer Melodie des Musikproduzenten Gigi D&#8217;Agostino aus dem Jahr 1999 mit den kontrovers wahrgenommenen und diskutierten f\u00fcnf Worten &#8220;Deutschland den Deutschen, Ausl\u00e4nder raus&#8221; entwickelte sich innerhalb von 48 Stunden zu einem landesweiten Politikum (<em>RT DE<\/em> berichtete unter anderem <a rel=\"nofollow noopener\" target=\"_blank\" href=\"https:\/\/freedert.online\/inland\/206979-nach-sylter-party-jetzt-schuetzenfest\/\">hier<\/a> und <a rel=\"nofollow noopener\" target=\"_blank\" href=\"https:\/\/freedert.online\/inland\/207339-veroeffentlichung-von-sylt-video-von\/\">hier<\/a>). So lauteten Schlagzeilen:<\/p>\n<ul>\n<li><a rel=\"nofollow noopener\" target=\"_blank\" href=\"https:\/\/www.bild.de\/politik\/meinung-kommentare-kolumnen\/post-von-wagner-boese-spatzenhirne-von-sylt-66536e92c129e96b88e2af6d\"><em>Bild<\/em><\/a>: &#8220;B\u00f6se Spatzenhirne von Sylt&#8221;<\/li>\n<li><a rel=\"nofollow noopener\" target=\"_blank\" href=\"https:\/\/taz.de\/Rechtsextreme-Gesaenge-auf-Sylt\/!6012559\/\"><em>Taz<\/em><\/a>: &#8220;Rechtsextreme Ges\u00e4nge auf Sylt \u2012 Rassismus als Partykracher&#8221;<\/li>\n<li><em><a rel=\"nofollow noopener\" target=\"_blank\" href=\"https:\/\/www.spiegel.de\/panorama\/sylt-vorfall-in-pony-bar-kampen-ein-ganz-normales-pfingst-wochenende-a-134c5c64-2ce8-47db-9373-5c1e858345ff\">Der Spiegel<\/a>:<\/em>\u00a0&#8220;Naziparolen auf Sylt \u2012 Ganz normal rechtsextrem&#8221;<\/li>\n<\/ul>\n<p>Es folgte die \u00f6ffentliche Vorverurteilung und Brandmarkung der anwesenden G\u00e4ste. Zudem erfolgten mehrere Anzeigen wegen unterstellter &#8220;Volksverhetzung&#8221;.\u00a0Ein <em>Spiegel<\/em>&#8211;<a rel=\"nofollow noopener\" target=\"_blank\" href=\"https:\/\/www.spiegel.de\/panorama\/justiz\/sylt-video-staatsanwaltschaft-stellt-ermittlungen-ueberwiegend-ein-a-936ff3ab-c0ae-425e-bb20-267190187c37\">Artikel<\/a> informiert nun zu dem Ende der Causa\u00a0&#8220;d\u00f6p d\u00f6d\u00f6 d\u00f6p&#8221;:<\/p>\n<p><em>&#8220;Knapp ein Jahr nach den rechtsextremen Ges\u00e4ngen auf Sylt hat die Staatsanwaltschaft\u00a0Flensburg\u00a0die Ermittlungen gegen insgesamt vier junge Erwachsene beendet. Gegen drei Beschuldigte, zwei M\u00e4nner und eine Frau, sei das Verfahren eingestellt worden, teilte ein Sprecher der Beh\u00f6rde mit.&#8221;<\/em><\/p>\n<p>Das Portal<em>\u00a0Nius<\/em>\u00a0<a rel=\"nofollow noopener\" target=\"_blank\" href=\"https:\/\/www.nius.de\/gesellschaft\/news\/sylt-ermittlungen-eingestellt-wegen-auslaender-raus-anklage-wegen-hitler-gruss\/930728a4-de48-48e2-aa4a-e08e37a4dd07\">zitiert<\/a>\u00a0aus dem Gerichtsbeschluss:<\/p>\n<p><em>&#8220;Weder der Inhalt der Parolen noch die Gesamtumst\u00e4nde lassen nach Abschluss der Ermittlungen den zweifelsfreien R\u00fcckschluss zu, dass gegen die betroffene Personengruppe nicht nur Vorbehalte und Ablehnung, sondern eine aggressive Missachtung und Feindschaft in der Bev\u00f6lkerung erzeugt oder gesteigert werden sollten.&#8221;<\/em><\/p>\n<p>Weiter hei\u00dft es im Artikel aus dem Protokoll:<\/p>\n<p><em>&#8220;Soweit gegen einen weiteren Beschuldigten der Verdacht des Verbreitens von Kennzeichen verfassungswidriger Organisationen durch das unkommentierte Hochladen des betreffenden Videos in den sozialen Medien besteht, ist das Ermittlungsverfahren nach \u00a7 154 Abs. 1 StPO eingestellt worden, da diesem in einem anderen Verfahren eine Bestrafung droht, demgegen\u00fcber die im vorliegenden Verfahren zu erwartende nicht betr\u00e4chtlich ins Gewicht fallen w\u00fcrde. N\u00e4here Angaben zum Bezugsverfahren werden nicht gemacht.&#8221;<\/em><\/p>\n<p>Der <em>Deutschlandfunk<\/em>\u00a0<a rel=\"nofollow noopener\" target=\"_blank\" href=\"https:\/\/www.deutschlandfunk.de\/ermittlungen-zu-rechtsextremen-gesaengen-groesstenteils-eingestellt-100.html\">berichtet<\/a> erg\u00e4nzend:<\/p>\n<p><em>&#8220;Der Straftatbestand der Volksverhetzung sei nicht erf\u00fcllt, teilte die Beh\u00f6rde mit. Ein vierter Beteiligter, der einen Hitlergru\u00df zeigte und ein Hitlerb\u00e4rtchen andeutete, soll 2.500 Euro an eine gemeinn\u00fctzige Einrichtung zahlen.&#8221;<\/em><\/p>\n<p>Die zust\u00e4ndige Staatsanwaltschaft beschuldigte dabei den jungen Mann \u2012 nachweislich in dem Video zu erkennen \u2012, den rechten Arm bewusst gehoben und diesen zeitweise zu einem &#8220;winkenden Gru\u00df&#8221; ausgestreckt zu haben. Mit der anderen Hand soll er dabei noch ein &#8220;Hitlerb\u00e4rtchen&#8221; angedeutet haben, was sich zus\u00e4tzlich\u00a0negativ auswirkte.<\/p>\n<p><strong>Mehr zum Thema \u2012<\/strong>\u00a0<a rel=\"nofollow noopener\" target=\"_blank\" href=\"https:\/\/freedert.online\/inland\/242686-afd-politikerin-von-polizei-zu-stellung-von-strafantrag-nach-paragraf-188-motiviert\/\">AfD-Politikerin von Polizei zu Stellung von Strafantrag nach Paragraf 188 motiviert<\/a><\/p>\n<div class=\"EmbedBlock-root EmbedBlock-externalVideo EmbedBlock-rumble\">\n<div class=\"VkEmbed\"><iframe class=\"lazyload\" data-src=\"https:\/\/rumble.com\/embed\/v4vgnrx\" frameborder=\"0\" width=\"853\" height=\"480\" allowfullscreen><\/iframe><\/div>\n<\/div>\n<\/div>\n<p><br \/>\n<br \/><a href=\"https:\/\/de.rt.com\/inland\/243582-ende-ermittlungen-in-causa-doep\/\">Source link <\/a><\/p>\n","protected":false},"excerpt":{"rendered":"<p>Im Mai 2024 sorgte das &#8220;Gr\u00f6len&#8221; eines fraglichen Satzes junger Partyg\u00e4ste auf Sylt f\u00fcr Schnappatmung bei den Medien und der Politik. Rund ein Jahr sp\u00e4ter stellt das Gericht die Ermittlungen zu den &#8220;rechtsextremen Ges\u00e4ngen&#8221; ohne Verurteilung ein. Der angedeutete &#8220;Hitlergru\u00df&#8221; eines Partygastes f\u00fchrt zur Geldstrafe. Am 24. Mai 2024 berichtete die\u00a0Bild-Zeitung \u00fcber einen von der [&hellip;]<\/p>\n","protected":false},"author":3,"featured_media":82902,"comment_status":"open","ping_status":"open","sticky":false,"template":"","format":"standard","meta":{"_yoast_indexnow_last_ping":["1745845018"],"wp_automatic_camp":["217"],"7ada03c54686663355fd66018d8bfd72":["Ende der Ermittlungen in der Causa &quot;d\u00f6p d\u00f6d\u00f6 d\u00f6p&quot;: Es war doch keine Volksverhetzung"],"original_link":["https:\/\/de.rt.com\/inland\/243582-ende-ermittlungen-in-causa-doep\/"],"_thumbnail_id":["82902"],"jnews_social_counter_last_update":["1777377692"],"_wptgpro_p2tg_sent2tg":["a:1:{i:23737;s:19:\"2025-04-28 14:58:02\";}"]},"categories":[19,23],"tags":[30383,82,9898,55270,55271,5375,11020,375,55269,22198,2223],"yoast_head":"<!-- This site is optimized with the Yoast SEO Premium plugin v22.7 (Yoast SEO v22.7) - https:\/\/yoast.com\/wordpress\/plugins\/seo\/ -->\n<title>Ende der Ermittlungen in der Causa &quot;d\u00f6p d\u00f6d\u00f6 d\u00f6p&quot;: Es war doch keine Volksverhetzung - just-now.NEWS Deutschland<\/title>\n<meta name=\"robots\" content=\"index, follow, max-snippet:-1, max-image-preview:large, max-video-preview:-1\" \/>\n<link rel=\"canonical\" href=\"https:\/\/now-news.de\/de\/deutschland\/ende-der-ermittlungen-in-der-causa-doep-doedoe-doep-es-war-doch-keine-volksverhetzung\/\" \/>\n<meta property=\"og:locale\" content=\"de_DE\" \/>\n<meta property=\"og:type\" content=\"article\" \/>\n<meta property=\"og:title\" content=\"Ende der Ermittlungen in der Causa &quot;d\u00f6p d\u00f6d\u00f6 d\u00f6p&quot;: Es war doch keine Volksverhetzung\" \/>\n<meta property=\"og:description\" content=\"Im Mai 2024 sorgte das &#8220;Gr\u00f6len&#8221; eines fraglichen Satzes junger Partyg\u00e4ste auf Sylt f\u00fcr Schnappatmung bei den Medien und der Politik. Rund ein Jahr sp\u00e4ter stellt das Gericht die Ermittlungen zu den &#8220;rechtsextremen Ges\u00e4ngen&#8221; ohne Verurteilung ein. Der angedeutete &#8220;Hitlergru\u00df&#8221; eines Partygastes f\u00fchrt zur Geldstrafe. Am 24. Mai 2024 berichtete die\u00a0Bild-Zeitung \u00fcber einen von der [&hellip;]\" \/>\n<meta property=\"og:url\" content=\"https:\/\/now-news.de\/de\/deutschland\/ende-der-ermittlungen-in-der-causa-doep-doedoe-doep-es-war-doch-keine-volksverhetzung\/\" \/>\n<meta property=\"og:site_name\" content=\"just-now.NEWS Deutschland\" \/>\n<meta property=\"article:publisher\" content=\"https:\/\/www.facebook.com\/wirmachenauf\" \/>\n<meta property=\"article:published_time\" content=\"2025-04-28T12:46:05+00:00\" \/>\n<meta property=\"og:image\" content=\"https:\/\/now-news.de\/de\/wp-content\/uploads\/sites\/3\/2025\/04\/680f560f48fbef2dd247bb51.jpeg\" \/>\n<meta name=\"author\" content=\"rtnews\" \/>\n<meta name=\"twitter:card\" content=\"summary_large_image\" \/>\n<meta name=\"twitter:creator\" content=\"@WirMachenAuf_de\" \/>\n<meta name=\"twitter:site\" content=\"@WirMachenAuf_de\" \/>\n<meta name=\"twitter:label1\" content=\"Verfasst von\" \/>\n\t<meta name=\"twitter:data1\" content=\"rtnews\" \/>\n\t<meta name=\"twitter:label2\" content=\"Gesch\u00e4tzte Lesezeit\" \/>\n\t<meta name=\"twitter:data2\" content=\"3\u00a0Minuten\" \/>\n<script type=\"application\/ld+json\" class=\"yoast-schema-graph\">{\"@context\":\"https:\/\/schema.org\",\"@graph\":[{\"@type\":\"Article\",\"@id\":\"https:\/\/now-news.de\/de\/deutschland\/ende-der-ermittlungen-in-der-causa-doep-doedoe-doep-es-war-doch-keine-volksverhetzung\/#article\",\"isPartOf\":{\"@id\":\"https:\/\/now-news.de\/de\/deutschland\/ende-der-ermittlungen-in-der-causa-doep-doedoe-doep-es-war-doch-keine-volksverhetzung\/\"},\"author\":{\"name\":\"rtnews\",\"@id\":\"https:\/\/now-news.de\/de\/#\/schema\/person\/fb534a4e865501d8b3285208df34a9b5\"},\"headline\":\"Ende der Ermittlungen in der Causa &quot;d\u00f6p d\u00f6d\u00f6 d\u00f6p&quot;: Es war doch keine Volksverhetzung\",\"datePublished\":\"2025-04-28T12:46:05+00:00\",\"dateModified\":\"2025-04-28T12:46:05+00:00\",\"mainEntityOfPage\":{\"@id\":\"https:\/\/now-news.de\/de\/deutschland\/ende-der-ermittlungen-in-der-causa-doep-doedoe-doep-es-war-doch-keine-volksverhetzung\/\"},\"wordCount\":557,\"commentCount\":0,\"publisher\":{\"@id\":\"https:\/\/now-news.de\/de\/#organization\"},\"image\":{\"@id\":\"https:\/\/now-news.de\/de\/deutschland\/ende-der-ermittlungen-in-der-causa-doep-doedoe-doep-es-war-doch-keine-volksverhetzung\/#primaryimage\"},\"thumbnailUrl\":\"https:\/\/now-news.de\/de\/wp-content\/uploads\/sites\/3\/2025\/04\/Ende-der-Ermittlungen-in-der-Causa-quotdoep-doedoe-doepquot-Es.jpeg\",\"keywords\":[\"Causa\",\"der\",\"doch\",\"d\u00f6d\u00f6\",\"d\u00f6pquot\",\"Ende\",\"Ermittlungen\",\"keine\",\"quotD\u00f6p\",\"Volksverhetzung\",\"War\"],\"articleSection\":[\"Deutschland\",\"Russland\"],\"inLanguage\":\"de\",\"potentialAction\":[{\"@type\":\"CommentAction\",\"name\":\"Comment\",\"target\":[\"https:\/\/now-news.de\/de\/deutschland\/ende-der-ermittlungen-in-der-causa-doep-doedoe-doep-es-war-doch-keine-volksverhetzung\/#respond\"]}]},{\"@type\":\"WebPage\",\"@id\":\"https:\/\/now-news.de\/de\/deutschland\/ende-der-ermittlungen-in-der-causa-doep-doedoe-doep-es-war-doch-keine-volksverhetzung\/\",\"url\":\"https:\/\/now-news.de\/de\/deutschland\/ende-der-ermittlungen-in-der-causa-doep-doedoe-doep-es-war-doch-keine-volksverhetzung\/\",\"name\":\"Ende der Ermittlungen in der Causa &quot;d\u00f6p d\u00f6d\u00f6 d\u00f6p&quot;: Es war doch keine Volksverhetzung - just-now.NEWS Deutschland\",\"isPartOf\":{\"@id\":\"https:\/\/now-news.de\/de\/#website\"},\"primaryImageOfPage\":{\"@id\":\"https:\/\/now-news.de\/de\/deutschland\/ende-der-ermittlungen-in-der-causa-doep-doedoe-doep-es-war-doch-keine-volksverhetzung\/#primaryimage\"},\"image\":{\"@id\":\"https:\/\/now-news.de\/de\/deutschland\/ende-der-ermittlungen-in-der-causa-doep-doedoe-doep-es-war-doch-keine-volksverhetzung\/#primaryimage\"},\"thumbnailUrl\":\"https:\/\/now-news.de\/de\/wp-content\/uploads\/sites\/3\/2025\/04\/Ende-der-Ermittlungen-in-der-Causa-quotdoep-doedoe-doepquot-Es.jpeg\",\"datePublished\":\"2025-04-28T12:46:05+00:00\",\"dateModified\":\"2025-04-28T12:46:05+00:00\",\"breadcrumb\":{\"@id\":\"https:\/\/now-news.de\/de\/deutschland\/ende-der-ermittlungen-in-der-causa-doep-doedoe-doep-es-war-doch-keine-volksverhetzung\/#breadcrumb\"},\"inLanguage\":\"de\",\"potentialAction\":[{\"@type\":\"ReadAction\",\"target\":[\"https:\/\/now-news.de\/de\/deutschland\/ende-der-ermittlungen-in-der-causa-doep-doedoe-doep-es-war-doch-keine-volksverhetzung\/\"]}]},{\"@type\":\"ImageObject\",\"inLanguage\":\"de\",\"@id\":\"https:\/\/now-news.de\/de\/deutschland\/ende-der-ermittlungen-in-der-causa-doep-doedoe-doep-es-war-doch-keine-volksverhetzung\/#primaryimage\",\"url\":\"https:\/\/now-news.de\/de\/wp-content\/uploads\/sites\/3\/2025\/04\/Ende-der-Ermittlungen-in-der-Causa-quotdoep-doedoe-doepquot-Es.jpeg\",\"contentUrl\":\"https:\/\/now-news.de\/de\/wp-content\/uploads\/sites\/3\/2025\/04\/Ende-der-Ermittlungen-in-der-Causa-quotdoep-doedoe-doepquot-Es.jpeg\",\"width\":460,\"height\":259,\"caption\":\"Ende der Ermittlungen in der Causa &quot;d\u00f6p d\u00f6d\u00f6 d\u00f6p&quot;: Es war doch keine Volksverhetzung\"},{\"@type\":\"BreadcrumbList\",\"@id\":\"https:\/\/now-news.de\/de\/deutschland\/ende-der-ermittlungen-in-der-causa-doep-doedoe-doep-es-war-doch-keine-volksverhetzung\/#breadcrumb\",\"itemListElement\":[{\"@type\":\"ListItem\",\"position\":1,\"name\":\"Home\",\"item\":\"https:\/\/now-news.de\/de\/\"},{\"@type\":\"ListItem\",\"position\":2,\"name\":\"Ende der Ermittlungen in der Causa &quot;d\u00f6p d\u00f6d\u00f6 d\u00f6p&quot;: Es war doch keine Volksverhetzung\"}]},{\"@type\":\"WebSite\",\"@id\":\"https:\/\/now-news.de\/de\/#website\",\"url\":\"https:\/\/now-news.de\/de\/\",\"name\":\"just-now.NEWS Deutschland\",\"description\":\"Das Portal f\u00fcr unzensierte Nachrichten aus der Welt\",\"publisher\":{\"@id\":\"https:\/\/now-news.de\/de\/#organization\"},\"potentialAction\":[{\"@type\":\"SearchAction\",\"target\":{\"@type\":\"EntryPoint\",\"urlTemplate\":\"https:\/\/now-news.de\/de\/?s={search_term_string}\"},\"query-input\":\"required name=search_term_string\"}],\"inLanguage\":\"de\"},{\"@type\":\"Organization\",\"@id\":\"https:\/\/now-news.de\/de\/#organization\",\"name\":\"Just Now News\",\"url\":\"https:\/\/now-news.de\/de\/\",\"logo\":{\"@type\":\"ImageObject\",\"inLanguage\":\"de\",\"@id\":\"https:\/\/now-news.de\/de\/#\/schema\/logo\/image\/\",\"url\":\"http:\/\/just-now.news\/de\/wp-content\/uploads\/sites\/3\/2022\/04\/logo500x500.jpg\",\"contentUrl\":\"http:\/\/just-now.news\/de\/wp-content\/uploads\/sites\/3\/2022\/04\/logo500x500.jpg\",\"width\":500,\"height\":500,\"caption\":\"Just Now News\"},\"image\":{\"@id\":\"https:\/\/now-news.de\/de\/#\/schema\/logo\/image\/\"},\"sameAs\":[\"https:\/\/www.facebook.com\/wirmachenauf\",\"https:\/\/x.com\/WirMachenAuf_de\"]},{\"@type\":\"Person\",\"@id\":\"https:\/\/now-news.de\/de\/#\/schema\/person\/fb534a4e865501d8b3285208df34a9b5\",\"name\":\"rtnews\",\"image\":{\"@type\":\"ImageObject\",\"inLanguage\":\"de\",\"@id\":\"https:\/\/now-news.de\/de\/#\/schema\/person\/image\/\",\"url\":\"https:\/\/secure.gravatar.com\/avatar\/82aafea7d8127119dd649515f56e2117?s=96&d=mm&r=g\",\"contentUrl\":\"https:\/\/secure.gravatar.com\/avatar\/82aafea7d8127119dd649515f56e2117?s=96&d=mm&r=g\",\"caption\":\"rtnews\"},\"url\":\"https:\/\/now-news.de\/de\/author\/rnews\/\"}]}<\/script>\n<!-- \/ Yoast SEO Premium plugin. -->","yoast_head_json":{"title":"Ende der Ermittlungen in der Causa &quot;d\u00f6p d\u00f6d\u00f6 d\u00f6p&quot;: Es war doch keine Volksverhetzung - just-now.NEWS Deutschland","robots":{"index":"index","follow":"follow","max-snippet":"max-snippet:-1","max-image-preview":"max-image-preview:large","max-video-preview":"max-video-preview:-1"},"canonical":"https:\/\/now-news.de\/de\/deutschland\/ende-der-ermittlungen-in-der-causa-doep-doedoe-doep-es-war-doch-keine-volksverhetzung\/","og_locale":"de_DE","og_type":"article","og_title":"Ende der Ermittlungen in der Causa &quot;d\u00f6p d\u00f6d\u00f6 d\u00f6p&quot;: Es war doch keine Volksverhetzung","og_description":"Im Mai 2024 sorgte das &#8220;Gr\u00f6len&#8221; eines fraglichen Satzes junger Partyg\u00e4ste auf Sylt f\u00fcr Schnappatmung bei den Medien und der Politik. Rund ein Jahr sp\u00e4ter stellt das Gericht die Ermittlungen zu den &#8220;rechtsextremen Ges\u00e4ngen&#8221; ohne Verurteilung ein. Der angedeutete &#8220;Hitlergru\u00df&#8221; eines Partygastes f\u00fchrt zur Geldstrafe. Am 24. Mai 2024 berichtete die\u00a0Bild-Zeitung \u00fcber einen von der [&hellip;]","og_url":"https:\/\/now-news.de\/de\/deutschland\/ende-der-ermittlungen-in-der-causa-doep-doedoe-doep-es-war-doch-keine-volksverhetzung\/","og_site_name":"just-now.NEWS Deutschland","article_publisher":"https:\/\/www.facebook.com\/wirmachenauf","article_published_time":"2025-04-28T12:46:05+00:00","og_image":[{"url":"https:\/\/now-news.de\/de\/wp-content\/uploads\/sites\/3\/2025\/04\/680f560f48fbef2dd247bb51.jpeg"}],"author":"rtnews","twitter_card":"summary_large_image","twitter_creator":"@WirMachenAuf_de","twitter_site":"@WirMachenAuf_de","twitter_misc":{"Verfasst von":"rtnews","Gesch\u00e4tzte Lesezeit":"3\u00a0Minuten"},"schema":{"@context":"https:\/\/schema.org","@graph":[{"@type":"Article","@id":"https:\/\/now-news.de\/de\/deutschland\/ende-der-ermittlungen-in-der-causa-doep-doedoe-doep-es-war-doch-keine-volksverhetzung\/#article","isPartOf":{"@id":"https:\/\/now-news.de\/de\/deutschland\/ende-der-ermittlungen-in-der-causa-doep-doedoe-doep-es-war-doch-keine-volksverhetzung\/"},"author":{"name":"rtnews","@id":"https:\/\/now-news.de\/de\/#\/schema\/person\/fb534a4e865501d8b3285208df34a9b5"},"headline":"Ende der Ermittlungen in der Causa &quot;d\u00f6p d\u00f6d\u00f6 d\u00f6p&quot;: Es war doch keine Volksverhetzung","datePublished":"2025-04-28T12:46:05+00:00","dateModified":"2025-04-28T12:46:05+00:00","mainEntityOfPage":{"@id":"https:\/\/now-news.de\/de\/deutschland\/ende-der-ermittlungen-in-der-causa-doep-doedoe-doep-es-war-doch-keine-volksverhetzung\/"},"wordCount":557,"commentCount":0,"publisher":{"@id":"https:\/\/now-news.de\/de\/#organization"},"image":{"@id":"https:\/\/now-news.de\/de\/deutschland\/ende-der-ermittlungen-in-der-causa-doep-doedoe-doep-es-war-doch-keine-volksverhetzung\/#primaryimage"},"thumbnailUrl":"https:\/\/now-news.de\/de\/wp-content\/uploads\/sites\/3\/2025\/04\/Ende-der-Ermittlungen-in-der-Causa-quotdoep-doedoe-doepquot-Es.jpeg","keywords":["Causa","der","doch","d\u00f6d\u00f6","d\u00f6pquot","Ende","Ermittlungen","keine","quotD\u00f6p","Volksverhetzung","War"],"articleSection":["Deutschland","Russland"],"inLanguage":"de","potentialAction":[{"@type":"CommentAction","name":"Comment","target":["https:\/\/now-news.de\/de\/deutschland\/ende-der-ermittlungen-in-der-causa-doep-doedoe-doep-es-war-doch-keine-volksverhetzung\/#respond"]}]},{"@type":"WebPage","@id":"https:\/\/now-news.de\/de\/deutschland\/ende-der-ermittlungen-in-der-causa-doep-doedoe-doep-es-war-doch-keine-volksverhetzung\/","url":"https:\/\/now-news.de\/de\/deutschland\/ende-der-ermittlungen-in-der-causa-doep-doedoe-doep-es-war-doch-keine-volksverhetzung\/","name":"Ende der Ermittlungen in der Causa &quot;d\u00f6p d\u00f6d\u00f6 d\u00f6p&quot;: Es war doch keine Volksverhetzung - just-now.NEWS Deutschland","isPartOf":{"@id":"https:\/\/now-news.de\/de\/#website"},"primaryImageOfPage":{"@id":"https:\/\/now-news.de\/de\/deutschland\/ende-der-ermittlungen-in-der-causa-doep-doedoe-doep-es-war-doch-keine-volksverhetzung\/#primaryimage"},"image":{"@id":"https:\/\/now-news.de\/de\/deutschland\/ende-der-ermittlungen-in-der-causa-doep-doedoe-doep-es-war-doch-keine-volksverhetzung\/#primaryimage"},"thumbnailUrl":"https:\/\/now-news.de\/de\/wp-content\/uploads\/sites\/3\/2025\/04\/Ende-der-Ermittlungen-in-der-Causa-quotdoep-doedoe-doepquot-Es.jpeg","datePublished":"2025-04-28T12:46:05+00:00","dateModified":"2025-04-28T12:46:05+00:00","breadcrumb":{"@id":"https:\/\/now-news.de\/de\/deutschland\/ende-der-ermittlungen-in-der-causa-doep-doedoe-doep-es-war-doch-keine-volksverhetzung\/#breadcrumb"},"inLanguage":"de","potentialAction":[{"@type":"ReadAction","target":["https:\/\/now-news.de\/de\/deutschland\/ende-der-ermittlungen-in-der-causa-doep-doedoe-doep-es-war-doch-keine-volksverhetzung\/"]}]},{"@type":"ImageObject","inLanguage":"de","@id":"https:\/\/now-news.de\/de\/deutschland\/ende-der-ermittlungen-in-der-causa-doep-doedoe-doep-es-war-doch-keine-volksverhetzung\/#primaryimage","url":"https:\/\/now-news.de\/de\/wp-content\/uploads\/sites\/3\/2025\/04\/Ende-der-Ermittlungen-in-der-Causa-quotdoep-doedoe-doepquot-Es.jpeg","contentUrl":"https:\/\/now-news.de\/de\/wp-content\/uploads\/sites\/3\/2025\/04\/Ende-der-Ermittlungen-in-der-Causa-quotdoep-doedoe-doepquot-Es.jpeg","width":460,"height":259,"caption":"Ende der Ermittlungen in der Causa &quot;d\u00f6p d\u00f6d\u00f6 d\u00f6p&quot;: Es war doch keine Volksverhetzung"},{"@type":"BreadcrumbList","@id":"https:\/\/now-news.de\/de\/deutschland\/ende-der-ermittlungen-in-der-causa-doep-doedoe-doep-es-war-doch-keine-volksverhetzung\/#breadcrumb","itemListElement":[{"@type":"ListItem","position":1,"name":"Home","item":"https:\/\/now-news.de\/de\/"},{"@type":"ListItem","position":2,"name":"Ende der Ermittlungen in der Causa &quot;d\u00f6p d\u00f6d\u00f6 d\u00f6p&quot;: Es war doch keine Volksverhetzung"}]},{"@type":"WebSite","@id":"https:\/\/now-news.de\/de\/#website","url":"https:\/\/now-news.de\/de\/","name":"just-now.NEWS Deutschland","description":"Das Portal f\u00fcr unzensierte Nachrichten aus der Welt","publisher":{"@id":"https:\/\/now-news.de\/de\/#organization"},"potentialAction":[{"@type":"SearchAction","target":{"@type":"EntryPoint","urlTemplate":"https:\/\/now-news.de\/de\/?s={search_term_string}"},"query-input":"required name=search_term_string"}],"inLanguage":"de"},{"@type":"Organization","@id":"https:\/\/now-news.de\/de\/#organization","name":"Just Now News","url":"https:\/\/now-news.de\/de\/","logo":{"@type":"ImageObject","inLanguage":"de","@id":"https:\/\/now-news.de\/de\/#\/schema\/logo\/image\/","url":"http:\/\/just-now.news\/de\/wp-content\/uploads\/sites\/3\/2022\/04\/logo500x500.jpg","contentUrl":"http:\/\/just-now.news\/de\/wp-content\/uploads\/sites\/3\/2022\/04\/logo500x500.jpg","width":500,"height":500,"caption":"Just Now News"},"image":{"@id":"https:\/\/now-news.de\/de\/#\/schema\/logo\/image\/"},"sameAs":["https:\/\/www.facebook.com\/wirmachenauf","https:\/\/x.com\/WirMachenAuf_de"]},{"@type":"Person","@id":"https:\/\/now-news.de\/de\/#\/schema\/person\/fb534a4e865501d8b3285208df34a9b5","name":"rtnews","image":{"@type":"ImageObject","inLanguage":"de","@id":"https:\/\/now-news.de\/de\/#\/schema\/person\/image\/","url":"https:\/\/secure.gravatar.com\/avatar\/82aafea7d8127119dd649515f56e2117?s=96&d=mm&r=g","contentUrl":"https:\/\/secure.gravatar.com\/avatar\/82aafea7d8127119dd649515f56e2117?s=96&d=mm&r=g","caption":"rtnews"},"url":"https:\/\/now-news.de\/de\/author\/rnews\/"}]}},"_links":{"self":[{"href":"https:\/\/now-news.de\/de\/wp-json\/wp\/v2\/posts\/82901"}],"collection":[{"href":"https:\/\/now-news.de\/de\/wp-json\/wp\/v2\/posts"}],"about":[{"href":"https:\/\/now-news.de\/de\/wp-json\/wp\/v2\/types\/post"}],"author":[{"embeddable":true,"href":"https:\/\/now-news.de\/de\/wp-json\/wp\/v2\/users\/3"}],"replies":[{"embeddable":true,"href":"https:\/\/now-news.de\/de\/wp-json\/wp\/v2\/comments?post=82901"}],"version-history":[{"count":0,"href":"https:\/\/now-news.de\/de\/wp-json\/wp\/v2\/posts\/82901\/revisions"}],"wp:featuredmedia":[{"embeddable":true,"href":"https:\/\/now-news.de\/de\/wp-json\/wp\/v2\/media\/82902"}],"wp:attachment":[{"href":"https:\/\/now-news.de\/de\/wp-json\/wp\/v2\/media?parent=82901"}],"wp:term":[{"taxonomy":"category","embeddable":true,"href":"https:\/\/now-news.de\/de\/wp-json\/wp\/v2\/categories?post=82901"},{"taxonomy":"post_tag","embeddable":true,"href":"https:\/\/now-news.de\/de\/wp-json\/wp\/v2\/tags?post=82901"}],"curies":[{"name":"wp","href":"https:\/\/api.w.org\/{rel}","templated":true}]}}