{"id":82872,"date":"2025-04-27T21:21:12","date_gmt":"2025-04-27T19:21:12","guid":{"rendered":"https:\/\/now-news.de\/de\/deutschland\/westen-will-mithilfe-klitschkos-druck-auf-selenskij-ausueben\/"},"modified":"2025-04-27T21:21:12","modified_gmt":"2025-04-27T19:21:12","slug":"westen-will-mithilfe-klitschkos-druck-auf-selenskij-ausueben","status":"publish","type":"post","link":"https:\/\/now-news.de\/de\/deutschland\/westen-will-mithilfe-klitschkos-druck-auf-selenskij-ausueben\/","title":{"rendered":"Westen will mithilfe Klitschkos Druck auf Selenskij aus\u00fcben"},"content":{"rendered":"<p><img decoding=\"async\" src=\"https:\/\/now-news.de\/de\/wp-content\/uploads\/sites\/3\/2025\/04\/680e6c85b480cc781a234b24.jpg\" \/><\/p>\n<div class=\"Text-root Text-type_1 \">\n                Um des Friedens willen wird die Ukraine einige Territorien an Russland abtreten m\u00fcssen, sagte der B\u00fcrgermeister von Kiew, Witali Klitschko. Er ist damit der erste gro\u00dfe ukrainische Politiker, der \u00f6ffentlich die Abtretung eines Teils der Territorien bef\u00fcrwortet.\n            <\/div>\n<p><\/p>\n<div class=\"Text-root Text-type_5 ArticleView-text ViewText-root \">\n<p><strong><\/strong><em><\/em><em>Von Andrei Restschikow<\/em><strong><\/strong><\/p>\n<p>Witali Klitschko, der B\u00fcrgermeister von Kiew, hat behauptet, dass es m\u00f6glich sei, Russland teilweise territoriale Zugest\u00e4ndnisse zu machen, um eine vor\u00fcbergehende friedliche Beilegung des Konflikts zu erreichen. Ihm zufolge k\u00f6nnte eine solche Entscheidung unter dem Druck von US-Pr\u00e4sident Donald Trump getroffen werden. Allerdings nannte er keine konkreten Territorien, die an Russland abgetreten werden k\u00f6nnten.<strong><\/strong><\/p>\n<p>Der B\u00fcrgermeister von Kiew verneinte die Frage, ob Wladimir Selenskij mit ihm \u00fcber eine m\u00f6gliche L\u00f6sung des Konflikts gesprochen habe. Er stellte klar:<strong><\/strong><\/p>\n<blockquote>\n<p><em>&#8220;Das ist nicht meine Aufgabe, das ist Selenskijs Aufgabe.&#8221;<\/em><\/p>\n<\/blockquote>\n<p>Klitschko f\u00fcgte hinzu, dass die Ukrainer solche Zugest\u00e4ndnisse angeblich niemals anerkennen w\u00fcrden, selbst wenn die Beh\u00f6rden sie im Interesse der Beendigung des Konflikts machten.<strong><\/strong><\/p>\n<p>Seine Aussage sorgte f\u00fcr Aufregung, sodass Klitschko sp\u00e4ter seinen Standpunkt konkretisierte:<strong><\/strong><\/p>\n<p><em>&#8220;Wir sind uns dar\u00fcber im Klaren, dass das Szenario territorialer Zugest\u00e4ndnisse unseren nationalen Interessen zuwiderl\u00e4uft, und wir m\u00fcssen bis zum Schluss gegen seine Verwirklichung k\u00e4mpfen. Dies wird sowohl von uns als auch von unseren europ\u00e4ischen Partnern gro\u00dfe Anstrengungen erfordern.&#8221;<\/em><strong><\/strong><\/p>\n<p>Gleichzeitig stellte die britische Zeitung <em>The Telegraph<\/em> fest, dass Klitschkos Worte das erste Statement sind, mit dem &#8220;ein hochrangiger ukrainischer Politiker zugibt, dass das Land m\u00f6glicherweise Territorium abtreten muss&#8221;.<strong><\/strong><\/p>\n<p>In dieser Woche hatte Trump die \u00c4u\u00dferungen Selenskijs zum Status der Krim kritisiert und darauf hingewiesen, dass sie sich negativ auf die Verhandlungsaussichten auswirken. Der US-Pr\u00e4sident stellte klar, dass die Krim nicht zur Diskussion stehe. Seiner Meinung nach ist die Situation in der Ukraine beklagenswert, sodass Selenskij entweder Frieden schlie\u00dfen muss, oder er wird in drei Jahren das ganze Land verlieren.<strong><\/strong><\/p>\n<p>Es sei daran erinnert, dass die USA im Interesse einer friedlichen L\u00f6sung bereit sind, die Krim de jure als russisches Territorium und die kontrollierten Gebiete Donbass und Noworossija de facto als russisches Territorium anzuerkennen. Dies geht aus durchgesickerten Informationen \u00fcber den US-Plan f\u00fcr ein Friedensabkommen hervor. Sp\u00e4ter sagte Trump in einem Interview mit dem Nachrichtenmagazin <em>Time<\/em>, dass die Krim bei Russland verbleiben wird, und seiner Meinung nach ist sich Selenskij dessen auch bewusst.<strong><\/strong><\/p>\n<p>Was Klitschko betrifft, so hat dieser sich zuvor wiederholt \u00fcber den wachsenden Druck von Selenskij beschwert. Im Februar erkl\u00e4rte die ukrainische Sonderstaatsanwaltschaft, sie habe eine kriminelle Organisation aufgedeckt, die mit Grundst\u00fccksangelegenheiten im Kiewer Stadtrat und in der Verwaltung zu tun habe. Im Rahmen dieser Ermittlungen wurde der stellvertretende B\u00fcrgermeister von Kiew, Pjotr Olenitsch, verhaftet. Ein weiterer Stellvertreter Klitschkos, Wladimir Prokopow, wurde von dem ukrainischen Sicherheitsdienst und der Nationalpolizei angeklagt, die illegale \u00dcberf\u00fchrung von M\u00e4nnern im Wehrpflichtalter nach Europa organisiert zu haben.<strong><\/strong><\/p>\n<p>Experten erinnern auch daran, dass Klitschko seit Langem enge Beziehungen zu deutschen Eliten unterh\u00e4lt, die in einigen Fragen eine abweichende Meinung nicht nur zur ukrainischen Krise, sondern auch zur innenpolitischen Struktur des Landes vertreten. So geh\u00f6rte beispielsweise die ehemalige Bundeskanzlerin Angela Merkel schon vor dem Maidan 2014 zu Klitschkos wichtigsten Lobbyisten f\u00fcr das Amt des k\u00fcnftigen Pr\u00e4sidenten der Ukraine.<strong><\/strong><\/p>\n<p>Als Ergebnis eines Konsenses zwischen Europ\u00e4ern, Amerikanern und ukrainischen Oligarchen gewann jedoch Petro Poroschenko die Pr\u00e4sidentschaftswahlen 2014, und Klitschko erhielt den Posten des B\u00fcrgermeisters von Kiew.<strong><\/strong><\/p>\n<p>Sp\u00e4ter best\u00e4tigte der ukrainische Oligarch Dmitri Firtasch dieses Schema bei einem Prozess in Wien, was ihm erm\u00f6glichte, Julia Timoschenko, Arseni Jazenjuk und Alexander Turtschinow als Favoriten im Rennen auszuschalten. Das Amt des B\u00fcrgermeisters von Kiew ist Klitschko jedoch eindeutig zu wenig, sodass er seit mehr als zehn Jahren auf der Suche nach einer Gelegenheit ist, Staatsoberhaupt des Landes zu werden.<strong><\/strong><\/p>\n<p>Larissa Schesler, die Vorsitzende der Union der politischen Emigranten und politischen Gefangenen der Ukraine, ist \u00fcberzeugt:<strong><\/strong><\/p>\n<p><em>&#8220;Klitschko hat eine begrenzte Intelligenz, aber er hat einen gro\u00dfen Einfluss in der Ukraine, weil er die Interessen bestimmter westlicher Kreise vertritt. Und so sehr sich Selenskij auch bem\u00fcht, er kann Klitschko nicht als B\u00fcrgermeister von Kiew absetzen. Deshalb hat Klitschko den Mut oder k\u00f6nnte sogar erm\u00e4chtigt werden, sich zu territorialen Zugest\u00e4ndnissen zu \u00e4u\u00dfern.&#8221;<\/em><strong><\/strong><\/p>\n<p>Ihrer Meinung nach hat Klitschko eine solche Erkl\u00e4rung nicht abgegeben, um seine Position zu st\u00e4rken:<strong><\/strong><\/p>\n<p><em>&#8220;Man hat ihm Anweisungen gegeben und er hat sie befolgt. Klitschko ist nach internationalen Ma\u00dfst\u00e4ben keine unabh\u00e4ngige Pers\u00f6nlichkeit, aber auf ukrainischer Ebene verfolgt der B\u00fcrgermeister von Kiew nur deshalb eine von Selenskij unabh\u00e4ngige Politik, weil er sich auf seine Verbindungen in den Westen st\u00fctzt.&#8221;<\/em><strong><\/strong><\/p>\n<p>Der politische Analyst Wladimir Kornilow schloss seinerseits nicht aus, dass Klitschko nach seinen \u00c4u\u00dferungen neue Probleme in seinen Beziehungen zu Bankowaja-[Stra\u00dfe] bekommen k\u00f6nnte. Der Politologe begr\u00fcndete dies wie folgt:<strong><\/strong><\/p>\n<p><em>&#8220;In der Ukraine findet eine Kampagne gegen den B\u00fcrgermeister von Kiew und sein Team statt \u2013 das politische Feld wird von Selenskijs m\u00f6glichen Rivalen bei den Wahlen ges\u00e4ubert. Ich schlie\u00dfe nicht aus, dass dieses Interview genutzt wird, um Klitschko zu &#8216;st\u00fcrzen&#8217;, wie es mit Petro Poroschenko und anderen Pers\u00f6nlichkeiten geschah.&#8221;<\/em><strong><\/strong><\/p>\n<p>Der Experte merkte au\u00dferdem an, dass selbst einheimische Soziologen die Tatsache anerkennen m\u00fcssen, dass die Zahl derjenigen, die territorialen Zugest\u00e4ndnissen zustimmen, in der Ukraine w\u00e4chst. Er f\u00fcgte hinzu:<strong><\/strong><\/p>\n<p><em>&#8220;Au\u00dferdem waren schon vor der milit\u00e4rischen Sonderoperation ein erheblicher Teil der ukrainischen Bev\u00f6lkerung und sogar Selenskij daf\u00fcr, zumindest den Verlust der Krim zu akzeptieren.&#8221;<\/em><strong><\/strong><\/p>\n<p>Schesler stellte auch fest, dass ein gewisser Prozentsatz der Bev\u00f6lkerung des Landes territorialen Zugest\u00e4ndnissen zustimmt, aus Angst, noch mehr Land zu verlieren:<strong><\/strong><\/p>\n<p><em>&#8220;Dennoch spiegelt Klitschko nicht die Meinung der einfachen B\u00fcrger wider. Leider interessiert sich die ukrainische Elite am wenigsten f\u00fcr die Meinung des Volkes.&#8221;<\/em><strong><\/strong><\/p>\n<p><em>\u00dcbersetzt aus dem <\/em><a rel=\"nofollow noopener\" target=\"_blank\" href=\"https:\/\/vz.ru\/world\/2025\/4\/25\/1328482.html\"><em>Russischen<\/em><\/a><em>. Der Artikel ist am 25. April 2025 zuerst auf der Webseite der Zeitung Wsgljad erschienen.<\/em><strong><\/strong><\/p>\n<p><strong><em>Andrei Restschikow<\/em><\/strong><em> ist ein russischer Journalist bei der Zeitung Wsgljad.<\/em><\/p>\n<p><strong>Mehr zum Thema\u00a0<\/strong>\u2013 <a rel=\"nofollow noopener\" target=\"_blank\" href=\"https:\/\/freedert.online\/europa\/243535-niederlage-ukrainischen-streitkraefte-im-gebiet\/\">Die Niederlage der ukrainischen Truppen bei Kursk wird sich auf die gesamte Kontaktlinie auswirken<\/a><\/p>\n<div class=\"EmbedBlock-root EmbedBlock-externalVideo EmbedBlock-rumble\">\n<div class=\"VkEmbed\"><iframe class=\"lazyload\" data-src=\"https:\/\/rumble.com\/embed\/v6qdbgd\" frameborder=\"0\" width=\"853\" height=\"480\" allowfullscreen><\/iframe><\/div>\n<\/div>\n<\/div>\n<p><br \/>\n<br \/><a href=\"https:\/\/de.rt.com\/meinung\/243552-westen-will-mithilfe-klitschkos-druck\/\">Source link <\/a><\/p>\n","protected":false},"excerpt":{"rendered":"<p>Um des Friedens willen wird die Ukraine einige Territorien an Russland abtreten m\u00fcssen, sagte der B\u00fcrgermeister von Kiew, Witali Klitschko. Er ist damit der erste gro\u00dfe ukrainische Politiker, der \u00f6ffentlich die Abtretung eines Teils der Territorien bef\u00fcrwortet. Von Andrei Restschikow Witali Klitschko, der B\u00fcrgermeister von Kiew, hat behauptet, dass es m\u00f6glich sei, Russland teilweise territoriale [&hellip;]<\/p>\n","protected":false},"author":3,"featured_media":82873,"comment_status":"open","ping_status":"open","sticky":false,"template":"","format":"standard","meta":{"_yoast_indexnow_last_ping":["1745782436"],"wp_automatic_camp":["217"],"e519fa4ffbf8bd9b7b4e39994ecb7939":["Westen will mithilfe Klitschkos Druck auf Selenskij aus\u00fcben"],"original_link":["https:\/\/de.rt.com\/meinung\/243552-westen-will-mithilfe-klitschkos-druck\/"],"_thumbnail_id":["82873"],"jnews_social_counter_last_update":["1777160824"],"_wptgpro_p2tg_sent2tg":["a:1:{i:23737;s:19:\"2025-04-27 21:35:01\";}"]},"categories":[19,23],"tags":[133,64574,1610,48927,40105,6158,378],"yoast_head":"<!-- This site is optimized with the Yoast SEO Premium plugin v22.7 (Yoast SEO v22.7) - https:\/\/yoast.com\/wordpress\/plugins\/seo\/ -->\n<title>Westen will mithilfe Klitschkos Druck auf Selenskij aus\u00fcben - just-now.NEWS Deutschland<\/title>\n<meta name=\"robots\" content=\"index, follow, max-snippet:-1, max-image-preview:large, max-video-preview:-1\" \/>\n<link rel=\"canonical\" href=\"https:\/\/now-news.de\/de\/deutschland\/westen-will-mithilfe-klitschkos-druck-auf-selenskij-ausueben\/\" \/>\n<meta property=\"og:locale\" content=\"de_DE\" \/>\n<meta property=\"og:type\" content=\"article\" \/>\n<meta property=\"og:title\" content=\"Westen will mithilfe Klitschkos Druck auf Selenskij aus\u00fcben\" \/>\n<meta property=\"og:description\" content=\"Um des Friedens willen wird die Ukraine einige Territorien an Russland abtreten m\u00fcssen, sagte der B\u00fcrgermeister von Kiew, Witali Klitschko. Er ist damit der erste gro\u00dfe ukrainische Politiker, der \u00f6ffentlich die Abtretung eines Teils der Territorien bef\u00fcrwortet. Von Andrei Restschikow Witali Klitschko, der B\u00fcrgermeister von Kiew, hat behauptet, dass es m\u00f6glich sei, Russland teilweise territoriale [&hellip;]\" \/>\n<meta property=\"og:url\" content=\"https:\/\/now-news.de\/de\/deutschland\/westen-will-mithilfe-klitschkos-druck-auf-selenskij-ausueben\/\" \/>\n<meta property=\"og:site_name\" content=\"just-now.NEWS Deutschland\" \/>\n<meta property=\"article:publisher\" content=\"https:\/\/www.facebook.com\/wirmachenauf\" \/>\n<meta property=\"article:published_time\" content=\"2025-04-27T19:21:12+00:00\" \/>\n<meta property=\"og:image\" content=\"https:\/\/now-news.de\/de\/wp-content\/uploads\/sites\/3\/2025\/04\/680e6c85b480cc781a234b24.jpg\" \/>\n<meta name=\"author\" content=\"rtnews\" \/>\n<meta name=\"twitter:card\" content=\"summary_large_image\" \/>\n<meta name=\"twitter:creator\" content=\"@WirMachenAuf_de\" \/>\n<meta name=\"twitter:site\" content=\"@WirMachenAuf_de\" \/>\n<meta name=\"twitter:label1\" content=\"Verfasst von\" \/>\n\t<meta name=\"twitter:data1\" content=\"rtnews\" \/>\n\t<meta name=\"twitter:label2\" content=\"Gesch\u00e4tzte Lesezeit\" \/>\n\t<meta name=\"twitter:data2\" content=\"5\u00a0Minuten\" \/>\n<script type=\"application\/ld+json\" class=\"yoast-schema-graph\">{\"@context\":\"https:\/\/schema.org\",\"@graph\":[{\"@type\":\"Article\",\"@id\":\"https:\/\/now-news.de\/de\/deutschland\/westen-will-mithilfe-klitschkos-druck-auf-selenskij-ausueben\/#article\",\"isPartOf\":{\"@id\":\"https:\/\/now-news.de\/de\/deutschland\/westen-will-mithilfe-klitschkos-druck-auf-selenskij-ausueben\/\"},\"author\":{\"name\":\"rtnews\",\"@id\":\"https:\/\/now-news.de\/de\/#\/schema\/person\/fb534a4e865501d8b3285208df34a9b5\"},\"headline\":\"Westen will mithilfe Klitschkos Druck auf Selenskij aus\u00fcben\",\"datePublished\":\"2025-04-27T19:21:12+00:00\",\"dateModified\":\"2025-04-27T19:21:12+00:00\",\"mainEntityOfPage\":{\"@id\":\"https:\/\/now-news.de\/de\/deutschland\/westen-will-mithilfe-klitschkos-druck-auf-selenskij-ausueben\/\"},\"wordCount\":1038,\"commentCount\":0,\"publisher\":{\"@id\":\"https:\/\/now-news.de\/de\/#organization\"},\"image\":{\"@id\":\"https:\/\/now-news.de\/de\/deutschland\/westen-will-mithilfe-klitschkos-druck-auf-selenskij-ausueben\/#primaryimage\"},\"thumbnailUrl\":\"https:\/\/now-news.de\/de\/wp-content\/uploads\/sites\/3\/2025\/04\/Westen-will-mithilfe-Klitschkos-Druck-auf-Selenskij-ausueben.jpg\",\"keywords\":[\"AUF\",\"aus\u00fcben\",\"Druck\",\"Klitschkos\",\"mithilfe\",\"Selenskij\",\"Westen\"],\"articleSection\":[\"Deutschland\",\"Russland\"],\"inLanguage\":\"de\",\"potentialAction\":[{\"@type\":\"CommentAction\",\"name\":\"Comment\",\"target\":[\"https:\/\/now-news.de\/de\/deutschland\/westen-will-mithilfe-klitschkos-druck-auf-selenskij-ausueben\/#respond\"]}]},{\"@type\":\"WebPage\",\"@id\":\"https:\/\/now-news.de\/de\/deutschland\/westen-will-mithilfe-klitschkos-druck-auf-selenskij-ausueben\/\",\"url\":\"https:\/\/now-news.de\/de\/deutschland\/westen-will-mithilfe-klitschkos-druck-auf-selenskij-ausueben\/\",\"name\":\"Westen will mithilfe Klitschkos Druck auf Selenskij aus\u00fcben - just-now.NEWS Deutschland\",\"isPartOf\":{\"@id\":\"https:\/\/now-news.de\/de\/#website\"},\"primaryImageOfPage\":{\"@id\":\"https:\/\/now-news.de\/de\/deutschland\/westen-will-mithilfe-klitschkos-druck-auf-selenskij-ausueben\/#primaryimage\"},\"image\":{\"@id\":\"https:\/\/now-news.de\/de\/deutschland\/westen-will-mithilfe-klitschkos-druck-auf-selenskij-ausueben\/#primaryimage\"},\"thumbnailUrl\":\"https:\/\/now-news.de\/de\/wp-content\/uploads\/sites\/3\/2025\/04\/Westen-will-mithilfe-Klitschkos-Druck-auf-Selenskij-ausueben.jpg\",\"datePublished\":\"2025-04-27T19:21:12+00:00\",\"dateModified\":\"2025-04-27T19:21:12+00:00\",\"breadcrumb\":{\"@id\":\"https:\/\/now-news.de\/de\/deutschland\/westen-will-mithilfe-klitschkos-druck-auf-selenskij-ausueben\/#breadcrumb\"},\"inLanguage\":\"de\",\"potentialAction\":[{\"@type\":\"ReadAction\",\"target\":[\"https:\/\/now-news.de\/de\/deutschland\/westen-will-mithilfe-klitschkos-druck-auf-selenskij-ausueben\/\"]}]},{\"@type\":\"ImageObject\",\"inLanguage\":\"de\",\"@id\":\"https:\/\/now-news.de\/de\/deutschland\/westen-will-mithilfe-klitschkos-druck-auf-selenskij-ausueben\/#primaryimage\",\"url\":\"https:\/\/now-news.de\/de\/wp-content\/uploads\/sites\/3\/2025\/04\/Westen-will-mithilfe-Klitschkos-Druck-auf-Selenskij-ausueben.jpg\",\"contentUrl\":\"https:\/\/now-news.de\/de\/wp-content\/uploads\/sites\/3\/2025\/04\/Westen-will-mithilfe-Klitschkos-Druck-auf-Selenskij-ausueben.jpg\",\"width\":460,\"height\":259,\"caption\":\"Westen will mithilfe Klitschkos Druck auf Selenskij aus\u00fcben\"},{\"@type\":\"BreadcrumbList\",\"@id\":\"https:\/\/now-news.de\/de\/deutschland\/westen-will-mithilfe-klitschkos-druck-auf-selenskij-ausueben\/#breadcrumb\",\"itemListElement\":[{\"@type\":\"ListItem\",\"position\":1,\"name\":\"Home\",\"item\":\"https:\/\/now-news.de\/de\/\"},{\"@type\":\"ListItem\",\"position\":2,\"name\":\"Westen will mithilfe Klitschkos Druck auf Selenskij aus\u00fcben\"}]},{\"@type\":\"WebSite\",\"@id\":\"https:\/\/now-news.de\/de\/#website\",\"url\":\"https:\/\/now-news.de\/de\/\",\"name\":\"just-now.NEWS Deutschland\",\"description\":\"Das Portal f\u00fcr unzensierte Nachrichten aus der Welt\",\"publisher\":{\"@id\":\"https:\/\/now-news.de\/de\/#organization\"},\"potentialAction\":[{\"@type\":\"SearchAction\",\"target\":{\"@type\":\"EntryPoint\",\"urlTemplate\":\"https:\/\/now-news.de\/de\/?s={search_term_string}\"},\"query-input\":\"required name=search_term_string\"}],\"inLanguage\":\"de\"},{\"@type\":\"Organization\",\"@id\":\"https:\/\/now-news.de\/de\/#organization\",\"name\":\"Just Now News\",\"url\":\"https:\/\/now-news.de\/de\/\",\"logo\":{\"@type\":\"ImageObject\",\"inLanguage\":\"de\",\"@id\":\"https:\/\/now-news.de\/de\/#\/schema\/logo\/image\/\",\"url\":\"http:\/\/just-now.news\/de\/wp-content\/uploads\/sites\/3\/2022\/04\/logo500x500.jpg\",\"contentUrl\":\"http:\/\/just-now.news\/de\/wp-content\/uploads\/sites\/3\/2022\/04\/logo500x500.jpg\",\"width\":500,\"height\":500,\"caption\":\"Just Now News\"},\"image\":{\"@id\":\"https:\/\/now-news.de\/de\/#\/schema\/logo\/image\/\"},\"sameAs\":[\"https:\/\/www.facebook.com\/wirmachenauf\",\"https:\/\/x.com\/WirMachenAuf_de\"]},{\"@type\":\"Person\",\"@id\":\"https:\/\/now-news.de\/de\/#\/schema\/person\/fb534a4e865501d8b3285208df34a9b5\",\"name\":\"rtnews\",\"image\":{\"@type\":\"ImageObject\",\"inLanguage\":\"de\",\"@id\":\"https:\/\/now-news.de\/de\/#\/schema\/person\/image\/\",\"url\":\"https:\/\/secure.gravatar.com\/avatar\/82aafea7d8127119dd649515f56e2117?s=96&d=mm&r=g\",\"contentUrl\":\"https:\/\/secure.gravatar.com\/avatar\/82aafea7d8127119dd649515f56e2117?s=96&d=mm&r=g\",\"caption\":\"rtnews\"},\"url\":\"https:\/\/now-news.de\/de\/author\/rnews\/\"}]}<\/script>\n<!-- \/ Yoast SEO Premium plugin. -->","yoast_head_json":{"title":"Westen will mithilfe Klitschkos Druck auf Selenskij aus\u00fcben - just-now.NEWS Deutschland","robots":{"index":"index","follow":"follow","max-snippet":"max-snippet:-1","max-image-preview":"max-image-preview:large","max-video-preview":"max-video-preview:-1"},"canonical":"https:\/\/now-news.de\/de\/deutschland\/westen-will-mithilfe-klitschkos-druck-auf-selenskij-ausueben\/","og_locale":"de_DE","og_type":"article","og_title":"Westen will mithilfe Klitschkos Druck auf Selenskij aus\u00fcben","og_description":"Um des Friedens willen wird die Ukraine einige Territorien an Russland abtreten m\u00fcssen, sagte der B\u00fcrgermeister von Kiew, Witali Klitschko. Er ist damit der erste gro\u00dfe ukrainische Politiker, der \u00f6ffentlich die Abtretung eines Teils der Territorien bef\u00fcrwortet. Von Andrei Restschikow Witali Klitschko, der B\u00fcrgermeister von Kiew, hat behauptet, dass es m\u00f6glich sei, Russland teilweise territoriale [&hellip;]","og_url":"https:\/\/now-news.de\/de\/deutschland\/westen-will-mithilfe-klitschkos-druck-auf-selenskij-ausueben\/","og_site_name":"just-now.NEWS Deutschland","article_publisher":"https:\/\/www.facebook.com\/wirmachenauf","article_published_time":"2025-04-27T19:21:12+00:00","og_image":[{"url":"https:\/\/now-news.de\/de\/wp-content\/uploads\/sites\/3\/2025\/04\/680e6c85b480cc781a234b24.jpg"}],"author":"rtnews","twitter_card":"summary_large_image","twitter_creator":"@WirMachenAuf_de","twitter_site":"@WirMachenAuf_de","twitter_misc":{"Verfasst von":"rtnews","Gesch\u00e4tzte Lesezeit":"5\u00a0Minuten"},"schema":{"@context":"https:\/\/schema.org","@graph":[{"@type":"Article","@id":"https:\/\/now-news.de\/de\/deutschland\/westen-will-mithilfe-klitschkos-druck-auf-selenskij-ausueben\/#article","isPartOf":{"@id":"https:\/\/now-news.de\/de\/deutschland\/westen-will-mithilfe-klitschkos-druck-auf-selenskij-ausueben\/"},"author":{"name":"rtnews","@id":"https:\/\/now-news.de\/de\/#\/schema\/person\/fb534a4e865501d8b3285208df34a9b5"},"headline":"Westen will mithilfe Klitschkos Druck auf Selenskij aus\u00fcben","datePublished":"2025-04-27T19:21:12+00:00","dateModified":"2025-04-27T19:21:12+00:00","mainEntityOfPage":{"@id":"https:\/\/now-news.de\/de\/deutschland\/westen-will-mithilfe-klitschkos-druck-auf-selenskij-ausueben\/"},"wordCount":1038,"commentCount":0,"publisher":{"@id":"https:\/\/now-news.de\/de\/#organization"},"image":{"@id":"https:\/\/now-news.de\/de\/deutschland\/westen-will-mithilfe-klitschkos-druck-auf-selenskij-ausueben\/#primaryimage"},"thumbnailUrl":"https:\/\/now-news.de\/de\/wp-content\/uploads\/sites\/3\/2025\/04\/Westen-will-mithilfe-Klitschkos-Druck-auf-Selenskij-ausueben.jpg","keywords":["AUF","aus\u00fcben","Druck","Klitschkos","mithilfe","Selenskij","Westen"],"articleSection":["Deutschland","Russland"],"inLanguage":"de","potentialAction":[{"@type":"CommentAction","name":"Comment","target":["https:\/\/now-news.de\/de\/deutschland\/westen-will-mithilfe-klitschkos-druck-auf-selenskij-ausueben\/#respond"]}]},{"@type":"WebPage","@id":"https:\/\/now-news.de\/de\/deutschland\/westen-will-mithilfe-klitschkos-druck-auf-selenskij-ausueben\/","url":"https:\/\/now-news.de\/de\/deutschland\/westen-will-mithilfe-klitschkos-druck-auf-selenskij-ausueben\/","name":"Westen will mithilfe Klitschkos Druck auf Selenskij aus\u00fcben - just-now.NEWS Deutschland","isPartOf":{"@id":"https:\/\/now-news.de\/de\/#website"},"primaryImageOfPage":{"@id":"https:\/\/now-news.de\/de\/deutschland\/westen-will-mithilfe-klitschkos-druck-auf-selenskij-ausueben\/#primaryimage"},"image":{"@id":"https:\/\/now-news.de\/de\/deutschland\/westen-will-mithilfe-klitschkos-druck-auf-selenskij-ausueben\/#primaryimage"},"thumbnailUrl":"https:\/\/now-news.de\/de\/wp-content\/uploads\/sites\/3\/2025\/04\/Westen-will-mithilfe-Klitschkos-Druck-auf-Selenskij-ausueben.jpg","datePublished":"2025-04-27T19:21:12+00:00","dateModified":"2025-04-27T19:21:12+00:00","breadcrumb":{"@id":"https:\/\/now-news.de\/de\/deutschland\/westen-will-mithilfe-klitschkos-druck-auf-selenskij-ausueben\/#breadcrumb"},"inLanguage":"de","potentialAction":[{"@type":"ReadAction","target":["https:\/\/now-news.de\/de\/deutschland\/westen-will-mithilfe-klitschkos-druck-auf-selenskij-ausueben\/"]}]},{"@type":"ImageObject","inLanguage":"de","@id":"https:\/\/now-news.de\/de\/deutschland\/westen-will-mithilfe-klitschkos-druck-auf-selenskij-ausueben\/#primaryimage","url":"https:\/\/now-news.de\/de\/wp-content\/uploads\/sites\/3\/2025\/04\/Westen-will-mithilfe-Klitschkos-Druck-auf-Selenskij-ausueben.jpg","contentUrl":"https:\/\/now-news.de\/de\/wp-content\/uploads\/sites\/3\/2025\/04\/Westen-will-mithilfe-Klitschkos-Druck-auf-Selenskij-ausueben.jpg","width":460,"height":259,"caption":"Westen will mithilfe Klitschkos Druck auf Selenskij aus\u00fcben"},{"@type":"BreadcrumbList","@id":"https:\/\/now-news.de\/de\/deutschland\/westen-will-mithilfe-klitschkos-druck-auf-selenskij-ausueben\/#breadcrumb","itemListElement":[{"@type":"ListItem","position":1,"name":"Home","item":"https:\/\/now-news.de\/de\/"},{"@type":"ListItem","position":2,"name":"Westen will mithilfe Klitschkos Druck auf Selenskij aus\u00fcben"}]},{"@type":"WebSite","@id":"https:\/\/now-news.de\/de\/#website","url":"https:\/\/now-news.de\/de\/","name":"just-now.NEWS Deutschland","description":"Das Portal f\u00fcr unzensierte Nachrichten aus der Welt","publisher":{"@id":"https:\/\/now-news.de\/de\/#organization"},"potentialAction":[{"@type":"SearchAction","target":{"@type":"EntryPoint","urlTemplate":"https:\/\/now-news.de\/de\/?s={search_term_string}"},"query-input":"required name=search_term_string"}],"inLanguage":"de"},{"@type":"Organization","@id":"https:\/\/now-news.de\/de\/#organization","name":"Just Now News","url":"https:\/\/now-news.de\/de\/","logo":{"@type":"ImageObject","inLanguage":"de","@id":"https:\/\/now-news.de\/de\/#\/schema\/logo\/image\/","url":"http:\/\/just-now.news\/de\/wp-content\/uploads\/sites\/3\/2022\/04\/logo500x500.jpg","contentUrl":"http:\/\/just-now.news\/de\/wp-content\/uploads\/sites\/3\/2022\/04\/logo500x500.jpg","width":500,"height":500,"caption":"Just Now News"},"image":{"@id":"https:\/\/now-news.de\/de\/#\/schema\/logo\/image\/"},"sameAs":["https:\/\/www.facebook.com\/wirmachenauf","https:\/\/x.com\/WirMachenAuf_de"]},{"@type":"Person","@id":"https:\/\/now-news.de\/de\/#\/schema\/person\/fb534a4e865501d8b3285208df34a9b5","name":"rtnews","image":{"@type":"ImageObject","inLanguage":"de","@id":"https:\/\/now-news.de\/de\/#\/schema\/person\/image\/","url":"https:\/\/secure.gravatar.com\/avatar\/82aafea7d8127119dd649515f56e2117?s=96&d=mm&r=g","contentUrl":"https:\/\/secure.gravatar.com\/avatar\/82aafea7d8127119dd649515f56e2117?s=96&d=mm&r=g","caption":"rtnews"},"url":"https:\/\/now-news.de\/de\/author\/rnews\/"}]}},"_links":{"self":[{"href":"https:\/\/now-news.de\/de\/wp-json\/wp\/v2\/posts\/82872"}],"collection":[{"href":"https:\/\/now-news.de\/de\/wp-json\/wp\/v2\/posts"}],"about":[{"href":"https:\/\/now-news.de\/de\/wp-json\/wp\/v2\/types\/post"}],"author":[{"embeddable":true,"href":"https:\/\/now-news.de\/de\/wp-json\/wp\/v2\/users\/3"}],"replies":[{"embeddable":true,"href":"https:\/\/now-news.de\/de\/wp-json\/wp\/v2\/comments?post=82872"}],"version-history":[{"count":0,"href":"https:\/\/now-news.de\/de\/wp-json\/wp\/v2\/posts\/82872\/revisions"}],"wp:featuredmedia":[{"embeddable":true,"href":"https:\/\/now-news.de\/de\/wp-json\/wp\/v2\/media\/82873"}],"wp:attachment":[{"href":"https:\/\/now-news.de\/de\/wp-json\/wp\/v2\/media?parent=82872"}],"wp:term":[{"taxonomy":"category","embeddable":true,"href":"https:\/\/now-news.de\/de\/wp-json\/wp\/v2\/categories?post=82872"},{"taxonomy":"post_tag","embeddable":true,"href":"https:\/\/now-news.de\/de\/wp-json\/wp\/v2\/tags?post=82872"}],"curies":[{"name":"wp","href":"https:\/\/api.w.org\/{rel}","templated":true}]}}