{"id":82858,"date":"2025-04-27T19:39:07","date_gmt":"2025-04-27T17:39:07","guid":{"rendered":"https:\/\/now-news.de\/de\/deutschland\/bernard-guetta-ein-franzoesischer-propagandist-traeumt-von-einem-europa-das-es-nicht-gibt\/"},"modified":"2025-04-27T19:39:07","modified_gmt":"2025-04-27T17:39:07","slug":"bernard-guetta-ein-franzoesischer-propagandist-traeumt-von-einem-europa-das-es-nicht-gibt","status":"publish","type":"post","link":"https:\/\/now-news.de\/de\/deutschland\/bernard-guetta-ein-franzoesischer-propagandist-traeumt-von-einem-europa-das-es-nicht-gibt\/","title":{"rendered":"Bernard Guetta: Ein franz\u00f6sischer Propagandist tr\u00e4umt von einem Europa, das es nicht gibt"},"content":{"rendered":"<p><img decoding=\"async\" src=\"https:\/\/now-news.de\/de\/wp-content\/uploads\/sites\/3\/2025\/04\/6808f575b480cc55ea239e39.jpg\" \/><\/p>\n<div class=\"Text-root Text-type_1 \">\n                Aufschneiderei ist ein in der Eurokratie gern ge\u00fcbtes Handwerk. Der franz\u00f6sische Journalist und derzeitige Europaabgeordnete Bernard Guetta liefert daf\u00fcr ein gutes Beispiel. Der Macron nahestehende Guetta tr\u00e4umt immer noch von EU-ropa als Gro\u00dfmacht.\n            <\/div>\n<p><\/p>\n<div class=\"Text-root Text-type_5 ArticleView-text ViewText-root \">\n<p><em>Von Pierre Levy<\/em><\/p>\n<p>Bernard Guetta, der von 1971 bis 2019 Journalist war, ist ein perfektes Beispiel f\u00fcr einen franz\u00f6sischen Propagandisten der vorherrschenden Ideologie, insbesondere in der internationalen Politik. Er arbeitete mit zahlreichen &#8220;linken&#8221; Medien oder solchen der Mitte zusammen, vom <em>Nouvel Observateur<\/em> \u00fcber den \u00f6ffentlich-rechtlichen Radiosender France Inter bis hin zu <em>Lib\u00e9ration, L&#8217;Expansion, L&#8217;Express, Challenges<\/em> und nat\u00fcrlich <em>Le Monde<\/em>, wo er von 1979 bis 1990 t\u00e4tig war.<\/p>\n<p>Zwei Merkmale pr\u00e4gen seine lange Karriere: seine Feindseligkeit gegen\u00fcber Russland \u2013 und nat\u00fcrlich zuvor gegen\u00fcber der Sowjetunion \u2013 und sein unersch\u00fctterliches Engagement f\u00fcr die europ\u00e4ische Integration. Diese doppelte Verbundenheit brachte ihm 1981 die Aufnahme in den atlantischen Club der Young Leaders ein, der von der French-American Foundation, einer Lobby mit eindeutiger Bezeichnung, benannt wird.<\/p>\n<p>Vor allem aber wurde er bei den Europawahlen im Juni 2019 auf die vom \u00c9lys\u00e9e-Palast unterst\u00fctzte Liste gew\u00e4hlt und anschlie\u00dfend gew\u00e4hlt. Als treuer Macron-Anh\u00e4nger war er bereits die Nummer zwei auf der Liste &#8220;Besoin d&#8217;Europe&#8221; im Jahr 2024 und wurde somit erneut ins Europaparlament gew\u00e4hlt. Dort ist er derzeit Mitglied des Ausschusses f\u00fcr ausw\u00e4rtige Angelegenheiten. Nat\u00fcrlich hat er sich enge Freundschaften in der Mainstream-Presse bewahrt, wo er regelm\u00e4\u00dfig Gastkommentare ver\u00f6ffentlicht.<\/p>\n<p>Dies war erst k\u00fcrzlich wieder der Fall: In den Spalten von <em>Le Monde<\/em> (18. April 2025) hat er einen Text unterschrieben, der ein dringender Appell an &#8220;Europa&#8221; (sprich: die Europ\u00e4ische Union) ist, sowohl gegen\u00fcber Xi Jinpings China als auch gegen\u00fcber Donald Trumps USA eine harte Linie zu fahren. Der Autor beschreibt darin seine Abneigung gegen\u00fcber Ersteren, aber auch seinen Groll gegen\u00fcber Letzterem. Er geht jedoch davon aus, dass Europa stark genug sei, um dem einen die Stirn zu bieten, indem es mit einem B\u00fcndnis mit dem anderen droht \u2013 und umgekehrt. Schlie\u00dflich tr\u00e4umt er davon, dass Europa, sollten Washington und Peking letztendlich ein Abkommen schlie\u00dfen, zur &#8220;Ausgleichsmacht&#8221; zwischen den drei Bl\u00f6cken werden k\u00f6nne.<\/p>\n<p>Ob diese Perspektive gl\u00fccklich und w\u00fcnschenswert ist, ist h\u00f6chst fraglich. Aber ist sie \u00fcberhaupt realistisch? Die Argumente des Experten geben Anlass zum Zweifeln. Er behauptet, dass &#8220;Europa st\u00e4rker ist als jemals zuvor seit dem Ersten Weltkrieg&#8221;, was historisch gesehen eine seltsame Formulierung ist, zumal er im n\u00e4chsten Satz von &#8220;den 27&#8221; spricht.<\/p>\n<p>Vor allem, so argumentiert er, beruhe diese neue St\u00e4rke Europas auf drei Elementen: der Entschlossenheit der Mitgliedstaaten, sich mit einer gemeinsamen Verteidigung auszustatten; den Bem\u00fchungen Frankreichs und Deutschlands, &#8220;zusammen mit Polen ein f\u00fcr die Festlegung unserer gemeinsamen Politik unverzichtbares Trio zu bilden&#8221;; und der sich daraus ergebenden Perspektive einer &#8220;paneurop\u00e4ischen Industriepolitik&#8221;.<\/p>\n<p>Wenn man das richtig versteht, liegt also die derzeitige St\u00e4rke der EU in zuk\u00fcnftigen Ergebnissen. Denn die &#8220;gemeinsame Verteidigung&#8221; ist nur ein erkl\u00e4rtes Ziel, wie der Experte einr\u00e4umt; das genannte Trio befindet sich noch im Aufbau; und gemeinsame Industriepolitiken sind noch virtuell, wie der Autor implizit zugibt.<\/p>\n<p>In Wirklichkeit ist es sogar noch schlimmer, was der Europaabgeordnete nat\u00fcrlich nicht ignorieren kann. Denn die sogenannte &#8220;gemeinsame Verteidigung&#8221; ist kein wirklich neues Konzept. Die Gemeinsame Au\u00dfen- und Sicherheitspolitik (GASP) war einer der drei Pfeiler des Vertrags von Maastricht von 1992. Der Vertrag von Lissabon, der 2007 unterzeichnet wurde, f\u00fchrte seinerseits die Gemeinsame Sicherheits- und Verteidigungspolitik (GSVP) ein. Und in den vergangenen Jahren gab es immer wieder Ank\u00fcndigungen von &#8220;Fortschritten&#8221; im milit\u00e4rischen Bereich Europas, ohne dass dies, zur gro\u00dfen Entt\u00e4uschung der Bef\u00fcrworter der Integration, zu nennenswerten Ver\u00e4nderungen gef\u00fchrt hat \u2013 zum Gl\u00fcck!<\/p>\n<p>Das Trio Paris-Berlin-Warschau ist seinerseits eine alte Leier, die erstmals 1991 unter dem Namen &#8220;Weimarer Dreieck&#8221; erw\u00e4hnt wurde. Und die &#8220;paneurop\u00e4ischen Industriepolitiken&#8221; bleiben vorerst in der Schwebe, wie die unterschiedlichen Reaktionen der Mitgliedstaaten auf die vom Wei\u00dfen Haus verh\u00e4ngten Z\u00f6lle best\u00e4tigen.<\/p>\n<p>Wahrscheinlich im Bewusstsein, dass diese drei Beispiele kaum f\u00fcr eine neue &#8220;St\u00e4rke&#8221; Europas sprechen, f\u00fchrt Bernard Guetta ein letztes Argument an, das ihm offenbar Hoffnung gibt: &#8220;Das Vereinigte K\u00f6nigreich, Norwegen, die Schweiz, Australien, Kanada und sicherlich bald noch viele andere n\u00e4hern sich der Europ\u00e4ischen Union an.&#8221; Der Autor schl\u00e4gt nicht ausdr\u00fccklich vor, diese L\u00e4nder zu annektieren, betont jedoch: &#8220;Die Union z\u00e4hlt 450 Millionen B\u00fcrger, aber mit ihren nahen und fernen Partnern bildet sie praktisch einen Pol von mindestens 600 Millionen Verbrauchern, deren Kaufkraft weder die Vereinigten Staaten noch China ignorieren k\u00f6nnen.&#8221;<\/p>\n<p>Fazit: &#8220;Nur wenn wir uns unserer St\u00e4rke bewusst werden \u2026, k\u00f6nnen wir mit Donald Trump und Xi Jinping auf Augenh\u00f6he verhandeln.&#8221; Insbesondere indem man dem einen zu verstehen gibt, dass Br\u00fcssel sich dem anderen ann\u00e4hern k\u00f6nnte, um ihm den Rang abzulaufen und umgekehrt.<\/p>\n<p>Der Macron-nahe Europaabgeordnete tut so, als w\u00fcsste er nicht, dass das dominierende Merkmal der j\u00fcngsten Entwicklung der EU in Wirklichkeit die Spaltung ihrer Mitgliedstaaten ist. Und dabei geht es nicht nur um die ungarische Dissidenz, die sich mittlerweile in allen Bereichen offen manifestiert.<\/p>\n<p>Denn w\u00e4hrend Viktor Orb\u00e1n in Br\u00fcssel als &#8220;prorussisches&#8221; schwarzes Schaf gilt, hat sein slowakischer Amtskollege Robert Fico best\u00e4tigt, dass er trotz der Aufforderungen der Europ\u00e4ischen Kommission zu den Feierlichkeiten am 9. Mai nach Moskau reisen wird.<\/p>\n<p>Dar\u00fcber hinaus k\u00f6nnten die Wahlen in der Tschechischen Republik im Herbst den ehemaligen Ministerpr\u00e4sidenten Andrej Babis, einen Vertrauten Viktor Orb\u00e1ns, wieder an die Macht in Prag bringen. Die europ\u00e4ischen F\u00fchrer sind auch besorgt \u00fcber die Pr\u00e4sidentschaftswahlen in Rum\u00e4nien am 4. und 18. Mai, nachdem in der ersten Runde im November 2024 ein ebenfalls als europaskeptisch geltender Kandidat die Nase vorn hatte, bevor die Wahl schlie\u00dflich annulliert wurde.<\/p>\n<p>Und dazu kommt, dass die Italienerin Giorgia Meloni keinen Hehl aus ihrer ideologischen N\u00e4he zu Donald Trump und Elon Musk macht, was zu einem weiteren Faktor werden k\u00f6nnte, der die ohnehin schon angeschlagene &#8220;europ\u00e4ische Einigkeit&#8221; bedroht.<\/p>\n<p>Die Realit\u00e4t ist, dass die Geschichten, wirtschaftlichen Rahmenbedingungen und politischen Kulturen der einzelnen Mitgliedstaaten sehr unterschiedlich sind, was die Schaffung eines &#8220;europ\u00e4ischen Blocks&#8221; weder w\u00fcnschenswert noch m\u00f6glich macht.<\/p>\n<p>Bernard Guetta hat seinerseits erneut eine weitverbreitete Denkweise verdeutlicht: W\u00fcnsche mit der Realit\u00e4t zu verwechseln.<\/p>\n<p><strong>Mehr zum Thema<\/strong> &#8211;\u00a0<a rel=\"nofollow noopener\" target=\"_blank\" href=\"https:\/\/freedert.online\/meinung\/241793-macron-macht-gute-miene-beim\/\">Macron macht gute Miene beim b\u00f6sen Spiel \u2013 und Russland ist auf NATO-S\u00fcdflanke im Vormarsch<\/a><\/p>\n<div class=\"EmbedBlock-root EmbedBlock-externalVideo EmbedBlock-rumble\">\n<div class=\"VkEmbed\"><iframe class=\"lazyload\" data-src=\"https:\/\/rumble.com\/embed\/v6pktdh\" frameborder=\"0\" width=\"853\" height=\"480\" allowfullscreen><\/iframe><\/div>\n<\/div>\n<\/div>\n<p><br \/>\n<br \/><a href=\"https:\/\/de.rt.com\/meinung\/243154-bernard-guetta-franzoesischer-propagandist-traeumt\/\">Source link <\/a><\/p>\n","protected":false},"excerpt":{"rendered":"<p>Aufschneiderei ist ein in der Eurokratie gern ge\u00fcbtes Handwerk. Der franz\u00f6sische Journalist und derzeitige Europaabgeordnete Bernard Guetta liefert daf\u00fcr ein gutes Beispiel. Der Macron nahestehende Guetta tr\u00e4umt immer noch von EU-ropa als Gro\u00dfmacht. Von Pierre Levy Bernard Guetta, der von 1971 bis 2019 Journalist war, ist ein perfektes Beispiel f\u00fcr einen franz\u00f6sischen Propagandisten der vorherrschenden [&hellip;]<\/p>\n","protected":false},"author":3,"featured_media":82859,"comment_status":"open","ping_status":"open","sticky":false,"template":"","format":"standard","meta":{"_yoast_indexnow_last_ping":["1745775597"],"wp_automatic_camp":["217"],"9acfc2c3da91c0d4b7672073d7182efd":["Bernard Guetta: Ein franz\u00f6sischer Propagandist tr\u00e4umt von einem Europa, das es nicht gibt"],"original_link":["https:\/\/de.rt.com\/meinung\/243154-bernard-guetta-franzoesischer-propagandist-traeumt\/"],"_thumbnail_id":["82859"],"jnews_social_counter_last_update":["1777644924"],"_wptgpro_p2tg_sent2tg":["a:1:{i:23737;s:19:\"2025-04-27 19:40:58\";}"]},"categories":[19,23],"tags":[64568,427,357,352,1370,9154,1002,64569,800,52883,44808,50],"yoast_head":"<!-- This site is optimized with the Yoast SEO Premium plugin v22.7 (Yoast SEO v22.7) - https:\/\/yoast.com\/wordpress\/plugins\/seo\/ -->\n<title>Bernard Guetta: Ein franz\u00f6sischer Propagandist tr\u00e4umt von einem Europa, das es nicht gibt - just-now.NEWS Deutschland<\/title>\n<meta name=\"robots\" content=\"index, follow, max-snippet:-1, max-image-preview:large, max-video-preview:-1\" \/>\n<link rel=\"canonical\" href=\"https:\/\/now-news.de\/de\/deutschland\/bernard-guetta-ein-franzoesischer-propagandist-traeumt-von-einem-europa-das-es-nicht-gibt\/\" \/>\n<meta property=\"og:locale\" content=\"de_DE\" \/>\n<meta property=\"og:type\" content=\"article\" \/>\n<meta property=\"og:title\" content=\"Bernard Guetta: Ein franz\u00f6sischer Propagandist tr\u00e4umt von einem Europa, das es nicht gibt\" \/>\n<meta property=\"og:description\" content=\"Aufschneiderei ist ein in der Eurokratie gern ge\u00fcbtes Handwerk. Der franz\u00f6sische Journalist und derzeitige Europaabgeordnete Bernard Guetta liefert daf\u00fcr ein gutes Beispiel. Der Macron nahestehende Guetta tr\u00e4umt immer noch von EU-ropa als Gro\u00dfmacht. Von Pierre Levy Bernard Guetta, der von 1971 bis 2019 Journalist war, ist ein perfektes Beispiel f\u00fcr einen franz\u00f6sischen Propagandisten der vorherrschenden [&hellip;]\" \/>\n<meta property=\"og:url\" content=\"https:\/\/now-news.de\/de\/deutschland\/bernard-guetta-ein-franzoesischer-propagandist-traeumt-von-einem-europa-das-es-nicht-gibt\/\" \/>\n<meta property=\"og:site_name\" content=\"just-now.NEWS Deutschland\" \/>\n<meta property=\"article:publisher\" content=\"https:\/\/www.facebook.com\/wirmachenauf\" \/>\n<meta property=\"article:published_time\" content=\"2025-04-27T17:39:07+00:00\" \/>\n<meta property=\"og:image\" content=\"https:\/\/now-news.de\/de\/wp-content\/uploads\/sites\/3\/2025\/04\/6808f575b480cc55ea239e39.jpg\" \/>\n<meta name=\"author\" content=\"rtnews\" \/>\n<meta name=\"twitter:card\" content=\"summary_large_image\" \/>\n<meta name=\"twitter:creator\" content=\"@WirMachenAuf_de\" \/>\n<meta name=\"twitter:site\" content=\"@WirMachenAuf_de\" \/>\n<meta name=\"twitter:label1\" content=\"Verfasst von\" \/>\n\t<meta name=\"twitter:data1\" content=\"rtnews\" \/>\n\t<meta name=\"twitter:label2\" content=\"Gesch\u00e4tzte Lesezeit\" \/>\n\t<meta name=\"twitter:data2\" content=\"5\u00a0Minuten\" \/>\n<script type=\"application\/ld+json\" class=\"yoast-schema-graph\">{\"@context\":\"https:\/\/schema.org\",\"@graph\":[{\"@type\":\"Article\",\"@id\":\"https:\/\/now-news.de\/de\/deutschland\/bernard-guetta-ein-franzoesischer-propagandist-traeumt-von-einem-europa-das-es-nicht-gibt\/#article\",\"isPartOf\":{\"@id\":\"https:\/\/now-news.de\/de\/deutschland\/bernard-guetta-ein-franzoesischer-propagandist-traeumt-von-einem-europa-das-es-nicht-gibt\/\"},\"author\":{\"name\":\"rtnews\",\"@id\":\"https:\/\/now-news.de\/de\/#\/schema\/person\/fb534a4e865501d8b3285208df34a9b5\"},\"headline\":\"Bernard Guetta: Ein franz\u00f6sischer Propagandist tr\u00e4umt von einem Europa, das es nicht gibt\",\"datePublished\":\"2025-04-27T17:39:07+00:00\",\"dateModified\":\"2025-04-27T17:39:07+00:00\",\"mainEntityOfPage\":{\"@id\":\"https:\/\/now-news.de\/de\/deutschland\/bernard-guetta-ein-franzoesischer-propagandist-traeumt-von-einem-europa-das-es-nicht-gibt\/\"},\"wordCount\":1110,\"commentCount\":0,\"publisher\":{\"@id\":\"https:\/\/now-news.de\/de\/#organization\"},\"image\":{\"@id\":\"https:\/\/now-news.de\/de\/deutschland\/bernard-guetta-ein-franzoesischer-propagandist-traeumt-von-einem-europa-das-es-nicht-gibt\/#primaryimage\"},\"thumbnailUrl\":\"https:\/\/now-news.de\/de\/wp-content\/uploads\/sites\/3\/2025\/04\/Bernard-Guetta-Ein-franzoesischer-Propagandist-traeumt-von-einem-Europa-das.jpg\",\"keywords\":[\"Bernard\",\"das\",\"ein\",\"einem\",\"Europa\",\"franz\u00f6sischer\",\"gibt\",\"Guetta\",\"nicht\",\"Propagandist\",\"tr\u00e4umt\",\"von\"],\"articleSection\":[\"Deutschland\",\"Russland\"],\"inLanguage\":\"de\",\"potentialAction\":[{\"@type\":\"CommentAction\",\"name\":\"Comment\",\"target\":[\"https:\/\/now-news.de\/de\/deutschland\/bernard-guetta-ein-franzoesischer-propagandist-traeumt-von-einem-europa-das-es-nicht-gibt\/#respond\"]}]},{\"@type\":\"WebPage\",\"@id\":\"https:\/\/now-news.de\/de\/deutschland\/bernard-guetta-ein-franzoesischer-propagandist-traeumt-von-einem-europa-das-es-nicht-gibt\/\",\"url\":\"https:\/\/now-news.de\/de\/deutschland\/bernard-guetta-ein-franzoesischer-propagandist-traeumt-von-einem-europa-das-es-nicht-gibt\/\",\"name\":\"Bernard Guetta: Ein franz\u00f6sischer Propagandist tr\u00e4umt von einem Europa, das es nicht gibt - just-now.NEWS Deutschland\",\"isPartOf\":{\"@id\":\"https:\/\/now-news.de\/de\/#website\"},\"primaryImageOfPage\":{\"@id\":\"https:\/\/now-news.de\/de\/deutschland\/bernard-guetta-ein-franzoesischer-propagandist-traeumt-von-einem-europa-das-es-nicht-gibt\/#primaryimage\"},\"image\":{\"@id\":\"https:\/\/now-news.de\/de\/deutschland\/bernard-guetta-ein-franzoesischer-propagandist-traeumt-von-einem-europa-das-es-nicht-gibt\/#primaryimage\"},\"thumbnailUrl\":\"https:\/\/now-news.de\/de\/wp-content\/uploads\/sites\/3\/2025\/04\/Bernard-Guetta-Ein-franzoesischer-Propagandist-traeumt-von-einem-Europa-das.jpg\",\"datePublished\":\"2025-04-27T17:39:07+00:00\",\"dateModified\":\"2025-04-27T17:39:07+00:00\",\"breadcrumb\":{\"@id\":\"https:\/\/now-news.de\/de\/deutschland\/bernard-guetta-ein-franzoesischer-propagandist-traeumt-von-einem-europa-das-es-nicht-gibt\/#breadcrumb\"},\"inLanguage\":\"de\",\"potentialAction\":[{\"@type\":\"ReadAction\",\"target\":[\"https:\/\/now-news.de\/de\/deutschland\/bernard-guetta-ein-franzoesischer-propagandist-traeumt-von-einem-europa-das-es-nicht-gibt\/\"]}]},{\"@type\":\"ImageObject\",\"inLanguage\":\"de\",\"@id\":\"https:\/\/now-news.de\/de\/deutschland\/bernard-guetta-ein-franzoesischer-propagandist-traeumt-von-einem-europa-das-es-nicht-gibt\/#primaryimage\",\"url\":\"https:\/\/now-news.de\/de\/wp-content\/uploads\/sites\/3\/2025\/04\/Bernard-Guetta-Ein-franzoesischer-Propagandist-traeumt-von-einem-Europa-das.jpg\",\"contentUrl\":\"https:\/\/now-news.de\/de\/wp-content\/uploads\/sites\/3\/2025\/04\/Bernard-Guetta-Ein-franzoesischer-Propagandist-traeumt-von-einem-Europa-das.jpg\",\"width\":460,\"height\":259,\"caption\":\"Bernard Guetta: Ein franz\u00f6sischer Propagandist tr\u00e4umt von einem Europa, das es nicht gibt\"},{\"@type\":\"BreadcrumbList\",\"@id\":\"https:\/\/now-news.de\/de\/deutschland\/bernard-guetta-ein-franzoesischer-propagandist-traeumt-von-einem-europa-das-es-nicht-gibt\/#breadcrumb\",\"itemListElement\":[{\"@type\":\"ListItem\",\"position\":1,\"name\":\"Home\",\"item\":\"https:\/\/now-news.de\/de\/\"},{\"@type\":\"ListItem\",\"position\":2,\"name\":\"Bernard Guetta: Ein franz\u00f6sischer Propagandist tr\u00e4umt von einem Europa, das es nicht gibt\"}]},{\"@type\":\"WebSite\",\"@id\":\"https:\/\/now-news.de\/de\/#website\",\"url\":\"https:\/\/now-news.de\/de\/\",\"name\":\"just-now.NEWS Deutschland\",\"description\":\"Das Portal f\u00fcr unzensierte Nachrichten aus der Welt\",\"publisher\":{\"@id\":\"https:\/\/now-news.de\/de\/#organization\"},\"potentialAction\":[{\"@type\":\"SearchAction\",\"target\":{\"@type\":\"EntryPoint\",\"urlTemplate\":\"https:\/\/now-news.de\/de\/?s={search_term_string}\"},\"query-input\":\"required name=search_term_string\"}],\"inLanguage\":\"de\"},{\"@type\":\"Organization\",\"@id\":\"https:\/\/now-news.de\/de\/#organization\",\"name\":\"Just Now News\",\"url\":\"https:\/\/now-news.de\/de\/\",\"logo\":{\"@type\":\"ImageObject\",\"inLanguage\":\"de\",\"@id\":\"https:\/\/now-news.de\/de\/#\/schema\/logo\/image\/\",\"url\":\"http:\/\/just-now.news\/de\/wp-content\/uploads\/sites\/3\/2022\/04\/logo500x500.jpg\",\"contentUrl\":\"http:\/\/just-now.news\/de\/wp-content\/uploads\/sites\/3\/2022\/04\/logo500x500.jpg\",\"width\":500,\"height\":500,\"caption\":\"Just Now News\"},\"image\":{\"@id\":\"https:\/\/now-news.de\/de\/#\/schema\/logo\/image\/\"},\"sameAs\":[\"https:\/\/www.facebook.com\/wirmachenauf\",\"https:\/\/x.com\/WirMachenAuf_de\"]},{\"@type\":\"Person\",\"@id\":\"https:\/\/now-news.de\/de\/#\/schema\/person\/fb534a4e865501d8b3285208df34a9b5\",\"name\":\"rtnews\",\"image\":{\"@type\":\"ImageObject\",\"inLanguage\":\"de\",\"@id\":\"https:\/\/now-news.de\/de\/#\/schema\/person\/image\/\",\"url\":\"https:\/\/secure.gravatar.com\/avatar\/82aafea7d8127119dd649515f56e2117?s=96&d=mm&r=g\",\"contentUrl\":\"https:\/\/secure.gravatar.com\/avatar\/82aafea7d8127119dd649515f56e2117?s=96&d=mm&r=g\",\"caption\":\"rtnews\"},\"url\":\"https:\/\/now-news.de\/de\/author\/rnews\/\"}]}<\/script>\n<!-- \/ Yoast SEO Premium plugin. -->","yoast_head_json":{"title":"Bernard Guetta: Ein franz\u00f6sischer Propagandist tr\u00e4umt von einem Europa, das es nicht gibt - just-now.NEWS Deutschland","robots":{"index":"index","follow":"follow","max-snippet":"max-snippet:-1","max-image-preview":"max-image-preview:large","max-video-preview":"max-video-preview:-1"},"canonical":"https:\/\/now-news.de\/de\/deutschland\/bernard-guetta-ein-franzoesischer-propagandist-traeumt-von-einem-europa-das-es-nicht-gibt\/","og_locale":"de_DE","og_type":"article","og_title":"Bernard Guetta: Ein franz\u00f6sischer Propagandist tr\u00e4umt von einem Europa, das es nicht gibt","og_description":"Aufschneiderei ist ein in der Eurokratie gern ge\u00fcbtes Handwerk. Der franz\u00f6sische Journalist und derzeitige Europaabgeordnete Bernard Guetta liefert daf\u00fcr ein gutes Beispiel. Der Macron nahestehende Guetta tr\u00e4umt immer noch von EU-ropa als Gro\u00dfmacht. Von Pierre Levy Bernard Guetta, der von 1971 bis 2019 Journalist war, ist ein perfektes Beispiel f\u00fcr einen franz\u00f6sischen Propagandisten der vorherrschenden [&hellip;]","og_url":"https:\/\/now-news.de\/de\/deutschland\/bernard-guetta-ein-franzoesischer-propagandist-traeumt-von-einem-europa-das-es-nicht-gibt\/","og_site_name":"just-now.NEWS Deutschland","article_publisher":"https:\/\/www.facebook.com\/wirmachenauf","article_published_time":"2025-04-27T17:39:07+00:00","og_image":[{"url":"https:\/\/now-news.de\/de\/wp-content\/uploads\/sites\/3\/2025\/04\/6808f575b480cc55ea239e39.jpg"}],"author":"rtnews","twitter_card":"summary_large_image","twitter_creator":"@WirMachenAuf_de","twitter_site":"@WirMachenAuf_de","twitter_misc":{"Verfasst von":"rtnews","Gesch\u00e4tzte Lesezeit":"5\u00a0Minuten"},"schema":{"@context":"https:\/\/schema.org","@graph":[{"@type":"Article","@id":"https:\/\/now-news.de\/de\/deutschland\/bernard-guetta-ein-franzoesischer-propagandist-traeumt-von-einem-europa-das-es-nicht-gibt\/#article","isPartOf":{"@id":"https:\/\/now-news.de\/de\/deutschland\/bernard-guetta-ein-franzoesischer-propagandist-traeumt-von-einem-europa-das-es-nicht-gibt\/"},"author":{"name":"rtnews","@id":"https:\/\/now-news.de\/de\/#\/schema\/person\/fb534a4e865501d8b3285208df34a9b5"},"headline":"Bernard Guetta: Ein franz\u00f6sischer Propagandist tr\u00e4umt von einem Europa, das es nicht gibt","datePublished":"2025-04-27T17:39:07+00:00","dateModified":"2025-04-27T17:39:07+00:00","mainEntityOfPage":{"@id":"https:\/\/now-news.de\/de\/deutschland\/bernard-guetta-ein-franzoesischer-propagandist-traeumt-von-einem-europa-das-es-nicht-gibt\/"},"wordCount":1110,"commentCount":0,"publisher":{"@id":"https:\/\/now-news.de\/de\/#organization"},"image":{"@id":"https:\/\/now-news.de\/de\/deutschland\/bernard-guetta-ein-franzoesischer-propagandist-traeumt-von-einem-europa-das-es-nicht-gibt\/#primaryimage"},"thumbnailUrl":"https:\/\/now-news.de\/de\/wp-content\/uploads\/sites\/3\/2025\/04\/Bernard-Guetta-Ein-franzoesischer-Propagandist-traeumt-von-einem-Europa-das.jpg","keywords":["Bernard","das","ein","einem","Europa","franz\u00f6sischer","gibt","Guetta","nicht","Propagandist","tr\u00e4umt","von"],"articleSection":["Deutschland","Russland"],"inLanguage":"de","potentialAction":[{"@type":"CommentAction","name":"Comment","target":["https:\/\/now-news.de\/de\/deutschland\/bernard-guetta-ein-franzoesischer-propagandist-traeumt-von-einem-europa-das-es-nicht-gibt\/#respond"]}]},{"@type":"WebPage","@id":"https:\/\/now-news.de\/de\/deutschland\/bernard-guetta-ein-franzoesischer-propagandist-traeumt-von-einem-europa-das-es-nicht-gibt\/","url":"https:\/\/now-news.de\/de\/deutschland\/bernard-guetta-ein-franzoesischer-propagandist-traeumt-von-einem-europa-das-es-nicht-gibt\/","name":"Bernard Guetta: Ein franz\u00f6sischer Propagandist tr\u00e4umt von einem Europa, das es nicht gibt - just-now.NEWS Deutschland","isPartOf":{"@id":"https:\/\/now-news.de\/de\/#website"},"primaryImageOfPage":{"@id":"https:\/\/now-news.de\/de\/deutschland\/bernard-guetta-ein-franzoesischer-propagandist-traeumt-von-einem-europa-das-es-nicht-gibt\/#primaryimage"},"image":{"@id":"https:\/\/now-news.de\/de\/deutschland\/bernard-guetta-ein-franzoesischer-propagandist-traeumt-von-einem-europa-das-es-nicht-gibt\/#primaryimage"},"thumbnailUrl":"https:\/\/now-news.de\/de\/wp-content\/uploads\/sites\/3\/2025\/04\/Bernard-Guetta-Ein-franzoesischer-Propagandist-traeumt-von-einem-Europa-das.jpg","datePublished":"2025-04-27T17:39:07+00:00","dateModified":"2025-04-27T17:39:07+00:00","breadcrumb":{"@id":"https:\/\/now-news.de\/de\/deutschland\/bernard-guetta-ein-franzoesischer-propagandist-traeumt-von-einem-europa-das-es-nicht-gibt\/#breadcrumb"},"inLanguage":"de","potentialAction":[{"@type":"ReadAction","target":["https:\/\/now-news.de\/de\/deutschland\/bernard-guetta-ein-franzoesischer-propagandist-traeumt-von-einem-europa-das-es-nicht-gibt\/"]}]},{"@type":"ImageObject","inLanguage":"de","@id":"https:\/\/now-news.de\/de\/deutschland\/bernard-guetta-ein-franzoesischer-propagandist-traeumt-von-einem-europa-das-es-nicht-gibt\/#primaryimage","url":"https:\/\/now-news.de\/de\/wp-content\/uploads\/sites\/3\/2025\/04\/Bernard-Guetta-Ein-franzoesischer-Propagandist-traeumt-von-einem-Europa-das.jpg","contentUrl":"https:\/\/now-news.de\/de\/wp-content\/uploads\/sites\/3\/2025\/04\/Bernard-Guetta-Ein-franzoesischer-Propagandist-traeumt-von-einem-Europa-das.jpg","width":460,"height":259,"caption":"Bernard Guetta: Ein franz\u00f6sischer Propagandist tr\u00e4umt von einem Europa, das es nicht gibt"},{"@type":"BreadcrumbList","@id":"https:\/\/now-news.de\/de\/deutschland\/bernard-guetta-ein-franzoesischer-propagandist-traeumt-von-einem-europa-das-es-nicht-gibt\/#breadcrumb","itemListElement":[{"@type":"ListItem","position":1,"name":"Home","item":"https:\/\/now-news.de\/de\/"},{"@type":"ListItem","position":2,"name":"Bernard Guetta: Ein franz\u00f6sischer Propagandist tr\u00e4umt von einem Europa, das es nicht gibt"}]},{"@type":"WebSite","@id":"https:\/\/now-news.de\/de\/#website","url":"https:\/\/now-news.de\/de\/","name":"just-now.NEWS Deutschland","description":"Das Portal f\u00fcr unzensierte Nachrichten aus der Welt","publisher":{"@id":"https:\/\/now-news.de\/de\/#organization"},"potentialAction":[{"@type":"SearchAction","target":{"@type":"EntryPoint","urlTemplate":"https:\/\/now-news.de\/de\/?s={search_term_string}"},"query-input":"required name=search_term_string"}],"inLanguage":"de"},{"@type":"Organization","@id":"https:\/\/now-news.de\/de\/#organization","name":"Just Now News","url":"https:\/\/now-news.de\/de\/","logo":{"@type":"ImageObject","inLanguage":"de","@id":"https:\/\/now-news.de\/de\/#\/schema\/logo\/image\/","url":"http:\/\/just-now.news\/de\/wp-content\/uploads\/sites\/3\/2022\/04\/logo500x500.jpg","contentUrl":"http:\/\/just-now.news\/de\/wp-content\/uploads\/sites\/3\/2022\/04\/logo500x500.jpg","width":500,"height":500,"caption":"Just Now News"},"image":{"@id":"https:\/\/now-news.de\/de\/#\/schema\/logo\/image\/"},"sameAs":["https:\/\/www.facebook.com\/wirmachenauf","https:\/\/x.com\/WirMachenAuf_de"]},{"@type":"Person","@id":"https:\/\/now-news.de\/de\/#\/schema\/person\/fb534a4e865501d8b3285208df34a9b5","name":"rtnews","image":{"@type":"ImageObject","inLanguage":"de","@id":"https:\/\/now-news.de\/de\/#\/schema\/person\/image\/","url":"https:\/\/secure.gravatar.com\/avatar\/82aafea7d8127119dd649515f56e2117?s=96&d=mm&r=g","contentUrl":"https:\/\/secure.gravatar.com\/avatar\/82aafea7d8127119dd649515f56e2117?s=96&d=mm&r=g","caption":"rtnews"},"url":"https:\/\/now-news.de\/de\/author\/rnews\/"}]}},"_links":{"self":[{"href":"https:\/\/now-news.de\/de\/wp-json\/wp\/v2\/posts\/82858"}],"collection":[{"href":"https:\/\/now-news.de\/de\/wp-json\/wp\/v2\/posts"}],"about":[{"href":"https:\/\/now-news.de\/de\/wp-json\/wp\/v2\/types\/post"}],"author":[{"embeddable":true,"href":"https:\/\/now-news.de\/de\/wp-json\/wp\/v2\/users\/3"}],"replies":[{"embeddable":true,"href":"https:\/\/now-news.de\/de\/wp-json\/wp\/v2\/comments?post=82858"}],"version-history":[{"count":0,"href":"https:\/\/now-news.de\/de\/wp-json\/wp\/v2\/posts\/82858\/revisions"}],"wp:featuredmedia":[{"embeddable":true,"href":"https:\/\/now-news.de\/de\/wp-json\/wp\/v2\/media\/82859"}],"wp:attachment":[{"href":"https:\/\/now-news.de\/de\/wp-json\/wp\/v2\/media?parent=82858"}],"wp:term":[{"taxonomy":"category","embeddable":true,"href":"https:\/\/now-news.de\/de\/wp-json\/wp\/v2\/categories?post=82858"},{"taxonomy":"post_tag","embeddable":true,"href":"https:\/\/now-news.de\/de\/wp-json\/wp\/v2\/tags?post=82858"}],"curies":[{"name":"wp","href":"https:\/\/api.w.org\/{rel}","templated":true}]}}