{"id":82830,"date":"2025-04-27T11:49:19","date_gmt":"2025-04-27T09:49:19","guid":{"rendered":"https:\/\/now-news.de\/de\/deutschland\/prinz-andrews-ex-freundin-spottet-ueber-verstorbene-epstein-anklaegerin\/"},"modified":"2025-04-27T11:49:19","modified_gmt":"2025-04-27T09:49:19","slug":"prinz-andrews-ex-freundin-spottet-ueber-verstorbene-epstein-anklaegerin","status":"publish","type":"post","link":"https:\/\/now-news.de\/de\/deutschland\/prinz-andrews-ex-freundin-spottet-ueber-verstorbene-epstein-anklaegerin\/","title":{"rendered":"Prinz Andrews Ex-Freundin spottet \u00fcber verstorbene Epstein-Ankl\u00e4gerin"},"content":{"rendered":"<div class=\"Text-root Text-type_1 \">\n                Virginia Giuffre, zentrale Ankl\u00e4gerin im Epstein-Skandal, ist tot. Ex-Society-Lady Victoria Hervey verspottete sie auf Instagram und sorgte f\u00fcr Emp\u00f6rung. Trotz sp\u00e4terer Entschuldigung bleibt der Vorwurf mangelnder Piet\u00e4t bestehen.\n            <\/div>\n<p><\/p>\n<div class=\"Text-root Text-type_5 ArticleView-text ViewText-root \">\n<p data-start=\"260\" data-end=\"542\">Der tragische Tod von Virginia Giuffre, einer der zentralen Figuren im Epstein-Skandal, ersch\u00fcttert die \u00d6ffentlichkeit.<\/p>\n<p data-start=\"260\" data-end=\"542\">W\u00e4hrend Familie und Freunde um die 41-J\u00e4hrige trauern, sorgt Lady Victoria Hervey, eine fr\u00fchere Freundin von Prinz Andrew, mit zynischen Kommentaren f\u00fcr Emp\u00f6rung.<\/p>\n<p data-start=\"544\" data-end=\"923\">Giuffre, die Prinz Andrew der sexuellen Gewalt beschuldigt hatte, nahm sich in Australien das Leben.<\/p>\n<p data-start=\"544\" data-end=\"923\">In einer ersten Reaktion auf Instagram ver\u00f6ffentlichte Lady Victoria Hervey die Schlagzeile \u00fcber Giuffres Tod und f\u00fcgte den Kommentar hinzu:<\/p>\n<blockquote>\n<p data-start=\"544\" data-end=\"923\"><em>&#8220;Wenn die L\u00fcgen dich einholen, gibt es keinen Ausweg.&#8221;<\/em><\/p>\n<\/blockquote>\n<p data-start=\"544\" data-end=\"923\">Viele werteten dies als direkten Angriff auf die Glaubw\u00fcrdigkeit der Verstorbenen.<\/p>\n<figure class=\"RTImage-root\">\n<div class=\"RTImage-image RTImage-original\"><picture class=\"Picture-root Picture-original\"><!--[if IE 9]><video style=\"display: none;\"><![endif]--><source media=\"(-webkit-min-device-pixel-ratio: 2) and (min-resolution: 120dpi)\" data-srcset=\" \nhttps:\/\/now-news.de\/de\/wp-content\/uploads\/sites\/3\/2025\/04\/680def2848fbef2f020ec957.png 850w,\n                https:\/\/now-news.de\/de\/wp-content\/uploads\/sites\/3\/2025\/04\/680def2848fbef2f020ec957.png 1960w,            \" ><source data-srcset=\" \nhttps:\/\/now-news.de\/de\/wp-content\/uploads\/sites\/3\/2025\/04\/680def2848fbef2f020ec957.png 460w,\n              https:\/\/now-news.de\/de\/wp-content\/uploads\/sites\/3\/2025\/04\/680def2848fbef2f020ec957.png 980w,\n            \" ><!--[if IE 9]><\/video><![endif]--><img decoding=\"async\" data- src=\"data:image\/png;base64,iVBORw0KGgoAAAANSUhEUgAAABAAAAAJCAQAAACRI2S5AAAAEElEQVR42mNkIAAYRxWAAQAG9gAKqv6+AwAAAABJRU5ErkJggg==\" class=\"Picture-root Picture-original lazyload\" data-src=\"https:\/\/now-news.de\/de\/wp-content\/uploads\/sites\/3\/2025\/04\/680def2848fbef2f020ec957.png\" alt=\"\"><\/source><\/source><\/picture><!-- noscript pattern --><noscript><img decoding=\"async\" src=\"https:\/\/now-news.de\/de\/wp-content\/uploads\/sites\/3\/2025\/04\/680def2848fbef2f020ec957.png\" alt=\"\"><\/noscript><\/div><figcaption class=\"RTImage-footer\"><span class=\"RTImage-caption\"><span class=\"RTImage-captionItem\">Die Ex von Prinz Andrew postete ein fragw\u00fcrdiges Statement<\/span><\/span><span class=\"RTImage-source\"><a rel=\"nofollow noopener\" target=\"_blank\" class=\"RTImage-captionItem Link-root\" href=\"https:\/\/www.instagram.com\/ladyvictoriahervey\/?hl=de\">Printscreen Instagram: Lady Victoria Hervey<\/a><\/span><\/figcaption><\/figure>\n<p data-start=\"925\" data-end=\"1281\">In den sozialen Medien hagelte es Kritik: Viele warfen Hervey vor, kaltherzig und respektlos zu sein. Zwei Stunden sp\u00e4ter versuchte die 48-J\u00e4hrige, die Sache zu entsch\u00e4rfen: In einem neuen Post k\u00fcndigte sie an, k\u00fcnftig nichts mehr \u00fcber Giuffre zu sagen.\u00a0<\/p>\n<p data-start=\"1283\" data-end=\"1590\">Lady Victoria Hervey hatte sich bereits in der Vergangenheit kritisch \u00fcber Virginia Giuffre ge\u00e4u\u00dfert. Nach einem Unfall Anfang des Monats, bei dem Giuffre schwere Verletzungen erlitt, verspottete Hervey sie \u00f6ffentlich als &#8220;K\u00f6nigin der gef\u00e4lschten Fotos&#8221; und zweifelte an der Echtheit ihrer Leiden.<\/p>\n<p data-start=\"1592\" data-end=\"1946\">Virginia Giuffre hinterl\u00e4sst drei Kinder: Christian, Noah und Emily. Ihre Familie ver\u00f6ffentlichte ein r\u00fchrendes Statement, in dem sie Giuffre als unerschrockene K\u00e4mpferin gegen sexuellen Missbrauch w\u00fcrdigte:<\/p>\n<blockquote>\n<p data-start=\"1592\" data-end=\"1946\"><em>&#8220;Virginia war das Licht, das so viele \u00dcberlebende aufrichtete. Trotz aller Widrigkeiten strahlte sie hell und wird unermesslich vermisst werden.&#8221;<\/em><\/p>\n<\/blockquote>\n<p data-start=\"1948\" data-end=\"2198\">Die Polizei in Western Australia erkl\u00e4rte, erste Ermittlungen deuteten nicht auf ein Fremdverschulden hin. Giuffres Anw\u00e4ltin Sigrid McCawley erinnerte an den Mut ihrer Mandantin und Freundin:<\/p>\n<blockquote>\n<p data-start=\"1948\" data-end=\"2198\"><em>&#8220;Die Welt hat heute eine unglaubliche K\u00e4mpferin verloren.&#8221;<\/em><\/p>\n<\/blockquote>\n<p data-start=\"2200\" data-end=\"2431\">Noch r\u00e4tselhafter wird die Trag\u00f6die durch einen \u00e4lteren Twitter-Post von Virginia Giuffre, der nun f\u00fcr zus\u00e4tzliche Verwirrung sorgt.<\/p>\n<blockquote>\n<p data-start=\"2200\" data-end=\"2431\"><em>&#8220;Ich erkl\u00e4re hiermit \u00f6ffentlich, dass ich in keiner Weise selbstmordgef\u00e4hrdet bin&#8230; Wenn mir etwas zust\u00f6\u00dft, lasst es meiner Familie zuliebe nicht einfach geschehen \u2013 helft, sie zu besch\u00fctzen. Zu viele b\u00f6se Menschen wollen mich zum Schweigen bringen.&#8221;<\/em><\/p>\n<\/blockquote>\n<figure class=\"RTImage-root\">\n<div class=\"RTImage-image RTImage-original\"><picture class=\"Picture-root Picture-original\"><!--[if IE 9]><video style=\"display: none;\"><![endif]--><source media=\"(-webkit-min-device-pixel-ratio: 2) and (min-resolution: 120dpi)\" data-srcset=\" \nhttps:\/\/now-news.de\/de\/wp-content\/uploads\/sites\/3\/2025\/04\/680dfac4b480cc36ee5a59d3.jpg 850w,\n                https:\/\/now-news.de\/de\/wp-content\/uploads\/sites\/3\/2025\/04\/680dfac4b480cc36ee5a59d3.jpg 1960w,            \" ><source data-srcset=\" \nhttps:\/\/now-news.de\/de\/wp-content\/uploads\/sites\/3\/2025\/04\/680dfac4b480cc36ee5a59d3.jpg 460w,\n              https:\/\/now-news.de\/de\/wp-content\/uploads\/sites\/3\/2025\/04\/680dfac4b480cc36ee5a59d3.jpg 980w,\n            \" ><!--[if IE 9]><\/video><![endif]--><img decoding=\"async\" data- src=\"data:image\/png;base64,iVBORw0KGgoAAAANSUhEUgAAABAAAAAJCAQAAACRI2S5AAAAEElEQVR42mNkIAAYRxWAAQAG9gAKqv6+AwAAAABJRU5ErkJggg==\" class=\"Picture-root Picture-original lazyload\" data-src=\"https:\/\/now-news.de\/de\/wp-content\/uploads\/sites\/3\/2025\/04\/680dfac4b480cc36ee5a59d3.jpg\" alt=\"\"><\/source><\/source><\/picture><!-- noscript pattern --><noscript><img decoding=\"async\" src=\"https:\/\/now-news.de\/de\/wp-content\/uploads\/sites\/3\/2025\/04\/680dfac4b480cc36ee5a59d3.jpg\" alt=\"\"><\/noscript><\/div><figcaption class=\"RTImage-footer\"><span class=\"RTImage-caption\"><\/span><span class=\"RTImage-source\"><a rel=\"nofollow noopener\" target=\"_blank\" class=\"RTImage-captionItem Link-root\" href=\"https:\/\/x.com\/LogHomeMomDad\/status\/1916132717215027293\">Printscreen X: LogHomeMomDad<\/a><\/span><\/figcaption><\/figure>\n<p data-start=\"2200\" data-end=\"2431\">Giuffre hatte 2021 Prinz Andrew verklagt und ihm vorgeworfen, sie als Minderj\u00e4hrige mehrfach missbraucht zu haben. Der Fall endete 2022 in einem au\u00dfergerichtlichen Vergleich, ohne Schuldeingest\u00e4ndnis seitens des britischen Royals.<\/p>\n<p data-start=\"2200\" data-end=\"2431\"><strong>Mehr zum Thema \u2012<\/strong>\u00a0<a rel=\"nofollow noopener\" target=\"_blank\" href=\"https:\/\/freedert.online\/nordamerika\/238157-wird-sie-krank-machen-us\/\">&#8220;Das wird Sie krank machen&#8221;: US-Generalstaatsanw\u00e4ltin zur bevorstehenden Freigabe von Epstein-Akten<\/a><\/p>\n<div class=\"EmbedBlock-root EmbedBlock-externalVideo EmbedBlock-rumble\">\n<div class=\"VkEmbed\"><iframe class=\"lazyload\" data-src=\"https:\/\/rumble.com\/embed\/v4a903l\" frameborder=\"0\" width=\"853\" height=\"480\" allowfullscreen><\/iframe><\/div>\n<\/div>\n<p data-start=\"2200\" data-end=\"2431\">\n<\/div>\n<p><script async defer src=\"https:\/\/platform.instagram.com\/en_US\/embeds.js\"><\/script><br \/>\n<br \/><br \/>\n<br \/><a href=\"https:\/\/de.rt.com\/international\/243508-prinz-andrews-ex-freundin-spottet\/\">Source link <\/a><\/p>\n","protected":false},"excerpt":{"rendered":"<p>Virginia Giuffre, zentrale Ankl\u00e4gerin im Epstein-Skandal, ist tot. Ex-Society-Lady Victoria Hervey verspottete sie auf Instagram und sorgte f\u00fcr Emp\u00f6rung. Trotz sp\u00e4terer Entschuldigung bleibt der Vorwurf mangelnder Piet\u00e4t bestehen. Der tragische Tod von Virginia Giuffre, einer der zentralen Figuren im Epstein-Skandal, ersch\u00fcttert die \u00d6ffentlichkeit. W\u00e4hrend Familie und Freunde um die 41-J\u00e4hrige trauern, sorgt Lady Victoria Hervey, [&hellip;]<\/p>\n","protected":false},"author":3,"featured_media":82831,"comment_status":"open","ping_status":"open","sticky":false,"template":"","format":"standard","meta":{"_yoast_indexnow_last_ping":["1745747702"],"wp_automatic_camp":["217"],"eac7d344859aa2fd9d3e0c41cd0bcde0":["Prinz Andrews Ex-Freundin spottet \u00fcber verstorbene Epstein-Ankl\u00e4gerin"],"original_link":["https:\/\/de.rt.com\/international\/243508-prinz-andrews-ex-freundin-spottet\/"],"_thumbnail_id":["82831"],"jnews_social_counter_last_update":["1777169439"],"_wptgpro_p2tg_sent2tg":["a:1:{i:23737;s:19:\"2025-04-27 11:56:05\";}"]},"categories":[19,23],"tags":[42643,64562,64561,29877,28875,139,23792],"yoast_head":"<!-- This site is optimized with the Yoast SEO Premium plugin v22.7 (Yoast SEO v22.7) - https:\/\/yoast.com\/wordpress\/plugins\/seo\/ -->\n<title>Prinz Andrews Ex-Freundin spottet \u00fcber verstorbene Epstein-Ankl\u00e4gerin - just-now.NEWS Deutschland<\/title>\n<meta name=\"robots\" content=\"index, follow, max-snippet:-1, max-image-preview:large, max-video-preview:-1\" \/>\n<link rel=\"canonical\" href=\"https:\/\/now-news.de\/de\/deutschland\/prinz-andrews-ex-freundin-spottet-ueber-verstorbene-epstein-anklaegerin\/\" \/>\n<meta property=\"og:locale\" content=\"de_DE\" \/>\n<meta property=\"og:type\" content=\"article\" \/>\n<meta property=\"og:title\" content=\"Prinz Andrews Ex-Freundin spottet \u00fcber verstorbene Epstein-Ankl\u00e4gerin\" \/>\n<meta property=\"og:description\" content=\"Virginia Giuffre, zentrale Ankl\u00e4gerin im Epstein-Skandal, ist tot. Ex-Society-Lady Victoria Hervey verspottete sie auf Instagram und sorgte f\u00fcr Emp\u00f6rung. Trotz sp\u00e4terer Entschuldigung bleibt der Vorwurf mangelnder Piet\u00e4t bestehen. Der tragische Tod von Virginia Giuffre, einer der zentralen Figuren im Epstein-Skandal, ersch\u00fcttert die \u00d6ffentlichkeit. W\u00e4hrend Familie und Freunde um die 41-J\u00e4hrige trauern, sorgt Lady Victoria Hervey, [&hellip;]\" \/>\n<meta property=\"og:url\" content=\"https:\/\/now-news.de\/de\/deutschland\/prinz-andrews-ex-freundin-spottet-ueber-verstorbene-epstein-anklaegerin\/\" \/>\n<meta property=\"og:site_name\" content=\"just-now.NEWS Deutschland\" \/>\n<meta property=\"article:publisher\" content=\"https:\/\/www.facebook.com\/wirmachenauf\" \/>\n<meta property=\"article:published_time\" content=\"2025-04-27T09:49:19+00:00\" \/>\n<meta property=\"og:image\" content=\"https:\/\/now-news.de\/de\/wp-content\/uploads\/sites\/3\/2025\/04\/680def2848fbef2f020ec957.png\" \/>\n<meta name=\"author\" content=\"rtnews\" \/>\n<meta name=\"twitter:card\" content=\"summary_large_image\" \/>\n<meta name=\"twitter:creator\" content=\"@WirMachenAuf_de\" \/>\n<meta name=\"twitter:site\" content=\"@WirMachenAuf_de\" \/>\n<meta name=\"twitter:label1\" content=\"Verfasst von\" \/>\n\t<meta name=\"twitter:data1\" content=\"rtnews\" \/>\n\t<meta name=\"twitter:label2\" content=\"Gesch\u00e4tzte Lesezeit\" \/>\n\t<meta name=\"twitter:data2\" content=\"2\u00a0Minuten\" \/>\n<script type=\"application\/ld+json\" class=\"yoast-schema-graph\">{\"@context\":\"https:\/\/schema.org\",\"@graph\":[{\"@type\":\"Article\",\"@id\":\"https:\/\/now-news.de\/de\/deutschland\/prinz-andrews-ex-freundin-spottet-ueber-verstorbene-epstein-anklaegerin\/#article\",\"isPartOf\":{\"@id\":\"https:\/\/now-news.de\/de\/deutschland\/prinz-andrews-ex-freundin-spottet-ueber-verstorbene-epstein-anklaegerin\/\"},\"author\":{\"name\":\"rtnews\",\"@id\":\"https:\/\/now-news.de\/de\/#\/schema\/person\/fb534a4e865501d8b3285208df34a9b5\"},\"headline\":\"Prinz Andrews Ex-Freundin spottet \u00fcber verstorbene Epstein-Ankl\u00e4gerin\",\"datePublished\":\"2025-04-27T09:49:19+00:00\",\"dateModified\":\"2025-04-27T09:49:19+00:00\",\"mainEntityOfPage\":{\"@id\":\"https:\/\/now-news.de\/de\/deutschland\/prinz-andrews-ex-freundin-spottet-ueber-verstorbene-epstein-anklaegerin\/\"},\"wordCount\":453,\"commentCount\":0,\"publisher\":{\"@id\":\"https:\/\/now-news.de\/de\/#organization\"},\"image\":{\"@id\":\"https:\/\/now-news.de\/de\/deutschland\/prinz-andrews-ex-freundin-spottet-ueber-verstorbene-epstein-anklaegerin\/#primaryimage\"},\"thumbnailUrl\":\"https:\/\/now-news.de\/de\/wp-content\/uploads\/sites\/3\/2025\/04\/Prinz-Andrews-Ex-Freundin-spottet-ueber-verstorbene-Epstein-Anklaegerin.png\",\"keywords\":[\"Andrews\",\"EpsteinAnkl\u00e4gerin\",\"ExFreundin\",\"Prinz\",\"spottet\",\"\u00fcber\",\"verstorbene\"],\"articleSection\":[\"Deutschland\",\"Russland\"],\"inLanguage\":\"de\",\"potentialAction\":[{\"@type\":\"CommentAction\",\"name\":\"Comment\",\"target\":[\"https:\/\/now-news.de\/de\/deutschland\/prinz-andrews-ex-freundin-spottet-ueber-verstorbene-epstein-anklaegerin\/#respond\"]}]},{\"@type\":\"WebPage\",\"@id\":\"https:\/\/now-news.de\/de\/deutschland\/prinz-andrews-ex-freundin-spottet-ueber-verstorbene-epstein-anklaegerin\/\",\"url\":\"https:\/\/now-news.de\/de\/deutschland\/prinz-andrews-ex-freundin-spottet-ueber-verstorbene-epstein-anklaegerin\/\",\"name\":\"Prinz Andrews Ex-Freundin spottet \u00fcber verstorbene Epstein-Ankl\u00e4gerin - just-now.NEWS Deutschland\",\"isPartOf\":{\"@id\":\"https:\/\/now-news.de\/de\/#website\"},\"primaryImageOfPage\":{\"@id\":\"https:\/\/now-news.de\/de\/deutschland\/prinz-andrews-ex-freundin-spottet-ueber-verstorbene-epstein-anklaegerin\/#primaryimage\"},\"image\":{\"@id\":\"https:\/\/now-news.de\/de\/deutschland\/prinz-andrews-ex-freundin-spottet-ueber-verstorbene-epstein-anklaegerin\/#primaryimage\"},\"thumbnailUrl\":\"https:\/\/now-news.de\/de\/wp-content\/uploads\/sites\/3\/2025\/04\/Prinz-Andrews-Ex-Freundin-spottet-ueber-verstorbene-Epstein-Anklaegerin.png\",\"datePublished\":\"2025-04-27T09:49:19+00:00\",\"dateModified\":\"2025-04-27T09:49:19+00:00\",\"breadcrumb\":{\"@id\":\"https:\/\/now-news.de\/de\/deutschland\/prinz-andrews-ex-freundin-spottet-ueber-verstorbene-epstein-anklaegerin\/#breadcrumb\"},\"inLanguage\":\"de\",\"potentialAction\":[{\"@type\":\"ReadAction\",\"target\":[\"https:\/\/now-news.de\/de\/deutschland\/prinz-andrews-ex-freundin-spottet-ueber-verstorbene-epstein-anklaegerin\/\"]}]},{\"@type\":\"ImageObject\",\"inLanguage\":\"de\",\"@id\":\"https:\/\/now-news.de\/de\/deutschland\/prinz-andrews-ex-freundin-spottet-ueber-verstorbene-epstein-anklaegerin\/#primaryimage\",\"url\":\"https:\/\/now-news.de\/de\/wp-content\/uploads\/sites\/3\/2025\/04\/Prinz-Andrews-Ex-Freundin-spottet-ueber-verstorbene-Epstein-Anklaegerin.png\",\"contentUrl\":\"https:\/\/now-news.de\/de\/wp-content\/uploads\/sites\/3\/2025\/04\/Prinz-Andrews-Ex-Freundin-spottet-ueber-verstorbene-Epstein-Anklaegerin.png\",\"width\":605,\"height\":1080,\"caption\":\"Prinz Andrews Ex-Freundin spottet \u00fcber verstorbene Epstein-Ankl\u00e4gerin\"},{\"@type\":\"BreadcrumbList\",\"@id\":\"https:\/\/now-news.de\/de\/deutschland\/prinz-andrews-ex-freundin-spottet-ueber-verstorbene-epstein-anklaegerin\/#breadcrumb\",\"itemListElement\":[{\"@type\":\"ListItem\",\"position\":1,\"name\":\"Home\",\"item\":\"https:\/\/now-news.de\/de\/\"},{\"@type\":\"ListItem\",\"position\":2,\"name\":\"Prinz Andrews Ex-Freundin spottet \u00fcber verstorbene Epstein-Ankl\u00e4gerin\"}]},{\"@type\":\"WebSite\",\"@id\":\"https:\/\/now-news.de\/de\/#website\",\"url\":\"https:\/\/now-news.de\/de\/\",\"name\":\"just-now.NEWS Deutschland\",\"description\":\"Das Portal f\u00fcr unzensierte Nachrichten aus der Welt\",\"publisher\":{\"@id\":\"https:\/\/now-news.de\/de\/#organization\"},\"potentialAction\":[{\"@type\":\"SearchAction\",\"target\":{\"@type\":\"EntryPoint\",\"urlTemplate\":\"https:\/\/now-news.de\/de\/?s={search_term_string}\"},\"query-input\":\"required name=search_term_string\"}],\"inLanguage\":\"de\"},{\"@type\":\"Organization\",\"@id\":\"https:\/\/now-news.de\/de\/#organization\",\"name\":\"Just Now News\",\"url\":\"https:\/\/now-news.de\/de\/\",\"logo\":{\"@type\":\"ImageObject\",\"inLanguage\":\"de\",\"@id\":\"https:\/\/now-news.de\/de\/#\/schema\/logo\/image\/\",\"url\":\"http:\/\/just-now.news\/de\/wp-content\/uploads\/sites\/3\/2022\/04\/logo500x500.jpg\",\"contentUrl\":\"http:\/\/just-now.news\/de\/wp-content\/uploads\/sites\/3\/2022\/04\/logo500x500.jpg\",\"width\":500,\"height\":500,\"caption\":\"Just Now News\"},\"image\":{\"@id\":\"https:\/\/now-news.de\/de\/#\/schema\/logo\/image\/\"},\"sameAs\":[\"https:\/\/www.facebook.com\/wirmachenauf\",\"https:\/\/x.com\/WirMachenAuf_de\"]},{\"@type\":\"Person\",\"@id\":\"https:\/\/now-news.de\/de\/#\/schema\/person\/fb534a4e865501d8b3285208df34a9b5\",\"name\":\"rtnews\",\"image\":{\"@type\":\"ImageObject\",\"inLanguage\":\"de\",\"@id\":\"https:\/\/now-news.de\/de\/#\/schema\/person\/image\/\",\"url\":\"https:\/\/secure.gravatar.com\/avatar\/82aafea7d8127119dd649515f56e2117?s=96&d=mm&r=g\",\"contentUrl\":\"https:\/\/secure.gravatar.com\/avatar\/82aafea7d8127119dd649515f56e2117?s=96&d=mm&r=g\",\"caption\":\"rtnews\"},\"url\":\"https:\/\/now-news.de\/de\/author\/rnews\/\"}]}<\/script>\n<!-- \/ Yoast SEO Premium plugin. -->","yoast_head_json":{"title":"Prinz Andrews Ex-Freundin spottet \u00fcber verstorbene Epstein-Ankl\u00e4gerin - just-now.NEWS Deutschland","robots":{"index":"index","follow":"follow","max-snippet":"max-snippet:-1","max-image-preview":"max-image-preview:large","max-video-preview":"max-video-preview:-1"},"canonical":"https:\/\/now-news.de\/de\/deutschland\/prinz-andrews-ex-freundin-spottet-ueber-verstorbene-epstein-anklaegerin\/","og_locale":"de_DE","og_type":"article","og_title":"Prinz Andrews Ex-Freundin spottet \u00fcber verstorbene Epstein-Ankl\u00e4gerin","og_description":"Virginia Giuffre, zentrale Ankl\u00e4gerin im Epstein-Skandal, ist tot. Ex-Society-Lady Victoria Hervey verspottete sie auf Instagram und sorgte f\u00fcr Emp\u00f6rung. Trotz sp\u00e4terer Entschuldigung bleibt der Vorwurf mangelnder Piet\u00e4t bestehen. Der tragische Tod von Virginia Giuffre, einer der zentralen Figuren im Epstein-Skandal, ersch\u00fcttert die \u00d6ffentlichkeit. W\u00e4hrend Familie und Freunde um die 41-J\u00e4hrige trauern, sorgt Lady Victoria Hervey, [&hellip;]","og_url":"https:\/\/now-news.de\/de\/deutschland\/prinz-andrews-ex-freundin-spottet-ueber-verstorbene-epstein-anklaegerin\/","og_site_name":"just-now.NEWS Deutschland","article_publisher":"https:\/\/www.facebook.com\/wirmachenauf","article_published_time":"2025-04-27T09:49:19+00:00","og_image":[{"url":"https:\/\/now-news.de\/de\/wp-content\/uploads\/sites\/3\/2025\/04\/680def2848fbef2f020ec957.png"}],"author":"rtnews","twitter_card":"summary_large_image","twitter_creator":"@WirMachenAuf_de","twitter_site":"@WirMachenAuf_de","twitter_misc":{"Verfasst von":"rtnews","Gesch\u00e4tzte Lesezeit":"2\u00a0Minuten"},"schema":{"@context":"https:\/\/schema.org","@graph":[{"@type":"Article","@id":"https:\/\/now-news.de\/de\/deutschland\/prinz-andrews-ex-freundin-spottet-ueber-verstorbene-epstein-anklaegerin\/#article","isPartOf":{"@id":"https:\/\/now-news.de\/de\/deutschland\/prinz-andrews-ex-freundin-spottet-ueber-verstorbene-epstein-anklaegerin\/"},"author":{"name":"rtnews","@id":"https:\/\/now-news.de\/de\/#\/schema\/person\/fb534a4e865501d8b3285208df34a9b5"},"headline":"Prinz Andrews Ex-Freundin spottet \u00fcber verstorbene Epstein-Ankl\u00e4gerin","datePublished":"2025-04-27T09:49:19+00:00","dateModified":"2025-04-27T09:49:19+00:00","mainEntityOfPage":{"@id":"https:\/\/now-news.de\/de\/deutschland\/prinz-andrews-ex-freundin-spottet-ueber-verstorbene-epstein-anklaegerin\/"},"wordCount":453,"commentCount":0,"publisher":{"@id":"https:\/\/now-news.de\/de\/#organization"},"image":{"@id":"https:\/\/now-news.de\/de\/deutschland\/prinz-andrews-ex-freundin-spottet-ueber-verstorbene-epstein-anklaegerin\/#primaryimage"},"thumbnailUrl":"https:\/\/now-news.de\/de\/wp-content\/uploads\/sites\/3\/2025\/04\/Prinz-Andrews-Ex-Freundin-spottet-ueber-verstorbene-Epstein-Anklaegerin.png","keywords":["Andrews","EpsteinAnkl\u00e4gerin","ExFreundin","Prinz","spottet","\u00fcber","verstorbene"],"articleSection":["Deutschland","Russland"],"inLanguage":"de","potentialAction":[{"@type":"CommentAction","name":"Comment","target":["https:\/\/now-news.de\/de\/deutschland\/prinz-andrews-ex-freundin-spottet-ueber-verstorbene-epstein-anklaegerin\/#respond"]}]},{"@type":"WebPage","@id":"https:\/\/now-news.de\/de\/deutschland\/prinz-andrews-ex-freundin-spottet-ueber-verstorbene-epstein-anklaegerin\/","url":"https:\/\/now-news.de\/de\/deutschland\/prinz-andrews-ex-freundin-spottet-ueber-verstorbene-epstein-anklaegerin\/","name":"Prinz Andrews Ex-Freundin spottet \u00fcber verstorbene Epstein-Ankl\u00e4gerin - just-now.NEWS Deutschland","isPartOf":{"@id":"https:\/\/now-news.de\/de\/#website"},"primaryImageOfPage":{"@id":"https:\/\/now-news.de\/de\/deutschland\/prinz-andrews-ex-freundin-spottet-ueber-verstorbene-epstein-anklaegerin\/#primaryimage"},"image":{"@id":"https:\/\/now-news.de\/de\/deutschland\/prinz-andrews-ex-freundin-spottet-ueber-verstorbene-epstein-anklaegerin\/#primaryimage"},"thumbnailUrl":"https:\/\/now-news.de\/de\/wp-content\/uploads\/sites\/3\/2025\/04\/Prinz-Andrews-Ex-Freundin-spottet-ueber-verstorbene-Epstein-Anklaegerin.png","datePublished":"2025-04-27T09:49:19+00:00","dateModified":"2025-04-27T09:49:19+00:00","breadcrumb":{"@id":"https:\/\/now-news.de\/de\/deutschland\/prinz-andrews-ex-freundin-spottet-ueber-verstorbene-epstein-anklaegerin\/#breadcrumb"},"inLanguage":"de","potentialAction":[{"@type":"ReadAction","target":["https:\/\/now-news.de\/de\/deutschland\/prinz-andrews-ex-freundin-spottet-ueber-verstorbene-epstein-anklaegerin\/"]}]},{"@type":"ImageObject","inLanguage":"de","@id":"https:\/\/now-news.de\/de\/deutschland\/prinz-andrews-ex-freundin-spottet-ueber-verstorbene-epstein-anklaegerin\/#primaryimage","url":"https:\/\/now-news.de\/de\/wp-content\/uploads\/sites\/3\/2025\/04\/Prinz-Andrews-Ex-Freundin-spottet-ueber-verstorbene-Epstein-Anklaegerin.png","contentUrl":"https:\/\/now-news.de\/de\/wp-content\/uploads\/sites\/3\/2025\/04\/Prinz-Andrews-Ex-Freundin-spottet-ueber-verstorbene-Epstein-Anklaegerin.png","width":605,"height":1080,"caption":"Prinz Andrews Ex-Freundin spottet \u00fcber verstorbene Epstein-Ankl\u00e4gerin"},{"@type":"BreadcrumbList","@id":"https:\/\/now-news.de\/de\/deutschland\/prinz-andrews-ex-freundin-spottet-ueber-verstorbene-epstein-anklaegerin\/#breadcrumb","itemListElement":[{"@type":"ListItem","position":1,"name":"Home","item":"https:\/\/now-news.de\/de\/"},{"@type":"ListItem","position":2,"name":"Prinz Andrews Ex-Freundin spottet \u00fcber verstorbene Epstein-Ankl\u00e4gerin"}]},{"@type":"WebSite","@id":"https:\/\/now-news.de\/de\/#website","url":"https:\/\/now-news.de\/de\/","name":"just-now.NEWS Deutschland","description":"Das Portal f\u00fcr unzensierte Nachrichten aus der Welt","publisher":{"@id":"https:\/\/now-news.de\/de\/#organization"},"potentialAction":[{"@type":"SearchAction","target":{"@type":"EntryPoint","urlTemplate":"https:\/\/now-news.de\/de\/?s={search_term_string}"},"query-input":"required name=search_term_string"}],"inLanguage":"de"},{"@type":"Organization","@id":"https:\/\/now-news.de\/de\/#organization","name":"Just Now News","url":"https:\/\/now-news.de\/de\/","logo":{"@type":"ImageObject","inLanguage":"de","@id":"https:\/\/now-news.de\/de\/#\/schema\/logo\/image\/","url":"http:\/\/just-now.news\/de\/wp-content\/uploads\/sites\/3\/2022\/04\/logo500x500.jpg","contentUrl":"http:\/\/just-now.news\/de\/wp-content\/uploads\/sites\/3\/2022\/04\/logo500x500.jpg","width":500,"height":500,"caption":"Just Now News"},"image":{"@id":"https:\/\/now-news.de\/de\/#\/schema\/logo\/image\/"},"sameAs":["https:\/\/www.facebook.com\/wirmachenauf","https:\/\/x.com\/WirMachenAuf_de"]},{"@type":"Person","@id":"https:\/\/now-news.de\/de\/#\/schema\/person\/fb534a4e865501d8b3285208df34a9b5","name":"rtnews","image":{"@type":"ImageObject","inLanguage":"de","@id":"https:\/\/now-news.de\/de\/#\/schema\/person\/image\/","url":"https:\/\/secure.gravatar.com\/avatar\/82aafea7d8127119dd649515f56e2117?s=96&d=mm&r=g","contentUrl":"https:\/\/secure.gravatar.com\/avatar\/82aafea7d8127119dd649515f56e2117?s=96&d=mm&r=g","caption":"rtnews"},"url":"https:\/\/now-news.de\/de\/author\/rnews\/"}]}},"_links":{"self":[{"href":"https:\/\/now-news.de\/de\/wp-json\/wp\/v2\/posts\/82830"}],"collection":[{"href":"https:\/\/now-news.de\/de\/wp-json\/wp\/v2\/posts"}],"about":[{"href":"https:\/\/now-news.de\/de\/wp-json\/wp\/v2\/types\/post"}],"author":[{"embeddable":true,"href":"https:\/\/now-news.de\/de\/wp-json\/wp\/v2\/users\/3"}],"replies":[{"embeddable":true,"href":"https:\/\/now-news.de\/de\/wp-json\/wp\/v2\/comments?post=82830"}],"version-history":[{"count":0,"href":"https:\/\/now-news.de\/de\/wp-json\/wp\/v2\/posts\/82830\/revisions"}],"wp:featuredmedia":[{"embeddable":true,"href":"https:\/\/now-news.de\/de\/wp-json\/wp\/v2\/media\/82831"}],"wp:attachment":[{"href":"https:\/\/now-news.de\/de\/wp-json\/wp\/v2\/media?parent=82830"}],"wp:term":[{"taxonomy":"category","embeddable":true,"href":"https:\/\/now-news.de\/de\/wp-json\/wp\/v2\/categories?post=82830"},{"taxonomy":"post_tag","embeddable":true,"href":"https:\/\/now-news.de\/de\/wp-json\/wp\/v2\/tags?post=82830"}],"curies":[{"name":"wp","href":"https:\/\/api.w.org\/{rel}","templated":true}]}}