{"id":82824,"date":"2025-04-27T08:39:03","date_gmt":"2025-04-27T06:39:03","guid":{"rendered":"https:\/\/now-news.de\/de\/deutschland\/nach-dem-9-mai-1945-erinnerungen-aus-dem-oesterreich-der-ersten-nachkriegsmonate-russischer-reis\/"},"modified":"2025-04-27T08:39:03","modified_gmt":"2025-04-27T06:39:03","slug":"nach-dem-9-mai-1945-erinnerungen-aus-dem-oesterreich-der-ersten-nachkriegsmonate-russischer-reis","status":"publish","type":"post","link":"https:\/\/now-news.de\/de\/deutschland\/nach-dem-9-mai-1945-erinnerungen-aus-dem-oesterreich-der-ersten-nachkriegsmonate-russischer-reis\/","title":{"rendered":"Nach dem 9. Mai 1945: Erinnerungen aus dem \u00d6sterreich der ersten Nachkriegsmonate \u2013 russischer Reis"},"content":{"rendered":"<p><img decoding=\"async\" src=\"https:\/\/now-news.de\/de\/wp-content\/uploads\/sites\/3\/2025\/04\/68090d99b480cc55ea239e55.png\" \/><\/p>\n<div class=\"Text-root Text-type_1 \">\n                Auch das hat es gegeben: Wom\u00f6glich als lebensrettend erwies sich f\u00fcr ein kleines M\u00e4dchen der nachbarschaftliche Kontakt seiner Mutter zur Roten Armee, genauer: die Einquartierung einer russischen Offiziersfrau im selben Haus. Und es klingt ganz so, als ob daraus die Grundlage f\u00fcr ein lebenslanges Interesse an und Freundschaft zu Russland geworden w\u00e4re.\n            <\/div>\n<p><\/p>\n<div class=\"Text-root Text-type_5 ArticleView-text ViewText-root \">\n<p><em><a rel=\"nofollow noopener\" target=\"_blank\" href=\"https:\/\/freedert.online\/meinung\/242720-nach-9-mai-1945-erinnerungen\/\">Folge 1<\/a>\u00a0<a rel=\"nofollow noopener\" target=\"_blank\" href=\"https:\/\/freedert.online\/meinung\/242729-nach-9-mai-1945-erinnerungen\/\">Folge 2<\/a>\u00a0<a rel=\"nofollow noopener\" target=\"_blank\" href=\"https:\/\/freedert.online\/meinung\/243171-nach-9-mai-1945-vom\/\">Folge 3<\/a>\u00a0<a rel=\"nofollow noopener\" target=\"_blank\" href=\"https:\/\/freedert.online\/meinung\/243193-nach-9-mai-kriegswirren-und\/\">Folge 4<\/a>\u00a0<a rel=\"nofollow noopener\" target=\"_blank\" href=\"https:\/\/freedert.online\/meinung\/243197-nach-9-mai-befreiung-in\/\">Folge 5<\/a>\u00a0<a rel=\"nofollow noopener\" target=\"_blank\" href=\"https:\/\/freedert.online\/meinung\/243194-nach-9-mai-1945-erinnerung\/\">Folge 6<\/a><\/em><\/p>\n<p><em>Von Marie-Louise D.<\/em><\/p>\n<p>Gerne folge ich Ihrem Aufruf. Ich bin \u00d6sterreicherin und werde im November dieses Jahres 80 Jahre alt, bin also nach dem Kriegsende geboren. Nieder\u00f6sterreich war russische Besatzungszone. Wir wohnten in einem Haus im Dorf Reidling, Bezirk Tulln, zur Miete. Im gleichen Haus wohnte die Frau eines russischen Offiziers mit ihrer kleinen Tochter. Sie hatten nur einen Raum und bekamen eine bessere Wohnung in Sitzenberg-Reidling. Diese Frau hat mir das Leben gerettet! Meine Mutter war sehr verzweifelt, denn ich war nur wenige Wochen alt, als ich an einem schweren Ged\u00e4rmekatarrh erkrankte. Die russische Frau erfuhr vom Kummer meiner Mutter und sandte ihr einen Sack voll Reis und Zucker. Meine Mutter sortierte den Reis aus dem Gemisch und kochte Brei f\u00fcr mich. Das rettete mir das Leben. Ich bin dieser lieben, einf\u00fchlsamen Frau sehr dankbar!<\/p>\n<p>Sp\u00e4ter, als erwachsene Frau, habe ich dann Russisch gelernt, und zwar mittels eines Sprachkurses im Schweizer Fernsehen, denn ich lebe jetzt in Vorarlberg, nahe der Schweizer Grenze. Ich habe es in meinem Beruf als Fremdsprachenkorrespondentin ben\u00f6tigt. Ich arbeite heute noch, allerdings nicht mehr direkt mit Russland, sondern mit Usbekistan. Dort kann ich auch meine Russischkenntnisse gut gebrauchen. Leider ist es auf Grund der Sanktionen gegen Russland derzeit nicht m\u00f6glich, mit Russland zu arbeiten. Ich war leider nur einmal in Russland, in St. Petersburg, wo ich einen Sprachkurs machte.<\/p>\n<p>St. Petersburg ist eine Traumstadt! Gerne m\u00f6chte ich nochmals nach Russland reisen und Moskau besuchen.<\/p>\n<p>Ich hoffe sehr, dass sich die westlichen L\u00e4nder besinnen und ihre unverst\u00e4ndliche Russophobie aufgeben. Wir hier in Europa sollten uns mit Russland zusammenschlie\u00dfen. Es w\u00e4re so sch\u00f6n, diese vielf\u00e4ltigen reichen Kulturen und die vielen Sprachen zusammenzuf\u00fchren!<\/p>\n<p><strong>Mehr zum Thema<\/strong> \u2013 <a rel=\"nofollow noopener\" target=\"_blank\" href=\"https:\/\/freedert.online\/meinung\/242381-russland-erinnert-westen-an-alte\/\">Russland erinnert den Westen an alte und neue Schulden<\/a><\/p>\n<div class=\"EmbedBlock-root EmbedBlock-externalVideo EmbedBlock-rumble\">\n<div class=\"VkEmbed\"><iframe class=\"lazyload\" data-src=\"https:\/\/rumble.com\/embed\/v6qaayb\" frameborder=\"0\" width=\"853\" height=\"480\" allowfullscreen><\/iframe><\/div>\n<\/div>\n<\/div>\n<p><br \/>\n<br \/><a href=\"https:\/\/de.rt.com\/meinung\/243194-nach-9-mai-1945-erinnerung\/\">Source link <\/a><\/p>\n","protected":false},"excerpt":{"rendered":"<p>Auch das hat es gegeben: Wom\u00f6glich als lebensrettend erwies sich f\u00fcr ein kleines M\u00e4dchen der nachbarschaftliche Kontakt seiner Mutter zur Roten Armee, genauer: die Einquartierung einer russischen Offiziersfrau im selben Haus. Und es klingt ganz so, als ob daraus die Grundlage f\u00fcr ein lebenslanges Interesse an und Freundschaft zu Russland geworden w\u00e4re. Folge 1\u00a0Folge 2\u00a0Folge [&hellip;]<\/p>\n","protected":false},"author":3,"featured_media":82825,"comment_status":"open","ping_status":"open","sticky":false,"template":"","format":"standard","meta":{"_yoast_indexnow_last_ping":["1745736178"],"wp_automatic_camp":["217"],"930eb2142d1a28637b4516e8803db746":["Nach dem 9. Mai 1945: Erinnerungen aus dem \u00d6sterreich der ersten Nachkriegsmonate \u2013 russischer Reis"],"original_link":["https:\/\/de.rt.com\/meinung\/243194-nach-9-mai-1945-erinnerung\/"],"_thumbnail_id":["82825"],"jnews_social_counter_last_update":["1777175139"],"_wptgpro_p2tg_sent2tg":["a:1:{i:23737;s:19:\"2025-04-27 08:44:09\";}"]},"categories":[19,23],"tags":[679,134,82,14677,4899,9933,979,64559,7290,24512,793],"yoast_head":"<!-- This site is optimized with the Yoast SEO Premium plugin v22.7 (Yoast SEO v22.7) - https:\/\/yoast.com\/wordpress\/plugins\/seo\/ -->\n<title>Nach dem 9. Mai 1945: Erinnerungen aus dem \u00d6sterreich der ersten Nachkriegsmonate \u2013 russischer Reis - just-now.NEWS Deutschland<\/title>\n<meta name=\"robots\" content=\"index, follow, max-snippet:-1, max-image-preview:large, max-video-preview:-1\" \/>\n<link rel=\"canonical\" href=\"https:\/\/now-news.de\/de\/deutschland\/nach-dem-9-mai-1945-erinnerungen-aus-dem-oesterreich-der-ersten-nachkriegsmonate-russischer-reis\/\" \/>\n<meta property=\"og:locale\" content=\"de_DE\" \/>\n<meta property=\"og:type\" content=\"article\" \/>\n<meta property=\"og:title\" content=\"Nach dem 9. Mai 1945: Erinnerungen aus dem \u00d6sterreich der ersten Nachkriegsmonate \u2013 russischer Reis\" \/>\n<meta property=\"og:description\" content=\"Auch das hat es gegeben: Wom\u00f6glich als lebensrettend erwies sich f\u00fcr ein kleines M\u00e4dchen der nachbarschaftliche Kontakt seiner Mutter zur Roten Armee, genauer: die Einquartierung einer russischen Offiziersfrau im selben Haus. Und es klingt ganz so, als ob daraus die Grundlage f\u00fcr ein lebenslanges Interesse an und Freundschaft zu Russland geworden w\u00e4re. Folge 1\u00a0Folge 2\u00a0Folge [&hellip;]\" \/>\n<meta property=\"og:url\" content=\"https:\/\/now-news.de\/de\/deutschland\/nach-dem-9-mai-1945-erinnerungen-aus-dem-oesterreich-der-ersten-nachkriegsmonate-russischer-reis\/\" \/>\n<meta property=\"og:site_name\" content=\"just-now.NEWS Deutschland\" \/>\n<meta property=\"article:publisher\" content=\"https:\/\/www.facebook.com\/wirmachenauf\" \/>\n<meta property=\"article:published_time\" content=\"2025-04-27T06:39:03+00:00\" \/>\n<meta property=\"og:image\" content=\"https:\/\/now-news.de\/de\/wp-content\/uploads\/sites\/3\/2025\/04\/68090d99b480cc55ea239e55.png\" \/>\n<meta name=\"author\" content=\"rtnews\" \/>\n<meta name=\"twitter:card\" content=\"summary_large_image\" \/>\n<meta name=\"twitter:creator\" content=\"@WirMachenAuf_de\" \/>\n<meta name=\"twitter:site\" content=\"@WirMachenAuf_de\" \/>\n<meta name=\"twitter:label1\" content=\"Verfasst von\" \/>\n\t<meta name=\"twitter:data1\" content=\"rtnews\" \/>\n\t<meta name=\"twitter:label2\" content=\"Gesch\u00e4tzte Lesezeit\" \/>\n\t<meta name=\"twitter:data2\" content=\"2\u00a0Minuten\" \/>\n<script type=\"application\/ld+json\" class=\"yoast-schema-graph\">{\"@context\":\"https:\/\/schema.org\",\"@graph\":[{\"@type\":\"Article\",\"@id\":\"https:\/\/now-news.de\/de\/deutschland\/nach-dem-9-mai-1945-erinnerungen-aus-dem-oesterreich-der-ersten-nachkriegsmonate-russischer-reis\/#article\",\"isPartOf\":{\"@id\":\"https:\/\/now-news.de\/de\/deutschland\/nach-dem-9-mai-1945-erinnerungen-aus-dem-oesterreich-der-ersten-nachkriegsmonate-russischer-reis\/\"},\"author\":{\"name\":\"rtnews\",\"@id\":\"https:\/\/now-news.de\/de\/#\/schema\/person\/fb534a4e865501d8b3285208df34a9b5\"},\"headline\":\"Nach dem 9. Mai 1945: Erinnerungen aus dem \u00d6sterreich der ersten Nachkriegsmonate \u2013 russischer Reis\",\"datePublished\":\"2025-04-27T06:39:03+00:00\",\"dateModified\":\"2025-04-27T06:39:03+00:00\",\"mainEntityOfPage\":{\"@id\":\"https:\/\/now-news.de\/de\/deutschland\/nach-dem-9-mai-1945-erinnerungen-aus-dem-oesterreich-der-ersten-nachkriegsmonate-russischer-reis\/\"},\"wordCount\":379,\"commentCount\":0,\"publisher\":{\"@id\":\"https:\/\/now-news.de\/de\/#organization\"},\"image\":{\"@id\":\"https:\/\/now-news.de\/de\/deutschland\/nach-dem-9-mai-1945-erinnerungen-aus-dem-oesterreich-der-ersten-nachkriegsmonate-russischer-reis\/#primaryimage\"},\"thumbnailUrl\":\"https:\/\/now-news.de\/de\/wp-content\/uploads\/sites\/3\/2025\/04\/Nach-dem-9-Mai-1945-Erinnerungen-aus-dem-Oesterreich-der.png\",\"keywords\":[\"aus\",\"DEM\",\"der\",\"Erinnerungen\",\"ersten\",\"Mai\",\"nach\",\"Nachkriegsmonate\",\"\u00d6sterreich\",\"REIS\",\"Russischer\"],\"articleSection\":[\"Deutschland\",\"Russland\"],\"inLanguage\":\"de\",\"potentialAction\":[{\"@type\":\"CommentAction\",\"name\":\"Comment\",\"target\":[\"https:\/\/now-news.de\/de\/deutschland\/nach-dem-9-mai-1945-erinnerungen-aus-dem-oesterreich-der-ersten-nachkriegsmonate-russischer-reis\/#respond\"]}]},{\"@type\":\"WebPage\",\"@id\":\"https:\/\/now-news.de\/de\/deutschland\/nach-dem-9-mai-1945-erinnerungen-aus-dem-oesterreich-der-ersten-nachkriegsmonate-russischer-reis\/\",\"url\":\"https:\/\/now-news.de\/de\/deutschland\/nach-dem-9-mai-1945-erinnerungen-aus-dem-oesterreich-der-ersten-nachkriegsmonate-russischer-reis\/\",\"name\":\"Nach dem 9. Mai 1945: Erinnerungen aus dem \u00d6sterreich der ersten Nachkriegsmonate \u2013 russischer Reis - just-now.NEWS Deutschland\",\"isPartOf\":{\"@id\":\"https:\/\/now-news.de\/de\/#website\"},\"primaryImageOfPage\":{\"@id\":\"https:\/\/now-news.de\/de\/deutschland\/nach-dem-9-mai-1945-erinnerungen-aus-dem-oesterreich-der-ersten-nachkriegsmonate-russischer-reis\/#primaryimage\"},\"image\":{\"@id\":\"https:\/\/now-news.de\/de\/deutschland\/nach-dem-9-mai-1945-erinnerungen-aus-dem-oesterreich-der-ersten-nachkriegsmonate-russischer-reis\/#primaryimage\"},\"thumbnailUrl\":\"https:\/\/now-news.de\/de\/wp-content\/uploads\/sites\/3\/2025\/04\/Nach-dem-9-Mai-1945-Erinnerungen-aus-dem-Oesterreich-der.png\",\"datePublished\":\"2025-04-27T06:39:03+00:00\",\"dateModified\":\"2025-04-27T06:39:03+00:00\",\"breadcrumb\":{\"@id\":\"https:\/\/now-news.de\/de\/deutschland\/nach-dem-9-mai-1945-erinnerungen-aus-dem-oesterreich-der-ersten-nachkriegsmonate-russischer-reis\/#breadcrumb\"},\"inLanguage\":\"de\",\"potentialAction\":[{\"@type\":\"ReadAction\",\"target\":[\"https:\/\/now-news.de\/de\/deutschland\/nach-dem-9-mai-1945-erinnerungen-aus-dem-oesterreich-der-ersten-nachkriegsmonate-russischer-reis\/\"]}]},{\"@type\":\"ImageObject\",\"inLanguage\":\"de\",\"@id\":\"https:\/\/now-news.de\/de\/deutschland\/nach-dem-9-mai-1945-erinnerungen-aus-dem-oesterreich-der-ersten-nachkriegsmonate-russischer-reis\/#primaryimage\",\"url\":\"https:\/\/now-news.de\/de\/wp-content\/uploads\/sites\/3\/2025\/04\/Nach-dem-9-Mai-1945-Erinnerungen-aus-dem-Oesterreich-der.png\",\"contentUrl\":\"https:\/\/now-news.de\/de\/wp-content\/uploads\/sites\/3\/2025\/04\/Nach-dem-9-Mai-1945-Erinnerungen-aus-dem-Oesterreich-der.png\",\"width\":460,\"height\":259,\"caption\":\"Nach dem 9. Mai 1945: Erinnerungen aus dem \u00d6sterreich der ersten Nachkriegsmonate \u2013 russischer Reis\"},{\"@type\":\"BreadcrumbList\",\"@id\":\"https:\/\/now-news.de\/de\/deutschland\/nach-dem-9-mai-1945-erinnerungen-aus-dem-oesterreich-der-ersten-nachkriegsmonate-russischer-reis\/#breadcrumb\",\"itemListElement\":[{\"@type\":\"ListItem\",\"position\":1,\"name\":\"Home\",\"item\":\"https:\/\/now-news.de\/de\/\"},{\"@type\":\"ListItem\",\"position\":2,\"name\":\"Nach dem 9. Mai 1945: Erinnerungen aus dem \u00d6sterreich der ersten Nachkriegsmonate \u2013 russischer Reis\"}]},{\"@type\":\"WebSite\",\"@id\":\"https:\/\/now-news.de\/de\/#website\",\"url\":\"https:\/\/now-news.de\/de\/\",\"name\":\"just-now.NEWS Deutschland\",\"description\":\"Das Portal f\u00fcr unzensierte Nachrichten aus der Welt\",\"publisher\":{\"@id\":\"https:\/\/now-news.de\/de\/#organization\"},\"potentialAction\":[{\"@type\":\"SearchAction\",\"target\":{\"@type\":\"EntryPoint\",\"urlTemplate\":\"https:\/\/now-news.de\/de\/?s={search_term_string}\"},\"query-input\":\"required name=search_term_string\"}],\"inLanguage\":\"de\"},{\"@type\":\"Organization\",\"@id\":\"https:\/\/now-news.de\/de\/#organization\",\"name\":\"Just Now News\",\"url\":\"https:\/\/now-news.de\/de\/\",\"logo\":{\"@type\":\"ImageObject\",\"inLanguage\":\"de\",\"@id\":\"https:\/\/now-news.de\/de\/#\/schema\/logo\/image\/\",\"url\":\"http:\/\/just-now.news\/de\/wp-content\/uploads\/sites\/3\/2022\/04\/logo500x500.jpg\",\"contentUrl\":\"http:\/\/just-now.news\/de\/wp-content\/uploads\/sites\/3\/2022\/04\/logo500x500.jpg\",\"width\":500,\"height\":500,\"caption\":\"Just Now News\"},\"image\":{\"@id\":\"https:\/\/now-news.de\/de\/#\/schema\/logo\/image\/\"},\"sameAs\":[\"https:\/\/www.facebook.com\/wirmachenauf\",\"https:\/\/x.com\/WirMachenAuf_de\"]},{\"@type\":\"Person\",\"@id\":\"https:\/\/now-news.de\/de\/#\/schema\/person\/fb534a4e865501d8b3285208df34a9b5\",\"name\":\"rtnews\",\"image\":{\"@type\":\"ImageObject\",\"inLanguage\":\"de\",\"@id\":\"https:\/\/now-news.de\/de\/#\/schema\/person\/image\/\",\"url\":\"https:\/\/secure.gravatar.com\/avatar\/82aafea7d8127119dd649515f56e2117?s=96&d=mm&r=g\",\"contentUrl\":\"https:\/\/secure.gravatar.com\/avatar\/82aafea7d8127119dd649515f56e2117?s=96&d=mm&r=g\",\"caption\":\"rtnews\"},\"url\":\"https:\/\/now-news.de\/de\/author\/rnews\/\"}]}<\/script>\n<!-- \/ Yoast SEO Premium plugin. -->","yoast_head_json":{"title":"Nach dem 9. Mai 1945: Erinnerungen aus dem \u00d6sterreich der ersten Nachkriegsmonate \u2013 russischer Reis - just-now.NEWS Deutschland","robots":{"index":"index","follow":"follow","max-snippet":"max-snippet:-1","max-image-preview":"max-image-preview:large","max-video-preview":"max-video-preview:-1"},"canonical":"https:\/\/now-news.de\/de\/deutschland\/nach-dem-9-mai-1945-erinnerungen-aus-dem-oesterreich-der-ersten-nachkriegsmonate-russischer-reis\/","og_locale":"de_DE","og_type":"article","og_title":"Nach dem 9. Mai 1945: Erinnerungen aus dem \u00d6sterreich der ersten Nachkriegsmonate \u2013 russischer Reis","og_description":"Auch das hat es gegeben: Wom\u00f6glich als lebensrettend erwies sich f\u00fcr ein kleines M\u00e4dchen der nachbarschaftliche Kontakt seiner Mutter zur Roten Armee, genauer: die Einquartierung einer russischen Offiziersfrau im selben Haus. Und es klingt ganz so, als ob daraus die Grundlage f\u00fcr ein lebenslanges Interesse an und Freundschaft zu Russland geworden w\u00e4re. Folge 1\u00a0Folge 2\u00a0Folge [&hellip;]","og_url":"https:\/\/now-news.de\/de\/deutschland\/nach-dem-9-mai-1945-erinnerungen-aus-dem-oesterreich-der-ersten-nachkriegsmonate-russischer-reis\/","og_site_name":"just-now.NEWS Deutschland","article_publisher":"https:\/\/www.facebook.com\/wirmachenauf","article_published_time":"2025-04-27T06:39:03+00:00","og_image":[{"url":"https:\/\/now-news.de\/de\/wp-content\/uploads\/sites\/3\/2025\/04\/68090d99b480cc55ea239e55.png"}],"author":"rtnews","twitter_card":"summary_large_image","twitter_creator":"@WirMachenAuf_de","twitter_site":"@WirMachenAuf_de","twitter_misc":{"Verfasst von":"rtnews","Gesch\u00e4tzte Lesezeit":"2\u00a0Minuten"},"schema":{"@context":"https:\/\/schema.org","@graph":[{"@type":"Article","@id":"https:\/\/now-news.de\/de\/deutschland\/nach-dem-9-mai-1945-erinnerungen-aus-dem-oesterreich-der-ersten-nachkriegsmonate-russischer-reis\/#article","isPartOf":{"@id":"https:\/\/now-news.de\/de\/deutschland\/nach-dem-9-mai-1945-erinnerungen-aus-dem-oesterreich-der-ersten-nachkriegsmonate-russischer-reis\/"},"author":{"name":"rtnews","@id":"https:\/\/now-news.de\/de\/#\/schema\/person\/fb534a4e865501d8b3285208df34a9b5"},"headline":"Nach dem 9. Mai 1945: Erinnerungen aus dem \u00d6sterreich der ersten Nachkriegsmonate \u2013 russischer Reis","datePublished":"2025-04-27T06:39:03+00:00","dateModified":"2025-04-27T06:39:03+00:00","mainEntityOfPage":{"@id":"https:\/\/now-news.de\/de\/deutschland\/nach-dem-9-mai-1945-erinnerungen-aus-dem-oesterreich-der-ersten-nachkriegsmonate-russischer-reis\/"},"wordCount":379,"commentCount":0,"publisher":{"@id":"https:\/\/now-news.de\/de\/#organization"},"image":{"@id":"https:\/\/now-news.de\/de\/deutschland\/nach-dem-9-mai-1945-erinnerungen-aus-dem-oesterreich-der-ersten-nachkriegsmonate-russischer-reis\/#primaryimage"},"thumbnailUrl":"https:\/\/now-news.de\/de\/wp-content\/uploads\/sites\/3\/2025\/04\/Nach-dem-9-Mai-1945-Erinnerungen-aus-dem-Oesterreich-der.png","keywords":["aus","DEM","der","Erinnerungen","ersten","Mai","nach","Nachkriegsmonate","\u00d6sterreich","REIS","Russischer"],"articleSection":["Deutschland","Russland"],"inLanguage":"de","potentialAction":[{"@type":"CommentAction","name":"Comment","target":["https:\/\/now-news.de\/de\/deutschland\/nach-dem-9-mai-1945-erinnerungen-aus-dem-oesterreich-der-ersten-nachkriegsmonate-russischer-reis\/#respond"]}]},{"@type":"WebPage","@id":"https:\/\/now-news.de\/de\/deutschland\/nach-dem-9-mai-1945-erinnerungen-aus-dem-oesterreich-der-ersten-nachkriegsmonate-russischer-reis\/","url":"https:\/\/now-news.de\/de\/deutschland\/nach-dem-9-mai-1945-erinnerungen-aus-dem-oesterreich-der-ersten-nachkriegsmonate-russischer-reis\/","name":"Nach dem 9. Mai 1945: Erinnerungen aus dem \u00d6sterreich der ersten Nachkriegsmonate \u2013 russischer Reis - just-now.NEWS Deutschland","isPartOf":{"@id":"https:\/\/now-news.de\/de\/#website"},"primaryImageOfPage":{"@id":"https:\/\/now-news.de\/de\/deutschland\/nach-dem-9-mai-1945-erinnerungen-aus-dem-oesterreich-der-ersten-nachkriegsmonate-russischer-reis\/#primaryimage"},"image":{"@id":"https:\/\/now-news.de\/de\/deutschland\/nach-dem-9-mai-1945-erinnerungen-aus-dem-oesterreich-der-ersten-nachkriegsmonate-russischer-reis\/#primaryimage"},"thumbnailUrl":"https:\/\/now-news.de\/de\/wp-content\/uploads\/sites\/3\/2025\/04\/Nach-dem-9-Mai-1945-Erinnerungen-aus-dem-Oesterreich-der.png","datePublished":"2025-04-27T06:39:03+00:00","dateModified":"2025-04-27T06:39:03+00:00","breadcrumb":{"@id":"https:\/\/now-news.de\/de\/deutschland\/nach-dem-9-mai-1945-erinnerungen-aus-dem-oesterreich-der-ersten-nachkriegsmonate-russischer-reis\/#breadcrumb"},"inLanguage":"de","potentialAction":[{"@type":"ReadAction","target":["https:\/\/now-news.de\/de\/deutschland\/nach-dem-9-mai-1945-erinnerungen-aus-dem-oesterreich-der-ersten-nachkriegsmonate-russischer-reis\/"]}]},{"@type":"ImageObject","inLanguage":"de","@id":"https:\/\/now-news.de\/de\/deutschland\/nach-dem-9-mai-1945-erinnerungen-aus-dem-oesterreich-der-ersten-nachkriegsmonate-russischer-reis\/#primaryimage","url":"https:\/\/now-news.de\/de\/wp-content\/uploads\/sites\/3\/2025\/04\/Nach-dem-9-Mai-1945-Erinnerungen-aus-dem-Oesterreich-der.png","contentUrl":"https:\/\/now-news.de\/de\/wp-content\/uploads\/sites\/3\/2025\/04\/Nach-dem-9-Mai-1945-Erinnerungen-aus-dem-Oesterreich-der.png","width":460,"height":259,"caption":"Nach dem 9. Mai 1945: Erinnerungen aus dem \u00d6sterreich der ersten Nachkriegsmonate \u2013 russischer Reis"},{"@type":"BreadcrumbList","@id":"https:\/\/now-news.de\/de\/deutschland\/nach-dem-9-mai-1945-erinnerungen-aus-dem-oesterreich-der-ersten-nachkriegsmonate-russischer-reis\/#breadcrumb","itemListElement":[{"@type":"ListItem","position":1,"name":"Home","item":"https:\/\/now-news.de\/de\/"},{"@type":"ListItem","position":2,"name":"Nach dem 9. Mai 1945: Erinnerungen aus dem \u00d6sterreich der ersten Nachkriegsmonate \u2013 russischer Reis"}]},{"@type":"WebSite","@id":"https:\/\/now-news.de\/de\/#website","url":"https:\/\/now-news.de\/de\/","name":"just-now.NEWS Deutschland","description":"Das Portal f\u00fcr unzensierte Nachrichten aus der Welt","publisher":{"@id":"https:\/\/now-news.de\/de\/#organization"},"potentialAction":[{"@type":"SearchAction","target":{"@type":"EntryPoint","urlTemplate":"https:\/\/now-news.de\/de\/?s={search_term_string}"},"query-input":"required name=search_term_string"}],"inLanguage":"de"},{"@type":"Organization","@id":"https:\/\/now-news.de\/de\/#organization","name":"Just Now News","url":"https:\/\/now-news.de\/de\/","logo":{"@type":"ImageObject","inLanguage":"de","@id":"https:\/\/now-news.de\/de\/#\/schema\/logo\/image\/","url":"http:\/\/just-now.news\/de\/wp-content\/uploads\/sites\/3\/2022\/04\/logo500x500.jpg","contentUrl":"http:\/\/just-now.news\/de\/wp-content\/uploads\/sites\/3\/2022\/04\/logo500x500.jpg","width":500,"height":500,"caption":"Just Now News"},"image":{"@id":"https:\/\/now-news.de\/de\/#\/schema\/logo\/image\/"},"sameAs":["https:\/\/www.facebook.com\/wirmachenauf","https:\/\/x.com\/WirMachenAuf_de"]},{"@type":"Person","@id":"https:\/\/now-news.de\/de\/#\/schema\/person\/fb534a4e865501d8b3285208df34a9b5","name":"rtnews","image":{"@type":"ImageObject","inLanguage":"de","@id":"https:\/\/now-news.de\/de\/#\/schema\/person\/image\/","url":"https:\/\/secure.gravatar.com\/avatar\/82aafea7d8127119dd649515f56e2117?s=96&d=mm&r=g","contentUrl":"https:\/\/secure.gravatar.com\/avatar\/82aafea7d8127119dd649515f56e2117?s=96&d=mm&r=g","caption":"rtnews"},"url":"https:\/\/now-news.de\/de\/author\/rnews\/"}]}},"_links":{"self":[{"href":"https:\/\/now-news.de\/de\/wp-json\/wp\/v2\/posts\/82824"}],"collection":[{"href":"https:\/\/now-news.de\/de\/wp-json\/wp\/v2\/posts"}],"about":[{"href":"https:\/\/now-news.de\/de\/wp-json\/wp\/v2\/types\/post"}],"author":[{"embeddable":true,"href":"https:\/\/now-news.de\/de\/wp-json\/wp\/v2\/users\/3"}],"replies":[{"embeddable":true,"href":"https:\/\/now-news.de\/de\/wp-json\/wp\/v2\/comments?post=82824"}],"version-history":[{"count":0,"href":"https:\/\/now-news.de\/de\/wp-json\/wp\/v2\/posts\/82824\/revisions"}],"wp:featuredmedia":[{"embeddable":true,"href":"https:\/\/now-news.de\/de\/wp-json\/wp\/v2\/media\/82825"}],"wp:attachment":[{"href":"https:\/\/now-news.de\/de\/wp-json\/wp\/v2\/media?parent=82824"}],"wp:term":[{"taxonomy":"category","embeddable":true,"href":"https:\/\/now-news.de\/de\/wp-json\/wp\/v2\/categories?post=82824"},{"taxonomy":"post_tag","embeddable":true,"href":"https:\/\/now-news.de\/de\/wp-json\/wp\/v2\/tags?post=82824"}],"curies":[{"name":"wp","href":"https:\/\/api.w.org\/{rel}","templated":true}]}}