{"id":82819,"date":"2025-04-27T06:15:00","date_gmt":"2025-04-27T04:15:00","guid":{"rendered":"https:\/\/now-news.de\/de\/deutschland\/petition-fordert-verhinderung-von-baerbocks-neuem-job-bei-der-un\/"},"modified":"2025-04-27T06:15:00","modified_gmt":"2025-04-27T04:15:00","slug":"petition-fordert-verhinderung-von-baerbocks-neuem-job-bei-der-un","status":"publish","type":"post","link":"https:\/\/now-news.de\/de\/deutschland\/petition-fordert-verhinderung-von-baerbocks-neuem-job-bei-der-un\/","title":{"rendered":"Petition fordert Verhinderung von Baerbocks neuem Job bei der UN"},"content":{"rendered":"<p><img decoding=\"async\" src=\"https:\/\/now-news.de\/de\/wp-content\/uploads\/sites\/3\/2025\/04\/680ca11bb480cc704934207c.jpeg\" \/><\/p>\n<div class=\"Text-root Text-type_1 \">\n                Der griechische Parlamentsabgeordnete Yanis Varoufakis verweist auf X auf eine aktuelle Petition, die zum Ziel hat, Annalena Baerbock als kommende Vorsitzende der UN-Generalversammlung zu verhindern. Die Gr\u00fcnen-Politikerin verschaffte sich den Posten in New York durch eine von ihr pers\u00f6nlich eingeleitete AA-interne Intrige.\n            <\/div>\n<p><\/p>\n<div class=\"Text-root Text-type_5 ArticleView-text ViewText-root \">\n<p>Eine aktuelle <a rel=\"nofollow noopener\" target=\"_blank\" href=\"https:\/\/www.change.org\/p\/stop-annalena-baerbock-becoming-the-next-unga-president?recruited_by_id=59d35d60-21ca-11f0-a119-91aacfd38417&amp;utm_source=share_petition&amp;utm_campaign=psf_combo_share_initial&amp;utm_medium=twitter\">Petition<\/a> auf der Webseite Change.org besch\u00e4ftigt sich mit der gesch\u00e4ftsf\u00fchrenden Bundesau\u00dfenministerin Annalena Baerbock. Der englisch verfasste Text moniert die Absichten der Gr\u00fcnen-Politikerin, dies bezogen auf die\u00a0anvisierte berufliche Zukunft in New York bei der UN. In dem Text hei\u00dft es, dass die\u00a0deutschen Initiatoren dieser Petition, &#8220;diese Nominierung entschieden ablehnen.&#8221; Die Ernennung von Baerbock\u00a0w\u00e4re\u00a0&#8220;ein weiterer Schritt zur Aush\u00f6hlung des internationalen Rechtsrahmens und zur Unterminierung der UNO und ihrer verschiedenen Organisationen&#8221;, so die Petenten.\u00a0Der griechische Parlamentsabgeordnete Yanis Varoufakis stimmt als Unterzeichnender diesen Bedenken zu.\u00a0\u00a0<\/p>\n<p>Die Gr\u00fcnen-Politikerin Annalena Baerbock gl\u00e4nzt durch bedingt nachvollziehbares Selbstbewusstsein, dies bezogen auf ihr nachweislich desastr\u00f6ses Wirken und Agieren als Au\u00dfenministerin einer gescheiterten Ampelkoalition. Gekr\u00f6nt wird das Ende des\u00a0wenig\u00a0empathischen Daseins als leitende Bundesministerin mit der pers\u00f6nlichen Attacke gegen ihre Mitarbeiterin im Ausw\u00e4rtigen Amt,\u00a0die interne Abfertigung der bereits nominierten und\u00a0urspr\u00fcnglich vorgesehenen Kandidatin Helga Schmid. Der griechische Politiker\u00a0Varoufakis\u00a0fordert unmissverst\u00e4ndlich auf X:<\/p>\n<p><em>&#8220;Stoppen Sie Annalena Baerbocks Wahl zur n\u00e4chsten UNGA-Pr\u00e4sidentin \u2013 Unterzeichnen Sie die Petition!&#8221;<\/em><\/p>\n<p>UNGA steht dabei f\u00fcr &#8220;United Nations General Assembly&#8221;.\u00a0<\/p>\n<div class=\"EmbedBlock-root EmbedBlock-twitter\">\n<div class=\"TwitterEmbed\">\n<blockquote class=\"twitter-tweet lazyload\" data-twitter=\"twitter-tweet\">\n<p lang=\"en\" dir=\"ltr\">Stop Annalena Baerbock becoming the next UNGA President &#8211; Sign the Petition! <a rel=\"nofollow noopener\" target=\"_blank\" href=\"https:\/\/t.co\/5i3jwznaKy\">https:\/\/t.co\/5i3jwznaKy<\/a><\/p>\n<p>\u2014 Yanis Varoufakis (@yanisvaroufakis) <a rel=\"nofollow noopener\" target=\"_blank\" href=\"https:\/\/twitter.com\/yanisvaroufakis\/status\/1915733300133470513?ref_src=twsrc%5Etfw\">April 25, 2025<\/a><\/p><\/blockquote>\n<\/div>\n<\/div>\n<p>Die <em>Berliner Zeitung<\/em>\u00a0<a rel=\"nofollow noopener\" target=\"_blank\" href=\"https:\/\/www.berliner-zeitung.de\/politik-gesellschaft\/geopolitik\/baerbock-will-zur-un-nach-new-york-varoufakis-unterstuetzt-petition-die-das-verhindern-soll-li.2319703?utm_medium=Social&amp;utm_source=Twitter#Echobox=1745655732\">reagierte<\/a> mit der Feststellung:<\/p>\n<p><em>&#8220;Weiterer Skandal um Baerbocks UN-Nominierung: Der ehemalige griechische Finanzminister Varoufakis unterst\u00fctzt eine Petition gegen die deutsche Au\u00dfenministerin.&#8221;<\/em><\/p>\n<p>Die Petition startete am 24. April und hat bisher \u00fcberschaubare 4.500 Unterzeichnende, dabei nat\u00fcrlich auch nicht die wirksame Unterst\u00fctzung von steuerfinanzierten Organisationen wie Campact im R\u00fccken. Im Petitionstext, der sich rein auf das Thema Gaza und das inhumane, brutale Vorgehen Israels beschr\u00e4nkt, hei\u00dft es unter anderem:<\/p>\n<p><em>&#8220;Baerbock ist weder fachlich noch moralisch geeignet, die UNGA als deren 80. Vorsitzende zu f\u00fchren. In den vergangenen 18 Monaten hat sie eklatant gegen internationales Recht versto\u00dfen, indem sie Deutschlands Waffenlieferungen an Israel beaufsichtigt hat \u2013 in direktem Widerspruch zur Haltung des Internationalen Gerichtshofs (IGH) gegen die Unterst\u00fctzung des israelischen V\u00f6lkermords in Pal\u00e4stina durch Dritte. Ihr Handeln untergr\u00e4bt sowohl die nationale als auch die internationale Gerechtigkeit und Rechenschaftspflicht. Unter ihrer F\u00fchrung ist Deutschland nun ein von Nicaragua angestrengter Fall vor dem IGH wegen\u00a0mutma\u00dflicher Verletzung des V\u00f6lkerrechts \u2013 ein Fall, der noch anh\u00e4ngig ist.&#8221;<\/em><\/p>\n<p>Der Petitionstext geht dabei mit keinem Wort auf das russophobe, wenig diplomatische Agieren von Baerbock im Ukraine-Konflikt ein. Die Gr\u00fcnen-Politikerin formulierte als Au\u00dfenministerin unter anderem\u00a0<a rel=\"nofollow noopener\" target=\"_blank\" href=\"https:\/\/www.spiegel.de\/politik\/deutschland\/annalena-baerbock-aussenministerium-rueckt-aeusserung-gerade-a-450549c6-7056-4ccf-9c11-89235e32723a\">w\u00f6rtlich<\/a> vor dem Europarat im Januar 2023: &#8220;We are fighting a war against Russia.&#8221;<\/p>\n<p><strong>Mehr zum Thema &#8211;<\/strong>\u00a0<a rel=\"nofollow noopener\" target=\"_blank\" href=\"https:\/\/freedert.online\/inland\/240600-ansehen-im-ausland-auf-schmalspur\/\">&#8220;Ansehen im Ausland auf Schmalspur abgeschoben&#8221; \u2013 Hochrangige Ex-UN-Mitglieder kritisieren Baerbock<\/a><\/p>\n<div class=\"EmbedBlock-root EmbedBlock-externalVideo EmbedBlock-rumble\">\n<div class=\"VkEmbed\"><iframe class=\"lazyload\" data-src=\"https:\/\/rumble.com\/embed\/v6nzrze\" frameborder=\"0\" width=\"853\" height=\"480\" allowfullscreen><\/iframe><\/div>\n<\/div>\n<\/div>\n<p><script async src=\"https:\/\/platform.twitter.com\/widgets.js\" charset=\"utf-8\"><\/script><br \/>\n<br \/><br \/>\n<br \/><a href=\"https:\/\/de.rt.com\/inland\/243439-petition-fordert-verhinderung-von-baerbocks\/\">Source link <\/a><\/p>\n","protected":false},"excerpt":{"rendered":"<p>Der griechische Parlamentsabgeordnete Yanis Varoufakis verweist auf X auf eine aktuelle Petition, die zum Ziel hat, Annalena Baerbock als kommende Vorsitzende der UN-Generalversammlung zu verhindern. Die Gr\u00fcnen-Politikerin verschaffte sich den Posten in New York durch eine von ihr pers\u00f6nlich eingeleitete AA-interne Intrige. Eine aktuelle Petition auf der Webseite Change.org besch\u00e4ftigt sich mit der gesch\u00e4ftsf\u00fchrenden Bundesau\u00dfenministerin [&hellip;]<\/p>\n","protected":false},"author":3,"featured_media":82820,"comment_status":"open","ping_status":"open","sticky":false,"template":"","format":"standard","meta":{"_yoast_indexnow_last_ping":["1745728503"],"wp_automatic_camp":["217"],"73e51684d1781a18495d544ee2766e97":["Petition fordert Verhinderung von Baerbocks neuem Job bei der UN"],"original_link":["https:\/\/de.rt.com\/inland\/243439-petition-fordert-verhinderung-von-baerbocks\/"],"_thumbnail_id":["82820"],"jnews_social_counter_last_update":["1777200673"],"_wptgpro_p2tg_sent2tg":["a:1:{i:23737;s:19:\"2025-04-27 06:36:15\";}"]},"categories":[19,23],"tags":[5932,363,82,355,21372,12205,25240,15795,50],"yoast_head":"<!-- This site is optimized with the Yoast SEO Premium plugin v22.7 (Yoast SEO v22.7) - https:\/\/yoast.com\/wordpress\/plugins\/seo\/ -->\n<title>Petition fordert Verhinderung von Baerbocks neuem Job bei der UN - just-now.NEWS Deutschland<\/title>\n<meta name=\"robots\" content=\"index, follow, max-snippet:-1, max-image-preview:large, max-video-preview:-1\" \/>\n<link rel=\"canonical\" href=\"https:\/\/now-news.de\/de\/deutschland\/petition-fordert-verhinderung-von-baerbocks-neuem-job-bei-der-un\/\" \/>\n<meta property=\"og:locale\" content=\"de_DE\" \/>\n<meta property=\"og:type\" content=\"article\" \/>\n<meta property=\"og:title\" content=\"Petition fordert Verhinderung von Baerbocks neuem Job bei der UN\" \/>\n<meta property=\"og:description\" content=\"Der griechische Parlamentsabgeordnete Yanis Varoufakis verweist auf X auf eine aktuelle Petition, die zum Ziel hat, Annalena Baerbock als kommende Vorsitzende der UN-Generalversammlung zu verhindern. Die Gr\u00fcnen-Politikerin verschaffte sich den Posten in New York durch eine von ihr pers\u00f6nlich eingeleitete AA-interne Intrige. Eine aktuelle Petition auf der Webseite Change.org besch\u00e4ftigt sich mit der gesch\u00e4ftsf\u00fchrenden Bundesau\u00dfenministerin [&hellip;]\" \/>\n<meta property=\"og:url\" content=\"https:\/\/now-news.de\/de\/deutschland\/petition-fordert-verhinderung-von-baerbocks-neuem-job-bei-der-un\/\" \/>\n<meta property=\"og:site_name\" content=\"just-now.NEWS Deutschland\" \/>\n<meta property=\"article:publisher\" content=\"https:\/\/www.facebook.com\/wirmachenauf\" \/>\n<meta property=\"article:published_time\" content=\"2025-04-27T04:15:00+00:00\" \/>\n<meta property=\"og:image\" content=\"https:\/\/now-news.de\/de\/wp-content\/uploads\/sites\/3\/2025\/04\/680ca11bb480cc704934207c.jpeg\" \/>\n<meta name=\"author\" content=\"rtnews\" \/>\n<meta name=\"twitter:card\" content=\"summary_large_image\" \/>\n<meta name=\"twitter:creator\" content=\"@WirMachenAuf_de\" \/>\n<meta name=\"twitter:site\" content=\"@WirMachenAuf_de\" \/>\n<meta name=\"twitter:label1\" content=\"Verfasst von\" \/>\n\t<meta name=\"twitter:data1\" content=\"rtnews\" \/>\n\t<meta name=\"twitter:label2\" content=\"Gesch\u00e4tzte Lesezeit\" \/>\n\t<meta name=\"twitter:data2\" content=\"2\u00a0Minuten\" \/>\n<script type=\"application\/ld+json\" class=\"yoast-schema-graph\">{\"@context\":\"https:\/\/schema.org\",\"@graph\":[{\"@type\":\"Article\",\"@id\":\"https:\/\/now-news.de\/de\/deutschland\/petition-fordert-verhinderung-von-baerbocks-neuem-job-bei-der-un\/#article\",\"isPartOf\":{\"@id\":\"https:\/\/now-news.de\/de\/deutschland\/petition-fordert-verhinderung-von-baerbocks-neuem-job-bei-der-un\/\"},\"author\":{\"name\":\"rtnews\",\"@id\":\"https:\/\/now-news.de\/de\/#\/schema\/person\/fb534a4e865501d8b3285208df34a9b5\"},\"headline\":\"Petition fordert Verhinderung von Baerbocks neuem Job bei der UN\",\"datePublished\":\"2025-04-27T04:15:00+00:00\",\"dateModified\":\"2025-04-27T04:15:00+00:00\",\"mainEntityOfPage\":{\"@id\":\"https:\/\/now-news.de\/de\/deutschland\/petition-fordert-verhinderung-von-baerbocks-neuem-job-bei-der-un\/\"},\"wordCount\":501,\"commentCount\":0,\"publisher\":{\"@id\":\"https:\/\/now-news.de\/de\/#organization\"},\"image\":{\"@id\":\"https:\/\/now-news.de\/de\/deutschland\/petition-fordert-verhinderung-von-baerbocks-neuem-job-bei-der-un\/#primaryimage\"},\"thumbnailUrl\":\"https:\/\/now-news.de\/de\/wp-content\/uploads\/sites\/3\/2025\/04\/Petition-fordert-Verhinderung-von-Baerbocks-neuem-Job-bei-der-UN.jpeg\",\"keywords\":[\"Baerbocks\",\"bei\",\"der\",\"fordert\",\"Job\",\"neuem\",\"Petition\",\"Verhinderung\",\"von\"],\"articleSection\":[\"Deutschland\",\"Russland\"],\"inLanguage\":\"de\",\"potentialAction\":[{\"@type\":\"CommentAction\",\"name\":\"Comment\",\"target\":[\"https:\/\/now-news.de\/de\/deutschland\/petition-fordert-verhinderung-von-baerbocks-neuem-job-bei-der-un\/#respond\"]}]},{\"@type\":\"WebPage\",\"@id\":\"https:\/\/now-news.de\/de\/deutschland\/petition-fordert-verhinderung-von-baerbocks-neuem-job-bei-der-un\/\",\"url\":\"https:\/\/now-news.de\/de\/deutschland\/petition-fordert-verhinderung-von-baerbocks-neuem-job-bei-der-un\/\",\"name\":\"Petition fordert Verhinderung von Baerbocks neuem Job bei der UN - just-now.NEWS Deutschland\",\"isPartOf\":{\"@id\":\"https:\/\/now-news.de\/de\/#website\"},\"primaryImageOfPage\":{\"@id\":\"https:\/\/now-news.de\/de\/deutschland\/petition-fordert-verhinderung-von-baerbocks-neuem-job-bei-der-un\/#primaryimage\"},\"image\":{\"@id\":\"https:\/\/now-news.de\/de\/deutschland\/petition-fordert-verhinderung-von-baerbocks-neuem-job-bei-der-un\/#primaryimage\"},\"thumbnailUrl\":\"https:\/\/now-news.de\/de\/wp-content\/uploads\/sites\/3\/2025\/04\/Petition-fordert-Verhinderung-von-Baerbocks-neuem-Job-bei-der-UN.jpeg\",\"datePublished\":\"2025-04-27T04:15:00+00:00\",\"dateModified\":\"2025-04-27T04:15:00+00:00\",\"breadcrumb\":{\"@id\":\"https:\/\/now-news.de\/de\/deutschland\/petition-fordert-verhinderung-von-baerbocks-neuem-job-bei-der-un\/#breadcrumb\"},\"inLanguage\":\"de\",\"potentialAction\":[{\"@type\":\"ReadAction\",\"target\":[\"https:\/\/now-news.de\/de\/deutschland\/petition-fordert-verhinderung-von-baerbocks-neuem-job-bei-der-un\/\"]}]},{\"@type\":\"ImageObject\",\"inLanguage\":\"de\",\"@id\":\"https:\/\/now-news.de\/de\/deutschland\/petition-fordert-verhinderung-von-baerbocks-neuem-job-bei-der-un\/#primaryimage\",\"url\":\"https:\/\/now-news.de\/de\/wp-content\/uploads\/sites\/3\/2025\/04\/Petition-fordert-Verhinderung-von-Baerbocks-neuem-Job-bei-der-UN.jpeg\",\"contentUrl\":\"https:\/\/now-news.de\/de\/wp-content\/uploads\/sites\/3\/2025\/04\/Petition-fordert-Verhinderung-von-Baerbocks-neuem-Job-bei-der-UN.jpeg\",\"width\":460,\"height\":259,\"caption\":\"Petition fordert Verhinderung von Baerbocks neuem Job bei der UN\"},{\"@type\":\"BreadcrumbList\",\"@id\":\"https:\/\/now-news.de\/de\/deutschland\/petition-fordert-verhinderung-von-baerbocks-neuem-job-bei-der-un\/#breadcrumb\",\"itemListElement\":[{\"@type\":\"ListItem\",\"position\":1,\"name\":\"Home\",\"item\":\"https:\/\/now-news.de\/de\/\"},{\"@type\":\"ListItem\",\"position\":2,\"name\":\"Petition fordert Verhinderung von Baerbocks neuem Job bei der UN\"}]},{\"@type\":\"WebSite\",\"@id\":\"https:\/\/now-news.de\/de\/#website\",\"url\":\"https:\/\/now-news.de\/de\/\",\"name\":\"just-now.NEWS Deutschland\",\"description\":\"Das Portal f\u00fcr unzensierte Nachrichten aus der Welt\",\"publisher\":{\"@id\":\"https:\/\/now-news.de\/de\/#organization\"},\"potentialAction\":[{\"@type\":\"SearchAction\",\"target\":{\"@type\":\"EntryPoint\",\"urlTemplate\":\"https:\/\/now-news.de\/de\/?s={search_term_string}\"},\"query-input\":\"required name=search_term_string\"}],\"inLanguage\":\"de\"},{\"@type\":\"Organization\",\"@id\":\"https:\/\/now-news.de\/de\/#organization\",\"name\":\"Just Now News\",\"url\":\"https:\/\/now-news.de\/de\/\",\"logo\":{\"@type\":\"ImageObject\",\"inLanguage\":\"de\",\"@id\":\"https:\/\/now-news.de\/de\/#\/schema\/logo\/image\/\",\"url\":\"http:\/\/just-now.news\/de\/wp-content\/uploads\/sites\/3\/2022\/04\/logo500x500.jpg\",\"contentUrl\":\"http:\/\/just-now.news\/de\/wp-content\/uploads\/sites\/3\/2022\/04\/logo500x500.jpg\",\"width\":500,\"height\":500,\"caption\":\"Just Now News\"},\"image\":{\"@id\":\"https:\/\/now-news.de\/de\/#\/schema\/logo\/image\/\"},\"sameAs\":[\"https:\/\/www.facebook.com\/wirmachenauf\",\"https:\/\/x.com\/WirMachenAuf_de\"]},{\"@type\":\"Person\",\"@id\":\"https:\/\/now-news.de\/de\/#\/schema\/person\/fb534a4e865501d8b3285208df34a9b5\",\"name\":\"rtnews\",\"image\":{\"@type\":\"ImageObject\",\"inLanguage\":\"de\",\"@id\":\"https:\/\/now-news.de\/de\/#\/schema\/person\/image\/\",\"url\":\"https:\/\/secure.gravatar.com\/avatar\/82aafea7d8127119dd649515f56e2117?s=96&d=mm&r=g\",\"contentUrl\":\"https:\/\/secure.gravatar.com\/avatar\/82aafea7d8127119dd649515f56e2117?s=96&d=mm&r=g\",\"caption\":\"rtnews\"},\"url\":\"https:\/\/now-news.de\/de\/author\/rnews\/\"}]}<\/script>\n<!-- \/ Yoast SEO Premium plugin. -->","yoast_head_json":{"title":"Petition fordert Verhinderung von Baerbocks neuem Job bei der UN - just-now.NEWS Deutschland","robots":{"index":"index","follow":"follow","max-snippet":"max-snippet:-1","max-image-preview":"max-image-preview:large","max-video-preview":"max-video-preview:-1"},"canonical":"https:\/\/now-news.de\/de\/deutschland\/petition-fordert-verhinderung-von-baerbocks-neuem-job-bei-der-un\/","og_locale":"de_DE","og_type":"article","og_title":"Petition fordert Verhinderung von Baerbocks neuem Job bei der UN","og_description":"Der griechische Parlamentsabgeordnete Yanis Varoufakis verweist auf X auf eine aktuelle Petition, die zum Ziel hat, Annalena Baerbock als kommende Vorsitzende der UN-Generalversammlung zu verhindern. Die Gr\u00fcnen-Politikerin verschaffte sich den Posten in New York durch eine von ihr pers\u00f6nlich eingeleitete AA-interne Intrige. Eine aktuelle Petition auf der Webseite Change.org besch\u00e4ftigt sich mit der gesch\u00e4ftsf\u00fchrenden Bundesau\u00dfenministerin [&hellip;]","og_url":"https:\/\/now-news.de\/de\/deutschland\/petition-fordert-verhinderung-von-baerbocks-neuem-job-bei-der-un\/","og_site_name":"just-now.NEWS Deutschland","article_publisher":"https:\/\/www.facebook.com\/wirmachenauf","article_published_time":"2025-04-27T04:15:00+00:00","og_image":[{"url":"https:\/\/now-news.de\/de\/wp-content\/uploads\/sites\/3\/2025\/04\/680ca11bb480cc704934207c.jpeg"}],"author":"rtnews","twitter_card":"summary_large_image","twitter_creator":"@WirMachenAuf_de","twitter_site":"@WirMachenAuf_de","twitter_misc":{"Verfasst von":"rtnews","Gesch\u00e4tzte Lesezeit":"2\u00a0Minuten"},"schema":{"@context":"https:\/\/schema.org","@graph":[{"@type":"Article","@id":"https:\/\/now-news.de\/de\/deutschland\/petition-fordert-verhinderung-von-baerbocks-neuem-job-bei-der-un\/#article","isPartOf":{"@id":"https:\/\/now-news.de\/de\/deutschland\/petition-fordert-verhinderung-von-baerbocks-neuem-job-bei-der-un\/"},"author":{"name":"rtnews","@id":"https:\/\/now-news.de\/de\/#\/schema\/person\/fb534a4e865501d8b3285208df34a9b5"},"headline":"Petition fordert Verhinderung von Baerbocks neuem Job bei der UN","datePublished":"2025-04-27T04:15:00+00:00","dateModified":"2025-04-27T04:15:00+00:00","mainEntityOfPage":{"@id":"https:\/\/now-news.de\/de\/deutschland\/petition-fordert-verhinderung-von-baerbocks-neuem-job-bei-der-un\/"},"wordCount":501,"commentCount":0,"publisher":{"@id":"https:\/\/now-news.de\/de\/#organization"},"image":{"@id":"https:\/\/now-news.de\/de\/deutschland\/petition-fordert-verhinderung-von-baerbocks-neuem-job-bei-der-un\/#primaryimage"},"thumbnailUrl":"https:\/\/now-news.de\/de\/wp-content\/uploads\/sites\/3\/2025\/04\/Petition-fordert-Verhinderung-von-Baerbocks-neuem-Job-bei-der-UN.jpeg","keywords":["Baerbocks","bei","der","fordert","Job","neuem","Petition","Verhinderung","von"],"articleSection":["Deutschland","Russland"],"inLanguage":"de","potentialAction":[{"@type":"CommentAction","name":"Comment","target":["https:\/\/now-news.de\/de\/deutschland\/petition-fordert-verhinderung-von-baerbocks-neuem-job-bei-der-un\/#respond"]}]},{"@type":"WebPage","@id":"https:\/\/now-news.de\/de\/deutschland\/petition-fordert-verhinderung-von-baerbocks-neuem-job-bei-der-un\/","url":"https:\/\/now-news.de\/de\/deutschland\/petition-fordert-verhinderung-von-baerbocks-neuem-job-bei-der-un\/","name":"Petition fordert Verhinderung von Baerbocks neuem Job bei der UN - just-now.NEWS Deutschland","isPartOf":{"@id":"https:\/\/now-news.de\/de\/#website"},"primaryImageOfPage":{"@id":"https:\/\/now-news.de\/de\/deutschland\/petition-fordert-verhinderung-von-baerbocks-neuem-job-bei-der-un\/#primaryimage"},"image":{"@id":"https:\/\/now-news.de\/de\/deutschland\/petition-fordert-verhinderung-von-baerbocks-neuem-job-bei-der-un\/#primaryimage"},"thumbnailUrl":"https:\/\/now-news.de\/de\/wp-content\/uploads\/sites\/3\/2025\/04\/Petition-fordert-Verhinderung-von-Baerbocks-neuem-Job-bei-der-UN.jpeg","datePublished":"2025-04-27T04:15:00+00:00","dateModified":"2025-04-27T04:15:00+00:00","breadcrumb":{"@id":"https:\/\/now-news.de\/de\/deutschland\/petition-fordert-verhinderung-von-baerbocks-neuem-job-bei-der-un\/#breadcrumb"},"inLanguage":"de","potentialAction":[{"@type":"ReadAction","target":["https:\/\/now-news.de\/de\/deutschland\/petition-fordert-verhinderung-von-baerbocks-neuem-job-bei-der-un\/"]}]},{"@type":"ImageObject","inLanguage":"de","@id":"https:\/\/now-news.de\/de\/deutschland\/petition-fordert-verhinderung-von-baerbocks-neuem-job-bei-der-un\/#primaryimage","url":"https:\/\/now-news.de\/de\/wp-content\/uploads\/sites\/3\/2025\/04\/Petition-fordert-Verhinderung-von-Baerbocks-neuem-Job-bei-der-UN.jpeg","contentUrl":"https:\/\/now-news.de\/de\/wp-content\/uploads\/sites\/3\/2025\/04\/Petition-fordert-Verhinderung-von-Baerbocks-neuem-Job-bei-der-UN.jpeg","width":460,"height":259,"caption":"Petition fordert Verhinderung von Baerbocks neuem Job bei der UN"},{"@type":"BreadcrumbList","@id":"https:\/\/now-news.de\/de\/deutschland\/petition-fordert-verhinderung-von-baerbocks-neuem-job-bei-der-un\/#breadcrumb","itemListElement":[{"@type":"ListItem","position":1,"name":"Home","item":"https:\/\/now-news.de\/de\/"},{"@type":"ListItem","position":2,"name":"Petition fordert Verhinderung von Baerbocks neuem Job bei der UN"}]},{"@type":"WebSite","@id":"https:\/\/now-news.de\/de\/#website","url":"https:\/\/now-news.de\/de\/","name":"just-now.NEWS Deutschland","description":"Das Portal f\u00fcr unzensierte Nachrichten aus der Welt","publisher":{"@id":"https:\/\/now-news.de\/de\/#organization"},"potentialAction":[{"@type":"SearchAction","target":{"@type":"EntryPoint","urlTemplate":"https:\/\/now-news.de\/de\/?s={search_term_string}"},"query-input":"required name=search_term_string"}],"inLanguage":"de"},{"@type":"Organization","@id":"https:\/\/now-news.de\/de\/#organization","name":"Just Now News","url":"https:\/\/now-news.de\/de\/","logo":{"@type":"ImageObject","inLanguage":"de","@id":"https:\/\/now-news.de\/de\/#\/schema\/logo\/image\/","url":"http:\/\/just-now.news\/de\/wp-content\/uploads\/sites\/3\/2022\/04\/logo500x500.jpg","contentUrl":"http:\/\/just-now.news\/de\/wp-content\/uploads\/sites\/3\/2022\/04\/logo500x500.jpg","width":500,"height":500,"caption":"Just Now News"},"image":{"@id":"https:\/\/now-news.de\/de\/#\/schema\/logo\/image\/"},"sameAs":["https:\/\/www.facebook.com\/wirmachenauf","https:\/\/x.com\/WirMachenAuf_de"]},{"@type":"Person","@id":"https:\/\/now-news.de\/de\/#\/schema\/person\/fb534a4e865501d8b3285208df34a9b5","name":"rtnews","image":{"@type":"ImageObject","inLanguage":"de","@id":"https:\/\/now-news.de\/de\/#\/schema\/person\/image\/","url":"https:\/\/secure.gravatar.com\/avatar\/82aafea7d8127119dd649515f56e2117?s=96&d=mm&r=g","contentUrl":"https:\/\/secure.gravatar.com\/avatar\/82aafea7d8127119dd649515f56e2117?s=96&d=mm&r=g","caption":"rtnews"},"url":"https:\/\/now-news.de\/de\/author\/rnews\/"}]}},"_links":{"self":[{"href":"https:\/\/now-news.de\/de\/wp-json\/wp\/v2\/posts\/82819"}],"collection":[{"href":"https:\/\/now-news.de\/de\/wp-json\/wp\/v2\/posts"}],"about":[{"href":"https:\/\/now-news.de\/de\/wp-json\/wp\/v2\/types\/post"}],"author":[{"embeddable":true,"href":"https:\/\/now-news.de\/de\/wp-json\/wp\/v2\/users\/3"}],"replies":[{"embeddable":true,"href":"https:\/\/now-news.de\/de\/wp-json\/wp\/v2\/comments?post=82819"}],"version-history":[{"count":0,"href":"https:\/\/now-news.de\/de\/wp-json\/wp\/v2\/posts\/82819\/revisions"}],"wp:featuredmedia":[{"embeddable":true,"href":"https:\/\/now-news.de\/de\/wp-json\/wp\/v2\/media\/82820"}],"wp:attachment":[{"href":"https:\/\/now-news.de\/de\/wp-json\/wp\/v2\/media?parent=82819"}],"wp:term":[{"taxonomy":"category","embeddable":true,"href":"https:\/\/now-news.de\/de\/wp-json\/wp\/v2\/categories?post=82819"},{"taxonomy":"post_tag","embeddable":true,"href":"https:\/\/now-news.de\/de\/wp-json\/wp\/v2\/tags?post=82819"}],"curies":[{"name":"wp","href":"https:\/\/api.w.org\/{rel}","templated":true}]}}