{"id":82805,"date":"2025-04-26T20:00:13","date_gmt":"2025-04-26T18:00:13","guid":{"rendered":"https:\/\/now-news.de\/de\/deutschland\/berlin-draengt-wieder-nach-osten\/"},"modified":"2025-04-26T20:00:13","modified_gmt":"2025-04-26T18:00:13","slug":"berlin-draengt-wieder-nach-osten","status":"publish","type":"post","link":"https:\/\/now-news.de\/de\/deutschland\/berlin-draengt-wieder-nach-osten\/","title":{"rendered":"Berlin dr\u00e4ngt wieder nach Osten"},"content":{"rendered":"<p><img decoding=\"async\" src=\"https:\/\/now-news.de\/de\/wp-content\/uploads\/sites\/3\/2025\/04\/680a5b40b480cc33e5057b3d.jpg\" \/><\/p>\n<div class=\"Text-root Text-type_1 \">\n                Die Bundesregierung will Privatunternehmen wie Lufthansa oder die Deutsche Bahn zum Truppentransport nach Osten heranziehen. Was auf den ersten Blick l\u00e4cherlich wirken kann, ist tats\u00e4chlich Teil einer langfristigen Strategie.\n            <\/div>\n<p><\/p>\n<div class=\"Text-root Text-type_5 ArticleView-text ViewText-root \">\n<p><em>Von Geworg Mirsajan<\/em><\/p>\n<p>Deutschland verhandelt mit Privatunternehmen \u00fcber die Verlegung von Streitkr\u00e4ften an die Ostflanke der NATO, berichtet das <em>Handelsblatt<\/em>. Dazu geh\u00f6ren Lufthansa, Deutsche Bahn und einige andere Logistikunternehmen. Berlin will im Fall eines Krieges im Osten \u2013 einfacher gesagt, eines Kriegs gegen Russland \u2013 den Transport von Personal, Munition und Waffen gew\u00e4hrleisten.<\/p>\n<p>Auf den ersten Blick klingt es l\u00e4cherlich und gewisserma\u00dfen j\u00e4mmerlich. Es stellt sich n\u00e4mlich heraus, dass die Bundeswehr keine eigenen Transportkapazit\u00e4ten hat. Der langj\u00e4hrige Sparkurs f\u00fchrte dazu, dass sich die einst m\u00e4chtigsten Streitkr\u00e4fte in Europa bei der Logistik auf Privatdienstleister verlassen m\u00fcssen. Und diese Menschen drohen Russland mit einem Krieg!<\/p>\n<p>Doch wenn man die Lage tiefer betrachtet, erscheint sie nicht so l\u00e4cherlich. Denn diese Verhandlungen zeigen den ganzen Unterschied zwischen der Bundesrepublik und etwa Frankreich im Hinblick auf eine k\u00fcnftige Konfrontation mit Russland.<\/p>\n<p>Unter den europ\u00e4ischen Eliten und in Mainstreammedien erscheinen heute eine Konfrontation und sogar ein Krieg gegen Russland unvermeidlich. Journalisten und einige voreingenommene Meinungsmacher erz\u00e4hlen, dass Russland nach dem Ende des Kriegs in die Ukraine sich ans Baltikum und Polen machen werde. Ein Teil der europ\u00e4ischen Staatschefs denkt genauso: Es ist ihnen v\u00f6llig klar, dass Russland unter den Bedingungen eines systemischen Konflikts mit Europa, den Europa begann und den es nicht zu beenden beabsichtigt, auch offensiv agieren wird. Dar\u00fcber hinaus ahnen sie, dass der Kreml und das russische Volk Europas Verhalten im Ukraine-Konflikt nicht vergessen werden \u2013 weder die deutschen Panzer mit Balkenkreuzen in russischen Steppen noch tschechische und franz\u00f6sische Haubitzen, die friedliche russische St\u00e4dte angreifen, noch die Angriffe mit britischen Raketen. Das hei\u00dft, von einem kollektiven Sicherheitssystem in Europa unter Teilnahme Russlands kann keine Rede sein. Stattdessen m\u00fcsse ein europ\u00e4isches Sicherheitssystem gegen Russland aufgebaut werden \u2013 und vor allem ohne die USA, die sich immer mehr von Europa zugunsten des Ostens distanzieren.<\/p>\n<p>Bis vor Kurzem wurde vermutet, dass dieses System um Frankreich aufgebaut werden wird, weil dieses Land \u00fcber die kampff\u00e4higsten Streitkr\u00e4fte in Europa, die zumindest irgendeine Kriegserfahrung haben, verf\u00fcgt. Frankreichs Pr\u00e4sident Emmanuel Macron machte viele lautstarke Ank\u00fcndigungen \u00fcber einen Krieg gegen Russland. Er hatte sogar vor, Friedenstruppen (das hei\u00dft, Besatzungstruppen) in die Ukraine zu schicken, und versuchte sie mit Freiwilligen aus anderen L\u00e4ndern zu verst\u00e4rken.<\/p>\n<p>Doch in der Praxis f\u00fchrten die lauten und furchterregenden franz\u00f6sischen Worte zu nichts. Frankreichs Besatzungstruppen sind in der Ukraine nicht erschienen und werden auch nicht erscheinen, ebenso wenig wie ein europ\u00e4isches Kontingent. Der Versuch, ein kollektives Invasionsinstrument aufzustellen, f\u00fchrte nur zur Demonstration der fehlenden Bereitschaft der meisten europ\u00e4ischen L\u00e4nder, gegen Russland zu k\u00e4mpfen. Im Endeffekt verloren die Aktien des lauten, aber wirkungslosen und unpragmatischen franz\u00f6sischen Pr\u00e4sidenten an Wert, ebenso wie sich Frankreichs Chancen verminderten, den Posten des milit\u00e4rischen F\u00fchrers Europas einzunehmen.<\/p>\n<p>Deutschlands Chancen stiegen dagegen, denn w\u00e4hrend Paris redete, war Berlin am Handeln. So zerrte der k\u00fcnftige Kanzler Friedrich Merz die Entscheidung \u00fcber die Aufhebung der Schuldenbremse f\u00fcr &#8220;Verteidigung&#8221; durch den Bundestag. Damit kann die deutsche Regierung ohne Einschr\u00e4nkungen Kredite f\u00fcr den Ausbau des Milit\u00e4rs und der R\u00fcstungsindustrie aufnehmen. Diese Wirtschaftsbranchen erhielten jetzt Vorrang, und Deutschland hat vor, Milliarden geliehener Euros in sie zu investieren. Wichtig ist dabei, dass die Rede nicht nur vom Rekrutieren von Soldaten, sondern auch vom Wiederaufbau der R\u00fcstungsindustrie ist, damit zumindest ein Teil des Geldes in deutschen und nicht in britischen oder US-amerikanischen Taschen landet.<\/p>\n<p>Im Grunde sind Verhandlungen mit Transportunternehmen ein Teil dieser gro\u00dfen Strategie \u2013 einer realen Vorbereitung zum Krieg gegen Russland.<\/p>\n<p>Dabei tut Deutschland all das nicht deshalb, weil es unbedingt gegen Russland k\u00e4mpfen will. Es h\u00e4lt den Konflikt f\u00fcr wahrscheinlich und sieht gleichzeitig in der \u2013 im \u00dcbrigen sehr kostspieligen \u2013 Vorbereitung dazu die historische M\u00f6glichkeit, alle nach dem Zweiten Weltkrieg eingef\u00fchrten Einschr\u00e4nkungen loszuwerden. Damit w\u00fcrde sich Deutschland nicht blo\u00df in die f\u00fchrende Milit\u00e4rmacht Europas verwandeln, sondern sein Einflussgebiet in Ost- und Mitteleuropa wiedererlangen.<\/p>\n<p>Diese Systempolitik wird seit mehreren Jahren gef\u00fchrt. Sie begann mit Angela Merkel, die den Ukraine-Konflikt nutzte, um das antirussische Lager anzuf\u00fchren und damit Frankreich vom Posten des politischen F\u00fchrers der EU zu verdr\u00e4ngen. Unter Merz verwandelt sich nun Berlin auch in eine f\u00fchrende Milit\u00e4rmacht.<\/p>\n<p>F\u00fcr Russland ist dies sowohl schlecht als auch gut. Schlecht ist es deshalb, weil eine St\u00e4rkung und Militarisierung Deutschlands uns schon zweimal zu Weltkriegen gef\u00fchrt haben. Gut ist es, weil diese St\u00e4rkung nicht unbemerkt erfolgen wird. Polen, Tschechien und anderen osteurop\u00e4ische Staaten ist absolut bewusst, dass sie sich in Futter f\u00fcr Deutschland verwandeln. Damit werden sie gegen die Bundesrepublik im Rahmen der EU st\u00e4rker opponieren und eigene Streitkr\u00e4fte entwickeln \u2013 nicht nur zum Schutz vor Russland, sondern auch zum Schutz vor Deutschland.<\/p>\n<p>Und je st\u00e4rker sich Russlands langj\u00e4hriger Gegner, die EU, spaltet, desto besser ist es.<\/p>\n<p><em>\u00dcbersetzt aus dem <a rel=\"nofollow noopener\" target=\"_blank\" href=\"https:\/\/russian.rt.com\/opinion\/1468583-mirzayan-germaniya-voennyi-lider\">Russischen<\/a>. Zuerst erschienen bei RT am 24. April.<\/em><\/p>\n<p><em>Geworg Mirsajan ist au\u00dferordentlicher Professor an der Finanzuniversit\u00e4t der Regierung der Russischen F\u00f6deration, Politikwissenschaftler und eine Pers\u00f6nlichkeit des \u00f6ffentlichen Lebens. Geboren wurde er 1984 in Taschkent. Er erwarb seinen Abschluss an der Staatlichen Universit\u00e4t Kuban und promovierte in Politikwissenschaft mit dem Schwerpunkt USA. Er war von 2005 bis 2016 Forscher am Institut f\u00fcr die Vereinigten Staaten und Kanada an der Russischen Akademie der Wissenschaften.<\/em><\/p>\n<p><strong>Mehr zum Thema\u00a0\u2013 <\/strong><a rel=\"nofollow noopener\" target=\"_blank\" href=\"https:\/\/freedert.online\/inland\/242997-boris-pistorius-unterstellt-deutschen-erotisches-verhaeltnis-zu-waffen\/\">Boris Pistorius unterstellt Deutschen &#8220;erotisches Verh\u00e4ltnis&#8221; zu Waffen \u2013 Melnyk findet es toll<\/a><\/p>\n<div class=\"EmbedBlock-root EmbedBlock-externalVideo EmbedBlock-rumble\">\n<div class=\"VkEmbed\"><iframe class=\"lazyload\" data-src=\"https:\/\/rumble.com\/embed\/v6q55i5\" frameborder=\"0\" width=\"853\" height=\"480\" allowfullscreen><\/iframe><\/div>\n<\/div>\n<\/div>\n<p><br \/>\n<br \/><a href=\"https:\/\/de.rt.com\/meinung\/243296-berlin-draengt-wieder-nach-osten\/\">Source link <\/a><\/p>\n","protected":false},"excerpt":{"rendered":"<p>Die Bundesregierung will Privatunternehmen wie Lufthansa oder die Deutsche Bahn zum Truppentransport nach Osten heranziehen. Was auf den ersten Blick l\u00e4cherlich wirken kann, ist tats\u00e4chlich Teil einer langfristigen Strategie. Von Geworg Mirsajan Deutschland verhandelt mit Privatunternehmen \u00fcber die Verlegung von Streitkr\u00e4ften an die Ostflanke der NATO, berichtet das Handelsblatt. Dazu geh\u00f6ren Lufthansa, Deutsche Bahn und [&hellip;]<\/p>\n","protected":false},"author":3,"featured_media":82806,"comment_status":"open","ping_status":"open","sticky":false,"template":"","format":"standard","meta":{"_yoast_indexnow_last_ping":["1745690816"],"wp_automatic_camp":["217"],"e7de7c17d0bc020d6de9400939ff2344":["Berlin dr\u00e4ngt wieder nach Osten"],"original_link":["https:\/\/de.rt.com\/meinung\/243296-berlin-draengt-wieder-nach-osten\/"],"_thumbnail_id":["82806"],"jnews_social_counter_last_update":["1777281486"],"_wptgpro_p2tg_sent2tg":["a:1:{i:23737;s:19:\"2025-04-26 20:07:59\";}"]},"categories":[19,23],"tags":[943,1336,979,2195,904],"yoast_head":"<!-- This site is optimized with the Yoast SEO Premium plugin v22.7 (Yoast SEO v22.7) - https:\/\/yoast.com\/wordpress\/plugins\/seo\/ -->\n<title>Berlin dr\u00e4ngt wieder nach Osten - just-now.NEWS Deutschland<\/title>\n<meta name=\"robots\" content=\"index, follow, max-snippet:-1, max-image-preview:large, max-video-preview:-1\" \/>\n<link rel=\"canonical\" href=\"https:\/\/now-news.de\/de\/deutschland\/berlin-draengt-wieder-nach-osten\/\" \/>\n<meta property=\"og:locale\" content=\"de_DE\" \/>\n<meta property=\"og:type\" content=\"article\" \/>\n<meta property=\"og:title\" content=\"Berlin dr\u00e4ngt wieder nach Osten\" \/>\n<meta property=\"og:description\" content=\"Die Bundesregierung will Privatunternehmen wie Lufthansa oder die Deutsche Bahn zum Truppentransport nach Osten heranziehen. Was auf den ersten Blick l\u00e4cherlich wirken kann, ist tats\u00e4chlich Teil einer langfristigen Strategie. Von Geworg Mirsajan Deutschland verhandelt mit Privatunternehmen \u00fcber die Verlegung von Streitkr\u00e4ften an die Ostflanke der NATO, berichtet das Handelsblatt. Dazu geh\u00f6ren Lufthansa, Deutsche Bahn und [&hellip;]\" \/>\n<meta property=\"og:url\" content=\"https:\/\/now-news.de\/de\/deutschland\/berlin-draengt-wieder-nach-osten\/\" \/>\n<meta property=\"og:site_name\" content=\"just-now.NEWS Deutschland\" \/>\n<meta property=\"article:publisher\" content=\"https:\/\/www.facebook.com\/wirmachenauf\" \/>\n<meta property=\"article:published_time\" content=\"2025-04-26T18:00:13+00:00\" \/>\n<meta property=\"og:image\" content=\"https:\/\/now-news.de\/de\/wp-content\/uploads\/sites\/3\/2025\/04\/680a5b40b480cc33e5057b3d.jpg\" \/>\n<meta name=\"author\" content=\"rtnews\" \/>\n<meta name=\"twitter:card\" content=\"summary_large_image\" \/>\n<meta name=\"twitter:creator\" content=\"@WirMachenAuf_de\" \/>\n<meta name=\"twitter:site\" content=\"@WirMachenAuf_de\" \/>\n<meta name=\"twitter:label1\" content=\"Verfasst von\" \/>\n\t<meta name=\"twitter:data1\" content=\"rtnews\" \/>\n\t<meta name=\"twitter:label2\" content=\"Gesch\u00e4tzte Lesezeit\" \/>\n\t<meta name=\"twitter:data2\" content=\"5\u00a0Minuten\" \/>\n<script type=\"application\/ld+json\" class=\"yoast-schema-graph\">{\"@context\":\"https:\/\/schema.org\",\"@graph\":[{\"@type\":\"Article\",\"@id\":\"https:\/\/now-news.de\/de\/deutschland\/berlin-draengt-wieder-nach-osten\/#article\",\"isPartOf\":{\"@id\":\"https:\/\/now-news.de\/de\/deutschland\/berlin-draengt-wieder-nach-osten\/\"},\"author\":{\"name\":\"rtnews\",\"@id\":\"https:\/\/now-news.de\/de\/#\/schema\/person\/fb534a4e865501d8b3285208df34a9b5\"},\"headline\":\"Berlin dr\u00e4ngt wieder nach Osten\",\"datePublished\":\"2025-04-26T18:00:13+00:00\",\"dateModified\":\"2025-04-26T18:00:13+00:00\",\"mainEntityOfPage\":{\"@id\":\"https:\/\/now-news.de\/de\/deutschland\/berlin-draengt-wieder-nach-osten\/\"},\"wordCount\":968,\"commentCount\":0,\"publisher\":{\"@id\":\"https:\/\/now-news.de\/de\/#organization\"},\"image\":{\"@id\":\"https:\/\/now-news.de\/de\/deutschland\/berlin-draengt-wieder-nach-osten\/#primaryimage\"},\"thumbnailUrl\":\"https:\/\/now-news.de\/de\/wp-content\/uploads\/sites\/3\/2025\/04\/Berlin-draengt-wieder-nach-Osten.jpg\",\"keywords\":[\"Berlin\",\"dr\u00e4ngt\",\"nach\",\"Osten\",\"wieder\"],\"articleSection\":[\"Deutschland\",\"Russland\"],\"inLanguage\":\"de\",\"potentialAction\":[{\"@type\":\"CommentAction\",\"name\":\"Comment\",\"target\":[\"https:\/\/now-news.de\/de\/deutschland\/berlin-draengt-wieder-nach-osten\/#respond\"]}]},{\"@type\":\"WebPage\",\"@id\":\"https:\/\/now-news.de\/de\/deutschland\/berlin-draengt-wieder-nach-osten\/\",\"url\":\"https:\/\/now-news.de\/de\/deutschland\/berlin-draengt-wieder-nach-osten\/\",\"name\":\"Berlin dr\u00e4ngt wieder nach Osten - just-now.NEWS Deutschland\",\"isPartOf\":{\"@id\":\"https:\/\/now-news.de\/de\/#website\"},\"primaryImageOfPage\":{\"@id\":\"https:\/\/now-news.de\/de\/deutschland\/berlin-draengt-wieder-nach-osten\/#primaryimage\"},\"image\":{\"@id\":\"https:\/\/now-news.de\/de\/deutschland\/berlin-draengt-wieder-nach-osten\/#primaryimage\"},\"thumbnailUrl\":\"https:\/\/now-news.de\/de\/wp-content\/uploads\/sites\/3\/2025\/04\/Berlin-draengt-wieder-nach-Osten.jpg\",\"datePublished\":\"2025-04-26T18:00:13+00:00\",\"dateModified\":\"2025-04-26T18:00:13+00:00\",\"breadcrumb\":{\"@id\":\"https:\/\/now-news.de\/de\/deutschland\/berlin-draengt-wieder-nach-osten\/#breadcrumb\"},\"inLanguage\":\"de\",\"potentialAction\":[{\"@type\":\"ReadAction\",\"target\":[\"https:\/\/now-news.de\/de\/deutschland\/berlin-draengt-wieder-nach-osten\/\"]}]},{\"@type\":\"ImageObject\",\"inLanguage\":\"de\",\"@id\":\"https:\/\/now-news.de\/de\/deutschland\/berlin-draengt-wieder-nach-osten\/#primaryimage\",\"url\":\"https:\/\/now-news.de\/de\/wp-content\/uploads\/sites\/3\/2025\/04\/Berlin-draengt-wieder-nach-Osten.jpg\",\"contentUrl\":\"https:\/\/now-news.de\/de\/wp-content\/uploads\/sites\/3\/2025\/04\/Berlin-draengt-wieder-nach-Osten.jpg\",\"width\":460,\"height\":259,\"caption\":\"Berlin dr\u00e4ngt wieder nach Osten\"},{\"@type\":\"BreadcrumbList\",\"@id\":\"https:\/\/now-news.de\/de\/deutschland\/berlin-draengt-wieder-nach-osten\/#breadcrumb\",\"itemListElement\":[{\"@type\":\"ListItem\",\"position\":1,\"name\":\"Home\",\"item\":\"https:\/\/now-news.de\/de\/\"},{\"@type\":\"ListItem\",\"position\":2,\"name\":\"Berlin dr\u00e4ngt wieder nach Osten\"}]},{\"@type\":\"WebSite\",\"@id\":\"https:\/\/now-news.de\/de\/#website\",\"url\":\"https:\/\/now-news.de\/de\/\",\"name\":\"just-now.NEWS Deutschland\",\"description\":\"Das Portal f\u00fcr unzensierte Nachrichten aus der Welt\",\"publisher\":{\"@id\":\"https:\/\/now-news.de\/de\/#organization\"},\"potentialAction\":[{\"@type\":\"SearchAction\",\"target\":{\"@type\":\"EntryPoint\",\"urlTemplate\":\"https:\/\/now-news.de\/de\/?s={search_term_string}\"},\"query-input\":\"required name=search_term_string\"}],\"inLanguage\":\"de\"},{\"@type\":\"Organization\",\"@id\":\"https:\/\/now-news.de\/de\/#organization\",\"name\":\"Just Now News\",\"url\":\"https:\/\/now-news.de\/de\/\",\"logo\":{\"@type\":\"ImageObject\",\"inLanguage\":\"de\",\"@id\":\"https:\/\/now-news.de\/de\/#\/schema\/logo\/image\/\",\"url\":\"http:\/\/just-now.news\/de\/wp-content\/uploads\/sites\/3\/2022\/04\/logo500x500.jpg\",\"contentUrl\":\"http:\/\/just-now.news\/de\/wp-content\/uploads\/sites\/3\/2022\/04\/logo500x500.jpg\",\"width\":500,\"height\":500,\"caption\":\"Just Now News\"},\"image\":{\"@id\":\"https:\/\/now-news.de\/de\/#\/schema\/logo\/image\/\"},\"sameAs\":[\"https:\/\/www.facebook.com\/wirmachenauf\",\"https:\/\/x.com\/WirMachenAuf_de\"]},{\"@type\":\"Person\",\"@id\":\"https:\/\/now-news.de\/de\/#\/schema\/person\/fb534a4e865501d8b3285208df34a9b5\",\"name\":\"rtnews\",\"image\":{\"@type\":\"ImageObject\",\"inLanguage\":\"de\",\"@id\":\"https:\/\/now-news.de\/de\/#\/schema\/person\/image\/\",\"url\":\"https:\/\/secure.gravatar.com\/avatar\/82aafea7d8127119dd649515f56e2117?s=96&d=mm&r=g\",\"contentUrl\":\"https:\/\/secure.gravatar.com\/avatar\/82aafea7d8127119dd649515f56e2117?s=96&d=mm&r=g\",\"caption\":\"rtnews\"},\"url\":\"https:\/\/now-news.de\/de\/author\/rnews\/\"}]}<\/script>\n<!-- \/ Yoast SEO Premium plugin. -->","yoast_head_json":{"title":"Berlin dr\u00e4ngt wieder nach Osten - just-now.NEWS Deutschland","robots":{"index":"index","follow":"follow","max-snippet":"max-snippet:-1","max-image-preview":"max-image-preview:large","max-video-preview":"max-video-preview:-1"},"canonical":"https:\/\/now-news.de\/de\/deutschland\/berlin-draengt-wieder-nach-osten\/","og_locale":"de_DE","og_type":"article","og_title":"Berlin dr\u00e4ngt wieder nach Osten","og_description":"Die Bundesregierung will Privatunternehmen wie Lufthansa oder die Deutsche Bahn zum Truppentransport nach Osten heranziehen. Was auf den ersten Blick l\u00e4cherlich wirken kann, ist tats\u00e4chlich Teil einer langfristigen Strategie. Von Geworg Mirsajan Deutschland verhandelt mit Privatunternehmen \u00fcber die Verlegung von Streitkr\u00e4ften an die Ostflanke der NATO, berichtet das Handelsblatt. Dazu geh\u00f6ren Lufthansa, Deutsche Bahn und [&hellip;]","og_url":"https:\/\/now-news.de\/de\/deutschland\/berlin-draengt-wieder-nach-osten\/","og_site_name":"just-now.NEWS Deutschland","article_publisher":"https:\/\/www.facebook.com\/wirmachenauf","article_published_time":"2025-04-26T18:00:13+00:00","og_image":[{"url":"https:\/\/now-news.de\/de\/wp-content\/uploads\/sites\/3\/2025\/04\/680a5b40b480cc33e5057b3d.jpg"}],"author":"rtnews","twitter_card":"summary_large_image","twitter_creator":"@WirMachenAuf_de","twitter_site":"@WirMachenAuf_de","twitter_misc":{"Verfasst von":"rtnews","Gesch\u00e4tzte Lesezeit":"5\u00a0Minuten"},"schema":{"@context":"https:\/\/schema.org","@graph":[{"@type":"Article","@id":"https:\/\/now-news.de\/de\/deutschland\/berlin-draengt-wieder-nach-osten\/#article","isPartOf":{"@id":"https:\/\/now-news.de\/de\/deutschland\/berlin-draengt-wieder-nach-osten\/"},"author":{"name":"rtnews","@id":"https:\/\/now-news.de\/de\/#\/schema\/person\/fb534a4e865501d8b3285208df34a9b5"},"headline":"Berlin dr\u00e4ngt wieder nach Osten","datePublished":"2025-04-26T18:00:13+00:00","dateModified":"2025-04-26T18:00:13+00:00","mainEntityOfPage":{"@id":"https:\/\/now-news.de\/de\/deutschland\/berlin-draengt-wieder-nach-osten\/"},"wordCount":968,"commentCount":0,"publisher":{"@id":"https:\/\/now-news.de\/de\/#organization"},"image":{"@id":"https:\/\/now-news.de\/de\/deutschland\/berlin-draengt-wieder-nach-osten\/#primaryimage"},"thumbnailUrl":"https:\/\/now-news.de\/de\/wp-content\/uploads\/sites\/3\/2025\/04\/Berlin-draengt-wieder-nach-Osten.jpg","keywords":["Berlin","dr\u00e4ngt","nach","Osten","wieder"],"articleSection":["Deutschland","Russland"],"inLanguage":"de","potentialAction":[{"@type":"CommentAction","name":"Comment","target":["https:\/\/now-news.de\/de\/deutschland\/berlin-draengt-wieder-nach-osten\/#respond"]}]},{"@type":"WebPage","@id":"https:\/\/now-news.de\/de\/deutschland\/berlin-draengt-wieder-nach-osten\/","url":"https:\/\/now-news.de\/de\/deutschland\/berlin-draengt-wieder-nach-osten\/","name":"Berlin dr\u00e4ngt wieder nach Osten - just-now.NEWS Deutschland","isPartOf":{"@id":"https:\/\/now-news.de\/de\/#website"},"primaryImageOfPage":{"@id":"https:\/\/now-news.de\/de\/deutschland\/berlin-draengt-wieder-nach-osten\/#primaryimage"},"image":{"@id":"https:\/\/now-news.de\/de\/deutschland\/berlin-draengt-wieder-nach-osten\/#primaryimage"},"thumbnailUrl":"https:\/\/now-news.de\/de\/wp-content\/uploads\/sites\/3\/2025\/04\/Berlin-draengt-wieder-nach-Osten.jpg","datePublished":"2025-04-26T18:00:13+00:00","dateModified":"2025-04-26T18:00:13+00:00","breadcrumb":{"@id":"https:\/\/now-news.de\/de\/deutschland\/berlin-draengt-wieder-nach-osten\/#breadcrumb"},"inLanguage":"de","potentialAction":[{"@type":"ReadAction","target":["https:\/\/now-news.de\/de\/deutschland\/berlin-draengt-wieder-nach-osten\/"]}]},{"@type":"ImageObject","inLanguage":"de","@id":"https:\/\/now-news.de\/de\/deutschland\/berlin-draengt-wieder-nach-osten\/#primaryimage","url":"https:\/\/now-news.de\/de\/wp-content\/uploads\/sites\/3\/2025\/04\/Berlin-draengt-wieder-nach-Osten.jpg","contentUrl":"https:\/\/now-news.de\/de\/wp-content\/uploads\/sites\/3\/2025\/04\/Berlin-draengt-wieder-nach-Osten.jpg","width":460,"height":259,"caption":"Berlin dr\u00e4ngt wieder nach Osten"},{"@type":"BreadcrumbList","@id":"https:\/\/now-news.de\/de\/deutschland\/berlin-draengt-wieder-nach-osten\/#breadcrumb","itemListElement":[{"@type":"ListItem","position":1,"name":"Home","item":"https:\/\/now-news.de\/de\/"},{"@type":"ListItem","position":2,"name":"Berlin dr\u00e4ngt wieder nach Osten"}]},{"@type":"WebSite","@id":"https:\/\/now-news.de\/de\/#website","url":"https:\/\/now-news.de\/de\/","name":"just-now.NEWS Deutschland","description":"Das Portal f\u00fcr unzensierte Nachrichten aus der Welt","publisher":{"@id":"https:\/\/now-news.de\/de\/#organization"},"potentialAction":[{"@type":"SearchAction","target":{"@type":"EntryPoint","urlTemplate":"https:\/\/now-news.de\/de\/?s={search_term_string}"},"query-input":"required name=search_term_string"}],"inLanguage":"de"},{"@type":"Organization","@id":"https:\/\/now-news.de\/de\/#organization","name":"Just Now News","url":"https:\/\/now-news.de\/de\/","logo":{"@type":"ImageObject","inLanguage":"de","@id":"https:\/\/now-news.de\/de\/#\/schema\/logo\/image\/","url":"http:\/\/just-now.news\/de\/wp-content\/uploads\/sites\/3\/2022\/04\/logo500x500.jpg","contentUrl":"http:\/\/just-now.news\/de\/wp-content\/uploads\/sites\/3\/2022\/04\/logo500x500.jpg","width":500,"height":500,"caption":"Just Now News"},"image":{"@id":"https:\/\/now-news.de\/de\/#\/schema\/logo\/image\/"},"sameAs":["https:\/\/www.facebook.com\/wirmachenauf","https:\/\/x.com\/WirMachenAuf_de"]},{"@type":"Person","@id":"https:\/\/now-news.de\/de\/#\/schema\/person\/fb534a4e865501d8b3285208df34a9b5","name":"rtnews","image":{"@type":"ImageObject","inLanguage":"de","@id":"https:\/\/now-news.de\/de\/#\/schema\/person\/image\/","url":"https:\/\/secure.gravatar.com\/avatar\/82aafea7d8127119dd649515f56e2117?s=96&d=mm&r=g","contentUrl":"https:\/\/secure.gravatar.com\/avatar\/82aafea7d8127119dd649515f56e2117?s=96&d=mm&r=g","caption":"rtnews"},"url":"https:\/\/now-news.de\/de\/author\/rnews\/"}]}},"_links":{"self":[{"href":"https:\/\/now-news.de\/de\/wp-json\/wp\/v2\/posts\/82805"}],"collection":[{"href":"https:\/\/now-news.de\/de\/wp-json\/wp\/v2\/posts"}],"about":[{"href":"https:\/\/now-news.de\/de\/wp-json\/wp\/v2\/types\/post"}],"author":[{"embeddable":true,"href":"https:\/\/now-news.de\/de\/wp-json\/wp\/v2\/users\/3"}],"replies":[{"embeddable":true,"href":"https:\/\/now-news.de\/de\/wp-json\/wp\/v2\/comments?post=82805"}],"version-history":[{"count":0,"href":"https:\/\/now-news.de\/de\/wp-json\/wp\/v2\/posts\/82805\/revisions"}],"wp:featuredmedia":[{"embeddable":true,"href":"https:\/\/now-news.de\/de\/wp-json\/wp\/v2\/media\/82806"}],"wp:attachment":[{"href":"https:\/\/now-news.de\/de\/wp-json\/wp\/v2\/media?parent=82805"}],"wp:term":[{"taxonomy":"category","embeddable":true,"href":"https:\/\/now-news.de\/de\/wp-json\/wp\/v2\/categories?post=82805"},{"taxonomy":"post_tag","embeddable":true,"href":"https:\/\/now-news.de\/de\/wp-json\/wp\/v2\/tags?post=82805"}],"curies":[{"name":"wp","href":"https:\/\/api.w.org\/{rel}","templated":true}]}}