{"id":82803,"date":"2025-04-26T19:30:10","date_gmt":"2025-04-26T17:30:10","guid":{"rendered":"https:\/\/now-news.de\/de\/deutschland\/europaweite-friedensaktion-am-9-mai-buerger-nehmen-friedliche-zukunft-in-eigene-hand\/"},"modified":"2025-04-26T19:30:10","modified_gmt":"2025-04-26T17:30:10","slug":"europaweite-friedensaktion-am-9-mai-buerger-nehmen-friedliche-zukunft-in-eigene-hand","status":"publish","type":"post","link":"https:\/\/now-news.de\/de\/deutschland\/europaweite-friedensaktion-am-9-mai-buerger-nehmen-friedliche-zukunft-in-eigene-hand\/","title":{"rendered":"Europaweite Friedensaktion am 9. Mai \u2013 B\u00fcrger nehmen friedliche Zukunft in eigene Hand!"},"content":{"rendered":"<p><img decoding=\"async\" src=\"https:\/\/now-news.de\/de\/wp-content\/uploads\/sites\/3\/2025\/04\/680ba425b480cc701570c15d.jpg\" \/><\/p>\n<div class=\"Text-root Text-type_1 \">\n                F\u00fcr den 9. Mai sind die B\u00fcrger Europas dazu aufgerufen, um 17 Uhr in allen europ\u00e4ischen L\u00e4ndern ein Manifest f\u00fcr den Frieden zu verlesen. Mit dieser Friedenserkl\u00e4rung bieten sie an, umgehend eine Abordnung europ\u00e4ischer B\u00fcrger nach Kiew und Moskau zu entsenden, um den Dialog zu beginnen.\n            <\/div>\n<p><\/p>\n<div class=\"Text-root Text-type_5 ArticleView-text ViewText-root \">\n<p><em>Von Felicitas Rabe<\/em><\/p>\n<p>F\u00fcr den 9. Mai 2025, den Tag des Sieges \u00fcber den Faschismus, ruft das neu gegr\u00fcndete <a rel=\"nofollow noopener\" target=\"_blank\" href=\"https:\/\/europeanpeaceproject.eu\/\">European Peace Project<\/a> (Europ\u00e4isches Friedensprojekt) die B\u00fcrgerinnen und B\u00fcrger Europas dazu auf, ihre friedliche Zukunft selbst in die Hand zu nehmen. Die Initiatoren schreiben dazu in ihrem Aufruf:<\/p>\n<p><em>&#8220;Wenn die EU und ihre nationalen Regierungen uns in einen Krieg gegen Russland f\u00fchren wollen, verraten sie alle europ\u00e4ischen Grundprinzipien von Frieden, Demokratie, Freiheit und V\u00f6lkerverst\u00e4ndigung! Daher nehmen wir, die B\u00fcrgerinnen und B\u00fcrger Europas, die Zukunft dieses wunderbaren Kontinents selbst in die Hand! Wir starten hiermit das European Peace Project.&#8221;<\/em><\/p>\n<p>Die B\u00fcrger Europas sind dazu eingeladen, an diesem 9. Mai um 17 Uhr zeitgleich in allen L\u00e4ndern auf dem europ\u00e4ischen Kontinent ein Manifest f\u00fcr den Frieden zu verlesen. Die Friedensproklamation ist bereits in vielen Sprachen auf der Internetseite des European Peace Projects zu lesen, darunter auch auf S\u00e4chsisch und auf Schw\u00e4bisch.<\/p>\n<p>Am 9. Mai werden die beteiligten B\u00fcrger Europas aus ihren Fenstern, auf ihren Balkonen und auf ihren Pl\u00e4tzen in allen europ\u00e4ischen Sprachen den Frieden ausrufen. Mit eingesandten Fotos und Video-Aufnahmen k\u00f6nnen die vielf\u00e4ltigen Friedensproklamationen anschlie\u00dfend auf der Webseite dokumentiert werden. Auf der Internetseite des European Peace Project k\u00f6nnen die Teilnehmer im Vorfeld der Aktion ihren Ort der Friedensverk\u00fcndung eintragen. Auf diese Weise kann jeder sehen, wo und wie viele Menschen sich beteiligen. Auch k\u00f6nnen sich mehrere Teilnehmer zusammenschlie\u00dfen oder als Organisation teilnehmen.<\/p>\n<p><em>&#8220;Jeder, der sich eintr\u00e4gt, bekommt in den n\u00e4chsten Wochen auf einer interaktiven Europakarte eine Friedenstaube, die anzeigt, dass auch\u00a0ihr,\u00a0eure\u00a0Stadt und\u00a0euer\u00a0Dorf dabei seid \u2013 von Dublin bis Thessaloniki und von Lissabon bis Helsinki, quer durch Europa und \u00fcber den ganzen Kontinent bis hin nach Moskau und dar\u00fcber hinaus!&#8221;<\/em><\/p>\n<p>Initiiert wurde das European Peace Project von der Politikwissenschaftlerin Prof. Ulrike Gu\u00e9rot, der Publizistin und K\u00fcnstlerin Isabelle Casel und dem Journalisten und Unternehmer Peter van Stigt. Dar\u00fcber hinaus gibt es in vielen europ\u00e4ischen L\u00e4ndern einzelne Ansprechpartner f\u00fcr die europaweite Friedensproklamation. Offenbar um sich rechtlich zu sch\u00fctzen, haben die Aktionsgr\u00fcnder am Ende des Friedensaufrufs einen Abschnitt formuliert, der die Friedensproklamation als Kunstprojekt deklariert: &#8220;Dies ist ein performativer Sprechakt im Rahmen eines Kunstprojektes.&#8221;<\/p>\n<p>Auf der Webseite findet man weitere Informationen zu dieser europaweiten Kampagne und den Beteiligungsm\u00f6glichkeiten. Die bereits formulierte Friedensproklamation der B\u00fcrger Europas beginnt mit den Worten:<\/p>\n<p><em>&#8220;Heute, am 9.\u00a0Mai 2025 \u2013 genau 80 Jahre nach dem Ende des Zweiten Weltkriegs, der 60 Millionen Menschen das Leben kostete, darunter 27 Millionen Sowjetb\u00fcrgern, erheben wir, die B\u00fcrgerinnen und B\u00fcrger Europas, unsere Stimmen! Wir sch\u00e4men uns f\u00fcr unsere Regierungen und die EU, die die Lehren des 20. Jahrhunderts nicht gelernt haben. Die EU, einst als Friedensprojekt gedacht, wurde pervertiert und hat damit den Wesenskern Europas verraten!<\/em><\/p>\n<p><em>Wir, die B\u00fcrger Europas, nehmen darum heute, am 9. Mai, unsere Geschicke und unsere Geschichte selbst in die Hand. Wir erkl\u00e4ren die EU f\u00fcr gescheitert. Wir beginnen mit B\u00fcrger-Diplomatie und verweigern uns dem geplanten Krieg gegen Russland! Wir erkennen die Mitverantwortung des &#8216;Westens&#8217;, der europ\u00e4ischen Regierungen und der EU an diesem Konflikt an.&#8221;<\/em><\/p>\n<p>Im letzten Absatz erkl\u00e4ren die B\u00fcrger Europas die Unterst\u00fctzung des Krieges in der Ukraine f\u00fcr beendet:<\/p>\n<p><em>&#8220;Wir, die B\u00fcrger Europas, erkl\u00e4ren diesen Krieg hiermit f\u00fcr beendet! Wir machen bei den Kriegsspielen nicht mit. Wir machen aus unseren M\u00e4nnern und S\u00f6hnen keine Soldaten, aus unseren T\u00f6chtern keine Schwestern im Lazarett und aus unseren L\u00e4ndern keine Schlachtfelder. Wir bieten an, sofort eine Abordnung europ\u00e4ischer B\u00fcrgerinnen und B\u00fcrger nach Kiew und Moskau zu entsenden, um den Dialog zu beginnen. Wir werden nicht l\u00e4nger zusehen, wie unsere Zukunft und die unserer Kinder auf dem Altar der Machtpolitik geopfert wird.&#8221;<\/em><\/p>\n<p><strong>Mehr zum Thema<\/strong> &#8211; <a rel=\"nofollow noopener\" target=\"_blank\" href=\"https:\/\/dert.online\/inland\/242206-dkp-warnt-vor-kommender-koalition\/\">Osterm\u00e4rsche: DKP warnt vor kommender Koalition und ruft zu Aktionen auf<\/a><\/p>\n<\/div>\n<p><br \/>\n<br \/><a href=\"https:\/\/de.rt.com\/europa\/243378-europaweite-friedensaktion-am-9-mai\/\">Source link <\/a><\/p>\n","protected":false},"excerpt":{"rendered":"<p>F\u00fcr den 9. Mai sind die B\u00fcrger Europas dazu aufgerufen, um 17 Uhr in allen europ\u00e4ischen L\u00e4ndern ein Manifest f\u00fcr den Frieden zu verlesen. Mit dieser Friedenserkl\u00e4rung bieten sie an, umgehend eine Abordnung europ\u00e4ischer B\u00fcrger nach Kiew und Moskau zu entsenden, um den Dialog zu beginnen. Von Felicitas Rabe F\u00fcr den 9. Mai 2025, den [&hellip;]<\/p>\n","protected":false},"author":3,"featured_media":82804,"comment_status":"open","ping_status":"open","sticky":false,"template":"","format":"standard","meta":{"_yoast_indexnow_last_ping":["1745688896"],"wp_automatic_camp":["217"],"8f198cdc0583b2165388ed15aa71f5a2":["Europaweite Friedensaktion am 9. Mai \u2013 B\u00fcrger nehmen friedliche Zukunft in eigene Hand!"],"original_link":["https:\/\/de.rt.com\/europa\/243378-europaweite-friedensaktion-am-9-mai\/"],"_thumbnail_id":["82804"],"jnews_social_counter_last_update":["1777267516"],"_wptgpro_p2tg_sent2tg":["a:1:{i:23737;s:19:\"2025-04-26 19:35:56\";}"]},"categories":[19,23],"tags":[8956,20241,46656,64556,4582,8748,9933,7299,3250],"yoast_head":"<!-- This site is optimized with the Yoast SEO Premium plugin v22.7 (Yoast SEO v22.7) - https:\/\/yoast.com\/wordpress\/plugins\/seo\/ -->\n<title>Europaweite Friedensaktion am 9. Mai \u2013 B\u00fcrger nehmen friedliche Zukunft in eigene Hand! - just-now.NEWS Deutschland<\/title>\n<meta name=\"robots\" content=\"index, follow, max-snippet:-1, max-image-preview:large, max-video-preview:-1\" \/>\n<link rel=\"canonical\" href=\"https:\/\/now-news.de\/de\/deutschland\/europaweite-friedensaktion-am-9-mai-buerger-nehmen-friedliche-zukunft-in-eigene-hand\/\" \/>\n<meta property=\"og:locale\" content=\"de_DE\" \/>\n<meta property=\"og:type\" content=\"article\" \/>\n<meta property=\"og:title\" content=\"Europaweite Friedensaktion am 9. Mai \u2013 B\u00fcrger nehmen friedliche Zukunft in eigene Hand!\" \/>\n<meta property=\"og:description\" content=\"F\u00fcr den 9. Mai sind die B\u00fcrger Europas dazu aufgerufen, um 17 Uhr in allen europ\u00e4ischen L\u00e4ndern ein Manifest f\u00fcr den Frieden zu verlesen. Mit dieser Friedenserkl\u00e4rung bieten sie an, umgehend eine Abordnung europ\u00e4ischer B\u00fcrger nach Kiew und Moskau zu entsenden, um den Dialog zu beginnen. Von Felicitas Rabe F\u00fcr den 9. Mai 2025, den [&hellip;]\" \/>\n<meta property=\"og:url\" content=\"https:\/\/now-news.de\/de\/deutschland\/europaweite-friedensaktion-am-9-mai-buerger-nehmen-friedliche-zukunft-in-eigene-hand\/\" \/>\n<meta property=\"og:site_name\" content=\"just-now.NEWS Deutschland\" \/>\n<meta property=\"article:publisher\" content=\"https:\/\/www.facebook.com\/wirmachenauf\" \/>\n<meta property=\"article:published_time\" content=\"2025-04-26T17:30:10+00:00\" \/>\n<meta property=\"og:image\" content=\"https:\/\/now-news.de\/de\/wp-content\/uploads\/sites\/3\/2025\/04\/680ba425b480cc701570c15d.jpg\" \/>\n<meta name=\"author\" content=\"rtnews\" \/>\n<meta name=\"twitter:card\" content=\"summary_large_image\" \/>\n<meta name=\"twitter:creator\" content=\"@WirMachenAuf_de\" \/>\n<meta name=\"twitter:site\" content=\"@WirMachenAuf_de\" \/>\n<meta name=\"twitter:label1\" content=\"Verfasst von\" \/>\n\t<meta name=\"twitter:data1\" content=\"rtnews\" \/>\n\t<meta name=\"twitter:label2\" content=\"Gesch\u00e4tzte Lesezeit\" \/>\n\t<meta name=\"twitter:data2\" content=\"4\u00a0Minuten\" \/>\n<script type=\"application\/ld+json\" class=\"yoast-schema-graph\">{\"@context\":\"https:\/\/schema.org\",\"@graph\":[{\"@type\":\"Article\",\"@id\":\"https:\/\/now-news.de\/de\/deutschland\/europaweite-friedensaktion-am-9-mai-buerger-nehmen-friedliche-zukunft-in-eigene-hand\/#article\",\"isPartOf\":{\"@id\":\"https:\/\/now-news.de\/de\/deutschland\/europaweite-friedensaktion-am-9-mai-buerger-nehmen-friedliche-zukunft-in-eigene-hand\/\"},\"author\":{\"name\":\"rtnews\",\"@id\":\"https:\/\/now-news.de\/de\/#\/schema\/person\/fb534a4e865501d8b3285208df34a9b5\"},\"headline\":\"Europaweite Friedensaktion am 9. Mai \u2013 B\u00fcrger nehmen friedliche Zukunft in eigene Hand!\",\"datePublished\":\"2025-04-26T17:30:10+00:00\",\"dateModified\":\"2025-04-26T17:30:10+00:00\",\"mainEntityOfPage\":{\"@id\":\"https:\/\/now-news.de\/de\/deutschland\/europaweite-friedensaktion-am-9-mai-buerger-nehmen-friedliche-zukunft-in-eigene-hand\/\"},\"wordCount\":728,\"commentCount\":0,\"publisher\":{\"@id\":\"https:\/\/now-news.de\/de\/#organization\"},\"image\":{\"@id\":\"https:\/\/now-news.de\/de\/deutschland\/europaweite-friedensaktion-am-9-mai-buerger-nehmen-friedliche-zukunft-in-eigene-hand\/#primaryimage\"},\"thumbnailUrl\":\"https:\/\/now-news.de\/de\/wp-content\/uploads\/sites\/3\/2025\/04\/Europaweite-Friedensaktion-am-9-Mai-\u2013-Buerger-nehmen-friedliche-Zukunft.jpg\",\"keywords\":[\"b\u00fcrger\",\"eigene\",\"Europaweite\",\"Friedensaktion\",\"friedliche\",\"hand\",\"Mai\",\"nehmen\",\"Zukunft\"],\"articleSection\":[\"Deutschland\",\"Russland\"],\"inLanguage\":\"de\",\"potentialAction\":[{\"@type\":\"CommentAction\",\"name\":\"Comment\",\"target\":[\"https:\/\/now-news.de\/de\/deutschland\/europaweite-friedensaktion-am-9-mai-buerger-nehmen-friedliche-zukunft-in-eigene-hand\/#respond\"]}]},{\"@type\":\"WebPage\",\"@id\":\"https:\/\/now-news.de\/de\/deutschland\/europaweite-friedensaktion-am-9-mai-buerger-nehmen-friedliche-zukunft-in-eigene-hand\/\",\"url\":\"https:\/\/now-news.de\/de\/deutschland\/europaweite-friedensaktion-am-9-mai-buerger-nehmen-friedliche-zukunft-in-eigene-hand\/\",\"name\":\"Europaweite Friedensaktion am 9. Mai \u2013 B\u00fcrger nehmen friedliche Zukunft in eigene Hand! - just-now.NEWS Deutschland\",\"isPartOf\":{\"@id\":\"https:\/\/now-news.de\/de\/#website\"},\"primaryImageOfPage\":{\"@id\":\"https:\/\/now-news.de\/de\/deutschland\/europaweite-friedensaktion-am-9-mai-buerger-nehmen-friedliche-zukunft-in-eigene-hand\/#primaryimage\"},\"image\":{\"@id\":\"https:\/\/now-news.de\/de\/deutschland\/europaweite-friedensaktion-am-9-mai-buerger-nehmen-friedliche-zukunft-in-eigene-hand\/#primaryimage\"},\"thumbnailUrl\":\"https:\/\/now-news.de\/de\/wp-content\/uploads\/sites\/3\/2025\/04\/Europaweite-Friedensaktion-am-9-Mai-\u2013-Buerger-nehmen-friedliche-Zukunft.jpg\",\"datePublished\":\"2025-04-26T17:30:10+00:00\",\"dateModified\":\"2025-04-26T17:30:10+00:00\",\"breadcrumb\":{\"@id\":\"https:\/\/now-news.de\/de\/deutschland\/europaweite-friedensaktion-am-9-mai-buerger-nehmen-friedliche-zukunft-in-eigene-hand\/#breadcrumb\"},\"inLanguage\":\"de\",\"potentialAction\":[{\"@type\":\"ReadAction\",\"target\":[\"https:\/\/now-news.de\/de\/deutschland\/europaweite-friedensaktion-am-9-mai-buerger-nehmen-friedliche-zukunft-in-eigene-hand\/\"]}]},{\"@type\":\"ImageObject\",\"inLanguage\":\"de\",\"@id\":\"https:\/\/now-news.de\/de\/deutschland\/europaweite-friedensaktion-am-9-mai-buerger-nehmen-friedliche-zukunft-in-eigene-hand\/#primaryimage\",\"url\":\"https:\/\/now-news.de\/de\/wp-content\/uploads\/sites\/3\/2025\/04\/Europaweite-Friedensaktion-am-9-Mai-\u2013-Buerger-nehmen-friedliche-Zukunft.jpg\",\"contentUrl\":\"https:\/\/now-news.de\/de\/wp-content\/uploads\/sites\/3\/2025\/04\/Europaweite-Friedensaktion-am-9-Mai-\u2013-Buerger-nehmen-friedliche-Zukunft.jpg\",\"width\":460,\"height\":259,\"caption\":\"Europaweite Friedensaktion am 9. Mai \u2013 B\u00fcrger nehmen friedliche Zukunft in eigene Hand!\"},{\"@type\":\"BreadcrumbList\",\"@id\":\"https:\/\/now-news.de\/de\/deutschland\/europaweite-friedensaktion-am-9-mai-buerger-nehmen-friedliche-zukunft-in-eigene-hand\/#breadcrumb\",\"itemListElement\":[{\"@type\":\"ListItem\",\"position\":1,\"name\":\"Home\",\"item\":\"https:\/\/now-news.de\/de\/\"},{\"@type\":\"ListItem\",\"position\":2,\"name\":\"Europaweite Friedensaktion am 9. Mai \u2013 B\u00fcrger nehmen friedliche Zukunft in eigene Hand!\"}]},{\"@type\":\"WebSite\",\"@id\":\"https:\/\/now-news.de\/de\/#website\",\"url\":\"https:\/\/now-news.de\/de\/\",\"name\":\"just-now.NEWS Deutschland\",\"description\":\"Das Portal f\u00fcr unzensierte Nachrichten aus der Welt\",\"publisher\":{\"@id\":\"https:\/\/now-news.de\/de\/#organization\"},\"potentialAction\":[{\"@type\":\"SearchAction\",\"target\":{\"@type\":\"EntryPoint\",\"urlTemplate\":\"https:\/\/now-news.de\/de\/?s={search_term_string}\"},\"query-input\":\"required name=search_term_string\"}],\"inLanguage\":\"de\"},{\"@type\":\"Organization\",\"@id\":\"https:\/\/now-news.de\/de\/#organization\",\"name\":\"Just Now News\",\"url\":\"https:\/\/now-news.de\/de\/\",\"logo\":{\"@type\":\"ImageObject\",\"inLanguage\":\"de\",\"@id\":\"https:\/\/now-news.de\/de\/#\/schema\/logo\/image\/\",\"url\":\"http:\/\/just-now.news\/de\/wp-content\/uploads\/sites\/3\/2022\/04\/logo500x500.jpg\",\"contentUrl\":\"http:\/\/just-now.news\/de\/wp-content\/uploads\/sites\/3\/2022\/04\/logo500x500.jpg\",\"width\":500,\"height\":500,\"caption\":\"Just Now News\"},\"image\":{\"@id\":\"https:\/\/now-news.de\/de\/#\/schema\/logo\/image\/\"},\"sameAs\":[\"https:\/\/www.facebook.com\/wirmachenauf\",\"https:\/\/x.com\/WirMachenAuf_de\"]},{\"@type\":\"Person\",\"@id\":\"https:\/\/now-news.de\/de\/#\/schema\/person\/fb534a4e865501d8b3285208df34a9b5\",\"name\":\"rtnews\",\"image\":{\"@type\":\"ImageObject\",\"inLanguage\":\"de\",\"@id\":\"https:\/\/now-news.de\/de\/#\/schema\/person\/image\/\",\"url\":\"https:\/\/secure.gravatar.com\/avatar\/82aafea7d8127119dd649515f56e2117?s=96&d=mm&r=g\",\"contentUrl\":\"https:\/\/secure.gravatar.com\/avatar\/82aafea7d8127119dd649515f56e2117?s=96&d=mm&r=g\",\"caption\":\"rtnews\"},\"url\":\"https:\/\/now-news.de\/de\/author\/rnews\/\"}]}<\/script>\n<!-- \/ Yoast SEO Premium plugin. -->","yoast_head_json":{"title":"Europaweite Friedensaktion am 9. Mai \u2013 B\u00fcrger nehmen friedliche Zukunft in eigene Hand! - just-now.NEWS Deutschland","robots":{"index":"index","follow":"follow","max-snippet":"max-snippet:-1","max-image-preview":"max-image-preview:large","max-video-preview":"max-video-preview:-1"},"canonical":"https:\/\/now-news.de\/de\/deutschland\/europaweite-friedensaktion-am-9-mai-buerger-nehmen-friedliche-zukunft-in-eigene-hand\/","og_locale":"de_DE","og_type":"article","og_title":"Europaweite Friedensaktion am 9. Mai \u2013 B\u00fcrger nehmen friedliche Zukunft in eigene Hand!","og_description":"F\u00fcr den 9. Mai sind die B\u00fcrger Europas dazu aufgerufen, um 17 Uhr in allen europ\u00e4ischen L\u00e4ndern ein Manifest f\u00fcr den Frieden zu verlesen. Mit dieser Friedenserkl\u00e4rung bieten sie an, umgehend eine Abordnung europ\u00e4ischer B\u00fcrger nach Kiew und Moskau zu entsenden, um den Dialog zu beginnen. Von Felicitas Rabe F\u00fcr den 9. Mai 2025, den [&hellip;]","og_url":"https:\/\/now-news.de\/de\/deutschland\/europaweite-friedensaktion-am-9-mai-buerger-nehmen-friedliche-zukunft-in-eigene-hand\/","og_site_name":"just-now.NEWS Deutschland","article_publisher":"https:\/\/www.facebook.com\/wirmachenauf","article_published_time":"2025-04-26T17:30:10+00:00","og_image":[{"url":"https:\/\/now-news.de\/de\/wp-content\/uploads\/sites\/3\/2025\/04\/680ba425b480cc701570c15d.jpg"}],"author":"rtnews","twitter_card":"summary_large_image","twitter_creator":"@WirMachenAuf_de","twitter_site":"@WirMachenAuf_de","twitter_misc":{"Verfasst von":"rtnews","Gesch\u00e4tzte Lesezeit":"4\u00a0Minuten"},"schema":{"@context":"https:\/\/schema.org","@graph":[{"@type":"Article","@id":"https:\/\/now-news.de\/de\/deutschland\/europaweite-friedensaktion-am-9-mai-buerger-nehmen-friedliche-zukunft-in-eigene-hand\/#article","isPartOf":{"@id":"https:\/\/now-news.de\/de\/deutschland\/europaweite-friedensaktion-am-9-mai-buerger-nehmen-friedliche-zukunft-in-eigene-hand\/"},"author":{"name":"rtnews","@id":"https:\/\/now-news.de\/de\/#\/schema\/person\/fb534a4e865501d8b3285208df34a9b5"},"headline":"Europaweite Friedensaktion am 9. Mai \u2013 B\u00fcrger nehmen friedliche Zukunft in eigene Hand!","datePublished":"2025-04-26T17:30:10+00:00","dateModified":"2025-04-26T17:30:10+00:00","mainEntityOfPage":{"@id":"https:\/\/now-news.de\/de\/deutschland\/europaweite-friedensaktion-am-9-mai-buerger-nehmen-friedliche-zukunft-in-eigene-hand\/"},"wordCount":728,"commentCount":0,"publisher":{"@id":"https:\/\/now-news.de\/de\/#organization"},"image":{"@id":"https:\/\/now-news.de\/de\/deutschland\/europaweite-friedensaktion-am-9-mai-buerger-nehmen-friedliche-zukunft-in-eigene-hand\/#primaryimage"},"thumbnailUrl":"https:\/\/now-news.de\/de\/wp-content\/uploads\/sites\/3\/2025\/04\/Europaweite-Friedensaktion-am-9-Mai-\u2013-Buerger-nehmen-friedliche-Zukunft.jpg","keywords":["b\u00fcrger","eigene","Europaweite","Friedensaktion","friedliche","hand","Mai","nehmen","Zukunft"],"articleSection":["Deutschland","Russland"],"inLanguage":"de","potentialAction":[{"@type":"CommentAction","name":"Comment","target":["https:\/\/now-news.de\/de\/deutschland\/europaweite-friedensaktion-am-9-mai-buerger-nehmen-friedliche-zukunft-in-eigene-hand\/#respond"]}]},{"@type":"WebPage","@id":"https:\/\/now-news.de\/de\/deutschland\/europaweite-friedensaktion-am-9-mai-buerger-nehmen-friedliche-zukunft-in-eigene-hand\/","url":"https:\/\/now-news.de\/de\/deutschland\/europaweite-friedensaktion-am-9-mai-buerger-nehmen-friedliche-zukunft-in-eigene-hand\/","name":"Europaweite Friedensaktion am 9. Mai \u2013 B\u00fcrger nehmen friedliche Zukunft in eigene Hand! - just-now.NEWS Deutschland","isPartOf":{"@id":"https:\/\/now-news.de\/de\/#website"},"primaryImageOfPage":{"@id":"https:\/\/now-news.de\/de\/deutschland\/europaweite-friedensaktion-am-9-mai-buerger-nehmen-friedliche-zukunft-in-eigene-hand\/#primaryimage"},"image":{"@id":"https:\/\/now-news.de\/de\/deutschland\/europaweite-friedensaktion-am-9-mai-buerger-nehmen-friedliche-zukunft-in-eigene-hand\/#primaryimage"},"thumbnailUrl":"https:\/\/now-news.de\/de\/wp-content\/uploads\/sites\/3\/2025\/04\/Europaweite-Friedensaktion-am-9-Mai-\u2013-Buerger-nehmen-friedliche-Zukunft.jpg","datePublished":"2025-04-26T17:30:10+00:00","dateModified":"2025-04-26T17:30:10+00:00","breadcrumb":{"@id":"https:\/\/now-news.de\/de\/deutschland\/europaweite-friedensaktion-am-9-mai-buerger-nehmen-friedliche-zukunft-in-eigene-hand\/#breadcrumb"},"inLanguage":"de","potentialAction":[{"@type":"ReadAction","target":["https:\/\/now-news.de\/de\/deutschland\/europaweite-friedensaktion-am-9-mai-buerger-nehmen-friedliche-zukunft-in-eigene-hand\/"]}]},{"@type":"ImageObject","inLanguage":"de","@id":"https:\/\/now-news.de\/de\/deutschland\/europaweite-friedensaktion-am-9-mai-buerger-nehmen-friedliche-zukunft-in-eigene-hand\/#primaryimage","url":"https:\/\/now-news.de\/de\/wp-content\/uploads\/sites\/3\/2025\/04\/Europaweite-Friedensaktion-am-9-Mai-\u2013-Buerger-nehmen-friedliche-Zukunft.jpg","contentUrl":"https:\/\/now-news.de\/de\/wp-content\/uploads\/sites\/3\/2025\/04\/Europaweite-Friedensaktion-am-9-Mai-\u2013-Buerger-nehmen-friedliche-Zukunft.jpg","width":460,"height":259,"caption":"Europaweite Friedensaktion am 9. Mai \u2013 B\u00fcrger nehmen friedliche Zukunft in eigene Hand!"},{"@type":"BreadcrumbList","@id":"https:\/\/now-news.de\/de\/deutschland\/europaweite-friedensaktion-am-9-mai-buerger-nehmen-friedliche-zukunft-in-eigene-hand\/#breadcrumb","itemListElement":[{"@type":"ListItem","position":1,"name":"Home","item":"https:\/\/now-news.de\/de\/"},{"@type":"ListItem","position":2,"name":"Europaweite Friedensaktion am 9. Mai \u2013 B\u00fcrger nehmen friedliche Zukunft in eigene Hand!"}]},{"@type":"WebSite","@id":"https:\/\/now-news.de\/de\/#website","url":"https:\/\/now-news.de\/de\/","name":"just-now.NEWS Deutschland","description":"Das Portal f\u00fcr unzensierte Nachrichten aus der Welt","publisher":{"@id":"https:\/\/now-news.de\/de\/#organization"},"potentialAction":[{"@type":"SearchAction","target":{"@type":"EntryPoint","urlTemplate":"https:\/\/now-news.de\/de\/?s={search_term_string}"},"query-input":"required name=search_term_string"}],"inLanguage":"de"},{"@type":"Organization","@id":"https:\/\/now-news.de\/de\/#organization","name":"Just Now News","url":"https:\/\/now-news.de\/de\/","logo":{"@type":"ImageObject","inLanguage":"de","@id":"https:\/\/now-news.de\/de\/#\/schema\/logo\/image\/","url":"http:\/\/just-now.news\/de\/wp-content\/uploads\/sites\/3\/2022\/04\/logo500x500.jpg","contentUrl":"http:\/\/just-now.news\/de\/wp-content\/uploads\/sites\/3\/2022\/04\/logo500x500.jpg","width":500,"height":500,"caption":"Just Now News"},"image":{"@id":"https:\/\/now-news.de\/de\/#\/schema\/logo\/image\/"},"sameAs":["https:\/\/www.facebook.com\/wirmachenauf","https:\/\/x.com\/WirMachenAuf_de"]},{"@type":"Person","@id":"https:\/\/now-news.de\/de\/#\/schema\/person\/fb534a4e865501d8b3285208df34a9b5","name":"rtnews","image":{"@type":"ImageObject","inLanguage":"de","@id":"https:\/\/now-news.de\/de\/#\/schema\/person\/image\/","url":"https:\/\/secure.gravatar.com\/avatar\/82aafea7d8127119dd649515f56e2117?s=96&d=mm&r=g","contentUrl":"https:\/\/secure.gravatar.com\/avatar\/82aafea7d8127119dd649515f56e2117?s=96&d=mm&r=g","caption":"rtnews"},"url":"https:\/\/now-news.de\/de\/author\/rnews\/"}]}},"_links":{"self":[{"href":"https:\/\/now-news.de\/de\/wp-json\/wp\/v2\/posts\/82803"}],"collection":[{"href":"https:\/\/now-news.de\/de\/wp-json\/wp\/v2\/posts"}],"about":[{"href":"https:\/\/now-news.de\/de\/wp-json\/wp\/v2\/types\/post"}],"author":[{"embeddable":true,"href":"https:\/\/now-news.de\/de\/wp-json\/wp\/v2\/users\/3"}],"replies":[{"embeddable":true,"href":"https:\/\/now-news.de\/de\/wp-json\/wp\/v2\/comments?post=82803"}],"version-history":[{"count":0,"href":"https:\/\/now-news.de\/de\/wp-json\/wp\/v2\/posts\/82803\/revisions"}],"wp:featuredmedia":[{"embeddable":true,"href":"https:\/\/now-news.de\/de\/wp-json\/wp\/v2\/media\/82804"}],"wp:attachment":[{"href":"https:\/\/now-news.de\/de\/wp-json\/wp\/v2\/media?parent=82803"}],"wp:term":[{"taxonomy":"category","embeddable":true,"href":"https:\/\/now-news.de\/de\/wp-json\/wp\/v2\/categories?post=82803"},{"taxonomy":"post_tag","embeddable":true,"href":"https:\/\/now-news.de\/de\/wp-json\/wp\/v2\/tags?post=82803"}],"curies":[{"name":"wp","href":"https:\/\/api.w.org\/{rel}","templated":true}]}}