{"id":82766,"date":"2025-04-25T22:00:41","date_gmt":"2025-04-25T20:00:41","guid":{"rendered":"https:\/\/now-news.de\/de\/deutschland\/nach-ausgrenzung-kommt-demuetigung-russischer-botschafter-wird-am-elbe-tag-massiv-attackiert\/"},"modified":"2025-04-25T22:00:41","modified_gmt":"2025-04-25T20:00:41","slug":"nach-ausgrenzung-kommt-demuetigung-russischer-botschafter-wird-am-elbe-tag-massiv-attackiert","status":"publish","type":"post","link":"https:\/\/now-news.de\/de\/deutschland\/nach-ausgrenzung-kommt-demuetigung-russischer-botschafter-wird-am-elbe-tag-massiv-attackiert\/","title":{"rendered":"Nach Ausgrenzung kommt Dem\u00fctigung: Russischer Botschafter wird am Elbe-Tag massiv attackiert"},"content":{"rendered":"<div class=\"Text-root Text-type_1 \">\n                Das 80. Jubil\u00e4um des Treffens der Roten Armee und der US-Army an der Elbe wurde von der s\u00e4chsischen Regierung zu einer Propaganda-Attacke missbraucht. Der anwesende Botschafter Russlands hat w\u00e4hrend der Veranstaltung viel aushalten m\u00fcssen.\n            <\/div>\n<p><\/p>\n<div class=\"Text-root Text-type_5 ArticleView-text ViewText-root \">\n<p><em>Von Wladislaw Sankin<\/em><\/p>\n<p>Am 25. April 1945, in der Endphase des Zweiten Weltkriegs, trafen in der s\u00e4chsischen Stadt Torgau sowjetische und US-amerikanische Truppen aufeinander. Auf der zerst\u00f6rten Elbbr\u00fccke sch\u00fcttelten sich Russen und Amerikaner die H\u00e4nde. Dieses Bild wurde zum Symbol der alliierten Zusammenarbeit bei der Niederringung des Nationalsozialismus, auch wenn beide Weltm\u00e4chte bald darauf in Konfrontation zueinander stehen sollten.<\/p>\n<p>In sp\u00e4teren Jahren wurde der &#8220;<a rel=\"nofollow noopener\" target=\"_blank\" href=\"https:\/\/de.wikipedia.org\/wiki\/Elbe_Day\">Elbe Day<\/a>&#8221;\u00a0einer der wichtigsten Tage in der Erinnerungskultur des Zweiten Weltkriegs. Noch 2020 (als sich die USA und Russland schon wieder voneinander entfremdet hatten) erinnerten der Kreml und das Wei\u00dfe Haus in einer gemeinsamen <a rel=\"nofollow noopener\" target=\"_blank\" href=\"https:\/\/ru.usembassy.gov\/joint-statement-on-the-meeting-on-the-elbe-anniversary\/\">Erkl\u00e4rung<\/a> an diese Leistung. In diesem Jahr \u2013 zum 80. Jahrestag \u2013 ist das allerdings anders.<\/p>\n<p>Zwar wird in Torgau gro\u00df gefeiert, das US-Konsulat in Leipzig sieht sich\u00a0allerdings\u00a0nicht in der Lage, an der Gedenkzeremonie teilzunehmen. Der Botschafter der Russischen F\u00f6deration, Sergei Netschajew, hat sein Kommen angek\u00fcndigt, doch ihm wird von der Stadt Torgau das Rederecht <a rel=\"nofollow noopener\" target=\"_blank\" href=\"https:\/\/www.torgauerzeitung.de\/lokales\/nordsachsen\/torgau\/elbe-day-in-torgau-russischer-botschafter-netschajew-kommt-ohne-einladung-QX24YDX2WBEKHOYV5GZL7BR7NY.html\">verweigert<\/a>. Und schon allein die Aussicht auf die (stumme) Anwesenheit des russischen Diplomaten hat gereicht, dass die Bundeswehr nunmehr ihre Beteiligung beim Hissen der Fahnen am Gedenkort verweigert. Der ukrainische Botschafter in Deutschland,\u00a0Alexei Makejew, <a rel=\"nofollow noopener\" target=\"_blank\" href=\"https:\/\/www.tagesspiegel.de\/politik\/streit-um-weltkriegsgedenken-ukraine-botschafter-fordert-teilnahmeverbot-fur-russland-in-torgau-13590541.html\">forderte<\/a> sogar ein Teilnahmeverbot f\u00fcr Russland in Torgau.<\/p>\n<p>Der Hintergrund f\u00fcr die Aufregung um den Besuch der russischen Delegation in Torgau d\u00fcrfte wohl in einer geheimen <a rel=\"nofollow noopener\" target=\"_blank\" href=\"https:\/\/freedert.online\/inland\/241609-deutsches-aussenministerium-will-gedenkfeiern-ohne\/\">Handreichung<\/a> des Au\u00dfenministeriums liegen, die in den Landkreisen und Kommunen verschiedener Bundesl\u00e4nder zirkuliert. Die russische Botschaft <a rel=\"nofollow noopener\" target=\"_blank\" href=\"https:\/\/freedert.online\/inland\/243328-offizielle-stellungnahme-russischen-botschaft-zum\/\">protestierte<\/a>\u00a0gegen die Ausgrenzung des Nachfolgestaates der sowjetischen Siegermacht \u2013 dar\u00fcber hinaus blieb der Widerspruch gegen dieses Vorgehen jedoch gering.<\/p>\n<p>Immerhin weigerten sich <a rel=\"nofollow noopener\" target=\"_blank\" href=\"https:\/\/www.tagesschau.de\/inland\/regional\/brandenburg\/rbb-80-jahre-kriegsende-landkreis-und-stadt-erinnern-an-schlacht-auf-den-seelower-hoehen-100.html\">Lokalpolitiker<\/a> beim Gedenken an den Seelower H\u00f6hen, russische und wei\u00dfrussische Offizielle auszuschlie\u00dfen, und bezeichneten das Ansinnen des Ausw\u00e4rtigen Amtes als &#8220;Quatsch&#8221;. Von den Parteien kam Kritik an dieser Ausgrenzungspolitik vor allem vom BSW. Der Berliner Landeschef Alexander King nannte das Vorgehen der deutschen Stellen &#8220;<a rel=\"nofollow noopener\" target=\"_blank\" href=\"https:\/\/www.berliner-zeitung.de\/politik-gesellschaft\/das-ist-armselig-bsw-kritisiert-ausschluss-von-russen-vom-kriegsgedenken-in-berlin-li.2319283\">armselig<\/a>&#8220;. Aber auch die AfD setzte sich f\u00fcr die Teilnahme der Russen am Weltkriegsgedenken ein. So forderte der s\u00e4chsische Landeschef, J\u00f6rg Urban, ein <a rel=\"nofollow noopener\" target=\"_blank\" href=\"https:\/\/afd-fraktion-sachsen.de\/der-russische-botschafter-soll-in-torgau-reden-duerfen\/\">Rederecht<\/a> f\u00fcr den russischen Botschafter bei der Gedenkveranstaltung in Torgau.<\/p>\n<p>Die Atmosph\u00e4re war eisig in Torgau. Die russische Delegation wurde nach hinten gedr\u00e4ngt, die Vertreter der s\u00e4chsischen Landesregierung wandten dem Botschafter Netschajew den R\u00fccken zu. Als Redner zugelassen waren in Torgau lediglich der parteilose Oberb\u00fcrgermeister Henrik Simon, Sachsens Ministerpr\u00e4sident Michael Kretschmer (CDU), der evangelische Regionalbischof Dr. Johann Schneider sowie Dr. Markus Pieper von der &#8220;Stiftung S\u00e4chsische Gedenkst\u00e4tten&#8221;.<\/p>\n<p>B\u00fcrgermeister Simon <a rel=\"nofollow noopener\" target=\"_blank\" href=\"https:\/\/www.youtube.com\/live\/knsHNYPrDCc\">erw\u00e4hnte<\/a> in seiner Begr\u00fc\u00dfung den russischen Botschafter nicht, was schon ein grobe Unh\u00f6flichkeit darstellte. Die anderen Redner nutzten ihr Rederecht zur politischen Instrumentalisierung des Gedenkens, das den russischen und wei\u00dfrussischen Vertretern so gern unterstellt wird.<\/p>\n<figure class=\"RTImage-root\">\n<div class=\"RTImage-image RTImage-original\"><picture class=\"Picture-root Picture-original\"><!--[if IE 9]><video style=\"display: none;\"><![endif]--><source media=\"(-webkit-min-device-pixel-ratio: 2) and (min-resolution: 120dpi)\" data-srcset=\" \nhttps:\/\/now-news.de\/de\/wp-content\/uploads\/sites\/3\/2025\/04\/680bc55e48fbef28df55e4b4.JPG 850w,\n                https:\/\/now-news.de\/de\/wp-content\/uploads\/sites\/3\/2025\/04\/680bc55e48fbef28df55e4b4.JPG 1960w,            \" ><source data-srcset=\" \nhttps:\/\/now-news.de\/de\/wp-content\/uploads\/sites\/3\/2025\/04\/680bc55e48fbef28df55e4b4.JPG 460w,\n              https:\/\/now-news.de\/de\/wp-content\/uploads\/sites\/3\/2025\/04\/680bc55e48fbef28df55e4b4.JPG 980w,\n            \" ><!--[if IE 9]><\/video><![endif]--><img decoding=\"async\" data- src=\"data:image\/png;base64,iVBORw0KGgoAAAANSUhEUgAAABAAAAAJCAQAAACRI2S5AAAAEElEQVR42mNkIAAYRxWAAQAG9gAKqv6+AwAAAABJRU5ErkJggg==\" class=\"Picture-root Picture-original lazyload\" data-src=\"https:\/\/now-news.de\/de\/wp-content\/uploads\/sites\/3\/2025\/04\/680bc55e48fbef28df55e4b4.JPG\" alt=\"\"><\/source><\/source><\/picture><!-- noscript pattern --><noscript><img decoding=\"async\" src=\"https:\/\/now-news.de\/de\/wp-content\/uploads\/sites\/3\/2025\/04\/680bc55e48fbef28df55e4b4.JPG\" alt=\"\"><\/noscript><\/div><figcaption class=\"RTImage-footer\"><span class=\"RTImage-caption\"><span class=\"RTImage-captionItem\">Botschafter Netschajew steht verlassen hinter s\u00e4chsischen Offiziellen und wird als W\u00fcrdentr\u00e4ger vom \u00f6rtlichen B\u00fcrgermeister nicht erw\u00e4hnt<\/span><\/span><span class=\"RTImage-source\"><span class=\"RTImage-captionItem\">Wladislaw Sankin<\/span><\/span><\/figcaption><\/figure>\n<p>Ministerpr\u00e4sident Kretschmer ging zun\u00e4chst auf die Diskussion im <a rel=\"nofollow noopener\" target=\"_blank\" href=\"https:\/\/www.mdr.de\/nachrichten\/sachsen\/landtag-gedenktag-befreiung-100.html\">s\u00e4chsischen Landtag<\/a> um die Bedeutung des 8. Mai als &#8220;Tag der Befreiung&#8221; ein. Dann wandte er sich direkt an Sergei Netschajew. <a rel=\"nofollow noopener\" target=\"_blank\" href=\"https:\/\/www.zeit.de\/news\/2025-04\/25\/ukraine-botschafter-fordert-teilnahmeverbot-fuer-russland\">Er bedauere<\/a>, dass die Botschafter der USA, Polens, Wei\u00dfrusslands, Georgiens und der Ukraine nicht gekommen seien. Aber das l\u00e4ge an seiner \u2013 Netschajews \u2013 Anwesenheit. Russland habe nicht erst 2021 (sic!), sondern bereits 2014 einen v\u00f6lkerrechtswidrigen Krieg gegen die Ukraine begonnen. Es liege ausschlie\u00dflich an Russland, diesen Krieg zu beenden.<\/p>\n<p>Kretschmer spielte zudem in Bezug auf die Verdienste der Roten Armee die ethnische Karte aus und betonte vor allem den Anteil der Ukrainer, Wei\u00dfrussen und Georgier im Kampf gegen Hitler. Auch betonte der CDU-Politiker, dass\u00a0Stalinismus und DDR-&#8220;Diktatur&#8221; gleichwertige \u00dcbel seien wie die Diktatur des Nationalsozialismus.<\/p>\n<p>In einem sp\u00e4teren Interview bekannte Kretschmer auch ganz offen, dass es ihm gerade um die propagandistische Verwendung dieses Gedenktages gegangen sei. Es komme darauf an, die Botschaft mitzugeben, dass Russland der Aggressor sei. Und dass es keine Rechtfertigung f\u00fcr diesen Krieg gebe. Er legte ausdr\u00fccklich Wert darauf, dass dar\u00fcber in Russland ausf\u00fchrlich berichtet werde.<\/p>\n<p>Auf den Hinweis eines russischen Journalisten, dass die deutsche Seite mit dem Gedenken ein welthistorisches Ereignis instrumentalisiert habe, was aus russischer Sicht emp\u00f6rend sei, entgegnete Kretschmer, dass es wichtig sei, dass russische Medien die Wahrheit \u00fcber die Veranstaltung sagen. &#8220;Die Berichterstattung genau so machen, wie es gewesen ist. Das liegt an Ihnen!&#8221;<\/p>\n<p>Regionalbischof Schneider thematisierte in seiner Ansprache zun\u00e4chst die Kirchenspaltung zwischen orthodoxen und westlichen Christen, um dann von einem angeblichen Irrweg der Russisch-Orthodoxen Kirche zu sprechen, den sie nach dem Beginn des russischen Angriffskriegs gegangen sei. Es handele sich um ein Zeugnis der Verachtung des Friedens. Der Bischof rief zum zivilen Widerstand in Russland \u00e0 la Bonhoeffer auf.<\/p>\n<p>Dr. Pieper (&#8220;Stiftung S\u00e4chsische Gedenkst\u00e4tten&#8221;) sprach von &#8220;bedrohlichen Zeiten, die ihren Schatten auch auf den Elbe Day in Torgau&#8221; werfen w\u00fcrden. &#8220;Mit dem \u00dcberfall Russlands auf die Ukraine vor drei Jahren&#8221; sei die Weltordnung an ihr Ende gekommen, an die hier in Torgau erinnert werde. Pieper malte einen neuen, &#8220;einen schrecklichen Handschlag&#8221; aus. Ein Handschlag &#8220;zwischen dem Aggressor in Moskau und dem neuen amerikanischen Pr\u00e4sidenten&#8221;. Es handele sich um ein Zerrbild des Handschlags vom 25. April 1945.<\/p>\n<p>Die Reden wurden immer wieder von Applaus, aber auch von <a rel=\"nofollow noopener\" target=\"_blank\" href=\"https:\/\/www.tz.de\/politik\/kretschmer-an-botschafter-nur-russland-kann-krieg-beenden-zr-93699263.html\">Buhrufen<\/a> unterbrochen.\u00a0Offenbar waren nicht alle Anwesenden mit dem konfrontativen, antirussischen Kurs der Redner einverstanden.\u00a0Trotz des massiven Bruchs des diplomatischen Anstands vonseiten der Gastgeber fielen die Rufe jedoch eher verhalten aus: In dieser ehrw\u00fcrdigen Szenerie konnten die meisten Besucher der Veranstaltung ihrem Unmut \u00fcber den Missbrauch des Gedenkens nur schwer freien Lauf lassen.<\/p>\n<figure class=\"RTImage-root\">\n<div class=\"RTImage-image RTImage-original\"><picture class=\"Picture-root Picture-original\"><!--[if IE 9]><video style=\"display: none;\"><![endif]--><source media=\"(-webkit-min-device-pixel-ratio: 2) and (min-resolution: 120dpi)\" data-srcset=\" \nhttps:\/\/now-news.de\/de\/wp-content\/uploads\/sites\/3\/2025\/04\/680bc63b48fbef28df55e4b7.jpg 850w,\n                https:\/\/now-news.de\/de\/wp-content\/uploads\/sites\/3\/2025\/04\/680bc63b48fbef28df55e4b7.jpg 1960w,            \" ><source data-srcset=\" \nhttps:\/\/now-news.de\/de\/wp-content\/uploads\/sites\/3\/2025\/04\/680bc63b48fbef28df55e4b7.jpg 460w,\n              https:\/\/now-news.de\/de\/wp-content\/uploads\/sites\/3\/2025\/04\/680bc63b48fbef28df55e4b7.jpg 980w,\n            \" ><!--[if IE 9]><\/video><![endif]--><img decoding=\"async\" data- src=\"data:image\/png;base64,iVBORw0KGgoAAAANSUhEUgAAABAAAAAJCAQAAACRI2S5AAAAEElEQVR42mNkIAAYRxWAAQAG9gAKqv6+AwAAAABJRU5ErkJggg==\" class=\"Picture-root Picture-original lazyload\" data-src=\"https:\/\/now-news.de\/de\/wp-content\/uploads\/sites\/3\/2025\/04\/680bc63b48fbef28df55e4b7.jpg\" alt=\"\"><\/source><\/source><\/picture><!-- noscript pattern --><noscript><img decoding=\"async\" src=\"https:\/\/now-news.de\/de\/wp-content\/uploads\/sites\/3\/2025\/04\/680bc63b48fbef28df55e4b7.jpg\" alt=\"\"><\/noscript><\/div><figcaption class=\"RTImage-footer\"><span class=\"RTImage-caption\"><span class=\"RTImage-captionItem\">Ein L\u00e4cheln zum Abschied: Der russische Botschafter kurz vor dem Verlassen des Ortes. Die n\u00e4chsten Stationen: Strehla und ein sowjetischer Soldatenfriedhof.<\/span><\/span><span class=\"RTImage-source\"><span class=\"RTImage-captionItem\">Wladislaw Sankin<\/span><\/span><\/figcaption><\/figure>\n<p>Fast die gesamte Redezeit stand Russland als unsichtbarer Dritter im Raum, w\u00e4hrend seinem offiziellen Vertreter nicht einmal die Hand gereicht wurde (fast unsichtbar von den Beobachtern hat Kretschmer dies anscheinend doch getan, aber sehr kurz und trocken). Damit wurde die Gedenkzeremonie zu einer \u00f6ffentlichen Dem\u00fctigung eines ganzen Landes und der offiziellen Erben der Befreier vom Hitler-Faschismus.\u00a0<\/p>\n<p>Im Anschluss an die Veranstaltung dr\u00fcckten viele versammelte deutsche B\u00fcrger ihre Solidarit\u00e4t mit dem russischen Botschafter aus. Ein \u00e4lterer Herr \u00e4u\u00dferte seinen Abscheu vor den Verbrechen des ukrainischen Faschisten und Nazikollaborateurs Stepan Bandera.<\/p>\n<p>Der AfD-Bundestagsabgeordnete <a rel=\"nofollow noopener\" target=\"_blank\" href=\"https:\/\/www.facebook.com\/photo\/?fbid=1008410214728909&amp;set=pcb.1008410621395535\">Steffen Janich<\/a>, der ebenfalls in Torgau zugegen war, sprach in einer kurzen Stellungnahme auf Facebook von &#8220;untragbaren Zust\u00e4nden im Rahmen dieses Gedenkens&#8221;. Ministerpr\u00e4sident Kretschmer habe den russischen Botschafter in seiner Rede regelrecht angegriffen.<\/p>\n<p>Die Veranstaltung fand am &#8220;Denkmal der Begegnung&#8221; statt. So, wie die Gedenkveranstaltung ablief, erinnerte sie nicht an den freundschaftlichen Handschlag von vor 80 Jahren. Vielmehr glich sie einer geh\u00e4ssigen Konfrontation, mit dem russischen Botschafter als armem S\u00fcnder, der sich aufgrund des \u00fcber ihn verh\u00e4ngten Maulkorbs nicht zur Wehr setzen konnte. Ihm blieb nichts weiter \u00fcbrig, als das \u00fcble Spiel mit W\u00fcrde zu ertragen. Von &#8220;Begegnung&#8221; war keine Rede. So macht das Gedenken an den &#8220;Elbe-Tag&#8221; keinen Sinn mehr.<\/p>\n<p><strong>Mehr zum Thema<\/strong>\u00a0\u2012 <a rel=\"nofollow noopener\" target=\"_blank\" href=\"https:\/\/freedert.online\/inland\/242699-gedenkstaette-seelower-hoehen-zensiert-befreiung\/\">Gedenkst\u00e4tte Seelower H\u00f6hen zensiert \u2013 &#8220;Befreiung&#8221; aus der Inschrift entfernt<\/a><\/p>\n<\/p>\n<\/div>\n<p><br \/>\n<br \/><a href=\"https:\/\/de.rt.com\/inland\/243366-nach-ausgrenzung-kommt-degemuetigung-russischer-botschafter-wird-elbe-tag-massiv-attackiert\/\">Source link <\/a><\/p>\n","protected":false},"excerpt":{"rendered":"<p>Das 80. Jubil\u00e4um des Treffens der Roten Armee und der US-Army an der Elbe wurde von der s\u00e4chsischen Regierung zu einer Propaganda-Attacke missbraucht. Der anwesende Botschafter Russlands hat w\u00e4hrend der Veranstaltung viel aushalten m\u00fcssen. Von Wladislaw Sankin Am 25. April 1945, in der Endphase des Zweiten Weltkriegs, trafen in der s\u00e4chsischen Stadt Torgau sowjetische und [&hellip;]<\/p>\n","protected":false},"author":3,"featured_media":82767,"comment_status":"open","ping_status":"open","sticky":false,"template":"","format":"standard","meta":{"_yoast_indexnow_last_ping":["1745612878"],"wp_automatic_camp":["217"],"73a7254329bc620382bc1e45458098ef":["Nach Ausgrenzung kommt Dem\u00fctigung: Russischer Botschafter wird am Elbe-Tag massiv attackiert"],"original_link":["https:\/\/de.rt.com\/inland\/243366-nach-ausgrenzung-kommt-degemuetigung-russischer-botschafter-wird-elbe-tag-massiv-attackiert\/"],"_thumbnail_id":["82767"],"jnews_social_counter_last_update":["1777346580"],"_wptgpro_p2tg_sent2tg":["a:1:{i:23737;s:19:\"2025-04-25 22:29:07\";}"]},"categories":[19,23],"tags":[19082,54850,4992,25921,64545,310,19905,979,793,374],"yoast_head":"<!-- This site is optimized with the Yoast SEO Premium plugin v22.7 (Yoast SEO v22.7) - https:\/\/yoast.com\/wordpress\/plugins\/seo\/ -->\n<title>Nach Ausgrenzung kommt Dem\u00fctigung: Russischer Botschafter wird am Elbe-Tag massiv attackiert - just-now.NEWS Deutschland<\/title>\n<meta name=\"robots\" content=\"index, follow, max-snippet:-1, max-image-preview:large, max-video-preview:-1\" \/>\n<link rel=\"canonical\" href=\"https:\/\/now-news.de\/de\/deutschland\/nach-ausgrenzung-kommt-demuetigung-russischer-botschafter-wird-am-elbe-tag-massiv-attackiert\/\" \/>\n<meta property=\"og:locale\" content=\"de_DE\" \/>\n<meta property=\"og:type\" content=\"article\" \/>\n<meta property=\"og:title\" content=\"Nach Ausgrenzung kommt Dem\u00fctigung: Russischer Botschafter wird am Elbe-Tag massiv attackiert\" \/>\n<meta property=\"og:description\" content=\"Das 80. Jubil\u00e4um des Treffens der Roten Armee und der US-Army an der Elbe wurde von der s\u00e4chsischen Regierung zu einer Propaganda-Attacke missbraucht. Der anwesende Botschafter Russlands hat w\u00e4hrend der Veranstaltung viel aushalten m\u00fcssen. Von Wladislaw Sankin Am 25. April 1945, in der Endphase des Zweiten Weltkriegs, trafen in der s\u00e4chsischen Stadt Torgau sowjetische und [&hellip;]\" \/>\n<meta property=\"og:url\" content=\"https:\/\/now-news.de\/de\/deutschland\/nach-ausgrenzung-kommt-demuetigung-russischer-botschafter-wird-am-elbe-tag-massiv-attackiert\/\" \/>\n<meta property=\"og:site_name\" content=\"just-now.NEWS Deutschland\" \/>\n<meta property=\"article:publisher\" content=\"https:\/\/www.facebook.com\/wirmachenauf\" \/>\n<meta property=\"article:published_time\" content=\"2025-04-25T20:00:41+00:00\" \/>\n<meta property=\"og:image\" content=\"https:\/\/now-news.de\/de\/wp-content\/uploads\/sites\/3\/2025\/04\/680bc55e48fbef28df55e4b4.JPG\" \/>\n<meta name=\"author\" content=\"rtnews\" \/>\n<meta name=\"twitter:card\" content=\"summary_large_image\" \/>\n<meta name=\"twitter:creator\" content=\"@WirMachenAuf_de\" \/>\n<meta name=\"twitter:site\" content=\"@WirMachenAuf_de\" \/>\n<meta name=\"twitter:label1\" content=\"Verfasst von\" \/>\n\t<meta name=\"twitter:data1\" content=\"rtnews\" \/>\n\t<meta name=\"twitter:label2\" content=\"Gesch\u00e4tzte Lesezeit\" \/>\n\t<meta name=\"twitter:data2\" content=\"6\u00a0Minuten\" \/>\n<script type=\"application\/ld+json\" class=\"yoast-schema-graph\">{\"@context\":\"https:\/\/schema.org\",\"@graph\":[{\"@type\":\"Article\",\"@id\":\"https:\/\/now-news.de\/de\/deutschland\/nach-ausgrenzung-kommt-demuetigung-russischer-botschafter-wird-am-elbe-tag-massiv-attackiert\/#article\",\"isPartOf\":{\"@id\":\"https:\/\/now-news.de\/de\/deutschland\/nach-ausgrenzung-kommt-demuetigung-russischer-botschafter-wird-am-elbe-tag-massiv-attackiert\/\"},\"author\":{\"name\":\"rtnews\",\"@id\":\"https:\/\/now-news.de\/de\/#\/schema\/person\/fb534a4e865501d8b3285208df34a9b5\"},\"headline\":\"Nach Ausgrenzung kommt Dem\u00fctigung: Russischer Botschafter wird am Elbe-Tag massiv attackiert\",\"datePublished\":\"2025-04-25T20:00:41+00:00\",\"dateModified\":\"2025-04-25T20:00:41+00:00\",\"mainEntityOfPage\":{\"@id\":\"https:\/\/now-news.de\/de\/deutschland\/nach-ausgrenzung-kommt-demuetigung-russischer-botschafter-wird-am-elbe-tag-massiv-attackiert\/\"},\"wordCount\":1227,\"commentCount\":0,\"publisher\":{\"@id\":\"https:\/\/now-news.de\/de\/#organization\"},\"image\":{\"@id\":\"https:\/\/now-news.de\/de\/deutschland\/nach-ausgrenzung-kommt-demuetigung-russischer-botschafter-wird-am-elbe-tag-massiv-attackiert\/#primaryimage\"},\"thumbnailUrl\":\"https:\/\/now-news.de\/de\/wp-content\/uploads\/sites\/3\/2025\/04\/Nach-Ausgrenzung-kommt-Demuetigung-Russischer-Botschafter-wird-am-Elbe-Tag-massiv.JPG\",\"keywords\":[\"attackiert\",\"Ausgrenzung\",\"Botschafter\",\"Dem\u00fctigung\",\"ElbeTag\",\"kommt\",\"massiv\",\"nach\",\"Russischer\",\"wird\"],\"articleSection\":[\"Deutschland\",\"Russland\"],\"inLanguage\":\"de\",\"potentialAction\":[{\"@type\":\"CommentAction\",\"name\":\"Comment\",\"target\":[\"https:\/\/now-news.de\/de\/deutschland\/nach-ausgrenzung-kommt-demuetigung-russischer-botschafter-wird-am-elbe-tag-massiv-attackiert\/#respond\"]}]},{\"@type\":\"WebPage\",\"@id\":\"https:\/\/now-news.de\/de\/deutschland\/nach-ausgrenzung-kommt-demuetigung-russischer-botschafter-wird-am-elbe-tag-massiv-attackiert\/\",\"url\":\"https:\/\/now-news.de\/de\/deutschland\/nach-ausgrenzung-kommt-demuetigung-russischer-botschafter-wird-am-elbe-tag-massiv-attackiert\/\",\"name\":\"Nach Ausgrenzung kommt Dem\u00fctigung: Russischer Botschafter wird am Elbe-Tag massiv attackiert - just-now.NEWS Deutschland\",\"isPartOf\":{\"@id\":\"https:\/\/now-news.de\/de\/#website\"},\"primaryImageOfPage\":{\"@id\":\"https:\/\/now-news.de\/de\/deutschland\/nach-ausgrenzung-kommt-demuetigung-russischer-botschafter-wird-am-elbe-tag-massiv-attackiert\/#primaryimage\"},\"image\":{\"@id\":\"https:\/\/now-news.de\/de\/deutschland\/nach-ausgrenzung-kommt-demuetigung-russischer-botschafter-wird-am-elbe-tag-massiv-attackiert\/#primaryimage\"},\"thumbnailUrl\":\"https:\/\/now-news.de\/de\/wp-content\/uploads\/sites\/3\/2025\/04\/Nach-Ausgrenzung-kommt-Demuetigung-Russischer-Botschafter-wird-am-Elbe-Tag-massiv.JPG\",\"datePublished\":\"2025-04-25T20:00:41+00:00\",\"dateModified\":\"2025-04-25T20:00:41+00:00\",\"breadcrumb\":{\"@id\":\"https:\/\/now-news.de\/de\/deutschland\/nach-ausgrenzung-kommt-demuetigung-russischer-botschafter-wird-am-elbe-tag-massiv-attackiert\/#breadcrumb\"},\"inLanguage\":\"de\",\"potentialAction\":[{\"@type\":\"ReadAction\",\"target\":[\"https:\/\/now-news.de\/de\/deutschland\/nach-ausgrenzung-kommt-demuetigung-russischer-botschafter-wird-am-elbe-tag-massiv-attackiert\/\"]}]},{\"@type\":\"ImageObject\",\"inLanguage\":\"de\",\"@id\":\"https:\/\/now-news.de\/de\/deutschland\/nach-ausgrenzung-kommt-demuetigung-russischer-botschafter-wird-am-elbe-tag-massiv-attackiert\/#primaryimage\",\"url\":\"https:\/\/now-news.de\/de\/wp-content\/uploads\/sites\/3\/2025\/04\/Nach-Ausgrenzung-kommt-Demuetigung-Russischer-Botschafter-wird-am-Elbe-Tag-massiv.JPG\",\"contentUrl\":\"https:\/\/now-news.de\/de\/wp-content\/uploads\/sites\/3\/2025\/04\/Nach-Ausgrenzung-kommt-Demuetigung-Russischer-Botschafter-wird-am-Elbe-Tag-massiv.JPG\",\"width\":1887,\"height\":985,\"caption\":\"Nach Ausgrenzung kommt Dem\u00fctigung: Russischer Botschafter wird am Elbe-Tag massiv attackiert\"},{\"@type\":\"BreadcrumbList\",\"@id\":\"https:\/\/now-news.de\/de\/deutschland\/nach-ausgrenzung-kommt-demuetigung-russischer-botschafter-wird-am-elbe-tag-massiv-attackiert\/#breadcrumb\",\"itemListElement\":[{\"@type\":\"ListItem\",\"position\":1,\"name\":\"Home\",\"item\":\"https:\/\/now-news.de\/de\/\"},{\"@type\":\"ListItem\",\"position\":2,\"name\":\"Nach Ausgrenzung kommt Dem\u00fctigung: Russischer Botschafter wird am Elbe-Tag massiv attackiert\"}]},{\"@type\":\"WebSite\",\"@id\":\"https:\/\/now-news.de\/de\/#website\",\"url\":\"https:\/\/now-news.de\/de\/\",\"name\":\"just-now.NEWS Deutschland\",\"description\":\"Das Portal f\u00fcr unzensierte Nachrichten aus der Welt\",\"publisher\":{\"@id\":\"https:\/\/now-news.de\/de\/#organization\"},\"potentialAction\":[{\"@type\":\"SearchAction\",\"target\":{\"@type\":\"EntryPoint\",\"urlTemplate\":\"https:\/\/now-news.de\/de\/?s={search_term_string}\"},\"query-input\":\"required name=search_term_string\"}],\"inLanguage\":\"de\"},{\"@type\":\"Organization\",\"@id\":\"https:\/\/now-news.de\/de\/#organization\",\"name\":\"Just Now News\",\"url\":\"https:\/\/now-news.de\/de\/\",\"logo\":{\"@type\":\"ImageObject\",\"inLanguage\":\"de\",\"@id\":\"https:\/\/now-news.de\/de\/#\/schema\/logo\/image\/\",\"url\":\"http:\/\/just-now.news\/de\/wp-content\/uploads\/sites\/3\/2022\/04\/logo500x500.jpg\",\"contentUrl\":\"http:\/\/just-now.news\/de\/wp-content\/uploads\/sites\/3\/2022\/04\/logo500x500.jpg\",\"width\":500,\"height\":500,\"caption\":\"Just Now News\"},\"image\":{\"@id\":\"https:\/\/now-news.de\/de\/#\/schema\/logo\/image\/\"},\"sameAs\":[\"https:\/\/www.facebook.com\/wirmachenauf\",\"https:\/\/x.com\/WirMachenAuf_de\"]},{\"@type\":\"Person\",\"@id\":\"https:\/\/now-news.de\/de\/#\/schema\/person\/fb534a4e865501d8b3285208df34a9b5\",\"name\":\"rtnews\",\"image\":{\"@type\":\"ImageObject\",\"inLanguage\":\"de\",\"@id\":\"https:\/\/now-news.de\/de\/#\/schema\/person\/image\/\",\"url\":\"https:\/\/secure.gravatar.com\/avatar\/82aafea7d8127119dd649515f56e2117?s=96&d=mm&r=g\",\"contentUrl\":\"https:\/\/secure.gravatar.com\/avatar\/82aafea7d8127119dd649515f56e2117?s=96&d=mm&r=g\",\"caption\":\"rtnews\"},\"url\":\"https:\/\/now-news.de\/de\/author\/rnews\/\"}]}<\/script>\n<!-- \/ Yoast SEO Premium plugin. -->","yoast_head_json":{"title":"Nach Ausgrenzung kommt Dem\u00fctigung: Russischer Botschafter wird am Elbe-Tag massiv attackiert - just-now.NEWS Deutschland","robots":{"index":"index","follow":"follow","max-snippet":"max-snippet:-1","max-image-preview":"max-image-preview:large","max-video-preview":"max-video-preview:-1"},"canonical":"https:\/\/now-news.de\/de\/deutschland\/nach-ausgrenzung-kommt-demuetigung-russischer-botschafter-wird-am-elbe-tag-massiv-attackiert\/","og_locale":"de_DE","og_type":"article","og_title":"Nach Ausgrenzung kommt Dem\u00fctigung: Russischer Botschafter wird am Elbe-Tag massiv attackiert","og_description":"Das 80. Jubil\u00e4um des Treffens der Roten Armee und der US-Army an der Elbe wurde von der s\u00e4chsischen Regierung zu einer Propaganda-Attacke missbraucht. Der anwesende Botschafter Russlands hat w\u00e4hrend der Veranstaltung viel aushalten m\u00fcssen. Von Wladislaw Sankin Am 25. April 1945, in der Endphase des Zweiten Weltkriegs, trafen in der s\u00e4chsischen Stadt Torgau sowjetische und [&hellip;]","og_url":"https:\/\/now-news.de\/de\/deutschland\/nach-ausgrenzung-kommt-demuetigung-russischer-botschafter-wird-am-elbe-tag-massiv-attackiert\/","og_site_name":"just-now.NEWS Deutschland","article_publisher":"https:\/\/www.facebook.com\/wirmachenauf","article_published_time":"2025-04-25T20:00:41+00:00","og_image":[{"url":"https:\/\/now-news.de\/de\/wp-content\/uploads\/sites\/3\/2025\/04\/680bc55e48fbef28df55e4b4.JPG"}],"author":"rtnews","twitter_card":"summary_large_image","twitter_creator":"@WirMachenAuf_de","twitter_site":"@WirMachenAuf_de","twitter_misc":{"Verfasst von":"rtnews","Gesch\u00e4tzte Lesezeit":"6\u00a0Minuten"},"schema":{"@context":"https:\/\/schema.org","@graph":[{"@type":"Article","@id":"https:\/\/now-news.de\/de\/deutschland\/nach-ausgrenzung-kommt-demuetigung-russischer-botschafter-wird-am-elbe-tag-massiv-attackiert\/#article","isPartOf":{"@id":"https:\/\/now-news.de\/de\/deutschland\/nach-ausgrenzung-kommt-demuetigung-russischer-botschafter-wird-am-elbe-tag-massiv-attackiert\/"},"author":{"name":"rtnews","@id":"https:\/\/now-news.de\/de\/#\/schema\/person\/fb534a4e865501d8b3285208df34a9b5"},"headline":"Nach Ausgrenzung kommt Dem\u00fctigung: Russischer Botschafter wird am Elbe-Tag massiv attackiert","datePublished":"2025-04-25T20:00:41+00:00","dateModified":"2025-04-25T20:00:41+00:00","mainEntityOfPage":{"@id":"https:\/\/now-news.de\/de\/deutschland\/nach-ausgrenzung-kommt-demuetigung-russischer-botschafter-wird-am-elbe-tag-massiv-attackiert\/"},"wordCount":1227,"commentCount":0,"publisher":{"@id":"https:\/\/now-news.de\/de\/#organization"},"image":{"@id":"https:\/\/now-news.de\/de\/deutschland\/nach-ausgrenzung-kommt-demuetigung-russischer-botschafter-wird-am-elbe-tag-massiv-attackiert\/#primaryimage"},"thumbnailUrl":"https:\/\/now-news.de\/de\/wp-content\/uploads\/sites\/3\/2025\/04\/Nach-Ausgrenzung-kommt-Demuetigung-Russischer-Botschafter-wird-am-Elbe-Tag-massiv.JPG","keywords":["attackiert","Ausgrenzung","Botschafter","Dem\u00fctigung","ElbeTag","kommt","massiv","nach","Russischer","wird"],"articleSection":["Deutschland","Russland"],"inLanguage":"de","potentialAction":[{"@type":"CommentAction","name":"Comment","target":["https:\/\/now-news.de\/de\/deutschland\/nach-ausgrenzung-kommt-demuetigung-russischer-botschafter-wird-am-elbe-tag-massiv-attackiert\/#respond"]}]},{"@type":"WebPage","@id":"https:\/\/now-news.de\/de\/deutschland\/nach-ausgrenzung-kommt-demuetigung-russischer-botschafter-wird-am-elbe-tag-massiv-attackiert\/","url":"https:\/\/now-news.de\/de\/deutschland\/nach-ausgrenzung-kommt-demuetigung-russischer-botschafter-wird-am-elbe-tag-massiv-attackiert\/","name":"Nach Ausgrenzung kommt Dem\u00fctigung: Russischer Botschafter wird am Elbe-Tag massiv attackiert - just-now.NEWS Deutschland","isPartOf":{"@id":"https:\/\/now-news.de\/de\/#website"},"primaryImageOfPage":{"@id":"https:\/\/now-news.de\/de\/deutschland\/nach-ausgrenzung-kommt-demuetigung-russischer-botschafter-wird-am-elbe-tag-massiv-attackiert\/#primaryimage"},"image":{"@id":"https:\/\/now-news.de\/de\/deutschland\/nach-ausgrenzung-kommt-demuetigung-russischer-botschafter-wird-am-elbe-tag-massiv-attackiert\/#primaryimage"},"thumbnailUrl":"https:\/\/now-news.de\/de\/wp-content\/uploads\/sites\/3\/2025\/04\/Nach-Ausgrenzung-kommt-Demuetigung-Russischer-Botschafter-wird-am-Elbe-Tag-massiv.JPG","datePublished":"2025-04-25T20:00:41+00:00","dateModified":"2025-04-25T20:00:41+00:00","breadcrumb":{"@id":"https:\/\/now-news.de\/de\/deutschland\/nach-ausgrenzung-kommt-demuetigung-russischer-botschafter-wird-am-elbe-tag-massiv-attackiert\/#breadcrumb"},"inLanguage":"de","potentialAction":[{"@type":"ReadAction","target":["https:\/\/now-news.de\/de\/deutschland\/nach-ausgrenzung-kommt-demuetigung-russischer-botschafter-wird-am-elbe-tag-massiv-attackiert\/"]}]},{"@type":"ImageObject","inLanguage":"de","@id":"https:\/\/now-news.de\/de\/deutschland\/nach-ausgrenzung-kommt-demuetigung-russischer-botschafter-wird-am-elbe-tag-massiv-attackiert\/#primaryimage","url":"https:\/\/now-news.de\/de\/wp-content\/uploads\/sites\/3\/2025\/04\/Nach-Ausgrenzung-kommt-Demuetigung-Russischer-Botschafter-wird-am-Elbe-Tag-massiv.JPG","contentUrl":"https:\/\/now-news.de\/de\/wp-content\/uploads\/sites\/3\/2025\/04\/Nach-Ausgrenzung-kommt-Demuetigung-Russischer-Botschafter-wird-am-Elbe-Tag-massiv.JPG","width":1887,"height":985,"caption":"Nach Ausgrenzung kommt Dem\u00fctigung: Russischer Botschafter wird am Elbe-Tag massiv attackiert"},{"@type":"BreadcrumbList","@id":"https:\/\/now-news.de\/de\/deutschland\/nach-ausgrenzung-kommt-demuetigung-russischer-botschafter-wird-am-elbe-tag-massiv-attackiert\/#breadcrumb","itemListElement":[{"@type":"ListItem","position":1,"name":"Home","item":"https:\/\/now-news.de\/de\/"},{"@type":"ListItem","position":2,"name":"Nach Ausgrenzung kommt Dem\u00fctigung: Russischer Botschafter wird am Elbe-Tag massiv attackiert"}]},{"@type":"WebSite","@id":"https:\/\/now-news.de\/de\/#website","url":"https:\/\/now-news.de\/de\/","name":"just-now.NEWS Deutschland","description":"Das Portal f\u00fcr unzensierte Nachrichten aus der Welt","publisher":{"@id":"https:\/\/now-news.de\/de\/#organization"},"potentialAction":[{"@type":"SearchAction","target":{"@type":"EntryPoint","urlTemplate":"https:\/\/now-news.de\/de\/?s={search_term_string}"},"query-input":"required name=search_term_string"}],"inLanguage":"de"},{"@type":"Organization","@id":"https:\/\/now-news.de\/de\/#organization","name":"Just Now News","url":"https:\/\/now-news.de\/de\/","logo":{"@type":"ImageObject","inLanguage":"de","@id":"https:\/\/now-news.de\/de\/#\/schema\/logo\/image\/","url":"http:\/\/just-now.news\/de\/wp-content\/uploads\/sites\/3\/2022\/04\/logo500x500.jpg","contentUrl":"http:\/\/just-now.news\/de\/wp-content\/uploads\/sites\/3\/2022\/04\/logo500x500.jpg","width":500,"height":500,"caption":"Just Now News"},"image":{"@id":"https:\/\/now-news.de\/de\/#\/schema\/logo\/image\/"},"sameAs":["https:\/\/www.facebook.com\/wirmachenauf","https:\/\/x.com\/WirMachenAuf_de"]},{"@type":"Person","@id":"https:\/\/now-news.de\/de\/#\/schema\/person\/fb534a4e865501d8b3285208df34a9b5","name":"rtnews","image":{"@type":"ImageObject","inLanguage":"de","@id":"https:\/\/now-news.de\/de\/#\/schema\/person\/image\/","url":"https:\/\/secure.gravatar.com\/avatar\/82aafea7d8127119dd649515f56e2117?s=96&d=mm&r=g","contentUrl":"https:\/\/secure.gravatar.com\/avatar\/82aafea7d8127119dd649515f56e2117?s=96&d=mm&r=g","caption":"rtnews"},"url":"https:\/\/now-news.de\/de\/author\/rnews\/"}]}},"_links":{"self":[{"href":"https:\/\/now-news.de\/de\/wp-json\/wp\/v2\/posts\/82766"}],"collection":[{"href":"https:\/\/now-news.de\/de\/wp-json\/wp\/v2\/posts"}],"about":[{"href":"https:\/\/now-news.de\/de\/wp-json\/wp\/v2\/types\/post"}],"author":[{"embeddable":true,"href":"https:\/\/now-news.de\/de\/wp-json\/wp\/v2\/users\/3"}],"replies":[{"embeddable":true,"href":"https:\/\/now-news.de\/de\/wp-json\/wp\/v2\/comments?post=82766"}],"version-history":[{"count":0,"href":"https:\/\/now-news.de\/de\/wp-json\/wp\/v2\/posts\/82766\/revisions"}],"wp:featuredmedia":[{"embeddable":true,"href":"https:\/\/now-news.de\/de\/wp-json\/wp\/v2\/media\/82767"}],"wp:attachment":[{"href":"https:\/\/now-news.de\/de\/wp-json\/wp\/v2\/media?parent=82766"}],"wp:term":[{"taxonomy":"category","embeddable":true,"href":"https:\/\/now-news.de\/de\/wp-json\/wp\/v2\/categories?post=82766"},{"taxonomy":"post_tag","embeddable":true,"href":"https:\/\/now-news.de\/de\/wp-json\/wp\/v2\/tags?post=82766"}],"curies":[{"name":"wp","href":"https:\/\/api.w.org\/{rel}","templated":true}]}}