{"id":82694,"date":"2025-04-24T19:31:25","date_gmt":"2025-04-24T17:31:25","guid":{"rendered":"https:\/\/now-news.de\/de\/deutschland\/niederlaendischer-parlamentspraesident-und-frankreichs-botschafter-plausch-ueber-die-teilung-belgiens\/"},"modified":"2025-04-24T19:31:25","modified_gmt":"2025-04-24T17:31:25","slug":"niederlaendischer-parlamentspraesident-und-frankreichs-botschafter-plausch-ueber-die-teilung-belgiens","status":"publish","type":"post","link":"https:\/\/now-news.de\/de\/deutschland\/niederlaendischer-parlamentspraesident-und-frankreichs-botschafter-plausch-ueber-die-teilung-belgiens\/","title":{"rendered":"Niederl\u00e4ndischer Parlamentspr\u00e4sident und Frankreichs Botschafter: Plausch \u00fcber die Teilung Belgiens"},"content":{"rendered":"<p><img decoding=\"async\" src=\"https:\/\/now-news.de\/de\/wp-content\/uploads\/sites\/3\/2025\/04\/680a4c1948fbef28e055d100.jpg\" \/><\/p>\n<div class=\"Text-root Text-type_1 \">\n                Das Erstaunlichste ist eigentlich, dass diese Szene in Belgien keine laute Emp\u00f6rung ausl\u00f6ste. Schlie\u00dflich redeten hier die Vertreter zweier Nachbarl\u00e4nder dar\u00fcber, das Land aufzuteilen. Aber Belgien ist in sich tief zerrissen.\n            <\/div>\n<p><\/p>\n<div class=\"Text-root Text-type_5 ArticleView-text ViewText-root \">\n<p>Die Meldung klingt wie eine unfreundliche Version der Teilung einer Torte auf einem Kindergeburtstag. Der Pr\u00e4sident des Parlaments der Niederlande, Martin Bosma, soll nach Informationen der holl\u00e4ndischen Zeitung NRV auf einem Abendessen mit dem franz\u00f6sischen Botschafter vorgeschlagen haben, Belgien zu teilen.<\/p>\n<blockquote>\n<p>&#8220;Die Niederlande wollen, dass Flandern sich ihnen anschlie\u00dft. Wallonien kann dann zu Frankreich gehen.&#8221;<\/p>\n<\/blockquote>\n<p>Auch wenn der Botschafter verbl\u00fcfft gewesen sein soll \u2013 Belgien, und zwar der fl\u00e4mische wie der wallonische Landesteil, hatten sich 1830 durch eine Revolution von den Niederlanden getrennt \u2013 ist das kein Scherz, wenn man ber\u00fccksichtigt, wer es gesagt hat. Martin Bosma geh\u00f6rt zur FVV von Geert Wilders, die bei den letzten Wahlen in den Niederlanden st\u00e4rkste Partei wurde und nun an der Spitze der Regierung in Den Haag steht.<\/p>\n<p>Bosma widersprach den Berichten nicht, sondern erkl\u00e4rte gegen\u00fcber einer belgischen Zeitung, La Libre, nur: &#8220;Auf so einer Party reden wir \u00fcber Politik und, ja, \u00fcber Dinge, die m\u00f6glicherweise geschehen k\u00f6nnten.&#8221;<\/p>\n<p>Was der franz\u00f6sische Figaro damit erg\u00e4nzte, auch die belgische Partei Vlaams Belang vertr\u00e4te diese Vorstellung. Und die Partei des derzeitigen belgischen Ministerpr\u00e4sidenten, Bart De Wever, habe in den Statuten die Schaffung einer fl\u00e4mischen Republik festgeschrieben, und er selbst habe sich bereits ge\u00e4u\u00dfert, dass Flandern zu den Niederlanden zur\u00fcckkehren sollte.<\/p>\n<p>De Wevers Partei N-VA war bei den Wahlen im Juni 2024 mit 16,9 Prozent st\u00e4rkste Partei; der ebenso fl\u00e4misch-nationalistische Vlaams Belang erreichte mit 14,0 Prozent den zweiten Platz, ist aber nicht in der Regierung vertreten. Die Regierungsbildung hatte sieben Monate gedauert; f\u00fcr Belgien nicht ungew\u00f6hnlich, da der Proporz zwischen dem fl\u00e4misch sprechenden Norden und dem franz\u00f6sisch sprechenden Wallonien eingehalten werden muss.<\/p>\n<p>Die von Wilders gegr\u00fcndete PVV stellt in den Niederlanden ebenfalls die st\u00e4rkste Fraktion mit 23,5 Prozent; Wilders selbst hatte nach den Wahlen 2023 auf eine Regierungsposition verzichtet, um eine Regierungsbildung zu erm\u00f6glichen.<\/p>\n<p>Jahrzehntelang war der nach Frankreich orientierte S\u00fcden die wirtschaftsst\u00e4rkere Region Belgiens gewesen, mit Kohlebergwerken und Stahlindustrie; mittlerweile sind die fl\u00e4mischen Regionen wohlhabender, unter anderem durch den Hafen von Antwerpen, und die dortige Bev\u00f6lkerung neigt zur Abtrennung. Wie genau sich die beiden Sprachgruppen verteilen, wei\u00df niemand \u2013 als 1962 die Grenze zwischen den beiden Sprachregionen festgelegt wurde, wurden gleichzeitig Erfassungen der gesprochenen Sprache verboten.<\/p>\n<p>Die Hauptstadt Br\u00fcssel liegt im fl\u00e4mischen Belgien, gilt aber als zweisprachige, eigene Region. W\u00fcrde das Geplauder Bosmas zur Realit\u00e4t, f\u00e4nde sich die EU-B\u00fcrokratie pl\u00f6tzlich in den Niederlanden wieder, in einer zur Provinzstadt abgestiegenen ehemaligen belgischen Hauptstadt.<\/p>\n<p>Nicht nur die andere Verteilung des Wohlstands h\u00e4tte in fr\u00fcheren Jahrzehnten derartigen \u00dcberlegungen entgegengestanden \u2013 auch der fl\u00e4mische Teil Belgiens ist weit \u00fcberwiegend katholisch, w\u00e4hrend die Niederlande historisch mehrheitlich protestantisch waren. In den letzten Jahrzehnten ist aber der Anteil beider christlicher Konfessionen dort deutlich gesunken; 58 Prozent der Niederl\u00e4nder bezeichnen sich mittlerweile als konfessionslos, wie auch die Mehrheit der Belgier.<\/p>\n<p><strong>Mehr zum Thema<\/strong> &#8211;\u00a0<a rel=\"nofollow noopener\" target=\"_blank\" href=\"https:\/\/freedert.online\/international\/239339-niederlande-kippen-eu-aufruestungsplan\/\">Niederlande: Parlament lehnt EU-Aufr\u00fcstungsplan ab<\/a><\/p>\n<div class=\"EmbedBlock-root EmbedBlock-externalVideo EmbedBlock-rumble\">\n<div class=\"VkEmbed\"><iframe class=\"lazyload\" data-src=\"https:\/\/rumble.com\/embed\/v6q0qyb\" frameborder=\"0\" width=\"853\" height=\"480\" allowfullscreen><\/iframe><\/div>\n<\/div>\n<\/div>\n<p><br \/>\n<br \/><a href=\"https:\/\/de.rt.com\/europa\/243286-niederlaendischer-parlamentspraesident-plauschte-mit-frankreichs\/\">Source link <\/a><\/p>\n","protected":false},"excerpt":{"rendered":"<p>Das Erstaunlichste ist eigentlich, dass diese Szene in Belgien keine laute Emp\u00f6rung ausl\u00f6ste. Schlie\u00dflich redeten hier die Vertreter zweier Nachbarl\u00e4nder dar\u00fcber, das Land aufzuteilen. Aber Belgien ist in sich tief zerrissen. Die Meldung klingt wie eine unfreundliche Version der Teilung einer Torte auf einem Kindergeburtstag. Der Pr\u00e4sident des Parlaments der Niederlande, Martin Bosma, soll nach [&hellip;]<\/p>\n","protected":false},"author":3,"featured_media":82695,"comment_status":"open","ping_status":"open","sticky":false,"template":"","format":"standard","meta":{"_yoast_indexnow_last_ping":["1745516634"],"wp_automatic_camp":["217"],"756d65906f4e5b7a1ad00c9aaae777b7":["Niederl\u00e4ndischer Parlamentspr\u00e4sident und Frankreichs Botschafter: Plausch \u00fcber die Teilung Belgiens"],"original_link":["https:\/\/de.rt.com\/europa\/243286-niederlaendischer-parlamentspraesident-plauschte-mit-frankreichs\/"],"_thumbnail_id":["82695"],"jnews_social_counter_last_update":["1777562215"],"_wptgpro_p2tg_sent2tg":["a:1:{i:23737;s:19:\"2025-04-24 19:44:55\";}"]},"categories":[19,23],"tags":[63657,4992,45,19886,32794,37837,64513,27389,139,140],"yoast_head":"<!-- This site is optimized with the Yoast SEO Premium plugin v22.7 (Yoast SEO v22.7) - https:\/\/yoast.com\/wordpress\/plugins\/seo\/ -->\n<title>Niederl\u00e4ndischer Parlamentspr\u00e4sident und Frankreichs Botschafter: Plausch \u00fcber die Teilung Belgiens - just-now.NEWS Deutschland<\/title>\n<meta name=\"robots\" content=\"index, follow, max-snippet:-1, max-image-preview:large, max-video-preview:-1\" \/>\n<link rel=\"canonical\" href=\"https:\/\/now-news.de\/de\/deutschland\/niederlaendischer-parlamentspraesident-und-frankreichs-botschafter-plausch-ueber-die-teilung-belgiens\/\" \/>\n<meta property=\"og:locale\" content=\"de_DE\" \/>\n<meta property=\"og:type\" content=\"article\" \/>\n<meta property=\"og:title\" content=\"Niederl\u00e4ndischer Parlamentspr\u00e4sident und Frankreichs Botschafter: Plausch \u00fcber die Teilung Belgiens\" \/>\n<meta property=\"og:description\" content=\"Das Erstaunlichste ist eigentlich, dass diese Szene in Belgien keine laute Emp\u00f6rung ausl\u00f6ste. Schlie\u00dflich redeten hier die Vertreter zweier Nachbarl\u00e4nder dar\u00fcber, das Land aufzuteilen. Aber Belgien ist in sich tief zerrissen. Die Meldung klingt wie eine unfreundliche Version der Teilung einer Torte auf einem Kindergeburtstag. Der Pr\u00e4sident des Parlaments der Niederlande, Martin Bosma, soll nach [&hellip;]\" \/>\n<meta property=\"og:url\" content=\"https:\/\/now-news.de\/de\/deutschland\/niederlaendischer-parlamentspraesident-und-frankreichs-botschafter-plausch-ueber-die-teilung-belgiens\/\" \/>\n<meta property=\"og:site_name\" content=\"just-now.NEWS Deutschland\" \/>\n<meta property=\"article:publisher\" content=\"https:\/\/www.facebook.com\/wirmachenauf\" \/>\n<meta property=\"article:published_time\" content=\"2025-04-24T17:31:25+00:00\" \/>\n<meta property=\"og:image\" content=\"https:\/\/now-news.de\/de\/wp-content\/uploads\/sites\/3\/2025\/04\/680a4c1948fbef28e055d100.jpg\" \/>\n<meta name=\"author\" content=\"rtnews\" \/>\n<meta name=\"twitter:card\" content=\"summary_large_image\" \/>\n<meta name=\"twitter:creator\" content=\"@WirMachenAuf_de\" \/>\n<meta name=\"twitter:site\" content=\"@WirMachenAuf_de\" \/>\n<meta name=\"twitter:label1\" content=\"Verfasst von\" \/>\n\t<meta name=\"twitter:data1\" content=\"rtnews\" \/>\n\t<meta name=\"twitter:label2\" content=\"Gesch\u00e4tzte Lesezeit\" \/>\n\t<meta name=\"twitter:data2\" content=\"3\u00a0Minuten\" \/>\n<script type=\"application\/ld+json\" class=\"yoast-schema-graph\">{\"@context\":\"https:\/\/schema.org\",\"@graph\":[{\"@type\":\"Article\",\"@id\":\"https:\/\/now-news.de\/de\/deutschland\/niederlaendischer-parlamentspraesident-und-frankreichs-botschafter-plausch-ueber-die-teilung-belgiens\/#article\",\"isPartOf\":{\"@id\":\"https:\/\/now-news.de\/de\/deutschland\/niederlaendischer-parlamentspraesident-und-frankreichs-botschafter-plausch-ueber-die-teilung-belgiens\/\"},\"author\":{\"name\":\"rtnews\",\"@id\":\"https:\/\/now-news.de\/de\/#\/schema\/person\/fb534a4e865501d8b3285208df34a9b5\"},\"headline\":\"Niederl\u00e4ndischer Parlamentspr\u00e4sident und Frankreichs Botschafter: Plausch \u00fcber die Teilung Belgiens\",\"datePublished\":\"2025-04-24T17:31:25+00:00\",\"dateModified\":\"2025-04-24T17:31:25+00:00\",\"mainEntityOfPage\":{\"@id\":\"https:\/\/now-news.de\/de\/deutschland\/niederlaendischer-parlamentspraesident-und-frankreichs-botschafter-plausch-ueber-die-teilung-belgiens\/\"},\"wordCount\":551,\"commentCount\":0,\"publisher\":{\"@id\":\"https:\/\/now-news.de\/de\/#organization\"},\"image\":{\"@id\":\"https:\/\/now-news.de\/de\/deutschland\/niederlaendischer-parlamentspraesident-und-frankreichs-botschafter-plausch-ueber-die-teilung-belgiens\/#primaryimage\"},\"thumbnailUrl\":\"https:\/\/now-news.de\/de\/wp-content\/uploads\/sites\/3\/2025\/04\/Niederlaendischer-Parlamentspraesident-und-Frankreichs-Botschafter-Plausch-ueber-die-Teilung-Belgiens.jpg\",\"keywords\":[\"Belgiens\",\"Botschafter\",\"die\",\"Frankreichs\",\"Niederl\u00e4ndischer\",\"Parlamentspr\u00e4sident\",\"Plausch\",\"Teilung\",\"\u00fcber\",\"und\"],\"articleSection\":[\"Deutschland\",\"Russland\"],\"inLanguage\":\"de\",\"potentialAction\":[{\"@type\":\"CommentAction\",\"name\":\"Comment\",\"target\":[\"https:\/\/now-news.de\/de\/deutschland\/niederlaendischer-parlamentspraesident-und-frankreichs-botschafter-plausch-ueber-die-teilung-belgiens\/#respond\"]}]},{\"@type\":\"WebPage\",\"@id\":\"https:\/\/now-news.de\/de\/deutschland\/niederlaendischer-parlamentspraesident-und-frankreichs-botschafter-plausch-ueber-die-teilung-belgiens\/\",\"url\":\"https:\/\/now-news.de\/de\/deutschland\/niederlaendischer-parlamentspraesident-und-frankreichs-botschafter-plausch-ueber-die-teilung-belgiens\/\",\"name\":\"Niederl\u00e4ndischer Parlamentspr\u00e4sident und Frankreichs Botschafter: Plausch \u00fcber die Teilung Belgiens - just-now.NEWS Deutschland\",\"isPartOf\":{\"@id\":\"https:\/\/now-news.de\/de\/#website\"},\"primaryImageOfPage\":{\"@id\":\"https:\/\/now-news.de\/de\/deutschland\/niederlaendischer-parlamentspraesident-und-frankreichs-botschafter-plausch-ueber-die-teilung-belgiens\/#primaryimage\"},\"image\":{\"@id\":\"https:\/\/now-news.de\/de\/deutschland\/niederlaendischer-parlamentspraesident-und-frankreichs-botschafter-plausch-ueber-die-teilung-belgiens\/#primaryimage\"},\"thumbnailUrl\":\"https:\/\/now-news.de\/de\/wp-content\/uploads\/sites\/3\/2025\/04\/Niederlaendischer-Parlamentspraesident-und-Frankreichs-Botschafter-Plausch-ueber-die-Teilung-Belgiens.jpg\",\"datePublished\":\"2025-04-24T17:31:25+00:00\",\"dateModified\":\"2025-04-24T17:31:25+00:00\",\"breadcrumb\":{\"@id\":\"https:\/\/now-news.de\/de\/deutschland\/niederlaendischer-parlamentspraesident-und-frankreichs-botschafter-plausch-ueber-die-teilung-belgiens\/#breadcrumb\"},\"inLanguage\":\"de\",\"potentialAction\":[{\"@type\":\"ReadAction\",\"target\":[\"https:\/\/now-news.de\/de\/deutschland\/niederlaendischer-parlamentspraesident-und-frankreichs-botschafter-plausch-ueber-die-teilung-belgiens\/\"]}]},{\"@type\":\"ImageObject\",\"inLanguage\":\"de\",\"@id\":\"https:\/\/now-news.de\/de\/deutschland\/niederlaendischer-parlamentspraesident-und-frankreichs-botschafter-plausch-ueber-die-teilung-belgiens\/#primaryimage\",\"url\":\"https:\/\/now-news.de\/de\/wp-content\/uploads\/sites\/3\/2025\/04\/Niederlaendischer-Parlamentspraesident-und-Frankreichs-Botschafter-Plausch-ueber-die-Teilung-Belgiens.jpg\",\"contentUrl\":\"https:\/\/now-news.de\/de\/wp-content\/uploads\/sites\/3\/2025\/04\/Niederlaendischer-Parlamentspraesident-und-Frankreichs-Botschafter-Plausch-ueber-die-Teilung-Belgiens.jpg\",\"width\":460,\"height\":259,\"caption\":\"Niederl\u00e4ndischer Parlamentspr\u00e4sident und Frankreichs Botschafter: Plausch \u00fcber die Teilung Belgiens\"},{\"@type\":\"BreadcrumbList\",\"@id\":\"https:\/\/now-news.de\/de\/deutschland\/niederlaendischer-parlamentspraesident-und-frankreichs-botschafter-plausch-ueber-die-teilung-belgiens\/#breadcrumb\",\"itemListElement\":[{\"@type\":\"ListItem\",\"position\":1,\"name\":\"Home\",\"item\":\"https:\/\/now-news.de\/de\/\"},{\"@type\":\"ListItem\",\"position\":2,\"name\":\"Niederl\u00e4ndischer Parlamentspr\u00e4sident und Frankreichs Botschafter: Plausch \u00fcber die Teilung Belgiens\"}]},{\"@type\":\"WebSite\",\"@id\":\"https:\/\/now-news.de\/de\/#website\",\"url\":\"https:\/\/now-news.de\/de\/\",\"name\":\"just-now.NEWS Deutschland\",\"description\":\"Das Portal f\u00fcr unzensierte Nachrichten aus der Welt\",\"publisher\":{\"@id\":\"https:\/\/now-news.de\/de\/#organization\"},\"potentialAction\":[{\"@type\":\"SearchAction\",\"target\":{\"@type\":\"EntryPoint\",\"urlTemplate\":\"https:\/\/now-news.de\/de\/?s={search_term_string}\"},\"query-input\":\"required name=search_term_string\"}],\"inLanguage\":\"de\"},{\"@type\":\"Organization\",\"@id\":\"https:\/\/now-news.de\/de\/#organization\",\"name\":\"Just Now News\",\"url\":\"https:\/\/now-news.de\/de\/\",\"logo\":{\"@type\":\"ImageObject\",\"inLanguage\":\"de\",\"@id\":\"https:\/\/now-news.de\/de\/#\/schema\/logo\/image\/\",\"url\":\"http:\/\/just-now.news\/de\/wp-content\/uploads\/sites\/3\/2022\/04\/logo500x500.jpg\",\"contentUrl\":\"http:\/\/just-now.news\/de\/wp-content\/uploads\/sites\/3\/2022\/04\/logo500x500.jpg\",\"width\":500,\"height\":500,\"caption\":\"Just Now News\"},\"image\":{\"@id\":\"https:\/\/now-news.de\/de\/#\/schema\/logo\/image\/\"},\"sameAs\":[\"https:\/\/www.facebook.com\/wirmachenauf\",\"https:\/\/x.com\/WirMachenAuf_de\"]},{\"@type\":\"Person\",\"@id\":\"https:\/\/now-news.de\/de\/#\/schema\/person\/fb534a4e865501d8b3285208df34a9b5\",\"name\":\"rtnews\",\"image\":{\"@type\":\"ImageObject\",\"inLanguage\":\"de\",\"@id\":\"https:\/\/now-news.de\/de\/#\/schema\/person\/image\/\",\"url\":\"https:\/\/secure.gravatar.com\/avatar\/82aafea7d8127119dd649515f56e2117?s=96&d=mm&r=g\",\"contentUrl\":\"https:\/\/secure.gravatar.com\/avatar\/82aafea7d8127119dd649515f56e2117?s=96&d=mm&r=g\",\"caption\":\"rtnews\"},\"url\":\"https:\/\/now-news.de\/de\/author\/rnews\/\"}]}<\/script>\n<!-- \/ Yoast SEO Premium plugin. -->","yoast_head_json":{"title":"Niederl\u00e4ndischer Parlamentspr\u00e4sident und Frankreichs Botschafter: Plausch \u00fcber die Teilung Belgiens - just-now.NEWS Deutschland","robots":{"index":"index","follow":"follow","max-snippet":"max-snippet:-1","max-image-preview":"max-image-preview:large","max-video-preview":"max-video-preview:-1"},"canonical":"https:\/\/now-news.de\/de\/deutschland\/niederlaendischer-parlamentspraesident-und-frankreichs-botschafter-plausch-ueber-die-teilung-belgiens\/","og_locale":"de_DE","og_type":"article","og_title":"Niederl\u00e4ndischer Parlamentspr\u00e4sident und Frankreichs Botschafter: Plausch \u00fcber die Teilung Belgiens","og_description":"Das Erstaunlichste ist eigentlich, dass diese Szene in Belgien keine laute Emp\u00f6rung ausl\u00f6ste. Schlie\u00dflich redeten hier die Vertreter zweier Nachbarl\u00e4nder dar\u00fcber, das Land aufzuteilen. Aber Belgien ist in sich tief zerrissen. Die Meldung klingt wie eine unfreundliche Version der Teilung einer Torte auf einem Kindergeburtstag. Der Pr\u00e4sident des Parlaments der Niederlande, Martin Bosma, soll nach [&hellip;]","og_url":"https:\/\/now-news.de\/de\/deutschland\/niederlaendischer-parlamentspraesident-und-frankreichs-botschafter-plausch-ueber-die-teilung-belgiens\/","og_site_name":"just-now.NEWS Deutschland","article_publisher":"https:\/\/www.facebook.com\/wirmachenauf","article_published_time":"2025-04-24T17:31:25+00:00","og_image":[{"url":"https:\/\/now-news.de\/de\/wp-content\/uploads\/sites\/3\/2025\/04\/680a4c1948fbef28e055d100.jpg"}],"author":"rtnews","twitter_card":"summary_large_image","twitter_creator":"@WirMachenAuf_de","twitter_site":"@WirMachenAuf_de","twitter_misc":{"Verfasst von":"rtnews","Gesch\u00e4tzte Lesezeit":"3\u00a0Minuten"},"schema":{"@context":"https:\/\/schema.org","@graph":[{"@type":"Article","@id":"https:\/\/now-news.de\/de\/deutschland\/niederlaendischer-parlamentspraesident-und-frankreichs-botschafter-plausch-ueber-die-teilung-belgiens\/#article","isPartOf":{"@id":"https:\/\/now-news.de\/de\/deutschland\/niederlaendischer-parlamentspraesident-und-frankreichs-botschafter-plausch-ueber-die-teilung-belgiens\/"},"author":{"name":"rtnews","@id":"https:\/\/now-news.de\/de\/#\/schema\/person\/fb534a4e865501d8b3285208df34a9b5"},"headline":"Niederl\u00e4ndischer Parlamentspr\u00e4sident und Frankreichs Botschafter: Plausch \u00fcber die Teilung Belgiens","datePublished":"2025-04-24T17:31:25+00:00","dateModified":"2025-04-24T17:31:25+00:00","mainEntityOfPage":{"@id":"https:\/\/now-news.de\/de\/deutschland\/niederlaendischer-parlamentspraesident-und-frankreichs-botschafter-plausch-ueber-die-teilung-belgiens\/"},"wordCount":551,"commentCount":0,"publisher":{"@id":"https:\/\/now-news.de\/de\/#organization"},"image":{"@id":"https:\/\/now-news.de\/de\/deutschland\/niederlaendischer-parlamentspraesident-und-frankreichs-botschafter-plausch-ueber-die-teilung-belgiens\/#primaryimage"},"thumbnailUrl":"https:\/\/now-news.de\/de\/wp-content\/uploads\/sites\/3\/2025\/04\/Niederlaendischer-Parlamentspraesident-und-Frankreichs-Botschafter-Plausch-ueber-die-Teilung-Belgiens.jpg","keywords":["Belgiens","Botschafter","die","Frankreichs","Niederl\u00e4ndischer","Parlamentspr\u00e4sident","Plausch","Teilung","\u00fcber","und"],"articleSection":["Deutschland","Russland"],"inLanguage":"de","potentialAction":[{"@type":"CommentAction","name":"Comment","target":["https:\/\/now-news.de\/de\/deutschland\/niederlaendischer-parlamentspraesident-und-frankreichs-botschafter-plausch-ueber-die-teilung-belgiens\/#respond"]}]},{"@type":"WebPage","@id":"https:\/\/now-news.de\/de\/deutschland\/niederlaendischer-parlamentspraesident-und-frankreichs-botschafter-plausch-ueber-die-teilung-belgiens\/","url":"https:\/\/now-news.de\/de\/deutschland\/niederlaendischer-parlamentspraesident-und-frankreichs-botschafter-plausch-ueber-die-teilung-belgiens\/","name":"Niederl\u00e4ndischer Parlamentspr\u00e4sident und Frankreichs Botschafter: Plausch \u00fcber die Teilung Belgiens - just-now.NEWS Deutschland","isPartOf":{"@id":"https:\/\/now-news.de\/de\/#website"},"primaryImageOfPage":{"@id":"https:\/\/now-news.de\/de\/deutschland\/niederlaendischer-parlamentspraesident-und-frankreichs-botschafter-plausch-ueber-die-teilung-belgiens\/#primaryimage"},"image":{"@id":"https:\/\/now-news.de\/de\/deutschland\/niederlaendischer-parlamentspraesident-und-frankreichs-botschafter-plausch-ueber-die-teilung-belgiens\/#primaryimage"},"thumbnailUrl":"https:\/\/now-news.de\/de\/wp-content\/uploads\/sites\/3\/2025\/04\/Niederlaendischer-Parlamentspraesident-und-Frankreichs-Botschafter-Plausch-ueber-die-Teilung-Belgiens.jpg","datePublished":"2025-04-24T17:31:25+00:00","dateModified":"2025-04-24T17:31:25+00:00","breadcrumb":{"@id":"https:\/\/now-news.de\/de\/deutschland\/niederlaendischer-parlamentspraesident-und-frankreichs-botschafter-plausch-ueber-die-teilung-belgiens\/#breadcrumb"},"inLanguage":"de","potentialAction":[{"@type":"ReadAction","target":["https:\/\/now-news.de\/de\/deutschland\/niederlaendischer-parlamentspraesident-und-frankreichs-botschafter-plausch-ueber-die-teilung-belgiens\/"]}]},{"@type":"ImageObject","inLanguage":"de","@id":"https:\/\/now-news.de\/de\/deutschland\/niederlaendischer-parlamentspraesident-und-frankreichs-botschafter-plausch-ueber-die-teilung-belgiens\/#primaryimage","url":"https:\/\/now-news.de\/de\/wp-content\/uploads\/sites\/3\/2025\/04\/Niederlaendischer-Parlamentspraesident-und-Frankreichs-Botschafter-Plausch-ueber-die-Teilung-Belgiens.jpg","contentUrl":"https:\/\/now-news.de\/de\/wp-content\/uploads\/sites\/3\/2025\/04\/Niederlaendischer-Parlamentspraesident-und-Frankreichs-Botschafter-Plausch-ueber-die-Teilung-Belgiens.jpg","width":460,"height":259,"caption":"Niederl\u00e4ndischer Parlamentspr\u00e4sident und Frankreichs Botschafter: Plausch \u00fcber die Teilung Belgiens"},{"@type":"BreadcrumbList","@id":"https:\/\/now-news.de\/de\/deutschland\/niederlaendischer-parlamentspraesident-und-frankreichs-botschafter-plausch-ueber-die-teilung-belgiens\/#breadcrumb","itemListElement":[{"@type":"ListItem","position":1,"name":"Home","item":"https:\/\/now-news.de\/de\/"},{"@type":"ListItem","position":2,"name":"Niederl\u00e4ndischer Parlamentspr\u00e4sident und Frankreichs Botschafter: Plausch \u00fcber die Teilung Belgiens"}]},{"@type":"WebSite","@id":"https:\/\/now-news.de\/de\/#website","url":"https:\/\/now-news.de\/de\/","name":"just-now.NEWS Deutschland","description":"Das Portal f\u00fcr unzensierte Nachrichten aus der Welt","publisher":{"@id":"https:\/\/now-news.de\/de\/#organization"},"potentialAction":[{"@type":"SearchAction","target":{"@type":"EntryPoint","urlTemplate":"https:\/\/now-news.de\/de\/?s={search_term_string}"},"query-input":"required name=search_term_string"}],"inLanguage":"de"},{"@type":"Organization","@id":"https:\/\/now-news.de\/de\/#organization","name":"Just Now News","url":"https:\/\/now-news.de\/de\/","logo":{"@type":"ImageObject","inLanguage":"de","@id":"https:\/\/now-news.de\/de\/#\/schema\/logo\/image\/","url":"http:\/\/just-now.news\/de\/wp-content\/uploads\/sites\/3\/2022\/04\/logo500x500.jpg","contentUrl":"http:\/\/just-now.news\/de\/wp-content\/uploads\/sites\/3\/2022\/04\/logo500x500.jpg","width":500,"height":500,"caption":"Just Now News"},"image":{"@id":"https:\/\/now-news.de\/de\/#\/schema\/logo\/image\/"},"sameAs":["https:\/\/www.facebook.com\/wirmachenauf","https:\/\/x.com\/WirMachenAuf_de"]},{"@type":"Person","@id":"https:\/\/now-news.de\/de\/#\/schema\/person\/fb534a4e865501d8b3285208df34a9b5","name":"rtnews","image":{"@type":"ImageObject","inLanguage":"de","@id":"https:\/\/now-news.de\/de\/#\/schema\/person\/image\/","url":"https:\/\/secure.gravatar.com\/avatar\/82aafea7d8127119dd649515f56e2117?s=96&d=mm&r=g","contentUrl":"https:\/\/secure.gravatar.com\/avatar\/82aafea7d8127119dd649515f56e2117?s=96&d=mm&r=g","caption":"rtnews"},"url":"https:\/\/now-news.de\/de\/author\/rnews\/"}]}},"_links":{"self":[{"href":"https:\/\/now-news.de\/de\/wp-json\/wp\/v2\/posts\/82694"}],"collection":[{"href":"https:\/\/now-news.de\/de\/wp-json\/wp\/v2\/posts"}],"about":[{"href":"https:\/\/now-news.de\/de\/wp-json\/wp\/v2\/types\/post"}],"author":[{"embeddable":true,"href":"https:\/\/now-news.de\/de\/wp-json\/wp\/v2\/users\/3"}],"replies":[{"embeddable":true,"href":"https:\/\/now-news.de\/de\/wp-json\/wp\/v2\/comments?post=82694"}],"version-history":[{"count":0,"href":"https:\/\/now-news.de\/de\/wp-json\/wp\/v2\/posts\/82694\/revisions"}],"wp:featuredmedia":[{"embeddable":true,"href":"https:\/\/now-news.de\/de\/wp-json\/wp\/v2\/media\/82695"}],"wp:attachment":[{"href":"https:\/\/now-news.de\/de\/wp-json\/wp\/v2\/media?parent=82694"}],"wp:term":[{"taxonomy":"category","embeddable":true,"href":"https:\/\/now-news.de\/de\/wp-json\/wp\/v2\/categories?post=82694"},{"taxonomy":"post_tag","embeddable":true,"href":"https:\/\/now-news.de\/de\/wp-json\/wp\/v2\/tags?post=82694"}],"curies":[{"name":"wp","href":"https:\/\/api.w.org\/{rel}","templated":true}]}}