{"id":82643,"date":"2025-04-23T21:28:32","date_gmt":"2025-04-23T19:28:32","guid":{"rendered":"https:\/\/now-news.de\/de\/deutschland\/erinnerungen-an-papst-franziskus-die-ausgrenzung-von-ungeimpften-und-seine-impf-muenze\/"},"modified":"2025-04-23T21:28:32","modified_gmt":"2025-04-23T19:28:32","slug":"erinnerungen-an-papst-franziskus-die-ausgrenzung-von-ungeimpften-und-seine-impf-muenze","status":"publish","type":"post","link":"https:\/\/now-news.de\/de\/deutschland\/erinnerungen-an-papst-franziskus-die-ausgrenzung-von-ungeimpften-und-seine-impf-muenze\/","title":{"rendered":"Erinnerungen an Papst Franziskus? Die Ausgrenzung von Ungeimpften und seine &quot;Impf-M\u00fcnze&quot;"},"content":{"rendered":"<div class=\"Text-root Text-type_1 \">\n                Der Papst w\u00e4hlte seinen Namen zu Ehren des Heiligen Franz von Assisi. Er bewundere ihn als &#8220;Heiligen der Demut und der G\u00fcte&#8221;. Bei einem saisonal bekannten Virus und unbekannten Pharmamitteln war dann leider Schluss mit der G\u00fcte und Mitmenschlichkeit des Papstes Franziskus.\n            <\/div>\n<p><\/p>\n<div class=\"Text-root Text-type_5 ArticleView-text ViewText-root \">\n<p><em>Von Bernhard Loyen<\/em><\/p>\n<p>\u00dcber die Osterfeiertage verweilte ich im sch\u00f6nen Wendland, einer Landschaft im \u00f6stlichen Niedersachsen. Seit Jahren geselle ich mich zur digitalen Entschleunigung zur Dorfbev\u00f6lkerung eines kleinen Ortes direkt an der Elbe. Zelebriert wird das Osterfeuer, ein Gebrauch der katholischen Kirche, wenn soweit religi\u00f6s, oder f\u00fcr mich als Atheisten ein schlichter Moment der Ruhe, beim Blick auf die Flammen. Die Natur bot separat diesen Anblick unverf\u00e4lschter Sch\u00f6nheit, der die innere, erhoffte Ruhe gibt, die als geb\u00fcrtiger Berliner immer schwieriger im Alltagsstress zu erreichen ist.<\/p>\n<figure class=\"RTImage-root\">\n<div class=\"RTImage-image RTImage-original\"><picture class=\"Picture-root Picture-original\"><!--[if IE 9]><video style=\"display: none;\"><![endif]--><source media=\"(-webkit-min-device-pixel-ratio: 2) and (min-resolution: 120dpi)\" data-srcset=\" \nhttps:\/\/now-news.de\/de\/wp-content\/uploads\/sites\/3\/2025\/04\/6808e10948fbef0df6591844.jpg 850w,\n                https:\/\/now-news.de\/de\/wp-content\/uploads\/sites\/3\/2025\/04\/6808e10948fbef0df6591844.jpg 1960w,            \" ><source data-srcset=\" \nhttps:\/\/now-news.de\/de\/wp-content\/uploads\/sites\/3\/2025\/04\/6808e10948fbef0df6591844.jpg 460w,\n              https:\/\/now-news.de\/de\/wp-content\/uploads\/sites\/3\/2025\/04\/6808e10948fbef0df6591844.jpg 980w,\n            \" ><!--[if IE 9]><\/video><![endif]--><img decoding=\"async\" data- src=\"data:image\/png;base64,iVBORw0KGgoAAAANSUhEUgAAABAAAAAJCAQAAACRI2S5AAAAEElEQVR42mNkIAAYRxWAAQAG9gAKqv6+AwAAAABJRU5ErkJggg==\" class=\"Picture-root Picture-original lazyload\" data-src=\"https:\/\/now-news.de\/de\/wp-content\/uploads\/sites\/3\/2025\/04\/6808e10948fbef0df6591844.jpg\" alt=\"\"><\/source><\/source><\/picture><!-- noscript pattern --><noscript><img decoding=\"async\" src=\"https:\/\/now-news.de\/de\/wp-content\/uploads\/sites\/3\/2025\/04\/6808e10948fbef0df6591844.jpg\" alt=\"\"><\/noscript><\/div><figcaption class=\"RTImage-footer\"><span class=\"RTImage-caption\"><\/span><span class=\"RTImage-source\"><span class=\"RTImage-captionItem\">Archiv B.Loyen<\/span><\/span><\/figcaption><\/figure>\n<p>Am Ostersonntag verk\u00fcndete dann das K\u00fcchenradio das Ableben von Papst Franziskus. Anwesend eine Anh\u00e4ufung von Ungl\u00e4ubigen, bezogen auf die Bibel als hilfreiches Handbuch des Lebens. Das Res\u00fcmee lautete einheitlich ohne gr\u00f6\u00dfere Diskussionen: &#8220;Er war ja auch alt und kr\u00e4nklich.&#8221; Am Abend, nach selbst verordneter Tagespause des gewohnheitsm\u00e4\u00dfigen digitalen Konsums, erfolgte das Studium der\u00a0\u00fcberwiegend\u00a0lobhudelnden, vorbereiteten Nachrufe der Redaktionen. Die meisten Artikel fanden individuell darlegend mehrheitlich wohlwollende Worte des Lobes, der Ehrfurcht, des Dankes, der Begeisterung zur Person des\u00a0Papstes Franziskus, des 266. Bischofs von Rom.<\/p>\n<p>F\u00fcr die meisten meiner Bekannten, Freunde und Verwandten nicht nachvollziehbar, lautet mein j\u00fcngster Gradmesser zum Thema gelebter Mitmenschlichkeit: Wie war das individuelle Gebaren in der gesellschaftlichen Ausnahmesituation der Jahre 2020 bis 2023. Es folgt\u00a0in der Regel ein bem\u00fcht inneres, auch oft vernehmbares Aufst\u00f6hnen. &#8220;Bitte nicht, bitte nicht schon wieder \u00fcber die Corona-Jahre.&#8221; Doch, es muss leider sein, gerade und auch besonders bei dem Obergralsh\u00fcter zum Thema Mitmenschlichkeit und Seelenw\u00e4rme.<\/p>\n<p>Die Seite <em>Vatikan News<\/em>\u00a0<a rel=\"nofollow noopener\" target=\"_blank\" href=\"https:\/\/www.vaticannews.va\/de\/papst\/news\/2024-01\/franz-von-assisi-papst-franziskus-glaube-spiritualitaet-orden.html\">informierte<\/a>\u00a0im Januar des Vorjahres dar\u00fcber, was die Beweggr\u00fcnde von Jorge Mario Bergoglio\u00a0waren, nach seiner Ernennung zum Papst seinen Namen auszuw\u00e4hlen, der &#8220;bei seinem Amtsantritt 2013 als erster in der Geschichte den Namen Franziskus annahm&#8221; und zudem &#8220;immer wieder offen seine Bewunderung f\u00fcr den heiligen Franz von Assisi ge\u00e4u\u00dfert&#8221; habe.<em>\u00a0<\/em>So erkl\u00e4rte der Papst im Interview:<\/p>\n<p><em>&#8220;Alle Heiligen, alle Christen wollen den Herrn nachahmen, aber er ist in die Geschichte eingegangen als derjenige, der Jesus Christus bis zum Ende nachahmen wollte, mit Demut und G\u00fcte. Er ist der Heilige der Demut und der G\u00fcte. Er ist der Heilige, der alle ins Einverst\u00e4ndnis setzt, er ist der Heilige der Geduld \u2012 er hatte so viel Geduld mit den Br\u00fcdern! Franziskus verlangt nichts und bietet sich allen an.&#8221;<\/em><\/p>\n<p>Tja, leider, auch im Falle des Papstes, ist breit und reichhaltig dokumentiert und archiviert, wie es um die beschworene Geduld und G\u00fcte in den Jahren einer internationalen, politisch initiierten Gesellschaftskrise aussah. Erst an Tag 3 nach seinem Ableben findet sich ein kritischer Artikel in der <em>Berliner Zeitung<\/em>, damit in den etablierten Medien. Wenig \u00fcberraschend besch\u00e4ftigte sich die alternative Medienszene umgehend mit dem aggressiven Agieren des Papstes in der &#8220;Corona-Krise&#8221;. In der <em>Berliner Zeitung<\/em> hei\u00dft es kurz und knapp, ausreichend zusammengefasst (Bezahlschranke):<\/p>\n<p><em>&#8220;In der\u00a0Pandemie\u00a0schlie\u00dflich war Franziskus kompromisslos: Er beugte sich vollst\u00e4ndig den staatlichen Ma\u00dfnahmen. Beerdigungen wurden aus Gr\u00fcnden des Infektionsschutzes verboten, ebenso die \u00f6ffentliche Feier der heiligen Messe \u2013 selbst an Weihnachten 2020. Verstorbene wurden auf Basis staatlicher Erlasse ohne Zustimmung der Angeh\u00f6rigen einge\u00e4schert. Papst Franziskus warb \u00f6ffentlich f\u00fcr die mRNA-Impfung und erkl\u00e4rte sie zum &#8216;Liebesakt f\u00fcr den N\u00e4chsten&#8217;.&#8221;<\/em><\/p>\n<div class=\"EmbedBlock-root EmbedBlock-twitter\">\n<div class=\"TwitterEmbed\">\n<blockquote class=\"twitter-tweet lazyload\" data-twitter=\"twitter-tweet\">\n<p lang=\"de\" dir=\"ltr\">R\u00fcckblick &gt;&gt;&gt;Papst Franziskus vs. Ungeimpfte <a rel=\"nofollow noopener\" target=\"_blank\" href=\"https:\/\/t.co\/28xP71VzN2\">pic.twitter.com\/28xP71VzN2<\/a><\/p>\n<p>\u2014 _horizont_ (@hori_____zont) <a rel=\"nofollow noopener\" target=\"_blank\" href=\"https:\/\/twitter.com\/hori_____zont\/status\/1914308829300334636?ref_src=twsrc%5Etfw\">April 21, 2025<\/a><\/p><\/blockquote>\n<\/div>\n<\/div>\n<p>Der Vatikan-Staat war \u2012 auch meist unbekannt oder schon verdr\u00e4ngt und vergessen \u2012 das einzige Land in Europa mit einer umgesetzten allgemeinen Impfpflicht.\u00a0<\/p>\n<div class=\"EmbedBlock-root EmbedBlock-twitter\">\n<div class=\"TwitterEmbed\">\n<blockquote class=\"twitter-tweet lazyload\" data-twitter=\"twitter-tweet\">\n<p lang=\"de\" dir=\"ltr\">Der Papst und die Gen-Spritze: \ud83d\udc89Corona-Impfung ist \u201eAkt der Liebe\u201cAuch der Papst war ein Diener des Corona-Regimes. N\u00e4chstenliebe gegen\u00fcber Ungeimpften zeigte er nicht. Ungeimpfte Bisch\u00f6fe wurden entlassen, ohne \u201eGreen Pass\u201c wurde das Gehalt verweigert, und die Corona-Impfung\u2026 <a rel=\"nofollow noopener\" target=\"_blank\" href=\"https:\/\/t.co\/Ogz16MgfrZ\">pic.twitter.com\/Ogz16MgfrZ<\/a><\/p>\n<p>\u2014 AUF1 (@AUF1TV) <a rel=\"nofollow noopener\" target=\"_blank\" href=\"https:\/\/twitter.com\/AUF1TV\/status\/1914571019219612083?ref_src=twsrc%5Etfw\">April 22, 2025<\/a><\/p><\/blockquote>\n<\/div>\n<\/div>\n<p>So viele F\u00fc\u00dfe von H\u00e4ftlingen h\u00e4tte der Papst in seinem irdischen Dasein gar nicht mehr dem\u00fctig <a rel=\"nofollow noopener\" target=\"_blank\" href=\"https:\/\/www.zeit.de\/news\/2024-03\/28\/abendmahlmesse-papst-waescht-haeftlingen-die-fuesse#:~:text=Papst%20Franziskus%20hat%20am%20Gr%C3%BCndonnerstag,zw%C3%B6lf%20inhaftierten%20Frauen%20die%20F%C3%BC%C3%9Fe.\">waschen k\u00f6nnen<\/a>, aufgerechnet mit den stillen Schreien und der Verzweiflung vereinsamter Sterbender in den katholischen Einrichtungen in aller Welt. Ein Bekannter im s\u00fcdlichen Franken durfte aufgrund der rigiden Besucheranordnung seine sterbende Mutter im Jahr 2021 nicht besuchen, da an diesem Tag schon eine (!) Angeh\u00f6rige vor Ort im sch\u00f6nen katholischen Pflegeheim war. Die Mutter starb in der Nacht. Der regelm\u00e4\u00dfige Schmerz, \u2012 fremdverschuldet \u2012 keinen Abschied genommen haben zu k\u00f6nnen, bringt bis zum heutigen Tag die Narbe an der Seele zum Jucken.\u00a0<\/p>\n<p>Was w\u00e4re gewesen, wenn das Oberhaupt der katholischen Kirche, ja wenn&#8230; zu sp\u00e4t. Es ist und bleibt m\u00fc\u00dfig, sich mit solchen Gedankenspielen zu belasten. Auch der Papst in meinen Augen daher ein Mitt\u00e4ter in den Corona-Jahren. War sonst noch etwas zum Thema? Ach ja, die M\u00fcnze. Die <em>Catholic News Agency (CNA)<\/em> verk\u00fcndete stolz am 20. Juni 2022:<\/p>\n<p><em>&#8220;Vatikan bringt &#8216;Impf-M\u00fcnze&#8217;\u00a0heraus: Auf der M\u00fcnze sind eine \u00c4rztin, eine Krankenschwester und ein junger Mann abgebildet, &#8216;der bereit ist, sich impfen zu lassen'&#8221;<\/em><\/p>\n<div class=\"EmbedBlock-root EmbedBlock-twitter\">\n<div class=\"TwitterEmbed\">\n<blockquote class=\"twitter-tweet lazyload\" data-twitter=\"twitter-tweet\">\n<p lang=\"de\" dir=\"ltr\">Vatikan bringt &#8220;Impf-M\u00fcnze&#8221; heraus: Auf der M\u00fcnze sind eine \u00c4rztin, eine Krankenschwester und ein junger Mann abgebildet, &#8220;der bereit ist, sich impfen zu lassen&#8221; \u25b6\ufe0f JETZT LESEN: <a rel=\"nofollow noopener\" target=\"_blank\" href=\"https:\/\/t.co\/dgwHSTJsUM\">https:\/\/t.co\/dgwHSTJsUM<\/a> via <a rel=\"nofollow noopener\" target=\"_blank\" href=\"https:\/\/twitter.com\/CNAdeutsch?ref_src=twsrc%5Etfw\">@CNAdeutsch<\/a><\/p>\n<p>\u2014 CNA Deutsch (@CNAdeutsch) <a rel=\"nofollow noopener\" target=\"_blank\" href=\"https:\/\/twitter.com\/CNAdeutsch\/status\/1538810663451209728?ref_src=twsrc%5Etfw\">June 20, 2022<\/a><\/p><\/blockquote>\n<\/div>\n<\/div>\n<p>Der &#8220;bereit ist&#8221; oder gezwungen wurde? Die Corona-Jahre werden \u2012 f\u00fcr sehr viele Menschen \u2012 als schlichte Jahre des Irrsinns und erlebten Wahnsinns in Erinnerung bleiben. Politik, etablierte Medien und der erneute, treue Mitt\u00e4ter in einer &#8220;kriegerischen&#8221; Ausnahmesituation, die Kirche (Ex-Kanzlerin Merkel: &#8220;Seit dem Zweiten Weltkrieg gab es keine <a rel=\"nofollow noopener\" target=\"_blank\" href=\"https:\/\/www.bundesregierung.de\/breg-de\/aktuelles\/fernsehansprache-von-bundeskanzlerin-angela-merkel-1732134\">Herausforderung an unser Land<\/a> mehr, bei der es so sehr auf unser gemeinsames solidarisches Handeln ankommt), wissen sehr, sehr genau, warum sie sich so vehement gegen eine glaubw\u00fcrdige Aufarbeitung str\u00e4uben.<\/p>\n<p>Ein alter kranker Mann, Papst hin oder her, ein Mensch, ist gestorben. Nicht mehr und nicht weniger. Bei der Beerdigung werden aus Deutschland Bundespr\u00e4sident Frank-Walter Steinmeier sowie Noch-Bundeskanzler Olaf Scholz und weitere Kriegspr\u00e4sidenten, -minister und unbarmherzige Selbstdarsteller anreisen. Wie lautet doch das\u00a0Sprichwort? &#8220;Gleich und gleich gesellt sich gern&#8221;, auch und gerade mit gesenktem Blick und der Bibel in der Hand.<\/p>\n<p><strong>Mehr zum Thema \u2012<\/strong>\u00a0<a rel=\"nofollow noopener\" target=\"_blank\" href=\"https:\/\/freedert.online\/international\/243040-wie-jeder-christ-papst-franziskus\/\">&#8220;Wie jeder Christ&#8221; \u2013 Papst Franziskus bekommt schlichte Beerdigung<\/a><\/p>\n<div class=\"EmbedBlock-root EmbedBlock-externalVideo EmbedBlock-rumble\">\n<div class=\"VkEmbed\"><iframe class=\"lazyload\" data-src=\"https:\/\/rumble.com\/embed\/v6q8ijd\" frameborder=\"0\" width=\"853\" height=\"480\" allowfullscreen><\/iframe><\/div>\n<\/div>\n<\/div>\n<p><script async src=\"https:\/\/platform.twitter.com\/widgets.js\" charset=\"utf-8\"><\/script><br \/>\n<br \/><br \/>\n<br \/><a href=\"https:\/\/de.rt.com\/meinung\/243163-erinnerungen-an-papst-franziskus-ausgrenzung\/\">Source link <\/a><\/p>\n","protected":false},"excerpt":{"rendered":"<p>Der Papst w\u00e4hlte seinen Namen zu Ehren des Heiligen Franz von Assisi. Er bewundere ihn als &#8220;Heiligen der Demut und der G\u00fcte&#8221;. Bei einem saisonal bekannten Virus und unbekannten Pharmamitteln war dann leider Schluss mit der G\u00fcte und Mitmenschlichkeit des Papstes Franziskus. Von Bernhard Loyen \u00dcber die Osterfeiertage verweilte ich im sch\u00f6nen Wendland, einer Landschaft [&hellip;]<\/p>\n","protected":false},"author":3,"featured_media":82644,"comment_status":"open","ping_status":"open","sticky":false,"template":"","format":"standard","meta":{"_yoast_indexnow_last_ping":["1745436830"],"wp_automatic_camp":["217"],"9756113f020896fd0224f9888e47ade7":["Erinnerungen an Papst Franziskus? Die Ausgrenzung von Ungeimpften und seine &quot;Impf-M\u00fcnze&quot;"],"original_link":["https:\/\/de.rt.com\/meinung\/243163-erinnerungen-an-papst-franziskus-ausgrenzung\/"],"_thumbnail_id":["82644"],"jnews_social_counter_last_update":["1777223137"],"_wptgpro_p2tg_sent2tg":["a:1:{i:23737;s:19:\"2025-04-23 21:35:01\";}"]},"categories":[19,23],"tags":[54850,45,14677,13270,2665,25477,265,140,21029,50],"yoast_head":"<!-- This site is optimized with the Yoast SEO Premium plugin v22.7 (Yoast SEO v22.7) - https:\/\/yoast.com\/wordpress\/plugins\/seo\/ -->\n<title>Erinnerungen an Papst Franziskus? Die Ausgrenzung von Ungeimpften und seine &quot;Impf-M\u00fcnze&quot; - just-now.NEWS Deutschland<\/title>\n<meta name=\"robots\" content=\"index, follow, max-snippet:-1, max-image-preview:large, max-video-preview:-1\" \/>\n<link rel=\"canonical\" href=\"https:\/\/now-news.de\/de\/deutschland\/erinnerungen-an-papst-franziskus-die-ausgrenzung-von-ungeimpften-und-seine-impf-muenze\/\" \/>\n<meta property=\"og:locale\" content=\"de_DE\" \/>\n<meta property=\"og:type\" content=\"article\" \/>\n<meta property=\"og:title\" content=\"Erinnerungen an Papst Franziskus? Die Ausgrenzung von Ungeimpften und seine &quot;Impf-M\u00fcnze&quot;\" \/>\n<meta property=\"og:description\" content=\"Der Papst w\u00e4hlte seinen Namen zu Ehren des Heiligen Franz von Assisi. Er bewundere ihn als &#8220;Heiligen der Demut und der G\u00fcte&#8221;. Bei einem saisonal bekannten Virus und unbekannten Pharmamitteln war dann leider Schluss mit der G\u00fcte und Mitmenschlichkeit des Papstes Franziskus. Von Bernhard Loyen \u00dcber die Osterfeiertage verweilte ich im sch\u00f6nen Wendland, einer Landschaft [&hellip;]\" \/>\n<meta property=\"og:url\" content=\"https:\/\/now-news.de\/de\/deutschland\/erinnerungen-an-papst-franziskus-die-ausgrenzung-von-ungeimpften-und-seine-impf-muenze\/\" \/>\n<meta property=\"og:site_name\" content=\"just-now.NEWS Deutschland\" \/>\n<meta property=\"article:publisher\" content=\"https:\/\/www.facebook.com\/wirmachenauf\" \/>\n<meta property=\"article:published_time\" content=\"2025-04-23T19:28:32+00:00\" \/>\n<meta property=\"og:image\" content=\"https:\/\/now-news.de\/de\/wp-content\/uploads\/sites\/3\/2025\/04\/6808e10948fbef0df6591844.jpg\" \/>\n<meta name=\"author\" content=\"rtnews\" \/>\n<meta name=\"twitter:card\" content=\"summary_large_image\" \/>\n<meta name=\"twitter:creator\" content=\"@WirMachenAuf_de\" \/>\n<meta name=\"twitter:site\" content=\"@WirMachenAuf_de\" \/>\n<meta name=\"twitter:label1\" content=\"Verfasst von\" \/>\n\t<meta name=\"twitter:data1\" content=\"rtnews\" \/>\n\t<meta name=\"twitter:label2\" content=\"Gesch\u00e4tzte Lesezeit\" \/>\n\t<meta name=\"twitter:data2\" content=\"5\u00a0Minuten\" \/>\n<script type=\"application\/ld+json\" class=\"yoast-schema-graph\">{\"@context\":\"https:\/\/schema.org\",\"@graph\":[{\"@type\":\"Article\",\"@id\":\"https:\/\/now-news.de\/de\/deutschland\/erinnerungen-an-papst-franziskus-die-ausgrenzung-von-ungeimpften-und-seine-impf-muenze\/#article\",\"isPartOf\":{\"@id\":\"https:\/\/now-news.de\/de\/deutschland\/erinnerungen-an-papst-franziskus-die-ausgrenzung-von-ungeimpften-und-seine-impf-muenze\/\"},\"author\":{\"name\":\"rtnews\",\"@id\":\"https:\/\/now-news.de\/de\/#\/schema\/person\/fb534a4e865501d8b3285208df34a9b5\"},\"headline\":\"Erinnerungen an Papst Franziskus? Die Ausgrenzung von Ungeimpften und seine &quot;Impf-M\u00fcnze&quot;\",\"datePublished\":\"2025-04-23T19:28:32+00:00\",\"dateModified\":\"2025-04-23T19:28:32+00:00\",\"mainEntityOfPage\":{\"@id\":\"https:\/\/now-news.de\/de\/deutschland\/erinnerungen-an-papst-franziskus-die-ausgrenzung-von-ungeimpften-und-seine-impf-muenze\/\"},\"wordCount\":1088,\"commentCount\":0,\"publisher\":{\"@id\":\"https:\/\/now-news.de\/de\/#organization\"},\"image\":{\"@id\":\"https:\/\/now-news.de\/de\/deutschland\/erinnerungen-an-papst-franziskus-die-ausgrenzung-von-ungeimpften-und-seine-impf-muenze\/#primaryimage\"},\"thumbnailUrl\":\"https:\/\/now-news.de\/de\/wp-content\/uploads\/sites\/3\/2025\/04\/Erinnerungen-an-Papst-Franziskus-Die-Ausgrenzung-von-Ungeimpften-und-seine.jpg\",\"keywords\":[\"Ausgrenzung\",\"die\",\"Erinnerungen\",\"FRANZISKUS\",\"papst\",\"quotImpfM\u00fcnzequot\",\"seine\",\"und\",\"Ungeimpften\",\"von\"],\"articleSection\":[\"Deutschland\",\"Russland\"],\"inLanguage\":\"de\",\"potentialAction\":[{\"@type\":\"CommentAction\",\"name\":\"Comment\",\"target\":[\"https:\/\/now-news.de\/de\/deutschland\/erinnerungen-an-papst-franziskus-die-ausgrenzung-von-ungeimpften-und-seine-impf-muenze\/#respond\"]}]},{\"@type\":\"WebPage\",\"@id\":\"https:\/\/now-news.de\/de\/deutschland\/erinnerungen-an-papst-franziskus-die-ausgrenzung-von-ungeimpften-und-seine-impf-muenze\/\",\"url\":\"https:\/\/now-news.de\/de\/deutschland\/erinnerungen-an-papst-franziskus-die-ausgrenzung-von-ungeimpften-und-seine-impf-muenze\/\",\"name\":\"Erinnerungen an Papst Franziskus? Die Ausgrenzung von Ungeimpften und seine &quot;Impf-M\u00fcnze&quot; - just-now.NEWS Deutschland\",\"isPartOf\":{\"@id\":\"https:\/\/now-news.de\/de\/#website\"},\"primaryImageOfPage\":{\"@id\":\"https:\/\/now-news.de\/de\/deutschland\/erinnerungen-an-papst-franziskus-die-ausgrenzung-von-ungeimpften-und-seine-impf-muenze\/#primaryimage\"},\"image\":{\"@id\":\"https:\/\/now-news.de\/de\/deutschland\/erinnerungen-an-papst-franziskus-die-ausgrenzung-von-ungeimpften-und-seine-impf-muenze\/#primaryimage\"},\"thumbnailUrl\":\"https:\/\/now-news.de\/de\/wp-content\/uploads\/sites\/3\/2025\/04\/Erinnerungen-an-Papst-Franziskus-Die-Ausgrenzung-von-Ungeimpften-und-seine.jpg\",\"datePublished\":\"2025-04-23T19:28:32+00:00\",\"dateModified\":\"2025-04-23T19:28:32+00:00\",\"breadcrumb\":{\"@id\":\"https:\/\/now-news.de\/de\/deutschland\/erinnerungen-an-papst-franziskus-die-ausgrenzung-von-ungeimpften-und-seine-impf-muenze\/#breadcrumb\"},\"inLanguage\":\"de\",\"potentialAction\":[{\"@type\":\"ReadAction\",\"target\":[\"https:\/\/now-news.de\/de\/deutschland\/erinnerungen-an-papst-franziskus-die-ausgrenzung-von-ungeimpften-und-seine-impf-muenze\/\"]}]},{\"@type\":\"ImageObject\",\"inLanguage\":\"de\",\"@id\":\"https:\/\/now-news.de\/de\/deutschland\/erinnerungen-an-papst-franziskus-die-ausgrenzung-von-ungeimpften-und-seine-impf-muenze\/#primaryimage\",\"url\":\"https:\/\/now-news.de\/de\/wp-content\/uploads\/sites\/3\/2025\/04\/Erinnerungen-an-Papst-Franziskus-Die-Ausgrenzung-von-Ungeimpften-und-seine.jpg\",\"contentUrl\":\"https:\/\/now-news.de\/de\/wp-content\/uploads\/sites\/3\/2025\/04\/Erinnerungen-an-Papst-Franziskus-Die-Ausgrenzung-von-Ungeimpften-und-seine.jpg\",\"width\":1280,\"height\":960,\"caption\":\"Erinnerungen an Papst Franziskus? Die Ausgrenzung von Ungeimpften und seine &quot;Impf-M\u00fcnze&quot;\"},{\"@type\":\"BreadcrumbList\",\"@id\":\"https:\/\/now-news.de\/de\/deutschland\/erinnerungen-an-papst-franziskus-die-ausgrenzung-von-ungeimpften-und-seine-impf-muenze\/#breadcrumb\",\"itemListElement\":[{\"@type\":\"ListItem\",\"position\":1,\"name\":\"Home\",\"item\":\"https:\/\/now-news.de\/de\/\"},{\"@type\":\"ListItem\",\"position\":2,\"name\":\"Erinnerungen an Papst Franziskus? Die Ausgrenzung von Ungeimpften und seine &quot;Impf-M\u00fcnze&quot;\"}]},{\"@type\":\"WebSite\",\"@id\":\"https:\/\/now-news.de\/de\/#website\",\"url\":\"https:\/\/now-news.de\/de\/\",\"name\":\"just-now.NEWS Deutschland\",\"description\":\"Das Portal f\u00fcr unzensierte Nachrichten aus der Welt\",\"publisher\":{\"@id\":\"https:\/\/now-news.de\/de\/#organization\"},\"potentialAction\":[{\"@type\":\"SearchAction\",\"target\":{\"@type\":\"EntryPoint\",\"urlTemplate\":\"https:\/\/now-news.de\/de\/?s={search_term_string}\"},\"query-input\":\"required name=search_term_string\"}],\"inLanguage\":\"de\"},{\"@type\":\"Organization\",\"@id\":\"https:\/\/now-news.de\/de\/#organization\",\"name\":\"Just Now News\",\"url\":\"https:\/\/now-news.de\/de\/\",\"logo\":{\"@type\":\"ImageObject\",\"inLanguage\":\"de\",\"@id\":\"https:\/\/now-news.de\/de\/#\/schema\/logo\/image\/\",\"url\":\"http:\/\/just-now.news\/de\/wp-content\/uploads\/sites\/3\/2022\/04\/logo500x500.jpg\",\"contentUrl\":\"http:\/\/just-now.news\/de\/wp-content\/uploads\/sites\/3\/2022\/04\/logo500x500.jpg\",\"width\":500,\"height\":500,\"caption\":\"Just Now News\"},\"image\":{\"@id\":\"https:\/\/now-news.de\/de\/#\/schema\/logo\/image\/\"},\"sameAs\":[\"https:\/\/www.facebook.com\/wirmachenauf\",\"https:\/\/x.com\/WirMachenAuf_de\"]},{\"@type\":\"Person\",\"@id\":\"https:\/\/now-news.de\/de\/#\/schema\/person\/fb534a4e865501d8b3285208df34a9b5\",\"name\":\"rtnews\",\"image\":{\"@type\":\"ImageObject\",\"inLanguage\":\"de\",\"@id\":\"https:\/\/now-news.de\/de\/#\/schema\/person\/image\/\",\"url\":\"https:\/\/secure.gravatar.com\/avatar\/82aafea7d8127119dd649515f56e2117?s=96&d=mm&r=g\",\"contentUrl\":\"https:\/\/secure.gravatar.com\/avatar\/82aafea7d8127119dd649515f56e2117?s=96&d=mm&r=g\",\"caption\":\"rtnews\"},\"url\":\"https:\/\/now-news.de\/de\/author\/rnews\/\"}]}<\/script>\n<!-- \/ Yoast SEO Premium plugin. -->","yoast_head_json":{"title":"Erinnerungen an Papst Franziskus? Die Ausgrenzung von Ungeimpften und seine &quot;Impf-M\u00fcnze&quot; - just-now.NEWS Deutschland","robots":{"index":"index","follow":"follow","max-snippet":"max-snippet:-1","max-image-preview":"max-image-preview:large","max-video-preview":"max-video-preview:-1"},"canonical":"https:\/\/now-news.de\/de\/deutschland\/erinnerungen-an-papst-franziskus-die-ausgrenzung-von-ungeimpften-und-seine-impf-muenze\/","og_locale":"de_DE","og_type":"article","og_title":"Erinnerungen an Papst Franziskus? Die Ausgrenzung von Ungeimpften und seine &quot;Impf-M\u00fcnze&quot;","og_description":"Der Papst w\u00e4hlte seinen Namen zu Ehren des Heiligen Franz von Assisi. Er bewundere ihn als &#8220;Heiligen der Demut und der G\u00fcte&#8221;. Bei einem saisonal bekannten Virus und unbekannten Pharmamitteln war dann leider Schluss mit der G\u00fcte und Mitmenschlichkeit des Papstes Franziskus. Von Bernhard Loyen \u00dcber die Osterfeiertage verweilte ich im sch\u00f6nen Wendland, einer Landschaft [&hellip;]","og_url":"https:\/\/now-news.de\/de\/deutschland\/erinnerungen-an-papst-franziskus-die-ausgrenzung-von-ungeimpften-und-seine-impf-muenze\/","og_site_name":"just-now.NEWS Deutschland","article_publisher":"https:\/\/www.facebook.com\/wirmachenauf","article_published_time":"2025-04-23T19:28:32+00:00","og_image":[{"url":"https:\/\/now-news.de\/de\/wp-content\/uploads\/sites\/3\/2025\/04\/6808e10948fbef0df6591844.jpg"}],"author":"rtnews","twitter_card":"summary_large_image","twitter_creator":"@WirMachenAuf_de","twitter_site":"@WirMachenAuf_de","twitter_misc":{"Verfasst von":"rtnews","Gesch\u00e4tzte Lesezeit":"5\u00a0Minuten"},"schema":{"@context":"https:\/\/schema.org","@graph":[{"@type":"Article","@id":"https:\/\/now-news.de\/de\/deutschland\/erinnerungen-an-papst-franziskus-die-ausgrenzung-von-ungeimpften-und-seine-impf-muenze\/#article","isPartOf":{"@id":"https:\/\/now-news.de\/de\/deutschland\/erinnerungen-an-papst-franziskus-die-ausgrenzung-von-ungeimpften-und-seine-impf-muenze\/"},"author":{"name":"rtnews","@id":"https:\/\/now-news.de\/de\/#\/schema\/person\/fb534a4e865501d8b3285208df34a9b5"},"headline":"Erinnerungen an Papst Franziskus? Die Ausgrenzung von Ungeimpften und seine &quot;Impf-M\u00fcnze&quot;","datePublished":"2025-04-23T19:28:32+00:00","dateModified":"2025-04-23T19:28:32+00:00","mainEntityOfPage":{"@id":"https:\/\/now-news.de\/de\/deutschland\/erinnerungen-an-papst-franziskus-die-ausgrenzung-von-ungeimpften-und-seine-impf-muenze\/"},"wordCount":1088,"commentCount":0,"publisher":{"@id":"https:\/\/now-news.de\/de\/#organization"},"image":{"@id":"https:\/\/now-news.de\/de\/deutschland\/erinnerungen-an-papst-franziskus-die-ausgrenzung-von-ungeimpften-und-seine-impf-muenze\/#primaryimage"},"thumbnailUrl":"https:\/\/now-news.de\/de\/wp-content\/uploads\/sites\/3\/2025\/04\/Erinnerungen-an-Papst-Franziskus-Die-Ausgrenzung-von-Ungeimpften-und-seine.jpg","keywords":["Ausgrenzung","die","Erinnerungen","FRANZISKUS","papst","quotImpfM\u00fcnzequot","seine","und","Ungeimpften","von"],"articleSection":["Deutschland","Russland"],"inLanguage":"de","potentialAction":[{"@type":"CommentAction","name":"Comment","target":["https:\/\/now-news.de\/de\/deutschland\/erinnerungen-an-papst-franziskus-die-ausgrenzung-von-ungeimpften-und-seine-impf-muenze\/#respond"]}]},{"@type":"WebPage","@id":"https:\/\/now-news.de\/de\/deutschland\/erinnerungen-an-papst-franziskus-die-ausgrenzung-von-ungeimpften-und-seine-impf-muenze\/","url":"https:\/\/now-news.de\/de\/deutschland\/erinnerungen-an-papst-franziskus-die-ausgrenzung-von-ungeimpften-und-seine-impf-muenze\/","name":"Erinnerungen an Papst Franziskus? Die Ausgrenzung von Ungeimpften und seine &quot;Impf-M\u00fcnze&quot; - just-now.NEWS Deutschland","isPartOf":{"@id":"https:\/\/now-news.de\/de\/#website"},"primaryImageOfPage":{"@id":"https:\/\/now-news.de\/de\/deutschland\/erinnerungen-an-papst-franziskus-die-ausgrenzung-von-ungeimpften-und-seine-impf-muenze\/#primaryimage"},"image":{"@id":"https:\/\/now-news.de\/de\/deutschland\/erinnerungen-an-papst-franziskus-die-ausgrenzung-von-ungeimpften-und-seine-impf-muenze\/#primaryimage"},"thumbnailUrl":"https:\/\/now-news.de\/de\/wp-content\/uploads\/sites\/3\/2025\/04\/Erinnerungen-an-Papst-Franziskus-Die-Ausgrenzung-von-Ungeimpften-und-seine.jpg","datePublished":"2025-04-23T19:28:32+00:00","dateModified":"2025-04-23T19:28:32+00:00","breadcrumb":{"@id":"https:\/\/now-news.de\/de\/deutschland\/erinnerungen-an-papst-franziskus-die-ausgrenzung-von-ungeimpften-und-seine-impf-muenze\/#breadcrumb"},"inLanguage":"de","potentialAction":[{"@type":"ReadAction","target":["https:\/\/now-news.de\/de\/deutschland\/erinnerungen-an-papst-franziskus-die-ausgrenzung-von-ungeimpften-und-seine-impf-muenze\/"]}]},{"@type":"ImageObject","inLanguage":"de","@id":"https:\/\/now-news.de\/de\/deutschland\/erinnerungen-an-papst-franziskus-die-ausgrenzung-von-ungeimpften-und-seine-impf-muenze\/#primaryimage","url":"https:\/\/now-news.de\/de\/wp-content\/uploads\/sites\/3\/2025\/04\/Erinnerungen-an-Papst-Franziskus-Die-Ausgrenzung-von-Ungeimpften-und-seine.jpg","contentUrl":"https:\/\/now-news.de\/de\/wp-content\/uploads\/sites\/3\/2025\/04\/Erinnerungen-an-Papst-Franziskus-Die-Ausgrenzung-von-Ungeimpften-und-seine.jpg","width":1280,"height":960,"caption":"Erinnerungen an Papst Franziskus? Die Ausgrenzung von Ungeimpften und seine &quot;Impf-M\u00fcnze&quot;"},{"@type":"BreadcrumbList","@id":"https:\/\/now-news.de\/de\/deutschland\/erinnerungen-an-papst-franziskus-die-ausgrenzung-von-ungeimpften-und-seine-impf-muenze\/#breadcrumb","itemListElement":[{"@type":"ListItem","position":1,"name":"Home","item":"https:\/\/now-news.de\/de\/"},{"@type":"ListItem","position":2,"name":"Erinnerungen an Papst Franziskus? Die Ausgrenzung von Ungeimpften und seine &quot;Impf-M\u00fcnze&quot;"}]},{"@type":"WebSite","@id":"https:\/\/now-news.de\/de\/#website","url":"https:\/\/now-news.de\/de\/","name":"just-now.NEWS Deutschland","description":"Das Portal f\u00fcr unzensierte Nachrichten aus der Welt","publisher":{"@id":"https:\/\/now-news.de\/de\/#organization"},"potentialAction":[{"@type":"SearchAction","target":{"@type":"EntryPoint","urlTemplate":"https:\/\/now-news.de\/de\/?s={search_term_string}"},"query-input":"required name=search_term_string"}],"inLanguage":"de"},{"@type":"Organization","@id":"https:\/\/now-news.de\/de\/#organization","name":"Just Now News","url":"https:\/\/now-news.de\/de\/","logo":{"@type":"ImageObject","inLanguage":"de","@id":"https:\/\/now-news.de\/de\/#\/schema\/logo\/image\/","url":"http:\/\/just-now.news\/de\/wp-content\/uploads\/sites\/3\/2022\/04\/logo500x500.jpg","contentUrl":"http:\/\/just-now.news\/de\/wp-content\/uploads\/sites\/3\/2022\/04\/logo500x500.jpg","width":500,"height":500,"caption":"Just Now News"},"image":{"@id":"https:\/\/now-news.de\/de\/#\/schema\/logo\/image\/"},"sameAs":["https:\/\/www.facebook.com\/wirmachenauf","https:\/\/x.com\/WirMachenAuf_de"]},{"@type":"Person","@id":"https:\/\/now-news.de\/de\/#\/schema\/person\/fb534a4e865501d8b3285208df34a9b5","name":"rtnews","image":{"@type":"ImageObject","inLanguage":"de","@id":"https:\/\/now-news.de\/de\/#\/schema\/person\/image\/","url":"https:\/\/secure.gravatar.com\/avatar\/82aafea7d8127119dd649515f56e2117?s=96&d=mm&r=g","contentUrl":"https:\/\/secure.gravatar.com\/avatar\/82aafea7d8127119dd649515f56e2117?s=96&d=mm&r=g","caption":"rtnews"},"url":"https:\/\/now-news.de\/de\/author\/rnews\/"}]}},"_links":{"self":[{"href":"https:\/\/now-news.de\/de\/wp-json\/wp\/v2\/posts\/82643"}],"collection":[{"href":"https:\/\/now-news.de\/de\/wp-json\/wp\/v2\/posts"}],"about":[{"href":"https:\/\/now-news.de\/de\/wp-json\/wp\/v2\/types\/post"}],"author":[{"embeddable":true,"href":"https:\/\/now-news.de\/de\/wp-json\/wp\/v2\/users\/3"}],"replies":[{"embeddable":true,"href":"https:\/\/now-news.de\/de\/wp-json\/wp\/v2\/comments?post=82643"}],"version-history":[{"count":0,"href":"https:\/\/now-news.de\/de\/wp-json\/wp\/v2\/posts\/82643\/revisions"}],"wp:featuredmedia":[{"embeddable":true,"href":"https:\/\/now-news.de\/de\/wp-json\/wp\/v2\/media\/82644"}],"wp:attachment":[{"href":"https:\/\/now-news.de\/de\/wp-json\/wp\/v2\/media?parent=82643"}],"wp:term":[{"taxonomy":"category","embeddable":true,"href":"https:\/\/now-news.de\/de\/wp-json\/wp\/v2\/categories?post=82643"},{"taxonomy":"post_tag","embeddable":true,"href":"https:\/\/now-news.de\/de\/wp-json\/wp\/v2\/tags?post=82643"}],"curies":[{"name":"wp","href":"https:\/\/api.w.org\/{rel}","templated":true}]}}