{"id":82626,"date":"2025-04-23T17:53:49","date_gmt":"2025-04-23T15:53:49","guid":{"rendered":"https:\/\/now-news.de\/de\/deutschland\/angst-in-wien-fpoe-gibt-spoe-mitschuld-an-ueberfaellen\/"},"modified":"2025-04-23T17:53:49","modified_gmt":"2025-04-23T15:53:49","slug":"angst-in-wien-fpoe-gibt-spoe-mitschuld-an-ueberfaellen","status":"publish","type":"post","link":"https:\/\/now-news.de\/de\/deutschland\/angst-in-wien-fpoe-gibt-spoe-mitschuld-an-ueberfaellen\/","title":{"rendered":"Angst in Wien: FP\u00d6 gibt SP\u00d6 Mitschuld an \u00dcberf\u00e4llen"},"content":{"rendered":"<p><img decoding=\"async\" src=\"https:\/\/now-news.de\/de\/wp-content\/uploads\/sites\/3\/2025\/04\/6808ab5748fbef7eb60a02bf.jpg\" \/><\/p>\n<div class=\"Text-root Text-type_1 \">\n                Nach dem brutalen \u00dcberfall auf ein 16-j\u00e4hriges M\u00e4dchen in Wien gibt die FP\u00d6 der SP\u00d6 die Schuld. Zwei Jugendliche \u2013 ein Syrer und ein Iraker \u2013 schlugen zu und filmten die Tat. Die FP\u00d6 fordert einen politischen Kurswechsel und macht die Zuwanderungspolitik der Stadt f\u00fcr die Gewalt verantwortlich.\n            <\/div>\n<p><\/p>\n<div class=\"Text-root Text-type_5 ArticleView-text ViewText-root \">\n<p data-start=\"266\" data-end=\"547\">Ein brutaler Raub\u00fcberfall auf ein 16-j\u00e4hriges M\u00e4dchen in Wien sorgt nicht nur f\u00fcr Entsetzen, sondern auch f\u00fcr politischen Streit. Die FP\u00d6 gibt der SP\u00d6 die Schuld an einer Sicherheitslage, die au\u00dfer Kontrolle geraten sei, und fordert einen politischen Kurswechsel in Stadt und Bund.<\/p>\n<p data-start=\"549\" data-end=\"902\">In der Nacht auf Dienstag wurde ein 16-j\u00e4hriges M\u00e4dchen am Wiener Riesenradplatz Opfer eines gewaltt\u00e4tigen \u00dcberfalls. Zwei Jugendliche \u2013 ein 14-j\u00e4hriger Syrer und ein 15-j\u00e4hriger Iraker \u2013 schlugen auf das Opfer ein, traten auf sie ein und raubten ihre Umh\u00e4ngetasche. Besonders schockierend: Die T\u00e4ter filmten die Tat und stellten das Video ins Internet.<\/p>\n<p data-start=\"904\" data-end=\"1145\">Die Polizei konnte die Verd\u00e4chtigen rasch ausforschen. Einer von ihnen wurde in einem Krisenzentrum festgenommen, bei dem anderen fand man das gestohlene Diebesgut \u2013 darunter Bargeld und Bluetooth-Kopfh\u00f6rer. Die Polizei ermittelt nun weiter.<\/p>\n<p data-start=\"1147\" data-end=\"1194\"><strong data-start=\"1147\" data-end=\"1194\">FP\u00d6: &#8220;SP\u00d6 hat diese Zust\u00e4nde herbeigef\u00fchrt&#8221;<\/strong><\/p>\n<p data-start=\"1196\" data-end=\"1412\">FP\u00d6-Sicherheitssprecher Gernot Darmann sieht in dem Fall kein tragisches Einzelereignis, sondern die Folge einer seit Jahren aus seiner Sicht fahrl\u00e4ssigen Einwanderungspolitik unter SP\u00d6-B\u00fcrgermeister Michael Ludwig.<\/p>\n<blockquote>\n<p data-start=\"1414\" data-end=\"1718\"><em>&#8220;Wer Millionen Steuergeld in Willkommensprojekte steckt, aber gleichzeitig vor der eskalierenden Gewalt auf unseren Stra\u00dfen die Augen verschlie\u00dft, hat als B\u00fcrgermeister nichts mehr verloren&#8221;, sagte Darmann.<\/em><\/p>\n<\/blockquote>\n<p data-start=\"1414\" data-end=\"1718\">Unterst\u00fctzung erh\u00e4lt er vom Wiener FP\u00d6-Chef Dominik Nepp, der die Wiener Stadtregierung scharf kritisierte. Diese dulde nicht nur ein fehlgeleitetes System, sondern f\u00f6rdere es aktiv.<\/p>\n<p data-start=\"1720\" data-end=\"2003\">Besonders emp\u00f6rt zeigt sich die FP\u00d6 dar\u00fcber, dass Millionen an Steuergeldern in Integrations- und Willkommensprojekte flie\u00dfen, w\u00e4hrend die Gewalt auf den Stra\u00dfen zunimmt. Darmann zieht auch Parallelen zur Bundespolitik: W\u00e4hrend die SP\u00d6 in Wien versagt habe, tue dies im Bund die \u00d6VP.<\/p>\n<blockquote>\n<p data-start=\"1720\" data-end=\"2003\"><em>&#8220;Es ist die SP\u00d6 unter B\u00fcrgermeister Ludwig, die mit offenen Armen jene ins Land und in unsere St\u00e4dte lassen, die unser Wertesystem mit F\u00fc\u00dfen treten&#8221;, so Darmann abschlie\u00dfend.<\/em><\/p>\n<\/blockquote>\n<p data-start=\"2032\" data-end=\"2305\">Die FP\u00d6 fordert daher einen grunds\u00e4tzlichen Wandel in der Zuwanderungs- und Sicherheitspolitik \u2013 sowohl auf Landes- als auch auf Bundesebene.<\/p>\n<p data-start=\"2032\" data-end=\"2305\"><strong>Mehr zum Thema<\/strong>\u00a0\u2013\u00a0<a rel=\"nofollow noopener\" target=\"_blank\" href=\"https:\/\/freedert.online\/oesterreich\/239242-auswirkungen-ramadan-auf-schulen-fpoe\/\">Auswirkungen des Ramadan auf Schulen: FP\u00d6 kritisiert Migrationspolitik<\/a><\/p>\n<div class=\"EmbedBlock-root EmbedBlock-externalVideo EmbedBlock-rumble\">\n<div class=\"VkEmbed\"><iframe class=\"lazyload\" data-src=\"https:\/\/rumble.com\/embed\/v6prcd1\" frameborder=\"0\" width=\"853\" height=\"480\" allowfullscreen><\/iframe><\/div>\n<\/div>\n<\/div>\n<p><br \/>\n<br \/><a href=\"https:\/\/de.rt.com\/oesterreich\/243126-angst-in-wien-fpoe-gibt\/\">Source link <\/a><\/p>\n","protected":false},"excerpt":{"rendered":"<p>Nach dem brutalen \u00dcberfall auf ein 16-j\u00e4hriges M\u00e4dchen in Wien gibt die FP\u00d6 der SP\u00d6 die Schuld. Zwei Jugendliche \u2013 ein Syrer und ein Iraker \u2013 schlugen zu und filmten die Tat. Die FP\u00d6 fordert einen politischen Kurswechsel und macht die Zuwanderungspolitik der Stadt f\u00fcr die Gewalt verantwortlich. Ein brutaler Raub\u00fcberfall auf ein 16-j\u00e4hriges M\u00e4dchen [&hellip;]<\/p>\n","protected":false},"author":3,"featured_media":82627,"comment_status":"open","ping_status":"open","sticky":false,"template":"","format":"standard","meta":{"_yoast_indexnow_last_ping":["1745424285"],"wp_automatic_camp":["217"],"e00306901cde7b6f2fec24e2850c7b30":["Angst in Wien: FP\u00d6 gibt SP\u00d6 Mitschuld an \u00dcberf\u00e4llen"],"original_link":["https:\/\/de.rt.com\/oesterreich\/243126-angst-in-wien-fpoe-gibt\/"],"_thumbnail_id":["82627"],"jnews_social_counter_last_update":["1777349998"],"_wptgpro_p2tg_sent2tg":["a:1:{i:23737;s:19:\"2025-04-23 18:05:49\";}"]},"categories":[19,23],"tags":[6178,30964,1002,26365,45272,31650,22652],"yoast_head":"<!-- This site is optimized with the Yoast SEO Premium plugin v22.7 (Yoast SEO v22.7) - https:\/\/yoast.com\/wordpress\/plugins\/seo\/ -->\n<title>Angst in Wien: FP\u00d6 gibt SP\u00d6 Mitschuld an \u00dcberf\u00e4llen - just-now.NEWS Deutschland<\/title>\n<meta name=\"robots\" content=\"index, follow, max-snippet:-1, max-image-preview:large, max-video-preview:-1\" \/>\n<link rel=\"canonical\" href=\"https:\/\/now-news.de\/de\/deutschland\/angst-in-wien-fpoe-gibt-spoe-mitschuld-an-ueberfaellen\/\" \/>\n<meta property=\"og:locale\" content=\"de_DE\" \/>\n<meta property=\"og:type\" content=\"article\" \/>\n<meta property=\"og:title\" content=\"Angst in Wien: FP\u00d6 gibt SP\u00d6 Mitschuld an \u00dcberf\u00e4llen\" \/>\n<meta property=\"og:description\" content=\"Nach dem brutalen \u00dcberfall auf ein 16-j\u00e4hriges M\u00e4dchen in Wien gibt die FP\u00d6 der SP\u00d6 die Schuld. Zwei Jugendliche \u2013 ein Syrer und ein Iraker \u2013 schlugen zu und filmten die Tat. Die FP\u00d6 fordert einen politischen Kurswechsel und macht die Zuwanderungspolitik der Stadt f\u00fcr die Gewalt verantwortlich. Ein brutaler Raub\u00fcberfall auf ein 16-j\u00e4hriges M\u00e4dchen [&hellip;]\" \/>\n<meta property=\"og:url\" content=\"https:\/\/now-news.de\/de\/deutschland\/angst-in-wien-fpoe-gibt-spoe-mitschuld-an-ueberfaellen\/\" \/>\n<meta property=\"og:site_name\" content=\"just-now.NEWS Deutschland\" \/>\n<meta property=\"article:publisher\" content=\"https:\/\/www.facebook.com\/wirmachenauf\" \/>\n<meta property=\"article:published_time\" content=\"2025-04-23T15:53:49+00:00\" \/>\n<meta property=\"og:image\" content=\"https:\/\/now-news.de\/de\/wp-content\/uploads\/sites\/3\/2025\/04\/6808ab5748fbef7eb60a02bf.jpg\" \/>\n<meta name=\"author\" content=\"rtnews\" \/>\n<meta name=\"twitter:card\" content=\"summary_large_image\" \/>\n<meta name=\"twitter:creator\" content=\"@WirMachenAuf_de\" \/>\n<meta name=\"twitter:site\" content=\"@WirMachenAuf_de\" \/>\n<meta name=\"twitter:label1\" content=\"Verfasst von\" \/>\n\t<meta name=\"twitter:data1\" content=\"rtnews\" \/>\n\t<meta name=\"twitter:label2\" content=\"Gesch\u00e4tzte Lesezeit\" \/>\n\t<meta name=\"twitter:data2\" content=\"2\u00a0Minuten\" \/>\n<script type=\"application\/ld+json\" class=\"yoast-schema-graph\">{\"@context\":\"https:\/\/schema.org\",\"@graph\":[{\"@type\":\"Article\",\"@id\":\"https:\/\/now-news.de\/de\/deutschland\/angst-in-wien-fpoe-gibt-spoe-mitschuld-an-ueberfaellen\/#article\",\"isPartOf\":{\"@id\":\"https:\/\/now-news.de\/de\/deutschland\/angst-in-wien-fpoe-gibt-spoe-mitschuld-an-ueberfaellen\/\"},\"author\":{\"name\":\"rtnews\",\"@id\":\"https:\/\/now-news.de\/de\/#\/schema\/person\/fb534a4e865501d8b3285208df34a9b5\"},\"headline\":\"Angst in Wien: FP\u00d6 gibt SP\u00d6 Mitschuld an \u00dcberf\u00e4llen\",\"datePublished\":\"2025-04-23T15:53:49+00:00\",\"dateModified\":\"2025-04-23T15:53:49+00:00\",\"mainEntityOfPage\":{\"@id\":\"https:\/\/now-news.de\/de\/deutschland\/angst-in-wien-fpoe-gibt-spoe-mitschuld-an-ueberfaellen\/\"},\"wordCount\":409,\"commentCount\":0,\"publisher\":{\"@id\":\"https:\/\/now-news.de\/de\/#organization\"},\"image\":{\"@id\":\"https:\/\/now-news.de\/de\/deutschland\/angst-in-wien-fpoe-gibt-spoe-mitschuld-an-ueberfaellen\/#primaryimage\"},\"thumbnailUrl\":\"https:\/\/now-news.de\/de\/wp-content\/uploads\/sites\/3\/2025\/04\/Angst-in-Wien-FPOe-gibt-SPOe-Mitschuld-an-Ueberfaellen.jpg\",\"keywords\":[\"Angst\",\"FP\u00d6\",\"gibt\",\"Mitschuld\",\"SP\u00d6\",\"\u00fcberfallen\",\"Wien\"],\"articleSection\":[\"Deutschland\",\"Russland\"],\"inLanguage\":\"de\",\"potentialAction\":[{\"@type\":\"CommentAction\",\"name\":\"Comment\",\"target\":[\"https:\/\/now-news.de\/de\/deutschland\/angst-in-wien-fpoe-gibt-spoe-mitschuld-an-ueberfaellen\/#respond\"]}]},{\"@type\":\"WebPage\",\"@id\":\"https:\/\/now-news.de\/de\/deutschland\/angst-in-wien-fpoe-gibt-spoe-mitschuld-an-ueberfaellen\/\",\"url\":\"https:\/\/now-news.de\/de\/deutschland\/angst-in-wien-fpoe-gibt-spoe-mitschuld-an-ueberfaellen\/\",\"name\":\"Angst in Wien: FP\u00d6 gibt SP\u00d6 Mitschuld an \u00dcberf\u00e4llen - just-now.NEWS Deutschland\",\"isPartOf\":{\"@id\":\"https:\/\/now-news.de\/de\/#website\"},\"primaryImageOfPage\":{\"@id\":\"https:\/\/now-news.de\/de\/deutschland\/angst-in-wien-fpoe-gibt-spoe-mitschuld-an-ueberfaellen\/#primaryimage\"},\"image\":{\"@id\":\"https:\/\/now-news.de\/de\/deutschland\/angst-in-wien-fpoe-gibt-spoe-mitschuld-an-ueberfaellen\/#primaryimage\"},\"thumbnailUrl\":\"https:\/\/now-news.de\/de\/wp-content\/uploads\/sites\/3\/2025\/04\/Angst-in-Wien-FPOe-gibt-SPOe-Mitschuld-an-Ueberfaellen.jpg\",\"datePublished\":\"2025-04-23T15:53:49+00:00\",\"dateModified\":\"2025-04-23T15:53:49+00:00\",\"breadcrumb\":{\"@id\":\"https:\/\/now-news.de\/de\/deutschland\/angst-in-wien-fpoe-gibt-spoe-mitschuld-an-ueberfaellen\/#breadcrumb\"},\"inLanguage\":\"de\",\"potentialAction\":[{\"@type\":\"ReadAction\",\"target\":[\"https:\/\/now-news.de\/de\/deutschland\/angst-in-wien-fpoe-gibt-spoe-mitschuld-an-ueberfaellen\/\"]}]},{\"@type\":\"ImageObject\",\"inLanguage\":\"de\",\"@id\":\"https:\/\/now-news.de\/de\/deutschland\/angst-in-wien-fpoe-gibt-spoe-mitschuld-an-ueberfaellen\/#primaryimage\",\"url\":\"https:\/\/now-news.de\/de\/wp-content\/uploads\/sites\/3\/2025\/04\/Angst-in-Wien-FPOe-gibt-SPOe-Mitschuld-an-Ueberfaellen.jpg\",\"contentUrl\":\"https:\/\/now-news.de\/de\/wp-content\/uploads\/sites\/3\/2025\/04\/Angst-in-Wien-FPOe-gibt-SPOe-Mitschuld-an-Ueberfaellen.jpg\",\"width\":460,\"height\":259,\"caption\":\"Angst in Wien: FP\u00d6 gibt SP\u00d6 Mitschuld an \u00dcberf\u00e4llen\"},{\"@type\":\"BreadcrumbList\",\"@id\":\"https:\/\/now-news.de\/de\/deutschland\/angst-in-wien-fpoe-gibt-spoe-mitschuld-an-ueberfaellen\/#breadcrumb\",\"itemListElement\":[{\"@type\":\"ListItem\",\"position\":1,\"name\":\"Home\",\"item\":\"https:\/\/now-news.de\/de\/\"},{\"@type\":\"ListItem\",\"position\":2,\"name\":\"Angst in Wien: FP\u00d6 gibt SP\u00d6 Mitschuld an \u00dcberf\u00e4llen\"}]},{\"@type\":\"WebSite\",\"@id\":\"https:\/\/now-news.de\/de\/#website\",\"url\":\"https:\/\/now-news.de\/de\/\",\"name\":\"just-now.NEWS Deutschland\",\"description\":\"Das Portal f\u00fcr unzensierte Nachrichten aus der Welt\",\"publisher\":{\"@id\":\"https:\/\/now-news.de\/de\/#organization\"},\"potentialAction\":[{\"@type\":\"SearchAction\",\"target\":{\"@type\":\"EntryPoint\",\"urlTemplate\":\"https:\/\/now-news.de\/de\/?s={search_term_string}\"},\"query-input\":\"required name=search_term_string\"}],\"inLanguage\":\"de\"},{\"@type\":\"Organization\",\"@id\":\"https:\/\/now-news.de\/de\/#organization\",\"name\":\"Just Now News\",\"url\":\"https:\/\/now-news.de\/de\/\",\"logo\":{\"@type\":\"ImageObject\",\"inLanguage\":\"de\",\"@id\":\"https:\/\/now-news.de\/de\/#\/schema\/logo\/image\/\",\"url\":\"http:\/\/just-now.news\/de\/wp-content\/uploads\/sites\/3\/2022\/04\/logo500x500.jpg\",\"contentUrl\":\"http:\/\/just-now.news\/de\/wp-content\/uploads\/sites\/3\/2022\/04\/logo500x500.jpg\",\"width\":500,\"height\":500,\"caption\":\"Just Now News\"},\"image\":{\"@id\":\"https:\/\/now-news.de\/de\/#\/schema\/logo\/image\/\"},\"sameAs\":[\"https:\/\/www.facebook.com\/wirmachenauf\",\"https:\/\/x.com\/WirMachenAuf_de\"]},{\"@type\":\"Person\",\"@id\":\"https:\/\/now-news.de\/de\/#\/schema\/person\/fb534a4e865501d8b3285208df34a9b5\",\"name\":\"rtnews\",\"image\":{\"@type\":\"ImageObject\",\"inLanguage\":\"de\",\"@id\":\"https:\/\/now-news.de\/de\/#\/schema\/person\/image\/\",\"url\":\"https:\/\/secure.gravatar.com\/avatar\/82aafea7d8127119dd649515f56e2117?s=96&d=mm&r=g\",\"contentUrl\":\"https:\/\/secure.gravatar.com\/avatar\/82aafea7d8127119dd649515f56e2117?s=96&d=mm&r=g\",\"caption\":\"rtnews\"},\"url\":\"https:\/\/now-news.de\/de\/author\/rnews\/\"}]}<\/script>\n<!-- \/ Yoast SEO Premium plugin. -->","yoast_head_json":{"title":"Angst in Wien: FP\u00d6 gibt SP\u00d6 Mitschuld an \u00dcberf\u00e4llen - just-now.NEWS Deutschland","robots":{"index":"index","follow":"follow","max-snippet":"max-snippet:-1","max-image-preview":"max-image-preview:large","max-video-preview":"max-video-preview:-1"},"canonical":"https:\/\/now-news.de\/de\/deutschland\/angst-in-wien-fpoe-gibt-spoe-mitschuld-an-ueberfaellen\/","og_locale":"de_DE","og_type":"article","og_title":"Angst in Wien: FP\u00d6 gibt SP\u00d6 Mitschuld an \u00dcberf\u00e4llen","og_description":"Nach dem brutalen \u00dcberfall auf ein 16-j\u00e4hriges M\u00e4dchen in Wien gibt die FP\u00d6 der SP\u00d6 die Schuld. Zwei Jugendliche \u2013 ein Syrer und ein Iraker \u2013 schlugen zu und filmten die Tat. Die FP\u00d6 fordert einen politischen Kurswechsel und macht die Zuwanderungspolitik der Stadt f\u00fcr die Gewalt verantwortlich. Ein brutaler Raub\u00fcberfall auf ein 16-j\u00e4hriges M\u00e4dchen [&hellip;]","og_url":"https:\/\/now-news.de\/de\/deutschland\/angst-in-wien-fpoe-gibt-spoe-mitschuld-an-ueberfaellen\/","og_site_name":"just-now.NEWS Deutschland","article_publisher":"https:\/\/www.facebook.com\/wirmachenauf","article_published_time":"2025-04-23T15:53:49+00:00","og_image":[{"url":"https:\/\/now-news.de\/de\/wp-content\/uploads\/sites\/3\/2025\/04\/6808ab5748fbef7eb60a02bf.jpg"}],"author":"rtnews","twitter_card":"summary_large_image","twitter_creator":"@WirMachenAuf_de","twitter_site":"@WirMachenAuf_de","twitter_misc":{"Verfasst von":"rtnews","Gesch\u00e4tzte Lesezeit":"2\u00a0Minuten"},"schema":{"@context":"https:\/\/schema.org","@graph":[{"@type":"Article","@id":"https:\/\/now-news.de\/de\/deutschland\/angst-in-wien-fpoe-gibt-spoe-mitschuld-an-ueberfaellen\/#article","isPartOf":{"@id":"https:\/\/now-news.de\/de\/deutschland\/angst-in-wien-fpoe-gibt-spoe-mitschuld-an-ueberfaellen\/"},"author":{"name":"rtnews","@id":"https:\/\/now-news.de\/de\/#\/schema\/person\/fb534a4e865501d8b3285208df34a9b5"},"headline":"Angst in Wien: FP\u00d6 gibt SP\u00d6 Mitschuld an \u00dcberf\u00e4llen","datePublished":"2025-04-23T15:53:49+00:00","dateModified":"2025-04-23T15:53:49+00:00","mainEntityOfPage":{"@id":"https:\/\/now-news.de\/de\/deutschland\/angst-in-wien-fpoe-gibt-spoe-mitschuld-an-ueberfaellen\/"},"wordCount":409,"commentCount":0,"publisher":{"@id":"https:\/\/now-news.de\/de\/#organization"},"image":{"@id":"https:\/\/now-news.de\/de\/deutschland\/angst-in-wien-fpoe-gibt-spoe-mitschuld-an-ueberfaellen\/#primaryimage"},"thumbnailUrl":"https:\/\/now-news.de\/de\/wp-content\/uploads\/sites\/3\/2025\/04\/Angst-in-Wien-FPOe-gibt-SPOe-Mitschuld-an-Ueberfaellen.jpg","keywords":["Angst","FP\u00d6","gibt","Mitschuld","SP\u00d6","\u00fcberfallen","Wien"],"articleSection":["Deutschland","Russland"],"inLanguage":"de","potentialAction":[{"@type":"CommentAction","name":"Comment","target":["https:\/\/now-news.de\/de\/deutschland\/angst-in-wien-fpoe-gibt-spoe-mitschuld-an-ueberfaellen\/#respond"]}]},{"@type":"WebPage","@id":"https:\/\/now-news.de\/de\/deutschland\/angst-in-wien-fpoe-gibt-spoe-mitschuld-an-ueberfaellen\/","url":"https:\/\/now-news.de\/de\/deutschland\/angst-in-wien-fpoe-gibt-spoe-mitschuld-an-ueberfaellen\/","name":"Angst in Wien: FP\u00d6 gibt SP\u00d6 Mitschuld an \u00dcberf\u00e4llen - just-now.NEWS Deutschland","isPartOf":{"@id":"https:\/\/now-news.de\/de\/#website"},"primaryImageOfPage":{"@id":"https:\/\/now-news.de\/de\/deutschland\/angst-in-wien-fpoe-gibt-spoe-mitschuld-an-ueberfaellen\/#primaryimage"},"image":{"@id":"https:\/\/now-news.de\/de\/deutschland\/angst-in-wien-fpoe-gibt-spoe-mitschuld-an-ueberfaellen\/#primaryimage"},"thumbnailUrl":"https:\/\/now-news.de\/de\/wp-content\/uploads\/sites\/3\/2025\/04\/Angst-in-Wien-FPOe-gibt-SPOe-Mitschuld-an-Ueberfaellen.jpg","datePublished":"2025-04-23T15:53:49+00:00","dateModified":"2025-04-23T15:53:49+00:00","breadcrumb":{"@id":"https:\/\/now-news.de\/de\/deutschland\/angst-in-wien-fpoe-gibt-spoe-mitschuld-an-ueberfaellen\/#breadcrumb"},"inLanguage":"de","potentialAction":[{"@type":"ReadAction","target":["https:\/\/now-news.de\/de\/deutschland\/angst-in-wien-fpoe-gibt-spoe-mitschuld-an-ueberfaellen\/"]}]},{"@type":"ImageObject","inLanguage":"de","@id":"https:\/\/now-news.de\/de\/deutschland\/angst-in-wien-fpoe-gibt-spoe-mitschuld-an-ueberfaellen\/#primaryimage","url":"https:\/\/now-news.de\/de\/wp-content\/uploads\/sites\/3\/2025\/04\/Angst-in-Wien-FPOe-gibt-SPOe-Mitschuld-an-Ueberfaellen.jpg","contentUrl":"https:\/\/now-news.de\/de\/wp-content\/uploads\/sites\/3\/2025\/04\/Angst-in-Wien-FPOe-gibt-SPOe-Mitschuld-an-Ueberfaellen.jpg","width":460,"height":259,"caption":"Angst in Wien: FP\u00d6 gibt SP\u00d6 Mitschuld an \u00dcberf\u00e4llen"},{"@type":"BreadcrumbList","@id":"https:\/\/now-news.de\/de\/deutschland\/angst-in-wien-fpoe-gibt-spoe-mitschuld-an-ueberfaellen\/#breadcrumb","itemListElement":[{"@type":"ListItem","position":1,"name":"Home","item":"https:\/\/now-news.de\/de\/"},{"@type":"ListItem","position":2,"name":"Angst in Wien: FP\u00d6 gibt SP\u00d6 Mitschuld an \u00dcberf\u00e4llen"}]},{"@type":"WebSite","@id":"https:\/\/now-news.de\/de\/#website","url":"https:\/\/now-news.de\/de\/","name":"just-now.NEWS Deutschland","description":"Das Portal f\u00fcr unzensierte Nachrichten aus der Welt","publisher":{"@id":"https:\/\/now-news.de\/de\/#organization"},"potentialAction":[{"@type":"SearchAction","target":{"@type":"EntryPoint","urlTemplate":"https:\/\/now-news.de\/de\/?s={search_term_string}"},"query-input":"required name=search_term_string"}],"inLanguage":"de"},{"@type":"Organization","@id":"https:\/\/now-news.de\/de\/#organization","name":"Just Now News","url":"https:\/\/now-news.de\/de\/","logo":{"@type":"ImageObject","inLanguage":"de","@id":"https:\/\/now-news.de\/de\/#\/schema\/logo\/image\/","url":"http:\/\/just-now.news\/de\/wp-content\/uploads\/sites\/3\/2022\/04\/logo500x500.jpg","contentUrl":"http:\/\/just-now.news\/de\/wp-content\/uploads\/sites\/3\/2022\/04\/logo500x500.jpg","width":500,"height":500,"caption":"Just Now News"},"image":{"@id":"https:\/\/now-news.de\/de\/#\/schema\/logo\/image\/"},"sameAs":["https:\/\/www.facebook.com\/wirmachenauf","https:\/\/x.com\/WirMachenAuf_de"]},{"@type":"Person","@id":"https:\/\/now-news.de\/de\/#\/schema\/person\/fb534a4e865501d8b3285208df34a9b5","name":"rtnews","image":{"@type":"ImageObject","inLanguage":"de","@id":"https:\/\/now-news.de\/de\/#\/schema\/person\/image\/","url":"https:\/\/secure.gravatar.com\/avatar\/82aafea7d8127119dd649515f56e2117?s=96&d=mm&r=g","contentUrl":"https:\/\/secure.gravatar.com\/avatar\/82aafea7d8127119dd649515f56e2117?s=96&d=mm&r=g","caption":"rtnews"},"url":"https:\/\/now-news.de\/de\/author\/rnews\/"}]}},"_links":{"self":[{"href":"https:\/\/now-news.de\/de\/wp-json\/wp\/v2\/posts\/82626"}],"collection":[{"href":"https:\/\/now-news.de\/de\/wp-json\/wp\/v2\/posts"}],"about":[{"href":"https:\/\/now-news.de\/de\/wp-json\/wp\/v2\/types\/post"}],"author":[{"embeddable":true,"href":"https:\/\/now-news.de\/de\/wp-json\/wp\/v2\/users\/3"}],"replies":[{"embeddable":true,"href":"https:\/\/now-news.de\/de\/wp-json\/wp\/v2\/comments?post=82626"}],"version-history":[{"count":0,"href":"https:\/\/now-news.de\/de\/wp-json\/wp\/v2\/posts\/82626\/revisions"}],"wp:featuredmedia":[{"embeddable":true,"href":"https:\/\/now-news.de\/de\/wp-json\/wp\/v2\/media\/82627"}],"wp:attachment":[{"href":"https:\/\/now-news.de\/de\/wp-json\/wp\/v2\/media?parent=82626"}],"wp:term":[{"taxonomy":"category","embeddable":true,"href":"https:\/\/now-news.de\/de\/wp-json\/wp\/v2\/categories?post=82626"},{"taxonomy":"post_tag","embeddable":true,"href":"https:\/\/now-news.de\/de\/wp-json\/wp\/v2\/tags?post=82626"}],"curies":[{"name":"wp","href":"https:\/\/api.w.org\/{rel}","templated":true}]}}