{"id":82618,"date":"2025-04-23T16:25:45","date_gmt":"2025-04-23T14:25:45","guid":{"rendered":"https:\/\/now-news.de\/de\/deutschland\/wall-street-journal-wef-startet-untersuchung-gegen-gruender-klaus-schwab\/"},"modified":"2025-04-23T16:25:45","modified_gmt":"2025-04-23T14:25:45","slug":"wall-street-journal-wef-startet-untersuchung-gegen-gruender-klaus-schwab","status":"publish","type":"post","link":"https:\/\/now-news.de\/de\/deutschland\/wall-street-journal-wef-startet-untersuchung-gegen-gruender-klaus-schwab\/","title":{"rendered":"Wall Street Journal: WEF startet Untersuchung gegen Gr\u00fcnder Klaus Schwab"},"content":{"rendered":"<p><img decoding=\"async\" src=\"https:\/\/now-news.de\/de\/wp-content\/uploads\/sites\/3\/2025\/04\/6808ee75b480cc55ea239e28.jpg\" \/><\/p>\n<div class=\"Text-root Text-type_1 \">\n                Anfang der Woche war der Gr\u00fcnder und Ex-Vorsitzende des Weltwirtschaftsforums ohne Angabe von Gr\u00fcnden zur\u00fcckgetreten. Nun wurde bekannt, dass seitens der Organisation neue schwere Anschuldigungen gegen ihn gepr\u00fcft werden.\n            <\/div>\n<p><\/p>\n<div class=\"Text-root Text-type_5 ArticleView-text ViewText-root \">\n<p>Das Weltwirtschaftsforum (WEF) hat, so berichtete das\u00a0<em>Wall Street Journal (WSJ)<\/em>\u00a0unter Berufung auf eine Erkl\u00e4rung der Organisation am Dienstag, eine internationale Untersuchung eingeleitet, um Vorw\u00fcrfe von Whistleblowern zu Fehlverhalten zu \u00fcberpr\u00fcfen, die seinen Gr\u00fcnder und ehemaligen Vorsitzenden Klaus Schwab betreffen.<\/p>\n<p>Der Bericht erschien am Tag nach Schwabs R\u00fccktritt als Vorsitzender des Aufsichtsrats des WEF, ohne jede \u00f6ffentliche Begr\u00fcndung. Sein R\u00fccktritt beendete mehr als 50 Jahre an der Spitze des WEF, das er 1971 gegr\u00fcndet hatte und zu dem einflussreichen Gastgeber des j\u00e4hrlichen Davoser Treffens von Staatschefs und Konzerngr\u00f6\u00dfen machte.<\/p>\n<p>Laut\u00a0<em>WSJ<\/em>\u00a0hatte die F\u00fchrung des WEF in der letzten Woche ein anonymes Schreiben erhalten, das von aktuellen und ehemaligen Besch\u00e4ftigten stammen soll und Schwab und seiner Frau Hilde \u2013 ebenfalls eine ehemalige WEF-Angestellte \u2013 finanzielles und ethisches Fehlverhalten vorwirft. Dem Brief zufolge hatte Schwab die Mittel der Organisation f\u00fcr pers\u00f6nliche Ausgaben genutzt und j\u00fcngere Mitarbeiter angewiesen, Geld f\u00fcr private Zwecke abzuheben, darunter Massagen auf Dienstreisen. Darin wurde auch behauptet, Hilde Schwab habe Gelder des WEF f\u00fcr Aufenthalte in Luxushotels auf privaten Reisen verwandt.<\/p>\n<p>Der Brief erweckte zus\u00e4tzliche Bedenken, Schwabs F\u00fchrung betreffend, darunter die Aussage, er habe eine Arbeitsplatzumgebung geschaffen, in der nichts gegen sexuelle Bel\u00e4stigung und diskriminierendes Verhalten unternommen wurde.<\/p>\n<p>Quellen im WEF sagten der Zeitung, der Vorstand sei am Ostersonntag zu einer Notfallsitzung zusammengekommen und habe beschlossen, eine Untersuchung zu er\u00f6ffnen, was Schwab dazu gebracht habe, zur\u00fcckzutreten \u2013 trotz fr\u00fcherer Pl\u00e4ne, die F\u00fchrung schrittweise bis 2027 abzugeben.<\/p>\n<p>In einer Erkl\u00e4rung best\u00e4tigte das WEF die einstimmige Entscheidung des Vorstands nach einer externen Rechtsberatung, eine unabh\u00e4ngige Untersuchung anzustreben. Die Organisation f\u00fcgte jedoch hinzu, dass die Vorw\u00fcrfe, auch wenn sie ernst genommen w\u00fcrden,\u00a0<em>&#8220;unbewiesen bleiben&#8221;<\/em>\u00a0und sie\u00a0<em>&#8220;vor weiteren Kommentaren auf das Ergebnis der Untersuchung wartet&#8221;<\/em>.<\/p>\n<p>Ein Sprecher der Schwabs wies die Anschuldigungen zur\u00fcck und erkl\u00e4rte, die Familie habe der Organisation pers\u00f6nliche Ausgaben w\u00e4hrend der Gesch\u00e4ftsreisen immer zur\u00fcckgezahlt. Der Sprecher f\u00fcgte hinzu, dass Schwab beabsichtige, jene, die f\u00fcr das Schreiben verantwortlich seien und\u00a0<em>&#8220;jeden, der diese Unwahrheiten verbreitet&#8221;<\/em>, zu verklagen und f\u00fcgte hinzu, Schwab habe auf eine Pension von 5 Millionen Schweizer Franken vom WEF verzichtet, um guten Willen zu beweisen.<\/p>\n<p>Bereits im vergangenen Jahr hatte es \u00e4hnliche Vorw\u00fcrfe bezogen auf ein toxisches Arbeitsklima, sexuelle Bel\u00e4stigungen und rassistische Diskriminierungen beim WEF gegeben. Im M\u00e4rz hatte die Organisation ihren Sponsoren gegen\u00fcber\u00a0erkl\u00e4rt, dass eine \u00dcberpr\u00fcfung der fr\u00fcheren Vorw\u00fcrfe keine Rechtsverst\u00f6\u00dfe gefunden und kein Fehlverhalten von Schwab best\u00e4tigt habe.<\/p>\n<p><strong>Mehr zum Thema<\/strong> &#8211;\u00a0<a rel=\"nofollow noopener\" target=\"_blank\" href=\"https:\/\/freedert.online\/meinung\/243097-sag-mir-wo-globalisten-sind\/\">Sag mir, wo die Globalisten sind \u2013 Wo sind sie geblieben?<\/a><\/p>\n<div class=\"EmbedBlock-root EmbedBlock-externalVideo EmbedBlock-rumble\">\n<div class=\"VkEmbed\"><iframe class=\"lazyload\" data-src=\"https:\/\/rumble.com\/embed\/v69y76j\" frameborder=\"0\" width=\"853\" height=\"480\" allowfullscreen><\/iframe><\/div>\n<\/div>\n<\/div>\n<p><br \/>\n<br \/><a href=\"https:\/\/de.rt.com\/europa\/243175-wall-street-journal-wef-startet\/\">Source link <\/a><\/p>\n","protected":false},"excerpt":{"rendered":"<p>Anfang der Woche war der Gr\u00fcnder und Ex-Vorsitzende des Weltwirtschaftsforums ohne Angabe von Gr\u00fcnden zur\u00fcckgetreten. Nun wurde bekannt, dass seitens der Organisation neue schwere Anschuldigungen gegen ihn gepr\u00fcft werden. Das Weltwirtschaftsforum (WEF) hat, so berichtete das\u00a0Wall Street Journal (WSJ)\u00a0unter Berufung auf eine Erkl\u00e4rung der Organisation am Dienstag, eine internationale Untersuchung eingeleitet, um Vorw\u00fcrfe von Whistleblowern [&hellip;]<\/p>\n","protected":false},"author":3,"featured_media":82619,"comment_status":"open","ping_status":"open","sticky":false,"template":"","format":"standard","meta":{"_yoast_indexnow_last_ping":["1745418530"],"wp_automatic_camp":["217"],"24fb197ef89be915c7d6e0c590ad9f8f":["Wall Street Journal: WEF startet Untersuchung gegen Gr\u00fcnder Klaus Schwab"],"original_link":["https:\/\/de.rt.com\/europa\/243175-wall-street-journal-wef-startet\/"],"_thumbnail_id":["82619"],"jnews_social_counter_last_update":["1777327349"],"_wptgpro_p2tg_sent2tg":["a:1:{i:23737;s:19:\"2025-04-23 16:29:46\";}"]},"categories":[19,23],"tags":[278,7535,5558,57,58,1338,1156,7226,5557,206],"yoast_head":"<!-- This site is optimized with the Yoast SEO Premium plugin v22.7 (Yoast SEO v22.7) - https:\/\/yoast.com\/wordpress\/plugins\/seo\/ -->\n<title>Wall Street Journal: WEF startet Untersuchung gegen Gr\u00fcnder Klaus Schwab - just-now.NEWS Deutschland<\/title>\n<meta name=\"robots\" content=\"index, follow, max-snippet:-1, max-image-preview:large, max-video-preview:-1\" \/>\n<link rel=\"canonical\" href=\"https:\/\/now-news.de\/de\/deutschland\/wall-street-journal-wef-startet-untersuchung-gegen-gruender-klaus-schwab\/\" \/>\n<meta property=\"og:locale\" content=\"de_DE\" \/>\n<meta property=\"og:type\" content=\"article\" \/>\n<meta property=\"og:title\" content=\"Wall Street Journal: WEF startet Untersuchung gegen Gr\u00fcnder Klaus Schwab\" \/>\n<meta property=\"og:description\" content=\"Anfang der Woche war der Gr\u00fcnder und Ex-Vorsitzende des Weltwirtschaftsforums ohne Angabe von Gr\u00fcnden zur\u00fcckgetreten. Nun wurde bekannt, dass seitens der Organisation neue schwere Anschuldigungen gegen ihn gepr\u00fcft werden. Das Weltwirtschaftsforum (WEF) hat, so berichtete das\u00a0Wall Street Journal (WSJ)\u00a0unter Berufung auf eine Erkl\u00e4rung der Organisation am Dienstag, eine internationale Untersuchung eingeleitet, um Vorw\u00fcrfe von Whistleblowern [&hellip;]\" \/>\n<meta property=\"og:url\" content=\"https:\/\/now-news.de\/de\/deutschland\/wall-street-journal-wef-startet-untersuchung-gegen-gruender-klaus-schwab\/\" \/>\n<meta property=\"og:site_name\" content=\"just-now.NEWS Deutschland\" \/>\n<meta property=\"article:publisher\" content=\"https:\/\/www.facebook.com\/wirmachenauf\" \/>\n<meta property=\"article:published_time\" content=\"2025-04-23T14:25:45+00:00\" \/>\n<meta property=\"og:image\" content=\"https:\/\/now-news.de\/de\/wp-content\/uploads\/sites\/3\/2025\/04\/6808ee75b480cc55ea239e28.jpg\" \/>\n<meta name=\"author\" content=\"rtnews\" \/>\n<meta name=\"twitter:card\" content=\"summary_large_image\" \/>\n<meta name=\"twitter:creator\" content=\"@WirMachenAuf_de\" \/>\n<meta name=\"twitter:site\" content=\"@WirMachenAuf_de\" \/>\n<meta name=\"twitter:label1\" content=\"Verfasst von\" \/>\n\t<meta name=\"twitter:data1\" content=\"rtnews\" \/>\n\t<meta name=\"twitter:label2\" content=\"Gesch\u00e4tzte Lesezeit\" \/>\n\t<meta name=\"twitter:data2\" content=\"2\u00a0Minuten\" \/>\n<script type=\"application\/ld+json\" class=\"yoast-schema-graph\">{\"@context\":\"https:\/\/schema.org\",\"@graph\":[{\"@type\":\"Article\",\"@id\":\"https:\/\/now-news.de\/de\/deutschland\/wall-street-journal-wef-startet-untersuchung-gegen-gruender-klaus-schwab\/#article\",\"isPartOf\":{\"@id\":\"https:\/\/now-news.de\/de\/deutschland\/wall-street-journal-wef-startet-untersuchung-gegen-gruender-klaus-schwab\/\"},\"author\":{\"name\":\"rtnews\",\"@id\":\"https:\/\/now-news.de\/de\/#\/schema\/person\/fb534a4e865501d8b3285208df34a9b5\"},\"headline\":\"Wall Street Journal: WEF startet Untersuchung gegen Gr\u00fcnder Klaus Schwab\",\"datePublished\":\"2025-04-23T14:25:45+00:00\",\"dateModified\":\"2025-04-23T14:25:45+00:00\",\"mainEntityOfPage\":{\"@id\":\"https:\/\/now-news.de\/de\/deutschland\/wall-street-journal-wef-startet-untersuchung-gegen-gruender-klaus-schwab\/\"},\"wordCount\":500,\"commentCount\":0,\"publisher\":{\"@id\":\"https:\/\/now-news.de\/de\/#organization\"},\"image\":{\"@id\":\"https:\/\/now-news.de\/de\/deutschland\/wall-street-journal-wef-startet-untersuchung-gegen-gruender-klaus-schwab\/#primaryimage\"},\"thumbnailUrl\":\"https:\/\/now-news.de\/de\/wp-content\/uploads\/sites\/3\/2025\/04\/Wall-Street-Journal-WEF-startet-Untersuchung-gegen-Gruender-Klaus-Schwab.jpg\",\"keywords\":[\"gegen\",\"Gr\u00fcnder\",\"Journal\",\"Klaus\",\"Schwab\",\"startet\",\"Street\",\"Untersuchung\",\"Wall\",\"WEF\"],\"articleSection\":[\"Deutschland\",\"Russland\"],\"inLanguage\":\"de\",\"potentialAction\":[{\"@type\":\"CommentAction\",\"name\":\"Comment\",\"target\":[\"https:\/\/now-news.de\/de\/deutschland\/wall-street-journal-wef-startet-untersuchung-gegen-gruender-klaus-schwab\/#respond\"]}]},{\"@type\":\"WebPage\",\"@id\":\"https:\/\/now-news.de\/de\/deutschland\/wall-street-journal-wef-startet-untersuchung-gegen-gruender-klaus-schwab\/\",\"url\":\"https:\/\/now-news.de\/de\/deutschland\/wall-street-journal-wef-startet-untersuchung-gegen-gruender-klaus-schwab\/\",\"name\":\"Wall Street Journal: WEF startet Untersuchung gegen Gr\u00fcnder Klaus Schwab - just-now.NEWS Deutschland\",\"isPartOf\":{\"@id\":\"https:\/\/now-news.de\/de\/#website\"},\"primaryImageOfPage\":{\"@id\":\"https:\/\/now-news.de\/de\/deutschland\/wall-street-journal-wef-startet-untersuchung-gegen-gruender-klaus-schwab\/#primaryimage\"},\"image\":{\"@id\":\"https:\/\/now-news.de\/de\/deutschland\/wall-street-journal-wef-startet-untersuchung-gegen-gruender-klaus-schwab\/#primaryimage\"},\"thumbnailUrl\":\"https:\/\/now-news.de\/de\/wp-content\/uploads\/sites\/3\/2025\/04\/Wall-Street-Journal-WEF-startet-Untersuchung-gegen-Gruender-Klaus-Schwab.jpg\",\"datePublished\":\"2025-04-23T14:25:45+00:00\",\"dateModified\":\"2025-04-23T14:25:45+00:00\",\"breadcrumb\":{\"@id\":\"https:\/\/now-news.de\/de\/deutschland\/wall-street-journal-wef-startet-untersuchung-gegen-gruender-klaus-schwab\/#breadcrumb\"},\"inLanguage\":\"de\",\"potentialAction\":[{\"@type\":\"ReadAction\",\"target\":[\"https:\/\/now-news.de\/de\/deutschland\/wall-street-journal-wef-startet-untersuchung-gegen-gruender-klaus-schwab\/\"]}]},{\"@type\":\"ImageObject\",\"inLanguage\":\"de\",\"@id\":\"https:\/\/now-news.de\/de\/deutschland\/wall-street-journal-wef-startet-untersuchung-gegen-gruender-klaus-schwab\/#primaryimage\",\"url\":\"https:\/\/now-news.de\/de\/wp-content\/uploads\/sites\/3\/2025\/04\/Wall-Street-Journal-WEF-startet-Untersuchung-gegen-Gruender-Klaus-Schwab.jpg\",\"contentUrl\":\"https:\/\/now-news.de\/de\/wp-content\/uploads\/sites\/3\/2025\/04\/Wall-Street-Journal-WEF-startet-Untersuchung-gegen-Gruender-Klaus-Schwab.jpg\",\"width\":460,\"height\":259,\"caption\":\"Wall Street Journal: WEF startet Untersuchung gegen Gr\u00fcnder Klaus Schwab\"},{\"@type\":\"BreadcrumbList\",\"@id\":\"https:\/\/now-news.de\/de\/deutschland\/wall-street-journal-wef-startet-untersuchung-gegen-gruender-klaus-schwab\/#breadcrumb\",\"itemListElement\":[{\"@type\":\"ListItem\",\"position\":1,\"name\":\"Home\",\"item\":\"https:\/\/now-news.de\/de\/\"},{\"@type\":\"ListItem\",\"position\":2,\"name\":\"Wall Street Journal: WEF startet Untersuchung gegen Gr\u00fcnder Klaus Schwab\"}]},{\"@type\":\"WebSite\",\"@id\":\"https:\/\/now-news.de\/de\/#website\",\"url\":\"https:\/\/now-news.de\/de\/\",\"name\":\"just-now.NEWS Deutschland\",\"description\":\"Das Portal f\u00fcr unzensierte Nachrichten aus der Welt\",\"publisher\":{\"@id\":\"https:\/\/now-news.de\/de\/#organization\"},\"potentialAction\":[{\"@type\":\"SearchAction\",\"target\":{\"@type\":\"EntryPoint\",\"urlTemplate\":\"https:\/\/now-news.de\/de\/?s={search_term_string}\"},\"query-input\":\"required name=search_term_string\"}],\"inLanguage\":\"de\"},{\"@type\":\"Organization\",\"@id\":\"https:\/\/now-news.de\/de\/#organization\",\"name\":\"Just Now News\",\"url\":\"https:\/\/now-news.de\/de\/\",\"logo\":{\"@type\":\"ImageObject\",\"inLanguage\":\"de\",\"@id\":\"https:\/\/now-news.de\/de\/#\/schema\/logo\/image\/\",\"url\":\"http:\/\/just-now.news\/de\/wp-content\/uploads\/sites\/3\/2022\/04\/logo500x500.jpg\",\"contentUrl\":\"http:\/\/just-now.news\/de\/wp-content\/uploads\/sites\/3\/2022\/04\/logo500x500.jpg\",\"width\":500,\"height\":500,\"caption\":\"Just Now News\"},\"image\":{\"@id\":\"https:\/\/now-news.de\/de\/#\/schema\/logo\/image\/\"},\"sameAs\":[\"https:\/\/www.facebook.com\/wirmachenauf\",\"https:\/\/x.com\/WirMachenAuf_de\"]},{\"@type\":\"Person\",\"@id\":\"https:\/\/now-news.de\/de\/#\/schema\/person\/fb534a4e865501d8b3285208df34a9b5\",\"name\":\"rtnews\",\"image\":{\"@type\":\"ImageObject\",\"inLanguage\":\"de\",\"@id\":\"https:\/\/now-news.de\/de\/#\/schema\/person\/image\/\",\"url\":\"https:\/\/secure.gravatar.com\/avatar\/82aafea7d8127119dd649515f56e2117?s=96&d=mm&r=g\",\"contentUrl\":\"https:\/\/secure.gravatar.com\/avatar\/82aafea7d8127119dd649515f56e2117?s=96&d=mm&r=g\",\"caption\":\"rtnews\"},\"url\":\"https:\/\/now-news.de\/de\/author\/rnews\/\"}]}<\/script>\n<!-- \/ Yoast SEO Premium plugin. -->","yoast_head_json":{"title":"Wall Street Journal: WEF startet Untersuchung gegen Gr\u00fcnder Klaus Schwab - just-now.NEWS Deutschland","robots":{"index":"index","follow":"follow","max-snippet":"max-snippet:-1","max-image-preview":"max-image-preview:large","max-video-preview":"max-video-preview:-1"},"canonical":"https:\/\/now-news.de\/de\/deutschland\/wall-street-journal-wef-startet-untersuchung-gegen-gruender-klaus-schwab\/","og_locale":"de_DE","og_type":"article","og_title":"Wall Street Journal: WEF startet Untersuchung gegen Gr\u00fcnder Klaus Schwab","og_description":"Anfang der Woche war der Gr\u00fcnder und Ex-Vorsitzende des Weltwirtschaftsforums ohne Angabe von Gr\u00fcnden zur\u00fcckgetreten. Nun wurde bekannt, dass seitens der Organisation neue schwere Anschuldigungen gegen ihn gepr\u00fcft werden. Das Weltwirtschaftsforum (WEF) hat, so berichtete das\u00a0Wall Street Journal (WSJ)\u00a0unter Berufung auf eine Erkl\u00e4rung der Organisation am Dienstag, eine internationale Untersuchung eingeleitet, um Vorw\u00fcrfe von Whistleblowern [&hellip;]","og_url":"https:\/\/now-news.de\/de\/deutschland\/wall-street-journal-wef-startet-untersuchung-gegen-gruender-klaus-schwab\/","og_site_name":"just-now.NEWS Deutschland","article_publisher":"https:\/\/www.facebook.com\/wirmachenauf","article_published_time":"2025-04-23T14:25:45+00:00","og_image":[{"url":"https:\/\/now-news.de\/de\/wp-content\/uploads\/sites\/3\/2025\/04\/6808ee75b480cc55ea239e28.jpg"}],"author":"rtnews","twitter_card":"summary_large_image","twitter_creator":"@WirMachenAuf_de","twitter_site":"@WirMachenAuf_de","twitter_misc":{"Verfasst von":"rtnews","Gesch\u00e4tzte Lesezeit":"2\u00a0Minuten"},"schema":{"@context":"https:\/\/schema.org","@graph":[{"@type":"Article","@id":"https:\/\/now-news.de\/de\/deutschland\/wall-street-journal-wef-startet-untersuchung-gegen-gruender-klaus-schwab\/#article","isPartOf":{"@id":"https:\/\/now-news.de\/de\/deutschland\/wall-street-journal-wef-startet-untersuchung-gegen-gruender-klaus-schwab\/"},"author":{"name":"rtnews","@id":"https:\/\/now-news.de\/de\/#\/schema\/person\/fb534a4e865501d8b3285208df34a9b5"},"headline":"Wall Street Journal: WEF startet Untersuchung gegen Gr\u00fcnder Klaus Schwab","datePublished":"2025-04-23T14:25:45+00:00","dateModified":"2025-04-23T14:25:45+00:00","mainEntityOfPage":{"@id":"https:\/\/now-news.de\/de\/deutschland\/wall-street-journal-wef-startet-untersuchung-gegen-gruender-klaus-schwab\/"},"wordCount":500,"commentCount":0,"publisher":{"@id":"https:\/\/now-news.de\/de\/#organization"},"image":{"@id":"https:\/\/now-news.de\/de\/deutschland\/wall-street-journal-wef-startet-untersuchung-gegen-gruender-klaus-schwab\/#primaryimage"},"thumbnailUrl":"https:\/\/now-news.de\/de\/wp-content\/uploads\/sites\/3\/2025\/04\/Wall-Street-Journal-WEF-startet-Untersuchung-gegen-Gruender-Klaus-Schwab.jpg","keywords":["gegen","Gr\u00fcnder","Journal","Klaus","Schwab","startet","Street","Untersuchung","Wall","WEF"],"articleSection":["Deutschland","Russland"],"inLanguage":"de","potentialAction":[{"@type":"CommentAction","name":"Comment","target":["https:\/\/now-news.de\/de\/deutschland\/wall-street-journal-wef-startet-untersuchung-gegen-gruender-klaus-schwab\/#respond"]}]},{"@type":"WebPage","@id":"https:\/\/now-news.de\/de\/deutschland\/wall-street-journal-wef-startet-untersuchung-gegen-gruender-klaus-schwab\/","url":"https:\/\/now-news.de\/de\/deutschland\/wall-street-journal-wef-startet-untersuchung-gegen-gruender-klaus-schwab\/","name":"Wall Street Journal: WEF startet Untersuchung gegen Gr\u00fcnder Klaus Schwab - just-now.NEWS Deutschland","isPartOf":{"@id":"https:\/\/now-news.de\/de\/#website"},"primaryImageOfPage":{"@id":"https:\/\/now-news.de\/de\/deutschland\/wall-street-journal-wef-startet-untersuchung-gegen-gruender-klaus-schwab\/#primaryimage"},"image":{"@id":"https:\/\/now-news.de\/de\/deutschland\/wall-street-journal-wef-startet-untersuchung-gegen-gruender-klaus-schwab\/#primaryimage"},"thumbnailUrl":"https:\/\/now-news.de\/de\/wp-content\/uploads\/sites\/3\/2025\/04\/Wall-Street-Journal-WEF-startet-Untersuchung-gegen-Gruender-Klaus-Schwab.jpg","datePublished":"2025-04-23T14:25:45+00:00","dateModified":"2025-04-23T14:25:45+00:00","breadcrumb":{"@id":"https:\/\/now-news.de\/de\/deutschland\/wall-street-journal-wef-startet-untersuchung-gegen-gruender-klaus-schwab\/#breadcrumb"},"inLanguage":"de","potentialAction":[{"@type":"ReadAction","target":["https:\/\/now-news.de\/de\/deutschland\/wall-street-journal-wef-startet-untersuchung-gegen-gruender-klaus-schwab\/"]}]},{"@type":"ImageObject","inLanguage":"de","@id":"https:\/\/now-news.de\/de\/deutschland\/wall-street-journal-wef-startet-untersuchung-gegen-gruender-klaus-schwab\/#primaryimage","url":"https:\/\/now-news.de\/de\/wp-content\/uploads\/sites\/3\/2025\/04\/Wall-Street-Journal-WEF-startet-Untersuchung-gegen-Gruender-Klaus-Schwab.jpg","contentUrl":"https:\/\/now-news.de\/de\/wp-content\/uploads\/sites\/3\/2025\/04\/Wall-Street-Journal-WEF-startet-Untersuchung-gegen-Gruender-Klaus-Schwab.jpg","width":460,"height":259,"caption":"Wall Street Journal: WEF startet Untersuchung gegen Gr\u00fcnder Klaus Schwab"},{"@type":"BreadcrumbList","@id":"https:\/\/now-news.de\/de\/deutschland\/wall-street-journal-wef-startet-untersuchung-gegen-gruender-klaus-schwab\/#breadcrumb","itemListElement":[{"@type":"ListItem","position":1,"name":"Home","item":"https:\/\/now-news.de\/de\/"},{"@type":"ListItem","position":2,"name":"Wall Street Journal: WEF startet Untersuchung gegen Gr\u00fcnder Klaus Schwab"}]},{"@type":"WebSite","@id":"https:\/\/now-news.de\/de\/#website","url":"https:\/\/now-news.de\/de\/","name":"just-now.NEWS Deutschland","description":"Das Portal f\u00fcr unzensierte Nachrichten aus der Welt","publisher":{"@id":"https:\/\/now-news.de\/de\/#organization"},"potentialAction":[{"@type":"SearchAction","target":{"@type":"EntryPoint","urlTemplate":"https:\/\/now-news.de\/de\/?s={search_term_string}"},"query-input":"required name=search_term_string"}],"inLanguage":"de"},{"@type":"Organization","@id":"https:\/\/now-news.de\/de\/#organization","name":"Just Now News","url":"https:\/\/now-news.de\/de\/","logo":{"@type":"ImageObject","inLanguage":"de","@id":"https:\/\/now-news.de\/de\/#\/schema\/logo\/image\/","url":"http:\/\/just-now.news\/de\/wp-content\/uploads\/sites\/3\/2022\/04\/logo500x500.jpg","contentUrl":"http:\/\/just-now.news\/de\/wp-content\/uploads\/sites\/3\/2022\/04\/logo500x500.jpg","width":500,"height":500,"caption":"Just Now News"},"image":{"@id":"https:\/\/now-news.de\/de\/#\/schema\/logo\/image\/"},"sameAs":["https:\/\/www.facebook.com\/wirmachenauf","https:\/\/x.com\/WirMachenAuf_de"]},{"@type":"Person","@id":"https:\/\/now-news.de\/de\/#\/schema\/person\/fb534a4e865501d8b3285208df34a9b5","name":"rtnews","image":{"@type":"ImageObject","inLanguage":"de","@id":"https:\/\/now-news.de\/de\/#\/schema\/person\/image\/","url":"https:\/\/secure.gravatar.com\/avatar\/82aafea7d8127119dd649515f56e2117?s=96&d=mm&r=g","contentUrl":"https:\/\/secure.gravatar.com\/avatar\/82aafea7d8127119dd649515f56e2117?s=96&d=mm&r=g","caption":"rtnews"},"url":"https:\/\/now-news.de\/de\/author\/rnews\/"}]}},"_links":{"self":[{"href":"https:\/\/now-news.de\/de\/wp-json\/wp\/v2\/posts\/82618"}],"collection":[{"href":"https:\/\/now-news.de\/de\/wp-json\/wp\/v2\/posts"}],"about":[{"href":"https:\/\/now-news.de\/de\/wp-json\/wp\/v2\/types\/post"}],"author":[{"embeddable":true,"href":"https:\/\/now-news.de\/de\/wp-json\/wp\/v2\/users\/3"}],"replies":[{"embeddable":true,"href":"https:\/\/now-news.de\/de\/wp-json\/wp\/v2\/comments?post=82618"}],"version-history":[{"count":0,"href":"https:\/\/now-news.de\/de\/wp-json\/wp\/v2\/posts\/82618\/revisions"}],"wp:featuredmedia":[{"embeddable":true,"href":"https:\/\/now-news.de\/de\/wp-json\/wp\/v2\/media\/82619"}],"wp:attachment":[{"href":"https:\/\/now-news.de\/de\/wp-json\/wp\/v2\/media?parent=82618"}],"wp:term":[{"taxonomy":"category","embeddable":true,"href":"https:\/\/now-news.de\/de\/wp-json\/wp\/v2\/categories?post=82618"},{"taxonomy":"post_tag","embeddable":true,"href":"https:\/\/now-news.de\/de\/wp-json\/wp\/v2\/tags?post=82618"}],"curies":[{"name":"wp","href":"https:\/\/api.w.org\/{rel}","templated":true}]}}