{"id":82604,"date":"2025-04-23T11:45:38","date_gmt":"2025-04-23T09:45:38","guid":{"rendered":"https:\/\/now-news.de\/de\/deutschland\/sag-mir-wo-die-globalisten-sind-wo-sind-sie-geblieben\/"},"modified":"2025-04-23T11:45:38","modified_gmt":"2025-04-23T09:45:38","slug":"sag-mir-wo-die-globalisten-sind-wo-sind-sie-geblieben","status":"publish","type":"post","link":"https:\/\/now-news.de\/de\/deutschland\/sag-mir-wo-die-globalisten-sind-wo-sind-sie-geblieben\/","title":{"rendered":"Sag mir, wo die Globalisten sind \u2013 Wo sind sie geblieben?"},"content":{"rendered":"<p><img decoding=\"async\" src=\"https:\/\/now-news.de\/de\/wp-content\/uploads\/sites\/3\/2025\/04\/68083ab5b480cc1a1c579588.jpg\" \/><\/p>\n<div class=\"Text-root Text-type_1 \">\n                Ist eine Epoche angebrochen, in der die Patriarchen des Globalismus beginnen, die Welt als B\u00fchne zu verlassen? Manche sterben, manche werden von ihren Posten verdr\u00e4ngt. Ist dies mit dem gegenw\u00e4rtigen &#8220;Trumpismus&#8221; verbunden? Oder l\u00e4uft gleiches, nur mit anderen Mitteln?\n            <\/div>\n<p><\/p>\n<div class=\"Text-root Text-type_5 ArticleView-text ViewText-root \">\n<p><em>Von Elem Chintsky<\/em><\/p>\n<p>Das Oberhaupt der r\u00f6misch-katholischen Kirche \u2013 Papst Franziskus \u2013 ist am Ostermontag im Alter von 88 Jahren verstorben. Im Jahr 2013 \u00fcbernahm der mit b\u00fcrgerlichen Namen bis dahin als Jorge Mario Bergoglio bekannte das Amt des Bischofs von Rom. So l\u00f6ste er auch den deutschen Papst Benedikt XVI. (Joseph Ratzinger) ab, der aus gesundheitlichen Gr\u00fcnden zur\u00fcckgetreten war, bevor er selbst im Jahr 2022 starb. Damit wurde Bergoglio auch der erste Jesuit, dem diese Position des &#8220;Stellvertreters Jesu Christi&#8221; zugewiesen wurde.<\/p>\n<p>Geradezu zeitgleich f\u00fchlte sich der &#8220;Papst des Great Resets&#8221;, Klaus Schwab, dazu bewegt, seinen heiligen Stuhl in Davos aufzugeben. Dies war bereits weit im Voraus angek\u00fcndigt, traf aber viele Beobachter dennoch unvorbereitet. In beiden F\u00e4llen wird derzeit hei\u00df spekuliert, wer die Nachfolger sein werden und inwieweit sie den Pr\u00e4missen des Globalismus gerecht werden k\u00f6nnten.<\/p>\n<p>Beim WEF-Sessel sei bereits ein Anw\u00e4rter festgelegt worden, der schon kommissarisch im Posten aktiv ist: Peter Brabeck-Letmathe. Manche m\u00f6gen ihn noch aus der Doku &#8220;We feed the World&#8221; aus dem Jahr 2005 wiedererkennen. Damals hatte der \u00f6sterreichische Manager als Nestl\u00e9-Gesch\u00e4ftsf\u00fchrer gleichm\u00fctig dar\u00fcber fabuliert, &#8220;ob wir die normale Wasserversorgung der Bev\u00f6lkerung privatisieren oder nicht&#8221;. Die Position, dass Wasser einem &#8220;\u00f6ffentlichen Recht&#8221; zugerechnet wird, empfand Brabeck-Letmathe als &#8220;politisch extreme Idee&#8221;. Das WEF scheint demnach &#8220;in guten H\u00e4nden&#8221; zu sein, ohne dass man gro\u00dfe klassisch linke oder libert\u00e4re Reformen erwarten m\u00fcsste.<br \/>Delete<\/p>\n<p>Gab es in letzter Zeit andere Abg\u00e4nge aus dem globalistischen Pantheon, die der Rede wert w\u00e4ren? Sicherlich. Zum einen der US-Sicherheitsberater und neoliberale Prophet und Architekt der imperialistischen Afghanistan- und Ukraine-Projekte, Zbigniew Brzezi\u0144ski (M\u00e4rz 1928 bis Mai 2017). Hinzu kommt der Multimilliard\u00e4r und Bankier David Rockefeller (Juni 1915 bis M\u00e4rz 2017), der \u00fcber verschiedenste Bereiche der \u00d6ffentlichkeit gro\u00dfe Kontrolle aus\u00fcbte \u2013 wie den Bildungssektor, Big Pharma oder Energie. Der Tod des britischen Finanziers und Investmentbankers Jacob Rothschild (April 1936 bis Februar 2024) k\u00f6nnte sogar noch frisch im Ged\u00e4chtnis einiger Leser liegen. \u00c4hnlich k\u00f6nnte es sich mit dem Ableben des ehemaligen US-Au\u00dfenministers und Nationalen Sicherheitsberaters, Henry Kissinger (Mai 1923 bis November 2023) verhalten. Nicht alle von ihnen waren im \u00f6ffentlichen Dienst, aber alle haben, weit dar\u00fcber hinaus und \u00fcber ihre volle Lebensspanne, enormen Einfluss auf den US-dominierten Globalismus in all seinen Facetten ausge\u00fcbt.<\/p>\n<p>Der noch lebende, im August 1930 geborene George Soros ist auch der Einzige noch aktive dieser aus der alten Riege entspringenden Truppe \u2013 er ist ebenfalls der Einzige, der einen prominenten Nachfolger in seinem leiblichen Sohn bereits auserkoren hat: Alexander Soros. Dieser hatte auch einen interessanten Tweet des Beileids <a rel=\"nofollow noopener\" target=\"_blank\" href=\"https:\/\/x.com\/AlexanderSoros\/status\/1914375989695545707?t=wh97EJLNWCn5FfT6f166HA&amp;s=35\">vorzulegen<\/a>, als Papst Franziskus das Zeitliche segnete. Um das Wortspiel zu erhaschen, sei erst das englische Original zu lesen: &#8220;Pope Francis championed many causes at the heart of an open society. He was a leader and visionary who will be severely missed.&#8221;<\/p>\n<p>Der unbestimmte Artikel vor &#8220;open society&#8221; l\u00e4sst vermuten, dass es sich hier blo\u00df um einen herk\u00f6mmlichen Gattungsbegriff handelt, der eine generell offene, westliche, liberal-demokratische Gesellschaft bezeichnet. Dabei fehlt orthografisch nur noch ein kleiner Klecks zum bestimmten Artikel und der englischen Gro\u00dfschreibung aufgrund eines m\u00f6glichen Eigennamens. Hierbei muss es sich um einen eleganten Augenzwinkerer seitens des jungen Soros handeln, der unterstreicht, dass die Werte und Ziele der 1993 von seinem Vater gegr\u00fcndeten Open Society Foundations mit denen des jesuitischen Papstes nahezu deckungsgleich gewesen waren.<\/p>\n<p>So schlie\u00dfen sich die kollegialen Kreise und so werden die Assoziationsketten noch nachgezeichnet, die eine freundliche Mitt\u00e4terschaft attestieren. Papst Franziskus war bekannt f\u00fcr seinen Einsatz beim Ausweiten der Klimareligion und der illegalen Migrationsbewegungen wie sie dann auch Politiker wie Angela Merkel in die Tat umsetzten. Das Impfen gegen das Coronavirus mit der Gentherapie-Spritze <a rel=\"nofollow noopener\" target=\"_blank\" href=\"https:\/\/www.npr.org\/2022\/01\/10\/1071785531\/on-covid-vaccinations-pope-says-health-care-is-a-moral-obligation#:~:text=ROME%20%E2%80%94%20Pope%20Francis%20suggested%20Monday,effective%20measures%20to%20save%20lives.\">rief er<\/a> als &#8220;moralische Pflicht&#8221; aus, wobei er seine Kritiker stigmatisierte. Als religi\u00f6ses Oberhaupt der 1,4 Milliarden Katholiken weltweit war er ausgesprochen liberal in Fragen der Sexualit\u00e4t und nicht traditioneller Partnerschaften \u2013 eine Position, durch die er sich bei der LGBTQ-Gemeinde gro\u00dfer Beliebtheit erfreute.<\/p>\n<p>Auch die leider nicht demokratisch gew\u00e4hlte Imperatrix der Europ\u00e4ischen Union, Ursula von der Leyen, <a rel=\"nofollow noopener\" target=\"_blank\" href=\"https:\/\/x.com\/vonderleyen\/status\/1914232707351007542?t=ZIq6-DtlUB91EGIu5KBWeQ&amp;s=35\">fand Worte<\/a> des Staunens und der Ehrerbietung:<\/p>\n<blockquote>\n<p><em>&#8220;Heute trauert die Welt um den verstorbenen Papst Franziskus.<\/em><\/p>\n<p><em>Er inspirierte Millionen, weit \u00fcber die katholische Kirche hinaus, mit seiner Bescheidenheit und seiner reinen Liebe zu den weniger Privilegierten.<\/em><\/p>\n<p><em>Meine Gedanken sind bei allen, die diesen tiefen Verlust sp\u00fcren.<\/em><\/p>\n<p><em>M\u00f6gen sie Trost in dem Gedanken finden, dass das Verm\u00e4chtnis von Papst Franziskus uns allen weiterhin den Weg zu einer gerechteren, friedlicheren und mitf\u00fchlenderen Welt weisen wird.&#8221;<\/em><\/p>\n<\/blockquote>\n<p>Hier k\u00f6nnte vage die Devise gelten, dass man an ihren Fr\u00fcchten und ihren Bef\u00fcrwortern diese erkennen werde.<\/p>\n<p><strong>Der klassische Globalismus am Ende?<\/strong><\/p>\n<p>Immer ruhig mit den jungen und naiven Pferden. Obgleich Gelegenheiten entstehen, Revue passieren zu lassen und zu kontemplieren, werden solche lang aufgebauten Ideologien nicht einfach chirurgisch beendet. Eine Idee, die so intrinsisch verinnerlicht ist, verblasst nicht einfach mit dem Tod oder der Abwesenheit eines ihrer langj\u00e4hrigen F\u00fchrer. Manchmal k\u00f6nnen sie sogar eher verst\u00e4rkt oder vertieft werden. Sie lebt weiter durch ihre Institutionen, Netzwerke, ausgebildeten Apostel und ausf\u00fchrenden Influencer und somit auch in den in ihrer Geiselhaft sich befindlichen Massen \u2013 auch wenn der klassisch dualistische Bann (&#8220;gem\u00e4\u00dfigt konservativ&#8221; kontra &#8220;sozialdemokratisch-progressiv&#8221;), der lange Zeit ein normatives Ganzes lieferte, sich in seiner Glaubw\u00fcrdigkeit und Authentizit\u00e4t im Abw\u00e4rtstrend befindet. Genau an dieser zivilisatorischen Gabelung kommt der moderne Trumpismus als bitter n\u00f6tiges Diskurs-Balsam <a rel=\"nofollow noopener\" target=\"_blank\" href=\"https:\/\/rtde.media\/nordamerika\/236574-nichts-neues-unter-sonne-trumpismus\/\">ins Spiel<\/a>.<\/p>\n<p>Man darf deshalb nicht au\u00dfer Acht lassen, dass eine andere \u00fcbergeordnete Dialektik unersch\u00fctterlich weiterl\u00e4uft, w\u00e4hrend all die von Schwab ersonnenen technokratischen Reformen der &#8220;Vierten Industriellen Revolution&#8221; auch unter Trump stetig fortgef\u00fchrt werden. Die Demontage pers\u00f6nlicher Freiheiten sowie der Bau der &#8220;Vorfreude, nichts zu besitzen und gl\u00fccklich dar\u00fcber zu sein&#8221; werden lediglich unter einem anderen Motto weiter vorangetrieben.<\/p>\n<p>Unter den internationalistischen Globalisten h\u00f6rte man, dass der Staat Trans- und Islamophobie mit aller H\u00e4rte bek\u00e4mpfen m\u00fcsse \u2013 unter den &#8220;patriotischen Nationalisten&#8221; der Welt jedoch wird die penibel-mikroskopische Bek\u00e4mpfung des Antisemitismus als gr\u00f6\u00dfter Vorwand f\u00fcr die Demontage pers\u00f6nlicher Freiheiten genutzt: Geert Wilders in den Niederlanden, Tommy Robinson in Gro\u00dfbritannien, Pierre Poilievre in Kanada, bald wom\u00f6glich auch die AfD in der BRD, sofern sie irgendwann doch in die Regierungsverantwortung kommt und ihren zionistischen Hintergrund-Antrieb offenlegen kann.<\/p>\n<p>Selbstverst\u00e4ndlich hatten zuvor auch die internationalistischen Globalisten pro forma in ihrer Regierungstaktik gem\u00e4\u00dfigte Antisemitismus-Bek\u00e4mpfung vorgesehen und praktiziert, aber ihre rechtskonservativen, systemischen Nachfolger haben in dem Sinne in den letzten Gang geschaltet. Die konkrete Absurdit\u00e4t l\u00e4sst sich am besten anhand <a rel=\"nofollow noopener\" target=\"_blank\" href=\"https:\/\/x.com\/SecKennedy\/status\/1896722453189034130?t=tYvtJMBwWo2T4oAb-Ei3Rw&amp;s=03\">der Aussagen<\/a> des neuen US-Gesundheitsministers unter Trump (und auch anderweitig sehr bekannten) Robert F. Kennedy Jr. illustrieren, der der Bek\u00e4mpfung von Antisemitismus die h\u00f6chste gesundheitliche Priorit\u00e4t einr\u00e4umt.<\/p>\n<p>Dass eine sich seit Oktober 2023 weltweit enorm schnell ausweitende, radikale Skepsis gegen\u00fcber dem Staat Israel und dem Zionismus als religi\u00f6s-politische, chauvinistische Ideologie formt, ist nicht mehr von der Hand zu weisen. Der Vorwand lautet stets, die feindliche Hamas auszumerzen, doch diese Erkl\u00e4rungsschablone <a rel=\"nofollow noopener\" target=\"_blank\" href=\"https:\/\/www.ohchr.org\/en\/press-releases\/2023\/10\/unchilded-birth-un-expert-calls-decisive-protection-palestinian-children\">umfasst<\/a> f\u00fcr die Israelis, dass bereits jedes dort neu geborene Pal\u00e4stinenserbaby &#8220;ein prophylaktisch zu t\u00f6tender Terrorist&#8221; sei \u2013 ganz zu schweigen von den schon l\u00e4nger lebenden. Eine brutale und unmoralische Variante der &#8220;pr\u00e4ventiven Verbrechensbek\u00e4mpfung&#8221;, wie sie in Spielbergs Science Fiction-Film &#8220;Minority Report&#8221; (2002) erz\u00e4hlt wird.<\/p>\n<p>Jegliche Kritik und jedweder Aufschrei gegen\u00fcber dem durch israelische Hand erbarmungslos organisierten Genozids an den Pal\u00e4stinensern im Gazastreifen sowie vermehrt auch im Westjordanland \u2013 mit dem Ziel, sich diese Gebiete einzuverleiben und ethnisch zu s\u00e4ubern \u2013 wird in den westlichen Zentren von Macht und Medien weitestgehend als perfider Antisemitismus deklariert \u2013 w\u00e4hrend Israel laufend mit dem ausgeleierten Mantra des Rechts auf Selbstverteidigung moralisch gedeckt wird. Diese ethische Schere ist in ihrer weiteren organischen Ausweitung, allen gelenkten PR-Kampagnen zum Trotz, kaum mehr zu verhindern. Der zum Pal\u00e4stinenser-Genozid feige und heuchlerisch schweigende, klassische Globalismus \u2013 samt der Vorteile, die er seit der Etablierung der schein-universellen, zuvor nur vom Westen auslegbaren, regelbasierten Weltordnung genoss \u2013 frisst sich langsam aber sicher selbst.<\/p>\n<p><strong>Wer wird aber der Nachfolger des am vergangenen Ostermontag verstorbenen &#8220;Stellvertreters Jesu Christi&#8221; auf Erden? <\/strong><\/p>\n<p>Mag sein, dass dies eher Stoff f\u00fcr einen weiterf\u00fchrenden Artikel ist. An dieser Stelle sei nur gesagt, dass, sofern es der guineische Geistliche Robert Sarah werden w\u00fcrde, die Globalisten sicherlich eine weitere herbe Niederlage einstecken m\u00fcssten. Der schwarzh\u00e4utige Kardinal aus Afrika hat eine fundiert traditionelle, rechtskonservative Weltanschauung und steht zum Beispiel der weltweit koordinierten Massenmigration sehr skeptisch gegen\u00fcber. Stattdessen pl\u00e4diert er daf\u00fcr, Menschen genau dort zu helfen, wo sie urspr\u00fcnglich herkommen. Auch eine &#8220;Ehe f\u00fcr alle&#8221; und all ihre benachbarten LGBTQ-Themen hei\u00dft er nicht gut und sogar sch\u00e4dlich.<\/p>\n<p>Anhand seines Aussehens w\u00e4re Sarah au\u00dferdem viel weniger anf\u00e4llig daf\u00fcr, mit der \u00fcblichen Rassismus-Keule erfasst zu werden, welche der woke Medienmob weltweit so gerne bei der Diskurs-Lenkung und Volkserziehung normalerweise anwendet. Vom liberal-progressiven Gro\u00dfteil der r\u00f6misch-katholischen Kirche wird Sarah regelm\u00e4\u00dfig als &#8220;fundamentalistisch&#8221; oder politisch &#8220;Trump-nah&#8221; bezeichnet oder sogar des &#8220;strukturellem Antisemitismus&#8221; bezichtigt. \u00c4hnlich wird mit seinem werteverwandten Kollegen Carlo Maria Vigan\u00f2 verfahren, dem man noch viel weniger vorwerfen k\u00f6nnte, dass er je <a rel=\"nofollow noopener\" target=\"_blank\" href=\"https:\/\/insidethevatican.com\/news\/newsflash\/letter-100-2021-tuesday-august-31-vigano\/\">ein Blatt vor den Mund<\/a> genommen hat.<\/p>\n<p>Eine interessante Trivia \u2013 oder sogar ein wichtiges symbolisches Indiz? \u2013 f\u00fcr die metaphysische Weltanschauung der Globalisten und derer, die ihnen als kontrollierte Opposition dienen, k\u00f6nnte <a rel=\"nofollow noopener\" target=\"_blank\" href=\"https:\/\/ru.pinterest.com\/pin\/106749453661560252\/\">dieses Bild<\/a> sein: Der zuvor erw\u00e4hnte Jacob Rothschild und die serbische K\u00fcnstlerin Marina Abramovi\u0107, die der <em>New York Times<\/em> gegen\u00fcber <a rel=\"nofollow noopener\" target=\"_blank\" href=\"https:\/\/www.nytimes.com\/2020\/04\/21\/arts\/design\/marina-abramovic-satanist-conspiracy-theory.html\">beteuerte<\/a>, sie sei gef\u00e4lligst &#8220;K\u00fcnstlerin, nicht Satanistin&#8221;. Als ob man nicht auch beides sein d\u00fcrfte. Der Titel des Gem\u00e4ldes hinter den beiden: &#8220;Satan summoning his Legions&#8221; (1796\/97), oder zu Deutsch: &#8220;Satan ruft seine Legionen zusammen&#8221;. Sicherlich ein non-trivialer, noch nicht abgeschlossener, heimt\u00fcckischer Prozess, der der konzentrierten Aufmerksamkeit weltoffener B\u00fcrger bedarf.<\/p>\n<p><em>Elem Chintsky ist ein deutsch-polnischer Journalist, der zu geopolitischen, historischen, finanziellen und kulturellen Themen schreibt. Die fruchtbare Zusammenarbeit mit RT DE besteht seit 2017. Seit Anfang 2020 lebt und arbeitet der freischaffende Autor im russischen Sankt Petersburg. Der urspr\u00fcnglich als Filmregisseur und Drehbuchautor ausgebildete Chintsky betreibt au\u00dferdem einen eigenen <a rel=\"nofollow noopener\" target=\"_blank\" href=\"https:\/\/t.me\/elemread\">Kanal auf Telegram<\/a>, auf dem man noch mehr von ihm lesen kann.<\/em><\/p>\n<p><strong>Mehr zum Thema &#8211;<\/strong>\u00a0<a rel=\"nofollow noopener\" target=\"_blank\" href=\"https:\/\/freedert.online\/meinung\/242990-taube-kraehe-und-brics-in\/\">Taube, Kr\u00e4he und BRICS in der Soutane &#8211; Zum Pontifikat von Papst Franziskus<\/a><em><br \/><\/em><\/p>\n<div class=\"EmbedBlock-root EmbedBlock-externalVideo EmbedBlock-rumble\">\n<div class=\"VkEmbed\"><iframe class=\"lazyload\" data-src=\"https:\/\/rumble.com\/embed\/v6q8ijd\" frameborder=\"0\" width=\"853\" height=\"480\" allowfullscreen><\/iframe><\/div>\n<\/div>\n<\/div>\n<p><br \/>\n<br \/><a href=\"https:\/\/de.rt.com\/meinung\/243097-sag-mir-wo-globalisten-sind\/\">Source link <\/a><\/p>\n","protected":false},"excerpt":{"rendered":"<p>Ist eine Epoche angebrochen, in der die Patriarchen des Globalismus beginnen, die Welt als B\u00fchne zu verlassen? Manche sterben, manche werden von ihren Posten verdr\u00e4ngt. Ist dies mit dem gegenw\u00e4rtigen &#8220;Trumpismus&#8221; verbunden? Oder l\u00e4uft gleiches, nur mit anderen Mitteln? Von Elem Chintsky Das Oberhaupt der r\u00f6misch-katholischen Kirche \u2013 Papst Franziskus \u2013 ist am Ostermontag im [&hellip;]<\/p>\n","protected":false},"author":3,"featured_media":82605,"comment_status":"open","ping_status":"open","sticky":false,"template":"","format":"standard","meta":{"_yoast_indexnow_last_ping":["1745403163"],"wp_automatic_camp":["217"],"4f719fb40cc45d39f97bdcf7ff633179":["Sag mir, wo die Globalisten sind \u2013 Wo sind sie geblieben?"],"original_link":["https:\/\/de.rt.com\/meinung\/243097-sag-mir-wo-globalisten-sind\/"],"_thumbnail_id":["82605"],"jnews_social_counter_last_update":["1777344751"],"_wptgpro_p2tg_sent2tg":["a:1:{i:23737;s:19:\"2025-04-23 12:13:57\";}"]},"categories":[19,23],"tags":[45,6149,16246,7658,64483,527,1046],"yoast_head":"<!-- This site is optimized with the Yoast SEO Premium plugin v22.7 (Yoast SEO v22.7) - https:\/\/yoast.com\/wordpress\/plugins\/seo\/ -->\n<title>Sag mir, wo die Globalisten sind \u2013 Wo sind sie geblieben? - just-now.NEWS Deutschland<\/title>\n<meta name=\"robots\" content=\"index, follow, max-snippet:-1, max-image-preview:large, max-video-preview:-1\" \/>\n<link rel=\"canonical\" href=\"https:\/\/now-news.de\/de\/deutschland\/sag-mir-wo-die-globalisten-sind-wo-sind-sie-geblieben\/\" \/>\n<meta property=\"og:locale\" content=\"de_DE\" \/>\n<meta property=\"og:type\" content=\"article\" \/>\n<meta property=\"og:title\" content=\"Sag mir, wo die Globalisten sind \u2013 Wo sind sie geblieben?\" \/>\n<meta property=\"og:description\" content=\"Ist eine Epoche angebrochen, in der die Patriarchen des Globalismus beginnen, die Welt als B\u00fchne zu verlassen? Manche sterben, manche werden von ihren Posten verdr\u00e4ngt. Ist dies mit dem gegenw\u00e4rtigen &#8220;Trumpismus&#8221; verbunden? Oder l\u00e4uft gleiches, nur mit anderen Mitteln? Von Elem Chintsky Das Oberhaupt der r\u00f6misch-katholischen Kirche \u2013 Papst Franziskus \u2013 ist am Ostermontag im [&hellip;]\" \/>\n<meta property=\"og:url\" content=\"https:\/\/now-news.de\/de\/deutschland\/sag-mir-wo-die-globalisten-sind-wo-sind-sie-geblieben\/\" \/>\n<meta property=\"og:site_name\" content=\"just-now.NEWS Deutschland\" \/>\n<meta property=\"article:publisher\" content=\"https:\/\/www.facebook.com\/wirmachenauf\" \/>\n<meta property=\"article:published_time\" content=\"2025-04-23T09:45:38+00:00\" \/>\n<meta property=\"og:image\" content=\"https:\/\/now-news.de\/de\/wp-content\/uploads\/sites\/3\/2025\/04\/68083ab5b480cc1a1c579588.jpg\" \/>\n<meta name=\"author\" content=\"rtnews\" \/>\n<meta name=\"twitter:card\" content=\"summary_large_image\" \/>\n<meta name=\"twitter:creator\" content=\"@WirMachenAuf_de\" \/>\n<meta name=\"twitter:site\" content=\"@WirMachenAuf_de\" \/>\n<meta name=\"twitter:label1\" content=\"Verfasst von\" \/>\n\t<meta name=\"twitter:data1\" content=\"rtnews\" \/>\n\t<meta name=\"twitter:label2\" content=\"Gesch\u00e4tzte Lesezeit\" \/>\n\t<meta name=\"twitter:data2\" content=\"9\u00a0Minuten\" \/>\n<script type=\"application\/ld+json\" class=\"yoast-schema-graph\">{\"@context\":\"https:\/\/schema.org\",\"@graph\":[{\"@type\":\"Article\",\"@id\":\"https:\/\/now-news.de\/de\/deutschland\/sag-mir-wo-die-globalisten-sind-wo-sind-sie-geblieben\/#article\",\"isPartOf\":{\"@id\":\"https:\/\/now-news.de\/de\/deutschland\/sag-mir-wo-die-globalisten-sind-wo-sind-sie-geblieben\/\"},\"author\":{\"name\":\"rtnews\",\"@id\":\"https:\/\/now-news.de\/de\/#\/schema\/person\/fb534a4e865501d8b3285208df34a9b5\"},\"headline\":\"Sag mir, wo die Globalisten sind \u2013 Wo sind sie geblieben?\",\"datePublished\":\"2025-04-23T09:45:38+00:00\",\"dateModified\":\"2025-04-23T09:45:38+00:00\",\"mainEntityOfPage\":{\"@id\":\"https:\/\/now-news.de\/de\/deutschland\/sag-mir-wo-die-globalisten-sind-wo-sind-sie-geblieben\/\"},\"wordCount\":1792,\"commentCount\":0,\"publisher\":{\"@id\":\"https:\/\/now-news.de\/de\/#organization\"},\"image\":{\"@id\":\"https:\/\/now-news.de\/de\/deutschland\/sag-mir-wo-die-globalisten-sind-wo-sind-sie-geblieben\/#primaryimage\"},\"thumbnailUrl\":\"https:\/\/now-news.de\/de\/wp-content\/uploads\/sites\/3\/2025\/04\/Sag-mir-wo-die-Globalisten-sind-\u2013-Wo-sind-sie.jpg\",\"keywords\":[\"die\",\"geblieben\",\"Globalisten\",\"mir\",\"Sag\",\"Sie\",\"sind\"],\"articleSection\":[\"Deutschland\",\"Russland\"],\"inLanguage\":\"de\",\"potentialAction\":[{\"@type\":\"CommentAction\",\"name\":\"Comment\",\"target\":[\"https:\/\/now-news.de\/de\/deutschland\/sag-mir-wo-die-globalisten-sind-wo-sind-sie-geblieben\/#respond\"]}]},{\"@type\":\"WebPage\",\"@id\":\"https:\/\/now-news.de\/de\/deutschland\/sag-mir-wo-die-globalisten-sind-wo-sind-sie-geblieben\/\",\"url\":\"https:\/\/now-news.de\/de\/deutschland\/sag-mir-wo-die-globalisten-sind-wo-sind-sie-geblieben\/\",\"name\":\"Sag mir, wo die Globalisten sind \u2013 Wo sind sie geblieben? - just-now.NEWS Deutschland\",\"isPartOf\":{\"@id\":\"https:\/\/now-news.de\/de\/#website\"},\"primaryImageOfPage\":{\"@id\":\"https:\/\/now-news.de\/de\/deutschland\/sag-mir-wo-die-globalisten-sind-wo-sind-sie-geblieben\/#primaryimage\"},\"image\":{\"@id\":\"https:\/\/now-news.de\/de\/deutschland\/sag-mir-wo-die-globalisten-sind-wo-sind-sie-geblieben\/#primaryimage\"},\"thumbnailUrl\":\"https:\/\/now-news.de\/de\/wp-content\/uploads\/sites\/3\/2025\/04\/Sag-mir-wo-die-Globalisten-sind-\u2013-Wo-sind-sie.jpg\",\"datePublished\":\"2025-04-23T09:45:38+00:00\",\"dateModified\":\"2025-04-23T09:45:38+00:00\",\"breadcrumb\":{\"@id\":\"https:\/\/now-news.de\/de\/deutschland\/sag-mir-wo-die-globalisten-sind-wo-sind-sie-geblieben\/#breadcrumb\"},\"inLanguage\":\"de\",\"potentialAction\":[{\"@type\":\"ReadAction\",\"target\":[\"https:\/\/now-news.de\/de\/deutschland\/sag-mir-wo-die-globalisten-sind-wo-sind-sie-geblieben\/\"]}]},{\"@type\":\"ImageObject\",\"inLanguage\":\"de\",\"@id\":\"https:\/\/now-news.de\/de\/deutschland\/sag-mir-wo-die-globalisten-sind-wo-sind-sie-geblieben\/#primaryimage\",\"url\":\"https:\/\/now-news.de\/de\/wp-content\/uploads\/sites\/3\/2025\/04\/Sag-mir-wo-die-Globalisten-sind-\u2013-Wo-sind-sie.jpg\",\"contentUrl\":\"https:\/\/now-news.de\/de\/wp-content\/uploads\/sites\/3\/2025\/04\/Sag-mir-wo-die-Globalisten-sind-\u2013-Wo-sind-sie.jpg\",\"width\":460,\"height\":259,\"caption\":\"Sag mir, wo die Globalisten sind \u2013 Wo sind sie geblieben?\"},{\"@type\":\"BreadcrumbList\",\"@id\":\"https:\/\/now-news.de\/de\/deutschland\/sag-mir-wo-die-globalisten-sind-wo-sind-sie-geblieben\/#breadcrumb\",\"itemListElement\":[{\"@type\":\"ListItem\",\"position\":1,\"name\":\"Home\",\"item\":\"https:\/\/now-news.de\/de\/\"},{\"@type\":\"ListItem\",\"position\":2,\"name\":\"Sag mir, wo die Globalisten sind \u2013 Wo sind sie geblieben?\"}]},{\"@type\":\"WebSite\",\"@id\":\"https:\/\/now-news.de\/de\/#website\",\"url\":\"https:\/\/now-news.de\/de\/\",\"name\":\"just-now.NEWS Deutschland\",\"description\":\"Das Portal f\u00fcr unzensierte Nachrichten aus der Welt\",\"publisher\":{\"@id\":\"https:\/\/now-news.de\/de\/#organization\"},\"potentialAction\":[{\"@type\":\"SearchAction\",\"target\":{\"@type\":\"EntryPoint\",\"urlTemplate\":\"https:\/\/now-news.de\/de\/?s={search_term_string}\"},\"query-input\":\"required name=search_term_string\"}],\"inLanguage\":\"de\"},{\"@type\":\"Organization\",\"@id\":\"https:\/\/now-news.de\/de\/#organization\",\"name\":\"Just Now News\",\"url\":\"https:\/\/now-news.de\/de\/\",\"logo\":{\"@type\":\"ImageObject\",\"inLanguage\":\"de\",\"@id\":\"https:\/\/now-news.de\/de\/#\/schema\/logo\/image\/\",\"url\":\"http:\/\/just-now.news\/de\/wp-content\/uploads\/sites\/3\/2022\/04\/logo500x500.jpg\",\"contentUrl\":\"http:\/\/just-now.news\/de\/wp-content\/uploads\/sites\/3\/2022\/04\/logo500x500.jpg\",\"width\":500,\"height\":500,\"caption\":\"Just Now News\"},\"image\":{\"@id\":\"https:\/\/now-news.de\/de\/#\/schema\/logo\/image\/\"},\"sameAs\":[\"https:\/\/www.facebook.com\/wirmachenauf\",\"https:\/\/x.com\/WirMachenAuf_de\"]},{\"@type\":\"Person\",\"@id\":\"https:\/\/now-news.de\/de\/#\/schema\/person\/fb534a4e865501d8b3285208df34a9b5\",\"name\":\"rtnews\",\"image\":{\"@type\":\"ImageObject\",\"inLanguage\":\"de\",\"@id\":\"https:\/\/now-news.de\/de\/#\/schema\/person\/image\/\",\"url\":\"https:\/\/secure.gravatar.com\/avatar\/82aafea7d8127119dd649515f56e2117?s=96&d=mm&r=g\",\"contentUrl\":\"https:\/\/secure.gravatar.com\/avatar\/82aafea7d8127119dd649515f56e2117?s=96&d=mm&r=g\",\"caption\":\"rtnews\"},\"url\":\"https:\/\/now-news.de\/de\/author\/rnews\/\"}]}<\/script>\n<!-- \/ Yoast SEO Premium plugin. -->","yoast_head_json":{"title":"Sag mir, wo die Globalisten sind \u2013 Wo sind sie geblieben? - just-now.NEWS Deutschland","robots":{"index":"index","follow":"follow","max-snippet":"max-snippet:-1","max-image-preview":"max-image-preview:large","max-video-preview":"max-video-preview:-1"},"canonical":"https:\/\/now-news.de\/de\/deutschland\/sag-mir-wo-die-globalisten-sind-wo-sind-sie-geblieben\/","og_locale":"de_DE","og_type":"article","og_title":"Sag mir, wo die Globalisten sind \u2013 Wo sind sie geblieben?","og_description":"Ist eine Epoche angebrochen, in der die Patriarchen des Globalismus beginnen, die Welt als B\u00fchne zu verlassen? Manche sterben, manche werden von ihren Posten verdr\u00e4ngt. Ist dies mit dem gegenw\u00e4rtigen &#8220;Trumpismus&#8221; verbunden? Oder l\u00e4uft gleiches, nur mit anderen Mitteln? Von Elem Chintsky Das Oberhaupt der r\u00f6misch-katholischen Kirche \u2013 Papst Franziskus \u2013 ist am Ostermontag im [&hellip;]","og_url":"https:\/\/now-news.de\/de\/deutschland\/sag-mir-wo-die-globalisten-sind-wo-sind-sie-geblieben\/","og_site_name":"just-now.NEWS Deutschland","article_publisher":"https:\/\/www.facebook.com\/wirmachenauf","article_published_time":"2025-04-23T09:45:38+00:00","og_image":[{"url":"https:\/\/now-news.de\/de\/wp-content\/uploads\/sites\/3\/2025\/04\/68083ab5b480cc1a1c579588.jpg"}],"author":"rtnews","twitter_card":"summary_large_image","twitter_creator":"@WirMachenAuf_de","twitter_site":"@WirMachenAuf_de","twitter_misc":{"Verfasst von":"rtnews","Gesch\u00e4tzte Lesezeit":"9\u00a0Minuten"},"schema":{"@context":"https:\/\/schema.org","@graph":[{"@type":"Article","@id":"https:\/\/now-news.de\/de\/deutschland\/sag-mir-wo-die-globalisten-sind-wo-sind-sie-geblieben\/#article","isPartOf":{"@id":"https:\/\/now-news.de\/de\/deutschland\/sag-mir-wo-die-globalisten-sind-wo-sind-sie-geblieben\/"},"author":{"name":"rtnews","@id":"https:\/\/now-news.de\/de\/#\/schema\/person\/fb534a4e865501d8b3285208df34a9b5"},"headline":"Sag mir, wo die Globalisten sind \u2013 Wo sind sie geblieben?","datePublished":"2025-04-23T09:45:38+00:00","dateModified":"2025-04-23T09:45:38+00:00","mainEntityOfPage":{"@id":"https:\/\/now-news.de\/de\/deutschland\/sag-mir-wo-die-globalisten-sind-wo-sind-sie-geblieben\/"},"wordCount":1792,"commentCount":0,"publisher":{"@id":"https:\/\/now-news.de\/de\/#organization"},"image":{"@id":"https:\/\/now-news.de\/de\/deutschland\/sag-mir-wo-die-globalisten-sind-wo-sind-sie-geblieben\/#primaryimage"},"thumbnailUrl":"https:\/\/now-news.de\/de\/wp-content\/uploads\/sites\/3\/2025\/04\/Sag-mir-wo-die-Globalisten-sind-\u2013-Wo-sind-sie.jpg","keywords":["die","geblieben","Globalisten","mir","Sag","Sie","sind"],"articleSection":["Deutschland","Russland"],"inLanguage":"de","potentialAction":[{"@type":"CommentAction","name":"Comment","target":["https:\/\/now-news.de\/de\/deutschland\/sag-mir-wo-die-globalisten-sind-wo-sind-sie-geblieben\/#respond"]}]},{"@type":"WebPage","@id":"https:\/\/now-news.de\/de\/deutschland\/sag-mir-wo-die-globalisten-sind-wo-sind-sie-geblieben\/","url":"https:\/\/now-news.de\/de\/deutschland\/sag-mir-wo-die-globalisten-sind-wo-sind-sie-geblieben\/","name":"Sag mir, wo die Globalisten sind \u2013 Wo sind sie geblieben? - just-now.NEWS Deutschland","isPartOf":{"@id":"https:\/\/now-news.de\/de\/#website"},"primaryImageOfPage":{"@id":"https:\/\/now-news.de\/de\/deutschland\/sag-mir-wo-die-globalisten-sind-wo-sind-sie-geblieben\/#primaryimage"},"image":{"@id":"https:\/\/now-news.de\/de\/deutschland\/sag-mir-wo-die-globalisten-sind-wo-sind-sie-geblieben\/#primaryimage"},"thumbnailUrl":"https:\/\/now-news.de\/de\/wp-content\/uploads\/sites\/3\/2025\/04\/Sag-mir-wo-die-Globalisten-sind-\u2013-Wo-sind-sie.jpg","datePublished":"2025-04-23T09:45:38+00:00","dateModified":"2025-04-23T09:45:38+00:00","breadcrumb":{"@id":"https:\/\/now-news.de\/de\/deutschland\/sag-mir-wo-die-globalisten-sind-wo-sind-sie-geblieben\/#breadcrumb"},"inLanguage":"de","potentialAction":[{"@type":"ReadAction","target":["https:\/\/now-news.de\/de\/deutschland\/sag-mir-wo-die-globalisten-sind-wo-sind-sie-geblieben\/"]}]},{"@type":"ImageObject","inLanguage":"de","@id":"https:\/\/now-news.de\/de\/deutschland\/sag-mir-wo-die-globalisten-sind-wo-sind-sie-geblieben\/#primaryimage","url":"https:\/\/now-news.de\/de\/wp-content\/uploads\/sites\/3\/2025\/04\/Sag-mir-wo-die-Globalisten-sind-\u2013-Wo-sind-sie.jpg","contentUrl":"https:\/\/now-news.de\/de\/wp-content\/uploads\/sites\/3\/2025\/04\/Sag-mir-wo-die-Globalisten-sind-\u2013-Wo-sind-sie.jpg","width":460,"height":259,"caption":"Sag mir, wo die Globalisten sind \u2013 Wo sind sie geblieben?"},{"@type":"BreadcrumbList","@id":"https:\/\/now-news.de\/de\/deutschland\/sag-mir-wo-die-globalisten-sind-wo-sind-sie-geblieben\/#breadcrumb","itemListElement":[{"@type":"ListItem","position":1,"name":"Home","item":"https:\/\/now-news.de\/de\/"},{"@type":"ListItem","position":2,"name":"Sag mir, wo die Globalisten sind \u2013 Wo sind sie geblieben?"}]},{"@type":"WebSite","@id":"https:\/\/now-news.de\/de\/#website","url":"https:\/\/now-news.de\/de\/","name":"just-now.NEWS Deutschland","description":"Das Portal f\u00fcr unzensierte Nachrichten aus der Welt","publisher":{"@id":"https:\/\/now-news.de\/de\/#organization"},"potentialAction":[{"@type":"SearchAction","target":{"@type":"EntryPoint","urlTemplate":"https:\/\/now-news.de\/de\/?s={search_term_string}"},"query-input":"required name=search_term_string"}],"inLanguage":"de"},{"@type":"Organization","@id":"https:\/\/now-news.de\/de\/#organization","name":"Just Now News","url":"https:\/\/now-news.de\/de\/","logo":{"@type":"ImageObject","inLanguage":"de","@id":"https:\/\/now-news.de\/de\/#\/schema\/logo\/image\/","url":"http:\/\/just-now.news\/de\/wp-content\/uploads\/sites\/3\/2022\/04\/logo500x500.jpg","contentUrl":"http:\/\/just-now.news\/de\/wp-content\/uploads\/sites\/3\/2022\/04\/logo500x500.jpg","width":500,"height":500,"caption":"Just Now News"},"image":{"@id":"https:\/\/now-news.de\/de\/#\/schema\/logo\/image\/"},"sameAs":["https:\/\/www.facebook.com\/wirmachenauf","https:\/\/x.com\/WirMachenAuf_de"]},{"@type":"Person","@id":"https:\/\/now-news.de\/de\/#\/schema\/person\/fb534a4e865501d8b3285208df34a9b5","name":"rtnews","image":{"@type":"ImageObject","inLanguage":"de","@id":"https:\/\/now-news.de\/de\/#\/schema\/person\/image\/","url":"https:\/\/secure.gravatar.com\/avatar\/82aafea7d8127119dd649515f56e2117?s=96&d=mm&r=g","contentUrl":"https:\/\/secure.gravatar.com\/avatar\/82aafea7d8127119dd649515f56e2117?s=96&d=mm&r=g","caption":"rtnews"},"url":"https:\/\/now-news.de\/de\/author\/rnews\/"}]}},"_links":{"self":[{"href":"https:\/\/now-news.de\/de\/wp-json\/wp\/v2\/posts\/82604"}],"collection":[{"href":"https:\/\/now-news.de\/de\/wp-json\/wp\/v2\/posts"}],"about":[{"href":"https:\/\/now-news.de\/de\/wp-json\/wp\/v2\/types\/post"}],"author":[{"embeddable":true,"href":"https:\/\/now-news.de\/de\/wp-json\/wp\/v2\/users\/3"}],"replies":[{"embeddable":true,"href":"https:\/\/now-news.de\/de\/wp-json\/wp\/v2\/comments?post=82604"}],"version-history":[{"count":0,"href":"https:\/\/now-news.de\/de\/wp-json\/wp\/v2\/posts\/82604\/revisions"}],"wp:featuredmedia":[{"embeddable":true,"href":"https:\/\/now-news.de\/de\/wp-json\/wp\/v2\/media\/82605"}],"wp:attachment":[{"href":"https:\/\/now-news.de\/de\/wp-json\/wp\/v2\/media?parent=82604"}],"wp:term":[{"taxonomy":"category","embeddable":true,"href":"https:\/\/now-news.de\/de\/wp-json\/wp\/v2\/categories?post=82604"},{"taxonomy":"post_tag","embeddable":true,"href":"https:\/\/now-news.de\/de\/wp-json\/wp\/v2\/tags?post=82604"}],"curies":[{"name":"wp","href":"https:\/\/api.w.org\/{rel}","templated":true}]}}