{"id":82572,"date":"2025-04-22T20:24:35","date_gmt":"2025-04-22T18:24:35","guid":{"rendered":"https:\/\/now-news.de\/de\/deutschland\/schlange-stehen-bei-uschi-angeblich-suchen-immer-mehr-laender-die-kooperation-mit-der-eu\/"},"modified":"2025-04-22T20:24:35","modified_gmt":"2025-04-22T18:24:35","slug":"schlange-stehen-bei-uschi-angeblich-suchen-immer-mehr-laender-die-kooperation-mit-der-eu","status":"publish","type":"post","link":"https:\/\/now-news.de\/de\/deutschland\/schlange-stehen-bei-uschi-angeblich-suchen-immer-mehr-laender-die-kooperation-mit-der-eu\/","title":{"rendered":"Schlange stehen bei Uschi? Angeblich suchen immer mehr L\u00e4nder die Kooperation mit der EU"},"content":{"rendered":"<p><img decoding=\"async\" src=\"https:\/\/now-news.de\/de\/wp-content\/uploads\/sites\/3\/2025\/04\/68079dc248fbef7eb60a025a.jpg\" \/><\/p>\n<div class=\"Text-root Text-type_1 \">\n                Vor dem Hintergrund des sich ausweitenden Handelskriegs behauptet Ursula von der Leyen, die L\u00e4nder der Welt st\u00fcnden bei der EU Schlange. Die EU sei ein verl\u00e4sslicher Partner, so die EU-Kommissionspr\u00e4sidentin. Erhebliche Zweifel an dieser Aussage sind jedoch angebracht.\n            <\/div>\n<p><\/p>\n<div class=\"Text-root Text-type_5 ArticleView-text ViewText-root \">\n<p>Die Welt stehe Schlange, um mit der EU zu sprechen, behauptet EU-Kommissionspr\u00e4sidentin Ursula von der Leyen. Zahlreiche L\u00e4nder seien auf der Suche nach einem verl\u00e4sslichen Partner, sagte von der Leyen in einem Interview mit dem Magazin <em>Politico<\/em> und spielte dabei auf den von US-Pr\u00e4sident Donald Trump eskalierten Handelskrieg an.<\/p>\n<p><em>&#8220;In einem immer unberechenbaren globalen Umfeld stehen die L\u00e4nder Schlange, um mit uns zusammenzuarbeiten&#8221;, sagte die Kommissionspr\u00e4sidentin. <\/em><\/p>\n<p>Von der Leyen f\u00fchrte an, sie habe in den letzten Wochen mit den Staatschefs Islands, Neuseelands, Malaysias, der Philippinen, Kanadas, Indiens und der Vereinigten Arabischen Emirate gesprochen. Sie alle suchen nach einem starken und zuverl\u00e4ssigen Partner, f\u00fcgte die Kommissionspr\u00e4sidentin hinzu.<\/p>\n<p>Anfang des Monats hatte von der Leyen gemeinsam mit EU-Parlamentspr\u00e4sident Antonio Costa die L\u00e4nder Zentralasiens besucht. Bemerkenswert ist, dass sie diese L\u00e4nder nicht in die Schlange einreiht, die angeblich bei der EU anstehen. Die EU hat den L\u00e4ndern dort Investitionen im Wert von\u00a0zw\u00f6lf Milliarden Euro zugesagt. Das hat offenbar nicht ausgereicht, um sie in eine Kooperation mit der EU zu locken. Russland investierte im Jahr 2023 den doppelten Betrag in der Region. China investierte\u00a0zw\u00f6lf Milliarden Euro allein in Kasachstan und nur in einem einzigen Feld: in die Nichteisenmetallurgie. Die Investitionszusage der EU wirkt vor diesem Hintergrund reichlich sparsam.<\/p>\n<p>Nicht genannt hat von der Leyen auch die L\u00e4nder Afrikas. Die EU verliert dort immer weiter an Einfluss. Vor allem die L\u00e4nder des Sahel haben die Kooperation mit den ehemaligen Kolonialherren in Europa faktisch komplett auf Eis gelegt.\u00a0\u00a0<\/p>\n<p>Im Interview mit\u00a0<em>Politico<\/em> betont von der Leyen die Standfestigkeit und Zuverl\u00e4ssigkeit der EU. Ob man das au\u00dferhalb Br\u00fcssels allerdings auch so sieht, ist fraglich. Die Russlandsanktionen sind v\u00f6lkerrechtswidrig \u2013 es gibt f\u00fcr sie keinen Beschluss des UN-Sicherheitsrats. Der Versuch, das im Rahmen der Sanktionen eingefrorene russische Verm\u00f6gen zu konfiszieren und der Ukraine zu \u00fcbertragen, sendet keine Signale der Zuverl\u00e4ssigkeit aus.<\/p>\n<p>Zudem werden die Einmischungsversuche der EU in Georgien und Serbien, aber auch in den EU-L\u00e4ndern Rum\u00e4nien, Ungarn und der Slowakei international kritisch gesehen. Die EU reklamiert f\u00fcr sich das Recht, sich in die inneren Angelegenheiten von L\u00e4ndern einzumischen, die mit ihr assoziiert sind. Das macht die Kooperation mit ihr unattraktiv, denn sie geht auf Kosten der nationalen Souver\u00e4nit\u00e4t.\u00a0<\/p>\n<p>Von der Leyen behauptet dagegen, das Vertrauen in die EU habe insgesamt zugenommen \u2013 auch bei den eigenen B\u00fcrgern. Die Kommissionspr\u00e4sidentin beruft sich dabei auf eine Eurobarometer-Umfrage. Demnach bel\u00e4uft sich die Unterst\u00fctzung f\u00fcr die EU bei den EU-B\u00fcrgern auf 74 Prozent. Die Eurobarometer-Umfrage findet halbj\u00e4hrlich statt. Sie wird von der EU-Kommission in Auftrag gegeben. Das Eurobarometer gilt daher als anf\u00e4llig f\u00fcr Manipulation und wenig aussagekr\u00e4ftig.<\/p>\n<p><strong>Mehr zum Thema<\/strong>\u00a0\u2013 <a rel=\"nofollow noopener\" target=\"_blank\" href=\"https:\/\/freedert.online\/russland\/242459-lawrow-uebt-scharfe-kritik-an\/\">Lawrow: Politiker wie Kallas und Baerbock stehen f\u00fcr die Degradierung der EU<\/a><\/p>\n<div class=\"EmbedBlock-root EmbedBlock-externalVideo EmbedBlock-rumble\">\n<div class=\"VkEmbed\"><iframe class=\"lazyload\" data-src=\"https:\/\/rumble.com\/embed\/v6q6ptx\" frameborder=\"0\" width=\"853\" height=\"480\" allowfullscreen><\/iframe><\/div>\n<\/div>\n<\/div>\n<p><br \/>\n<br \/><a href=\"https:\/\/de.rt.com\/europa\/243078-schlange-stehen-bei-uschi-angeblich\/\">Source link <\/a><\/p>\n","protected":false},"excerpt":{"rendered":"<p>Vor dem Hintergrund des sich ausweitenden Handelskriegs behauptet Ursula von der Leyen, die L\u00e4nder der Welt st\u00fcnden bei der EU Schlange. Die EU sei ein verl\u00e4sslicher Partner, so die EU-Kommissionspr\u00e4sidentin. Erhebliche Zweifel an dieser Aussage sind jedoch angebracht. Die Welt stehe Schlange, um mit der EU zu sprechen, behauptet EU-Kommissionspr\u00e4sidentin Ursula von der Leyen. Zahlreiche [&hellip;]<\/p>\n","protected":false},"author":3,"featured_media":82573,"comment_status":"open","ping_status":"open","sticky":false,"template":"","format":"standard","meta":{"_yoast_indexnow_last_ping":["1745346404"],"wp_automatic_camp":["217"],"14a7c6d0d12cdcdde099350fe2ef0638":["Schlange stehen bei Uschi? Angeblich suchen immer mehr L\u00e4nder die Kooperation mit der EU"],"original_link":["https:\/\/de.rt.com\/europa\/243078-schlange-stehen-bei-uschi-angeblich\/"],"_thumbnail_id":["82573"],"jnews_social_counter_last_update":["1777195848"],"_wptgpro_p2tg_sent2tg":["a:1:{i:23737;s:19:\"2025-04-22 20:27:44\";}"]},"categories":[19,23],"tags":[13835,363,82,45,2062,6679,10013,2063,419,32949,2198,4135,50546],"yoast_head":"<!-- This site is optimized with the Yoast SEO Premium plugin v22.7 (Yoast SEO v22.7) - https:\/\/yoast.com\/wordpress\/plugins\/seo\/ -->\n<title>Schlange stehen bei Uschi? Angeblich suchen immer mehr L\u00e4nder die Kooperation mit der EU - just-now.NEWS Deutschland<\/title>\n<meta name=\"robots\" content=\"index, follow, max-snippet:-1, max-image-preview:large, max-video-preview:-1\" \/>\n<link rel=\"canonical\" href=\"https:\/\/now-news.de\/de\/deutschland\/schlange-stehen-bei-uschi-angeblich-suchen-immer-mehr-laender-die-kooperation-mit-der-eu\/\" \/>\n<meta property=\"og:locale\" content=\"de_DE\" \/>\n<meta property=\"og:type\" content=\"article\" \/>\n<meta property=\"og:title\" content=\"Schlange stehen bei Uschi? Angeblich suchen immer mehr L\u00e4nder die Kooperation mit der EU\" \/>\n<meta property=\"og:description\" content=\"Vor dem Hintergrund des sich ausweitenden Handelskriegs behauptet Ursula von der Leyen, die L\u00e4nder der Welt st\u00fcnden bei der EU Schlange. Die EU sei ein verl\u00e4sslicher Partner, so die EU-Kommissionspr\u00e4sidentin. Erhebliche Zweifel an dieser Aussage sind jedoch angebracht. Die Welt stehe Schlange, um mit der EU zu sprechen, behauptet EU-Kommissionspr\u00e4sidentin Ursula von der Leyen. Zahlreiche [&hellip;]\" \/>\n<meta property=\"og:url\" content=\"https:\/\/now-news.de\/de\/deutschland\/schlange-stehen-bei-uschi-angeblich-suchen-immer-mehr-laender-die-kooperation-mit-der-eu\/\" \/>\n<meta property=\"og:site_name\" content=\"just-now.NEWS Deutschland\" \/>\n<meta property=\"article:publisher\" content=\"https:\/\/www.facebook.com\/wirmachenauf\" \/>\n<meta property=\"article:published_time\" content=\"2025-04-22T18:24:35+00:00\" \/>\n<meta property=\"og:image\" content=\"https:\/\/now-news.de\/de\/wp-content\/uploads\/sites\/3\/2025\/04\/68079dc248fbef7eb60a025a.jpg\" \/>\n<meta name=\"author\" content=\"rtnews\" \/>\n<meta name=\"twitter:card\" content=\"summary_large_image\" \/>\n<meta name=\"twitter:creator\" content=\"@WirMachenAuf_de\" \/>\n<meta name=\"twitter:site\" content=\"@WirMachenAuf_de\" \/>\n<meta name=\"twitter:label1\" content=\"Verfasst von\" \/>\n\t<meta name=\"twitter:data1\" content=\"rtnews\" \/>\n\t<meta name=\"twitter:label2\" content=\"Gesch\u00e4tzte Lesezeit\" \/>\n\t<meta name=\"twitter:data2\" content=\"3\u00a0Minuten\" \/>\n<script type=\"application\/ld+json\" class=\"yoast-schema-graph\">{\"@context\":\"https:\/\/schema.org\",\"@graph\":[{\"@type\":\"Article\",\"@id\":\"https:\/\/now-news.de\/de\/deutschland\/schlange-stehen-bei-uschi-angeblich-suchen-immer-mehr-laender-die-kooperation-mit-der-eu\/#article\",\"isPartOf\":{\"@id\":\"https:\/\/now-news.de\/de\/deutschland\/schlange-stehen-bei-uschi-angeblich-suchen-immer-mehr-laender-die-kooperation-mit-der-eu\/\"},\"author\":{\"name\":\"rtnews\",\"@id\":\"https:\/\/now-news.de\/de\/#\/schema\/person\/fb534a4e865501d8b3285208df34a9b5\"},\"headline\":\"Schlange stehen bei Uschi? Angeblich suchen immer mehr L\u00e4nder die Kooperation mit der EU\",\"datePublished\":\"2025-04-22T18:24:35+00:00\",\"dateModified\":\"2025-04-22T18:24:35+00:00\",\"mainEntityOfPage\":{\"@id\":\"https:\/\/now-news.de\/de\/deutschland\/schlange-stehen-bei-uschi-angeblich-suchen-immer-mehr-laender-die-kooperation-mit-der-eu\/\"},\"wordCount\":541,\"commentCount\":0,\"publisher\":{\"@id\":\"https:\/\/now-news.de\/de\/#organization\"},\"image\":{\"@id\":\"https:\/\/now-news.de\/de\/deutschland\/schlange-stehen-bei-uschi-angeblich-suchen-immer-mehr-laender-die-kooperation-mit-der-eu\/#primaryimage\"},\"thumbnailUrl\":\"https:\/\/now-news.de\/de\/wp-content\/uploads\/sites\/3\/2025\/04\/Schlange-stehen-bei-Uschi-Angeblich-suchen-immer-mehr-Laender-die.jpg\",\"keywords\":[\"angeblich\",\"bei\",\"der\",\"die\",\"Immer\",\"Kooperation\",\"L\u00e4nder\",\"mehr\",\"mit\",\"Schlange\",\"stehen\",\"suchen\",\"Uschi\"],\"articleSection\":[\"Deutschland\",\"Russland\"],\"inLanguage\":\"de\",\"potentialAction\":[{\"@type\":\"CommentAction\",\"name\":\"Comment\",\"target\":[\"https:\/\/now-news.de\/de\/deutschland\/schlange-stehen-bei-uschi-angeblich-suchen-immer-mehr-laender-die-kooperation-mit-der-eu\/#respond\"]}]},{\"@type\":\"WebPage\",\"@id\":\"https:\/\/now-news.de\/de\/deutschland\/schlange-stehen-bei-uschi-angeblich-suchen-immer-mehr-laender-die-kooperation-mit-der-eu\/\",\"url\":\"https:\/\/now-news.de\/de\/deutschland\/schlange-stehen-bei-uschi-angeblich-suchen-immer-mehr-laender-die-kooperation-mit-der-eu\/\",\"name\":\"Schlange stehen bei Uschi? Angeblich suchen immer mehr L\u00e4nder die Kooperation mit der EU - just-now.NEWS Deutschland\",\"isPartOf\":{\"@id\":\"https:\/\/now-news.de\/de\/#website\"},\"primaryImageOfPage\":{\"@id\":\"https:\/\/now-news.de\/de\/deutschland\/schlange-stehen-bei-uschi-angeblich-suchen-immer-mehr-laender-die-kooperation-mit-der-eu\/#primaryimage\"},\"image\":{\"@id\":\"https:\/\/now-news.de\/de\/deutschland\/schlange-stehen-bei-uschi-angeblich-suchen-immer-mehr-laender-die-kooperation-mit-der-eu\/#primaryimage\"},\"thumbnailUrl\":\"https:\/\/now-news.de\/de\/wp-content\/uploads\/sites\/3\/2025\/04\/Schlange-stehen-bei-Uschi-Angeblich-suchen-immer-mehr-Laender-die.jpg\",\"datePublished\":\"2025-04-22T18:24:35+00:00\",\"dateModified\":\"2025-04-22T18:24:35+00:00\",\"breadcrumb\":{\"@id\":\"https:\/\/now-news.de\/de\/deutschland\/schlange-stehen-bei-uschi-angeblich-suchen-immer-mehr-laender-die-kooperation-mit-der-eu\/#breadcrumb\"},\"inLanguage\":\"de\",\"potentialAction\":[{\"@type\":\"ReadAction\",\"target\":[\"https:\/\/now-news.de\/de\/deutschland\/schlange-stehen-bei-uschi-angeblich-suchen-immer-mehr-laender-die-kooperation-mit-der-eu\/\"]}]},{\"@type\":\"ImageObject\",\"inLanguage\":\"de\",\"@id\":\"https:\/\/now-news.de\/de\/deutschland\/schlange-stehen-bei-uschi-angeblich-suchen-immer-mehr-laender-die-kooperation-mit-der-eu\/#primaryimage\",\"url\":\"https:\/\/now-news.de\/de\/wp-content\/uploads\/sites\/3\/2025\/04\/Schlange-stehen-bei-Uschi-Angeblich-suchen-immer-mehr-Laender-die.jpg\",\"contentUrl\":\"https:\/\/now-news.de\/de\/wp-content\/uploads\/sites\/3\/2025\/04\/Schlange-stehen-bei-Uschi-Angeblich-suchen-immer-mehr-Laender-die.jpg\",\"width\":460,\"height\":259,\"caption\":\"Schlange stehen bei Uschi? Angeblich suchen immer mehr L\u00e4nder die Kooperation mit der EU\"},{\"@type\":\"BreadcrumbList\",\"@id\":\"https:\/\/now-news.de\/de\/deutschland\/schlange-stehen-bei-uschi-angeblich-suchen-immer-mehr-laender-die-kooperation-mit-der-eu\/#breadcrumb\",\"itemListElement\":[{\"@type\":\"ListItem\",\"position\":1,\"name\":\"Home\",\"item\":\"https:\/\/now-news.de\/de\/\"},{\"@type\":\"ListItem\",\"position\":2,\"name\":\"Schlange stehen bei Uschi? Angeblich suchen immer mehr L\u00e4nder die Kooperation mit der EU\"}]},{\"@type\":\"WebSite\",\"@id\":\"https:\/\/now-news.de\/de\/#website\",\"url\":\"https:\/\/now-news.de\/de\/\",\"name\":\"just-now.NEWS Deutschland\",\"description\":\"Das Portal f\u00fcr unzensierte Nachrichten aus der Welt\",\"publisher\":{\"@id\":\"https:\/\/now-news.de\/de\/#organization\"},\"potentialAction\":[{\"@type\":\"SearchAction\",\"target\":{\"@type\":\"EntryPoint\",\"urlTemplate\":\"https:\/\/now-news.de\/de\/?s={search_term_string}\"},\"query-input\":\"required name=search_term_string\"}],\"inLanguage\":\"de\"},{\"@type\":\"Organization\",\"@id\":\"https:\/\/now-news.de\/de\/#organization\",\"name\":\"Just Now News\",\"url\":\"https:\/\/now-news.de\/de\/\",\"logo\":{\"@type\":\"ImageObject\",\"inLanguage\":\"de\",\"@id\":\"https:\/\/now-news.de\/de\/#\/schema\/logo\/image\/\",\"url\":\"http:\/\/just-now.news\/de\/wp-content\/uploads\/sites\/3\/2022\/04\/logo500x500.jpg\",\"contentUrl\":\"http:\/\/just-now.news\/de\/wp-content\/uploads\/sites\/3\/2022\/04\/logo500x500.jpg\",\"width\":500,\"height\":500,\"caption\":\"Just Now News\"},\"image\":{\"@id\":\"https:\/\/now-news.de\/de\/#\/schema\/logo\/image\/\"},\"sameAs\":[\"https:\/\/www.facebook.com\/wirmachenauf\",\"https:\/\/x.com\/WirMachenAuf_de\"]},{\"@type\":\"Person\",\"@id\":\"https:\/\/now-news.de\/de\/#\/schema\/person\/fb534a4e865501d8b3285208df34a9b5\",\"name\":\"rtnews\",\"image\":{\"@type\":\"ImageObject\",\"inLanguage\":\"de\",\"@id\":\"https:\/\/now-news.de\/de\/#\/schema\/person\/image\/\",\"url\":\"https:\/\/secure.gravatar.com\/avatar\/82aafea7d8127119dd649515f56e2117?s=96&d=mm&r=g\",\"contentUrl\":\"https:\/\/secure.gravatar.com\/avatar\/82aafea7d8127119dd649515f56e2117?s=96&d=mm&r=g\",\"caption\":\"rtnews\"},\"url\":\"https:\/\/now-news.de\/de\/author\/rnews\/\"}]}<\/script>\n<!-- \/ Yoast SEO Premium plugin. -->","yoast_head_json":{"title":"Schlange stehen bei Uschi? Angeblich suchen immer mehr L\u00e4nder die Kooperation mit der EU - just-now.NEWS Deutschland","robots":{"index":"index","follow":"follow","max-snippet":"max-snippet:-1","max-image-preview":"max-image-preview:large","max-video-preview":"max-video-preview:-1"},"canonical":"https:\/\/now-news.de\/de\/deutschland\/schlange-stehen-bei-uschi-angeblich-suchen-immer-mehr-laender-die-kooperation-mit-der-eu\/","og_locale":"de_DE","og_type":"article","og_title":"Schlange stehen bei Uschi? Angeblich suchen immer mehr L\u00e4nder die Kooperation mit der EU","og_description":"Vor dem Hintergrund des sich ausweitenden Handelskriegs behauptet Ursula von der Leyen, die L\u00e4nder der Welt st\u00fcnden bei der EU Schlange. Die EU sei ein verl\u00e4sslicher Partner, so die EU-Kommissionspr\u00e4sidentin. Erhebliche Zweifel an dieser Aussage sind jedoch angebracht. Die Welt stehe Schlange, um mit der EU zu sprechen, behauptet EU-Kommissionspr\u00e4sidentin Ursula von der Leyen. Zahlreiche [&hellip;]","og_url":"https:\/\/now-news.de\/de\/deutschland\/schlange-stehen-bei-uschi-angeblich-suchen-immer-mehr-laender-die-kooperation-mit-der-eu\/","og_site_name":"just-now.NEWS Deutschland","article_publisher":"https:\/\/www.facebook.com\/wirmachenauf","article_published_time":"2025-04-22T18:24:35+00:00","og_image":[{"url":"https:\/\/now-news.de\/de\/wp-content\/uploads\/sites\/3\/2025\/04\/68079dc248fbef7eb60a025a.jpg"}],"author":"rtnews","twitter_card":"summary_large_image","twitter_creator":"@WirMachenAuf_de","twitter_site":"@WirMachenAuf_de","twitter_misc":{"Verfasst von":"rtnews","Gesch\u00e4tzte Lesezeit":"3\u00a0Minuten"},"schema":{"@context":"https:\/\/schema.org","@graph":[{"@type":"Article","@id":"https:\/\/now-news.de\/de\/deutschland\/schlange-stehen-bei-uschi-angeblich-suchen-immer-mehr-laender-die-kooperation-mit-der-eu\/#article","isPartOf":{"@id":"https:\/\/now-news.de\/de\/deutschland\/schlange-stehen-bei-uschi-angeblich-suchen-immer-mehr-laender-die-kooperation-mit-der-eu\/"},"author":{"name":"rtnews","@id":"https:\/\/now-news.de\/de\/#\/schema\/person\/fb534a4e865501d8b3285208df34a9b5"},"headline":"Schlange stehen bei Uschi? Angeblich suchen immer mehr L\u00e4nder die Kooperation mit der EU","datePublished":"2025-04-22T18:24:35+00:00","dateModified":"2025-04-22T18:24:35+00:00","mainEntityOfPage":{"@id":"https:\/\/now-news.de\/de\/deutschland\/schlange-stehen-bei-uschi-angeblich-suchen-immer-mehr-laender-die-kooperation-mit-der-eu\/"},"wordCount":541,"commentCount":0,"publisher":{"@id":"https:\/\/now-news.de\/de\/#organization"},"image":{"@id":"https:\/\/now-news.de\/de\/deutschland\/schlange-stehen-bei-uschi-angeblich-suchen-immer-mehr-laender-die-kooperation-mit-der-eu\/#primaryimage"},"thumbnailUrl":"https:\/\/now-news.de\/de\/wp-content\/uploads\/sites\/3\/2025\/04\/Schlange-stehen-bei-Uschi-Angeblich-suchen-immer-mehr-Laender-die.jpg","keywords":["angeblich","bei","der","die","Immer","Kooperation","L\u00e4nder","mehr","mit","Schlange","stehen","suchen","Uschi"],"articleSection":["Deutschland","Russland"],"inLanguage":"de","potentialAction":[{"@type":"CommentAction","name":"Comment","target":["https:\/\/now-news.de\/de\/deutschland\/schlange-stehen-bei-uschi-angeblich-suchen-immer-mehr-laender-die-kooperation-mit-der-eu\/#respond"]}]},{"@type":"WebPage","@id":"https:\/\/now-news.de\/de\/deutschland\/schlange-stehen-bei-uschi-angeblich-suchen-immer-mehr-laender-die-kooperation-mit-der-eu\/","url":"https:\/\/now-news.de\/de\/deutschland\/schlange-stehen-bei-uschi-angeblich-suchen-immer-mehr-laender-die-kooperation-mit-der-eu\/","name":"Schlange stehen bei Uschi? Angeblich suchen immer mehr L\u00e4nder die Kooperation mit der EU - just-now.NEWS Deutschland","isPartOf":{"@id":"https:\/\/now-news.de\/de\/#website"},"primaryImageOfPage":{"@id":"https:\/\/now-news.de\/de\/deutschland\/schlange-stehen-bei-uschi-angeblich-suchen-immer-mehr-laender-die-kooperation-mit-der-eu\/#primaryimage"},"image":{"@id":"https:\/\/now-news.de\/de\/deutschland\/schlange-stehen-bei-uschi-angeblich-suchen-immer-mehr-laender-die-kooperation-mit-der-eu\/#primaryimage"},"thumbnailUrl":"https:\/\/now-news.de\/de\/wp-content\/uploads\/sites\/3\/2025\/04\/Schlange-stehen-bei-Uschi-Angeblich-suchen-immer-mehr-Laender-die.jpg","datePublished":"2025-04-22T18:24:35+00:00","dateModified":"2025-04-22T18:24:35+00:00","breadcrumb":{"@id":"https:\/\/now-news.de\/de\/deutschland\/schlange-stehen-bei-uschi-angeblich-suchen-immer-mehr-laender-die-kooperation-mit-der-eu\/#breadcrumb"},"inLanguage":"de","potentialAction":[{"@type":"ReadAction","target":["https:\/\/now-news.de\/de\/deutschland\/schlange-stehen-bei-uschi-angeblich-suchen-immer-mehr-laender-die-kooperation-mit-der-eu\/"]}]},{"@type":"ImageObject","inLanguage":"de","@id":"https:\/\/now-news.de\/de\/deutschland\/schlange-stehen-bei-uschi-angeblich-suchen-immer-mehr-laender-die-kooperation-mit-der-eu\/#primaryimage","url":"https:\/\/now-news.de\/de\/wp-content\/uploads\/sites\/3\/2025\/04\/Schlange-stehen-bei-Uschi-Angeblich-suchen-immer-mehr-Laender-die.jpg","contentUrl":"https:\/\/now-news.de\/de\/wp-content\/uploads\/sites\/3\/2025\/04\/Schlange-stehen-bei-Uschi-Angeblich-suchen-immer-mehr-Laender-die.jpg","width":460,"height":259,"caption":"Schlange stehen bei Uschi? Angeblich suchen immer mehr L\u00e4nder die Kooperation mit der EU"},{"@type":"BreadcrumbList","@id":"https:\/\/now-news.de\/de\/deutschland\/schlange-stehen-bei-uschi-angeblich-suchen-immer-mehr-laender-die-kooperation-mit-der-eu\/#breadcrumb","itemListElement":[{"@type":"ListItem","position":1,"name":"Home","item":"https:\/\/now-news.de\/de\/"},{"@type":"ListItem","position":2,"name":"Schlange stehen bei Uschi? Angeblich suchen immer mehr L\u00e4nder die Kooperation mit der EU"}]},{"@type":"WebSite","@id":"https:\/\/now-news.de\/de\/#website","url":"https:\/\/now-news.de\/de\/","name":"just-now.NEWS Deutschland","description":"Das Portal f\u00fcr unzensierte Nachrichten aus der Welt","publisher":{"@id":"https:\/\/now-news.de\/de\/#organization"},"potentialAction":[{"@type":"SearchAction","target":{"@type":"EntryPoint","urlTemplate":"https:\/\/now-news.de\/de\/?s={search_term_string}"},"query-input":"required name=search_term_string"}],"inLanguage":"de"},{"@type":"Organization","@id":"https:\/\/now-news.de\/de\/#organization","name":"Just Now News","url":"https:\/\/now-news.de\/de\/","logo":{"@type":"ImageObject","inLanguage":"de","@id":"https:\/\/now-news.de\/de\/#\/schema\/logo\/image\/","url":"http:\/\/just-now.news\/de\/wp-content\/uploads\/sites\/3\/2022\/04\/logo500x500.jpg","contentUrl":"http:\/\/just-now.news\/de\/wp-content\/uploads\/sites\/3\/2022\/04\/logo500x500.jpg","width":500,"height":500,"caption":"Just Now News"},"image":{"@id":"https:\/\/now-news.de\/de\/#\/schema\/logo\/image\/"},"sameAs":["https:\/\/www.facebook.com\/wirmachenauf","https:\/\/x.com\/WirMachenAuf_de"]},{"@type":"Person","@id":"https:\/\/now-news.de\/de\/#\/schema\/person\/fb534a4e865501d8b3285208df34a9b5","name":"rtnews","image":{"@type":"ImageObject","inLanguage":"de","@id":"https:\/\/now-news.de\/de\/#\/schema\/person\/image\/","url":"https:\/\/secure.gravatar.com\/avatar\/82aafea7d8127119dd649515f56e2117?s=96&d=mm&r=g","contentUrl":"https:\/\/secure.gravatar.com\/avatar\/82aafea7d8127119dd649515f56e2117?s=96&d=mm&r=g","caption":"rtnews"},"url":"https:\/\/now-news.de\/de\/author\/rnews\/"}]}},"_links":{"self":[{"href":"https:\/\/now-news.de\/de\/wp-json\/wp\/v2\/posts\/82572"}],"collection":[{"href":"https:\/\/now-news.de\/de\/wp-json\/wp\/v2\/posts"}],"about":[{"href":"https:\/\/now-news.de\/de\/wp-json\/wp\/v2\/types\/post"}],"author":[{"embeddable":true,"href":"https:\/\/now-news.de\/de\/wp-json\/wp\/v2\/users\/3"}],"replies":[{"embeddable":true,"href":"https:\/\/now-news.de\/de\/wp-json\/wp\/v2\/comments?post=82572"}],"version-history":[{"count":0,"href":"https:\/\/now-news.de\/de\/wp-json\/wp\/v2\/posts\/82572\/revisions"}],"wp:featuredmedia":[{"embeddable":true,"href":"https:\/\/now-news.de\/de\/wp-json\/wp\/v2\/media\/82573"}],"wp:attachment":[{"href":"https:\/\/now-news.de\/de\/wp-json\/wp\/v2\/media?parent=82572"}],"wp:term":[{"taxonomy":"category","embeddable":true,"href":"https:\/\/now-news.de\/de\/wp-json\/wp\/v2\/categories?post=82572"},{"taxonomy":"post_tag","embeddable":true,"href":"https:\/\/now-news.de\/de\/wp-json\/wp\/v2\/tags?post=82572"}],"curies":[{"name":"wp","href":"https:\/\/api.w.org\/{rel}","templated":true}]}}