{"id":8256,"date":"2022-05-19T15:54:59","date_gmt":"2022-05-19T13:54:59","guid":{"rendered":"http:\/\/just-now.news\/de\/deutschland\/finnland-lehnt-nato-stuetzpunkte-und-atomwaffen-auf-seinem-territorium-ab\/"},"modified":"2022-05-19T15:54:59","modified_gmt":"2022-05-19T13:54:59","slug":"finnland-lehnt-nato-stuetzpunkte-und-atomwaffen-auf-seinem-territorium-ab","status":"publish","type":"post","link":"https:\/\/now-news.de\/de\/deutschland\/finnland-lehnt-nato-stuetzpunkte-und-atomwaffen-auf-seinem-territorium-ab\/","title":{"rendered":"Finnland lehnt NATO-St\u00fctzpunkte und Atomwaffen auf seinem Territorium ab"},"content":{"rendered":"<div class=\"Text-root Text-type_5 ArticleView-text ViewText-root \">\n<p>Die Er\u00f6ffnung von NATO-St\u00fctzpunkten in Finnland oder die Stationierung von Atomwaffen im Falle eines Beitritts des Landes zur Allianz kommen nicht in Frage. Dies hat Ministerpr\u00e4sidentin Sanna Marin in einem <a rel=\"nofollow noopener\" target=\"_blank\" href=\"https:\/\/www.corriere.it\/esteri\/22_maggio_19\/premier-finlandese-sanna-marin-putin-05a17178-d6e1-11ec-a70e-c4b6ac55d57f.shtml\">Interview<\/a> mit dem <em>Corriere della Sera <\/em>gesagt. Sie erkl\u00e4rte:<\/p>\n<blockquote>\n<p><em>&#8220;Niemand wird uns Atomwaffen oder St\u00fctzpunkte aufzwingen, wenn wir sie nicht wollen. Deshalb denke ich, dass dieses Thema nicht auf der Tagesordnung steht.&#8221;<\/em><\/p>\n<\/blockquote>\n<div class=\"ReadMore-root Section-root Section-is1to3-xs_is1to1\" data-widgets=\"ReadMore\" data-has-alias>\n<div class=\"Section-container Section-isRow-isTop-isWrap\">\n<article class=\"Card-root Card-is1to1 \">\n<div class=\"Card-imageWrap\">\n<div class=\"Card-picture\">\n<picture class=\"Picture-root Picture-default\"><!--[if IE 9]><video style=\"display: none;\"><![endif]--><source media=\"(-webkit-min-device-pixel-ratio: 2) and (min-resolution: 120dpi)\" data-srcset=\" \nhttp:\/\/just-now.news\/de\/wp-content\/uploads\/sites\/3\/2022\/05\/6285fbd548fbef453f102e6f.jpg 850w,\n                http:\/\/just-now.news\/de\/wp-content\/uploads\/sites\/3\/2022\/05\/6285fbd448fbef453f102e6e.jpg 1960w,\n            \" ><source data-srcset=\" \nhttp:\/\/just-now.news\/de\/wp-content\/uploads\/sites\/3\/2022\/05\/6285fbd548fbef453f102e6f.jpg 460w,\n              http:\/\/just-now.news\/de\/wp-content\/uploads\/sites\/3\/2022\/05\/6285fbd448fbef453f102e6e.jpg 980w,\n            \" ><!--[if IE 9]><\/video><![endif]--><img decoding=\"async\" data- src=\"data:image\/png;base64,iVBORw0KGgoAAAANSUhEUgAAABAAAAAJCAQAAACRI2S5AAAAEElEQVR42mNkIAAYRxWAAQAG9gAKqv6+AwAAAABJRU5ErkJggg==\" class=\"Picture-root Picture-default lazyload\" data-src=\"http:\/\/just-now.news\/de\/wp-content\/uploads\/sites\/3\/2022\/05\/6285fbd548fbef453f102e6f.jpg\" alt=\"Die Ostseestaaten tr\u00e4umen von einer Revanche an Russland\"><\/source><\/source><\/picture><!-- noscript pattern --><noscript><img decoding=\"async\" src=\"http:\/\/just-now.news\/de\/wp-content\/uploads\/sites\/3\/2022\/05\/6285fbd448fbef453f102e6e.jpg\" alt=\"Die Ostseestaaten tr\u00e4umen von einer Revanche an Russland\"><\/noscript>    <\/div><\/div>\n<div class=\"Card-contentWrap\">\n<div class=\"Card-label\">\n            <span class=\"Label-root\"><br \/>\n                Meinung<br \/>\n            <\/span>\n        <\/div>\n<div class=\"Card-content\">\n<div class=\"Card-title\">\n<div class=\"HeaderNews-root HeaderNews-type_6 \">\n<p>            <a rel=\"nofollow noopener\" target=\"_blank\" href=\"https:\/\/de.rt.com\/meinung\/138837-ostseestaaten-traeumen-von-revanche-an-russland\/\" class=\"Link-root Link-isFullCard \"><br \/>\n                Die Ostseestaaten tr\u00e4umen von einer Revanche an Russland<br \/>\n            <\/a><\/p><\/div><\/div><\/div><\/div>\n<\/article>\n<\/div><\/div>\n<p>Marin betonte auch, dass diese Frage nur auf nationaler Ebene gel\u00f6st werden kann. Ihrer Ansicht nach ist die NATO nicht an einer Stationierung solcher Waffen in Finnland interessiert.<\/p>\n<p>Bei der Erl\u00e4uterung der Entscheidung Helsinkis, dem B\u00fcndnis beizutreten, erinnerte die Ministerpr\u00e4sidentin an den Grundsatz der kollektiven Verteidigung (Artikel f\u00fcnf des Nordatlantikpakts). Marin erkl\u00e4rte:<\/p>\n<blockquote>\n<p><em>&#8220;Aber wir sind auch verpflichtet, anderen im Falle eines Angriffs zu helfen. Wir haben eine gute Verteidigungsf\u00e4higkeit, wir geben mehr als zwei Prozent des BIP f\u00fcr die Verteidigung aus.&#8221;<\/em><\/p>\n<\/blockquote>\n<p>Nach Ansicht der finnischen Politikerin investierte Finnland viel in die Sicherheit des Landes, weil es einen &#8220;gro\u00dfen und aggressiven Nachbarn&#8221; in der N\u00e4he seiner Grenzen hat. Gleichzeitig wies sie darauf hin, dass die Entscheidung, die NATO-Mitgliedschaft zu beantragen, &#8220;ein Akt des Friedens und kein Akt des Krieges&#8221; sei. Marin versicherte:<\/p>\n<blockquote>\n<p><em>&#8220;Wir m\u00fcssen daf\u00fcr sorgen, dass es auf finnischem Boden niemals zu einem Krieg kommt. Wir werden immer versuchen, Probleme auf diplomatischem Wege zu l\u00f6sen.&#8221;<\/em><\/p>\n<\/blockquote>\n<p>Drei Mitglieder des nordatlantischen B\u00fcndnisses \u2013 die USA, Frankreich und das Vereinigte K\u00f6nigreich \u2013 verf\u00fcgen \u00fcber Atomwaffen. Laut Professor Tommi Koivula von der finnischen Nationalen Verteidigungsuniversit\u00e4t wird das Land im Falle eines NATO-Beitritts nicht aufgefordert werden, Atomwaffen zu stationieren, aber Helsinki wird in die Planungsgruppe einbezogen, um die Grunds\u00e4tze f\u00fcr deren Einsatz zu diskutieren. Matti Pesu, ein hochrangiger Mitarbeiter des Instituts f\u00fcr Internationale Beziehungen Finnlands, erkl\u00e4rte, dass die Atomwaffen der Allianzmitglieder &#8220;als gemeinsame Abschreckung dienen&#8221;.<\/p>\n<div class=\"ReadMore-root Section-root Section-is1to3-xs_is1to1\" data-widgets=\"ReadMore\" data-has-alias>\n<div class=\"Section-container Section-isRow-isTop-isWrap\">\n<article class=\"Card-root Card-is1to1 \">\n<div class=\"Card-imageWrap\">\n<div class=\"Card-picture\">\n<picture class=\"Picture-root Picture-default\"><!--[if IE 9]><video style=\"display: none;\"><![endif]--><source media=\"(-webkit-min-device-pixel-ratio: 2) and (min-resolution: 120dpi)\" data-srcset=\" \nhttp:\/\/just-now.news\/de\/wp-content\/uploads\/sites\/3\/2022\/05\/6283c49e48fbef3a941a485e.jpg 850w,\n                http:\/\/just-now.news\/de\/wp-content\/uploads\/sites\/3\/2022\/05\/6283c49e48fbef3a941a485d.jpg 1960w,\n            \" ><source data-srcset=\" \nhttp:\/\/just-now.news\/de\/wp-content\/uploads\/sites\/3\/2022\/05\/6283c49e48fbef3a941a485e.jpg 460w,\n              http:\/\/just-now.news\/de\/wp-content\/uploads\/sites\/3\/2022\/05\/6283c49e48fbef3a941a485d.jpg 980w,\n            \" ><!--[if IE 9]><\/video><![endif]--><img decoding=\"async\" data- src=\"data:image\/png;base64,iVBORw0KGgoAAAANSUhEUgAAABAAAAAJCAQAAACRI2S5AAAAEElEQVR42mNkIAAYRxWAAQAG9gAKqv6+AwAAAABJRU5ErkJggg==\" class=\"Picture-root Picture-default lazyload\" data-src=\"http:\/\/just-now.news\/de\/wp-content\/uploads\/sites\/3\/2022\/05\/6283c49e48fbef3a941a485e.jpg\" alt=\"Nukleares Finnland \u2013 NATO-Beitritt als Bruch des Pariser Friedensvertrages von 1947\"><\/source><\/source><\/picture><!-- noscript pattern --><noscript><img decoding=\"async\" src=\"http:\/\/just-now.news\/de\/wp-content\/uploads\/sites\/3\/2022\/05\/6283c49e48fbef3a941a485d.jpg\" alt=\"Nukleares Finnland \u2013 NATO-Beitritt als Bruch des Pariser Friedensvertrages von 1947\"><\/noscript>    <\/div><\/div>\n<div class=\"Card-contentWrap\">\n<div class=\"Card-label\">\n            <span class=\"Label-root\"><br \/>\n                Meinung<br \/>\n            <\/span>\n        <\/div>\n<div class=\"Card-content\">\n<div class=\"Card-title\">\n<div class=\"HeaderNews-root HeaderNews-type_6 \">\n<p>            <a rel=\"nofollow noopener\" target=\"_blank\" href=\"https:\/\/de.rt.com\/meinung\/138690-nukleares-finnland-nato-beitritt-als-bruch-des-pariser-friedensvertrags-von-1947\/\" class=\"Link-root Link-isFullCard \"><br \/>\n                Nukleares Finnland \u2013 NATO-Beitritt als Bruch des Pariser Friedensvertrages von 1947<br \/>\n            <\/a><\/p><\/div><\/div><\/div><\/div>\n<\/article>\n<\/div><\/div>\n<p>Auch Schweden lehnt die Stationierung von Atomwaffen und st\u00e4ndigen St\u00fctzpunkten auf seinem Territorium ab und beantragte gleichzeitig mit Finnland den Beitritt zur NATO. Sie m\u00fcssen vom Nordatlantikrat gepr\u00fcft werden, und dann muss das Beitrittsabkommen auf nationaler Ebene in allen 30 L\u00e4ndern, die den Block bilden, ratifiziert werden.<\/p>\n<p>Die T\u00fcrkei ist nicht bereit, den Beitritt der skandinavischen L\u00e4nder zur Europ\u00e4ischen Union zu unterst\u00fctzen, sagte Pr\u00e4sident Recep Tayyip Erdo\u011fan. Er f\u00fchrte dies auf Sanktionen gegen Ankara und die Weigerung Finnlands und Schwedens zur\u00fcck, Mitglieder der Arbeiterpartei Kurdistans (PKK) auszuliefern, die die T\u00fcrkei als Terroristen betrachtet. Der kroatische Pr\u00e4sident Zoran Milanovi\u0107 sprach sich ebenfalls daf\u00fcr aus, Finnland und Schweden am NATO-Beitritt zu hindern, wurde aber vom Premierminister und vom Au\u00dfenminister des Landes nicht unterst\u00fctzt.<\/p>\n<p>Seinerseits erkl\u00e4rte der russische Pr\u00e4sident Wladimir Putin, die NATO-Erweiterung um Schweden und Finnland stelle keine &#8220;unmittelbare Bedrohung&#8221; f\u00fcr Russland dar, aber das Land werde Vergeltung \u00fcben, wenn die milit\u00e4rische Infrastruktur in diesen Gebieten ausgebaut werde. Die Sprecherin des russischen Au\u00dfenministeriums Maria Sacharowa versprach, dass das russische Verteidigungsministerium in diesem Fall eine &#8220;\u00dcberraschung&#8221; vorbereiten werde.<\/p>\n<p><strong>Mehr zum Thema<\/strong> &#8211; <a rel=\"nofollow noopener\" target=\"_blank\" href=\"https:\/\/de.rt.com\/international\/138624-erdogan-tuerkei-lehnt-nato-beitrittsgesuche-schweden-finnland-ab\/\">Erdo\u011fan: T\u00fcrkei lehnt NATO-Beitrittsgesuche Finnlands und Schwedens ab<\/a><\/p>\n<\/div>\n<p><br \/>\n<br \/><a href=\"https:\/\/de.rt.com\/europa\/138861-finnland-lehnt-nato-stuetzpunkte-und-atomwaffen-auf-seinem-territorium-ab\/\">Source link <\/a><\/p>\n","protected":false},"excerpt":{"rendered":"<p>Die Er\u00f6ffnung von NATO-St\u00fctzpunkten in Finnland oder die Stationierung von Atomwaffen im Falle eines Beitritts des Landes zur Allianz kommen nicht in Frage. Dies hat Ministerpr\u00e4sidentin Sanna Marin in einem Interview mit dem Corriere della Sera gesagt. Sie erkl\u00e4rte: &#8220;Niemand wird uns Atomwaffen oder St\u00fctzpunkte aufzwingen, wenn wir sie nicht wollen. Deshalb denke ich, dass [&hellip;]<\/p>\n","protected":false},"author":3,"featured_media":8257,"comment_status":"open","ping_status":"open","sticky":false,"template":"","format":"standard","meta":{"wp_automatic_camp":["217"],"7327ec570205287195e14a622543b645":["Finnland lehnt NATO-St\u00fctzpunkte und Atomwaffen auf seinem Territorium ab"],"original_link":["https:\/\/de.rt.com\/europa\/138861-finnland-lehnt-nato-stuetzpunkte-und-atomwaffen-auf-seinem-territorium-ab\/"],"_thumbnail_id":["8257"],"_wptg_p2tg_sent2tg":["2022-05-19 16:00:08"],"jnews_social_counter_last_update":["1777337164"]},"categories":[19,23],"tags":[7620,133,1906,2034,20926,4258,20927,140],"yoast_head":"<!-- This site is optimized with the Yoast SEO Premium plugin v22.7 (Yoast SEO v22.7) - https:\/\/yoast.com\/wordpress\/plugins\/seo\/ -->\n<title>Finnland lehnt NATO-St\u00fctzpunkte und Atomwaffen auf seinem Territorium ab - just-now.NEWS Deutschland<\/title>\n<meta name=\"robots\" content=\"index, follow, max-snippet:-1, max-image-preview:large, max-video-preview:-1\" \/>\n<link rel=\"canonical\" href=\"https:\/\/now-news.de\/de\/deutschland\/finnland-lehnt-nato-stuetzpunkte-und-atomwaffen-auf-seinem-territorium-ab\/\" \/>\n<meta property=\"og:locale\" content=\"de_DE\" \/>\n<meta property=\"og:type\" content=\"article\" \/>\n<meta property=\"og:title\" content=\"Finnland lehnt NATO-St\u00fctzpunkte und Atomwaffen auf seinem Territorium ab\" \/>\n<meta property=\"og:description\" content=\"Die Er\u00f6ffnung von NATO-St\u00fctzpunkten in Finnland oder die Stationierung von Atomwaffen im Falle eines Beitritts des Landes zur Allianz kommen nicht in Frage. Dies hat Ministerpr\u00e4sidentin Sanna Marin in einem Interview mit dem Corriere della Sera gesagt. Sie erkl\u00e4rte: &#8220;Niemand wird uns Atomwaffen oder St\u00fctzpunkte aufzwingen, wenn wir sie nicht wollen. Deshalb denke ich, dass [&hellip;]\" \/>\n<meta property=\"og:url\" content=\"https:\/\/now-news.de\/de\/deutschland\/finnland-lehnt-nato-stuetzpunkte-und-atomwaffen-auf-seinem-territorium-ab\/\" \/>\n<meta property=\"og:site_name\" content=\"just-now.NEWS Deutschland\" \/>\n<meta property=\"article:publisher\" content=\"https:\/\/www.facebook.com\/wirmachenauf\" \/>\n<meta property=\"article:published_time\" content=\"2022-05-19T13:54:59+00:00\" \/>\n<meta property=\"og:image\" content=\"https:\/\/now-news.de\/de\/wp-content\/uploads\/sites\/3\/2022\/05\/Finnland-lehnt-NATO-Stuetzpunkte-und-Atomwaffen-auf-seinem-Territorium-ab.jpg\" \/>\n\t<meta property=\"og:image:width\" content=\"460\" \/>\n\t<meta property=\"og:image:height\" content=\"259\" \/>\n\t<meta property=\"og:image:type\" content=\"image\/jpeg\" \/>\n<meta name=\"author\" content=\"rtnews\" \/>\n<meta name=\"twitter:card\" content=\"summary_large_image\" \/>\n<meta name=\"twitter:creator\" content=\"@WirMachenAuf_de\" \/>\n<meta name=\"twitter:site\" content=\"@WirMachenAuf_de\" \/>\n<meta name=\"twitter:label1\" content=\"Verfasst von\" \/>\n\t<meta name=\"twitter:data1\" content=\"rtnews\" \/>\n\t<meta name=\"twitter:label2\" content=\"Gesch\u00e4tzte Lesezeit\" \/>\n\t<meta name=\"twitter:data2\" content=\"3\u00a0Minuten\" \/>\n<script type=\"application\/ld+json\" class=\"yoast-schema-graph\">{\"@context\":\"https:\/\/schema.org\",\"@graph\":[{\"@type\":\"Article\",\"@id\":\"https:\/\/now-news.de\/de\/deutschland\/finnland-lehnt-nato-stuetzpunkte-und-atomwaffen-auf-seinem-territorium-ab\/#article\",\"isPartOf\":{\"@id\":\"https:\/\/now-news.de\/de\/deutschland\/finnland-lehnt-nato-stuetzpunkte-und-atomwaffen-auf-seinem-territorium-ab\/\"},\"author\":{\"name\":\"rtnews\",\"@id\":\"https:\/\/now-news.de\/de\/#\/schema\/person\/fb534a4e865501d8b3285208df34a9b5\"},\"headline\":\"Finnland lehnt NATO-St\u00fctzpunkte und Atomwaffen auf seinem Territorium ab\",\"datePublished\":\"2022-05-19T13:54:59+00:00\",\"dateModified\":\"2022-05-19T13:54:59+00:00\",\"mainEntityOfPage\":{\"@id\":\"https:\/\/now-news.de\/de\/deutschland\/finnland-lehnt-nato-stuetzpunkte-und-atomwaffen-auf-seinem-territorium-ab\/\"},\"wordCount\":560,\"commentCount\":0,\"publisher\":{\"@id\":\"https:\/\/now-news.de\/de\/#organization\"},\"image\":{\"@id\":\"https:\/\/now-news.de\/de\/deutschland\/finnland-lehnt-nato-stuetzpunkte-und-atomwaffen-auf-seinem-territorium-ab\/#primaryimage\"},\"thumbnailUrl\":\"https:\/\/now-news.de\/de\/wp-content\/uploads\/sites\/3\/2022\/05\/Finnland-lehnt-NATO-Stuetzpunkte-und-Atomwaffen-auf-seinem-Territorium-ab.jpg\",\"keywords\":[\"Atomwaffen\",\"AUF\",\"Finnland\",\"lehnt\",\"NATOSt\u00fctzpunkte\",\"seinem\",\"Territorium\",\"und\"],\"articleSection\":[\"Deutschland\",\"Russland\"],\"inLanguage\":\"de\",\"potentialAction\":[{\"@type\":\"CommentAction\",\"name\":\"Comment\",\"target\":[\"https:\/\/now-news.de\/de\/deutschland\/finnland-lehnt-nato-stuetzpunkte-und-atomwaffen-auf-seinem-territorium-ab\/#respond\"]}]},{\"@type\":\"WebPage\",\"@id\":\"https:\/\/now-news.de\/de\/deutschland\/finnland-lehnt-nato-stuetzpunkte-und-atomwaffen-auf-seinem-territorium-ab\/\",\"url\":\"https:\/\/now-news.de\/de\/deutschland\/finnland-lehnt-nato-stuetzpunkte-und-atomwaffen-auf-seinem-territorium-ab\/\",\"name\":\"Finnland lehnt NATO-St\u00fctzpunkte und Atomwaffen auf seinem Territorium ab - just-now.NEWS Deutschland\",\"isPartOf\":{\"@id\":\"https:\/\/now-news.de\/de\/#website\"},\"primaryImageOfPage\":{\"@id\":\"https:\/\/now-news.de\/de\/deutschland\/finnland-lehnt-nato-stuetzpunkte-und-atomwaffen-auf-seinem-territorium-ab\/#primaryimage\"},\"image\":{\"@id\":\"https:\/\/now-news.de\/de\/deutschland\/finnland-lehnt-nato-stuetzpunkte-und-atomwaffen-auf-seinem-territorium-ab\/#primaryimage\"},\"thumbnailUrl\":\"https:\/\/now-news.de\/de\/wp-content\/uploads\/sites\/3\/2022\/05\/Finnland-lehnt-NATO-Stuetzpunkte-und-Atomwaffen-auf-seinem-Territorium-ab.jpg\",\"datePublished\":\"2022-05-19T13:54:59+00:00\",\"dateModified\":\"2022-05-19T13:54:59+00:00\",\"breadcrumb\":{\"@id\":\"https:\/\/now-news.de\/de\/deutschland\/finnland-lehnt-nato-stuetzpunkte-und-atomwaffen-auf-seinem-territorium-ab\/#breadcrumb\"},\"inLanguage\":\"de\",\"potentialAction\":[{\"@type\":\"ReadAction\",\"target\":[\"https:\/\/now-news.de\/de\/deutschland\/finnland-lehnt-nato-stuetzpunkte-und-atomwaffen-auf-seinem-territorium-ab\/\"]}]},{\"@type\":\"ImageObject\",\"inLanguage\":\"de\",\"@id\":\"https:\/\/now-news.de\/de\/deutschland\/finnland-lehnt-nato-stuetzpunkte-und-atomwaffen-auf-seinem-territorium-ab\/#primaryimage\",\"url\":\"https:\/\/now-news.de\/de\/wp-content\/uploads\/sites\/3\/2022\/05\/Finnland-lehnt-NATO-Stuetzpunkte-und-Atomwaffen-auf-seinem-Territorium-ab.jpg\",\"contentUrl\":\"https:\/\/now-news.de\/de\/wp-content\/uploads\/sites\/3\/2022\/05\/Finnland-lehnt-NATO-Stuetzpunkte-und-Atomwaffen-auf-seinem-Territorium-ab.jpg\",\"width\":460,\"height\":259,\"caption\":\"Die Ostseestaaten tr\u00e4umen von einer Revanche an Russland\"},{\"@type\":\"BreadcrumbList\",\"@id\":\"https:\/\/now-news.de\/de\/deutschland\/finnland-lehnt-nato-stuetzpunkte-und-atomwaffen-auf-seinem-territorium-ab\/#breadcrumb\",\"itemListElement\":[{\"@type\":\"ListItem\",\"position\":1,\"name\":\"Home\",\"item\":\"https:\/\/now-news.de\/de\/\"},{\"@type\":\"ListItem\",\"position\":2,\"name\":\"Finnland lehnt NATO-St\u00fctzpunkte und Atomwaffen auf seinem Territorium ab\"}]},{\"@type\":\"WebSite\",\"@id\":\"https:\/\/now-news.de\/de\/#website\",\"url\":\"https:\/\/now-news.de\/de\/\",\"name\":\"just-now.NEWS Deutschland\",\"description\":\"Das Portal f\u00fcr unzensierte Nachrichten aus der Welt\",\"publisher\":{\"@id\":\"https:\/\/now-news.de\/de\/#organization\"},\"potentialAction\":[{\"@type\":\"SearchAction\",\"target\":{\"@type\":\"EntryPoint\",\"urlTemplate\":\"https:\/\/now-news.de\/de\/?s={search_term_string}\"},\"query-input\":\"required name=search_term_string\"}],\"inLanguage\":\"de\"},{\"@type\":\"Organization\",\"@id\":\"https:\/\/now-news.de\/de\/#organization\",\"name\":\"Just Now News\",\"url\":\"https:\/\/now-news.de\/de\/\",\"logo\":{\"@type\":\"ImageObject\",\"inLanguage\":\"de\",\"@id\":\"https:\/\/now-news.de\/de\/#\/schema\/logo\/image\/\",\"url\":\"http:\/\/just-now.news\/de\/wp-content\/uploads\/sites\/3\/2022\/04\/logo500x500.jpg\",\"contentUrl\":\"http:\/\/just-now.news\/de\/wp-content\/uploads\/sites\/3\/2022\/04\/logo500x500.jpg\",\"width\":500,\"height\":500,\"caption\":\"Just Now News\"},\"image\":{\"@id\":\"https:\/\/now-news.de\/de\/#\/schema\/logo\/image\/\"},\"sameAs\":[\"https:\/\/www.facebook.com\/wirmachenauf\",\"https:\/\/x.com\/WirMachenAuf_de\"]},{\"@type\":\"Person\",\"@id\":\"https:\/\/now-news.de\/de\/#\/schema\/person\/fb534a4e865501d8b3285208df34a9b5\",\"name\":\"rtnews\",\"image\":{\"@type\":\"ImageObject\",\"inLanguage\":\"de\",\"@id\":\"https:\/\/now-news.de\/de\/#\/schema\/person\/image\/\",\"url\":\"https:\/\/secure.gravatar.com\/avatar\/82aafea7d8127119dd649515f56e2117?s=96&d=mm&r=g\",\"contentUrl\":\"https:\/\/secure.gravatar.com\/avatar\/82aafea7d8127119dd649515f56e2117?s=96&d=mm&r=g\",\"caption\":\"rtnews\"},\"url\":\"https:\/\/now-news.de\/de\/author\/rnews\/\"}]}<\/script>\n<!-- \/ Yoast SEO Premium plugin. -->","yoast_head_json":{"title":"Finnland lehnt NATO-St\u00fctzpunkte und Atomwaffen auf seinem Territorium ab - just-now.NEWS Deutschland","robots":{"index":"index","follow":"follow","max-snippet":"max-snippet:-1","max-image-preview":"max-image-preview:large","max-video-preview":"max-video-preview:-1"},"canonical":"https:\/\/now-news.de\/de\/deutschland\/finnland-lehnt-nato-stuetzpunkte-und-atomwaffen-auf-seinem-territorium-ab\/","og_locale":"de_DE","og_type":"article","og_title":"Finnland lehnt NATO-St\u00fctzpunkte und Atomwaffen auf seinem Territorium ab","og_description":"Die Er\u00f6ffnung von NATO-St\u00fctzpunkten in Finnland oder die Stationierung von Atomwaffen im Falle eines Beitritts des Landes zur Allianz kommen nicht in Frage. Dies hat Ministerpr\u00e4sidentin Sanna Marin in einem Interview mit dem Corriere della Sera gesagt. Sie erkl\u00e4rte: &#8220;Niemand wird uns Atomwaffen oder St\u00fctzpunkte aufzwingen, wenn wir sie nicht wollen. Deshalb denke ich, dass [&hellip;]","og_url":"https:\/\/now-news.de\/de\/deutschland\/finnland-lehnt-nato-stuetzpunkte-und-atomwaffen-auf-seinem-territorium-ab\/","og_site_name":"just-now.NEWS Deutschland","article_publisher":"https:\/\/www.facebook.com\/wirmachenauf","article_published_time":"2022-05-19T13:54:59+00:00","og_image":[{"width":460,"height":259,"url":"https:\/\/now-news.de\/de\/wp-content\/uploads\/sites\/3\/2022\/05\/Finnland-lehnt-NATO-Stuetzpunkte-und-Atomwaffen-auf-seinem-Territorium-ab.jpg","type":"image\/jpeg"}],"author":"rtnews","twitter_card":"summary_large_image","twitter_creator":"@WirMachenAuf_de","twitter_site":"@WirMachenAuf_de","twitter_misc":{"Verfasst von":"rtnews","Gesch\u00e4tzte Lesezeit":"3\u00a0Minuten"},"schema":{"@context":"https:\/\/schema.org","@graph":[{"@type":"Article","@id":"https:\/\/now-news.de\/de\/deutschland\/finnland-lehnt-nato-stuetzpunkte-und-atomwaffen-auf-seinem-territorium-ab\/#article","isPartOf":{"@id":"https:\/\/now-news.de\/de\/deutschland\/finnland-lehnt-nato-stuetzpunkte-und-atomwaffen-auf-seinem-territorium-ab\/"},"author":{"name":"rtnews","@id":"https:\/\/now-news.de\/de\/#\/schema\/person\/fb534a4e865501d8b3285208df34a9b5"},"headline":"Finnland lehnt NATO-St\u00fctzpunkte und Atomwaffen auf seinem Territorium ab","datePublished":"2022-05-19T13:54:59+00:00","dateModified":"2022-05-19T13:54:59+00:00","mainEntityOfPage":{"@id":"https:\/\/now-news.de\/de\/deutschland\/finnland-lehnt-nato-stuetzpunkte-und-atomwaffen-auf-seinem-territorium-ab\/"},"wordCount":560,"commentCount":0,"publisher":{"@id":"https:\/\/now-news.de\/de\/#organization"},"image":{"@id":"https:\/\/now-news.de\/de\/deutschland\/finnland-lehnt-nato-stuetzpunkte-und-atomwaffen-auf-seinem-territorium-ab\/#primaryimage"},"thumbnailUrl":"https:\/\/now-news.de\/de\/wp-content\/uploads\/sites\/3\/2022\/05\/Finnland-lehnt-NATO-Stuetzpunkte-und-Atomwaffen-auf-seinem-Territorium-ab.jpg","keywords":["Atomwaffen","AUF","Finnland","lehnt","NATOSt\u00fctzpunkte","seinem","Territorium","und"],"articleSection":["Deutschland","Russland"],"inLanguage":"de","potentialAction":[{"@type":"CommentAction","name":"Comment","target":["https:\/\/now-news.de\/de\/deutschland\/finnland-lehnt-nato-stuetzpunkte-und-atomwaffen-auf-seinem-territorium-ab\/#respond"]}]},{"@type":"WebPage","@id":"https:\/\/now-news.de\/de\/deutschland\/finnland-lehnt-nato-stuetzpunkte-und-atomwaffen-auf-seinem-territorium-ab\/","url":"https:\/\/now-news.de\/de\/deutschland\/finnland-lehnt-nato-stuetzpunkte-und-atomwaffen-auf-seinem-territorium-ab\/","name":"Finnland lehnt NATO-St\u00fctzpunkte und Atomwaffen auf seinem Territorium ab - just-now.NEWS Deutschland","isPartOf":{"@id":"https:\/\/now-news.de\/de\/#website"},"primaryImageOfPage":{"@id":"https:\/\/now-news.de\/de\/deutschland\/finnland-lehnt-nato-stuetzpunkte-und-atomwaffen-auf-seinem-territorium-ab\/#primaryimage"},"image":{"@id":"https:\/\/now-news.de\/de\/deutschland\/finnland-lehnt-nato-stuetzpunkte-und-atomwaffen-auf-seinem-territorium-ab\/#primaryimage"},"thumbnailUrl":"https:\/\/now-news.de\/de\/wp-content\/uploads\/sites\/3\/2022\/05\/Finnland-lehnt-NATO-Stuetzpunkte-und-Atomwaffen-auf-seinem-Territorium-ab.jpg","datePublished":"2022-05-19T13:54:59+00:00","dateModified":"2022-05-19T13:54:59+00:00","breadcrumb":{"@id":"https:\/\/now-news.de\/de\/deutschland\/finnland-lehnt-nato-stuetzpunkte-und-atomwaffen-auf-seinem-territorium-ab\/#breadcrumb"},"inLanguage":"de","potentialAction":[{"@type":"ReadAction","target":["https:\/\/now-news.de\/de\/deutschland\/finnland-lehnt-nato-stuetzpunkte-und-atomwaffen-auf-seinem-territorium-ab\/"]}]},{"@type":"ImageObject","inLanguage":"de","@id":"https:\/\/now-news.de\/de\/deutschland\/finnland-lehnt-nato-stuetzpunkte-und-atomwaffen-auf-seinem-territorium-ab\/#primaryimage","url":"https:\/\/now-news.de\/de\/wp-content\/uploads\/sites\/3\/2022\/05\/Finnland-lehnt-NATO-Stuetzpunkte-und-Atomwaffen-auf-seinem-Territorium-ab.jpg","contentUrl":"https:\/\/now-news.de\/de\/wp-content\/uploads\/sites\/3\/2022\/05\/Finnland-lehnt-NATO-Stuetzpunkte-und-Atomwaffen-auf-seinem-Territorium-ab.jpg","width":460,"height":259,"caption":"Die Ostseestaaten tr\u00e4umen von einer Revanche an Russland"},{"@type":"BreadcrumbList","@id":"https:\/\/now-news.de\/de\/deutschland\/finnland-lehnt-nato-stuetzpunkte-und-atomwaffen-auf-seinem-territorium-ab\/#breadcrumb","itemListElement":[{"@type":"ListItem","position":1,"name":"Home","item":"https:\/\/now-news.de\/de\/"},{"@type":"ListItem","position":2,"name":"Finnland lehnt NATO-St\u00fctzpunkte und Atomwaffen auf seinem Territorium ab"}]},{"@type":"WebSite","@id":"https:\/\/now-news.de\/de\/#website","url":"https:\/\/now-news.de\/de\/","name":"just-now.NEWS Deutschland","description":"Das Portal f\u00fcr unzensierte Nachrichten aus der Welt","publisher":{"@id":"https:\/\/now-news.de\/de\/#organization"},"potentialAction":[{"@type":"SearchAction","target":{"@type":"EntryPoint","urlTemplate":"https:\/\/now-news.de\/de\/?s={search_term_string}"},"query-input":"required name=search_term_string"}],"inLanguage":"de"},{"@type":"Organization","@id":"https:\/\/now-news.de\/de\/#organization","name":"Just Now News","url":"https:\/\/now-news.de\/de\/","logo":{"@type":"ImageObject","inLanguage":"de","@id":"https:\/\/now-news.de\/de\/#\/schema\/logo\/image\/","url":"http:\/\/just-now.news\/de\/wp-content\/uploads\/sites\/3\/2022\/04\/logo500x500.jpg","contentUrl":"http:\/\/just-now.news\/de\/wp-content\/uploads\/sites\/3\/2022\/04\/logo500x500.jpg","width":500,"height":500,"caption":"Just Now News"},"image":{"@id":"https:\/\/now-news.de\/de\/#\/schema\/logo\/image\/"},"sameAs":["https:\/\/www.facebook.com\/wirmachenauf","https:\/\/x.com\/WirMachenAuf_de"]},{"@type":"Person","@id":"https:\/\/now-news.de\/de\/#\/schema\/person\/fb534a4e865501d8b3285208df34a9b5","name":"rtnews","image":{"@type":"ImageObject","inLanguage":"de","@id":"https:\/\/now-news.de\/de\/#\/schema\/person\/image\/","url":"https:\/\/secure.gravatar.com\/avatar\/82aafea7d8127119dd649515f56e2117?s=96&d=mm&r=g","contentUrl":"https:\/\/secure.gravatar.com\/avatar\/82aafea7d8127119dd649515f56e2117?s=96&d=mm&r=g","caption":"rtnews"},"url":"https:\/\/now-news.de\/de\/author\/rnews\/"}]}},"_links":{"self":[{"href":"https:\/\/now-news.de\/de\/wp-json\/wp\/v2\/posts\/8256"}],"collection":[{"href":"https:\/\/now-news.de\/de\/wp-json\/wp\/v2\/posts"}],"about":[{"href":"https:\/\/now-news.de\/de\/wp-json\/wp\/v2\/types\/post"}],"author":[{"embeddable":true,"href":"https:\/\/now-news.de\/de\/wp-json\/wp\/v2\/users\/3"}],"replies":[{"embeddable":true,"href":"https:\/\/now-news.de\/de\/wp-json\/wp\/v2\/comments?post=8256"}],"version-history":[{"count":0,"href":"https:\/\/now-news.de\/de\/wp-json\/wp\/v2\/posts\/8256\/revisions"}],"wp:featuredmedia":[{"embeddable":true,"href":"https:\/\/now-news.de\/de\/wp-json\/wp\/v2\/media\/8257"}],"wp:attachment":[{"href":"https:\/\/now-news.de\/de\/wp-json\/wp\/v2\/media?parent=8256"}],"wp:term":[{"taxonomy":"category","embeddable":true,"href":"https:\/\/now-news.de\/de\/wp-json\/wp\/v2\/categories?post=8256"},{"taxonomy":"post_tag","embeddable":true,"href":"https:\/\/now-news.de\/de\/wp-json\/wp\/v2\/tags?post=8256"}],"curies":[{"name":"wp","href":"https:\/\/api.w.org\/{rel}","templated":true}]}}