{"id":82551,"date":"2025-04-22T16:39:23","date_gmt":"2025-04-22T14:39:23","guid":{"rendered":"https:\/\/now-news.de\/de\/deutschland\/wie-jeder-christ-papst-franziskus-bekommt-schlichte-beerdigung\/"},"modified":"2025-04-22T16:39:23","modified_gmt":"2025-04-22T14:39:23","slug":"wie-jeder-christ-papst-franziskus-bekommt-schlichte-beerdigung","status":"publish","type":"post","link":"https:\/\/now-news.de\/de\/deutschland\/wie-jeder-christ-papst-franziskus-bekommt-schlichte-beerdigung\/","title":{"rendered":"&quot;Wie jeder Christ&quot; \u2013 Papst Franziskus bekommt schlichte Beerdigung"},"content":{"rendered":"<p><img decoding=\"async\" src=\"https:\/\/now-news.de\/de\/wp-content\/uploads\/sites\/3\/2025\/04\/6807686f48fbef7d9e4755ab.jpg\" \/><\/p>\n<div class=\"Text-root Text-type_1 \">\n                Die Beisetzung vom Papst Franziskus wird gem\u00e4\u00df den von ihm eingef\u00fchrten \u00c4nderungen des traditionellen Ritus stattfinden. Der verstorbene Geistliche w\u00fcnschte sich eine schlichtere Beerdigung als seine Vorg\u00e4nger. Der Pontifex wollte behandelt werden, &#8220;wie jeder Christ&#8221;.\n            <\/div>\n<p><\/p>\n<div class=\"Text-root Text-type_5 ArticleView-text ViewText-root \">\n<p>Die Beerdigung von Papst Franziskus, der am 21. April im Alter von 88 Jahren verstarb, findet am Samstag, den 26. April, statt. Dies teilte das Presseamt des Heiligen Stuhls mit. Die Trauerzeremonie f\u00fcr den Pontifex wird unkonventionell und bescheiden verlaufen. Franziskus selbst hatte zuvor gesagt:<\/p>\n<blockquote>\n<p><em>&#8220;Das Ritual war zu \u00fcberladen.&#8221;<\/em><\/p>\n<\/blockquote>\n<p>Alles solle &#8220;mit W\u00fcrde&#8221; ablaufen, er wolle aber behandelt werden &#8220;wie jeder Christ&#8221;, zitierte die Nachrichtenagentur <em>dpa<\/em> den Geistlichen. Die Struktur der Bestattung bleibt kanonisch, aber entsprechend den \u00c4nderungen, die Franziskus am Ordo Exsequiarum Romani Pontificis (zu Deutsch: Begr\u00e4bnisverordnung f\u00fcr r\u00f6mische P\u00e4pste) vornahm, findet die offizielle Feststellung des Todes des Papstes nicht mehr im Zimmer des Verstorbenen, sondern in der Kapelle statt.<\/p>\n<p>\u00dcberdies wird der Leichnam des Verstorbenen sofort im Sarg aufgebahrt. Gl\u00e4ubige k\u00f6nnen am offenen Sarg des verstorbenen Papstes im Petersdom Abschied nehmen. Dabei wird der p\u00e4pstliche Bischofsstab nicht mehr neben den Sarg gelegt. Am Vorabend der Beerdigungsmesse wird der Sarg geschlossen.<\/p>\n<p>Es wird keine drei S\u00e4rge aus Zypresse, Blei und dann Eiche mehr geben, sondern der Pontifex wird direkt in einen Metallsarg gebettet, welcher anschlie\u00dfend von einem Holzsarg umschlossen wird.<\/p>\n<p>P\u00e4pste d\u00fcrfen zudem Anweisungen f\u00fcr ihre Bestattung f\u00fcr einen anderen Ort als den Petersdom hinterlassen. Papst Franziskus \u00e4u\u00dferte in seinem Testament einen einzigen Wunsch: Anders als viele Vorg\u00e4nger wird der Pontifex nicht im Vatikan seine letzte Ruhe finden, sondern in der Basilika Santa Maria Maggiore in Rom. Das verstorbene Oberhaupt der r\u00f6misch-katholischen Kirche habe sein Leben und sein priesterliches und bisch\u00f6fliches Amt immer der &#8220;Mutter unseres Herrn, der heiligsten Maria&#8221; anvertraut, schrieb Franziskus. Weiter hie\u00df es:<\/p>\n<blockquote>\n<p><em>&#8220;Deshalb bitte ich darum, dass meine sterblichen \u00dcberreste in Erwartung des Tages der Auferstehung in der p\u00e4pstlichen Basilika Santa Maria Maggiore ruhen.&#8221;<\/em><\/p>\n<\/blockquote>\n<p>Franziskus wird nicht der erste Papst sein, dessen Leichnam in Santa Maria Maggiore ruhen wird. Auch Clemens IX. (1667 bis 1669) ist dort begraben. \u00a0<\/p>\n<p>\u00dcber die Kosten der Beerdigung von Franziskus gibt das Testament ebenfalls Auskunft. Diese seien bereits im Voraus gedeckt worden, erkl\u00e4rte der Papst und verwies auf einen Spender, dessen Namen er nicht offenbarte.<\/p>\n<p>Das Oberhaupt der r\u00f6misch-katholischen Kirche war am Ostermontag im Alter von 88 Jahren an den Folgen eines Schlaganfalls gestorben. Nach dem Tod von Papst Franziskus muss nun der Vatikan seine Nachfolge regeln.<\/p>\n<p><strong>Mehr zum Thema<\/strong> \u2013 <a rel=\"nofollow noopener\" target=\"_blank\" href=\"https:\/\/freedert.online\/meinung\/242990-taube-kraehe-und-brics-in\/\">Taube, Kr\u00e4he und BRICS in der Soutane \u2013 Zum Pontifikat von Papst Franziskus<\/a><\/p>\n<div class=\"EmbedBlock-root EmbedBlock-externalVideo EmbedBlock-rumble\">\n<div class=\"VkEmbed\"><iframe class=\"lazyload\" data-src=\"https:\/\/rumble.com\/embed\/v6q6gch\" frameborder=\"0\" width=\"853\" height=\"480\" allowfullscreen><\/iframe><\/div>\n<\/div>\n<\/div>\n<p><br \/>\n<br \/><a href=\"https:\/\/de.rt.com\/international\/243040-wie-jeder-christ-papst-franziskus\/\">Source link <\/a><\/p>\n","protected":false},"excerpt":{"rendered":"<p>Die Beisetzung vom Papst Franziskus wird gem\u00e4\u00df den von ihm eingef\u00fchrten \u00c4nderungen des traditionellen Ritus stattfinden. Der verstorbene Geistliche w\u00fcnschte sich eine schlichtere Beerdigung als seine Vorg\u00e4nger. Der Pontifex wollte behandelt werden, &#8220;wie jeder Christ&#8221;. Die Beerdigung von Papst Franziskus, der am 21. April im Alter von 88 Jahren verstarb, findet am Samstag, den 26. [&hellip;]<\/p>\n","protected":false},"author":3,"featured_media":82552,"comment_status":"open","ping_status":"open","sticky":false,"template":"","format":"standard","meta":{"_yoast_indexnow_last_ping":["1745332903"],"wp_automatic_camp":["217"],"02fa900229a1d9483053ab531ade0e01":["&quot;Wie jeder Christ&quot; \u2013 Papst Franziskus bekommt schlichte Beerdigung"],"original_link":["https:\/\/de.rt.com\/international\/243040-wie-jeder-christ-papst-franziskus\/"],"_thumbnail_id":["82552"],"jnews_social_counter_last_update":["1777195948"],"_wptgpro_p2tg_sent2tg":["a:1:{i:23737;s:19:\"2025-04-22 16:42:48\";}"]},"categories":[19,23],"tags":[20014,13666,64456,13270,12049,2665,11762,64457],"yoast_head":"<!-- This site is optimized with the Yoast SEO Premium plugin v22.7 (Yoast SEO v22.7) - https:\/\/yoast.com\/wordpress\/plugins\/seo\/ -->\n<title>&quot;Wie jeder Christ&quot; \u2013 Papst Franziskus bekommt schlichte Beerdigung - just-now.NEWS Deutschland<\/title>\n<meta name=\"robots\" content=\"index, follow, max-snippet:-1, max-image-preview:large, max-video-preview:-1\" \/>\n<link rel=\"canonical\" href=\"https:\/\/now-news.de\/de\/deutschland\/wie-jeder-christ-papst-franziskus-bekommt-schlichte-beerdigung\/\" \/>\n<meta property=\"og:locale\" content=\"de_DE\" \/>\n<meta property=\"og:type\" content=\"article\" \/>\n<meta property=\"og:title\" content=\"&quot;Wie jeder Christ&quot; \u2013 Papst Franziskus bekommt schlichte Beerdigung\" \/>\n<meta property=\"og:description\" content=\"Die Beisetzung vom Papst Franziskus wird gem\u00e4\u00df den von ihm eingef\u00fchrten \u00c4nderungen des traditionellen Ritus stattfinden. Der verstorbene Geistliche w\u00fcnschte sich eine schlichtere Beerdigung als seine Vorg\u00e4nger. Der Pontifex wollte behandelt werden, &#8220;wie jeder Christ&#8221;. Die Beerdigung von Papst Franziskus, der am 21. April im Alter von 88 Jahren verstarb, findet am Samstag, den 26. [&hellip;]\" \/>\n<meta property=\"og:url\" content=\"https:\/\/now-news.de\/de\/deutschland\/wie-jeder-christ-papst-franziskus-bekommt-schlichte-beerdigung\/\" \/>\n<meta property=\"og:site_name\" content=\"just-now.NEWS Deutschland\" \/>\n<meta property=\"article:publisher\" content=\"https:\/\/www.facebook.com\/wirmachenauf\" \/>\n<meta property=\"article:published_time\" content=\"2025-04-22T14:39:23+00:00\" \/>\n<meta property=\"og:image\" content=\"https:\/\/now-news.de\/de\/wp-content\/uploads\/sites\/3\/2025\/04\/6807686f48fbef7d9e4755ab.jpg\" \/>\n<meta name=\"author\" content=\"rtnews\" \/>\n<meta name=\"twitter:card\" content=\"summary_large_image\" \/>\n<meta name=\"twitter:creator\" content=\"@WirMachenAuf_de\" \/>\n<meta name=\"twitter:site\" content=\"@WirMachenAuf_de\" \/>\n<meta name=\"twitter:label1\" content=\"Verfasst von\" \/>\n\t<meta name=\"twitter:data1\" content=\"rtnews\" \/>\n\t<meta name=\"twitter:label2\" content=\"Gesch\u00e4tzte Lesezeit\" \/>\n\t<meta name=\"twitter:data2\" content=\"2\u00a0Minuten\" \/>\n<script type=\"application\/ld+json\" class=\"yoast-schema-graph\">{\"@context\":\"https:\/\/schema.org\",\"@graph\":[{\"@type\":\"Article\",\"@id\":\"https:\/\/now-news.de\/de\/deutschland\/wie-jeder-christ-papst-franziskus-bekommt-schlichte-beerdigung\/#article\",\"isPartOf\":{\"@id\":\"https:\/\/now-news.de\/de\/deutschland\/wie-jeder-christ-papst-franziskus-bekommt-schlichte-beerdigung\/\"},\"author\":{\"name\":\"rtnews\",\"@id\":\"https:\/\/now-news.de\/de\/#\/schema\/person\/fb534a4e865501d8b3285208df34a9b5\"},\"headline\":\"&quot;Wie jeder Christ&quot; \u2013 Papst Franziskus bekommt schlichte Beerdigung\",\"datePublished\":\"2025-04-22T14:39:23+00:00\",\"dateModified\":\"2025-04-22T14:39:23+00:00\",\"mainEntityOfPage\":{\"@id\":\"https:\/\/now-news.de\/de\/deutschland\/wie-jeder-christ-papst-franziskus-bekommt-schlichte-beerdigung\/\"},\"wordCount\":451,\"commentCount\":0,\"publisher\":{\"@id\":\"https:\/\/now-news.de\/de\/#organization\"},\"image\":{\"@id\":\"https:\/\/now-news.de\/de\/deutschland\/wie-jeder-christ-papst-franziskus-bekommt-schlichte-beerdigung\/#primaryimage\"},\"thumbnailUrl\":\"https:\/\/now-news.de\/de\/wp-content\/uploads\/sites\/3\/2025\/04\/quotWie-jeder-Christquot-\u2013-Papst-Franziskus-bekommt-schlichte-Beerdigung.jpg\",\"keywords\":[\"Beerdigung\",\"bekommt\",\"Christquot\",\"FRANZISKUS\",\"jeder\",\"papst\",\"quotWie\",\"schlichte\"],\"articleSection\":[\"Deutschland\",\"Russland\"],\"inLanguage\":\"de\",\"potentialAction\":[{\"@type\":\"CommentAction\",\"name\":\"Comment\",\"target\":[\"https:\/\/now-news.de\/de\/deutschland\/wie-jeder-christ-papst-franziskus-bekommt-schlichte-beerdigung\/#respond\"]}]},{\"@type\":\"WebPage\",\"@id\":\"https:\/\/now-news.de\/de\/deutschland\/wie-jeder-christ-papst-franziskus-bekommt-schlichte-beerdigung\/\",\"url\":\"https:\/\/now-news.de\/de\/deutschland\/wie-jeder-christ-papst-franziskus-bekommt-schlichte-beerdigung\/\",\"name\":\"&quot;Wie jeder Christ&quot; \u2013 Papst Franziskus bekommt schlichte Beerdigung - just-now.NEWS Deutschland\",\"isPartOf\":{\"@id\":\"https:\/\/now-news.de\/de\/#website\"},\"primaryImageOfPage\":{\"@id\":\"https:\/\/now-news.de\/de\/deutschland\/wie-jeder-christ-papst-franziskus-bekommt-schlichte-beerdigung\/#primaryimage\"},\"image\":{\"@id\":\"https:\/\/now-news.de\/de\/deutschland\/wie-jeder-christ-papst-franziskus-bekommt-schlichte-beerdigung\/#primaryimage\"},\"thumbnailUrl\":\"https:\/\/now-news.de\/de\/wp-content\/uploads\/sites\/3\/2025\/04\/quotWie-jeder-Christquot-\u2013-Papst-Franziskus-bekommt-schlichte-Beerdigung.jpg\",\"datePublished\":\"2025-04-22T14:39:23+00:00\",\"dateModified\":\"2025-04-22T14:39:23+00:00\",\"breadcrumb\":{\"@id\":\"https:\/\/now-news.de\/de\/deutschland\/wie-jeder-christ-papst-franziskus-bekommt-schlichte-beerdigung\/#breadcrumb\"},\"inLanguage\":\"de\",\"potentialAction\":[{\"@type\":\"ReadAction\",\"target\":[\"https:\/\/now-news.de\/de\/deutschland\/wie-jeder-christ-papst-franziskus-bekommt-schlichte-beerdigung\/\"]}]},{\"@type\":\"ImageObject\",\"inLanguage\":\"de\",\"@id\":\"https:\/\/now-news.de\/de\/deutschland\/wie-jeder-christ-papst-franziskus-bekommt-schlichte-beerdigung\/#primaryimage\",\"url\":\"https:\/\/now-news.de\/de\/wp-content\/uploads\/sites\/3\/2025\/04\/quotWie-jeder-Christquot-\u2013-Papst-Franziskus-bekommt-schlichte-Beerdigung.jpg\",\"contentUrl\":\"https:\/\/now-news.de\/de\/wp-content\/uploads\/sites\/3\/2025\/04\/quotWie-jeder-Christquot-\u2013-Papst-Franziskus-bekommt-schlichte-Beerdigung.jpg\",\"width\":460,\"height\":259,\"caption\":\"&quot;Wie jeder Christ&quot; \u2013 Papst Franziskus bekommt schlichte Beerdigung\"},{\"@type\":\"BreadcrumbList\",\"@id\":\"https:\/\/now-news.de\/de\/deutschland\/wie-jeder-christ-papst-franziskus-bekommt-schlichte-beerdigung\/#breadcrumb\",\"itemListElement\":[{\"@type\":\"ListItem\",\"position\":1,\"name\":\"Home\",\"item\":\"https:\/\/now-news.de\/de\/\"},{\"@type\":\"ListItem\",\"position\":2,\"name\":\"&quot;Wie jeder Christ&quot; \u2013 Papst Franziskus bekommt schlichte Beerdigung\"}]},{\"@type\":\"WebSite\",\"@id\":\"https:\/\/now-news.de\/de\/#website\",\"url\":\"https:\/\/now-news.de\/de\/\",\"name\":\"just-now.NEWS Deutschland\",\"description\":\"Das Portal f\u00fcr unzensierte Nachrichten aus der Welt\",\"publisher\":{\"@id\":\"https:\/\/now-news.de\/de\/#organization\"},\"potentialAction\":[{\"@type\":\"SearchAction\",\"target\":{\"@type\":\"EntryPoint\",\"urlTemplate\":\"https:\/\/now-news.de\/de\/?s={search_term_string}\"},\"query-input\":\"required name=search_term_string\"}],\"inLanguage\":\"de\"},{\"@type\":\"Organization\",\"@id\":\"https:\/\/now-news.de\/de\/#organization\",\"name\":\"Just Now News\",\"url\":\"https:\/\/now-news.de\/de\/\",\"logo\":{\"@type\":\"ImageObject\",\"inLanguage\":\"de\",\"@id\":\"https:\/\/now-news.de\/de\/#\/schema\/logo\/image\/\",\"url\":\"http:\/\/just-now.news\/de\/wp-content\/uploads\/sites\/3\/2022\/04\/logo500x500.jpg\",\"contentUrl\":\"http:\/\/just-now.news\/de\/wp-content\/uploads\/sites\/3\/2022\/04\/logo500x500.jpg\",\"width\":500,\"height\":500,\"caption\":\"Just Now News\"},\"image\":{\"@id\":\"https:\/\/now-news.de\/de\/#\/schema\/logo\/image\/\"},\"sameAs\":[\"https:\/\/www.facebook.com\/wirmachenauf\",\"https:\/\/x.com\/WirMachenAuf_de\"]},{\"@type\":\"Person\",\"@id\":\"https:\/\/now-news.de\/de\/#\/schema\/person\/fb534a4e865501d8b3285208df34a9b5\",\"name\":\"rtnews\",\"image\":{\"@type\":\"ImageObject\",\"inLanguage\":\"de\",\"@id\":\"https:\/\/now-news.de\/de\/#\/schema\/person\/image\/\",\"url\":\"https:\/\/secure.gravatar.com\/avatar\/82aafea7d8127119dd649515f56e2117?s=96&d=mm&r=g\",\"contentUrl\":\"https:\/\/secure.gravatar.com\/avatar\/82aafea7d8127119dd649515f56e2117?s=96&d=mm&r=g\",\"caption\":\"rtnews\"},\"url\":\"https:\/\/now-news.de\/de\/author\/rnews\/\"}]}<\/script>\n<!-- \/ Yoast SEO Premium plugin. -->","yoast_head_json":{"title":"&quot;Wie jeder Christ&quot; \u2013 Papst Franziskus bekommt schlichte Beerdigung - just-now.NEWS Deutschland","robots":{"index":"index","follow":"follow","max-snippet":"max-snippet:-1","max-image-preview":"max-image-preview:large","max-video-preview":"max-video-preview:-1"},"canonical":"https:\/\/now-news.de\/de\/deutschland\/wie-jeder-christ-papst-franziskus-bekommt-schlichte-beerdigung\/","og_locale":"de_DE","og_type":"article","og_title":"&quot;Wie jeder Christ&quot; \u2013 Papst Franziskus bekommt schlichte Beerdigung","og_description":"Die Beisetzung vom Papst Franziskus wird gem\u00e4\u00df den von ihm eingef\u00fchrten \u00c4nderungen des traditionellen Ritus stattfinden. Der verstorbene Geistliche w\u00fcnschte sich eine schlichtere Beerdigung als seine Vorg\u00e4nger. Der Pontifex wollte behandelt werden, &#8220;wie jeder Christ&#8221;. Die Beerdigung von Papst Franziskus, der am 21. April im Alter von 88 Jahren verstarb, findet am Samstag, den 26. [&hellip;]","og_url":"https:\/\/now-news.de\/de\/deutschland\/wie-jeder-christ-papst-franziskus-bekommt-schlichte-beerdigung\/","og_site_name":"just-now.NEWS Deutschland","article_publisher":"https:\/\/www.facebook.com\/wirmachenauf","article_published_time":"2025-04-22T14:39:23+00:00","og_image":[{"url":"https:\/\/now-news.de\/de\/wp-content\/uploads\/sites\/3\/2025\/04\/6807686f48fbef7d9e4755ab.jpg"}],"author":"rtnews","twitter_card":"summary_large_image","twitter_creator":"@WirMachenAuf_de","twitter_site":"@WirMachenAuf_de","twitter_misc":{"Verfasst von":"rtnews","Gesch\u00e4tzte Lesezeit":"2\u00a0Minuten"},"schema":{"@context":"https:\/\/schema.org","@graph":[{"@type":"Article","@id":"https:\/\/now-news.de\/de\/deutschland\/wie-jeder-christ-papst-franziskus-bekommt-schlichte-beerdigung\/#article","isPartOf":{"@id":"https:\/\/now-news.de\/de\/deutschland\/wie-jeder-christ-papst-franziskus-bekommt-schlichte-beerdigung\/"},"author":{"name":"rtnews","@id":"https:\/\/now-news.de\/de\/#\/schema\/person\/fb534a4e865501d8b3285208df34a9b5"},"headline":"&quot;Wie jeder Christ&quot; \u2013 Papst Franziskus bekommt schlichte Beerdigung","datePublished":"2025-04-22T14:39:23+00:00","dateModified":"2025-04-22T14:39:23+00:00","mainEntityOfPage":{"@id":"https:\/\/now-news.de\/de\/deutschland\/wie-jeder-christ-papst-franziskus-bekommt-schlichte-beerdigung\/"},"wordCount":451,"commentCount":0,"publisher":{"@id":"https:\/\/now-news.de\/de\/#organization"},"image":{"@id":"https:\/\/now-news.de\/de\/deutschland\/wie-jeder-christ-papst-franziskus-bekommt-schlichte-beerdigung\/#primaryimage"},"thumbnailUrl":"https:\/\/now-news.de\/de\/wp-content\/uploads\/sites\/3\/2025\/04\/quotWie-jeder-Christquot-\u2013-Papst-Franziskus-bekommt-schlichte-Beerdigung.jpg","keywords":["Beerdigung","bekommt","Christquot","FRANZISKUS","jeder","papst","quotWie","schlichte"],"articleSection":["Deutschland","Russland"],"inLanguage":"de","potentialAction":[{"@type":"CommentAction","name":"Comment","target":["https:\/\/now-news.de\/de\/deutschland\/wie-jeder-christ-papst-franziskus-bekommt-schlichte-beerdigung\/#respond"]}]},{"@type":"WebPage","@id":"https:\/\/now-news.de\/de\/deutschland\/wie-jeder-christ-papst-franziskus-bekommt-schlichte-beerdigung\/","url":"https:\/\/now-news.de\/de\/deutschland\/wie-jeder-christ-papst-franziskus-bekommt-schlichte-beerdigung\/","name":"&quot;Wie jeder Christ&quot; \u2013 Papst Franziskus bekommt schlichte Beerdigung - just-now.NEWS Deutschland","isPartOf":{"@id":"https:\/\/now-news.de\/de\/#website"},"primaryImageOfPage":{"@id":"https:\/\/now-news.de\/de\/deutschland\/wie-jeder-christ-papst-franziskus-bekommt-schlichte-beerdigung\/#primaryimage"},"image":{"@id":"https:\/\/now-news.de\/de\/deutschland\/wie-jeder-christ-papst-franziskus-bekommt-schlichte-beerdigung\/#primaryimage"},"thumbnailUrl":"https:\/\/now-news.de\/de\/wp-content\/uploads\/sites\/3\/2025\/04\/quotWie-jeder-Christquot-\u2013-Papst-Franziskus-bekommt-schlichte-Beerdigung.jpg","datePublished":"2025-04-22T14:39:23+00:00","dateModified":"2025-04-22T14:39:23+00:00","breadcrumb":{"@id":"https:\/\/now-news.de\/de\/deutschland\/wie-jeder-christ-papst-franziskus-bekommt-schlichte-beerdigung\/#breadcrumb"},"inLanguage":"de","potentialAction":[{"@type":"ReadAction","target":["https:\/\/now-news.de\/de\/deutschland\/wie-jeder-christ-papst-franziskus-bekommt-schlichte-beerdigung\/"]}]},{"@type":"ImageObject","inLanguage":"de","@id":"https:\/\/now-news.de\/de\/deutschland\/wie-jeder-christ-papst-franziskus-bekommt-schlichte-beerdigung\/#primaryimage","url":"https:\/\/now-news.de\/de\/wp-content\/uploads\/sites\/3\/2025\/04\/quotWie-jeder-Christquot-\u2013-Papst-Franziskus-bekommt-schlichte-Beerdigung.jpg","contentUrl":"https:\/\/now-news.de\/de\/wp-content\/uploads\/sites\/3\/2025\/04\/quotWie-jeder-Christquot-\u2013-Papst-Franziskus-bekommt-schlichte-Beerdigung.jpg","width":460,"height":259,"caption":"&quot;Wie jeder Christ&quot; \u2013 Papst Franziskus bekommt schlichte Beerdigung"},{"@type":"BreadcrumbList","@id":"https:\/\/now-news.de\/de\/deutschland\/wie-jeder-christ-papst-franziskus-bekommt-schlichte-beerdigung\/#breadcrumb","itemListElement":[{"@type":"ListItem","position":1,"name":"Home","item":"https:\/\/now-news.de\/de\/"},{"@type":"ListItem","position":2,"name":"&quot;Wie jeder Christ&quot; \u2013 Papst Franziskus bekommt schlichte Beerdigung"}]},{"@type":"WebSite","@id":"https:\/\/now-news.de\/de\/#website","url":"https:\/\/now-news.de\/de\/","name":"just-now.NEWS Deutschland","description":"Das Portal f\u00fcr unzensierte Nachrichten aus der Welt","publisher":{"@id":"https:\/\/now-news.de\/de\/#organization"},"potentialAction":[{"@type":"SearchAction","target":{"@type":"EntryPoint","urlTemplate":"https:\/\/now-news.de\/de\/?s={search_term_string}"},"query-input":"required name=search_term_string"}],"inLanguage":"de"},{"@type":"Organization","@id":"https:\/\/now-news.de\/de\/#organization","name":"Just Now News","url":"https:\/\/now-news.de\/de\/","logo":{"@type":"ImageObject","inLanguage":"de","@id":"https:\/\/now-news.de\/de\/#\/schema\/logo\/image\/","url":"http:\/\/just-now.news\/de\/wp-content\/uploads\/sites\/3\/2022\/04\/logo500x500.jpg","contentUrl":"http:\/\/just-now.news\/de\/wp-content\/uploads\/sites\/3\/2022\/04\/logo500x500.jpg","width":500,"height":500,"caption":"Just Now News"},"image":{"@id":"https:\/\/now-news.de\/de\/#\/schema\/logo\/image\/"},"sameAs":["https:\/\/www.facebook.com\/wirmachenauf","https:\/\/x.com\/WirMachenAuf_de"]},{"@type":"Person","@id":"https:\/\/now-news.de\/de\/#\/schema\/person\/fb534a4e865501d8b3285208df34a9b5","name":"rtnews","image":{"@type":"ImageObject","inLanguage":"de","@id":"https:\/\/now-news.de\/de\/#\/schema\/person\/image\/","url":"https:\/\/secure.gravatar.com\/avatar\/82aafea7d8127119dd649515f56e2117?s=96&d=mm&r=g","contentUrl":"https:\/\/secure.gravatar.com\/avatar\/82aafea7d8127119dd649515f56e2117?s=96&d=mm&r=g","caption":"rtnews"},"url":"https:\/\/now-news.de\/de\/author\/rnews\/"}]}},"_links":{"self":[{"href":"https:\/\/now-news.de\/de\/wp-json\/wp\/v2\/posts\/82551"}],"collection":[{"href":"https:\/\/now-news.de\/de\/wp-json\/wp\/v2\/posts"}],"about":[{"href":"https:\/\/now-news.de\/de\/wp-json\/wp\/v2\/types\/post"}],"author":[{"embeddable":true,"href":"https:\/\/now-news.de\/de\/wp-json\/wp\/v2\/users\/3"}],"replies":[{"embeddable":true,"href":"https:\/\/now-news.de\/de\/wp-json\/wp\/v2\/comments?post=82551"}],"version-history":[{"count":0,"href":"https:\/\/now-news.de\/de\/wp-json\/wp\/v2\/posts\/82551\/revisions"}],"wp:featuredmedia":[{"embeddable":true,"href":"https:\/\/now-news.de\/de\/wp-json\/wp\/v2\/media\/82552"}],"wp:attachment":[{"href":"https:\/\/now-news.de\/de\/wp-json\/wp\/v2\/media?parent=82551"}],"wp:term":[{"taxonomy":"category","embeddable":true,"href":"https:\/\/now-news.de\/de\/wp-json\/wp\/v2\/categories?post=82551"},{"taxonomy":"post_tag","embeddable":true,"href":"https:\/\/now-news.de\/de\/wp-json\/wp\/v2\/tags?post=82551"}],"curies":[{"name":"wp","href":"https:\/\/api.w.org\/{rel}","templated":true}]}}