{"id":8255,"date":"2022-05-19T15:30:34","date_gmt":"2022-05-19T13:30:34","guid":{"rendered":"http:\/\/just-now.news\/de\/deutschland\/die-ostseestaaten-traeumen-von-einer-revanche-an-russland\/"},"modified":"2022-05-19T15:30:34","modified_gmt":"2022-05-19T13:30:34","slug":"die-ostseestaaten-traeumen-von-einer-revanche-an-russland","status":"publish","type":"post","link":"https:\/\/now-news.de\/de\/deutschland\/die-ostseestaaten-traeumen-von-einer-revanche-an-russland\/","title":{"rendered":"Die Ostseestaaten tr\u00e4umen von einer Revanche an Russland"},"content":{"rendered":"<div class=\"Text-root Text-type_5 ArticleView-text ViewText-root \">\n<p><em>Ein Kommentar von Anna Schafran<\/em><\/p>\n<p>Russland zieht sich aus dem Rat der Ostseestaaten zur\u00fcck. In einer Erkl\u00e4rung des russischen Au\u00dfenministeriums <a rel=\"nofollow noopener\" target=\"_blank\" href=\"https:\/\/www.mid.ru\/ru\/foreign_policy\/news\/1813674\/\">hei\u00dft<\/a> es:<\/p>\n<div class=\"ReadMore-root Section-root Section-is1to3-xs_is1to1\" data-widgets=\"ReadMore\" data-has-alias>\n<div class=\"Section-container Section-isRow-isTop-isWrap\">\n<article class=\"Card-root Card-is1to1 \">\n<div class=\"Card-imageWrap\">\n<div class=\"Card-picture\">\n<picture class=\"Picture-root Picture-default\"><!--[if IE 9]><video style=\"display: none;\"><![endif]--><source media=\"(-webkit-min-device-pixel-ratio: 2) and (min-resolution: 120dpi)\" data-srcset=\" \nhttp:\/\/just-now.news\/de\/wp-content\/uploads\/sites\/3\/2022\/05\/6282854b48fbef20771623ab.jpg 850w,\n                http:\/\/just-now.news\/de\/wp-content\/uploads\/sites\/3\/2022\/05\/1652967796_806_6282854b48fbef20771623ab.jpg 1960w,\n            \" ><source data-srcset=\" \nhttp:\/\/just-now.news\/de\/wp-content\/uploads\/sites\/3\/2022\/05\/6282854b48fbef20771623ab.jpg 460w,\n              http:\/\/just-now.news\/de\/wp-content\/uploads\/sites\/3\/2022\/05\/1652967796_806_6282854b48fbef20771623ab.jpg 980w,\n            \" ><!--[if IE 9]><\/video><![endif]--><img decoding=\"async\" data- src=\"data:image\/png;base64,iVBORw0KGgoAAAANSUhEUgAAABAAAAAJCAQAAACRI2S5AAAAEElEQVR42mNkIAAYRxWAAQAG9gAKqv6+AwAAAABJRU5ErkJggg==\" class=\"Picture-root Picture-default lazyload\" data-src=\"http:\/\/just-now.news\/de\/wp-content\/uploads\/sites\/3\/2022\/05\/6282854b48fbef20771623ab.jpg\" alt=\"Russland zieht sich aus Ostseeparlamentarierkonferenz zur\u00fcck\"><\/source><\/source><\/picture><!-- noscript pattern --><noscript><img decoding=\"async\" src=\"http:\/\/just-now.news\/de\/wp-content\/uploads\/sites\/3\/2022\/05\/1652967796_806_6282854b48fbef20771623ab.jpg\" alt=\"Russland zieht sich aus Ostseeparlamentarierkonferenz zur\u00fcck\"><\/noscript>    <\/div><\/div>\n<div class=\"Card-contentWrap\">\n<div class=\"Card-content\">\n<div class=\"Card-title\">\n<div class=\"HeaderNews-root HeaderNews-type_6 \">\n<p>            <a rel=\"nofollow noopener\" target=\"_blank\" href=\"https:\/\/de.rt.com\/europa\/138608-russland-zieht-sich-aus-ostseeparlamentarierkonferenz\/\" class=\"Link-root Link-isFullCard \"><br \/>\n                Russland zieht sich aus Ostseeparlamentarierkonferenz zur\u00fcck<br \/>\n            <\/a><\/p><\/div><\/div><\/div><\/div>\n<\/article>\n<\/div><\/div>\n<p><em>&#8220;Die NATO- und EU-Staaten im Ostseerat haben den gleichberechtigten Dialog und die Prinzipien, auf denen diese regionale Struktur in der Ostsee beruht, aufgegeben und verwandeln sie konsequent in ein Instrument der antirussischen Politik.&#8221;<\/em><\/p>\n<p>Der Westen verh\u00e4lt sich \u00fcberall mit der gleichen Dreistigkeit. Und in diesem Fall, wie auch in der Situation mit der Mitgliedschaft im Europarat, geschah dies nicht ohne Diebstahl, was in der Erkl\u00e4rung des russischen Au\u00dfenamtes gesondert vermerkt wird:<\/p>\n<p><em>&#8220;Westliche L\u00e4nder \u2013 nennen wir die Dinge beim Namen \u2013 haben den Rat f\u00fcr ihre opportunistischen Zwecke monopolisiert und planen, seine Arbeit auf Kosten der russischen Interessen zu etablieren. \u00dcberregionale Probleme werden auf die Ostsee projiziert. Es wird Druck auf diejenigen ausge\u00fcbt, die an einer umfassenden Zusammenarbeit interessiert sind. Die gesamte Arbeit der vergangenen Jahre und die Stabilit\u00e4t in der Region werden gef\u00e4hrdet. Eine Ministertagung des Rates ohne russische Beteiligung ist f\u00fcr den 25. Mai 2022 in Kristiansand (Norwegen) geplant. De facto wurde unser Beitrag zum Haushalt des Ostseerates gestohlen \u2013 unter Berufung auf Sanktionen werden sie ihn nicht zur\u00fcckgeben.&#8221;<\/em><\/p>\n<p>Es ist daher nicht verwunderlich, dass Moskau sich weigert, in einem solchen Format zu arbeiten:<\/p>\n<p><em>&#8220;Unter diesen Bedingungen gibt es keine Aussicht auf die Wiederherstellung einer normalen Arbeit im Rat, der sich mehr und mehr in Russophobie und L\u00fcgen verstrickt. Wir halten eine weitere Pr\u00e4senz unseres Landes im Ostseerat f\u00fcr unangemessen und kontraproduktiv. Russland wird sich nicht an der Umwandlung der Organisation in eine weitere Plattform f\u00fcr Subversion und westlichen Narzissmus beteiligen.&#8221;<\/em><\/p>\n<div class=\"ReadMore-root Section-root Section-is1to3-xs_is1to1\" data-widgets=\"ReadMore\" data-has-alias>\n<div class=\"Section-container Section-isRow-isTop-isWrap\">\n<article class=\"Card-root Card-is1to1 \">\n<div class=\"Card-imageWrap\">\n<div class=\"Card-picture\">\n<picture class=\"Picture-root Picture-default\"><!--[if IE 9]><video style=\"display: none;\"><![endif]--><source media=\"(-webkit-min-device-pixel-ratio: 2) and (min-resolution: 120dpi)\" data-srcset=\" \nhttp:\/\/just-now.news\/de\/wp-content\/uploads\/sites\/3\/2022\/05\/6283542a48fbef20771623fa.jpg 850w,\n                http:\/\/just-now.news\/de\/wp-content\/uploads\/sites\/3\/2022\/05\/6283542a48fbef20771623f9.jpg 1960w,\n            \" ><source data-srcset=\" \nhttp:\/\/just-now.news\/de\/wp-content\/uploads\/sites\/3\/2022\/05\/6283542a48fbef20771623fa.jpg 460w,\n              http:\/\/just-now.news\/de\/wp-content\/uploads\/sites\/3\/2022\/05\/6283542a48fbef20771623f9.jpg 980w,\n            \" ><!--[if IE 9]><\/video><![endif]--><img decoding=\"async\" data- src=\"data:image\/png;base64,iVBORw0KGgoAAAANSUhEUgAAABAAAAAJCAQAAACRI2S5AAAAEElEQVR42mNkIAAYRxWAAQAG9gAKqv6+AwAAAABJRU5ErkJggg==\" class=\"Picture-root Picture-default lazyload\" data-src=\"http:\/\/just-now.news\/de\/wp-content\/uploads\/sites\/3\/2022\/05\/6283542a48fbef20771623fa.jpg\" alt=\"NATO beginnt \u00dcbungen an Grenze zu Russland\"><\/source><\/source><\/picture><!-- noscript pattern --><noscript><img decoding=\"async\" src=\"http:\/\/just-now.news\/de\/wp-content\/uploads\/sites\/3\/2022\/05\/6283542a48fbef20771623f9.jpg\" alt=\"NATO beginnt \u00dcbungen an Grenze zu Russland\"><\/noscript>    <\/div><\/div>\n<div class=\"Card-contentWrap\">\n<div class=\"Card-content\">\n<div class=\"Card-title\">\n<div class=\"HeaderNews-root HeaderNews-type_6 \">\n<p>            <a rel=\"nofollow noopener\" target=\"_blank\" href=\"https:\/\/de.rt.com\/europa\/138633-nato-beginnt-uebungen-nahe-russische-grenze\/\" class=\"Link-root Link-isFullCard \"><br \/>\n                NATO beginnt \u00dcbungen an Grenze zu Russland<br \/>\n            <\/a><\/p><\/div><\/div><\/div><\/div>\n<\/article>\n<\/div><\/div>\n<p>Ich nehme an, die Hauptfrage in diesem Fall ist nicht, warum wir jetzt aus diesem &#8220;Rat der Ruchlosen&#8221; austreten, sondern warum wir bisher dabei waren, unsere Beitr\u00e4ge bezahlt haben und so weiter. Doch das ist nicht weiter schlimm, denn in diesem Fall kann die Vergangenheit nicht ge\u00e4ndert werden. Aber wir m\u00fcssen dringend, sofort, genau jetzt unsere Teilnahme an all diesen R\u00e4ten, Versammlungen und anderen vom Westen geschaffenen supranationalen Gremien \u00fcberdenken, denen wir aus irgendeinem Grund beigetreten waren.<\/p>\n<p>Um genau zu sein, ist klar, warum wir beigetreten sind: In den 1990er- und fr\u00fchen 2000er-Jahren hatten viele die Illusion, dass der Westen zu einer gleichberechtigten Zusammenarbeit und zu Beziehungen zum gegenseitigen Nutzen bereit sei. Doch je mehr Zeit verging, desto weniger Illusionen gab es. Die Antwort auf Wladimir Putins M\u00fcnchner Rede, in der unser Pr\u00e4sident die Besorgnis Russlands \u00fcber die Sicherheitslage in der Welt zum Ausdruck brachte, war ein Angriff auf russische Friedenstruppen in S\u00fcdossetien am 8. August 2008. 08.08.08 \u2013 unsere Feinde haben schon immer sch\u00f6ne symbolische Daten gemocht.<\/p>\n<p>Erst heute scheint es, dass unser Sieg unvermeidlich war. Damals waren der M\u00f6rder-Pr\u00e4sident Saakaschwili und diejenigen, die ihm den R\u00fccken st\u00e4rkten, sicher, dass Russland sein Vorgehen stillschweigend hinnehmen w\u00fcrde. Ihre anschlie\u00dfende Hysterie erkl\u00e4rt sich dadurch, dass sie sich nicht vorstellen konnten, dass wir Vergeltung \u00fcben w\u00fcrden. Und zwar auf eine Art und Weise, die es in sich hat. Die Tatsache, dass Georgien heute pragmatisch handelt, ist weitgehend eine Folge der friedenserzwingenden Operation im Jahr 2008.<\/p>\n<p>Die Ostsee ist eine strategisch wichtige Region f\u00fcr Russland. Sankt Petersburg, unsere kulturelle Hauptstadt und zweitgr\u00f6\u00dfte Stadt des Landes, liegt am Ufer der Ostsee. \u00dcber die Ostsee verl\u00e4uft nicht nur die Seeverbindung mit dem Kaliningrader Gebiet, sondern auch der Luftweg, nachdem die baltischen Staaten ihren Luftraum f\u00fcr uns gesperrt haben.<\/p>\n<p>Doch je mehr Estland, Lettland und Litauen nach immer mehr NATO-Kontingenten schreien, je mehr das neutrale Schweden und Finnland auf das B\u00fcndnis zugehen, desto weniger Grund und Argumente hat Russland f\u00fcr eine direkte Kommunikation mit ihnen.<\/p>\n<div class=\"ReadMore-root Section-root Section-is1to3-xs_is1to1\" data-widgets=\"ReadMore\" data-has-alias>\n<div class=\"Section-container Section-isRow-isTop-isWrap\">\n<article class=\"Card-root Card-is1to1 \">\n<div class=\"Card-imageWrap\">\n<div class=\"Card-picture\">\n<picture class=\"Picture-root Picture-default\"><!--[if IE 9]><video style=\"display: none;\"><![endif]--><source media=\"(-webkit-min-device-pixel-ratio: 2) and (min-resolution: 120dpi)\" data-srcset=\" \nhttp:\/\/just-now.news\/de\/wp-content\/uploads\/sites\/3\/2022\/05\/6283f10848fbef403d322f11.jpg 850w,\n                http:\/\/just-now.news\/de\/wp-content\/uploads\/sites\/3\/2022\/05\/6283f10848fbef403d322f10.jpg 1960w,\n            \" ><source data-srcset=\" \nhttp:\/\/just-now.news\/de\/wp-content\/uploads\/sites\/3\/2022\/05\/6283f10848fbef403d322f11.jpg 460w,\n              http:\/\/just-now.news\/de\/wp-content\/uploads\/sites\/3\/2022\/05\/6283f10848fbef403d322f10.jpg 980w,\n            \" ><!--[if IE 9]><\/video><![endif]--><img decoding=\"async\" data- src=\"data:image\/png;base64,iVBORw0KGgoAAAANSUhEUgAAABAAAAAJCAQAAACRI2S5AAAAEElEQVR42mNkIAAYRxWAAQAG9gAKqv6+AwAAAABJRU5ErkJggg==\" class=\"Picture-root Picture-default lazyload\" data-src=\"http:\/\/just-now.news\/de\/wp-content\/uploads\/sites\/3\/2022\/05\/6283f10848fbef403d322f11.jpg\" alt=\"Medwedew: Russlands Nuklearschild schreckt diejenigen ab, die auf den Dritten Weltkrieg dr\u00e4ngen\"><\/source><\/source><\/picture><!-- noscript pattern --><noscript><img decoding=\"async\" src=\"http:\/\/just-now.news\/de\/wp-content\/uploads\/sites\/3\/2022\/05\/6283f10848fbef403d322f10.jpg\" alt=\"Medwedew: Russlands Nuklearschild schreckt diejenigen ab, die auf den Dritten Weltkrieg dr\u00e4ngen\"><\/noscript>    <\/div><\/div>\n<div class=\"Card-contentWrap\">\n<div class=\"Card-content\">\n<div class=\"Card-title\">\n<div class=\"HeaderNews-root HeaderNews-type_6 \">\n<p>            <a rel=\"nofollow noopener\" target=\"_blank\" href=\"https:\/\/de.rt.com\/russland\/138708-medwedew-russlands-nuklearschild-beschwichtigt-diejenigen\/\" class=\"Link-root Link-isFullCard \"><br \/>\n                Medwedew: Russlands Nuklearschild schreckt diejenigen ab, die auf den Dritten Weltkrieg dr\u00e4ngen<br \/>\n            <\/a><\/p><\/div><\/div><\/div><\/div>\n<\/article>\n<\/div><\/div>\n<p>Wir haben aus dem Beispiel der Ukraine gut gelernt, wie sinnlos es ist, mit Dienern des Westens zu reden. Wir sollten mit den wahren Machthabern sprechen. Wenn die baltischen Minister stolz davon sprechen, dass die Ostsee ein &#8220;NATO-See&#8221; sei, geben sie damit ihre eigene Souver\u00e4nit\u00e4t auf. Das bedeutet, dass wir an ihrer Meinung \u00fcberhaupt nicht mehr interessiert sind. Wir werden mit Washington sprechen. Und da Washington nur die Sprache der Gewalt versteht, steigen die Risiken f\u00fcr die baltischen Staaten in einer solchen Situation um ein Vielfaches. Denn im Falle eines Konflikts wird der erste Schlag genau auf ihr Territorium gerichtet sein. Ob die USA in dieser schwierigen Situation ihr eigenes Wohlergehen riskieren wollen, ist eine sehr wichtige Frage.<\/p>\n<p>Russland ist ein wichtiges Subjekt der Weltpolitik, aber die baltischen Staaten sind Objekte, die auf der Seite des Feindes stehen. Das Schicksal von Objekten in internationalen Konflikten ist sehr traurig und wenig beneidenswert: Sie werden benutzt, ausgetauscht und geopfert. Nun, es ist nicht unsere Schuld, dass Finnland sich so schlecht an seine eigene Geschichte erinnert, dass Schweden zwei Jahrhunderte des friedlichen Lebens satt hat und das Abenteuer sucht und dass die baltischen Republiken den gesunden Menschenverstand l\u00e4ngst durch Russophobie ersetzt haben. F\u00fcr alle Staaten an der Ostsee endeten Konflikte mit Russland im besten Fall mit einer Niederlage, im schlimmsten Fall mit dem Verlust der Unabh\u00e4ngigkeit. Sie k\u00f6nnen von einer Revanche tr\u00e4umen, so viel sie wollen \u2013 es wird nicht funktionieren.<\/p>\n<p><em>\u00dcbersetzt aus dem <a rel=\"nofollow noopener\" target=\"_blank\" href=\"https:\/\/russian.rt.com\/opinion\/1004561-shafran-gosudarstva-baltiiskoe-more-sovet-rossiya-vyhod\">Russischen<\/a>.<\/em><\/p>\n<p><em>Anna Schafran ist eine russische Fernseh- und Radiomoderatorin.<\/em><\/p>\n<p><strong>Mehr zum Thema<\/strong> &#8211; <a rel=\"nofollow noopener\" target=\"_blank\" href=\"https:\/\/de.rt.com\/international\/138568-nur-einen-tag-nach-ankuendigung-von-nato-beitritt-us-tankflugzeug-ueberfliegt-finnland\/\">Nur einen Tag nach Ank\u00fcndigung von NATO-Beitritt: US-Tankflugzeug \u00fcberfliegt Finnland <\/a><\/p>\n<\/div>\n<p><br \/>\n<br \/><a href=\"https:\/\/de.rt.com\/meinung\/138837-ostseestaaten-traeumen-von-revanche-an-russland\/\">Source link <\/a><\/p>\n","protected":false},"excerpt":{"rendered":"<p>Ein Kommentar von Anna Schafran Russland zieht sich aus dem Rat der Ostseestaaten zur\u00fcck. In einer Erkl\u00e4rung des russischen Au\u00dfenministeriums hei\u00dft es: Russland zieht sich aus Ostseeparlamentarierkonferenz zur\u00fcck &#8220;Die NATO- und EU-Staaten im Ostseerat haben den gleichberechtigten Dialog und die Prinzipien, auf denen diese regionale Struktur in der Ostsee beruht, aufgegeben und verwandeln sie konsequent [&hellip;]<\/p>\n","protected":false},"author":3,"featured_media":7994,"comment_status":"open","ping_status":"open","sticky":false,"template":"","format":"standard","meta":{"wp_automatic_camp":["217"],"27f260e86fb6bc7cfc7447b0dffadf48":["Die Ostseestaaten tr\u00e4umen von einer Revanche an Russland"],"original_link":["https:\/\/de.rt.com\/meinung\/138837-ostseestaaten-traeumen-von-revanche-an-russland\/"],"_thumbnail_id":["7994"],"_wptg_p2tg_sent2tg":["2022-05-19 15:45:37"],"jnews_social_counter_last_update":["1777406751"]},"categories":[19,23],"tags":[45,212,20923,20925,126,20924,50],"yoast_head":"<!-- This site is optimized with the Yoast SEO Premium plugin v22.7 (Yoast SEO v22.7) - https:\/\/yoast.com\/wordpress\/plugins\/seo\/ -->\n<title>Die Ostseestaaten tr\u00e4umen von einer Revanche an Russland - just-now.NEWS Deutschland<\/title>\n<meta name=\"robots\" content=\"index, follow, max-snippet:-1, max-image-preview:large, max-video-preview:-1\" \/>\n<link rel=\"canonical\" href=\"https:\/\/now-news.de\/de\/deutschland\/die-ostseestaaten-traeumen-von-einer-revanche-an-russland\/\" \/>\n<meta property=\"og:locale\" content=\"de_DE\" \/>\n<meta property=\"og:type\" content=\"article\" \/>\n<meta property=\"og:title\" content=\"Die Ostseestaaten tr\u00e4umen von einer Revanche an Russland\" \/>\n<meta property=\"og:description\" content=\"Ein Kommentar von Anna Schafran Russland zieht sich aus dem Rat der Ostseestaaten zur\u00fcck. In einer Erkl\u00e4rung des russischen Au\u00dfenministeriums hei\u00dft es: Russland zieht sich aus Ostseeparlamentarierkonferenz zur\u00fcck &#8220;Die NATO- und EU-Staaten im Ostseerat haben den gleichberechtigten Dialog und die Prinzipien, auf denen diese regionale Struktur in der Ostsee beruht, aufgegeben und verwandeln sie konsequent [&hellip;]\" \/>\n<meta property=\"og:url\" content=\"https:\/\/now-news.de\/de\/deutschland\/die-ostseestaaten-traeumen-von-einer-revanche-an-russland\/\" \/>\n<meta property=\"og:site_name\" content=\"just-now.NEWS Deutschland\" \/>\n<meta property=\"article:publisher\" content=\"https:\/\/www.facebook.com\/wirmachenauf\" \/>\n<meta property=\"article:published_time\" content=\"2022-05-19T13:30:34+00:00\" \/>\n<meta property=\"og:image\" content=\"https:\/\/now-news.de\/de\/wp-content\/uploads\/sites\/3\/2022\/05\/Russland-zieht-sich-aus-Ostseeparlamentarierkonferenz-zurueck.jpg\" \/>\n\t<meta property=\"og:image:width\" content=\"460\" \/>\n\t<meta property=\"og:image:height\" content=\"259\" \/>\n\t<meta property=\"og:image:type\" content=\"image\/jpeg\" \/>\n<meta name=\"author\" content=\"rtnews\" \/>\n<meta name=\"twitter:card\" content=\"summary_large_image\" \/>\n<meta name=\"twitter:creator\" content=\"@WirMachenAuf_de\" \/>\n<meta name=\"twitter:site\" content=\"@WirMachenAuf_de\" \/>\n<meta name=\"twitter:label1\" content=\"Verfasst von\" \/>\n\t<meta name=\"twitter:data1\" content=\"rtnews\" \/>\n\t<meta name=\"twitter:label2\" content=\"Gesch\u00e4tzte Lesezeit\" \/>\n\t<meta name=\"twitter:data2\" content=\"5\u00a0Minuten\" \/>\n<script type=\"application\/ld+json\" class=\"yoast-schema-graph\">{\"@context\":\"https:\/\/schema.org\",\"@graph\":[{\"@type\":\"Article\",\"@id\":\"https:\/\/now-news.de\/de\/deutschland\/die-ostseestaaten-traeumen-von-einer-revanche-an-russland\/#article\",\"isPartOf\":{\"@id\":\"https:\/\/now-news.de\/de\/deutschland\/die-ostseestaaten-traeumen-von-einer-revanche-an-russland\/\"},\"author\":{\"name\":\"rtnews\",\"@id\":\"https:\/\/now-news.de\/de\/#\/schema\/person\/fb534a4e865501d8b3285208df34a9b5\"},\"headline\":\"Die Ostseestaaten tr\u00e4umen von einer Revanche an Russland\",\"datePublished\":\"2022-05-19T13:30:34+00:00\",\"dateModified\":\"2022-05-19T13:30:34+00:00\",\"mainEntityOfPage\":{\"@id\":\"https:\/\/now-news.de\/de\/deutschland\/die-ostseestaaten-traeumen-von-einer-revanche-an-russland\/\"},\"wordCount\":936,\"commentCount\":0,\"publisher\":{\"@id\":\"https:\/\/now-news.de\/de\/#organization\"},\"image\":{\"@id\":\"https:\/\/now-news.de\/de\/deutschland\/die-ostseestaaten-traeumen-von-einer-revanche-an-russland\/#primaryimage\"},\"thumbnailUrl\":\"https:\/\/now-news.de\/de\/wp-content\/uploads\/sites\/3\/2022\/05\/Russland-zieht-sich-aus-Ostseeparlamentarierkonferenz-zurueck.jpg\",\"keywords\":[\"die\",\"einer\",\"Ostseestaaten\",\"Revanche\",\"russland\",\"tr\u00e4umen\",\"von\"],\"articleSection\":[\"Deutschland\",\"Russland\"],\"inLanguage\":\"de\",\"potentialAction\":[{\"@type\":\"CommentAction\",\"name\":\"Comment\",\"target\":[\"https:\/\/now-news.de\/de\/deutschland\/die-ostseestaaten-traeumen-von-einer-revanche-an-russland\/#respond\"]}]},{\"@type\":\"WebPage\",\"@id\":\"https:\/\/now-news.de\/de\/deutschland\/die-ostseestaaten-traeumen-von-einer-revanche-an-russland\/\",\"url\":\"https:\/\/now-news.de\/de\/deutschland\/die-ostseestaaten-traeumen-von-einer-revanche-an-russland\/\",\"name\":\"Die Ostseestaaten tr\u00e4umen von einer Revanche an Russland - just-now.NEWS Deutschland\",\"isPartOf\":{\"@id\":\"https:\/\/now-news.de\/de\/#website\"},\"primaryImageOfPage\":{\"@id\":\"https:\/\/now-news.de\/de\/deutschland\/die-ostseestaaten-traeumen-von-einer-revanche-an-russland\/#primaryimage\"},\"image\":{\"@id\":\"https:\/\/now-news.de\/de\/deutschland\/die-ostseestaaten-traeumen-von-einer-revanche-an-russland\/#primaryimage\"},\"thumbnailUrl\":\"https:\/\/now-news.de\/de\/wp-content\/uploads\/sites\/3\/2022\/05\/Russland-zieht-sich-aus-Ostseeparlamentarierkonferenz-zurueck.jpg\",\"datePublished\":\"2022-05-19T13:30:34+00:00\",\"dateModified\":\"2022-05-19T13:30:34+00:00\",\"breadcrumb\":{\"@id\":\"https:\/\/now-news.de\/de\/deutschland\/die-ostseestaaten-traeumen-von-einer-revanche-an-russland\/#breadcrumb\"},\"inLanguage\":\"de\",\"potentialAction\":[{\"@type\":\"ReadAction\",\"target\":[\"https:\/\/now-news.de\/de\/deutschland\/die-ostseestaaten-traeumen-von-einer-revanche-an-russland\/\"]}]},{\"@type\":\"ImageObject\",\"inLanguage\":\"de\",\"@id\":\"https:\/\/now-news.de\/de\/deutschland\/die-ostseestaaten-traeumen-von-einer-revanche-an-russland\/#primaryimage\",\"url\":\"https:\/\/now-news.de\/de\/wp-content\/uploads\/sites\/3\/2022\/05\/Russland-zieht-sich-aus-Ostseeparlamentarierkonferenz-zurueck.jpg\",\"contentUrl\":\"https:\/\/now-news.de\/de\/wp-content\/uploads\/sites\/3\/2022\/05\/Russland-zieht-sich-aus-Ostseeparlamentarierkonferenz-zurueck.jpg\",\"width\":460,\"height\":259,\"caption\":\"Russland zieht sich aus Ostseeparlamentarierkonferenz zur\u00fcck\"},{\"@type\":\"BreadcrumbList\",\"@id\":\"https:\/\/now-news.de\/de\/deutschland\/die-ostseestaaten-traeumen-von-einer-revanche-an-russland\/#breadcrumb\",\"itemListElement\":[{\"@type\":\"ListItem\",\"position\":1,\"name\":\"Home\",\"item\":\"https:\/\/now-news.de\/de\/\"},{\"@type\":\"ListItem\",\"position\":2,\"name\":\"Die Ostseestaaten tr\u00e4umen von einer Revanche an Russland\"}]},{\"@type\":\"WebSite\",\"@id\":\"https:\/\/now-news.de\/de\/#website\",\"url\":\"https:\/\/now-news.de\/de\/\",\"name\":\"just-now.NEWS Deutschland\",\"description\":\"Das Portal f\u00fcr unzensierte Nachrichten aus der Welt\",\"publisher\":{\"@id\":\"https:\/\/now-news.de\/de\/#organization\"},\"potentialAction\":[{\"@type\":\"SearchAction\",\"target\":{\"@type\":\"EntryPoint\",\"urlTemplate\":\"https:\/\/now-news.de\/de\/?s={search_term_string}\"},\"query-input\":\"required name=search_term_string\"}],\"inLanguage\":\"de\"},{\"@type\":\"Organization\",\"@id\":\"https:\/\/now-news.de\/de\/#organization\",\"name\":\"Just Now News\",\"url\":\"https:\/\/now-news.de\/de\/\",\"logo\":{\"@type\":\"ImageObject\",\"inLanguage\":\"de\",\"@id\":\"https:\/\/now-news.de\/de\/#\/schema\/logo\/image\/\",\"url\":\"http:\/\/just-now.news\/de\/wp-content\/uploads\/sites\/3\/2022\/04\/logo500x500.jpg\",\"contentUrl\":\"http:\/\/just-now.news\/de\/wp-content\/uploads\/sites\/3\/2022\/04\/logo500x500.jpg\",\"width\":500,\"height\":500,\"caption\":\"Just Now News\"},\"image\":{\"@id\":\"https:\/\/now-news.de\/de\/#\/schema\/logo\/image\/\"},\"sameAs\":[\"https:\/\/www.facebook.com\/wirmachenauf\",\"https:\/\/x.com\/WirMachenAuf_de\"]},{\"@type\":\"Person\",\"@id\":\"https:\/\/now-news.de\/de\/#\/schema\/person\/fb534a4e865501d8b3285208df34a9b5\",\"name\":\"rtnews\",\"image\":{\"@type\":\"ImageObject\",\"inLanguage\":\"de\",\"@id\":\"https:\/\/now-news.de\/de\/#\/schema\/person\/image\/\",\"url\":\"https:\/\/secure.gravatar.com\/avatar\/82aafea7d8127119dd649515f56e2117?s=96&d=mm&r=g\",\"contentUrl\":\"https:\/\/secure.gravatar.com\/avatar\/82aafea7d8127119dd649515f56e2117?s=96&d=mm&r=g\",\"caption\":\"rtnews\"},\"url\":\"https:\/\/now-news.de\/de\/author\/rnews\/\"}]}<\/script>\n<!-- \/ Yoast SEO Premium plugin. -->","yoast_head_json":{"title":"Die Ostseestaaten tr\u00e4umen von einer Revanche an Russland - just-now.NEWS Deutschland","robots":{"index":"index","follow":"follow","max-snippet":"max-snippet:-1","max-image-preview":"max-image-preview:large","max-video-preview":"max-video-preview:-1"},"canonical":"https:\/\/now-news.de\/de\/deutschland\/die-ostseestaaten-traeumen-von-einer-revanche-an-russland\/","og_locale":"de_DE","og_type":"article","og_title":"Die Ostseestaaten tr\u00e4umen von einer Revanche an Russland","og_description":"Ein Kommentar von Anna Schafran Russland zieht sich aus dem Rat der Ostseestaaten zur\u00fcck. In einer Erkl\u00e4rung des russischen Au\u00dfenministeriums hei\u00dft es: Russland zieht sich aus Ostseeparlamentarierkonferenz zur\u00fcck &#8220;Die NATO- und EU-Staaten im Ostseerat haben den gleichberechtigten Dialog und die Prinzipien, auf denen diese regionale Struktur in der Ostsee beruht, aufgegeben und verwandeln sie konsequent [&hellip;]","og_url":"https:\/\/now-news.de\/de\/deutschland\/die-ostseestaaten-traeumen-von-einer-revanche-an-russland\/","og_site_name":"just-now.NEWS Deutschland","article_publisher":"https:\/\/www.facebook.com\/wirmachenauf","article_published_time":"2022-05-19T13:30:34+00:00","og_image":[{"width":460,"height":259,"url":"https:\/\/now-news.de\/de\/wp-content\/uploads\/sites\/3\/2022\/05\/Russland-zieht-sich-aus-Ostseeparlamentarierkonferenz-zurueck.jpg","type":"image\/jpeg"}],"author":"rtnews","twitter_card":"summary_large_image","twitter_creator":"@WirMachenAuf_de","twitter_site":"@WirMachenAuf_de","twitter_misc":{"Verfasst von":"rtnews","Gesch\u00e4tzte Lesezeit":"5\u00a0Minuten"},"schema":{"@context":"https:\/\/schema.org","@graph":[{"@type":"Article","@id":"https:\/\/now-news.de\/de\/deutschland\/die-ostseestaaten-traeumen-von-einer-revanche-an-russland\/#article","isPartOf":{"@id":"https:\/\/now-news.de\/de\/deutschland\/die-ostseestaaten-traeumen-von-einer-revanche-an-russland\/"},"author":{"name":"rtnews","@id":"https:\/\/now-news.de\/de\/#\/schema\/person\/fb534a4e865501d8b3285208df34a9b5"},"headline":"Die Ostseestaaten tr\u00e4umen von einer Revanche an Russland","datePublished":"2022-05-19T13:30:34+00:00","dateModified":"2022-05-19T13:30:34+00:00","mainEntityOfPage":{"@id":"https:\/\/now-news.de\/de\/deutschland\/die-ostseestaaten-traeumen-von-einer-revanche-an-russland\/"},"wordCount":936,"commentCount":0,"publisher":{"@id":"https:\/\/now-news.de\/de\/#organization"},"image":{"@id":"https:\/\/now-news.de\/de\/deutschland\/die-ostseestaaten-traeumen-von-einer-revanche-an-russland\/#primaryimage"},"thumbnailUrl":"https:\/\/now-news.de\/de\/wp-content\/uploads\/sites\/3\/2022\/05\/Russland-zieht-sich-aus-Ostseeparlamentarierkonferenz-zurueck.jpg","keywords":["die","einer","Ostseestaaten","Revanche","russland","tr\u00e4umen","von"],"articleSection":["Deutschland","Russland"],"inLanguage":"de","potentialAction":[{"@type":"CommentAction","name":"Comment","target":["https:\/\/now-news.de\/de\/deutschland\/die-ostseestaaten-traeumen-von-einer-revanche-an-russland\/#respond"]}]},{"@type":"WebPage","@id":"https:\/\/now-news.de\/de\/deutschland\/die-ostseestaaten-traeumen-von-einer-revanche-an-russland\/","url":"https:\/\/now-news.de\/de\/deutschland\/die-ostseestaaten-traeumen-von-einer-revanche-an-russland\/","name":"Die Ostseestaaten tr\u00e4umen von einer Revanche an Russland - just-now.NEWS Deutschland","isPartOf":{"@id":"https:\/\/now-news.de\/de\/#website"},"primaryImageOfPage":{"@id":"https:\/\/now-news.de\/de\/deutschland\/die-ostseestaaten-traeumen-von-einer-revanche-an-russland\/#primaryimage"},"image":{"@id":"https:\/\/now-news.de\/de\/deutschland\/die-ostseestaaten-traeumen-von-einer-revanche-an-russland\/#primaryimage"},"thumbnailUrl":"https:\/\/now-news.de\/de\/wp-content\/uploads\/sites\/3\/2022\/05\/Russland-zieht-sich-aus-Ostseeparlamentarierkonferenz-zurueck.jpg","datePublished":"2022-05-19T13:30:34+00:00","dateModified":"2022-05-19T13:30:34+00:00","breadcrumb":{"@id":"https:\/\/now-news.de\/de\/deutschland\/die-ostseestaaten-traeumen-von-einer-revanche-an-russland\/#breadcrumb"},"inLanguage":"de","potentialAction":[{"@type":"ReadAction","target":["https:\/\/now-news.de\/de\/deutschland\/die-ostseestaaten-traeumen-von-einer-revanche-an-russland\/"]}]},{"@type":"ImageObject","inLanguage":"de","@id":"https:\/\/now-news.de\/de\/deutschland\/die-ostseestaaten-traeumen-von-einer-revanche-an-russland\/#primaryimage","url":"https:\/\/now-news.de\/de\/wp-content\/uploads\/sites\/3\/2022\/05\/Russland-zieht-sich-aus-Ostseeparlamentarierkonferenz-zurueck.jpg","contentUrl":"https:\/\/now-news.de\/de\/wp-content\/uploads\/sites\/3\/2022\/05\/Russland-zieht-sich-aus-Ostseeparlamentarierkonferenz-zurueck.jpg","width":460,"height":259,"caption":"Russland zieht sich aus Ostseeparlamentarierkonferenz zur\u00fcck"},{"@type":"BreadcrumbList","@id":"https:\/\/now-news.de\/de\/deutschland\/die-ostseestaaten-traeumen-von-einer-revanche-an-russland\/#breadcrumb","itemListElement":[{"@type":"ListItem","position":1,"name":"Home","item":"https:\/\/now-news.de\/de\/"},{"@type":"ListItem","position":2,"name":"Die Ostseestaaten tr\u00e4umen von einer Revanche an Russland"}]},{"@type":"WebSite","@id":"https:\/\/now-news.de\/de\/#website","url":"https:\/\/now-news.de\/de\/","name":"just-now.NEWS Deutschland","description":"Das Portal f\u00fcr unzensierte Nachrichten aus der Welt","publisher":{"@id":"https:\/\/now-news.de\/de\/#organization"},"potentialAction":[{"@type":"SearchAction","target":{"@type":"EntryPoint","urlTemplate":"https:\/\/now-news.de\/de\/?s={search_term_string}"},"query-input":"required name=search_term_string"}],"inLanguage":"de"},{"@type":"Organization","@id":"https:\/\/now-news.de\/de\/#organization","name":"Just Now News","url":"https:\/\/now-news.de\/de\/","logo":{"@type":"ImageObject","inLanguage":"de","@id":"https:\/\/now-news.de\/de\/#\/schema\/logo\/image\/","url":"http:\/\/just-now.news\/de\/wp-content\/uploads\/sites\/3\/2022\/04\/logo500x500.jpg","contentUrl":"http:\/\/just-now.news\/de\/wp-content\/uploads\/sites\/3\/2022\/04\/logo500x500.jpg","width":500,"height":500,"caption":"Just Now News"},"image":{"@id":"https:\/\/now-news.de\/de\/#\/schema\/logo\/image\/"},"sameAs":["https:\/\/www.facebook.com\/wirmachenauf","https:\/\/x.com\/WirMachenAuf_de"]},{"@type":"Person","@id":"https:\/\/now-news.de\/de\/#\/schema\/person\/fb534a4e865501d8b3285208df34a9b5","name":"rtnews","image":{"@type":"ImageObject","inLanguage":"de","@id":"https:\/\/now-news.de\/de\/#\/schema\/person\/image\/","url":"https:\/\/secure.gravatar.com\/avatar\/82aafea7d8127119dd649515f56e2117?s=96&d=mm&r=g","contentUrl":"https:\/\/secure.gravatar.com\/avatar\/82aafea7d8127119dd649515f56e2117?s=96&d=mm&r=g","caption":"rtnews"},"url":"https:\/\/now-news.de\/de\/author\/rnews\/"}]}},"_links":{"self":[{"href":"https:\/\/now-news.de\/de\/wp-json\/wp\/v2\/posts\/8255"}],"collection":[{"href":"https:\/\/now-news.de\/de\/wp-json\/wp\/v2\/posts"}],"about":[{"href":"https:\/\/now-news.de\/de\/wp-json\/wp\/v2\/types\/post"}],"author":[{"embeddable":true,"href":"https:\/\/now-news.de\/de\/wp-json\/wp\/v2\/users\/3"}],"replies":[{"embeddable":true,"href":"https:\/\/now-news.de\/de\/wp-json\/wp\/v2\/comments?post=8255"}],"version-history":[{"count":0,"href":"https:\/\/now-news.de\/de\/wp-json\/wp\/v2\/posts\/8255\/revisions"}],"wp:featuredmedia":[{"embeddable":true,"href":"https:\/\/now-news.de\/de\/wp-json\/wp\/v2\/media\/7994"}],"wp:attachment":[{"href":"https:\/\/now-news.de\/de\/wp-json\/wp\/v2\/media?parent=8255"}],"wp:term":[{"taxonomy":"category","embeddable":true,"href":"https:\/\/now-news.de\/de\/wp-json\/wp\/v2\/categories?post=8255"},{"taxonomy":"post_tag","embeddable":true,"href":"https:\/\/now-news.de\/de\/wp-json\/wp\/v2\/tags?post=8255"}],"curies":[{"name":"wp","href":"https:\/\/api.w.org\/{rel}","templated":true}]}}