{"id":82475,"date":"2025-04-21T07:01:35","date_gmt":"2025-04-21T05:01:35","guid":{"rendered":"https:\/\/now-news.de\/de\/deutschland\/asiens-wirtschaftskraft-beklagenswert-der-westen-sollte-sich-besser-daran-gewoehnen\/"},"modified":"2025-04-21T07:01:35","modified_gmt":"2025-04-21T05:01:35","slug":"asiens-wirtschaftskraft-beklagenswert-der-westen-sollte-sich-besser-daran-gewoehnen","status":"publish","type":"post","link":"https:\/\/now-news.de\/de\/deutschland\/asiens-wirtschaftskraft-beklagenswert-der-westen-sollte-sich-besser-daran-gewoehnen\/","title":{"rendered":"Asiens Wirtschaftskraft beklagenswert? Der Westen sollte sich besser daran gew\u00f6hnen"},"content":{"rendered":"<div class=\"Text-root Text-type_1 \">\n                China &#8220;\u00fcberschwemme&#8221; die Welt mit seinen Produkten \u2012 so denkt nicht nur Donald Trump, so denkt auch die EU-Elite. Dabei ist es eigentlich genau andersherum, und alle Zollschranken dienen nur dazu, einen Zustand zu erhalten, der v\u00f6llig widernat\u00fcrlich ist.\n            <\/div>\n<p><\/p>\n<div class=\"Text-root Text-type_5 ArticleView-text ViewText-root \">\n<p><em>Von Dagmar Henn<\/em><\/p>\n<p>Es gibt eine Floskel, die in den letzten Jahren immer wieder auftaucht, wenn von China und seiner Exportproduktion die Rede ist: die &#8220;chinesische \u00dcberproduktion&#8221;. Es ist schon besonders charmant, wenn deutsche Politiker diese Formulierung verwenden, im Land des &#8220;Made in Germany&#8221;. Wenn China Waren exportiert, dann ist das, so impliziert diese Formulierung, eigentlich unzul\u00e4ssig. Es sollte sich darauf beschr\u00e4nken, die Bed\u00fcrfnisse der eigenen Bev\u00f6lkerung zu decken, und die Exportm\u00e4rkte der Welt jenen \u00fcberlassen, denen sie zustehen. Wie den Deutschen, beispielsweise, die immerhin einmal &#8220;Exportweltmeister&#8221; waren.<\/p>\n<p>Wie davor die Briten. Und dazwischen die US-Amerikaner. Also im Kern immer die Insassen jenes kleinen westasiatischen Wurmfortsatzes namens Europa, samt seinem transatlantischen Klon. Dabei ist dieser Zustand, solange er existiert, \u00fcberhaupt nur auf Gewalt gest\u00fctzt vorstellbar. Schlie\u00dflich sind China und Indien die bev\u00f6lkerungsreichsten L\u00e4nder der Erde, also sollte ihr Anteil an der Weltproduktion und am Welthandel dem entsprechen, ginge es gerecht zu.<\/p>\n<p>So war das \u00fcbrigens noch im 18. Jahrhundert. Bis dann die europ\u00e4ische Kolonialpolitik zuschlug und beide L\u00e4nder erst einmal in ihren wirtschaftlichen M\u00f6glichkeiten zur\u00fcckwarf. Nur, dass man heute im Westen das Produkt dieser Entwicklung f\u00fcr eine Art Normalit\u00e4t h\u00e4lt, und heute, da sich die Verh\u00e4ltnisse wieder \u00e4ndern, darin nicht nur eine Bedrohung sieht, sondern geradezu eine Anma\u00dfung.<\/p>\n<p>Dieser Unterton beherrscht nicht nur die aktuelle Reaktion der Vereinigten Staaten auf China, er dominiert auch in der deutschen China-Strategie von 2023, die unter anderem beklagt, dass China &#8220;die weltgr\u00f6\u00dften Seestreitkr\u00e4fte nach Anzahl der Schiffe und U-Boote&#8221; besitze.<\/p>\n<p>Nun, 1525 wurde in China eine der folgenreichsten Entscheidungen der Weltgeschichte getroffen, als die letzten Hochseeschiffe verbrannt wurden. Davor hatten chinesische Seeleute mit Schiffen, die bis zu 120 Meter lang waren, die Welt erkundet. Und schon Jahrhunderte davor wurde im R\u00f6mischen Kaiserreich chinesische Seide in Gold aufgewogen. Es traf sich ung\u00fcnstig, dass sich genau zu der Zeit, als in China die Hochseeschifffahrt eingestellt wurde, europ\u00e4ische Seefahrer in ihren Nussschalen (das Schiff des Kolumbus war 19 Meter lang) aufmachten, ihrerseits die Weltmeere zu entdecken. Mit Kompass \u00fcbrigens, einer Erfindung fr\u00fcherer chinesischer Seefahrer.<\/p>\n<p>Wenn heute geklagt wird, die &#8220;liberalen Demokratien&#8221; seien bedroht, dann ist das im Kern nur eine s\u00e4kulare Version des fr\u00fcheren Missionierungsdrangs, bei dem immer die Vorstellung mitschwang, nur in Europa herrsche Zivilisation (au\u00dfer, die Europ\u00e4er bekriegten sich gerade gegenseitig, dann konnte sie noch weiter schrumpfen), und der Rest der Welt sei nur von unterschiedlichen Formen von Barbaren bewohnt. Historisch gesehen ist das v\u00f6lliger Unfug. Die ersten Teile der Chinesischen Mauer wurden mehr als 500 Jahre vor unserer Zeit errichtet, die Indus-Kultur entlang des gleichnamigen Flusses bestand zeitgleich mit dem Alten Reich in \u00c4gypten, und auch das Reich der Hethiter in Anatolien war schon vergangen, als die erste Zeile der Ilias gedichtet wurde. Ja, auch der Jemen besa\u00df schon reiche St\u00e4dte, als Rom noch ein von S\u00fcmpfen umgebenes etruskisches Bauerndorf war. Selbst in Mittelamerika errichteten die Olmeken bereits St\u00e4dte.<\/p>\n<p>St\u00e4dtische Zivilisationen entwickelten sich immer um ein bestimmtes Hauptnahrungsmittel, auf Grundlage spezifischer Pflanzen. Was das angeht, ist der ganze Westen nur ein Anh\u00e4ngsel des Nahen Ostens, wo die fr\u00fchen Getreide Dinkel, Emmer und Einkorn kultiviert wurden. Au\u00dferdem gibt es noch zwei ganz unterschiedliche Arten Reis\u00a0\u2012 eine in Indien, eine in China \u2012, die Jams in Westafrika, Hirse in China und \u00c4thiopien, Mais und Bohnen in Mittelamerika&#8230; die jeweiligen Regionen sind heute weitgehend bekannt, aber keine davon liegt in Europa. Auch Bier wurde zuerst in Vorderasien gebraut.<\/p>\n<p>Es sind die letzten Jahrhunderte europ\u00e4ischer Eroberungsz\u00fcge, die das Bild geschaffen haben, Zivilisation und Europa seien irgendwie identisch. Aber w\u00e4hrend der arrogante Westen sich m\u00fcht, den Aufstieg der BRICS zu verhindern, kehrt dort nur eine Reihe alter, gro\u00dfer Zivilisationen auf ihren angestammten Platz zur\u00fcck: China, Indien, Iran, \u00c4gypten&#8230;<\/p>\n<p>Was w\u00e4re denn so schlimm an einer Welt, in der der Bewohner jedes Landes einen gleichen Anspruch auf den globalen Reichtum erheben k\u00f6nnte? China hat die gr\u00f6\u00dfte Flotte der Welt? Das ist auf jeden Fall ein normalerer Zustand, als wenn das winzige England sie h\u00e4tte, und auch die Bev\u00f6lkerung der USA betr\u00e4gt nur ein F\u00fcnftel der chinesischen. Indien und China waren \u00fcber Jahrhunderte die gr\u00f6\u00dften Textilproduzenten\u00a0\u2012 nur durch die Industrielle Revolution gerieten sie ins Hintertreffen.\u00a0Wenn sich die Gewichte heute wieder verschieben, ist das nur eine R\u00fcckkehr zu einem nat\u00fcrlicheren Zustand.<\/p>\n<p>Dass das kleine Deutschland mit seinen gerade mal 80 Millionen Einwohnern \u00fcberhaupt jemals den &#8220;Exportweltmeister&#8221; spielen konnte, ist, rein statistisch gesehen, h\u00f6chst unwahrscheinlich und ein ausgesprochener Ausrei\u00dfer. Dass sich der Westen nach wie vor als Krone der Sch\u00f6pfung begreift, ist schnell als absurd durchschaubar, wenn man sich die Geschichte des Restplaneten auch nur oberfl\u00e4chlich betrachtet.<\/p>\n<p>Europa und Nordamerika zusammen haben mit 17 Prozent der Weltbev\u00f6lkerung einen geringeren Anteil an der Menschheit als Afrika mit 17,5 Prozent\u00a0\u2012 so viel, wie auch Indien und China jeweils beitragen. 2023 lag der (kaufkraftbereinigte) Anteil Chinas am globalen Bruttoinlandsprodukt bei 18,74 Prozent, also nur leicht \u00fcber dem Anteil an der Weltbev\u00f6lkerung. Der Anteil Europas und Nordamerikas zusammen bei 29 Prozent, also fast dem Doppelten, was nach Bev\u00f6lkerungsanteil zust\u00fcnde, w\u00e4hrend Indien mit 7,9 Prozent noch bei weniger als der H\u00e4lfte des Bev\u00f6lkerungsanteils liegt und der Anteil Afrikas mit 5,25 Prozent nicht einmal einem Drittel entspricht.<\/p>\n<p>Aber in Europa ist es weder \u00fcblich, sich mit diesen Zahlenverh\u00e4ltnissen zu besch\u00e4ftigen, noch sind Kenntnisse au\u00dfereurop\u00e4ischer Geschichte der Normalfall. Die ist eher ein Thema, wenn man mal eine exotische Doku f\u00fcr das Abendprogramm braucht. Ganz davon zu schweigen, zu erz\u00e4hlen, wie es denn zu dieser Schieflage gekommen ist, die belegbar dazu f\u00fchrt, dass sich der nat\u00fcrliche Reichtum vieler L\u00e4nder in Armut verwandelt. Wie\u00a0\u2012 was erst vor kurzem Thema war \u2012 die Uranvorkommen in Niger, die f\u00fcr einen Spottpreis an Frankreich gingen.<\/p>\n<p>Von nichts kommt schlie\u00dflich nichts. Da gibt es unz\u00e4hlige Methoden, wie die L\u00e4nder, die einmal unterworfen wurden, danach an eigener Entwicklung gehindert wurden. Mit Abgaben, die die &#8220;Leistung&#8221; der Kolonialherren abgelten sollen, wie das Frankreich jahrzehntelang bei seinen ehemaligen Kolonien machte. Mit einer Infrastruktur, die nur den Handel hinaus, nach Europa, beg\u00fcnstigt, aber nicht den Handel von einem afrikanischen Land mit dem anderen (was sich \u00e4hnlich auch lange in S\u00fcdamerika fand). Jede Generation spuckte eine neue Idee aus, wie die Ungleichheit fortgef\u00fchrt werden k\u00f6nnte\u00a0\u2012 die letzten davon hei\u00dfen Klimaschutz und Karbonzoll.<\/p>\n<figure class=\"RTImage-root\">\n<div class=\"RTImage-image RTImage-original\"><picture class=\"Picture-root Picture-original\"><!--[if IE 9]><video style=\"display: none;\"><![endif]--><source media=\"(-webkit-min-device-pixel-ratio: 2) and (min-resolution: 120dpi)\" data-srcset=\" \nhttps:\/\/now-news.de\/de\/wp-content\/uploads\/sites\/3\/2025\/04\/67ffeab748fbef4d262c775f.png 850w,\n                https:\/\/now-news.de\/de\/wp-content\/uploads\/sites\/3\/2025\/04\/67ffeab748fbef4d262c775f.png 1960w,            \" ><source data-srcset=\" \nhttps:\/\/now-news.de\/de\/wp-content\/uploads\/sites\/3\/2025\/04\/67ffeab748fbef4d262c775f.png 460w,\n              https:\/\/now-news.de\/de\/wp-content\/uploads\/sites\/3\/2025\/04\/67ffeab748fbef4d262c775f.png 980w,\n            \" ><!--[if IE 9]><\/video><![endif]--><img decoding=\"async\" data- src=\"data:image\/png;base64,iVBORw0KGgoAAAANSUhEUgAAABAAAAAJCAQAAACRI2S5AAAAEElEQVR42mNkIAAYRxWAAQAG9gAKqv6+AwAAAABJRU5ErkJggg==\" class=\"Picture-root Picture-original lazyload\" data-src=\"https:\/\/now-news.de\/de\/wp-content\/uploads\/sites\/3\/2025\/04\/67ffeab748fbef4d262c775f.png\" alt=\"\"><\/source><\/source><\/picture><!-- noscript pattern --><noscript><img decoding=\"async\" src=\"https:\/\/now-news.de\/de\/wp-content\/uploads\/sites\/3\/2025\/04\/67ffeab748fbef4d262c775f.png\" alt=\"\"><\/noscript><\/div><figcaption class=\"RTImage-footer\"><span class=\"RTImage-caption\"><span class=\"RTImage-captionItem\">Anteile am globalen BIP, Jahre 1500 bis 2008<\/span><\/span><span class=\"RTImage-source\"><a rel=\"nofollow noopener\" target=\"_blank\" class=\"RTImage-captionItem Link-root\" href=\"https:\/\/de.statista.com\/statistik\/daten\/studie\/252740\/umfrage\/anteile-der-weltregionen-am-bip-der-welt-vom-jahr-1500-bis-heute\/\">Screenshot<\/a><\/span><\/figcaption><\/figure>\n<p>Wie man an der Grafik sehen kann, holt sich Asien ganz langsam seinen Anteil zur\u00fcck, wobei China nur der sichtbarste Teil ist. Nat\u00fcrlich wird sich nicht ganz der Zustand des Jahres 1500 wiederherstellen, weil beide amerikanischen Kontinente und Australien noch keine wirkliche Rolle spielten. Aber eine Verlagerung des globalen wirtschaftlichen Schwerpunkts nach Asien bildet nur den Anteil ab, den es an der Menschheit besitzt.<\/p>\n<p>Was viel leichter zu erkennen w\u00e4re, h\u00e4tte man in den letzten Jahrzehnten den Menschen im Westen nicht jedes Gesp\u00fcr f\u00fcr Ungleichheit ausgetrieben. Kaum war der H\u00f6hepunkt der einseitigen Verteilung \u00fcberschritten, wurde im Westen daran gearbeitet, der Bev\u00f6lkerung eine zunehmende gesellschaftliche Ungleichheit als normal zu verkaufen, die inzwischen weltgeschichtliche Rekordma\u00dfe angenommen hat. Nicht nur in Deutschland, mehr oder weniger in allen L\u00e4ndern des Westens stagniert der Lebensstandard der breiten Massen seit einer ganzen Generation\u00a0\u2012 nur der Anteil des obersten Promilles am gesamten geschaffenen Reichtum steigt stetig weiter.<\/p>\n<p>Nun, trotz aller Bem\u00fchungen des Westens ist die Angleichung dieser Unterschiede nicht mehr aufzuhalten, gleich, wie viele Milliarden in R\u00fcstung gepumpt werden, um irgendwie die \u00dcberlegenheit zu retten. F\u00fcr den weit \u00fcberwiegenden Teil der Menschheit ist diese Entwicklung die Befreiung von einer auferlegten Last, und vielleicht lernt dann auch der Westen wieder, andere V\u00f6lker auf Augenh\u00f6he und nicht von oben herab zu betrachten.<\/p>\n<p><strong>Mehr zum Thema<\/strong>\u00a0\u2012 <a rel=\"nofollow noopener\" target=\"_blank\" href=\"https:\/\/freedert.online\/meinung\/157015-wem-nuetzt-dominanz-westens\/\">Wem n\u00fctzt die Dominanz des Westens?<\/a><\/p>\n<div class=\"EmbedBlock-root EmbedBlock-externalVideo EmbedBlock-rumble\">\n<div class=\"VkEmbed\"><iframe class=\"lazyload\" data-src=\"https:\/\/rumble.com\/embed\/v67q4q7\" frameborder=\"0\" width=\"853\" height=\"480\" allowfullscreen><\/iframe><\/div>\n<\/div>\n<\/div>\n<p><br \/>\n<br \/><a href=\"https:\/\/de.rt.com\/meinung\/242622-welt-im-normalzustand\/\">Source link <\/a><\/p>\n","protected":false},"excerpt":{"rendered":"<p>China &#8220;\u00fcberschwemme&#8221; die Welt mit seinen Produkten \u2012 so denkt nicht nur Donald Trump, so denkt auch die EU-Elite. Dabei ist es eigentlich genau andersherum, und alle Zollschranken dienen nur dazu, einen Zustand zu erhalten, der v\u00f6llig widernat\u00fcrlich ist. Von Dagmar Henn Es gibt eine Floskel, die in den letzten Jahren immer wieder auftaucht, wenn [&hellip;]<\/p>\n","protected":false},"author":3,"featured_media":82476,"comment_status":"open","ping_status":"open","sticky":false,"template":"","format":"standard","meta":{"_yoast_indexnow_last_ping":["1745212664"],"wp_automatic_camp":["217"],"1aa5a2fc6d8f9c5ef689ed75458724ce":["Asiens Wirtschaftskraft beklagenswert? Der Westen sollte sich besser daran gew\u00f6hnen"],"original_link":["https:\/\/de.rt.com\/meinung\/242622-welt-im-normalzustand\/"],"_thumbnail_id":["82476"],"jnews_social_counter_last_update":["1777218601"],"_wptgpro_p2tg_sent2tg":["a:1:{i:23737;s:19:\"2025-04-21 07:18:47\";}"]},"categories":[19,23],"tags":[58207,64419,19379,5444,82,55247,434,3590,378,64418],"yoast_head":"<!-- This site is optimized with the Yoast SEO Premium plugin v22.7 (Yoast SEO v22.7) - https:\/\/yoast.com\/wordpress\/plugins\/seo\/ -->\n<title>Asiens Wirtschaftskraft beklagenswert? Der Westen sollte sich besser daran gew\u00f6hnen - just-now.NEWS Deutschland<\/title>\n<meta name=\"robots\" content=\"index, follow, max-snippet:-1, max-image-preview:large, max-video-preview:-1\" \/>\n<link rel=\"canonical\" href=\"https:\/\/now-news.de\/de\/deutschland\/asiens-wirtschaftskraft-beklagenswert-der-westen-sollte-sich-besser-daran-gewoehnen\/\" \/>\n<meta property=\"og:locale\" content=\"de_DE\" \/>\n<meta property=\"og:type\" content=\"article\" \/>\n<meta property=\"og:title\" content=\"Asiens Wirtschaftskraft beklagenswert? Der Westen sollte sich besser daran gew\u00f6hnen\" \/>\n<meta property=\"og:description\" content=\"China &#8220;\u00fcberschwemme&#8221; die Welt mit seinen Produkten \u2012 so denkt nicht nur Donald Trump, so denkt auch die EU-Elite. Dabei ist es eigentlich genau andersherum, und alle Zollschranken dienen nur dazu, einen Zustand zu erhalten, der v\u00f6llig widernat\u00fcrlich ist. Von Dagmar Henn Es gibt eine Floskel, die in den letzten Jahren immer wieder auftaucht, wenn [&hellip;]\" \/>\n<meta property=\"og:url\" content=\"https:\/\/now-news.de\/de\/deutschland\/asiens-wirtschaftskraft-beklagenswert-der-westen-sollte-sich-besser-daran-gewoehnen\/\" \/>\n<meta property=\"og:site_name\" content=\"just-now.NEWS Deutschland\" \/>\n<meta property=\"article:publisher\" content=\"https:\/\/www.facebook.com\/wirmachenauf\" \/>\n<meta property=\"article:published_time\" content=\"2025-04-21T05:01:35+00:00\" \/>\n<meta property=\"og:image\" content=\"https:\/\/now-news.de\/de\/wp-content\/uploads\/sites\/3\/2025\/04\/67ffeab748fbef4d262c775f.png\" \/>\n<meta name=\"author\" content=\"rtnews\" \/>\n<meta name=\"twitter:card\" content=\"summary_large_image\" \/>\n<meta name=\"twitter:creator\" content=\"@WirMachenAuf_de\" \/>\n<meta name=\"twitter:site\" content=\"@WirMachenAuf_de\" \/>\n<meta name=\"twitter:label1\" content=\"Verfasst von\" \/>\n\t<meta name=\"twitter:data1\" content=\"rtnews\" \/>\n\t<meta name=\"twitter:label2\" content=\"Gesch\u00e4tzte Lesezeit\" \/>\n\t<meta name=\"twitter:data2\" content=\"7\u00a0Minuten\" \/>\n<script type=\"application\/ld+json\" class=\"yoast-schema-graph\">{\"@context\":\"https:\/\/schema.org\",\"@graph\":[{\"@type\":\"Article\",\"@id\":\"https:\/\/now-news.de\/de\/deutschland\/asiens-wirtschaftskraft-beklagenswert-der-westen-sollte-sich-besser-daran-gewoehnen\/#article\",\"isPartOf\":{\"@id\":\"https:\/\/now-news.de\/de\/deutschland\/asiens-wirtschaftskraft-beklagenswert-der-westen-sollte-sich-besser-daran-gewoehnen\/\"},\"author\":{\"name\":\"rtnews\",\"@id\":\"https:\/\/now-news.de\/de\/#\/schema\/person\/fb534a4e865501d8b3285208df34a9b5\"},\"headline\":\"Asiens Wirtschaftskraft beklagenswert? Der Westen sollte sich besser daran gew\u00f6hnen\",\"datePublished\":\"2025-04-21T05:01:35+00:00\",\"dateModified\":\"2025-04-21T05:01:35+00:00\",\"mainEntityOfPage\":{\"@id\":\"https:\/\/now-news.de\/de\/deutschland\/asiens-wirtschaftskraft-beklagenswert-der-westen-sollte-sich-besser-daran-gewoehnen\/\"},\"wordCount\":1385,\"commentCount\":0,\"publisher\":{\"@id\":\"https:\/\/now-news.de\/de\/#organization\"},\"image\":{\"@id\":\"https:\/\/now-news.de\/de\/deutschland\/asiens-wirtschaftskraft-beklagenswert-der-westen-sollte-sich-besser-daran-gewoehnen\/#primaryimage\"},\"thumbnailUrl\":\"https:\/\/now-news.de\/de\/wp-content\/uploads\/sites\/3\/2025\/04\/Asiens-Wirtschaftskraft-beklagenswert-Der-Westen-sollte-sich-besser-daran-gewoehnen.png\",\"keywords\":[\"Asiens\",\"beklagenswert\",\"besser\",\"daran\",\"der\",\"gew\u00f6hnen\",\"sich\",\"sollte\",\"Westen\",\"Wirtschaftskraft\"],\"articleSection\":[\"Deutschland\",\"Russland\"],\"inLanguage\":\"de\",\"potentialAction\":[{\"@type\":\"CommentAction\",\"name\":\"Comment\",\"target\":[\"https:\/\/now-news.de\/de\/deutschland\/asiens-wirtschaftskraft-beklagenswert-der-westen-sollte-sich-besser-daran-gewoehnen\/#respond\"]}]},{\"@type\":\"WebPage\",\"@id\":\"https:\/\/now-news.de\/de\/deutschland\/asiens-wirtschaftskraft-beklagenswert-der-westen-sollte-sich-besser-daran-gewoehnen\/\",\"url\":\"https:\/\/now-news.de\/de\/deutschland\/asiens-wirtschaftskraft-beklagenswert-der-westen-sollte-sich-besser-daran-gewoehnen\/\",\"name\":\"Asiens Wirtschaftskraft beklagenswert? Der Westen sollte sich besser daran gew\u00f6hnen - just-now.NEWS Deutschland\",\"isPartOf\":{\"@id\":\"https:\/\/now-news.de\/de\/#website\"},\"primaryImageOfPage\":{\"@id\":\"https:\/\/now-news.de\/de\/deutschland\/asiens-wirtschaftskraft-beklagenswert-der-westen-sollte-sich-besser-daran-gewoehnen\/#primaryimage\"},\"image\":{\"@id\":\"https:\/\/now-news.de\/de\/deutschland\/asiens-wirtschaftskraft-beklagenswert-der-westen-sollte-sich-besser-daran-gewoehnen\/#primaryimage\"},\"thumbnailUrl\":\"https:\/\/now-news.de\/de\/wp-content\/uploads\/sites\/3\/2025\/04\/Asiens-Wirtschaftskraft-beklagenswert-Der-Westen-sollte-sich-besser-daran-gewoehnen.png\",\"datePublished\":\"2025-04-21T05:01:35+00:00\",\"dateModified\":\"2025-04-21T05:01:35+00:00\",\"breadcrumb\":{\"@id\":\"https:\/\/now-news.de\/de\/deutschland\/asiens-wirtschaftskraft-beklagenswert-der-westen-sollte-sich-besser-daran-gewoehnen\/#breadcrumb\"},\"inLanguage\":\"de\",\"potentialAction\":[{\"@type\":\"ReadAction\",\"target\":[\"https:\/\/now-news.de\/de\/deutschland\/asiens-wirtschaftskraft-beklagenswert-der-westen-sollte-sich-besser-daran-gewoehnen\/\"]}]},{\"@type\":\"ImageObject\",\"inLanguage\":\"de\",\"@id\":\"https:\/\/now-news.de\/de\/deutschland\/asiens-wirtschaftskraft-beklagenswert-der-westen-sollte-sich-besser-daran-gewoehnen\/#primaryimage\",\"url\":\"https:\/\/now-news.de\/de\/wp-content\/uploads\/sites\/3\/2025\/04\/Asiens-Wirtschaftskraft-beklagenswert-Der-Westen-sollte-sich-besser-daran-gewoehnen.png\",\"contentUrl\":\"https:\/\/now-news.de\/de\/wp-content\/uploads\/sites\/3\/2025\/04\/Asiens-Wirtschaftskraft-beklagenswert-Der-Westen-sollte-sich-besser-daran-gewoehnen.png\",\"width\":760,\"height\":486,\"caption\":\"Asiens Wirtschaftskraft beklagenswert? Der Westen sollte sich besser daran gew\u00f6hnen\"},{\"@type\":\"BreadcrumbList\",\"@id\":\"https:\/\/now-news.de\/de\/deutschland\/asiens-wirtschaftskraft-beklagenswert-der-westen-sollte-sich-besser-daran-gewoehnen\/#breadcrumb\",\"itemListElement\":[{\"@type\":\"ListItem\",\"position\":1,\"name\":\"Home\",\"item\":\"https:\/\/now-news.de\/de\/\"},{\"@type\":\"ListItem\",\"position\":2,\"name\":\"Asiens Wirtschaftskraft beklagenswert? Der Westen sollte sich besser daran gew\u00f6hnen\"}]},{\"@type\":\"WebSite\",\"@id\":\"https:\/\/now-news.de\/de\/#website\",\"url\":\"https:\/\/now-news.de\/de\/\",\"name\":\"just-now.NEWS Deutschland\",\"description\":\"Das Portal f\u00fcr unzensierte Nachrichten aus der Welt\",\"publisher\":{\"@id\":\"https:\/\/now-news.de\/de\/#organization\"},\"potentialAction\":[{\"@type\":\"SearchAction\",\"target\":{\"@type\":\"EntryPoint\",\"urlTemplate\":\"https:\/\/now-news.de\/de\/?s={search_term_string}\"},\"query-input\":\"required name=search_term_string\"}],\"inLanguage\":\"de\"},{\"@type\":\"Organization\",\"@id\":\"https:\/\/now-news.de\/de\/#organization\",\"name\":\"Just Now News\",\"url\":\"https:\/\/now-news.de\/de\/\",\"logo\":{\"@type\":\"ImageObject\",\"inLanguage\":\"de\",\"@id\":\"https:\/\/now-news.de\/de\/#\/schema\/logo\/image\/\",\"url\":\"http:\/\/just-now.news\/de\/wp-content\/uploads\/sites\/3\/2022\/04\/logo500x500.jpg\",\"contentUrl\":\"http:\/\/just-now.news\/de\/wp-content\/uploads\/sites\/3\/2022\/04\/logo500x500.jpg\",\"width\":500,\"height\":500,\"caption\":\"Just Now News\"},\"image\":{\"@id\":\"https:\/\/now-news.de\/de\/#\/schema\/logo\/image\/\"},\"sameAs\":[\"https:\/\/www.facebook.com\/wirmachenauf\",\"https:\/\/x.com\/WirMachenAuf_de\"]},{\"@type\":\"Person\",\"@id\":\"https:\/\/now-news.de\/de\/#\/schema\/person\/fb534a4e865501d8b3285208df34a9b5\",\"name\":\"rtnews\",\"image\":{\"@type\":\"ImageObject\",\"inLanguage\":\"de\",\"@id\":\"https:\/\/now-news.de\/de\/#\/schema\/person\/image\/\",\"url\":\"https:\/\/secure.gravatar.com\/avatar\/82aafea7d8127119dd649515f56e2117?s=96&d=mm&r=g\",\"contentUrl\":\"https:\/\/secure.gravatar.com\/avatar\/82aafea7d8127119dd649515f56e2117?s=96&d=mm&r=g\",\"caption\":\"rtnews\"},\"url\":\"https:\/\/now-news.de\/de\/author\/rnews\/\"}]}<\/script>\n<!-- \/ Yoast SEO Premium plugin. -->","yoast_head_json":{"title":"Asiens Wirtschaftskraft beklagenswert? Der Westen sollte sich besser daran gew\u00f6hnen - just-now.NEWS Deutschland","robots":{"index":"index","follow":"follow","max-snippet":"max-snippet:-1","max-image-preview":"max-image-preview:large","max-video-preview":"max-video-preview:-1"},"canonical":"https:\/\/now-news.de\/de\/deutschland\/asiens-wirtschaftskraft-beklagenswert-der-westen-sollte-sich-besser-daran-gewoehnen\/","og_locale":"de_DE","og_type":"article","og_title":"Asiens Wirtschaftskraft beklagenswert? Der Westen sollte sich besser daran gew\u00f6hnen","og_description":"China &#8220;\u00fcberschwemme&#8221; die Welt mit seinen Produkten \u2012 so denkt nicht nur Donald Trump, so denkt auch die EU-Elite. Dabei ist es eigentlich genau andersherum, und alle Zollschranken dienen nur dazu, einen Zustand zu erhalten, der v\u00f6llig widernat\u00fcrlich ist. Von Dagmar Henn Es gibt eine Floskel, die in den letzten Jahren immer wieder auftaucht, wenn [&hellip;]","og_url":"https:\/\/now-news.de\/de\/deutschland\/asiens-wirtschaftskraft-beklagenswert-der-westen-sollte-sich-besser-daran-gewoehnen\/","og_site_name":"just-now.NEWS Deutschland","article_publisher":"https:\/\/www.facebook.com\/wirmachenauf","article_published_time":"2025-04-21T05:01:35+00:00","og_image":[{"url":"https:\/\/now-news.de\/de\/wp-content\/uploads\/sites\/3\/2025\/04\/67ffeab748fbef4d262c775f.png"}],"author":"rtnews","twitter_card":"summary_large_image","twitter_creator":"@WirMachenAuf_de","twitter_site":"@WirMachenAuf_de","twitter_misc":{"Verfasst von":"rtnews","Gesch\u00e4tzte Lesezeit":"7\u00a0Minuten"},"schema":{"@context":"https:\/\/schema.org","@graph":[{"@type":"Article","@id":"https:\/\/now-news.de\/de\/deutschland\/asiens-wirtschaftskraft-beklagenswert-der-westen-sollte-sich-besser-daran-gewoehnen\/#article","isPartOf":{"@id":"https:\/\/now-news.de\/de\/deutschland\/asiens-wirtschaftskraft-beklagenswert-der-westen-sollte-sich-besser-daran-gewoehnen\/"},"author":{"name":"rtnews","@id":"https:\/\/now-news.de\/de\/#\/schema\/person\/fb534a4e865501d8b3285208df34a9b5"},"headline":"Asiens Wirtschaftskraft beklagenswert? Der Westen sollte sich besser daran gew\u00f6hnen","datePublished":"2025-04-21T05:01:35+00:00","dateModified":"2025-04-21T05:01:35+00:00","mainEntityOfPage":{"@id":"https:\/\/now-news.de\/de\/deutschland\/asiens-wirtschaftskraft-beklagenswert-der-westen-sollte-sich-besser-daran-gewoehnen\/"},"wordCount":1385,"commentCount":0,"publisher":{"@id":"https:\/\/now-news.de\/de\/#organization"},"image":{"@id":"https:\/\/now-news.de\/de\/deutschland\/asiens-wirtschaftskraft-beklagenswert-der-westen-sollte-sich-besser-daran-gewoehnen\/#primaryimage"},"thumbnailUrl":"https:\/\/now-news.de\/de\/wp-content\/uploads\/sites\/3\/2025\/04\/Asiens-Wirtschaftskraft-beklagenswert-Der-Westen-sollte-sich-besser-daran-gewoehnen.png","keywords":["Asiens","beklagenswert","besser","daran","der","gew\u00f6hnen","sich","sollte","Westen","Wirtschaftskraft"],"articleSection":["Deutschland","Russland"],"inLanguage":"de","potentialAction":[{"@type":"CommentAction","name":"Comment","target":["https:\/\/now-news.de\/de\/deutschland\/asiens-wirtschaftskraft-beklagenswert-der-westen-sollte-sich-besser-daran-gewoehnen\/#respond"]}]},{"@type":"WebPage","@id":"https:\/\/now-news.de\/de\/deutschland\/asiens-wirtschaftskraft-beklagenswert-der-westen-sollte-sich-besser-daran-gewoehnen\/","url":"https:\/\/now-news.de\/de\/deutschland\/asiens-wirtschaftskraft-beklagenswert-der-westen-sollte-sich-besser-daran-gewoehnen\/","name":"Asiens Wirtschaftskraft beklagenswert? Der Westen sollte sich besser daran gew\u00f6hnen - just-now.NEWS Deutschland","isPartOf":{"@id":"https:\/\/now-news.de\/de\/#website"},"primaryImageOfPage":{"@id":"https:\/\/now-news.de\/de\/deutschland\/asiens-wirtschaftskraft-beklagenswert-der-westen-sollte-sich-besser-daran-gewoehnen\/#primaryimage"},"image":{"@id":"https:\/\/now-news.de\/de\/deutschland\/asiens-wirtschaftskraft-beklagenswert-der-westen-sollte-sich-besser-daran-gewoehnen\/#primaryimage"},"thumbnailUrl":"https:\/\/now-news.de\/de\/wp-content\/uploads\/sites\/3\/2025\/04\/Asiens-Wirtschaftskraft-beklagenswert-Der-Westen-sollte-sich-besser-daran-gewoehnen.png","datePublished":"2025-04-21T05:01:35+00:00","dateModified":"2025-04-21T05:01:35+00:00","breadcrumb":{"@id":"https:\/\/now-news.de\/de\/deutschland\/asiens-wirtschaftskraft-beklagenswert-der-westen-sollte-sich-besser-daran-gewoehnen\/#breadcrumb"},"inLanguage":"de","potentialAction":[{"@type":"ReadAction","target":["https:\/\/now-news.de\/de\/deutschland\/asiens-wirtschaftskraft-beklagenswert-der-westen-sollte-sich-besser-daran-gewoehnen\/"]}]},{"@type":"ImageObject","inLanguage":"de","@id":"https:\/\/now-news.de\/de\/deutschland\/asiens-wirtschaftskraft-beklagenswert-der-westen-sollte-sich-besser-daran-gewoehnen\/#primaryimage","url":"https:\/\/now-news.de\/de\/wp-content\/uploads\/sites\/3\/2025\/04\/Asiens-Wirtschaftskraft-beklagenswert-Der-Westen-sollte-sich-besser-daran-gewoehnen.png","contentUrl":"https:\/\/now-news.de\/de\/wp-content\/uploads\/sites\/3\/2025\/04\/Asiens-Wirtschaftskraft-beklagenswert-Der-Westen-sollte-sich-besser-daran-gewoehnen.png","width":760,"height":486,"caption":"Asiens Wirtschaftskraft beklagenswert? Der Westen sollte sich besser daran gew\u00f6hnen"},{"@type":"BreadcrumbList","@id":"https:\/\/now-news.de\/de\/deutschland\/asiens-wirtschaftskraft-beklagenswert-der-westen-sollte-sich-besser-daran-gewoehnen\/#breadcrumb","itemListElement":[{"@type":"ListItem","position":1,"name":"Home","item":"https:\/\/now-news.de\/de\/"},{"@type":"ListItem","position":2,"name":"Asiens Wirtschaftskraft beklagenswert? Der Westen sollte sich besser daran gew\u00f6hnen"}]},{"@type":"WebSite","@id":"https:\/\/now-news.de\/de\/#website","url":"https:\/\/now-news.de\/de\/","name":"just-now.NEWS Deutschland","description":"Das Portal f\u00fcr unzensierte Nachrichten aus der Welt","publisher":{"@id":"https:\/\/now-news.de\/de\/#organization"},"potentialAction":[{"@type":"SearchAction","target":{"@type":"EntryPoint","urlTemplate":"https:\/\/now-news.de\/de\/?s={search_term_string}"},"query-input":"required name=search_term_string"}],"inLanguage":"de"},{"@type":"Organization","@id":"https:\/\/now-news.de\/de\/#organization","name":"Just Now News","url":"https:\/\/now-news.de\/de\/","logo":{"@type":"ImageObject","inLanguage":"de","@id":"https:\/\/now-news.de\/de\/#\/schema\/logo\/image\/","url":"http:\/\/just-now.news\/de\/wp-content\/uploads\/sites\/3\/2022\/04\/logo500x500.jpg","contentUrl":"http:\/\/just-now.news\/de\/wp-content\/uploads\/sites\/3\/2022\/04\/logo500x500.jpg","width":500,"height":500,"caption":"Just Now News"},"image":{"@id":"https:\/\/now-news.de\/de\/#\/schema\/logo\/image\/"},"sameAs":["https:\/\/www.facebook.com\/wirmachenauf","https:\/\/x.com\/WirMachenAuf_de"]},{"@type":"Person","@id":"https:\/\/now-news.de\/de\/#\/schema\/person\/fb534a4e865501d8b3285208df34a9b5","name":"rtnews","image":{"@type":"ImageObject","inLanguage":"de","@id":"https:\/\/now-news.de\/de\/#\/schema\/person\/image\/","url":"https:\/\/secure.gravatar.com\/avatar\/82aafea7d8127119dd649515f56e2117?s=96&d=mm&r=g","contentUrl":"https:\/\/secure.gravatar.com\/avatar\/82aafea7d8127119dd649515f56e2117?s=96&d=mm&r=g","caption":"rtnews"},"url":"https:\/\/now-news.de\/de\/author\/rnews\/"}]}},"_links":{"self":[{"href":"https:\/\/now-news.de\/de\/wp-json\/wp\/v2\/posts\/82475"}],"collection":[{"href":"https:\/\/now-news.de\/de\/wp-json\/wp\/v2\/posts"}],"about":[{"href":"https:\/\/now-news.de\/de\/wp-json\/wp\/v2\/types\/post"}],"author":[{"embeddable":true,"href":"https:\/\/now-news.de\/de\/wp-json\/wp\/v2\/users\/3"}],"replies":[{"embeddable":true,"href":"https:\/\/now-news.de\/de\/wp-json\/wp\/v2\/comments?post=82475"}],"version-history":[{"count":0,"href":"https:\/\/now-news.de\/de\/wp-json\/wp\/v2\/posts\/82475\/revisions"}],"wp:featuredmedia":[{"embeddable":true,"href":"https:\/\/now-news.de\/de\/wp-json\/wp\/v2\/media\/82476"}],"wp:attachment":[{"href":"https:\/\/now-news.de\/de\/wp-json\/wp\/v2\/media?parent=82475"}],"wp:term":[{"taxonomy":"category","embeddable":true,"href":"https:\/\/now-news.de\/de\/wp-json\/wp\/v2\/categories?post=82475"},{"taxonomy":"post_tag","embeddable":true,"href":"https:\/\/now-news.de\/de\/wp-json\/wp\/v2\/tags?post=82475"}],"curies":[{"name":"wp","href":"https:\/\/api.w.org\/{rel}","templated":true}]}}