{"id":82445,"date":"2025-04-20T15:00:05","date_gmt":"2025-04-20T13:00:05","guid":{"rendered":"https:\/\/now-news.de\/de\/deutschland\/kanonen-fuer-die-konjunktur-eine-luege-der-kapitallobby\/"},"modified":"2025-04-20T15:00:05","modified_gmt":"2025-04-20T13:00:05","slug":"kanonen-fuer-die-konjunktur-eine-luege-der-kapitallobby","status":"publish","type":"post","link":"https:\/\/now-news.de\/de\/deutschland\/kanonen-fuer-die-konjunktur-eine-luege-der-kapitallobby\/","title":{"rendered":"Kanonen f\u00fcr die Konjunktur? \u2013 Eine L\u00fcge der Kapitallobby"},"content":{"rendered":"<p><img decoding=\"async\" src=\"https:\/\/now-news.de\/de\/wp-content\/uploads\/sites\/3\/2025\/04\/6800e70a48fbef6e97281bba.jpeg\" \/><\/p>\n<div class=\"Text-root Text-type_1 \">\n                Mehr Jobs und h\u00f6here Staatseinnahmen? Aufr\u00fcsten steigere das Bruttoinlandsprodukt und sei gut f\u00fcr die Konjunktur, behaupten kapitalnahe Institute. Studien widerlegen das \u2013 Demnach f\u00fchren h\u00f6here Milit\u00e4rausgaben langfristig zum Gegenteil: wirtschaftlicher Abschwung und Wohlstandsverlust.\n            <\/div>\n<p><\/p>\n<div class=\"Text-root Text-type_5 ArticleView-text ViewText-root \">\n<p><em>Von Susan Bonath<\/em><\/p>\n<p>Wann immer schneller Profit winkt, wirft die Wirtschaftslobby ihre PR-Maschine im Turbomodus an. Die geplanten R\u00fcstungsschulden in zw\u00f6lfstelliger H\u00f6he seien gut f\u00fcr die Konjunktur, lautet eine dieser L\u00fcgen, die sie verbreitet. Das Versprechen auf ausk\u00f6mmliche Jobs schwingt mit, um die Massen bei der Stange zu halten. Eine Datenanalyse der Informationsstelle Militarisierung (IMI) widerlegt das allerdings: H\u00f6here R\u00fcstungsausgaben f\u00fchrten demnach langfristig stets zum Gegenteil: Die Wirtschaft schrumpfte.<\/p>\n<p><strong>Lobby wirbt f\u00fcrs Aufr\u00fcsten<\/strong><\/p>\n<p>Das M\u00fcnchner ifo Institut\u00a0<a rel=\"nofollow noopener\" target=\"_blank\" href=\"https:\/\/www.ifo.de\/pressemitteilung\/2025-04-15\/nur-fuenf-bundeslaender-sind-im-vierten-quartal-2024-gewachsen\">wartete<\/a>\u00a0zu Wochenbeginn mit &#8220;neuen Berechnungen&#8221;\u00a0 auf. Danach sei das Bruttoinlandsprodukt (BIP) im vierten Quartal des vergangenen Jahres in f\u00fcnf Bundesl\u00e4ndern gewachsen \u2013 entgegen dem sonstigen negativen Trend in Deutschland. Grund sei vor allem, so der Think-Tank, die dort beheimatete boomende R\u00fcstungsindustrie.<\/p>\n<p>Im Detail hei\u00dft es, die Wirtschaftsleistung sei in Hessen, Mecklenburg-Vorpommern, Schleswig-Holstein und Niedersachsen zwischen 0,8 und 1,4 Prozent gestiegen und in Hamburg stabil geblieben. Die zentrale Ursache daf\u00fcr sei &#8220;der Aufschwung in der R\u00fcstungsindustrie&#8221;, behauptete der Ifo-Forscher Robert Lehmann. Alle anderen Bundesl\u00e4nder verzeichneten demzufolge einen R\u00fcckgang um 0,3 bis 1,8 Prozent.\u00a0<\/p>\n<p>Noch eindringlicher\u00a0<a rel=\"nofollow noopener\" target=\"_blank\" href=\"https:\/\/www.ifw-kiel.de\/de\/publikationen\/aktuelles\/waffen-und-wachstum-die-wirtschaftlichen-folgen-steigender-militaerausgaben\/\">trommelte<\/a>\u00a0in den letzten Wochen das Kieler Institut f\u00fcr Weltwirtschaft (IfW). Mitte Februar versprach es &#8220;Wachstum&#8221; durch &#8220;Waffen&#8221;. \u00a0Wenig sp\u00e4ter\u00a0<a rel=\"nofollow noopener\" target=\"_blank\" href=\"https:\/\/www.ifw-kiel.de\/de\/publikationen\/aktuelles\/deutschland-und-europa-sollten-steigende-militaerausgaben-durch-kreditaufnahme-finanzieren\/\">warb\u00a0<\/a>es f\u00fcr die (inzwischen beschlossene) Lockerung der Schuldenbremse und Milliardenkredite f\u00fcr die Aufr\u00fcstung Deutschlands.\u00a0<\/p>\n<p>Das IfW lie\u00df durchaus &#8220;<a rel=\"nofollow noopener\" target=\"_blank\" href=\"https:\/\/www.ifw-kiel.de\/de\/publikationen\/aktuelles\/sondervermoegen-wuerde-konjunktur-kraeftig-anschieben\/\">die Katze aus dem Sack<\/a>&#8220;: &#8220;Die h\u00f6here Schuldenlast k\u00f6nnte dann durch h\u00f6here Steuereinnahmen und Reformen bei den Sozialtransfers und Subventionen finanziert werden&#8221;. Dennoch habe das Institut &#8220;berechnet&#8221;, &#8220;dass Verteidigungsausgaben innovations- und wachstumsf\u00f6rdernd wirken&#8221;. Und Mitte M\u00e4rz legte der Think-Tank nochmals nach: Solch ein gigantisches R\u00fcstungspaket &#8220;w\u00fcrde die Konjunktur kr\u00e4ftig anschieben&#8221;.\u00a0<\/p>\n<p><strong>Kurzer Aufschwung, langfristige Krise<\/strong><\/p>\n<p>All die Behauptungen und implizierten Wohlstandsversprechen der Kapitallobby sind blo\u00dfe Augenwischerei. Das\u00a0<a rel=\"nofollow noopener\" target=\"_blank\" href=\"https:\/\/www.imi-online.de\/download\/IMI-Studie2025-1-Kanonen-Butter.pdf\">belegt\u00a0<\/a>der Verein IMI, der sich f\u00fcr Frieden engagiert, mit Daten, die er in seiner neuen Studie ausgewertet hat. \u00a0Nat\u00fcrlich gehe das BIP zun\u00e4chst nach oben, &#8220;wenn kurzfristig \u00fcber Schulden riesige Betr\u00e4ge in irgendeinen Bereich der Wirtschaft gek\u00fcbelt werden&#8221;, hei\u00dft es darin. Doch das sei nur von kurzer Dauer und verkehre sich rasch wieder ins Gegenteil.<\/p>\n<p>IMI zitiert dazu aus einer\u00a0<a rel=\"nofollow noopener\" target=\"_blank\" href=\"https:\/\/mpra.ub.uni-muenchen.de\/120608\/1\/MPRA_paper_120608.pdf\">Studie<\/a>\u00a0\u00fcber Deutschland, Italien und Spanien. Diese kommt zu dem Ergebnis, dass &#8220;f\u00fcr alle L\u00e4nder nicht-milit\u00e4rische \u00f6ffentliche Ausgaben einen positiveren Effekt auf Wirtschaft und Besch\u00e4ftigung haben, als Ausgaben f\u00fcr Waffenk\u00e4ufe&#8221;.<\/p>\n<p>Eine breiter angelegte\u00a0<a rel=\"nofollow noopener\" target=\"_blank\" href=\"https:\/\/econpapers.repec.org\/article\/tafdefpea\/v_3a28_3ay_3a2017_3ai_3a4_3ap_3a429-436.htm\">Untersuchung\u00a0<\/a>von 2017 \u00fcberblickte einen l\u00e4ngeren Zeitraum. Demnach f\u00fchrt eine einprozentige Erh\u00f6hung der Milit\u00e4rausgaben binnen 20 Jahren zu einem R\u00fcckgang des Wirtschaftswachstums von durchschnittlich neun Prozent \u2013 je wohlhabender ein Land ist, desto gr\u00f6\u00dfer sei der folgende Einbruch.<\/p>\n<p>Selbst manche Wirtschaftsliberale halten die Argumente der Lobbyinstitute f\u00fcr Unfug. In einem\u00a0<a rel=\"nofollow noopener\" target=\"_blank\" href=\"https:\/\/www.capital.de\/wirtschaft-politik\/ruestung--waffen-sind-gut-fuer-die-verteidigung--nicht-fuer-die-wirtschaft-35047328.html\">Aufsatz\u00a0<\/a>schrieben die R\u00fcstungshardliner Christian M\u00f6lling und Torben Sch\u00fctz im September: Die Behauptung, R\u00fcstungsmilliarden k\u00f6nnten eine gute Konjunkturspritze sein, sei zwar &#8220;gut gemeint, aber trotzdem falsch&#8221;.<strong>\u00a0<\/strong>R\u00fcstung sei vielmehr &#8220;eine vergleichsweise schlechte Investition, wenn es um die F\u00f6rderung der Volkswirtschaft geht&#8221;. Geld f\u00fcr Bildung und Infrastruktur h\u00e4tte &#8220;viel h\u00f6here Effekte&#8221;.<\/p>\n<p><strong>Falsches Wohlstandsversprechen<\/strong><\/p>\n<p>Auch wenn M\u00f6lling und Sch\u00fctz am Ende wie erwartet, trotz der Negativeffekte, eine vermeintliche Bedrohung f\u00fcr Deutschlands Sicherheit heraufbeschw\u00f6ren und f\u00fcr das Aufr\u00fcsten werben: Ihre Schlussfolgerung, wonach Milit\u00e4rinvestitionen kein geeigneter Motor f\u00fcr ein konstantes BIP-Wachstum seien und langfristig eher das Gegenteil bewirke, leuchtet ein.<\/p>\n<p>Denn erstens profitieren l\u00e4ngst nicht nur steuerzahlende deutsche Konzerne von staatlichen R\u00fcstungsk\u00e4ufen. F\u00fcr einen Teil der Profite auf Kosten der Staatsverschuldung flie\u00dft also nicht einmal etwas in die Haushaltskasse in Form von Steuern zur\u00fcck. Zweitens wird die Anzahl neuer Arbeitspl\u00e4tze, die eine Hochtechnologiebranche heute selbst beim gr\u00f6\u00dften Boom noch schaffen w\u00fcrde, gern \u00fcbersch\u00e4tzt.<\/p>\n<p>Drittens muss der Staat die Kredite samt Zinsen letztlich doch aus dem Bundeshaushalt bedienen. Allein aus Steuern wird das nicht gelingen \u2013 erinnert sei hier auch an gesch\u00e4tzte 100 bis 150 Milliarden Euro, die dem deutschen Staat j\u00e4hrlich allein durch Steuerhinterziehung durch die Lappen gehen. Die meist sehr reichen Gro\u00dfbetr\u00fcger werden noch immer nur mangelhaft verfolgt \u2013 im Gegensatz zu kleinen Sozialbetr\u00fcgern.<\/p>\n<p><strong>Mehr Jobs f\u00fcr Kriegsrenditen?<\/strong><\/p>\n<p>Die Folgen sind bekannt und erwartbar. Der Staat wird weiter sparen: bei den Sozialleistungen, der Rente und am Gesundheitswesen beispielsweise. Er wird noch weniger als ohnehin schon investieren in Krankenh\u00e4user, die Bahn, den Bau bezahlbarer Wohnungen und auch in die Ausbildung ben\u00f6tigter Fachkr\u00e4fte \u2013 die L\u00fccken zwischen Bedarf und Angebot werden weiter wachsen.<\/p>\n<p>Das erodiert den Arbeitsmarkt und versch\u00e4rft die Konkurrenz zwischen Lohnabh\u00e4ngigen, senkt den Lebensstandstandard der Bev\u00f6lkerung und ihre Kaufkraft, was die Binnenwirtschaft weiter schw\u00e4cht, mehr mittelst\u00e4ndische Betriebe in die Pleite treibt, f\u00fcr noch mehr Erwerbslose sorgt, die Armut und sozialen Verwerfungen verschlimmert und so weiter.<\/p>\n<p>Hinzu kommt, dass Deutschland seit langem auf Export\u00fcbersch\u00fcsse statt Entwicklung seines eigenen Binnenmarktes setzt. Salopp gesagt: Es interessierte die Herrschenden und Regierenden nie besonders, ob sich die \u00e4rmeren zwei Drittel die im eigenen Land hergestellten Produkte auch leisten k\u00f6nnen.<\/p>\n<p>Schlie\u00dflich bleibt festzuhalten: Aufr\u00fcstung verbessert nicht das Gemeinwesen und vergr\u00f6\u00dfert nicht den Wohlstand der Bev\u00f6lkerung, sondern sorgt schlicht f\u00fcr mehr Kriegsger\u00e4t. Das kann bekanntlich niemand essen. Im besten Fall bleibt es ungenutzt, im schlimmsten Fall sorgt es f\u00fcr Zerst\u00f6rung und Tod.<\/p>\n<p>In jedem Fall beschr\u00e4nkt sich der teuer erkaufte &#8220;Vorteil&#8221; f\u00fcr die Massen am Ende auf ein paar hundert oder tausend zus\u00e4tzliche Arbeitspl\u00e4tze (die anderswo wieder verloren gehen), um den Konzernen und Verm\u00f6gensverwaltern die Kriegsrenditen zu bescheren. Letztere stehen jetzt schon als Gewinner fest.<\/p>\n<p><strong>Mehr zum Thema &#8211;<\/strong>\u00a0<a rel=\"nofollow noopener\" target=\"_blank\" href=\"https:\/\/freedert.online\/podcast\/240248-mehr-ruestung-grundgesetz-fuer-tonne\/\">Mehr R\u00fcstung \u2013 Grundgesetz f\u00fcr die Tonne<\/a><\/p>\n<div class=\"EmbedBlock-root EmbedBlock-externalVideo EmbedBlock-rumble\">\n<div class=\"VkEmbed\"><iframe class=\"lazyload\" data-src=\"https:\/\/rumble.com\/embed\/v6ptfnx\" frameborder=\"0\" width=\"853\" height=\"480\" allowfullscreen><\/iframe><\/div>\n<\/div>\n<\/div>\n<p><br \/>\n<br \/><a href=\"https:\/\/de.rt.com\/meinung\/242651-kanonen-fuer-konjunktur-luege-kapitallobby\/\">Source link <\/a><\/p>\n","protected":false},"excerpt":{"rendered":"<p>Mehr Jobs und h\u00f6here Staatseinnahmen? Aufr\u00fcsten steigere das Bruttoinlandsprodukt und sei gut f\u00fcr die Konjunktur, behaupten kapitalnahe Institute. Studien widerlegen das \u2013 Demnach f\u00fchren h\u00f6here Milit\u00e4rausgaben langfristig zum Gegenteil: wirtschaftlicher Abschwung und Wohlstandsverlust. Von Susan Bonath Wann immer schneller Profit winkt, wirft die Wirtschaftslobby ihre PR-Maschine im Turbomodus an. Die geplanten R\u00fcstungsschulden in zw\u00f6lfstelliger H\u00f6he [&hellip;]<\/p>\n","protected":false},"author":3,"featured_media":82446,"comment_status":"open","ping_status":"open","sticky":false,"template":"","format":"standard","meta":{"_yoast_indexnow_last_ping":["1745154939"],"wp_automatic_camp":["217"],"22dabb8bd4cc208ddfd48ad09ca92dee":["Kanonen f\u00fcr die Konjunktur? \u2013 Eine L\u00fcge der Kapitallobby"],"original_link":["https:\/\/de.rt.com\/meinung\/242651-kanonen-fuer-konjunktur-luege-kapitallobby\/"],"_thumbnail_id":["82446"],"jnews_social_counter_last_update":["1777460324"],"_wptgpro_p2tg_sent2tg":["a:1:{i:23737;s:19:\"2025-04-20 15:16:47\";}"]},"categories":[19,23],"tags":[82,45,275,221,62417,64401,39070,3656],"yoast_head":"<!-- This site is optimized with the Yoast SEO Premium plugin v22.7 (Yoast SEO v22.7) - https:\/\/yoast.com\/wordpress\/plugins\/seo\/ -->\n<title>Kanonen f\u00fcr die Konjunktur? \u2013 Eine L\u00fcge der Kapitallobby - just-now.NEWS Deutschland<\/title>\n<meta name=\"robots\" content=\"index, follow, max-snippet:-1, max-image-preview:large, max-video-preview:-1\" \/>\n<link rel=\"canonical\" href=\"https:\/\/now-news.de\/de\/deutschland\/kanonen-fuer-die-konjunktur-eine-luege-der-kapitallobby\/\" \/>\n<meta property=\"og:locale\" content=\"de_DE\" \/>\n<meta property=\"og:type\" content=\"article\" \/>\n<meta property=\"og:title\" content=\"Kanonen f\u00fcr die Konjunktur? \u2013 Eine L\u00fcge der Kapitallobby\" \/>\n<meta property=\"og:description\" content=\"Mehr Jobs und h\u00f6here Staatseinnahmen? Aufr\u00fcsten steigere das Bruttoinlandsprodukt und sei gut f\u00fcr die Konjunktur, behaupten kapitalnahe Institute. Studien widerlegen das \u2013 Demnach f\u00fchren h\u00f6here Milit\u00e4rausgaben langfristig zum Gegenteil: wirtschaftlicher Abschwung und Wohlstandsverlust. Von Susan Bonath Wann immer schneller Profit winkt, wirft die Wirtschaftslobby ihre PR-Maschine im Turbomodus an. Die geplanten R\u00fcstungsschulden in zw\u00f6lfstelliger H\u00f6he [&hellip;]\" \/>\n<meta property=\"og:url\" content=\"https:\/\/now-news.de\/de\/deutschland\/kanonen-fuer-die-konjunktur-eine-luege-der-kapitallobby\/\" \/>\n<meta property=\"og:site_name\" content=\"just-now.NEWS Deutschland\" \/>\n<meta property=\"article:publisher\" content=\"https:\/\/www.facebook.com\/wirmachenauf\" \/>\n<meta property=\"article:published_time\" content=\"2025-04-20T13:00:05+00:00\" \/>\n<meta property=\"og:image\" content=\"https:\/\/now-news.de\/de\/wp-content\/uploads\/sites\/3\/2025\/04\/6800e70a48fbef6e97281bba.jpeg\" \/>\n<meta name=\"author\" content=\"rtnews\" \/>\n<meta name=\"twitter:card\" content=\"summary_large_image\" \/>\n<meta name=\"twitter:creator\" content=\"@WirMachenAuf_de\" \/>\n<meta name=\"twitter:site\" content=\"@WirMachenAuf_de\" \/>\n<meta name=\"twitter:label1\" content=\"Verfasst von\" \/>\n\t<meta name=\"twitter:data1\" content=\"rtnews\" \/>\n\t<meta name=\"twitter:label2\" content=\"Gesch\u00e4tzte Lesezeit\" \/>\n\t<meta name=\"twitter:data2\" content=\"5\u00a0Minuten\" \/>\n<script type=\"application\/ld+json\" class=\"yoast-schema-graph\">{\"@context\":\"https:\/\/schema.org\",\"@graph\":[{\"@type\":\"Article\",\"@id\":\"https:\/\/now-news.de\/de\/deutschland\/kanonen-fuer-die-konjunktur-eine-luege-der-kapitallobby\/#article\",\"isPartOf\":{\"@id\":\"https:\/\/now-news.de\/de\/deutschland\/kanonen-fuer-die-konjunktur-eine-luege-der-kapitallobby\/\"},\"author\":{\"name\":\"rtnews\",\"@id\":\"https:\/\/now-news.de\/de\/#\/schema\/person\/fb534a4e865501d8b3285208df34a9b5\"},\"headline\":\"Kanonen f\u00fcr die Konjunktur? \u2013 Eine L\u00fcge der Kapitallobby\",\"datePublished\":\"2025-04-20T13:00:05+00:00\",\"dateModified\":\"2025-04-20T13:00:05+00:00\",\"mainEntityOfPage\":{\"@id\":\"https:\/\/now-news.de\/de\/deutschland\/kanonen-fuer-die-konjunktur-eine-luege-der-kapitallobby\/\"},\"wordCount\":1019,\"commentCount\":0,\"publisher\":{\"@id\":\"https:\/\/now-news.de\/de\/#organization\"},\"image\":{\"@id\":\"https:\/\/now-news.de\/de\/deutschland\/kanonen-fuer-die-konjunktur-eine-luege-der-kapitallobby\/#primaryimage\"},\"thumbnailUrl\":\"https:\/\/now-news.de\/de\/wp-content\/uploads\/sites\/3\/2025\/04\/Kanonen-fuer-die-Konjunktur-\u2013-Eine-Luege-der-Kapitallobby.jpeg\",\"keywords\":[\"der\",\"die\",\"eine\",\"f\u00fcr\",\"Kanonen\",\"Kapitallobby\",\"Konjunktur\",\"L\u00fcge\"],\"articleSection\":[\"Deutschland\",\"Russland\"],\"inLanguage\":\"de\",\"potentialAction\":[{\"@type\":\"CommentAction\",\"name\":\"Comment\",\"target\":[\"https:\/\/now-news.de\/de\/deutschland\/kanonen-fuer-die-konjunktur-eine-luege-der-kapitallobby\/#respond\"]}]},{\"@type\":\"WebPage\",\"@id\":\"https:\/\/now-news.de\/de\/deutschland\/kanonen-fuer-die-konjunktur-eine-luege-der-kapitallobby\/\",\"url\":\"https:\/\/now-news.de\/de\/deutschland\/kanonen-fuer-die-konjunktur-eine-luege-der-kapitallobby\/\",\"name\":\"Kanonen f\u00fcr die Konjunktur? \u2013 Eine L\u00fcge der Kapitallobby - just-now.NEWS Deutschland\",\"isPartOf\":{\"@id\":\"https:\/\/now-news.de\/de\/#website\"},\"primaryImageOfPage\":{\"@id\":\"https:\/\/now-news.de\/de\/deutschland\/kanonen-fuer-die-konjunktur-eine-luege-der-kapitallobby\/#primaryimage\"},\"image\":{\"@id\":\"https:\/\/now-news.de\/de\/deutschland\/kanonen-fuer-die-konjunktur-eine-luege-der-kapitallobby\/#primaryimage\"},\"thumbnailUrl\":\"https:\/\/now-news.de\/de\/wp-content\/uploads\/sites\/3\/2025\/04\/Kanonen-fuer-die-Konjunktur-\u2013-Eine-Luege-der-Kapitallobby.jpeg\",\"datePublished\":\"2025-04-20T13:00:05+00:00\",\"dateModified\":\"2025-04-20T13:00:05+00:00\",\"breadcrumb\":{\"@id\":\"https:\/\/now-news.de\/de\/deutschland\/kanonen-fuer-die-konjunktur-eine-luege-der-kapitallobby\/#breadcrumb\"},\"inLanguage\":\"de\",\"potentialAction\":[{\"@type\":\"ReadAction\",\"target\":[\"https:\/\/now-news.de\/de\/deutschland\/kanonen-fuer-die-konjunktur-eine-luege-der-kapitallobby\/\"]}]},{\"@type\":\"ImageObject\",\"inLanguage\":\"de\",\"@id\":\"https:\/\/now-news.de\/de\/deutschland\/kanonen-fuer-die-konjunktur-eine-luege-der-kapitallobby\/#primaryimage\",\"url\":\"https:\/\/now-news.de\/de\/wp-content\/uploads\/sites\/3\/2025\/04\/Kanonen-fuer-die-Konjunktur-\u2013-Eine-Luege-der-Kapitallobby.jpeg\",\"contentUrl\":\"https:\/\/now-news.de\/de\/wp-content\/uploads\/sites\/3\/2025\/04\/Kanonen-fuer-die-Konjunktur-\u2013-Eine-Luege-der-Kapitallobby.jpeg\",\"width\":460,\"height\":259,\"caption\":\"Kanonen f\u00fcr die Konjunktur? \u2013 Eine L\u00fcge der Kapitallobby\"},{\"@type\":\"BreadcrumbList\",\"@id\":\"https:\/\/now-news.de\/de\/deutschland\/kanonen-fuer-die-konjunktur-eine-luege-der-kapitallobby\/#breadcrumb\",\"itemListElement\":[{\"@type\":\"ListItem\",\"position\":1,\"name\":\"Home\",\"item\":\"https:\/\/now-news.de\/de\/\"},{\"@type\":\"ListItem\",\"position\":2,\"name\":\"Kanonen f\u00fcr die Konjunktur? \u2013 Eine L\u00fcge der Kapitallobby\"}]},{\"@type\":\"WebSite\",\"@id\":\"https:\/\/now-news.de\/de\/#website\",\"url\":\"https:\/\/now-news.de\/de\/\",\"name\":\"just-now.NEWS Deutschland\",\"description\":\"Das Portal f\u00fcr unzensierte Nachrichten aus der Welt\",\"publisher\":{\"@id\":\"https:\/\/now-news.de\/de\/#organization\"},\"potentialAction\":[{\"@type\":\"SearchAction\",\"target\":{\"@type\":\"EntryPoint\",\"urlTemplate\":\"https:\/\/now-news.de\/de\/?s={search_term_string}\"},\"query-input\":\"required name=search_term_string\"}],\"inLanguage\":\"de\"},{\"@type\":\"Organization\",\"@id\":\"https:\/\/now-news.de\/de\/#organization\",\"name\":\"Just Now News\",\"url\":\"https:\/\/now-news.de\/de\/\",\"logo\":{\"@type\":\"ImageObject\",\"inLanguage\":\"de\",\"@id\":\"https:\/\/now-news.de\/de\/#\/schema\/logo\/image\/\",\"url\":\"http:\/\/just-now.news\/de\/wp-content\/uploads\/sites\/3\/2022\/04\/logo500x500.jpg\",\"contentUrl\":\"http:\/\/just-now.news\/de\/wp-content\/uploads\/sites\/3\/2022\/04\/logo500x500.jpg\",\"width\":500,\"height\":500,\"caption\":\"Just Now News\"},\"image\":{\"@id\":\"https:\/\/now-news.de\/de\/#\/schema\/logo\/image\/\"},\"sameAs\":[\"https:\/\/www.facebook.com\/wirmachenauf\",\"https:\/\/x.com\/WirMachenAuf_de\"]},{\"@type\":\"Person\",\"@id\":\"https:\/\/now-news.de\/de\/#\/schema\/person\/fb534a4e865501d8b3285208df34a9b5\",\"name\":\"rtnews\",\"image\":{\"@type\":\"ImageObject\",\"inLanguage\":\"de\",\"@id\":\"https:\/\/now-news.de\/de\/#\/schema\/person\/image\/\",\"url\":\"https:\/\/secure.gravatar.com\/avatar\/82aafea7d8127119dd649515f56e2117?s=96&d=mm&r=g\",\"contentUrl\":\"https:\/\/secure.gravatar.com\/avatar\/82aafea7d8127119dd649515f56e2117?s=96&d=mm&r=g\",\"caption\":\"rtnews\"},\"url\":\"https:\/\/now-news.de\/de\/author\/rnews\/\"}]}<\/script>\n<!-- \/ Yoast SEO Premium plugin. -->","yoast_head_json":{"title":"Kanonen f\u00fcr die Konjunktur? \u2013 Eine L\u00fcge der Kapitallobby - just-now.NEWS Deutschland","robots":{"index":"index","follow":"follow","max-snippet":"max-snippet:-1","max-image-preview":"max-image-preview:large","max-video-preview":"max-video-preview:-1"},"canonical":"https:\/\/now-news.de\/de\/deutschland\/kanonen-fuer-die-konjunktur-eine-luege-der-kapitallobby\/","og_locale":"de_DE","og_type":"article","og_title":"Kanonen f\u00fcr die Konjunktur? \u2013 Eine L\u00fcge der Kapitallobby","og_description":"Mehr Jobs und h\u00f6here Staatseinnahmen? Aufr\u00fcsten steigere das Bruttoinlandsprodukt und sei gut f\u00fcr die Konjunktur, behaupten kapitalnahe Institute. Studien widerlegen das \u2013 Demnach f\u00fchren h\u00f6here Milit\u00e4rausgaben langfristig zum Gegenteil: wirtschaftlicher Abschwung und Wohlstandsverlust. Von Susan Bonath Wann immer schneller Profit winkt, wirft die Wirtschaftslobby ihre PR-Maschine im Turbomodus an. Die geplanten R\u00fcstungsschulden in zw\u00f6lfstelliger H\u00f6he [&hellip;]","og_url":"https:\/\/now-news.de\/de\/deutschland\/kanonen-fuer-die-konjunktur-eine-luege-der-kapitallobby\/","og_site_name":"just-now.NEWS Deutschland","article_publisher":"https:\/\/www.facebook.com\/wirmachenauf","article_published_time":"2025-04-20T13:00:05+00:00","og_image":[{"url":"https:\/\/now-news.de\/de\/wp-content\/uploads\/sites\/3\/2025\/04\/6800e70a48fbef6e97281bba.jpeg"}],"author":"rtnews","twitter_card":"summary_large_image","twitter_creator":"@WirMachenAuf_de","twitter_site":"@WirMachenAuf_de","twitter_misc":{"Verfasst von":"rtnews","Gesch\u00e4tzte Lesezeit":"5\u00a0Minuten"},"schema":{"@context":"https:\/\/schema.org","@graph":[{"@type":"Article","@id":"https:\/\/now-news.de\/de\/deutschland\/kanonen-fuer-die-konjunktur-eine-luege-der-kapitallobby\/#article","isPartOf":{"@id":"https:\/\/now-news.de\/de\/deutschland\/kanonen-fuer-die-konjunktur-eine-luege-der-kapitallobby\/"},"author":{"name":"rtnews","@id":"https:\/\/now-news.de\/de\/#\/schema\/person\/fb534a4e865501d8b3285208df34a9b5"},"headline":"Kanonen f\u00fcr die Konjunktur? \u2013 Eine L\u00fcge der Kapitallobby","datePublished":"2025-04-20T13:00:05+00:00","dateModified":"2025-04-20T13:00:05+00:00","mainEntityOfPage":{"@id":"https:\/\/now-news.de\/de\/deutschland\/kanonen-fuer-die-konjunktur-eine-luege-der-kapitallobby\/"},"wordCount":1019,"commentCount":0,"publisher":{"@id":"https:\/\/now-news.de\/de\/#organization"},"image":{"@id":"https:\/\/now-news.de\/de\/deutschland\/kanonen-fuer-die-konjunktur-eine-luege-der-kapitallobby\/#primaryimage"},"thumbnailUrl":"https:\/\/now-news.de\/de\/wp-content\/uploads\/sites\/3\/2025\/04\/Kanonen-fuer-die-Konjunktur-\u2013-Eine-Luege-der-Kapitallobby.jpeg","keywords":["der","die","eine","f\u00fcr","Kanonen","Kapitallobby","Konjunktur","L\u00fcge"],"articleSection":["Deutschland","Russland"],"inLanguage":"de","potentialAction":[{"@type":"CommentAction","name":"Comment","target":["https:\/\/now-news.de\/de\/deutschland\/kanonen-fuer-die-konjunktur-eine-luege-der-kapitallobby\/#respond"]}]},{"@type":"WebPage","@id":"https:\/\/now-news.de\/de\/deutschland\/kanonen-fuer-die-konjunktur-eine-luege-der-kapitallobby\/","url":"https:\/\/now-news.de\/de\/deutschland\/kanonen-fuer-die-konjunktur-eine-luege-der-kapitallobby\/","name":"Kanonen f\u00fcr die Konjunktur? \u2013 Eine L\u00fcge der Kapitallobby - just-now.NEWS Deutschland","isPartOf":{"@id":"https:\/\/now-news.de\/de\/#website"},"primaryImageOfPage":{"@id":"https:\/\/now-news.de\/de\/deutschland\/kanonen-fuer-die-konjunktur-eine-luege-der-kapitallobby\/#primaryimage"},"image":{"@id":"https:\/\/now-news.de\/de\/deutschland\/kanonen-fuer-die-konjunktur-eine-luege-der-kapitallobby\/#primaryimage"},"thumbnailUrl":"https:\/\/now-news.de\/de\/wp-content\/uploads\/sites\/3\/2025\/04\/Kanonen-fuer-die-Konjunktur-\u2013-Eine-Luege-der-Kapitallobby.jpeg","datePublished":"2025-04-20T13:00:05+00:00","dateModified":"2025-04-20T13:00:05+00:00","breadcrumb":{"@id":"https:\/\/now-news.de\/de\/deutschland\/kanonen-fuer-die-konjunktur-eine-luege-der-kapitallobby\/#breadcrumb"},"inLanguage":"de","potentialAction":[{"@type":"ReadAction","target":["https:\/\/now-news.de\/de\/deutschland\/kanonen-fuer-die-konjunktur-eine-luege-der-kapitallobby\/"]}]},{"@type":"ImageObject","inLanguage":"de","@id":"https:\/\/now-news.de\/de\/deutschland\/kanonen-fuer-die-konjunktur-eine-luege-der-kapitallobby\/#primaryimage","url":"https:\/\/now-news.de\/de\/wp-content\/uploads\/sites\/3\/2025\/04\/Kanonen-fuer-die-Konjunktur-\u2013-Eine-Luege-der-Kapitallobby.jpeg","contentUrl":"https:\/\/now-news.de\/de\/wp-content\/uploads\/sites\/3\/2025\/04\/Kanonen-fuer-die-Konjunktur-\u2013-Eine-Luege-der-Kapitallobby.jpeg","width":460,"height":259,"caption":"Kanonen f\u00fcr die Konjunktur? \u2013 Eine L\u00fcge der Kapitallobby"},{"@type":"BreadcrumbList","@id":"https:\/\/now-news.de\/de\/deutschland\/kanonen-fuer-die-konjunktur-eine-luege-der-kapitallobby\/#breadcrumb","itemListElement":[{"@type":"ListItem","position":1,"name":"Home","item":"https:\/\/now-news.de\/de\/"},{"@type":"ListItem","position":2,"name":"Kanonen f\u00fcr die Konjunktur? \u2013 Eine L\u00fcge der Kapitallobby"}]},{"@type":"WebSite","@id":"https:\/\/now-news.de\/de\/#website","url":"https:\/\/now-news.de\/de\/","name":"just-now.NEWS Deutschland","description":"Das Portal f\u00fcr unzensierte Nachrichten aus der Welt","publisher":{"@id":"https:\/\/now-news.de\/de\/#organization"},"potentialAction":[{"@type":"SearchAction","target":{"@type":"EntryPoint","urlTemplate":"https:\/\/now-news.de\/de\/?s={search_term_string}"},"query-input":"required name=search_term_string"}],"inLanguage":"de"},{"@type":"Organization","@id":"https:\/\/now-news.de\/de\/#organization","name":"Just Now News","url":"https:\/\/now-news.de\/de\/","logo":{"@type":"ImageObject","inLanguage":"de","@id":"https:\/\/now-news.de\/de\/#\/schema\/logo\/image\/","url":"http:\/\/just-now.news\/de\/wp-content\/uploads\/sites\/3\/2022\/04\/logo500x500.jpg","contentUrl":"http:\/\/just-now.news\/de\/wp-content\/uploads\/sites\/3\/2022\/04\/logo500x500.jpg","width":500,"height":500,"caption":"Just Now News"},"image":{"@id":"https:\/\/now-news.de\/de\/#\/schema\/logo\/image\/"},"sameAs":["https:\/\/www.facebook.com\/wirmachenauf","https:\/\/x.com\/WirMachenAuf_de"]},{"@type":"Person","@id":"https:\/\/now-news.de\/de\/#\/schema\/person\/fb534a4e865501d8b3285208df34a9b5","name":"rtnews","image":{"@type":"ImageObject","inLanguage":"de","@id":"https:\/\/now-news.de\/de\/#\/schema\/person\/image\/","url":"https:\/\/secure.gravatar.com\/avatar\/82aafea7d8127119dd649515f56e2117?s=96&d=mm&r=g","contentUrl":"https:\/\/secure.gravatar.com\/avatar\/82aafea7d8127119dd649515f56e2117?s=96&d=mm&r=g","caption":"rtnews"},"url":"https:\/\/now-news.de\/de\/author\/rnews\/"}]}},"_links":{"self":[{"href":"https:\/\/now-news.de\/de\/wp-json\/wp\/v2\/posts\/82445"}],"collection":[{"href":"https:\/\/now-news.de\/de\/wp-json\/wp\/v2\/posts"}],"about":[{"href":"https:\/\/now-news.de\/de\/wp-json\/wp\/v2\/types\/post"}],"author":[{"embeddable":true,"href":"https:\/\/now-news.de\/de\/wp-json\/wp\/v2\/users\/3"}],"replies":[{"embeddable":true,"href":"https:\/\/now-news.de\/de\/wp-json\/wp\/v2\/comments?post=82445"}],"version-history":[{"count":0,"href":"https:\/\/now-news.de\/de\/wp-json\/wp\/v2\/posts\/82445\/revisions"}],"wp:featuredmedia":[{"embeddable":true,"href":"https:\/\/now-news.de\/de\/wp-json\/wp\/v2\/media\/82446"}],"wp:attachment":[{"href":"https:\/\/now-news.de\/de\/wp-json\/wp\/v2\/media?parent=82445"}],"wp:term":[{"taxonomy":"category","embeddable":true,"href":"https:\/\/now-news.de\/de\/wp-json\/wp\/v2\/categories?post=82445"},{"taxonomy":"post_tag","embeddable":true,"href":"https:\/\/now-news.de\/de\/wp-json\/wp\/v2\/tags?post=82445"}],"curies":[{"name":"wp","href":"https:\/\/api.w.org\/{rel}","templated":true}]}}