{"id":82416,"date":"2025-04-19T19:31:59","date_gmt":"2025-04-19T17:31:59","guid":{"rendered":"https:\/\/now-news.de\/de\/deutschland\/oberhaupt-der-republika-srpska-london-plant-meine-liquidierung\/"},"modified":"2025-04-19T19:31:59","modified_gmt":"2025-04-19T17:31:59","slug":"oberhaupt-der-republika-srpska-london-plant-meine-liquidierung","status":"publish","type":"post","link":"https:\/\/now-news.de\/de\/deutschland\/oberhaupt-der-republika-srpska-london-plant-meine-liquidierung\/","title":{"rendered":"Oberhaupt der Republika Srpska: London plant meine Liquidierung"},"content":{"rendered":"<p><img decoding=\"async\" src=\"https:\/\/now-news.de\/de\/wp-content\/uploads\/sites\/3\/2025\/04\/6803c973b480cc776e4355b5.png\" \/><\/p>\n<div class=\"Text-root Text-type_1 \">\n                Milorad Dodik, der Pr\u00e4sident der Republika Srpska in Bosnien und Herzegowina, gab in einem Interview mit der Zeitung Ve\u010dernje Novosti bekannt, London bereite seine Liquidierung vor \u2013 und tarne sie als versuchte Festnahme.\n            <\/div>\n<p><\/p>\n<div class=\"Text-root Text-type_5 ArticleView-text ViewText-root \">\n<p>Warnungen vor Londons Mordpl\u00e4nen gegen ihn habe der Politiker von einem Premierminister und drei Pr\u00e4sidenten europ\u00e4ischer Staaten erhalten, <a rel=\"nofollow noopener\" target=\"_blank\" href=\"https:\/\/www.novosti.rs\/republika-srpska\/vesti\/1482618\/britanci-hteli-ubiju-kao-mafija-intervju-milorad-dodik-predsednik-republike-srpske\">erkl\u00e4rt<\/a> Milorad Dodik im Gespr\u00e4ch mit der Zeitung <em>Ve\u010dernje\u00a0<\/em><em>Novosti<\/em> am 19.\u00a0April 2025\u00a0\u2013 ohne jedoch bekannt zu geben, um welche L\u00e4nder es sich handelte:<\/p>\n<p><em>&#8220;Mir wurde mitgeteilt, dass eine britische Einheit von 40 Soldaten nach Bosnien und Herzegowina verlegt wurde, mit dem Befehl, mich nicht festzunehmen \u2013 sondern mich unter dem Vorwand von Widerstand abzuknallen, offenbar nach dem Mafia-Prinzip: ein Mann, ein Problem\u00a0\u2013 kein Mann, kein Problem. Sie haben dies nicht bestritten, aber sie schweigen.&#8221;<\/em><\/p>\n<p>Ihm zufolge hatten Politiker aus Br\u00fcssel ihm den politischen R\u00fccktritt nahegelegt. Dodik betonte trotzig:<\/p>\n<p><em>&#8220;Dieses Kino kriegen sie aber nicht abgespielt. Ich werde nicht zur\u00fcckweichen, selbst wenn die ganze NATO kommt, um mich festzunehmen.&#8221;<\/em><\/p>\n<p>Au\u00dferdem gab das Oberhaupt der Republika Srpska seine Pl\u00e4ne bekannt, der Moskauer Parade zum 80.\u00a0Jubil\u00e4um des Sieges \u00fcber den Faschismus beizuwohnen<\/p>\n<p>Dodik erkl\u00e4rte im April, Interpol habe sich geweigert, ihn auf einen politisch motivierten Antrag des bosnisch-herzegowinischen Gerichts hin strafrechtlich zu verfolgen. Gleichzeitig habe er begonnen, die anhaltenden pers\u00f6nlichen Angriffe Sarajevos auf seine Person schlicht zu ignorieren.<\/p>\n<p>Am 26.\u00a0Februar hatte das Gericht Bosniens und Herzegowinas in Sarajevo Dodik f\u00fcr schuldig <a rel=\"nofollow noopener\" target=\"_blank\" href=\"https:\/\/freedert.online\/europa\/238214-urteil-gegen-milorad-dodik-politische-justiz-oder-notwendiges-signal-der-rechtsstaatlichkeit\/\">befunden<\/a>, Entscheidungen des &#8220;Hohen Repr\u00e4sentanten in Bosnien und Herzegowina&#8221; Christian Schmidt nicht befolgt zu haben\u00a0\u2013 Schmidt, wohlgemerkt, ist in dieser Funktion jedoch nicht von der UNO anerkannt. Das Gericht hatte Dodik in Abwesenheit zu einem Jahr Gef\u00e4ngnis und einem sechsj\u00e4hrigen Verbot der Aus\u00fcbung \u00f6ffentlicher und kommunaler \u00c4mter verurteilt. Am 12.\u00a0M\u00e4rz ordnete die bosnische Staatsanwaltschaft an, dass die Ermittlungs- und Schutzagentur (SIPA) den Politiker sowie den Premierminister der Republika Srpska Radovan Vi\u0161kovi\u0107\u00a0und den Sprecher der Skup\u0161tina (Parlament) Nenad Stevandi\u0107 festnehmen solle.<\/p>\n<p>Am 24.\u00a0M\u00e4rz nahm Dodik an Gedenkveranstaltungen in Serbien zum 26.\u00a0Jahrestag des Beginns der NATO-Bombardierung Jugoslawiens teil. Am folgenden Tag gab die Grenzschutzpolizei von Bosnien und Herzegowina bekannt, dass sie Ermittlungen wegen des Grenz\u00fcbertritts des Politikers eingeleitet habe\u00a0\u2013 da ihn das Gericht Bosniens und Herzegowinas am 18.\u00a0M\u00e4rz zur Fahndung ausgeschrieben hatte.<\/p>\n<p>Dessen ungeachtet besuchte er jedoch am 25.\u00a0M\u00e4rz Israel, um gemeinsam mit dem israelischen Ministerpr\u00e4sidenten Benjamin Netanjahu und Pr\u00e4sident Jitzchak\u00a0Herzog an einer zweit\u00e4gigen Konferenz zum Thema Antisemitismus teilzunehmen.<\/p>\n<p>In der Nacht auf den 3.\u00a0April erkl\u00e4rte Dodik, der serbische Pr\u00e4sident Aleksandar Vu\u010di\u0107 habe ihn \u00fcber die Weigerung von Interpol informiert, auf Ersuchen des bosnisch-herzegowinischen Gerichts einen internationalen Fahndungsbefehl gegen Dodik und Stevandi\u0107\u00a0<a rel=\"nofollow noopener\" target=\"_blank\" href=\"https:\/\/freedert.online\/europa\/240883-interpol-stellt-haftbefehle-gegen-politiker-der-bosnischen-serbenrepublik-aus\/\">auszustellen<\/a>. Das Oberhaupt der bosnischen Serben hatte zuvor in einem Kommentar gegen\u00fcber <em>RIA Nowosti<\/em> eine Falschmeldung \u00fcber seinen Antrag und Erhalt der russischen Staatsb\u00fcrgerschaft zur\u00fcckgewiesen.<\/p>\n<p><strong>Mehr zum Thema<\/strong>\u00a0\u2013 <a rel=\"nofollow noopener\" target=\"_blank\" href=\"https:\/\/freedert.online\/international\/242021-james-bond-fuer-selenskij\/\">James Bond als Bodyguard f\u00fcr Selenskij \u2013 Was treiben die Briten in Kiew?<\/a><\/p>\n<div class=\"EmbedBlock-root EmbedBlock-externalVideo EmbedBlock-rumble\">\n<div class=\"VkEmbed\"><iframe class=\"lazyload\" data-src=\"https:\/\/rumble.com\/embed\/v6pehv7\" frameborder=\"0\" width=\"853\" height=\"480\" allowfullscreen><\/iframe><\/div>\n<\/div>\n<\/div>\n<p><br \/>\n<br \/><a href=\"https:\/\/de.rt.com\/europa\/242870-oberhaupt-der-republika-srpska-london-plant-meine-liquidierung\/\">Source link <\/a><\/p>\n","protected":false},"excerpt":{"rendered":"<p>Milorad Dodik, der Pr\u00e4sident der Republika Srpska in Bosnien und Herzegowina, gab in einem Interview mit der Zeitung Ve\u010dernje Novosti bekannt, London bereite seine Liquidierung vor \u2013 und tarne sie als versuchte Festnahme. Warnungen vor Londons Mordpl\u00e4nen gegen ihn habe der Politiker von einem Premierminister und drei Pr\u00e4sidenten europ\u00e4ischer Staaten erhalten, erkl\u00e4rt Milorad Dodik im [&hellip;]<\/p>\n","protected":false},"author":3,"featured_media":82417,"comment_status":"open","ping_status":"open","sticky":false,"template":"","format":"standard","meta":{"_yoast_indexnow_last_ping":["1745084736"],"wp_automatic_camp":["217"],"8b606a1d57e303886ec91e0daf1daed4":["Oberhaupt der Republika Srpska: London plant meine Liquidierung"],"original_link":["https:\/\/de.rt.com\/europa\/242870-oberhaupt-der-republika-srpska-london-plant-meine-liquidierung\/"],"_thumbnail_id":["82417"],"jnews_social_counter_last_update":["1777306140"],"_wptgpro_p2tg_sent2tg":["a:1:{i:23737;s:19:\"2025-04-19 19:46:39\";}"]},"categories":[19,23],"tags":[82,62511,5306,785,36025,2559,33084,23823],"yoast_head":"<!-- This site is optimized with the Yoast SEO Premium plugin v22.7 (Yoast SEO v22.7) - https:\/\/yoast.com\/wordpress\/plugins\/seo\/ -->\n<title>Oberhaupt der Republika Srpska: London plant meine Liquidierung - just-now.NEWS Deutschland<\/title>\n<meta name=\"robots\" content=\"index, follow, max-snippet:-1, max-image-preview:large, max-video-preview:-1\" \/>\n<link rel=\"canonical\" href=\"https:\/\/now-news.de\/de\/deutschland\/oberhaupt-der-republika-srpska-london-plant-meine-liquidierung\/\" \/>\n<meta property=\"og:locale\" content=\"de_DE\" \/>\n<meta property=\"og:type\" content=\"article\" \/>\n<meta property=\"og:title\" content=\"Oberhaupt der Republika Srpska: London plant meine Liquidierung\" \/>\n<meta property=\"og:description\" content=\"Milorad Dodik, der Pr\u00e4sident der Republika Srpska in Bosnien und Herzegowina, gab in einem Interview mit der Zeitung Ve\u010dernje Novosti bekannt, London bereite seine Liquidierung vor \u2013 und tarne sie als versuchte Festnahme. Warnungen vor Londons Mordpl\u00e4nen gegen ihn habe der Politiker von einem Premierminister und drei Pr\u00e4sidenten europ\u00e4ischer Staaten erhalten, erkl\u00e4rt Milorad Dodik im [&hellip;]\" \/>\n<meta property=\"og:url\" content=\"https:\/\/now-news.de\/de\/deutschland\/oberhaupt-der-republika-srpska-london-plant-meine-liquidierung\/\" \/>\n<meta property=\"og:site_name\" content=\"just-now.NEWS Deutschland\" \/>\n<meta property=\"article:publisher\" content=\"https:\/\/www.facebook.com\/wirmachenauf\" \/>\n<meta property=\"article:published_time\" content=\"2025-04-19T17:31:59+00:00\" \/>\n<meta property=\"og:image\" content=\"https:\/\/now-news.de\/de\/wp-content\/uploads\/sites\/3\/2025\/04\/6803c973b480cc776e4355b5.png\" \/>\n<meta name=\"author\" content=\"rtnews\" \/>\n<meta name=\"twitter:card\" content=\"summary_large_image\" \/>\n<meta name=\"twitter:creator\" content=\"@WirMachenAuf_de\" \/>\n<meta name=\"twitter:site\" content=\"@WirMachenAuf_de\" \/>\n<meta name=\"twitter:label1\" content=\"Verfasst von\" \/>\n\t<meta name=\"twitter:data1\" content=\"rtnews\" \/>\n\t<meta name=\"twitter:label2\" content=\"Gesch\u00e4tzte Lesezeit\" \/>\n\t<meta name=\"twitter:data2\" content=\"2\u00a0Minuten\" \/>\n<script type=\"application\/ld+json\" class=\"yoast-schema-graph\">{\"@context\":\"https:\/\/schema.org\",\"@graph\":[{\"@type\":\"Article\",\"@id\":\"https:\/\/now-news.de\/de\/deutschland\/oberhaupt-der-republika-srpska-london-plant-meine-liquidierung\/#article\",\"isPartOf\":{\"@id\":\"https:\/\/now-news.de\/de\/deutschland\/oberhaupt-der-republika-srpska-london-plant-meine-liquidierung\/\"},\"author\":{\"name\":\"rtnews\",\"@id\":\"https:\/\/now-news.de\/de\/#\/schema\/person\/fb534a4e865501d8b3285208df34a9b5\"},\"headline\":\"Oberhaupt der Republika Srpska: London plant meine Liquidierung\",\"datePublished\":\"2025-04-19T17:31:59+00:00\",\"dateModified\":\"2025-04-19T17:31:59+00:00\",\"mainEntityOfPage\":{\"@id\":\"https:\/\/now-news.de\/de\/deutschland\/oberhaupt-der-republika-srpska-london-plant-meine-liquidierung\/\"},\"wordCount\":508,\"commentCount\":0,\"publisher\":{\"@id\":\"https:\/\/now-news.de\/de\/#organization\"},\"image\":{\"@id\":\"https:\/\/now-news.de\/de\/deutschland\/oberhaupt-der-republika-srpska-london-plant-meine-liquidierung\/#primaryimage\"},\"thumbnailUrl\":\"https:\/\/now-news.de\/de\/wp-content\/uploads\/sites\/3\/2025\/04\/Oberhaupt-der-Republika-Srpska-London-plant-meine-Liquidierung.png\",\"keywords\":[\"der\",\"Liquidierung\",\"london\",\"Meine\",\"Oberhaupt\",\"plant\",\"Republika\",\"Srpska\"],\"articleSection\":[\"Deutschland\",\"Russland\"],\"inLanguage\":\"de\",\"potentialAction\":[{\"@type\":\"CommentAction\",\"name\":\"Comment\",\"target\":[\"https:\/\/now-news.de\/de\/deutschland\/oberhaupt-der-republika-srpska-london-plant-meine-liquidierung\/#respond\"]}]},{\"@type\":\"WebPage\",\"@id\":\"https:\/\/now-news.de\/de\/deutschland\/oberhaupt-der-republika-srpska-london-plant-meine-liquidierung\/\",\"url\":\"https:\/\/now-news.de\/de\/deutschland\/oberhaupt-der-republika-srpska-london-plant-meine-liquidierung\/\",\"name\":\"Oberhaupt der Republika Srpska: London plant meine Liquidierung - just-now.NEWS Deutschland\",\"isPartOf\":{\"@id\":\"https:\/\/now-news.de\/de\/#website\"},\"primaryImageOfPage\":{\"@id\":\"https:\/\/now-news.de\/de\/deutschland\/oberhaupt-der-republika-srpska-london-plant-meine-liquidierung\/#primaryimage\"},\"image\":{\"@id\":\"https:\/\/now-news.de\/de\/deutschland\/oberhaupt-der-republika-srpska-london-plant-meine-liquidierung\/#primaryimage\"},\"thumbnailUrl\":\"https:\/\/now-news.de\/de\/wp-content\/uploads\/sites\/3\/2025\/04\/Oberhaupt-der-Republika-Srpska-London-plant-meine-Liquidierung.png\",\"datePublished\":\"2025-04-19T17:31:59+00:00\",\"dateModified\":\"2025-04-19T17:31:59+00:00\",\"breadcrumb\":{\"@id\":\"https:\/\/now-news.de\/de\/deutschland\/oberhaupt-der-republika-srpska-london-plant-meine-liquidierung\/#breadcrumb\"},\"inLanguage\":\"de\",\"potentialAction\":[{\"@type\":\"ReadAction\",\"target\":[\"https:\/\/now-news.de\/de\/deutschland\/oberhaupt-der-republika-srpska-london-plant-meine-liquidierung\/\"]}]},{\"@type\":\"ImageObject\",\"inLanguage\":\"de\",\"@id\":\"https:\/\/now-news.de\/de\/deutschland\/oberhaupt-der-republika-srpska-london-plant-meine-liquidierung\/#primaryimage\",\"url\":\"https:\/\/now-news.de\/de\/wp-content\/uploads\/sites\/3\/2025\/04\/Oberhaupt-der-Republika-Srpska-London-plant-meine-Liquidierung.png\",\"contentUrl\":\"https:\/\/now-news.de\/de\/wp-content\/uploads\/sites\/3\/2025\/04\/Oberhaupt-der-Republika-Srpska-London-plant-meine-Liquidierung.png\",\"width\":460,\"height\":259,\"caption\":\"Oberhaupt der Republika Srpska: London plant meine Liquidierung\"},{\"@type\":\"BreadcrumbList\",\"@id\":\"https:\/\/now-news.de\/de\/deutschland\/oberhaupt-der-republika-srpska-london-plant-meine-liquidierung\/#breadcrumb\",\"itemListElement\":[{\"@type\":\"ListItem\",\"position\":1,\"name\":\"Home\",\"item\":\"https:\/\/now-news.de\/de\/\"},{\"@type\":\"ListItem\",\"position\":2,\"name\":\"Oberhaupt der Republika Srpska: London plant meine Liquidierung\"}]},{\"@type\":\"WebSite\",\"@id\":\"https:\/\/now-news.de\/de\/#website\",\"url\":\"https:\/\/now-news.de\/de\/\",\"name\":\"just-now.NEWS Deutschland\",\"description\":\"Das Portal f\u00fcr unzensierte Nachrichten aus der Welt\",\"publisher\":{\"@id\":\"https:\/\/now-news.de\/de\/#organization\"},\"potentialAction\":[{\"@type\":\"SearchAction\",\"target\":{\"@type\":\"EntryPoint\",\"urlTemplate\":\"https:\/\/now-news.de\/de\/?s={search_term_string}\"},\"query-input\":\"required name=search_term_string\"}],\"inLanguage\":\"de\"},{\"@type\":\"Organization\",\"@id\":\"https:\/\/now-news.de\/de\/#organization\",\"name\":\"Just Now News\",\"url\":\"https:\/\/now-news.de\/de\/\",\"logo\":{\"@type\":\"ImageObject\",\"inLanguage\":\"de\",\"@id\":\"https:\/\/now-news.de\/de\/#\/schema\/logo\/image\/\",\"url\":\"http:\/\/just-now.news\/de\/wp-content\/uploads\/sites\/3\/2022\/04\/logo500x500.jpg\",\"contentUrl\":\"http:\/\/just-now.news\/de\/wp-content\/uploads\/sites\/3\/2022\/04\/logo500x500.jpg\",\"width\":500,\"height\":500,\"caption\":\"Just Now News\"},\"image\":{\"@id\":\"https:\/\/now-news.de\/de\/#\/schema\/logo\/image\/\"},\"sameAs\":[\"https:\/\/www.facebook.com\/wirmachenauf\",\"https:\/\/x.com\/WirMachenAuf_de\"]},{\"@type\":\"Person\",\"@id\":\"https:\/\/now-news.de\/de\/#\/schema\/person\/fb534a4e865501d8b3285208df34a9b5\",\"name\":\"rtnews\",\"image\":{\"@type\":\"ImageObject\",\"inLanguage\":\"de\",\"@id\":\"https:\/\/now-news.de\/de\/#\/schema\/person\/image\/\",\"url\":\"https:\/\/secure.gravatar.com\/avatar\/82aafea7d8127119dd649515f56e2117?s=96&d=mm&r=g\",\"contentUrl\":\"https:\/\/secure.gravatar.com\/avatar\/82aafea7d8127119dd649515f56e2117?s=96&d=mm&r=g\",\"caption\":\"rtnews\"},\"url\":\"https:\/\/now-news.de\/de\/author\/rnews\/\"}]}<\/script>\n<!-- \/ Yoast SEO Premium plugin. -->","yoast_head_json":{"title":"Oberhaupt der Republika Srpska: London plant meine Liquidierung - just-now.NEWS Deutschland","robots":{"index":"index","follow":"follow","max-snippet":"max-snippet:-1","max-image-preview":"max-image-preview:large","max-video-preview":"max-video-preview:-1"},"canonical":"https:\/\/now-news.de\/de\/deutschland\/oberhaupt-der-republika-srpska-london-plant-meine-liquidierung\/","og_locale":"de_DE","og_type":"article","og_title":"Oberhaupt der Republika Srpska: London plant meine Liquidierung","og_description":"Milorad Dodik, der Pr\u00e4sident der Republika Srpska in Bosnien und Herzegowina, gab in einem Interview mit der Zeitung Ve\u010dernje Novosti bekannt, London bereite seine Liquidierung vor \u2013 und tarne sie als versuchte Festnahme. Warnungen vor Londons Mordpl\u00e4nen gegen ihn habe der Politiker von einem Premierminister und drei Pr\u00e4sidenten europ\u00e4ischer Staaten erhalten, erkl\u00e4rt Milorad Dodik im [&hellip;]","og_url":"https:\/\/now-news.de\/de\/deutschland\/oberhaupt-der-republika-srpska-london-plant-meine-liquidierung\/","og_site_name":"just-now.NEWS Deutschland","article_publisher":"https:\/\/www.facebook.com\/wirmachenauf","article_published_time":"2025-04-19T17:31:59+00:00","og_image":[{"url":"https:\/\/now-news.de\/de\/wp-content\/uploads\/sites\/3\/2025\/04\/6803c973b480cc776e4355b5.png"}],"author":"rtnews","twitter_card":"summary_large_image","twitter_creator":"@WirMachenAuf_de","twitter_site":"@WirMachenAuf_de","twitter_misc":{"Verfasst von":"rtnews","Gesch\u00e4tzte Lesezeit":"2\u00a0Minuten"},"schema":{"@context":"https:\/\/schema.org","@graph":[{"@type":"Article","@id":"https:\/\/now-news.de\/de\/deutschland\/oberhaupt-der-republika-srpska-london-plant-meine-liquidierung\/#article","isPartOf":{"@id":"https:\/\/now-news.de\/de\/deutschland\/oberhaupt-der-republika-srpska-london-plant-meine-liquidierung\/"},"author":{"name":"rtnews","@id":"https:\/\/now-news.de\/de\/#\/schema\/person\/fb534a4e865501d8b3285208df34a9b5"},"headline":"Oberhaupt der Republika Srpska: London plant meine Liquidierung","datePublished":"2025-04-19T17:31:59+00:00","dateModified":"2025-04-19T17:31:59+00:00","mainEntityOfPage":{"@id":"https:\/\/now-news.de\/de\/deutschland\/oberhaupt-der-republika-srpska-london-plant-meine-liquidierung\/"},"wordCount":508,"commentCount":0,"publisher":{"@id":"https:\/\/now-news.de\/de\/#organization"},"image":{"@id":"https:\/\/now-news.de\/de\/deutschland\/oberhaupt-der-republika-srpska-london-plant-meine-liquidierung\/#primaryimage"},"thumbnailUrl":"https:\/\/now-news.de\/de\/wp-content\/uploads\/sites\/3\/2025\/04\/Oberhaupt-der-Republika-Srpska-London-plant-meine-Liquidierung.png","keywords":["der","Liquidierung","london","Meine","Oberhaupt","plant","Republika","Srpska"],"articleSection":["Deutschland","Russland"],"inLanguage":"de","potentialAction":[{"@type":"CommentAction","name":"Comment","target":["https:\/\/now-news.de\/de\/deutschland\/oberhaupt-der-republika-srpska-london-plant-meine-liquidierung\/#respond"]}]},{"@type":"WebPage","@id":"https:\/\/now-news.de\/de\/deutschland\/oberhaupt-der-republika-srpska-london-plant-meine-liquidierung\/","url":"https:\/\/now-news.de\/de\/deutschland\/oberhaupt-der-republika-srpska-london-plant-meine-liquidierung\/","name":"Oberhaupt der Republika Srpska: London plant meine Liquidierung - just-now.NEWS Deutschland","isPartOf":{"@id":"https:\/\/now-news.de\/de\/#website"},"primaryImageOfPage":{"@id":"https:\/\/now-news.de\/de\/deutschland\/oberhaupt-der-republika-srpska-london-plant-meine-liquidierung\/#primaryimage"},"image":{"@id":"https:\/\/now-news.de\/de\/deutschland\/oberhaupt-der-republika-srpska-london-plant-meine-liquidierung\/#primaryimage"},"thumbnailUrl":"https:\/\/now-news.de\/de\/wp-content\/uploads\/sites\/3\/2025\/04\/Oberhaupt-der-Republika-Srpska-London-plant-meine-Liquidierung.png","datePublished":"2025-04-19T17:31:59+00:00","dateModified":"2025-04-19T17:31:59+00:00","breadcrumb":{"@id":"https:\/\/now-news.de\/de\/deutschland\/oberhaupt-der-republika-srpska-london-plant-meine-liquidierung\/#breadcrumb"},"inLanguage":"de","potentialAction":[{"@type":"ReadAction","target":["https:\/\/now-news.de\/de\/deutschland\/oberhaupt-der-republika-srpska-london-plant-meine-liquidierung\/"]}]},{"@type":"ImageObject","inLanguage":"de","@id":"https:\/\/now-news.de\/de\/deutschland\/oberhaupt-der-republika-srpska-london-plant-meine-liquidierung\/#primaryimage","url":"https:\/\/now-news.de\/de\/wp-content\/uploads\/sites\/3\/2025\/04\/Oberhaupt-der-Republika-Srpska-London-plant-meine-Liquidierung.png","contentUrl":"https:\/\/now-news.de\/de\/wp-content\/uploads\/sites\/3\/2025\/04\/Oberhaupt-der-Republika-Srpska-London-plant-meine-Liquidierung.png","width":460,"height":259,"caption":"Oberhaupt der Republika Srpska: London plant meine Liquidierung"},{"@type":"BreadcrumbList","@id":"https:\/\/now-news.de\/de\/deutschland\/oberhaupt-der-republika-srpska-london-plant-meine-liquidierung\/#breadcrumb","itemListElement":[{"@type":"ListItem","position":1,"name":"Home","item":"https:\/\/now-news.de\/de\/"},{"@type":"ListItem","position":2,"name":"Oberhaupt der Republika Srpska: London plant meine Liquidierung"}]},{"@type":"WebSite","@id":"https:\/\/now-news.de\/de\/#website","url":"https:\/\/now-news.de\/de\/","name":"just-now.NEWS Deutschland","description":"Das Portal f\u00fcr unzensierte Nachrichten aus der Welt","publisher":{"@id":"https:\/\/now-news.de\/de\/#organization"},"potentialAction":[{"@type":"SearchAction","target":{"@type":"EntryPoint","urlTemplate":"https:\/\/now-news.de\/de\/?s={search_term_string}"},"query-input":"required name=search_term_string"}],"inLanguage":"de"},{"@type":"Organization","@id":"https:\/\/now-news.de\/de\/#organization","name":"Just Now News","url":"https:\/\/now-news.de\/de\/","logo":{"@type":"ImageObject","inLanguage":"de","@id":"https:\/\/now-news.de\/de\/#\/schema\/logo\/image\/","url":"http:\/\/just-now.news\/de\/wp-content\/uploads\/sites\/3\/2022\/04\/logo500x500.jpg","contentUrl":"http:\/\/just-now.news\/de\/wp-content\/uploads\/sites\/3\/2022\/04\/logo500x500.jpg","width":500,"height":500,"caption":"Just Now News"},"image":{"@id":"https:\/\/now-news.de\/de\/#\/schema\/logo\/image\/"},"sameAs":["https:\/\/www.facebook.com\/wirmachenauf","https:\/\/x.com\/WirMachenAuf_de"]},{"@type":"Person","@id":"https:\/\/now-news.de\/de\/#\/schema\/person\/fb534a4e865501d8b3285208df34a9b5","name":"rtnews","image":{"@type":"ImageObject","inLanguage":"de","@id":"https:\/\/now-news.de\/de\/#\/schema\/person\/image\/","url":"https:\/\/secure.gravatar.com\/avatar\/82aafea7d8127119dd649515f56e2117?s=96&d=mm&r=g","contentUrl":"https:\/\/secure.gravatar.com\/avatar\/82aafea7d8127119dd649515f56e2117?s=96&d=mm&r=g","caption":"rtnews"},"url":"https:\/\/now-news.de\/de\/author\/rnews\/"}]}},"_links":{"self":[{"href":"https:\/\/now-news.de\/de\/wp-json\/wp\/v2\/posts\/82416"}],"collection":[{"href":"https:\/\/now-news.de\/de\/wp-json\/wp\/v2\/posts"}],"about":[{"href":"https:\/\/now-news.de\/de\/wp-json\/wp\/v2\/types\/post"}],"author":[{"embeddable":true,"href":"https:\/\/now-news.de\/de\/wp-json\/wp\/v2\/users\/3"}],"replies":[{"embeddable":true,"href":"https:\/\/now-news.de\/de\/wp-json\/wp\/v2\/comments?post=82416"}],"version-history":[{"count":0,"href":"https:\/\/now-news.de\/de\/wp-json\/wp\/v2\/posts\/82416\/revisions"}],"wp:featuredmedia":[{"embeddable":true,"href":"https:\/\/now-news.de\/de\/wp-json\/wp\/v2\/media\/82417"}],"wp:attachment":[{"href":"https:\/\/now-news.de\/de\/wp-json\/wp\/v2\/media?parent=82416"}],"wp:term":[{"taxonomy":"category","embeddable":true,"href":"https:\/\/now-news.de\/de\/wp-json\/wp\/v2\/categories?post=82416"},{"taxonomy":"post_tag","embeddable":true,"href":"https:\/\/now-news.de\/de\/wp-json\/wp\/v2\/tags?post=82416"}],"curies":[{"name":"wp","href":"https:\/\/api.w.org\/{rel}","templated":true}]}}