{"id":82351,"date":"2025-04-18T11:30:26","date_gmt":"2025-04-18T09:30:26","guid":{"rendered":"https:\/\/now-news.de\/de\/deutschland\/osterreise-nach-jerusalem-moldawische-behoerden-lassen-orthodoxen-bischof-nicht-aus-dem-land\/"},"modified":"2025-04-18T11:30:26","modified_gmt":"2025-04-18T09:30:26","slug":"osterreise-nach-jerusalem-moldawische-behoerden-lassen-orthodoxen-bischof-nicht-aus-dem-land","status":"publish","type":"post","link":"https:\/\/now-news.de\/de\/deutschland\/osterreise-nach-jerusalem-moldawische-behoerden-lassen-orthodoxen-bischof-nicht-aus-dem-land\/","title":{"rendered":"Osterreise nach Jerusalem: Moldawische Beh\u00f6rden lassen orthodoxen Bischof nicht aus dem Land"},"content":{"rendered":"<p><img decoding=\"async\" src=\"https:\/\/now-news.de\/de\/wp-content\/uploads\/sites\/3\/2025\/04\/680216d1b480cc1a0b723e16.jpg\" \/><\/p>\n<div class=\"Text-root Text-type_1 \">\n                Am Flughafen Chi\u0219in\u0103u haben Grenzw\u00e4chter einen Bischof der Moldawisch-Orthodoxen Kirche am Verlassen des Landes gehindert. Er h\u00e4tte aus Israel das Heilige Feuer bringen sollen, wurde aber so lange festgehalten, bis sein Flugzeug abgeflogen war.\n            <\/div>\n<p><\/p>\n<div class=\"Text-root Text-type_5 ArticleView-text ViewText-root \">\n<p>Am Donnerstagabend haben moldawische Beh\u00f6rden den Erzbischof\u00a0Marchel von B\u0103l\u021bi und F\u0103le\u015fti an der Ausreise aus dem Land gehindert. Der Angeh\u00f6rige der Moldawisch-Orthodoxen Kirche h\u00e4tte sich nach Israel begeben sollen, um von dort das Heilige Feuer f\u00fcr die Ostermette zu bringen. Dies berichtet neben anderen Medien der moldawische Fernsehsender <em>Canal 5<\/em>. In der entsprechenden Meldung des Kanals hei\u00dft es dazu:<\/p>\n<p><em>&#8220;Am Flughafen Chi\u0219in\u0103u wurde der heilige Vater aus unerkl\u00e4rten Gr\u00fcnden einer sorgf\u00e4ltigen Untersuchung unterzogen.&#8221;<\/em><\/p>\n<p>In einem Kommentar an den Kanal <em>Primul \u00een Moldova<\/em> erkl\u00e4rt Marchel, dass ihm die Gr\u00fcnde f\u00fcr das Aufhalten nicht erl\u00e4utert wurden:<\/p>\n<p><em>&#8220;Den Grund, warum ich nicht nach Israel gelassen wurde, habe ich immer noch nicht verstanden. Obwohl ich ein Geistlicher bin, durchsuchten sie mich, setzten ein Protokoll auf, erkl\u00e4rten aber nichts.&#8221;<\/em><\/p>\n<p>Eine f\u00fcr F\u00e4lle eines bestehenden Ausreiseverbots gesetzlich vorgeschriebene Benachrichtigung erhielt Marchel nicht. Die Grenzw\u00e4chter gaben dem Geistlichen seinen Pass erst wieder, nachdem sein Flugzeug nach Tel Aviv abgeflogen war. Nach Angaben von <em>Primul \u00een Moldova <\/em>bleiben offizielle Kommentare vonseiten der Grenzpolizei oder sonstiger Beh\u00f6rden bisher aus.<\/p>\n<p>Im laufenden Jahr h\u00e4tten sich mit Vertretern der Moldawisch-Orthodoxen Kirche sowie der Orthodoxen Kirche Bessarabiens zwei Delegationen aus Moldawien nach Israel begeben sollen, um das Heilige Feuer zu bringen.<\/p>\n<p>Die Moldawisch-Orthodoxe Kirche ist die gr\u00f6\u00dfte christliche Konfession im Land. Unterschiedlichen Angaben zufolge geh\u00f6ren ihr 70 bis 80 Prozent der Gl\u00e4ubigen in Moldawien und Transnistrien an. Sie ist eine autonome Kirche, die dem Moskauer Patriarchat untersteht. Seit 1992 ist zus\u00e4tzlich in Moldawien die Orthodoxe Kirche Bessarabiens aktiv, die dem Bukarester Patriarchat untersteht. Ihr geh\u00f6ren zehn bis 20 Prozent der Gl\u00e4ubigen an. Der Moldawisch-Orthodoxe Mitropolit\u00a0Wladimir von Chi\u0219in\u0103u, hatte zuvor mehrmals beklagt, dass Vertreter der Orthodoxen Kirche Bessarabiens einen Dialog vermeiden.<\/p>\n<p>Wladimir Legoida, Leiter der Synodalabteilung f\u00fcr \u00d6ffentlichkeitsbeziehungen der Russisch-Orthodoxen Kirche, bezeichnet Marchels Festnahme als &#8220;eklatante Entscheidung&#8221; und &#8220;vors\u00e4tzliche Verh\u00f6hnung&#8221; der Gl\u00e4ubigen der Moldawisch-Orthodoxen Kirche. Die moldawische oppositionelle Partei der Sozialisten sieht in Marchels Festnahme einen &#8220;beispiellosen Akt des geistlichen Terrors durch das Regime von Maia Sandu&#8221;.<\/p>\n<p><strong>Mehr zum Thema:\u00a0<\/strong><a rel=\"nofollow noopener\" target=\"_blank\" href=\"https:\/\/freedert.online\/meinung\/232407-cia-vatikan-und-berlin-unterwandern-die-kirchen-der-ukraine\/\">CIA, Vatikan und Berlin unterwandern die Kirchen der Ukraine<\/a><\/p>\n<div class=\"EmbedBlock-root EmbedBlock-externalVideo EmbedBlock-rumble\">\n<div class=\"VkEmbed\"><iframe class=\"lazyload\" data-src=\"https:\/\/rumble.com\/embed\/v6pxld5\" frameborder=\"0\" width=\"853\" height=\"480\" allowfullscreen><\/iframe><\/div>\n<\/div>\n<\/div>\n<p><br \/>\n<br \/><a href=\"https:\/\/de.rt.com\/europa\/242759-moldawische-behoerden-lassen-orthodoxen-bischof\/\">Source link <\/a><\/p>\n","protected":false},"excerpt":{"rendered":"<p>Am Flughafen Chi\u0219in\u0103u haben Grenzw\u00e4chter einen Bischof der Moldawisch-Orthodoxen Kirche am Verlassen des Landes gehindert. Er h\u00e4tte aus Israel das Heilige Feuer bringen sollen, wurde aber so lange festgehalten, bis sein Flugzeug abgeflogen war. Am Donnerstagabend haben moldawische Beh\u00f6rden den Erzbischof\u00a0Marchel von B\u0103l\u021bi und F\u0103le\u015fti an der Ausreise aus dem Land gehindert. Der Angeh\u00f6rige der [&hellip;]<\/p>\n","protected":false},"author":3,"featured_media":82352,"comment_status":"open","ping_status":"open","sticky":false,"template":"","format":"standard","meta":{"_yoast_indexnow_last_ping":["1744969116"],"wp_automatic_camp":["217"],"d182967da314811e2b3575a1cf647d02":["Osterreise nach Jerusalem: Moldawische Beh\u00f6rden lassen orthodoxen Bischof nicht aus dem Land"],"original_link":["https:\/\/de.rt.com\/europa\/242759-moldawische-behoerden-lassen-orthodoxen-bischof\/"],"_thumbnail_id":["82352"],"jnews_social_counter_last_update":["1777254702"],"_wptgpro_p2tg_sent2tg":["a:1:{i:23737;s:19:\"2025-04-18 11:39:38\";}"]},"categories":[19,23],"tags":[679,3244,47516,134,645,7414,3340,40337,979,800,36311,64364],"yoast_head":"<!-- This site is optimized with the Yoast SEO Premium plugin v22.7 (Yoast SEO v22.7) - https:\/\/yoast.com\/wordpress\/plugins\/seo\/ -->\n<title>Osterreise nach Jerusalem: Moldawische Beh\u00f6rden lassen orthodoxen Bischof nicht aus dem Land - just-now.NEWS Deutschland<\/title>\n<meta name=\"robots\" content=\"index, follow, max-snippet:-1, max-image-preview:large, max-video-preview:-1\" \/>\n<link rel=\"canonical\" href=\"https:\/\/now-news.de\/de\/deutschland\/osterreise-nach-jerusalem-moldawische-behoerden-lassen-orthodoxen-bischof-nicht-aus-dem-land\/\" \/>\n<meta property=\"og:locale\" content=\"de_DE\" \/>\n<meta property=\"og:type\" content=\"article\" \/>\n<meta property=\"og:title\" content=\"Osterreise nach Jerusalem: Moldawische Beh\u00f6rden lassen orthodoxen Bischof nicht aus dem Land\" \/>\n<meta property=\"og:description\" content=\"Am Flughafen Chi\u0219in\u0103u haben Grenzw\u00e4chter einen Bischof der Moldawisch-Orthodoxen Kirche am Verlassen des Landes gehindert. Er h\u00e4tte aus Israel das Heilige Feuer bringen sollen, wurde aber so lange festgehalten, bis sein Flugzeug abgeflogen war. Am Donnerstagabend haben moldawische Beh\u00f6rden den Erzbischof\u00a0Marchel von B\u0103l\u021bi und F\u0103le\u015fti an der Ausreise aus dem Land gehindert. Der Angeh\u00f6rige der [&hellip;]\" \/>\n<meta property=\"og:url\" content=\"https:\/\/now-news.de\/de\/deutschland\/osterreise-nach-jerusalem-moldawische-behoerden-lassen-orthodoxen-bischof-nicht-aus-dem-land\/\" \/>\n<meta property=\"og:site_name\" content=\"just-now.NEWS Deutschland\" \/>\n<meta property=\"article:publisher\" content=\"https:\/\/www.facebook.com\/wirmachenauf\" \/>\n<meta property=\"article:published_time\" content=\"2025-04-18T09:30:26+00:00\" \/>\n<meta property=\"og:image\" content=\"https:\/\/now-news.de\/de\/wp-content\/uploads\/sites\/3\/2025\/04\/680216d1b480cc1a0b723e16.jpg\" \/>\n<meta name=\"author\" content=\"rtnews\" \/>\n<meta name=\"twitter:card\" content=\"summary_large_image\" \/>\n<meta name=\"twitter:creator\" content=\"@WirMachenAuf_de\" \/>\n<meta name=\"twitter:site\" content=\"@WirMachenAuf_de\" \/>\n<meta name=\"twitter:label1\" content=\"Verfasst von\" \/>\n\t<meta name=\"twitter:data1\" content=\"rtnews\" \/>\n\t<meta name=\"twitter:label2\" content=\"Gesch\u00e4tzte Lesezeit\" \/>\n\t<meta name=\"twitter:data2\" content=\"2\u00a0Minuten\" \/>\n<script type=\"application\/ld+json\" class=\"yoast-schema-graph\">{\"@context\":\"https:\/\/schema.org\",\"@graph\":[{\"@type\":\"Article\",\"@id\":\"https:\/\/now-news.de\/de\/deutschland\/osterreise-nach-jerusalem-moldawische-behoerden-lassen-orthodoxen-bischof-nicht-aus-dem-land\/#article\",\"isPartOf\":{\"@id\":\"https:\/\/now-news.de\/de\/deutschland\/osterreise-nach-jerusalem-moldawische-behoerden-lassen-orthodoxen-bischof-nicht-aus-dem-land\/\"},\"author\":{\"name\":\"rtnews\",\"@id\":\"https:\/\/now-news.de\/de\/#\/schema\/person\/fb534a4e865501d8b3285208df34a9b5\"},\"headline\":\"Osterreise nach Jerusalem: Moldawische Beh\u00f6rden lassen orthodoxen Bischof nicht aus dem Land\",\"datePublished\":\"2025-04-18T09:30:26+00:00\",\"dateModified\":\"2025-04-18T09:30:26+00:00\",\"mainEntityOfPage\":{\"@id\":\"https:\/\/now-news.de\/de\/deutschland\/osterreise-nach-jerusalem-moldawische-behoerden-lassen-orthodoxen-bischof-nicht-aus-dem-land\/\"},\"wordCount\":423,\"commentCount\":0,\"publisher\":{\"@id\":\"https:\/\/now-news.de\/de\/#organization\"},\"image\":{\"@id\":\"https:\/\/now-news.de\/de\/deutschland\/osterreise-nach-jerusalem-moldawische-behoerden-lassen-orthodoxen-bischof-nicht-aus-dem-land\/#primaryimage\"},\"thumbnailUrl\":\"https:\/\/now-news.de\/de\/wp-content\/uploads\/sites\/3\/2025\/04\/Osterreise-nach-Jerusalem-Moldawische-Behoerden-lassen-orthodoxen-Bischof-nicht-aus.jpg\",\"keywords\":[\"aus\",\"Beh\u00f6rden\",\"Bischof\",\"DEM\",\"Jerusalem\",\"Land\",\"lassen\",\"moldawische\",\"nach\",\"nicht\",\"orthodoxen\",\"Osterreise\"],\"articleSection\":[\"Deutschland\",\"Russland\"],\"inLanguage\":\"de\",\"potentialAction\":[{\"@type\":\"CommentAction\",\"name\":\"Comment\",\"target\":[\"https:\/\/now-news.de\/de\/deutschland\/osterreise-nach-jerusalem-moldawische-behoerden-lassen-orthodoxen-bischof-nicht-aus-dem-land\/#respond\"]}]},{\"@type\":\"WebPage\",\"@id\":\"https:\/\/now-news.de\/de\/deutschland\/osterreise-nach-jerusalem-moldawische-behoerden-lassen-orthodoxen-bischof-nicht-aus-dem-land\/\",\"url\":\"https:\/\/now-news.de\/de\/deutschland\/osterreise-nach-jerusalem-moldawische-behoerden-lassen-orthodoxen-bischof-nicht-aus-dem-land\/\",\"name\":\"Osterreise nach Jerusalem: Moldawische Beh\u00f6rden lassen orthodoxen Bischof nicht aus dem Land - just-now.NEWS Deutschland\",\"isPartOf\":{\"@id\":\"https:\/\/now-news.de\/de\/#website\"},\"primaryImageOfPage\":{\"@id\":\"https:\/\/now-news.de\/de\/deutschland\/osterreise-nach-jerusalem-moldawische-behoerden-lassen-orthodoxen-bischof-nicht-aus-dem-land\/#primaryimage\"},\"image\":{\"@id\":\"https:\/\/now-news.de\/de\/deutschland\/osterreise-nach-jerusalem-moldawische-behoerden-lassen-orthodoxen-bischof-nicht-aus-dem-land\/#primaryimage\"},\"thumbnailUrl\":\"https:\/\/now-news.de\/de\/wp-content\/uploads\/sites\/3\/2025\/04\/Osterreise-nach-Jerusalem-Moldawische-Behoerden-lassen-orthodoxen-Bischof-nicht-aus.jpg\",\"datePublished\":\"2025-04-18T09:30:26+00:00\",\"dateModified\":\"2025-04-18T09:30:26+00:00\",\"breadcrumb\":{\"@id\":\"https:\/\/now-news.de\/de\/deutschland\/osterreise-nach-jerusalem-moldawische-behoerden-lassen-orthodoxen-bischof-nicht-aus-dem-land\/#breadcrumb\"},\"inLanguage\":\"de\",\"potentialAction\":[{\"@type\":\"ReadAction\",\"target\":[\"https:\/\/now-news.de\/de\/deutschland\/osterreise-nach-jerusalem-moldawische-behoerden-lassen-orthodoxen-bischof-nicht-aus-dem-land\/\"]}]},{\"@type\":\"ImageObject\",\"inLanguage\":\"de\",\"@id\":\"https:\/\/now-news.de\/de\/deutschland\/osterreise-nach-jerusalem-moldawische-behoerden-lassen-orthodoxen-bischof-nicht-aus-dem-land\/#primaryimage\",\"url\":\"https:\/\/now-news.de\/de\/wp-content\/uploads\/sites\/3\/2025\/04\/Osterreise-nach-Jerusalem-Moldawische-Behoerden-lassen-orthodoxen-Bischof-nicht-aus.jpg\",\"contentUrl\":\"https:\/\/now-news.de\/de\/wp-content\/uploads\/sites\/3\/2025\/04\/Osterreise-nach-Jerusalem-Moldawische-Behoerden-lassen-orthodoxen-Bischof-nicht-aus.jpg\",\"width\":460,\"height\":259,\"caption\":\"Osterreise nach Jerusalem: Moldawische Beh\u00f6rden lassen orthodoxen Bischof nicht aus dem Land\"},{\"@type\":\"BreadcrumbList\",\"@id\":\"https:\/\/now-news.de\/de\/deutschland\/osterreise-nach-jerusalem-moldawische-behoerden-lassen-orthodoxen-bischof-nicht-aus-dem-land\/#breadcrumb\",\"itemListElement\":[{\"@type\":\"ListItem\",\"position\":1,\"name\":\"Home\",\"item\":\"https:\/\/now-news.de\/de\/\"},{\"@type\":\"ListItem\",\"position\":2,\"name\":\"Osterreise nach Jerusalem: Moldawische Beh\u00f6rden lassen orthodoxen Bischof nicht aus dem Land\"}]},{\"@type\":\"WebSite\",\"@id\":\"https:\/\/now-news.de\/de\/#website\",\"url\":\"https:\/\/now-news.de\/de\/\",\"name\":\"just-now.NEWS Deutschland\",\"description\":\"Das Portal f\u00fcr unzensierte Nachrichten aus der Welt\",\"publisher\":{\"@id\":\"https:\/\/now-news.de\/de\/#organization\"},\"potentialAction\":[{\"@type\":\"SearchAction\",\"target\":{\"@type\":\"EntryPoint\",\"urlTemplate\":\"https:\/\/now-news.de\/de\/?s={search_term_string}\"},\"query-input\":\"required name=search_term_string\"}],\"inLanguage\":\"de\"},{\"@type\":\"Organization\",\"@id\":\"https:\/\/now-news.de\/de\/#organization\",\"name\":\"Just Now News\",\"url\":\"https:\/\/now-news.de\/de\/\",\"logo\":{\"@type\":\"ImageObject\",\"inLanguage\":\"de\",\"@id\":\"https:\/\/now-news.de\/de\/#\/schema\/logo\/image\/\",\"url\":\"http:\/\/just-now.news\/de\/wp-content\/uploads\/sites\/3\/2022\/04\/logo500x500.jpg\",\"contentUrl\":\"http:\/\/just-now.news\/de\/wp-content\/uploads\/sites\/3\/2022\/04\/logo500x500.jpg\",\"width\":500,\"height\":500,\"caption\":\"Just Now News\"},\"image\":{\"@id\":\"https:\/\/now-news.de\/de\/#\/schema\/logo\/image\/\"},\"sameAs\":[\"https:\/\/www.facebook.com\/wirmachenauf\",\"https:\/\/x.com\/WirMachenAuf_de\"]},{\"@type\":\"Person\",\"@id\":\"https:\/\/now-news.de\/de\/#\/schema\/person\/fb534a4e865501d8b3285208df34a9b5\",\"name\":\"rtnews\",\"image\":{\"@type\":\"ImageObject\",\"inLanguage\":\"de\",\"@id\":\"https:\/\/now-news.de\/de\/#\/schema\/person\/image\/\",\"url\":\"https:\/\/secure.gravatar.com\/avatar\/82aafea7d8127119dd649515f56e2117?s=96&d=mm&r=g\",\"contentUrl\":\"https:\/\/secure.gravatar.com\/avatar\/82aafea7d8127119dd649515f56e2117?s=96&d=mm&r=g\",\"caption\":\"rtnews\"},\"url\":\"https:\/\/now-news.de\/de\/author\/rnews\/\"}]}<\/script>\n<!-- \/ Yoast SEO Premium plugin. -->","yoast_head_json":{"title":"Osterreise nach Jerusalem: Moldawische Beh\u00f6rden lassen orthodoxen Bischof nicht aus dem Land - just-now.NEWS Deutschland","robots":{"index":"index","follow":"follow","max-snippet":"max-snippet:-1","max-image-preview":"max-image-preview:large","max-video-preview":"max-video-preview:-1"},"canonical":"https:\/\/now-news.de\/de\/deutschland\/osterreise-nach-jerusalem-moldawische-behoerden-lassen-orthodoxen-bischof-nicht-aus-dem-land\/","og_locale":"de_DE","og_type":"article","og_title":"Osterreise nach Jerusalem: Moldawische Beh\u00f6rden lassen orthodoxen Bischof nicht aus dem Land","og_description":"Am Flughafen Chi\u0219in\u0103u haben Grenzw\u00e4chter einen Bischof der Moldawisch-Orthodoxen Kirche am Verlassen des Landes gehindert. Er h\u00e4tte aus Israel das Heilige Feuer bringen sollen, wurde aber so lange festgehalten, bis sein Flugzeug abgeflogen war. Am Donnerstagabend haben moldawische Beh\u00f6rden den Erzbischof\u00a0Marchel von B\u0103l\u021bi und F\u0103le\u015fti an der Ausreise aus dem Land gehindert. Der Angeh\u00f6rige der [&hellip;]","og_url":"https:\/\/now-news.de\/de\/deutschland\/osterreise-nach-jerusalem-moldawische-behoerden-lassen-orthodoxen-bischof-nicht-aus-dem-land\/","og_site_name":"just-now.NEWS Deutschland","article_publisher":"https:\/\/www.facebook.com\/wirmachenauf","article_published_time":"2025-04-18T09:30:26+00:00","og_image":[{"url":"https:\/\/now-news.de\/de\/wp-content\/uploads\/sites\/3\/2025\/04\/680216d1b480cc1a0b723e16.jpg"}],"author":"rtnews","twitter_card":"summary_large_image","twitter_creator":"@WirMachenAuf_de","twitter_site":"@WirMachenAuf_de","twitter_misc":{"Verfasst von":"rtnews","Gesch\u00e4tzte Lesezeit":"2\u00a0Minuten"},"schema":{"@context":"https:\/\/schema.org","@graph":[{"@type":"Article","@id":"https:\/\/now-news.de\/de\/deutschland\/osterreise-nach-jerusalem-moldawische-behoerden-lassen-orthodoxen-bischof-nicht-aus-dem-land\/#article","isPartOf":{"@id":"https:\/\/now-news.de\/de\/deutschland\/osterreise-nach-jerusalem-moldawische-behoerden-lassen-orthodoxen-bischof-nicht-aus-dem-land\/"},"author":{"name":"rtnews","@id":"https:\/\/now-news.de\/de\/#\/schema\/person\/fb534a4e865501d8b3285208df34a9b5"},"headline":"Osterreise nach Jerusalem: Moldawische Beh\u00f6rden lassen orthodoxen Bischof nicht aus dem Land","datePublished":"2025-04-18T09:30:26+00:00","dateModified":"2025-04-18T09:30:26+00:00","mainEntityOfPage":{"@id":"https:\/\/now-news.de\/de\/deutschland\/osterreise-nach-jerusalem-moldawische-behoerden-lassen-orthodoxen-bischof-nicht-aus-dem-land\/"},"wordCount":423,"commentCount":0,"publisher":{"@id":"https:\/\/now-news.de\/de\/#organization"},"image":{"@id":"https:\/\/now-news.de\/de\/deutschland\/osterreise-nach-jerusalem-moldawische-behoerden-lassen-orthodoxen-bischof-nicht-aus-dem-land\/#primaryimage"},"thumbnailUrl":"https:\/\/now-news.de\/de\/wp-content\/uploads\/sites\/3\/2025\/04\/Osterreise-nach-Jerusalem-Moldawische-Behoerden-lassen-orthodoxen-Bischof-nicht-aus.jpg","keywords":["aus","Beh\u00f6rden","Bischof","DEM","Jerusalem","Land","lassen","moldawische","nach","nicht","orthodoxen","Osterreise"],"articleSection":["Deutschland","Russland"],"inLanguage":"de","potentialAction":[{"@type":"CommentAction","name":"Comment","target":["https:\/\/now-news.de\/de\/deutschland\/osterreise-nach-jerusalem-moldawische-behoerden-lassen-orthodoxen-bischof-nicht-aus-dem-land\/#respond"]}]},{"@type":"WebPage","@id":"https:\/\/now-news.de\/de\/deutschland\/osterreise-nach-jerusalem-moldawische-behoerden-lassen-orthodoxen-bischof-nicht-aus-dem-land\/","url":"https:\/\/now-news.de\/de\/deutschland\/osterreise-nach-jerusalem-moldawische-behoerden-lassen-orthodoxen-bischof-nicht-aus-dem-land\/","name":"Osterreise nach Jerusalem: Moldawische Beh\u00f6rden lassen orthodoxen Bischof nicht aus dem Land - just-now.NEWS Deutschland","isPartOf":{"@id":"https:\/\/now-news.de\/de\/#website"},"primaryImageOfPage":{"@id":"https:\/\/now-news.de\/de\/deutschland\/osterreise-nach-jerusalem-moldawische-behoerden-lassen-orthodoxen-bischof-nicht-aus-dem-land\/#primaryimage"},"image":{"@id":"https:\/\/now-news.de\/de\/deutschland\/osterreise-nach-jerusalem-moldawische-behoerden-lassen-orthodoxen-bischof-nicht-aus-dem-land\/#primaryimage"},"thumbnailUrl":"https:\/\/now-news.de\/de\/wp-content\/uploads\/sites\/3\/2025\/04\/Osterreise-nach-Jerusalem-Moldawische-Behoerden-lassen-orthodoxen-Bischof-nicht-aus.jpg","datePublished":"2025-04-18T09:30:26+00:00","dateModified":"2025-04-18T09:30:26+00:00","breadcrumb":{"@id":"https:\/\/now-news.de\/de\/deutschland\/osterreise-nach-jerusalem-moldawische-behoerden-lassen-orthodoxen-bischof-nicht-aus-dem-land\/#breadcrumb"},"inLanguage":"de","potentialAction":[{"@type":"ReadAction","target":["https:\/\/now-news.de\/de\/deutschland\/osterreise-nach-jerusalem-moldawische-behoerden-lassen-orthodoxen-bischof-nicht-aus-dem-land\/"]}]},{"@type":"ImageObject","inLanguage":"de","@id":"https:\/\/now-news.de\/de\/deutschland\/osterreise-nach-jerusalem-moldawische-behoerden-lassen-orthodoxen-bischof-nicht-aus-dem-land\/#primaryimage","url":"https:\/\/now-news.de\/de\/wp-content\/uploads\/sites\/3\/2025\/04\/Osterreise-nach-Jerusalem-Moldawische-Behoerden-lassen-orthodoxen-Bischof-nicht-aus.jpg","contentUrl":"https:\/\/now-news.de\/de\/wp-content\/uploads\/sites\/3\/2025\/04\/Osterreise-nach-Jerusalem-Moldawische-Behoerden-lassen-orthodoxen-Bischof-nicht-aus.jpg","width":460,"height":259,"caption":"Osterreise nach Jerusalem: Moldawische Beh\u00f6rden lassen orthodoxen Bischof nicht aus dem Land"},{"@type":"BreadcrumbList","@id":"https:\/\/now-news.de\/de\/deutschland\/osterreise-nach-jerusalem-moldawische-behoerden-lassen-orthodoxen-bischof-nicht-aus-dem-land\/#breadcrumb","itemListElement":[{"@type":"ListItem","position":1,"name":"Home","item":"https:\/\/now-news.de\/de\/"},{"@type":"ListItem","position":2,"name":"Osterreise nach Jerusalem: Moldawische Beh\u00f6rden lassen orthodoxen Bischof nicht aus dem Land"}]},{"@type":"WebSite","@id":"https:\/\/now-news.de\/de\/#website","url":"https:\/\/now-news.de\/de\/","name":"just-now.NEWS Deutschland","description":"Das Portal f\u00fcr unzensierte Nachrichten aus der Welt","publisher":{"@id":"https:\/\/now-news.de\/de\/#organization"},"potentialAction":[{"@type":"SearchAction","target":{"@type":"EntryPoint","urlTemplate":"https:\/\/now-news.de\/de\/?s={search_term_string}"},"query-input":"required name=search_term_string"}],"inLanguage":"de"},{"@type":"Organization","@id":"https:\/\/now-news.de\/de\/#organization","name":"Just Now News","url":"https:\/\/now-news.de\/de\/","logo":{"@type":"ImageObject","inLanguage":"de","@id":"https:\/\/now-news.de\/de\/#\/schema\/logo\/image\/","url":"http:\/\/just-now.news\/de\/wp-content\/uploads\/sites\/3\/2022\/04\/logo500x500.jpg","contentUrl":"http:\/\/just-now.news\/de\/wp-content\/uploads\/sites\/3\/2022\/04\/logo500x500.jpg","width":500,"height":500,"caption":"Just Now News"},"image":{"@id":"https:\/\/now-news.de\/de\/#\/schema\/logo\/image\/"},"sameAs":["https:\/\/www.facebook.com\/wirmachenauf","https:\/\/x.com\/WirMachenAuf_de"]},{"@type":"Person","@id":"https:\/\/now-news.de\/de\/#\/schema\/person\/fb534a4e865501d8b3285208df34a9b5","name":"rtnews","image":{"@type":"ImageObject","inLanguage":"de","@id":"https:\/\/now-news.de\/de\/#\/schema\/person\/image\/","url":"https:\/\/secure.gravatar.com\/avatar\/82aafea7d8127119dd649515f56e2117?s=96&d=mm&r=g","contentUrl":"https:\/\/secure.gravatar.com\/avatar\/82aafea7d8127119dd649515f56e2117?s=96&d=mm&r=g","caption":"rtnews"},"url":"https:\/\/now-news.de\/de\/author\/rnews\/"}]}},"_links":{"self":[{"href":"https:\/\/now-news.de\/de\/wp-json\/wp\/v2\/posts\/82351"}],"collection":[{"href":"https:\/\/now-news.de\/de\/wp-json\/wp\/v2\/posts"}],"about":[{"href":"https:\/\/now-news.de\/de\/wp-json\/wp\/v2\/types\/post"}],"author":[{"embeddable":true,"href":"https:\/\/now-news.de\/de\/wp-json\/wp\/v2\/users\/3"}],"replies":[{"embeddable":true,"href":"https:\/\/now-news.de\/de\/wp-json\/wp\/v2\/comments?post=82351"}],"version-history":[{"count":0,"href":"https:\/\/now-news.de\/de\/wp-json\/wp\/v2\/posts\/82351\/revisions"}],"wp:featuredmedia":[{"embeddable":true,"href":"https:\/\/now-news.de\/de\/wp-json\/wp\/v2\/media\/82352"}],"wp:attachment":[{"href":"https:\/\/now-news.de\/de\/wp-json\/wp\/v2\/media?parent=82351"}],"wp:term":[{"taxonomy":"category","embeddable":true,"href":"https:\/\/now-news.de\/de\/wp-json\/wp\/v2\/categories?post=82351"},{"taxonomy":"post_tag","embeddable":true,"href":"https:\/\/now-news.de\/de\/wp-json\/wp\/v2\/tags?post=82351"}],"curies":[{"name":"wp","href":"https:\/\/api.w.org\/{rel}","templated":true}]}}