{"id":8235,"date":"2022-05-19T13:33:45","date_gmt":"2022-05-19T11:33:45","guid":{"rendered":"http:\/\/just-now.news\/de\/deutschland\/bundesverfassungsgericht-genehmigt-corona-impfpflicht-in-der-pflege\/"},"modified":"2022-05-19T13:33:45","modified_gmt":"2022-05-19T11:33:45","slug":"bundesverfassungsgericht-genehmigt-corona-impfpflicht-in-der-pflege","status":"publish","type":"post","link":"https:\/\/now-news.de\/de\/deutschland\/bundesverfassungsgericht-genehmigt-corona-impfpflicht-in-der-pflege\/","title":{"rendered":"Bundesverfassungsgericht genehmigt Corona-Impfpflicht in der Pflege"},"content":{"rendered":"<div class=\"Text-root Text-type_5 ArticleView-text ViewText-root \">\n<p>Die Corona-Impfpflicht f\u00fcr das Pflege- und Gesundheitspersonal ist rechtens: Das Bundesverfassungsgericht hat eine Verfassungsbeschwerde gegen die sogenannte einrichtungsbezogene Impfpflicht zur\u00fcckgewiesen. Der Schutz sogenannter vulnerabler Gruppen wiege verfassungsrechtlich schwerer als die Beeintr\u00e4chtigung der Grundrechte f\u00fcr Mitarbeitende im Pflege- und Gesundheitsbereich, argumentierte das h\u00f6chste deutsche Gericht nach\u00a0Informationen vom Donnerstag.<\/p>\n<div class=\"ReadMore-root Section-root Section-is1to3-xs_is1to1\" data-widgets=\"ReadMore\" data-has-alias>\n<div class=\"Section-container Section-isRow-isTop-isWrap\">\n<article class=\"Card-root Card-is1to1 \">\n<div class=\"Card-imageWrap\">\n<div class=\"Card-picture\">\n<picture class=\"Picture-root Picture-default\"><!--[if IE 9]><video style=\"display: none;\"><![endif]--><source media=\"(-webkit-min-device-pixel-ratio: 2) and (min-resolution: 120dpi)\" data-srcset=\" \nhttp:\/\/just-now.news\/de\/wp-content\/uploads\/sites\/3\/2022\/05\/62833ea2b480cc21893e7452.jpg 850w,\n                http:\/\/just-now.news\/de\/wp-content\/uploads\/sites\/3\/2022\/05\/62833ea2b480cc21893e7451.jpg 1960w,\n            \" ><source data-srcset=\" \nhttp:\/\/just-now.news\/de\/wp-content\/uploads\/sites\/3\/2022\/05\/62833ea2b480cc21893e7452.jpg 460w,\n              http:\/\/just-now.news\/de\/wp-content\/uploads\/sites\/3\/2022\/05\/62833ea2b480cc21893e7451.jpg 980w,\n            \" ><!--[if IE 9]><\/video><![endif]--><img decoding=\"async\" data- src=\"data:image\/png;base64,iVBORw0KGgoAAAANSUhEUgAAABAAAAAJCAQAAACRI2S5AAAAEElEQVR42mNkIAAYRxWAAQAG9gAKqv6+AwAAAABJRU5ErkJggg==\" class=\"Picture-root Picture-default lazyload\" data-src=\"http:\/\/just-now.news\/de\/wp-content\/uploads\/sites\/3\/2022\/05\/62833ea2b480cc21893e7452.jpg\" alt='Missliebige Ergebnisse? Charit\u00e9 beendet Corona-Studie und fordert \"umfassende Qualit\u00e4tspr\u00fcfung\"'><\/source><\/source><\/picture><!-- noscript pattern --><noscript><img decoding=\"async\" src=\"http:\/\/just-now.news\/de\/wp-content\/uploads\/sites\/3\/2022\/05\/62833ea2b480cc21893e7451.jpg\" alt='Missliebige Ergebnisse? Charit\u00e9 beendet Corona-Studie und fordert \"umfassende Qualit\u00e4tspr\u00fcfung\"'><\/noscript>    <\/div><\/div>\n<div class=\"Card-contentWrap\">\n<div class=\"Card-content\">\n<div class=\"Card-title\">\n<div class=\"HeaderNews-root HeaderNews-type_6 \">\n<p>            <a rel=\"nofollow noopener\" target=\"_blank\" href=\"https:\/\/de.rt.com\/inland\/138626-impfnebenwirkungen-charite-beendet-aktuelle-studie\/\" class=\"Link-root Link-isFullCard \"><br \/>\n                Missliebige Ergebnisse? Charit\u00e9 beendet Corona-Studie und fordert &#8220;umfassende Qualit\u00e4tspr\u00fcfung&#8221;<br \/>\n            <\/a><\/p><\/div><\/div><\/div><\/div>\n<\/article>\n<\/div><\/div>\n<p>Zwar liege ein Eingriff in die k\u00f6rperliche Unversehrtheit vor, r\u00e4umten die Karlsruher Richterinnen und Richter ein. Alternativ bleibe nur, den Beruf nicht mehr auszu\u00fcben oder den Arbeitsplatz zu wechseln. Doch die Abw\u00e4gung des Gesetzgebers, &#8220;dem Schutz vulnerabler Menschen den Vorrang vor einer in jeder Hinsicht freien Impfentscheidung&#8221; zu geben, sei nicht zu beanstanden.<\/p>\n<p>Auch die weitere Entwicklung der Corona-Krise ist laut der Mitteilung kein Grund, von der Beurteilung abzuweichen. Angeh\u00f6rte Fachgesellschaften seien der Meinung, dass die Krankheitsverl\u00e4ufe im Zuge der Omikron-Variante des Coronavirus zwar im Schnitt milder seien \u2013 sich &#8220;die Zusammensetzung der Risikogruppen und ihre grunds\u00e4tzlich h\u00f6here Gef\u00e4hrdung aber nicht ver\u00e4ndert habe.&#8221;<\/p>\n<p><strong>Gesetz w\u00e4hrend des Beschwerdeverfahrens ge\u00e4ndert<\/strong><\/p>\n<p>Die sogenannte einrichtungsbezogene Impfpflicht soll alte und geschw\u00e4chte Menschen vor einer Ansteckung mit dem Coronavirus sch\u00fctzen. Sie haben ein besonders hohes Risiko, sehr schwer zu erkranken oder daran zu sterben. Besch\u00e4ftigte in Pflegeheimen und Kliniken, aber zum Beispiel auch in Arztpraxen und bei ambulanten Diensten, Hebammen, Masseure und Physiotherapeuten mussten bis zum 15. M\u00e4rz nachweisen, dass sie voll geimpft oder k\u00fcrzlich genesen sind. Neue Besch\u00e4ftigte ben\u00f6tigten den Nachweis ab dem 16. M\u00e4rz.<\/p>\n<p>Fehlt dieser, muss die Einrichtung das Gesundheitsamt informieren. Es kann den Betroffenen verbieten, ihre Arbeitsst\u00e4tte zu betreten oder ihre T\u00e4tigkeit weiter auszu\u00fcben. F\u00fcr Menschen, die sich aus medizinischen Gr\u00fcnden nicht impfen lassen k\u00f6nnen, gilt eine Ausnahme.<\/p>\n<div class=\"ReadMore-root Section-root Section-is1to3-xs_is1to1\" data-widgets=\"ReadMore\" data-has-alias>\n<div class=\"Section-container Section-isRow-isTop-isWrap\">\n<article class=\"Card-root Card-is1to1 \">\n<div class=\"Card-imageWrap\">\n<div class=\"Card-picture\">\n<picture class=\"Picture-root Picture-default\"><!--[if IE 9]><video style=\"display: none;\"><![endif]--><source media=\"(-webkit-min-device-pixel-ratio: 2) and (min-resolution: 120dpi)\" data-srcset=\" \nhttp:\/\/just-now.news\/de\/wp-content\/uploads\/sites\/3\/2022\/05\/62833f5648fbef1f50319eca.jpg 850w,\n                http:\/\/just-now.news\/de\/wp-content\/uploads\/sites\/3\/2022\/05\/62833f5548fbef1f50319ec9.jpg 1960w,\n            \" ><source data-srcset=\" \nhttp:\/\/just-now.news\/de\/wp-content\/uploads\/sites\/3\/2022\/05\/62833f5648fbef1f50319eca.jpg 460w,\n              http:\/\/just-now.news\/de\/wp-content\/uploads\/sites\/3\/2022\/05\/62833f5548fbef1f50319ec9.jpg 980w,\n            \" ><!--[if IE 9]><\/video><![endif]--><img decoding=\"async\" data- src=\"data:image\/png;base64,iVBORw0KGgoAAAANSUhEUgAAABAAAAAJCAQAAACRI2S5AAAAEElEQVR42mNkIAAYRxWAAQAG9gAKqv6+AwAAAABJRU5ErkJggg==\" class=\"Picture-root Picture-default lazyload\" data-src=\"http:\/\/just-now.news\/de\/wp-content\/uploads\/sites\/3\/2022\/05\/62833f5648fbef1f50319eca.jpg\" alt=\"Studie offenbart starken Anstieg von Suizidversuchen bei Kindern im zweiten Lockdown\"><\/source><\/source><\/picture><!-- noscript pattern --><noscript><img decoding=\"async\" src=\"http:\/\/just-now.news\/de\/wp-content\/uploads\/sites\/3\/2022\/05\/62833f5548fbef1f50319ec9.jpg\" alt=\"Studie offenbart starken Anstieg von Suizidversuchen bei Kindern im zweiten Lockdown\"><\/noscript>    <\/div><\/div>\n<div class=\"Card-contentWrap\">\n<div class=\"Card-label\">\n            <span class=\"Label-root\"><br \/>\n                Meinung<br \/>\n            <\/span>\n        <\/div>\n<div class=\"Card-content\">\n<div class=\"Card-title\">\n<div class=\"HeaderNews-root HeaderNews-type_6 \">\n<p>            <a rel=\"nofollow noopener\" target=\"_blank\" href=\"https:\/\/de.rt.com\/meinung\/138601-studie-offenbart-starken-anstieg-von\/\" class=\"Link-root Link-isFullCard \"><br \/>\n                Studie offenbart starken Anstieg von Suizidversuchen bei Kindern im zweiten Lockdown<br \/>\n            <\/a><\/p><\/div><\/div><\/div><\/div>\n<\/article>\n<\/div><\/div>\n<p>Im Eilverfahren hatte der Erste Senat des Verfassungsgerichts im Februar zwar die Einf\u00fchrung der einrichtungsbezogenen Impfpflicht nicht gestoppt. Er merkte aber kritisch an, dass in dem damaligen Gesetz nichts Genaueres zum Impf- und Genesenennachweis stehe. Es werde blo\u00df auf eine Verordnung mit weiteren Verweisen auf Internetseiten des Paul-Ehrlich-Instituts (PEI) und des Robert Koch-Instituts (RKI) verwiesen. Da das Gesetz aber w\u00e4hrend des Beschwerdeverfahrens ge\u00e4ndert wurde und ein neuer Paragraf zur Definition des Impf- und Genesenennachweises eingef\u00fchrt wurde, \u00e4u\u00dferte sich das Gericht nun nicht mehr zur Frage des Verweises auf institutionelle Homepages.<\/p>\n<p>Die Verabschiedung der speziellen Impfpflicht in Bundestag und Bundesrat hatte eine Klagewelle ausgel\u00f6st: In Karlsruhe gingen Dutzende Verfassungsbeschwerden von hunderten Kl\u00e4gerinnen und Kl\u00e4gern ein. \u00dcberwiegend waren es ungeimpfte Besch\u00e4ftigte sowie Leiter von Einrichtungen, die weiter ungeimpftes Personal besch\u00e4ftigen wollen.<\/p>\n<p><strong>Mehr zum Thema<\/strong>\u00a0\u2013\u00a0<a rel=\"nofollow noopener\" target=\"_blank\" href=\"https:\/\/deutsch.rt.com\/inland\/138730-oktoberfest-2022-zu-gewagt-minister\/\">Oktoberfest 2022 zu gewagt? Minister Lauterbach warnt, Gr\u00fcnen-Politiker Dahmen mahnt<\/a><\/p>\n<p>(rt\/dpa)<\/p>\n<\/div>\n<p><br \/>\n<br \/><a href=\"https:\/\/de.rt.com\/inland\/138848-verfassungsgericht-genehmigt-pflege-impfpflicht\/\">Source link <\/a><\/p>\n","protected":false},"excerpt":{"rendered":"<p>Die Corona-Impfpflicht f\u00fcr das Pflege- und Gesundheitspersonal ist rechtens: Das Bundesverfassungsgericht hat eine Verfassungsbeschwerde gegen die sogenannte einrichtungsbezogene Impfpflicht zur\u00fcckgewiesen. Der Schutz sogenannter vulnerabler Gruppen wiege verfassungsrechtlich schwerer als die Beeintr\u00e4chtigung der Grundrechte f\u00fcr Mitarbeitende im Pflege- und Gesundheitsbereich, argumentierte das h\u00f6chste deutsche Gericht nach\u00a0Informationen vom Donnerstag. Missliebige Ergebnisse? Charit\u00e9 beendet Corona-Studie und fordert &#8220;umfassende [&hellip;]<\/p>\n","protected":false},"author":3,"featured_media":8013,"comment_status":"open","ping_status":"open","sticky":false,"template":"","format":"standard","meta":{"wp_automatic_camp":["217"],"7786f04702fda3fae122b91139e86a30":["Bundesverfassungsgericht genehmigt Corona-Impfpflicht in der Pflege"],"original_link":["https:\/\/de.rt.com\/inland\/138848-verfassungsgericht-genehmigt-pflege-impfpflicht\/"],"_thumbnail_id":["8013"],"_wptg_p2tg_sent2tg":["2022-05-19 13:36:09"],"jnews_social_counter_last_update":["1777414873"]},"categories":[19,23],"tags":[18206,20902,82,279,14047],"yoast_head":"<!-- This site is optimized with the Yoast SEO Premium plugin v22.7 (Yoast SEO v22.7) - https:\/\/yoast.com\/wordpress\/plugins\/seo\/ -->\n<title>Bundesverfassungsgericht genehmigt Corona-Impfpflicht in der Pflege - just-now.NEWS Deutschland<\/title>\n<meta name=\"robots\" content=\"index, follow, max-snippet:-1, max-image-preview:large, max-video-preview:-1\" \/>\n<link rel=\"canonical\" href=\"https:\/\/now-news.de\/de\/deutschland\/bundesverfassungsgericht-genehmigt-corona-impfpflicht-in-der-pflege\/\" \/>\n<meta property=\"og:locale\" content=\"de_DE\" \/>\n<meta property=\"og:type\" content=\"article\" \/>\n<meta property=\"og:title\" content=\"Bundesverfassungsgericht genehmigt Corona-Impfpflicht in der Pflege\" \/>\n<meta property=\"og:description\" content=\"Die Corona-Impfpflicht f\u00fcr das Pflege- und Gesundheitspersonal ist rechtens: Das Bundesverfassungsgericht hat eine Verfassungsbeschwerde gegen die sogenannte einrichtungsbezogene Impfpflicht zur\u00fcckgewiesen. Der Schutz sogenannter vulnerabler Gruppen wiege verfassungsrechtlich schwerer als die Beeintr\u00e4chtigung der Grundrechte f\u00fcr Mitarbeitende im Pflege- und Gesundheitsbereich, argumentierte das h\u00f6chste deutsche Gericht nach\u00a0Informationen vom Donnerstag. Missliebige Ergebnisse? Charit\u00e9 beendet Corona-Studie und fordert &#8220;umfassende [&hellip;]\" \/>\n<meta property=\"og:url\" content=\"https:\/\/now-news.de\/de\/deutschland\/bundesverfassungsgericht-genehmigt-corona-impfpflicht-in-der-pflege\/\" \/>\n<meta property=\"og:site_name\" content=\"just-now.NEWS Deutschland\" \/>\n<meta property=\"article:publisher\" content=\"https:\/\/www.facebook.com\/wirmachenauf\" \/>\n<meta property=\"article:published_time\" content=\"2022-05-19T11:33:45+00:00\" \/>\n<meta property=\"og:image\" content=\"https:\/\/now-news.de\/de\/wp-content\/uploads\/sites\/3\/2022\/05\/Missliebige-Ergebnisse-Charite-beendet-Corona-Studie-und-fordert-quotumfassende-Qualitaetspruefungquot.jpg\" \/>\n\t<meta property=\"og:image:width\" content=\"460\" \/>\n\t<meta property=\"og:image:height\" content=\"259\" \/>\n\t<meta property=\"og:image:type\" content=\"image\/jpeg\" \/>\n<meta name=\"author\" content=\"rtnews\" \/>\n<meta name=\"twitter:card\" content=\"summary_large_image\" \/>\n<meta name=\"twitter:creator\" content=\"@WirMachenAuf_de\" \/>\n<meta name=\"twitter:site\" content=\"@WirMachenAuf_de\" \/>\n<meta name=\"twitter:label1\" content=\"Verfasst von\" \/>\n\t<meta name=\"twitter:data1\" content=\"rtnews\" \/>\n\t<meta name=\"twitter:label2\" content=\"Gesch\u00e4tzte Lesezeit\" \/>\n\t<meta name=\"twitter:data2\" content=\"2\u00a0Minuten\" \/>\n<script type=\"application\/ld+json\" class=\"yoast-schema-graph\">{\"@context\":\"https:\/\/schema.org\",\"@graph\":[{\"@type\":\"Article\",\"@id\":\"https:\/\/now-news.de\/de\/deutschland\/bundesverfassungsgericht-genehmigt-corona-impfpflicht-in-der-pflege\/#article\",\"isPartOf\":{\"@id\":\"https:\/\/now-news.de\/de\/deutschland\/bundesverfassungsgericht-genehmigt-corona-impfpflicht-in-der-pflege\/\"},\"author\":{\"name\":\"rtnews\",\"@id\":\"https:\/\/now-news.de\/de\/#\/schema\/person\/fb534a4e865501d8b3285208df34a9b5\"},\"headline\":\"Bundesverfassungsgericht genehmigt Corona-Impfpflicht in der Pflege\",\"datePublished\":\"2022-05-19T11:33:45+00:00\",\"dateModified\":\"2022-05-19T11:33:45+00:00\",\"mainEntityOfPage\":{\"@id\":\"https:\/\/now-news.de\/de\/deutschland\/bundesverfassungsgericht-genehmigt-corona-impfpflicht-in-der-pflege\/\"},\"wordCount\":478,\"commentCount\":0,\"publisher\":{\"@id\":\"https:\/\/now-news.de\/de\/#organization\"},\"image\":{\"@id\":\"https:\/\/now-news.de\/de\/deutschland\/bundesverfassungsgericht-genehmigt-corona-impfpflicht-in-der-pflege\/#primaryimage\"},\"thumbnailUrl\":\"https:\/\/now-news.de\/de\/wp-content\/uploads\/sites\/3\/2022\/05\/Missliebige-Ergebnisse-Charite-beendet-Corona-Studie-und-fordert-quotumfassende-Qualitaetspruefungquot.jpg\",\"keywords\":[\"Bundesverfassungsgericht\",\"CoronaImpfpflicht\",\"der\",\"genehmigt\",\"Pflege\"],\"articleSection\":[\"Deutschland\",\"Russland\"],\"inLanguage\":\"de\",\"potentialAction\":[{\"@type\":\"CommentAction\",\"name\":\"Comment\",\"target\":[\"https:\/\/now-news.de\/de\/deutschland\/bundesverfassungsgericht-genehmigt-corona-impfpflicht-in-der-pflege\/#respond\"]}]},{\"@type\":\"WebPage\",\"@id\":\"https:\/\/now-news.de\/de\/deutschland\/bundesverfassungsgericht-genehmigt-corona-impfpflicht-in-der-pflege\/\",\"url\":\"https:\/\/now-news.de\/de\/deutschland\/bundesverfassungsgericht-genehmigt-corona-impfpflicht-in-der-pflege\/\",\"name\":\"Bundesverfassungsgericht genehmigt Corona-Impfpflicht in der Pflege - just-now.NEWS Deutschland\",\"isPartOf\":{\"@id\":\"https:\/\/now-news.de\/de\/#website\"},\"primaryImageOfPage\":{\"@id\":\"https:\/\/now-news.de\/de\/deutschland\/bundesverfassungsgericht-genehmigt-corona-impfpflicht-in-der-pflege\/#primaryimage\"},\"image\":{\"@id\":\"https:\/\/now-news.de\/de\/deutschland\/bundesverfassungsgericht-genehmigt-corona-impfpflicht-in-der-pflege\/#primaryimage\"},\"thumbnailUrl\":\"https:\/\/now-news.de\/de\/wp-content\/uploads\/sites\/3\/2022\/05\/Missliebige-Ergebnisse-Charite-beendet-Corona-Studie-und-fordert-quotumfassende-Qualitaetspruefungquot.jpg\",\"datePublished\":\"2022-05-19T11:33:45+00:00\",\"dateModified\":\"2022-05-19T11:33:45+00:00\",\"breadcrumb\":{\"@id\":\"https:\/\/now-news.de\/de\/deutschland\/bundesverfassungsgericht-genehmigt-corona-impfpflicht-in-der-pflege\/#breadcrumb\"},\"inLanguage\":\"de\",\"potentialAction\":[{\"@type\":\"ReadAction\",\"target\":[\"https:\/\/now-news.de\/de\/deutschland\/bundesverfassungsgericht-genehmigt-corona-impfpflicht-in-der-pflege\/\"]}]},{\"@type\":\"ImageObject\",\"inLanguage\":\"de\",\"@id\":\"https:\/\/now-news.de\/de\/deutschland\/bundesverfassungsgericht-genehmigt-corona-impfpflicht-in-der-pflege\/#primaryimage\",\"url\":\"https:\/\/now-news.de\/de\/wp-content\/uploads\/sites\/3\/2022\/05\/Missliebige-Ergebnisse-Charite-beendet-Corona-Studie-und-fordert-quotumfassende-Qualitaetspruefungquot.jpg\",\"contentUrl\":\"https:\/\/now-news.de\/de\/wp-content\/uploads\/sites\/3\/2022\/05\/Missliebige-Ergebnisse-Charite-beendet-Corona-Studie-und-fordert-quotumfassende-Qualitaetspruefungquot.jpg\",\"width\":460,\"height\":259,\"caption\":\"Missliebige Ergebnisse? Charit\u00e9 beendet Corona-Studie und fordert &quot;umfassende Qualit\u00e4tspr\u00fcfung&quot;\"},{\"@type\":\"BreadcrumbList\",\"@id\":\"https:\/\/now-news.de\/de\/deutschland\/bundesverfassungsgericht-genehmigt-corona-impfpflicht-in-der-pflege\/#breadcrumb\",\"itemListElement\":[{\"@type\":\"ListItem\",\"position\":1,\"name\":\"Home\",\"item\":\"https:\/\/now-news.de\/de\/\"},{\"@type\":\"ListItem\",\"position\":2,\"name\":\"Bundesverfassungsgericht genehmigt Corona-Impfpflicht in der Pflege\"}]},{\"@type\":\"WebSite\",\"@id\":\"https:\/\/now-news.de\/de\/#website\",\"url\":\"https:\/\/now-news.de\/de\/\",\"name\":\"just-now.NEWS Deutschland\",\"description\":\"Das Portal f\u00fcr unzensierte Nachrichten aus der Welt\",\"publisher\":{\"@id\":\"https:\/\/now-news.de\/de\/#organization\"},\"potentialAction\":[{\"@type\":\"SearchAction\",\"target\":{\"@type\":\"EntryPoint\",\"urlTemplate\":\"https:\/\/now-news.de\/de\/?s={search_term_string}\"},\"query-input\":\"required name=search_term_string\"}],\"inLanguage\":\"de\"},{\"@type\":\"Organization\",\"@id\":\"https:\/\/now-news.de\/de\/#organization\",\"name\":\"Just Now News\",\"url\":\"https:\/\/now-news.de\/de\/\",\"logo\":{\"@type\":\"ImageObject\",\"inLanguage\":\"de\",\"@id\":\"https:\/\/now-news.de\/de\/#\/schema\/logo\/image\/\",\"url\":\"http:\/\/just-now.news\/de\/wp-content\/uploads\/sites\/3\/2022\/04\/logo500x500.jpg\",\"contentUrl\":\"http:\/\/just-now.news\/de\/wp-content\/uploads\/sites\/3\/2022\/04\/logo500x500.jpg\",\"width\":500,\"height\":500,\"caption\":\"Just Now News\"},\"image\":{\"@id\":\"https:\/\/now-news.de\/de\/#\/schema\/logo\/image\/\"},\"sameAs\":[\"https:\/\/www.facebook.com\/wirmachenauf\",\"https:\/\/x.com\/WirMachenAuf_de\"]},{\"@type\":\"Person\",\"@id\":\"https:\/\/now-news.de\/de\/#\/schema\/person\/fb534a4e865501d8b3285208df34a9b5\",\"name\":\"rtnews\",\"image\":{\"@type\":\"ImageObject\",\"inLanguage\":\"de\",\"@id\":\"https:\/\/now-news.de\/de\/#\/schema\/person\/image\/\",\"url\":\"https:\/\/secure.gravatar.com\/avatar\/82aafea7d8127119dd649515f56e2117?s=96&d=mm&r=g\",\"contentUrl\":\"https:\/\/secure.gravatar.com\/avatar\/82aafea7d8127119dd649515f56e2117?s=96&d=mm&r=g\",\"caption\":\"rtnews\"},\"url\":\"https:\/\/now-news.de\/de\/author\/rnews\/\"}]}<\/script>\n<!-- \/ Yoast SEO Premium plugin. -->","yoast_head_json":{"title":"Bundesverfassungsgericht genehmigt Corona-Impfpflicht in der Pflege - just-now.NEWS Deutschland","robots":{"index":"index","follow":"follow","max-snippet":"max-snippet:-1","max-image-preview":"max-image-preview:large","max-video-preview":"max-video-preview:-1"},"canonical":"https:\/\/now-news.de\/de\/deutschland\/bundesverfassungsgericht-genehmigt-corona-impfpflicht-in-der-pflege\/","og_locale":"de_DE","og_type":"article","og_title":"Bundesverfassungsgericht genehmigt Corona-Impfpflicht in der Pflege","og_description":"Die Corona-Impfpflicht f\u00fcr das Pflege- und Gesundheitspersonal ist rechtens: Das Bundesverfassungsgericht hat eine Verfassungsbeschwerde gegen die sogenannte einrichtungsbezogene Impfpflicht zur\u00fcckgewiesen. Der Schutz sogenannter vulnerabler Gruppen wiege verfassungsrechtlich schwerer als die Beeintr\u00e4chtigung der Grundrechte f\u00fcr Mitarbeitende im Pflege- und Gesundheitsbereich, argumentierte das h\u00f6chste deutsche Gericht nach\u00a0Informationen vom Donnerstag. Missliebige Ergebnisse? Charit\u00e9 beendet Corona-Studie und fordert &#8220;umfassende [&hellip;]","og_url":"https:\/\/now-news.de\/de\/deutschland\/bundesverfassungsgericht-genehmigt-corona-impfpflicht-in-der-pflege\/","og_site_name":"just-now.NEWS Deutschland","article_publisher":"https:\/\/www.facebook.com\/wirmachenauf","article_published_time":"2022-05-19T11:33:45+00:00","og_image":[{"width":460,"height":259,"url":"https:\/\/now-news.de\/de\/wp-content\/uploads\/sites\/3\/2022\/05\/Missliebige-Ergebnisse-Charite-beendet-Corona-Studie-und-fordert-quotumfassende-Qualitaetspruefungquot.jpg","type":"image\/jpeg"}],"author":"rtnews","twitter_card":"summary_large_image","twitter_creator":"@WirMachenAuf_de","twitter_site":"@WirMachenAuf_de","twitter_misc":{"Verfasst von":"rtnews","Gesch\u00e4tzte Lesezeit":"2\u00a0Minuten"},"schema":{"@context":"https:\/\/schema.org","@graph":[{"@type":"Article","@id":"https:\/\/now-news.de\/de\/deutschland\/bundesverfassungsgericht-genehmigt-corona-impfpflicht-in-der-pflege\/#article","isPartOf":{"@id":"https:\/\/now-news.de\/de\/deutschland\/bundesverfassungsgericht-genehmigt-corona-impfpflicht-in-der-pflege\/"},"author":{"name":"rtnews","@id":"https:\/\/now-news.de\/de\/#\/schema\/person\/fb534a4e865501d8b3285208df34a9b5"},"headline":"Bundesverfassungsgericht genehmigt Corona-Impfpflicht in der Pflege","datePublished":"2022-05-19T11:33:45+00:00","dateModified":"2022-05-19T11:33:45+00:00","mainEntityOfPage":{"@id":"https:\/\/now-news.de\/de\/deutschland\/bundesverfassungsgericht-genehmigt-corona-impfpflicht-in-der-pflege\/"},"wordCount":478,"commentCount":0,"publisher":{"@id":"https:\/\/now-news.de\/de\/#organization"},"image":{"@id":"https:\/\/now-news.de\/de\/deutschland\/bundesverfassungsgericht-genehmigt-corona-impfpflicht-in-der-pflege\/#primaryimage"},"thumbnailUrl":"https:\/\/now-news.de\/de\/wp-content\/uploads\/sites\/3\/2022\/05\/Missliebige-Ergebnisse-Charite-beendet-Corona-Studie-und-fordert-quotumfassende-Qualitaetspruefungquot.jpg","keywords":["Bundesverfassungsgericht","CoronaImpfpflicht","der","genehmigt","Pflege"],"articleSection":["Deutschland","Russland"],"inLanguage":"de","potentialAction":[{"@type":"CommentAction","name":"Comment","target":["https:\/\/now-news.de\/de\/deutschland\/bundesverfassungsgericht-genehmigt-corona-impfpflicht-in-der-pflege\/#respond"]}]},{"@type":"WebPage","@id":"https:\/\/now-news.de\/de\/deutschland\/bundesverfassungsgericht-genehmigt-corona-impfpflicht-in-der-pflege\/","url":"https:\/\/now-news.de\/de\/deutschland\/bundesverfassungsgericht-genehmigt-corona-impfpflicht-in-der-pflege\/","name":"Bundesverfassungsgericht genehmigt Corona-Impfpflicht in der Pflege - just-now.NEWS Deutschland","isPartOf":{"@id":"https:\/\/now-news.de\/de\/#website"},"primaryImageOfPage":{"@id":"https:\/\/now-news.de\/de\/deutschland\/bundesverfassungsgericht-genehmigt-corona-impfpflicht-in-der-pflege\/#primaryimage"},"image":{"@id":"https:\/\/now-news.de\/de\/deutschland\/bundesverfassungsgericht-genehmigt-corona-impfpflicht-in-der-pflege\/#primaryimage"},"thumbnailUrl":"https:\/\/now-news.de\/de\/wp-content\/uploads\/sites\/3\/2022\/05\/Missliebige-Ergebnisse-Charite-beendet-Corona-Studie-und-fordert-quotumfassende-Qualitaetspruefungquot.jpg","datePublished":"2022-05-19T11:33:45+00:00","dateModified":"2022-05-19T11:33:45+00:00","breadcrumb":{"@id":"https:\/\/now-news.de\/de\/deutschland\/bundesverfassungsgericht-genehmigt-corona-impfpflicht-in-der-pflege\/#breadcrumb"},"inLanguage":"de","potentialAction":[{"@type":"ReadAction","target":["https:\/\/now-news.de\/de\/deutschland\/bundesverfassungsgericht-genehmigt-corona-impfpflicht-in-der-pflege\/"]}]},{"@type":"ImageObject","inLanguage":"de","@id":"https:\/\/now-news.de\/de\/deutschland\/bundesverfassungsgericht-genehmigt-corona-impfpflicht-in-der-pflege\/#primaryimage","url":"https:\/\/now-news.de\/de\/wp-content\/uploads\/sites\/3\/2022\/05\/Missliebige-Ergebnisse-Charite-beendet-Corona-Studie-und-fordert-quotumfassende-Qualitaetspruefungquot.jpg","contentUrl":"https:\/\/now-news.de\/de\/wp-content\/uploads\/sites\/3\/2022\/05\/Missliebige-Ergebnisse-Charite-beendet-Corona-Studie-und-fordert-quotumfassende-Qualitaetspruefungquot.jpg","width":460,"height":259,"caption":"Missliebige Ergebnisse? Charit\u00e9 beendet Corona-Studie und fordert &quot;umfassende Qualit\u00e4tspr\u00fcfung&quot;"},{"@type":"BreadcrumbList","@id":"https:\/\/now-news.de\/de\/deutschland\/bundesverfassungsgericht-genehmigt-corona-impfpflicht-in-der-pflege\/#breadcrumb","itemListElement":[{"@type":"ListItem","position":1,"name":"Home","item":"https:\/\/now-news.de\/de\/"},{"@type":"ListItem","position":2,"name":"Bundesverfassungsgericht genehmigt Corona-Impfpflicht in der Pflege"}]},{"@type":"WebSite","@id":"https:\/\/now-news.de\/de\/#website","url":"https:\/\/now-news.de\/de\/","name":"just-now.NEWS Deutschland","description":"Das Portal f\u00fcr unzensierte Nachrichten aus der Welt","publisher":{"@id":"https:\/\/now-news.de\/de\/#organization"},"potentialAction":[{"@type":"SearchAction","target":{"@type":"EntryPoint","urlTemplate":"https:\/\/now-news.de\/de\/?s={search_term_string}"},"query-input":"required name=search_term_string"}],"inLanguage":"de"},{"@type":"Organization","@id":"https:\/\/now-news.de\/de\/#organization","name":"Just Now News","url":"https:\/\/now-news.de\/de\/","logo":{"@type":"ImageObject","inLanguage":"de","@id":"https:\/\/now-news.de\/de\/#\/schema\/logo\/image\/","url":"http:\/\/just-now.news\/de\/wp-content\/uploads\/sites\/3\/2022\/04\/logo500x500.jpg","contentUrl":"http:\/\/just-now.news\/de\/wp-content\/uploads\/sites\/3\/2022\/04\/logo500x500.jpg","width":500,"height":500,"caption":"Just Now News"},"image":{"@id":"https:\/\/now-news.de\/de\/#\/schema\/logo\/image\/"},"sameAs":["https:\/\/www.facebook.com\/wirmachenauf","https:\/\/x.com\/WirMachenAuf_de"]},{"@type":"Person","@id":"https:\/\/now-news.de\/de\/#\/schema\/person\/fb534a4e865501d8b3285208df34a9b5","name":"rtnews","image":{"@type":"ImageObject","inLanguage":"de","@id":"https:\/\/now-news.de\/de\/#\/schema\/person\/image\/","url":"https:\/\/secure.gravatar.com\/avatar\/82aafea7d8127119dd649515f56e2117?s=96&d=mm&r=g","contentUrl":"https:\/\/secure.gravatar.com\/avatar\/82aafea7d8127119dd649515f56e2117?s=96&d=mm&r=g","caption":"rtnews"},"url":"https:\/\/now-news.de\/de\/author\/rnews\/"}]}},"_links":{"self":[{"href":"https:\/\/now-news.de\/de\/wp-json\/wp\/v2\/posts\/8235"}],"collection":[{"href":"https:\/\/now-news.de\/de\/wp-json\/wp\/v2\/posts"}],"about":[{"href":"https:\/\/now-news.de\/de\/wp-json\/wp\/v2\/types\/post"}],"author":[{"embeddable":true,"href":"https:\/\/now-news.de\/de\/wp-json\/wp\/v2\/users\/3"}],"replies":[{"embeddable":true,"href":"https:\/\/now-news.de\/de\/wp-json\/wp\/v2\/comments?post=8235"}],"version-history":[{"count":0,"href":"https:\/\/now-news.de\/de\/wp-json\/wp\/v2\/posts\/8235\/revisions"}],"wp:featuredmedia":[{"embeddable":true,"href":"https:\/\/now-news.de\/de\/wp-json\/wp\/v2\/media\/8013"}],"wp:attachment":[{"href":"https:\/\/now-news.de\/de\/wp-json\/wp\/v2\/media?parent=8235"}],"wp:term":[{"taxonomy":"category","embeddable":true,"href":"https:\/\/now-news.de\/de\/wp-json\/wp\/v2\/categories?post=8235"},{"taxonomy":"post_tag","embeddable":true,"href":"https:\/\/now-news.de\/de\/wp-json\/wp\/v2\/tags?post=8235"}],"curies":[{"name":"wp","href":"https:\/\/api.w.org\/{rel}","templated":true}]}}