{"id":82337,"date":"2025-04-18T07:00:00","date_gmt":"2025-04-18T05:00:00","guid":{"rendered":"https:\/\/now-news.de\/de\/deutschland\/bundestag-der-schande-politik-instrumentalisiert-das-gedenken-ans-kriegsende\/"},"modified":"2025-04-18T07:00:00","modified_gmt":"2025-04-18T05:00:00","slug":"bundestag-der-schande-politik-instrumentalisiert-das-gedenken-ans-kriegsende","status":"publish","type":"post","link":"https:\/\/now-news.de\/de\/deutschland\/bundestag-der-schande-politik-instrumentalisiert-das-gedenken-ans-kriegsende\/","title":{"rendered":"Bundestag der Schande: Politik instrumentalisiert das Gedenken ans Kriegsende"},"content":{"rendered":"<p><img decoding=\"async\" src=\"https:\/\/now-news.de\/de\/wp-content\/uploads\/sites\/3\/2025\/04\/6800ed3348fbef6ff814ea9f.jpg\" \/><\/p>\n<div class=\"Text-root Text-type_1 \">\n                Russland und Wei\u00dfrussland sind nicht zur Gedenkfeier im Bundestag eingeladen. Das ist eine Schande. Deutschland verdankt der Sowjetunion sowohl die Befreiung vom Faschismus als auch die Wiedervereinigung. Das historische Bewusstsein der deutschen Bev\u00f6lkerung ist besser entwickelt als das ihrer Politiker.\n            <\/div>\n<p><\/p>\n<div class=\"Text-root Text-type_5 ArticleView-text ViewText-root \">\n<p><em>Von Gert Ewen Ungar<\/em><\/p>\n<p>Der Bundestag verzichtet hinsichtlich der Gedenkveranstaltung zum Ende des Zweiten Weltkriegs in diesem Jahr auf die explizite Einladung des russischen und des wei\u00dfrussischen Botschafters. Der Bundestag verweist zur Begr\u00fcndung auf eine Handreichung des Ausw\u00e4rtigen Amts. Dort wird zudem empfohlen, im Fall des uneingeladenen Erscheinens von Vertretern Russlands und Wei\u00dfrusslands zu Gedenkfeierlichkeiten vom Hausrecht Gebrauch zu machen. Konkret hei\u00dft das, das Ausw\u00e4rtige Amt empfiehlt den Rauswurf von Diplomaten der L\u00e4nder, die ma\u00dfgeblich zur Befreiung Deutschlands vom Faschismus beigetragen und zudem die gr\u00f6\u00dfte Last des Zweiten Weltkrieges zu schultern hatten. Die moralische Verwahrlosung der politischen Eliten Deutschlands zeigt sich in diesem Vorgang ganz offen. Es ist eine Schande \u2013 eine deutsche Schande.\u00a0<\/p>\n<p>Das gilt selbst dann, wenn man sich allen Narrativen der Bundesregierung zum Ukraine-Konflikt anschlie\u00dft und der deutschen Staats-Propaganda in der Darstellung des Konflikts folgt, denn die historische Leistung der Roten Armee bei der Befreiung Deutschlands vom Faschismus steht mit dem Ukraine-Krieg in keinem Zusammenhang.\u00a0<\/p>\n<p>Dass deutsche Politik beides aber vermischt und das Andenken an das Ende des Zweiten Weltkriegs politisiert, zeugt von tiefer Niedertracht deutscher Politik, ist w\u00fcrdelos und ohne jeden Respekt gegen\u00fcber Russland und Wei\u00dfrussland. Auf dem heutigen Staatsgebiet Russlands, schlimmer aber noch in Wei\u00dfrussland hat die deutsche Wehrmacht auf grausamste, barbarische Weise gew\u00fctet. Dass deutsche Politik von zivilisierten Umgangsformen auch heute noch nicht sehr viel h\u00e4lt, zeigt der Umgang mit russischen und wei\u00dfrussischen Diplomaten.\u00a0\u00a0<\/p>\n<p>Es ist zudem ein Zeichen von Undankbarkeit und Geschichtsvergessenheit, denn Deutschland verdankt Russland als Rechtsnachfolger der Sowjetunion nicht nur die Befreiung vom Faschismus, sondern auch die Wiedervereinigung. Es war die Sowjetunion, es war Michail Gorbatschow, der die Idee zur Wiedervereinigung Deutschlands hatte und sie vorbehaltlos unterst\u00fctzte. Frankreich und Gro\u00dfbritannien waren wenig begeistert. Die USA witterten vor allem die Chance, einen Vorteil f\u00fcr sich herauszuschlagen und ihren Einfluss nach Osten auszudehnen. Das Staatswohl Deutschlands\u00a0hatte einzig Gorbatschow im Sinn.<\/p>\n<p>Daher der deutschen Politik nochmals zur Erinnerung: Nach der bedingungslosen Kapitulation Deutschlands wurde dem Land ein &#8220;Diktatfrieden&#8221; aufgezwungen. Es wurde in Sektoren und dann in zwei nicht souver\u00e4ne Staaten unterteilt. Beide L\u00e4nder wurden unter strenge Aufsicht gestellt und blieben bis 1990 von den Siegerm\u00e4chten besetzt. Westdeutschland ist es heute noch. Lediglich Ostdeutschland ist frei von Besatzungstruppen.<\/p>\n<p>Es war Gorbatschow, der darauf vertraute, Deutschland habe seine Lektion aus der Geschichte gelernt und k\u00f6nne in die Souver\u00e4nit\u00e4t entlassen werden. Die Pl\u00e4ne zur Aufr\u00fcstung, die Absage an Diplomatie und ganz aktuell die Ausladung des russischen Botschafters zeigen deutlich, Gorbatschow hat sich bitter get\u00e4uscht. Die politischen Eliten Deutschlands haben nichts aus der Geschichte gelernt, sind wieder zu Krieg und Eskalation bereit und brechen das zur Wiedervereinigung der Welt gegebene Versprechen, dass von Deutschland nur noch Frieden ausgehen werde.<\/p>\n<p>Das politische Deutschland war geistig noch l\u00e4ngst nicht so weit gereift, dass es zum verantwortungsvollen Umgang mit dem Geschenk der Wiedervereinigung sittlich bef\u00e4higt gewesen w\u00e4re, ist die Erkenntnis. Deutschland kann gegen\u00fcber der moralischen und politischen Verantwortung, die ihm aus seiner Gr\u00f6\u00dfe erw\u00e4chst, nicht bestehen, machen die vergangenen 35 Jahre deutlich.\u00a0<\/p>\n<div class=\"EmbedBlock-root EmbedBlock-twitter\">\n<div class=\"TwitterEmbed\">\n<blockquote class=\"twitter-tweet lazyload\" data-twitter=\"twitter-tweet\">\n<p lang=\"de\" dir=\"ltr\">Russlands Botschafter Netschajew ist der Star von Seelow: Jahrestag der Schlacht um die Seelower H\u00f6hen: Trotz einer Handreichung kam Russlands Botschafter \u2013 und erhielt viel Zuspruch von Linken bis AfD-Anh\u00e4ngern. Bilder, die Berlin eigentlich nicht wollte. <a rel=\"nofollow noopener\" target=\"_blank\" href=\"https:\/\/t.co\/vZRj6974Gn\">https:\/\/t.co\/vZRj6974Gn<\/a><\/p>\n<p>\u2014 Berliner Zeitung (@berlinerzeitung) <a rel=\"nofollow noopener\" target=\"_blank\" href=\"https:\/\/twitter.com\/berlinerzeitung\/status\/1912500322460717155?ref_src=twsrc%5Etfw\">April 16, 2025<\/a><\/p><\/blockquote>\n<\/div>\n<\/div>\n<p>Allerdings sind das historische Bewusstsein und das Gef\u00fchl f\u00fcr eine besondere Verantwortung gegen\u00fcber der eigenen Geschichte unter den Deutschen, also in der deutschen Gesellschaft, wesentlich besser ausgepr\u00e4gt als im Deutschen Bundestag und in den Spitzen der etablierten Parteien.<\/p>\n<p>Bei einem Besuch des russischen Botschafters einer Gedenkveranstaltung in Seelow zum Andenken an die Schlacht um die Seelower H\u00f6hen war vom Hass und der Hetze der Bundesregierung gegen Russland offenbar nichts zu sp\u00fcren. Die <em>Berliner Zeitung<\/em> erkl\u00e4rt Russlands Botschafter\u00a0Sergei Netschajew sogar zum &#8220;Star von Seelow&#8221;.\u00a0<\/p>\n<div class=\"EmbedBlock-root EmbedBlock-twitter\">\n<div class=\"TwitterEmbed\">\n<blockquote class=\"twitter-tweet lazyload\" data-twitter=\"twitter-tweet\">\n<p lang=\"de\" dir=\"ltr\">1941 kam der <a rel=\"nofollow noopener\" target=\"_blank\" href=\"https:\/\/twitter.com\/hashtag\/Faschismus?src=hash&amp;ref_src=twsrc%5Etfw\">#Faschismus<\/a> nach <a rel=\"nofollow noopener\" target=\"_blank\" href=\"https:\/\/twitter.com\/hashtag\/Russland?src=hash&amp;ref_src=twsrc%5Etfw\">#Russland<\/a>, um Menschen zu t\u00f6ten &amp; Land zu verbrennen. 25 Millionen Sowjetb\u00fcrger verloren durch <a rel=\"nofollow noopener\" target=\"_blank\" href=\"https:\/\/twitter.com\/hashtag\/NaziDeutschland?src=hash&amp;ref_src=twsrc%5Etfw\">#NaziDeutschland<\/a> ihr Leben \ud83d\udd6f\ufe0f2025 wollt Ihr <a rel=\"nofollow noopener\" target=\"_blank\" href=\"https:\/\/twitter.com\/hashtag\/Russen?src=hash&amp;ref_src=twsrc%5Etfw\">#Russen<\/a> &amp; <a rel=\"nofollow noopener\" target=\"_blank\" href=\"https:\/\/twitter.com\/hashtag\/Weissrussen?src=hash&amp;ref_src=twsrc%5Etfw\">#Weissrussen<\/a> erneut ihrer W\u00fcrde berauben.Schande \u00fcber euch\u203c\ufe0f<a rel=\"nofollow noopener\" target=\"_blank\" href=\"https:\/\/twitter.com\/hashtag\/Bundestag?src=hash&amp;ref_src=twsrc%5Etfw\">#Bundestag<\/a><a rel=\"nofollow noopener\" target=\"_blank\" href=\"https:\/\/twitter.com\/hashtag\/Merz?src=hash&amp;ref_src=twsrc%5Etfw\">#Merz<\/a><a rel=\"nofollow noopener\" target=\"_blank\" href=\"https:\/\/twitter.com\/hashtag\/CDU?src=hash&amp;ref_src=twsrc%5Etfw\">#CDU<\/a><a rel=\"nofollow noopener\" target=\"_blank\" href=\"https:\/\/twitter.com\/hashtag\/SPD?src=hash&amp;ref_src=twsrc%5Etfw\">#SPD<\/a><a rel=\"nofollow noopener\" target=\"_blank\" href=\"https:\/\/twitter.com\/hashtag\/Gruenen?src=hash&amp;ref_src=twsrc%5Etfw\">#Gruenen<\/a><a rel=\"nofollow noopener\" target=\"_blank\" href=\"https:\/\/t.co\/BvSiFGmI5u\">https:\/\/t.co\/BvSiFGmI5u<\/a><a rel=\"nofollow noopener\" target=\"_blank\" href=\"https:\/\/t.co\/BCvhmuEDSC\">pic.twitter.com\/BCvhmuEDSC<\/a><\/p>\n<p>\u2014 Kristian_B \ud83c\udde9\ud83c\uddea \u2764\ufe0f \ud83c\uddf7\ud83c\uddfa (@Dr_C_Becker) <a rel=\"nofollow noopener\" target=\"_blank\" href=\"https:\/\/twitter.com\/Dr_C_Becker\/status\/1912814548685357163?ref_src=twsrc%5Etfw\">April 17, 2025<\/a><\/p><\/blockquote>\n<\/div>\n<\/div>\n<p>In den sozialen Netzwerken distanzieren sich die Deutschen vom aggressiven, konfrontativen Kurs ihrer Regierung. Auf Plattformen wie <em>X<\/em> entschuldigen sie sich f\u00fcr das Verhalten ihrer Politiker. Es sind die B\u00fcrger Deutschlands, die klar erkennen, dass der von deutscher Politik eingeschlagene Weg, das Sch\u00fcren von Hass verbunden mit dem Willen zur Eskalation, in eine Sackgasse und schlimmstenfalls erneut ins Verderben f\u00fchrt.\u00a0<\/p>\n<div class=\"EmbedBlock-root EmbedBlock-twitter\">\n<div class=\"TwitterEmbed\">\n<blockquote class=\"twitter-tweet lazyload\" data-twitter=\"twitter-tweet\">\n<p lang=\"de\" dir=\"ltr\">Merke: Weil <a rel=\"nofollow noopener\" target=\"_blank\" href=\"https:\/\/twitter.com\/hashtag\/Russland?src=hash&amp;ref_src=twsrc%5Etfw\">#Russland<\/a> angeblich einen \u201eunprovozierten <a rel=\"nofollow noopener\" target=\"_blank\" href=\"https:\/\/twitter.com\/hashtag\/Angriffskrieg?src=hash&amp;ref_src=twsrc%5Etfw\">#Angriffskrieg<\/a>\u201c f\u00fchrt, wird deren Vertretern aus russenfeindlichen Motiven vom <a rel=\"nofollow noopener\" target=\"_blank\" href=\"https:\/\/twitter.com\/Bundestag?ref_src=twsrc%5Etfw\">@bundestag<\/a> die Teilnahme an der Feier zur <a rel=\"nofollow noopener\" target=\"_blank\" href=\"https:\/\/twitter.com\/hashtag\/Befreiung?src=hash&amp;ref_src=twsrc%5Etfw\">#Befreiung<\/a> vom <a rel=\"nofollow noopener\" target=\"_blank\" href=\"https:\/\/twitter.com\/hashtag\/Faschismus?src=hash&amp;ref_src=twsrc%5Etfw\">#Faschismus<\/a> vor 80 Jahren untersagt \ud83d\ude48 <a rel=\"nofollow noopener\" target=\"_blank\" href=\"https:\/\/twitter.com\/hashtag\/Instrumentalisierung?src=hash&amp;ref_src=twsrc%5Etfw\">#Instrumentalisierung<\/a><a rel=\"nofollow noopener\" target=\"_blank\" href=\"https:\/\/twitter.com\/hashtag\/Entkontextualisierung?src=hash&amp;ref_src=twsrc%5Etfw\">#Entkontextualisierung<\/a><\/p>\n<p>\u2014 kinra (@kinra) <a rel=\"nofollow noopener\" target=\"_blank\" href=\"https:\/\/twitter.com\/kinra\/status\/1912812591312753143?ref_src=twsrc%5Etfw\">April 17, 2025<\/a><\/p><\/blockquote>\n<\/div>\n<\/div>\n<p>Am Gedenken des Endes des Zweiten Weltkriegs zeigt sich deutlich, dass ein tiefer Riss das politische Establishment von den B\u00fcrgern trennt. Politik repr\u00e4sentiert auch in diesem Zusammenhang nicht den Willen der Deutschen. Deutsche Politik f\u00fchrt ein Eigenleben, das sich von der gesellschaftlichen Realit\u00e4t in Deutschland gel\u00f6st hat. Das ist Ausdruck einer tiefen politischen Krise. Den Deutschen fehlt die politische Repr\u00e4sentation im Parlament.\u00a0<\/p>\n<p>Vor allem aber zielt deutsche Politik im Gegensatz zur deutschen Gesellschaft erneut nicht auf Frieden und Auss\u00f6hnung, sondern ist willens, bereits gemachte Fehler noch einmal zu wiederholen. Der Mehrheit der Deutschen ist noch im Ged\u00e4chtnis, welche verheerenden Folgen die deutsche Aggression gegen\u00fcber den V\u00f6lkern der Sowjetunion hatte. Deutsche Politik hat es vergessen. Daf\u00fcr wird sie zu Recht von den eigenen B\u00fcrgern verachtet.\u00a0<\/p>\n<p><strong>Mehr zum Thema<\/strong>\u00a0\u2013 <a rel=\"nofollow noopener\" target=\"_blank\" href=\"https:\/\/freedert.online\/inland\/242588-man-lacht-ueber-uns-ehemaliger\/\">&#8220;Man lacht \u00fcber uns&#8221; \u2013 Ex-DDR-Minister Diestel bescheinigt deutschen Politikern mangelnde Kompetenz<\/a><\/p>\n<div class=\"EmbedBlock-root EmbedBlock-externalVideo EmbedBlock-rumble\">\n<div class=\"VkEmbed\"><iframe class=\"lazyload\" data-src=\"https:\/\/rumble.com\/embed\/v6pzcf7\" frameborder=\"0\" width=\"853\" height=\"480\" allowfullscreen><\/iframe><\/div>\n<\/div>\n<\/div>\n<p><script async src=\"https:\/\/platform.twitter.com\/widgets.js\" charset=\"utf-8\"><\/script><br \/>\n<br \/><br \/>\n<br \/><a href=\"https:\/\/de.rt.com\/meinung\/242675-bundestag-schande-politik-instrumentalisiert-gedenken\/\">Source link <\/a><\/p>\n","protected":false},"excerpt":{"rendered":"<p>Russland und Wei\u00dfrussland sind nicht zur Gedenkfeier im Bundestag eingeladen. Das ist eine Schande. Deutschland verdankt der Sowjetunion sowohl die Befreiung vom Faschismus als auch die Wiedervereinigung. Das historische Bewusstsein der deutschen Bev\u00f6lkerung ist besser entwickelt als das ihrer Politiker. Von Gert Ewen Ungar Der Bundestag verzichtet hinsichtlich der Gedenkveranstaltung zum Ende des Zweiten Weltkriegs [&hellip;]<\/p>\n","protected":false},"author":3,"featured_media":82338,"comment_status":"open","ping_status":"open","sticky":false,"template":"","format":"standard","meta":{"_yoast_indexnow_last_ping":["1744952677"],"wp_automatic_camp":["217"],"dcd9723b93afff673b395604127a5f23":["Bundestag der Schande: Politik instrumentalisiert das Gedenken ans Kriegsende"],"original_link":["https:\/\/de.rt.com\/meinung\/242675-bundestag-schande-politik-instrumentalisiert-gedenken\/"],"_thumbnail_id":["82338"],"jnews_social_counter_last_update":["1777118453"],"_wptgpro_p2tg_sent2tg":["a:1:{i:23737;s:19:\"2025-04-18 07:06:01\";}"]},"categories":[19,23],"tags":[2680,2105,427,82,19371,19230,42984,592,30580],"yoast_head":"<!-- This site is optimized with the Yoast SEO Premium plugin v22.7 (Yoast SEO v22.7) - https:\/\/yoast.com\/wordpress\/plugins\/seo\/ -->\n<title>Bundestag der Schande: Politik instrumentalisiert das Gedenken ans Kriegsende - just-now.NEWS Deutschland<\/title>\n<meta name=\"robots\" content=\"index, follow, max-snippet:-1, max-image-preview:large, max-video-preview:-1\" \/>\n<link rel=\"canonical\" href=\"https:\/\/now-news.de\/de\/deutschland\/bundestag-der-schande-politik-instrumentalisiert-das-gedenken-ans-kriegsende\/\" \/>\n<meta property=\"og:locale\" content=\"de_DE\" \/>\n<meta property=\"og:type\" content=\"article\" \/>\n<meta property=\"og:title\" content=\"Bundestag der Schande: Politik instrumentalisiert das Gedenken ans Kriegsende\" \/>\n<meta property=\"og:description\" content=\"Russland und Wei\u00dfrussland sind nicht zur Gedenkfeier im Bundestag eingeladen. Das ist eine Schande. Deutschland verdankt der Sowjetunion sowohl die Befreiung vom Faschismus als auch die Wiedervereinigung. Das historische Bewusstsein der deutschen Bev\u00f6lkerung ist besser entwickelt als das ihrer Politiker. Von Gert Ewen Ungar Der Bundestag verzichtet hinsichtlich der Gedenkveranstaltung zum Ende des Zweiten Weltkriegs [&hellip;]\" \/>\n<meta property=\"og:url\" content=\"https:\/\/now-news.de\/de\/deutschland\/bundestag-der-schande-politik-instrumentalisiert-das-gedenken-ans-kriegsende\/\" \/>\n<meta property=\"og:site_name\" content=\"just-now.NEWS Deutschland\" \/>\n<meta property=\"article:publisher\" content=\"https:\/\/www.facebook.com\/wirmachenauf\" \/>\n<meta property=\"article:published_time\" content=\"2025-04-18T05:00:00+00:00\" \/>\n<meta property=\"og:image\" content=\"https:\/\/now-news.de\/de\/wp-content\/uploads\/sites\/3\/2025\/04\/6800ed3348fbef6ff814ea9f.jpg\" \/>\n<meta name=\"author\" content=\"rtnews\" \/>\n<meta name=\"twitter:card\" content=\"summary_large_image\" \/>\n<meta name=\"twitter:creator\" content=\"@WirMachenAuf_de\" \/>\n<meta name=\"twitter:site\" content=\"@WirMachenAuf_de\" \/>\n<meta name=\"twitter:label1\" content=\"Verfasst von\" \/>\n\t<meta name=\"twitter:data1\" content=\"rtnews\" \/>\n\t<meta name=\"twitter:label2\" content=\"Gesch\u00e4tzte Lesezeit\" \/>\n\t<meta name=\"twitter:data2\" content=\"5\u00a0Minuten\" \/>\n<script type=\"application\/ld+json\" class=\"yoast-schema-graph\">{\"@context\":\"https:\/\/schema.org\",\"@graph\":[{\"@type\":\"Article\",\"@id\":\"https:\/\/now-news.de\/de\/deutschland\/bundestag-der-schande-politik-instrumentalisiert-das-gedenken-ans-kriegsende\/#article\",\"isPartOf\":{\"@id\":\"https:\/\/now-news.de\/de\/deutschland\/bundestag-der-schande-politik-instrumentalisiert-das-gedenken-ans-kriegsende\/\"},\"author\":{\"name\":\"rtnews\",\"@id\":\"https:\/\/now-news.de\/de\/#\/schema\/person\/fb534a4e865501d8b3285208df34a9b5\"},\"headline\":\"Bundestag der Schande: Politik instrumentalisiert das Gedenken ans Kriegsende\",\"datePublished\":\"2025-04-18T05:00:00+00:00\",\"dateModified\":\"2025-04-18T05:00:00+00:00\",\"mainEntityOfPage\":{\"@id\":\"https:\/\/now-news.de\/de\/deutschland\/bundestag-der-schande-politik-instrumentalisiert-das-gedenken-ans-kriegsende\/\"},\"wordCount\":1018,\"commentCount\":0,\"publisher\":{\"@id\":\"https:\/\/now-news.de\/de\/#organization\"},\"image\":{\"@id\":\"https:\/\/now-news.de\/de\/deutschland\/bundestag-der-schande-politik-instrumentalisiert-das-gedenken-ans-kriegsende\/#primaryimage\"},\"thumbnailUrl\":\"https:\/\/now-news.de\/de\/wp-content\/uploads\/sites\/3\/2025\/04\/Bundestag-der-Schande-Politik-instrumentalisiert-das-Gedenken-ans-Kriegsende.jpg\",\"keywords\":[\"ans\",\"Bundestag\",\"das\",\"der\",\"Gedenken\",\"instrumentalisiert\",\"Kriegsende\",\"Politik\",\"Schande\"],\"articleSection\":[\"Deutschland\",\"Russland\"],\"inLanguage\":\"de\",\"potentialAction\":[{\"@type\":\"CommentAction\",\"name\":\"Comment\",\"target\":[\"https:\/\/now-news.de\/de\/deutschland\/bundestag-der-schande-politik-instrumentalisiert-das-gedenken-ans-kriegsende\/#respond\"]}]},{\"@type\":\"WebPage\",\"@id\":\"https:\/\/now-news.de\/de\/deutschland\/bundestag-der-schande-politik-instrumentalisiert-das-gedenken-ans-kriegsende\/\",\"url\":\"https:\/\/now-news.de\/de\/deutschland\/bundestag-der-schande-politik-instrumentalisiert-das-gedenken-ans-kriegsende\/\",\"name\":\"Bundestag der Schande: Politik instrumentalisiert das Gedenken ans Kriegsende - just-now.NEWS Deutschland\",\"isPartOf\":{\"@id\":\"https:\/\/now-news.de\/de\/#website\"},\"primaryImageOfPage\":{\"@id\":\"https:\/\/now-news.de\/de\/deutschland\/bundestag-der-schande-politik-instrumentalisiert-das-gedenken-ans-kriegsende\/#primaryimage\"},\"image\":{\"@id\":\"https:\/\/now-news.de\/de\/deutschland\/bundestag-der-schande-politik-instrumentalisiert-das-gedenken-ans-kriegsende\/#primaryimage\"},\"thumbnailUrl\":\"https:\/\/now-news.de\/de\/wp-content\/uploads\/sites\/3\/2025\/04\/Bundestag-der-Schande-Politik-instrumentalisiert-das-Gedenken-ans-Kriegsende.jpg\",\"datePublished\":\"2025-04-18T05:00:00+00:00\",\"dateModified\":\"2025-04-18T05:00:00+00:00\",\"breadcrumb\":{\"@id\":\"https:\/\/now-news.de\/de\/deutschland\/bundestag-der-schande-politik-instrumentalisiert-das-gedenken-ans-kriegsende\/#breadcrumb\"},\"inLanguage\":\"de\",\"potentialAction\":[{\"@type\":\"ReadAction\",\"target\":[\"https:\/\/now-news.de\/de\/deutschland\/bundestag-der-schande-politik-instrumentalisiert-das-gedenken-ans-kriegsende\/\"]}]},{\"@type\":\"ImageObject\",\"inLanguage\":\"de\",\"@id\":\"https:\/\/now-news.de\/de\/deutschland\/bundestag-der-schande-politik-instrumentalisiert-das-gedenken-ans-kriegsende\/#primaryimage\",\"url\":\"https:\/\/now-news.de\/de\/wp-content\/uploads\/sites\/3\/2025\/04\/Bundestag-der-Schande-Politik-instrumentalisiert-das-Gedenken-ans-Kriegsende.jpg\",\"contentUrl\":\"https:\/\/now-news.de\/de\/wp-content\/uploads\/sites\/3\/2025\/04\/Bundestag-der-Schande-Politik-instrumentalisiert-das-Gedenken-ans-Kriegsende.jpg\",\"width\":460,\"height\":259,\"caption\":\"Bundestag der Schande: Politik instrumentalisiert das Gedenken ans Kriegsende\"},{\"@type\":\"BreadcrumbList\",\"@id\":\"https:\/\/now-news.de\/de\/deutschland\/bundestag-der-schande-politik-instrumentalisiert-das-gedenken-ans-kriegsende\/#breadcrumb\",\"itemListElement\":[{\"@type\":\"ListItem\",\"position\":1,\"name\":\"Home\",\"item\":\"https:\/\/now-news.de\/de\/\"},{\"@type\":\"ListItem\",\"position\":2,\"name\":\"Bundestag der Schande: Politik instrumentalisiert das Gedenken ans Kriegsende\"}]},{\"@type\":\"WebSite\",\"@id\":\"https:\/\/now-news.de\/de\/#website\",\"url\":\"https:\/\/now-news.de\/de\/\",\"name\":\"just-now.NEWS Deutschland\",\"description\":\"Das Portal f\u00fcr unzensierte Nachrichten aus der Welt\",\"publisher\":{\"@id\":\"https:\/\/now-news.de\/de\/#organization\"},\"potentialAction\":[{\"@type\":\"SearchAction\",\"target\":{\"@type\":\"EntryPoint\",\"urlTemplate\":\"https:\/\/now-news.de\/de\/?s={search_term_string}\"},\"query-input\":\"required name=search_term_string\"}],\"inLanguage\":\"de\"},{\"@type\":\"Organization\",\"@id\":\"https:\/\/now-news.de\/de\/#organization\",\"name\":\"Just Now News\",\"url\":\"https:\/\/now-news.de\/de\/\",\"logo\":{\"@type\":\"ImageObject\",\"inLanguage\":\"de\",\"@id\":\"https:\/\/now-news.de\/de\/#\/schema\/logo\/image\/\",\"url\":\"http:\/\/just-now.news\/de\/wp-content\/uploads\/sites\/3\/2022\/04\/logo500x500.jpg\",\"contentUrl\":\"http:\/\/just-now.news\/de\/wp-content\/uploads\/sites\/3\/2022\/04\/logo500x500.jpg\",\"width\":500,\"height\":500,\"caption\":\"Just Now News\"},\"image\":{\"@id\":\"https:\/\/now-news.de\/de\/#\/schema\/logo\/image\/\"},\"sameAs\":[\"https:\/\/www.facebook.com\/wirmachenauf\",\"https:\/\/x.com\/WirMachenAuf_de\"]},{\"@type\":\"Person\",\"@id\":\"https:\/\/now-news.de\/de\/#\/schema\/person\/fb534a4e865501d8b3285208df34a9b5\",\"name\":\"rtnews\",\"image\":{\"@type\":\"ImageObject\",\"inLanguage\":\"de\",\"@id\":\"https:\/\/now-news.de\/de\/#\/schema\/person\/image\/\",\"url\":\"https:\/\/secure.gravatar.com\/avatar\/82aafea7d8127119dd649515f56e2117?s=96&d=mm&r=g\",\"contentUrl\":\"https:\/\/secure.gravatar.com\/avatar\/82aafea7d8127119dd649515f56e2117?s=96&d=mm&r=g\",\"caption\":\"rtnews\"},\"url\":\"https:\/\/now-news.de\/de\/author\/rnews\/\"}]}<\/script>\n<!-- \/ Yoast SEO Premium plugin. -->","yoast_head_json":{"title":"Bundestag der Schande: Politik instrumentalisiert das Gedenken ans Kriegsende - just-now.NEWS Deutschland","robots":{"index":"index","follow":"follow","max-snippet":"max-snippet:-1","max-image-preview":"max-image-preview:large","max-video-preview":"max-video-preview:-1"},"canonical":"https:\/\/now-news.de\/de\/deutschland\/bundestag-der-schande-politik-instrumentalisiert-das-gedenken-ans-kriegsende\/","og_locale":"de_DE","og_type":"article","og_title":"Bundestag der Schande: Politik instrumentalisiert das Gedenken ans Kriegsende","og_description":"Russland und Wei\u00dfrussland sind nicht zur Gedenkfeier im Bundestag eingeladen. Das ist eine Schande. Deutschland verdankt der Sowjetunion sowohl die Befreiung vom Faschismus als auch die Wiedervereinigung. Das historische Bewusstsein der deutschen Bev\u00f6lkerung ist besser entwickelt als das ihrer Politiker. Von Gert Ewen Ungar Der Bundestag verzichtet hinsichtlich der Gedenkveranstaltung zum Ende des Zweiten Weltkriegs [&hellip;]","og_url":"https:\/\/now-news.de\/de\/deutschland\/bundestag-der-schande-politik-instrumentalisiert-das-gedenken-ans-kriegsende\/","og_site_name":"just-now.NEWS Deutschland","article_publisher":"https:\/\/www.facebook.com\/wirmachenauf","article_published_time":"2025-04-18T05:00:00+00:00","og_image":[{"url":"https:\/\/now-news.de\/de\/wp-content\/uploads\/sites\/3\/2025\/04\/6800ed3348fbef6ff814ea9f.jpg"}],"author":"rtnews","twitter_card":"summary_large_image","twitter_creator":"@WirMachenAuf_de","twitter_site":"@WirMachenAuf_de","twitter_misc":{"Verfasst von":"rtnews","Gesch\u00e4tzte Lesezeit":"5\u00a0Minuten"},"schema":{"@context":"https:\/\/schema.org","@graph":[{"@type":"Article","@id":"https:\/\/now-news.de\/de\/deutschland\/bundestag-der-schande-politik-instrumentalisiert-das-gedenken-ans-kriegsende\/#article","isPartOf":{"@id":"https:\/\/now-news.de\/de\/deutschland\/bundestag-der-schande-politik-instrumentalisiert-das-gedenken-ans-kriegsende\/"},"author":{"name":"rtnews","@id":"https:\/\/now-news.de\/de\/#\/schema\/person\/fb534a4e865501d8b3285208df34a9b5"},"headline":"Bundestag der Schande: Politik instrumentalisiert das Gedenken ans Kriegsende","datePublished":"2025-04-18T05:00:00+00:00","dateModified":"2025-04-18T05:00:00+00:00","mainEntityOfPage":{"@id":"https:\/\/now-news.de\/de\/deutschland\/bundestag-der-schande-politik-instrumentalisiert-das-gedenken-ans-kriegsende\/"},"wordCount":1018,"commentCount":0,"publisher":{"@id":"https:\/\/now-news.de\/de\/#organization"},"image":{"@id":"https:\/\/now-news.de\/de\/deutschland\/bundestag-der-schande-politik-instrumentalisiert-das-gedenken-ans-kriegsende\/#primaryimage"},"thumbnailUrl":"https:\/\/now-news.de\/de\/wp-content\/uploads\/sites\/3\/2025\/04\/Bundestag-der-Schande-Politik-instrumentalisiert-das-Gedenken-ans-Kriegsende.jpg","keywords":["ans","Bundestag","das","der","Gedenken","instrumentalisiert","Kriegsende","Politik","Schande"],"articleSection":["Deutschland","Russland"],"inLanguage":"de","potentialAction":[{"@type":"CommentAction","name":"Comment","target":["https:\/\/now-news.de\/de\/deutschland\/bundestag-der-schande-politik-instrumentalisiert-das-gedenken-ans-kriegsende\/#respond"]}]},{"@type":"WebPage","@id":"https:\/\/now-news.de\/de\/deutschland\/bundestag-der-schande-politik-instrumentalisiert-das-gedenken-ans-kriegsende\/","url":"https:\/\/now-news.de\/de\/deutschland\/bundestag-der-schande-politik-instrumentalisiert-das-gedenken-ans-kriegsende\/","name":"Bundestag der Schande: Politik instrumentalisiert das Gedenken ans Kriegsende - just-now.NEWS Deutschland","isPartOf":{"@id":"https:\/\/now-news.de\/de\/#website"},"primaryImageOfPage":{"@id":"https:\/\/now-news.de\/de\/deutschland\/bundestag-der-schande-politik-instrumentalisiert-das-gedenken-ans-kriegsende\/#primaryimage"},"image":{"@id":"https:\/\/now-news.de\/de\/deutschland\/bundestag-der-schande-politik-instrumentalisiert-das-gedenken-ans-kriegsende\/#primaryimage"},"thumbnailUrl":"https:\/\/now-news.de\/de\/wp-content\/uploads\/sites\/3\/2025\/04\/Bundestag-der-Schande-Politik-instrumentalisiert-das-Gedenken-ans-Kriegsende.jpg","datePublished":"2025-04-18T05:00:00+00:00","dateModified":"2025-04-18T05:00:00+00:00","breadcrumb":{"@id":"https:\/\/now-news.de\/de\/deutschland\/bundestag-der-schande-politik-instrumentalisiert-das-gedenken-ans-kriegsende\/#breadcrumb"},"inLanguage":"de","potentialAction":[{"@type":"ReadAction","target":["https:\/\/now-news.de\/de\/deutschland\/bundestag-der-schande-politik-instrumentalisiert-das-gedenken-ans-kriegsende\/"]}]},{"@type":"ImageObject","inLanguage":"de","@id":"https:\/\/now-news.de\/de\/deutschland\/bundestag-der-schande-politik-instrumentalisiert-das-gedenken-ans-kriegsende\/#primaryimage","url":"https:\/\/now-news.de\/de\/wp-content\/uploads\/sites\/3\/2025\/04\/Bundestag-der-Schande-Politik-instrumentalisiert-das-Gedenken-ans-Kriegsende.jpg","contentUrl":"https:\/\/now-news.de\/de\/wp-content\/uploads\/sites\/3\/2025\/04\/Bundestag-der-Schande-Politik-instrumentalisiert-das-Gedenken-ans-Kriegsende.jpg","width":460,"height":259,"caption":"Bundestag der Schande: Politik instrumentalisiert das Gedenken ans Kriegsende"},{"@type":"BreadcrumbList","@id":"https:\/\/now-news.de\/de\/deutschland\/bundestag-der-schande-politik-instrumentalisiert-das-gedenken-ans-kriegsende\/#breadcrumb","itemListElement":[{"@type":"ListItem","position":1,"name":"Home","item":"https:\/\/now-news.de\/de\/"},{"@type":"ListItem","position":2,"name":"Bundestag der Schande: Politik instrumentalisiert das Gedenken ans Kriegsende"}]},{"@type":"WebSite","@id":"https:\/\/now-news.de\/de\/#website","url":"https:\/\/now-news.de\/de\/","name":"just-now.NEWS Deutschland","description":"Das Portal f\u00fcr unzensierte Nachrichten aus der Welt","publisher":{"@id":"https:\/\/now-news.de\/de\/#organization"},"potentialAction":[{"@type":"SearchAction","target":{"@type":"EntryPoint","urlTemplate":"https:\/\/now-news.de\/de\/?s={search_term_string}"},"query-input":"required name=search_term_string"}],"inLanguage":"de"},{"@type":"Organization","@id":"https:\/\/now-news.de\/de\/#organization","name":"Just Now News","url":"https:\/\/now-news.de\/de\/","logo":{"@type":"ImageObject","inLanguage":"de","@id":"https:\/\/now-news.de\/de\/#\/schema\/logo\/image\/","url":"http:\/\/just-now.news\/de\/wp-content\/uploads\/sites\/3\/2022\/04\/logo500x500.jpg","contentUrl":"http:\/\/just-now.news\/de\/wp-content\/uploads\/sites\/3\/2022\/04\/logo500x500.jpg","width":500,"height":500,"caption":"Just Now News"},"image":{"@id":"https:\/\/now-news.de\/de\/#\/schema\/logo\/image\/"},"sameAs":["https:\/\/www.facebook.com\/wirmachenauf","https:\/\/x.com\/WirMachenAuf_de"]},{"@type":"Person","@id":"https:\/\/now-news.de\/de\/#\/schema\/person\/fb534a4e865501d8b3285208df34a9b5","name":"rtnews","image":{"@type":"ImageObject","inLanguage":"de","@id":"https:\/\/now-news.de\/de\/#\/schema\/person\/image\/","url":"https:\/\/secure.gravatar.com\/avatar\/82aafea7d8127119dd649515f56e2117?s=96&d=mm&r=g","contentUrl":"https:\/\/secure.gravatar.com\/avatar\/82aafea7d8127119dd649515f56e2117?s=96&d=mm&r=g","caption":"rtnews"},"url":"https:\/\/now-news.de\/de\/author\/rnews\/"}]}},"_links":{"self":[{"href":"https:\/\/now-news.de\/de\/wp-json\/wp\/v2\/posts\/82337"}],"collection":[{"href":"https:\/\/now-news.de\/de\/wp-json\/wp\/v2\/posts"}],"about":[{"href":"https:\/\/now-news.de\/de\/wp-json\/wp\/v2\/types\/post"}],"author":[{"embeddable":true,"href":"https:\/\/now-news.de\/de\/wp-json\/wp\/v2\/users\/3"}],"replies":[{"embeddable":true,"href":"https:\/\/now-news.de\/de\/wp-json\/wp\/v2\/comments?post=82337"}],"version-history":[{"count":0,"href":"https:\/\/now-news.de\/de\/wp-json\/wp\/v2\/posts\/82337\/revisions"}],"wp:featuredmedia":[{"embeddable":true,"href":"https:\/\/now-news.de\/de\/wp-json\/wp\/v2\/media\/82338"}],"wp:attachment":[{"href":"https:\/\/now-news.de\/de\/wp-json\/wp\/v2\/media?parent=82337"}],"wp:term":[{"taxonomy":"category","embeddable":true,"href":"https:\/\/now-news.de\/de\/wp-json\/wp\/v2\/categories?post=82337"},{"taxonomy":"post_tag","embeddable":true,"href":"https:\/\/now-news.de\/de\/wp-json\/wp\/v2\/tags?post=82337"}],"curies":[{"name":"wp","href":"https:\/\/api.w.org\/{rel}","templated":true}]}}