{"id":82286,"date":"2025-04-17T09:12:09","date_gmt":"2025-04-17T07:12:09","guid":{"rendered":"https:\/\/now-news.de\/de\/deutschland\/russischer-botschafter-bei-gedenkfeier-zum-80-jahrestag-der-befreiung-im-bundestag-unerwuenscht\/"},"modified":"2025-04-17T09:12:09","modified_gmt":"2025-04-17T07:12:09","slug":"russischer-botschafter-bei-gedenkfeier-zum-80-jahrestag-der-befreiung-im-bundestag-unerwuenscht","status":"publish","type":"post","link":"https:\/\/now-news.de\/de\/deutschland\/russischer-botschafter-bei-gedenkfeier-zum-80-jahrestag-der-befreiung-im-bundestag-unerwuenscht\/","title":{"rendered":"Russischer Botschafter bei Gedenkfeier zum 80. Jahrestag der Befreiung im Bundestag unerw\u00fcnscht"},"content":{"rendered":"<p><img decoding=\"async\" src=\"https:\/\/now-news.de\/de\/wp-content\/uploads\/sites\/3\/2025\/04\/680098dcb480cc16fe07a088.jpg\" \/><\/p>\n<div class=\"Text-root Text-type_1 \">\n                Die Teilnahme des russischen Botschafters Sergei Netschajew bei der Gedenkveranstaltung an den Seelower H\u00f6hen sorgte medial teils f\u00fcr Unmut und Unverst\u00e4ndnis. Die Pressestelle des Bundestags best\u00e4tigt, dass der Botschafter von der offiziellen Gedenkveranstaltung im Reichstag ausgeschlossen ist.\n            <\/div>\n<p><\/p>\n<div class=\"Text-root Text-type_5 ArticleView-text ViewText-root \">\n<p>Das Bundesland Brandenburg gedachte am\u00a016. April\u00a0der blutigen und unbarmherzigen Schlacht von Seelow im Zweiten Weltkrieg. Anwesend war dabei auch der\u00a0russische Botschafter in Deutschland, Sergei Netschajew (<em>RT DE<\/em>\u00a0<a rel=\"nofollow noopener\" target=\"_blank\" href=\"https:\/\/freedert.online\/inland\/242629-seelow-buergermeister-gutes-zeichen-fuer-frieden-europa-dass-russischer-botschafter-dabei-war\/\">berichtete<\/a>). Die Teilnahme des Botschafters an der Gedenkfeier auf den Seelower H\u00f6hen f\u00fchrte die absurde, dabei kontroverse mediale Diskussion fort, ausgehend von der inoffiziellen Anordnung des Ausw\u00e4rtigen Amtes unter der Leitung der Noch-Ministerin Annalena Baerbock. Diese hatte per Handreichung veranlasst, dass im 80. Gedenkjahr &#8220;grunds\u00e4tzlich keine Teilnahme offizieller Stellen an Veranstaltungen auf Einladung von Russland\/Belarus und keine Einladung an russische und belarussische Vertreter zu Gedenken von Bund, L\u00e4ndern und Kommunen&#8221; erfolgen soll. Die Pressestelle des Bundestags best\u00e4tigte nun nach entsprechender\u00a0<em>dpa<\/em>-Anfrage, dass &#8220;die Botschafter der Russischen F\u00f6deration und von Belarus nicht eingeladen wurden&#8221;.<\/p>\n<p>Das SPD-nahe\u00a0<em>Redaktionsnetzwerk Deutschland<\/em>\u00a0(<em>RND<\/em>)\u00a0<a rel=\"nofollow noopener\" target=\"_blank\" href=\"https:\/\/www.rnd.de\/politik\/bundestag-schliesst-russland-von-weltkriegs-gedenken-aus-SNEP7IK5HRPGLMQVUTL4X7NEPE.html\">titelt<\/a>\u00a0zu dem gehorsamen Vorgehen im hauptst\u00e4dtischen Regierungsviertel mit der \u00dcberschrift:<\/p>\n<p><em>&#8220;Er ist unerw\u00fcnscht \u2013 Bundestag schlie\u00dft Russland von Weltkriegs-Gedenken aus&#8221;<\/em><\/p>\n<p>Der Artikel erkl\u00e4rt einleitend, dass die Teilnahme des russischen Botschafters am Weltkriegs-Gedenken auf den Seelower H\u00f6hen\u00a0demnach\u00a0&#8220;f\u00fcr Aufsehen gesorgt&#8221; h\u00e4tte. Die Tagesschau-Redaktion\u00a0<a rel=\"nofollow noopener\" target=\"_blank\" href=\"https:\/\/www.tagesschau.de\/inland\/gesellschaft\/weltkriegsgedenken-seelow-100.html\">pr\u00e4sentierte\u00a0<\/a>am Abend des Tages die Suggestivfrage:<\/p>\n<p><em>&#8220;80 Jahre Weltkriegsgedenken: Propaganda statt Erinnerung?&#8221;<\/em><\/p>\n<p>Das Portal<em>\u00a0N-tv\u00a0<a rel=\"nofollow noopener\" target=\"_blank\" href=\"https:\/\/www.n-tv.de\/politik\/Umstrittener-Besuch-Gedenken-an-Schlacht-auf-den-Seelower-Hoehen-mit-dem-russischen-Botschafter-Sergej-Netschajew-article25709932.html\">bezeichnete<\/a><\/em>\u00a0die Teilnahme des Botschafters als &#8220;umstrittenen Besuch&#8221;.\u00a0<\/p>\n<p>Die Bundestagspressestelle erkl\u00e4rt laut\u00a0<em>RND<\/em>-Artikel, dass\u00a0sich die Parlamentsverwaltung demnach explizit &#8220;auf eine Empfehlung des Ausw\u00e4rtigen Amts beruft, in der von einer Einladung von Vertretern dieser beiden L\u00e4nder zu solchen Gedenkveranstaltungen abgeraten wird&#8221;. Weiter hei\u00dft es:<\/p>\n<p><em>&#8220;Diese Einsch\u00e4tzung f\u00fchrte dazu, dass u.\u00a0a. die Botschafter der Russischen F\u00f6deration und von Belarus nicht eingeladen wurden. Das Diplomatische Corps, dem alle in Berlin akkreditierten Botschafter angeh\u00f6ren, sei eingeladen worden.&#8221;<\/em><\/p>\n<p>Der Artikel erl\u00e4utert erneut die Bef\u00fcrchtungen seitens der Anordnung durch die verantwortliche Annalena Baerbock:<\/p>\n<p><em>&#8220;Begr\u00fcndet wurde das mit der Bef\u00fcrchtung, dass Russland diese Veranstaltungen &#8216;instrumentalisieren und mit seinem Angriffskrieg gegen die Ukraine missbr\u00e4uchlich in Verbindung bringen&#8217; k\u00f6nnte.&#8221;\u00a0<\/em><\/p>\n<p>Zu der gestrigen Veranstaltung in Seelow erkl\u00e4rt das\u00a0<em>RND<\/em>, dass Netschajew &#8220;zwar nicht aktiv von den Veranstaltern eingeladen wurde&#8221;, demgegen\u00fcber jedoch &#8220;aber auch nicht an der Teilnahme gehindert, sondern freundlich begr\u00fc\u00dft wurde&#8221;.<\/p>\n<p>Der Bundestag hat die offizielle Gedenkveranstaltung zum &#8220;80. Jahrestag des Endes des Zweiten Weltkriegs am 8. Mai&#8221; am Dienstag offiziell best\u00e4tigt und angek\u00fcndigt. &#8220;Der 2. Weltkrieg war der brutalste und blutigste Krieg der Geschichte. Wir erinnern und wir vergessen nicht&#8221;, erkl\u00e4rte die neue Bundestagspr\u00e4sidentin Julia Kl\u00f6ckner (CDU).<\/p>\n<p>Die Politikerin will den Angaben zufolge w\u00f6rtlich &#8220;in einer Ansprache besonders auf die Auswirkungen des Krieges auf Frauen und auf die Lehren f\u00fcr heute eingehen&#8221;. Darauffolgend die offizielle Rede zum Gedenken durch Bundespr\u00e4sident Frank-Walter Steinmeier.<\/p>\n<p><strong><br \/> Mehr zum Thema &#8211;<\/strong>\u00a0<a rel=\"nofollow noopener\" target=\"_blank\" href=\"https:\/\/freedert.online\/inland\/241609-deutsches-aussenministerium-will-gedenkfeiern-ohne\/\">Deutsches Au\u00dfenministerium will Gedenkfeiern ohne Russen<\/a><\/p>\n<div class=\"EmbedBlock-root EmbedBlock-externalVideo EmbedBlock-rumble\">\n<div class=\"VkEmbed\"><iframe class=\"lazyload\" data-src=\"https:\/\/rumble.com\/embed\/v6pznwj\" frameborder=\"0\" width=\"853\" height=\"480\" allowfullscreen><\/iframe><\/div>\n<\/div>\n<\/div>\n<p><br \/>\n<br \/><a href=\"https:\/\/de.rt.com\/inland\/242639-russischer-botschafter-bei-gedenkfeier-zum\/\">Source link <\/a><\/p>\n","protected":false},"excerpt":{"rendered":"<p>Die Teilnahme des russischen Botschafters Sergei Netschajew bei der Gedenkveranstaltung an den Seelower H\u00f6hen sorgte medial teils f\u00fcr Unmut und Unverst\u00e4ndnis. Die Pressestelle des Bundestags best\u00e4tigt, dass der Botschafter von der offiziellen Gedenkveranstaltung im Reichstag ausgeschlossen ist. Das Bundesland Brandenburg gedachte am\u00a016. April\u00a0der blutigen und unbarmherzigen Schlacht von Seelow im Zweiten Weltkrieg. Anwesend war dabei [&hellip;]<\/p>\n","protected":false},"author":3,"featured_media":82287,"comment_status":"open","ping_status":"open","sticky":false,"template":"","format":"standard","meta":{"_yoast_indexnow_last_ping":["1744874540"],"wp_automatic_camp":["217"],"e6f704f7ae6e08f879e7805245c992dc":["Russischer Botschafter bei Gedenkfeier zum 80. Jahrestag der Befreiung im Bundestag unerw\u00fcnscht"],"original_link":["https:\/\/de.rt.com\/inland\/242639-russischer-botschafter-bei-gedenkfeier-zum\/"],"_thumbnail_id":["82287"],"jnews_social_counter_last_update":["1777259367"],"_wptgpro_p2tg_sent2tg":["a:1:{i:23737;s:19:\"2025-04-17 09:23:19\";}"]},"categories":[19,23],"tags":[5542,363,4992,2105,82,854,16868,793,31836,565],"yoast_head":"<!-- This site is optimized with the Yoast SEO Premium plugin v22.7 (Yoast SEO v22.7) - https:\/\/yoast.com\/wordpress\/plugins\/seo\/ -->\n<title>Russischer Botschafter bei Gedenkfeier zum 80. Jahrestag der Befreiung im Bundestag unerw\u00fcnscht - just-now.NEWS Deutschland<\/title>\n<meta name=\"robots\" content=\"index, follow, max-snippet:-1, max-image-preview:large, max-video-preview:-1\" \/>\n<link rel=\"canonical\" href=\"https:\/\/now-news.de\/de\/deutschland\/russischer-botschafter-bei-gedenkfeier-zum-80-jahrestag-der-befreiung-im-bundestag-unerwuenscht\/\" \/>\n<meta property=\"og:locale\" content=\"de_DE\" \/>\n<meta property=\"og:type\" content=\"article\" \/>\n<meta property=\"og:title\" content=\"Russischer Botschafter bei Gedenkfeier zum 80. Jahrestag der Befreiung im Bundestag unerw\u00fcnscht\" \/>\n<meta property=\"og:description\" content=\"Die Teilnahme des russischen Botschafters Sergei Netschajew bei der Gedenkveranstaltung an den Seelower H\u00f6hen sorgte medial teils f\u00fcr Unmut und Unverst\u00e4ndnis. Die Pressestelle des Bundestags best\u00e4tigt, dass der Botschafter von der offiziellen Gedenkveranstaltung im Reichstag ausgeschlossen ist. Das Bundesland Brandenburg gedachte am\u00a016. April\u00a0der blutigen und unbarmherzigen Schlacht von Seelow im Zweiten Weltkrieg. Anwesend war dabei [&hellip;]\" \/>\n<meta property=\"og:url\" content=\"https:\/\/now-news.de\/de\/deutschland\/russischer-botschafter-bei-gedenkfeier-zum-80-jahrestag-der-befreiung-im-bundestag-unerwuenscht\/\" \/>\n<meta property=\"og:site_name\" content=\"just-now.NEWS Deutschland\" \/>\n<meta property=\"article:publisher\" content=\"https:\/\/www.facebook.com\/wirmachenauf\" \/>\n<meta property=\"article:published_time\" content=\"2025-04-17T07:12:09+00:00\" \/>\n<meta property=\"og:image\" content=\"https:\/\/now-news.de\/de\/wp-content\/uploads\/sites\/3\/2025\/04\/680098dcb480cc16fe07a088.jpg\" \/>\n<meta name=\"author\" content=\"rtnews\" \/>\n<meta name=\"twitter:card\" content=\"summary_large_image\" \/>\n<meta name=\"twitter:creator\" content=\"@WirMachenAuf_de\" \/>\n<meta name=\"twitter:site\" content=\"@WirMachenAuf_de\" \/>\n<meta name=\"twitter:label1\" content=\"Verfasst von\" \/>\n\t<meta name=\"twitter:data1\" content=\"rtnews\" \/>\n\t<meta name=\"twitter:label2\" content=\"Gesch\u00e4tzte Lesezeit\" \/>\n\t<meta name=\"twitter:data2\" content=\"3\u00a0Minuten\" \/>\n<script type=\"application\/ld+json\" class=\"yoast-schema-graph\">{\"@context\":\"https:\/\/schema.org\",\"@graph\":[{\"@type\":\"Article\",\"@id\":\"https:\/\/now-news.de\/de\/deutschland\/russischer-botschafter-bei-gedenkfeier-zum-80-jahrestag-der-befreiung-im-bundestag-unerwuenscht\/#article\",\"isPartOf\":{\"@id\":\"https:\/\/now-news.de\/de\/deutschland\/russischer-botschafter-bei-gedenkfeier-zum-80-jahrestag-der-befreiung-im-bundestag-unerwuenscht\/\"},\"author\":{\"name\":\"rtnews\",\"@id\":\"https:\/\/now-news.de\/de\/#\/schema\/person\/fb534a4e865501d8b3285208df34a9b5\"},\"headline\":\"Russischer Botschafter bei Gedenkfeier zum 80. Jahrestag der Befreiung im Bundestag unerw\u00fcnscht\",\"datePublished\":\"2025-04-17T07:12:09+00:00\",\"dateModified\":\"2025-04-17T07:12:09+00:00\",\"mainEntityOfPage\":{\"@id\":\"https:\/\/now-news.de\/de\/deutschland\/russischer-botschafter-bei-gedenkfeier-zum-80-jahrestag-der-befreiung-im-bundestag-unerwuenscht\/\"},\"wordCount\":515,\"commentCount\":0,\"publisher\":{\"@id\":\"https:\/\/now-news.de\/de\/#organization\"},\"image\":{\"@id\":\"https:\/\/now-news.de\/de\/deutschland\/russischer-botschafter-bei-gedenkfeier-zum-80-jahrestag-der-befreiung-im-bundestag-unerwuenscht\/#primaryimage\"},\"thumbnailUrl\":\"https:\/\/now-news.de\/de\/wp-content\/uploads\/sites\/3\/2025\/04\/Russischer-Botschafter-bei-Gedenkfeier-zum-80-Jahrestag-der-Befreiung-im.jpg\",\"keywords\":[\"Befreiung\",\"bei\",\"Botschafter\",\"Bundestag\",\"der\",\"Gedenkfeier\",\"Jahrestag\",\"Russischer\",\"UNERW\u00dcNSCHT\",\"zum\"],\"articleSection\":[\"Deutschland\",\"Russland\"],\"inLanguage\":\"de\",\"potentialAction\":[{\"@type\":\"CommentAction\",\"name\":\"Comment\",\"target\":[\"https:\/\/now-news.de\/de\/deutschland\/russischer-botschafter-bei-gedenkfeier-zum-80-jahrestag-der-befreiung-im-bundestag-unerwuenscht\/#respond\"]}]},{\"@type\":\"WebPage\",\"@id\":\"https:\/\/now-news.de\/de\/deutschland\/russischer-botschafter-bei-gedenkfeier-zum-80-jahrestag-der-befreiung-im-bundestag-unerwuenscht\/\",\"url\":\"https:\/\/now-news.de\/de\/deutschland\/russischer-botschafter-bei-gedenkfeier-zum-80-jahrestag-der-befreiung-im-bundestag-unerwuenscht\/\",\"name\":\"Russischer Botschafter bei Gedenkfeier zum 80. Jahrestag der Befreiung im Bundestag unerw\u00fcnscht - just-now.NEWS Deutschland\",\"isPartOf\":{\"@id\":\"https:\/\/now-news.de\/de\/#website\"},\"primaryImageOfPage\":{\"@id\":\"https:\/\/now-news.de\/de\/deutschland\/russischer-botschafter-bei-gedenkfeier-zum-80-jahrestag-der-befreiung-im-bundestag-unerwuenscht\/#primaryimage\"},\"image\":{\"@id\":\"https:\/\/now-news.de\/de\/deutschland\/russischer-botschafter-bei-gedenkfeier-zum-80-jahrestag-der-befreiung-im-bundestag-unerwuenscht\/#primaryimage\"},\"thumbnailUrl\":\"https:\/\/now-news.de\/de\/wp-content\/uploads\/sites\/3\/2025\/04\/Russischer-Botschafter-bei-Gedenkfeier-zum-80-Jahrestag-der-Befreiung-im.jpg\",\"datePublished\":\"2025-04-17T07:12:09+00:00\",\"dateModified\":\"2025-04-17T07:12:09+00:00\",\"breadcrumb\":{\"@id\":\"https:\/\/now-news.de\/de\/deutschland\/russischer-botschafter-bei-gedenkfeier-zum-80-jahrestag-der-befreiung-im-bundestag-unerwuenscht\/#breadcrumb\"},\"inLanguage\":\"de\",\"potentialAction\":[{\"@type\":\"ReadAction\",\"target\":[\"https:\/\/now-news.de\/de\/deutschland\/russischer-botschafter-bei-gedenkfeier-zum-80-jahrestag-der-befreiung-im-bundestag-unerwuenscht\/\"]}]},{\"@type\":\"ImageObject\",\"inLanguage\":\"de\",\"@id\":\"https:\/\/now-news.de\/de\/deutschland\/russischer-botschafter-bei-gedenkfeier-zum-80-jahrestag-der-befreiung-im-bundestag-unerwuenscht\/#primaryimage\",\"url\":\"https:\/\/now-news.de\/de\/wp-content\/uploads\/sites\/3\/2025\/04\/Russischer-Botschafter-bei-Gedenkfeier-zum-80-Jahrestag-der-Befreiung-im.jpg\",\"contentUrl\":\"https:\/\/now-news.de\/de\/wp-content\/uploads\/sites\/3\/2025\/04\/Russischer-Botschafter-bei-Gedenkfeier-zum-80-Jahrestag-der-Befreiung-im.jpg\",\"width\":460,\"height\":259,\"caption\":\"Russischer Botschafter bei Gedenkfeier zum 80. Jahrestag der Befreiung im Bundestag unerw\u00fcnscht\"},{\"@type\":\"BreadcrumbList\",\"@id\":\"https:\/\/now-news.de\/de\/deutschland\/russischer-botschafter-bei-gedenkfeier-zum-80-jahrestag-der-befreiung-im-bundestag-unerwuenscht\/#breadcrumb\",\"itemListElement\":[{\"@type\":\"ListItem\",\"position\":1,\"name\":\"Home\",\"item\":\"https:\/\/now-news.de\/de\/\"},{\"@type\":\"ListItem\",\"position\":2,\"name\":\"Russischer Botschafter bei Gedenkfeier zum 80. Jahrestag der Befreiung im Bundestag unerw\u00fcnscht\"}]},{\"@type\":\"WebSite\",\"@id\":\"https:\/\/now-news.de\/de\/#website\",\"url\":\"https:\/\/now-news.de\/de\/\",\"name\":\"just-now.NEWS Deutschland\",\"description\":\"Das Portal f\u00fcr unzensierte Nachrichten aus der Welt\",\"publisher\":{\"@id\":\"https:\/\/now-news.de\/de\/#organization\"},\"potentialAction\":[{\"@type\":\"SearchAction\",\"target\":{\"@type\":\"EntryPoint\",\"urlTemplate\":\"https:\/\/now-news.de\/de\/?s={search_term_string}\"},\"query-input\":\"required name=search_term_string\"}],\"inLanguage\":\"de\"},{\"@type\":\"Organization\",\"@id\":\"https:\/\/now-news.de\/de\/#organization\",\"name\":\"Just Now News\",\"url\":\"https:\/\/now-news.de\/de\/\",\"logo\":{\"@type\":\"ImageObject\",\"inLanguage\":\"de\",\"@id\":\"https:\/\/now-news.de\/de\/#\/schema\/logo\/image\/\",\"url\":\"http:\/\/just-now.news\/de\/wp-content\/uploads\/sites\/3\/2022\/04\/logo500x500.jpg\",\"contentUrl\":\"http:\/\/just-now.news\/de\/wp-content\/uploads\/sites\/3\/2022\/04\/logo500x500.jpg\",\"width\":500,\"height\":500,\"caption\":\"Just Now News\"},\"image\":{\"@id\":\"https:\/\/now-news.de\/de\/#\/schema\/logo\/image\/\"},\"sameAs\":[\"https:\/\/www.facebook.com\/wirmachenauf\",\"https:\/\/x.com\/WirMachenAuf_de\"]},{\"@type\":\"Person\",\"@id\":\"https:\/\/now-news.de\/de\/#\/schema\/person\/fb534a4e865501d8b3285208df34a9b5\",\"name\":\"rtnews\",\"image\":{\"@type\":\"ImageObject\",\"inLanguage\":\"de\",\"@id\":\"https:\/\/now-news.de\/de\/#\/schema\/person\/image\/\",\"url\":\"https:\/\/secure.gravatar.com\/avatar\/82aafea7d8127119dd649515f56e2117?s=96&d=mm&r=g\",\"contentUrl\":\"https:\/\/secure.gravatar.com\/avatar\/82aafea7d8127119dd649515f56e2117?s=96&d=mm&r=g\",\"caption\":\"rtnews\"},\"url\":\"https:\/\/now-news.de\/de\/author\/rnews\/\"}]}<\/script>\n<!-- \/ Yoast SEO Premium plugin. -->","yoast_head_json":{"title":"Russischer Botschafter bei Gedenkfeier zum 80. Jahrestag der Befreiung im Bundestag unerw\u00fcnscht - just-now.NEWS Deutschland","robots":{"index":"index","follow":"follow","max-snippet":"max-snippet:-1","max-image-preview":"max-image-preview:large","max-video-preview":"max-video-preview:-1"},"canonical":"https:\/\/now-news.de\/de\/deutschland\/russischer-botschafter-bei-gedenkfeier-zum-80-jahrestag-der-befreiung-im-bundestag-unerwuenscht\/","og_locale":"de_DE","og_type":"article","og_title":"Russischer Botschafter bei Gedenkfeier zum 80. Jahrestag der Befreiung im Bundestag unerw\u00fcnscht","og_description":"Die Teilnahme des russischen Botschafters Sergei Netschajew bei der Gedenkveranstaltung an den Seelower H\u00f6hen sorgte medial teils f\u00fcr Unmut und Unverst\u00e4ndnis. Die Pressestelle des Bundestags best\u00e4tigt, dass der Botschafter von der offiziellen Gedenkveranstaltung im Reichstag ausgeschlossen ist. Das Bundesland Brandenburg gedachte am\u00a016. April\u00a0der blutigen und unbarmherzigen Schlacht von Seelow im Zweiten Weltkrieg. Anwesend war dabei [&hellip;]","og_url":"https:\/\/now-news.de\/de\/deutschland\/russischer-botschafter-bei-gedenkfeier-zum-80-jahrestag-der-befreiung-im-bundestag-unerwuenscht\/","og_site_name":"just-now.NEWS Deutschland","article_publisher":"https:\/\/www.facebook.com\/wirmachenauf","article_published_time":"2025-04-17T07:12:09+00:00","og_image":[{"url":"https:\/\/now-news.de\/de\/wp-content\/uploads\/sites\/3\/2025\/04\/680098dcb480cc16fe07a088.jpg"}],"author":"rtnews","twitter_card":"summary_large_image","twitter_creator":"@WirMachenAuf_de","twitter_site":"@WirMachenAuf_de","twitter_misc":{"Verfasst von":"rtnews","Gesch\u00e4tzte Lesezeit":"3\u00a0Minuten"},"schema":{"@context":"https:\/\/schema.org","@graph":[{"@type":"Article","@id":"https:\/\/now-news.de\/de\/deutschland\/russischer-botschafter-bei-gedenkfeier-zum-80-jahrestag-der-befreiung-im-bundestag-unerwuenscht\/#article","isPartOf":{"@id":"https:\/\/now-news.de\/de\/deutschland\/russischer-botschafter-bei-gedenkfeier-zum-80-jahrestag-der-befreiung-im-bundestag-unerwuenscht\/"},"author":{"name":"rtnews","@id":"https:\/\/now-news.de\/de\/#\/schema\/person\/fb534a4e865501d8b3285208df34a9b5"},"headline":"Russischer Botschafter bei Gedenkfeier zum 80. Jahrestag der Befreiung im Bundestag unerw\u00fcnscht","datePublished":"2025-04-17T07:12:09+00:00","dateModified":"2025-04-17T07:12:09+00:00","mainEntityOfPage":{"@id":"https:\/\/now-news.de\/de\/deutschland\/russischer-botschafter-bei-gedenkfeier-zum-80-jahrestag-der-befreiung-im-bundestag-unerwuenscht\/"},"wordCount":515,"commentCount":0,"publisher":{"@id":"https:\/\/now-news.de\/de\/#organization"},"image":{"@id":"https:\/\/now-news.de\/de\/deutschland\/russischer-botschafter-bei-gedenkfeier-zum-80-jahrestag-der-befreiung-im-bundestag-unerwuenscht\/#primaryimage"},"thumbnailUrl":"https:\/\/now-news.de\/de\/wp-content\/uploads\/sites\/3\/2025\/04\/Russischer-Botschafter-bei-Gedenkfeier-zum-80-Jahrestag-der-Befreiung-im.jpg","keywords":["Befreiung","bei","Botschafter","Bundestag","der","Gedenkfeier","Jahrestag","Russischer","UNERW\u00dcNSCHT","zum"],"articleSection":["Deutschland","Russland"],"inLanguage":"de","potentialAction":[{"@type":"CommentAction","name":"Comment","target":["https:\/\/now-news.de\/de\/deutschland\/russischer-botschafter-bei-gedenkfeier-zum-80-jahrestag-der-befreiung-im-bundestag-unerwuenscht\/#respond"]}]},{"@type":"WebPage","@id":"https:\/\/now-news.de\/de\/deutschland\/russischer-botschafter-bei-gedenkfeier-zum-80-jahrestag-der-befreiung-im-bundestag-unerwuenscht\/","url":"https:\/\/now-news.de\/de\/deutschland\/russischer-botschafter-bei-gedenkfeier-zum-80-jahrestag-der-befreiung-im-bundestag-unerwuenscht\/","name":"Russischer Botschafter bei Gedenkfeier zum 80. Jahrestag der Befreiung im Bundestag unerw\u00fcnscht - just-now.NEWS Deutschland","isPartOf":{"@id":"https:\/\/now-news.de\/de\/#website"},"primaryImageOfPage":{"@id":"https:\/\/now-news.de\/de\/deutschland\/russischer-botschafter-bei-gedenkfeier-zum-80-jahrestag-der-befreiung-im-bundestag-unerwuenscht\/#primaryimage"},"image":{"@id":"https:\/\/now-news.de\/de\/deutschland\/russischer-botschafter-bei-gedenkfeier-zum-80-jahrestag-der-befreiung-im-bundestag-unerwuenscht\/#primaryimage"},"thumbnailUrl":"https:\/\/now-news.de\/de\/wp-content\/uploads\/sites\/3\/2025\/04\/Russischer-Botschafter-bei-Gedenkfeier-zum-80-Jahrestag-der-Befreiung-im.jpg","datePublished":"2025-04-17T07:12:09+00:00","dateModified":"2025-04-17T07:12:09+00:00","breadcrumb":{"@id":"https:\/\/now-news.de\/de\/deutschland\/russischer-botschafter-bei-gedenkfeier-zum-80-jahrestag-der-befreiung-im-bundestag-unerwuenscht\/#breadcrumb"},"inLanguage":"de","potentialAction":[{"@type":"ReadAction","target":["https:\/\/now-news.de\/de\/deutschland\/russischer-botschafter-bei-gedenkfeier-zum-80-jahrestag-der-befreiung-im-bundestag-unerwuenscht\/"]}]},{"@type":"ImageObject","inLanguage":"de","@id":"https:\/\/now-news.de\/de\/deutschland\/russischer-botschafter-bei-gedenkfeier-zum-80-jahrestag-der-befreiung-im-bundestag-unerwuenscht\/#primaryimage","url":"https:\/\/now-news.de\/de\/wp-content\/uploads\/sites\/3\/2025\/04\/Russischer-Botschafter-bei-Gedenkfeier-zum-80-Jahrestag-der-Befreiung-im.jpg","contentUrl":"https:\/\/now-news.de\/de\/wp-content\/uploads\/sites\/3\/2025\/04\/Russischer-Botschafter-bei-Gedenkfeier-zum-80-Jahrestag-der-Befreiung-im.jpg","width":460,"height":259,"caption":"Russischer Botschafter bei Gedenkfeier zum 80. Jahrestag der Befreiung im Bundestag unerw\u00fcnscht"},{"@type":"BreadcrumbList","@id":"https:\/\/now-news.de\/de\/deutschland\/russischer-botschafter-bei-gedenkfeier-zum-80-jahrestag-der-befreiung-im-bundestag-unerwuenscht\/#breadcrumb","itemListElement":[{"@type":"ListItem","position":1,"name":"Home","item":"https:\/\/now-news.de\/de\/"},{"@type":"ListItem","position":2,"name":"Russischer Botschafter bei Gedenkfeier zum 80. Jahrestag der Befreiung im Bundestag unerw\u00fcnscht"}]},{"@type":"WebSite","@id":"https:\/\/now-news.de\/de\/#website","url":"https:\/\/now-news.de\/de\/","name":"just-now.NEWS Deutschland","description":"Das Portal f\u00fcr unzensierte Nachrichten aus der Welt","publisher":{"@id":"https:\/\/now-news.de\/de\/#organization"},"potentialAction":[{"@type":"SearchAction","target":{"@type":"EntryPoint","urlTemplate":"https:\/\/now-news.de\/de\/?s={search_term_string}"},"query-input":"required name=search_term_string"}],"inLanguage":"de"},{"@type":"Organization","@id":"https:\/\/now-news.de\/de\/#organization","name":"Just Now News","url":"https:\/\/now-news.de\/de\/","logo":{"@type":"ImageObject","inLanguage":"de","@id":"https:\/\/now-news.de\/de\/#\/schema\/logo\/image\/","url":"http:\/\/just-now.news\/de\/wp-content\/uploads\/sites\/3\/2022\/04\/logo500x500.jpg","contentUrl":"http:\/\/just-now.news\/de\/wp-content\/uploads\/sites\/3\/2022\/04\/logo500x500.jpg","width":500,"height":500,"caption":"Just Now News"},"image":{"@id":"https:\/\/now-news.de\/de\/#\/schema\/logo\/image\/"},"sameAs":["https:\/\/www.facebook.com\/wirmachenauf","https:\/\/x.com\/WirMachenAuf_de"]},{"@type":"Person","@id":"https:\/\/now-news.de\/de\/#\/schema\/person\/fb534a4e865501d8b3285208df34a9b5","name":"rtnews","image":{"@type":"ImageObject","inLanguage":"de","@id":"https:\/\/now-news.de\/de\/#\/schema\/person\/image\/","url":"https:\/\/secure.gravatar.com\/avatar\/82aafea7d8127119dd649515f56e2117?s=96&d=mm&r=g","contentUrl":"https:\/\/secure.gravatar.com\/avatar\/82aafea7d8127119dd649515f56e2117?s=96&d=mm&r=g","caption":"rtnews"},"url":"https:\/\/now-news.de\/de\/author\/rnews\/"}]}},"_links":{"self":[{"href":"https:\/\/now-news.de\/de\/wp-json\/wp\/v2\/posts\/82286"}],"collection":[{"href":"https:\/\/now-news.de\/de\/wp-json\/wp\/v2\/posts"}],"about":[{"href":"https:\/\/now-news.de\/de\/wp-json\/wp\/v2\/types\/post"}],"author":[{"embeddable":true,"href":"https:\/\/now-news.de\/de\/wp-json\/wp\/v2\/users\/3"}],"replies":[{"embeddable":true,"href":"https:\/\/now-news.de\/de\/wp-json\/wp\/v2\/comments?post=82286"}],"version-history":[{"count":0,"href":"https:\/\/now-news.de\/de\/wp-json\/wp\/v2\/posts\/82286\/revisions"}],"wp:featuredmedia":[{"embeddable":true,"href":"https:\/\/now-news.de\/de\/wp-json\/wp\/v2\/media\/82287"}],"wp:attachment":[{"href":"https:\/\/now-news.de\/de\/wp-json\/wp\/v2\/media?parent=82286"}],"wp:term":[{"taxonomy":"category","embeddable":true,"href":"https:\/\/now-news.de\/de\/wp-json\/wp\/v2\/categories?post=82286"},{"taxonomy":"post_tag","embeddable":true,"href":"https:\/\/now-news.de\/de\/wp-json\/wp\/v2\/tags?post=82286"}],"curies":[{"name":"wp","href":"https:\/\/api.w.org\/{rel}","templated":true}]}}