{"id":82280,"date":"2025-04-16T22:07:50","date_gmt":"2025-04-16T20:07:50","guid":{"rendered":"https:\/\/now-news.de\/de\/deutschland\/zensur-in-der-schweiz-medienchef-von-bundesrat-jans-unterbindet-schularbeit-veroeffentlichung\/"},"modified":"2025-04-16T22:07:50","modified_gmt":"2025-04-16T20:07:50","slug":"zensur-in-der-schweiz-medienchef-von-bundesrat-jans-unterbindet-schularbeit-veroeffentlichung","status":"publish","type":"post","link":"https:\/\/now-news.de\/de\/deutschland\/zensur-in-der-schweiz-medienchef-von-bundesrat-jans-unterbindet-schularbeit-veroeffentlichung\/","title":{"rendered":"Zensur in der Schweiz: Medienchef von Bundesrat Jans unterbindet Schularbeit-Ver\u00f6ffentlichung"},"content":{"rendered":"<p><img decoding=\"async\" src=\"https:\/\/now-news.de\/de\/wp-content\/uploads\/sites\/3\/2025\/04\/67ff84f2b480cc5d4f0faa67.png\" \/><\/p>\n<div class=\"Text-root Text-type_1 \">\n                Ein heikler Zufall, dass Bundesrat Jans die Bedeutung der Medienfreiheit betont und gleichzeitig seine eigene Kommunikationsweise zensieren l\u00e4sst \u2013 welche Botschaft will er damit unseren Gymnasiasten vermitteln?\n            <\/div>\n<p><\/p>\n<div class=\"Text-root Text-type_5 ArticleView-text ViewText-root \">\n<p data-start=\"0\" data-end=\"467\">Zensur und Meinungsfreiheit \u2013 ein Thema, das in der Schweiz oft gro\u00dfe Diskussionen ausl\u00f6st, und im Fall einer Sch\u00fclerin vom Z\u00fcrcher Gymnasium R\u00e4mib\u00fchl nun f\u00fcr einige Aufregung sorgt.<\/p>\n<p data-start=\"0\" data-end=\"467\">Oliver Washington, der Medienchef von Bundesrat Beat Jans, verhinderte die Ver\u00f6ffentlichung einer Maturaarbeit, die Jans&#8217; Kommunikationsstil thematisierte.<\/p>\n<p data-start=\"0\" data-end=\"467\">Dies passierte ausgerechnet einen Tag nach Jans&#8217; \u00f6ffentlicher Rede zur Bedeutung der Medienfreiheit.\u00a0<\/p>\n<p data-start=\"469\" data-end=\"992\">Die Maturaarbeit der Sch\u00fclerin trug den Titel &#8220;Bundesrat Beat Jans: Authentischer Kommunikator oder kalkulierender Schweiger?&#8221; und beleuchtete die Kommunikationsweise des Bundesrats. Urspr\u00fcnglich sollte die Arbeit \u00f6ffentlich pr\u00e4sentiert werden, doch Washington stoppte die Ver\u00f6ffentlichung, weil er behauptete, die Sch\u00fclerin habe sich nicht an getroffene Absprachen gehalten. Doch ist es wirklich n\u00f6tig, so eine Zensur \u00fcber eine Schularbeit zu legen? Und wie passt das zusammen mit Jans&#8217; markigen Worten zur Medienfreiheit?<\/p>\n<p data-start=\"994\" data-end=\"1395\">Der Konflikt zwischen der Sch\u00fclerin und Washington eskalierte, als dieser seine Zitate zur\u00fcckzog und sich dann f\u00fcr die Zensur der Arbeit einsetzte. Trotz allem lie\u00df er die Arbeit von den Lehrkr\u00e4ften bewerten, damit die Sch\u00fclerin ihre Matura nicht gef\u00e4hrdet.\u00a0Dennoch bleibt die Frage:<\/p>\n<p data-start=\"994\" data-end=\"1395\">Hat der Medienchef wirklich nichts Besseres zu tun, als sich mit einer Sch\u00fclerin \u00fcber eine Schularbeit zu streiten?<\/p>\n<p data-start=\"1397\" data-end=\"1690\">Das Timing k\u00f6nnte nicht heikler sein: Einen Tag vor der Zensur hatte Jans bei einer Veranstaltung noch betont, wie wichtig Medienfreiheit und unabh\u00e4ngige Meinungsbildung seien \u2013 und genau das steht nun infrage. Wie kann jemand, der Zensur so vehement ablehnt, solch eine Entscheidung treffen?<\/p>\n<p data-start=\"1692\" data-end=\"1970\">Die Schulleitung des Gymnasiums R\u00e4mib\u00fchl h\u00e4lt sich bedeckt und \u00e4u\u00dfert sich nicht zu den Vorw\u00fcrfen. Die Zensur wirft ein schlechtes Licht auf den Umgang mit kritischen Stimmen und l\u00e4sst offen, inwieweit politische Einflussnahme die Bildungs- und Meinungsfreiheit gef\u00e4hrden kann.<\/p>\n<p data-start=\"1972\" data-end=\"2347\"><strong>Mehr zum Thema<\/strong>\u00a0\u2013\u00a0<a rel=\"nofollow noopener\" target=\"_blank\" href=\"https:\/\/de.rt.com\/international\/204238-pluenderung-ukrainischen-staatskasse-von-eisenbahn\/\">Die Schweiz und die gestohlenen Staatsgelder der Ukraine<\/a><\/p>\n<div class=\"EmbedBlock-root EmbedBlock-externalVideo EmbedBlock-rumble\">\n<div class=\"VkEmbed\"><iframe class=\"lazyload\" data-src=\"https:\/\/rumble.com\/embed\/v5hkgnp\" frameborder=\"0\" width=\"853\" height=\"480\" allowfullscreen><\/iframe><\/div>\n<\/div>\n<\/div>\n<p><br \/>\n<br \/><a href=\"https:\/\/de.rt.com\/schweiz\/242573-zensur-in-schweiz-bundesrat-beat\/\">Source link <\/a><\/p>\n","protected":false},"excerpt":{"rendered":"<p>Ein heikler Zufall, dass Bundesrat Jans die Bedeutung der Medienfreiheit betont und gleichzeitig seine eigene Kommunikationsweise zensieren l\u00e4sst \u2013 welche Botschaft will er damit unseren Gymnasiasten vermitteln? Zensur und Meinungsfreiheit \u2013 ein Thema, das in der Schweiz oft gro\u00dfe Diskussionen ausl\u00f6st, und im Fall einer Sch\u00fclerin vom Z\u00fcrcher Gymnasium R\u00e4mib\u00fchl nun f\u00fcr einige Aufregung sorgt. [&hellip;]<\/p>\n","protected":false},"author":3,"featured_media":82281,"comment_status":"open","ping_status":"open","sticky":false,"template":"","format":"standard","meta":{"_yoast_indexnow_last_ping":["1744835954"],"wp_automatic_camp":["217"],"c6778f17f40d0bf89edb71b6cf3aed6f":["Zensur in der Schweiz: Medienchef von Bundesrat Jans unterbindet Schularbeit-Ver\u00f6ffentlichung"],"original_link":["https:\/\/de.rt.com\/schweiz\/242573-zensur-in-schweiz-bundesrat-beat\/"],"_thumbnail_id":["82281"],"jnews_social_counter_last_update":["1777197575"],"_wptgpro_p2tg_sent2tg":["a:1:{i:23737;s:19:\"2025-04-16 22:40:14\";}"]},"categories":[19,23],"tags":[21086,82,54956,60323,64336,4207,49548,50,5381],"yoast_head":"<!-- This site is optimized with the Yoast SEO Premium plugin v22.7 (Yoast SEO v22.7) - https:\/\/yoast.com\/wordpress\/plugins\/seo\/ -->\n<title>Zensur in der Schweiz: Medienchef von Bundesrat Jans unterbindet Schularbeit-Ver\u00f6ffentlichung - just-now.NEWS Deutschland<\/title>\n<meta name=\"robots\" content=\"index, follow, max-snippet:-1, max-image-preview:large, max-video-preview:-1\" \/>\n<link rel=\"canonical\" href=\"https:\/\/now-news.de\/de\/deutschland\/zensur-in-der-schweiz-medienchef-von-bundesrat-jans-unterbindet-schularbeit-veroeffentlichung\/\" \/>\n<meta property=\"og:locale\" content=\"de_DE\" \/>\n<meta property=\"og:type\" content=\"article\" \/>\n<meta property=\"og:title\" content=\"Zensur in der Schweiz: Medienchef von Bundesrat Jans unterbindet Schularbeit-Ver\u00f6ffentlichung\" \/>\n<meta property=\"og:description\" content=\"Ein heikler Zufall, dass Bundesrat Jans die Bedeutung der Medienfreiheit betont und gleichzeitig seine eigene Kommunikationsweise zensieren l\u00e4sst \u2013 welche Botschaft will er damit unseren Gymnasiasten vermitteln? Zensur und Meinungsfreiheit \u2013 ein Thema, das in der Schweiz oft gro\u00dfe Diskussionen ausl\u00f6st, und im Fall einer Sch\u00fclerin vom Z\u00fcrcher Gymnasium R\u00e4mib\u00fchl nun f\u00fcr einige Aufregung sorgt. [&hellip;]\" \/>\n<meta property=\"og:url\" content=\"https:\/\/now-news.de\/de\/deutschland\/zensur-in-der-schweiz-medienchef-von-bundesrat-jans-unterbindet-schularbeit-veroeffentlichung\/\" \/>\n<meta property=\"og:site_name\" content=\"just-now.NEWS Deutschland\" \/>\n<meta property=\"article:publisher\" content=\"https:\/\/www.facebook.com\/wirmachenauf\" \/>\n<meta property=\"article:published_time\" content=\"2025-04-16T20:07:50+00:00\" \/>\n<meta property=\"og:image\" content=\"https:\/\/now-news.de\/de\/wp-content\/uploads\/sites\/3\/2025\/04\/67ff84f2b480cc5d4f0faa67.png\" \/>\n<meta name=\"author\" content=\"rtnews\" \/>\n<meta name=\"twitter:card\" content=\"summary_large_image\" \/>\n<meta name=\"twitter:creator\" content=\"@WirMachenAuf_de\" \/>\n<meta name=\"twitter:site\" content=\"@WirMachenAuf_de\" \/>\n<meta name=\"twitter:label1\" content=\"Verfasst von\" \/>\n\t<meta name=\"twitter:data1\" content=\"rtnews\" \/>\n\t<meta name=\"twitter:label2\" content=\"Gesch\u00e4tzte Lesezeit\" \/>\n\t<meta name=\"twitter:data2\" content=\"2\u00a0Minuten\" \/>\n<script type=\"application\/ld+json\" class=\"yoast-schema-graph\">{\"@context\":\"https:\/\/schema.org\",\"@graph\":[{\"@type\":\"Article\",\"@id\":\"https:\/\/now-news.de\/de\/deutschland\/zensur-in-der-schweiz-medienchef-von-bundesrat-jans-unterbindet-schularbeit-veroeffentlichung\/#article\",\"isPartOf\":{\"@id\":\"https:\/\/now-news.de\/de\/deutschland\/zensur-in-der-schweiz-medienchef-von-bundesrat-jans-unterbindet-schularbeit-veroeffentlichung\/\"},\"author\":{\"name\":\"rtnews\",\"@id\":\"https:\/\/now-news.de\/de\/#\/schema\/person\/fb534a4e865501d8b3285208df34a9b5\"},\"headline\":\"Zensur in der Schweiz: Medienchef von Bundesrat Jans unterbindet Schularbeit-Ver\u00f6ffentlichung\",\"datePublished\":\"2025-04-16T20:07:50+00:00\",\"dateModified\":\"2025-04-16T20:07:50+00:00\",\"mainEntityOfPage\":{\"@id\":\"https:\/\/now-news.de\/de\/deutschland\/zensur-in-der-schweiz-medienchef-von-bundesrat-jans-unterbindet-schularbeit-veroeffentlichung\/\"},\"wordCount\":351,\"commentCount\":0,\"publisher\":{\"@id\":\"https:\/\/now-news.de\/de\/#organization\"},\"image\":{\"@id\":\"https:\/\/now-news.de\/de\/deutschland\/zensur-in-der-schweiz-medienchef-von-bundesrat-jans-unterbindet-schularbeit-veroeffentlichung\/#primaryimage\"},\"thumbnailUrl\":\"https:\/\/now-news.de\/de\/wp-content\/uploads\/sites\/3\/2025\/04\/Zensur-in-der-Schweiz-Medienchef-von-Bundesrat-Jans-unterbindet-Schularbeit-Veroeffentlichung.png\",\"keywords\":[\"Bundesrat\",\"der\",\"Jans\",\"Medienchef\",\"SchularbeitVer\u00f6ffentlichung\",\"schweiz\",\"unterbindet\",\"von\",\"Zensur\"],\"articleSection\":[\"Deutschland\",\"Russland\"],\"inLanguage\":\"de\",\"potentialAction\":[{\"@type\":\"CommentAction\",\"name\":\"Comment\",\"target\":[\"https:\/\/now-news.de\/de\/deutschland\/zensur-in-der-schweiz-medienchef-von-bundesrat-jans-unterbindet-schularbeit-veroeffentlichung\/#respond\"]}]},{\"@type\":\"WebPage\",\"@id\":\"https:\/\/now-news.de\/de\/deutschland\/zensur-in-der-schweiz-medienchef-von-bundesrat-jans-unterbindet-schularbeit-veroeffentlichung\/\",\"url\":\"https:\/\/now-news.de\/de\/deutschland\/zensur-in-der-schweiz-medienchef-von-bundesrat-jans-unterbindet-schularbeit-veroeffentlichung\/\",\"name\":\"Zensur in der Schweiz: Medienchef von Bundesrat Jans unterbindet Schularbeit-Ver\u00f6ffentlichung - just-now.NEWS Deutschland\",\"isPartOf\":{\"@id\":\"https:\/\/now-news.de\/de\/#website\"},\"primaryImageOfPage\":{\"@id\":\"https:\/\/now-news.de\/de\/deutschland\/zensur-in-der-schweiz-medienchef-von-bundesrat-jans-unterbindet-schularbeit-veroeffentlichung\/#primaryimage\"},\"image\":{\"@id\":\"https:\/\/now-news.de\/de\/deutschland\/zensur-in-der-schweiz-medienchef-von-bundesrat-jans-unterbindet-schularbeit-veroeffentlichung\/#primaryimage\"},\"thumbnailUrl\":\"https:\/\/now-news.de\/de\/wp-content\/uploads\/sites\/3\/2025\/04\/Zensur-in-der-Schweiz-Medienchef-von-Bundesrat-Jans-unterbindet-Schularbeit-Veroeffentlichung.png\",\"datePublished\":\"2025-04-16T20:07:50+00:00\",\"dateModified\":\"2025-04-16T20:07:50+00:00\",\"breadcrumb\":{\"@id\":\"https:\/\/now-news.de\/de\/deutschland\/zensur-in-der-schweiz-medienchef-von-bundesrat-jans-unterbindet-schularbeit-veroeffentlichung\/#breadcrumb\"},\"inLanguage\":\"de\",\"potentialAction\":[{\"@type\":\"ReadAction\",\"target\":[\"https:\/\/now-news.de\/de\/deutschland\/zensur-in-der-schweiz-medienchef-von-bundesrat-jans-unterbindet-schularbeit-veroeffentlichung\/\"]}]},{\"@type\":\"ImageObject\",\"inLanguage\":\"de\",\"@id\":\"https:\/\/now-news.de\/de\/deutschland\/zensur-in-der-schweiz-medienchef-von-bundesrat-jans-unterbindet-schularbeit-veroeffentlichung\/#primaryimage\",\"url\":\"https:\/\/now-news.de\/de\/wp-content\/uploads\/sites\/3\/2025\/04\/Zensur-in-der-Schweiz-Medienchef-von-Bundesrat-Jans-unterbindet-Schularbeit-Veroeffentlichung.png\",\"contentUrl\":\"https:\/\/now-news.de\/de\/wp-content\/uploads\/sites\/3\/2025\/04\/Zensur-in-der-Schweiz-Medienchef-von-Bundesrat-Jans-unterbindet-Schularbeit-Veroeffentlichung.png\",\"width\":460,\"height\":259,\"caption\":\"Zensur in der Schweiz: Medienchef von Bundesrat Jans unterbindet Schularbeit-Ver\u00f6ffentlichung\"},{\"@type\":\"BreadcrumbList\",\"@id\":\"https:\/\/now-news.de\/de\/deutschland\/zensur-in-der-schweiz-medienchef-von-bundesrat-jans-unterbindet-schularbeit-veroeffentlichung\/#breadcrumb\",\"itemListElement\":[{\"@type\":\"ListItem\",\"position\":1,\"name\":\"Home\",\"item\":\"https:\/\/now-news.de\/de\/\"},{\"@type\":\"ListItem\",\"position\":2,\"name\":\"Zensur in der Schweiz: Medienchef von Bundesrat Jans unterbindet Schularbeit-Ver\u00f6ffentlichung\"}]},{\"@type\":\"WebSite\",\"@id\":\"https:\/\/now-news.de\/de\/#website\",\"url\":\"https:\/\/now-news.de\/de\/\",\"name\":\"just-now.NEWS Deutschland\",\"description\":\"Das Portal f\u00fcr unzensierte Nachrichten aus der Welt\",\"publisher\":{\"@id\":\"https:\/\/now-news.de\/de\/#organization\"},\"potentialAction\":[{\"@type\":\"SearchAction\",\"target\":{\"@type\":\"EntryPoint\",\"urlTemplate\":\"https:\/\/now-news.de\/de\/?s={search_term_string}\"},\"query-input\":\"required name=search_term_string\"}],\"inLanguage\":\"de\"},{\"@type\":\"Organization\",\"@id\":\"https:\/\/now-news.de\/de\/#organization\",\"name\":\"Just Now News\",\"url\":\"https:\/\/now-news.de\/de\/\",\"logo\":{\"@type\":\"ImageObject\",\"inLanguage\":\"de\",\"@id\":\"https:\/\/now-news.de\/de\/#\/schema\/logo\/image\/\",\"url\":\"http:\/\/just-now.news\/de\/wp-content\/uploads\/sites\/3\/2022\/04\/logo500x500.jpg\",\"contentUrl\":\"http:\/\/just-now.news\/de\/wp-content\/uploads\/sites\/3\/2022\/04\/logo500x500.jpg\",\"width\":500,\"height\":500,\"caption\":\"Just Now News\"},\"image\":{\"@id\":\"https:\/\/now-news.de\/de\/#\/schema\/logo\/image\/\"},\"sameAs\":[\"https:\/\/www.facebook.com\/wirmachenauf\",\"https:\/\/x.com\/WirMachenAuf_de\"]},{\"@type\":\"Person\",\"@id\":\"https:\/\/now-news.de\/de\/#\/schema\/person\/fb534a4e865501d8b3285208df34a9b5\",\"name\":\"rtnews\",\"image\":{\"@type\":\"ImageObject\",\"inLanguage\":\"de\",\"@id\":\"https:\/\/now-news.de\/de\/#\/schema\/person\/image\/\",\"url\":\"https:\/\/secure.gravatar.com\/avatar\/82aafea7d8127119dd649515f56e2117?s=96&d=mm&r=g\",\"contentUrl\":\"https:\/\/secure.gravatar.com\/avatar\/82aafea7d8127119dd649515f56e2117?s=96&d=mm&r=g\",\"caption\":\"rtnews\"},\"url\":\"https:\/\/now-news.de\/de\/author\/rnews\/\"}]}<\/script>\n<!-- \/ Yoast SEO Premium plugin. -->","yoast_head_json":{"title":"Zensur in der Schweiz: Medienchef von Bundesrat Jans unterbindet Schularbeit-Ver\u00f6ffentlichung - just-now.NEWS Deutschland","robots":{"index":"index","follow":"follow","max-snippet":"max-snippet:-1","max-image-preview":"max-image-preview:large","max-video-preview":"max-video-preview:-1"},"canonical":"https:\/\/now-news.de\/de\/deutschland\/zensur-in-der-schweiz-medienchef-von-bundesrat-jans-unterbindet-schularbeit-veroeffentlichung\/","og_locale":"de_DE","og_type":"article","og_title":"Zensur in der Schweiz: Medienchef von Bundesrat Jans unterbindet Schularbeit-Ver\u00f6ffentlichung","og_description":"Ein heikler Zufall, dass Bundesrat Jans die Bedeutung der Medienfreiheit betont und gleichzeitig seine eigene Kommunikationsweise zensieren l\u00e4sst \u2013 welche Botschaft will er damit unseren Gymnasiasten vermitteln? Zensur und Meinungsfreiheit \u2013 ein Thema, das in der Schweiz oft gro\u00dfe Diskussionen ausl\u00f6st, und im Fall einer Sch\u00fclerin vom Z\u00fcrcher Gymnasium R\u00e4mib\u00fchl nun f\u00fcr einige Aufregung sorgt. [&hellip;]","og_url":"https:\/\/now-news.de\/de\/deutschland\/zensur-in-der-schweiz-medienchef-von-bundesrat-jans-unterbindet-schularbeit-veroeffentlichung\/","og_site_name":"just-now.NEWS Deutschland","article_publisher":"https:\/\/www.facebook.com\/wirmachenauf","article_published_time":"2025-04-16T20:07:50+00:00","og_image":[{"url":"https:\/\/now-news.de\/de\/wp-content\/uploads\/sites\/3\/2025\/04\/67ff84f2b480cc5d4f0faa67.png"}],"author":"rtnews","twitter_card":"summary_large_image","twitter_creator":"@WirMachenAuf_de","twitter_site":"@WirMachenAuf_de","twitter_misc":{"Verfasst von":"rtnews","Gesch\u00e4tzte Lesezeit":"2\u00a0Minuten"},"schema":{"@context":"https:\/\/schema.org","@graph":[{"@type":"Article","@id":"https:\/\/now-news.de\/de\/deutschland\/zensur-in-der-schweiz-medienchef-von-bundesrat-jans-unterbindet-schularbeit-veroeffentlichung\/#article","isPartOf":{"@id":"https:\/\/now-news.de\/de\/deutschland\/zensur-in-der-schweiz-medienchef-von-bundesrat-jans-unterbindet-schularbeit-veroeffentlichung\/"},"author":{"name":"rtnews","@id":"https:\/\/now-news.de\/de\/#\/schema\/person\/fb534a4e865501d8b3285208df34a9b5"},"headline":"Zensur in der Schweiz: Medienchef von Bundesrat Jans unterbindet Schularbeit-Ver\u00f6ffentlichung","datePublished":"2025-04-16T20:07:50+00:00","dateModified":"2025-04-16T20:07:50+00:00","mainEntityOfPage":{"@id":"https:\/\/now-news.de\/de\/deutschland\/zensur-in-der-schweiz-medienchef-von-bundesrat-jans-unterbindet-schularbeit-veroeffentlichung\/"},"wordCount":351,"commentCount":0,"publisher":{"@id":"https:\/\/now-news.de\/de\/#organization"},"image":{"@id":"https:\/\/now-news.de\/de\/deutschland\/zensur-in-der-schweiz-medienchef-von-bundesrat-jans-unterbindet-schularbeit-veroeffentlichung\/#primaryimage"},"thumbnailUrl":"https:\/\/now-news.de\/de\/wp-content\/uploads\/sites\/3\/2025\/04\/Zensur-in-der-Schweiz-Medienchef-von-Bundesrat-Jans-unterbindet-Schularbeit-Veroeffentlichung.png","keywords":["Bundesrat","der","Jans","Medienchef","SchularbeitVer\u00f6ffentlichung","schweiz","unterbindet","von","Zensur"],"articleSection":["Deutschland","Russland"],"inLanguage":"de","potentialAction":[{"@type":"CommentAction","name":"Comment","target":["https:\/\/now-news.de\/de\/deutschland\/zensur-in-der-schweiz-medienchef-von-bundesrat-jans-unterbindet-schularbeit-veroeffentlichung\/#respond"]}]},{"@type":"WebPage","@id":"https:\/\/now-news.de\/de\/deutschland\/zensur-in-der-schweiz-medienchef-von-bundesrat-jans-unterbindet-schularbeit-veroeffentlichung\/","url":"https:\/\/now-news.de\/de\/deutschland\/zensur-in-der-schweiz-medienchef-von-bundesrat-jans-unterbindet-schularbeit-veroeffentlichung\/","name":"Zensur in der Schweiz: Medienchef von Bundesrat Jans unterbindet Schularbeit-Ver\u00f6ffentlichung - just-now.NEWS Deutschland","isPartOf":{"@id":"https:\/\/now-news.de\/de\/#website"},"primaryImageOfPage":{"@id":"https:\/\/now-news.de\/de\/deutschland\/zensur-in-der-schweiz-medienchef-von-bundesrat-jans-unterbindet-schularbeit-veroeffentlichung\/#primaryimage"},"image":{"@id":"https:\/\/now-news.de\/de\/deutschland\/zensur-in-der-schweiz-medienchef-von-bundesrat-jans-unterbindet-schularbeit-veroeffentlichung\/#primaryimage"},"thumbnailUrl":"https:\/\/now-news.de\/de\/wp-content\/uploads\/sites\/3\/2025\/04\/Zensur-in-der-Schweiz-Medienchef-von-Bundesrat-Jans-unterbindet-Schularbeit-Veroeffentlichung.png","datePublished":"2025-04-16T20:07:50+00:00","dateModified":"2025-04-16T20:07:50+00:00","breadcrumb":{"@id":"https:\/\/now-news.de\/de\/deutschland\/zensur-in-der-schweiz-medienchef-von-bundesrat-jans-unterbindet-schularbeit-veroeffentlichung\/#breadcrumb"},"inLanguage":"de","potentialAction":[{"@type":"ReadAction","target":["https:\/\/now-news.de\/de\/deutschland\/zensur-in-der-schweiz-medienchef-von-bundesrat-jans-unterbindet-schularbeit-veroeffentlichung\/"]}]},{"@type":"ImageObject","inLanguage":"de","@id":"https:\/\/now-news.de\/de\/deutschland\/zensur-in-der-schweiz-medienchef-von-bundesrat-jans-unterbindet-schularbeit-veroeffentlichung\/#primaryimage","url":"https:\/\/now-news.de\/de\/wp-content\/uploads\/sites\/3\/2025\/04\/Zensur-in-der-Schweiz-Medienchef-von-Bundesrat-Jans-unterbindet-Schularbeit-Veroeffentlichung.png","contentUrl":"https:\/\/now-news.de\/de\/wp-content\/uploads\/sites\/3\/2025\/04\/Zensur-in-der-Schweiz-Medienchef-von-Bundesrat-Jans-unterbindet-Schularbeit-Veroeffentlichung.png","width":460,"height":259,"caption":"Zensur in der Schweiz: Medienchef von Bundesrat Jans unterbindet Schularbeit-Ver\u00f6ffentlichung"},{"@type":"BreadcrumbList","@id":"https:\/\/now-news.de\/de\/deutschland\/zensur-in-der-schweiz-medienchef-von-bundesrat-jans-unterbindet-schularbeit-veroeffentlichung\/#breadcrumb","itemListElement":[{"@type":"ListItem","position":1,"name":"Home","item":"https:\/\/now-news.de\/de\/"},{"@type":"ListItem","position":2,"name":"Zensur in der Schweiz: Medienchef von Bundesrat Jans unterbindet Schularbeit-Ver\u00f6ffentlichung"}]},{"@type":"WebSite","@id":"https:\/\/now-news.de\/de\/#website","url":"https:\/\/now-news.de\/de\/","name":"just-now.NEWS Deutschland","description":"Das Portal f\u00fcr unzensierte Nachrichten aus der Welt","publisher":{"@id":"https:\/\/now-news.de\/de\/#organization"},"potentialAction":[{"@type":"SearchAction","target":{"@type":"EntryPoint","urlTemplate":"https:\/\/now-news.de\/de\/?s={search_term_string}"},"query-input":"required name=search_term_string"}],"inLanguage":"de"},{"@type":"Organization","@id":"https:\/\/now-news.de\/de\/#organization","name":"Just Now News","url":"https:\/\/now-news.de\/de\/","logo":{"@type":"ImageObject","inLanguage":"de","@id":"https:\/\/now-news.de\/de\/#\/schema\/logo\/image\/","url":"http:\/\/just-now.news\/de\/wp-content\/uploads\/sites\/3\/2022\/04\/logo500x500.jpg","contentUrl":"http:\/\/just-now.news\/de\/wp-content\/uploads\/sites\/3\/2022\/04\/logo500x500.jpg","width":500,"height":500,"caption":"Just Now News"},"image":{"@id":"https:\/\/now-news.de\/de\/#\/schema\/logo\/image\/"},"sameAs":["https:\/\/www.facebook.com\/wirmachenauf","https:\/\/x.com\/WirMachenAuf_de"]},{"@type":"Person","@id":"https:\/\/now-news.de\/de\/#\/schema\/person\/fb534a4e865501d8b3285208df34a9b5","name":"rtnews","image":{"@type":"ImageObject","inLanguage":"de","@id":"https:\/\/now-news.de\/de\/#\/schema\/person\/image\/","url":"https:\/\/secure.gravatar.com\/avatar\/82aafea7d8127119dd649515f56e2117?s=96&d=mm&r=g","contentUrl":"https:\/\/secure.gravatar.com\/avatar\/82aafea7d8127119dd649515f56e2117?s=96&d=mm&r=g","caption":"rtnews"},"url":"https:\/\/now-news.de\/de\/author\/rnews\/"}]}},"_links":{"self":[{"href":"https:\/\/now-news.de\/de\/wp-json\/wp\/v2\/posts\/82280"}],"collection":[{"href":"https:\/\/now-news.de\/de\/wp-json\/wp\/v2\/posts"}],"about":[{"href":"https:\/\/now-news.de\/de\/wp-json\/wp\/v2\/types\/post"}],"author":[{"embeddable":true,"href":"https:\/\/now-news.de\/de\/wp-json\/wp\/v2\/users\/3"}],"replies":[{"embeddable":true,"href":"https:\/\/now-news.de\/de\/wp-json\/wp\/v2\/comments?post=82280"}],"version-history":[{"count":0,"href":"https:\/\/now-news.de\/de\/wp-json\/wp\/v2\/posts\/82280\/revisions"}],"wp:featuredmedia":[{"embeddable":true,"href":"https:\/\/now-news.de\/de\/wp-json\/wp\/v2\/media\/82281"}],"wp:attachment":[{"href":"https:\/\/now-news.de\/de\/wp-json\/wp\/v2\/media?parent=82280"}],"wp:term":[{"taxonomy":"category","embeddable":true,"href":"https:\/\/now-news.de\/de\/wp-json\/wp\/v2\/categories?post=82280"},{"taxonomy":"post_tag","embeddable":true,"href":"https:\/\/now-news.de\/de\/wp-json\/wp\/v2\/tags?post=82280"}],"curies":[{"name":"wp","href":"https:\/\/api.w.org\/{rel}","templated":true}]}}