{"id":82276,"date":"2025-04-16T21:56:11","date_gmt":"2025-04-16T19:56:11","guid":{"rendered":"https:\/\/now-news.de\/de\/deutschland\/wien-islamischer-schueleranteil-in-pflichtschulen-erreicht-412-prozent\/"},"modified":"2025-04-16T21:56:11","modified_gmt":"2025-04-16T19:56:11","slug":"wien-islamischer-schueleranteil-in-pflichtschulen-erreicht-412-prozent","status":"publish","type":"post","link":"https:\/\/now-news.de\/de\/deutschland\/wien-islamischer-schueleranteil-in-pflichtschulen-erreicht-412-prozent\/","title":{"rendered":"Wien: Islamischer Sch\u00fcleranteil in Pflichtschulen erreicht 41,2 Prozent"},"content":{"rendered":"<p><img decoding=\"async\" src=\"https:\/\/now-news.de\/de\/wp-content\/uploads\/sites\/3\/2025\/04\/67ff3f81b480cc3b0f7be932.jpg\" \/><\/p>\n<div class=\"Text-root Text-type_1 \">\n                Der Anteil muslimischer Sch\u00fcler in Wiens Pflichtschulen liegt bei 41,2 Prozent und \u00fcbertrifft damit den christlichen. \u00d6sterreich plant ein Pflichtfach zu Demokratie und Werten, um gesellschaftlicher Spaltung entgegenzuwirken.\n            <\/div>\n<p><\/p>\n<div class=\"Text-root Text-type_5 ArticleView-text ViewText-root \">\n<p>In Wiens Volks- und Mittelschulen stellen muslimische Sch\u00fclerinnen und Sch\u00fcler mittlerweile die gr\u00f6\u00dfte religi\u00f6se Gruppe. Aktuelle Zahlen zeigen einen Anstieg auf 41,2 Prozent. Im Vorjahr lag der Anteil noch bei 39,4 Prozent.<\/p>\n<p>Die zweitgr\u00f6\u00dfte Gruppe bilden christliche Kinder mit 34,5 Prozent. Davon sind 17,5 Prozent r\u00f6misch-katholisch, 14,5 Prozent geh\u00f6ren der Orthodoxen Kirche an. Weitere 23 Prozent der Sch\u00fclerinnen und Sch\u00fcler sind konfessionslos. Kinder mit buddhistischem oder j\u00fcdischem Glauben machen zusammen nur 0,3 Prozent aus. Alle anderen Religionen summieren sich auf 0,9 Prozent.<\/p>\n<p>Erfasst wurden rund 112.600 Kinder an Volks-, Mittel-, Sonder- und polytechnischen Schulen. Die Daten stammen aus einer Erhebung des Wiener Bildungsressorts.<\/p>\n<p>Die Stadt sieht im wachsenden Anteil muslimischer Sch\u00fcler sowohl Chancen als auch Herausforderungen. Besonders in jungen Jahren sei es wichtig, demokratische Werte, Gleichberechtigung und Respekt gegen\u00fcber anderen Lebensweisen zu vermitteln.<\/p>\n<p>Laut Bildungsbeh\u00f6rde zeigen Studien, dass muslimische Jugendliche im Schnitt st\u00e4rker religi\u00f6s gepr\u00e4gt sind und h\u00e4ufiger traditionelle oder abwertende Einstellungen vertreten. Genannt werden dabei etwa antisemitische Haltungen, die Ablehnung sexueller Vielfalt oder eine geringe Akzeptanz der Gleichstellung von Mann und Frau.<\/p>\n<p>Als Reaktion fordert die Bildungsstadtr\u00e4tin ein verpflichtendes gemeinsames Schulfach f\u00fcr alle Kinder ab der Volksschule. Dieses soll Demokratieverst\u00e4ndnis, ethische Orientierung und gesellschaftliche Grundwerte vermitteln. Ziel sei es, Parallelwelten entgegenzuwirken und den gesellschaftlichen Zusammenhalt zu st\u00e4rken.<\/p>\n<p>Die Initiative erh\u00e4lt R\u00fcckendeckung vom Bildungsministerium, das bereits Pl\u00e4ne f\u00fcr ein entsprechendes Schulfach angek\u00fcndigt hat. Der Wandel an den Schulen spiegelt auch die demografische Entwicklung der Stadt wider und stellt neue Anforderungen an die Bildungs- und Integrationspolitik.<\/p>\n<p data-start=\"1882\" data-end=\"2168\"><strong>Mehr zum Thema<\/strong>\u00a0\u2013\u00a0<a rel=\"nofollow noopener\" target=\"_blank\" href=\"https:\/\/freedert.online\/oesterreich\/239242-auswirkungen-ramadan-auf-schulen-fpoe\/\">Auswirkungen des Ramadan auf Schulen: FP\u00d6 kritisiert Migrationspolitik<\/a><\/p>\n<div class=\"EmbedBlock-root EmbedBlock-externalVideo EmbedBlock-rumble\">\n<div class=\"VkEmbed\"><iframe class=\"lazyload\" data-src=\"https:\/\/rumble.com\/embed\/v6prcd1\" frameborder=\"0\" width=\"853\" height=\"480\" allowfullscreen><\/iframe><\/div>\n<\/div>\n<\/div>\n<p><br \/>\n<br \/><a href=\"https:\/\/de.rt.com\/oesterreich\/242547-islamischer-schueleranteil-in-wiens-pflichtschulen\/\">Source link <\/a><\/p>\n","protected":false},"excerpt":{"rendered":"<p>Der Anteil muslimischer Sch\u00fcler in Wiens Pflichtschulen liegt bei 41,2 Prozent und \u00fcbertrifft damit den christlichen. \u00d6sterreich plant ein Pflichtfach zu Demokratie und Werten, um gesellschaftlicher Spaltung entgegenzuwirken. In Wiens Volks- und Mittelschulen stellen muslimische Sch\u00fclerinnen und Sch\u00fcler mittlerweile die gr\u00f6\u00dfte religi\u00f6se Gruppe. Aktuelle Zahlen zeigen einen Anstieg auf 41,2 Prozent. Im Vorjahr lag der [&hellip;]<\/p>\n","protected":false},"author":3,"featured_media":82277,"comment_status":"open","ping_status":"open","sticky":false,"template":"","format":"standard","meta":{"_yoast_indexnow_last_ping":["1744834034"],"wp_automatic_camp":["217"],"bb5feba41a20ae619ab32c4b8c37ee20":["Wien: Islamischer Sch\u00fcleranteil in Pflichtschulen erreicht 41,2 Prozent"],"original_link":["https:\/\/de.rt.com\/oesterreich\/242547-islamischer-schueleranteil-in-wiens-pflichtschulen\/"],"_thumbnail_id":["82277"],"jnews_social_counter_last_update":["1777263503"],"_wptgpro_p2tg_sent2tg":["a:1:{i:23737;s:19:\"2025-04-16 22:08:33\";}"]},"categories":[19,23],"tags":[9872,45488,64334,1429,64333,22652],"yoast_head":"<!-- This site is optimized with the Yoast SEO Premium plugin v22.7 (Yoast SEO v22.7) - https:\/\/yoast.com\/wordpress\/plugins\/seo\/ -->\n<title>Wien: Islamischer Sch\u00fcleranteil in Pflichtschulen erreicht 41,2 Prozent - just-now.NEWS Deutschland<\/title>\n<meta name=\"robots\" content=\"index, follow, max-snippet:-1, max-image-preview:large, max-video-preview:-1\" \/>\n<link rel=\"canonical\" href=\"https:\/\/now-news.de\/de\/deutschland\/wien-islamischer-schueleranteil-in-pflichtschulen-erreicht-412-prozent\/\" \/>\n<meta property=\"og:locale\" content=\"de_DE\" \/>\n<meta property=\"og:type\" content=\"article\" \/>\n<meta property=\"og:title\" content=\"Wien: Islamischer Sch\u00fcleranteil in Pflichtschulen erreicht 41,2 Prozent\" \/>\n<meta property=\"og:description\" content=\"Der Anteil muslimischer Sch\u00fcler in Wiens Pflichtschulen liegt bei 41,2 Prozent und \u00fcbertrifft damit den christlichen. \u00d6sterreich plant ein Pflichtfach zu Demokratie und Werten, um gesellschaftlicher Spaltung entgegenzuwirken. In Wiens Volks- und Mittelschulen stellen muslimische Sch\u00fclerinnen und Sch\u00fcler mittlerweile die gr\u00f6\u00dfte religi\u00f6se Gruppe. Aktuelle Zahlen zeigen einen Anstieg auf 41,2 Prozent. Im Vorjahr lag der [&hellip;]\" \/>\n<meta property=\"og:url\" content=\"https:\/\/now-news.de\/de\/deutschland\/wien-islamischer-schueleranteil-in-pflichtschulen-erreicht-412-prozent\/\" \/>\n<meta property=\"og:site_name\" content=\"just-now.NEWS Deutschland\" \/>\n<meta property=\"article:publisher\" content=\"https:\/\/www.facebook.com\/wirmachenauf\" \/>\n<meta property=\"article:published_time\" content=\"2025-04-16T19:56:11+00:00\" \/>\n<meta property=\"og:image\" content=\"https:\/\/now-news.de\/de\/wp-content\/uploads\/sites\/3\/2025\/04\/67ff3f81b480cc3b0f7be932.jpg\" \/>\n<meta name=\"author\" content=\"rtnews\" \/>\n<meta name=\"twitter:card\" content=\"summary_large_image\" \/>\n<meta name=\"twitter:creator\" content=\"@WirMachenAuf_de\" \/>\n<meta name=\"twitter:site\" content=\"@WirMachenAuf_de\" \/>\n<meta name=\"twitter:label1\" content=\"Verfasst von\" \/>\n\t<meta name=\"twitter:data1\" content=\"rtnews\" \/>\n\t<meta name=\"twitter:label2\" content=\"Gesch\u00e4tzte Lesezeit\" \/>\n\t<meta name=\"twitter:data2\" content=\"2\u00a0Minuten\" \/>\n<script type=\"application\/ld+json\" class=\"yoast-schema-graph\">{\"@context\":\"https:\/\/schema.org\",\"@graph\":[{\"@type\":\"Article\",\"@id\":\"https:\/\/now-news.de\/de\/deutschland\/wien-islamischer-schueleranteil-in-pflichtschulen-erreicht-412-prozent\/#article\",\"isPartOf\":{\"@id\":\"https:\/\/now-news.de\/de\/deutschland\/wien-islamischer-schueleranteil-in-pflichtschulen-erreicht-412-prozent\/\"},\"author\":{\"name\":\"rtnews\",\"@id\":\"https:\/\/now-news.de\/de\/#\/schema\/person\/fb534a4e865501d8b3285208df34a9b5\"},\"headline\":\"Wien: Islamischer Sch\u00fcleranteil in Pflichtschulen erreicht 41,2 Prozent\",\"datePublished\":\"2025-04-16T19:56:11+00:00\",\"dateModified\":\"2025-04-16T19:56:11+00:00\",\"mainEntityOfPage\":{\"@id\":\"https:\/\/now-news.de\/de\/deutschland\/wien-islamischer-schueleranteil-in-pflichtschulen-erreicht-412-prozent\/\"},\"wordCount\":312,\"commentCount\":0,\"publisher\":{\"@id\":\"https:\/\/now-news.de\/de\/#organization\"},\"image\":{\"@id\":\"https:\/\/now-news.de\/de\/deutschland\/wien-islamischer-schueleranteil-in-pflichtschulen-erreicht-412-prozent\/#primaryimage\"},\"thumbnailUrl\":\"https:\/\/now-news.de\/de\/wp-content\/uploads\/sites\/3\/2025\/04\/Wien-Islamischer-Schueleranteil-in-Pflichtschulen-erreicht-412-Prozent.jpg\",\"keywords\":[\"erreicht\",\"Islamischer\",\"Pflichtschulen\",\"Prozent\",\"Sch\u00fcleranteil\",\"Wien\"],\"articleSection\":[\"Deutschland\",\"Russland\"],\"inLanguage\":\"de\",\"potentialAction\":[{\"@type\":\"CommentAction\",\"name\":\"Comment\",\"target\":[\"https:\/\/now-news.de\/de\/deutschland\/wien-islamischer-schueleranteil-in-pflichtschulen-erreicht-412-prozent\/#respond\"]}]},{\"@type\":\"WebPage\",\"@id\":\"https:\/\/now-news.de\/de\/deutschland\/wien-islamischer-schueleranteil-in-pflichtschulen-erreicht-412-prozent\/\",\"url\":\"https:\/\/now-news.de\/de\/deutschland\/wien-islamischer-schueleranteil-in-pflichtschulen-erreicht-412-prozent\/\",\"name\":\"Wien: Islamischer Sch\u00fcleranteil in Pflichtschulen erreicht 41,2 Prozent - just-now.NEWS Deutschland\",\"isPartOf\":{\"@id\":\"https:\/\/now-news.de\/de\/#website\"},\"primaryImageOfPage\":{\"@id\":\"https:\/\/now-news.de\/de\/deutschland\/wien-islamischer-schueleranteil-in-pflichtschulen-erreicht-412-prozent\/#primaryimage\"},\"image\":{\"@id\":\"https:\/\/now-news.de\/de\/deutschland\/wien-islamischer-schueleranteil-in-pflichtschulen-erreicht-412-prozent\/#primaryimage\"},\"thumbnailUrl\":\"https:\/\/now-news.de\/de\/wp-content\/uploads\/sites\/3\/2025\/04\/Wien-Islamischer-Schueleranteil-in-Pflichtschulen-erreicht-412-Prozent.jpg\",\"datePublished\":\"2025-04-16T19:56:11+00:00\",\"dateModified\":\"2025-04-16T19:56:11+00:00\",\"breadcrumb\":{\"@id\":\"https:\/\/now-news.de\/de\/deutschland\/wien-islamischer-schueleranteil-in-pflichtschulen-erreicht-412-prozent\/#breadcrumb\"},\"inLanguage\":\"de\",\"potentialAction\":[{\"@type\":\"ReadAction\",\"target\":[\"https:\/\/now-news.de\/de\/deutschland\/wien-islamischer-schueleranteil-in-pflichtschulen-erreicht-412-prozent\/\"]}]},{\"@type\":\"ImageObject\",\"inLanguage\":\"de\",\"@id\":\"https:\/\/now-news.de\/de\/deutschland\/wien-islamischer-schueleranteil-in-pflichtschulen-erreicht-412-prozent\/#primaryimage\",\"url\":\"https:\/\/now-news.de\/de\/wp-content\/uploads\/sites\/3\/2025\/04\/Wien-Islamischer-Schueleranteil-in-Pflichtschulen-erreicht-412-Prozent.jpg\",\"contentUrl\":\"https:\/\/now-news.de\/de\/wp-content\/uploads\/sites\/3\/2025\/04\/Wien-Islamischer-Schueleranteil-in-Pflichtschulen-erreicht-412-Prozent.jpg\",\"width\":460,\"height\":259,\"caption\":\"Wien: Islamischer Sch\u00fcleranteil in Pflichtschulen erreicht 41,2 Prozent\"},{\"@type\":\"BreadcrumbList\",\"@id\":\"https:\/\/now-news.de\/de\/deutschland\/wien-islamischer-schueleranteil-in-pflichtschulen-erreicht-412-prozent\/#breadcrumb\",\"itemListElement\":[{\"@type\":\"ListItem\",\"position\":1,\"name\":\"Home\",\"item\":\"https:\/\/now-news.de\/de\/\"},{\"@type\":\"ListItem\",\"position\":2,\"name\":\"Wien: Islamischer Sch\u00fcleranteil in Pflichtschulen erreicht 41,2 Prozent\"}]},{\"@type\":\"WebSite\",\"@id\":\"https:\/\/now-news.de\/de\/#website\",\"url\":\"https:\/\/now-news.de\/de\/\",\"name\":\"just-now.NEWS Deutschland\",\"description\":\"Das Portal f\u00fcr unzensierte Nachrichten aus der Welt\",\"publisher\":{\"@id\":\"https:\/\/now-news.de\/de\/#organization\"},\"potentialAction\":[{\"@type\":\"SearchAction\",\"target\":{\"@type\":\"EntryPoint\",\"urlTemplate\":\"https:\/\/now-news.de\/de\/?s={search_term_string}\"},\"query-input\":\"required name=search_term_string\"}],\"inLanguage\":\"de\"},{\"@type\":\"Organization\",\"@id\":\"https:\/\/now-news.de\/de\/#organization\",\"name\":\"Just Now News\",\"url\":\"https:\/\/now-news.de\/de\/\",\"logo\":{\"@type\":\"ImageObject\",\"inLanguage\":\"de\",\"@id\":\"https:\/\/now-news.de\/de\/#\/schema\/logo\/image\/\",\"url\":\"http:\/\/just-now.news\/de\/wp-content\/uploads\/sites\/3\/2022\/04\/logo500x500.jpg\",\"contentUrl\":\"http:\/\/just-now.news\/de\/wp-content\/uploads\/sites\/3\/2022\/04\/logo500x500.jpg\",\"width\":500,\"height\":500,\"caption\":\"Just Now News\"},\"image\":{\"@id\":\"https:\/\/now-news.de\/de\/#\/schema\/logo\/image\/\"},\"sameAs\":[\"https:\/\/www.facebook.com\/wirmachenauf\",\"https:\/\/x.com\/WirMachenAuf_de\"]},{\"@type\":\"Person\",\"@id\":\"https:\/\/now-news.de\/de\/#\/schema\/person\/fb534a4e865501d8b3285208df34a9b5\",\"name\":\"rtnews\",\"image\":{\"@type\":\"ImageObject\",\"inLanguage\":\"de\",\"@id\":\"https:\/\/now-news.de\/de\/#\/schema\/person\/image\/\",\"url\":\"https:\/\/secure.gravatar.com\/avatar\/82aafea7d8127119dd649515f56e2117?s=96&d=mm&r=g\",\"contentUrl\":\"https:\/\/secure.gravatar.com\/avatar\/82aafea7d8127119dd649515f56e2117?s=96&d=mm&r=g\",\"caption\":\"rtnews\"},\"url\":\"https:\/\/now-news.de\/de\/author\/rnews\/\"}]}<\/script>\n<!-- \/ Yoast SEO Premium plugin. -->","yoast_head_json":{"title":"Wien: Islamischer Sch\u00fcleranteil in Pflichtschulen erreicht 41,2 Prozent - just-now.NEWS Deutschland","robots":{"index":"index","follow":"follow","max-snippet":"max-snippet:-1","max-image-preview":"max-image-preview:large","max-video-preview":"max-video-preview:-1"},"canonical":"https:\/\/now-news.de\/de\/deutschland\/wien-islamischer-schueleranteil-in-pflichtschulen-erreicht-412-prozent\/","og_locale":"de_DE","og_type":"article","og_title":"Wien: Islamischer Sch\u00fcleranteil in Pflichtschulen erreicht 41,2 Prozent","og_description":"Der Anteil muslimischer Sch\u00fcler in Wiens Pflichtschulen liegt bei 41,2 Prozent und \u00fcbertrifft damit den christlichen. \u00d6sterreich plant ein Pflichtfach zu Demokratie und Werten, um gesellschaftlicher Spaltung entgegenzuwirken. In Wiens Volks- und Mittelschulen stellen muslimische Sch\u00fclerinnen und Sch\u00fcler mittlerweile die gr\u00f6\u00dfte religi\u00f6se Gruppe. Aktuelle Zahlen zeigen einen Anstieg auf 41,2 Prozent. Im Vorjahr lag der [&hellip;]","og_url":"https:\/\/now-news.de\/de\/deutschland\/wien-islamischer-schueleranteil-in-pflichtschulen-erreicht-412-prozent\/","og_site_name":"just-now.NEWS Deutschland","article_publisher":"https:\/\/www.facebook.com\/wirmachenauf","article_published_time":"2025-04-16T19:56:11+00:00","og_image":[{"url":"https:\/\/now-news.de\/de\/wp-content\/uploads\/sites\/3\/2025\/04\/67ff3f81b480cc3b0f7be932.jpg"}],"author":"rtnews","twitter_card":"summary_large_image","twitter_creator":"@WirMachenAuf_de","twitter_site":"@WirMachenAuf_de","twitter_misc":{"Verfasst von":"rtnews","Gesch\u00e4tzte Lesezeit":"2\u00a0Minuten"},"schema":{"@context":"https:\/\/schema.org","@graph":[{"@type":"Article","@id":"https:\/\/now-news.de\/de\/deutschland\/wien-islamischer-schueleranteil-in-pflichtschulen-erreicht-412-prozent\/#article","isPartOf":{"@id":"https:\/\/now-news.de\/de\/deutschland\/wien-islamischer-schueleranteil-in-pflichtschulen-erreicht-412-prozent\/"},"author":{"name":"rtnews","@id":"https:\/\/now-news.de\/de\/#\/schema\/person\/fb534a4e865501d8b3285208df34a9b5"},"headline":"Wien: Islamischer Sch\u00fcleranteil in Pflichtschulen erreicht 41,2 Prozent","datePublished":"2025-04-16T19:56:11+00:00","dateModified":"2025-04-16T19:56:11+00:00","mainEntityOfPage":{"@id":"https:\/\/now-news.de\/de\/deutschland\/wien-islamischer-schueleranteil-in-pflichtschulen-erreicht-412-prozent\/"},"wordCount":312,"commentCount":0,"publisher":{"@id":"https:\/\/now-news.de\/de\/#organization"},"image":{"@id":"https:\/\/now-news.de\/de\/deutschland\/wien-islamischer-schueleranteil-in-pflichtschulen-erreicht-412-prozent\/#primaryimage"},"thumbnailUrl":"https:\/\/now-news.de\/de\/wp-content\/uploads\/sites\/3\/2025\/04\/Wien-Islamischer-Schueleranteil-in-Pflichtschulen-erreicht-412-Prozent.jpg","keywords":["erreicht","Islamischer","Pflichtschulen","Prozent","Sch\u00fcleranteil","Wien"],"articleSection":["Deutschland","Russland"],"inLanguage":"de","potentialAction":[{"@type":"CommentAction","name":"Comment","target":["https:\/\/now-news.de\/de\/deutschland\/wien-islamischer-schueleranteil-in-pflichtschulen-erreicht-412-prozent\/#respond"]}]},{"@type":"WebPage","@id":"https:\/\/now-news.de\/de\/deutschland\/wien-islamischer-schueleranteil-in-pflichtschulen-erreicht-412-prozent\/","url":"https:\/\/now-news.de\/de\/deutschland\/wien-islamischer-schueleranteil-in-pflichtschulen-erreicht-412-prozent\/","name":"Wien: Islamischer Sch\u00fcleranteil in Pflichtschulen erreicht 41,2 Prozent - just-now.NEWS Deutschland","isPartOf":{"@id":"https:\/\/now-news.de\/de\/#website"},"primaryImageOfPage":{"@id":"https:\/\/now-news.de\/de\/deutschland\/wien-islamischer-schueleranteil-in-pflichtschulen-erreicht-412-prozent\/#primaryimage"},"image":{"@id":"https:\/\/now-news.de\/de\/deutschland\/wien-islamischer-schueleranteil-in-pflichtschulen-erreicht-412-prozent\/#primaryimage"},"thumbnailUrl":"https:\/\/now-news.de\/de\/wp-content\/uploads\/sites\/3\/2025\/04\/Wien-Islamischer-Schueleranteil-in-Pflichtschulen-erreicht-412-Prozent.jpg","datePublished":"2025-04-16T19:56:11+00:00","dateModified":"2025-04-16T19:56:11+00:00","breadcrumb":{"@id":"https:\/\/now-news.de\/de\/deutschland\/wien-islamischer-schueleranteil-in-pflichtschulen-erreicht-412-prozent\/#breadcrumb"},"inLanguage":"de","potentialAction":[{"@type":"ReadAction","target":["https:\/\/now-news.de\/de\/deutschland\/wien-islamischer-schueleranteil-in-pflichtschulen-erreicht-412-prozent\/"]}]},{"@type":"ImageObject","inLanguage":"de","@id":"https:\/\/now-news.de\/de\/deutschland\/wien-islamischer-schueleranteil-in-pflichtschulen-erreicht-412-prozent\/#primaryimage","url":"https:\/\/now-news.de\/de\/wp-content\/uploads\/sites\/3\/2025\/04\/Wien-Islamischer-Schueleranteil-in-Pflichtschulen-erreicht-412-Prozent.jpg","contentUrl":"https:\/\/now-news.de\/de\/wp-content\/uploads\/sites\/3\/2025\/04\/Wien-Islamischer-Schueleranteil-in-Pflichtschulen-erreicht-412-Prozent.jpg","width":460,"height":259,"caption":"Wien: Islamischer Sch\u00fcleranteil in Pflichtschulen erreicht 41,2 Prozent"},{"@type":"BreadcrumbList","@id":"https:\/\/now-news.de\/de\/deutschland\/wien-islamischer-schueleranteil-in-pflichtschulen-erreicht-412-prozent\/#breadcrumb","itemListElement":[{"@type":"ListItem","position":1,"name":"Home","item":"https:\/\/now-news.de\/de\/"},{"@type":"ListItem","position":2,"name":"Wien: Islamischer Sch\u00fcleranteil in Pflichtschulen erreicht 41,2 Prozent"}]},{"@type":"WebSite","@id":"https:\/\/now-news.de\/de\/#website","url":"https:\/\/now-news.de\/de\/","name":"just-now.NEWS Deutschland","description":"Das Portal f\u00fcr unzensierte Nachrichten aus der Welt","publisher":{"@id":"https:\/\/now-news.de\/de\/#organization"},"potentialAction":[{"@type":"SearchAction","target":{"@type":"EntryPoint","urlTemplate":"https:\/\/now-news.de\/de\/?s={search_term_string}"},"query-input":"required name=search_term_string"}],"inLanguage":"de"},{"@type":"Organization","@id":"https:\/\/now-news.de\/de\/#organization","name":"Just Now News","url":"https:\/\/now-news.de\/de\/","logo":{"@type":"ImageObject","inLanguage":"de","@id":"https:\/\/now-news.de\/de\/#\/schema\/logo\/image\/","url":"http:\/\/just-now.news\/de\/wp-content\/uploads\/sites\/3\/2022\/04\/logo500x500.jpg","contentUrl":"http:\/\/just-now.news\/de\/wp-content\/uploads\/sites\/3\/2022\/04\/logo500x500.jpg","width":500,"height":500,"caption":"Just Now News"},"image":{"@id":"https:\/\/now-news.de\/de\/#\/schema\/logo\/image\/"},"sameAs":["https:\/\/www.facebook.com\/wirmachenauf","https:\/\/x.com\/WirMachenAuf_de"]},{"@type":"Person","@id":"https:\/\/now-news.de\/de\/#\/schema\/person\/fb534a4e865501d8b3285208df34a9b5","name":"rtnews","image":{"@type":"ImageObject","inLanguage":"de","@id":"https:\/\/now-news.de\/de\/#\/schema\/person\/image\/","url":"https:\/\/secure.gravatar.com\/avatar\/82aafea7d8127119dd649515f56e2117?s=96&d=mm&r=g","contentUrl":"https:\/\/secure.gravatar.com\/avatar\/82aafea7d8127119dd649515f56e2117?s=96&d=mm&r=g","caption":"rtnews"},"url":"https:\/\/now-news.de\/de\/author\/rnews\/"}]}},"_links":{"self":[{"href":"https:\/\/now-news.de\/de\/wp-json\/wp\/v2\/posts\/82276"}],"collection":[{"href":"https:\/\/now-news.de\/de\/wp-json\/wp\/v2\/posts"}],"about":[{"href":"https:\/\/now-news.de\/de\/wp-json\/wp\/v2\/types\/post"}],"author":[{"embeddable":true,"href":"https:\/\/now-news.de\/de\/wp-json\/wp\/v2\/users\/3"}],"replies":[{"embeddable":true,"href":"https:\/\/now-news.de\/de\/wp-json\/wp\/v2\/comments?post=82276"}],"version-history":[{"count":0,"href":"https:\/\/now-news.de\/de\/wp-json\/wp\/v2\/posts\/82276\/revisions"}],"wp:featuredmedia":[{"embeddable":true,"href":"https:\/\/now-news.de\/de\/wp-json\/wp\/v2\/media\/82277"}],"wp:attachment":[{"href":"https:\/\/now-news.de\/de\/wp-json\/wp\/v2\/media?parent=82276"}],"wp:term":[{"taxonomy":"category","embeddable":true,"href":"https:\/\/now-news.de\/de\/wp-json\/wp\/v2\/categories?post=82276"},{"taxonomy":"post_tag","embeddable":true,"href":"https:\/\/now-news.de\/de\/wp-json\/wp\/v2\/tags?post=82276"}],"curies":[{"name":"wp","href":"https:\/\/api.w.org\/{rel}","templated":true}]}}