{"id":82258,"date":"2025-04-16T19:09:45","date_gmt":"2025-04-16T17:09:45","guid":{"rendered":"https:\/\/now-news.de\/de\/deutschland\/medienbericht-us-truppenabzug-aus-basis-in-ostsyrien\/"},"modified":"2025-04-16T19:09:45","modified_gmt":"2025-04-16T17:09:45","slug":"medienbericht-us-truppenabzug-aus-basis-in-ostsyrien","status":"publish","type":"post","link":"https:\/\/now-news.de\/de\/deutschland\/medienbericht-us-truppenabzug-aus-basis-in-ostsyrien\/","title":{"rendered":"Medienbericht: US-Truppenabzug aus Basis in Ostsyrien"},"content":{"rendered":"<p><img decoding=\"async\" src=\"https:\/\/now-news.de\/de\/wp-content\/uploads\/sites\/3\/2025\/04\/67ffd89fb480cc78236f28b7.jpg\" \/><\/p>\n<div class=\"Text-root Text-type_1 \">\n                Vor einigen Tagen hat das US-Milit\u00e4r damit begonnen, seinen St\u00fctzpunkt nahe dem  gro\u00dfen Gasfeld Conoco im Osten Syriens zu r\u00e4umen, berichtet die Zeitung Al-Araby Al-Jadeed. Ziel sei, die gesamten Kr\u00e4fte von der Basis abzuziehen.\n            <\/div>\n<p><\/p>\n<div class=\"Text-root Text-type_5 ArticleView-text ViewText-root \">\n<p>Die US-amerikanischen Truppen sind dabei, einen Milit\u00e4rst\u00fctzpunkt in der N\u00e4he des Gasfelds Conoco nahe der ostsyrischen Stadt Deir ez-Zor zu verlassen. Es handelt sich dabei um eines der gr\u00f6\u00dften Gasfelder Ostsyriens. Dar\u00fcber <a rel=\"nofollow noopener\" target=\"_blank\" href=\"https:\/\/www.alaraby.co.uk\/politics\/%D8%A7%D9%84%D8%AC%D9%8A%D8%B4-%D8%A7%D9%84%D8%A3%D9%85%D9%8A%D8%B1%D9%83%D9%8A-%D9%8A%D8%A8%D8%AF%D8%A3-%D8%A8%D8%A5%D8%AE%D9%84%D8%A7%D8%A1-%D9%82%D8%A7%D8%B9%D8%AF%D8%A9-%D9%83%D9%88%D9%86%D9%8A%D9%83%D9%88-%D8%B4%D8%B1%D9%82%D9%8A-%D8%B3%D9%88%D8%B1%D9%8A%D8%A9\">berichtet<\/a> die Zeitung <em>Al-Araby Al-Jadeed<\/em> unter Verweis auf Quellen aus dem Umfeld der kurdisch gef\u00fchrten Syrischen Demokratischen Kr\u00e4fte (SDF).<\/p>\n<p>Zwei Konvois haben dem Bericht zufolge die Basis in j\u00fcngster Vergangenheit ger\u00e4umt. Die erste Kolonne habe aus mehr als 70 Fahrzeugen, darunter schweres Ger\u00e4t und Tanklastwagen, bestanden. Die zweite Kolonne mit 200 Fahrzeugen soll Conoco am Wochenende verlassen haben. Wie es hei\u00dft, sei das Ziel des US-Milit\u00e4rs, die gesamten Kr\u00e4fte vom St\u00fctzpunkt abzuziehen.\u00a0\u00a0<\/p>\n<p>Eine der Quellen teilte der Zeitung mit, dass die abziehenden Truppen nach Erbil in der irakischen Region Kurdistan unterwegs gewesen seien. Bei der Basis nahe dem Conoco-Feld handele es sich um einen privaten US-St\u00fctzpunkt, wo kein Personal der SDF stationiert sei.<\/p>\n<p>Zuvor hatte der Fernsehsender <em>CBS News<\/em> berichtet, dass die USA ihre Milit\u00e4rpr\u00e4senz in Syrien reduzieren wollen. Es sei geplant, rund 2.000 Soldaten abzuziehen und die verbleibenden Kr\u00e4fte auf weniger St\u00fctzpunkten zu stationieren. Auf eine entsprechende Anfrage der russischen Nachrichtenagentur <em>RIA Nowosti<\/em> soll das Pentagon mitgeteilt haben, dass es je nach Bedarf regelm\u00e4\u00dfig Truppen umverteile.<\/p>\n<p><strong>Mehr zum Thema<\/strong>\u00a0\u2012 <a rel=\"nofollow noopener\" target=\"_blank\" href=\"https:\/\/freedert.online\/der-nahe-osten\/85087-deal-mit-terroristen-us-armee-soll-is-gold-aus-syrien-abtransportiert-haben\/\">Deal mit Fragezeichen: US-Armee soll IS-Gold aus Syrien abtransportiert haben<\/a><\/p>\n<div class=\"EmbedBlock-root EmbedBlock-externalVideo EmbedBlock-rumble\">\n<div class=\"VkEmbed\"><iframe class=\"lazyload\" data-src=\"https:\/\/rumble.com\/embed\/v6pywlp\" frameborder=\"0\" width=\"853\" height=\"480\" allowfullscreen><\/iframe><\/div>\n<\/div>\n<\/div>\n<p><br \/>\n<br \/><a href=\"https:\/\/de.rt.com\/international\/242613-medienbericht-usa-ziehen-truppen-aus\/\">Source link <\/a><\/p>\n","protected":false},"excerpt":{"rendered":"<p>Vor einigen Tagen hat das US-Milit\u00e4r damit begonnen, seinen St\u00fctzpunkt nahe dem gro\u00dfen Gasfeld Conoco im Osten Syriens zu r\u00e4umen, berichtet die Zeitung Al-Araby Al-Jadeed. Ziel sei, die gesamten Kr\u00e4fte von der Basis abzuziehen. Die US-amerikanischen Truppen sind dabei, einen Milit\u00e4rst\u00fctzpunkt in der N\u00e4he des Gasfelds Conoco nahe der ostsyrischen Stadt Deir ez-Zor zu verlassen. [&hellip;]<\/p>\n","protected":false},"author":3,"featured_media":82259,"comment_status":"open","ping_status":"open","sticky":false,"template":"","format":"standard","meta":{"_yoast_indexnow_last_ping":["1744823423"],"wp_automatic_camp":["217"],"e6ed185d9a4f4750f093b3f02bdd60b9":["Medienbericht: US-Truppenabzug aus Basis in Ostsyrien"],"original_link":["https:\/\/de.rt.com\/international\/242613-medienbericht-usa-ziehen-truppen-aus\/"],"_thumbnail_id":["82259"],"jnews_social_counter_last_update":["1777176356"],"_wptgpro_p2tg_sent2tg":["a:1:{i:23737;s:19:\"2025-04-16 19:11:33\";}"]},"categories":[19,23],"tags":[679,8209,869,53130,21336],"yoast_head":"<!-- This site is optimized with the Yoast SEO Premium plugin v22.7 (Yoast SEO v22.7) - https:\/\/yoast.com\/wordpress\/plugins\/seo\/ -->\n<title>Medienbericht: US-Truppenabzug aus Basis in Ostsyrien - just-now.NEWS Deutschland<\/title>\n<meta name=\"robots\" content=\"index, follow, max-snippet:-1, max-image-preview:large, max-video-preview:-1\" \/>\n<link rel=\"canonical\" href=\"https:\/\/now-news.de\/de\/deutschland\/medienbericht-us-truppenabzug-aus-basis-in-ostsyrien\/\" \/>\n<meta property=\"og:locale\" content=\"de_DE\" \/>\n<meta property=\"og:type\" content=\"article\" \/>\n<meta property=\"og:title\" content=\"Medienbericht: US-Truppenabzug aus Basis in Ostsyrien\" \/>\n<meta property=\"og:description\" content=\"Vor einigen Tagen hat das US-Milit\u00e4r damit begonnen, seinen St\u00fctzpunkt nahe dem gro\u00dfen Gasfeld Conoco im Osten Syriens zu r\u00e4umen, berichtet die Zeitung Al-Araby Al-Jadeed. Ziel sei, die gesamten Kr\u00e4fte von der Basis abzuziehen. Die US-amerikanischen Truppen sind dabei, einen Milit\u00e4rst\u00fctzpunkt in der N\u00e4he des Gasfelds Conoco nahe der ostsyrischen Stadt Deir ez-Zor zu verlassen. [&hellip;]\" \/>\n<meta property=\"og:url\" content=\"https:\/\/now-news.de\/de\/deutschland\/medienbericht-us-truppenabzug-aus-basis-in-ostsyrien\/\" \/>\n<meta property=\"og:site_name\" content=\"just-now.NEWS Deutschland\" \/>\n<meta property=\"article:publisher\" content=\"https:\/\/www.facebook.com\/wirmachenauf\" \/>\n<meta property=\"article:published_time\" content=\"2025-04-16T17:09:45+00:00\" \/>\n<meta property=\"og:image\" content=\"https:\/\/now-news.de\/de\/wp-content\/uploads\/sites\/3\/2025\/04\/67ffd89fb480cc78236f28b7.jpg\" \/>\n<meta name=\"author\" content=\"rtnews\" \/>\n<meta name=\"twitter:card\" content=\"summary_large_image\" \/>\n<meta name=\"twitter:creator\" content=\"@WirMachenAuf_de\" \/>\n<meta name=\"twitter:site\" content=\"@WirMachenAuf_de\" \/>\n<meta name=\"twitter:label1\" content=\"Verfasst von\" \/>\n\t<meta name=\"twitter:data1\" content=\"rtnews\" \/>\n\t<meta name=\"twitter:label2\" content=\"Gesch\u00e4tzte Lesezeit\" \/>\n\t<meta name=\"twitter:data2\" content=\"1\u00a0Minute\" \/>\n<script type=\"application\/ld+json\" class=\"yoast-schema-graph\">{\"@context\":\"https:\/\/schema.org\",\"@graph\":[{\"@type\":\"Article\",\"@id\":\"https:\/\/now-news.de\/de\/deutschland\/medienbericht-us-truppenabzug-aus-basis-in-ostsyrien\/#article\",\"isPartOf\":{\"@id\":\"https:\/\/now-news.de\/de\/deutschland\/medienbericht-us-truppenabzug-aus-basis-in-ostsyrien\/\"},\"author\":{\"name\":\"rtnews\",\"@id\":\"https:\/\/now-news.de\/de\/#\/schema\/person\/fb534a4e865501d8b3285208df34a9b5\"},\"headline\":\"Medienbericht: US-Truppenabzug aus Basis in Ostsyrien\",\"datePublished\":\"2025-04-16T17:09:45+00:00\",\"dateModified\":\"2025-04-16T17:09:45+00:00\",\"mainEntityOfPage\":{\"@id\":\"https:\/\/now-news.de\/de\/deutschland\/medienbericht-us-truppenabzug-aus-basis-in-ostsyrien\/\"},\"wordCount\":277,\"commentCount\":0,\"publisher\":{\"@id\":\"https:\/\/now-news.de\/de\/#organization\"},\"image\":{\"@id\":\"https:\/\/now-news.de\/de\/deutschland\/medienbericht-us-truppenabzug-aus-basis-in-ostsyrien\/#primaryimage\"},\"thumbnailUrl\":\"https:\/\/now-news.de\/de\/wp-content\/uploads\/sites\/3\/2025\/04\/Medienbericht-US-Truppenabzug-aus-Basis-in-Ostsyrien.jpg\",\"keywords\":[\"aus\",\"Basis\",\"Medienbericht\",\"OstSyrien\",\"USTruppenabzug\"],\"articleSection\":[\"Deutschland\",\"Russland\"],\"inLanguage\":\"de\",\"potentialAction\":[{\"@type\":\"CommentAction\",\"name\":\"Comment\",\"target\":[\"https:\/\/now-news.de\/de\/deutschland\/medienbericht-us-truppenabzug-aus-basis-in-ostsyrien\/#respond\"]}]},{\"@type\":\"WebPage\",\"@id\":\"https:\/\/now-news.de\/de\/deutschland\/medienbericht-us-truppenabzug-aus-basis-in-ostsyrien\/\",\"url\":\"https:\/\/now-news.de\/de\/deutschland\/medienbericht-us-truppenabzug-aus-basis-in-ostsyrien\/\",\"name\":\"Medienbericht: US-Truppenabzug aus Basis in Ostsyrien - just-now.NEWS Deutschland\",\"isPartOf\":{\"@id\":\"https:\/\/now-news.de\/de\/#website\"},\"primaryImageOfPage\":{\"@id\":\"https:\/\/now-news.de\/de\/deutschland\/medienbericht-us-truppenabzug-aus-basis-in-ostsyrien\/#primaryimage\"},\"image\":{\"@id\":\"https:\/\/now-news.de\/de\/deutschland\/medienbericht-us-truppenabzug-aus-basis-in-ostsyrien\/#primaryimage\"},\"thumbnailUrl\":\"https:\/\/now-news.de\/de\/wp-content\/uploads\/sites\/3\/2025\/04\/Medienbericht-US-Truppenabzug-aus-Basis-in-Ostsyrien.jpg\",\"datePublished\":\"2025-04-16T17:09:45+00:00\",\"dateModified\":\"2025-04-16T17:09:45+00:00\",\"breadcrumb\":{\"@id\":\"https:\/\/now-news.de\/de\/deutschland\/medienbericht-us-truppenabzug-aus-basis-in-ostsyrien\/#breadcrumb\"},\"inLanguage\":\"de\",\"potentialAction\":[{\"@type\":\"ReadAction\",\"target\":[\"https:\/\/now-news.de\/de\/deutschland\/medienbericht-us-truppenabzug-aus-basis-in-ostsyrien\/\"]}]},{\"@type\":\"ImageObject\",\"inLanguage\":\"de\",\"@id\":\"https:\/\/now-news.de\/de\/deutschland\/medienbericht-us-truppenabzug-aus-basis-in-ostsyrien\/#primaryimage\",\"url\":\"https:\/\/now-news.de\/de\/wp-content\/uploads\/sites\/3\/2025\/04\/Medienbericht-US-Truppenabzug-aus-Basis-in-Ostsyrien.jpg\",\"contentUrl\":\"https:\/\/now-news.de\/de\/wp-content\/uploads\/sites\/3\/2025\/04\/Medienbericht-US-Truppenabzug-aus-Basis-in-Ostsyrien.jpg\",\"width\":460,\"height\":259,\"caption\":\"Medienbericht: US-Truppenabzug aus Basis in Ostsyrien\"},{\"@type\":\"BreadcrumbList\",\"@id\":\"https:\/\/now-news.de\/de\/deutschland\/medienbericht-us-truppenabzug-aus-basis-in-ostsyrien\/#breadcrumb\",\"itemListElement\":[{\"@type\":\"ListItem\",\"position\":1,\"name\":\"Home\",\"item\":\"https:\/\/now-news.de\/de\/\"},{\"@type\":\"ListItem\",\"position\":2,\"name\":\"Medienbericht: US-Truppenabzug aus Basis in Ostsyrien\"}]},{\"@type\":\"WebSite\",\"@id\":\"https:\/\/now-news.de\/de\/#website\",\"url\":\"https:\/\/now-news.de\/de\/\",\"name\":\"just-now.NEWS Deutschland\",\"description\":\"Das Portal f\u00fcr unzensierte Nachrichten aus der Welt\",\"publisher\":{\"@id\":\"https:\/\/now-news.de\/de\/#organization\"},\"potentialAction\":[{\"@type\":\"SearchAction\",\"target\":{\"@type\":\"EntryPoint\",\"urlTemplate\":\"https:\/\/now-news.de\/de\/?s={search_term_string}\"},\"query-input\":\"required name=search_term_string\"}],\"inLanguage\":\"de\"},{\"@type\":\"Organization\",\"@id\":\"https:\/\/now-news.de\/de\/#organization\",\"name\":\"Just Now News\",\"url\":\"https:\/\/now-news.de\/de\/\",\"logo\":{\"@type\":\"ImageObject\",\"inLanguage\":\"de\",\"@id\":\"https:\/\/now-news.de\/de\/#\/schema\/logo\/image\/\",\"url\":\"http:\/\/just-now.news\/de\/wp-content\/uploads\/sites\/3\/2022\/04\/logo500x500.jpg\",\"contentUrl\":\"http:\/\/just-now.news\/de\/wp-content\/uploads\/sites\/3\/2022\/04\/logo500x500.jpg\",\"width\":500,\"height\":500,\"caption\":\"Just Now News\"},\"image\":{\"@id\":\"https:\/\/now-news.de\/de\/#\/schema\/logo\/image\/\"},\"sameAs\":[\"https:\/\/www.facebook.com\/wirmachenauf\",\"https:\/\/x.com\/WirMachenAuf_de\"]},{\"@type\":\"Person\",\"@id\":\"https:\/\/now-news.de\/de\/#\/schema\/person\/fb534a4e865501d8b3285208df34a9b5\",\"name\":\"rtnews\",\"image\":{\"@type\":\"ImageObject\",\"inLanguage\":\"de\",\"@id\":\"https:\/\/now-news.de\/de\/#\/schema\/person\/image\/\",\"url\":\"https:\/\/secure.gravatar.com\/avatar\/82aafea7d8127119dd649515f56e2117?s=96&d=mm&r=g\",\"contentUrl\":\"https:\/\/secure.gravatar.com\/avatar\/82aafea7d8127119dd649515f56e2117?s=96&d=mm&r=g\",\"caption\":\"rtnews\"},\"url\":\"https:\/\/now-news.de\/de\/author\/rnews\/\"}]}<\/script>\n<!-- \/ Yoast SEO Premium plugin. -->","yoast_head_json":{"title":"Medienbericht: US-Truppenabzug aus Basis in Ostsyrien - just-now.NEWS Deutschland","robots":{"index":"index","follow":"follow","max-snippet":"max-snippet:-1","max-image-preview":"max-image-preview:large","max-video-preview":"max-video-preview:-1"},"canonical":"https:\/\/now-news.de\/de\/deutschland\/medienbericht-us-truppenabzug-aus-basis-in-ostsyrien\/","og_locale":"de_DE","og_type":"article","og_title":"Medienbericht: US-Truppenabzug aus Basis in Ostsyrien","og_description":"Vor einigen Tagen hat das US-Milit\u00e4r damit begonnen, seinen St\u00fctzpunkt nahe dem gro\u00dfen Gasfeld Conoco im Osten Syriens zu r\u00e4umen, berichtet die Zeitung Al-Araby Al-Jadeed. Ziel sei, die gesamten Kr\u00e4fte von der Basis abzuziehen. Die US-amerikanischen Truppen sind dabei, einen Milit\u00e4rst\u00fctzpunkt in der N\u00e4he des Gasfelds Conoco nahe der ostsyrischen Stadt Deir ez-Zor zu verlassen. [&hellip;]","og_url":"https:\/\/now-news.de\/de\/deutschland\/medienbericht-us-truppenabzug-aus-basis-in-ostsyrien\/","og_site_name":"just-now.NEWS Deutschland","article_publisher":"https:\/\/www.facebook.com\/wirmachenauf","article_published_time":"2025-04-16T17:09:45+00:00","og_image":[{"url":"https:\/\/now-news.de\/de\/wp-content\/uploads\/sites\/3\/2025\/04\/67ffd89fb480cc78236f28b7.jpg"}],"author":"rtnews","twitter_card":"summary_large_image","twitter_creator":"@WirMachenAuf_de","twitter_site":"@WirMachenAuf_de","twitter_misc":{"Verfasst von":"rtnews","Gesch\u00e4tzte Lesezeit":"1\u00a0Minute"},"schema":{"@context":"https:\/\/schema.org","@graph":[{"@type":"Article","@id":"https:\/\/now-news.de\/de\/deutschland\/medienbericht-us-truppenabzug-aus-basis-in-ostsyrien\/#article","isPartOf":{"@id":"https:\/\/now-news.de\/de\/deutschland\/medienbericht-us-truppenabzug-aus-basis-in-ostsyrien\/"},"author":{"name":"rtnews","@id":"https:\/\/now-news.de\/de\/#\/schema\/person\/fb534a4e865501d8b3285208df34a9b5"},"headline":"Medienbericht: US-Truppenabzug aus Basis in Ostsyrien","datePublished":"2025-04-16T17:09:45+00:00","dateModified":"2025-04-16T17:09:45+00:00","mainEntityOfPage":{"@id":"https:\/\/now-news.de\/de\/deutschland\/medienbericht-us-truppenabzug-aus-basis-in-ostsyrien\/"},"wordCount":277,"commentCount":0,"publisher":{"@id":"https:\/\/now-news.de\/de\/#organization"},"image":{"@id":"https:\/\/now-news.de\/de\/deutschland\/medienbericht-us-truppenabzug-aus-basis-in-ostsyrien\/#primaryimage"},"thumbnailUrl":"https:\/\/now-news.de\/de\/wp-content\/uploads\/sites\/3\/2025\/04\/Medienbericht-US-Truppenabzug-aus-Basis-in-Ostsyrien.jpg","keywords":["aus","Basis","Medienbericht","OstSyrien","USTruppenabzug"],"articleSection":["Deutschland","Russland"],"inLanguage":"de","potentialAction":[{"@type":"CommentAction","name":"Comment","target":["https:\/\/now-news.de\/de\/deutschland\/medienbericht-us-truppenabzug-aus-basis-in-ostsyrien\/#respond"]}]},{"@type":"WebPage","@id":"https:\/\/now-news.de\/de\/deutschland\/medienbericht-us-truppenabzug-aus-basis-in-ostsyrien\/","url":"https:\/\/now-news.de\/de\/deutschland\/medienbericht-us-truppenabzug-aus-basis-in-ostsyrien\/","name":"Medienbericht: US-Truppenabzug aus Basis in Ostsyrien - just-now.NEWS Deutschland","isPartOf":{"@id":"https:\/\/now-news.de\/de\/#website"},"primaryImageOfPage":{"@id":"https:\/\/now-news.de\/de\/deutschland\/medienbericht-us-truppenabzug-aus-basis-in-ostsyrien\/#primaryimage"},"image":{"@id":"https:\/\/now-news.de\/de\/deutschland\/medienbericht-us-truppenabzug-aus-basis-in-ostsyrien\/#primaryimage"},"thumbnailUrl":"https:\/\/now-news.de\/de\/wp-content\/uploads\/sites\/3\/2025\/04\/Medienbericht-US-Truppenabzug-aus-Basis-in-Ostsyrien.jpg","datePublished":"2025-04-16T17:09:45+00:00","dateModified":"2025-04-16T17:09:45+00:00","breadcrumb":{"@id":"https:\/\/now-news.de\/de\/deutschland\/medienbericht-us-truppenabzug-aus-basis-in-ostsyrien\/#breadcrumb"},"inLanguage":"de","potentialAction":[{"@type":"ReadAction","target":["https:\/\/now-news.de\/de\/deutschland\/medienbericht-us-truppenabzug-aus-basis-in-ostsyrien\/"]}]},{"@type":"ImageObject","inLanguage":"de","@id":"https:\/\/now-news.de\/de\/deutschland\/medienbericht-us-truppenabzug-aus-basis-in-ostsyrien\/#primaryimage","url":"https:\/\/now-news.de\/de\/wp-content\/uploads\/sites\/3\/2025\/04\/Medienbericht-US-Truppenabzug-aus-Basis-in-Ostsyrien.jpg","contentUrl":"https:\/\/now-news.de\/de\/wp-content\/uploads\/sites\/3\/2025\/04\/Medienbericht-US-Truppenabzug-aus-Basis-in-Ostsyrien.jpg","width":460,"height":259,"caption":"Medienbericht: US-Truppenabzug aus Basis in Ostsyrien"},{"@type":"BreadcrumbList","@id":"https:\/\/now-news.de\/de\/deutschland\/medienbericht-us-truppenabzug-aus-basis-in-ostsyrien\/#breadcrumb","itemListElement":[{"@type":"ListItem","position":1,"name":"Home","item":"https:\/\/now-news.de\/de\/"},{"@type":"ListItem","position":2,"name":"Medienbericht: US-Truppenabzug aus Basis in Ostsyrien"}]},{"@type":"WebSite","@id":"https:\/\/now-news.de\/de\/#website","url":"https:\/\/now-news.de\/de\/","name":"just-now.NEWS Deutschland","description":"Das Portal f\u00fcr unzensierte Nachrichten aus der Welt","publisher":{"@id":"https:\/\/now-news.de\/de\/#organization"},"potentialAction":[{"@type":"SearchAction","target":{"@type":"EntryPoint","urlTemplate":"https:\/\/now-news.de\/de\/?s={search_term_string}"},"query-input":"required name=search_term_string"}],"inLanguage":"de"},{"@type":"Organization","@id":"https:\/\/now-news.de\/de\/#organization","name":"Just Now News","url":"https:\/\/now-news.de\/de\/","logo":{"@type":"ImageObject","inLanguage":"de","@id":"https:\/\/now-news.de\/de\/#\/schema\/logo\/image\/","url":"http:\/\/just-now.news\/de\/wp-content\/uploads\/sites\/3\/2022\/04\/logo500x500.jpg","contentUrl":"http:\/\/just-now.news\/de\/wp-content\/uploads\/sites\/3\/2022\/04\/logo500x500.jpg","width":500,"height":500,"caption":"Just Now News"},"image":{"@id":"https:\/\/now-news.de\/de\/#\/schema\/logo\/image\/"},"sameAs":["https:\/\/www.facebook.com\/wirmachenauf","https:\/\/x.com\/WirMachenAuf_de"]},{"@type":"Person","@id":"https:\/\/now-news.de\/de\/#\/schema\/person\/fb534a4e865501d8b3285208df34a9b5","name":"rtnews","image":{"@type":"ImageObject","inLanguage":"de","@id":"https:\/\/now-news.de\/de\/#\/schema\/person\/image\/","url":"https:\/\/secure.gravatar.com\/avatar\/82aafea7d8127119dd649515f56e2117?s=96&d=mm&r=g","contentUrl":"https:\/\/secure.gravatar.com\/avatar\/82aafea7d8127119dd649515f56e2117?s=96&d=mm&r=g","caption":"rtnews"},"url":"https:\/\/now-news.de\/de\/author\/rnews\/"}]}},"_links":{"self":[{"href":"https:\/\/now-news.de\/de\/wp-json\/wp\/v2\/posts\/82258"}],"collection":[{"href":"https:\/\/now-news.de\/de\/wp-json\/wp\/v2\/posts"}],"about":[{"href":"https:\/\/now-news.de\/de\/wp-json\/wp\/v2\/types\/post"}],"author":[{"embeddable":true,"href":"https:\/\/now-news.de\/de\/wp-json\/wp\/v2\/users\/3"}],"replies":[{"embeddable":true,"href":"https:\/\/now-news.de\/de\/wp-json\/wp\/v2\/comments?post=82258"}],"version-history":[{"count":0,"href":"https:\/\/now-news.de\/de\/wp-json\/wp\/v2\/posts\/82258\/revisions"}],"wp:featuredmedia":[{"embeddable":true,"href":"https:\/\/now-news.de\/de\/wp-json\/wp\/v2\/media\/82259"}],"wp:attachment":[{"href":"https:\/\/now-news.de\/de\/wp-json\/wp\/v2\/media?parent=82258"}],"wp:term":[{"taxonomy":"category","embeddable":true,"href":"https:\/\/now-news.de\/de\/wp-json\/wp\/v2\/categories?post=82258"},{"taxonomy":"post_tag","embeddable":true,"href":"https:\/\/now-news.de\/de\/wp-json\/wp\/v2\/tags?post=82258"}],"curies":[{"name":"wp","href":"https:\/\/api.w.org\/{rel}","templated":true}]}}