{"id":82248,"date":"2025-04-16T16:43:00","date_gmt":"2025-04-16T14:43:00","guid":{"rendered":"https:\/\/now-news.de\/de\/deutschland\/arzt-mit-charite-erfahrung-verlaesst-deutschland-er-geht-fuer-russland-an-die-front\/"},"modified":"2025-04-16T16:43:00","modified_gmt":"2025-04-16T14:43:00","slug":"arzt-mit-charite-erfahrung-verlaesst-deutschland-er-geht-fuer-russland-an-die-front","status":"publish","type":"post","link":"https:\/\/now-news.de\/de\/deutschland\/arzt-mit-charite-erfahrung-verlaesst-deutschland-er-geht-fuer-russland-an-die-front\/","title":{"rendered":"Arzt mit Charit\u00e9-Erfahrung verl\u00e4sst Deutschland: Er geht f\u00fcr Russland an die Front"},"content":{"rendered":"<p><img decoding=\"async\" src=\"https:\/\/now-news.de\/de\/wp-content\/uploads\/sites\/3\/2025\/04\/67ff72b7b480cc4c242df05a.png\" \/><\/p>\n<div class=\"Text-root Text-type_1 \">\n                Der russische Chirurg Dmitri arbeitete mehrere Jahre in Deutschland, bevor er sich entschloss, in seine Heimat zur\u00fcckzukehren und sich als Kommandeur eines Sanit\u00e4tszugs an der Sonderoperation zu beteiligen. In der Region Kursk unterst\u00fctzte er Verwundete direkt an der Frontlinie.\n            <\/div>\n<p><\/p>\n<div class=\"Text-root Text-type_5 ArticleView-text ViewText-root \">\n<p data-start=\"190\" data-end=\"483\">Dmitri, ein ausgebildeter Chirurg aus Russland, entschied sich nach mehreren Jahren beruflicher T\u00e4tigkeit in Deutschland zur R\u00fcckkehr in seine Heimat, um sich aktiv an der milit\u00e4rischen Sonderoperation zu beteiligen. Dies berichtete er in einem Gespr\u00e4ch mit der Nachrichtenagentur\u00a0<em><a rel=\"nofollow noopener\" target=\"_blank\" href=\"https:\/\/ria.ru\/20250414\/svo-2011065804.html?utm_source=yxnews&amp;utm_medium=desktop&amp;utm_referrer=https%3A%2F%2Fdzen.ru%2Fnews%2Finstory%2F3d86cda5-b824-5cef-a2f0-8268304b550c\">RIA Nowosti<\/a>.<\/em><\/p>\n<p>Seine medizinische Laufbahn f\u00fchrte ihn zun\u00e4chst \u00fcber ein Austauschprogramm der Staatlichen Medizinischen Universit\u00e4t Woroschilow in Woronesch in die renommierte Berliner Klinik\u00a0<em>Charit\u00e9<\/em>. Dort absolvierte er ein Praktikum und entschloss sich anschlie\u00dfend, in Deutschland zu bleiben.<\/p>\n<p>Insgesamt lebte er rund vier Jahre in Bielefeld in Nordrhein-Westfalen und arbeitete dort als Chirurg in einer Klinik. Nach eigenen Angaben war er finanziell abgesichert, seine monatlichen Netto-Eink\u00fcnfte lagen bei etwa 3.500 bis 3.700 Euro. Fachlich war er gut integriert und nahm an komplexen Eingriffen wie Lebertransplantationen teil.<\/p>\n<p>Dennoch wuchs in ihm nach dem Beginn der Sonderoperation im Februar 2022 das Bed\u00fcrfnis, sich pers\u00f6nlich zu engagieren. Bereits seit 2014 habe er die Entwicklungen im Donbass aufmerksam verfolgt. Im Jahr 2024 fasste er schlie\u00dflich den Entschluss, seine T\u00e4tigkeit in Deutschland zu beenden, sich milit\u00e4risch vorzubereiten und zur\u00fcckzukehren.<\/p>\n<blockquote>\n<p><em>&#8220;Ehrlich gesagt verfolge ich die Entwicklungen im Donbass bereits seit 2014 sehr genau. Als mir bewusst wurde, dass die Sonderoperation schon lange andauert, traf ich die Entscheidung, meiner Heimat meinen Dienst zu erweisen. Ich kam in Russland an, nahm mir einen Tag zur Erholung \u2013 es waren gerade Feiertage, der 23. Februar 2024. Und gleich am n\u00e4chsten Werktag stand ich schon beim Wehrdienstb\u00fcro&#8221;,\u00a0<a rel=\"nofollow noopener\" target=\"_blank\" href=\"https:\/\/ria.ru\/20250414\/svo-2011065804.html?utm_source=yxnews&amp;utm_medium=desktop&amp;utm_referrer=https%3A%2F%2Fdzen.ru%2Fnews%2Finstory%2F3d86cda5-b824-5cef-a2f0-8268304b550c\">erkl\u00e4rt<\/a>\u00a0Dmitri.<\/em><\/p>\n<\/blockquote>\n<p>Nach der R\u00fcckkehr nach Russland meldete er sich unmittelbar beim Wehrdienstb\u00fcro. Bald darauf \u00fcbernahm er die Leitung eines medizinischen Zuges innerhalb eines motorisierten Sch\u00fctzenbataillons.<\/p>\n<p>In dieser Rolle war er in der Region Kursk im Einsatz, unter anderem s\u00fcdlich der Stadt Sudscha, nur wenige Kilometer von der ukrainischen Grenze entfernt. Seine Aufgaben umfassten die Organisation medizinischer Versorgungseinrichtungen sowie die Evakuierung verletzter Soldaten aus Gefechtszonen. Dmitri war sowohl in r\u00fcckw\u00e4rtigen Verb\u00e4nden als auch an vorderster Front t\u00e4tig.<\/p>\n<p data-start=\"2173\" data-end=\"2334\"><strong>Mehr zum Thema \u2013<\/strong>\u00a0<a rel=\"nofollow noopener\" target=\"_blank\" href=\"https:\/\/freedert.online\/meinung\/239828-vorzeitige-kapitulation-zur-kriegsfuehrung-fehlen\/\">Vorzeitige Kapitulation: Zur Kriegsf\u00fchrung fehlen der NATO die ausreichenden Streitkr\u00e4fte<\/a><\/p>\n<div class=\"EmbedBlock-root EmbedBlock-externalVideo EmbedBlock-rumble\">\n<div class=\"VkEmbed\"><iframe class=\"lazyload\" data-src=\"https:\/\/rumble.com\/embed\/v6pvva1\" frameborder=\"0\" width=\"853\" height=\"480\" allowfullscreen><\/iframe><\/div>\n<\/div>\n<\/div>\n<p><br \/>\n<br \/><a href=\"https:\/\/de.rt.com\/russland\/242564-arzt-mit-charite-erfahrung-verlaesst\/\">Source link <\/a><\/p>\n","protected":false},"excerpt":{"rendered":"<p>Der russische Chirurg Dmitri arbeitete mehrere Jahre in Deutschland, bevor er sich entschloss, in seine Heimat zur\u00fcckzukehren und sich als Kommandeur eines Sanit\u00e4tszugs an der Sonderoperation zu beteiligen. In der Region Kursk unterst\u00fctzte er Verwundete direkt an der Frontlinie. Dmitri, ein ausgebildeter Chirurg aus Russland, entschied sich nach mehreren Jahren beruflicher T\u00e4tigkeit in Deutschland zur [&hellip;]<\/p>\n","protected":false},"author":3,"featured_media":82249,"comment_status":"open","ping_status":"open","sticky":false,"template":"","format":"standard","meta":{"_yoast_indexnow_last_ping":["1744814655"],"wp_automatic_camp":["217"],"8abafda2c63b244fd9174d041eb519e8":["Arzt mit Charit\u00e9-Erfahrung verl\u00e4sst Deutschland: Er geht f\u00fcr Russland an die Front"],"original_link":["https:\/\/de.rt.com\/russland\/242564-arzt-mit-charite-erfahrung-verlaesst\/"],"_thumbnail_id":["82249"],"jnews_social_counter_last_update":["1777188779"],"_wptgpro_p2tg_sent2tg":["a:1:{i:23737;s:19:\"2025-04-16 16:45:18\";}"]},"categories":[19,23],"tags":[5137,64317,179,45,10227,221,1673,419,126,1444],"yoast_head":"<!-- This site is optimized with the Yoast SEO Premium plugin v22.7 (Yoast SEO v22.7) - https:\/\/yoast.com\/wordpress\/plugins\/seo\/ -->\n<title>Arzt mit Charit\u00e9-Erfahrung verl\u00e4sst Deutschland: Er geht f\u00fcr Russland an die Front - just-now.NEWS Deutschland<\/title>\n<meta name=\"robots\" content=\"index, follow, max-snippet:-1, max-image-preview:large, max-video-preview:-1\" \/>\n<link rel=\"canonical\" href=\"https:\/\/now-news.de\/de\/deutschland\/arzt-mit-charite-erfahrung-verlaesst-deutschland-er-geht-fuer-russland-an-die-front\/\" \/>\n<meta property=\"og:locale\" content=\"de_DE\" \/>\n<meta property=\"og:type\" content=\"article\" \/>\n<meta property=\"og:title\" content=\"Arzt mit Charit\u00e9-Erfahrung verl\u00e4sst Deutschland: Er geht f\u00fcr Russland an die Front\" \/>\n<meta property=\"og:description\" content=\"Der russische Chirurg Dmitri arbeitete mehrere Jahre in Deutschland, bevor er sich entschloss, in seine Heimat zur\u00fcckzukehren und sich als Kommandeur eines Sanit\u00e4tszugs an der Sonderoperation zu beteiligen. In der Region Kursk unterst\u00fctzte er Verwundete direkt an der Frontlinie. Dmitri, ein ausgebildeter Chirurg aus Russland, entschied sich nach mehreren Jahren beruflicher T\u00e4tigkeit in Deutschland zur [&hellip;]\" \/>\n<meta property=\"og:url\" content=\"https:\/\/now-news.de\/de\/deutschland\/arzt-mit-charite-erfahrung-verlaesst-deutschland-er-geht-fuer-russland-an-die-front\/\" \/>\n<meta property=\"og:site_name\" content=\"just-now.NEWS Deutschland\" \/>\n<meta property=\"article:publisher\" content=\"https:\/\/www.facebook.com\/wirmachenauf\" \/>\n<meta property=\"article:published_time\" content=\"2025-04-16T14:43:00+00:00\" \/>\n<meta property=\"og:image\" content=\"https:\/\/now-news.de\/de\/wp-content\/uploads\/sites\/3\/2025\/04\/67ff72b7b480cc4c242df05a.png\" \/>\n<meta name=\"author\" content=\"rtnews\" \/>\n<meta name=\"twitter:card\" content=\"summary_large_image\" \/>\n<meta name=\"twitter:creator\" content=\"@WirMachenAuf_de\" \/>\n<meta name=\"twitter:site\" content=\"@WirMachenAuf_de\" \/>\n<meta name=\"twitter:label1\" content=\"Verfasst von\" \/>\n\t<meta name=\"twitter:data1\" content=\"rtnews\" \/>\n\t<meta name=\"twitter:label2\" content=\"Gesch\u00e4tzte Lesezeit\" \/>\n\t<meta name=\"twitter:data2\" content=\"2\u00a0Minuten\" \/>\n<script type=\"application\/ld+json\" class=\"yoast-schema-graph\">{\"@context\":\"https:\/\/schema.org\",\"@graph\":[{\"@type\":\"Article\",\"@id\":\"https:\/\/now-news.de\/de\/deutschland\/arzt-mit-charite-erfahrung-verlaesst-deutschland-er-geht-fuer-russland-an-die-front\/#article\",\"isPartOf\":{\"@id\":\"https:\/\/now-news.de\/de\/deutschland\/arzt-mit-charite-erfahrung-verlaesst-deutschland-er-geht-fuer-russland-an-die-front\/\"},\"author\":{\"name\":\"rtnews\",\"@id\":\"https:\/\/now-news.de\/de\/#\/schema\/person\/fb534a4e865501d8b3285208df34a9b5\"},\"headline\":\"Arzt mit Charit\u00e9-Erfahrung verl\u00e4sst Deutschland: Er geht f\u00fcr Russland an die Front\",\"datePublished\":\"2025-04-16T14:43:00+00:00\",\"dateModified\":\"2025-04-16T14:43:00+00:00\",\"mainEntityOfPage\":{\"@id\":\"https:\/\/now-news.de\/de\/deutschland\/arzt-mit-charite-erfahrung-verlaesst-deutschland-er-geht-fuer-russland-an-die-front\/\"},\"wordCount\":403,\"commentCount\":0,\"publisher\":{\"@id\":\"https:\/\/now-news.de\/de\/#organization\"},\"image\":{\"@id\":\"https:\/\/now-news.de\/de\/deutschland\/arzt-mit-charite-erfahrung-verlaesst-deutschland-er-geht-fuer-russland-an-die-front\/#primaryimage\"},\"thumbnailUrl\":\"https:\/\/now-news.de\/de\/wp-content\/uploads\/sites\/3\/2025\/04\/Arzt-mit-Charite-Erfahrung-verlaesst-Deutschland-Er-geht-fuer-Russland-an.png\",\"keywords\":[\"Arzt\",\"Charit\u00e9Erfahrung\",\"Deutschland\",\"die\",\"Front\",\"f\u00fcr\",\"Geht\",\"mit\",\"russland\",\"verl\u00e4sst\"],\"articleSection\":[\"Deutschland\",\"Russland\"],\"inLanguage\":\"de\",\"potentialAction\":[{\"@type\":\"CommentAction\",\"name\":\"Comment\",\"target\":[\"https:\/\/now-news.de\/de\/deutschland\/arzt-mit-charite-erfahrung-verlaesst-deutschland-er-geht-fuer-russland-an-die-front\/#respond\"]}]},{\"@type\":\"WebPage\",\"@id\":\"https:\/\/now-news.de\/de\/deutschland\/arzt-mit-charite-erfahrung-verlaesst-deutschland-er-geht-fuer-russland-an-die-front\/\",\"url\":\"https:\/\/now-news.de\/de\/deutschland\/arzt-mit-charite-erfahrung-verlaesst-deutschland-er-geht-fuer-russland-an-die-front\/\",\"name\":\"Arzt mit Charit\u00e9-Erfahrung verl\u00e4sst Deutschland: Er geht f\u00fcr Russland an die Front - just-now.NEWS Deutschland\",\"isPartOf\":{\"@id\":\"https:\/\/now-news.de\/de\/#website\"},\"primaryImageOfPage\":{\"@id\":\"https:\/\/now-news.de\/de\/deutschland\/arzt-mit-charite-erfahrung-verlaesst-deutschland-er-geht-fuer-russland-an-die-front\/#primaryimage\"},\"image\":{\"@id\":\"https:\/\/now-news.de\/de\/deutschland\/arzt-mit-charite-erfahrung-verlaesst-deutschland-er-geht-fuer-russland-an-die-front\/#primaryimage\"},\"thumbnailUrl\":\"https:\/\/now-news.de\/de\/wp-content\/uploads\/sites\/3\/2025\/04\/Arzt-mit-Charite-Erfahrung-verlaesst-Deutschland-Er-geht-fuer-Russland-an.png\",\"datePublished\":\"2025-04-16T14:43:00+00:00\",\"dateModified\":\"2025-04-16T14:43:00+00:00\",\"breadcrumb\":{\"@id\":\"https:\/\/now-news.de\/de\/deutschland\/arzt-mit-charite-erfahrung-verlaesst-deutschland-er-geht-fuer-russland-an-die-front\/#breadcrumb\"},\"inLanguage\":\"de\",\"potentialAction\":[{\"@type\":\"ReadAction\",\"target\":[\"https:\/\/now-news.de\/de\/deutschland\/arzt-mit-charite-erfahrung-verlaesst-deutschland-er-geht-fuer-russland-an-die-front\/\"]}]},{\"@type\":\"ImageObject\",\"inLanguage\":\"de\",\"@id\":\"https:\/\/now-news.de\/de\/deutschland\/arzt-mit-charite-erfahrung-verlaesst-deutschland-er-geht-fuer-russland-an-die-front\/#primaryimage\",\"url\":\"https:\/\/now-news.de\/de\/wp-content\/uploads\/sites\/3\/2025\/04\/Arzt-mit-Charite-Erfahrung-verlaesst-Deutschland-Er-geht-fuer-Russland-an.png\",\"contentUrl\":\"https:\/\/now-news.de\/de\/wp-content\/uploads\/sites\/3\/2025\/04\/Arzt-mit-Charite-Erfahrung-verlaesst-Deutschland-Er-geht-fuer-Russland-an.png\",\"width\":460,\"height\":259,\"caption\":\"Arzt mit Charit\u00e9-Erfahrung verl\u00e4sst Deutschland: Er geht f\u00fcr Russland an die Front\"},{\"@type\":\"BreadcrumbList\",\"@id\":\"https:\/\/now-news.de\/de\/deutschland\/arzt-mit-charite-erfahrung-verlaesst-deutschland-er-geht-fuer-russland-an-die-front\/#breadcrumb\",\"itemListElement\":[{\"@type\":\"ListItem\",\"position\":1,\"name\":\"Home\",\"item\":\"https:\/\/now-news.de\/de\/\"},{\"@type\":\"ListItem\",\"position\":2,\"name\":\"Arzt mit Charit\u00e9-Erfahrung verl\u00e4sst Deutschland: Er geht f\u00fcr Russland an die Front\"}]},{\"@type\":\"WebSite\",\"@id\":\"https:\/\/now-news.de\/de\/#website\",\"url\":\"https:\/\/now-news.de\/de\/\",\"name\":\"just-now.NEWS Deutschland\",\"description\":\"Das Portal f\u00fcr unzensierte Nachrichten aus der Welt\",\"publisher\":{\"@id\":\"https:\/\/now-news.de\/de\/#organization\"},\"potentialAction\":[{\"@type\":\"SearchAction\",\"target\":{\"@type\":\"EntryPoint\",\"urlTemplate\":\"https:\/\/now-news.de\/de\/?s={search_term_string}\"},\"query-input\":\"required name=search_term_string\"}],\"inLanguage\":\"de\"},{\"@type\":\"Organization\",\"@id\":\"https:\/\/now-news.de\/de\/#organization\",\"name\":\"Just Now News\",\"url\":\"https:\/\/now-news.de\/de\/\",\"logo\":{\"@type\":\"ImageObject\",\"inLanguage\":\"de\",\"@id\":\"https:\/\/now-news.de\/de\/#\/schema\/logo\/image\/\",\"url\":\"http:\/\/just-now.news\/de\/wp-content\/uploads\/sites\/3\/2022\/04\/logo500x500.jpg\",\"contentUrl\":\"http:\/\/just-now.news\/de\/wp-content\/uploads\/sites\/3\/2022\/04\/logo500x500.jpg\",\"width\":500,\"height\":500,\"caption\":\"Just Now News\"},\"image\":{\"@id\":\"https:\/\/now-news.de\/de\/#\/schema\/logo\/image\/\"},\"sameAs\":[\"https:\/\/www.facebook.com\/wirmachenauf\",\"https:\/\/x.com\/WirMachenAuf_de\"]},{\"@type\":\"Person\",\"@id\":\"https:\/\/now-news.de\/de\/#\/schema\/person\/fb534a4e865501d8b3285208df34a9b5\",\"name\":\"rtnews\",\"image\":{\"@type\":\"ImageObject\",\"inLanguage\":\"de\",\"@id\":\"https:\/\/now-news.de\/de\/#\/schema\/person\/image\/\",\"url\":\"https:\/\/secure.gravatar.com\/avatar\/82aafea7d8127119dd649515f56e2117?s=96&d=mm&r=g\",\"contentUrl\":\"https:\/\/secure.gravatar.com\/avatar\/82aafea7d8127119dd649515f56e2117?s=96&d=mm&r=g\",\"caption\":\"rtnews\"},\"url\":\"https:\/\/now-news.de\/de\/author\/rnews\/\"}]}<\/script>\n<!-- \/ Yoast SEO Premium plugin. -->","yoast_head_json":{"title":"Arzt mit Charit\u00e9-Erfahrung verl\u00e4sst Deutschland: Er geht f\u00fcr Russland an die Front - just-now.NEWS Deutschland","robots":{"index":"index","follow":"follow","max-snippet":"max-snippet:-1","max-image-preview":"max-image-preview:large","max-video-preview":"max-video-preview:-1"},"canonical":"https:\/\/now-news.de\/de\/deutschland\/arzt-mit-charite-erfahrung-verlaesst-deutschland-er-geht-fuer-russland-an-die-front\/","og_locale":"de_DE","og_type":"article","og_title":"Arzt mit Charit\u00e9-Erfahrung verl\u00e4sst Deutschland: Er geht f\u00fcr Russland an die Front","og_description":"Der russische Chirurg Dmitri arbeitete mehrere Jahre in Deutschland, bevor er sich entschloss, in seine Heimat zur\u00fcckzukehren und sich als Kommandeur eines Sanit\u00e4tszugs an der Sonderoperation zu beteiligen. In der Region Kursk unterst\u00fctzte er Verwundete direkt an der Frontlinie. Dmitri, ein ausgebildeter Chirurg aus Russland, entschied sich nach mehreren Jahren beruflicher T\u00e4tigkeit in Deutschland zur [&hellip;]","og_url":"https:\/\/now-news.de\/de\/deutschland\/arzt-mit-charite-erfahrung-verlaesst-deutschland-er-geht-fuer-russland-an-die-front\/","og_site_name":"just-now.NEWS Deutschland","article_publisher":"https:\/\/www.facebook.com\/wirmachenauf","article_published_time":"2025-04-16T14:43:00+00:00","og_image":[{"url":"https:\/\/now-news.de\/de\/wp-content\/uploads\/sites\/3\/2025\/04\/67ff72b7b480cc4c242df05a.png"}],"author":"rtnews","twitter_card":"summary_large_image","twitter_creator":"@WirMachenAuf_de","twitter_site":"@WirMachenAuf_de","twitter_misc":{"Verfasst von":"rtnews","Gesch\u00e4tzte Lesezeit":"2\u00a0Minuten"},"schema":{"@context":"https:\/\/schema.org","@graph":[{"@type":"Article","@id":"https:\/\/now-news.de\/de\/deutschland\/arzt-mit-charite-erfahrung-verlaesst-deutschland-er-geht-fuer-russland-an-die-front\/#article","isPartOf":{"@id":"https:\/\/now-news.de\/de\/deutschland\/arzt-mit-charite-erfahrung-verlaesst-deutschland-er-geht-fuer-russland-an-die-front\/"},"author":{"name":"rtnews","@id":"https:\/\/now-news.de\/de\/#\/schema\/person\/fb534a4e865501d8b3285208df34a9b5"},"headline":"Arzt mit Charit\u00e9-Erfahrung verl\u00e4sst Deutschland: Er geht f\u00fcr Russland an die Front","datePublished":"2025-04-16T14:43:00+00:00","dateModified":"2025-04-16T14:43:00+00:00","mainEntityOfPage":{"@id":"https:\/\/now-news.de\/de\/deutschland\/arzt-mit-charite-erfahrung-verlaesst-deutschland-er-geht-fuer-russland-an-die-front\/"},"wordCount":403,"commentCount":0,"publisher":{"@id":"https:\/\/now-news.de\/de\/#organization"},"image":{"@id":"https:\/\/now-news.de\/de\/deutschland\/arzt-mit-charite-erfahrung-verlaesst-deutschland-er-geht-fuer-russland-an-die-front\/#primaryimage"},"thumbnailUrl":"https:\/\/now-news.de\/de\/wp-content\/uploads\/sites\/3\/2025\/04\/Arzt-mit-Charite-Erfahrung-verlaesst-Deutschland-Er-geht-fuer-Russland-an.png","keywords":["Arzt","Charit\u00e9Erfahrung","Deutschland","die","Front","f\u00fcr","Geht","mit","russland","verl\u00e4sst"],"articleSection":["Deutschland","Russland"],"inLanguage":"de","potentialAction":[{"@type":"CommentAction","name":"Comment","target":["https:\/\/now-news.de\/de\/deutschland\/arzt-mit-charite-erfahrung-verlaesst-deutschland-er-geht-fuer-russland-an-die-front\/#respond"]}]},{"@type":"WebPage","@id":"https:\/\/now-news.de\/de\/deutschland\/arzt-mit-charite-erfahrung-verlaesst-deutschland-er-geht-fuer-russland-an-die-front\/","url":"https:\/\/now-news.de\/de\/deutschland\/arzt-mit-charite-erfahrung-verlaesst-deutschland-er-geht-fuer-russland-an-die-front\/","name":"Arzt mit Charit\u00e9-Erfahrung verl\u00e4sst Deutschland: Er geht f\u00fcr Russland an die Front - just-now.NEWS Deutschland","isPartOf":{"@id":"https:\/\/now-news.de\/de\/#website"},"primaryImageOfPage":{"@id":"https:\/\/now-news.de\/de\/deutschland\/arzt-mit-charite-erfahrung-verlaesst-deutschland-er-geht-fuer-russland-an-die-front\/#primaryimage"},"image":{"@id":"https:\/\/now-news.de\/de\/deutschland\/arzt-mit-charite-erfahrung-verlaesst-deutschland-er-geht-fuer-russland-an-die-front\/#primaryimage"},"thumbnailUrl":"https:\/\/now-news.de\/de\/wp-content\/uploads\/sites\/3\/2025\/04\/Arzt-mit-Charite-Erfahrung-verlaesst-Deutschland-Er-geht-fuer-Russland-an.png","datePublished":"2025-04-16T14:43:00+00:00","dateModified":"2025-04-16T14:43:00+00:00","breadcrumb":{"@id":"https:\/\/now-news.de\/de\/deutschland\/arzt-mit-charite-erfahrung-verlaesst-deutschland-er-geht-fuer-russland-an-die-front\/#breadcrumb"},"inLanguage":"de","potentialAction":[{"@type":"ReadAction","target":["https:\/\/now-news.de\/de\/deutschland\/arzt-mit-charite-erfahrung-verlaesst-deutschland-er-geht-fuer-russland-an-die-front\/"]}]},{"@type":"ImageObject","inLanguage":"de","@id":"https:\/\/now-news.de\/de\/deutschland\/arzt-mit-charite-erfahrung-verlaesst-deutschland-er-geht-fuer-russland-an-die-front\/#primaryimage","url":"https:\/\/now-news.de\/de\/wp-content\/uploads\/sites\/3\/2025\/04\/Arzt-mit-Charite-Erfahrung-verlaesst-Deutschland-Er-geht-fuer-Russland-an.png","contentUrl":"https:\/\/now-news.de\/de\/wp-content\/uploads\/sites\/3\/2025\/04\/Arzt-mit-Charite-Erfahrung-verlaesst-Deutschland-Er-geht-fuer-Russland-an.png","width":460,"height":259,"caption":"Arzt mit Charit\u00e9-Erfahrung verl\u00e4sst Deutschland: Er geht f\u00fcr Russland an die Front"},{"@type":"BreadcrumbList","@id":"https:\/\/now-news.de\/de\/deutschland\/arzt-mit-charite-erfahrung-verlaesst-deutschland-er-geht-fuer-russland-an-die-front\/#breadcrumb","itemListElement":[{"@type":"ListItem","position":1,"name":"Home","item":"https:\/\/now-news.de\/de\/"},{"@type":"ListItem","position":2,"name":"Arzt mit Charit\u00e9-Erfahrung verl\u00e4sst Deutschland: Er geht f\u00fcr Russland an die Front"}]},{"@type":"WebSite","@id":"https:\/\/now-news.de\/de\/#website","url":"https:\/\/now-news.de\/de\/","name":"just-now.NEWS Deutschland","description":"Das Portal f\u00fcr unzensierte Nachrichten aus der Welt","publisher":{"@id":"https:\/\/now-news.de\/de\/#organization"},"potentialAction":[{"@type":"SearchAction","target":{"@type":"EntryPoint","urlTemplate":"https:\/\/now-news.de\/de\/?s={search_term_string}"},"query-input":"required name=search_term_string"}],"inLanguage":"de"},{"@type":"Organization","@id":"https:\/\/now-news.de\/de\/#organization","name":"Just Now News","url":"https:\/\/now-news.de\/de\/","logo":{"@type":"ImageObject","inLanguage":"de","@id":"https:\/\/now-news.de\/de\/#\/schema\/logo\/image\/","url":"http:\/\/just-now.news\/de\/wp-content\/uploads\/sites\/3\/2022\/04\/logo500x500.jpg","contentUrl":"http:\/\/just-now.news\/de\/wp-content\/uploads\/sites\/3\/2022\/04\/logo500x500.jpg","width":500,"height":500,"caption":"Just Now News"},"image":{"@id":"https:\/\/now-news.de\/de\/#\/schema\/logo\/image\/"},"sameAs":["https:\/\/www.facebook.com\/wirmachenauf","https:\/\/x.com\/WirMachenAuf_de"]},{"@type":"Person","@id":"https:\/\/now-news.de\/de\/#\/schema\/person\/fb534a4e865501d8b3285208df34a9b5","name":"rtnews","image":{"@type":"ImageObject","inLanguage":"de","@id":"https:\/\/now-news.de\/de\/#\/schema\/person\/image\/","url":"https:\/\/secure.gravatar.com\/avatar\/82aafea7d8127119dd649515f56e2117?s=96&d=mm&r=g","contentUrl":"https:\/\/secure.gravatar.com\/avatar\/82aafea7d8127119dd649515f56e2117?s=96&d=mm&r=g","caption":"rtnews"},"url":"https:\/\/now-news.de\/de\/author\/rnews\/"}]}},"_links":{"self":[{"href":"https:\/\/now-news.de\/de\/wp-json\/wp\/v2\/posts\/82248"}],"collection":[{"href":"https:\/\/now-news.de\/de\/wp-json\/wp\/v2\/posts"}],"about":[{"href":"https:\/\/now-news.de\/de\/wp-json\/wp\/v2\/types\/post"}],"author":[{"embeddable":true,"href":"https:\/\/now-news.de\/de\/wp-json\/wp\/v2\/users\/3"}],"replies":[{"embeddable":true,"href":"https:\/\/now-news.de\/de\/wp-json\/wp\/v2\/comments?post=82248"}],"version-history":[{"count":0,"href":"https:\/\/now-news.de\/de\/wp-json\/wp\/v2\/posts\/82248\/revisions"}],"wp:featuredmedia":[{"embeddable":true,"href":"https:\/\/now-news.de\/de\/wp-json\/wp\/v2\/media\/82249"}],"wp:attachment":[{"href":"https:\/\/now-news.de\/de\/wp-json\/wp\/v2\/media?parent=82248"}],"wp:term":[{"taxonomy":"category","embeddable":true,"href":"https:\/\/now-news.de\/de\/wp-json\/wp\/v2\/categories?post=82248"},{"taxonomy":"post_tag","embeddable":true,"href":"https:\/\/now-news.de\/de\/wp-json\/wp\/v2\/tags?post=82248"}],"curies":[{"name":"wp","href":"https:\/\/api.w.org\/{rel}","templated":true}]}}