{"id":82232,"date":"2025-04-16T13:44:33","date_gmt":"2025-04-16T11:44:33","guid":{"rendered":"https:\/\/now-news.de\/de\/deutschland\/eu-erpresst-serbiens-praesident-vucic-bei-moskau-besuch-zum-9-mai-kein-beitritt\/"},"modified":"2025-04-16T13:44:33","modified_gmt":"2025-04-16T11:44:33","slug":"eu-erpresst-serbiens-praesident-vucic-bei-moskau-besuch-zum-9-mai-kein-beitritt","status":"publish","type":"post","link":"https:\/\/now-news.de\/de\/deutschland\/eu-erpresst-serbiens-praesident-vucic-bei-moskau-besuch-zum-9-mai-kein-beitritt\/","title":{"rendered":"EU erpresst Serbiens Pr\u00e4sident Vu\u010di\u0107: Bei Moskau-Besuch zum 9. Mai kein Beitritt"},"content":{"rendered":"<p><img decoding=\"async\" src=\"https:\/\/now-news.de\/de\/wp-content\/uploads\/sites\/3\/2025\/04\/67ff796f48fbef4a3e359d8b.jpg\" \/><\/p>\n<div class=\"Text-root Text-type_1 \">\n                EU-Mitgliedsstaaten haben damit gedroht, Serbiens Beitrittsgesuch zum Scheitern zu bringen, sollte Pr\u00e4sident Aleksandar Vu\u010di\u0107 im n\u00e4chsten Monat an den Siegesfeiern zum Zweiten Weltkrieg in Moskau teilnehmen. Der slowakische Ministerpr\u00e4sident Fico best\u00e4tigt auf X die Drohgeb\u00e4rden seitens Kaja Kallas.\n            <\/div>\n<p><\/p>\n<div class=\"Text-root Text-type_5 ArticleView-text ViewText-root \">\n<p>Medienberichten der<em>\u00a0Financial Times<\/em>\u00a0und des\u00a0<em>Telegraph<\/em>\u00a0vom Dienstag zufolge, erfolgen seitens EU-Mitgliedstaaten unmissverst\u00e4ndliche Forderungen, die demnach Serbiens EU-Beitrittsgesuch ablehnen w\u00fcrden, sollte der serbische Pr\u00e4sident Aleksandar Vu\u010di\u0107 im n\u00e4chsten Monat an den Feierlichkeiten zum Sieg \u00fcber den Zweiten Weltkrieg in Russland teilnehmen.<\/p>\n<p>Moskau wird am 9. Mai seine j\u00e4hrliche Milit\u00e4rparade auf dem Roten Platz abhalten, um den 80. Jahrestag des Sieges der Sowjetunion \u00fcber Nazi-Deutschland und seine Verb\u00fcndeten zu feiern. Vu\u010di\u0107 best\u00e4tigte zu Wochenbeginn, dass er an den Feierlichkeiten teilnehmen wird.<\/p>\n<p>Das Nachrichtenportal\u00a0<em>Euractiv<\/em>\u00a0schrieb zu dem diesbez\u00fcglichen politischen EU-Diktat, dass &#8220;EU-Chefdiplomatin&#8221; Kaja Kallas demnach die Staats- und Regierungschefs der Balkanl\u00e4nder &#8220;davor gewarnt hat, an der Parade zum &#8216;Tag des Sieges&#8217; des russischen Pr\u00e4sidenten Wladimir Putin in Moskau im n\u00e4chsten Monat teilzunehmen&#8221;. Weiter hei\u00dft es in dem\u00a0<a rel=\"nofollow noopener\" target=\"_blank\" href=\"https:\/\/www.euractiv.de\/section\/eu-aussenpolitik\/news\/eu-warnt-balkanlaender-vor-teilnahme-an-putins-siegesparade\/\">Artikel<\/a>:<\/p>\n<p><em>&#8220;Bei einem Treffen in Luxemburg am Montag lud der ukrainische Vize-Au\u00dfenminister Andriy Sybiha seine EU-Kollegen stattdessen ein, am 9. Mai nach Kiew zu kommen. Ziel sei es, diplomatische St\u00e4rke zu zeigen und ein Zeichen gegen Russlands allj\u00e4hrliche Milit\u00e4rparade am selben Tag zu setzen.&#8221;<\/em><\/p>\n<p>Robert Fico, der Ministerpr\u00e4sident der Slowakei, informierte im Rahmen eines X-Beitrags best\u00e4tigend die Vorg\u00e4nge in Luxemburg, um zu kommentieren:<em><br \/><\/em><\/p>\n<p><em>&#8220;Die Hohe Vertreterin der EU f\u00fcr Au\u00dfenpolitik, Kaja Kallas, warnt die Staats- und Regierungschefs der EU vor einer Teilnahme an den Feierlichkeiten zum Tag des Sieges in Moskau im Mai. Sie behauptet, dass eine solche Teilnahme nicht auf die leichte Schulter genommen werden wird. Ich werde am 9. Mai nach Moskau reisen. Ist die Warnung von Frau Kallas eine Form von Erpressung oder ein Signal, dass ich nach meiner R\u00fcckkehr aus Moskau bestraft werde? Ich wei\u00df es nicht. Aber ich wei\u00df, dass wir das Jahr 2025 haben und nicht 1939.&#8221;<\/em><\/p>\n<div class=\"EmbedBlock-root EmbedBlock-twitter\">\n<div class=\"TwitterEmbed\">\n<blockquote class=\"twitter-tweet lazyload\" data-twitter=\"twitter-tweet\">\n<p lang=\"en\" dir=\"ltr\">WARNING AND THREAT BY MS. KALLAS ARE DISRESPECTFUL AND I STRONGLY OBJECT TO THEM.The EU High Representative for Foreign Affairs, Kaja Kallas, is warning EU leaders against participating in the May celebrations of Victory Day in Moscow. She claims that such participation will\u2026 <a rel=\"nofollow noopener\" target=\"_blank\" href=\"https:\/\/t.co\/KsHGJtOVRO\">pic.twitter.com\/KsHGJtOVRO<\/a><\/p>\n<p>\u2014 Robert Fico \ud83c\uddf8\ud83c\uddf0 (@RobertFicoSVK) <a rel=\"nofollow noopener\" target=\"_blank\" href=\"https:\/\/twitter.com\/RobertFicoSVK\/status\/1912168829272142161?ref_src=twsrc%5Etfw\">April 15, 2025<\/a><\/p><\/blockquote>\n<\/div>\n<\/div>\n<p>Ungarns Ministerpr\u00e4sident Viktor Orb\u00e1n hatte demgegen\u00fcber bereits\u00a0<a rel=\"nofollow noopener\" target=\"_blank\" href=\"https:\/\/www.telegraph.co.uk\/world-news\/2025\/04\/15\/eu-ban-serbia-if-president-joins-putin-victory-parade\/\">mitgeteilt<\/a>, dass er an den Feierlichkeiten nicht teilnehmen wird.<\/p>\n<p>Ungenannte EU-Beamte haben Serbien mitgeteilt, dass Vu\u010di\u0107 Reise &#8220;gegen ihre Beitrittskriterien versto\u00dfen w\u00fcrde&#8221;, so der\u00a0<em>Telegraph<\/em>\u00a0<a rel=\"nofollow noopener\" target=\"_blank\" href=\"https:\/\/www.telegraph.co.uk\/world-news\/2025\/04\/15\/eu-ban-serbia-if-president-joins-putin-victory-parade\/\">berichtend<\/a>. Serbien wurde 2012 der EU-Kandidatenstatus zuerkannt. Die Vizepr\u00e4sidentin der EU-Kommission, Kaja Kallas, erkl\u00e4rte am Montag, die EU &#8220;wolle nicht, dass ein Kandidatenland an den Ereignissen vom 9. Mai in Moskau teilnimmt&#8221;.<\/p>\n<p>Jonatan Vseviov, der Kanzler des estnischen Au\u00dfenministeriums, erkl\u00e4rte zu den Forderungen, die er als &#8220;Lackmustest&#8221; bezeichnete:<\/p>\n<p><em>&#8220;Wir m\u00fcssen daf\u00fcr sorgen, dass sie verstehen, dass bestimmte Entscheidungen ihren Preis haben. Die Konsequenz ist, dass sie nicht der Europ\u00e4ischen Union beitreten.&#8221;<\/em><\/p>\n<p>Die lettische Au\u00dfenministerin Baiba Braze teilte am Montag mit, dass die EU-Au\u00dfenminister den serbischen Beamten &#8220;sehr klare Anweisungen&#8221; gegeben h\u00e4tten, die Feierlichkeiten zum Tag des Sieges in Moskau zu vermeiden.<\/p>\n<p>Die Sprecherin des russischen Au\u00dfenministeriums, Maria Sacharowa, bezeichnete die politische Kampagne als &#8220;Wiederaufleben des Euro-Nazismus&#8221;.<\/p>\n<p>Serbien und Russland unterhalten seit dem 19. Jahrhundert enge und vertrauliche Beziehungen. So hatte sich Belgrad geweigert, Waffen an die Ukraine zu liefern, und kritisierte regelm\u00e4\u00dfig die EU-Sanktionen gegen Moskau. Vu\u010di\u0107 hat die Bedeutung freundschaftlicher Beziehungen zu Russland betont und argumentiert, dass der Ukraine-Konflikt auf diplomatischem Wege gel\u00f6st werden sollte.<\/p>\n<p><strong>Mehr zum Thema &#8211;<\/strong>\u00a0<a rel=\"nofollow noopener\" target=\"_blank\" href=\"https:\/\/freedert.online\/russland\/242510-peskow-mehr-als-20-staats\/\">Peskow: Am Tag des Sieges werden mehr als 20 Staats- und Regierungschefs in Moskau erwartet <\/a><\/p>\n<div class=\"EmbedBlock-root EmbedBlock-externalVideo EmbedBlock-rumble\">\n<div class=\"VkEmbed\"><iframe class=\"lazyload\" data-src=\"https:\/\/rumble.com\/embed\/v6pxkaj\" frameborder=\"0\" width=\"853\" height=\"480\" allowfullscreen><\/iframe><\/div>\n<\/div>\n<\/div>\n<p><script async src=\"https:\/\/platform.twitter.com\/widgets.js\" charset=\"utf-8\"><\/script><br \/>\n<br \/><br \/>\n<br \/><a href=\"https:\/\/de.rt.com\/europa\/242569-eu-erpresst-serbiens-praesident-vucic\/\">Source link <\/a><\/p>\n","protected":false},"excerpt":{"rendered":"<p>EU-Mitgliedsstaaten haben damit gedroht, Serbiens Beitrittsgesuch zum Scheitern zu bringen, sollte Pr\u00e4sident Aleksandar Vu\u010di\u0107 im n\u00e4chsten Monat an den Siegesfeiern zum Zweiten Weltkrieg in Moskau teilnehmen. Der slowakische Ministerpr\u00e4sident Fico best\u00e4tigt auf X die Drohgeb\u00e4rden seitens Kaja Kallas. Medienberichten der\u00a0Financial Times\u00a0und des\u00a0Telegraph\u00a0vom Dienstag zufolge, erfolgen seitens EU-Mitgliedstaaten unmissverst\u00e4ndliche Forderungen, die demnach Serbiens EU-Beitrittsgesuch ablehnen w\u00fcrden, [&hellip;]<\/p>\n","protected":false},"author":3,"featured_media":82233,"comment_status":"open","ping_status":"open","sticky":false,"template":"","format":"standard","meta":{"_yoast_indexnow_last_ping":["1744803982"],"wp_automatic_camp":["217"],"8dacb96c535e552189a544f649131f6c":["EU erpresst Serbiens Pr\u00e4sident Vu\u010di\u0107: Bei Moskau-Besuch zum 9. Mai kein Beitritt"],"original_link":["https:\/\/de.rt.com\/europa\/242569-eu-erpresst-serbiens-praesident-vucic\/"],"_thumbnail_id":["82233"],"jnews_social_counter_last_update":["1777463647"],"_wptgpro_p2tg_sent2tg":["a:1:{i:23737;s:19:\"2025-04-16 13:47:32\";}"]},"categories":[19,23],"tags":[363,20061,21125,2030,9933,62278,3464,18785,955,565],"yoast_head":"<!-- This site is optimized with the Yoast SEO Premium plugin v22.7 (Yoast SEO v22.7) - https:\/\/yoast.com\/wordpress\/plugins\/seo\/ -->\n<title>EU erpresst Serbiens Pr\u00e4sident Vu\u010di\u0107: Bei Moskau-Besuch zum 9. Mai kein Beitritt - just-now.NEWS Deutschland<\/title>\n<meta name=\"robots\" content=\"index, follow, max-snippet:-1, max-image-preview:large, max-video-preview:-1\" \/>\n<link rel=\"canonical\" href=\"https:\/\/now-news.de\/de\/deutschland\/eu-erpresst-serbiens-praesident-vucic-bei-moskau-besuch-zum-9-mai-kein-beitritt\/\" \/>\n<meta property=\"og:locale\" content=\"de_DE\" \/>\n<meta property=\"og:type\" content=\"article\" \/>\n<meta property=\"og:title\" content=\"EU erpresst Serbiens Pr\u00e4sident Vu\u010di\u0107: Bei Moskau-Besuch zum 9. Mai kein Beitritt\" \/>\n<meta property=\"og:description\" content=\"EU-Mitgliedsstaaten haben damit gedroht, Serbiens Beitrittsgesuch zum Scheitern zu bringen, sollte Pr\u00e4sident Aleksandar Vu\u010di\u0107 im n\u00e4chsten Monat an den Siegesfeiern zum Zweiten Weltkrieg in Moskau teilnehmen. Der slowakische Ministerpr\u00e4sident Fico best\u00e4tigt auf X die Drohgeb\u00e4rden seitens Kaja Kallas. Medienberichten der\u00a0Financial Times\u00a0und des\u00a0Telegraph\u00a0vom Dienstag zufolge, erfolgen seitens EU-Mitgliedstaaten unmissverst\u00e4ndliche Forderungen, die demnach Serbiens EU-Beitrittsgesuch ablehnen w\u00fcrden, [&hellip;]\" \/>\n<meta property=\"og:url\" content=\"https:\/\/now-news.de\/de\/deutschland\/eu-erpresst-serbiens-praesident-vucic-bei-moskau-besuch-zum-9-mai-kein-beitritt\/\" \/>\n<meta property=\"og:site_name\" content=\"just-now.NEWS Deutschland\" \/>\n<meta property=\"article:publisher\" content=\"https:\/\/www.facebook.com\/wirmachenauf\" \/>\n<meta property=\"article:published_time\" content=\"2025-04-16T11:44:33+00:00\" \/>\n<meta property=\"og:image\" content=\"https:\/\/now-news.de\/de\/wp-content\/uploads\/sites\/3\/2025\/04\/67ff796f48fbef4a3e359d8b.jpg\" \/>\n<meta name=\"author\" content=\"rtnews\" \/>\n<meta name=\"twitter:card\" content=\"summary_large_image\" \/>\n<meta name=\"twitter:creator\" content=\"@WirMachenAuf_de\" \/>\n<meta name=\"twitter:site\" content=\"@WirMachenAuf_de\" \/>\n<meta name=\"twitter:label1\" content=\"Verfasst von\" \/>\n\t<meta name=\"twitter:data1\" content=\"rtnews\" \/>\n\t<meta name=\"twitter:label2\" content=\"Gesch\u00e4tzte Lesezeit\" \/>\n\t<meta name=\"twitter:data2\" content=\"3\u00a0Minuten\" \/>\n<script type=\"application\/ld+json\" class=\"yoast-schema-graph\">{\"@context\":\"https:\/\/schema.org\",\"@graph\":[{\"@type\":\"Article\",\"@id\":\"https:\/\/now-news.de\/de\/deutschland\/eu-erpresst-serbiens-praesident-vucic-bei-moskau-besuch-zum-9-mai-kein-beitritt\/#article\",\"isPartOf\":{\"@id\":\"https:\/\/now-news.de\/de\/deutschland\/eu-erpresst-serbiens-praesident-vucic-bei-moskau-besuch-zum-9-mai-kein-beitritt\/\"},\"author\":{\"name\":\"rtnews\",\"@id\":\"https:\/\/now-news.de\/de\/#\/schema\/person\/fb534a4e865501d8b3285208df34a9b5\"},\"headline\":\"EU erpresst Serbiens Pr\u00e4sident Vu\u010di\u0107: Bei Moskau-Besuch zum 9. Mai kein Beitritt\",\"datePublished\":\"2025-04-16T11:44:33+00:00\",\"dateModified\":\"2025-04-16T11:44:33+00:00\",\"mainEntityOfPage\":{\"@id\":\"https:\/\/now-news.de\/de\/deutschland\/eu-erpresst-serbiens-praesident-vucic-bei-moskau-besuch-zum-9-mai-kein-beitritt\/\"},\"wordCount\":644,\"commentCount\":0,\"publisher\":{\"@id\":\"https:\/\/now-news.de\/de\/#organization\"},\"image\":{\"@id\":\"https:\/\/now-news.de\/de\/deutschland\/eu-erpresst-serbiens-praesident-vucic-bei-moskau-besuch-zum-9-mai-kein-beitritt\/#primaryimage\"},\"thumbnailUrl\":\"https:\/\/now-news.de\/de\/wp-content\/uploads\/sites\/3\/2025\/04\/EU-erpresst-Serbiens-Praesident-Vucic-Bei-Moskau-Besuch-zum-9-Mai.jpg\",\"keywords\":[\"bei\",\"Beitritt\",\"erpresst\",\"Kein\",\"Mai\",\"MoskauBesuch\",\"Pr\u00e4sident\",\"Serbiens\",\"Vucic\",\"zum\"],\"articleSection\":[\"Deutschland\",\"Russland\"],\"inLanguage\":\"de\",\"potentialAction\":[{\"@type\":\"CommentAction\",\"name\":\"Comment\",\"target\":[\"https:\/\/now-news.de\/de\/deutschland\/eu-erpresst-serbiens-praesident-vucic-bei-moskau-besuch-zum-9-mai-kein-beitritt\/#respond\"]}]},{\"@type\":\"WebPage\",\"@id\":\"https:\/\/now-news.de\/de\/deutschland\/eu-erpresst-serbiens-praesident-vucic-bei-moskau-besuch-zum-9-mai-kein-beitritt\/\",\"url\":\"https:\/\/now-news.de\/de\/deutschland\/eu-erpresst-serbiens-praesident-vucic-bei-moskau-besuch-zum-9-mai-kein-beitritt\/\",\"name\":\"EU erpresst Serbiens Pr\u00e4sident Vu\u010di\u0107: Bei Moskau-Besuch zum 9. Mai kein Beitritt - just-now.NEWS Deutschland\",\"isPartOf\":{\"@id\":\"https:\/\/now-news.de\/de\/#website\"},\"primaryImageOfPage\":{\"@id\":\"https:\/\/now-news.de\/de\/deutschland\/eu-erpresst-serbiens-praesident-vucic-bei-moskau-besuch-zum-9-mai-kein-beitritt\/#primaryimage\"},\"image\":{\"@id\":\"https:\/\/now-news.de\/de\/deutschland\/eu-erpresst-serbiens-praesident-vucic-bei-moskau-besuch-zum-9-mai-kein-beitritt\/#primaryimage\"},\"thumbnailUrl\":\"https:\/\/now-news.de\/de\/wp-content\/uploads\/sites\/3\/2025\/04\/EU-erpresst-Serbiens-Praesident-Vucic-Bei-Moskau-Besuch-zum-9-Mai.jpg\",\"datePublished\":\"2025-04-16T11:44:33+00:00\",\"dateModified\":\"2025-04-16T11:44:33+00:00\",\"breadcrumb\":{\"@id\":\"https:\/\/now-news.de\/de\/deutschland\/eu-erpresst-serbiens-praesident-vucic-bei-moskau-besuch-zum-9-mai-kein-beitritt\/#breadcrumb\"},\"inLanguage\":\"de\",\"potentialAction\":[{\"@type\":\"ReadAction\",\"target\":[\"https:\/\/now-news.de\/de\/deutschland\/eu-erpresst-serbiens-praesident-vucic-bei-moskau-besuch-zum-9-mai-kein-beitritt\/\"]}]},{\"@type\":\"ImageObject\",\"inLanguage\":\"de\",\"@id\":\"https:\/\/now-news.de\/de\/deutschland\/eu-erpresst-serbiens-praesident-vucic-bei-moskau-besuch-zum-9-mai-kein-beitritt\/#primaryimage\",\"url\":\"https:\/\/now-news.de\/de\/wp-content\/uploads\/sites\/3\/2025\/04\/EU-erpresst-Serbiens-Praesident-Vucic-Bei-Moskau-Besuch-zum-9-Mai.jpg\",\"contentUrl\":\"https:\/\/now-news.de\/de\/wp-content\/uploads\/sites\/3\/2025\/04\/EU-erpresst-Serbiens-Praesident-Vucic-Bei-Moskau-Besuch-zum-9-Mai.jpg\",\"width\":460,\"height\":259,\"caption\":\"EU erpresst Serbiens Pr\u00e4sident Vu\u010di\u0107: Bei Moskau-Besuch zum 9. Mai kein Beitritt\"},{\"@type\":\"BreadcrumbList\",\"@id\":\"https:\/\/now-news.de\/de\/deutschland\/eu-erpresst-serbiens-praesident-vucic-bei-moskau-besuch-zum-9-mai-kein-beitritt\/#breadcrumb\",\"itemListElement\":[{\"@type\":\"ListItem\",\"position\":1,\"name\":\"Home\",\"item\":\"https:\/\/now-news.de\/de\/\"},{\"@type\":\"ListItem\",\"position\":2,\"name\":\"EU erpresst Serbiens Pr\u00e4sident Vu\u010di\u0107: Bei Moskau-Besuch zum 9. Mai kein Beitritt\"}]},{\"@type\":\"WebSite\",\"@id\":\"https:\/\/now-news.de\/de\/#website\",\"url\":\"https:\/\/now-news.de\/de\/\",\"name\":\"just-now.NEWS Deutschland\",\"description\":\"Das Portal f\u00fcr unzensierte Nachrichten aus der Welt\",\"publisher\":{\"@id\":\"https:\/\/now-news.de\/de\/#organization\"},\"potentialAction\":[{\"@type\":\"SearchAction\",\"target\":{\"@type\":\"EntryPoint\",\"urlTemplate\":\"https:\/\/now-news.de\/de\/?s={search_term_string}\"},\"query-input\":\"required name=search_term_string\"}],\"inLanguage\":\"de\"},{\"@type\":\"Organization\",\"@id\":\"https:\/\/now-news.de\/de\/#organization\",\"name\":\"Just Now News\",\"url\":\"https:\/\/now-news.de\/de\/\",\"logo\":{\"@type\":\"ImageObject\",\"inLanguage\":\"de\",\"@id\":\"https:\/\/now-news.de\/de\/#\/schema\/logo\/image\/\",\"url\":\"http:\/\/just-now.news\/de\/wp-content\/uploads\/sites\/3\/2022\/04\/logo500x500.jpg\",\"contentUrl\":\"http:\/\/just-now.news\/de\/wp-content\/uploads\/sites\/3\/2022\/04\/logo500x500.jpg\",\"width\":500,\"height\":500,\"caption\":\"Just Now News\"},\"image\":{\"@id\":\"https:\/\/now-news.de\/de\/#\/schema\/logo\/image\/\"},\"sameAs\":[\"https:\/\/www.facebook.com\/wirmachenauf\",\"https:\/\/x.com\/WirMachenAuf_de\"]},{\"@type\":\"Person\",\"@id\":\"https:\/\/now-news.de\/de\/#\/schema\/person\/fb534a4e865501d8b3285208df34a9b5\",\"name\":\"rtnews\",\"image\":{\"@type\":\"ImageObject\",\"inLanguage\":\"de\",\"@id\":\"https:\/\/now-news.de\/de\/#\/schema\/person\/image\/\",\"url\":\"https:\/\/secure.gravatar.com\/avatar\/82aafea7d8127119dd649515f56e2117?s=96&d=mm&r=g\",\"contentUrl\":\"https:\/\/secure.gravatar.com\/avatar\/82aafea7d8127119dd649515f56e2117?s=96&d=mm&r=g\",\"caption\":\"rtnews\"},\"url\":\"https:\/\/now-news.de\/de\/author\/rnews\/\"}]}<\/script>\n<!-- \/ Yoast SEO Premium plugin. -->","yoast_head_json":{"title":"EU erpresst Serbiens Pr\u00e4sident Vu\u010di\u0107: Bei Moskau-Besuch zum 9. Mai kein Beitritt - just-now.NEWS Deutschland","robots":{"index":"index","follow":"follow","max-snippet":"max-snippet:-1","max-image-preview":"max-image-preview:large","max-video-preview":"max-video-preview:-1"},"canonical":"https:\/\/now-news.de\/de\/deutschland\/eu-erpresst-serbiens-praesident-vucic-bei-moskau-besuch-zum-9-mai-kein-beitritt\/","og_locale":"de_DE","og_type":"article","og_title":"EU erpresst Serbiens Pr\u00e4sident Vu\u010di\u0107: Bei Moskau-Besuch zum 9. Mai kein Beitritt","og_description":"EU-Mitgliedsstaaten haben damit gedroht, Serbiens Beitrittsgesuch zum Scheitern zu bringen, sollte Pr\u00e4sident Aleksandar Vu\u010di\u0107 im n\u00e4chsten Monat an den Siegesfeiern zum Zweiten Weltkrieg in Moskau teilnehmen. Der slowakische Ministerpr\u00e4sident Fico best\u00e4tigt auf X die Drohgeb\u00e4rden seitens Kaja Kallas. Medienberichten der\u00a0Financial Times\u00a0und des\u00a0Telegraph\u00a0vom Dienstag zufolge, erfolgen seitens EU-Mitgliedstaaten unmissverst\u00e4ndliche Forderungen, die demnach Serbiens EU-Beitrittsgesuch ablehnen w\u00fcrden, [&hellip;]","og_url":"https:\/\/now-news.de\/de\/deutschland\/eu-erpresst-serbiens-praesident-vucic-bei-moskau-besuch-zum-9-mai-kein-beitritt\/","og_site_name":"just-now.NEWS Deutschland","article_publisher":"https:\/\/www.facebook.com\/wirmachenauf","article_published_time":"2025-04-16T11:44:33+00:00","og_image":[{"url":"https:\/\/now-news.de\/de\/wp-content\/uploads\/sites\/3\/2025\/04\/67ff796f48fbef4a3e359d8b.jpg"}],"author":"rtnews","twitter_card":"summary_large_image","twitter_creator":"@WirMachenAuf_de","twitter_site":"@WirMachenAuf_de","twitter_misc":{"Verfasst von":"rtnews","Gesch\u00e4tzte Lesezeit":"3\u00a0Minuten"},"schema":{"@context":"https:\/\/schema.org","@graph":[{"@type":"Article","@id":"https:\/\/now-news.de\/de\/deutschland\/eu-erpresst-serbiens-praesident-vucic-bei-moskau-besuch-zum-9-mai-kein-beitritt\/#article","isPartOf":{"@id":"https:\/\/now-news.de\/de\/deutschland\/eu-erpresst-serbiens-praesident-vucic-bei-moskau-besuch-zum-9-mai-kein-beitritt\/"},"author":{"name":"rtnews","@id":"https:\/\/now-news.de\/de\/#\/schema\/person\/fb534a4e865501d8b3285208df34a9b5"},"headline":"EU erpresst Serbiens Pr\u00e4sident Vu\u010di\u0107: Bei Moskau-Besuch zum 9. Mai kein Beitritt","datePublished":"2025-04-16T11:44:33+00:00","dateModified":"2025-04-16T11:44:33+00:00","mainEntityOfPage":{"@id":"https:\/\/now-news.de\/de\/deutschland\/eu-erpresst-serbiens-praesident-vucic-bei-moskau-besuch-zum-9-mai-kein-beitritt\/"},"wordCount":644,"commentCount":0,"publisher":{"@id":"https:\/\/now-news.de\/de\/#organization"},"image":{"@id":"https:\/\/now-news.de\/de\/deutschland\/eu-erpresst-serbiens-praesident-vucic-bei-moskau-besuch-zum-9-mai-kein-beitritt\/#primaryimage"},"thumbnailUrl":"https:\/\/now-news.de\/de\/wp-content\/uploads\/sites\/3\/2025\/04\/EU-erpresst-Serbiens-Praesident-Vucic-Bei-Moskau-Besuch-zum-9-Mai.jpg","keywords":["bei","Beitritt","erpresst","Kein","Mai","MoskauBesuch","Pr\u00e4sident","Serbiens","Vucic","zum"],"articleSection":["Deutschland","Russland"],"inLanguage":"de","potentialAction":[{"@type":"CommentAction","name":"Comment","target":["https:\/\/now-news.de\/de\/deutschland\/eu-erpresst-serbiens-praesident-vucic-bei-moskau-besuch-zum-9-mai-kein-beitritt\/#respond"]}]},{"@type":"WebPage","@id":"https:\/\/now-news.de\/de\/deutschland\/eu-erpresst-serbiens-praesident-vucic-bei-moskau-besuch-zum-9-mai-kein-beitritt\/","url":"https:\/\/now-news.de\/de\/deutschland\/eu-erpresst-serbiens-praesident-vucic-bei-moskau-besuch-zum-9-mai-kein-beitritt\/","name":"EU erpresst Serbiens Pr\u00e4sident Vu\u010di\u0107: Bei Moskau-Besuch zum 9. Mai kein Beitritt - just-now.NEWS Deutschland","isPartOf":{"@id":"https:\/\/now-news.de\/de\/#website"},"primaryImageOfPage":{"@id":"https:\/\/now-news.de\/de\/deutschland\/eu-erpresst-serbiens-praesident-vucic-bei-moskau-besuch-zum-9-mai-kein-beitritt\/#primaryimage"},"image":{"@id":"https:\/\/now-news.de\/de\/deutschland\/eu-erpresst-serbiens-praesident-vucic-bei-moskau-besuch-zum-9-mai-kein-beitritt\/#primaryimage"},"thumbnailUrl":"https:\/\/now-news.de\/de\/wp-content\/uploads\/sites\/3\/2025\/04\/EU-erpresst-Serbiens-Praesident-Vucic-Bei-Moskau-Besuch-zum-9-Mai.jpg","datePublished":"2025-04-16T11:44:33+00:00","dateModified":"2025-04-16T11:44:33+00:00","breadcrumb":{"@id":"https:\/\/now-news.de\/de\/deutschland\/eu-erpresst-serbiens-praesident-vucic-bei-moskau-besuch-zum-9-mai-kein-beitritt\/#breadcrumb"},"inLanguage":"de","potentialAction":[{"@type":"ReadAction","target":["https:\/\/now-news.de\/de\/deutschland\/eu-erpresst-serbiens-praesident-vucic-bei-moskau-besuch-zum-9-mai-kein-beitritt\/"]}]},{"@type":"ImageObject","inLanguage":"de","@id":"https:\/\/now-news.de\/de\/deutschland\/eu-erpresst-serbiens-praesident-vucic-bei-moskau-besuch-zum-9-mai-kein-beitritt\/#primaryimage","url":"https:\/\/now-news.de\/de\/wp-content\/uploads\/sites\/3\/2025\/04\/EU-erpresst-Serbiens-Praesident-Vucic-Bei-Moskau-Besuch-zum-9-Mai.jpg","contentUrl":"https:\/\/now-news.de\/de\/wp-content\/uploads\/sites\/3\/2025\/04\/EU-erpresst-Serbiens-Praesident-Vucic-Bei-Moskau-Besuch-zum-9-Mai.jpg","width":460,"height":259,"caption":"EU erpresst Serbiens Pr\u00e4sident Vu\u010di\u0107: Bei Moskau-Besuch zum 9. Mai kein Beitritt"},{"@type":"BreadcrumbList","@id":"https:\/\/now-news.de\/de\/deutschland\/eu-erpresst-serbiens-praesident-vucic-bei-moskau-besuch-zum-9-mai-kein-beitritt\/#breadcrumb","itemListElement":[{"@type":"ListItem","position":1,"name":"Home","item":"https:\/\/now-news.de\/de\/"},{"@type":"ListItem","position":2,"name":"EU erpresst Serbiens Pr\u00e4sident Vu\u010di\u0107: Bei Moskau-Besuch zum 9. Mai kein Beitritt"}]},{"@type":"WebSite","@id":"https:\/\/now-news.de\/de\/#website","url":"https:\/\/now-news.de\/de\/","name":"just-now.NEWS Deutschland","description":"Das Portal f\u00fcr unzensierte Nachrichten aus der Welt","publisher":{"@id":"https:\/\/now-news.de\/de\/#organization"},"potentialAction":[{"@type":"SearchAction","target":{"@type":"EntryPoint","urlTemplate":"https:\/\/now-news.de\/de\/?s={search_term_string}"},"query-input":"required name=search_term_string"}],"inLanguage":"de"},{"@type":"Organization","@id":"https:\/\/now-news.de\/de\/#organization","name":"Just Now News","url":"https:\/\/now-news.de\/de\/","logo":{"@type":"ImageObject","inLanguage":"de","@id":"https:\/\/now-news.de\/de\/#\/schema\/logo\/image\/","url":"http:\/\/just-now.news\/de\/wp-content\/uploads\/sites\/3\/2022\/04\/logo500x500.jpg","contentUrl":"http:\/\/just-now.news\/de\/wp-content\/uploads\/sites\/3\/2022\/04\/logo500x500.jpg","width":500,"height":500,"caption":"Just Now News"},"image":{"@id":"https:\/\/now-news.de\/de\/#\/schema\/logo\/image\/"},"sameAs":["https:\/\/www.facebook.com\/wirmachenauf","https:\/\/x.com\/WirMachenAuf_de"]},{"@type":"Person","@id":"https:\/\/now-news.de\/de\/#\/schema\/person\/fb534a4e865501d8b3285208df34a9b5","name":"rtnews","image":{"@type":"ImageObject","inLanguage":"de","@id":"https:\/\/now-news.de\/de\/#\/schema\/person\/image\/","url":"https:\/\/secure.gravatar.com\/avatar\/82aafea7d8127119dd649515f56e2117?s=96&d=mm&r=g","contentUrl":"https:\/\/secure.gravatar.com\/avatar\/82aafea7d8127119dd649515f56e2117?s=96&d=mm&r=g","caption":"rtnews"},"url":"https:\/\/now-news.de\/de\/author\/rnews\/"}]}},"_links":{"self":[{"href":"https:\/\/now-news.de\/de\/wp-json\/wp\/v2\/posts\/82232"}],"collection":[{"href":"https:\/\/now-news.de\/de\/wp-json\/wp\/v2\/posts"}],"about":[{"href":"https:\/\/now-news.de\/de\/wp-json\/wp\/v2\/types\/post"}],"author":[{"embeddable":true,"href":"https:\/\/now-news.de\/de\/wp-json\/wp\/v2\/users\/3"}],"replies":[{"embeddable":true,"href":"https:\/\/now-news.de\/de\/wp-json\/wp\/v2\/comments?post=82232"}],"version-history":[{"count":0,"href":"https:\/\/now-news.de\/de\/wp-json\/wp\/v2\/posts\/82232\/revisions"}],"wp:featuredmedia":[{"embeddable":true,"href":"https:\/\/now-news.de\/de\/wp-json\/wp\/v2\/media\/82233"}],"wp:attachment":[{"href":"https:\/\/now-news.de\/de\/wp-json\/wp\/v2\/media?parent=82232"}],"wp:term":[{"taxonomy":"category","embeddable":true,"href":"https:\/\/now-news.de\/de\/wp-json\/wp\/v2\/categories?post=82232"},{"taxonomy":"post_tag","embeddable":true,"href":"https:\/\/now-news.de\/de\/wp-json\/wp\/v2\/tags?post=82232"}],"curies":[{"name":"wp","href":"https:\/\/api.w.org\/{rel}","templated":true}]}}