{"id":82198,"date":"2025-04-15T19:13:31","date_gmt":"2025-04-15T17:13:31","guid":{"rendered":"https:\/\/now-news.de\/de\/deutschland\/anklage-wegen-aufruhrs-suedkoreas-ex-praesident-yoon-drohen-todesstrafe-oder-lebenslange-haft\/"},"modified":"2025-04-15T19:13:31","modified_gmt":"2025-04-15T17:13:31","slug":"anklage-wegen-aufruhrs-suedkoreas-ex-praesident-yoon-drohen-todesstrafe-oder-lebenslange-haft","status":"publish","type":"post","link":"https:\/\/now-news.de\/de\/deutschland\/anklage-wegen-aufruhrs-suedkoreas-ex-praesident-yoon-drohen-todesstrafe-oder-lebenslange-haft\/","title":{"rendered":"Anklage wegen Aufruhrs: S\u00fcdkoreas Ex-Pr\u00e4sident Yoon drohen Todesstrafe oder lebenslange Haft"},"content":{"rendered":"<p><img decoding=\"async\" src=\"https:\/\/now-news.de\/de\/wp-content\/uploads\/sites\/3\/2025\/04\/67fe52fdb480cc1ce8213def.jpg\" \/><\/p>\n<div class=\"Text-root Text-type_1 \">\n                In S\u00fcdkorea beginnt das Verfahren gegen den abgesetzten Pr\u00e4sidenten Yoon wegen Anstiftung zum Aufstand. Er weist die Anschuldigungen zur\u00fcck und verteidigt das Kriegsrecht als notwendig. Nun drohen ihm zus\u00e4tzlich zur Amtsenthebung die Todesstrafe oder eine lebenslange Haftstrafe.\u00a0\n            <\/div>\n<p><\/p>\n<div class=\"Text-root Text-type_5 ArticleView-text ViewText-root \">\n<p>Seitdem das s\u00fcdkoreanische Verfassungsgericht Pr\u00e4sident Yoon Suk-yeol am 4. April wegen Verletzung der verfassungsm\u00e4\u00dfigen Befugnisse seines Amtes enthob, hat der Politiker seine Immunit\u00e4t als Pr\u00e4sident verloren.<\/p>\n<p>Wenngleich\u00a0er nach seiner Suspendierung als Staatschef weiterhin Immunit\u00e4t vor Strafverfolgung genoss, erstreckte diese Regel sich jedoch nicht auf Anklagen wegen Aufruhrs oder Hochverrats.\u00a0Deswegen wurden die Ermittlungen gegen Yoon wegen dieser beiden Anklagen bereits im vergangenen Jahr eingeleitet.\u00a0<\/p>\n<p>Noch bevor das Verfassungsgericht die Amtsenthebungsanh\u00f6rungen am 25. Februar beendet hatte, sagte Yoon, seine Entscheidung\u00a0zur Verh\u00e4ngung des Kriegsrechts sei ein Appell an das Volk gewesen, sich staatsfeindlichen Kr\u00e4ften und Sympathisanten der DVRK in den Reihen der Opposition zu widersetzen. Yoon erkl\u00e4rte, er habe nicht die Absicht gehabt, das Kriegsrecht dauerhaft zu verh\u00e4ngen, sondern mit der Ma\u00dfnahme Alarm schlagen wollen. Laut Yoon habe die oppositionelle Demokratische Partei ihre parlamentarische Mehrheit missbraucht. Er beschuldigte die Opposition, mit der DVRK zu sympathisieren und eine Rebellion vorzubereiten.<\/p>\n<p>In dieser Woche hat der Prozess gegen den abgesetzten Ex-Pr\u00e4sidenten begonnen. Am Montag stand Yoon Suk-yeol vor dem zentralen Bezirksgericht von Seoul.\u00a0Yoon wird beschuldigt, durch die \u00fcberraschende Ausrufung des Kriegsrechts am 3. Dezember 2024,\u00a0im Zuge derer Truppen zur Nationalversammlung entsandt wurden, einen Aufstand angezettelt zu haben, um die Gesetzgeber daran zu hindern, \u00fcber Yoons Dekret abzustimmen.<\/p>\n<p>Zu Beginn der ersten Gerichtsverhandlung erkl\u00e4rte die Staatsanwaltschaft, dass Yoon keine rechtliche Grundlage f\u00fcr die Ausrufung des Kriegsrechts gehabt habe und beschuldigte ihn, er habe staatliche Institutionen wie das Parlament lahmlegen wollen.<\/p>\n<p>Yoon, der vor seinem Amtsantritt als Pr\u00e4sident Oberstaatsanwalt des Landes war, hat die Anschuldigungen der Staatsanwaltschaft zur\u00fcckgewiesen.\u00a0&#8220;Die Anklageschrift z\u00e4hlt lediglich die Details der Ermittlungen zu den Ereignissen im Zeitraum zwischen 22:30 Uhr am 3. Dezember und 2 bis 3 Uhr morgens auf&#8221;,\u00a0<a rel=\"nofollow noopener\" target=\"_blank\" href=\"https:\/\/en.yna.co.kr\/view\/AEN20250414002753315?section=search\">sagte<\/a>\u00a0Yoon, nachdem die Staatsanwaltschaft eine Zusammenfassung ihrer Anklagepunkte vorgelegt hatte.<\/p>\n<p>Dem Politiker\u00a0zufolge versto\u00dfe es gegen die Rechtsgrunds\u00e4tze,\u00a0einen Fall von Aufruhr\u00a0auf der Grundlage einer Anklageschrift zu konstruieren, die wie &#8220;ein Papierausdruck\u00a0eines Vorfalls&#8221; aussehe. Das Kriegsrecht habe &#8220;nur wenige Stunden\u00a0bestanden und [sei] sofort gewaltfrei&#8221; zur\u00fcckgezogen worden, nachdem das Parlament die Aufhebung gefordert habe, so Yoon weiter.<\/p>\n<p>Die Staatsanwaltschaft behauptet jedoch angesichts der Vorbereitungen des Pr\u00e4sidenten f\u00fcr die Verh\u00e4ngung des Kriegsrechts, dass er beabsichtigt habe, &#8220;einen Aufstand anzuzetteln&#8221;, um &#8220;die Verfassung zu untergraben.&#8221;<\/p>\n<p>&#8220;Das Kriegsrecht ist kein Staatsstreich&#8221;,\u00a0<a rel=\"nofollow noopener\" target=\"_blank\" href=\"https:\/\/www.reuters.com\/world\/asia-pacific\/south-koreas-ousted-leader-yoon-due-court-criminal-trial-starts-2025-04-14\/\">so<\/a>\u00a0Yoon weiter. &#8220;Dies war eine friedliche &#8216;Botschaft des Kriegsrechts&#8217; an die Nation. Ich wusste, dass dieses Kriegsrecht im Laufe eines halben Tages, eines Tages, enden w\u00fcrde.&#8221;<\/p>\n<p>Yoon sagte, er habe diese Absicht zwar dem ehemaligen Verteidigungsminister Kim Yong-hyun mitgeteilt. Jedoch seien die Milit\u00e4rbeamten, die den Befehl ausgef\u00fchrt\u00a0h\u00e4tten, offenbar zu weit gegangen, denn sie seien daran gew\u00f6hnt gewesen, f\u00fcr das Kriegsrecht gem\u00e4\u00df\u00a0anderen Richtlinien\u00a0zu trainieren.<\/p>\n<p>Der Staatsanwaltschaft zufolge habe Yoon Anfang September 2024 \u2013 fast drei Monate vor der Verh\u00e4ngung des Kriegsrechts \u2013 Kim Yong-hyun, den ehemaligen Leiter des Staatssicherheitsdienstes, zum Verteidigungsminister ernannt, um die Verh\u00e4ngung des Kriegsrechts vorzubereiten.<\/p>\n<p>Der ehemalige Pr\u00e4sident wies diese Anschuldigung jedoch zur\u00fcck und erkl\u00e4rte, dass die Regierung immer auf das Kriegsrecht vorbereitet sein m\u00fcsse.\u00a0&#8220;Aus diesem Grund gibt es eine Abteilung\u00a0bei\u00a0den Generalstabschefs von S\u00fcdkorea, die sich mit dem Kriegsrecht befasst. Sie f\u00fchrt \u00dcbungen zur Verh\u00e4ngung des Kriegsrechts im Falle eines m\u00f6glichen nationalen Notstands durch&#8221;,\u00a0so Yoon.<\/p>\n<p>Am Nachmittag erschienen zwei hochrangige Offiziere als Zeugen vor Gericht. Beide sagten aus, sie h\u00e4tten von ihrem vorgesetzten Offizier den Befehl erhalten, Truppen zu schicken, um die Gesetzgeber w\u00e4hrend Yoons Kriegsrecht aus dem Parlament &#8220;herausziehen&#8221;. Yoon wies auch diese Anschuldigung zur\u00fcck und erkl\u00e4rte, er habe einen solchen Befehl nicht erteilt.<\/p>\n<p>Wegen der Schwere der Tat droht ihm zus\u00e4tzlich zu der Amtsenthebung die Todesstrafe oder eine lebenslange Haftstrafe. Allerdings hat S\u00fcdkorea seit dem Jahr 1997 keine Hinrichtungen mehr vollstreckt.<\/p>\n<p>Der Versuch der Verh\u00e4ngung des Kriegsrechts, das etwa sechs Stunden dauerte, bevor Yoon es angesichts der Proteste zur\u00fcckzog, f\u00fchrte zu der schwersten Verfassungskrise in S\u00fcdkorea seit Jahrzehnten.\u00a0Am 3. Juni finden\u00a0in dem ostasiatischen Land vorgezogene Pr\u00e4sidentschaftswahlen statt.<\/p>\n<p><strong>Mehr zum Thema \u2013 <\/strong><a rel=\"nofollow noopener\" target=\"_blank\" href=\"https:\/\/freedert.online\/meinung\/242336-tuerkei-japan-und-suedkorea-zentralasien\/\">T\u00fcrkei, Japan und S\u00fcdkorea: Neue Player in Zentralasien<\/a><\/p>\n<div class=\"EmbedBlock-root EmbedBlock-externalVideo EmbedBlock-rumble\">\n<div class=\"VkEmbed\"><iframe class=\"lazyload\" data-src=\"https:\/\/rumble.com\/embed\/v6pebon\" frameborder=\"0\" width=\"853\" height=\"480\" allowfullscreen><\/iframe><\/div>\n<\/div>\n<\/div>\n<p><br \/>\n<br \/><a href=\"https:\/\/de.rt.com\/asien\/242492-anklage-wegen-aufruhrs-suedkoreas-ex\/\">Source link <\/a><\/p>\n","protected":false},"excerpt":{"rendered":"<p>In S\u00fcdkorea beginnt das Verfahren gegen den abgesetzten Pr\u00e4sidenten Yoon wegen Anstiftung zum Aufstand. Er weist die Anschuldigungen zur\u00fcck und verteidigt das Kriegsrecht als notwendig. Nun drohen ihm zus\u00e4tzlich zur Amtsenthebung die Todesstrafe oder eine lebenslange Haftstrafe.\u00a0 Seitdem das s\u00fcdkoreanische Verfassungsgericht Pr\u00e4sident Yoon Suk-yeol am 4. April wegen Verletzung der verfassungsm\u00e4\u00dfigen Befugnisse seines Amtes enthob, [&hellip;]<\/p>\n","protected":false},"author":3,"featured_media":82199,"comment_status":"open","ping_status":"open","sticky":false,"template":"","format":"standard","meta":{"_yoast_indexnow_last_ping":["1744737313"],"wp_automatic_camp":["217"],"dc70af6b9f795f56c0f59c756c44930e":["Anklage wegen Aufruhrs: S\u00fcdkoreas Ex-Pr\u00e4sident Yoon drohen Todesstrafe oder lebenslange Haft"],"original_link":["https:\/\/de.rt.com\/asien\/242492-anklage-wegen-aufruhrs-suedkoreas-ex\/"],"_thumbnail_id":["82199"],"jnews_social_counter_last_update":["1777127032"],"_wptgpro_p2tg_sent2tg":["a:1:{i:23737;s:19:\"2025-04-15 19:16:19\";}"]},"categories":[19,23],"tags":[8054,64298,9047,3104,19011,18805,268,7777,16413,145,17269],"yoast_head":"<!-- This site is optimized with the Yoast SEO Premium plugin v22.7 (Yoast SEO v22.7) - https:\/\/yoast.com\/wordpress\/plugins\/seo\/ -->\n<title>Anklage wegen Aufruhrs: S\u00fcdkoreas Ex-Pr\u00e4sident Yoon drohen Todesstrafe oder lebenslange Haft - just-now.NEWS Deutschland<\/title>\n<meta name=\"robots\" content=\"index, follow, max-snippet:-1, max-image-preview:large, max-video-preview:-1\" \/>\n<link rel=\"canonical\" href=\"https:\/\/now-news.de\/de\/deutschland\/anklage-wegen-aufruhrs-suedkoreas-ex-praesident-yoon-drohen-todesstrafe-oder-lebenslange-haft\/\" \/>\n<meta property=\"og:locale\" content=\"de_DE\" \/>\n<meta property=\"og:type\" content=\"article\" \/>\n<meta property=\"og:title\" content=\"Anklage wegen Aufruhrs: S\u00fcdkoreas Ex-Pr\u00e4sident Yoon drohen Todesstrafe oder lebenslange Haft\" \/>\n<meta property=\"og:description\" content=\"In S\u00fcdkorea beginnt das Verfahren gegen den abgesetzten Pr\u00e4sidenten Yoon wegen Anstiftung zum Aufstand. Er weist die Anschuldigungen zur\u00fcck und verteidigt das Kriegsrecht als notwendig. Nun drohen ihm zus\u00e4tzlich zur Amtsenthebung die Todesstrafe oder eine lebenslange Haftstrafe.\u00a0 Seitdem das s\u00fcdkoreanische Verfassungsgericht Pr\u00e4sident Yoon Suk-yeol am 4. April wegen Verletzung der verfassungsm\u00e4\u00dfigen Befugnisse seines Amtes enthob, [&hellip;]\" \/>\n<meta property=\"og:url\" content=\"https:\/\/now-news.de\/de\/deutschland\/anklage-wegen-aufruhrs-suedkoreas-ex-praesident-yoon-drohen-todesstrafe-oder-lebenslange-haft\/\" \/>\n<meta property=\"og:site_name\" content=\"just-now.NEWS Deutschland\" \/>\n<meta property=\"article:publisher\" content=\"https:\/\/www.facebook.com\/wirmachenauf\" \/>\n<meta property=\"article:published_time\" content=\"2025-04-15T17:13:31+00:00\" \/>\n<meta property=\"og:image\" content=\"https:\/\/now-news.de\/de\/wp-content\/uploads\/sites\/3\/2025\/04\/67fe52fdb480cc1ce8213def.jpg\" \/>\n<meta name=\"author\" content=\"rtnews\" \/>\n<meta name=\"twitter:card\" content=\"summary_large_image\" \/>\n<meta name=\"twitter:creator\" content=\"@WirMachenAuf_de\" \/>\n<meta name=\"twitter:site\" content=\"@WirMachenAuf_de\" \/>\n<meta name=\"twitter:label1\" content=\"Verfasst von\" \/>\n\t<meta name=\"twitter:data1\" content=\"rtnews\" \/>\n\t<meta name=\"twitter:label2\" content=\"Gesch\u00e4tzte Lesezeit\" \/>\n\t<meta name=\"twitter:data2\" content=\"4\u00a0Minuten\" \/>\n<script type=\"application\/ld+json\" class=\"yoast-schema-graph\">{\"@context\":\"https:\/\/schema.org\",\"@graph\":[{\"@type\":\"Article\",\"@id\":\"https:\/\/now-news.de\/de\/deutschland\/anklage-wegen-aufruhrs-suedkoreas-ex-praesident-yoon-drohen-todesstrafe-oder-lebenslange-haft\/#article\",\"isPartOf\":{\"@id\":\"https:\/\/now-news.de\/de\/deutschland\/anklage-wegen-aufruhrs-suedkoreas-ex-praesident-yoon-drohen-todesstrafe-oder-lebenslange-haft\/\"},\"author\":{\"name\":\"rtnews\",\"@id\":\"https:\/\/now-news.de\/de\/#\/schema\/person\/fb534a4e865501d8b3285208df34a9b5\"},\"headline\":\"Anklage wegen Aufruhrs: S\u00fcdkoreas Ex-Pr\u00e4sident Yoon drohen Todesstrafe oder lebenslange Haft\",\"datePublished\":\"2025-04-15T17:13:31+00:00\",\"dateModified\":\"2025-04-15T17:13:31+00:00\",\"mainEntityOfPage\":{\"@id\":\"https:\/\/now-news.de\/de\/deutschland\/anklage-wegen-aufruhrs-suedkoreas-ex-praesident-yoon-drohen-todesstrafe-oder-lebenslange-haft\/\"},\"wordCount\":752,\"commentCount\":0,\"publisher\":{\"@id\":\"https:\/\/now-news.de\/de\/#organization\"},\"image\":{\"@id\":\"https:\/\/now-news.de\/de\/deutschland\/anklage-wegen-aufruhrs-suedkoreas-ex-praesident-yoon-drohen-todesstrafe-oder-lebenslange-haft\/#primaryimage\"},\"thumbnailUrl\":\"https:\/\/now-news.de\/de\/wp-content\/uploads\/sites\/3\/2025\/04\/Anklage-wegen-Aufruhrs-Suedkoreas-Ex-Praesident-Yoon-drohen-Todesstrafe-oder-lebenslange.jpg\",\"keywords\":[\"Anklage\",\"Aufruhrs\",\"drohen\",\"ExPr\u00e4sident\",\"Haft\",\"lebenslange\",\"oder\",\"S\u00fcdkoreas\",\"Todesstrafe\",\"wegen\",\"Yoon\"],\"articleSection\":[\"Deutschland\",\"Russland\"],\"inLanguage\":\"de\",\"potentialAction\":[{\"@type\":\"CommentAction\",\"name\":\"Comment\",\"target\":[\"https:\/\/now-news.de\/de\/deutschland\/anklage-wegen-aufruhrs-suedkoreas-ex-praesident-yoon-drohen-todesstrafe-oder-lebenslange-haft\/#respond\"]}]},{\"@type\":\"WebPage\",\"@id\":\"https:\/\/now-news.de\/de\/deutschland\/anklage-wegen-aufruhrs-suedkoreas-ex-praesident-yoon-drohen-todesstrafe-oder-lebenslange-haft\/\",\"url\":\"https:\/\/now-news.de\/de\/deutschland\/anklage-wegen-aufruhrs-suedkoreas-ex-praesident-yoon-drohen-todesstrafe-oder-lebenslange-haft\/\",\"name\":\"Anklage wegen Aufruhrs: S\u00fcdkoreas Ex-Pr\u00e4sident Yoon drohen Todesstrafe oder lebenslange Haft - just-now.NEWS Deutschland\",\"isPartOf\":{\"@id\":\"https:\/\/now-news.de\/de\/#website\"},\"primaryImageOfPage\":{\"@id\":\"https:\/\/now-news.de\/de\/deutschland\/anklage-wegen-aufruhrs-suedkoreas-ex-praesident-yoon-drohen-todesstrafe-oder-lebenslange-haft\/#primaryimage\"},\"image\":{\"@id\":\"https:\/\/now-news.de\/de\/deutschland\/anklage-wegen-aufruhrs-suedkoreas-ex-praesident-yoon-drohen-todesstrafe-oder-lebenslange-haft\/#primaryimage\"},\"thumbnailUrl\":\"https:\/\/now-news.de\/de\/wp-content\/uploads\/sites\/3\/2025\/04\/Anklage-wegen-Aufruhrs-Suedkoreas-Ex-Praesident-Yoon-drohen-Todesstrafe-oder-lebenslange.jpg\",\"datePublished\":\"2025-04-15T17:13:31+00:00\",\"dateModified\":\"2025-04-15T17:13:31+00:00\",\"breadcrumb\":{\"@id\":\"https:\/\/now-news.de\/de\/deutschland\/anklage-wegen-aufruhrs-suedkoreas-ex-praesident-yoon-drohen-todesstrafe-oder-lebenslange-haft\/#breadcrumb\"},\"inLanguage\":\"de\",\"potentialAction\":[{\"@type\":\"ReadAction\",\"target\":[\"https:\/\/now-news.de\/de\/deutschland\/anklage-wegen-aufruhrs-suedkoreas-ex-praesident-yoon-drohen-todesstrafe-oder-lebenslange-haft\/\"]}]},{\"@type\":\"ImageObject\",\"inLanguage\":\"de\",\"@id\":\"https:\/\/now-news.de\/de\/deutschland\/anklage-wegen-aufruhrs-suedkoreas-ex-praesident-yoon-drohen-todesstrafe-oder-lebenslange-haft\/#primaryimage\",\"url\":\"https:\/\/now-news.de\/de\/wp-content\/uploads\/sites\/3\/2025\/04\/Anklage-wegen-Aufruhrs-Suedkoreas-Ex-Praesident-Yoon-drohen-Todesstrafe-oder-lebenslange.jpg\",\"contentUrl\":\"https:\/\/now-news.de\/de\/wp-content\/uploads\/sites\/3\/2025\/04\/Anklage-wegen-Aufruhrs-Suedkoreas-Ex-Praesident-Yoon-drohen-Todesstrafe-oder-lebenslange.jpg\",\"width\":460,\"height\":259,\"caption\":\"Anklage wegen Aufruhrs: S\u00fcdkoreas Ex-Pr\u00e4sident Yoon drohen Todesstrafe oder lebenslange Haft\"},{\"@type\":\"BreadcrumbList\",\"@id\":\"https:\/\/now-news.de\/de\/deutschland\/anklage-wegen-aufruhrs-suedkoreas-ex-praesident-yoon-drohen-todesstrafe-oder-lebenslange-haft\/#breadcrumb\",\"itemListElement\":[{\"@type\":\"ListItem\",\"position\":1,\"name\":\"Home\",\"item\":\"https:\/\/now-news.de\/de\/\"},{\"@type\":\"ListItem\",\"position\":2,\"name\":\"Anklage wegen Aufruhrs: S\u00fcdkoreas Ex-Pr\u00e4sident Yoon drohen Todesstrafe oder lebenslange Haft\"}]},{\"@type\":\"WebSite\",\"@id\":\"https:\/\/now-news.de\/de\/#website\",\"url\":\"https:\/\/now-news.de\/de\/\",\"name\":\"just-now.NEWS Deutschland\",\"description\":\"Das Portal f\u00fcr unzensierte Nachrichten aus der Welt\",\"publisher\":{\"@id\":\"https:\/\/now-news.de\/de\/#organization\"},\"potentialAction\":[{\"@type\":\"SearchAction\",\"target\":{\"@type\":\"EntryPoint\",\"urlTemplate\":\"https:\/\/now-news.de\/de\/?s={search_term_string}\"},\"query-input\":\"required name=search_term_string\"}],\"inLanguage\":\"de\"},{\"@type\":\"Organization\",\"@id\":\"https:\/\/now-news.de\/de\/#organization\",\"name\":\"Just Now News\",\"url\":\"https:\/\/now-news.de\/de\/\",\"logo\":{\"@type\":\"ImageObject\",\"inLanguage\":\"de\",\"@id\":\"https:\/\/now-news.de\/de\/#\/schema\/logo\/image\/\",\"url\":\"http:\/\/just-now.news\/de\/wp-content\/uploads\/sites\/3\/2022\/04\/logo500x500.jpg\",\"contentUrl\":\"http:\/\/just-now.news\/de\/wp-content\/uploads\/sites\/3\/2022\/04\/logo500x500.jpg\",\"width\":500,\"height\":500,\"caption\":\"Just Now News\"},\"image\":{\"@id\":\"https:\/\/now-news.de\/de\/#\/schema\/logo\/image\/\"},\"sameAs\":[\"https:\/\/www.facebook.com\/wirmachenauf\",\"https:\/\/x.com\/WirMachenAuf_de\"]},{\"@type\":\"Person\",\"@id\":\"https:\/\/now-news.de\/de\/#\/schema\/person\/fb534a4e865501d8b3285208df34a9b5\",\"name\":\"rtnews\",\"image\":{\"@type\":\"ImageObject\",\"inLanguage\":\"de\",\"@id\":\"https:\/\/now-news.de\/de\/#\/schema\/person\/image\/\",\"url\":\"https:\/\/secure.gravatar.com\/avatar\/82aafea7d8127119dd649515f56e2117?s=96&d=mm&r=g\",\"contentUrl\":\"https:\/\/secure.gravatar.com\/avatar\/82aafea7d8127119dd649515f56e2117?s=96&d=mm&r=g\",\"caption\":\"rtnews\"},\"url\":\"https:\/\/now-news.de\/de\/author\/rnews\/\"}]}<\/script>\n<!-- \/ Yoast SEO Premium plugin. -->","yoast_head_json":{"title":"Anklage wegen Aufruhrs: S\u00fcdkoreas Ex-Pr\u00e4sident Yoon drohen Todesstrafe oder lebenslange Haft - just-now.NEWS Deutschland","robots":{"index":"index","follow":"follow","max-snippet":"max-snippet:-1","max-image-preview":"max-image-preview:large","max-video-preview":"max-video-preview:-1"},"canonical":"https:\/\/now-news.de\/de\/deutschland\/anklage-wegen-aufruhrs-suedkoreas-ex-praesident-yoon-drohen-todesstrafe-oder-lebenslange-haft\/","og_locale":"de_DE","og_type":"article","og_title":"Anklage wegen Aufruhrs: S\u00fcdkoreas Ex-Pr\u00e4sident Yoon drohen Todesstrafe oder lebenslange Haft","og_description":"In S\u00fcdkorea beginnt das Verfahren gegen den abgesetzten Pr\u00e4sidenten Yoon wegen Anstiftung zum Aufstand. Er weist die Anschuldigungen zur\u00fcck und verteidigt das Kriegsrecht als notwendig. Nun drohen ihm zus\u00e4tzlich zur Amtsenthebung die Todesstrafe oder eine lebenslange Haftstrafe.\u00a0 Seitdem das s\u00fcdkoreanische Verfassungsgericht Pr\u00e4sident Yoon Suk-yeol am 4. April wegen Verletzung der verfassungsm\u00e4\u00dfigen Befugnisse seines Amtes enthob, [&hellip;]","og_url":"https:\/\/now-news.de\/de\/deutschland\/anklage-wegen-aufruhrs-suedkoreas-ex-praesident-yoon-drohen-todesstrafe-oder-lebenslange-haft\/","og_site_name":"just-now.NEWS Deutschland","article_publisher":"https:\/\/www.facebook.com\/wirmachenauf","article_published_time":"2025-04-15T17:13:31+00:00","og_image":[{"url":"https:\/\/now-news.de\/de\/wp-content\/uploads\/sites\/3\/2025\/04\/67fe52fdb480cc1ce8213def.jpg"}],"author":"rtnews","twitter_card":"summary_large_image","twitter_creator":"@WirMachenAuf_de","twitter_site":"@WirMachenAuf_de","twitter_misc":{"Verfasst von":"rtnews","Gesch\u00e4tzte Lesezeit":"4\u00a0Minuten"},"schema":{"@context":"https:\/\/schema.org","@graph":[{"@type":"Article","@id":"https:\/\/now-news.de\/de\/deutschland\/anklage-wegen-aufruhrs-suedkoreas-ex-praesident-yoon-drohen-todesstrafe-oder-lebenslange-haft\/#article","isPartOf":{"@id":"https:\/\/now-news.de\/de\/deutschland\/anklage-wegen-aufruhrs-suedkoreas-ex-praesident-yoon-drohen-todesstrafe-oder-lebenslange-haft\/"},"author":{"name":"rtnews","@id":"https:\/\/now-news.de\/de\/#\/schema\/person\/fb534a4e865501d8b3285208df34a9b5"},"headline":"Anklage wegen Aufruhrs: S\u00fcdkoreas Ex-Pr\u00e4sident Yoon drohen Todesstrafe oder lebenslange Haft","datePublished":"2025-04-15T17:13:31+00:00","dateModified":"2025-04-15T17:13:31+00:00","mainEntityOfPage":{"@id":"https:\/\/now-news.de\/de\/deutschland\/anklage-wegen-aufruhrs-suedkoreas-ex-praesident-yoon-drohen-todesstrafe-oder-lebenslange-haft\/"},"wordCount":752,"commentCount":0,"publisher":{"@id":"https:\/\/now-news.de\/de\/#organization"},"image":{"@id":"https:\/\/now-news.de\/de\/deutschland\/anklage-wegen-aufruhrs-suedkoreas-ex-praesident-yoon-drohen-todesstrafe-oder-lebenslange-haft\/#primaryimage"},"thumbnailUrl":"https:\/\/now-news.de\/de\/wp-content\/uploads\/sites\/3\/2025\/04\/Anklage-wegen-Aufruhrs-Suedkoreas-Ex-Praesident-Yoon-drohen-Todesstrafe-oder-lebenslange.jpg","keywords":["Anklage","Aufruhrs","drohen","ExPr\u00e4sident","Haft","lebenslange","oder","S\u00fcdkoreas","Todesstrafe","wegen","Yoon"],"articleSection":["Deutschland","Russland"],"inLanguage":"de","potentialAction":[{"@type":"CommentAction","name":"Comment","target":["https:\/\/now-news.de\/de\/deutschland\/anklage-wegen-aufruhrs-suedkoreas-ex-praesident-yoon-drohen-todesstrafe-oder-lebenslange-haft\/#respond"]}]},{"@type":"WebPage","@id":"https:\/\/now-news.de\/de\/deutschland\/anklage-wegen-aufruhrs-suedkoreas-ex-praesident-yoon-drohen-todesstrafe-oder-lebenslange-haft\/","url":"https:\/\/now-news.de\/de\/deutschland\/anklage-wegen-aufruhrs-suedkoreas-ex-praesident-yoon-drohen-todesstrafe-oder-lebenslange-haft\/","name":"Anklage wegen Aufruhrs: S\u00fcdkoreas Ex-Pr\u00e4sident Yoon drohen Todesstrafe oder lebenslange Haft - just-now.NEWS Deutschland","isPartOf":{"@id":"https:\/\/now-news.de\/de\/#website"},"primaryImageOfPage":{"@id":"https:\/\/now-news.de\/de\/deutschland\/anklage-wegen-aufruhrs-suedkoreas-ex-praesident-yoon-drohen-todesstrafe-oder-lebenslange-haft\/#primaryimage"},"image":{"@id":"https:\/\/now-news.de\/de\/deutschland\/anklage-wegen-aufruhrs-suedkoreas-ex-praesident-yoon-drohen-todesstrafe-oder-lebenslange-haft\/#primaryimage"},"thumbnailUrl":"https:\/\/now-news.de\/de\/wp-content\/uploads\/sites\/3\/2025\/04\/Anklage-wegen-Aufruhrs-Suedkoreas-Ex-Praesident-Yoon-drohen-Todesstrafe-oder-lebenslange.jpg","datePublished":"2025-04-15T17:13:31+00:00","dateModified":"2025-04-15T17:13:31+00:00","breadcrumb":{"@id":"https:\/\/now-news.de\/de\/deutschland\/anklage-wegen-aufruhrs-suedkoreas-ex-praesident-yoon-drohen-todesstrafe-oder-lebenslange-haft\/#breadcrumb"},"inLanguage":"de","potentialAction":[{"@type":"ReadAction","target":["https:\/\/now-news.de\/de\/deutschland\/anklage-wegen-aufruhrs-suedkoreas-ex-praesident-yoon-drohen-todesstrafe-oder-lebenslange-haft\/"]}]},{"@type":"ImageObject","inLanguage":"de","@id":"https:\/\/now-news.de\/de\/deutschland\/anklage-wegen-aufruhrs-suedkoreas-ex-praesident-yoon-drohen-todesstrafe-oder-lebenslange-haft\/#primaryimage","url":"https:\/\/now-news.de\/de\/wp-content\/uploads\/sites\/3\/2025\/04\/Anklage-wegen-Aufruhrs-Suedkoreas-Ex-Praesident-Yoon-drohen-Todesstrafe-oder-lebenslange.jpg","contentUrl":"https:\/\/now-news.de\/de\/wp-content\/uploads\/sites\/3\/2025\/04\/Anklage-wegen-Aufruhrs-Suedkoreas-Ex-Praesident-Yoon-drohen-Todesstrafe-oder-lebenslange.jpg","width":460,"height":259,"caption":"Anklage wegen Aufruhrs: S\u00fcdkoreas Ex-Pr\u00e4sident Yoon drohen Todesstrafe oder lebenslange Haft"},{"@type":"BreadcrumbList","@id":"https:\/\/now-news.de\/de\/deutschland\/anklage-wegen-aufruhrs-suedkoreas-ex-praesident-yoon-drohen-todesstrafe-oder-lebenslange-haft\/#breadcrumb","itemListElement":[{"@type":"ListItem","position":1,"name":"Home","item":"https:\/\/now-news.de\/de\/"},{"@type":"ListItem","position":2,"name":"Anklage wegen Aufruhrs: S\u00fcdkoreas Ex-Pr\u00e4sident Yoon drohen Todesstrafe oder lebenslange Haft"}]},{"@type":"WebSite","@id":"https:\/\/now-news.de\/de\/#website","url":"https:\/\/now-news.de\/de\/","name":"just-now.NEWS Deutschland","description":"Das Portal f\u00fcr unzensierte Nachrichten aus der Welt","publisher":{"@id":"https:\/\/now-news.de\/de\/#organization"},"potentialAction":[{"@type":"SearchAction","target":{"@type":"EntryPoint","urlTemplate":"https:\/\/now-news.de\/de\/?s={search_term_string}"},"query-input":"required name=search_term_string"}],"inLanguage":"de"},{"@type":"Organization","@id":"https:\/\/now-news.de\/de\/#organization","name":"Just Now News","url":"https:\/\/now-news.de\/de\/","logo":{"@type":"ImageObject","inLanguage":"de","@id":"https:\/\/now-news.de\/de\/#\/schema\/logo\/image\/","url":"http:\/\/just-now.news\/de\/wp-content\/uploads\/sites\/3\/2022\/04\/logo500x500.jpg","contentUrl":"http:\/\/just-now.news\/de\/wp-content\/uploads\/sites\/3\/2022\/04\/logo500x500.jpg","width":500,"height":500,"caption":"Just Now News"},"image":{"@id":"https:\/\/now-news.de\/de\/#\/schema\/logo\/image\/"},"sameAs":["https:\/\/www.facebook.com\/wirmachenauf","https:\/\/x.com\/WirMachenAuf_de"]},{"@type":"Person","@id":"https:\/\/now-news.de\/de\/#\/schema\/person\/fb534a4e865501d8b3285208df34a9b5","name":"rtnews","image":{"@type":"ImageObject","inLanguage":"de","@id":"https:\/\/now-news.de\/de\/#\/schema\/person\/image\/","url":"https:\/\/secure.gravatar.com\/avatar\/82aafea7d8127119dd649515f56e2117?s=96&d=mm&r=g","contentUrl":"https:\/\/secure.gravatar.com\/avatar\/82aafea7d8127119dd649515f56e2117?s=96&d=mm&r=g","caption":"rtnews"},"url":"https:\/\/now-news.de\/de\/author\/rnews\/"}]}},"_links":{"self":[{"href":"https:\/\/now-news.de\/de\/wp-json\/wp\/v2\/posts\/82198"}],"collection":[{"href":"https:\/\/now-news.de\/de\/wp-json\/wp\/v2\/posts"}],"about":[{"href":"https:\/\/now-news.de\/de\/wp-json\/wp\/v2\/types\/post"}],"author":[{"embeddable":true,"href":"https:\/\/now-news.de\/de\/wp-json\/wp\/v2\/users\/3"}],"replies":[{"embeddable":true,"href":"https:\/\/now-news.de\/de\/wp-json\/wp\/v2\/comments?post=82198"}],"version-history":[{"count":0,"href":"https:\/\/now-news.de\/de\/wp-json\/wp\/v2\/posts\/82198\/revisions"}],"wp:featuredmedia":[{"embeddable":true,"href":"https:\/\/now-news.de\/de\/wp-json\/wp\/v2\/media\/82199"}],"wp:attachment":[{"href":"https:\/\/now-news.de\/de\/wp-json\/wp\/v2\/media?parent=82198"}],"wp:term":[{"taxonomy":"category","embeddable":true,"href":"https:\/\/now-news.de\/de\/wp-json\/wp\/v2\/categories?post=82198"},{"taxonomy":"post_tag","embeddable":true,"href":"https:\/\/now-news.de\/de\/wp-json\/wp\/v2\/tags?post=82198"}],"curies":[{"name":"wp","href":"https:\/\/api.w.org\/{rel}","templated":true}]}}